{"id":3133,"date":"2024-11-19T17:24:22","date_gmt":"2024-11-19T16:24:22","guid":{"rendered":"https:\/\/www.geopolitics.fr\/?p=3133"},"modified":"2024-11-19T17:24:25","modified_gmt":"2024-11-19T16:24:25","slug":"les-finances-de-lunion-europeenne-sont-elles-au-service-des-violations-des-droits-de-lhomme-et-des-trafiquants","status":"publish","type":"post","link":"https:\/\/www.geopolitics.fr\/en\/2024\/11\/19\/les-finances-de-lunion-europeenne-sont-elles-au-service-des-violations-des-droits-de-lhomme-et-des-trafiquants\/","title":{"rendered":"Les finances de l&rsquo;Union Europ\u00e9enne sont-elles au service des violations des droits de l&rsquo;homme et des trafiquants\u00a0?"},"content":{"rendered":"<p class=\"has-medium-font-size wp-block-paragraph\"><em>Un rapport de la Cour des comptes de l&rsquo;Union europ\u00e9enne ne passionne que rarement les m\u00e9dias, encore moins les foules. Celui qui a \u00e9t\u00e9 publi\u00e9 ces derni\u00e8res semaines et qui semble alerter sur l&rsquo;utilisation du Fonds fiduciaire pour l&rsquo;Afrique, dont les ressources sont th\u00e9oriquement affect\u00e9es \u00e0 la lutte contre les causes majeures \u00e0 l&rsquo;origine des migrations, ne fait pas exception.<\/em><\/p>\n\n\n\n<h2 class=\"wp-block-heading\" id=\"h-a-qui-beneficie-le-fonds-fiduciaire-pour-l-afrique\">A qui b\u00e9n\u00e9ficie le fonds fiduciaire pour l&rsquo;Afrique ?<\/h2>\n\n\n\n<p class=\"has-medium-font-size wp-block-paragraph\"><strong>Mis en place en 2015 en r\u00e9ponse \u00e0 l\u2019explosion migratoire, ce dispositif dont la technocratie europ\u00e9enne \u00e0 l\u2019art, est destin\u00e9 particuli\u00e8rement \u00e0 la zone Sah\u00e9lienne, \u00e0 la Corne de l&rsquo;Afrique ainsi qu\u2019\u00e0 l&rsquo;Afrique du Nord<\/strong>. Au total, ce fonds a b\u00e9n\u00e9fici\u00e9 de plus de 5 milliards d&rsquo;euros de contributions, financ\u00e9es par le budget de l&rsquo;UE, le Fonds europ\u00e9en de d\u00e9veloppement et les participations annexes des \u00c9tats membres. La Cour des comptes dans ce rapport, vilipende ainsi la Commission en ces termes&nbsp;: \u00ab\u00a0<strong><em>Les risques en mati\u00e8re de droits de l&rsquo;homme ne sont pas correctement ma\u00eetris\u00e9s<\/em>\u00ab\u00a0.<\/strong> Mais plus loin \u00e0 la lecture fort peu agr\u00e9able du rapport, une accusation encore plus marquante \u00e9merge. <strong>Pour la premi\u00e8re fois, une institution europ\u00e9enne de contr\u00f4le, reconna\u00eet que l&rsquo;argent de l&rsquo;UE au travers de ce fonds, termine sa course en finan\u00e7ant des violations des droits de l&rsquo;homme et, dans certains cas, profite aux organisations mafieuses de \u00ab&nbsp;voyages de migrants&nbsp;\u00bb.<\/strong> Paradoxe, ces m\u00eames trafiquants que Ursula von der Leyen et d&rsquo;autres dirigeants ont promis, \u00e0 grand renfort de communication, de combattre.<\/p>\n\n\n\n<h2 class=\"wp-block-heading\" id=\"h-la-commission-mise-en-cause\">La Commission mise en cause<\/h2>\n\n\n\n<p class=\"has-medium-font-size wp-block-paragraph\">Dans son communiqu\u00e9 de presse pour ne pas dire son pav\u00e9 dans la marre, la Cour des comptes n\u2019y va pas avec le dos de la cuill\u00e8re. Ainsi, elle affirme que la <strong>Commission a ferm\u00e9 les yeux sur les abus commis \u00e0 l&rsquo;encontre de migrants dans un certain nombre de pays africains b\u00e9n\u00e9ficiaires, afin de ne pas avoir \u00e0 interrompre le flux du Fonds fiduciaire<\/strong>. \u00ab&nbsp;<em>Aucun dispositif ne permet de d\u00e9terminer si ces cas (de violations des droits de l&rsquo;homme) ont \u00e9t\u00e9 d\u00fbment examin\u00e9s et pris en compte au moment de d\u00e9cider du maintien ou de la suspension du soutien europ\u00e9en<\/em>&nbsp;\u00bb, d\u00e9clare la haute autorit\u00e9 des comptes. Et ce, en d\u00e9pit de plusieurs alertes formul\u00e9es par les auditeurs de l&rsquo;UE dans le pass\u00e9. Et d\u2019ench\u00e9rir que \u00ab&nbsp;<em>les pr\u00e9c\u00e9dents rapports n&rsquo;ont conduit \u00e0 aucuns \u00ab&nbsp;changements majeurs<\/em>&nbsp;\u00bb, note la Cour des comptes. Plus globalement, la Commission est accus\u00e9e de surestimer (pour ne pas dire \u00ab\u00a0embellir\u00a0\u00bb) les r\u00e9sultats des projets financ\u00e9s par le Fonds fiduciaire pour l&rsquo;Afrique. Mieux encore : l&rsquo;efficacit\u00e9 du m\u00e9canisme est s\u00e9rieusement remise en cause. \u00ab\u00a0<strong><em>La Commission europ\u00e9enne ne sait toujours pas quelles sont les approches les plus efficaces pour r\u00e9duire les migrations irr\u00e9guli\u00e8res et les d\u00e9placements forc\u00e9s en Afrique<\/em>\u00ab\u00a0<\/strong>, mart\u00e8le la CCE.<\/p>\n\n\n\n<h2 class=\"wp-block-heading\" id=\"h-une-clause-de-suspension-non-activee\">Une clause de suspension non activ\u00e9e<\/h2>\n\n\n\n<p class=\"has-medium-font-size wp-block-paragraph\"><strong>En ce qui concerne les droits de l&rsquo;homme, la haute instance souligne dans son rapport que \u00ab\u00a0<em>les conditions g\u00e9n\u00e9rales de toutes les conventions de financement stipulent que l&rsquo;action doit \u00eatre suspendue si l&rsquo;UE d\u00e9tecte formellement une violation des droits de l&rsquo;homme<\/em>\u00ab\u00a0. Mais cette clause n\u2019a pas \u00e9t\u00e9 activ\u00e9e dans les faits<\/strong>. Le contrat d&rsquo;un projet examin\u00e9 \u00e0 la loupe par la Cour des comptes, \u00ab&nbsp;<em>comportait une clause subordonnant la livraison des \u00e9quipements au respect du principe de non-agression et des droits de l&rsquo;homme<\/em>&nbsp;\u00bb. Toutefois, \u00ab&nbsp;<em>ajout\u00e9e au cours de la mise en \u0153uvre du projet, cette clause ne s&rsquo;appliquait pas aux \u00e9quipements d\u00e9j\u00e0 livr\u00e9s<\/em>&nbsp;\u00bb. La Cour des comptes a \u00e9galement analys\u00e9 que cette clause curieusement, \u00ab&nbsp;<em>n&rsquo;\u00e9tait pas syst\u00e9matiquement appliqu\u00e9e \u00e0 tous les projets, en particulier ceux li\u00e9s \u00e0 la s\u00e9curit\u00e9, \u00e0 la gestion des fronti\u00e8res ou \u00e0 d&rsquo;autres activit\u00e9s sensibles<\/em>&nbsp;\u00bb.<\/p>\n\n\n\n<h2 class=\"wp-block-heading\" id=\"h-le-cas-libyen-et-le-possible-detournement-de-fonds\">Le cas libyen et le possible d\u00e9tournement de fonds<\/h2>\n\n\n\n<p class=\"has-medium-font-size wp-block-paragraph\">Que faut-il comprendre concr\u00e8tement ? Dans un diagramme figurant dans le rapport, la Cour des comptes reprend ce qu&rsquo;elle intitule les \u00ab<em>&nbsp;risques potentiels pour les droits de l&rsquo;homme pos\u00e9s par la mise en \u0153uvre de diverses activit\u00e9s<\/em>&nbsp;\u00bb financ\u00e9es par le Fonds fiduciaire pour l&rsquo;Afrique en Libye. Exemple&nbsp;: les bateaux et les \u00e9quipements fournis aux pr\u00e9tendument \u00ab\u00a0garde-c\u00f4tes libyens\u00a0\u00bb peuvent servir \u00e0 des \u00ab&nbsp;<em>acteurs autres<\/em>&nbsp;\u00bb que les b\u00e9n\u00e9ficiaires. A l\u2019instar des points de d\u00e9barquement des migrants secourus en mer utilis\u00e9s par des \u00ab&nbsp;<em>acteurs autres<\/em>&nbsp;\u00bb que les garde-c\u00f4tes. Faute d\u2019une enqu\u00eate probante, le gendarme des finances se montre prudent et ne nomme pas pr\u00e9cis\u00e9ment les \u00ab&nbsp;passeurs de mis\u00e8re&nbsp;\u00bb. Mais il ne fait aucun doute que derri\u00e8re son habilet\u00e9 de langage, la Cour pointe clairement du doigt des milices parfaitement organis\u00e9es, des passeurs et des trafiquants, bien install\u00e9s dans l&rsquo;appareil de s\u00e9curit\u00e9 libyen. Selon la Cour des comptes, les moyens de transports financ\u00e9s avec des fonds de l&rsquo;UE et vers\u00e9s aux autorit\u00e9s libyennes, servent \u00e0 transf\u00e9rer les migrants vers les centres de d\u00e9tention calamiteux, ce qui aggrave les conditions de vie de ceux qui y sont retenus. Les centres de d\u00e9tention peuvent \u00eatre \u00ab&nbsp;<em>sous le contr\u00f4le d&rsquo;acteurs impliqu\u00e9s dans le trafic de migrants<\/em>&nbsp;\u00bb, indique le rapport. Les \u00e9quipements pay\u00e9s avec des fonds europ\u00e9ens peuvent parfois \u00eatre revendus. Le syst\u00e8me peut profiter \u00e0 des \u00ab&nbsp;<em>organisations criminelles&nbsp;<\/em>\u00bb.<\/p>\n\n\n\n<p class=\"has-medium-font-size wp-block-paragraph\">En Libye, le constat \u00e0 l\u2019encontre Bruxelles n&rsquo;est gu\u00e8re nouveau. Plusieurs enqu\u00eates d\u2019observateurs et de confr\u00e8res portaient un \u00e9clairage sur la mani\u00e8re dont les programmes de l&rsquo;UE favorisaient les violations des droits de l&rsquo;homme en terminant dans l\u2019escarcelle mafieuse. En 2023, ce sont les Nations Unies qui pointaient d\u00e9j\u00e0 du doigt l&rsquo;UE et ses Etats membres, y voyant un encouragement lors de l&rsquo;interception des migrants en mer favorisant ainsi les trafiquants d&rsquo;\u00eatres humains. L&rsquo;UE et ses \u00c9tats membres ont ainsi fourni \u00ab&nbsp;<em>directement ou indirectement un soutien financier et technique et des \u00e9quipements, tels que des navires, aux garde-c\u00f4tes libyens et \u00e0 la Direction de la lutte contre les migrations ill\u00e9gales, qui ont \u00e9t\u00e9 utilis\u00e9s dans le cadre de l&rsquo;interception et de la d\u00e9tention de migrants&nbsp;<\/em>\u00bb, indique sans ambages le rapport de la Mission ind\u00e9pendante d&rsquo;\u00e9tablissement des faits de l&rsquo;ONU en Libye. Ce m\u00eame rapport affirme tr\u00e8s directement que \u00ab&nbsp;<em>de fortes raisons de croire que des hauts responsables des garde-c\u00f4tes libyens \u00e9taient de connivence avec des trafiquants et des passeurs, pr\u00e9tendument li\u00e9s \u00e0 des milices, dans le cadre de l&rsquo;interception et de la privation de libert\u00e9 des migrants&nbsp;<\/em>\u00bb. Fermez le banc.<\/p>\n\n\n\n<h2 class=\"wp-block-heading\" id=\"h-une-confusion-sur-les-objectifs\">Une confusion sur les objectifs<\/h2>\n\n\n\n<p class=\"has-medium-font-size wp-block-paragraph\">\u00c0 ce moment, les services bruxellois s\u2019\u00e9taient pourfendus d\u2019un communiqu\u00e9 laconique pr\u00e9cisant que la Commission ne versait directement aucun fonds au pouvoir libyen. Ce qui n\u2019est pas tout \u00e0 fait faux, puisqu\u2019une partie des ressources du Fonds fiduciaire pour l&rsquo;Afrique destin\u00e9es \u00e0 la Libye transite tout d\u2019abord par les caisses italiennes. Arguant qu\u2019en 2023 et afin de prolonger le soutien aux garde-c\u00f4tes libyens, la priorit\u00e9 \u00e9tait de sauver la vie de milliers de migrants en mer. Soit. M\u00eame sujet, m\u00eame affirmation apport\u00e9e \u00e0 la Cour des comptes europ\u00e9enne, et toujours le m\u00eame constat&nbsp;: \u00ab&nbsp;<em>La Commission n\u2019a pas suspendu la moindre activit\u00e9 du FFU en Libye \u00e0 ce jour, estimant que l\u2019aide devait \u00eatre maintenue pour sauver des vies et att\u00e9nuer les souffrances des migrants&nbsp;<\/em>\u00bb, appui de nouveau le rapport de la Haute juridiction. En toile de fond, la man\u0153uvre consiste bien \u00e0 faire obstacle aux migrants tentant d&rsquo;atteindre les c\u00f4tes europ\u00e9ennes tout en permettant aux autorit\u00e9s libyennes une interception dans leurs eaux territoriales. El\u00e9ments de langage oblige, l&rsquo;expression \u00ab&nbsp;interception&nbsp;\u00bb n&rsquo;apparait jamais dans les communications officielles, du moins publiques, des instances europ\u00e9ennes. Et pour cause&nbsp;: une assimilation \u00e0 une pratique de refoulement des demandeurs d&rsquo;asile, serait fort contraire tant au regard droit international, qu\u2019aux r\u00e8gles m\u00eame du principe d\u2019accueil et de circulation europ\u00e9en.<\/p>\n\n\n\n<p class=\"has-medium-font-size wp-block-paragraph\">Il faudra attendre le 25 juin, Ursula von der Leyen se pourfend d\u2019un courrier aux dirigeants des Etats membres de l&rsquo;UE dont l\u2019objectif est de \u00ab&nbsp;faire le point sur le travail accompli concernant la dimension ext\u00e9rieure de la politique migratoire&nbsp;\u00bb. Ainsi r\u00e9dig\u00e9 en extrait&nbsp;: \u00ab&nbsp;<em>Si la coop\u00e9ration avec la Libye reste un d\u00e9fi, la reprise du dialogue avec les autorit\u00e9s libyennes a permis de renforcer (&#8230;) les capacit\u00e9s d&rsquo;interception en M\u00e9diterran\u00e9e centrale<\/em>&nbsp;\u00bb, se targue la pr\u00e9sidente de la Commission. Ce 25 juin et pour qui sait lire entre les lignes, Ursula von der Leyen reconnait \u00e0 demi-mot que le v\u00e9ritable but est certes d\u2019\u00e9pargner des vies en mer, mais bien de les intercepter et de les reconduire avec les cons\u00e9quences d\u2019un retour aux c\u00f4tes d\u2019Afrique du nord ici d\u00e9crites.<\/p>\n\n\n\n<h2 class=\"wp-block-heading\" id=\"h-une-inertie-probable\">Une inertie probable<\/h2>\n\n\n\n<p class=\"has-medium-font-size wp-block-paragraph\">Le rapport de la Cour des comptes de l&rsquo;Union europ\u00e9enne va-t-il changer quelque chose ? \u00ab&nbsp;<em>Tout continuera comme avant<\/em>&nbsp;\u00bb, nous rapporte une source proche des alc\u00f4ves de la Commission. \u00ab&nbsp;<em>La volont\u00e9 politique est de continuer<\/em>&nbsp;\u00bb. La politique consistant \u00e0 financer des r\u00e9gimes qui violent les droits de l&rsquo;homme fondamentaux et le droit international semble parfaitement assum\u00e9e. La tr\u00e8s puissante pr\u00e9sidente de la Commission europ\u00e9enne suit-elle le vent souffl\u00e9 des grandes capitales&nbsp;? L&rsquo;Allemagne a r\u00e9introduit les contr\u00f4les aux fronti\u00e8res de Schengen. La France a un nouveau ministre de l&rsquo;int\u00e9rieur, Bruno Retailleau, dont la feuille de route est clairement trac\u00e9e. La politique de Giorgia Meloni est-elle devenue un mod\u00e8le de sous-traitance des politiques migratoires&nbsp;?<\/p>\n\n\n\n<p class=\"has-medium-font-size wp-block-paragraph\">Quinze autre Etats membres ont press\u00e9 Ursula von der Leyen \u00e0 des fins de \u00ab&nbsp;solutions innovantes&nbsp;\u00bb. Quelles injonctions rec\u00e8lent-elles&nbsp;?<\/p>","protected":false},"excerpt":{"rendered":"<p>Un rapport de la Cour des comptes de l&rsquo;Union europ\u00e9enne ne passionne que rarement les m\u00e9dias, encore moins les foules. Celui qui&hellip;<\/p>","protected":false},"author":93,"featured_media":3134,"comment_status":"open","ping_status":"open","sticky":false,"template":"","format":"standard","meta":{"_lmt_disableupdate":"","_lmt_disable":"","footnotes":""},"categories":[5,4],"tags":[365,366],"class_list":["post-3133","post","type-post","status-publish","format-standard","has-post-thumbnail","hentry","category-international","category-mis-en-avant","tag-migrants","tag-union-europeenne"],"yoast_head":"<!-- This site is optimized with the Yoast SEO Premium plugin v28.1 (Yoast SEO v28.1) - https:\/\/yoast.com\/product\/yoast-seo-premium-wordpress\/ -->\n<title>Les finances de l&#039;Union Europ\u00e9enne sont-elles au service des violations des droits de l&#039;homme et des trafiquants\u00a0? | Geopolitics.fr<\/title>\n<meta name=\"description\" content=\"Le Fonds fiduciaire pour l&#039;Afrique pourrait \u00eatre d\u00e9tourn\u00e9 de ses objectifs et financer des violations des droits de l&#039;homme ou des mafias\" \/>\n<meta name=\"robots\" content=\"index, follow, max-snippet:-1, max-image-preview:large, max-video-preview:-1\" \/>\n<link rel=\"canonical\" href=\"https:\/\/www.geopolitics.fr\/en\/2024\/11\/19\/les-finances-de-lunion-europeenne-sont-elles-au-service-des-violations-des-droits-de-lhomme-et-des-trafiquants\/\" \/>\n<meta property=\"og:locale\" content=\"en_GB\" \/>\n<meta property=\"og:type\" content=\"article\" \/>\n<meta property=\"og:title\" content=\"Les finances de l&#039;Union Europ\u00e9enne sont-elles au service des violations des droits de l&#039;homme et des trafiquants\u00a0?\" \/>\n<meta property=\"og:description\" content=\"Le Fonds fiduciaire pour l&#039;Afrique pourrait \u00eatre d\u00e9tourn\u00e9 de ses objectifs et financer des violations des droits de l&#039;homme ou des mafias\" \/>\n<meta property=\"og:url\" content=\"https:\/\/www.geopolitics.fr\/en\/2024\/11\/19\/les-finances-de-lunion-europeenne-sont-elles-au-service-des-violations-des-droits-de-lhomme-et-des-trafiquants\/\" \/>\n<meta property=\"og:site_name\" content=\"Geopolitics.fr\" \/>\n<meta property=\"article:publisher\" content=\"https:\/\/www.facebook.com\/people\/Erwan-Davoux\/61557098968092\/\" \/>\n<meta property=\"article:author\" content=\"https:\/\/www.facebook.com\/odelagarde\" \/>\n<meta property=\"article:published_time\" content=\"2024-11-19T16:24:22+00:00\" \/>\n<meta property=\"article:modified_time\" content=\"2024-11-19T16:24:25+00:00\" \/>\n<meta property=\"og:image\" content=\"https:\/\/www.geopolitics.fr\/wp-content\/uploads\/2024\/11\/Migrants.jpg\" \/>\n\t<meta property=\"og:image:width\" content=\"1024\" \/>\n\t<meta property=\"og:image:height\" content=\"768\" \/>\n\t<meta property=\"og:image:type\" content=\"image\/jpeg\" \/>\n<meta name=\"author\" content=\"Olivier DELAGARDE\" \/>\n<meta name=\"twitter:card\" content=\"summary_large_image\" \/>\n<meta name=\"twitter:creator\" content=\"@Geopolitics_Fr\" \/>\n<meta name=\"twitter:site\" content=\"@Geopolitics_Fr\" \/>\n<meta name=\"twitter:label1\" content=\"Written by\" \/>\n\t<meta name=\"twitter:data1\" content=\"Olivier DELAGARDE\" \/>\n\t<meta name=\"twitter:label2\" content=\"Estimated reading time\" \/>\n\t<meta name=\"twitter:data2\" content=\"8 minutes\" \/>\n<script type=\"application\/ld+json\" class=\"yoast-schema-graph\">{\"@context\":\"https:\\\/\\\/schema.org\",\"@graph\":[{\"@type\":\"Article\",\"@id\":\"https:\\\/\\\/www.geopolitics.fr\\\/2024\\\/11\\\/19\\\/les-finances-de-lunion-europeenne-sont-elles-au-service-des-violations-des-droits-de-lhomme-et-des-trafiquants\\\/#article\",\"isPartOf\":{\"@id\":\"https:\\\/\\\/www.geopolitics.fr\\\/2024\\\/11\\\/19\\\/les-finances-de-lunion-europeenne-sont-elles-au-service-des-violations-des-droits-de-lhomme-et-des-trafiquants\\\/\"},\"author\":{\"name\":\"Olivier DELAGARDE\",\"@id\":\"https:\\\/\\\/www.geopolitics.fr\\\/#\\\/schema\\\/person\\\/9b98d78234af63d6ad71199d66115350\"},\"headline\":\"Les finances de l&rsquo;Union Europ\u00e9enne sont-elles au service des violations des droits de l&rsquo;homme et des trafiquants\u00a0?\",\"datePublished\":\"2024-11-19T16:24:22+00:00\",\"dateModified\":\"2024-11-19T16:24:25+00:00\",\"mainEntityOfPage\":{\"@id\":\"https:\\\/\\\/www.geopolitics.fr\\\/2024\\\/11\\\/19\\\/les-finances-de-lunion-europeenne-sont-elles-au-service-des-violations-des-droits-de-lhomme-et-des-trafiquants\\\/\"},\"wordCount\":1763,\"commentCount\":0,\"publisher\":{\"@id\":\"https:\\\/\\\/www.geopolitics.fr\\\/#organization\"},\"image\":{\"@id\":\"https:\\\/\\\/www.geopolitics.fr\\\/2024\\\/11\\\/19\\\/les-finances-de-lunion-europeenne-sont-elles-au-service-des-violations-des-droits-de-lhomme-et-des-trafiquants\\\/#primaryimage\"},\"thumbnailUrl\":\"https:\\\/\\\/www.geopolitics.fr\\\/wp-content\\\/uploads\\\/2024\\\/11\\\/Migrants.jpg\",\"keywords\":[\"MIGRANTS\",\"UNION EUROPEENNE\"],\"articleSection\":[\"International\",\"Mis en AVANT\"],\"inLanguage\":\"en-GB\"},{\"@type\":\"WebPage\",\"@id\":\"https:\\\/\\\/www.geopolitics.fr\\\/2024\\\/11\\\/19\\\/les-finances-de-lunion-europeenne-sont-elles-au-service-des-violations-des-droits-de-lhomme-et-des-trafiquants\\\/\",\"url\":\"https:\\\/\\\/www.geopolitics.fr\\\/2024\\\/11\\\/19\\\/les-finances-de-lunion-europeenne-sont-elles-au-service-des-violations-des-droits-de-lhomme-et-des-trafiquants\\\/\",\"name\":\"Les finances de l'Union Europ\u00e9enne sont-elles au service des violations des droits de l'homme et des trafiquants\u00a0? | Geopolitics.fr\",\"isPartOf\":{\"@id\":\"https:\\\/\\\/www.geopolitics.fr\\\/#website\"},\"primaryImageOfPage\":{\"@id\":\"https:\\\/\\\/www.geopolitics.fr\\\/2024\\\/11\\\/19\\\/les-finances-de-lunion-europeenne-sont-elles-au-service-des-violations-des-droits-de-lhomme-et-des-trafiquants\\\/#primaryimage\"},\"image\":{\"@id\":\"https:\\\/\\\/www.geopolitics.fr\\\/2024\\\/11\\\/19\\\/les-finances-de-lunion-europeenne-sont-elles-au-service-des-violations-des-droits-de-lhomme-et-des-trafiquants\\\/#primaryimage\"},\"thumbnailUrl\":\"https:\\\/\\\/www.geopolitics.fr\\\/wp-content\\\/uploads\\\/2024\\\/11\\\/Migrants.jpg\",\"datePublished\":\"2024-11-19T16:24:22+00:00\",\"dateModified\":\"2024-11-19T16:24:25+00:00\",\"description\":\"Le Fonds fiduciaire pour l'Afrique pourrait \u00eatre d\u00e9tourn\u00e9 de ses objectifs et financer des violations des droits de l'homme ou des mafias\",\"breadcrumb\":{\"@id\":\"https:\\\/\\\/www.geopolitics.fr\\\/2024\\\/11\\\/19\\\/les-finances-de-lunion-europeenne-sont-elles-au-service-des-violations-des-droits-de-lhomme-et-des-trafiquants\\\/#breadcrumb\"},\"inLanguage\":\"en-GB\",\"potentialAction\":[{\"@type\":\"ReadAction\",\"target\":[\"https:\\\/\\\/www.geopolitics.fr\\\/2024\\\/11\\\/19\\\/les-finances-de-lunion-europeenne-sont-elles-au-service-des-violations-des-droits-de-lhomme-et-des-trafiquants\\\/\"]}]},{\"@type\":\"ImageObject\",\"inLanguage\":\"en-GB\",\"@id\":\"https:\\\/\\\/www.geopolitics.fr\\\/2024\\\/11\\\/19\\\/les-finances-de-lunion-europeenne-sont-elles-au-service-des-violations-des-droits-de-lhomme-et-des-trafiquants\\\/#primaryimage\",\"url\":\"https:\\\/\\\/www.geopolitics.fr\\\/wp-content\\\/uploads\\\/2024\\\/11\\\/Migrants.jpg\",\"contentUrl\":\"https:\\\/\\\/www.geopolitics.fr\\\/wp-content\\\/uploads\\\/2024\\\/11\\\/Migrants.jpg\",\"width\":1024,\"height\":768},{\"@type\":\"BreadcrumbList\",\"@id\":\"https:\\\/\\\/www.geopolitics.fr\\\/2024\\\/11\\\/19\\\/les-finances-de-lunion-europeenne-sont-elles-au-service-des-violations-des-droits-de-lhomme-et-des-trafiquants\\\/#breadcrumb\",\"itemListElement\":[{\"@type\":\"ListItem\",\"position\":1,\"name\":\"Accueil\",\"item\":\"https:\\\/\\\/www.geopolitics.fr\\\/\"},{\"@type\":\"ListItem\",\"position\":2,\"name\":\"Les finances de l&#8217;Union Europ\u00e9enne sont-elles au service des violations des droits de l&#8217;homme et des trafiquants\u00a0?\"}]},{\"@type\":\"WebSite\",\"@id\":\"https:\\\/\\\/www.geopolitics.fr\\\/#website\",\"url\":\"https:\\\/\\\/www.geopolitics.fr\\\/\",\"name\":\"Geopolitics.fr\",\"description\":\"Geopolitics.fr Analyse politique, relations internationales, d\u00e9fense - ligne \u00e9ditoriale gaullo-chiraquienne\",\"publisher\":{\"@id\":\"https:\\\/\\\/www.geopolitics.fr\\\/#organization\"},\"potentialAction\":[{\"@type\":\"SearchAction\",\"target\":{\"@type\":\"EntryPoint\",\"urlTemplate\":\"https:\\\/\\\/www.geopolitics.fr\\\/?s={search_term_string}\"},\"query-input\":{\"@type\":\"PropertyValueSpecification\",\"valueRequired\":true,\"valueName\":\"search_term_string\"}}],\"inLanguage\":\"en-GB\"},{\"@type\":\"Organization\",\"@id\":\"https:\\\/\\\/www.geopolitics.fr\\\/#organization\",\"name\":\"Geopolitics.fr\",\"url\":\"https:\\\/\\\/www.geopolitics.fr\\\/\",\"logo\":{\"@type\":\"ImageObject\",\"inLanguage\":\"en-GB\",\"@id\":\"https:\\\/\\\/www.geopolitics.fr\\\/#\\\/schema\\\/logo\\\/image\\\/\",\"url\":\"https:\\\/\\\/www.geopolitics.fr\\\/wp-content\\\/uploads\\\/2024\\\/01\\\/logo.jpg\",\"contentUrl\":\"https:\\\/\\\/www.geopolitics.fr\\\/wp-content\\\/uploads\\\/2024\\\/01\\\/logo.jpg\",\"width\":500,\"height\":500,\"caption\":\"Geopolitics.fr\"},\"image\":{\"@id\":\"https:\\\/\\\/www.geopolitics.fr\\\/#\\\/schema\\\/logo\\\/image\\\/\"},\"sameAs\":[\"https:\\\/\\\/www.facebook.com\\\/people\\\/Erwan-Davoux\\\/61557098968092\\\/\",\"https:\\\/\\\/x.com\\\/Geopolitics_Fr\"]},{\"@type\":\"Person\",\"@id\":\"https:\\\/\\\/www.geopolitics.fr\\\/#\\\/schema\\\/person\\\/9b98d78234af63d6ad71199d66115350\",\"name\":\"Olivier DELAGARDE\",\"image\":{\"@type\":\"ImageObject\",\"inLanguage\":\"en-GB\",\"@id\":\"https:\\\/\\\/secure.gravatar.com\\\/avatar\\\/2c50afbd303b51697d9591857ee182bf3ead572fa530da00bb0278cf506c3a97?s=96&d=mm&r=g\",\"url\":\"https:\\\/\\\/secure.gravatar.com\\\/avatar\\\/2c50afbd303b51697d9591857ee182bf3ead572fa530da00bb0278cf506c3a97?s=96&d=mm&r=g\",\"contentUrl\":\"https:\\\/\\\/secure.gravatar.com\\\/avatar\\\/2c50afbd303b51697d9591857ee182bf3ead572fa530da00bb0278cf506c3a97?s=96&d=mm&r=g\",\"caption\":\"Olivier DELAGARDE\"},\"description\":\"Journaliste depuis plus de 20 ans, accr\u00e9dit\u00e9 aupr\u00e8s de l'Organisation des Nations Unies, de la Ligue des Etats Arabes, titulaire de la Carte d'Identit\u00e9 des Journalistes Professionnels en France et de la F\u00e9d\u00e9ration Internationale des Journalistes, Olivier a occup\u00e9 le poste de Grand reporter correspondant permanent en \u00c9gypte pour des m\u00e9dias de renomm\u00e9e mondiale tels que TV5 MONDE, le GROUPE M6, le GROUPE TF1 ou encore l\u2019AFP. Durant plus de dix ann\u00e9es, il a produit de nombreux reportages sur la politique internationale en Afrique de l'Est, tout en couvrant les principaux conflits au Proche et Moyen-Orient. En tant que Chef de bureau Proche-Orient pour TV5 MONDE, il \u00e9tait responsable de la production de reportages, des relations institutionnelles et de la repr\u00e9sentation de la cha\u00eene, tout en \u00e9crivant pour plusieurs m\u00e9dias europ\u00e9ens et internationaux.\",\"sameAs\":[\"https:\\\/\\\/www.facebook.com\\\/odelagarde\",\"https:\\\/\\\/www.linkedin.com\\\/in\\\/olivier-delagarde-816b17270\\\/\"],\"url\":\"https:\\\/\\\/www.geopolitics.fr\\\/en\\\/author\\\/odelagarde\\\/\"}]}<\/script>\n<!-- \/ Yoast SEO Premium plugin. -->","yoast_head_json":{"title":"Les finances de l'Union Europ\u00e9enne sont-elles au service des violations des droits de l'homme et des trafiquants\u00a0? | Geopolitics.fr","description":"Le Fonds fiduciaire pour l'Afrique pourrait \u00eatre d\u00e9tourn\u00e9 de ses objectifs et financer des violations des droits de l'homme ou des mafias","robots":{"index":"index","follow":"follow","max-snippet":"max-snippet:-1","max-image-preview":"max-image-preview:large","max-video-preview":"max-video-preview:-1"},"canonical":"https:\/\/www.geopolitics.fr\/en\/2024\/11\/19\/les-finances-de-lunion-europeenne-sont-elles-au-service-des-violations-des-droits-de-lhomme-et-des-trafiquants\/","og_locale":"en_GB","og_type":"article","og_title":"Les finances de l'Union Europ\u00e9enne sont-elles au service des violations des droits de l'homme et des trafiquants\u00a0?","og_description":"Le Fonds fiduciaire pour l'Afrique pourrait \u00eatre d\u00e9tourn\u00e9 de ses objectifs et financer des violations des droits de l'homme ou des mafias","og_url":"https:\/\/www.geopolitics.fr\/en\/2024\/11\/19\/les-finances-de-lunion-europeenne-sont-elles-au-service-des-violations-des-droits-de-lhomme-et-des-trafiquants\/","og_site_name":"Geopolitics.fr","article_publisher":"https:\/\/www.facebook.com\/people\/Erwan-Davoux\/61557098968092\/","article_author":"https:\/\/www.facebook.com\/odelagarde","article_published_time":"2024-11-19T16:24:22+00:00","article_modified_time":"2024-11-19T16:24:25+00:00","og_image":[{"width":1024,"height":768,"url":"https:\/\/www.geopolitics.fr\/wp-content\/uploads\/2024\/11\/Migrants.jpg","type":"image\/jpeg"}],"author":"Olivier DELAGARDE","twitter_card":"summary_large_image","twitter_creator":"@Geopolitics_Fr","twitter_site":"@Geopolitics_Fr","twitter_misc":{"Written by":"Olivier DELAGARDE","Estimated reading time":"8 minutes"},"schema":{"@context":"https:\/\/schema.org","@graph":[{"@type":"Article","@id":"https:\/\/www.geopolitics.fr\/2024\/11\/19\/les-finances-de-lunion-europeenne-sont-elles-au-service-des-violations-des-droits-de-lhomme-et-des-trafiquants\/#article","isPartOf":{"@id":"https:\/\/www.geopolitics.fr\/2024\/11\/19\/les-finances-de-lunion-europeenne-sont-elles-au-service-des-violations-des-droits-de-lhomme-et-des-trafiquants\/"},"author":{"name":"Olivier DELAGARDE","@id":"https:\/\/www.geopolitics.fr\/#\/schema\/person\/9b98d78234af63d6ad71199d66115350"},"headline":"Les finances de l&rsquo;Union Europ\u00e9enne sont-elles au service des violations des droits de l&rsquo;homme et des trafiquants\u00a0?","datePublished":"2024-11-19T16:24:22+00:00","dateModified":"2024-11-19T16:24:25+00:00","mainEntityOfPage":{"@id":"https:\/\/www.geopolitics.fr\/2024\/11\/19\/les-finances-de-lunion-europeenne-sont-elles-au-service-des-violations-des-droits-de-lhomme-et-des-trafiquants\/"},"wordCount":1763,"commentCount":0,"publisher":{"@id":"https:\/\/www.geopolitics.fr\/#organization"},"image":{"@id":"https:\/\/www.geopolitics.fr\/2024\/11\/19\/les-finances-de-lunion-europeenne-sont-elles-au-service-des-violations-des-droits-de-lhomme-et-des-trafiquants\/#primaryimage"},"thumbnailUrl":"https:\/\/www.geopolitics.fr\/wp-content\/uploads\/2024\/11\/Migrants.jpg","keywords":["MIGRANTS","UNION EUROPEENNE"],"articleSection":["International","Mis en AVANT"],"inLanguage":"en-GB"},{"@type":"WebPage","@id":"https:\/\/www.geopolitics.fr\/2024\/11\/19\/les-finances-de-lunion-europeenne-sont-elles-au-service-des-violations-des-droits-de-lhomme-et-des-trafiquants\/","url":"https:\/\/www.geopolitics.fr\/2024\/11\/19\/les-finances-de-lunion-europeenne-sont-elles-au-service-des-violations-des-droits-de-lhomme-et-des-trafiquants\/","name":"Les finances de l'Union Europ\u00e9enne sont-elles au service des violations des droits de l'homme et des trafiquants\u00a0? | Geopolitics.fr","isPartOf":{"@id":"https:\/\/www.geopolitics.fr\/#website"},"primaryImageOfPage":{"@id":"https:\/\/www.geopolitics.fr\/2024\/11\/19\/les-finances-de-lunion-europeenne-sont-elles-au-service-des-violations-des-droits-de-lhomme-et-des-trafiquants\/#primaryimage"},"image":{"@id":"https:\/\/www.geopolitics.fr\/2024\/11\/19\/les-finances-de-lunion-europeenne-sont-elles-au-service-des-violations-des-droits-de-lhomme-et-des-trafiquants\/#primaryimage"},"thumbnailUrl":"https:\/\/www.geopolitics.fr\/wp-content\/uploads\/2024\/11\/Migrants.jpg","datePublished":"2024-11-19T16:24:22+00:00","dateModified":"2024-11-19T16:24:25+00:00","description":"Le Fonds fiduciaire pour l'Afrique pourrait \u00eatre d\u00e9tourn\u00e9 de ses objectifs et financer des violations des droits de l'homme ou des mafias","breadcrumb":{"@id":"https:\/\/www.geopolitics.fr\/2024\/11\/19\/les-finances-de-lunion-europeenne-sont-elles-au-service-des-violations-des-droits-de-lhomme-et-des-trafiquants\/#breadcrumb"},"inLanguage":"en-GB","potentialAction":[{"@type":"ReadAction","target":["https:\/\/www.geopolitics.fr\/2024\/11\/19\/les-finances-de-lunion-europeenne-sont-elles-au-service-des-violations-des-droits-de-lhomme-et-des-trafiquants\/"]}]},{"@type":"ImageObject","inLanguage":"en-GB","@id":"https:\/\/www.geopolitics.fr\/2024\/11\/19\/les-finances-de-lunion-europeenne-sont-elles-au-service-des-violations-des-droits-de-lhomme-et-des-trafiquants\/#primaryimage","url":"https:\/\/www.geopolitics.fr\/wp-content\/uploads\/2024\/11\/Migrants.jpg","contentUrl":"https:\/\/www.geopolitics.fr\/wp-content\/uploads\/2024\/11\/Migrants.jpg","width":1024,"height":768},{"@type":"BreadcrumbList","@id":"https:\/\/www.geopolitics.fr\/2024\/11\/19\/les-finances-de-lunion-europeenne-sont-elles-au-service-des-violations-des-droits-de-lhomme-et-des-trafiquants\/#breadcrumb","itemListElement":[{"@type":"ListItem","position":1,"name":"Accueil","item":"https:\/\/www.geopolitics.fr\/"},{"@type":"ListItem","position":2,"name":"Les finances de l&#8217;Union Europ\u00e9enne sont-elles au service des violations des droits de l&#8217;homme et des trafiquants\u00a0?"}]},{"@type":"WebSite","@id":"https:\/\/www.geopolitics.fr\/#website","url":"https:\/\/www.geopolitics.fr\/","name":"Geopolitics.fr","description":"Geopolitics.fr Analyse politique, relations internationales, d\u00e9fense - ligne \u00e9ditoriale gaullo-chiraquienne","publisher":{"@id":"https:\/\/www.geopolitics.fr\/#organization"},"potentialAction":[{"@type":"SearchAction","target":{"@type":"EntryPoint","urlTemplate":"https:\/\/www.geopolitics.fr\/?s={search_term_string}"},"query-input":{"@type":"PropertyValueSpecification","valueRequired":true,"valueName":"search_term_string"}}],"inLanguage":"en-GB"},{"@type":"Organization","@id":"https:\/\/www.geopolitics.fr\/#organization","name":"Geopolitics.fr","url":"https:\/\/www.geopolitics.fr\/","logo":{"@type":"ImageObject","inLanguage":"en-GB","@id":"https:\/\/www.geopolitics.fr\/#\/schema\/logo\/image\/","url":"https:\/\/www.geopolitics.fr\/wp-content\/uploads\/2024\/01\/logo.jpg","contentUrl":"https:\/\/www.geopolitics.fr\/wp-content\/uploads\/2024\/01\/logo.jpg","width":500,"height":500,"caption":"Geopolitics.fr"},"image":{"@id":"https:\/\/www.geopolitics.fr\/#\/schema\/logo\/image\/"},"sameAs":["https:\/\/www.facebook.com\/people\/Erwan-Davoux\/61557098968092\/","https:\/\/x.com\/Geopolitics_Fr"]},{"@type":"Person","@id":"https:\/\/www.geopolitics.fr\/#\/schema\/person\/9b98d78234af63d6ad71199d66115350","name":"Olivier DELAGARDE","image":{"@type":"ImageObject","inLanguage":"en-GB","@id":"https:\/\/secure.gravatar.com\/avatar\/2c50afbd303b51697d9591857ee182bf3ead572fa530da00bb0278cf506c3a97?s=96&d=mm&r=g","url":"https:\/\/secure.gravatar.com\/avatar\/2c50afbd303b51697d9591857ee182bf3ead572fa530da00bb0278cf506c3a97?s=96&d=mm&r=g","contentUrl":"https:\/\/secure.gravatar.com\/avatar\/2c50afbd303b51697d9591857ee182bf3ead572fa530da00bb0278cf506c3a97?s=96&d=mm&r=g","caption":"Olivier DELAGARDE"},"description":"Journaliste depuis plus de 20 ans, accr\u00e9dit\u00e9 aupr\u00e8s de l'Organisation des Nations Unies, de la Ligue des Etats Arabes, titulaire de la Carte d'Identit\u00e9 des Journalistes Professionnels en France et de la F\u00e9d\u00e9ration Internationale des Journalistes, Olivier a occup\u00e9 le poste de Grand reporter correspondant permanent en \u00c9gypte pour des m\u00e9dias de renomm\u00e9e mondiale tels que TV5 MONDE, le GROUPE M6, le GROUPE TF1 ou encore l\u2019AFP. Durant plus de dix ann\u00e9es, il a produit de nombreux reportages sur la politique internationale en Afrique de l'Est, tout en couvrant les principaux conflits au Proche et Moyen-Orient. En tant que Chef de bureau Proche-Orient pour TV5 MONDE, il \u00e9tait responsable de la production de reportages, des relations institutionnelles et de la repr\u00e9sentation de la cha\u00eene, tout en \u00e9crivant pour plusieurs m\u00e9dias europ\u00e9ens et internationaux.","sameAs":["https:\/\/www.facebook.com\/odelagarde","https:\/\/www.linkedin.com\/in\/olivier-delagarde-816b17270\/"],"url":"https:\/\/www.geopolitics.fr\/en\/author\/odelagarde\/"}]}},"_links":{"self":[{"href":"https:\/\/www.geopolitics.fr\/en\/wp-json\/wp\/v2\/posts\/3133","targetHints":{"allow":["GET"]}}],"collection":[{"href":"https:\/\/www.geopolitics.fr\/en\/wp-json\/wp\/v2\/posts"}],"about":[{"href":"https:\/\/www.geopolitics.fr\/en\/wp-json\/wp\/v2\/types\/post"}],"author":[{"embeddable":true,"href":"https:\/\/www.geopolitics.fr\/en\/wp-json\/wp\/v2\/users\/93"}],"replies":[{"embeddable":true,"href":"https:\/\/www.geopolitics.fr\/en\/wp-json\/wp\/v2\/comments?post=3133"}],"version-history":[{"count":0,"href":"https:\/\/www.geopolitics.fr\/en\/wp-json\/wp\/v2\/posts\/3133\/revisions"}],"wp:featuredmedia":[{"embeddable":true,"href":"https:\/\/www.geopolitics.fr\/en\/wp-json\/wp\/v2\/media\/3134"}],"wp:attachment":[{"href":"https:\/\/www.geopolitics.fr\/en\/wp-json\/wp\/v2\/media?parent=3133"}],"wp:term":[{"taxonomy":"category","embeddable":true,"href":"https:\/\/www.geopolitics.fr\/en\/wp-json\/wp\/v2\/categories?post=3133"},{"taxonomy":"post_tag","embeddable":true,"href":"https:\/\/www.geopolitics.fr\/en\/wp-json\/wp\/v2\/tags?post=3133"}],"curies":[{"name":"wp","href":"https:\/\/api.w.org\/{rel}","templated":true}]}}