{"id":3111,"date":"2024-11-16T12:41:05","date_gmt":"2024-11-16T11:41:05","guid":{"rendered":"https:\/\/www.geopolitics.fr\/?p=3111"},"modified":"2024-11-16T14:23:18","modified_gmt":"2024-11-16T13:23:18","slug":"ambassade-de-france-en-israel-ou-ambassade-disrael-en-israel","status":"publish","type":"post","link":"https:\/\/www.geopolitics.fr\/en\/2024\/11\/16\/ambassade-de-france-en-israel-ou-ambassade-disrael-en-israel\/","title":{"rendered":"Ambassade de France en Isra\u00ebl ou ambassade d\u2019Isra\u00ebl en Isra\u00ebl\u00a0?"},"content":{"rendered":"<h2 class=\"wp-block-heading\" id=\"h-le-comportement-totalement-inapproprie-de-l-ambassade-d-israel-en-france\">Le comportement totalement inappropri\u00e9 de l&rsquo;Ambassade d&rsquo;Isra\u00ebl en France<\/h2>\n\n\n\n<p class=\"has-medium-font-size wp-block-paragraph\"><strong>L\u2019Ambassade d\u2019Isra\u00ebl en France a rompu avec tous les usages diplomatiques en toute impunit\u00e9<\/strong>. En effet, cette derni\u00e8re se fait ouvertement le relais d\u2019une id\u00e9ologie mortif\u00e8re, d\u2019une propagande qui ferait rougir de honte la Cor\u00e9e du Nord et se permet d\u2019invectiver le gouvernement de son pays h\u00f4te misant sur la l\u00e2chet\u00e9 de ce dernier.<\/p>\n\n\n\n<h2 class=\"wp-block-heading\" id=\"h-se-double-d-une-ambassade-de-france-a-israel-soumise-au-gouvernement-de-son-pays-de-residence\">Se double d&rsquo;une ambassade de France \u00e0 Isra\u00ebl soumise au gouvernement de son pays de r\u00e9sidence<\/h2>\n\n\n\n<p class=\"has-medium-font-size wp-block-paragraph\"><strong>Mais cela ne semble pas suffisant. L\u2019Ambassade de France en Isra\u00ebl se transforme, dans le m\u00eame, en officine acquise au gouvernement isra\u00e9lien.<\/strong> En effet, L\u2019Ambassade dirig\u00e9e par Fr\u00e9d\u00e9ric Journ\u00e8s, qui a pris ses fonctions \u00e0 l\u2019\u00e9t\u00e9 2023, ne cesse de se d\u00e9partir de toute neutralit\u00e9. <strong>La plupart des posts qui sont h\u00e9breux,<\/strong> une belle illustration de la promotion de la langue fran\u00e7aise alors qu\u2019Isra\u00ebl comte quelques centaines de milliers de francophones, ne pr\u00e9sentent que la version isra\u00e9lienne des \u00e9v\u00e8nements tragiques en cours depuis le 7 octobre. <strong>Les otages reviennent en boucle, c\u2019est naturel.<\/strong> <strong>Les victimes civiles palestiniennes et libanaises, elles, attendront. Probablement rappel\u00e9 \u00e0 l\u2019ordre <\/strong>r\u00e9cemment pour ce bais trop visible, l\u2019ambassade France en Isra\u00ebl ose d\u00e9sormais republier des communiqu\u00e9s du Quai d\u2019Orsay d\u00e9favorables \u00e0 Isra\u00ebl (sans traduction en h\u00e9breu cette fois).<\/p>\n\n\n\n<h2 class=\"wp-block-heading\" id=\"h-un-nouveau-seuil-franchi-avec-la-nomination-d-ilona-cicurel-comme-conseillere-de-cooperation-et-d-action-culturelle\">Un nouveau seuil franchi avec la nomination d&rsquo;Ilona Cicurel comme Conseill\u00e8re de coop\u00e9ration et d&rsquo;action culturelle<\/h2>\n\n\n\n<p class=\"has-medium-font-size wp-block-paragraph\"><strong>Un nouveau seuil vient d\u2019\u00eatre franchi avec le r\u00e9cente nomination d\u2019Ilona Cicurel comme conseill\u00e8re de coop\u00e9ration et d\u2019action culturelle.<\/strong> Une marque de d\u00e9f\u00e9rence suppl\u00e9mentaire. En effet, le parcours de l\u2019int\u00e9ress\u00e9e, <strong>qui n\u2019est absolument pas diplomate mais dont la nomination est purement politique<\/strong>, comprend notamment&nbsp;: l\u2019animation et la production de programmes audio sur RCJ (Radio de la Communaut\u00e9 Juive), parfois en collaboration avec Alain Finkielkraut), un m\u00e9dia communautaire d\u00e9tenu par le&nbsp;<a href=\"https:\/\/fr.wikipedia.org\/wiki\/Fonds_social_juif_unifi%C3%A9\">Fonds social juif unifi\u00e9<\/a>. La liste des derniers invit\u00e9s fait fr\u00e9mir d\u2019horreur.<\/p>\n\n\n\n<p class=\"has-medium-font-size wp-block-paragraph\"><strong>Elle fut directrice g\u00e9n\u00e9rale de l&rsquo;<a href=\"https:\/\/fr.wikipedia.org\/wiki\/Alliance_isra%C3%A9lite_universelle\">Alliance isra\u00e9lite universelle<\/a>, subventionn\u00e9e par le Quai d\u2019Orsa<\/strong>y <strong>dont elle est, d\u00e9sormais, un agent<\/strong>. Sur le site de la Haute Autorit\u00e9 Pour la Transparence de la Vie publique, <strong>il est indiqu\u00e9 la concernant aux rubriques \u00ab&nbsp;int\u00e9r\u00eat&nbsp;\u00bb et \u00ab&nbsp;patrimoine&nbsp;\u00bb \u00e0 venir. &nbsp;Son mandat \u00e9lectoral au Parlement Europ\u00e9en a pris fin en juin 2024.<\/strong><\/p>\n\n\n\n<p class=\"has-medium-font-size wp-block-paragraph\"><strong>En 2015, elle avait nou\u00e9 des liens avec Emmanuel Macron (alors ministre de l\u2019\u00c9conomie) &nbsp;lors de son voyage officiel en Isra\u00ebl. Elle&nbsp; organisa en septembre 2015 en Isra\u00ebl sa visite du coll\u00e8ge franco-isra\u00e9lien R. Leven \u00e0&nbsp;<a href=\"https:\/\/fr.wikipedia.org\/wiki\/Mikv%C3%A9-Isra%C3%ABl\">Mikv\u00e9-Isra\u00ebl<\/a>.<\/strong><\/p>\n\n\n\n<p class=\"has-medium-font-size wp-block-paragraph\"><strong>Son blog personnel est loin d\u2019illustrer la neutralit\u00e9 politique et le devoir de r\u00e9serve qui sied \u00e0 tout diplomate en exerciuce<\/strong>. Les prises de position y sont totalement partisanes, dans la bonne tradition macronienne : de la d\u00e9fense inconditionnelle de l\u2019Ukraine \u00e0 celle d\u2019Isra\u00ebl.<\/p>\n\n\n\n<h2 class=\"wp-block-heading\" id=\"h-des-prises-de-positions-partisanes-en-soutien-de-l-etat-dans-lequel-elle-est-affectee\">Des prises de positions partisanes, en soutien de l&rsquo;Etat dans lequel elle est affect\u00e9e<\/h2>\n\n\n\n<p class=\"has-medium-font-size wp-block-paragraph\"><strong>Ses tweets posent un r\u00e9el probl\u00e8me<\/strong>&nbsp;:<\/p>\n\n\n\n<p class=\"has-medium-font-size wp-block-paragraph\"><em>Merci <a href=\"https:\/\/x.com\/EmmanuelMacron\">@EmmanuelMacron<\/a><\/em> <em>d\u2019\u00eatre pr\u00e9sent au match France-Isra\u00ebl. Ne laissons pas des groupes violents \u00e0 l\u2019agenda clair s\u2019attaquer aux valeurs <\/em>lib\u00e9rales et humanistes<em> dont nous sommes porteurs et qui nous fondent. <a href=\"https:\/\/x.com\/hashtag\/Amsterdam?src=hashtag_click\">#Amsterdam<\/a> <a href=\"https:\/\/x.com\/hashtag\/Europe?src=hashtag_click\">#Europe<\/a>.<\/em><\/p>\n\n\n\n<p class=\"has-medium-font-size wp-block-paragraph\">\u00ab\u00a0<em>Soutien plein et entier \u00e0 l\u2019Etat d\u2019Isra\u00ebl qui a identifi\u00e9 le lancement imminent de milliers de roquettes sur son territoire par le Hezbollah libanais et annonce avoir d\u00e9truit plusieurs milliers de lance-roquettes. Cette haine destructrice doit cesser<\/em>\u00ab\u00a0<\/p>\n\n\n\n<p class=\"has-medium-font-size wp-block-paragraph\"><em>Merci \u00e0<\/em> <em><a href=\"https:\/\/x.com\/steph_sejourne\">@steph_sejourne<\/a>de rappeler l\u2019\u00e9vidence face \u00e0 l\u2019indignit\u00e9. Pr\u00e8s de 52 ans apr\u00e8s le massacre des 11 athl\u00e8tes isra\u00e9liens \u00e0 Munich, Thomas Portes a choisi son camp. Certains silences rendent complices. Qu\u2019attendent le PS, LFI, EELV pour r\u00e9agir ?<\/em><\/p>\n\n\n\n<p class=\"has-medium-font-size wp-block-paragraph\"><strong>Et enfin, pour couronner le tout, un soutien entier et total \u00e0 Caroline Yadan, elle-m\u00eame soutien total des crimes commis par le gouvernement isra\u00e9lien. Caroline Yadan serait une humaniste&nbsp;? Si l\u2019on retire aux Arabes leur qualit\u00e9 d\u2019\u00eatres humains, peut-\u00eatre\u2026<\/strong><\/p>\n\n\n\n<p class=\"has-medium-font-size wp-block-paragraph\"><em>Parce qu\u2019elle est int\u00e8gre et intense Parce qu\u2019elle se bat pour l\u2019\u00e9ducation et les valeurs r\u00e9publicaines Parce qu\u2019elle d\u00e9fend la voix d\u2019Isra\u00ebl au nom de l\u2019humanisme et de la d\u00e9mocratie Parce qu\u2019elle sera l\u2019avocate de tous les Fran\u00e7ais de la 8\u00e8me Circo Votez pour<\/em> <em><a href=\"https:\/\/x.com\/CarolineYADAN\">@CarolineYADAN<\/a><\/em> !<\/p>\n\n\n\n<h2 class=\"wp-block-heading has-medium-font-size\" id=\"h-un-exemple-supplementaire-du-recasage-des-amis-une-pratique-macronienne-courante\">Un exemple suppl\u00e9mentaire du recasage des amis, une pratique macronienne courante<\/h2>\n\n\n\n<p class=\"has-medium-font-size wp-block-paragraph\">Battue aux \u00e9lections l\u00e9gislatives de 2017, et d\u00e9sormais plus d\u00e9put\u00e9e europ\u00e9enne, <strong>elle devait \u00eatre recas\u00e9e pour bon et loyaux services non rendus \u00e0 l\u2019Etat (qu\u2019elle n\u2019a jamais servi) mais au parti macroniste au sein duquel elle occupa de nombreuses responsabilit\u00e9s.<\/strong><\/p>\n\n\n\n<p class=\"has-medium-font-size wp-block-paragraph\"><strong>Copinage et inf\u00e9odation \u00e0 un \u00e9tat \u00e9tranger, la quintessence du macronisme est illustr\u00e9e dans cette nomination surr\u00e9aliste.<\/strong><\/p>\n\n\n<div class=\"wp-block-image\">\n<figure class=\"aligncenter size-large is-resized\"><img fetchpriority=\"high\" decoding=\"async\" width=\"999\" height=\"1024\" src=\"https:\/\/www.geopolitics.fr\/wp-content\/uploads\/2024\/11\/cicurel-attal-1-999x1024.jpeg\" alt=\"\" class=\"wp-image-3119\" style=\"width:297px;height:auto\" srcset=\"https:\/\/www.geopolitics.fr\/wp-content\/uploads\/2024\/11\/cicurel-attal-1-999x1024.jpeg 999w, https:\/\/www.geopolitics.fr\/wp-content\/uploads\/2024\/11\/cicurel-attal-1-293x300.jpeg 293w, https:\/\/www.geopolitics.fr\/wp-content\/uploads\/2024\/11\/cicurel-attal-1-768x788.jpeg 768w, https:\/\/www.geopolitics.fr\/wp-content\/uploads\/2024\/11\/cicurel-attal-1-1498x1536.jpeg 1498w, https:\/\/www.geopolitics.fr\/wp-content\/uploads\/2024\/11\/cicurel-attal-1-1170x1200.jpeg 1170w, https:\/\/www.geopolitics.fr\/wp-content\/uploads\/2024\/11\/cicurel-attal-1-585x600.jpeg 585w, https:\/\/www.geopolitics.fr\/wp-content\/uploads\/2024\/11\/cicurel-attal-1-600x615.jpeg 600w, https:\/\/www.geopolitics.fr\/wp-content\/uploads\/2024\/11\/cicurel-attal-1.jpeg 1536w\" sizes=\"(max-width: 999px) 100vw, 999px\" \/><\/figure>\n<\/div>","protected":false},"excerpt":{"rendered":"<p>Le comportement totalement inappropri\u00e9 de l&rsquo;Ambassade d&rsquo;Isra\u00ebl en France L\u2019Ambassade d\u2019Isra\u00ebl en France a rompu avec tous les usages diplomatiques en toute&hellip;<\/p>","protected":false},"author":16,"featured_media":3117,"comment_status":"open","ping_status":"open","sticky":false,"template":"","format":"standard","meta":{"_lmt_disableupdate":"","_lmt_disable":"","footnotes":""},"categories":[5,4,3],"tags":[56],"class_list":["post-3111","post","type-post","status-publish","format-standard","has-post-thumbnail","hentry","category-international","category-mis-en-avant","category-politique","tag-france"],"yoast_head":"<!-- This site is optimized with the Yoast SEO Premium plugin v28.1 (Yoast SEO v28.1) - https:\/\/yoast.com\/product\/yoast-seo-premium-wordpress\/ -->\n<title>Ambassade de France en Isra\u00ebl ou ambassade d\u2019Isra\u00ebl en Isra\u00ebl\u00a0? | Geopolitics.fr<\/title>\n<meta name=\"robots\" content=\"index, follow, max-snippet:-1, max-image-preview:large, max-video-preview:-1\" \/>\n<link rel=\"canonical\" href=\"https:\/\/www.geopolitics.fr\/en\/2024\/11\/16\/ambassade-de-france-en-israel-ou-ambassade-disrael-en-israel\/\" \/>\n<meta property=\"og:locale\" content=\"en_GB\" \/>\n<meta property=\"og:type\" content=\"article\" \/>\n<meta property=\"og:title\" content=\"Ambassade de France en Isra\u00ebl ou ambassade d\u2019Isra\u00ebl en Isra\u00ebl\u00a0?\" \/>\n<meta property=\"og:description\" content=\"Le comportement totalement inappropri\u00e9 de l&rsquo;Ambassade d&rsquo;Isra\u00ebl en France L\u2019Ambassade d\u2019Isra\u00ebl en France a rompu avec tous les usages diplomatiques en toute&hellip;\" \/>\n<meta property=\"og:url\" content=\"https:\/\/www.geopolitics.fr\/en\/2024\/11\/16\/ambassade-de-france-en-israel-ou-ambassade-disrael-en-israel\/\" \/>\n<meta property=\"og:site_name\" content=\"Geopolitics.fr\" \/>\n<meta property=\"article:publisher\" content=\"https:\/\/www.facebook.com\/people\/Erwan-Davoux\/61557098968092\/\" \/>\n<meta property=\"article:author\" content=\"Erwan Davoux\" \/>\n<meta property=\"article:published_time\" content=\"2024-11-16T11:41:05+00:00\" \/>\n<meta property=\"article:modified_time\" content=\"2024-11-16T13:23:18+00:00\" \/>\n<meta property=\"og:image\" content=\"https:\/\/www.geopolitics.fr\/wp-content\/uploads\/2024\/11\/cicu-journes-BON.jpg\" \/>\n\t<meta property=\"og:image:width\" content=\"713\" \/>\n\t<meta property=\"og:image:height\" content=\"641\" \/>\n\t<meta property=\"og:image:type\" content=\"image\/jpeg\" \/>\n<meta name=\"author\" content=\"Erwan Davoux\" \/>\n<meta name=\"twitter:card\" content=\"summary_large_image\" \/>\n<meta name=\"twitter:creator\" content=\"@erwandavoux @Geo_politicsfr\" \/>\n<meta name=\"twitter:site\" content=\"@Geopolitics_Fr\" \/>\n<meta name=\"twitter:label1\" content=\"Written by\" \/>\n\t<meta name=\"twitter:data1\" content=\"Erwan Davoux\" \/>\n\t<meta name=\"twitter:label2\" content=\"Estimated reading time\" \/>\n\t<meta name=\"twitter:data2\" content=\"5 minutes\" \/>\n<script type=\"application\/ld+json\" class=\"yoast-schema-graph\">{\"@context\":\"https:\\\/\\\/schema.org\",\"@graph\":[{\"@type\":\"Article\",\"@id\":\"https:\\\/\\\/www.geopolitics.fr\\\/2024\\\/11\\\/16\\\/ambassade-de-france-en-israel-ou-ambassade-disrael-en-israel\\\/#article\",\"isPartOf\":{\"@id\":\"https:\\\/\\\/www.geopolitics.fr\\\/2024\\\/11\\\/16\\\/ambassade-de-france-en-israel-ou-ambassade-disrael-en-israel\\\/\"},\"author\":{\"name\":\"Erwan Davoux\",\"@id\":\"https:\\\/\\\/www.geopolitics.fr\\\/#\\\/schema\\\/person\\\/a487273e91313e368925717400fa1b11\"},\"headline\":\"Ambassade de France en Isra\u00ebl ou ambassade d\u2019Isra\u00ebl en Isra\u00ebl\u00a0?\",\"datePublished\":\"2024-11-16T11:41:05+00:00\",\"dateModified\":\"2024-11-16T13:23:18+00:00\",\"mainEntityOfPage\":{\"@id\":\"https:\\\/\\\/www.geopolitics.fr\\\/2024\\\/11\\\/16\\\/ambassade-de-france-en-israel-ou-ambassade-disrael-en-israel\\\/\"},\"wordCount\":876,\"commentCount\":0,\"publisher\":{\"@id\":\"https:\\\/\\\/www.geopolitics.fr\\\/#organization\"},\"image\":{\"@id\":\"https:\\\/\\\/www.geopolitics.fr\\\/2024\\\/11\\\/16\\\/ambassade-de-france-en-israel-ou-ambassade-disrael-en-israel\\\/#primaryimage\"},\"thumbnailUrl\":\"https:\\\/\\\/www.geopolitics.fr\\\/wp-content\\\/uploads\\\/2024\\\/11\\\/cicu-journes-BON.jpg\",\"keywords\":[\"France\"],\"articleSection\":[\"International\",\"Mis en AVANT\",\"Politique\"],\"inLanguage\":\"en-GB\"},{\"@type\":\"WebPage\",\"@id\":\"https:\\\/\\\/www.geopolitics.fr\\\/2024\\\/11\\\/16\\\/ambassade-de-france-en-israel-ou-ambassade-disrael-en-israel\\\/\",\"url\":\"https:\\\/\\\/www.geopolitics.fr\\\/2024\\\/11\\\/16\\\/ambassade-de-france-en-israel-ou-ambassade-disrael-en-israel\\\/\",\"name\":\"Ambassade de France en Isra\u00ebl ou ambassade d\u2019Isra\u00ebl en Isra\u00ebl\u00a0? | Geopolitics.fr\",\"isPartOf\":{\"@id\":\"https:\\\/\\\/www.geopolitics.fr\\\/#website\"},\"primaryImageOfPage\":{\"@id\":\"https:\\\/\\\/www.geopolitics.fr\\\/2024\\\/11\\\/16\\\/ambassade-de-france-en-israel-ou-ambassade-disrael-en-israel\\\/#primaryimage\"},\"image\":{\"@id\":\"https:\\\/\\\/www.geopolitics.fr\\\/2024\\\/11\\\/16\\\/ambassade-de-france-en-israel-ou-ambassade-disrael-en-israel\\\/#primaryimage\"},\"thumbnailUrl\":\"https:\\\/\\\/www.geopolitics.fr\\\/wp-content\\\/uploads\\\/2024\\\/11\\\/cicu-journes-BON.jpg\",\"datePublished\":\"2024-11-16T11:41:05+00:00\",\"dateModified\":\"2024-11-16T13:23:18+00:00\",\"breadcrumb\":{\"@id\":\"https:\\\/\\\/www.geopolitics.fr\\\/2024\\\/11\\\/16\\\/ambassade-de-france-en-israel-ou-ambassade-disrael-en-israel\\\/#breadcrumb\"},\"inLanguage\":\"en-GB\",\"potentialAction\":[{\"@type\":\"ReadAction\",\"target\":[\"https:\\\/\\\/www.geopolitics.fr\\\/2024\\\/11\\\/16\\\/ambassade-de-france-en-israel-ou-ambassade-disrael-en-israel\\\/\"]}]},{\"@type\":\"ImageObject\",\"inLanguage\":\"en-GB\",\"@id\":\"https:\\\/\\\/www.geopolitics.fr\\\/2024\\\/11\\\/16\\\/ambassade-de-france-en-israel-ou-ambassade-disrael-en-israel\\\/#primaryimage\",\"url\":\"https:\\\/\\\/www.geopolitics.fr\\\/wp-content\\\/uploads\\\/2024\\\/11\\\/cicu-journes-BON.jpg\",\"contentUrl\":\"https:\\\/\\\/www.geopolitics.fr\\\/wp-content\\\/uploads\\\/2024\\\/11\\\/cicu-journes-BON.jpg\",\"width\":713,\"height\":641},{\"@type\":\"BreadcrumbList\",\"@id\":\"https:\\\/\\\/www.geopolitics.fr\\\/2024\\\/11\\\/16\\\/ambassade-de-france-en-israel-ou-ambassade-disrael-en-israel\\\/#breadcrumb\",\"itemListElement\":[{\"@type\":\"ListItem\",\"position\":1,\"name\":\"Accueil\",\"item\":\"https:\\\/\\\/www.geopolitics.fr\\\/\"},{\"@type\":\"ListItem\",\"position\":2,\"name\":\"Ambassade de France en Isra\u00ebl ou ambassade d\u2019Isra\u00ebl en Isra\u00ebl\u00a0?\"}]},{\"@type\":\"WebSite\",\"@id\":\"https:\\\/\\\/www.geopolitics.fr\\\/#website\",\"url\":\"https:\\\/\\\/www.geopolitics.fr\\\/\",\"name\":\"Geopolitics.fr\",\"description\":\"Geopolitics.fr Analyse politique, relations internationales, d\u00e9fense - ligne \u00e9ditoriale gaullo-chiraquienne\",\"publisher\":{\"@id\":\"https:\\\/\\\/www.geopolitics.fr\\\/#organization\"},\"potentialAction\":[{\"@type\":\"SearchAction\",\"target\":{\"@type\":\"EntryPoint\",\"urlTemplate\":\"https:\\\/\\\/www.geopolitics.fr\\\/?s={search_term_string}\"},\"query-input\":{\"@type\":\"PropertyValueSpecification\",\"valueRequired\":true,\"valueName\":\"search_term_string\"}}],\"inLanguage\":\"en-GB\"},{\"@type\":\"Organization\",\"@id\":\"https:\\\/\\\/www.geopolitics.fr\\\/#organization\",\"name\":\"Geopolitics.fr\",\"url\":\"https:\\\/\\\/www.geopolitics.fr\\\/\",\"logo\":{\"@type\":\"ImageObject\",\"inLanguage\":\"en-GB\",\"@id\":\"https:\\\/\\\/www.geopolitics.fr\\\/#\\\/schema\\\/logo\\\/image\\\/\",\"url\":\"https:\\\/\\\/www.geopolitics.fr\\\/wp-content\\\/uploads\\\/2024\\\/01\\\/logo.jpg\",\"contentUrl\":\"https:\\\/\\\/www.geopolitics.fr\\\/wp-content\\\/uploads\\\/2024\\\/01\\\/logo.jpg\",\"width\":500,\"height\":500,\"caption\":\"Geopolitics.fr\"},\"image\":{\"@id\":\"https:\\\/\\\/www.geopolitics.fr\\\/#\\\/schema\\\/logo\\\/image\\\/\"},\"sameAs\":[\"https:\\\/\\\/www.facebook.com\\\/people\\\/Erwan-Davoux\\\/61557098968092\\\/\",\"https:\\\/\\\/x.com\\\/Geopolitics_Fr\"]},{\"@type\":\"Person\",\"@id\":\"https:\\\/\\\/www.geopolitics.fr\\\/#\\\/schema\\\/person\\\/a487273e91313e368925717400fa1b11\",\"name\":\"Erwan Davoux\",\"image\":{\"@type\":\"ImageObject\",\"inLanguage\":\"en-GB\",\"@id\":\"https:\\\/\\\/www.geopolitics.fr\\\/wp-content\\\/uploads\\\/2026\\\/05\\\/moi-96x96.jpg\",\"url\":\"https:\\\/\\\/www.geopolitics.fr\\\/wp-content\\\/uploads\\\/2026\\\/05\\\/moi-96x96.jpg\",\"contentUrl\":\"https:\\\/\\\/www.geopolitics.fr\\\/wp-content\\\/uploads\\\/2026\\\/05\\\/moi-96x96.jpg\",\"caption\":\"Erwan Davoux\"},\"description\":\"Erwan DAVOUX est Pr\u00e9sident de LMD CONSEIL, (conseil strat\u00e9gique, intelligence \u00e9conomique, risque g\u00e9opolitique, influence politique, diplomatie \u00e9conomique). Dipl\u00f4m\u00e9 de l'IEP de Paris et de l'INALCO (d\u00e9partement d'\u00e9tudes arabes), il est directeur de la publication de geopolitics.fr. Ancien fonctionnaire au Minist\u00e8re de l'Int\u00e9rieur et de la D\u00e9fense (DGSE) Ancien charg\u00e9 de Mission \u00e0 la Pr\u00e9sidence de la R\u00e9publique (cellule diplomatique) Conseil de nombreuses personnalit\u00e9s politiques \u00e0 l'International (dont deux anciens Premiers ministres).\",\"sameAs\":[\"Erwan Davoux\",\"@erwandavoux\",\"https:\\\/\\\/www.linkedin.com\\\/in\\\/erwan-davoux-6800b289\\\/\",\"https:\\\/\\\/x.com\\\/@erwandavoux @Geo_politicsfr\"],\"url\":\"https:\\\/\\\/www.geopolitics.fr\\\/en\\\/author\\\/erwan-davoux\\\/\"}]}<\/script>\n<!-- \/ Yoast SEO Premium plugin. -->","yoast_head_json":{"title":"Ambassade de France en Isra\u00ebl ou ambassade d\u2019Isra\u00ebl en Isra\u00ebl\u00a0? | Geopolitics.fr","robots":{"index":"index","follow":"follow","max-snippet":"max-snippet:-1","max-image-preview":"max-image-preview:large","max-video-preview":"max-video-preview:-1"},"canonical":"https:\/\/www.geopolitics.fr\/en\/2024\/11\/16\/ambassade-de-france-en-israel-ou-ambassade-disrael-en-israel\/","og_locale":"en_GB","og_type":"article","og_title":"Ambassade de France en Isra\u00ebl ou ambassade d\u2019Isra\u00ebl en Isra\u00ebl\u00a0?","og_description":"Le comportement totalement inappropri\u00e9 de l&rsquo;Ambassade d&rsquo;Isra\u00ebl en France L\u2019Ambassade d\u2019Isra\u00ebl en France a rompu avec tous les usages diplomatiques en toute&hellip;","og_url":"https:\/\/www.geopolitics.fr\/en\/2024\/11\/16\/ambassade-de-france-en-israel-ou-ambassade-disrael-en-israel\/","og_site_name":"Geopolitics.fr","article_publisher":"https:\/\/www.facebook.com\/people\/Erwan-Davoux\/61557098968092\/","article_author":"Erwan Davoux","article_published_time":"2024-11-16T11:41:05+00:00","article_modified_time":"2024-11-16T13:23:18+00:00","og_image":[{"width":713,"height":641,"url":"https:\/\/www.geopolitics.fr\/wp-content\/uploads\/2024\/11\/cicu-journes-BON.jpg","type":"image\/jpeg"}],"author":"Erwan Davoux","twitter_card":"summary_large_image","twitter_creator":"@erwandavoux @Geo_politicsfr","twitter_site":"@Geopolitics_Fr","twitter_misc":{"Written by":"Erwan Davoux","Estimated reading time":"5 minutes"},"schema":{"@context":"https:\/\/schema.org","@graph":[{"@type":"Article","@id":"https:\/\/www.geopolitics.fr\/2024\/11\/16\/ambassade-de-france-en-israel-ou-ambassade-disrael-en-israel\/#article","isPartOf":{"@id":"https:\/\/www.geopolitics.fr\/2024\/11\/16\/ambassade-de-france-en-israel-ou-ambassade-disrael-en-israel\/"},"author":{"name":"Erwan Davoux","@id":"https:\/\/www.geopolitics.fr\/#\/schema\/person\/a487273e91313e368925717400fa1b11"},"headline":"Ambassade de France en Isra\u00ebl ou ambassade d\u2019Isra\u00ebl en Isra\u00ebl\u00a0?","datePublished":"2024-11-16T11:41:05+00:00","dateModified":"2024-11-16T13:23:18+00:00","mainEntityOfPage":{"@id":"https:\/\/www.geopolitics.fr\/2024\/11\/16\/ambassade-de-france-en-israel-ou-ambassade-disrael-en-israel\/"},"wordCount":876,"commentCount":0,"publisher":{"@id":"https:\/\/www.geopolitics.fr\/#organization"},"image":{"@id":"https:\/\/www.geopolitics.fr\/2024\/11\/16\/ambassade-de-france-en-israel-ou-ambassade-disrael-en-israel\/#primaryimage"},"thumbnailUrl":"https:\/\/www.geopolitics.fr\/wp-content\/uploads\/2024\/11\/cicu-journes-BON.jpg","keywords":["France"],"articleSection":["International","Mis en AVANT","Politique"],"inLanguage":"en-GB"},{"@type":"WebPage","@id":"https:\/\/www.geopolitics.fr\/2024\/11\/16\/ambassade-de-france-en-israel-ou-ambassade-disrael-en-israel\/","url":"https:\/\/www.geopolitics.fr\/2024\/11\/16\/ambassade-de-france-en-israel-ou-ambassade-disrael-en-israel\/","name":"Ambassade de France en Isra\u00ebl ou ambassade d\u2019Isra\u00ebl en Isra\u00ebl\u00a0? | Geopolitics.fr","isPartOf":{"@id":"https:\/\/www.geopolitics.fr\/#website"},"primaryImageOfPage":{"@id":"https:\/\/www.geopolitics.fr\/2024\/11\/16\/ambassade-de-france-en-israel-ou-ambassade-disrael-en-israel\/#primaryimage"},"image":{"@id":"https:\/\/www.geopolitics.fr\/2024\/11\/16\/ambassade-de-france-en-israel-ou-ambassade-disrael-en-israel\/#primaryimage"},"thumbnailUrl":"https:\/\/www.geopolitics.fr\/wp-content\/uploads\/2024\/11\/cicu-journes-BON.jpg","datePublished":"2024-11-16T11:41:05+00:00","dateModified":"2024-11-16T13:23:18+00:00","breadcrumb":{"@id":"https:\/\/www.geopolitics.fr\/2024\/11\/16\/ambassade-de-france-en-israel-ou-ambassade-disrael-en-israel\/#breadcrumb"},"inLanguage":"en-GB","potentialAction":[{"@type":"ReadAction","target":["https:\/\/www.geopolitics.fr\/2024\/11\/16\/ambassade-de-france-en-israel-ou-ambassade-disrael-en-israel\/"]}]},{"@type":"ImageObject","inLanguage":"en-GB","@id":"https:\/\/www.geopolitics.fr\/2024\/11\/16\/ambassade-de-france-en-israel-ou-ambassade-disrael-en-israel\/#primaryimage","url":"https:\/\/www.geopolitics.fr\/wp-content\/uploads\/2024\/11\/cicu-journes-BON.jpg","contentUrl":"https:\/\/www.geopolitics.fr\/wp-content\/uploads\/2024\/11\/cicu-journes-BON.jpg","width":713,"height":641},{"@type":"BreadcrumbList","@id":"https:\/\/www.geopolitics.fr\/2024\/11\/16\/ambassade-de-france-en-israel-ou-ambassade-disrael-en-israel\/#breadcrumb","itemListElement":[{"@type":"ListItem","position":1,"name":"Accueil","item":"https:\/\/www.geopolitics.fr\/"},{"@type":"ListItem","position":2,"name":"Ambassade de France en Isra\u00ebl ou ambassade d\u2019Isra\u00ebl en Isra\u00ebl\u00a0?"}]},{"@type":"WebSite","@id":"https:\/\/www.geopolitics.fr\/#website","url":"https:\/\/www.geopolitics.fr\/","name":"Geopolitics.fr","description":"Geopolitics.fr Analyse politique, relations internationales, d\u00e9fense - ligne \u00e9ditoriale gaullo-chiraquienne","publisher":{"@id":"https:\/\/www.geopolitics.fr\/#organization"},"potentialAction":[{"@type":"SearchAction","target":{"@type":"EntryPoint","urlTemplate":"https:\/\/www.geopolitics.fr\/?s={search_term_string}"},"query-input":{"@type":"PropertyValueSpecification","valueRequired":true,"valueName":"search_term_string"}}],"inLanguage":"en-GB"},{"@type":"Organization","@id":"https:\/\/www.geopolitics.fr\/#organization","name":"Geopolitics.fr","url":"https:\/\/www.geopolitics.fr\/","logo":{"@type":"ImageObject","inLanguage":"en-GB","@id":"https:\/\/www.geopolitics.fr\/#\/schema\/logo\/image\/","url":"https:\/\/www.geopolitics.fr\/wp-content\/uploads\/2024\/01\/logo.jpg","contentUrl":"https:\/\/www.geopolitics.fr\/wp-content\/uploads\/2024\/01\/logo.jpg","width":500,"height":500,"caption":"Geopolitics.fr"},"image":{"@id":"https:\/\/www.geopolitics.fr\/#\/schema\/logo\/image\/"},"sameAs":["https:\/\/www.facebook.com\/people\/Erwan-Davoux\/61557098968092\/","https:\/\/x.com\/Geopolitics_Fr"]},{"@type":"Person","@id":"https:\/\/www.geopolitics.fr\/#\/schema\/person\/a487273e91313e368925717400fa1b11","name":"Erwan Davoux","image":{"@type":"ImageObject","inLanguage":"en-GB","@id":"https:\/\/www.geopolitics.fr\/wp-content\/uploads\/2026\/05\/moi-96x96.jpg","url":"https:\/\/www.geopolitics.fr\/wp-content\/uploads\/2026\/05\/moi-96x96.jpg","contentUrl":"https:\/\/www.geopolitics.fr\/wp-content\/uploads\/2026\/05\/moi-96x96.jpg","caption":"Erwan Davoux"},"description":"Erwan DAVOUX est Pr\u00e9sident de LMD CONSEIL, (conseil strat\u00e9gique, intelligence \u00e9conomique, risque g\u00e9opolitique, influence politique, diplomatie \u00e9conomique). Dipl\u00f4m\u00e9 de l'IEP de Paris et de l'INALCO (d\u00e9partement d'\u00e9tudes arabes), il est directeur de la publication de geopolitics.fr. Ancien fonctionnaire au Minist\u00e8re de l'Int\u00e9rieur et de la D\u00e9fense (DGSE) Ancien charg\u00e9 de Mission \u00e0 la Pr\u00e9sidence de la R\u00e9publique (cellule diplomatique) Conseil de nombreuses personnalit\u00e9s politiques \u00e0 l'International (dont deux anciens Premiers ministres).","sameAs":["Erwan Davoux","@erwandavoux","https:\/\/www.linkedin.com\/in\/erwan-davoux-6800b289\/","https:\/\/x.com\/@erwandavoux @Geo_politicsfr"],"url":"https:\/\/www.geopolitics.fr\/en\/author\/erwan-davoux\/"}]}},"_links":{"self":[{"href":"https:\/\/www.geopolitics.fr\/en\/wp-json\/wp\/v2\/posts\/3111","targetHints":{"allow":["GET"]}}],"collection":[{"href":"https:\/\/www.geopolitics.fr\/en\/wp-json\/wp\/v2\/posts"}],"about":[{"href":"https:\/\/www.geopolitics.fr\/en\/wp-json\/wp\/v2\/types\/post"}],"author":[{"embeddable":true,"href":"https:\/\/www.geopolitics.fr\/en\/wp-json\/wp\/v2\/users\/16"}],"replies":[{"embeddable":true,"href":"https:\/\/www.geopolitics.fr\/en\/wp-json\/wp\/v2\/comments?post=3111"}],"version-history":[{"count":0,"href":"https:\/\/www.geopolitics.fr\/en\/wp-json\/wp\/v2\/posts\/3111\/revisions"}],"wp:featuredmedia":[{"embeddable":true,"href":"https:\/\/www.geopolitics.fr\/en\/wp-json\/wp\/v2\/media\/3117"}],"wp:attachment":[{"href":"https:\/\/www.geopolitics.fr\/en\/wp-json\/wp\/v2\/media?parent=3111"}],"wp:term":[{"taxonomy":"category","embeddable":true,"href":"https:\/\/www.geopolitics.fr\/en\/wp-json\/wp\/v2\/categories?post=3111"},{"taxonomy":"post_tag","embeddable":true,"href":"https:\/\/www.geopolitics.fr\/en\/wp-json\/wp\/v2\/tags?post=3111"}],"curies":[{"name":"wp","href":"https:\/\/api.w.org\/{rel}","templated":true}]}}