{"id":3094,"date":"2024-11-15T09:30:50","date_gmt":"2024-11-15T08:30:50","guid":{"rendered":"https:\/\/www.geopolitics.fr\/?p=3094"},"modified":"2024-11-15T10:08:44","modified_gmt":"2024-11-15T09:08:44","slug":"a-chaud-la-turquie-annonce-officiellement-la-rupture-de-ses-relations-diplomatiques-avec-israel","status":"publish","type":"post","link":"https:\/\/www.geopolitics.fr\/en\/2024\/11\/15\/a-chaud-la-turquie-annonce-officiellement-la-rupture-de-ses-relations-diplomatiques-avec-israel\/","title":{"rendered":"[A chaud] La Turquie annonce officiellement la rupture de ses relations diplomatiques avec Isra\u00ebl"},"content":{"rendered":"<p class=\"has-medium-font-size wp-block-paragraph\"><strong> <\/strong><em>Le pr\u00e9sident turc Recep Tayyip Erdogan a d\u00e9clar\u00e9 ce mercredi que son pays avait rompu ses relations commerciales et diplomatiques avec Isra\u00ebl et qu\u2019il soutiendrait la Palestine jusqu\u2019au bout, selon l\u2019agence de presse Anadolu.<\/em><\/p>\n\n\n\n<p class=\"has-medium-font-size wp-block-paragraph\">Ces d\u00e9clarations prononc\u00e9s par le ra\u00efs d\u2019Ankara, sont devenues officielles lors d\u2019une conf\u00e9rence de presse \u00e0 son retour d\u2019Arabie Saoudite durant lequel ce dernier participait au sommet exceptionnel de l\u2019Organisation de la coop\u00e9ration islamique et de la Ligue arabe.<\/p>\n\n\n\n<p class=\"has-medium-font-size wp-block-paragraph\">Soulignant la n\u00e9cessit\u00e9 d\u2019annoncer un cessez-le-feu imm\u00e9diat et sans conditions du conflit, puis l\u2019urgence d\u2019assurer une aide humanitaire continue et r\u00e9guli\u00e8re aux personnes <em>dans le besoin<\/em> tant \u00e0 Gaza qu\u2019au sud Liban.<\/p>\n\n\n\n<h2 class=\"wp-block-heading\" id=\"h-maintenir-la-pression-coute-que-coute\"><strong>Maintenir la pression co\u00fbte que co\u00fbte<\/strong><\/h2>\n\n\n\n<p class=\"has-medium-font-size wp-block-paragraph\">Tout en insistant sur le fait qu\u2019Ankara s\u2019effor\u00e7ait de maintenir et accentuera une pression constante sur Isra\u00ebl, la Turquie agira dans le <em>cadre du droit international<\/em>.<\/p>\n\n\n\n<p class=\"has-medium-font-size wp-block-paragraph\">Puis de rappeler que la Turquie occupait la premi\u00e8re place en termes d\u2019aide humanitaire envoy\u00e9e aux Palestiniens dans la bande de Gaza.<\/p>\n\n\n\n<p class=\"has-medium-font-size wp-block-paragraph\">Plus politiquement, le pr\u00e9sident turc a \u00e9galement insist\u00e9 sur le fait que 52 pays et deux organisations internationales avaient apport\u00e9 leur soutien \u00e0 l\u2019initiative lanc\u00e9e par la Turquie aux Nations Unies, afin d\u2019emp\u00eacher l\u2019approvisionnement de l\u2019Etat H\u00e9breu en armes ainsi qu\u2019en munitions.<\/p>\n\n\n\n<p class=\"has-medium-font-size wp-block-paragraph\">\u00ab\u00a0<em>Les restrictions commerciales et l\u2019embargo contre Isra\u00ebl sont une autre forme de lutte, et il est important de mener une diplomatie active qui puisse encercler Isra\u00ebl dans tous les domaines afin d\u2019augmenter la pression diplomatique sur elle<\/em>.\u00a0\u00bb A-t-il martel\u00e9, puis d\u2019ajouter&nbsp;: \u00ab\u00a0<em>Nous traversons une grande \u00e9preuve pour l\u2019humanit\u00e9 que nous pouvons surmonter si nous faisons partie de l\u2019alliance humanitaire. Sinon, l\u2019histoire jugera ceux qui soutiennent Isra\u00ebl et restent silencieux face \u00e0 l\u2019injustice<\/em>.\u00a0\u00bb Fermez le banc.<\/p>\n\n\n\n<p class=\"has-medium-font-size wp-block-paragraph\">Au passage et plut\u00f4t \u00e0 destination de ses opposants int\u00e9rieurs, Recep Tayyip Erdogan a \u00e9galement d\u00e9menti les rumeurs selon lesquelles la Turquie continuerait plus discr\u00e8tement son commerce avec Tel-Aviv, tout en insistant sur le fait que ces all\u00e9gations \u00ab&nbsp;<em>visaient \u00e0 affaiblir le gouvernement actuel en Turquie&nbsp;<\/em>\u00bb.<\/p>\n\n\n\n<h2 class=\"wp-block-heading\" id=\"h-une-rupture-des-relations-commerciales\"><strong>Une rupture des relations commerciales<\/strong><\/h2>\n\n\n\n<p class=\"has-medium-font-size wp-block-paragraph\">Le chef du Bosphore a \u00e9galement rappel\u00e9, sans aucune comparaison bien que cette fois il semble que le message soit \u00e0 l\u2019adresse de la communaut\u00e9 internationale, que la Turquie avait \u00ab&nbsp;<em>apport\u00e9 la r\u00e9action la plus forte au monde face aux injustices perp\u00e9tr\u00e9es par Isra\u00ebl et avait pris des mesures concr\u00e8tes, notamment en suspendant toutes les transactions commerciales avec elle<\/em>&nbsp;\u00bb. En effet, cette premi\u00e8re rupture en mai dernier, avait marqu\u00e9 le d\u00e9but d\u2019un bras de fer entre les deux Etats.<\/p>\n\n\n\n<p class=\"has-medium-font-size wp-block-paragraph\">Puis \u00e0 la mani\u00e8re du kalif, de maintenir fermement : \u00ab\u00a0<em>Nous avons rompu le commerce et les relations avec Isra\u00ebl et nous soutiendrons la Palestine jusqu\u2019\u00e0 la fin<\/em>.\u00a0\u00bb Soulignant en outre que \u00ab\u00a0l\u2019Alliance populaire\u00a0\u00bb (coalition gouvernementale turque r\u00e9unissant les partis de la justice et du d\u00e9veloppement et le mouvement nationaliste) \u00e9tait r\u00e9solue \u00e0 couper les relations avec Isra\u00ebl, et que la Turquie maintiendrait cette position dans les \u00e9tapes \u00e0 venir. Mais de quelles \u00e9tapes \u00e0 venir&nbsp;? A cette question pourtant plus que s\u00e9rieuse, r\u00e9ponse laconique&nbsp;: \u00ab\u00a0<em>Nous tiendrons pour responsables le tyran nomm\u00e9 Netanyahou et sa bande devant la loi pour leurs actions<\/em>.\u00a0\u00bb<\/p>\n\n\n\n<h2 class=\"wp-block-heading\" id=\"h-dementi-categorique-par-voie-de-communique-officiel\"><strong>D\u00e9menti cat\u00e9gorique par voie de communiqu\u00e9 officiel<\/strong><\/h2>\n\n\n\n<p class=\"has-medium-font-size wp-block-paragraph\">D\u00e9j\u00e0 et d\u00e8s lundi, dans un communiqu\u00e9 \u00e9manant du Centre de lutte contre la d\u00e9sinformation, rattach\u00e9 \u00e0 la pr\u00e9sidence turque des communications, le gouvernement de Recep Tayyip Erdogan pr\u00e9cisait que toutes les all\u00e9gations affirmant la poursuite du commerce entre la Turquie et Isra\u00ebl \u00e9taient fausses, indiquant qu\u2019elle avait enti\u00e8rement suspendu toutes ses exportations et importations avec l\u2019Etat H\u00e9breu depuis le 2 mai 2024.<\/p>","protected":false},"excerpt":{"rendered":"<p>Le pr\u00e9sident turc Recep Tayyip Erdogan a d\u00e9clar\u00e9 ce mercredi que son pays avait rompu ses relations commerciales et diplomatiques avec Isra\u00ebl&hellip;<\/p>","protected":false},"author":93,"featured_media":3095,"comment_status":"open","ping_status":"open","sticky":false,"template":"","format":"standard","meta":{"_lmt_disableupdate":"","_lmt_disable":"","footnotes":""},"categories":[5,4,43],"tags":[],"class_list":["post-3094","post","type-post","status-publish","format-standard","has-post-thumbnail","hentry","category-international","category-mis-en-avant","category-top-secret"],"yoast_head":"<!-- This site is optimized with the Yoast SEO Premium plugin v28.1 (Yoast SEO v28.1) - https:\/\/yoast.com\/product\/yoast-seo-premium-wordpress\/ -->\n<title>[A chaud] La Turquie annonce officiellement la rupture de ses relations diplomatiques avec Isra\u00ebl | Geopolitics.fr<\/title>\n<meta name=\"description\" content=\"Rupture des relations diplomatiques en la Turquie et Isra\u00ebl. Gaza isole sans cesse Isra\u00ebl sur la sc\u00e8ne internationale\" \/>\n<meta name=\"robots\" content=\"index, follow, max-snippet:-1, max-image-preview:large, max-video-preview:-1\" \/>\n<link rel=\"canonical\" href=\"https:\/\/www.geopolitics.fr\/en\/2024\/11\/15\/a-chaud-la-turquie-annonce-officiellement-la-rupture-de-ses-relations-diplomatiques-avec-israel\/\" \/>\n<meta property=\"og:locale\" content=\"en_GB\" \/>\n<meta property=\"og:type\" content=\"article\" \/>\n<meta property=\"og:title\" content=\"[A chaud] La Turquie annonce officiellement la rupture de ses relations diplomatiques avec Isra\u00ebl\" \/>\n<meta property=\"og:description\" content=\"Rupture des relations diplomatiques en la Turquie et Isra\u00ebl. Gaza isole sans cesse Isra\u00ebl sur la sc\u00e8ne internationale\" \/>\n<meta property=\"og:url\" content=\"https:\/\/www.geopolitics.fr\/en\/2024\/11\/15\/a-chaud-la-turquie-annonce-officiellement-la-rupture-de-ses-relations-diplomatiques-avec-israel\/\" \/>\n<meta property=\"og:site_name\" content=\"Geopolitics.fr\" \/>\n<meta property=\"article:publisher\" content=\"https:\/\/www.facebook.com\/people\/Erwan-Davoux\/61557098968092\/\" \/>\n<meta property=\"article:author\" content=\"https:\/\/www.facebook.com\/odelagarde\" \/>\n<meta property=\"article:published_time\" content=\"2024-11-15T08:30:50+00:00\" \/>\n<meta property=\"article:modified_time\" content=\"2024-11-15T09:08:44+00:00\" \/>\n<meta property=\"og:image\" content=\"https:\/\/www.geopolitics.fr\/wp-content\/uploads\/2024\/11\/ErdoDO.jpeg\" \/>\n\t<meta property=\"og:image:width\" content=\"1200\" \/>\n\t<meta property=\"og:image:height\" content=\"675\" \/>\n\t<meta property=\"og:image:type\" content=\"image\/jpeg\" \/>\n<meta name=\"author\" content=\"Olivier DELAGARDE\" \/>\n<meta name=\"twitter:card\" content=\"summary_large_image\" \/>\n<meta name=\"twitter:creator\" content=\"@Geopolitics_Fr\" \/>\n<meta name=\"twitter:site\" content=\"@Geopolitics_Fr\" \/>\n<meta name=\"twitter:label1\" content=\"Written by\" \/>\n\t<meta name=\"twitter:data1\" content=\"Olivier DELAGARDE\" \/>\n\t<meta name=\"twitter:label2\" content=\"Estimated reading time\" \/>\n\t<meta name=\"twitter:data2\" content=\"4 minutes\" \/>\n<script type=\"application\/ld+json\" class=\"yoast-schema-graph\">{\"@context\":\"https:\\\/\\\/schema.org\",\"@graph\":[{\"@type\":\"Article\",\"@id\":\"https:\\\/\\\/www.geopolitics.fr\\\/2024\\\/11\\\/15\\\/a-chaud-la-turquie-annonce-officiellement-la-rupture-de-ses-relations-diplomatiques-avec-israel\\\/#article\",\"isPartOf\":{\"@id\":\"https:\\\/\\\/www.geopolitics.fr\\\/2024\\\/11\\\/15\\\/a-chaud-la-turquie-annonce-officiellement-la-rupture-de-ses-relations-diplomatiques-avec-israel\\\/\"},\"author\":{\"name\":\"Olivier DELAGARDE\",\"@id\":\"https:\\\/\\\/www.geopolitics.fr\\\/#\\\/schema\\\/person\\\/9b98d78234af63d6ad71199d66115350\"},\"headline\":\"[A chaud] La Turquie annonce officiellement la rupture de ses relations diplomatiques avec Isra\u00ebl\",\"datePublished\":\"2024-11-15T08:30:50+00:00\",\"dateModified\":\"2024-11-15T09:08:44+00:00\",\"mainEntityOfPage\":{\"@id\":\"https:\\\/\\\/www.geopolitics.fr\\\/2024\\\/11\\\/15\\\/a-chaud-la-turquie-annonce-officiellement-la-rupture-de-ses-relations-diplomatiques-avec-israel\\\/\"},\"wordCount\":671,\"commentCount\":0,\"publisher\":{\"@id\":\"https:\\\/\\\/www.geopolitics.fr\\\/#organization\"},\"image\":{\"@id\":\"https:\\\/\\\/www.geopolitics.fr\\\/2024\\\/11\\\/15\\\/a-chaud-la-turquie-annonce-officiellement-la-rupture-de-ses-relations-diplomatiques-avec-israel\\\/#primaryimage\"},\"thumbnailUrl\":\"https:\\\/\\\/www.geopolitics.fr\\\/wp-content\\\/uploads\\\/2024\\\/11\\\/ErdoDO.jpeg\",\"articleSection\":[\"International\",\"Mis en AVANT\",\"Top secret\"],\"inLanguage\":\"en-GB\"},{\"@type\":\"WebPage\",\"@id\":\"https:\\\/\\\/www.geopolitics.fr\\\/2024\\\/11\\\/15\\\/a-chaud-la-turquie-annonce-officiellement-la-rupture-de-ses-relations-diplomatiques-avec-israel\\\/\",\"url\":\"https:\\\/\\\/www.geopolitics.fr\\\/2024\\\/11\\\/15\\\/a-chaud-la-turquie-annonce-officiellement-la-rupture-de-ses-relations-diplomatiques-avec-israel\\\/\",\"name\":\"[A chaud] La Turquie annonce officiellement la rupture de ses relations diplomatiques avec Isra\u00ebl | Geopolitics.fr\",\"isPartOf\":{\"@id\":\"https:\\\/\\\/www.geopolitics.fr\\\/#website\"},\"primaryImageOfPage\":{\"@id\":\"https:\\\/\\\/www.geopolitics.fr\\\/2024\\\/11\\\/15\\\/a-chaud-la-turquie-annonce-officiellement-la-rupture-de-ses-relations-diplomatiques-avec-israel\\\/#primaryimage\"},\"image\":{\"@id\":\"https:\\\/\\\/www.geopolitics.fr\\\/2024\\\/11\\\/15\\\/a-chaud-la-turquie-annonce-officiellement-la-rupture-de-ses-relations-diplomatiques-avec-israel\\\/#primaryimage\"},\"thumbnailUrl\":\"https:\\\/\\\/www.geopolitics.fr\\\/wp-content\\\/uploads\\\/2024\\\/11\\\/ErdoDO.jpeg\",\"datePublished\":\"2024-11-15T08:30:50+00:00\",\"dateModified\":\"2024-11-15T09:08:44+00:00\",\"description\":\"Rupture des relations diplomatiques en la Turquie et Isra\u00ebl. Gaza isole sans cesse Isra\u00ebl sur la sc\u00e8ne internationale\",\"breadcrumb\":{\"@id\":\"https:\\\/\\\/www.geopolitics.fr\\\/2024\\\/11\\\/15\\\/a-chaud-la-turquie-annonce-officiellement-la-rupture-de-ses-relations-diplomatiques-avec-israel\\\/#breadcrumb\"},\"inLanguage\":\"en-GB\",\"potentialAction\":[{\"@type\":\"ReadAction\",\"target\":[\"https:\\\/\\\/www.geopolitics.fr\\\/2024\\\/11\\\/15\\\/a-chaud-la-turquie-annonce-officiellement-la-rupture-de-ses-relations-diplomatiques-avec-israel\\\/\"]}]},{\"@type\":\"ImageObject\",\"inLanguage\":\"en-GB\",\"@id\":\"https:\\\/\\\/www.geopolitics.fr\\\/2024\\\/11\\\/15\\\/a-chaud-la-turquie-annonce-officiellement-la-rupture-de-ses-relations-diplomatiques-avec-israel\\\/#primaryimage\",\"url\":\"https:\\\/\\\/www.geopolitics.fr\\\/wp-content\\\/uploads\\\/2024\\\/11\\\/ErdoDO.jpeg\",\"contentUrl\":\"https:\\\/\\\/www.geopolitics.fr\\\/wp-content\\\/uploads\\\/2024\\\/11\\\/ErdoDO.jpeg\",\"width\":1200,\"height\":675},{\"@type\":\"BreadcrumbList\",\"@id\":\"https:\\\/\\\/www.geopolitics.fr\\\/2024\\\/11\\\/15\\\/a-chaud-la-turquie-annonce-officiellement-la-rupture-de-ses-relations-diplomatiques-avec-israel\\\/#breadcrumb\",\"itemListElement\":[{\"@type\":\"ListItem\",\"position\":1,\"name\":\"Accueil\",\"item\":\"https:\\\/\\\/www.geopolitics.fr\\\/\"},{\"@type\":\"ListItem\",\"position\":2,\"name\":\"[A chaud] La Turquie annonce officiellement la rupture de ses relations diplomatiques avec Isra\u00ebl\"}]},{\"@type\":\"WebSite\",\"@id\":\"https:\\\/\\\/www.geopolitics.fr\\\/#website\",\"url\":\"https:\\\/\\\/www.geopolitics.fr\\\/\",\"name\":\"Geopolitics.fr\",\"description\":\"Geopolitics.fr Analyse politique, relations internationales, d\u00e9fense - ligne \u00e9ditoriale gaullo-chiraquienne\",\"publisher\":{\"@id\":\"https:\\\/\\\/www.geopolitics.fr\\\/#organization\"},\"potentialAction\":[{\"@type\":\"SearchAction\",\"target\":{\"@type\":\"EntryPoint\",\"urlTemplate\":\"https:\\\/\\\/www.geopolitics.fr\\\/?s={search_term_string}\"},\"query-input\":{\"@type\":\"PropertyValueSpecification\",\"valueRequired\":true,\"valueName\":\"search_term_string\"}}],\"inLanguage\":\"en-GB\"},{\"@type\":\"Organization\",\"@id\":\"https:\\\/\\\/www.geopolitics.fr\\\/#organization\",\"name\":\"Geopolitics.fr\",\"url\":\"https:\\\/\\\/www.geopolitics.fr\\\/\",\"logo\":{\"@type\":\"ImageObject\",\"inLanguage\":\"en-GB\",\"@id\":\"https:\\\/\\\/www.geopolitics.fr\\\/#\\\/schema\\\/logo\\\/image\\\/\",\"url\":\"https:\\\/\\\/www.geopolitics.fr\\\/wp-content\\\/uploads\\\/2024\\\/01\\\/logo.jpg\",\"contentUrl\":\"https:\\\/\\\/www.geopolitics.fr\\\/wp-content\\\/uploads\\\/2024\\\/01\\\/logo.jpg\",\"width\":500,\"height\":500,\"caption\":\"Geopolitics.fr\"},\"image\":{\"@id\":\"https:\\\/\\\/www.geopolitics.fr\\\/#\\\/schema\\\/logo\\\/image\\\/\"},\"sameAs\":[\"https:\\\/\\\/www.facebook.com\\\/people\\\/Erwan-Davoux\\\/61557098968092\\\/\",\"https:\\\/\\\/x.com\\\/Geopolitics_Fr\"]},{\"@type\":\"Person\",\"@id\":\"https:\\\/\\\/www.geopolitics.fr\\\/#\\\/schema\\\/person\\\/9b98d78234af63d6ad71199d66115350\",\"name\":\"Olivier DELAGARDE\",\"image\":{\"@type\":\"ImageObject\",\"inLanguage\":\"en-GB\",\"@id\":\"https:\\\/\\\/secure.gravatar.com\\\/avatar\\\/2c50afbd303b51697d9591857ee182bf3ead572fa530da00bb0278cf506c3a97?s=96&d=mm&r=g\",\"url\":\"https:\\\/\\\/secure.gravatar.com\\\/avatar\\\/2c50afbd303b51697d9591857ee182bf3ead572fa530da00bb0278cf506c3a97?s=96&d=mm&r=g\",\"contentUrl\":\"https:\\\/\\\/secure.gravatar.com\\\/avatar\\\/2c50afbd303b51697d9591857ee182bf3ead572fa530da00bb0278cf506c3a97?s=96&d=mm&r=g\",\"caption\":\"Olivier DELAGARDE\"},\"description\":\"Journaliste depuis plus de 20 ans, accr\u00e9dit\u00e9 aupr\u00e8s de l'Organisation des Nations Unies, de la Ligue des Etats Arabes, titulaire de la Carte d'Identit\u00e9 des Journalistes Professionnels en France et de la F\u00e9d\u00e9ration Internationale des Journalistes, Olivier a occup\u00e9 le poste de Grand reporter correspondant permanent en \u00c9gypte pour des m\u00e9dias de renomm\u00e9e mondiale tels que TV5 MONDE, le GROUPE M6, le GROUPE TF1 ou encore l\u2019AFP. Durant plus de dix ann\u00e9es, il a produit de nombreux reportages sur la politique internationale en Afrique de l'Est, tout en couvrant les principaux conflits au Proche et Moyen-Orient. En tant que Chef de bureau Proche-Orient pour TV5 MONDE, il \u00e9tait responsable de la production de reportages, des relations institutionnelles et de la repr\u00e9sentation de la cha\u00eene, tout en \u00e9crivant pour plusieurs m\u00e9dias europ\u00e9ens et internationaux.\",\"sameAs\":[\"https:\\\/\\\/www.facebook.com\\\/odelagarde\",\"https:\\\/\\\/www.linkedin.com\\\/in\\\/olivier-delagarde-816b17270\\\/\"],\"url\":\"https:\\\/\\\/www.geopolitics.fr\\\/en\\\/author\\\/odelagarde\\\/\"}]}<\/script>\n<!-- \/ Yoast SEO Premium plugin. -->","yoast_head_json":{"title":"[A chaud] La Turquie annonce officiellement la rupture de ses relations diplomatiques avec Isra\u00ebl | Geopolitics.fr","description":"Rupture des relations diplomatiques en la Turquie et Isra\u00ebl. Gaza isole sans cesse Isra\u00ebl sur la sc\u00e8ne internationale","robots":{"index":"index","follow":"follow","max-snippet":"max-snippet:-1","max-image-preview":"max-image-preview:large","max-video-preview":"max-video-preview:-1"},"canonical":"https:\/\/www.geopolitics.fr\/en\/2024\/11\/15\/a-chaud-la-turquie-annonce-officiellement-la-rupture-de-ses-relations-diplomatiques-avec-israel\/","og_locale":"en_GB","og_type":"article","og_title":"[A chaud] La Turquie annonce officiellement la rupture de ses relations diplomatiques avec Isra\u00ebl","og_description":"Rupture des relations diplomatiques en la Turquie et Isra\u00ebl. Gaza isole sans cesse Isra\u00ebl sur la sc\u00e8ne internationale","og_url":"https:\/\/www.geopolitics.fr\/en\/2024\/11\/15\/a-chaud-la-turquie-annonce-officiellement-la-rupture-de-ses-relations-diplomatiques-avec-israel\/","og_site_name":"Geopolitics.fr","article_publisher":"https:\/\/www.facebook.com\/people\/Erwan-Davoux\/61557098968092\/","article_author":"https:\/\/www.facebook.com\/odelagarde","article_published_time":"2024-11-15T08:30:50+00:00","article_modified_time":"2024-11-15T09:08:44+00:00","og_image":[{"width":1200,"height":675,"url":"https:\/\/www.geopolitics.fr\/wp-content\/uploads\/2024\/11\/ErdoDO.jpeg","type":"image\/jpeg"}],"author":"Olivier DELAGARDE","twitter_card":"summary_large_image","twitter_creator":"@Geopolitics_Fr","twitter_site":"@Geopolitics_Fr","twitter_misc":{"Written by":"Olivier DELAGARDE","Estimated reading time":"4 minutes"},"schema":{"@context":"https:\/\/schema.org","@graph":[{"@type":"Article","@id":"https:\/\/www.geopolitics.fr\/2024\/11\/15\/a-chaud-la-turquie-annonce-officiellement-la-rupture-de-ses-relations-diplomatiques-avec-israel\/#article","isPartOf":{"@id":"https:\/\/www.geopolitics.fr\/2024\/11\/15\/a-chaud-la-turquie-annonce-officiellement-la-rupture-de-ses-relations-diplomatiques-avec-israel\/"},"author":{"name":"Olivier DELAGARDE","@id":"https:\/\/www.geopolitics.fr\/#\/schema\/person\/9b98d78234af63d6ad71199d66115350"},"headline":"[A chaud] La Turquie annonce officiellement la rupture de ses relations diplomatiques avec Isra\u00ebl","datePublished":"2024-11-15T08:30:50+00:00","dateModified":"2024-11-15T09:08:44+00:00","mainEntityOfPage":{"@id":"https:\/\/www.geopolitics.fr\/2024\/11\/15\/a-chaud-la-turquie-annonce-officiellement-la-rupture-de-ses-relations-diplomatiques-avec-israel\/"},"wordCount":671,"commentCount":0,"publisher":{"@id":"https:\/\/www.geopolitics.fr\/#organization"},"image":{"@id":"https:\/\/www.geopolitics.fr\/2024\/11\/15\/a-chaud-la-turquie-annonce-officiellement-la-rupture-de-ses-relations-diplomatiques-avec-israel\/#primaryimage"},"thumbnailUrl":"https:\/\/www.geopolitics.fr\/wp-content\/uploads\/2024\/11\/ErdoDO.jpeg","articleSection":["International","Mis en AVANT","Top secret"],"inLanguage":"en-GB"},{"@type":"WebPage","@id":"https:\/\/www.geopolitics.fr\/2024\/11\/15\/a-chaud-la-turquie-annonce-officiellement-la-rupture-de-ses-relations-diplomatiques-avec-israel\/","url":"https:\/\/www.geopolitics.fr\/2024\/11\/15\/a-chaud-la-turquie-annonce-officiellement-la-rupture-de-ses-relations-diplomatiques-avec-israel\/","name":"[A chaud] La Turquie annonce officiellement la rupture de ses relations diplomatiques avec Isra\u00ebl | Geopolitics.fr","isPartOf":{"@id":"https:\/\/www.geopolitics.fr\/#website"},"primaryImageOfPage":{"@id":"https:\/\/www.geopolitics.fr\/2024\/11\/15\/a-chaud-la-turquie-annonce-officiellement-la-rupture-de-ses-relations-diplomatiques-avec-israel\/#primaryimage"},"image":{"@id":"https:\/\/www.geopolitics.fr\/2024\/11\/15\/a-chaud-la-turquie-annonce-officiellement-la-rupture-de-ses-relations-diplomatiques-avec-israel\/#primaryimage"},"thumbnailUrl":"https:\/\/www.geopolitics.fr\/wp-content\/uploads\/2024\/11\/ErdoDO.jpeg","datePublished":"2024-11-15T08:30:50+00:00","dateModified":"2024-11-15T09:08:44+00:00","description":"Rupture des relations diplomatiques en la Turquie et Isra\u00ebl. Gaza isole sans cesse Isra\u00ebl sur la sc\u00e8ne internationale","breadcrumb":{"@id":"https:\/\/www.geopolitics.fr\/2024\/11\/15\/a-chaud-la-turquie-annonce-officiellement-la-rupture-de-ses-relations-diplomatiques-avec-israel\/#breadcrumb"},"inLanguage":"en-GB","potentialAction":[{"@type":"ReadAction","target":["https:\/\/www.geopolitics.fr\/2024\/11\/15\/a-chaud-la-turquie-annonce-officiellement-la-rupture-de-ses-relations-diplomatiques-avec-israel\/"]}]},{"@type":"ImageObject","inLanguage":"en-GB","@id":"https:\/\/www.geopolitics.fr\/2024\/11\/15\/a-chaud-la-turquie-annonce-officiellement-la-rupture-de-ses-relations-diplomatiques-avec-israel\/#primaryimage","url":"https:\/\/www.geopolitics.fr\/wp-content\/uploads\/2024\/11\/ErdoDO.jpeg","contentUrl":"https:\/\/www.geopolitics.fr\/wp-content\/uploads\/2024\/11\/ErdoDO.jpeg","width":1200,"height":675},{"@type":"BreadcrumbList","@id":"https:\/\/www.geopolitics.fr\/2024\/11\/15\/a-chaud-la-turquie-annonce-officiellement-la-rupture-de-ses-relations-diplomatiques-avec-israel\/#breadcrumb","itemListElement":[{"@type":"ListItem","position":1,"name":"Accueil","item":"https:\/\/www.geopolitics.fr\/"},{"@type":"ListItem","position":2,"name":"[A chaud] La Turquie annonce officiellement la rupture de ses relations diplomatiques avec Isra\u00ebl"}]},{"@type":"WebSite","@id":"https:\/\/www.geopolitics.fr\/#website","url":"https:\/\/www.geopolitics.fr\/","name":"Geopolitics.fr","description":"Geopolitics.fr Analyse politique, relations internationales, d\u00e9fense - ligne \u00e9ditoriale gaullo-chiraquienne","publisher":{"@id":"https:\/\/www.geopolitics.fr\/#organization"},"potentialAction":[{"@type":"SearchAction","target":{"@type":"EntryPoint","urlTemplate":"https:\/\/www.geopolitics.fr\/?s={search_term_string}"},"query-input":{"@type":"PropertyValueSpecification","valueRequired":true,"valueName":"search_term_string"}}],"inLanguage":"en-GB"},{"@type":"Organization","@id":"https:\/\/www.geopolitics.fr\/#organization","name":"Geopolitics.fr","url":"https:\/\/www.geopolitics.fr\/","logo":{"@type":"ImageObject","inLanguage":"en-GB","@id":"https:\/\/www.geopolitics.fr\/#\/schema\/logo\/image\/","url":"https:\/\/www.geopolitics.fr\/wp-content\/uploads\/2024\/01\/logo.jpg","contentUrl":"https:\/\/www.geopolitics.fr\/wp-content\/uploads\/2024\/01\/logo.jpg","width":500,"height":500,"caption":"Geopolitics.fr"},"image":{"@id":"https:\/\/www.geopolitics.fr\/#\/schema\/logo\/image\/"},"sameAs":["https:\/\/www.facebook.com\/people\/Erwan-Davoux\/61557098968092\/","https:\/\/x.com\/Geopolitics_Fr"]},{"@type":"Person","@id":"https:\/\/www.geopolitics.fr\/#\/schema\/person\/9b98d78234af63d6ad71199d66115350","name":"Olivier DELAGARDE","image":{"@type":"ImageObject","inLanguage":"en-GB","@id":"https:\/\/secure.gravatar.com\/avatar\/2c50afbd303b51697d9591857ee182bf3ead572fa530da00bb0278cf506c3a97?s=96&d=mm&r=g","url":"https:\/\/secure.gravatar.com\/avatar\/2c50afbd303b51697d9591857ee182bf3ead572fa530da00bb0278cf506c3a97?s=96&d=mm&r=g","contentUrl":"https:\/\/secure.gravatar.com\/avatar\/2c50afbd303b51697d9591857ee182bf3ead572fa530da00bb0278cf506c3a97?s=96&d=mm&r=g","caption":"Olivier DELAGARDE"},"description":"Journaliste depuis plus de 20 ans, accr\u00e9dit\u00e9 aupr\u00e8s de l'Organisation des Nations Unies, de la Ligue des Etats Arabes, titulaire de la Carte d'Identit\u00e9 des Journalistes Professionnels en France et de la F\u00e9d\u00e9ration Internationale des Journalistes, Olivier a occup\u00e9 le poste de Grand reporter correspondant permanent en \u00c9gypte pour des m\u00e9dias de renomm\u00e9e mondiale tels que TV5 MONDE, le GROUPE M6, le GROUPE TF1 ou encore l\u2019AFP. Durant plus de dix ann\u00e9es, il a produit de nombreux reportages sur la politique internationale en Afrique de l'Est, tout en couvrant les principaux conflits au Proche et Moyen-Orient. En tant que Chef de bureau Proche-Orient pour TV5 MONDE, il \u00e9tait responsable de la production de reportages, des relations institutionnelles et de la repr\u00e9sentation de la cha\u00eene, tout en \u00e9crivant pour plusieurs m\u00e9dias europ\u00e9ens et internationaux.","sameAs":["https:\/\/www.facebook.com\/odelagarde","https:\/\/www.linkedin.com\/in\/olivier-delagarde-816b17270\/"],"url":"https:\/\/www.geopolitics.fr\/en\/author\/odelagarde\/"}]}},"_links":{"self":[{"href":"https:\/\/www.geopolitics.fr\/en\/wp-json\/wp\/v2\/posts\/3094","targetHints":{"allow":["GET"]}}],"collection":[{"href":"https:\/\/www.geopolitics.fr\/en\/wp-json\/wp\/v2\/posts"}],"about":[{"href":"https:\/\/www.geopolitics.fr\/en\/wp-json\/wp\/v2\/types\/post"}],"author":[{"embeddable":true,"href":"https:\/\/www.geopolitics.fr\/en\/wp-json\/wp\/v2\/users\/93"}],"replies":[{"embeddable":true,"href":"https:\/\/www.geopolitics.fr\/en\/wp-json\/wp\/v2\/comments?post=3094"}],"version-history":[{"count":0,"href":"https:\/\/www.geopolitics.fr\/en\/wp-json\/wp\/v2\/posts\/3094\/revisions"}],"wp:featuredmedia":[{"embeddable":true,"href":"https:\/\/www.geopolitics.fr\/en\/wp-json\/wp\/v2\/media\/3095"}],"wp:attachment":[{"href":"https:\/\/www.geopolitics.fr\/en\/wp-json\/wp\/v2\/media?parent=3094"}],"wp:term":[{"taxonomy":"category","embeddable":true,"href":"https:\/\/www.geopolitics.fr\/en\/wp-json\/wp\/v2\/categories?post=3094"},{"taxonomy":"post_tag","embeddable":true,"href":"https:\/\/www.geopolitics.fr\/en\/wp-json\/wp\/v2\/tags?post=3094"}],"curies":[{"name":"wp","href":"https:\/\/api.w.org\/{rel}","templated":true}]}}