{"id":3090,"date":"2024-11-15T17:00:00","date_gmt":"2024-11-15T16:00:00","guid":{"rendered":"https:\/\/www.geopolitics.fr\/?p=3090"},"modified":"2024-11-15T09:58:12","modified_gmt":"2024-11-15T08:58:12","slug":"israel-en-perte-de-legitimite-et-de-soutien","status":"publish","type":"post","link":"https:\/\/www.geopolitics.fr\/en\/2024\/11\/15\/israel-en-perte-de-legitimite-et-de-soutien\/","title":{"rendered":"Isra\u00ebl en perte de l\u00e9gitimit\u00e9 et de soutien"},"content":{"rendered":"<p class=\"has-medium-font-size wp-block-paragraph\">Il existe un \u00e9tonnant paradoxe dans ce conflit au Proche Orient ! Si Isra\u00ebl et le Juda\u00efsme en g\u00e9n\u00e9ral sont persuad\u00e9s d\u2019avoir un message \u00e0 apporter au monde, d\u2019\u00eatre une incarnation de la lumi\u00e8re sur les t\u00e9n\u00e8bres, force est de constater que les bases m\u00eames de la communication ne sont pas acquises. Ce qui rend difficile un projet plus ambitieux. Comme celui d\u2019apporter la Lumi\u00e8re au monde et le dirigeant qui r\u00e9gnera sur l\u2019Humanit\u00e9 ! (Ce qui le Massiah est cens\u00e9 faire)<\/p>\n\n\n\n<h2 class=\"wp-block-heading has-medium-font-size\" id=\"h-revenons-en-arriere\">Revenons en arri\u00e8re \u2026.<\/h2>\n\n\n\n<p class=\"has-medium-font-size wp-block-paragraph\"><strong>Toute l\u2019historiographie occidentale s\u2019est construite en opposition \u00e0 l\u2019Islam et aux pays musulmans<\/strong> \u2026. L\u2019islam est la troisi\u00e8me religion du Livre, par ordre d\u2019apparition. Mais de Charles Martel repoussant les arabes \u00e0 Poitiers en 732, jusqu\u2019\u00e0 l\u2019\u00e9mergence de l\u2019Espagne comme puissance majeure apr\u00e8s la Reconquista au XV\u00e8me si\u00e8cle , aux conflits contre la Sublime Porte, jusqu\u2019aux mouvements coloniaux du XVIII\u00e8me et d\u00e9-coloniaux du XX\u00e8me si\u00e8cle\u2026<strong> Une longue histoire de confrontations existe<\/strong>. Et nous manquons de recul en occident sur la diversit\u00e9 de l\u2019Islam puisqu\u2019avant les premi\u00e8res croisades, les arabes accueillaient volontiers les chr\u00e9tiens a J\u00e9rusalem, lorsqu\u2019ils \u00e9taient en p\u00e8lerinage sur le tombeau du Christ. C\u2019est la prise de la ville sainte par les Seldjoukides, qui cr\u00e9e ce mouvement des croisades. Et Fran\u00e7ois 1er s\u2019allie avec Soliman le magnifique pour combattre Charles Quint .<\/p>\n\n\n\n<p class=\"has-medium-font-size wp-block-paragraph\"><strong>l\u2019Occident exalte l\u2019individu, la Oumma le groupe<\/strong> \u2026. Donc, chacun est l\u2019un pour l\u2019autre un monde \u00e9trange. C\u2019est une relation qu\u2019on pourrait r\u00e9sumer par \u00ab je t\u2019aime, moi non plus \u00bb .<\/p>\n\n\n\n<h2 class=\"wp-block-heading has-medium-font-size\" id=\"h-l-apparition-du-projet-sioniste-au-proche-orient\">L\u2019apparition du projet sioniste au Proche orient<\/h2>\n\n\n\n<p class=\"has-medium-font-size wp-block-paragraph\">Il modifie cette situation, \u00e0 la fin du XIX\u00e8me si\u00e8cle et au d\u00e9but du XX\u00e8me si\u00e8cle. Il ne s\u2019agit plus d\u2019un probl\u00e8me avec son \u00ab meilleur ennemi \u00bb . I<strong>l s\u2019agit d\u2019un projet politique nouveau, dans un but \u00e0 la fois de protection, mais aussi d\u2019un retour au pass\u00e9<\/strong>, et 3000 ans dans le pass\u00e9. <strong>Il faut noter que des Juifs ont toujours v\u00e9cu au Proche Orient. Le Retour d\u2019exil est un mythe <\/strong>\u2026. S\u2019il y a bien eu un bannissement \u00e0 la fin de seconde r\u00e9volte en 135 apr\u00e8s JC et une volont\u00e9 romaine d\u2019effacer l\u2019identit\u00e9 juive de la Jud\u00e9e \u2026 de nombreux Juifs de l\u2019\u00e9poque \u00e9migrent en Galil\u00e9e, c\u2019est \u00e0 dire dans le Nord d\u2019Isra\u00ebl actuel. En 1921, Faycal voulait faire de la r\u00e9gion de Palestine une partie du Royaume de Syrie, ce que les romains avait fait presque 2000 ans plus t\u00f4t en int\u00e9grant la r\u00e9gion a la Province de Syrie.<\/p>\n\n\n\n<p class=\"has-medium-font-size wp-block-paragraph\"><strong>La fameuse phrase : \u00ab une terre sans peuple pour un peuple sans terre \u00bb qui justifie le projet sioniste pose un probl\u00e8me. Elle transpose le concept d\u2019Etat-Nation, r\u00e9solument europ\u00e9en, au monde musulman<\/strong>.<strong> Et donc au fond, nie la pr\u00e9sence musulmane depuis 1400 ans.<\/strong> Si le projet politique d\u2019une renationalisation juive de cette terre pouvait \u00eatre un projet viable en 1918, \u00e0 la chute de l\u2019empire Ottoman, <strong>apr\u00e8s la seconde guerre mondiale, c\u2019est devenu une compensation pour l\u2019antis\u00e9mitisme europ\u00e9en. Voila comme cela est per\u00e7u par les foules arabes !<\/strong><\/p>\n\n\n\n<p class=\"has-medium-font-size wp-block-paragraph\">Et Isra\u00ebl est devenu un porte avion occidental au Proche Orient \u2026 et le sentiment d\u2019injustice perdure en face. <strong>On ne peut reprocher aux juifs r\u00e9solument pers\u00e9cut\u00e9s en Europe pendant des si\u00e8cles, une aspiration nationale et \u00e0 l\u2019origine le mouvement sioniste est de gauche \u2026\u2026Mais le sionisme r\u00e9visionniste, maintenant courant majeur en Isra\u00ebl, est tr\u00e8s \u00e0 droite et a une vision conqu\u00e9rante.<\/strong><\/p>\n\n\n\n<h2 class=\"wp-block-heading has-medium-font-size\" id=\"h-la-survenue-du-7-octobre-brise-un-mythe\">La survenue du 7 octobre brise un mythe<\/h2>\n\n\n\n<p class=\"has-medium-font-size wp-block-paragraph\"><strong>Le 7 octobre 2023 a d\u00e9truit le narratif originel d\u2019Isra\u00ebl, le \u00ab bunker pour les juifs qui pouvait \u00e9viter la Shoah \u00bb<\/strong>. Non, une attaque massive avait eu lieu m\u00eame en Israel , o\u00f9 les miliciens du Hamas sont reste plusieurs heures a la stup\u00e9faction du monde entier \u2026.<\/p>\n\n\n\n<p class=\"has-medium-font-size wp-block-paragraph\">Je pr\u00e9f\u00e8re le terme de Milice. Une milice est le seul terme qui montre l\u2019emploi \u00e0 la fois de moyens paramilitaires et de moyens terroristes.<\/p>\n\n\n\n<p class=\"has-medium-font-size wp-block-paragraph\"><strong>Les milices islamistes sont anim\u00e9es par ce sentiment d\u2019injustice et cette frustration centenaire transmises de g\u00e9n\u00e9ration en g\u00e9n\u00e9ration. Tandis que cot\u00e9 Isra\u00ebl, le choc du 7 octobre a fait resurgir la psychose s\u00e9curitaire ancienne d\u2019une n\u00e9cessit\u00e9 de protection pour les Juifs, l\u00e0 aussi, v\u00e9cue sur des g\u00e9n\u00e9rations.<\/strong> <strong>Mais aussi, un probl\u00e8me de blessure narcissique qui explique la violence extr\u00eame de la riposte arm\u00e9e isra\u00e9lienne \u2026. Faisant peu de cas des civils comme de ses propres soldats.<\/strong><\/p>\n\n\n\n<h2 class=\"wp-block-heading has-medium-font-size\" id=\"h-contrairement-au-christianisme-l-islam-n-a-jamais-porte-un-antisemitisme-naturel\">Contrairement au Christianisme, l\u2019Islam n\u2019a jamais port\u00e9 un antis\u00e9mitisme naturel<\/h2>\n\n\n\n<p class=\"has-medium-font-size wp-block-paragraph\">\u2026. <strong>L\u2019Eglise devait s\u2019affirmer comme le nouveau peuple de Dieu, contre l\u2019&nbsp;\u00ab&nbsp;ancien \u00bb (les juifs) , et la question de l\u2019accusation de \u00ab d\u00e9icide \u00bb pour les juifs n\u2019a \u00e9t\u00e9 lev\u00e9e qu\u2019en 1962 au concile Vatican II<\/strong> . Le soutien massif des \u00e9vang\u00e9liques am\u00e9ricains a Isra\u00ebl vient de l\u2019espoir d\u2019une nouvelle venue du Christ et qu\u2019enfin, les juifs se convertiront.<\/p>\n\n\n\n<h2 class=\"wp-block-heading has-medium-font-size\" id=\"h-israel-perd-la-bataille-aupres-de-l-opinion-mondiale\">Isra\u00ebl perd la bataille aupr\u00e8s de l&rsquo;opinion mondiale<\/h2>\n\n\n\n<p class=\"has-medium-font-size wp-block-paragraph\"><strong>Isra\u00ebl est en train de perdre la bataille de l&rsquo;opinion et n\u2019a, a pr\u00e9sent, parmi ses alli\u00e9s occidentaux que les anti musulmans et ceux qui craignent d\u2019\u00eatre accus\u00e9s d\u2019antis\u00e9mitisme <\/strong>\u2026..<strong>Le Sud global assimile Isra\u00ebl a une entit\u00e9 coloniale , et beaucoup de juifs de la diaspora comme des occidentaux sont choqu\u00e9s par la violence extr\u00eame de l\u2019arm\u00e9e isra\u00e9lienne, sans aucune vision strat\u00e9gique depuis plus d\u2019un an.<\/strong><\/p>\n\n\n\n<p class=\"has-medium-font-size wp-block-paragraph\">Le Japon n\u2019a pas r\u00e9agi aux bombardements atomiques de 1945, il s\u2019est reconstruit ! Et l\u2019horreur a \u00e9t\u00e9 document\u00e9e et le pays du soleil levant garde la sympathie du monde concernant le feu atomique.<\/p>\n\n\n\n<p class=\"has-medium-font-size wp-block-paragraph\">Les Etats-Unis ont r\u00e9agi au 11 septembre 2001, et personne n\u2019\u00e9tait contre la chute des Talibans en Afghanistan \u2026. La pouss\u00e9e belliciste vers l\u2019Irak a marqu\u00e9 la fin de la sympathie du monde.<\/p>\n\n\n\n<p class=\"has-medium-font-size wp-block-paragraph\">3 mois apr\u00e8s le 7 octobre 2023, il \u00e9tait bien clair qu\u2019Isra\u00ebl n\u2019avait aucun projet ni aucune vision, si ce n\u2019est la destruction syst\u00e9matique.<\/p>\n\n\n\n<h2 class=\"wp-block-heading has-medium-font-size\" id=\"h-la-legitime-mise-a-mal\">La l\u00e9gitim\u00e9 mise \u00e0 mal<\/h2>\n\n\n\n<p class=\"has-medium-font-size wp-block-paragraph\">La l\u00e9gitime aspiration \u00e0 un Etat juif durable est d\u00e9truite par les vis\u00e9es conqu\u00e9rantes et bibliques \u2026dissimul\u00e9es par le mantra m\u00e9diatique sur \u00ab le droit de se d\u00e9fendre \u00bb. On ne fait la paix qu\u2019avec son ennemi, ce qui suppose la possibilit\u00e9 de traiter l\u2019autre en \u00e9gal.<\/p>\n\n\n\n<p class=\"has-medium-font-size wp-block-paragraph\"><strong>Les deux camps souffrent \u2026\u2026. Mais l\u2019un veut la reconnaissance d\u2019une injustice, l\u2019autre s\u2019y refuse et veut \u00ab sa s\u00e9curit\u00e9 sur les terres bibliques \u00bb<\/strong> . Ce n\u2019est pas la premi\u00e8re fois que Dieu est impliqu\u00e9 dans une guerre, mais sans doute la seule ou Dieu est, en plus, promoteur immobilier.<\/p>\n\n\n\n<p class=\"has-medium-font-size wp-block-paragraph\"><strong>En se rangeant quasi constamment aux c\u00f4t\u00e9s d\u2019Isra\u00ebl, l\u2019Occident semble avoir perdu aussi dans le monde musulman son statut de meilleur ennemi ! Et donc possible m\u00e9diateur<\/strong>.<\/p>","protected":false},"excerpt":{"rendered":"<p>Il existe un \u00e9tonnant paradoxe dans ce conflit au Proche Orient ! Si Isra\u00ebl et le Juda\u00efsme en g\u00e9n\u00e9ral sont persuad\u00e9s d\u2019avoir&hellip;<\/p>","protected":false},"author":94,"featured_media":3091,"comment_status":"open","ping_status":"open","sticky":false,"template":"","format":"standard","meta":{"_lmt_disableupdate":"","_lmt_disable":"","footnotes":""},"categories":[4,1],"tags":[],"class_list":["post-3090","post","type-post","status-publish","format-standard","has-post-thumbnail","hentry","category-mis-en-avant","category-non-classe"],"yoast_head":"<!-- This site is optimized with the Yoast SEO Premium plugin v28.1 (Yoast SEO v28.1) - https:\/\/yoast.com\/product\/yoast-seo-premium-wordpress\/ -->\n<title>Isra\u00ebl en perte de l\u00e9gitimit\u00e9 et de soutien | Geopolitics.fr<\/title>\n<meta name=\"description\" content=\"La guerre sans fin men\u00e9e par Isra\u00ebl r\u00e9v\u00e8le une absence de strat\u00e9gie et une id\u00e9ologie extr\u00e9miste qui lui ali\u00e8ne le soutien des peuples\" \/>\n<meta name=\"robots\" content=\"index, follow, max-snippet:-1, max-image-preview:large, max-video-preview:-1\" \/>\n<link rel=\"canonical\" href=\"https:\/\/www.geopolitics.fr\/en\/2024\/11\/15\/israel-en-perte-de-legitimite-et-de-soutien\/\" \/>\n<meta property=\"og:locale\" content=\"en_GB\" \/>\n<meta property=\"og:type\" content=\"article\" \/>\n<meta property=\"og:title\" content=\"Isra\u00ebl en perte de l\u00e9gitimit\u00e9 et de soutien\" \/>\n<meta property=\"og:description\" content=\"La guerre sans fin men\u00e9e par Isra\u00ebl r\u00e9v\u00e8le une absence de strat\u00e9gie et une id\u00e9ologie extr\u00e9miste qui lui ali\u00e8ne le soutien des peuples\" \/>\n<meta property=\"og:url\" content=\"https:\/\/www.geopolitics.fr\/en\/2024\/11\/15\/israel-en-perte-de-legitimite-et-de-soutien\/\" \/>\n<meta property=\"og:site_name\" content=\"Geopolitics.fr\" \/>\n<meta property=\"article:publisher\" content=\"https:\/\/www.facebook.com\/people\/Erwan-Davoux\/61557098968092\/\" \/>\n<meta property=\"article:published_time\" content=\"2024-11-15T16:00:00+00:00\" \/>\n<meta property=\"og:image\" content=\"https:\/\/www.geopolitics.fr\/wp-content\/uploads\/2024\/11\/3-religions.png\" \/>\n\t<meta property=\"og:image:width\" content=\"488\" \/>\n\t<meta property=\"og:image:height\" content=\"494\" \/>\n\t<meta property=\"og:image:type\" content=\"image\/png\" \/>\n<meta name=\"author\" content=\"Michael J.P LAURENT\" \/>\n<meta name=\"twitter:card\" content=\"summary_large_image\" \/>\n<meta name=\"twitter:creator\" content=\"@Geopolitics_Fr\" \/>\n<meta name=\"twitter:site\" content=\"@Geopolitics_Fr\" \/>\n<meta name=\"twitter:label1\" content=\"Written by\" \/>\n\t<meta name=\"twitter:data1\" content=\"Michael J.P LAURENT\" \/>\n\t<meta name=\"twitter:label2\" content=\"Estimated reading time\" \/>\n\t<meta name=\"twitter:data2\" content=\"6 minutes\" \/>\n<script type=\"application\/ld+json\" class=\"yoast-schema-graph\">{\"@context\":\"https:\\\/\\\/schema.org\",\"@graph\":[{\"@type\":\"Article\",\"@id\":\"https:\\\/\\\/www.geopolitics.fr\\\/2024\\\/11\\\/15\\\/israel-en-perte-de-legitimite-et-de-soutien\\\/#article\",\"isPartOf\":{\"@id\":\"https:\\\/\\\/www.geopolitics.fr\\\/2024\\\/11\\\/15\\\/israel-en-perte-de-legitimite-et-de-soutien\\\/\"},\"author\":{\"name\":\"Michael J.P LAURENT\",\"@id\":\"https:\\\/\\\/www.geopolitics.fr\\\/#\\\/schema\\\/person\\\/d8e0bea226964ccf8305bce78df51680\"},\"headline\":\"Isra\u00ebl en perte de l\u00e9gitimit\u00e9 et de soutien\",\"datePublished\":\"2024-11-15T16:00:00+00:00\",\"mainEntityOfPage\":{\"@id\":\"https:\\\/\\\/www.geopolitics.fr\\\/2024\\\/11\\\/15\\\/israel-en-perte-de-legitimite-et-de-soutien\\\/\"},\"wordCount\":1230,\"commentCount\":0,\"publisher\":{\"@id\":\"https:\\\/\\\/www.geopolitics.fr\\\/#organization\"},\"image\":{\"@id\":\"https:\\\/\\\/www.geopolitics.fr\\\/2024\\\/11\\\/15\\\/israel-en-perte-de-legitimite-et-de-soutien\\\/#primaryimage\"},\"thumbnailUrl\":\"https:\\\/\\\/www.geopolitics.fr\\\/wp-content\\\/uploads\\\/2024\\\/11\\\/3-religions.png\",\"articleSection\":[\"Mis en AVANT\",\"Non class\u00e9\"],\"inLanguage\":\"en-GB\"},{\"@type\":\"WebPage\",\"@id\":\"https:\\\/\\\/www.geopolitics.fr\\\/2024\\\/11\\\/15\\\/israel-en-perte-de-legitimite-et-de-soutien\\\/\",\"url\":\"https:\\\/\\\/www.geopolitics.fr\\\/2024\\\/11\\\/15\\\/israel-en-perte-de-legitimite-et-de-soutien\\\/\",\"name\":\"Isra\u00ebl en perte de l\u00e9gitimit\u00e9 et de soutien | Geopolitics.fr\",\"isPartOf\":{\"@id\":\"https:\\\/\\\/www.geopolitics.fr\\\/#website\"},\"primaryImageOfPage\":{\"@id\":\"https:\\\/\\\/www.geopolitics.fr\\\/2024\\\/11\\\/15\\\/israel-en-perte-de-legitimite-et-de-soutien\\\/#primaryimage\"},\"image\":{\"@id\":\"https:\\\/\\\/www.geopolitics.fr\\\/2024\\\/11\\\/15\\\/israel-en-perte-de-legitimite-et-de-soutien\\\/#primaryimage\"},\"thumbnailUrl\":\"https:\\\/\\\/www.geopolitics.fr\\\/wp-content\\\/uploads\\\/2024\\\/11\\\/3-religions.png\",\"datePublished\":\"2024-11-15T16:00:00+00:00\",\"description\":\"La guerre sans fin men\u00e9e par Isra\u00ebl r\u00e9v\u00e8le une absence de strat\u00e9gie et une id\u00e9ologie extr\u00e9miste qui lui ali\u00e8ne le soutien des peuples\",\"breadcrumb\":{\"@id\":\"https:\\\/\\\/www.geopolitics.fr\\\/2024\\\/11\\\/15\\\/israel-en-perte-de-legitimite-et-de-soutien\\\/#breadcrumb\"},\"inLanguage\":\"en-GB\",\"potentialAction\":[{\"@type\":\"ReadAction\",\"target\":[\"https:\\\/\\\/www.geopolitics.fr\\\/2024\\\/11\\\/15\\\/israel-en-perte-de-legitimite-et-de-soutien\\\/\"]}]},{\"@type\":\"ImageObject\",\"inLanguage\":\"en-GB\",\"@id\":\"https:\\\/\\\/www.geopolitics.fr\\\/2024\\\/11\\\/15\\\/israel-en-perte-de-legitimite-et-de-soutien\\\/#primaryimage\",\"url\":\"https:\\\/\\\/www.geopolitics.fr\\\/wp-content\\\/uploads\\\/2024\\\/11\\\/3-religions.png\",\"contentUrl\":\"https:\\\/\\\/www.geopolitics.fr\\\/wp-content\\\/uploads\\\/2024\\\/11\\\/3-religions.png\",\"width\":488,\"height\":494},{\"@type\":\"BreadcrumbList\",\"@id\":\"https:\\\/\\\/www.geopolitics.fr\\\/2024\\\/11\\\/15\\\/israel-en-perte-de-legitimite-et-de-soutien\\\/#breadcrumb\",\"itemListElement\":[{\"@type\":\"ListItem\",\"position\":1,\"name\":\"Accueil\",\"item\":\"https:\\\/\\\/www.geopolitics.fr\\\/\"},{\"@type\":\"ListItem\",\"position\":2,\"name\":\"Isra\u00ebl en perte de l\u00e9gitimit\u00e9 et de soutien\"}]},{\"@type\":\"WebSite\",\"@id\":\"https:\\\/\\\/www.geopolitics.fr\\\/#website\",\"url\":\"https:\\\/\\\/www.geopolitics.fr\\\/\",\"name\":\"Geopolitics.fr\",\"description\":\"Geopolitics.fr Analyse politique, relations internationales, d\u00e9fense - ligne \u00e9ditoriale gaullo-chiraquienne\",\"publisher\":{\"@id\":\"https:\\\/\\\/www.geopolitics.fr\\\/#organization\"},\"potentialAction\":[{\"@type\":\"SearchAction\",\"target\":{\"@type\":\"EntryPoint\",\"urlTemplate\":\"https:\\\/\\\/www.geopolitics.fr\\\/?s={search_term_string}\"},\"query-input\":{\"@type\":\"PropertyValueSpecification\",\"valueRequired\":true,\"valueName\":\"search_term_string\"}}],\"inLanguage\":\"en-GB\"},{\"@type\":\"Organization\",\"@id\":\"https:\\\/\\\/www.geopolitics.fr\\\/#organization\",\"name\":\"Geopolitics.fr\",\"url\":\"https:\\\/\\\/www.geopolitics.fr\\\/\",\"logo\":{\"@type\":\"ImageObject\",\"inLanguage\":\"en-GB\",\"@id\":\"https:\\\/\\\/www.geopolitics.fr\\\/#\\\/schema\\\/logo\\\/image\\\/\",\"url\":\"https:\\\/\\\/www.geopolitics.fr\\\/wp-content\\\/uploads\\\/2024\\\/01\\\/logo.jpg\",\"contentUrl\":\"https:\\\/\\\/www.geopolitics.fr\\\/wp-content\\\/uploads\\\/2024\\\/01\\\/logo.jpg\",\"width\":500,\"height\":500,\"caption\":\"Geopolitics.fr\"},\"image\":{\"@id\":\"https:\\\/\\\/www.geopolitics.fr\\\/#\\\/schema\\\/logo\\\/image\\\/\"},\"sameAs\":[\"https:\\\/\\\/www.facebook.com\\\/people\\\/Erwan-Davoux\\\/61557098968092\\\/\",\"https:\\\/\\\/x.com\\\/Geopolitics_Fr\"]},{\"@type\":\"Person\",\"@id\":\"https:\\\/\\\/www.geopolitics.fr\\\/#\\\/schema\\\/person\\\/d8e0bea226964ccf8305bce78df51680\",\"name\":\"Michael J.P LAURENT\",\"image\":{\"@type\":\"ImageObject\",\"inLanguage\":\"en-GB\",\"@id\":\"https:\\\/\\\/www.geopolitics.fr\\\/wp-content\\\/uploads\\\/2024\\\/11\\\/cropped-jp-laurent-96x96.jpg\",\"url\":\"https:\\\/\\\/www.geopolitics.fr\\\/wp-content\\\/uploads\\\/2024\\\/11\\\/cropped-jp-laurent-96x96.jpg\",\"contentUrl\":\"https:\\\/\\\/www.geopolitics.fr\\\/wp-content\\\/uploads\\\/2024\\\/11\\\/cropped-jp-laurent-96x96.jpg\",\"caption\":\"Michael J.P LAURENT\"},\"url\":\"https:\\\/\\\/www.geopolitics.fr\\\/en\\\/author\\\/jpl\\\/\"}]}<\/script>\n<!-- \/ Yoast SEO Premium plugin. -->","yoast_head_json":{"title":"Isra\u00ebl en perte de l\u00e9gitimit\u00e9 et de soutien | Geopolitics.fr","description":"La guerre sans fin men\u00e9e par Isra\u00ebl r\u00e9v\u00e8le une absence de strat\u00e9gie et une id\u00e9ologie extr\u00e9miste qui lui ali\u00e8ne le soutien des peuples","robots":{"index":"index","follow":"follow","max-snippet":"max-snippet:-1","max-image-preview":"max-image-preview:large","max-video-preview":"max-video-preview:-1"},"canonical":"https:\/\/www.geopolitics.fr\/en\/2024\/11\/15\/israel-en-perte-de-legitimite-et-de-soutien\/","og_locale":"en_GB","og_type":"article","og_title":"Isra\u00ebl en perte de l\u00e9gitimit\u00e9 et de soutien","og_description":"La guerre sans fin men\u00e9e par Isra\u00ebl r\u00e9v\u00e8le une absence de strat\u00e9gie et une id\u00e9ologie extr\u00e9miste qui lui ali\u00e8ne le soutien des peuples","og_url":"https:\/\/www.geopolitics.fr\/en\/2024\/11\/15\/israel-en-perte-de-legitimite-et-de-soutien\/","og_site_name":"Geopolitics.fr","article_publisher":"https:\/\/www.facebook.com\/people\/Erwan-Davoux\/61557098968092\/","article_published_time":"2024-11-15T16:00:00+00:00","og_image":[{"width":488,"height":494,"url":"https:\/\/www.geopolitics.fr\/wp-content\/uploads\/2024\/11\/3-religions.png","type":"image\/png"}],"author":"Michael J.P LAURENT","twitter_card":"summary_large_image","twitter_creator":"@Geopolitics_Fr","twitter_site":"@Geopolitics_Fr","twitter_misc":{"Written by":"Michael J.P LAURENT","Estimated reading time":"6 minutes"},"schema":{"@context":"https:\/\/schema.org","@graph":[{"@type":"Article","@id":"https:\/\/www.geopolitics.fr\/2024\/11\/15\/israel-en-perte-de-legitimite-et-de-soutien\/#article","isPartOf":{"@id":"https:\/\/www.geopolitics.fr\/2024\/11\/15\/israel-en-perte-de-legitimite-et-de-soutien\/"},"author":{"name":"Michael J.P LAURENT","@id":"https:\/\/www.geopolitics.fr\/#\/schema\/person\/d8e0bea226964ccf8305bce78df51680"},"headline":"Isra\u00ebl en perte de l\u00e9gitimit\u00e9 et de soutien","datePublished":"2024-11-15T16:00:00+00:00","mainEntityOfPage":{"@id":"https:\/\/www.geopolitics.fr\/2024\/11\/15\/israel-en-perte-de-legitimite-et-de-soutien\/"},"wordCount":1230,"commentCount":0,"publisher":{"@id":"https:\/\/www.geopolitics.fr\/#organization"},"image":{"@id":"https:\/\/www.geopolitics.fr\/2024\/11\/15\/israel-en-perte-de-legitimite-et-de-soutien\/#primaryimage"},"thumbnailUrl":"https:\/\/www.geopolitics.fr\/wp-content\/uploads\/2024\/11\/3-religions.png","articleSection":["Mis en AVANT","Non class\u00e9"],"inLanguage":"en-GB"},{"@type":"WebPage","@id":"https:\/\/www.geopolitics.fr\/2024\/11\/15\/israel-en-perte-de-legitimite-et-de-soutien\/","url":"https:\/\/www.geopolitics.fr\/2024\/11\/15\/israel-en-perte-de-legitimite-et-de-soutien\/","name":"Isra\u00ebl en perte de l\u00e9gitimit\u00e9 et de soutien | Geopolitics.fr","isPartOf":{"@id":"https:\/\/www.geopolitics.fr\/#website"},"primaryImageOfPage":{"@id":"https:\/\/www.geopolitics.fr\/2024\/11\/15\/israel-en-perte-de-legitimite-et-de-soutien\/#primaryimage"},"image":{"@id":"https:\/\/www.geopolitics.fr\/2024\/11\/15\/israel-en-perte-de-legitimite-et-de-soutien\/#primaryimage"},"thumbnailUrl":"https:\/\/www.geopolitics.fr\/wp-content\/uploads\/2024\/11\/3-religions.png","datePublished":"2024-11-15T16:00:00+00:00","description":"La guerre sans fin men\u00e9e par Isra\u00ebl r\u00e9v\u00e8le une absence de strat\u00e9gie et une id\u00e9ologie extr\u00e9miste qui lui ali\u00e8ne le soutien des peuples","breadcrumb":{"@id":"https:\/\/www.geopolitics.fr\/2024\/11\/15\/israel-en-perte-de-legitimite-et-de-soutien\/#breadcrumb"},"inLanguage":"en-GB","potentialAction":[{"@type":"ReadAction","target":["https:\/\/www.geopolitics.fr\/2024\/11\/15\/israel-en-perte-de-legitimite-et-de-soutien\/"]}]},{"@type":"ImageObject","inLanguage":"en-GB","@id":"https:\/\/www.geopolitics.fr\/2024\/11\/15\/israel-en-perte-de-legitimite-et-de-soutien\/#primaryimage","url":"https:\/\/www.geopolitics.fr\/wp-content\/uploads\/2024\/11\/3-religions.png","contentUrl":"https:\/\/www.geopolitics.fr\/wp-content\/uploads\/2024\/11\/3-religions.png","width":488,"height":494},{"@type":"BreadcrumbList","@id":"https:\/\/www.geopolitics.fr\/2024\/11\/15\/israel-en-perte-de-legitimite-et-de-soutien\/#breadcrumb","itemListElement":[{"@type":"ListItem","position":1,"name":"Accueil","item":"https:\/\/www.geopolitics.fr\/"},{"@type":"ListItem","position":2,"name":"Isra\u00ebl en perte de l\u00e9gitimit\u00e9 et de soutien"}]},{"@type":"WebSite","@id":"https:\/\/www.geopolitics.fr\/#website","url":"https:\/\/www.geopolitics.fr\/","name":"Geopolitics.fr","description":"Geopolitics.fr Analyse politique, relations internationales, d\u00e9fense - ligne \u00e9ditoriale gaullo-chiraquienne","publisher":{"@id":"https:\/\/www.geopolitics.fr\/#organization"},"potentialAction":[{"@type":"SearchAction","target":{"@type":"EntryPoint","urlTemplate":"https:\/\/www.geopolitics.fr\/?s={search_term_string}"},"query-input":{"@type":"PropertyValueSpecification","valueRequired":true,"valueName":"search_term_string"}}],"inLanguage":"en-GB"},{"@type":"Organization","@id":"https:\/\/www.geopolitics.fr\/#organization","name":"Geopolitics.fr","url":"https:\/\/www.geopolitics.fr\/","logo":{"@type":"ImageObject","inLanguage":"en-GB","@id":"https:\/\/www.geopolitics.fr\/#\/schema\/logo\/image\/","url":"https:\/\/www.geopolitics.fr\/wp-content\/uploads\/2024\/01\/logo.jpg","contentUrl":"https:\/\/www.geopolitics.fr\/wp-content\/uploads\/2024\/01\/logo.jpg","width":500,"height":500,"caption":"Geopolitics.fr"},"image":{"@id":"https:\/\/www.geopolitics.fr\/#\/schema\/logo\/image\/"},"sameAs":["https:\/\/www.facebook.com\/people\/Erwan-Davoux\/61557098968092\/","https:\/\/x.com\/Geopolitics_Fr"]},{"@type":"Person","@id":"https:\/\/www.geopolitics.fr\/#\/schema\/person\/d8e0bea226964ccf8305bce78df51680","name":"Michael J.P LAURENT","image":{"@type":"ImageObject","inLanguage":"en-GB","@id":"https:\/\/www.geopolitics.fr\/wp-content\/uploads\/2024\/11\/cropped-jp-laurent-96x96.jpg","url":"https:\/\/www.geopolitics.fr\/wp-content\/uploads\/2024\/11\/cropped-jp-laurent-96x96.jpg","contentUrl":"https:\/\/www.geopolitics.fr\/wp-content\/uploads\/2024\/11\/cropped-jp-laurent-96x96.jpg","caption":"Michael J.P LAURENT"},"url":"https:\/\/www.geopolitics.fr\/en\/author\/jpl\/"}]}},"_links":{"self":[{"href":"https:\/\/www.geopolitics.fr\/en\/wp-json\/wp\/v2\/posts\/3090","targetHints":{"allow":["GET"]}}],"collection":[{"href":"https:\/\/www.geopolitics.fr\/en\/wp-json\/wp\/v2\/posts"}],"about":[{"href":"https:\/\/www.geopolitics.fr\/en\/wp-json\/wp\/v2\/types\/post"}],"author":[{"embeddable":true,"href":"https:\/\/www.geopolitics.fr\/en\/wp-json\/wp\/v2\/users\/94"}],"replies":[{"embeddable":true,"href":"https:\/\/www.geopolitics.fr\/en\/wp-json\/wp\/v2\/comments?post=3090"}],"version-history":[{"count":0,"href":"https:\/\/www.geopolitics.fr\/en\/wp-json\/wp\/v2\/posts\/3090\/revisions"}],"wp:featuredmedia":[{"embeddable":true,"href":"https:\/\/www.geopolitics.fr\/en\/wp-json\/wp\/v2\/media\/3091"}],"wp:attachment":[{"href":"https:\/\/www.geopolitics.fr\/en\/wp-json\/wp\/v2\/media?parent=3090"}],"wp:term":[{"taxonomy":"category","embeddable":true,"href":"https:\/\/www.geopolitics.fr\/en\/wp-json\/wp\/v2\/categories?post=3090"},{"taxonomy":"post_tag","embeddable":true,"href":"https:\/\/www.geopolitics.fr\/en\/wp-json\/wp\/v2\/tags?post=3090"}],"curies":[{"name":"wp","href":"https:\/\/api.w.org\/{rel}","templated":true}]}}