{"id":3083,"date":"2024-11-14T17:50:00","date_gmt":"2024-11-14T16:50:00","guid":{"rendered":"https:\/\/www.geopolitics.fr\/?p=3083"},"modified":"2024-11-13T14:57:09","modified_gmt":"2024-11-13T13:57:09","slug":"politique-migratoire-le-volte-face-des-dirigeants-allemands-leconomie-dabord","status":"publish","type":"post","link":"https:\/\/www.geopolitics.fr\/en\/2024\/11\/14\/politique-migratoire-le-volte-face-des-dirigeants-allemands-leconomie-dabord\/","title":{"rendered":"Politique migratoire :  le volte-face des dirigeants allemands, l\u2019\u00e9conomie d&rsquo;abord !"},"content":{"rendered":"<p class=\"has-medium-font-size wp-block-paragraph\"><br>Sous couvert de politique de lutte europ\u00e9enne contre les migrations irr\u00e9guli\u00e8res, l\u2019Allemagne vient de signer il y a quelques semaines et tr\u00e8s discr\u00e8tement, un accord avec le Kenya. Ledit accord devra permettre \u00e0 250 000 travailleurs kenyans qualifi\u00e9s et semi-qualifi\u00e9s de s\u2019installer en Allemagne. Schizophr\u00e9nie ou realpolitik ?<\/p>\n\n\n\n<h2 class=\"wp-block-heading has-medium-font-size\" id=\"h-l-allemagne-fait-fi-de-son-appartenance-a-l-union-europeenne\">L&rsquo;Allemagne fait fi de son appartenance \u00e0 l&rsquo;Union Europ\u00e9enne<\/h2>\n\n\n\n<p class=\"has-medium-font-size wp-block-paragraph\"><br><strong>Le double discours des dirigeants allemands, vient mettre \u00e0 mal la politique europ\u00e9enne de solidarit\u00e9 en mati\u00e8re de migrations<\/strong>. Plus encore, cette nouvelle position porte un coup au bon vieux trait\u00e9 de Schengen sign\u00e9 en 1985, pour ensuite \u00eatre revu et corrig\u00e9 en 1990, et finalement \u00eatre noy\u00e9 dans la litanie du droit de l&rsquo;Union europ\u00e9enne du trait\u00e9 d&rsquo;Amsterdam en1999. Et il n\u2019est pas inutile ni anodin de rappeler que la mise en \u0153uvre des normes de l&rsquo;espace Schengen pr\u00e9voit&nbsp;: \u00ab&nbsp;l&rsquo;\u00e9limination des contr\u00f4les frontaliers entre les membres de l&rsquo;espace Schengen et un renforcement des contr\u00f4les frontaliers entre les membres de l&rsquo;espace Schengen et ceux qui n&rsquo;en sont pas membres (fronti\u00e8res dites \u00ab ext\u00e9rieures \u00bb). Enfin, cela implique des dispositions concernant une politique commune sur le s\u00e9jour temporaire des personnes (dont le visa Schengen, jusqu&rsquo;\u00e0 trois mois), l&rsquo;harmonisation des contr\u00f4les aux fronti\u00e8res ext\u00e9rieures, une coop\u00e9ration polici\u00e8re transfrontali\u00e8re et une coop\u00e9ration judiciaire&nbsp;\u00bb. Fermez le banc. <\/p>\n\n\n\n<p class=\"has-medium-font-size wp-block-paragraph\"><strong>En mati\u00e8re d&rsquo;immigration, le chancelier allemand Olaf Scholz adopte un discours plus qu\u2019ambigu, pour ne pas dire contradictoire \u00e0 la ligne de l\u2019Union Europ\u00e9enne. Politique int\u00e9rieure oblige, d\u2019une main ce dernier caresse le renforcement du contr\u00f4le des fronti\u00e8res visant \u00e0 freiner l&rsquo;immigration ill\u00e9gale, de l&rsquo;autre, signe un accord avec le gouvernement Kenyan afin de recruter 250 000 ouvriers majoritairement anglophones. <\/strong>L\u2019on aura bien compris, cet accord vise \u00e0 r\u00e9pondre aux p\u00e9nuries de main-d&rsquo;\u0153uvre dans certains secteurs de l&rsquo;\u00e9conomie f\u00e9d\u00e9rale allemande. <strong>Un double langage tentant de satisfaire les besoins \u00e9conomiques de toutes les r\u00e9gions du pays d\u2019une part, tout en apportant une r\u00e9ponse aux pr\u00e9occupations nationalistes sur la question de l&rsquo;immigration. Surtout apr\u00e8s le succ\u00e8s de l&rsquo;extr\u00eame droite lors des \u00e9lections r\u00e9gionales en Thuringe, le 1er septembre dernier.<\/strong><br><strong>Ce partenariat strat\u00e9gique vise donc clairement \u00e0 pallier la p\u00e9nurie croissante de main- d\u2019\u0153uvre en Allemagne,<\/strong> principalement dans les emplois sous-qualifi\u00e9s, tout en offrant de nouvelles opportunit\u00e9s aux jeunes kenyans, avec une promesse du moins sur le papier&nbsp;: am\u00e9liorer leurs comp\u00e9tences par la formation professionnelle. Pourquoi pas.<br><strong>La signature de cet accord, qui a eu lieu \u00e0 la Chancellerie de Berlin, confirme d\u2019excellentes relations diplomatiques et de coop\u00e9rations entre les deux pays.<\/strong><\/p>\n\n\n\n<ol start=\"2018\" class=\"wp-block-list\">\n<li><\/li>\n<\/ol>\n\n\n\n<p class=\"has-medium-font-size wp-block-paragraph\">Le chancelier allemand Olaf Scholz, souligne dans un communiqu\u00e9 laconique l\u2019importance de cet accord en d\u00e9clarant : \u00ab Un accord tr\u00e8s important de mon point de vue. Il ouvre des perspectives aux K\u00e9nyans, car les travailleurs qualifi\u00e9s ou les jeunes peuvent venir se former en Allemagne. Cela peut nous aider \u00e0 compenser le manque criant de main-d\u2019\u0153uvre \u00bb. La messe est dite, sans manquer de clart\u00e9 il faut le reconnaitre.<br>En v\u00e9rit\u00e9, ce partenariat est fort opportun \u00e0 un moment crucial pour l\u2019Allemagne f\u00e9d\u00e9rale, confront\u00e9e \u00e0 un vieillissement d\u00e9mographique galopant (NDLR&nbsp;: avec un \u00e2ge m\u00e9dian de 46 ans), et cherchant des solutions afin de pourvoir ses deux millions d\u2019emplois vacants.<\/p>\n\n\n\n<h2 class=\"wp-block-heading has-medium-font-size\" id=\"h-berlin-et-nairobi-allume-la-meche-d-une-controverse-au-coeur-des-politiques-migratoires-europeennes\">Berlin et Nairobi allume la m\u00e8che d\u2019une controverse au c\u0153ur des politiques migratoires europ\u00e9ennes<\/h2>\n\n\n\n<p class=\"has-medium-font-size wp-block-paragraph\"><strong>Le Pr\u00e9sident kenyan William Ruto, met \u00e9galement en avant les avantages de cet accord pour son pays. Ainsi ce dernier a-t-il appuy\u00e9 non sans une certaine arri\u00e8re-pens\u00e9e tant diplomatique qu\u2019\u00e9conomique : \u00ab Aujourd\u2019hui, nous c\u00e9l\u00e9brons la signature de cet accord de partenariat global sur la migration et la mobilit\u00e9 de la main-d\u2019\u0153uvre qui fournira un contexte pour l\u2019expansion des relations entre nos deux pays, les relations de personne \u00e0 personne, et qui nous donnera l\u2019occasion de lib\u00e9rer le potentiel de la technologie en Allemagne et du capital humain au Kenya, o\u00f9 nous avons un grand nombre de jeunes \u00e9duqu\u00e9s, innovateurs et travailleurs. \u00bb Pour le dirigeant africain donc, cette initiative offre au Kenya une opportunit\u00e9 pr\u00e9cieuse pour ses jeunes talents, tout en r\u00e9pondant aux besoins de l\u2019Allemagne. Deal&nbsp;!<\/strong><br><strong>Cependant, cet accord n\u2019est pas sans controverse sur les deux continents<\/strong>. En effet, l\u2019opposition tant politique qu\u2019intellectuelle kenyane y voit une autre cons\u00e9quence possible&nbsp;: \u00ab la fuite des cerveaux \u00bb, o\u00f9 des professionnels particuli\u00e8rement qualifi\u00e9s pourraient quitter le pays pour quelques eldorados \u00e9trangers, appauvrissant de facto les secteurs cl\u00e9s en d\u00e9veloppement au Kenya.<br><\/p>\n\n\n\n<h2 class=\"wp-block-heading has-medium-font-size\" id=\"h-vers-une-politique-de-l-immigration-choisie-nbsp\">Vers une politique de l\u2019immigration choisie&nbsp;?<\/h2>\n\n\n\n<p class=\"has-medium-font-size wp-block-paragraph\"><br>L\u2019Union europ\u00e9enne sera-elle inspir\u00e9e par d\u2019autres mod\u00e8les, dont un certain nombre auront d\u00e9montr\u00e9 leur efficacit\u00e9&nbsp;?<\/p>\n\n\n\n<p class=\"has-medium-font-size wp-block-paragraph\"> <strong>Au Canada<\/strong> par exemple, trois programmes f\u00e9d\u00e9raux sont en place et revus et corrig\u00e9s par le gouvernement par p\u00e9riode biennale, principalement sur le nombre humain plus que sur la proc\u00e9dure. Ainsi, la \u00ab&nbsp;porte d\u2019entr\u00e9e&nbsp;\u00bb la plus utilis\u00e9e est celle intitul\u00e9e \u00ab&nbsp;d\u2019entr\u00e9e express&nbsp;\u00bb. <strong>Mais attention, les conditions sont claires, nettes, pr\u00e9cises et inconditionnelles&nbsp;<\/strong>: pour \u00eatre admissibles, les candidats \u00e0 l\u2019exil doivent remplir toutes les exigences minimales telles que l\u2019exp\u00e9rience de travail qualifi\u00e9, les \u00e9tudes, les comp\u00e9tences linguistiques. Et sur cette derni\u00e8re, le principe est clair&nbsp;: le candidat devra se soumettre \u00e0 des tests de langue approuv\u00e9s en fran\u00e7ais ou en anglais, notamment s\u2019agissant de l\u2019\u00e9criture, de la lecture, de la compr\u00e9hension de l\u2019oral et de l\u2019expression orale.<\/p>\n\n\n\n<p class=\"has-medium-font-size wp-block-paragraph\">Enfin, si le postulant coche ces premi\u00e8res cases minimales, l\u2019Office gouvernemental des migrations appr\u00e9ciera l\u2019admissibilit\u00e9 au Programme des travailleurs qualifi\u00e9s (f\u00e9d\u00e9ral) en fonction de l\u2019\u00e2ge, de l\u2019exp\u00e9rience de travail, le fait de d\u00e9tenir une offre d\u2019emploi valide, de la facult\u00e9 d\u2019adaptation (NDLR&nbsp;: \u00e0 quel point vous pourrez bien vous \u00e9tablir ici), et plus encore de la d\u00e9monstration de disposer des fonds suffisants pour s\u2019\u00e9tablir au Canada.<br><\/p>\n\n\n\n<p class=\"has-medium-font-size wp-block-paragraph\"><strong>Plus pr\u00e8s de nous, c\u00f4t\u00e9 Suisse<\/strong>, les r\u00e8gles sont claires pour les candidats \u00e0 l\u2019installation&nbsp;: soumis ou non \u00e0 l\u2019obligation de visa, la dur\u00e9e d\u2019un premier s\u00e9jour sans activit\u00e9 lucrative est de trois mois au plus. Dans l\u2019hypoth\u00e8se d\u2019une installation plus longue \u00e0 terme, ce qui bien entendu est l\u2019objectif d\u2019une migration, le postulant devra d\u00e9poser une demande d\u2019autorisation de s\u00e9jour aupr\u00e8s de l\u2019autorit\u00e9 cantonale des migrations du lieu de r\u00e9sidence envisag\u00e9, th\u00e9oriquement avant d\u2019entrer sur le sol helv\u00e9tique.<br>L\u00e0 encore, ne jouira pas de l\u2019exceptionnel climat alpin qui veut. Car \u00eatre autoriser \u00e0 s\u2019\u00e9tablir, du moins l\u00e9galement, impose obligatoirement de disposer de ressources suffisantes assurant l\u2019ind\u00e9pendance financi\u00e8re et ne pas devoir recourir \u00e0 des prestations sociales, \u00eatre b\u00e9n\u00e9ficiaire d\u2019une assurance-maladie couvrant aussi les co\u00fbts engendr\u00e9s par la n\u00e9cessit\u00e9 de soins et par des accidents \u00e9ventuels, et disposer d&rsquo;un logement appropri\u00e9 \u00e0 sa situation personnelle. S\u2019agissant des \u00e9tudiants \u00e9trangers, ces derniers doivent en outre joindre les documents suivants \u00e0 leur demande : un plan d\u2019\u00e9tudes personnel pr\u00e9cisant en d\u00e9tails l\u2019objectif desdites \u00e9tudes, la preuve d\u2019admission dans un \u00e9tablissement d\u2019enseignement reconnu (attestation d\u2019immatriculation), un curriculum vitae, mais surtout la confirmation qu\u2019ils quitteront la Suisse \u00e0 l\u2019issue de leur formation.<br>D\u2019un c\u00f4t\u00e9 ou de l\u2019autre de l\u2019atlantique, la liste des pays ayant mis en place pareille proc\u00e9dure et conditions d\u2019immigration, serait trop longue \u00e0 d\u00e9velopper.<br><\/p>\n\n\n\n<p class=\"has-medium-font-size wp-block-paragraph\">Au sein m\u00eame de l\u2019Union europ\u00e9enne, un certain nombre d\u2019Etats tels que la Hongrie de Viktor Orb\u00e1n ou bien encore l\u2019Italie de Giorgia Meloni, ont d\u2019ores et d\u00e9j\u00e0 resserr\u00e9 les mailles de leurs filets frontaliers, g\u00e9n\u00e9rant moultes d\u00e9bats au sein des institutions bruxelloises, strasbourgeoises.<\/p>\n\n\n\n<p class=\"has-medium-font-size wp-block-paragraph\"><br>A bas mots et alors que l\u2019Europe est fort divis\u00e9e sur le sujet de ses fronti\u00e8res et de sa capacit\u00e9 d\u2019accueil, quel mod\u00e8le&nbsp;ou plut\u00f4t quelle politique, l\u2019emportera&nbsp;?<\/p>","protected":false},"excerpt":{"rendered":"<p>Sous couvert de politique de lutte europ\u00e9enne contre les migrations irr\u00e9guli\u00e8res, l\u2019Allemagne vient de signer il y a quelques semaines et tr\u00e8s&hellip;<\/p>","protected":false},"author":93,"featured_media":3085,"comment_status":"open","ping_status":"open","sticky":false,"template":"","format":"standard","meta":{"_lmt_disableupdate":"","_lmt_disable":"","footnotes":""},"categories":[5,4],"tags":[356,358,357,355],"class_list":["post-3083","post","type-post","status-publish","format-standard","has-post-thumbnail","hentry","category-international","category-mis-en-avant","tag-allemagne","tag-immigration","tag-kenya","tag-scholz"],"yoast_head":"<!-- This site is optimized with the Yoast SEO Premium plugin v28.1 (Yoast SEO v28.1) - https:\/\/yoast.com\/product\/yoast-seo-premium-wordpress\/ -->\n<title>Politique migratoire : le volte-face des dirigeants allemands, l\u2019\u00e9conomie d&#039;abord ! | Geopolitics.fr<\/title>\n<meta name=\"description\" content=\"SCHOLZ tente de mettre une en place une politique migratoire qui r\u00e9ponde \u00e0 la p\u00e9nurie de main d&#039;\u0153uvre tout en m\u00e9nageant son opinion publique\" \/>\n<meta name=\"robots\" content=\"index, follow, max-snippet:-1, max-image-preview:large, max-video-preview:-1\" \/>\n<link rel=\"canonical\" href=\"https:\/\/www.geopolitics.fr\/en\/2024\/11\/14\/politique-migratoire-le-volte-face-des-dirigeants-allemands-leconomie-dabord\/\" \/>\n<meta property=\"og:locale\" content=\"en_GB\" \/>\n<meta property=\"og:type\" content=\"article\" \/>\n<meta property=\"og:title\" content=\"Politique migratoire : le volte-face des dirigeants allemands, l\u2019\u00e9conomie d&#039;abord !\" \/>\n<meta property=\"og:description\" content=\"SCHOLZ tente de mettre une en place une politique migratoire qui r\u00e9ponde \u00e0 la p\u00e9nurie de main d&#039;\u0153uvre tout en m\u00e9nageant son opinion publique\" \/>\n<meta property=\"og:url\" content=\"https:\/\/www.geopolitics.fr\/en\/2024\/11\/14\/politique-migratoire-le-volte-face-des-dirigeants-allemands-leconomie-dabord\/\" \/>\n<meta property=\"og:site_name\" content=\"Geopolitics.fr\" \/>\n<meta property=\"article:publisher\" content=\"https:\/\/www.facebook.com\/people\/Erwan-Davoux\/61557098968092\/\" \/>\n<meta property=\"article:author\" content=\"https:\/\/www.facebook.com\/odelagarde\" \/>\n<meta property=\"article:published_time\" content=\"2024-11-14T16:50:00+00:00\" \/>\n<meta property=\"og:image\" content=\"https:\/\/www.geopolitics.fr\/wp-content\/uploads\/2024\/11\/Accord-Allemagne-Kenya.jpg\" \/>\n\t<meta property=\"og:image:width\" content=\"1480\" \/>\n\t<meta property=\"og:image:height\" content=\"833\" \/>\n\t<meta property=\"og:image:type\" content=\"image\/jpeg\" \/>\n<meta name=\"author\" content=\"Olivier DELAGARDE\" \/>\n<meta name=\"twitter:card\" content=\"summary_large_image\" \/>\n<meta name=\"twitter:creator\" content=\"@Geopolitics_Fr\" \/>\n<meta name=\"twitter:site\" content=\"@Geopolitics_Fr\" \/>\n<meta name=\"twitter:label1\" content=\"Written by\" \/>\n\t<meta name=\"twitter:data1\" content=\"Olivier DELAGARDE\" \/>\n\t<meta name=\"twitter:label2\" content=\"Estimated reading time\" \/>\n\t<meta name=\"twitter:data2\" content=\"7 minutes\" \/>\n<script type=\"application\/ld+json\" class=\"yoast-schema-graph\">{\"@context\":\"https:\\\/\\\/schema.org\",\"@graph\":[{\"@type\":\"Article\",\"@id\":\"https:\\\/\\\/www.geopolitics.fr\\\/2024\\\/11\\\/14\\\/politique-migratoire-le-volte-face-des-dirigeants-allemands-leconomie-dabord\\\/#article\",\"isPartOf\":{\"@id\":\"https:\\\/\\\/www.geopolitics.fr\\\/2024\\\/11\\\/14\\\/politique-migratoire-le-volte-face-des-dirigeants-allemands-leconomie-dabord\\\/\"},\"author\":{\"name\":\"Olivier DELAGARDE\",\"@id\":\"https:\\\/\\\/www.geopolitics.fr\\\/#\\\/schema\\\/person\\\/9b98d78234af63d6ad71199d66115350\"},\"headline\":\"Politique migratoire : le volte-face des dirigeants allemands, l\u2019\u00e9conomie d&rsquo;abord !\",\"datePublished\":\"2024-11-14T16:50:00+00:00\",\"mainEntityOfPage\":{\"@id\":\"https:\\\/\\\/www.geopolitics.fr\\\/2024\\\/11\\\/14\\\/politique-migratoire-le-volte-face-des-dirigeants-allemands-leconomie-dabord\\\/\"},\"wordCount\":1432,\"commentCount\":0,\"publisher\":{\"@id\":\"https:\\\/\\\/www.geopolitics.fr\\\/#organization\"},\"image\":{\"@id\":\"https:\\\/\\\/www.geopolitics.fr\\\/2024\\\/11\\\/14\\\/politique-migratoire-le-volte-face-des-dirigeants-allemands-leconomie-dabord\\\/#primaryimage\"},\"thumbnailUrl\":\"https:\\\/\\\/www.geopolitics.fr\\\/wp-content\\\/uploads\\\/2024\\\/11\\\/Accord-Allemagne-Kenya.jpg\",\"keywords\":[\"ALLEMAGNE\",\"IMMIGRATION\",\"KENYA\",\"SCHOLZ\"],\"articleSection\":[\"International\",\"Mis en AVANT\"],\"inLanguage\":\"en-GB\"},{\"@type\":\"WebPage\",\"@id\":\"https:\\\/\\\/www.geopolitics.fr\\\/2024\\\/11\\\/14\\\/politique-migratoire-le-volte-face-des-dirigeants-allemands-leconomie-dabord\\\/\",\"url\":\"https:\\\/\\\/www.geopolitics.fr\\\/2024\\\/11\\\/14\\\/politique-migratoire-le-volte-face-des-dirigeants-allemands-leconomie-dabord\\\/\",\"name\":\"Politique migratoire : le volte-face des dirigeants allemands, l\u2019\u00e9conomie d'abord ! | Geopolitics.fr\",\"isPartOf\":{\"@id\":\"https:\\\/\\\/www.geopolitics.fr\\\/#website\"},\"primaryImageOfPage\":{\"@id\":\"https:\\\/\\\/www.geopolitics.fr\\\/2024\\\/11\\\/14\\\/politique-migratoire-le-volte-face-des-dirigeants-allemands-leconomie-dabord\\\/#primaryimage\"},\"image\":{\"@id\":\"https:\\\/\\\/www.geopolitics.fr\\\/2024\\\/11\\\/14\\\/politique-migratoire-le-volte-face-des-dirigeants-allemands-leconomie-dabord\\\/#primaryimage\"},\"thumbnailUrl\":\"https:\\\/\\\/www.geopolitics.fr\\\/wp-content\\\/uploads\\\/2024\\\/11\\\/Accord-Allemagne-Kenya.jpg\",\"datePublished\":\"2024-11-14T16:50:00+00:00\",\"description\":\"SCHOLZ tente de mettre une en place une politique migratoire qui r\u00e9ponde \u00e0 la p\u00e9nurie de main d'\u0153uvre tout en m\u00e9nageant son opinion publique\",\"breadcrumb\":{\"@id\":\"https:\\\/\\\/www.geopolitics.fr\\\/2024\\\/11\\\/14\\\/politique-migratoire-le-volte-face-des-dirigeants-allemands-leconomie-dabord\\\/#breadcrumb\"},\"inLanguage\":\"en-GB\",\"potentialAction\":[{\"@type\":\"ReadAction\",\"target\":[\"https:\\\/\\\/www.geopolitics.fr\\\/2024\\\/11\\\/14\\\/politique-migratoire-le-volte-face-des-dirigeants-allemands-leconomie-dabord\\\/\"]}]},{\"@type\":\"ImageObject\",\"inLanguage\":\"en-GB\",\"@id\":\"https:\\\/\\\/www.geopolitics.fr\\\/2024\\\/11\\\/14\\\/politique-migratoire-le-volte-face-des-dirigeants-allemands-leconomie-dabord\\\/#primaryimage\",\"url\":\"https:\\\/\\\/www.geopolitics.fr\\\/wp-content\\\/uploads\\\/2024\\\/11\\\/Accord-Allemagne-Kenya.jpg\",\"contentUrl\":\"https:\\\/\\\/www.geopolitics.fr\\\/wp-content\\\/uploads\\\/2024\\\/11\\\/Accord-Allemagne-Kenya.jpg\",\"width\":1480,\"height\":833},{\"@type\":\"BreadcrumbList\",\"@id\":\"https:\\\/\\\/www.geopolitics.fr\\\/2024\\\/11\\\/14\\\/politique-migratoire-le-volte-face-des-dirigeants-allemands-leconomie-dabord\\\/#breadcrumb\",\"itemListElement\":[{\"@type\":\"ListItem\",\"position\":1,\"name\":\"Accueil\",\"item\":\"https:\\\/\\\/www.geopolitics.fr\\\/\"},{\"@type\":\"ListItem\",\"position\":2,\"name\":\"Politique migratoire : le volte-face des dirigeants allemands, l\u2019\u00e9conomie d&#8217;abord !\"}]},{\"@type\":\"WebSite\",\"@id\":\"https:\\\/\\\/www.geopolitics.fr\\\/#website\",\"url\":\"https:\\\/\\\/www.geopolitics.fr\\\/\",\"name\":\"Geopolitics.fr\",\"description\":\"Geopolitics.fr Analyse politique, relations internationales, d\u00e9fense - ligne \u00e9ditoriale gaullo-chiraquienne\",\"publisher\":{\"@id\":\"https:\\\/\\\/www.geopolitics.fr\\\/#organization\"},\"potentialAction\":[{\"@type\":\"SearchAction\",\"target\":{\"@type\":\"EntryPoint\",\"urlTemplate\":\"https:\\\/\\\/www.geopolitics.fr\\\/?s={search_term_string}\"},\"query-input\":{\"@type\":\"PropertyValueSpecification\",\"valueRequired\":true,\"valueName\":\"search_term_string\"}}],\"inLanguage\":\"en-GB\"},{\"@type\":\"Organization\",\"@id\":\"https:\\\/\\\/www.geopolitics.fr\\\/#organization\",\"name\":\"Geopolitics.fr\",\"url\":\"https:\\\/\\\/www.geopolitics.fr\\\/\",\"logo\":{\"@type\":\"ImageObject\",\"inLanguage\":\"en-GB\",\"@id\":\"https:\\\/\\\/www.geopolitics.fr\\\/#\\\/schema\\\/logo\\\/image\\\/\",\"url\":\"https:\\\/\\\/www.geopolitics.fr\\\/wp-content\\\/uploads\\\/2024\\\/01\\\/logo.jpg\",\"contentUrl\":\"https:\\\/\\\/www.geopolitics.fr\\\/wp-content\\\/uploads\\\/2024\\\/01\\\/logo.jpg\",\"width\":500,\"height\":500,\"caption\":\"Geopolitics.fr\"},\"image\":{\"@id\":\"https:\\\/\\\/www.geopolitics.fr\\\/#\\\/schema\\\/logo\\\/image\\\/\"},\"sameAs\":[\"https:\\\/\\\/www.facebook.com\\\/people\\\/Erwan-Davoux\\\/61557098968092\\\/\",\"https:\\\/\\\/x.com\\\/Geopolitics_Fr\"]},{\"@type\":\"Person\",\"@id\":\"https:\\\/\\\/www.geopolitics.fr\\\/#\\\/schema\\\/person\\\/9b98d78234af63d6ad71199d66115350\",\"name\":\"Olivier DELAGARDE\",\"image\":{\"@type\":\"ImageObject\",\"inLanguage\":\"en-GB\",\"@id\":\"https:\\\/\\\/secure.gravatar.com\\\/avatar\\\/2c50afbd303b51697d9591857ee182bf3ead572fa530da00bb0278cf506c3a97?s=96&d=mm&r=g\",\"url\":\"https:\\\/\\\/secure.gravatar.com\\\/avatar\\\/2c50afbd303b51697d9591857ee182bf3ead572fa530da00bb0278cf506c3a97?s=96&d=mm&r=g\",\"contentUrl\":\"https:\\\/\\\/secure.gravatar.com\\\/avatar\\\/2c50afbd303b51697d9591857ee182bf3ead572fa530da00bb0278cf506c3a97?s=96&d=mm&r=g\",\"caption\":\"Olivier DELAGARDE\"},\"description\":\"Journaliste depuis plus de 20 ans, accr\u00e9dit\u00e9 aupr\u00e8s de l'Organisation des Nations Unies, de la Ligue des Etats Arabes, titulaire de la Carte d'Identit\u00e9 des Journalistes Professionnels en France et de la F\u00e9d\u00e9ration Internationale des Journalistes, Olivier a occup\u00e9 le poste de Grand reporter correspondant permanent en \u00c9gypte pour des m\u00e9dias de renomm\u00e9e mondiale tels que TV5 MONDE, le GROUPE M6, le GROUPE TF1 ou encore l\u2019AFP. Durant plus de dix ann\u00e9es, il a produit de nombreux reportages sur la politique internationale en Afrique de l'Est, tout en couvrant les principaux conflits au Proche et Moyen-Orient. En tant que Chef de bureau Proche-Orient pour TV5 MONDE, il \u00e9tait responsable de la production de reportages, des relations institutionnelles et de la repr\u00e9sentation de la cha\u00eene, tout en \u00e9crivant pour plusieurs m\u00e9dias europ\u00e9ens et internationaux.\",\"sameAs\":[\"https:\\\/\\\/www.facebook.com\\\/odelagarde\",\"https:\\\/\\\/www.linkedin.com\\\/in\\\/olivier-delagarde-816b17270\\\/\"],\"url\":\"https:\\\/\\\/www.geopolitics.fr\\\/en\\\/author\\\/odelagarde\\\/\"}]}<\/script>\n<!-- \/ Yoast SEO Premium plugin. -->","yoast_head_json":{"title":"Politique migratoire : le volte-face des dirigeants allemands, l\u2019\u00e9conomie d'abord ! | Geopolitics.fr","description":"SCHOLZ tente de mettre une en place une politique migratoire qui r\u00e9ponde \u00e0 la p\u00e9nurie de main d'\u0153uvre tout en m\u00e9nageant son opinion publique","robots":{"index":"index","follow":"follow","max-snippet":"max-snippet:-1","max-image-preview":"max-image-preview:large","max-video-preview":"max-video-preview:-1"},"canonical":"https:\/\/www.geopolitics.fr\/en\/2024\/11\/14\/politique-migratoire-le-volte-face-des-dirigeants-allemands-leconomie-dabord\/","og_locale":"en_GB","og_type":"article","og_title":"Politique migratoire : le volte-face des dirigeants allemands, l\u2019\u00e9conomie d'abord !","og_description":"SCHOLZ tente de mettre une en place une politique migratoire qui r\u00e9ponde \u00e0 la p\u00e9nurie de main d'\u0153uvre tout en m\u00e9nageant son opinion publique","og_url":"https:\/\/www.geopolitics.fr\/en\/2024\/11\/14\/politique-migratoire-le-volte-face-des-dirigeants-allemands-leconomie-dabord\/","og_site_name":"Geopolitics.fr","article_publisher":"https:\/\/www.facebook.com\/people\/Erwan-Davoux\/61557098968092\/","article_author":"https:\/\/www.facebook.com\/odelagarde","article_published_time":"2024-11-14T16:50:00+00:00","og_image":[{"width":1480,"height":833,"url":"https:\/\/www.geopolitics.fr\/wp-content\/uploads\/2024\/11\/Accord-Allemagne-Kenya.jpg","type":"image\/jpeg"}],"author":"Olivier DELAGARDE","twitter_card":"summary_large_image","twitter_creator":"@Geopolitics_Fr","twitter_site":"@Geopolitics_Fr","twitter_misc":{"Written by":"Olivier DELAGARDE","Estimated reading time":"7 minutes"},"schema":{"@context":"https:\/\/schema.org","@graph":[{"@type":"Article","@id":"https:\/\/www.geopolitics.fr\/2024\/11\/14\/politique-migratoire-le-volte-face-des-dirigeants-allemands-leconomie-dabord\/#article","isPartOf":{"@id":"https:\/\/www.geopolitics.fr\/2024\/11\/14\/politique-migratoire-le-volte-face-des-dirigeants-allemands-leconomie-dabord\/"},"author":{"name":"Olivier DELAGARDE","@id":"https:\/\/www.geopolitics.fr\/#\/schema\/person\/9b98d78234af63d6ad71199d66115350"},"headline":"Politique migratoire : le volte-face des dirigeants allemands, l\u2019\u00e9conomie d&rsquo;abord !","datePublished":"2024-11-14T16:50:00+00:00","mainEntityOfPage":{"@id":"https:\/\/www.geopolitics.fr\/2024\/11\/14\/politique-migratoire-le-volte-face-des-dirigeants-allemands-leconomie-dabord\/"},"wordCount":1432,"commentCount":0,"publisher":{"@id":"https:\/\/www.geopolitics.fr\/#organization"},"image":{"@id":"https:\/\/www.geopolitics.fr\/2024\/11\/14\/politique-migratoire-le-volte-face-des-dirigeants-allemands-leconomie-dabord\/#primaryimage"},"thumbnailUrl":"https:\/\/www.geopolitics.fr\/wp-content\/uploads\/2024\/11\/Accord-Allemagne-Kenya.jpg","keywords":["ALLEMAGNE","IMMIGRATION","KENYA","SCHOLZ"],"articleSection":["International","Mis en AVANT"],"inLanguage":"en-GB"},{"@type":"WebPage","@id":"https:\/\/www.geopolitics.fr\/2024\/11\/14\/politique-migratoire-le-volte-face-des-dirigeants-allemands-leconomie-dabord\/","url":"https:\/\/www.geopolitics.fr\/2024\/11\/14\/politique-migratoire-le-volte-face-des-dirigeants-allemands-leconomie-dabord\/","name":"Politique migratoire : le volte-face des dirigeants allemands, l\u2019\u00e9conomie d'abord ! | Geopolitics.fr","isPartOf":{"@id":"https:\/\/www.geopolitics.fr\/#website"},"primaryImageOfPage":{"@id":"https:\/\/www.geopolitics.fr\/2024\/11\/14\/politique-migratoire-le-volte-face-des-dirigeants-allemands-leconomie-dabord\/#primaryimage"},"image":{"@id":"https:\/\/www.geopolitics.fr\/2024\/11\/14\/politique-migratoire-le-volte-face-des-dirigeants-allemands-leconomie-dabord\/#primaryimage"},"thumbnailUrl":"https:\/\/www.geopolitics.fr\/wp-content\/uploads\/2024\/11\/Accord-Allemagne-Kenya.jpg","datePublished":"2024-11-14T16:50:00+00:00","description":"SCHOLZ tente de mettre une en place une politique migratoire qui r\u00e9ponde \u00e0 la p\u00e9nurie de main d'\u0153uvre tout en m\u00e9nageant son opinion publique","breadcrumb":{"@id":"https:\/\/www.geopolitics.fr\/2024\/11\/14\/politique-migratoire-le-volte-face-des-dirigeants-allemands-leconomie-dabord\/#breadcrumb"},"inLanguage":"en-GB","potentialAction":[{"@type":"ReadAction","target":["https:\/\/www.geopolitics.fr\/2024\/11\/14\/politique-migratoire-le-volte-face-des-dirigeants-allemands-leconomie-dabord\/"]}]},{"@type":"ImageObject","inLanguage":"en-GB","@id":"https:\/\/www.geopolitics.fr\/2024\/11\/14\/politique-migratoire-le-volte-face-des-dirigeants-allemands-leconomie-dabord\/#primaryimage","url":"https:\/\/www.geopolitics.fr\/wp-content\/uploads\/2024\/11\/Accord-Allemagne-Kenya.jpg","contentUrl":"https:\/\/www.geopolitics.fr\/wp-content\/uploads\/2024\/11\/Accord-Allemagne-Kenya.jpg","width":1480,"height":833},{"@type":"BreadcrumbList","@id":"https:\/\/www.geopolitics.fr\/2024\/11\/14\/politique-migratoire-le-volte-face-des-dirigeants-allemands-leconomie-dabord\/#breadcrumb","itemListElement":[{"@type":"ListItem","position":1,"name":"Accueil","item":"https:\/\/www.geopolitics.fr\/"},{"@type":"ListItem","position":2,"name":"Politique migratoire : le volte-face des dirigeants allemands, l\u2019\u00e9conomie d&#8217;abord !"}]},{"@type":"WebSite","@id":"https:\/\/www.geopolitics.fr\/#website","url":"https:\/\/www.geopolitics.fr\/","name":"Geopolitics.fr","description":"Geopolitics.fr Analyse politique, relations internationales, d\u00e9fense - ligne \u00e9ditoriale gaullo-chiraquienne","publisher":{"@id":"https:\/\/www.geopolitics.fr\/#organization"},"potentialAction":[{"@type":"SearchAction","target":{"@type":"EntryPoint","urlTemplate":"https:\/\/www.geopolitics.fr\/?s={search_term_string}"},"query-input":{"@type":"PropertyValueSpecification","valueRequired":true,"valueName":"search_term_string"}}],"inLanguage":"en-GB"},{"@type":"Organization","@id":"https:\/\/www.geopolitics.fr\/#organization","name":"Geopolitics.fr","url":"https:\/\/www.geopolitics.fr\/","logo":{"@type":"ImageObject","inLanguage":"en-GB","@id":"https:\/\/www.geopolitics.fr\/#\/schema\/logo\/image\/","url":"https:\/\/www.geopolitics.fr\/wp-content\/uploads\/2024\/01\/logo.jpg","contentUrl":"https:\/\/www.geopolitics.fr\/wp-content\/uploads\/2024\/01\/logo.jpg","width":500,"height":500,"caption":"Geopolitics.fr"},"image":{"@id":"https:\/\/www.geopolitics.fr\/#\/schema\/logo\/image\/"},"sameAs":["https:\/\/www.facebook.com\/people\/Erwan-Davoux\/61557098968092\/","https:\/\/x.com\/Geopolitics_Fr"]},{"@type":"Person","@id":"https:\/\/www.geopolitics.fr\/#\/schema\/person\/9b98d78234af63d6ad71199d66115350","name":"Olivier DELAGARDE","image":{"@type":"ImageObject","inLanguage":"en-GB","@id":"https:\/\/secure.gravatar.com\/avatar\/2c50afbd303b51697d9591857ee182bf3ead572fa530da00bb0278cf506c3a97?s=96&d=mm&r=g","url":"https:\/\/secure.gravatar.com\/avatar\/2c50afbd303b51697d9591857ee182bf3ead572fa530da00bb0278cf506c3a97?s=96&d=mm&r=g","contentUrl":"https:\/\/secure.gravatar.com\/avatar\/2c50afbd303b51697d9591857ee182bf3ead572fa530da00bb0278cf506c3a97?s=96&d=mm&r=g","caption":"Olivier DELAGARDE"},"description":"Journaliste depuis plus de 20 ans, accr\u00e9dit\u00e9 aupr\u00e8s de l'Organisation des Nations Unies, de la Ligue des Etats Arabes, titulaire de la Carte d'Identit\u00e9 des Journalistes Professionnels en France et de la F\u00e9d\u00e9ration Internationale des Journalistes, Olivier a occup\u00e9 le poste de Grand reporter correspondant permanent en \u00c9gypte pour des m\u00e9dias de renomm\u00e9e mondiale tels que TV5 MONDE, le GROUPE M6, le GROUPE TF1 ou encore l\u2019AFP. Durant plus de dix ann\u00e9es, il a produit de nombreux reportages sur la politique internationale en Afrique de l'Est, tout en couvrant les principaux conflits au Proche et Moyen-Orient. En tant que Chef de bureau Proche-Orient pour TV5 MONDE, il \u00e9tait responsable de la production de reportages, des relations institutionnelles et de la repr\u00e9sentation de la cha\u00eene, tout en \u00e9crivant pour plusieurs m\u00e9dias europ\u00e9ens et internationaux.","sameAs":["https:\/\/www.facebook.com\/odelagarde","https:\/\/www.linkedin.com\/in\/olivier-delagarde-816b17270\/"],"url":"https:\/\/www.geopolitics.fr\/en\/author\/odelagarde\/"}]}},"_links":{"self":[{"href":"https:\/\/www.geopolitics.fr\/en\/wp-json\/wp\/v2\/posts\/3083","targetHints":{"allow":["GET"]}}],"collection":[{"href":"https:\/\/www.geopolitics.fr\/en\/wp-json\/wp\/v2\/posts"}],"about":[{"href":"https:\/\/www.geopolitics.fr\/en\/wp-json\/wp\/v2\/types\/post"}],"author":[{"embeddable":true,"href":"https:\/\/www.geopolitics.fr\/en\/wp-json\/wp\/v2\/users\/93"}],"replies":[{"embeddable":true,"href":"https:\/\/www.geopolitics.fr\/en\/wp-json\/wp\/v2\/comments?post=3083"}],"version-history":[{"count":0,"href":"https:\/\/www.geopolitics.fr\/en\/wp-json\/wp\/v2\/posts\/3083\/revisions"}],"wp:featuredmedia":[{"embeddable":true,"href":"https:\/\/www.geopolitics.fr\/en\/wp-json\/wp\/v2\/media\/3085"}],"wp:attachment":[{"href":"https:\/\/www.geopolitics.fr\/en\/wp-json\/wp\/v2\/media?parent=3083"}],"wp:term":[{"taxonomy":"category","embeddable":true,"href":"https:\/\/www.geopolitics.fr\/en\/wp-json\/wp\/v2\/categories?post=3083"},{"taxonomy":"post_tag","embeddable":true,"href":"https:\/\/www.geopolitics.fr\/en\/wp-json\/wp\/v2\/tags?post=3083"}],"curies":[{"name":"wp","href":"https:\/\/api.w.org\/{rel}","templated":true}]}}