{"id":3080,"date":"2024-11-13T18:00:00","date_gmt":"2024-11-13T17:00:00","guid":{"rendered":"https:\/\/www.geopolitics.fr\/?p=3080"},"modified":"2024-11-13T20:47:16","modified_gmt":"2024-11-13T19:47:16","slug":"le-secretaire-general-de-lonu-tance-les-nations-au-sommet-climatique-de-la-cop29","status":"publish","type":"post","link":"https:\/\/www.geopolitics.fr\/en\/2024\/11\/13\/le-secretaire-general-de-lonu-tance-les-nations-au-sommet-climatique-de-la-cop29\/","title":{"rendered":"Le Secr\u00e9taire g\u00e9n\u00e9ral de l\u2019ONU tance les Nations au sommet climatique de la COP29"},"content":{"rendered":"<h2 class=\"wp-block-heading\" id=\"h-payez-ou-l-humanite-en-paiera-le-prix\">Payez ou l\u2019humanit\u00e9 en paiera le prix\u00a0! \u00bb<\/h2>\n\n\n\n<p class=\"has-medium-font-size wp-block-paragraph\">Dans une \u00e9ni\u00e8me incantation, Ant\u00f3nio Guterres, Secr\u00e9taire g\u00e9n\u00e9ral de l\u2019ONU, a exhort\u00e9, ce mardi, les leaders mondiaux r\u00e9unis \u00e0 Bakou pour le Sommet de l\u2019action climatique (COP29), \u00e0 prendre des mesures imm\u00e9diates afin de r\u00e9duire les \u00e9missions de gaz \u00e0 effet de serre, prot\u00e9ger les populations du chaos climatique et \u00ab abattre les murs du financement climatique\u00bb en r\u00e9ponse \u00e0 la \u00ab destruction climatique \u00bb auquel le monde a assist\u00e9 en 2024.<\/p>\n\n\n\n<h2 class=\"wp-block-heading has-medium-font-size\" id=\"h-palais-des-nations-ou-palais-des-incantations-nbsp\">Palais des Nations ou Palais des incantations&nbsp;? <\/h2>\n\n\n\n<p class=\"has-medium-font-size wp-block-paragraph\">C\u2019est souvent la rh\u00e9torique non sans humour, qui bruisse en salle de presse de la grande maison genevoise, ou journalistes et correspondants internationaux reprennent la toujours tr\u00e8s attendue d\u00e9claration du Secr\u00e9taire g\u00e9n\u00e9ral, telle la \u00ab&nbsp;danse de la pluie ou la potion magique sortie du chaudron&nbsp;\u00bb. La veille, la d\u00e9claration du chef de l\u2019organisation onusienne a claqu\u00e9 une nouvelle fois&nbsp;: \u00ab Le son que vous entendez est celui du tic-tac de l\u2019horloge. Nous sommes dans le compte \u00e0 rebours final pour limiter l\u2019augmentation de la temp\u00e9rature mondiale \u00e0 1,5 degr\u00e9 (Celsius). Et le temps ne joue pas en notre faveur \u00bb, a-t-il averti.<\/p>\n\n\n\n<p class=\"has-medium-font-size wp-block-paragraph\">Dans son discours d\u2019ouverture au Sommet des dirigeants mondiaux pour l\u2019action climatique, le segment minist\u00e9riel de la COP29 qui s\u2019est officiellement ouvert mardi \u00e0 Bakou, la capitale de l\u2019Azerba\u00efdjan, Ant\u00f3nio Guterres en a apport\u00e9 la preuve en indiquant qu\u2019il est \u00ab&nbsp;presque&nbsp;\u00bb certain que 2024 sera l\u2019ann\u00e9e la plus chaude jamais enregistr\u00e9e. \u00ab Aucun pays n\u2019est \u00e9pargn\u00e9 par la destruction climatique&nbsp;\u00bb, a-t-il rappel\u00e9 d\u00e8s fois que la m\u00e9moire fasse d\u00e9faut au monde entier, en \u00e9num\u00e9rant les cons\u00e9quences directes de ce d\u00e9r\u00e8glement&nbsp;: les ouragans \u00e0 r\u00e9p\u00e9tition, les mers en \u00e9bullition, les cultures ravag\u00e9es par la s\u00e9cheresse, \u00ab tout cela \u00e9tant dop\u00e9 par le changement climatique caus\u00e9 par l\u2019\u00eatre humain \u00bb.<\/p>\n\n\n\n<h2 class=\"wp-block-heading has-medium-font-size\" id=\"h-une-injustice-evitable-nbsp\">Une injustice \u00e9vitable&nbsp;?<\/h2>\n\n\n\n<p class=\"has-medium-font-size wp-block-paragraph\">Puis de d\u00e9velopper l\u00e0 encore ce qui n\u2019est plus un secret pour personne&nbsp;: dans le tourbillon de l\u2019\u00e9conomie mondiale, les chocs de la cha\u00eene d\u2019approvisionnement augmentent partout les co\u00fbts ; les r\u00e9coltes d\u00e9cim\u00e9es font grimper les prix des denr\u00e9es alimentaires au niveau mondial ; les maisons d\u00e9truites augmentent les primes d\u2019assurance. \u00ab C\u2019est l\u2019histoire d\u2019une injustice \u00e9vitable. \u00ab\u00a0<strong>Les riches sont \u00e0 l\u2019origine du probl\u00e8me et les pauvres en paient le prix fort \u00bb<\/strong>, a fait valoir le chef de l\u2019ONU notant au passage que l\u2019ONG Oxfam constate qu\u2019en parall\u00e8le, <strong>les milliardaires les plus riches \u00e9mettent plus de carbone en une heure et demie qu\u2019une personne moyenne en une vie enti\u00e8re.<\/strong><\/p>\n\n\n\n<p class=\"has-medium-font-size wp-block-paragraph\">Puis d\u2019ajouter&nbsp;: \u00ab \u00c0 moins que les \u00e9missions ne chutent et que l\u2019adaptation ne monte en fl\u00e8che, toutes les \u00e9conomies seront confront\u00e9es \u00e0 une fureur bien plus grande \u00bb.<\/p>\n\n\n\n<p class=\"has-medium-font-size wp-block-paragraph\">D\u00e9claration digne d\u2019un pr\u00eache dans le d\u00e9sert, mais soit.<\/p>\n\n\n\n<h2 class=\"wp-block-heading has-medium-font-size\" id=\"h-des-raisons-d-esperer-nbsp\">Des raisons d\u2019esp\u00e9rer&nbsp;?<\/h2>\n\n\n\n<p class=\"has-medium-font-size wp-block-paragraph\">\u00ab&nbsp;Mais il y a toutes les raisons d\u2019esp\u00e9rer&nbsp;\u00bb, a poursuivi le Secr\u00e9taire g\u00e9n\u00e9ral devant une assembl\u00e9e impassible, en soulignant comme un rappel les mesures solides prises l\u2019ann\u00e9e derni\u00e8re \u00e0 la Conf\u00e9rence sur le climat s\u2019\u00e9tant d\u00e9roul\u00e9e aux \u00c9mirats arabes unis.<\/p>\n\n\n\n<p class=\"has-medium-font-size wp-block-paragraph\">Effectivement lors de la COP28, toujours pav\u00e9s de bonnes intentions, tous les pays participants \u00e9taient \u00ab&nbsp;tomb\u00e9s d\u2019accord&nbsp;\u00bb en vue de l\u2019abandon des combustibles fossiles, d\u2019acc\u00e9l\u00e9rer la mise en place de syst\u00e8mes d\u2019\u00e9nergie nette z\u00e9ro en fixant des \u00e9tapes pour y parvenir, de stimuler l\u2019adaptation au climat et enfin d\u2019aligner la prochaine s\u00e9rie de plans nationaux sur le climat &#8211; ou PNC &#8211; sur la limite de 1,5 degr\u00e9 Celsius fix\u00e9e \u00e0 Paris. Dont acte.<\/p>\n\n\n\n<p class=\"has-medium-font-size wp-block-paragraph\">Puis de marteler qu\u2019\u00ab il est temps d\u2019agir \u00bb, soulignant au passage qu\u2019un sondage r\u00e9alis\u00e9 par l\u2019Universit\u00e9 d\u2019Oxford et le Programme des Nations Unies pour le d\u00e9veloppement (PNUD), avait r\u00e9v\u00e9l\u00e9 que 80 % des personnes dans le monde souhaitaient davantage d\u2019actions en faveur du climat. En outre, \u00ab les scientifiques, les militants et les jeunes exigent un changement &#8211; ils doivent \u00eatre entendus et non r\u00e9duits au silence \u00bb. Jusqu\u2019ici, rien de neuf sous le brulant soleil.<\/p>\n\n\n\n<p class=\"has-medium-font-size wp-block-paragraph\"><strong>Plus int\u00e9ressant bien qu\u2019\u00e9tay\u00e9 par aucune \u00e9tude probante, le chef de l\u2019ONU a ensuite d\u00e9clar\u00e9 que l\u2019an pass\u00e9 pour la premi\u00e8re fois, le montant des investissements dans les r\u00e9seaux et les \u00e9nergies renouvelables a d\u00e9pass\u00e9 celui des investissements dans les combustibles fossiles et qu\u2019aujourd\u2019hui, presque partout, l\u2019\u00e9nergie solaire et \u00e9olienne reste la source d\u2019\u00e9lectricit\u00e9 la moins ch\u00e8re. <\/strong>\u00ab Doubler la mise sur les combustibles fossiles est absurde. La r\u00e9volution des \u00e9nergies propres est en marche. Aucun groupe, aucune entreprise, aucun gouvernement ne peut l\u2019arr\u00eater. Mais vous pouvez et devez veiller \u00e0 ce qu\u2019elle soit \u00e9quitable et suffisamment rapide pour limiter l\u2019augmentation de la temp\u00e9rature mondiale \u00e0 1,5 degr\u00e9 Celsius \u00bb, a-t-il enjoint aux dirigeants du monde alors que plus avant, ce dernier pointait la responsabilit\u00e9 pr\u00e9cis\u00e9ment sur l\u2019\u00e9conomie mondiale et de ceux qui la font\u2026 De l\u2019\u0153uf ou de la poule&nbsp;?<\/p>\n\n\n\n<h2 class=\"wp-block-heading has-medium-font-size\" id=\"h-trois-priorites-comme-a-chaque-cop-nbsp\">Trois priorit\u00e9s, comme \u00e0 chaque COP&nbsp;?<\/h2>\n\n\n\n<p class=\"has-medium-font-size wp-block-paragraph\">Compte tenu de tous ces \u00e9l\u00e9ments hautement d\u00e9monstratifs, Ant\u00f3nio Guterres a intim\u00e9 que \u00ab les pays en d\u00e9veloppement ne doivent pas quitter Bakou les mains vides \u00bb tout en exhortant les principaux pollueurs pr\u00e9sents \u00e0 la COP29, \u00e0 se concentrer sur trois domaines d\u2019action \u00ab&nbsp;imm\u00e9diate&nbsp;\u00bb :<\/p>\n\n\n\n<p class=\"has-medium-font-size wp-block-paragraph\">1. <strong>R\u00e9duire d\u2019urgence les \u00e9missions de gaz \u00e0 effet de serre &#8211; en diminuant les \u00e9missions de 9 % chaque ann\u00e9e pour atteindre 43 % des niveaux de 2019 d\u2019ici \u00e0 2030.<\/strong> C\u2019est la voie la plus claire pour limiter l\u2019augmentation de la temp\u00e9rature mondiale \u00e0 1,5 degr\u00e9 Celsius.<\/p>\n\n\n\n<p class=\"has-medium-font-size wp-block-paragraph\">2. <strong>Faire plus pour prot\u00e9ger les populations des ravages de la crise climatique. L\u2019\u00e9cart entre les besoins d\u2019adaptation et les financements pourrait atteindre 359 milliards de dollars par an d\u2019ici \u00e0 2030.<\/strong> Les dollars manquants ne sont pas des abstractions sur un bilan, ce sont des vies perdues et des r\u00e9coltes et des d\u00e9veloppements refus\u00e9s.<\/p>\n\n\n\n<p class=\"has-medium-font-size wp-block-paragraph\">3. <strong>Abattre les murs du financement climatique en adoptant un nouvel objectif de financement <\/strong>qui comporte une augmentation significative du financement public concessionnel ; une indication claire de la mani\u00e8re dont le financement public mobilisera les milliards de dollars dont les pays en d\u00e9veloppement ont besoin ; l\u2019utilisation de sources innovantes ; la mise en place d\u2019un cadre pour une plus grande accessibilit\u00e9, transparence et responsabilit\u00e9 ; et l\u2019augmentation de la capacit\u00e9 de pr\u00eat pour des banques multilat\u00e9rales de d\u00e9veloppement plus grandes et plus audacieuses.<\/p>\n\n\n\n<p class=\"has-medium-font-size wp-block-paragraph\">L\u00e0 encore dont acte, bien que les trois mesures \u00e9nonc\u00e9es n\u2019ai que l\u2019attrait d\u2019un copier-coller des rassemblements pr\u00e9c\u00e9dents.<\/p>\n\n\n\n<h2 class=\"wp-block-heading has-medium-font-size\" id=\"h-payer-ou-payer-le-prix-nbsp\">Payer ou payer le prix&nbsp;?<\/h2>\n\n\n\n<p class=\"has-medium-font-size wp-block-paragraph\">\u00ab <strong>En ce qui concerne le financement de la lutte contre le changement climatique, le monde doit payer, sinon l\u2019humanit\u00e9 en paiera le prix \u00bb, a insist\u00e9 le Secr\u00e9taire g\u00e9n\u00e9ral de l\u2019ONU. Mais qui est le monde&nbsp;? Le producteur&nbsp;? L\u2019importateur&nbsp;? Le vendeur ou l\u2019acheteur final&nbsp;?<\/strong><\/p>\n\n\n\n<p class=\"has-medium-font-size wp-block-paragraph\">Aussi de rappeler aux dirigeants mondiaux que \u00ab vous et vos gouvernements devez \u00eatre guid\u00e9s par une v\u00e9rit\u00e9 claire : <strong>le financement de la lutte contre le changement climatique n\u2019est pas de la charit\u00e9, c\u2019est un investissement <\/strong>; l\u2019action en faveur du climat n\u2019est pas facultative, c\u2019est un imp\u00e9ratif. Ces deux \u00e9l\u00e9ments sont indispensables, pour garantir un monde vivable \u00e0 l\u2019ensemble de l\u2019humanit\u00e9. Et un avenir prosp\u00e8re pour toutes les nations de la plan\u00e8te \u00bb.<\/p>\n\n\n\n<p class=\"has-medium-font-size wp-block-paragraph\">Amen.<\/p>","protected":false},"excerpt":{"rendered":"<p>Payez ou l\u2019humanit\u00e9 en paiera le prix\u00a0! \u00bb Dans une \u00e9ni\u00e8me incantation, Ant\u00f3nio Guterres, Secr\u00e9taire g\u00e9n\u00e9ral de l\u2019ONU, a exhort\u00e9, ce mardi,&hellip;<\/p>","protected":false},"author":93,"featured_media":3081,"comment_status":"open","ping_status":"open","sticky":false,"template":"","format":"standard","meta":{"_lmt_disableupdate":"","_lmt_disable":"","footnotes":""},"categories":[41,5,4],"tags":[352,353,354],"class_list":["post-3080","post","type-post","status-publish","format-standard","has-post-thumbnail","hentry","category-actualite","category-international","category-mis-en-avant","tag-cop29","tag-dereglement-climatique","tag-guterres"],"yoast_head":"<!-- This site is optimized with the Yoast SEO Premium plugin v28.1 (Yoast SEO v28.1) - https:\/\/yoast.com\/product\/yoast-seo-premium-wordpress\/ -->\n<title>Le Secr\u00e9taire g\u00e9n\u00e9ral de l\u2019ONU tance les Nations au sommet climatique de la COP29 | Geopolitics.fr<\/title>\n<meta name=\"description\" content=\"Le cri d&#039;alarme du SG de l&#039;ONU \u00e0 la COP29 de Bakou sera-t-il entendu ? Ou s&#039;agit-il d&#039;un \u00e9ni\u00e8me coup d&#039;\u00e9p\u00e9e dans l&#039;eau ?\" \/>\n<meta name=\"robots\" content=\"index, follow, max-snippet:-1, max-image-preview:large, max-video-preview:-1\" \/>\n<link rel=\"canonical\" href=\"https:\/\/www.geopolitics.fr\/en\/2024\/11\/13\/le-secretaire-general-de-lonu-tance-les-nations-au-sommet-climatique-de-la-cop29\/\" \/>\n<meta property=\"og:locale\" content=\"en_GB\" \/>\n<meta property=\"og:type\" content=\"article\" \/>\n<meta property=\"og:title\" content=\"Le Secr\u00e9taire g\u00e9n\u00e9ral de l\u2019ONU tance les Nations au sommet climatique de la COP29\" \/>\n<meta property=\"og:description\" content=\"Le cri d&#039;alarme du SG de l&#039;ONU \u00e0 la COP29 de Bakou sera-t-il entendu ? Ou s&#039;agit-il d&#039;un \u00e9ni\u00e8me coup d&#039;\u00e9p\u00e9e dans l&#039;eau ?\" \/>\n<meta property=\"og:url\" content=\"https:\/\/www.geopolitics.fr\/en\/2024\/11\/13\/le-secretaire-general-de-lonu-tance-les-nations-au-sommet-climatique-de-la-cop29\/\" \/>\n<meta property=\"og:site_name\" content=\"Geopolitics.fr\" \/>\n<meta property=\"article:publisher\" content=\"https:\/\/www.facebook.com\/people\/Erwan-Davoux\/61557098968092\/\" \/>\n<meta property=\"article:author\" content=\"https:\/\/www.facebook.com\/odelagarde\" \/>\n<meta property=\"article:published_time\" content=\"2024-11-13T17:00:00+00:00\" \/>\n<meta property=\"article:modified_time\" content=\"2024-11-13T19:47:16+00:00\" \/>\n<meta property=\"og:image\" content=\"https:\/\/www.geopolitics.fr\/wp-content\/uploads\/2024\/11\/COP-29-credit-Habib-Samadov-ONU-1.jpg\" \/>\n\t<meta property=\"og:image:width\" content=\"1170\" \/>\n\t<meta property=\"og:image:height\" content=\"530\" \/>\n\t<meta property=\"og:image:type\" content=\"image\/jpeg\" \/>\n<meta name=\"author\" content=\"Olivier DELAGARDE\" \/>\n<meta name=\"twitter:card\" content=\"summary_large_image\" \/>\n<meta name=\"twitter:creator\" content=\"@Geopolitics_Fr\" \/>\n<meta name=\"twitter:site\" content=\"@Geopolitics_Fr\" \/>\n<meta name=\"twitter:label1\" content=\"Written by\" \/>\n\t<meta name=\"twitter:data1\" content=\"Olivier DELAGARDE\" \/>\n\t<meta name=\"twitter:label2\" content=\"Estimated reading time\" \/>\n\t<meta name=\"twitter:data2\" content=\"6 minutes\" \/>\n<script type=\"application\/ld+json\" class=\"yoast-schema-graph\">{\"@context\":\"https:\\\/\\\/schema.org\",\"@graph\":[{\"@type\":\"Article\",\"@id\":\"https:\\\/\\\/www.geopolitics.fr\\\/2024\\\/11\\\/13\\\/le-secretaire-general-de-lonu-tance-les-nations-au-sommet-climatique-de-la-cop29\\\/#article\",\"isPartOf\":{\"@id\":\"https:\\\/\\\/www.geopolitics.fr\\\/2024\\\/11\\\/13\\\/le-secretaire-general-de-lonu-tance-les-nations-au-sommet-climatique-de-la-cop29\\\/\"},\"author\":{\"name\":\"Olivier DELAGARDE\",\"@id\":\"https:\\\/\\\/www.geopolitics.fr\\\/#\\\/schema\\\/person\\\/9b98d78234af63d6ad71199d66115350\"},\"headline\":\"Le Secr\u00e9taire g\u00e9n\u00e9ral de l\u2019ONU tance les Nations au sommet climatique de la COP29\",\"datePublished\":\"2024-11-13T17:00:00+00:00\",\"dateModified\":\"2024-11-13T19:47:16+00:00\",\"mainEntityOfPage\":{\"@id\":\"https:\\\/\\\/www.geopolitics.fr\\\/2024\\\/11\\\/13\\\/le-secretaire-general-de-lonu-tance-les-nations-au-sommet-climatique-de-la-cop29\\\/\"},\"wordCount\":1335,\"commentCount\":0,\"publisher\":{\"@id\":\"https:\\\/\\\/www.geopolitics.fr\\\/#organization\"},\"image\":{\"@id\":\"https:\\\/\\\/www.geopolitics.fr\\\/2024\\\/11\\\/13\\\/le-secretaire-general-de-lonu-tance-les-nations-au-sommet-climatique-de-la-cop29\\\/#primaryimage\"},\"thumbnailUrl\":\"https:\\\/\\\/www.geopolitics.fr\\\/wp-content\\\/uploads\\\/2024\\\/11\\\/COP-29-credit-Habib-Samadov-ONU-1.jpg\",\"keywords\":[\"COP29\",\"DEREGLEMENT CLIMATIQUE\",\"GUTERRES\"],\"articleSection\":[\"Actualit\u00e9\",\"International\",\"Mis en AVANT\"],\"inLanguage\":\"en-GB\"},{\"@type\":\"WebPage\",\"@id\":\"https:\\\/\\\/www.geopolitics.fr\\\/2024\\\/11\\\/13\\\/le-secretaire-general-de-lonu-tance-les-nations-au-sommet-climatique-de-la-cop29\\\/\",\"url\":\"https:\\\/\\\/www.geopolitics.fr\\\/2024\\\/11\\\/13\\\/le-secretaire-general-de-lonu-tance-les-nations-au-sommet-climatique-de-la-cop29\\\/\",\"name\":\"Le Secr\u00e9taire g\u00e9n\u00e9ral de l\u2019ONU tance les Nations au sommet climatique de la COP29 | Geopolitics.fr\",\"isPartOf\":{\"@id\":\"https:\\\/\\\/www.geopolitics.fr\\\/#website\"},\"primaryImageOfPage\":{\"@id\":\"https:\\\/\\\/www.geopolitics.fr\\\/2024\\\/11\\\/13\\\/le-secretaire-general-de-lonu-tance-les-nations-au-sommet-climatique-de-la-cop29\\\/#primaryimage\"},\"image\":{\"@id\":\"https:\\\/\\\/www.geopolitics.fr\\\/2024\\\/11\\\/13\\\/le-secretaire-general-de-lonu-tance-les-nations-au-sommet-climatique-de-la-cop29\\\/#primaryimage\"},\"thumbnailUrl\":\"https:\\\/\\\/www.geopolitics.fr\\\/wp-content\\\/uploads\\\/2024\\\/11\\\/COP-29-credit-Habib-Samadov-ONU-1.jpg\",\"datePublished\":\"2024-11-13T17:00:00+00:00\",\"dateModified\":\"2024-11-13T19:47:16+00:00\",\"description\":\"Le cri d'alarme du SG de l'ONU \u00e0 la COP29 de Bakou sera-t-il entendu ? Ou s'agit-il d'un \u00e9ni\u00e8me coup d'\u00e9p\u00e9e dans l'eau ?\",\"breadcrumb\":{\"@id\":\"https:\\\/\\\/www.geopolitics.fr\\\/2024\\\/11\\\/13\\\/le-secretaire-general-de-lonu-tance-les-nations-au-sommet-climatique-de-la-cop29\\\/#breadcrumb\"},\"inLanguage\":\"en-GB\",\"potentialAction\":[{\"@type\":\"ReadAction\",\"target\":[\"https:\\\/\\\/www.geopolitics.fr\\\/2024\\\/11\\\/13\\\/le-secretaire-general-de-lonu-tance-les-nations-au-sommet-climatique-de-la-cop29\\\/\"]}]},{\"@type\":\"ImageObject\",\"inLanguage\":\"en-GB\",\"@id\":\"https:\\\/\\\/www.geopolitics.fr\\\/2024\\\/11\\\/13\\\/le-secretaire-general-de-lonu-tance-les-nations-au-sommet-climatique-de-la-cop29\\\/#primaryimage\",\"url\":\"https:\\\/\\\/www.geopolitics.fr\\\/wp-content\\\/uploads\\\/2024\\\/11\\\/COP-29-credit-Habib-Samadov-ONU-1.jpg\",\"contentUrl\":\"https:\\\/\\\/www.geopolitics.fr\\\/wp-content\\\/uploads\\\/2024\\\/11\\\/COP-29-credit-Habib-Samadov-ONU-1.jpg\",\"width\":1170,\"height\":530},{\"@type\":\"BreadcrumbList\",\"@id\":\"https:\\\/\\\/www.geopolitics.fr\\\/2024\\\/11\\\/13\\\/le-secretaire-general-de-lonu-tance-les-nations-au-sommet-climatique-de-la-cop29\\\/#breadcrumb\",\"itemListElement\":[{\"@type\":\"ListItem\",\"position\":1,\"name\":\"Accueil\",\"item\":\"https:\\\/\\\/www.geopolitics.fr\\\/\"},{\"@type\":\"ListItem\",\"position\":2,\"name\":\"Le Secr\u00e9taire g\u00e9n\u00e9ral de l\u2019ONU tance les Nations au sommet climatique de la COP29\"}]},{\"@type\":\"WebSite\",\"@id\":\"https:\\\/\\\/www.geopolitics.fr\\\/#website\",\"url\":\"https:\\\/\\\/www.geopolitics.fr\\\/\",\"name\":\"Geopolitics.fr\",\"description\":\"Geopolitics.fr Analyse politique, relations internationales, d\u00e9fense - ligne \u00e9ditoriale gaullo-chiraquienne\",\"publisher\":{\"@id\":\"https:\\\/\\\/www.geopolitics.fr\\\/#organization\"},\"potentialAction\":[{\"@type\":\"SearchAction\",\"target\":{\"@type\":\"EntryPoint\",\"urlTemplate\":\"https:\\\/\\\/www.geopolitics.fr\\\/?s={search_term_string}\"},\"query-input\":{\"@type\":\"PropertyValueSpecification\",\"valueRequired\":true,\"valueName\":\"search_term_string\"}}],\"inLanguage\":\"en-GB\"},{\"@type\":\"Organization\",\"@id\":\"https:\\\/\\\/www.geopolitics.fr\\\/#organization\",\"name\":\"Geopolitics.fr\",\"url\":\"https:\\\/\\\/www.geopolitics.fr\\\/\",\"logo\":{\"@type\":\"ImageObject\",\"inLanguage\":\"en-GB\",\"@id\":\"https:\\\/\\\/www.geopolitics.fr\\\/#\\\/schema\\\/logo\\\/image\\\/\",\"url\":\"https:\\\/\\\/www.geopolitics.fr\\\/wp-content\\\/uploads\\\/2024\\\/01\\\/logo.jpg\",\"contentUrl\":\"https:\\\/\\\/www.geopolitics.fr\\\/wp-content\\\/uploads\\\/2024\\\/01\\\/logo.jpg\",\"width\":500,\"height\":500,\"caption\":\"Geopolitics.fr\"},\"image\":{\"@id\":\"https:\\\/\\\/www.geopolitics.fr\\\/#\\\/schema\\\/logo\\\/image\\\/\"},\"sameAs\":[\"https:\\\/\\\/www.facebook.com\\\/people\\\/Erwan-Davoux\\\/61557098968092\\\/\",\"https:\\\/\\\/x.com\\\/Geopolitics_Fr\"]},{\"@type\":\"Person\",\"@id\":\"https:\\\/\\\/www.geopolitics.fr\\\/#\\\/schema\\\/person\\\/9b98d78234af63d6ad71199d66115350\",\"name\":\"Olivier DELAGARDE\",\"image\":{\"@type\":\"ImageObject\",\"inLanguage\":\"en-GB\",\"@id\":\"https:\\\/\\\/secure.gravatar.com\\\/avatar\\\/2c50afbd303b51697d9591857ee182bf3ead572fa530da00bb0278cf506c3a97?s=96&d=mm&r=g\",\"url\":\"https:\\\/\\\/secure.gravatar.com\\\/avatar\\\/2c50afbd303b51697d9591857ee182bf3ead572fa530da00bb0278cf506c3a97?s=96&d=mm&r=g\",\"contentUrl\":\"https:\\\/\\\/secure.gravatar.com\\\/avatar\\\/2c50afbd303b51697d9591857ee182bf3ead572fa530da00bb0278cf506c3a97?s=96&d=mm&r=g\",\"caption\":\"Olivier DELAGARDE\"},\"description\":\"Journaliste depuis plus de 20 ans, accr\u00e9dit\u00e9 aupr\u00e8s de l'Organisation des Nations Unies, de la Ligue des Etats Arabes, titulaire de la Carte d'Identit\u00e9 des Journalistes Professionnels en France et de la F\u00e9d\u00e9ration Internationale des Journalistes, Olivier a occup\u00e9 le poste de Grand reporter correspondant permanent en \u00c9gypte pour des m\u00e9dias de renomm\u00e9e mondiale tels que TV5 MONDE, le GROUPE M6, le GROUPE TF1 ou encore l\u2019AFP. Durant plus de dix ann\u00e9es, il a produit de nombreux reportages sur la politique internationale en Afrique de l'Est, tout en couvrant les principaux conflits au Proche et Moyen-Orient. En tant que Chef de bureau Proche-Orient pour TV5 MONDE, il \u00e9tait responsable de la production de reportages, des relations institutionnelles et de la repr\u00e9sentation de la cha\u00eene, tout en \u00e9crivant pour plusieurs m\u00e9dias europ\u00e9ens et internationaux.\",\"sameAs\":[\"https:\\\/\\\/www.facebook.com\\\/odelagarde\",\"https:\\\/\\\/www.linkedin.com\\\/in\\\/olivier-delagarde-816b17270\\\/\"],\"url\":\"https:\\\/\\\/www.geopolitics.fr\\\/en\\\/author\\\/odelagarde\\\/\"}]}<\/script>\n<!-- \/ Yoast SEO Premium plugin. -->","yoast_head_json":{"title":"Le Secr\u00e9taire g\u00e9n\u00e9ral de l\u2019ONU tance les Nations au sommet climatique de la COP29 | Geopolitics.fr","description":"Le cri d'alarme du SG de l'ONU \u00e0 la COP29 de Bakou sera-t-il entendu ? Ou s'agit-il d'un \u00e9ni\u00e8me coup d'\u00e9p\u00e9e dans l'eau ?","robots":{"index":"index","follow":"follow","max-snippet":"max-snippet:-1","max-image-preview":"max-image-preview:large","max-video-preview":"max-video-preview:-1"},"canonical":"https:\/\/www.geopolitics.fr\/en\/2024\/11\/13\/le-secretaire-general-de-lonu-tance-les-nations-au-sommet-climatique-de-la-cop29\/","og_locale":"en_GB","og_type":"article","og_title":"Le Secr\u00e9taire g\u00e9n\u00e9ral de l\u2019ONU tance les Nations au sommet climatique de la COP29","og_description":"Le cri d'alarme du SG de l'ONU \u00e0 la COP29 de Bakou sera-t-il entendu ? Ou s'agit-il d'un \u00e9ni\u00e8me coup d'\u00e9p\u00e9e dans l'eau ?","og_url":"https:\/\/www.geopolitics.fr\/en\/2024\/11\/13\/le-secretaire-general-de-lonu-tance-les-nations-au-sommet-climatique-de-la-cop29\/","og_site_name":"Geopolitics.fr","article_publisher":"https:\/\/www.facebook.com\/people\/Erwan-Davoux\/61557098968092\/","article_author":"https:\/\/www.facebook.com\/odelagarde","article_published_time":"2024-11-13T17:00:00+00:00","article_modified_time":"2024-11-13T19:47:16+00:00","og_image":[{"width":1170,"height":530,"url":"https:\/\/www.geopolitics.fr\/wp-content\/uploads\/2024\/11\/COP-29-credit-Habib-Samadov-ONU-1.jpg","type":"image\/jpeg"}],"author":"Olivier DELAGARDE","twitter_card":"summary_large_image","twitter_creator":"@Geopolitics_Fr","twitter_site":"@Geopolitics_Fr","twitter_misc":{"Written by":"Olivier DELAGARDE","Estimated reading time":"6 minutes"},"schema":{"@context":"https:\/\/schema.org","@graph":[{"@type":"Article","@id":"https:\/\/www.geopolitics.fr\/2024\/11\/13\/le-secretaire-general-de-lonu-tance-les-nations-au-sommet-climatique-de-la-cop29\/#article","isPartOf":{"@id":"https:\/\/www.geopolitics.fr\/2024\/11\/13\/le-secretaire-general-de-lonu-tance-les-nations-au-sommet-climatique-de-la-cop29\/"},"author":{"name":"Olivier DELAGARDE","@id":"https:\/\/www.geopolitics.fr\/#\/schema\/person\/9b98d78234af63d6ad71199d66115350"},"headline":"Le Secr\u00e9taire g\u00e9n\u00e9ral de l\u2019ONU tance les Nations au sommet climatique de la COP29","datePublished":"2024-11-13T17:00:00+00:00","dateModified":"2024-11-13T19:47:16+00:00","mainEntityOfPage":{"@id":"https:\/\/www.geopolitics.fr\/2024\/11\/13\/le-secretaire-general-de-lonu-tance-les-nations-au-sommet-climatique-de-la-cop29\/"},"wordCount":1335,"commentCount":0,"publisher":{"@id":"https:\/\/www.geopolitics.fr\/#organization"},"image":{"@id":"https:\/\/www.geopolitics.fr\/2024\/11\/13\/le-secretaire-general-de-lonu-tance-les-nations-au-sommet-climatique-de-la-cop29\/#primaryimage"},"thumbnailUrl":"https:\/\/www.geopolitics.fr\/wp-content\/uploads\/2024\/11\/COP-29-credit-Habib-Samadov-ONU-1.jpg","keywords":["COP29","DEREGLEMENT CLIMATIQUE","GUTERRES"],"articleSection":["Actualit\u00e9","International","Mis en AVANT"],"inLanguage":"en-GB"},{"@type":"WebPage","@id":"https:\/\/www.geopolitics.fr\/2024\/11\/13\/le-secretaire-general-de-lonu-tance-les-nations-au-sommet-climatique-de-la-cop29\/","url":"https:\/\/www.geopolitics.fr\/2024\/11\/13\/le-secretaire-general-de-lonu-tance-les-nations-au-sommet-climatique-de-la-cop29\/","name":"Le Secr\u00e9taire g\u00e9n\u00e9ral de l\u2019ONU tance les Nations au sommet climatique de la COP29 | Geopolitics.fr","isPartOf":{"@id":"https:\/\/www.geopolitics.fr\/#website"},"primaryImageOfPage":{"@id":"https:\/\/www.geopolitics.fr\/2024\/11\/13\/le-secretaire-general-de-lonu-tance-les-nations-au-sommet-climatique-de-la-cop29\/#primaryimage"},"image":{"@id":"https:\/\/www.geopolitics.fr\/2024\/11\/13\/le-secretaire-general-de-lonu-tance-les-nations-au-sommet-climatique-de-la-cop29\/#primaryimage"},"thumbnailUrl":"https:\/\/www.geopolitics.fr\/wp-content\/uploads\/2024\/11\/COP-29-credit-Habib-Samadov-ONU-1.jpg","datePublished":"2024-11-13T17:00:00+00:00","dateModified":"2024-11-13T19:47:16+00:00","description":"Le cri d'alarme du SG de l'ONU \u00e0 la COP29 de Bakou sera-t-il entendu ? Ou s'agit-il d'un \u00e9ni\u00e8me coup d'\u00e9p\u00e9e dans l'eau ?","breadcrumb":{"@id":"https:\/\/www.geopolitics.fr\/2024\/11\/13\/le-secretaire-general-de-lonu-tance-les-nations-au-sommet-climatique-de-la-cop29\/#breadcrumb"},"inLanguage":"en-GB","potentialAction":[{"@type":"ReadAction","target":["https:\/\/www.geopolitics.fr\/2024\/11\/13\/le-secretaire-general-de-lonu-tance-les-nations-au-sommet-climatique-de-la-cop29\/"]}]},{"@type":"ImageObject","inLanguage":"en-GB","@id":"https:\/\/www.geopolitics.fr\/2024\/11\/13\/le-secretaire-general-de-lonu-tance-les-nations-au-sommet-climatique-de-la-cop29\/#primaryimage","url":"https:\/\/www.geopolitics.fr\/wp-content\/uploads\/2024\/11\/COP-29-credit-Habib-Samadov-ONU-1.jpg","contentUrl":"https:\/\/www.geopolitics.fr\/wp-content\/uploads\/2024\/11\/COP-29-credit-Habib-Samadov-ONU-1.jpg","width":1170,"height":530},{"@type":"BreadcrumbList","@id":"https:\/\/www.geopolitics.fr\/2024\/11\/13\/le-secretaire-general-de-lonu-tance-les-nations-au-sommet-climatique-de-la-cop29\/#breadcrumb","itemListElement":[{"@type":"ListItem","position":1,"name":"Accueil","item":"https:\/\/www.geopolitics.fr\/"},{"@type":"ListItem","position":2,"name":"Le Secr\u00e9taire g\u00e9n\u00e9ral de l\u2019ONU tance les Nations au sommet climatique de la COP29"}]},{"@type":"WebSite","@id":"https:\/\/www.geopolitics.fr\/#website","url":"https:\/\/www.geopolitics.fr\/","name":"Geopolitics.fr","description":"Geopolitics.fr Analyse politique, relations internationales, d\u00e9fense - ligne \u00e9ditoriale gaullo-chiraquienne","publisher":{"@id":"https:\/\/www.geopolitics.fr\/#organization"},"potentialAction":[{"@type":"SearchAction","target":{"@type":"EntryPoint","urlTemplate":"https:\/\/www.geopolitics.fr\/?s={search_term_string}"},"query-input":{"@type":"PropertyValueSpecification","valueRequired":true,"valueName":"search_term_string"}}],"inLanguage":"en-GB"},{"@type":"Organization","@id":"https:\/\/www.geopolitics.fr\/#organization","name":"Geopolitics.fr","url":"https:\/\/www.geopolitics.fr\/","logo":{"@type":"ImageObject","inLanguage":"en-GB","@id":"https:\/\/www.geopolitics.fr\/#\/schema\/logo\/image\/","url":"https:\/\/www.geopolitics.fr\/wp-content\/uploads\/2024\/01\/logo.jpg","contentUrl":"https:\/\/www.geopolitics.fr\/wp-content\/uploads\/2024\/01\/logo.jpg","width":500,"height":500,"caption":"Geopolitics.fr"},"image":{"@id":"https:\/\/www.geopolitics.fr\/#\/schema\/logo\/image\/"},"sameAs":["https:\/\/www.facebook.com\/people\/Erwan-Davoux\/61557098968092\/","https:\/\/x.com\/Geopolitics_Fr"]},{"@type":"Person","@id":"https:\/\/www.geopolitics.fr\/#\/schema\/person\/9b98d78234af63d6ad71199d66115350","name":"Olivier DELAGARDE","image":{"@type":"ImageObject","inLanguage":"en-GB","@id":"https:\/\/secure.gravatar.com\/avatar\/2c50afbd303b51697d9591857ee182bf3ead572fa530da00bb0278cf506c3a97?s=96&d=mm&r=g","url":"https:\/\/secure.gravatar.com\/avatar\/2c50afbd303b51697d9591857ee182bf3ead572fa530da00bb0278cf506c3a97?s=96&d=mm&r=g","contentUrl":"https:\/\/secure.gravatar.com\/avatar\/2c50afbd303b51697d9591857ee182bf3ead572fa530da00bb0278cf506c3a97?s=96&d=mm&r=g","caption":"Olivier DELAGARDE"},"description":"Journaliste depuis plus de 20 ans, accr\u00e9dit\u00e9 aupr\u00e8s de l'Organisation des Nations Unies, de la Ligue des Etats Arabes, titulaire de la Carte d'Identit\u00e9 des Journalistes Professionnels en France et de la F\u00e9d\u00e9ration Internationale des Journalistes, Olivier a occup\u00e9 le poste de Grand reporter correspondant permanent en \u00c9gypte pour des m\u00e9dias de renomm\u00e9e mondiale tels que TV5 MONDE, le GROUPE M6, le GROUPE TF1 ou encore l\u2019AFP. Durant plus de dix ann\u00e9es, il a produit de nombreux reportages sur la politique internationale en Afrique de l'Est, tout en couvrant les principaux conflits au Proche et Moyen-Orient. En tant que Chef de bureau Proche-Orient pour TV5 MONDE, il \u00e9tait responsable de la production de reportages, des relations institutionnelles et de la repr\u00e9sentation de la cha\u00eene, tout en \u00e9crivant pour plusieurs m\u00e9dias europ\u00e9ens et internationaux.","sameAs":["https:\/\/www.facebook.com\/odelagarde","https:\/\/www.linkedin.com\/in\/olivier-delagarde-816b17270\/"],"url":"https:\/\/www.geopolitics.fr\/en\/author\/odelagarde\/"}]}},"_links":{"self":[{"href":"https:\/\/www.geopolitics.fr\/en\/wp-json\/wp\/v2\/posts\/3080","targetHints":{"allow":["GET"]}}],"collection":[{"href":"https:\/\/www.geopolitics.fr\/en\/wp-json\/wp\/v2\/posts"}],"about":[{"href":"https:\/\/www.geopolitics.fr\/en\/wp-json\/wp\/v2\/types\/post"}],"author":[{"embeddable":true,"href":"https:\/\/www.geopolitics.fr\/en\/wp-json\/wp\/v2\/users\/93"}],"replies":[{"embeddable":true,"href":"https:\/\/www.geopolitics.fr\/en\/wp-json\/wp\/v2\/comments?post=3080"}],"version-history":[{"count":0,"href":"https:\/\/www.geopolitics.fr\/en\/wp-json\/wp\/v2\/posts\/3080\/revisions"}],"wp:featuredmedia":[{"embeddable":true,"href":"https:\/\/www.geopolitics.fr\/en\/wp-json\/wp\/v2\/media\/3081"}],"wp:attachment":[{"href":"https:\/\/www.geopolitics.fr\/en\/wp-json\/wp\/v2\/media?parent=3080"}],"wp:term":[{"taxonomy":"category","embeddable":true,"href":"https:\/\/www.geopolitics.fr\/en\/wp-json\/wp\/v2\/categories?post=3080"},{"taxonomy":"post_tag","embeddable":true,"href":"https:\/\/www.geopolitics.fr\/en\/wp-json\/wp\/v2\/tags?post=3080"}],"curies":[{"name":"wp","href":"https:\/\/api.w.org\/{rel}","templated":true}]}}