{"id":3077,"date":"2024-11-14T09:00:00","date_gmt":"2024-11-14T08:00:00","guid":{"rendered":"https:\/\/www.geopolitics.fr\/?p=3077"},"modified":"2024-11-13T10:30:10","modified_gmt":"2024-11-13T09:30:10","slug":"au-mali-la-chaine-francophone-tv5-monde-persona-non-grata","status":"publish","type":"post","link":"https:\/\/www.geopolitics.fr\/en\/2024\/11\/14\/au-mali-la-chaine-francophone-tv5-monde-persona-non-grata\/","title":{"rendered":"Au Mali, la chaine francophone TV5 Monde persona non grata"},"content":{"rendered":"<p class=\"has-medium-font-size wp-block-paragraph\"><em>Les chaines d\u2019informations fran\u00e7aises sont bel et bien dans le viseur de la junte malienne. Apr\u00e8s France 24 et Radio France Internationale (RFI) qui avaient d\u00e9j\u00e0 \u00e9t\u00e9 priv\u00e9es d\u2019antenne, c\u2019est la chaine francophone TV5 Monde qui est frapp\u00e9e d\u2019\u00e9mission. Plus r\u00e9cemment, France 2 a, elle aussi, \u00e9t\u00e9 suspendue d\u00e9but 2024, avant que LCI ne connaisse le m\u00eame sort fin ao\u00fbt. Un nouveau coup port\u00e9 \u00e0 l\u2019ind\u00e9pendance de la presse.<\/em><\/p>\n\n\n\n<h2 class=\"wp-block-heading\" id=\"h-un-contexte-d-information-muselee\">Un contexte d&rsquo;information musel\u00e9e<\/h2>\n\n\n\n<p class=\"has-medium-font-size wp-block-paragraph\">La junte au pouvoir au Mali a suspendu, il y a quelques semaines, et pour trois mois, la diffusion de la cha\u00eene francophone TV5 Monde, qui a, selon elle, a manqu\u00e9 \u00ab\u00a0d\u2019\u00e9quilibre\u00a0\u00bb dans le traitement d\u2019une information, selon une d\u00e9cision que l\u2019Agence France-Presse (AFP) a relay\u00e9 le mercredi 11\u00a0septembre dernier. D\u00e9p\u00eache rest\u00e9e bien discr\u00e8te.<\/p>\n\n\n\n<p class=\"has-medium-font-size wp-block-paragraph\">La Haute Autorit\u00e9 de la communication (HAC) reproche \u00e0 la direction de l\u2019information d\u2019avoir fait \u00e9tat, dans son \u00e9dition du journal Afrique tr\u00e8s suivie au Mali, de la mort d\u2019au moins quinze civils dans des raids de drone \u00e0 Tinzaouat\u00e8ne, dans le Nord du pays, faisant fi de la version officielle, en l\u2019occurrence celle de l\u2019arm\u00e9e malienne.<\/p>\n\n\n\n<p class=\"has-medium-font-size wp-block-paragraph\">La direction de la cha\u00eene quant \u00e0 elle \u00ab&nbsp;<em>regrette cette situation et notamment de ne pas avoir \u00e9t\u00e9 saisie par la HAC et de n\u2019avoir pu apporter des explications au regard des faits qui lui sont reproch\u00e9s&nbsp;<\/em>\u00bb, a-t-elle r\u00e9agit dans un communiqu\u00e9, lui aussi noy\u00e9 dans les limbes d\u2019informations en continu. Cette derni\u00e8re pr\u00e9cise par ailleurs, qu\u2019au moment o\u00f9 l\u2019information a \u00e9t\u00e9 diffus\u00e9e sur son antenne, l\u2019arm\u00e9e malienne n\u2019avait pas encore donn\u00e9 sa version des faits et ce, malgr\u00e9 plusieurs sollicitations en ce sens et respectant le principe contradictoire. N\u00e9anmoins, la \u00ab&nbsp;version&nbsp;\u00bb de l\u2019arm\u00e9e au pouvoir a \u00e9t\u00e9 communiqu\u00e9e par la cha\u00eene dans une br\u00e8ve dat\u00e9e du 26&nbsp;ao\u00fbt.<\/p>\n\n\n\n<p class=\"has-medium-font-size wp-block-paragraph\">Le souvenir des faits g\u00e9opolitiques&nbsp;: les militaires de la junte au pouvoir, apr\u00e8s avoir renvers\u00e9 le pr\u00e9sident \u00e9lu Ibrahim Boubacar Ke\u00efta en 2020, ont rompu deux ans plus tard avec la France et ses partenaires europ\u00e9ens, se tournant ainsi militairement et politiquement vers Moscou.<\/p>\n\n\n\n<h2 class=\"wp-block-heading alignwide\" id=\"we-re-a-studio-in-berlin-with-an-international-practice-in-architecture-urban-planning-and-interior-design-we-believe-in-sharing-knowledge-and-promoting-dialogue-to-increase-the-creative-potential-of-collaboration\" style=\"font-size:24px;line-height:1.1\">             TV5 Monde, un op\u00e9rateur officiel de l&rsquo;OIF<\/h2>\n\n\n\n<p class=\"has-medium-font-size wp-block-paragraph\">Depuis, France&nbsp;24 et Radio France Internationale (RFI), tous deux tr\u00e8s suivies au Mali, ont \u00e9t\u00e9 priv\u00e9es d\u2019antenne. La chaine de service public fran\u00e7ais France&nbsp;2 avait, elle aussi, \u00e9t\u00e9 suspendue d\u00e9but&nbsp;2024, avant que LCI appartenant au groupe priv\u00e9 TF1 ne connaisse le m\u00eame sort fin ao\u00fbt.<\/p>\n\n\n\n<p class=\"has-medium-font-size wp-block-paragraph\">Nombreux sont les correspondants d\u2019un certain nombre de m\u00e9dias \u00e9trangers, principalement occidentaux, contraints au d\u00e9part ou au silence.<\/p>\n\n\n\n<p class=\"has-medium-font-size wp-block-paragraph\">Sur le plan int\u00e9rieur, pas mieux&nbsp;: la junte avait aussi interdit en avril aux m\u00e9dias de couvrir les activit\u00e9s des partis politiques, ce qui avait suscit\u00e9 de vives r\u00e9actions \u00e0 l\u2019\u00e9tranger et de nombreux commentaires sur les r\u00e9seaux sociaux. Bien que l\u2019opposition soit dans une large mesure r\u00e9duite au silence. Au Burkina Faso et au Niger, voisins et alli\u00e9s du Mali, des militaires se sont \u00e9galement empar\u00e9s du pouvoir par la force, en&nbsp;2022 et&nbsp;2023. L\u00e0 encore, des mesures de muselages et de pressions ont \u00e9t\u00e9 engag\u00e9es \u00e0 l\u2019encontre de la presse \u00e9trang\u00e8re.<\/p>\n\n\n\n<p class=\"has-medium-font-size wp-block-paragraph\">Pour m\u00e9moire, la cha\u00eene de t\u00e9l\u00e9vision TV5 Monde, qui a pour vocation de promouvoir la culture et la cr\u00e9ation francophone sous toutes ses formes, est l\u2019op\u00e9rateur officiel de l\u2019Organisation internationale de la francophonie (OIF). Son capital est partag\u00e9 par des entreprises audiovisuelles publiques fran\u00e7aises (dont France T\u00e9l\u00e9visions), belge, suisse, canadienne et qu\u00e9b\u00e9coise.<\/p>\n\n\n\n<p class=\"has-medium-font-size wp-block-paragraph\">C\u00f4t\u00e9 institutions internationales, politiques ou repr\u00e9sentatives de la s\u00e9curit\u00e9 et de la paix, diplomatiques, des libert\u00e9s ou bien encore des droits de l\u2019homme&nbsp;: silence radio.<\/p>","protected":false},"excerpt":{"rendered":"<p>Les chaines d\u2019informations fran\u00e7aises sont bel et bien dans le viseur de la junte malienne. Apr\u00e8s France 24 et Radio France Internationale&hellip;<\/p>","protected":false},"author":93,"featured_media":3078,"comment_status":"open","ping_status":"open","sticky":false,"template":"","format":"standard","meta":{"_lmt_disableupdate":"","_lmt_disable":"","footnotes":""},"categories":[4],"tags":[134,349],"class_list":["post-3077","post","type-post","status-publish","format-standard","has-post-thumbnail","hentry","category-mis-en-avant","tag-mali","tag-tv5-monde"],"yoast_head":"<!-- This site is optimized with the Yoast SEO Premium plugin v28.1 (Yoast SEO v28.1) - https:\/\/yoast.com\/product\/yoast-seo-premium-wordpress\/ -->\n<title>Au Mali, la chaine francophone TV5 Monde persona non grata | Geopolitics.fr<\/title>\n<meta name=\"description\" content=\"Dans un contexte d&#039;information musel\u00e9e au Mali, c&#039;est au tour de TV5 Monde d&#039;\u00eatre sanctionn\u00e9e, apr\u00e8s plusieurs m\u00e9dias fran\u00e7ais\" \/>\n<meta name=\"robots\" content=\"index, follow, max-snippet:-1, max-image-preview:large, max-video-preview:-1\" \/>\n<link rel=\"canonical\" href=\"https:\/\/www.geopolitics.fr\/en\/2024\/11\/14\/au-mali-la-chaine-francophone-tv5-monde-persona-non-grata\/\" \/>\n<meta property=\"og:locale\" content=\"en_GB\" \/>\n<meta property=\"og:type\" content=\"article\" \/>\n<meta property=\"og:title\" content=\"Au Mali, la chaine francophone TV5 Monde persona non grata\" \/>\n<meta property=\"og:description\" content=\"Dans un contexte d&#039;information musel\u00e9e au Mali, c&#039;est au tour de TV5 Monde d&#039;\u00eatre sanctionn\u00e9e, apr\u00e8s plusieurs m\u00e9dias fran\u00e7ais\" \/>\n<meta property=\"og:url\" content=\"https:\/\/www.geopolitics.fr\/en\/2024\/11\/14\/au-mali-la-chaine-francophone-tv5-monde-persona-non-grata\/\" \/>\n<meta property=\"og:site_name\" content=\"Geopolitics.fr\" \/>\n<meta property=\"article:publisher\" content=\"https:\/\/www.facebook.com\/people\/Erwan-Davoux\/61557098968092\/\" \/>\n<meta property=\"article:author\" content=\"https:\/\/www.facebook.com\/odelagarde\" \/>\n<meta property=\"article:published_time\" content=\"2024-11-14T08:00:00+00:00\" \/>\n<meta property=\"og:image\" content=\"https:\/\/www.geopolitics.fr\/wp-content\/uploads\/2024\/11\/No-signal-TV5-Monde-1.jpg\" \/>\n\t<meta property=\"og:image:width\" content=\"583\" \/>\n\t<meta property=\"og:image:height\" content=\"250\" \/>\n\t<meta property=\"og:image:type\" content=\"image\/jpeg\" \/>\n<meta name=\"author\" content=\"Olivier DELAGARDE\" \/>\n<meta name=\"twitter:card\" content=\"summary_large_image\" \/>\n<meta name=\"twitter:creator\" content=\"@Geopolitics_Fr\" \/>\n<meta name=\"twitter:site\" content=\"@Geopolitics_Fr\" \/>\n<meta name=\"twitter:label1\" content=\"Written by\" \/>\n\t<meta name=\"twitter:data1\" content=\"Olivier DELAGARDE\" \/>\n\t<meta name=\"twitter:label2\" content=\"Estimated reading time\" \/>\n\t<meta name=\"twitter:data2\" content=\"4 minutes\" \/>\n<script type=\"application\/ld+json\" class=\"yoast-schema-graph\">{\"@context\":\"https:\\\/\\\/schema.org\",\"@graph\":[{\"@type\":\"Article\",\"@id\":\"https:\\\/\\\/www.geopolitics.fr\\\/2024\\\/11\\\/14\\\/au-mali-la-chaine-francophone-tv5-monde-persona-non-grata\\\/#article\",\"isPartOf\":{\"@id\":\"https:\\\/\\\/www.geopolitics.fr\\\/2024\\\/11\\\/14\\\/au-mali-la-chaine-francophone-tv5-monde-persona-non-grata\\\/\"},\"author\":{\"name\":\"Olivier DELAGARDE\",\"@id\":\"https:\\\/\\\/www.geopolitics.fr\\\/#\\\/schema\\\/person\\\/9b98d78234af63d6ad71199d66115350\"},\"headline\":\"Au Mali, la chaine francophone TV5 Monde persona non grata\",\"datePublished\":\"2024-11-14T08:00:00+00:00\",\"mainEntityOfPage\":{\"@id\":\"https:\\\/\\\/www.geopolitics.fr\\\/2024\\\/11\\\/14\\\/au-mali-la-chaine-francophone-tv5-monde-persona-non-grata\\\/\"},\"wordCount\":691,\"commentCount\":0,\"publisher\":{\"@id\":\"https:\\\/\\\/www.geopolitics.fr\\\/#organization\"},\"image\":{\"@id\":\"https:\\\/\\\/www.geopolitics.fr\\\/2024\\\/11\\\/14\\\/au-mali-la-chaine-francophone-tv5-monde-persona-non-grata\\\/#primaryimage\"},\"thumbnailUrl\":\"https:\\\/\\\/www.geopolitics.fr\\\/wp-content\\\/uploads\\\/2024\\\/11\\\/No-signal-TV5-Monde-1.jpg\",\"keywords\":[\"MALI\",\"TV5 MONDE\"],\"articleSection\":[\"Mis en AVANT\"],\"inLanguage\":\"en-GB\"},{\"@type\":\"WebPage\",\"@id\":\"https:\\\/\\\/www.geopolitics.fr\\\/2024\\\/11\\\/14\\\/au-mali-la-chaine-francophone-tv5-monde-persona-non-grata\\\/\",\"url\":\"https:\\\/\\\/www.geopolitics.fr\\\/2024\\\/11\\\/14\\\/au-mali-la-chaine-francophone-tv5-monde-persona-non-grata\\\/\",\"name\":\"Au Mali, la chaine francophone TV5 Monde persona non grata | Geopolitics.fr\",\"isPartOf\":{\"@id\":\"https:\\\/\\\/www.geopolitics.fr\\\/#website\"},\"primaryImageOfPage\":{\"@id\":\"https:\\\/\\\/www.geopolitics.fr\\\/2024\\\/11\\\/14\\\/au-mali-la-chaine-francophone-tv5-monde-persona-non-grata\\\/#primaryimage\"},\"image\":{\"@id\":\"https:\\\/\\\/www.geopolitics.fr\\\/2024\\\/11\\\/14\\\/au-mali-la-chaine-francophone-tv5-monde-persona-non-grata\\\/#primaryimage\"},\"thumbnailUrl\":\"https:\\\/\\\/www.geopolitics.fr\\\/wp-content\\\/uploads\\\/2024\\\/11\\\/No-signal-TV5-Monde-1.jpg\",\"datePublished\":\"2024-11-14T08:00:00+00:00\",\"description\":\"Dans un contexte d'information musel\u00e9e au Mali, c'est au tour de TV5 Monde d'\u00eatre sanctionn\u00e9e, apr\u00e8s plusieurs m\u00e9dias fran\u00e7ais\",\"breadcrumb\":{\"@id\":\"https:\\\/\\\/www.geopolitics.fr\\\/2024\\\/11\\\/14\\\/au-mali-la-chaine-francophone-tv5-monde-persona-non-grata\\\/#breadcrumb\"},\"inLanguage\":\"en-GB\",\"potentialAction\":[{\"@type\":\"ReadAction\",\"target\":[\"https:\\\/\\\/www.geopolitics.fr\\\/2024\\\/11\\\/14\\\/au-mali-la-chaine-francophone-tv5-monde-persona-non-grata\\\/\"]}]},{\"@type\":\"ImageObject\",\"inLanguage\":\"en-GB\",\"@id\":\"https:\\\/\\\/www.geopolitics.fr\\\/2024\\\/11\\\/14\\\/au-mali-la-chaine-francophone-tv5-monde-persona-non-grata\\\/#primaryimage\",\"url\":\"https:\\\/\\\/www.geopolitics.fr\\\/wp-content\\\/uploads\\\/2024\\\/11\\\/No-signal-TV5-Monde-1.jpg\",\"contentUrl\":\"https:\\\/\\\/www.geopolitics.fr\\\/wp-content\\\/uploads\\\/2024\\\/11\\\/No-signal-TV5-Monde-1.jpg\",\"width\":583,\"height\":250},{\"@type\":\"BreadcrumbList\",\"@id\":\"https:\\\/\\\/www.geopolitics.fr\\\/2024\\\/11\\\/14\\\/au-mali-la-chaine-francophone-tv5-monde-persona-non-grata\\\/#breadcrumb\",\"itemListElement\":[{\"@type\":\"ListItem\",\"position\":1,\"name\":\"Accueil\",\"item\":\"https:\\\/\\\/www.geopolitics.fr\\\/\"},{\"@type\":\"ListItem\",\"position\":2,\"name\":\"Au Mali, la chaine francophone TV5 Monde persona non grata\"}]},{\"@type\":\"WebSite\",\"@id\":\"https:\\\/\\\/www.geopolitics.fr\\\/#website\",\"url\":\"https:\\\/\\\/www.geopolitics.fr\\\/\",\"name\":\"Geopolitics.fr\",\"description\":\"Geopolitics.fr Analyse politique, relations internationales, d\u00e9fense - ligne \u00e9ditoriale gaullo-chiraquienne\",\"publisher\":{\"@id\":\"https:\\\/\\\/www.geopolitics.fr\\\/#organization\"},\"potentialAction\":[{\"@type\":\"SearchAction\",\"target\":{\"@type\":\"EntryPoint\",\"urlTemplate\":\"https:\\\/\\\/www.geopolitics.fr\\\/?s={search_term_string}\"},\"query-input\":{\"@type\":\"PropertyValueSpecification\",\"valueRequired\":true,\"valueName\":\"search_term_string\"}}],\"inLanguage\":\"en-GB\"},{\"@type\":\"Organization\",\"@id\":\"https:\\\/\\\/www.geopolitics.fr\\\/#organization\",\"name\":\"Geopolitics.fr\",\"url\":\"https:\\\/\\\/www.geopolitics.fr\\\/\",\"logo\":{\"@type\":\"ImageObject\",\"inLanguage\":\"en-GB\",\"@id\":\"https:\\\/\\\/www.geopolitics.fr\\\/#\\\/schema\\\/logo\\\/image\\\/\",\"url\":\"https:\\\/\\\/www.geopolitics.fr\\\/wp-content\\\/uploads\\\/2024\\\/01\\\/logo.jpg\",\"contentUrl\":\"https:\\\/\\\/www.geopolitics.fr\\\/wp-content\\\/uploads\\\/2024\\\/01\\\/logo.jpg\",\"width\":500,\"height\":500,\"caption\":\"Geopolitics.fr\"},\"image\":{\"@id\":\"https:\\\/\\\/www.geopolitics.fr\\\/#\\\/schema\\\/logo\\\/image\\\/\"},\"sameAs\":[\"https:\\\/\\\/www.facebook.com\\\/people\\\/Erwan-Davoux\\\/61557098968092\\\/\",\"https:\\\/\\\/x.com\\\/Geopolitics_Fr\"]},{\"@type\":\"Person\",\"@id\":\"https:\\\/\\\/www.geopolitics.fr\\\/#\\\/schema\\\/person\\\/9b98d78234af63d6ad71199d66115350\",\"name\":\"Olivier DELAGARDE\",\"image\":{\"@type\":\"ImageObject\",\"inLanguage\":\"en-GB\",\"@id\":\"https:\\\/\\\/secure.gravatar.com\\\/avatar\\\/2c50afbd303b51697d9591857ee182bf3ead572fa530da00bb0278cf506c3a97?s=96&d=mm&r=g\",\"url\":\"https:\\\/\\\/secure.gravatar.com\\\/avatar\\\/2c50afbd303b51697d9591857ee182bf3ead572fa530da00bb0278cf506c3a97?s=96&d=mm&r=g\",\"contentUrl\":\"https:\\\/\\\/secure.gravatar.com\\\/avatar\\\/2c50afbd303b51697d9591857ee182bf3ead572fa530da00bb0278cf506c3a97?s=96&d=mm&r=g\",\"caption\":\"Olivier DELAGARDE\"},\"description\":\"Journaliste depuis plus de 20 ans, accr\u00e9dit\u00e9 aupr\u00e8s de l'Organisation des Nations Unies, de la Ligue des Etats Arabes, titulaire de la Carte d'Identit\u00e9 des Journalistes Professionnels en France et de la F\u00e9d\u00e9ration Internationale des Journalistes, Olivier a occup\u00e9 le poste de Grand reporter correspondant permanent en \u00c9gypte pour des m\u00e9dias de renomm\u00e9e mondiale tels que TV5 MONDE, le GROUPE M6, le GROUPE TF1 ou encore l\u2019AFP. Durant plus de dix ann\u00e9es, il a produit de nombreux reportages sur la politique internationale en Afrique de l'Est, tout en couvrant les principaux conflits au Proche et Moyen-Orient. En tant que Chef de bureau Proche-Orient pour TV5 MONDE, il \u00e9tait responsable de la production de reportages, des relations institutionnelles et de la repr\u00e9sentation de la cha\u00eene, tout en \u00e9crivant pour plusieurs m\u00e9dias europ\u00e9ens et internationaux.\",\"sameAs\":[\"https:\\\/\\\/www.facebook.com\\\/odelagarde\",\"https:\\\/\\\/www.linkedin.com\\\/in\\\/olivier-delagarde-816b17270\\\/\"],\"url\":\"https:\\\/\\\/www.geopolitics.fr\\\/en\\\/author\\\/odelagarde\\\/\"}]}<\/script>\n<!-- \/ Yoast SEO Premium plugin. -->","yoast_head_json":{"title":"Au Mali, la chaine francophone TV5 Monde persona non grata | Geopolitics.fr","description":"Dans un contexte d'information musel\u00e9e au Mali, c'est au tour de TV5 Monde d'\u00eatre sanctionn\u00e9e, apr\u00e8s plusieurs m\u00e9dias fran\u00e7ais","robots":{"index":"index","follow":"follow","max-snippet":"max-snippet:-1","max-image-preview":"max-image-preview:large","max-video-preview":"max-video-preview:-1"},"canonical":"https:\/\/www.geopolitics.fr\/en\/2024\/11\/14\/au-mali-la-chaine-francophone-tv5-monde-persona-non-grata\/","og_locale":"en_GB","og_type":"article","og_title":"Au Mali, la chaine francophone TV5 Monde persona non grata","og_description":"Dans un contexte d'information musel\u00e9e au Mali, c'est au tour de TV5 Monde d'\u00eatre sanctionn\u00e9e, apr\u00e8s plusieurs m\u00e9dias fran\u00e7ais","og_url":"https:\/\/www.geopolitics.fr\/en\/2024\/11\/14\/au-mali-la-chaine-francophone-tv5-monde-persona-non-grata\/","og_site_name":"Geopolitics.fr","article_publisher":"https:\/\/www.facebook.com\/people\/Erwan-Davoux\/61557098968092\/","article_author":"https:\/\/www.facebook.com\/odelagarde","article_published_time":"2024-11-14T08:00:00+00:00","og_image":[{"width":583,"height":250,"url":"https:\/\/www.geopolitics.fr\/wp-content\/uploads\/2024\/11\/No-signal-TV5-Monde-1.jpg","type":"image\/jpeg"}],"author":"Olivier DELAGARDE","twitter_card":"summary_large_image","twitter_creator":"@Geopolitics_Fr","twitter_site":"@Geopolitics_Fr","twitter_misc":{"Written by":"Olivier DELAGARDE","Estimated reading time":"4 minutes"},"schema":{"@context":"https:\/\/schema.org","@graph":[{"@type":"Article","@id":"https:\/\/www.geopolitics.fr\/2024\/11\/14\/au-mali-la-chaine-francophone-tv5-monde-persona-non-grata\/#article","isPartOf":{"@id":"https:\/\/www.geopolitics.fr\/2024\/11\/14\/au-mali-la-chaine-francophone-tv5-monde-persona-non-grata\/"},"author":{"name":"Olivier DELAGARDE","@id":"https:\/\/www.geopolitics.fr\/#\/schema\/person\/9b98d78234af63d6ad71199d66115350"},"headline":"Au Mali, la chaine francophone TV5 Monde persona non grata","datePublished":"2024-11-14T08:00:00+00:00","mainEntityOfPage":{"@id":"https:\/\/www.geopolitics.fr\/2024\/11\/14\/au-mali-la-chaine-francophone-tv5-monde-persona-non-grata\/"},"wordCount":691,"commentCount":0,"publisher":{"@id":"https:\/\/www.geopolitics.fr\/#organization"},"image":{"@id":"https:\/\/www.geopolitics.fr\/2024\/11\/14\/au-mali-la-chaine-francophone-tv5-monde-persona-non-grata\/#primaryimage"},"thumbnailUrl":"https:\/\/www.geopolitics.fr\/wp-content\/uploads\/2024\/11\/No-signal-TV5-Monde-1.jpg","keywords":["MALI","TV5 MONDE"],"articleSection":["Mis en AVANT"],"inLanguage":"en-GB"},{"@type":"WebPage","@id":"https:\/\/www.geopolitics.fr\/2024\/11\/14\/au-mali-la-chaine-francophone-tv5-monde-persona-non-grata\/","url":"https:\/\/www.geopolitics.fr\/2024\/11\/14\/au-mali-la-chaine-francophone-tv5-monde-persona-non-grata\/","name":"Au Mali, la chaine francophone TV5 Monde persona non grata | Geopolitics.fr","isPartOf":{"@id":"https:\/\/www.geopolitics.fr\/#website"},"primaryImageOfPage":{"@id":"https:\/\/www.geopolitics.fr\/2024\/11\/14\/au-mali-la-chaine-francophone-tv5-monde-persona-non-grata\/#primaryimage"},"image":{"@id":"https:\/\/www.geopolitics.fr\/2024\/11\/14\/au-mali-la-chaine-francophone-tv5-monde-persona-non-grata\/#primaryimage"},"thumbnailUrl":"https:\/\/www.geopolitics.fr\/wp-content\/uploads\/2024\/11\/No-signal-TV5-Monde-1.jpg","datePublished":"2024-11-14T08:00:00+00:00","description":"Dans un contexte d'information musel\u00e9e au Mali, c'est au tour de TV5 Monde d'\u00eatre sanctionn\u00e9e, apr\u00e8s plusieurs m\u00e9dias fran\u00e7ais","breadcrumb":{"@id":"https:\/\/www.geopolitics.fr\/2024\/11\/14\/au-mali-la-chaine-francophone-tv5-monde-persona-non-grata\/#breadcrumb"},"inLanguage":"en-GB","potentialAction":[{"@type":"ReadAction","target":["https:\/\/www.geopolitics.fr\/2024\/11\/14\/au-mali-la-chaine-francophone-tv5-monde-persona-non-grata\/"]}]},{"@type":"ImageObject","inLanguage":"en-GB","@id":"https:\/\/www.geopolitics.fr\/2024\/11\/14\/au-mali-la-chaine-francophone-tv5-monde-persona-non-grata\/#primaryimage","url":"https:\/\/www.geopolitics.fr\/wp-content\/uploads\/2024\/11\/No-signal-TV5-Monde-1.jpg","contentUrl":"https:\/\/www.geopolitics.fr\/wp-content\/uploads\/2024\/11\/No-signal-TV5-Monde-1.jpg","width":583,"height":250},{"@type":"BreadcrumbList","@id":"https:\/\/www.geopolitics.fr\/2024\/11\/14\/au-mali-la-chaine-francophone-tv5-monde-persona-non-grata\/#breadcrumb","itemListElement":[{"@type":"ListItem","position":1,"name":"Accueil","item":"https:\/\/www.geopolitics.fr\/"},{"@type":"ListItem","position":2,"name":"Au Mali, la chaine francophone TV5 Monde persona non grata"}]},{"@type":"WebSite","@id":"https:\/\/www.geopolitics.fr\/#website","url":"https:\/\/www.geopolitics.fr\/","name":"Geopolitics.fr","description":"Geopolitics.fr Analyse politique, relations internationales, d\u00e9fense - ligne \u00e9ditoriale gaullo-chiraquienne","publisher":{"@id":"https:\/\/www.geopolitics.fr\/#organization"},"potentialAction":[{"@type":"SearchAction","target":{"@type":"EntryPoint","urlTemplate":"https:\/\/www.geopolitics.fr\/?s={search_term_string}"},"query-input":{"@type":"PropertyValueSpecification","valueRequired":true,"valueName":"search_term_string"}}],"inLanguage":"en-GB"},{"@type":"Organization","@id":"https:\/\/www.geopolitics.fr\/#organization","name":"Geopolitics.fr","url":"https:\/\/www.geopolitics.fr\/","logo":{"@type":"ImageObject","inLanguage":"en-GB","@id":"https:\/\/www.geopolitics.fr\/#\/schema\/logo\/image\/","url":"https:\/\/www.geopolitics.fr\/wp-content\/uploads\/2024\/01\/logo.jpg","contentUrl":"https:\/\/www.geopolitics.fr\/wp-content\/uploads\/2024\/01\/logo.jpg","width":500,"height":500,"caption":"Geopolitics.fr"},"image":{"@id":"https:\/\/www.geopolitics.fr\/#\/schema\/logo\/image\/"},"sameAs":["https:\/\/www.facebook.com\/people\/Erwan-Davoux\/61557098968092\/","https:\/\/x.com\/Geopolitics_Fr"]},{"@type":"Person","@id":"https:\/\/www.geopolitics.fr\/#\/schema\/person\/9b98d78234af63d6ad71199d66115350","name":"Olivier DELAGARDE","image":{"@type":"ImageObject","inLanguage":"en-GB","@id":"https:\/\/secure.gravatar.com\/avatar\/2c50afbd303b51697d9591857ee182bf3ead572fa530da00bb0278cf506c3a97?s=96&d=mm&r=g","url":"https:\/\/secure.gravatar.com\/avatar\/2c50afbd303b51697d9591857ee182bf3ead572fa530da00bb0278cf506c3a97?s=96&d=mm&r=g","contentUrl":"https:\/\/secure.gravatar.com\/avatar\/2c50afbd303b51697d9591857ee182bf3ead572fa530da00bb0278cf506c3a97?s=96&d=mm&r=g","caption":"Olivier DELAGARDE"},"description":"Journaliste depuis plus de 20 ans, accr\u00e9dit\u00e9 aupr\u00e8s de l'Organisation des Nations Unies, de la Ligue des Etats Arabes, titulaire de la Carte d'Identit\u00e9 des Journalistes Professionnels en France et de la F\u00e9d\u00e9ration Internationale des Journalistes, Olivier a occup\u00e9 le poste de Grand reporter correspondant permanent en \u00c9gypte pour des m\u00e9dias de renomm\u00e9e mondiale tels que TV5 MONDE, le GROUPE M6, le GROUPE TF1 ou encore l\u2019AFP. Durant plus de dix ann\u00e9es, il a produit de nombreux reportages sur la politique internationale en Afrique de l'Est, tout en couvrant les principaux conflits au Proche et Moyen-Orient. En tant que Chef de bureau Proche-Orient pour TV5 MONDE, il \u00e9tait responsable de la production de reportages, des relations institutionnelles et de la repr\u00e9sentation de la cha\u00eene, tout en \u00e9crivant pour plusieurs m\u00e9dias europ\u00e9ens et internationaux.","sameAs":["https:\/\/www.facebook.com\/odelagarde","https:\/\/www.linkedin.com\/in\/olivier-delagarde-816b17270\/"],"url":"https:\/\/www.geopolitics.fr\/en\/author\/odelagarde\/"}]}},"_links":{"self":[{"href":"https:\/\/www.geopolitics.fr\/en\/wp-json\/wp\/v2\/posts\/3077","targetHints":{"allow":["GET"]}}],"collection":[{"href":"https:\/\/www.geopolitics.fr\/en\/wp-json\/wp\/v2\/posts"}],"about":[{"href":"https:\/\/www.geopolitics.fr\/en\/wp-json\/wp\/v2\/types\/post"}],"author":[{"embeddable":true,"href":"https:\/\/www.geopolitics.fr\/en\/wp-json\/wp\/v2\/users\/93"}],"replies":[{"embeddable":true,"href":"https:\/\/www.geopolitics.fr\/en\/wp-json\/wp\/v2\/comments?post=3077"}],"version-history":[{"count":0,"href":"https:\/\/www.geopolitics.fr\/en\/wp-json\/wp\/v2\/posts\/3077\/revisions"}],"wp:featuredmedia":[{"embeddable":true,"href":"https:\/\/www.geopolitics.fr\/en\/wp-json\/wp\/v2\/media\/3078"}],"wp:attachment":[{"href":"https:\/\/www.geopolitics.fr\/en\/wp-json\/wp\/v2\/media?parent=3077"}],"wp:term":[{"taxonomy":"category","embeddable":true,"href":"https:\/\/www.geopolitics.fr\/en\/wp-json\/wp\/v2\/categories?post=3077"},{"taxonomy":"post_tag","embeddable":true,"href":"https:\/\/www.geopolitics.fr\/en\/wp-json\/wp\/v2\/tags?post=3077"}],"curies":[{"name":"wp","href":"https:\/\/api.w.org\/{rel}","templated":true}]}}