{"id":3071,"date":"2024-11-12T17:45:44","date_gmt":"2024-11-12T16:45:44","guid":{"rendered":"https:\/\/www.geopolitics.fr\/?p=3071"},"modified":"2024-11-12T17:45:47","modified_gmt":"2024-11-12T16:45:47","slug":"rechauffement-des-relations-entre-legypte-et-la-turquie-apres-une-decennie-de-divergence","status":"publish","type":"post","link":"https:\/\/www.geopolitics.fr\/en\/2024\/11\/12\/rechauffement-des-relations-entre-legypte-et-la-turquie-apres-une-decennie-de-divergence\/","title":{"rendered":"R\u00e9chauffement des relations entre l\u2019\u00c9gypte et la Turquie apr\u00e8s\u00a0 une d\u00e9cennie de divergence"},"content":{"rendered":"\n<p class=\"has-medium-font-size wp-block-paragraph\"><strong>Le pr\u00e9sident \u00e9gyptien Abdel Fattah al-Sissi a accueilli peu avant l\u2019\u00e9t\u00e9 au Caire, son homologue turc Recep Tayyip Erdo\u011fan pour une visite in\u00e9dite, qui marque un tournant dans les relations entre les deux pays apr\u00e8s une d\u00e9cennie de brouille.<\/strong><br>Apr\u00e8s plus d\u2019une dizaine d\u2019ann\u00e9es de relations tendues avec l\u2019\u00c9gypte, le pr\u00e9sident turc Recep Tayyip Erdo\u011fan s\u2019est rendu au Caire au printemps dernier, plut\u00f4t discr\u00e8tement et sans faste m\u00e9diatique, r\u00e9pondant ainsi \u00e0 l\u2019invitation du Ra\u00efs \u00e9gyptien.<br>Jusqu\u2019alors, les deux dirigeants se consid\u00e9raient r\u00e9ciproquement comme <strong>persona non grata depuis pr\u00e8s de dix ans, principalement en raison du coup d\u2019\u00c9tat perp\u00e9tr\u00e9 en 2013 par Sissi contre son pr\u00e9d\u00e9cesseur Mohamed Morsi<\/strong>, alli\u00e9 id\u00e9ologique d\u2019Erdo\u011fan.<br><strong>Toutefois depuis 2021 et dans les coulisses diplomatiques, tout semblait mis en \u0153uvre afin de trouver des convergences, \u00e9conomiques <\/strong>notamment, alors que les finances des deux pays ne sont gu\u00e8re au beau fixe. Les premiers signes de cette \u00ab\u00a0d\u00e9tente relationnelle\u00a0\u00bb sont apparus lors de la Coupe du monde de football se d\u00e9roulant \u00e0 Doha en 2022, lorsque les deux hommes ont consentis \u00e0 s\u2019afficher en public apr\u00e8s s\u2019\u00eatre bri\u00e8vement rencontr\u00e9s \u00ab\u00a0officiellement\u00a0\u00bb pour la premi\u00e8re fois.<br>Dernier signe en date d\u2019un r\u00e9engagement du dialogue, le ministre turc des Affaires \u00e9trang\u00e8res, <strong>Hakan Fidan, de d\u00e9clarer \u00e0 qui veut l\u2019entendre que la Turquie pourrait vendre des drones \u00e0 l\u2019\u00c9gypte.<\/strong> \u00ab Nous avons conclu un accord pour livrer [\u00e0 l\u2019\u00c9gypte] des v\u00e9hicules a\u00e9riens sans pilote et d\u2019autres technologies \u00bb, avait alors annonc\u00e9 Hakan Fidan lors d\u2019une interview t\u00e9l\u00e9vis\u00e9e, sans s\u2019\u00e9tendre plus apr\u00e8s sur les d\u00e9tails de la transaction.<br><br>Plus r\u00e9cemment, le chef de la diplomatie turque, tentant de souffler le chaud et le froid dans la r\u00e9gion depuis l\u2019assaut isra\u00e9lien sur Gaza, s\u2019\u00e9tait \u00e9galement rendu au Caire en octobre dernier et au pr\u00e9alable de la visit\u00e9 officielle pr\u00e9sidentielle, afin d\u2019y rencontrer plusieurs hauts chefs militaires \u00e9gyptiens, puis le Pr\u00e9sident Sissi en personne.  Mehmet \u00d6zkan, professeur \u00e0 l\u2019Universit\u00e9 de la D\u00e9fense nationale en Turquie, per\u00e7oit cette d\u00e9tente comme \u00ab <strong>un passage de l\u2019ent\u00eatement strat\u00e9gique \u00e0 des relations de bons int\u00e9r\u00eats r\u00e9ciproques \u00bb.<\/strong><br>\u00ab Au lendemain du Printemps arabe, la Turquie et l\u2019\u00c9gypte se sont obstin\u00e9es \u00e0 d\u00e9fendre certaines questions. Toutefois, l\u2019\u00e9volution des circonstances fait que cet ent\u00eatement est aujourd\u2019hui relativement rompu \u00bb, explique-t-il. \u00ab Certes, il reste \u00e0 voir quelle sera la vitalit\u00e9 des relations entre les deux pays. \u00bb Entendu\u00a0: au-del\u00e0 des opportunismes \u00e0 court terme.<br>Il n\u2019\u00e9chappera \u00e0 aucun analyste de la r\u00e9gion que l\u2019effort de normalisation avec les puissances r\u00e9gionales fait pleinement partie des objectifs de la politique \u00e9trang\u00e8re du gouvernement turc actuel, fraichement \u00e9lu en mai certes, mais \u00e9galement \u00ab\u00a0fort attendu\u00a0\u00bb par une population en souffrance.<br><strong>Hakan Fidan, nouveau patron des Affaires \u00e9trang\u00e8res et des \u00ab\u00a0relations\u00a0\u00bb internationales, s\u2019efforce d\u2019am\u00e9liorer les relations avec d\u2019autres pays, occidentaux notamment, depuis sa nomination<\/strong>, cela ne fait gu\u00e8re myst\u00e8re. Ainsi et \u00e0 titre d\u2019exemple marquant, dans le cadre de sa politique \u00e9trang\u00e8re post-\u00e9lectorale, <strong>la Turquie a finalement ratifi\u00e9 la demande d\u2019adh\u00e9sion de la Su\u00e8de \u00e0 l\u2019OTAN, puis de conclure un accord avec les \u00c9tats-Unis sur la vente d\u2019avions de chasse F-16, suivi d\u2019un engageant des pourparlers bilat\u00e9raux avec la Gr\u00e8ce, pour enfin consolider ses relations avec les \u00c9mirats arabes unis et l\u2019Arabie saoudite.<\/strong><br>\u00ab Les r\u00e9cents pourparlers avec la Gr\u00e8ce et l\u2019Irak en sont un signe. Le processus engag\u00e9 avec l\u2019\u00c9gypte s\u2019inscrit \u00e9galement dans cette logique \u00bb, pr\u00e9cise Mehmet \u00d6zkan. Mevl\u00fct \u00c7avu\u015fo\u011flu, alors ministre turc des Affaires \u00e9trang\u00e8res de l\u2019\u00e9poque, s\u2019\u00e9tait d\u00e9j\u00e0 rendu au Caire en visite officielle en mars 2023, la premi\u00e8re visite officielle d\u2019un haut diplomate turc depuis l\u2019accession de Sissi \u00e0 la pr\u00e9sidence \u00e9gyptienne. Cette visite s\u2019en suivra d\u2019un d\u00e9placement r\u00e9ciproque du ministre \u00e9gyptien des Affaires \u00e9trang\u00e8res, Sameh Shoukry, \u00e0 Ankara le mois suivant. Les ambassadeurs ont ensuite perdur\u00e9s dans leurs discussions.<br><strong>Parall\u00e8lement, le palais d\u2019Ankara a depuis pris un certain nombre de mesures afin de r\u00e9duire l\u2019influence de dirigeants issus de la confr\u00e9rie des Fr\u00e8res musulmans en Turquie, <\/strong>l\u2019une des principales pr\u00e9occupations, pour ne dire conditions, de l\u2019\u00c9gypte. Reste en suspens <strong>le devenir de la cha\u00eene satellitaire Mekameleen TV, m\u00e9dia radicalement oppos\u00e9 au r\u00e9gime \u00e9gyptien, ayant cess\u00e9 d\u2019\u00e9mettre depuis la Turquie en 2021. <\/strong>Aussi, un certain nombre d\u2019intellectuels et influents exil\u00e9s en Turquie appellent r\u00e9guli\u00e8rement \u00e0 l\u2019arr\u00eat des critiques \u00e0 l\u2019\u00e9gard du r\u00e9gime du pr\u00e9sident \u00e9gyptien.<\/p>\n\n\n\n<h2 class=\"wp-block-heading\" id=\"h-une-decennie-de-rupture-ideologique-et-politique\"><br>Une d\u00e9cennie de rupture id\u00e9ologique et politique<\/h2>\n\n\n\n<p class=\"has-medium-font-size wp-block-paragraph\">La Turquie et l\u2019\u00c9gypte, qui ont entretenu des relations plut\u00f4t chaotiques au cours du si\u00e8cle dernier, se sont rapproch\u00e9es de mani\u00e8re significative avec la signature d\u2019un accord de libre-\u00e9change en 2005. Quelques ann\u00e9es plus tard, pendant et imm\u00e9diatement apr\u00e8s la destitution de l\u2019ancien pr\u00e9sident \u00e9gyptien Hosni Moubarak en 2011, Ankara a apport\u00e9 un soutien ind\u00e9fectible aux efforts de d\u00e9mocratisation du pays. Erdo\u011fan se sera rendu au Caire pendant la p\u00e9riode de transition gouvernementale et aura \u00e9t\u00e9 accueilli au pays des pharaons non sans enthousiasme. \u00c0 la sortie des urnes lors des \u00e9lections de 2012, Mohamed Morsi, alors figure embl\u00e9matiques des Fr\u00e8res musulmans, devient le premier pr\u00e9sident \u00e9gyptien d\u00e9mocratiquement \u00e9lu. <strong>La victoire de Morsi donnera un \u00e9lan in\u00e9gal\u00e9 aux relations bilat\u00e9rales avec les rives du Bosphore, notamment gr\u00e2ce aux affinit\u00e9s entre son parti et l\u2019AKP, le parti d\u2019Erdo\u011fan, tous deux ancr\u00e9s dans l\u2019id\u00e9ologie de l\u2019islam politique.<\/strong><br>La pr\u00e9sidence de Morsi ne durera toutefois dur\u00e9 qu\u2019une ann\u00e9e. <strong>Les relations entre les deux pays atteindrons un point de rupture en 2013 lorsque Sissi, alors ministre de la D\u00e9fense, soutenu par les \u00c9mirats arabes unis et l\u2019Arabie saoudite, renversera<br>le gouvernement de Morsi.<\/strong><br>C\u00f4t\u00e9 Turc, le bouleversement d\u2019\u00c9tat en \u00c9gypte d\u00e9clenchera un mouvement politique national, dont le symbole sera et est encore aujourd\u2019hui le signe de la main \u00e0 quatre doigts de Rabia, symbole du mouvement pro-d\u00e9mocratique \u00e0 la suite du massacre de centaines de personnes sur la place Rabia al-Adawiya en ao\u00fbt 2013.<br><strong>Le gouvernement de Sissi et ceux qui suivront, quant \u00e0 eux, mobiliseront r\u00e9guli\u00e8rement les m\u00e9dias et les personnalit\u00e9s publiques \u00e0 l\u2019encontre du r\u00e9gime turc et son soutien pr\u00e9sum\u00e9 aux Fr\u00e8res musulmans<\/strong>, que Le Caire a d\u00e9clar\u00e9s d\u00e9finitivement hors-la-loi \u00e0 leur arriv\u00e9e aux manettes. Les d\u00e9saccords sur un certain nombre de questions r\u00e9gionales, <strong>notamment la Libye et le plateau continental en M\u00e9diterran\u00e9e orientale, <\/strong>resteront longtemps des freins au r\u00e9tablissement des relations.<\/p>\n\n\n\n<h2 class=\"wp-block-heading\" id=\"h-des-facteurs-regionaux-a-dimensions-interets-multiples\">Des facteurs r\u00e9gionaux \u00e0 dimensions int\u00e9r\u00eats multiples<\/h2>\n\n\n\n<p class=\"has-medium-font-size wp-block-paragraph\"><br><strong>Les relations entre la Turquie et l\u2019\u00c9gypte sont d\u2019une importance capitale non seulement pour les deux pays, mais aussi s\u2019agissant de la stabilit\u00e9 de la r\u00e9gion, affirment \u00e0 juste titre les analystes de la r\u00e9gion.<\/strong> Du Golfe \u00e0 la Libye, du Soudan \u00e0 Isra\u00ebl et \u00e0 la Palestine, les pays de la r\u00e9gion sont directement concern\u00e9s par le rapprochement des relations entre l\u2019\u00c9gypte et la Turquie, estime Giuseppe Dentice, responsable du bureau Moyen-Orient et Afrique du Nord au Centre italien d\u2019\u00e9tudes internationales (CeSI).<br>En cons\u00e9quence du processus initi\u00e9 par les Printemps arabes, les pays du Golfe, \u00e0 l\u2019exception du Qatar, ont tous adopt\u00e9 une attitude tr\u00e8s protectionniste et se sont trouv\u00e9 face \u00e0 de nombreux obstacles li\u00e9s aux mouvements de d\u00e9mocratisation dans le monde arabe.<br>En Tunisie, Ennahdha, l\u2019un des mouvements les plus \u00e9tablis historiquement au Maghreb, a \u00e9t\u00e9 \u00e9cart\u00e9 de la sc\u00e8ne politique apr\u00e8s l\u2019arriv\u00e9e au pouvoir et renouvel\u00e9e de Kais Saied, alors que des personnalit\u00e9s telles que le g\u00e9n\u00e9ral Hemetti au Soudan ou bien encore Khalifa Haftar en Libye, ont recouru \u00e0 la force des armes de leurs contingents militaires, parfois non officiels, plut\u00f4t qu\u2019\u00e0 l\u2019action politique, ont b\u00e9n\u00e9fici\u00e9 d\u2019un certain soutien. De la m\u00eame mani\u00e8re, Abdel Fattah al-Sissi est arriv\u00e9 au pouvoir non sans le soutien financier du Golfe, et en s\u2019appuyant sur la force brute de l\u2019arm\u00e9e.<br><strong>Contrairement aux pays du Golfe et \u00e0 contre-courant, la Turquie a elle pr\u00e9f\u00e9r\u00e9 soutenir les nouveaux acteurs d\u00e9mocratiquement \u00e9lus dans ces diff\u00e9rents pays. <\/strong>Elle a m\u00eame soutenu militairement le gouvernement internationalement reconnu contre Khalifa Haftar en Libye. La situation arabe en perp\u00e9tuel mouvement a toutefois chang\u00e9 au cours de la derni\u00e8re d\u00e9cennie.<br>La Turquie, les pays du Golfe et l\u2019\u00c9gypte ont alors commenc\u00e9 <strong>\u00e0 trouver des compromis sur les questions \u00e9pineuses \u00e0 l\u2019origine de nombreuses tensions, notamment en raison des difficult\u00e9s \u00e9conomiques et sociales auxquelles l\u2019\u00c9gypte et la Turquie sont confront\u00e9es ces derni\u00e8res ann\u00e9es.<\/strong><br>De son c\u00f4t\u00e9, la Turquie a tout d\u2019abord r\u00e9tabli ses relations diplomatiques avec les \u00c9mirats arabes unis dans le but premier et assum\u00e9 d\u2019attirer les investissements en provenance de ce pays p\u00e9trolier du Golfe, apr\u00e8s des ann\u00e9es de distensions en raison notamment du soutien apport\u00e9 par la Turquie aux Printemps arabes. \u00ab Nous pourrions assister \u00e0 une nouvelle \u00e8re [de relations] fructueuses entre les deux pays, notamment en raison de leurs probl\u00e8mes socio-\u00e9conomiques internes communs \u00bb, affirme Giuseppe Dentice.<br>D\u2019apr\u00e8s Mehmet \u00d6zkan, le processus de normalisation entre la Turquie et l\u2019\u00c9gypte doit \u00eatre analys\u00e9 dans le cadre de l\u2019\u00e9volution des circonstances dans la r\u00e9gion.<br>De m\u00eame, Giuseppe Dentice soutient que la visite d\u2019Erdo\u011fan constitue \u00ab une opportunit\u00e9 pour le discours actuel de d\u00e9sescalade dans la r\u00e9gion \u00bb.<\/p>\n\n\n\n<h2 class=\"wp-block-heading\" id=\"h-le-perturbateur-conflit-israelo-palestinien\">Le perturbateur conflit isra\u00e9lo-palestinien<\/h2>\n\n\n\n<p class=\"has-medium-font-size wp-block-paragraph\"><br>Le conflit isra\u00e9lo-palestinien, surtout depuis le 7 octobre dernier, est l\u2019une des questions les plus pesantes sur les relations entre la Turquie et l\u2019\u00c9gypte.<\/p>\n\n\n\n<p class=\"has-medium-font-size wp-block-paragraph\">\u00c0 ce jour, les op\u00e9rations militaires isra\u00e9liennes men\u00e9es \u00e0 Gaza cons\u00e9cutive \u00e0 l\u2019attaque du Hamas le 7 octobre dernier, ont tu\u00e9 plus de 28 500 Palestiniens et p\u00e8sent sur la ligne de Rafah, \u00e0 la fronti\u00e8re nord-est de l\u2019\u00c9gypte. Plus de 1,4 million de Palestiniens sont r\u00e9fugi\u00e9s \u00e0 cette ville-fronti\u00e8re Rafah, territoire le plus m\u00e9ridionale de Gaza, apr\u00e8s que la plupart d\u2019entre eux ont \u00e9t\u00e9 d\u00e9plac\u00e9s du nord et du centre de l\u2019enclave au cours des hostilit\u00e9s. <strong>Le gouvernement isra\u00e9lien menace \u00e0 pr\u00e9sent d\u2019envahir la ville, ce que l\u2019\u00c9gypte consid\u00e8re comme une escalade majeure et inacceptable.<\/strong><\/p>\n\n\n\n<p class=\"has-medium-font-size wp-block-paragraph\"><strong>Depuis le premier jour du conflit arm\u00e9, les responsables isra\u00e9liens \u00e9voquent la possibilit\u00e9 d\u2019\u00e9vacuer Gaza et de d\u00e9placer les Palestiniens vers le Sina\u00ef, de l\u2019autre c\u00f4t\u00e9 de la fronti\u00e8re \u00e0 Rafah. L\u2019\u00c9gypte rejette fermement cette possibilit\u00e9 et se trouve totalement impuissante face \u00e0 la crise humanitaire qui s\u00e9vit \u00e0 sa porte<\/strong>. Plus r\u00e9cemment, les militaires isra\u00e9liens ont \u00e9galement commenc\u00e9 \u00e0 prendre pour cible les Palestiniens d\u00e9plac\u00e9s et r\u00e9fugi\u00e9s \u00e0 Rafah, \u00e0 quelques m\u00e8tres des terres \u00e9gyptiennes. D\u2019apr\u00e8s Mehmet \u00d6zkan, depuis le 7 octobre, <strong>les acteurs r\u00e9gionaux ont compris qu\u2019il y avait un besoin de communication tant \u00e0 l\u2019int\u00e9rieur qu\u2019\u00e0 l\u2019ext\u00e9rieur de leurs fronti\u00e8res<\/strong>\u00a0: \u00ab In\u00e9vitablement, un espace de communication s\u2019est ouvert. Par cons\u00e9quent, le processus de normalisation des relations entre la Turquie et l\u2019\u00c9gypte s\u2019est acc\u00e9l\u00e9r\u00e9 \u00bb, explique-t-il.<\/p>\n\n\n\n<p class=\"has-medium-font-size wp-block-paragraph\">Giuseppe Dentice quant \u00e0 lui, pense \u00e9galement qu\u2019en plus d\u2019autres facteurs de survie tels qu\u2019\u00e9conomiques, la situation \u00e0 Gaza a ouvert la voie \u00e0 la reprise des pourparlers entre les deux pays.<\/p>\n\n\n\n<h2 class=\"wp-block-heading\" id=\"h-une-detente-prudente-et-mesuree-a-l-egard-de-leurs-electorats\"><br>Une d\u00e9tente prudente et mesur\u00e9e \u00e0 l\u2019\u00e9gard de leurs \u00e9lectorats<\/h2>\n\n\n\n<p class=\"has-medium-font-size wp-block-paragraph\"><br>Le Caire et Ankara restent toutefois m\u00e9fiants, histoire oblige, l\u2019un envers l\u2019autre, estime Mehmet \u00d6zkan\u00a0: <strong>\u00ab Il existe une grave crise de confiance qui s\u2019est d\u00e9velopp\u00e9e au cours des dix derni\u00e8res ann\u00e9es. Les deux pays s\u2019efforcent de surmonter cette crise \u00bb<\/strong>, affirme-t-il. \u00ab L\u2019accord conclu par la Turquie pour fournir \u00e0 l\u2019\u00c9gypte des \u00e9quipements notamment issus de l\u2019industrie de la d\u00e9fense, voire m\u00eame des technologies, s\u2019inscrit dans le cadre d\u2019un effort visant \u00e0 briser cette m\u00e9fiance. \u00bb<br>La volont\u00e9 politique, qu\u2019elle soit int\u00e9rieure ou internationale, est un \u00e9l\u00e9ment cl\u00e9 du rapprochement, selon Giuseppe Dentice.<br>\u00ab Une grande partie de cette nouvelle potentielle relance [des relations] d\u00e9pendra de la volont\u00e9 des dirigeants de r\u00e9soudre les questions sensibles : le dossier libyen, l\u2019\u00e9nergie et l\u2019exploration en M\u00e9diterran\u00e9e orientale, la question des Fr\u00e8res musulmans \u00bb, pr\u00e9cise-t-il.<\/p>\n\n\n\n<h2 class=\"wp-block-heading\" id=\"h-une-consolidation-du-renouveau-des-relations-toutefois-confirmee\"><br>Une consolidation du renouveau des relations toutefois confirm\u00e9e <\/h2>\n\n\n\n<p class=\"has-medium-font-size wp-block-paragraph\"><strong>Recep Tayyip Erdo\u011fan a re\u00e7u de son c\u00f4t\u00e9 pour la premi\u00e8re fois, mercredi 4 septembre 2024 \u00e0 Ankara, son homologue \u00e9gyptien Abdel Fattah al-Sissi, sept mois apr\u00e8s la visite in\u00e9dite du Ra\u00efs turc dans la capitale \u00e9gyptienne<\/strong>. Ces visites successives semble sceller, malgr\u00e9 toutes les suspicions, une r\u00e9conciliation entre les deux pays.<br><strong>Les relations turco-\u00e9gyptiennes semblent enfin bel et bien remises sur la voie de la concorde<\/strong>. La visite \u00e0 Ankara d&rsquo;Abdel Fattah al-Sissi \u2013 que Recep Tayyip Erdo\u011fan est venu saluer \u00e0 l&rsquo;a\u00e9roport, fait suffisamment rare pour \u00eatre not\u00e9 \u2013 s&rsquo;est conclue par la signature de pas moins de<strong> 17 accords bilat\u00e9raux. \u00c9nergie, sant\u00e9, industrie, tourisme, mais surtout commerce : les deux pays semblent r\u00e9solus \u00e0 rattraper le temps perdu, apr\u00e8s une dizaine d&rsquo;ann\u00e9es de rupture.<\/strong><\/p>\n\n\n\n<p class=\"has-medium-font-size wp-block-paragraph\">Leur objectif : porter leurs \u00e9changes commerciaux \u00e0 15 milliards de dollars, contre 10 actuellement. Face \u00e0 la presse, <strong>les deux dirigeants \u00e0 la main de fer sont toutefois muets les ambitions turques de vendre \u00e0 l&rsquo;\u00c9gypte des \u00e9quipements militaires, notamment les drones \u00e9voqu\u00e9s dans ce sujet.<\/strong><\/p>\n","protected":false},"excerpt":{"rendered":"<p>Le pr\u00e9sident \u00e9gyptien Abdel Fattah al-Sissi a accueilli peu avant l\u2019\u00e9t\u00e9 au Caire, son homologue turc Recep Tayyip Erdo\u011fan pour une visite&hellip;<\/p>","protected":false},"author":93,"featured_media":3072,"comment_status":"open","ping_status":"open","sticky":false,"template":"","format":"standard","meta":{"_lmt_disableupdate":"","_lmt_disable":"","footnotes":""},"categories":[5,4],"tags":[],"class_list":["post-3071","post","type-post","status-publish","format-standard","has-post-thumbnail","hentry","category-international","category-mis-en-avant"],"yoast_head":"<!-- This site is optimized with the Yoast SEO Premium plugin v28.1 (Yoast SEO v28.1) - https:\/\/yoast.com\/product\/yoast-seo-premium-wordpress\/ -->\n<title>R\u00e9chauffement des relations entre l\u2019\u00c9gypte et la Turquie apr\u00e8s\u00a0 une d\u00e9cennie de divergence | Geopolitics.fr<\/title>\n<meta name=\"description\" content=\"La relation bilat\u00e9rale Egypte-Turquie se r\u00e9chauffe apr\u00e8s une d\u00e9cennie de grande m\u00e9fiance. D\u00e9fis \u00e9conomiques et g\u00e9opolitiques\" \/>\n<meta name=\"robots\" content=\"index, follow, max-snippet:-1, max-image-preview:large, max-video-preview:-1\" \/>\n<link rel=\"canonical\" href=\"https:\/\/www.geopolitics.fr\/en\/2024\/11\/12\/rechauffement-des-relations-entre-legypte-et-la-turquie-apres-une-decennie-de-divergence\/\" \/>\n<meta property=\"og:locale\" content=\"en_GB\" \/>\n<meta property=\"og:type\" content=\"article\" \/>\n<meta property=\"og:title\" content=\"R\u00e9chauffement des relations entre l\u2019\u00c9gypte et la Turquie apr\u00e8s\u00a0 une d\u00e9cennie de divergence\" \/>\n<meta property=\"og:description\" content=\"La relation bilat\u00e9rale Egypte-Turquie se r\u00e9chauffe apr\u00e8s une d\u00e9cennie de grande m\u00e9fiance. D\u00e9fis \u00e9conomiques et g\u00e9opolitiques\" \/>\n<meta property=\"og:url\" content=\"https:\/\/www.geopolitics.fr\/en\/2024\/11\/12\/rechauffement-des-relations-entre-legypte-et-la-turquie-apres-une-decennie-de-divergence\/\" \/>\n<meta property=\"og:site_name\" content=\"Geopolitics.fr\" \/>\n<meta property=\"article:publisher\" content=\"https:\/\/www.facebook.com\/people\/Erwan-Davoux\/61557098968092\/\" \/>\n<meta property=\"article:author\" content=\"https:\/\/www.facebook.com\/odelagarde\" \/>\n<meta property=\"article:published_time\" content=\"2024-11-12T16:45:44+00:00\" \/>\n<meta property=\"article:modified_time\" content=\"2024-11-12T16:45:47+00:00\" \/>\n<meta property=\"og:image\" content=\"https:\/\/www.geopolitics.fr\/wp-content\/uploads\/2024\/11\/Erdogan-et-Al-Sissi-1.jpg\" \/>\n\t<meta property=\"og:image:width\" content=\"474\" \/>\n\t<meta property=\"og:image:height\" content=\"338\" \/>\n\t<meta property=\"og:image:type\" content=\"image\/jpeg\" \/>\n<meta name=\"author\" content=\"Olivier DELAGARDE\" \/>\n<meta name=\"twitter:card\" content=\"summary_large_image\" \/>\n<meta name=\"twitter:creator\" content=\"@Geopolitics_Fr\" \/>\n<meta name=\"twitter:site\" content=\"@Geopolitics_Fr\" \/>\n<meta name=\"twitter:label1\" content=\"Written by\" \/>\n\t<meta name=\"twitter:data1\" content=\"Olivier DELAGARDE\" \/>\n\t<meta name=\"twitter:label2\" content=\"Estimated reading time\" \/>\n\t<meta name=\"twitter:data2\" content=\"11 minutes\" \/>\n<script type=\"application\/ld+json\" class=\"yoast-schema-graph\">{\"@context\":\"https:\\\/\\\/schema.org\",\"@graph\":[{\"@type\":\"Article\",\"@id\":\"https:\\\/\\\/www.geopolitics.fr\\\/2024\\\/11\\\/12\\\/rechauffement-des-relations-entre-legypte-et-la-turquie-apres-une-decennie-de-divergence\\\/#article\",\"isPartOf\":{\"@id\":\"https:\\\/\\\/www.geopolitics.fr\\\/2024\\\/11\\\/12\\\/rechauffement-des-relations-entre-legypte-et-la-turquie-apres-une-decennie-de-divergence\\\/\"},\"author\":{\"name\":\"Olivier DELAGARDE\",\"@id\":\"https:\\\/\\\/www.geopolitics.fr\\\/#\\\/schema\\\/person\\\/9b98d78234af63d6ad71199d66115350\"},\"headline\":\"R\u00e9chauffement des relations entre l\u2019\u00c9gypte et la Turquie apr\u00e8s\u00a0 une d\u00e9cennie de divergence\",\"datePublished\":\"2024-11-12T16:45:44+00:00\",\"dateModified\":\"2024-11-12T16:45:47+00:00\",\"mainEntityOfPage\":{\"@id\":\"https:\\\/\\\/www.geopolitics.fr\\\/2024\\\/11\\\/12\\\/rechauffement-des-relations-entre-legypte-et-la-turquie-apres-une-decennie-de-divergence\\\/\"},\"wordCount\":2381,\"commentCount\":0,\"publisher\":{\"@id\":\"https:\\\/\\\/www.geopolitics.fr\\\/#organization\"},\"image\":{\"@id\":\"https:\\\/\\\/www.geopolitics.fr\\\/2024\\\/11\\\/12\\\/rechauffement-des-relations-entre-legypte-et-la-turquie-apres-une-decennie-de-divergence\\\/#primaryimage\"},\"thumbnailUrl\":\"https:\\\/\\\/www.geopolitics.fr\\\/wp-content\\\/uploads\\\/2024\\\/11\\\/Erdogan-et-Al-Sissi-1.jpg\",\"articleSection\":[\"International\",\"Mis en AVANT\"],\"inLanguage\":\"en-GB\"},{\"@type\":\"WebPage\",\"@id\":\"https:\\\/\\\/www.geopolitics.fr\\\/2024\\\/11\\\/12\\\/rechauffement-des-relations-entre-legypte-et-la-turquie-apres-une-decennie-de-divergence\\\/\",\"url\":\"https:\\\/\\\/www.geopolitics.fr\\\/2024\\\/11\\\/12\\\/rechauffement-des-relations-entre-legypte-et-la-turquie-apres-une-decennie-de-divergence\\\/\",\"name\":\"R\u00e9chauffement des relations entre l\u2019\u00c9gypte et la Turquie apr\u00e8s\u00a0 une d\u00e9cennie de divergence | Geopolitics.fr\",\"isPartOf\":{\"@id\":\"https:\\\/\\\/www.geopolitics.fr\\\/#website\"},\"primaryImageOfPage\":{\"@id\":\"https:\\\/\\\/www.geopolitics.fr\\\/2024\\\/11\\\/12\\\/rechauffement-des-relations-entre-legypte-et-la-turquie-apres-une-decennie-de-divergence\\\/#primaryimage\"},\"image\":{\"@id\":\"https:\\\/\\\/www.geopolitics.fr\\\/2024\\\/11\\\/12\\\/rechauffement-des-relations-entre-legypte-et-la-turquie-apres-une-decennie-de-divergence\\\/#primaryimage\"},\"thumbnailUrl\":\"https:\\\/\\\/www.geopolitics.fr\\\/wp-content\\\/uploads\\\/2024\\\/11\\\/Erdogan-et-Al-Sissi-1.jpg\",\"datePublished\":\"2024-11-12T16:45:44+00:00\",\"dateModified\":\"2024-11-12T16:45:47+00:00\",\"description\":\"La relation bilat\u00e9rale Egypte-Turquie se r\u00e9chauffe apr\u00e8s une d\u00e9cennie de grande m\u00e9fiance. D\u00e9fis \u00e9conomiques et g\u00e9opolitiques\",\"breadcrumb\":{\"@id\":\"https:\\\/\\\/www.geopolitics.fr\\\/2024\\\/11\\\/12\\\/rechauffement-des-relations-entre-legypte-et-la-turquie-apres-une-decennie-de-divergence\\\/#breadcrumb\"},\"inLanguage\":\"en-GB\",\"potentialAction\":[{\"@type\":\"ReadAction\",\"target\":[\"https:\\\/\\\/www.geopolitics.fr\\\/2024\\\/11\\\/12\\\/rechauffement-des-relations-entre-legypte-et-la-turquie-apres-une-decennie-de-divergence\\\/\"]}]},{\"@type\":\"ImageObject\",\"inLanguage\":\"en-GB\",\"@id\":\"https:\\\/\\\/www.geopolitics.fr\\\/2024\\\/11\\\/12\\\/rechauffement-des-relations-entre-legypte-et-la-turquie-apres-une-decennie-de-divergence\\\/#primaryimage\",\"url\":\"https:\\\/\\\/www.geopolitics.fr\\\/wp-content\\\/uploads\\\/2024\\\/11\\\/Erdogan-et-Al-Sissi-1.jpg\",\"contentUrl\":\"https:\\\/\\\/www.geopolitics.fr\\\/wp-content\\\/uploads\\\/2024\\\/11\\\/Erdogan-et-Al-Sissi-1.jpg\",\"width\":474,\"height\":338},{\"@type\":\"BreadcrumbList\",\"@id\":\"https:\\\/\\\/www.geopolitics.fr\\\/2024\\\/11\\\/12\\\/rechauffement-des-relations-entre-legypte-et-la-turquie-apres-une-decennie-de-divergence\\\/#breadcrumb\",\"itemListElement\":[{\"@type\":\"ListItem\",\"position\":1,\"name\":\"Accueil\",\"item\":\"https:\\\/\\\/www.geopolitics.fr\\\/\"},{\"@type\":\"ListItem\",\"position\":2,\"name\":\"R\u00e9chauffement des relations entre l\u2019\u00c9gypte et la Turquie apr\u00e8s\u00a0 une d\u00e9cennie de divergence\"}]},{\"@type\":\"WebSite\",\"@id\":\"https:\\\/\\\/www.geopolitics.fr\\\/#website\",\"url\":\"https:\\\/\\\/www.geopolitics.fr\\\/\",\"name\":\"Geopolitics.fr\",\"description\":\"Geopolitics.fr Analyse politique, relations internationales, d\u00e9fense - ligne \u00e9ditoriale gaullo-chiraquienne\",\"publisher\":{\"@id\":\"https:\\\/\\\/www.geopolitics.fr\\\/#organization\"},\"potentialAction\":[{\"@type\":\"SearchAction\",\"target\":{\"@type\":\"EntryPoint\",\"urlTemplate\":\"https:\\\/\\\/www.geopolitics.fr\\\/?s={search_term_string}\"},\"query-input\":{\"@type\":\"PropertyValueSpecification\",\"valueRequired\":true,\"valueName\":\"search_term_string\"}}],\"inLanguage\":\"en-GB\"},{\"@type\":\"Organization\",\"@id\":\"https:\\\/\\\/www.geopolitics.fr\\\/#organization\",\"name\":\"Geopolitics.fr\",\"url\":\"https:\\\/\\\/www.geopolitics.fr\\\/\",\"logo\":{\"@type\":\"ImageObject\",\"inLanguage\":\"en-GB\",\"@id\":\"https:\\\/\\\/www.geopolitics.fr\\\/#\\\/schema\\\/logo\\\/image\\\/\",\"url\":\"https:\\\/\\\/www.geopolitics.fr\\\/wp-content\\\/uploads\\\/2024\\\/01\\\/logo.jpg\",\"contentUrl\":\"https:\\\/\\\/www.geopolitics.fr\\\/wp-content\\\/uploads\\\/2024\\\/01\\\/logo.jpg\",\"width\":500,\"height\":500,\"caption\":\"Geopolitics.fr\"},\"image\":{\"@id\":\"https:\\\/\\\/www.geopolitics.fr\\\/#\\\/schema\\\/logo\\\/image\\\/\"},\"sameAs\":[\"https:\\\/\\\/www.facebook.com\\\/people\\\/Erwan-Davoux\\\/61557098968092\\\/\",\"https:\\\/\\\/x.com\\\/Geopolitics_Fr\"]},{\"@type\":\"Person\",\"@id\":\"https:\\\/\\\/www.geopolitics.fr\\\/#\\\/schema\\\/person\\\/9b98d78234af63d6ad71199d66115350\",\"name\":\"Olivier DELAGARDE\",\"image\":{\"@type\":\"ImageObject\",\"inLanguage\":\"en-GB\",\"@id\":\"https:\\\/\\\/secure.gravatar.com\\\/avatar\\\/2c50afbd303b51697d9591857ee182bf3ead572fa530da00bb0278cf506c3a97?s=96&d=mm&r=g\",\"url\":\"https:\\\/\\\/secure.gravatar.com\\\/avatar\\\/2c50afbd303b51697d9591857ee182bf3ead572fa530da00bb0278cf506c3a97?s=96&d=mm&r=g\",\"contentUrl\":\"https:\\\/\\\/secure.gravatar.com\\\/avatar\\\/2c50afbd303b51697d9591857ee182bf3ead572fa530da00bb0278cf506c3a97?s=96&d=mm&r=g\",\"caption\":\"Olivier DELAGARDE\"},\"description\":\"Journaliste depuis plus de 20 ans, accr\u00e9dit\u00e9 aupr\u00e8s de l'Organisation des Nations Unies, de la Ligue des Etats Arabes, titulaire de la Carte d'Identit\u00e9 des Journalistes Professionnels en France et de la F\u00e9d\u00e9ration Internationale des Journalistes, Olivier a occup\u00e9 le poste de Grand reporter correspondant permanent en \u00c9gypte pour des m\u00e9dias de renomm\u00e9e mondiale tels que TV5 MONDE, le GROUPE M6, le GROUPE TF1 ou encore l\u2019AFP. Durant plus de dix ann\u00e9es, il a produit de nombreux reportages sur la politique internationale en Afrique de l'Est, tout en couvrant les principaux conflits au Proche et Moyen-Orient. En tant que Chef de bureau Proche-Orient pour TV5 MONDE, il \u00e9tait responsable de la production de reportages, des relations institutionnelles et de la repr\u00e9sentation de la cha\u00eene, tout en \u00e9crivant pour plusieurs m\u00e9dias europ\u00e9ens et internationaux.\",\"sameAs\":[\"https:\\\/\\\/www.facebook.com\\\/odelagarde\",\"https:\\\/\\\/www.linkedin.com\\\/in\\\/olivier-delagarde-816b17270\\\/\"],\"url\":\"https:\\\/\\\/www.geopolitics.fr\\\/en\\\/author\\\/odelagarde\\\/\"}]}<\/script>\n<!-- \/ Yoast SEO Premium plugin. -->","yoast_head_json":{"title":"R\u00e9chauffement des relations entre l\u2019\u00c9gypte et la Turquie apr\u00e8s\u00a0 une d\u00e9cennie de divergence | Geopolitics.fr","description":"La relation bilat\u00e9rale Egypte-Turquie se r\u00e9chauffe apr\u00e8s une d\u00e9cennie de grande m\u00e9fiance. D\u00e9fis \u00e9conomiques et g\u00e9opolitiques","robots":{"index":"index","follow":"follow","max-snippet":"max-snippet:-1","max-image-preview":"max-image-preview:large","max-video-preview":"max-video-preview:-1"},"canonical":"https:\/\/www.geopolitics.fr\/en\/2024\/11\/12\/rechauffement-des-relations-entre-legypte-et-la-turquie-apres-une-decennie-de-divergence\/","og_locale":"en_GB","og_type":"article","og_title":"R\u00e9chauffement des relations entre l\u2019\u00c9gypte et la Turquie apr\u00e8s\u00a0 une d\u00e9cennie de divergence","og_description":"La relation bilat\u00e9rale Egypte-Turquie se r\u00e9chauffe apr\u00e8s une d\u00e9cennie de grande m\u00e9fiance. D\u00e9fis \u00e9conomiques et g\u00e9opolitiques","og_url":"https:\/\/www.geopolitics.fr\/en\/2024\/11\/12\/rechauffement-des-relations-entre-legypte-et-la-turquie-apres-une-decennie-de-divergence\/","og_site_name":"Geopolitics.fr","article_publisher":"https:\/\/www.facebook.com\/people\/Erwan-Davoux\/61557098968092\/","article_author":"https:\/\/www.facebook.com\/odelagarde","article_published_time":"2024-11-12T16:45:44+00:00","article_modified_time":"2024-11-12T16:45:47+00:00","og_image":[{"width":474,"height":338,"url":"https:\/\/www.geopolitics.fr\/wp-content\/uploads\/2024\/11\/Erdogan-et-Al-Sissi-1.jpg","type":"image\/jpeg"}],"author":"Olivier DELAGARDE","twitter_card":"summary_large_image","twitter_creator":"@Geopolitics_Fr","twitter_site":"@Geopolitics_Fr","twitter_misc":{"Written by":"Olivier DELAGARDE","Estimated reading time":"11 minutes"},"schema":{"@context":"https:\/\/schema.org","@graph":[{"@type":"Article","@id":"https:\/\/www.geopolitics.fr\/2024\/11\/12\/rechauffement-des-relations-entre-legypte-et-la-turquie-apres-une-decennie-de-divergence\/#article","isPartOf":{"@id":"https:\/\/www.geopolitics.fr\/2024\/11\/12\/rechauffement-des-relations-entre-legypte-et-la-turquie-apres-une-decennie-de-divergence\/"},"author":{"name":"Olivier DELAGARDE","@id":"https:\/\/www.geopolitics.fr\/#\/schema\/person\/9b98d78234af63d6ad71199d66115350"},"headline":"R\u00e9chauffement des relations entre l\u2019\u00c9gypte et la Turquie apr\u00e8s\u00a0 une d\u00e9cennie de divergence","datePublished":"2024-11-12T16:45:44+00:00","dateModified":"2024-11-12T16:45:47+00:00","mainEntityOfPage":{"@id":"https:\/\/www.geopolitics.fr\/2024\/11\/12\/rechauffement-des-relations-entre-legypte-et-la-turquie-apres-une-decennie-de-divergence\/"},"wordCount":2381,"commentCount":0,"publisher":{"@id":"https:\/\/www.geopolitics.fr\/#organization"},"image":{"@id":"https:\/\/www.geopolitics.fr\/2024\/11\/12\/rechauffement-des-relations-entre-legypte-et-la-turquie-apres-une-decennie-de-divergence\/#primaryimage"},"thumbnailUrl":"https:\/\/www.geopolitics.fr\/wp-content\/uploads\/2024\/11\/Erdogan-et-Al-Sissi-1.jpg","articleSection":["International","Mis en AVANT"],"inLanguage":"en-GB"},{"@type":"WebPage","@id":"https:\/\/www.geopolitics.fr\/2024\/11\/12\/rechauffement-des-relations-entre-legypte-et-la-turquie-apres-une-decennie-de-divergence\/","url":"https:\/\/www.geopolitics.fr\/2024\/11\/12\/rechauffement-des-relations-entre-legypte-et-la-turquie-apres-une-decennie-de-divergence\/","name":"R\u00e9chauffement des relations entre l\u2019\u00c9gypte et la Turquie apr\u00e8s\u00a0 une d\u00e9cennie de divergence | Geopolitics.fr","isPartOf":{"@id":"https:\/\/www.geopolitics.fr\/#website"},"primaryImageOfPage":{"@id":"https:\/\/www.geopolitics.fr\/2024\/11\/12\/rechauffement-des-relations-entre-legypte-et-la-turquie-apres-une-decennie-de-divergence\/#primaryimage"},"image":{"@id":"https:\/\/www.geopolitics.fr\/2024\/11\/12\/rechauffement-des-relations-entre-legypte-et-la-turquie-apres-une-decennie-de-divergence\/#primaryimage"},"thumbnailUrl":"https:\/\/www.geopolitics.fr\/wp-content\/uploads\/2024\/11\/Erdogan-et-Al-Sissi-1.jpg","datePublished":"2024-11-12T16:45:44+00:00","dateModified":"2024-11-12T16:45:47+00:00","description":"La relation bilat\u00e9rale Egypte-Turquie se r\u00e9chauffe apr\u00e8s une d\u00e9cennie de grande m\u00e9fiance. D\u00e9fis \u00e9conomiques et g\u00e9opolitiques","breadcrumb":{"@id":"https:\/\/www.geopolitics.fr\/2024\/11\/12\/rechauffement-des-relations-entre-legypte-et-la-turquie-apres-une-decennie-de-divergence\/#breadcrumb"},"inLanguage":"en-GB","potentialAction":[{"@type":"ReadAction","target":["https:\/\/www.geopolitics.fr\/2024\/11\/12\/rechauffement-des-relations-entre-legypte-et-la-turquie-apres-une-decennie-de-divergence\/"]}]},{"@type":"ImageObject","inLanguage":"en-GB","@id":"https:\/\/www.geopolitics.fr\/2024\/11\/12\/rechauffement-des-relations-entre-legypte-et-la-turquie-apres-une-decennie-de-divergence\/#primaryimage","url":"https:\/\/www.geopolitics.fr\/wp-content\/uploads\/2024\/11\/Erdogan-et-Al-Sissi-1.jpg","contentUrl":"https:\/\/www.geopolitics.fr\/wp-content\/uploads\/2024\/11\/Erdogan-et-Al-Sissi-1.jpg","width":474,"height":338},{"@type":"BreadcrumbList","@id":"https:\/\/www.geopolitics.fr\/2024\/11\/12\/rechauffement-des-relations-entre-legypte-et-la-turquie-apres-une-decennie-de-divergence\/#breadcrumb","itemListElement":[{"@type":"ListItem","position":1,"name":"Accueil","item":"https:\/\/www.geopolitics.fr\/"},{"@type":"ListItem","position":2,"name":"R\u00e9chauffement des relations entre l\u2019\u00c9gypte et la Turquie apr\u00e8s\u00a0 une d\u00e9cennie de divergence"}]},{"@type":"WebSite","@id":"https:\/\/www.geopolitics.fr\/#website","url":"https:\/\/www.geopolitics.fr\/","name":"Geopolitics.fr","description":"Geopolitics.fr Analyse politique, relations internationales, d\u00e9fense - ligne \u00e9ditoriale gaullo-chiraquienne","publisher":{"@id":"https:\/\/www.geopolitics.fr\/#organization"},"potentialAction":[{"@type":"SearchAction","target":{"@type":"EntryPoint","urlTemplate":"https:\/\/www.geopolitics.fr\/?s={search_term_string}"},"query-input":{"@type":"PropertyValueSpecification","valueRequired":true,"valueName":"search_term_string"}}],"inLanguage":"en-GB"},{"@type":"Organization","@id":"https:\/\/www.geopolitics.fr\/#organization","name":"Geopolitics.fr","url":"https:\/\/www.geopolitics.fr\/","logo":{"@type":"ImageObject","inLanguage":"en-GB","@id":"https:\/\/www.geopolitics.fr\/#\/schema\/logo\/image\/","url":"https:\/\/www.geopolitics.fr\/wp-content\/uploads\/2024\/01\/logo.jpg","contentUrl":"https:\/\/www.geopolitics.fr\/wp-content\/uploads\/2024\/01\/logo.jpg","width":500,"height":500,"caption":"Geopolitics.fr"},"image":{"@id":"https:\/\/www.geopolitics.fr\/#\/schema\/logo\/image\/"},"sameAs":["https:\/\/www.facebook.com\/people\/Erwan-Davoux\/61557098968092\/","https:\/\/x.com\/Geopolitics_Fr"]},{"@type":"Person","@id":"https:\/\/www.geopolitics.fr\/#\/schema\/person\/9b98d78234af63d6ad71199d66115350","name":"Olivier DELAGARDE","image":{"@type":"ImageObject","inLanguage":"en-GB","@id":"https:\/\/secure.gravatar.com\/avatar\/2c50afbd303b51697d9591857ee182bf3ead572fa530da00bb0278cf506c3a97?s=96&d=mm&r=g","url":"https:\/\/secure.gravatar.com\/avatar\/2c50afbd303b51697d9591857ee182bf3ead572fa530da00bb0278cf506c3a97?s=96&d=mm&r=g","contentUrl":"https:\/\/secure.gravatar.com\/avatar\/2c50afbd303b51697d9591857ee182bf3ead572fa530da00bb0278cf506c3a97?s=96&d=mm&r=g","caption":"Olivier DELAGARDE"},"description":"Journaliste depuis plus de 20 ans, accr\u00e9dit\u00e9 aupr\u00e8s de l'Organisation des Nations Unies, de la Ligue des Etats Arabes, titulaire de la Carte d'Identit\u00e9 des Journalistes Professionnels en France et de la F\u00e9d\u00e9ration Internationale des Journalistes, Olivier a occup\u00e9 le poste de Grand reporter correspondant permanent en \u00c9gypte pour des m\u00e9dias de renomm\u00e9e mondiale tels que TV5 MONDE, le GROUPE M6, le GROUPE TF1 ou encore l\u2019AFP. Durant plus de dix ann\u00e9es, il a produit de nombreux reportages sur la politique internationale en Afrique de l'Est, tout en couvrant les principaux conflits au Proche et Moyen-Orient. En tant que Chef de bureau Proche-Orient pour TV5 MONDE, il \u00e9tait responsable de la production de reportages, des relations institutionnelles et de la repr\u00e9sentation de la cha\u00eene, tout en \u00e9crivant pour plusieurs m\u00e9dias europ\u00e9ens et internationaux.","sameAs":["https:\/\/www.facebook.com\/odelagarde","https:\/\/www.linkedin.com\/in\/olivier-delagarde-816b17270\/"],"url":"https:\/\/www.geopolitics.fr\/en\/author\/odelagarde\/"}]}},"_links":{"self":[{"href":"https:\/\/www.geopolitics.fr\/en\/wp-json\/wp\/v2\/posts\/3071","targetHints":{"allow":["GET"]}}],"collection":[{"href":"https:\/\/www.geopolitics.fr\/en\/wp-json\/wp\/v2\/posts"}],"about":[{"href":"https:\/\/www.geopolitics.fr\/en\/wp-json\/wp\/v2\/types\/post"}],"author":[{"embeddable":true,"href":"https:\/\/www.geopolitics.fr\/en\/wp-json\/wp\/v2\/users\/93"}],"replies":[{"embeddable":true,"href":"https:\/\/www.geopolitics.fr\/en\/wp-json\/wp\/v2\/comments?post=3071"}],"version-history":[{"count":0,"href":"https:\/\/www.geopolitics.fr\/en\/wp-json\/wp\/v2\/posts\/3071\/revisions"}],"wp:featuredmedia":[{"embeddable":true,"href":"https:\/\/www.geopolitics.fr\/en\/wp-json\/wp\/v2\/media\/3072"}],"wp:attachment":[{"href":"https:\/\/www.geopolitics.fr\/en\/wp-json\/wp\/v2\/media?parent=3071"}],"wp:term":[{"taxonomy":"category","embeddable":true,"href":"https:\/\/www.geopolitics.fr\/en\/wp-json\/wp\/v2\/categories?post=3071"},{"taxonomy":"post_tag","embeddable":true,"href":"https:\/\/www.geopolitics.fr\/en\/wp-json\/wp\/v2\/tags?post=3071"}],"curies":[{"name":"wp","href":"https:\/\/api.w.org\/{rel}","templated":true}]}}