{"id":3052,"date":"2024-11-08T15:40:42","date_gmt":"2024-11-08T14:40:42","guid":{"rendered":"https:\/\/www.geopolitics.fr\/?p=3052"},"modified":"2024-11-08T15:57:03","modified_gmt":"2024-11-08T14:57:03","slug":"monsieur-le-president-face-au-drame-au-liban-nous-exigeons-de-la-france-une-action-forte-pour-un-cessez-le-feu-immediat","status":"publish","type":"post","link":"https:\/\/www.geopolitics.fr\/en\/2024\/11\/08\/monsieur-le-president-face-au-drame-au-liban-nous-exigeons-de-la-france-une-action-forte-pour-un-cessez-le-feu-immediat\/","title":{"rendered":"Monsieur le pr\u00e9sident, face au drame au Liban, nous exigeons de la France une action forte pour un cessez-le-feu imm\u00e9diat\u00a0\u00bb"},"content":{"rendered":"<h2 class=\"wp-block-heading\" id=\"h-tribune-parue-dans-marianne-actualites-et-debats\">Tribune parue dans <a href=\"https:\/\/www.marianne.net\/\">Marianne &#8211; Actualit\u00e9s et d\u00e9bats<\/a><\/h2>\n\n\n\n<h2 class=\"wp-block-heading\" id=\"h-des-citoyens-francais-et-franco-libanais-de-tous-horizons-consternes-par-la-diplomatie-francaise-au-proche-orient-exhortent-le-president-a-agir-face-a-l-escalade-meurtriere-au-liban-l-inaction-ne-peut-plus-durer-il-est-temps-pour-la-france-de-mobiliser-tous-ses-leviers-diplomatiques-pour-obtenir-un-cessez-le-feu-immediat-et-preserver-la-paix-au-proche-orient-plaident-ils\">Des citoyens fran\u00e7ais et franco-libanais de tous horizons, constern\u00e9s par la diplomatie fran\u00e7aise au Proche-Orient, exhortent le Pr\u00e9sident \u00e0 agir face \u00e0 l&rsquo;escalade meurtri\u00e8re au Liban. L&rsquo;inaction ne peut plus durer : il est temps pour la France de mobiliser tous ses leviers diplomatiques pour obtenir un cessez-le-feu imm\u00e9diat et pr\u00e9server la paix au Proche-Orient, plaident-ils.<\/h2>\n\n\n\n<p class=\"has-medium-font-size wp-block-paragraph\">Lettre ouverte au pr\u00e9sident de la R\u00e9publique fran\u00e7aise<\/p>\n\n\n\n<p class=\"has-medium-font-size wp-block-paragraph\">Monsieur le pr\u00e9sident de la R\u00e9publique,<\/p>\n\n\n\n<p class=\"has-medium-font-size wp-block-paragraph\">Nous sommes des citoyennes et citoyens fran\u00e7ais, franco-libanais, des r\u00e9sidents en France horrifi\u00e9s par cette abomination qui se d\u00e9roule sous nos yeux, au Proche-Orient, en toute impunit\u00e9.<\/p>\n\n\n\n<p class=\"has-medium-font-size wp-block-paragraph\">Nous sommes en col\u00e8re face \u00e0 l&rsquo;inaction de la communaut\u00e9 internationale, sp\u00e9cifiquement celle de la France et l\u2019Union Europ\u00e9enne. Nous attendons de vous que vous utilisiez tous les leviers possibles afin de parvenir \u00e0 un cessez-le-feu imm\u00e9diat au Liban.<\/p>\n\n\n\n<p class=\"has-medium-font-size wp-block-paragraph\">En effet, cela fait plus d&rsquo;un an qu&rsquo;Isra\u00ebl m\u00e8ne une guerre sans limites contre le peuple palestinien, violant quotidiennement le droit international et humanitaire. Depuis le 17 septembre, le gouvernement isra\u00e9lien a pris l\u2019initiative d\u2019\u00e9tendre compl\u00e8tement le conflit au Liban dans ce qui constitue une agression caract\u00e9ris\u00e9e. Les victimes civiles se comptent par milliers (y compris des ressortissants fran\u00e7ais), plus de 1,5 million de Libanais et au moins 500 000 personnes ont quitt\u00e9 le pays, les infrastructures sont en ruine et plus de 29 villages ont \u00e9t\u00e9 compl\u00e8tement d\u00e9truits. Le gouvernement isra\u00e9lien se rend indiscutablement coupable de crimes de guerre. Non seulement l&rsquo;arm\u00e9e isra\u00e9lienne utilise des armes interdites sur des zones civiles, comme le phosphore blanc, mais elle frappe de mani\u00e8re disproportionn\u00e9e et indiscrimin\u00e9e des immeubles r\u00e9sidentiels, des cimeti\u00e8res, des h\u00f4pitaux et des sites historiques. Des civils, des journalistes et des secouristes sont vis\u00e9s et sont tu\u00e9s d\u00e9lib\u00e9r\u00e9ment ou emp\u00each\u00e9s par des tirs d&rsquo;arriver sur les lieux sinistr\u00e9s. Isra\u00ebl viole la souverainet\u00e9 du Liban en envahissant son territoire, terrorise sa population, d\u00e9racine ses citoyens et exacerbe les dissensions internes, au risque de provoquer une nouvelle guerre civile. N\u2019est-ce pas l\u00e0 l\u2019objectif r\u00e9el ? Faire imploser le Liban ?<\/p>\n\n\n\n<p class=\"has-medium-font-size wp-block-paragraph\">Soyez, Monsieur le Pr\u00e9sident, fid\u00e8le \u00e0 la tradition historique d\u2019amiti\u00e9 de la France pour le Liban en pr\u00e9servant ce lieu unique au monde o\u00f9 cohabitent Islam et Chr\u00e9tient\u00e9 !<\/p>\n\n\n\n<p class=\"has-medium-font-size wp-block-paragraph\">Isra\u00ebl estime \u00eatre au-dessus du droit international, \u00ab nous sommes le peuple de la lumi\u00e8re \u00bb a r\u00e9cemment d\u00e9clar\u00e9 son Premier ministre supr\u00e9maciste. La R\u00e9publique fran\u00e7aise peut-elle tol\u00e9rer que la FINUL soit prise pour cible sans r\u00e9agir ? L\u2019ignorance compl\u00e8te et le m\u00e9pris pour la justice internationale ? La Cour Internationale de Justice a exig\u00e9 d\u2019Isra\u00ebl des mesures conservatoires \u00e0 trois reprises, afin de pr\u00e9venir un g\u00e9nocide. Cet \u00c9tat n\u2019en a tenu aucun compte. La Cour P\u00e9nale Internationale, elle, subit des intimidations indignes pour ne pas \u00e9mettre les mandats d\u2019arr\u00eats \u00e0 l\u2019encontre de Netanyahou et Gallant.<\/p>\n\n\n\n<p class=\"has-medium-font-size wp-block-paragraph\">Voulez-vous rester comme le Pr\u00e9sident fran\u00e7ais qui sera rest\u00e9 du mauvais c\u00f4t\u00e9 de l&rsquo;Histoire, quitte \u00e0 r\u00e9p\u00e9ter dans quelque temps un \u00ab plus jamais \u00e7a \u00bb qui a perdu toute signification ? Voulez-vous continuer \u00e0 soutenir son gouvernement raciste et messianique qui ne conna\u00eet que destruction et violence et qui alimente la haine, ou voulez-vous \u00eatre du c\u00f4t\u00e9 du droit et de la justice ?<\/p>\n\n\n\n<p class=\"has-medium-font-size wp-block-paragraph\">Nous sommes indign\u00e9s, depuis le d\u00e9but de ce d\u00e9cha\u00eenement de violences et de voir la partialit\u00e9 avec laquelle cette guerre est d\u00e9peinte en France. Sous le pr\u00e9texte fallacieux de combattre le terrorisme, Isra\u00ebl s\u2019autorise les pires exactions. Les Palestiniens et d\u00e9sormais les Libanais sont r\u00e9duits \u00e0 des vies humaines de seconde cat\u00e9gorie, sans importance, leurs voix sont m\u00e9pris\u00e9es et leurs dol\u00e9ances balay\u00e9es. Nous entendons m\u00eame de la part de certaines personnalit\u00e9s publiques des propos racistes et haineux qui visent \u00e0 d\u00e9shumaniser ces peuples et inciter \u00e0 la violence. Certains amalgames essaient de faire taire toute critique envers le gouvernement isra\u00e9lien. Nous critiquerons Isra\u00ebl et sommes fond\u00e9s \u00e0 le faire tant qu&rsquo;il y aura, comme le d\u00e9crit la r\u00e9solution A\/RES\/ES-10\/24 adopt\u00e9e par l\u2019Assembl\u00e9e G\u00e9n\u00e9rale (AG) des Nations Unies le 18 septembre 2024, un syst\u00e8me d&rsquo;apartheid, une occupation ill\u00e9gale et un reniement outrancier des droits des Palestiniens, il n&rsquo;y aura jamais de paix pour les habitants de la r\u00e9gion. Ce n\u2019est absolument pas une question de religion.<\/p>\n\n\n\n<p class=\"has-medium-font-size wp-block-paragraph\">En cette heure grave, il y a une priorit\u00e9 : le cessez-le-feu. Les protestations strictement verbales ne suffisent plus. Elles ont au contraire permis \u00e0 Isra\u00ebl d&rsquo;aller toujours plus loin dans son m\u00e9pris du droit international.<\/p>\n\n\n\n<p class=\"has-medium-font-size wp-block-paragraph\">Le temps est \u00e0 l\u2019action : Il faut stopper la vente de toutes les armes et s\u2019y tenir, r\u00e9viser les accords d&rsquo;\u00e9changes commerciaux, culturels, acad\u00e9miques, scientifiques et militaires. La France ainsi que l\u2019Europe devraient agir en ce sens, certains pays europ\u00e9ens le font d\u00e9j\u00e0. L&rsquo;Union Europ\u00e9enne, premier partenaire commercial d&rsquo;Isra\u00ebl, a un v\u00e9ritable levier : la suspension de l\u2019accord d&rsquo;association car ce dernier est soumis au respect des droits humains inlassablement bafou\u00e9s par Isra\u00ebl. Cette suspension est d&rsquo;ailleurs soutenue par au moins 195 organisations non gouvernementales europ\u00e9ennes. La r\u00e9solution A\/RES\/ES-10\/24 de l\u2019AG des Nations Unies souligne les obligations des \u00c9tats membres sur ce sujet.<\/p>\n\n\n\n<p class=\"has-medium-font-size wp-block-paragraph\">Seules des pressions effectives sont de nature \u00e0 stopper le carnage au Proche-Orient, parall\u00e8lement aux n\u00e9gociations avec l\u2019\u00c9tat libanais que nous voulons souverain avec une arm\u00e9e capable de le d\u00e9fendre et loin de toute ing\u00e9rence \u00e9trang\u00e8re.<\/p>\n\n\n\n<p class=\"has-medium-font-size wp-block-paragraph\">Monsieur le pr\u00e9sident, la France et le Liban ont une histoire partag\u00e9e et des liens qui les unissent et qui ne devraient pas s&rsquo;estomper mais au contraire \u00eatre raffermis. Quand le pays du C\u00e8dre br\u00fble, nous ne pouvons pas regarder ailleurs. Nous esp\u00e9rons que vous serez fid\u00e8le \u00e0 la tradition fran\u00e7aise d\u2019humanisme, de respect du droit international et que vous allez \u0153uvrer rapidement et efficacement \u00e0 un cessez-le-feu.<\/p>\n\n\n\n<div class=\"wp-block-group\"><div class=\"wp-block-group__inner-container is-layout-constrained wp-block-group-is-layout-constrained\">\n<figure class=\"wp-block-table\"><div class=\"pcrstb-wrap\"><table class=\"has-fixed-layout\"><tbody><tr><td>Jabbour Jacky<\/td><\/tr><tr><td>Kalligeros Yasmina<\/td><\/tr><tr><td>Kouyoumji Mona<\/td><\/tr><tr><td>Makki Haidar Samar<\/td><\/tr><tr><td>Vellutini Anne-Marguerite<\/td><\/tr><tr><td>Abaji Roger<\/td><\/tr><tr><td>Abbadie Adnan<\/td><\/tr><tr><td>Abboud Pia<\/td><\/tr><tr><td>Abboudi Kamal<\/td><\/tr><tr><td>Abboudi Lily<\/td><\/tr><tr><td>Abboudi Nour<\/td><\/tr><tr><td>Abboudi Said<\/td><\/tr><tr><td>Abou Chacra A\u00efda<\/td><\/tr><tr><td>Abou-hanna Margueritta<\/td><\/tr><tr><td>Abussuan Joelle<\/td><\/tr><tr><td>Afonso Angelique<\/td><\/tr><tr><td>Aithamou Nora<\/td><\/tr><tr><td>Ajaka Rabab<\/td><\/tr><tr><td>Alary Pauline<\/td><\/tr><tr><td>Amrani Nadia<\/td><\/tr><tr><td>Anissa Mohammad<\/td><\/tr><tr><td>Assad Sophie<\/td><\/tr><tr><td>Assad Yasmine<\/td><\/tr><tr><td>Atallah Marie<\/td><\/tr><tr><td>Attya Mahdi<\/td><\/tr><tr><td>Attya Marianne<\/td><\/tr><tr><td>Auriol Marine<\/td><\/tr><tr><td>Awada Ayman<\/td><\/tr><tr><td>Awada Fouad<\/td><\/tr><tr><td>Awada Manar<\/td><\/tr><tr><td>Awada Sawsan<\/td><\/tr><tr><td>Azzi Carlos<\/td><\/tr><tr><td>Azzi Carole<\/td><\/tr><tr><td>Baalbaki Nissrine<\/td><\/tr><tr><td>Bacharouche Jalal<\/td><\/tr><tr><td>Badra badie<\/td><\/tr><tr><td>Bahsoun Dalal<\/td><\/tr><tr><td>Balan Thomas<\/td><\/tr><tr><td>Baptiste Mac\u00e9<\/td><\/tr><tr><td>Barrabes Dina<\/td><\/tr><tr><td>Bassoul Anne Marie<\/td><\/tr><tr><td>Baty Claude<\/td><\/tr><tr><td>Beainy Nada<\/td><\/tr><tr><td>Beenguerrah Asma<\/td><\/tr><tr><td>Benadon claire<\/td><\/tr><tr><td>Bezit Eva<\/td><\/tr><tr><td>Bezit Sadi<\/td><\/tr><tr><td>Bitar Karim<\/td><\/tr><tr><td>Bou Nader Myriam<\/td><\/tr><tr><td>Boullard Sandra<\/td><\/tr><tr><td>Cahen Judith<\/td><\/tr><tr><td>Cahour marine<\/td><\/tr><tr><td>Carbonnier Gaspard<\/td><\/tr><tr><td>Cauvet marie christine<\/td><\/tr><tr><td>CHAAYA Nisrine<\/td><\/tr><tr><td>Chaer Yasmina<\/td><\/tr><tr><td>Chahine Marwan<\/td><\/tr><tr><td>Chamoun B\u00e9n\u00e9dicte<\/td><\/tr><tr><td>Charara Lea<\/td><\/tr><tr><td>Charara Lyna<\/td><\/tr><tr><td>Charara Mazen<\/td><\/tr><tr><td>Charara Nayla<\/td><\/tr><tr><td>Charlot Guy<\/td><\/tr><tr><td>Charmant Olivia<\/td><\/tr><tr><td>Chauveau Mathilde<\/td><\/tr><tr><td>Chavanon Clemence<\/td><\/tr><tr><td>Chavanon Louis-Alexandre<\/td><\/tr><tr><td>Checri Alain<\/td><\/tr><tr><td>Checri Carole<\/td><\/tr><tr><td>Chehadi khadije<\/td><\/tr><tr><td>Chelbi Mehdi<\/td><\/tr><tr><td>Cheraibi Monia<\/td><\/tr><tr><td>Cheurfa Hassina<\/td><\/tr><tr><td>Cheurfa Souad<\/td><\/tr><tr><td>Citaire Patricia<\/td><\/tr><tr><td>Condy Marie<\/td><\/tr><tr><td>Couderc Juliette<\/td><\/tr><tr><td>Couderc Pierre<\/td><\/tr><tr><td>Dabbous AFIFE<\/td><\/tr><tr><td>Dagoury Cl\u00e9mence<\/td><\/tr><tr><td>Daher Yvonne<\/td><\/tr><tr><td>Dalal Mawad<\/td><\/tr><tr><td>Dankar Jana<\/td><\/tr><tr><td>Daoud Nora<\/td><\/tr><tr><td>DAVOUX Erwan<\/td><\/tr><tr><td>De Roug\u00e9 Pierre<\/td><\/tr><tr><td>De Rouville C\u00e9cile<\/td><\/tr><tr><td>Delachaise Chloe<\/td><\/tr><tr><td>Delattre Fran\u00e7oise<\/td><\/tr><tr><td>Deneux Doris<\/td><\/tr><tr><td>Devers Marie-France<\/td><\/tr><tr><td>Dia Hussein<\/td><\/tr><tr><td>Diaz Laure<\/td><\/tr><tr><td>Dingli yorick<\/td><\/tr><tr><td>Doric Lana<\/td><\/tr><tr><td>Duhamel Tristan<\/td><\/tr><tr><td>Duval cyriac<\/td><\/tr><tr><td>Edde Salim<\/td><\/tr><tr><td>El asri Ciham<\/td><\/tr><tr><td>El dweiri lana<\/td><\/tr><tr><td>El Hawly Raymond<\/td><\/tr><tr><td>El khabbaz Fares<\/td><\/tr><tr><td>El khalil moustapha<\/td><\/tr><tr><td>El khoury Baghdadi Souraya<\/td><\/tr><tr><td>Elalam Ziad<\/td><\/tr><tr><td>Elisabeth Laure<\/td><\/tr><tr><td>Elrostom F<\/td><\/tr><tr><td>Espagnon Marie Martine<\/td><\/tr><tr><td>Esquerr\u00e9 Marion<\/td><\/tr><tr><td>Estephan Georges<\/td><\/tr><tr><td>Eucher Ottilie<\/td><\/tr><tr><td>Ezzeddine Marwan<\/td><\/tr><tr><td>Fahs Armand<\/td><\/tr><tr><td>Fakhoury Jihane<\/td><\/tr><tr><td>Fakhreddine Dania<\/td><\/tr><tr><td>Fakhreddine Sana<\/td><\/tr><tr><td>Fakih Bassel Rapha\u00ebl<\/td><\/tr><tr><td>Falha kamel<\/td><\/tr><tr><td>Falha Sarah<\/td><\/tr><tr><td>Farajallah nathalie<\/td><\/tr><tr><td>Fathallah Salwa<\/td><\/tr><tr><td>F\u00e9ghali Hani<\/td><\/tr><tr><td>Ferigoule Fr\u00e9d\u00e9ric<\/td><\/tr><tr><td>Ferrus Laurine<\/td><\/tr><tr><td>Fleifel Aida<\/td><\/tr><tr><td>Forget Anthony<\/td><\/tr><tr><td>Fossorier Timoth\u00e9e<\/td><\/tr><tr><td>Garnier Legrand Laure<\/td><\/tr><tr><td>Geanloup No\u00ebl<\/td><\/tr><tr><td>Gebrael Jospeh<\/td><\/tr><tr><td>Gerard Justine<\/td><\/tr><tr><td>Gerbault Charline<\/td><\/tr><tr><td>Ghais nadia<\/td><\/tr><tr><td>Ghazi El\u00e9onore<\/td><\/tr><tr><td>Ghazi Karl<\/td><\/tr><tr><td>Ghazi Mich\u00e8le<\/td><\/tr><tr><td>Ghosn Elias<\/td><\/tr><tr><td>Giovannetti Marina<\/td><\/tr><tr><td>Grisel Kiana<\/td><\/tr><tr><td>GuemecheLaura<\/td><\/tr><tr><td>Guillemin Marianne<\/td><\/tr><tr><td>Guillou Corentin<\/td><\/tr><tr><td>Habre Caroline<\/td><\/tr><tr><td>Haddouche Messaouda<\/td><\/tr><tr><td>Hadife Bernard<\/td><\/tr><tr><td>Haignere Clarisse<\/td><\/tr><tr><td>Hajjar Sarah<\/td><\/tr><tr><td>Hallal Ramla<\/td><\/tr><tr><td>Hamade Zeinab<\/td><\/tr><tr><td>HAMEL kelly<\/td><\/tr><tr><td>Hamieh Aline<\/td><\/tr><tr><td>Hammoud Mona<\/td><\/tr><tr><td>Hamoui Albert<\/td><\/tr><tr><td>Hannoun Bibi Rana<\/td><\/tr><tr><td>Harb Manar<\/td><\/tr><tr><td>Hariri Anne<\/td><\/tr><tr><td>Hariri Sophie<\/td><\/tr><tr><td>Hassan Bassem<\/td><\/tr><tr><td>Hassan Essam<\/td><\/tr><tr><td>Hassan Nelly<\/td><\/tr><tr><td>Hassan Pilartz Rouba<\/td><\/tr><tr><td>Hatem Sandrine<\/td><\/tr><tr><td>Herrich Yassmine<\/td><\/tr><tr><td>Hilda chakar<\/td><\/tr><tr><td>Hoche Fayez<\/td><\/tr><tr><td>Houdouin Camille<\/td><\/tr><tr><td>Hoyek Sonia<\/td><\/tr><tr><td>Huri\u00e9 Adeline<\/td><\/tr><tr><td>Ibrahim Farah<\/td><\/tr><tr><td>Ionine Maxime<\/td><\/tr><tr><td>Issad Lydia<\/td><\/tr><tr><td>Itani Ziad<\/td><\/tr><tr><td>Jaber Assaf Solange<\/td><\/tr><tr><td>Jaber Linda<\/td><\/tr><tr><td>Jaber Rita<\/td><\/tr><tr><td>Jansen Claude<\/td><\/tr><tr><td>Jonsson Nadia<\/td><\/tr><tr><td>Joseph Dani<\/td><\/tr><tr><td>Kabbadj Yassine<\/td><\/tr><tr><td>Kandalaft zeina<\/td><\/tr><tr><td>Kantarjian Alain<\/td><\/tr><tr><td>Karam Venus<\/td><\/tr><tr><td>Kayadjanian Maxime<\/td><\/tr><tr><td>Kazma Fawaz<\/td><\/tr><tr><td>Kfouri Zeina<\/td><\/tr><tr><td>Khaled Zeina<\/td><\/tr><tr><td>Khalidy Soraya<\/td><\/tr><tr><td>Khalil Lynn<\/td><\/tr><tr><td>Kheirallah Mireille<\/td><\/tr><tr><td>Khoury Maya<\/td><\/tr><tr><td>Khoury rana<\/td><\/tr><tr><td>Korkmaz Carine<\/td><\/tr><tr><td>Kouster Loo<\/td><\/tr><tr><td>Kreidi Norma<\/td><\/tr><tr><td>Labidi Loubna<\/td><\/tr><tr><td>Lacau Jean-Marie<\/td><\/tr><tr><td>Ladreyt Marianna<\/td><\/tr><tr><td>Lagrandmaiso Imane<\/td><\/tr><tr><td>Laris Ahmad<\/td><\/tr><tr><td>Laurent Ana\u00efs<\/td><\/tr><tr><td>Laurent Thierry<\/td><\/tr><tr><td>Lerner Leticia<\/td><\/tr><tr><td>Levai Camille<\/td><\/tr><tr><td>Lune Assia<\/td><\/tr><tr><td>Mac\u00e9 Blaise<\/td><\/tr><tr><td>Mac\u00e9 Gw\u00e9na\u00eble<\/td><\/tr><tr><td>Macias L\u00e9a<\/td><\/tr><tr><td>Maiki Joseph<\/td><\/tr><tr><td>Makhoul Alexandre<\/td><\/tr><tr><td>Makki Rabih<\/td><\/tr><tr><td>Malbert Nawal<\/td><\/tr><tr><td>Malham\u00e9 Secco Janine<\/td><\/tr><tr><td>Malky Fabienne<\/td><\/tr><tr><td>Maupas Lola<\/td><\/tr><tr><td>MAURER Val\u00e9rie<\/td><\/tr><tr><td>Melhem Hana<\/td><\/tr><tr><td>Menargues Katia<\/td><\/tr><tr><td>Michel Maxime<\/td><\/tr><tr><td>Mimault Chlo\u00e9<\/td><\/tr><tr><td>Mimault Nicolas<\/td><\/tr><tr><td>Mimault Sylvie<\/td><\/tr><tr><td>Mirabella anna<\/td><\/tr><tr><td>Mirdass Camil<\/td><\/tr><tr><td>Mohssen Laura<\/td><\/tr><tr><td>Mouawad Rim<\/td><\/tr><tr><td>Mouawad Samar<\/td><\/tr><tr><td>Mouawad Wissam<\/td><\/tr><tr><td>Mouchet Marie<\/td><\/tr><tr><td>Mouillevois Christiane<\/td><\/tr><tr><td>Moulinier Maryse<\/td><\/tr><tr><td>Mourani Paule<\/td><\/tr><tr><td>Mourtada Hussein<\/td><\/tr><tr><td>Moustafa Mouhammad<\/td><\/tr><tr><td>Naoum Myrna<\/td><\/tr><tr><td>Naous Nadine<\/td><\/tr><tr><td>Nassar Cindy<\/td><\/tr><tr><td>Nassar Nayla<\/td><\/tr><tr><td>Nekka Waffa<\/td><\/tr><tr><td>Neveu Marie-H\u00e9l\u00e8ne<\/td><\/tr><tr><td>Obeid Dalia<\/td><\/tr><tr><td>Oberlin Christophe<\/td><\/tr><tr><td>Osman Fadi<\/td><\/tr><tr><td>Oueidat Nada<\/td><\/tr><tr><td>Oussoufa Fatima<\/td><\/tr><tr><td>Papy Emmanuel<\/td><\/tr><tr><td>Peret Cl\u00e9mence<\/td><\/tr><tr><td>Pieronne Marie<\/td><\/tr><tr><td>Pignede Margaux<\/td><\/tr><tr><td>Pignede Yves<\/td><\/tr><tr><td>Poiree Marie<\/td><\/tr><tr><td>Prat Marca Claire<\/td><\/tr><tr><td>Raad Nawal<\/td><\/tr><tr><td>Rahme Thalia<\/td><\/tr><tr><td>Rapin Anne<\/td><\/tr><tr><td>Regnier-Vigouroux Elissa<\/td><\/tr><tr><td>Renard Marion<\/td><\/tr><tr><td>Rida abbas<\/td><\/tr><tr><td>Rida Farah<\/td><\/tr><tr><td>Rida Fran\u00e7oise<\/td><\/tr><tr><td>Rizk Clary<\/td><\/tr><tr><td>Rouillard Carine<\/td><\/tr><tr><td>Rouillard Paul<\/td><\/tr><tr><td>Roussey Yvan<\/td><\/tr><tr><td>Roy Allam<\/td><\/tr><tr><td>Saab Salim<\/td><\/tr><tr><td>Saab Sarah<\/td><\/tr><tr><td>Saade Marina<\/td><\/tr><tr><td>Sabbah Yasmine<\/td><\/tr><tr><td>Saikali Maria<\/td><\/tr><tr><td>Sakout Jihane<\/td><\/tr><tr><td>Salameh Constantin<\/td><\/tr><tr><td>Saliba Jessy<\/td><\/tr><tr><td>Samaha Camille<\/td><\/tr><tr><td>Samaha Hani<\/td><\/tr><tr><td>Samman Rima<\/td><\/tr><tr><td>Saneh Rola<\/td><\/tr><tr><td>Sawaya Dior<\/td><\/tr><tr><td>Sawaya Rita<\/td><\/tr><tr><td>Sbeity Mariam<\/td><\/tr><tr><td>Schwab Marie<\/td><\/tr><tr><td>Sharara Rajah<\/td><\/tr><tr><td>Sikiotakis Ir\u00e8ne<\/td><\/tr><tr><td>Sinno Janine<\/td><\/tr><tr><td>Tawil Sfeir Viviane<\/td><\/tr><tr><td>Tessier Agathe<\/td><\/tr><tr><td>Theveney Johanne<\/td><\/tr><tr><td>Theyse Saab Joan<\/td><\/tr><tr><td>Thion Alice<\/td><\/tr><tr><td>Thomas Alexandre<\/td><\/tr><tr><td>Thomas Didier<\/td><\/tr><tr><td>Thomas Guillaume<\/td><\/tr><tr><td>Thomas Louise<\/td><\/tr><tr><td>Thomas marie sophie<\/td><\/tr><tr><td>Thomas Nicolas<\/td><\/tr><tr><td>Toma Caroline<\/td><\/tr><tr><td>Torun Tulay<\/td><\/tr><tr><td>Triomphe Bernard<\/td><\/tr><tr><td>Uhri Marina<\/td><\/tr><tr><td>Villar Emilie<\/td><\/tr><tr><td>Villard julie<\/td><\/tr><tr><td>Vincensini Angelina<\/td><\/tr><tr><td>Von Keller Birgit<\/td><\/tr><tr><td>Wale Marl\u00e8ne<\/td><\/tr><tr><td>Walter Stella<\/td><\/tr><tr><td>Warde Elsa<\/td><\/tr><tr><td>Ward\u00e9 Marie claude<\/td><\/tr><tr><td>Ward\u00e9 Mathieu<\/td><\/tr><tr><td>Ward\u00e9 PAUL<\/td><\/tr><tr><td>Wehb\u00e9 Tarek<\/td><\/tr><tr><td>Yaga Imene<\/td><\/tr><tr><td>Yared Myriam<\/td><\/tr><tr><td>Yatim L\u00e9a<\/td><\/tr><tr><td>Yatim Maher<\/td><\/tr><tr><td>Yatim Marie<\/td><\/tr><tr><td>Yazback lamia<\/td><\/tr><tr><td>Yehia Farah<\/td><\/tr><tr><td>Yehia Silah<\/td><\/tr><tr><td>Younes Dolly<\/td><\/tr><tr><td>Youssef Hassan<\/td><\/tr><tr><td>Youssef Marietherese<\/td><\/tr><tr><td>Zaarour Imane<\/td><\/tr><tr><td>Zalat Ahmad<\/td><\/tr><tr><td>zein roula<\/td><\/tr><tr><td>Zerbib Lila<\/td><\/tr><tr><td>Yassine Ahmad<\/td><\/tr><tr><td>Yassine Nassib<\/td><\/tr><tr><td>Aziz Jessy<\/td><\/tr><tr><td>Ziad\u00e9 Carole<\/td><\/tr><tr><td>Touze Veronique<\/td><\/tr><tr><td>Abboud dagher Sandra<\/td><\/tr><tr><td>Tfayli Ali<\/td><\/tr><tr><td>El Masri Alexandre<\/td><\/tr><tr><td>Matar Catherine<\/td><\/tr><tr><td>Tfayli C\u00e9sar<\/td><\/tr><tr><td>Naboulsi Maya<\/td><\/tr><tr><td>NABOULSI Omar<\/td><\/tr><\/tbody><\/table><\/div><\/figure>\n<\/div><\/div>","protected":false},"excerpt":{"rendered":"<p>Tribune parue dans Marianne &#8211; Actualit\u00e9s et d\u00e9bats Des citoyens fran\u00e7ais et franco-libanais de tous horizons, constern\u00e9s par la diplomatie fran\u00e7aise au&hellip;<\/p>","protected":false},"author":9,"featured_media":3053,"comment_status":"open","ping_status":"open","sticky":false,"template":"","format":"standard","meta":{"_lmt_disableupdate":"","_lmt_disable":"","footnotes":""},"categories":[5,4],"tags":[57,77],"class_list":["post-3052","post","type-post","status-publish","format-standard","has-post-thumbnail","hentry","category-international","category-mis-en-avant","tag-diplomatie","tag-liban"],"yoast_head":"<!-- This site is optimized with the Yoast SEO Premium plugin v28.1 (Yoast SEO v28.1) - https:\/\/yoast.com\/product\/yoast-seo-premium-wordpress\/ -->\n<title>Monsieur le pr\u00e9sident, face au drame au Liban, nous exigeons de la France une action forte pour un cessez-le-feu imm\u00e9diat&quot; | Geopolitics.fr<\/title>\n<meta name=\"description\" content=\"Tribune collective exigeant du Pr\u00e9sident de la R\u00e9publique et de la diplomatie fran\u00e7aise une action efficace pour un cessez-le-feu au Liban\" \/>\n<meta name=\"robots\" content=\"index, follow, max-snippet:-1, max-image-preview:large, max-video-preview:-1\" \/>\n<link rel=\"canonical\" href=\"https:\/\/www.geopolitics.fr\/en\/2024\/11\/08\/monsieur-le-president-face-au-drame-au-liban-nous-exigeons-de-la-france-une-action-forte-pour-un-cessez-le-feu-immediat\/\" \/>\n<meta property=\"og:locale\" content=\"en_GB\" \/>\n<meta property=\"og:type\" content=\"article\" \/>\n<meta property=\"og:title\" content=\"Monsieur le pr\u00e9sident, face au drame au Liban, nous exigeons de la France une action forte pour un cessez-le-feu imm\u00e9diat&quot;\" \/>\n<meta property=\"og:description\" content=\"Tribune collective exigeant du Pr\u00e9sident de la R\u00e9publique et de la diplomatie fran\u00e7aise une action efficace pour un cessez-le-feu au Liban\" \/>\n<meta property=\"og:url\" content=\"https:\/\/www.geopolitics.fr\/en\/2024\/11\/08\/monsieur-le-president-face-au-drame-au-liban-nous-exigeons-de-la-france-une-action-forte-pour-un-cessez-le-feu-immediat\/\" \/>\n<meta property=\"og:site_name\" content=\"Geopolitics.fr\" \/>\n<meta property=\"article:publisher\" content=\"https:\/\/www.facebook.com\/people\/Erwan-Davoux\/61557098968092\/\" \/>\n<meta property=\"article:published_time\" content=\"2024-11-08T14:40:42+00:00\" \/>\n<meta property=\"article:modified_time\" content=\"2024-11-08T14:57:03+00:00\" \/>\n<meta property=\"og:image\" content=\"https:\/\/www.geopolitics.fr\/wp-content\/uploads\/2024\/11\/drapeau-libanais.png\" \/>\n\t<meta property=\"og:image:width\" content=\"250\" \/>\n\t<meta property=\"og:image:height\" content=\"188\" \/>\n\t<meta property=\"og:image:type\" content=\"image\/png\" \/>\n<meta name=\"author\" content=\"contact@geopolitics.fr\" \/>\n<meta name=\"twitter:card\" content=\"summary_large_image\" \/>\n<meta name=\"twitter:creator\" content=\"@Geopolitics_Fr\" \/>\n<meta name=\"twitter:site\" content=\"@Geopolitics_Fr\" \/>\n<meta name=\"twitter:label1\" content=\"Written by\" \/>\n\t<meta name=\"twitter:data1\" content=\"contact@geopolitics.fr\" \/>\n\t<meta name=\"twitter:label2\" content=\"Estimated reading time\" \/>\n\t<meta name=\"twitter:data2\" content=\"9 minutes\" \/>\n<script type=\"application\/ld+json\" class=\"yoast-schema-graph\">{\"@context\":\"https:\\\/\\\/schema.org\",\"@graph\":[{\"@type\":\"Article\",\"@id\":\"https:\\\/\\\/www.geopolitics.fr\\\/2024\\\/11\\\/08\\\/monsieur-le-president-face-au-drame-au-liban-nous-exigeons-de-la-france-une-action-forte-pour-un-cessez-le-feu-immediat\\\/#article\",\"isPartOf\":{\"@id\":\"https:\\\/\\\/www.geopolitics.fr\\\/2024\\\/11\\\/08\\\/monsieur-le-president-face-au-drame-au-liban-nous-exigeons-de-la-france-une-action-forte-pour-un-cessez-le-feu-immediat\\\/\"},\"author\":{\"name\":\"contact@geopolitics.fr\",\"@id\":\"https:\\\/\\\/www.geopolitics.fr\\\/#\\\/schema\\\/person\\\/69dde260ad11805e2aa68f0d9e9128da\"},\"headline\":\"Monsieur le pr\u00e9sident, face au drame au Liban, nous exigeons de la France une action forte pour un cessez-le-feu imm\u00e9diat\u00a0\u00bb\",\"datePublished\":\"2024-11-08T14:40:42+00:00\",\"dateModified\":\"2024-11-08T14:57:03+00:00\",\"mainEntityOfPage\":{\"@id\":\"https:\\\/\\\/www.geopolitics.fr\\\/2024\\\/11\\\/08\\\/monsieur-le-president-face-au-drame-au-liban-nous-exigeons-de-la-france-une-action-forte-pour-un-cessez-le-feu-immediat\\\/\"},\"wordCount\":1825,\"commentCount\":0,\"publisher\":{\"@id\":\"https:\\\/\\\/www.geopolitics.fr\\\/#organization\"},\"image\":{\"@id\":\"https:\\\/\\\/www.geopolitics.fr\\\/2024\\\/11\\\/08\\\/monsieur-le-president-face-au-drame-au-liban-nous-exigeons-de-la-france-une-action-forte-pour-un-cessez-le-feu-immediat\\\/#primaryimage\"},\"thumbnailUrl\":\"https:\\\/\\\/www.geopolitics.fr\\\/wp-content\\\/uploads\\\/2024\\\/11\\\/drapeau-libanais.png\",\"keywords\":[\"diplomatie\",\"liban\"],\"articleSection\":[\"International\",\"Mis en AVANT\"],\"inLanguage\":\"en-GB\"},{\"@type\":\"WebPage\",\"@id\":\"https:\\\/\\\/www.geopolitics.fr\\\/2024\\\/11\\\/08\\\/monsieur-le-president-face-au-drame-au-liban-nous-exigeons-de-la-france-une-action-forte-pour-un-cessez-le-feu-immediat\\\/\",\"url\":\"https:\\\/\\\/www.geopolitics.fr\\\/2024\\\/11\\\/08\\\/monsieur-le-president-face-au-drame-au-liban-nous-exigeons-de-la-france-une-action-forte-pour-un-cessez-le-feu-immediat\\\/\",\"name\":\"Monsieur le pr\u00e9sident, face au drame au Liban, nous exigeons de la France une action forte pour un cessez-le-feu imm\u00e9diat\\\" | Geopolitics.fr\",\"isPartOf\":{\"@id\":\"https:\\\/\\\/www.geopolitics.fr\\\/#website\"},\"primaryImageOfPage\":{\"@id\":\"https:\\\/\\\/www.geopolitics.fr\\\/2024\\\/11\\\/08\\\/monsieur-le-president-face-au-drame-au-liban-nous-exigeons-de-la-france-une-action-forte-pour-un-cessez-le-feu-immediat\\\/#primaryimage\"},\"image\":{\"@id\":\"https:\\\/\\\/www.geopolitics.fr\\\/2024\\\/11\\\/08\\\/monsieur-le-president-face-au-drame-au-liban-nous-exigeons-de-la-france-une-action-forte-pour-un-cessez-le-feu-immediat\\\/#primaryimage\"},\"thumbnailUrl\":\"https:\\\/\\\/www.geopolitics.fr\\\/wp-content\\\/uploads\\\/2024\\\/11\\\/drapeau-libanais.png\",\"datePublished\":\"2024-11-08T14:40:42+00:00\",\"dateModified\":\"2024-11-08T14:57:03+00:00\",\"description\":\"Tribune collective exigeant du Pr\u00e9sident de la R\u00e9publique et de la diplomatie fran\u00e7aise une action efficace pour un cessez-le-feu au Liban\",\"breadcrumb\":{\"@id\":\"https:\\\/\\\/www.geopolitics.fr\\\/2024\\\/11\\\/08\\\/monsieur-le-president-face-au-drame-au-liban-nous-exigeons-de-la-france-une-action-forte-pour-un-cessez-le-feu-immediat\\\/#breadcrumb\"},\"inLanguage\":\"en-GB\",\"potentialAction\":[{\"@type\":\"ReadAction\",\"target\":[\"https:\\\/\\\/www.geopolitics.fr\\\/2024\\\/11\\\/08\\\/monsieur-le-president-face-au-drame-au-liban-nous-exigeons-de-la-france-une-action-forte-pour-un-cessez-le-feu-immediat\\\/\"]}]},{\"@type\":\"ImageObject\",\"inLanguage\":\"en-GB\",\"@id\":\"https:\\\/\\\/www.geopolitics.fr\\\/2024\\\/11\\\/08\\\/monsieur-le-president-face-au-drame-au-liban-nous-exigeons-de-la-france-une-action-forte-pour-un-cessez-le-feu-immediat\\\/#primaryimage\",\"url\":\"https:\\\/\\\/www.geopolitics.fr\\\/wp-content\\\/uploads\\\/2024\\\/11\\\/drapeau-libanais.png\",\"contentUrl\":\"https:\\\/\\\/www.geopolitics.fr\\\/wp-content\\\/uploads\\\/2024\\\/11\\\/drapeau-libanais.png\",\"width\":250,\"height\":188},{\"@type\":\"BreadcrumbList\",\"@id\":\"https:\\\/\\\/www.geopolitics.fr\\\/2024\\\/11\\\/08\\\/monsieur-le-president-face-au-drame-au-liban-nous-exigeons-de-la-france-une-action-forte-pour-un-cessez-le-feu-immediat\\\/#breadcrumb\",\"itemListElement\":[{\"@type\":\"ListItem\",\"position\":1,\"name\":\"Accueil\",\"item\":\"https:\\\/\\\/www.geopolitics.fr\\\/\"},{\"@type\":\"ListItem\",\"position\":2,\"name\":\"Monsieur le pr\u00e9sident, face au drame au Liban, nous exigeons de la France une action forte pour un cessez-le-feu imm\u00e9diat&#8221;\"}]},{\"@type\":\"WebSite\",\"@id\":\"https:\\\/\\\/www.geopolitics.fr\\\/#website\",\"url\":\"https:\\\/\\\/www.geopolitics.fr\\\/\",\"name\":\"Geopolitics.fr\",\"description\":\"Geopolitics.fr Analyse politique, relations internationales, d\u00e9fense - ligne \u00e9ditoriale gaullo-chiraquienne\",\"publisher\":{\"@id\":\"https:\\\/\\\/www.geopolitics.fr\\\/#organization\"},\"potentialAction\":[{\"@type\":\"SearchAction\",\"target\":{\"@type\":\"EntryPoint\",\"urlTemplate\":\"https:\\\/\\\/www.geopolitics.fr\\\/?s={search_term_string}\"},\"query-input\":{\"@type\":\"PropertyValueSpecification\",\"valueRequired\":true,\"valueName\":\"search_term_string\"}}],\"inLanguage\":\"en-GB\"},{\"@type\":\"Organization\",\"@id\":\"https:\\\/\\\/www.geopolitics.fr\\\/#organization\",\"name\":\"Geopolitics.fr\",\"url\":\"https:\\\/\\\/www.geopolitics.fr\\\/\",\"logo\":{\"@type\":\"ImageObject\",\"inLanguage\":\"en-GB\",\"@id\":\"https:\\\/\\\/www.geopolitics.fr\\\/#\\\/schema\\\/logo\\\/image\\\/\",\"url\":\"https:\\\/\\\/www.geopolitics.fr\\\/wp-content\\\/uploads\\\/2024\\\/01\\\/logo.jpg\",\"contentUrl\":\"https:\\\/\\\/www.geopolitics.fr\\\/wp-content\\\/uploads\\\/2024\\\/01\\\/logo.jpg\",\"width\":500,\"height\":500,\"caption\":\"Geopolitics.fr\"},\"image\":{\"@id\":\"https:\\\/\\\/www.geopolitics.fr\\\/#\\\/schema\\\/logo\\\/image\\\/\"},\"sameAs\":[\"https:\\\/\\\/www.facebook.com\\\/people\\\/Erwan-Davoux\\\/61557098968092\\\/\",\"https:\\\/\\\/x.com\\\/Geopolitics_Fr\"]},{\"@type\":\"Person\",\"@id\":\"https:\\\/\\\/www.geopolitics.fr\\\/#\\\/schema\\\/person\\\/69dde260ad11805e2aa68f0d9e9128da\",\"name\":\"contact@geopolitics.fr\",\"image\":{\"@type\":\"ImageObject\",\"inLanguage\":\"en-GB\",\"@id\":\"https:\\\/\\\/www.geopolitics.fr\\\/wp-content\\\/uploads\\\/2024\\\/01\\\/edito-bonne-banniere-96x96.jpg\",\"url\":\"https:\\\/\\\/www.geopolitics.fr\\\/wp-content\\\/uploads\\\/2024\\\/01\\\/edito-bonne-banniere-96x96.jpg\",\"contentUrl\":\"https:\\\/\\\/www.geopolitics.fr\\\/wp-content\\\/uploads\\\/2024\\\/01\\\/edito-bonne-banniere-96x96.jpg\",\"caption\":\"contact@geopolitics.fr\"},\"url\":\"https:\\\/\\\/www.geopolitics.fr\\\/en\\\/author\\\/contactgeopolitics-fr\\\/\"}]}<\/script>\n<!-- \/ Yoast SEO Premium plugin. -->","yoast_head_json":{"title":"Monsieur le pr\u00e9sident, face au drame au Liban, nous exigeons de la France une action forte pour un cessez-le-feu imm\u00e9diat\" | Geopolitics.fr","description":"Tribune collective exigeant du Pr\u00e9sident de la R\u00e9publique et de la diplomatie fran\u00e7aise une action efficace pour un cessez-le-feu au Liban","robots":{"index":"index","follow":"follow","max-snippet":"max-snippet:-1","max-image-preview":"max-image-preview:large","max-video-preview":"max-video-preview:-1"},"canonical":"https:\/\/www.geopolitics.fr\/en\/2024\/11\/08\/monsieur-le-president-face-au-drame-au-liban-nous-exigeons-de-la-france-une-action-forte-pour-un-cessez-le-feu-immediat\/","og_locale":"en_GB","og_type":"article","og_title":"Monsieur le pr\u00e9sident, face au drame au Liban, nous exigeons de la France une action forte pour un cessez-le-feu imm\u00e9diat\"","og_description":"Tribune collective exigeant du Pr\u00e9sident de la R\u00e9publique et de la diplomatie fran\u00e7aise une action efficace pour un cessez-le-feu au Liban","og_url":"https:\/\/www.geopolitics.fr\/en\/2024\/11\/08\/monsieur-le-president-face-au-drame-au-liban-nous-exigeons-de-la-france-une-action-forte-pour-un-cessez-le-feu-immediat\/","og_site_name":"Geopolitics.fr","article_publisher":"https:\/\/www.facebook.com\/people\/Erwan-Davoux\/61557098968092\/","article_published_time":"2024-11-08T14:40:42+00:00","article_modified_time":"2024-11-08T14:57:03+00:00","og_image":[{"width":250,"height":188,"url":"https:\/\/www.geopolitics.fr\/wp-content\/uploads\/2024\/11\/drapeau-libanais.png","type":"image\/png"}],"author":"contact@geopolitics.fr","twitter_card":"summary_large_image","twitter_creator":"@Geopolitics_Fr","twitter_site":"@Geopolitics_Fr","twitter_misc":{"Written by":"contact@geopolitics.fr","Estimated reading time":"9 minutes"},"schema":{"@context":"https:\/\/schema.org","@graph":[{"@type":"Article","@id":"https:\/\/www.geopolitics.fr\/2024\/11\/08\/monsieur-le-president-face-au-drame-au-liban-nous-exigeons-de-la-france-une-action-forte-pour-un-cessez-le-feu-immediat\/#article","isPartOf":{"@id":"https:\/\/www.geopolitics.fr\/2024\/11\/08\/monsieur-le-president-face-au-drame-au-liban-nous-exigeons-de-la-france-une-action-forte-pour-un-cessez-le-feu-immediat\/"},"author":{"name":"contact@geopolitics.fr","@id":"https:\/\/www.geopolitics.fr\/#\/schema\/person\/69dde260ad11805e2aa68f0d9e9128da"},"headline":"Monsieur le pr\u00e9sident, face au drame au Liban, nous exigeons de la France une action forte pour un cessez-le-feu imm\u00e9diat\u00a0\u00bb","datePublished":"2024-11-08T14:40:42+00:00","dateModified":"2024-11-08T14:57:03+00:00","mainEntityOfPage":{"@id":"https:\/\/www.geopolitics.fr\/2024\/11\/08\/monsieur-le-president-face-au-drame-au-liban-nous-exigeons-de-la-france-une-action-forte-pour-un-cessez-le-feu-immediat\/"},"wordCount":1825,"commentCount":0,"publisher":{"@id":"https:\/\/www.geopolitics.fr\/#organization"},"image":{"@id":"https:\/\/www.geopolitics.fr\/2024\/11\/08\/monsieur-le-president-face-au-drame-au-liban-nous-exigeons-de-la-france-une-action-forte-pour-un-cessez-le-feu-immediat\/#primaryimage"},"thumbnailUrl":"https:\/\/www.geopolitics.fr\/wp-content\/uploads\/2024\/11\/drapeau-libanais.png","keywords":["diplomatie","liban"],"articleSection":["International","Mis en AVANT"],"inLanguage":"en-GB"},{"@type":"WebPage","@id":"https:\/\/www.geopolitics.fr\/2024\/11\/08\/monsieur-le-president-face-au-drame-au-liban-nous-exigeons-de-la-france-une-action-forte-pour-un-cessez-le-feu-immediat\/","url":"https:\/\/www.geopolitics.fr\/2024\/11\/08\/monsieur-le-president-face-au-drame-au-liban-nous-exigeons-de-la-france-une-action-forte-pour-un-cessez-le-feu-immediat\/","name":"Monsieur le pr\u00e9sident, face au drame au Liban, nous exigeons de la France une action forte pour un cessez-le-feu imm\u00e9diat\" | Geopolitics.fr","isPartOf":{"@id":"https:\/\/www.geopolitics.fr\/#website"},"primaryImageOfPage":{"@id":"https:\/\/www.geopolitics.fr\/2024\/11\/08\/monsieur-le-president-face-au-drame-au-liban-nous-exigeons-de-la-france-une-action-forte-pour-un-cessez-le-feu-immediat\/#primaryimage"},"image":{"@id":"https:\/\/www.geopolitics.fr\/2024\/11\/08\/monsieur-le-president-face-au-drame-au-liban-nous-exigeons-de-la-france-une-action-forte-pour-un-cessez-le-feu-immediat\/#primaryimage"},"thumbnailUrl":"https:\/\/www.geopolitics.fr\/wp-content\/uploads\/2024\/11\/drapeau-libanais.png","datePublished":"2024-11-08T14:40:42+00:00","dateModified":"2024-11-08T14:57:03+00:00","description":"Tribune collective exigeant du Pr\u00e9sident de la R\u00e9publique et de la diplomatie fran\u00e7aise une action efficace pour un cessez-le-feu au Liban","breadcrumb":{"@id":"https:\/\/www.geopolitics.fr\/2024\/11\/08\/monsieur-le-president-face-au-drame-au-liban-nous-exigeons-de-la-france-une-action-forte-pour-un-cessez-le-feu-immediat\/#breadcrumb"},"inLanguage":"en-GB","potentialAction":[{"@type":"ReadAction","target":["https:\/\/www.geopolitics.fr\/2024\/11\/08\/monsieur-le-president-face-au-drame-au-liban-nous-exigeons-de-la-france-une-action-forte-pour-un-cessez-le-feu-immediat\/"]}]},{"@type":"ImageObject","inLanguage":"en-GB","@id":"https:\/\/www.geopolitics.fr\/2024\/11\/08\/monsieur-le-president-face-au-drame-au-liban-nous-exigeons-de-la-france-une-action-forte-pour-un-cessez-le-feu-immediat\/#primaryimage","url":"https:\/\/www.geopolitics.fr\/wp-content\/uploads\/2024\/11\/drapeau-libanais.png","contentUrl":"https:\/\/www.geopolitics.fr\/wp-content\/uploads\/2024\/11\/drapeau-libanais.png","width":250,"height":188},{"@type":"BreadcrumbList","@id":"https:\/\/www.geopolitics.fr\/2024\/11\/08\/monsieur-le-president-face-au-drame-au-liban-nous-exigeons-de-la-france-une-action-forte-pour-un-cessez-le-feu-immediat\/#breadcrumb","itemListElement":[{"@type":"ListItem","position":1,"name":"Accueil","item":"https:\/\/www.geopolitics.fr\/"},{"@type":"ListItem","position":2,"name":"Monsieur le pr\u00e9sident, face au drame au Liban, nous exigeons de la France une action forte pour un cessez-le-feu imm\u00e9diat&#8221;"}]},{"@type":"WebSite","@id":"https:\/\/www.geopolitics.fr\/#website","url":"https:\/\/www.geopolitics.fr\/","name":"Geopolitics.fr","description":"Geopolitics.fr Analyse politique, relations internationales, d\u00e9fense - ligne \u00e9ditoriale gaullo-chiraquienne","publisher":{"@id":"https:\/\/www.geopolitics.fr\/#organization"},"potentialAction":[{"@type":"SearchAction","target":{"@type":"EntryPoint","urlTemplate":"https:\/\/www.geopolitics.fr\/?s={search_term_string}"},"query-input":{"@type":"PropertyValueSpecification","valueRequired":true,"valueName":"search_term_string"}}],"inLanguage":"en-GB"},{"@type":"Organization","@id":"https:\/\/www.geopolitics.fr\/#organization","name":"Geopolitics.fr","url":"https:\/\/www.geopolitics.fr\/","logo":{"@type":"ImageObject","inLanguage":"en-GB","@id":"https:\/\/www.geopolitics.fr\/#\/schema\/logo\/image\/","url":"https:\/\/www.geopolitics.fr\/wp-content\/uploads\/2024\/01\/logo.jpg","contentUrl":"https:\/\/www.geopolitics.fr\/wp-content\/uploads\/2024\/01\/logo.jpg","width":500,"height":500,"caption":"Geopolitics.fr"},"image":{"@id":"https:\/\/www.geopolitics.fr\/#\/schema\/logo\/image\/"},"sameAs":["https:\/\/www.facebook.com\/people\/Erwan-Davoux\/61557098968092\/","https:\/\/x.com\/Geopolitics_Fr"]},{"@type":"Person","@id":"https:\/\/www.geopolitics.fr\/#\/schema\/person\/69dde260ad11805e2aa68f0d9e9128da","name":"contact@geopolitics.fr","image":{"@type":"ImageObject","inLanguage":"en-GB","@id":"https:\/\/www.geopolitics.fr\/wp-content\/uploads\/2024\/01\/edito-bonne-banniere-96x96.jpg","url":"https:\/\/www.geopolitics.fr\/wp-content\/uploads\/2024\/01\/edito-bonne-banniere-96x96.jpg","contentUrl":"https:\/\/www.geopolitics.fr\/wp-content\/uploads\/2024\/01\/edito-bonne-banniere-96x96.jpg","caption":"contact@geopolitics.fr"},"url":"https:\/\/www.geopolitics.fr\/en\/author\/contactgeopolitics-fr\/"}]}},"_links":{"self":[{"href":"https:\/\/www.geopolitics.fr\/en\/wp-json\/wp\/v2\/posts\/3052","targetHints":{"allow":["GET"]}}],"collection":[{"href":"https:\/\/www.geopolitics.fr\/en\/wp-json\/wp\/v2\/posts"}],"about":[{"href":"https:\/\/www.geopolitics.fr\/en\/wp-json\/wp\/v2\/types\/post"}],"author":[{"embeddable":true,"href":"https:\/\/www.geopolitics.fr\/en\/wp-json\/wp\/v2\/users\/9"}],"replies":[{"embeddable":true,"href":"https:\/\/www.geopolitics.fr\/en\/wp-json\/wp\/v2\/comments?post=3052"}],"version-history":[{"count":0,"href":"https:\/\/www.geopolitics.fr\/en\/wp-json\/wp\/v2\/posts\/3052\/revisions"}],"wp:featuredmedia":[{"embeddable":true,"href":"https:\/\/www.geopolitics.fr\/en\/wp-json\/wp\/v2\/media\/3053"}],"wp:attachment":[{"href":"https:\/\/www.geopolitics.fr\/en\/wp-json\/wp\/v2\/media?parent=3052"}],"wp:term":[{"taxonomy":"category","embeddable":true,"href":"https:\/\/www.geopolitics.fr\/en\/wp-json\/wp\/v2\/categories?post=3052"},{"taxonomy":"post_tag","embeddable":true,"href":"https:\/\/www.geopolitics.fr\/en\/wp-json\/wp\/v2\/tags?post=3052"}],"curies":[{"name":"wp","href":"https:\/\/api.w.org\/{rel}","templated":true}]}}