{"id":3033,"date":"2024-11-04T10:07:53","date_gmt":"2024-11-04T09:07:53","guid":{"rendered":"https:\/\/www.geopolitics.fr\/?p=3033"},"modified":"2024-11-04T12:05:53","modified_gmt":"2024-11-04T11:05:53","slug":"le-4-novembre-1994-il-y-a-30-ans-jacques-chirac-se-portait-candidat-a-lelection-presidentielle","status":"publish","type":"post","link":"https:\/\/www.geopolitics.fr\/en\/2024\/11\/04\/le-4-novembre-1994-il-y-a-30-ans-jacques-chirac-se-portait-candidat-a-lelection-presidentielle\/","title":{"rendered":"Le 4 novembre 1994, Il y a 30 ans, Jacques Chirac se portait candidat \u00e0 l&rsquo;\u00e9lection pr\u00e9sidentielle"},"content":{"rendered":"<p class=\"has-medium-font-size wp-block-paragraph\">Le 4 novembre 1994, il y a 30 ans, Jacques Chirac annon\u00e7ait sa candidature \u00e0 l&rsquo;\u00e9lection pr\u00e9sidentielle dans <a href=\"https:\/\/www.linkedin.com\/in\/erwan-davoux-6800b289\/overlay\/create-post\/\"><strong>La Voix du Nord<\/strong><\/a>. <\/p>\n\n\n\n<h2 class=\"wp-block-heading\" id=\"h-trahisons-et-quolibets\">Trahisons et quolibets<\/h2>\n\n\n\n<p class=\"has-medium-font-size wp-block-paragraph\"><strong>Le microcosme m\u00e9diatique l&rsquo;accueillit avec scepticisme et m\u00eame quelques quolibets. <\/strong>Beaucoup \u00e9taient acquis \u00e0 Edouard Balladur. <a href=\"https:\/\/www.linkedin.com\/in\/erwan-davoux-6800b289\/overlay\/create-post\/\"><strong>Le Monde<\/strong><\/a> n&rsquo;avait-il pas titr\u00e9 quelques semaines plut\u00f4t sur \u00ab\u00a0l&rsquo;\u00e8re Balladur\u00a0\u00bb qui s&rsquo;ouvrait ? Arlette Chabot se ridiculisera en lui demandant s&rsquo;il comptait vraiment aller au bout ou plut\u00f4t retirer sa candidature.<\/p>\n\n\n\n<p class=\"has-medium-font-size wp-block-paragraph\"><strong>Les trahisons fleurirent<\/strong> dont la plus importante (et la plus douloureuse) fut celle de Nicolas Sarkozy. Chacun voulait voler au secours de la victoire du candidat qui paraissait d\u00e9j\u00e0 \u00e9lu, Edouard Balladur.<\/p>\n\n\n\n<h2 class=\"wp-block-heading\" id=\"h-une-equipe-de-choc-le-tandem-seguin-juppe\">Une \u00e9quipe de choc, le tandem S\u00e9guin-Jupp\u00e9<\/h2>\n\n\n\n<p class=\"has-medium-font-size wp-block-paragraph\"><strong>Il put compter sur le duo tr\u00e8s compl\u00e9mentaire constitu\u00e9 par Philippe S\u00e9guin et <a href=\"https:\/\/www.linkedin.com\/in\/erwan-davoux-6800b289\/overlay\/create-post\/\">Alain Jupp\u00e9<\/a>. Le premier tira \u00e0 boulets rouges sur les fortifications balladuriennes et les fit chanceler<\/strong> du \u00ab\u00a0Munich Social\u00a0\u00bb pour qualifier la politique d&rsquo;Edouard Balladur \u00e0 la d\u00e9nonciation d&rsquo;une \u00e9lection confisqu\u00e9e : \u00ab\u00a0Une \u00e9lection, quelle \u00e9lection ? Circulez, il n&rsquo;y a rien \u00e0 voir !\u00a0\u00bb<\/p>\n\n\n\n<p class=\"has-medium-font-size wp-block-paragraph\"> <strong>Le second apporta de la cr\u00e9dibilit\u00e9, fort de son image d&rsquo;excellent ministre des Affaires \u00e9trang\u00e8res qu&rsquo;il \u00e9tait et tint le RPR dont il \u00e9tait <\/strong>Pr\u00e9sident par int\u00e9rim. Lorsqu&rsquo;Edouard Balladur d\u00e9non\u00e7a \u00ab\u00a0les plans de carri\u00e8re des professionnels de la politique\u00a0\u00bb, Alain Jupp\u00e9 r\u00e9pliqua cinglant \u00ab\u00a0par les temps qui courent, il vaut mieux avoir \u00e0 faire \u00e0 des professionnels qu&rsquo;\u00e0 des amateurs\u00a0\u00bb.<\/p>\n\n\n\n<p class=\"has-medium-font-size wp-block-paragraph\"><strong>Les ultra fid\u00e8les Jacques Toubon et Jean-Louis Debr\u00e9 prirent tous les risques<\/strong> et furent dans tous les coups pour saper la candidature balladurienne.<\/p>\n\n\n\n<h2 class=\"wp-block-heading\" id=\"h-la-france-charnellement\">La France charnellement<\/h2>\n\n\n\n<p class=\"has-medium-font-size wp-block-paragraph\">Encha\u00eenant les meeting et connaissant sa France sur le bout des doigts, m2 par m2 <strong>Jacques Chirac parvenait enfin \u00e0 fendre l&rsquo;armure et \u00e0 se montrer tel qu&rsquo;il \u00e9tait vraiment. Il sut gagner la confiance et la sympathie des Fran\u00e7ais, qu&rsquo;il aimait profond\u00e9ment, par sa d\u00e9termination totale. <\/strong>Rien ne le fit d\u00e9vier de sa trajectoire, in\u00e9branlable malgr\u00e9 une campagne extr\u00eamement dure. In\u00e9vitable lorsque qu&rsquo;une famille politique se d\u00e9chire en interne.<\/p>\n\n\n\n<h2 class=\"wp-block-heading\" id=\"h-le-dernier-grand-president-de-la-veme-republique\">Le dernier grand Pr\u00e9sident de la V\u00e8me R\u00e9publique<\/h2>\n\n\n\n<p class=\"has-medium-font-size wp-block-paragraph\"><strong>Jacques Chirac fut le dernier Pr\u00e9sident de la R\u00e9publique \u00e0 avoir une pratique gaullienne des Institutions <\/strong>: assurer un fonctionnement r\u00e9gulier des pouvoirs publics, l&rsquo;ind\u00e9pendance et continuit\u00e9 de la Nation, incarner la France \u00e0 l&rsquo;\u00e9tranger et \u00eatre le chef des arm\u00e9es. Le proc\u00e8s lui fut fait d&rsquo;\u00eatre \u00ab\u00a0un roi fain\u00e9ant\u00a0\u00bb, justement par ceux qui ne respect\u00e8rent pas ces institutions : le Pr\u00e9sident est \u00ab\u00a0homme en charge de l&rsquo;essentiel\u00a0\u00bb et le Premier ministre celui qui \u00ab\u00a0dirige et conduit l&rsquo;action du gouvernement.<\/p>\n\n\n\n<p class=\"has-medium-font-size wp-block-paragraph\"><strong>Jacques Chirac su incarner la France dans toute sa diversit\u00e9.<\/strong> La France citadine et la rurale, des \u00e9lites et celle plus populaire. Il ne fit jamais de diff\u00e9rence entre les Fran\u00e7ais et respecta scrupuleusement le principe de la la\u00efcit\u00e9.<\/p>\n\n\n\n<p class=\"has-medium-font-size wp-block-paragraph\"><strong>Il eut une politique \u00e9trang\u00e8re et de d\u00e9fense de grandeur dans la tradition gaullienne. <\/strong>Dernier pr\u00e9sident \u00e0 conna\u00eetre les Arm\u00e9es et \u00e0 aimer les militaires, il n&rsquo;h\u00e9sita pas \u00e0 reprendre les essais nucl\u00e9aires afin d&rsquo;assurer \u00ab\u00a0la s\u00fbret\u00e9, la s\u00e9curit\u00e9 et la fiabilit\u00e9 de nos forces de dissuasion\u00a0\u00bb. Il fut celui qui demanda aux militaires Fran\u00e7ais de cesser d&rsquo;observer passivement le nettoyage ethnique en Bosnie mais de conserver les positions et r\u00e9pliquer.<\/p>\n\n\n\n<p class=\"has-medium-font-size wp-block-paragraph\">La France \u00e9tait aim\u00e9e et respect\u00e9e dans le monde, particuli\u00e8rement par les pays du \u00ab\u00a0Sud\u00a0\u00bb;<\/p>\n\n\n\n<p class=\"has-medium-font-size wp-block-paragraph\"><strong>Le couple franco-allemand fonctionnait<\/strong> et jouait son r\u00f4le moteur pour l&rsquo;Union Europ\u00e9enne.<\/p>\n\n\n\n<p class=\"has-medium-font-size wp-block-paragraph\"><strong>Visionnaire, il s&rsquo;opposa \u00e0 la folle aventure irakienne pr\u00e9voyant dans le d\u00e9tail ses cons\u00e9quences d\u00e9stabilisatrices pour la r\u00e9gion toute enti\u00e8re et sut entra\u00eener une large coalition derri\u00e8re la France. <\/strong>Nous n&rsquo;avons pas fini d&rsquo;en payer le prix. Les m\u00eames qui aujourd&rsquo;hui font de l&rsquo;Iran leur fixation oublient que c&rsquo;est leur acharnement \u00e0 d\u00e9truire l&rsquo;Irak qui a fortement contribu\u00e9 \u00e0 lib\u00e9rer la puissance iranienne. Certains n&rsquo;apprennent rien de leurs \u00e9checs r\u00e9p\u00e9t\u00e9s.<\/p>\n\n\n\n<p class=\"has-medium-font-size wp-block-paragraph\"><strong>Jacques Chirac sut \u00eatre un m\u00e9diateur, garant du respect et de l&rsquo;application du droit international, dans le conflit isra\u00e9lo-palestinien.<\/strong> D\u00e8s 1996, il r\u00e9pliqua \u00e0 Netanyahou lors du premier entretien officiel \u00e0 Paris \u00ab\u00a0Je ne crois pas un mot de ce que vous dites, toute votre politique consiste \u00e0 provoquer les Palestiniens\u00a0\u00bb. <strong>Chaque fois, Jacques Chirac, sut s&rsquo;interposer pour d\u00e9fendre le Liban quand il fut menac\u00e9.<\/strong> Non par des communiqu\u00e9s creux mais des r\u00e9solutions du Conseil de s\u00e9curit\u00e9 vot\u00e9es et appliqu\u00e9es. <strong>Jacques Chirac fut aim\u00e9 et respect\u00e9 dans chacun des trois pays du Maghreb<\/strong>, qui peut en dire autant ?<\/p>\n\n\n\n<p class=\"has-medium-font-size wp-block-paragraph\">Il est peu de dire que sa voix forte et juste, son autorit\u00e9 naturelle, nous manquent cruellement. En France comme \u00e0 l&rsquo;international.<\/p>","protected":false},"excerpt":{"rendered":"<p>Le 4 novembre 1994, il y a 30 ans, Jacques Chirac annon\u00e7ait sa candidature \u00e0 l&rsquo;\u00e9lection pr\u00e9sidentielle dans La Voix du Nord.&hellip;<\/p>","protected":false},"author":16,"featured_media":3034,"comment_status":"open","ping_status":"open","sticky":false,"template":"","format":"standard","meta":{"_lmt_disableupdate":"","_lmt_disable":"","footnotes":""},"categories":[4,3],"tags":[],"class_list":["post-3033","post","type-post","status-publish","format-standard","has-post-thumbnail","hentry","category-mis-en-avant","category-politique"],"yoast_head":"<!-- This site is optimized with the Yoast SEO Premium plugin v28.1 (Yoast SEO v28.1) - https:\/\/yoast.com\/product\/yoast-seo-premium-wordpress\/ -->\n<title>Le 4 novembre 1994, Il y a 30 ans, Jacques Chirac se portait candidat \u00e0 l&#039;\u00e9lection pr\u00e9sidentielle | Geopolitics.fr<\/title>\n<meta name=\"description\" content=\"Il y a 30 ans, Jacques Chirac annon\u00e7ait sa candidature \u00e0 l&#039;\u00e9lection pr\u00e9sidentielle. Il fut le dernier grand pr\u00e9sident de la V\u00e8me R\u00e9publique.\" \/>\n<meta name=\"robots\" content=\"index, follow, max-snippet:-1, max-image-preview:large, max-video-preview:-1\" \/>\n<link rel=\"canonical\" href=\"https:\/\/www.geopolitics.fr\/en\/2024\/11\/04\/le-4-novembre-1994-il-y-a-30-ans-jacques-chirac-se-portait-candidat-a-lelection-presidentielle\/\" \/>\n<meta property=\"og:locale\" content=\"en_GB\" \/>\n<meta property=\"og:type\" content=\"article\" \/>\n<meta property=\"og:title\" content=\"Le 4 novembre 1994, Il y a 30 ans, Jacques Chirac se portait candidat \u00e0 l&#039;\u00e9lection pr\u00e9sidentielle\" \/>\n<meta property=\"og:description\" content=\"Il y a 30 ans, Jacques Chirac annon\u00e7ait sa candidature \u00e0 l&#039;\u00e9lection pr\u00e9sidentielle. Il fut le dernier grand pr\u00e9sident de la V\u00e8me R\u00e9publique.\" \/>\n<meta property=\"og:url\" content=\"https:\/\/www.geopolitics.fr\/en\/2024\/11\/04\/le-4-novembre-1994-il-y-a-30-ans-jacques-chirac-se-portait-candidat-a-lelection-presidentielle\/\" \/>\n<meta property=\"og:site_name\" content=\"Geopolitics.fr\" \/>\n<meta property=\"article:publisher\" content=\"https:\/\/www.facebook.com\/people\/Erwan-Davoux\/61557098968092\/\" \/>\n<meta property=\"article:author\" content=\"Erwan Davoux\" \/>\n<meta property=\"article:published_time\" content=\"2024-11-04T09:07:53+00:00\" \/>\n<meta property=\"article:modified_time\" content=\"2024-11-04T11:05:53+00:00\" \/>\n<meta property=\"og:image\" content=\"https:\/\/www.geopolitics.fr\/wp-content\/uploads\/2024\/11\/voix-du-nord.jpg\" \/>\n\t<meta property=\"og:image:width\" content=\"1077\" \/>\n\t<meta property=\"og:image:height\" content=\"600\" \/>\n\t<meta property=\"og:image:type\" content=\"image\/jpeg\" \/>\n<meta name=\"author\" content=\"Erwan Davoux\" \/>\n<meta name=\"twitter:card\" content=\"summary_large_image\" \/>\n<meta name=\"twitter:creator\" content=\"@erwandavoux @Geo_politicsfr\" \/>\n<meta name=\"twitter:site\" content=\"@Geopolitics_Fr\" \/>\n<meta name=\"twitter:label1\" content=\"Written by\" \/>\n\t<meta name=\"twitter:data1\" content=\"Erwan Davoux\" \/>\n\t<meta name=\"twitter:label2\" content=\"Estimated reading time\" \/>\n\t<meta name=\"twitter:data2\" content=\"4 minutes\" \/>\n<script type=\"application\/ld+json\" class=\"yoast-schema-graph\">{\"@context\":\"https:\\\/\\\/schema.org\",\"@graph\":[{\"@type\":\"Article\",\"@id\":\"https:\\\/\\\/www.geopolitics.fr\\\/2024\\\/11\\\/04\\\/le-4-novembre-1994-il-y-a-30-ans-jacques-chirac-se-portait-candidat-a-lelection-presidentielle\\\/#article\",\"isPartOf\":{\"@id\":\"https:\\\/\\\/www.geopolitics.fr\\\/2024\\\/11\\\/04\\\/le-4-novembre-1994-il-y-a-30-ans-jacques-chirac-se-portait-candidat-a-lelection-presidentielle\\\/\"},\"author\":{\"name\":\"Erwan Davoux\",\"@id\":\"https:\\\/\\\/www.geopolitics.fr\\\/#\\\/schema\\\/person\\\/a487273e91313e368925717400fa1b11\"},\"headline\":\"Le 4 novembre 1994, Il y a 30 ans, Jacques Chirac se portait candidat \u00e0 l&rsquo;\u00e9lection pr\u00e9sidentielle\",\"datePublished\":\"2024-11-04T09:07:53+00:00\",\"dateModified\":\"2024-11-04T11:05:53+00:00\",\"mainEntityOfPage\":{\"@id\":\"https:\\\/\\\/www.geopolitics.fr\\\/2024\\\/11\\\/04\\\/le-4-novembre-1994-il-y-a-30-ans-jacques-chirac-se-portait-candidat-a-lelection-presidentielle\\\/\"},\"wordCount\":847,\"commentCount\":0,\"publisher\":{\"@id\":\"https:\\\/\\\/www.geopolitics.fr\\\/#organization\"},\"image\":{\"@id\":\"https:\\\/\\\/www.geopolitics.fr\\\/2024\\\/11\\\/04\\\/le-4-novembre-1994-il-y-a-30-ans-jacques-chirac-se-portait-candidat-a-lelection-presidentielle\\\/#primaryimage\"},\"thumbnailUrl\":\"https:\\\/\\\/www.geopolitics.fr\\\/wp-content\\\/uploads\\\/2024\\\/11\\\/voix-du-nord.jpg\",\"articleSection\":[\"Mis en AVANT\",\"Politique\"],\"inLanguage\":\"en-GB\"},{\"@type\":\"WebPage\",\"@id\":\"https:\\\/\\\/www.geopolitics.fr\\\/2024\\\/11\\\/04\\\/le-4-novembre-1994-il-y-a-30-ans-jacques-chirac-se-portait-candidat-a-lelection-presidentielle\\\/\",\"url\":\"https:\\\/\\\/www.geopolitics.fr\\\/2024\\\/11\\\/04\\\/le-4-novembre-1994-il-y-a-30-ans-jacques-chirac-se-portait-candidat-a-lelection-presidentielle\\\/\",\"name\":\"Le 4 novembre 1994, Il y a 30 ans, Jacques Chirac se portait candidat \u00e0 l'\u00e9lection pr\u00e9sidentielle | Geopolitics.fr\",\"isPartOf\":{\"@id\":\"https:\\\/\\\/www.geopolitics.fr\\\/#website\"},\"primaryImageOfPage\":{\"@id\":\"https:\\\/\\\/www.geopolitics.fr\\\/2024\\\/11\\\/04\\\/le-4-novembre-1994-il-y-a-30-ans-jacques-chirac-se-portait-candidat-a-lelection-presidentielle\\\/#primaryimage\"},\"image\":{\"@id\":\"https:\\\/\\\/www.geopolitics.fr\\\/2024\\\/11\\\/04\\\/le-4-novembre-1994-il-y-a-30-ans-jacques-chirac-se-portait-candidat-a-lelection-presidentielle\\\/#primaryimage\"},\"thumbnailUrl\":\"https:\\\/\\\/www.geopolitics.fr\\\/wp-content\\\/uploads\\\/2024\\\/11\\\/voix-du-nord.jpg\",\"datePublished\":\"2024-11-04T09:07:53+00:00\",\"dateModified\":\"2024-11-04T11:05:53+00:00\",\"description\":\"Il y a 30 ans, Jacques Chirac annon\u00e7ait sa candidature \u00e0 l'\u00e9lection pr\u00e9sidentielle. Il fut le dernier grand pr\u00e9sident de la V\u00e8me R\u00e9publique.\",\"breadcrumb\":{\"@id\":\"https:\\\/\\\/www.geopolitics.fr\\\/2024\\\/11\\\/04\\\/le-4-novembre-1994-il-y-a-30-ans-jacques-chirac-se-portait-candidat-a-lelection-presidentielle\\\/#breadcrumb\"},\"inLanguage\":\"en-GB\",\"potentialAction\":[{\"@type\":\"ReadAction\",\"target\":[\"https:\\\/\\\/www.geopolitics.fr\\\/2024\\\/11\\\/04\\\/le-4-novembre-1994-il-y-a-30-ans-jacques-chirac-se-portait-candidat-a-lelection-presidentielle\\\/\"]}]},{\"@type\":\"ImageObject\",\"inLanguage\":\"en-GB\",\"@id\":\"https:\\\/\\\/www.geopolitics.fr\\\/2024\\\/11\\\/04\\\/le-4-novembre-1994-il-y-a-30-ans-jacques-chirac-se-portait-candidat-a-lelection-presidentielle\\\/#primaryimage\",\"url\":\"https:\\\/\\\/www.geopolitics.fr\\\/wp-content\\\/uploads\\\/2024\\\/11\\\/voix-du-nord.jpg\",\"contentUrl\":\"https:\\\/\\\/www.geopolitics.fr\\\/wp-content\\\/uploads\\\/2024\\\/11\\\/voix-du-nord.jpg\",\"width\":1077,\"height\":600},{\"@type\":\"BreadcrumbList\",\"@id\":\"https:\\\/\\\/www.geopolitics.fr\\\/2024\\\/11\\\/04\\\/le-4-novembre-1994-il-y-a-30-ans-jacques-chirac-se-portait-candidat-a-lelection-presidentielle\\\/#breadcrumb\",\"itemListElement\":[{\"@type\":\"ListItem\",\"position\":1,\"name\":\"Accueil\",\"item\":\"https:\\\/\\\/www.geopolitics.fr\\\/\"},{\"@type\":\"ListItem\",\"position\":2,\"name\":\"Le 4 novembre 1994, Il y a 30 ans, Jacques Chirac se portait candidat \u00e0 l&#8217;\u00e9lection pr\u00e9sidentielle\"}]},{\"@type\":\"WebSite\",\"@id\":\"https:\\\/\\\/www.geopolitics.fr\\\/#website\",\"url\":\"https:\\\/\\\/www.geopolitics.fr\\\/\",\"name\":\"Geopolitics.fr\",\"description\":\"Geopolitics.fr Analyse politique, relations internationales, d\u00e9fense - ligne \u00e9ditoriale gaullo-chiraquienne\",\"publisher\":{\"@id\":\"https:\\\/\\\/www.geopolitics.fr\\\/#organization\"},\"potentialAction\":[{\"@type\":\"SearchAction\",\"target\":{\"@type\":\"EntryPoint\",\"urlTemplate\":\"https:\\\/\\\/www.geopolitics.fr\\\/?s={search_term_string}\"},\"query-input\":{\"@type\":\"PropertyValueSpecification\",\"valueRequired\":true,\"valueName\":\"search_term_string\"}}],\"inLanguage\":\"en-GB\"},{\"@type\":\"Organization\",\"@id\":\"https:\\\/\\\/www.geopolitics.fr\\\/#organization\",\"name\":\"Geopolitics.fr\",\"url\":\"https:\\\/\\\/www.geopolitics.fr\\\/\",\"logo\":{\"@type\":\"ImageObject\",\"inLanguage\":\"en-GB\",\"@id\":\"https:\\\/\\\/www.geopolitics.fr\\\/#\\\/schema\\\/logo\\\/image\\\/\",\"url\":\"https:\\\/\\\/www.geopolitics.fr\\\/wp-content\\\/uploads\\\/2024\\\/01\\\/logo.jpg\",\"contentUrl\":\"https:\\\/\\\/www.geopolitics.fr\\\/wp-content\\\/uploads\\\/2024\\\/01\\\/logo.jpg\",\"width\":500,\"height\":500,\"caption\":\"Geopolitics.fr\"},\"image\":{\"@id\":\"https:\\\/\\\/www.geopolitics.fr\\\/#\\\/schema\\\/logo\\\/image\\\/\"},\"sameAs\":[\"https:\\\/\\\/www.facebook.com\\\/people\\\/Erwan-Davoux\\\/61557098968092\\\/\",\"https:\\\/\\\/x.com\\\/Geopolitics_Fr\"]},{\"@type\":\"Person\",\"@id\":\"https:\\\/\\\/www.geopolitics.fr\\\/#\\\/schema\\\/person\\\/a487273e91313e368925717400fa1b11\",\"name\":\"Erwan Davoux\",\"image\":{\"@type\":\"ImageObject\",\"inLanguage\":\"en-GB\",\"@id\":\"https:\\\/\\\/www.geopolitics.fr\\\/wp-content\\\/uploads\\\/2026\\\/05\\\/moi-96x96.jpg\",\"url\":\"https:\\\/\\\/www.geopolitics.fr\\\/wp-content\\\/uploads\\\/2026\\\/05\\\/moi-96x96.jpg\",\"contentUrl\":\"https:\\\/\\\/www.geopolitics.fr\\\/wp-content\\\/uploads\\\/2026\\\/05\\\/moi-96x96.jpg\",\"caption\":\"Erwan Davoux\"},\"description\":\"Erwan DAVOUX est Pr\u00e9sident de LMD CONSEIL, (conseil strat\u00e9gique, intelligence \u00e9conomique, risque g\u00e9opolitique, influence politique, diplomatie \u00e9conomique). Dipl\u00f4m\u00e9 de l'IEP de Paris et de l'INALCO (d\u00e9partement d'\u00e9tudes arabes), il est directeur de la publication de geopolitics.fr. Ancien fonctionnaire au Minist\u00e8re de l'Int\u00e9rieur et de la D\u00e9fense (DGSE) Ancien charg\u00e9 de Mission \u00e0 la Pr\u00e9sidence de la R\u00e9publique (cellule diplomatique) Conseil de nombreuses personnalit\u00e9s politiques \u00e0 l'International (dont deux anciens Premiers ministres).\",\"sameAs\":[\"Erwan Davoux\",\"@erwandavoux\",\"https:\\\/\\\/www.linkedin.com\\\/in\\\/erwan-davoux-6800b289\\\/\",\"https:\\\/\\\/x.com\\\/@erwandavoux @Geo_politicsfr\"],\"url\":\"https:\\\/\\\/www.geopolitics.fr\\\/en\\\/author\\\/erwan-davoux\\\/\"}]}<\/script>\n<!-- \/ Yoast SEO Premium plugin. -->","yoast_head_json":{"title":"Le 4 novembre 1994, Il y a 30 ans, Jacques Chirac se portait candidat \u00e0 l'\u00e9lection pr\u00e9sidentielle | Geopolitics.fr","description":"Il y a 30 ans, Jacques Chirac annon\u00e7ait sa candidature \u00e0 l'\u00e9lection pr\u00e9sidentielle. Il fut le dernier grand pr\u00e9sident de la V\u00e8me R\u00e9publique.","robots":{"index":"index","follow":"follow","max-snippet":"max-snippet:-1","max-image-preview":"max-image-preview:large","max-video-preview":"max-video-preview:-1"},"canonical":"https:\/\/www.geopolitics.fr\/en\/2024\/11\/04\/le-4-novembre-1994-il-y-a-30-ans-jacques-chirac-se-portait-candidat-a-lelection-presidentielle\/","og_locale":"en_GB","og_type":"article","og_title":"Le 4 novembre 1994, Il y a 30 ans, Jacques Chirac se portait candidat \u00e0 l'\u00e9lection pr\u00e9sidentielle","og_description":"Il y a 30 ans, Jacques Chirac annon\u00e7ait sa candidature \u00e0 l'\u00e9lection pr\u00e9sidentielle. Il fut le dernier grand pr\u00e9sident de la V\u00e8me R\u00e9publique.","og_url":"https:\/\/www.geopolitics.fr\/en\/2024\/11\/04\/le-4-novembre-1994-il-y-a-30-ans-jacques-chirac-se-portait-candidat-a-lelection-presidentielle\/","og_site_name":"Geopolitics.fr","article_publisher":"https:\/\/www.facebook.com\/people\/Erwan-Davoux\/61557098968092\/","article_author":"Erwan Davoux","article_published_time":"2024-11-04T09:07:53+00:00","article_modified_time":"2024-11-04T11:05:53+00:00","og_image":[{"width":1077,"height":600,"url":"https:\/\/www.geopolitics.fr\/wp-content\/uploads\/2024\/11\/voix-du-nord.jpg","type":"image\/jpeg"}],"author":"Erwan Davoux","twitter_card":"summary_large_image","twitter_creator":"@erwandavoux @Geo_politicsfr","twitter_site":"@Geopolitics_Fr","twitter_misc":{"Written by":"Erwan Davoux","Estimated reading time":"4 minutes"},"schema":{"@context":"https:\/\/schema.org","@graph":[{"@type":"Article","@id":"https:\/\/www.geopolitics.fr\/2024\/11\/04\/le-4-novembre-1994-il-y-a-30-ans-jacques-chirac-se-portait-candidat-a-lelection-presidentielle\/#article","isPartOf":{"@id":"https:\/\/www.geopolitics.fr\/2024\/11\/04\/le-4-novembre-1994-il-y-a-30-ans-jacques-chirac-se-portait-candidat-a-lelection-presidentielle\/"},"author":{"name":"Erwan Davoux","@id":"https:\/\/www.geopolitics.fr\/#\/schema\/person\/a487273e91313e368925717400fa1b11"},"headline":"Le 4 novembre 1994, Il y a 30 ans, Jacques Chirac se portait candidat \u00e0 l&rsquo;\u00e9lection pr\u00e9sidentielle","datePublished":"2024-11-04T09:07:53+00:00","dateModified":"2024-11-04T11:05:53+00:00","mainEntityOfPage":{"@id":"https:\/\/www.geopolitics.fr\/2024\/11\/04\/le-4-novembre-1994-il-y-a-30-ans-jacques-chirac-se-portait-candidat-a-lelection-presidentielle\/"},"wordCount":847,"commentCount":0,"publisher":{"@id":"https:\/\/www.geopolitics.fr\/#organization"},"image":{"@id":"https:\/\/www.geopolitics.fr\/2024\/11\/04\/le-4-novembre-1994-il-y-a-30-ans-jacques-chirac-se-portait-candidat-a-lelection-presidentielle\/#primaryimage"},"thumbnailUrl":"https:\/\/www.geopolitics.fr\/wp-content\/uploads\/2024\/11\/voix-du-nord.jpg","articleSection":["Mis en AVANT","Politique"],"inLanguage":"en-GB"},{"@type":"WebPage","@id":"https:\/\/www.geopolitics.fr\/2024\/11\/04\/le-4-novembre-1994-il-y-a-30-ans-jacques-chirac-se-portait-candidat-a-lelection-presidentielle\/","url":"https:\/\/www.geopolitics.fr\/2024\/11\/04\/le-4-novembre-1994-il-y-a-30-ans-jacques-chirac-se-portait-candidat-a-lelection-presidentielle\/","name":"Le 4 novembre 1994, Il y a 30 ans, Jacques Chirac se portait candidat \u00e0 l'\u00e9lection pr\u00e9sidentielle | Geopolitics.fr","isPartOf":{"@id":"https:\/\/www.geopolitics.fr\/#website"},"primaryImageOfPage":{"@id":"https:\/\/www.geopolitics.fr\/2024\/11\/04\/le-4-novembre-1994-il-y-a-30-ans-jacques-chirac-se-portait-candidat-a-lelection-presidentielle\/#primaryimage"},"image":{"@id":"https:\/\/www.geopolitics.fr\/2024\/11\/04\/le-4-novembre-1994-il-y-a-30-ans-jacques-chirac-se-portait-candidat-a-lelection-presidentielle\/#primaryimage"},"thumbnailUrl":"https:\/\/www.geopolitics.fr\/wp-content\/uploads\/2024\/11\/voix-du-nord.jpg","datePublished":"2024-11-04T09:07:53+00:00","dateModified":"2024-11-04T11:05:53+00:00","description":"Il y a 30 ans, Jacques Chirac annon\u00e7ait sa candidature \u00e0 l'\u00e9lection pr\u00e9sidentielle. Il fut le dernier grand pr\u00e9sident de la V\u00e8me R\u00e9publique.","breadcrumb":{"@id":"https:\/\/www.geopolitics.fr\/2024\/11\/04\/le-4-novembre-1994-il-y-a-30-ans-jacques-chirac-se-portait-candidat-a-lelection-presidentielle\/#breadcrumb"},"inLanguage":"en-GB","potentialAction":[{"@type":"ReadAction","target":["https:\/\/www.geopolitics.fr\/2024\/11\/04\/le-4-novembre-1994-il-y-a-30-ans-jacques-chirac-se-portait-candidat-a-lelection-presidentielle\/"]}]},{"@type":"ImageObject","inLanguage":"en-GB","@id":"https:\/\/www.geopolitics.fr\/2024\/11\/04\/le-4-novembre-1994-il-y-a-30-ans-jacques-chirac-se-portait-candidat-a-lelection-presidentielle\/#primaryimage","url":"https:\/\/www.geopolitics.fr\/wp-content\/uploads\/2024\/11\/voix-du-nord.jpg","contentUrl":"https:\/\/www.geopolitics.fr\/wp-content\/uploads\/2024\/11\/voix-du-nord.jpg","width":1077,"height":600},{"@type":"BreadcrumbList","@id":"https:\/\/www.geopolitics.fr\/2024\/11\/04\/le-4-novembre-1994-il-y-a-30-ans-jacques-chirac-se-portait-candidat-a-lelection-presidentielle\/#breadcrumb","itemListElement":[{"@type":"ListItem","position":1,"name":"Accueil","item":"https:\/\/www.geopolitics.fr\/"},{"@type":"ListItem","position":2,"name":"Le 4 novembre 1994, Il y a 30 ans, Jacques Chirac se portait candidat \u00e0 l&#8217;\u00e9lection pr\u00e9sidentielle"}]},{"@type":"WebSite","@id":"https:\/\/www.geopolitics.fr\/#website","url":"https:\/\/www.geopolitics.fr\/","name":"Geopolitics.fr","description":"Geopolitics.fr Analyse politique, relations internationales, d\u00e9fense - ligne \u00e9ditoriale gaullo-chiraquienne","publisher":{"@id":"https:\/\/www.geopolitics.fr\/#organization"},"potentialAction":[{"@type":"SearchAction","target":{"@type":"EntryPoint","urlTemplate":"https:\/\/www.geopolitics.fr\/?s={search_term_string}"},"query-input":{"@type":"PropertyValueSpecification","valueRequired":true,"valueName":"search_term_string"}}],"inLanguage":"en-GB"},{"@type":"Organization","@id":"https:\/\/www.geopolitics.fr\/#organization","name":"Geopolitics.fr","url":"https:\/\/www.geopolitics.fr\/","logo":{"@type":"ImageObject","inLanguage":"en-GB","@id":"https:\/\/www.geopolitics.fr\/#\/schema\/logo\/image\/","url":"https:\/\/www.geopolitics.fr\/wp-content\/uploads\/2024\/01\/logo.jpg","contentUrl":"https:\/\/www.geopolitics.fr\/wp-content\/uploads\/2024\/01\/logo.jpg","width":500,"height":500,"caption":"Geopolitics.fr"},"image":{"@id":"https:\/\/www.geopolitics.fr\/#\/schema\/logo\/image\/"},"sameAs":["https:\/\/www.facebook.com\/people\/Erwan-Davoux\/61557098968092\/","https:\/\/x.com\/Geopolitics_Fr"]},{"@type":"Person","@id":"https:\/\/www.geopolitics.fr\/#\/schema\/person\/a487273e91313e368925717400fa1b11","name":"Erwan Davoux","image":{"@type":"ImageObject","inLanguage":"en-GB","@id":"https:\/\/www.geopolitics.fr\/wp-content\/uploads\/2026\/05\/moi-96x96.jpg","url":"https:\/\/www.geopolitics.fr\/wp-content\/uploads\/2026\/05\/moi-96x96.jpg","contentUrl":"https:\/\/www.geopolitics.fr\/wp-content\/uploads\/2026\/05\/moi-96x96.jpg","caption":"Erwan Davoux"},"description":"Erwan DAVOUX est Pr\u00e9sident de LMD CONSEIL, (conseil strat\u00e9gique, intelligence \u00e9conomique, risque g\u00e9opolitique, influence politique, diplomatie \u00e9conomique). Dipl\u00f4m\u00e9 de l'IEP de Paris et de l'INALCO (d\u00e9partement d'\u00e9tudes arabes), il est directeur de la publication de geopolitics.fr. Ancien fonctionnaire au Minist\u00e8re de l'Int\u00e9rieur et de la D\u00e9fense (DGSE) Ancien charg\u00e9 de Mission \u00e0 la Pr\u00e9sidence de la R\u00e9publique (cellule diplomatique) Conseil de nombreuses personnalit\u00e9s politiques \u00e0 l'International (dont deux anciens Premiers ministres).","sameAs":["Erwan Davoux","@erwandavoux","https:\/\/www.linkedin.com\/in\/erwan-davoux-6800b289\/","https:\/\/x.com\/@erwandavoux @Geo_politicsfr"],"url":"https:\/\/www.geopolitics.fr\/en\/author\/erwan-davoux\/"}]}},"_links":{"self":[{"href":"https:\/\/www.geopolitics.fr\/en\/wp-json\/wp\/v2\/posts\/3033","targetHints":{"allow":["GET"]}}],"collection":[{"href":"https:\/\/www.geopolitics.fr\/en\/wp-json\/wp\/v2\/posts"}],"about":[{"href":"https:\/\/www.geopolitics.fr\/en\/wp-json\/wp\/v2\/types\/post"}],"author":[{"embeddable":true,"href":"https:\/\/www.geopolitics.fr\/en\/wp-json\/wp\/v2\/users\/16"}],"replies":[{"embeddable":true,"href":"https:\/\/www.geopolitics.fr\/en\/wp-json\/wp\/v2\/comments?post=3033"}],"version-history":[{"count":0,"href":"https:\/\/www.geopolitics.fr\/en\/wp-json\/wp\/v2\/posts\/3033\/revisions"}],"wp:featuredmedia":[{"embeddable":true,"href":"https:\/\/www.geopolitics.fr\/en\/wp-json\/wp\/v2\/media\/3034"}],"wp:attachment":[{"href":"https:\/\/www.geopolitics.fr\/en\/wp-json\/wp\/v2\/media?parent=3033"}],"wp:term":[{"taxonomy":"category","embeddable":true,"href":"https:\/\/www.geopolitics.fr\/en\/wp-json\/wp\/v2\/categories?post=3033"},{"taxonomy":"post_tag","embeddable":true,"href":"https:\/\/www.geopolitics.fr\/en\/wp-json\/wp\/v2\/tags?post=3033"}],"curies":[{"name":"wp","href":"https:\/\/api.w.org\/{rel}","templated":true}]}}