{"id":3017,"date":"2024-10-30T18:30:36","date_gmt":"2024-10-30T17:30:36","guid":{"rendered":"https:\/\/www.geopolitics.fr\/?p=3017"},"modified":"2024-10-30T21:39:45","modified_gmt":"2024-10-30T20:39:45","slug":"cet-heritage-encombrant-dont-personne-ne-veut","status":"publish","type":"post","link":"https:\/\/www.geopolitics.fr\/en\/2024\/10\/30\/cet-heritage-encombrant-dont-personne-ne-veut\/","title":{"rendered":"Cet h\u00e9ritage encombrant dont personne ne veut\u2026."},"content":{"rendered":"<p class=\"has-medium-font-size wp-block-paragraph\"><strong>Elisabeth Borne a donc jet\u00e9 l\u2019\u00e9ponge<\/strong>. Elle ne sera pas candidate \u00e0 la direction d\u2019un parti en pleine d\u00e9confiture. Cette formation sera-t-elle un atout dans la campagne pr\u00e9sidentielle qui d\u00e9bute&nbsp;?<\/p>\n\n\n\n<p class=\"has-medium-font-size wp-block-paragraph\"><strong>Rien n\u2019est moins certain<\/strong>. 2027 ne sera pas seulement l\u2019apr\u00e8s-macronisme qui est d\u00e9j\u00e0 largement entam\u00e9, mais un concours de prise de distance, un changement sans continuit\u00e9. Certains, les plus lucides, consid\u00e8rent qu\u2019il faut se d\u00e9barrasser de l\u2019h\u00e9ritage mais sans droit d\u2019inventaire, les h\u00e9ritiers renon\u00e7ant ais\u00e9ment et compl\u00e8tement \u00e0 leurs droits.<\/p>\n\n\n\n<h2 class=\"wp-block-heading\" id=\"h-emmanuel-macron-nbsp-le-pire-president-de-la-veme-republique\"><strong>Emmanuel Macron&nbsp;: le pire pr\u00e9sident de la V\u00e8me R\u00e9publique<\/strong><\/h2>\n\n\n\n<p class=\"has-medium-font-size wp-block-paragraph\">Selon un sondage r\u00e9alis\u00e9 sur X\/Twitter le 21 ao\u00fbt dernier(@erwandavoux), aupr\u00e8s d&rsquo;un \u00e9chantillon non repr\u00e9sentatif mais qui a donn\u00e9 lieu \u00e0 6005 votes, <strong>Emmanuel Macron appara\u00eet comme le pire des trois derniers pr\u00e9sidents de la R\u00e9publique <\/strong>pour 78% des votants, suivi par Fran\u00e7ois Hollande 14% et enfin Nicolas Sarkozy 9%. Le constat est l\u00e0. <strong>Emmanuel Macron aura failli dans les trois missions essentielles qui sont celles d\u2019un Pr\u00e9sident sous la V\u00e8me R\u00e9publique dans sa conception gaullienne\u00a0:<\/strong><\/p>\n\n\n\n<ul class=\"wp-block-list\">\n<li class=\"has-medium-font-size\"><strong>Etre le garant des Institutions et les faire respecter<\/strong>. D\u00e8s juin 2022, il fit comme si de rien n\u2019\u00e9tait et malgr\u00e9 une majorit\u00e9 toute relative, il confirma Elisabeth Borne \u00e0 Matignon<strong>, sans tenir compte, le moins du monde du message adress\u00e9 par les \u00e9lecteurs. La dissolution cataclysmique de juin 2024<\/strong> aura abouti \u00e0 ce qui semblait totalement impossible avec un scrutin majoritaire\u00a0: <strong>la paralysie<\/strong> de l\u2019Assembl\u00e9e Nationale<strong>. \u00a0Une latence toujours plus longue dans les changements de gouvernement, notamment entre Elisabeth Borne et Gabriel Attal, par pure convenance personnelle<\/strong>. <strong>Une \u00e9quipe d\u2019int\u00e9rimaires pendant des mois suivie d\u2019un gouvernement qui ne situe pas au centre de gravit\u00e9 du choix des Fran\u00e7ais<\/strong>. <strong>La d\u00e9sacralisation de la fonction pr\u00e9sidentielle, entam\u00e9e par ses deux pr\u00e9d\u00e9cesseurs, pouss\u00e9e \u00e0 son paroxysme.<\/strong> Emmanuel Macron aura pass\u00e9 son temps \u00e0 malmener les Institutions, au point de se demander si la V\u00e8me R\u00e9publique lui survivra. N\u2019est-elle pas faite pour des hommes d\u2019exception\u00a0? Nous en sommes loin, tr\u00e8s loin\u2026<\/li>\n<\/ul>\n\n\n\n<ul class=\"wp-block-list\">\n<li class=\"has-medium-font-size\"><strong>Incarner la France dans sa diversit\u00e9.<\/strong> Or Emmanuel n\u2019aura \u00e9t\u00e9 que le pr\u00e9sident des \u00ab\u00a0tr\u00e8s riche\u00a0\u00bb mais aussi d\u2019une France urbaine, tr\u00e8s \u00e9loign\u00e9e des territoires et du terroir. Un Pr\u00e9sident qui aura dangereusement jou\u00e9 avec la la\u00efcit\u00e9 donnant le sentiment qu\u2019il tentait de r\u00e9cup\u00e9rer deux religions pour en mettre une autre dans le collimateur. <strong>Il n\u2019aura jamais \u00e9t\u00e9 le Pr\u00e9sident de tous les Fran\u00e7ais.<\/strong><\/li>\n<\/ul>\n\n\n\n<ul class=\"wp-block-list\">\n<li class=\"has-medium-font-size\"><strong>Conduire une politique \u00e9trang\u00e8re et de d\u00e9fense \u00e0 la hauteur de la tradition fran\u00e7aise de relative ind\u00e9pendance.<\/strong> Au-del\u00e0 des innombrables bourdes diplomatiques, des comportements d\u00e9plac\u00e9s (notamment en Afrique) et de l\u2019inconstance, il existe un probl\u00e8me structurel majeur&nbsp;:&nbsp; la dette fran\u00e7aise d\u00e9tenue \u00e0 plus de 50% par des Fonds souverains \u00e9trangers. \u00ab&nbsp;Faites-moi de bonne finances&nbsp;et je vous ferai une grande politique&nbsp;!&nbsp;\u00bb. <strong>La France a perdu sa cr\u00e9dibilit\u00e9 et renonc\u00e9 \u00e0 souverainet\u00e9<\/strong>. Elle a fait montre d\u2019un alignement inconditionnel sur les Etats-Unis, l&rsquo;OTAN, Bruxelles et Isra\u00ebl. La pr\u00e9f\u00e9rence donn\u00e9e \u00e0 Hewlett-Packard plut\u00f4t qu\u2019\u00e0 Atos, r\u00e9cemment, pour les supercalculateurs de nos arm\u00e9es t\u00e9moigne de ce suicide national (cas loin d\u2019\u00eatre isol\u00e9). <strong>Il ne s\u2019agit plus de d\u00e9clin ou de d\u00e9classement mais bel et bien d\u2019un effacement, d\u2019une quasi-disparition de la souverainet\u00e9 et la puissance fran\u00e7aises.<\/strong><\/li>\n<\/ul>\n\n\n\n<h2 class=\"wp-block-heading\" id=\"h-des-anciens-premiers-ministres-qui-ne-cessent-de-tenter-de-mettre-en-scene-leur-rupture\"><strong>Des anciens premiers ministres qui ne cessent de tenter de mettre en sc\u00e8ne leur rupture<\/strong><\/h2>\n\n\n\n<p class=\"has-medium-font-size wp-block-paragraph\"><strong>Dans ces conditions comment s\u2019\u00e9tonner que Gabriel Attal, Edouard Philippe et Elisabeth Borne veuillent se d\u00e9p\u00eatrer de cette glue macroniste\u00a0?<\/strong> La seule diff\u00e9rence des trois anciens premiers ministres d\u2019Emmanuel Macron r\u00e9side dans leurs strat\u00e9gies respectives. <strong>Tous trois ont le sentiment d\u2019avoir \u00e9t\u00e9 chass\u00e9s de Matignon, cong\u00e9di\u00e9s comme de vulgaires manants par un Prince qui laisse trop souvent son bon plaisir le guider au d\u00e9triment de l\u2019int\u00e9r\u00eat g\u00e9n\u00e9ral.<\/strong><\/p>\n\n\n\n<h2 class=\"wp-block-heading\" id=\"h-gabriel-attal-le-choix-ultra-classique-de-s-appuyer-sur-un-parti-politique\"><strong>Gabriel Attal, le choix ultra-classique de s\u2019appuyer sur un parti politique<\/strong><\/h2>\n\n\n\n<p class=\"has-medium-font-size wp-block-paragraph\"><strong>Gabriel Attal a fait le choix d\u2019un vieux, tr\u00e8s vieux sch\u00e9ma<\/strong>. Il consid\u00e8re qu\u2019\u00eatre \u00e0 la t\u00eate d\u2019un parti politique est un pr\u00e9requis. Fait-il un choix judicieux&nbsp;? &nbsp;Probablement pas. \u00ab&nbsp;Renaissance&nbsp;\u00bb est un Titanic devenu un canot qui prend l\u2019eau<strong>. 8500 adh\u00e9rents,  c\u2019est quasiment ind\u00e9cent<\/strong> pour un parti pr\u00e9sidentiel. Pour m\u00e9moire l\u2019UMP, sous Nicolas Sarkozy comptait plus de 300&nbsp;000 adh\u00e9rents et le PS n\u2019est jamais tomb\u00e9 en de\u00e7\u00e0 de quelques dizaines de milliers d\u2019adh\u00e9rents<\/p>\n\n\n\n<p class=\"has-medium-font-size wp-block-paragraph\">Qui sont ces adh\u00e9rents&nbsp;? Probablement les \u00ab&nbsp;tr\u00e8s riches&nbsp;\u00bb \u00e9voqu\u00e9s par Fran\u00e7ois Hollande et les personnes \u00e2g\u00e9es plus en situation de faire les d\u00e9marches n\u00e9cessaires \u00e0 la perte de la qualit\u00e9 d\u2019adh\u00e9rents. En effet, Il est d\u2019usage dans les partis politiques, qui sont de plus en plus d\u00e9sert\u00e9s, de conserver cette qualit\u00e9 durant trois ann\u00e9es, sans payer la moindre cotisation. <strong>Une coquille vide, sans ligne politique, sans ancrage territorial, sans \u00e9lan<\/strong> et l\u2019on croit r\u00eaver lorsque l\u2019on entend Elisabeth Borne d\u00e9clarer que \u00ab&nbsp;Renaissance&nbsp;\u00bb doit redonner de l\u2019espoir \u00e0 nos concitoyens&nbsp;\u00bb. Le d\u00e9calage entre les propos des politiques et le ressenti des Fran\u00e7ais n\u2019aura jamais \u00e9t\u00e9 aussi profond. Sauf \u00e0 l\u2019aube des r\u00e9volutions.<\/p>\n\n\n\n<h2 class=\"wp-block-heading\" id=\"h-elisabeth-borne-renonce-a-une-candidature-presidentielle\"><strong>Elisabeth Borne renonce \u00e0 une candidature pr\u00e9sidentielle<\/strong><\/h2>\n\n\n\n<p class=\"has-medium-font-size wp-block-paragraph\">L\u2019ancienne Premi\u00e8re ministre avait fait le m\u00eame choix initial que Gabriel Attal, celui de prendre le parti. <strong>Mais sa d\u00e9faite \u00e9tant annonc\u00e9e et sa candidature \u00e0 la pr\u00e9sidentielle fortement hypoth\u00e9qu\u00e9e,<\/strong> la raison l\u2019a emport\u00e9. Son r\u00f4le sera de tenter de peser sur l\u2019\u00e9lection pr\u00e9sidentielle, sans \u00eatre candidate.<\/p>\n\n\n\n<h2 class=\"wp-block-heading\" id=\"h-edouard-philippe-une-strategie-defensive-et-un-mauvais-timing-qui-seront-de-lourds-handicaps\"><strong>Edouard Philippe, une strat\u00e9gie d\u00e9fensive et un mauvais timing qui seront de lourds handicaps.<\/strong><\/h2>\n\n\n\n<p class=\"has-medium-font-size wp-block-paragraph\">Reste <strong>Edouard Philippe<\/strong>, le premier des trois \u00e0 avoir fait acte de candidature \u00e0 la pr\u00e9sidentielle. <strong>Sa solidit\u00e9 \u00e0 Matignon, dans la temp\u00eate, son ant\u00e9riorit\u00e9 par rapport \u00e0 ses successeurs auraient pu en faire le candidat qui \u00e9crase tout. Tel n\u2019est pas le cas.<\/strong> <strong>Sa rupture franche avec Emmanuel Macron est intervenue trop tardivement et \u00e0 un moment inopportun<\/strong>. Quitter un navire qui prend l\u2019eau de toute part, sans divergence id\u00e9ologique majeure ne renforce pas la cr\u00e9dibilit\u00e9.<\/p>\n\n\n\n<p class=\"has-medium-font-size wp-block-paragraph\"><strong>Edouard Philippe avait la possibilit\u00e9 de capter l\u2019h\u00e9ritage gaullo-chiraquien<\/strong>, de marquer une claire diff\u00e9rence, en politique \u00e9trang\u00e8re notamment. <strong>Il ne le fit pas<\/strong>. Pour quelles raisons\u00a0? <strong>Pour des raisons de fond peut-\u00eatre<\/strong>. Issu de l\u2019UMP mais pas du RPR, Il fut l\u2019un de ceux qui contribu\u00e8rent, avec Gilles Boyer, \u00e0 donner une image centriste \u00e0 Alain Jupp\u00e9 et donc \u00e0 pr\u00e9cipiter sa d\u00e9faite dans une primaire de la droite. <strong>Les erreurs  expliquant la d\u00e9faite d\u2019Alain Jupp\u00e9 semblent \u00eatre de nouveaux \u00e0 l\u2019\u0153uvre\u00a0: une strat\u00e9gie d\u00e9fensive se r\u00e9sumant \u00e0 g\u00e9rer une avance pr\u00e9sum\u00e9e dans l\u2019opinion. <\/strong>Il est assez rare que les \u00e9quipes de football menant 1-0 et se contentant de d\u00e9fendre ne prennent pas un but \u00e0 la fin du temps r\u00e9glementaire. <strong>Le semi- r\u00e9veil\u00a0d\u2019Edouard Philippe est celui d&rsquo;une personnalit\u00e9 qui avait toutes les cl\u00e9s en mains et qui a laiss\u00e9 l\u2019outsider, Gabriel Attal, le d\u00e9passer.<\/strong><\/p>\n\n\n\n<p class=\"has-medium-font-size wp-block-paragraph\"><strong>Les \u00e9lections europ\u00e9ennes, les petits calculs politiciens, ne sont probablement pas compl\u00e8tement \u00e9trangers \u00e0 ce g\u00e2chis.<\/strong> Choisissant de jouer le rassemblement et l\u2019union avec les macronistes pour sauver les places de quelques proches (Gilles Boyer, Nathalie Loiseau) plut\u00f4t que le panache de la rupture, Edouard Philippe va devoir trouver des ressources immenses s\u2019il veut rester dans la course.<\/p>\n\n\n\n<p class=\"has-medium-font-size wp-block-paragraph\"><strong>La prochaine \u00e9lection pr\u00e9sidentielle sera une rupture tr\u00e8s franche avec le macronisme. Du pass\u00e9, les Fran\u00e7ais souhaiteront faire table rase<\/strong>. Avoir particip\u00e9 aux premi\u00e8res loges \u00e0 l\u2019action de l\u2019actuel pr\u00e9sident sera un handicap quasi-r\u00e9dhibitoire. Le moins mal loti des anciens Premiers ministres est, peut-\u00eatre, <strong>Jean Castex<\/strong> qui se tient \u00e9loign\u00e9 de d\u00e9bats publics forts d\u00e9grad\u00e9s et dont la simplicit\u00e9 contraste avec le reste de la classe politique. Le camp pr\u00e9sidentiel est en lambeaux; la droite sans leader, compromise par une alliance id\u00e9ologique avec le Rassemblement Nationale et tactique avec la Macronie, semble hors-jeu. Jean-Luc M\u00e9lenchon de plus en plus clivant et la gauche cass\u00e9e en deux. <strong>La porte semble grande ouverte \u00e0 Marine Le Pen.<\/strong><\/p>","protected":false},"excerpt":{"rendered":"<p>Elisabeth Borne a donc jet\u00e9 l\u2019\u00e9ponge. Elle ne sera pas candidate \u00e0 la direction d\u2019un parti en pleine d\u00e9confiture. Cette formation sera-t-elle&hellip;<\/p>","protected":false},"author":16,"featured_media":3018,"comment_status":"open","ping_status":"open","sticky":false,"template":"","format":"standard","meta":{"_lmt_disableupdate":"","_lmt_disable":"","footnotes":""},"categories":[40,4,3],"tags":[185,193],"class_list":["post-3017","post","type-post","status-publish","format-standard","has-post-thumbnail","hentry","category-election","category-mis-en-avant","category-politique","tag-philippe","tag-presidentielle"],"yoast_head":"<!-- This site is optimized with the Yoast SEO Premium plugin v28.1 (Yoast SEO v28.1) - https:\/\/yoast.com\/product\/yoast-seo-premium-wordpress\/ -->\n<title>Cet h\u00e9ritage encombrant dont personne ne veut\u2026. | Geopolitics.fr<\/title>\n<meta name=\"description\" content=\"Les anciens Premiers ministres tentent de mettre en sc\u00e8ne leur rupture avec Emmanuel Macron en vue de la prochaine pr\u00e9sidentielle\" \/>\n<meta name=\"robots\" content=\"index, follow, max-snippet:-1, max-image-preview:large, max-video-preview:-1\" \/>\n<link rel=\"canonical\" href=\"https:\/\/www.geopolitics.fr\/en\/2024\/10\/30\/cet-heritage-encombrant-dont-personne-ne-veut\/\" \/>\n<meta property=\"og:locale\" content=\"en_GB\" \/>\n<meta property=\"og:type\" content=\"article\" \/>\n<meta property=\"og:title\" content=\"Cet h\u00e9ritage encombrant dont personne ne veut\u2026.\" \/>\n<meta property=\"og:description\" content=\"Les anciens Premiers ministres tentent de mettre en sc\u00e8ne leur rupture avec Emmanuel Macron en vue de la prochaine pr\u00e9sidentielle\" \/>\n<meta property=\"og:url\" content=\"https:\/\/www.geopolitics.fr\/en\/2024\/10\/30\/cet-heritage-encombrant-dont-personne-ne-veut\/\" \/>\n<meta property=\"og:site_name\" content=\"Geopolitics.fr\" \/>\n<meta property=\"article:publisher\" content=\"https:\/\/www.facebook.com\/people\/Erwan-Davoux\/61557098968092\/\" \/>\n<meta property=\"article:author\" content=\"Erwan Davoux\" \/>\n<meta property=\"article:published_time\" content=\"2024-10-30T17:30:36+00:00\" \/>\n<meta property=\"article:modified_time\" content=\"2024-10-30T20:39:45+00:00\" \/>\n<meta property=\"og:image\" content=\"https:\/\/www.geopolitics.fr\/wp-content\/uploads\/2024\/10\/ATTAL-MACRON.jpg\" \/>\n\t<meta property=\"og:image:width\" content=\"670\" \/>\n\t<meta property=\"og:image:height\" content=\"502\" \/>\n\t<meta property=\"og:image:type\" content=\"image\/jpeg\" \/>\n<meta name=\"author\" content=\"Erwan Davoux\" \/>\n<meta name=\"twitter:card\" content=\"summary_large_image\" \/>\n<meta name=\"twitter:creator\" content=\"@erwandavoux @Geo_politicsfr\" \/>\n<meta name=\"twitter:site\" content=\"@Geopolitics_Fr\" \/>\n<meta name=\"twitter:label1\" content=\"Written by\" \/>\n\t<meta name=\"twitter:data1\" content=\"Erwan Davoux\" \/>\n\t<meta name=\"twitter:label2\" content=\"Estimated reading time\" \/>\n\t<meta name=\"twitter:data2\" content=\"7 minutes\" \/>\n<script type=\"application\/ld+json\" class=\"yoast-schema-graph\">{\"@context\":\"https:\\\/\\\/schema.org\",\"@graph\":[{\"@type\":\"Article\",\"@id\":\"https:\\\/\\\/www.geopolitics.fr\\\/2024\\\/10\\\/30\\\/cet-heritage-encombrant-dont-personne-ne-veut\\\/#article\",\"isPartOf\":{\"@id\":\"https:\\\/\\\/www.geopolitics.fr\\\/2024\\\/10\\\/30\\\/cet-heritage-encombrant-dont-personne-ne-veut\\\/\"},\"author\":{\"name\":\"Erwan Davoux\",\"@id\":\"https:\\\/\\\/www.geopolitics.fr\\\/#\\\/schema\\\/person\\\/a487273e91313e368925717400fa1b11\"},\"headline\":\"Cet h\u00e9ritage encombrant dont personne ne veut\u2026.\",\"datePublished\":\"2024-10-30T17:30:36+00:00\",\"dateModified\":\"2024-10-30T20:39:45+00:00\",\"mainEntityOfPage\":{\"@id\":\"https:\\\/\\\/www.geopolitics.fr\\\/2024\\\/10\\\/30\\\/cet-heritage-encombrant-dont-personne-ne-veut\\\/\"},\"wordCount\":1477,\"commentCount\":0,\"publisher\":{\"@id\":\"https:\\\/\\\/www.geopolitics.fr\\\/#organization\"},\"image\":{\"@id\":\"https:\\\/\\\/www.geopolitics.fr\\\/2024\\\/10\\\/30\\\/cet-heritage-encombrant-dont-personne-ne-veut\\\/#primaryimage\"},\"thumbnailUrl\":\"https:\\\/\\\/www.geopolitics.fr\\\/wp-content\\\/uploads\\\/2024\\\/10\\\/ATTAL-MACRON.jpg\",\"keywords\":[\"PHILIPPE\",\"PRESIDENTIELLE\"],\"articleSection\":[\"Election\",\"Mis en AVANT\",\"Politique\"],\"inLanguage\":\"en-GB\"},{\"@type\":\"WebPage\",\"@id\":\"https:\\\/\\\/www.geopolitics.fr\\\/2024\\\/10\\\/30\\\/cet-heritage-encombrant-dont-personne-ne-veut\\\/\",\"url\":\"https:\\\/\\\/www.geopolitics.fr\\\/2024\\\/10\\\/30\\\/cet-heritage-encombrant-dont-personne-ne-veut\\\/\",\"name\":\"Cet h\u00e9ritage encombrant dont personne ne veut\u2026. | Geopolitics.fr\",\"isPartOf\":{\"@id\":\"https:\\\/\\\/www.geopolitics.fr\\\/#website\"},\"primaryImageOfPage\":{\"@id\":\"https:\\\/\\\/www.geopolitics.fr\\\/2024\\\/10\\\/30\\\/cet-heritage-encombrant-dont-personne-ne-veut\\\/#primaryimage\"},\"image\":{\"@id\":\"https:\\\/\\\/www.geopolitics.fr\\\/2024\\\/10\\\/30\\\/cet-heritage-encombrant-dont-personne-ne-veut\\\/#primaryimage\"},\"thumbnailUrl\":\"https:\\\/\\\/www.geopolitics.fr\\\/wp-content\\\/uploads\\\/2024\\\/10\\\/ATTAL-MACRON.jpg\",\"datePublished\":\"2024-10-30T17:30:36+00:00\",\"dateModified\":\"2024-10-30T20:39:45+00:00\",\"description\":\"Les anciens Premiers ministres tentent de mettre en sc\u00e8ne leur rupture avec Emmanuel Macron en vue de la prochaine pr\u00e9sidentielle\",\"breadcrumb\":{\"@id\":\"https:\\\/\\\/www.geopolitics.fr\\\/2024\\\/10\\\/30\\\/cet-heritage-encombrant-dont-personne-ne-veut\\\/#breadcrumb\"},\"inLanguage\":\"en-GB\",\"potentialAction\":[{\"@type\":\"ReadAction\",\"target\":[\"https:\\\/\\\/www.geopolitics.fr\\\/2024\\\/10\\\/30\\\/cet-heritage-encombrant-dont-personne-ne-veut\\\/\"]}]},{\"@type\":\"ImageObject\",\"inLanguage\":\"en-GB\",\"@id\":\"https:\\\/\\\/www.geopolitics.fr\\\/2024\\\/10\\\/30\\\/cet-heritage-encombrant-dont-personne-ne-veut\\\/#primaryimage\",\"url\":\"https:\\\/\\\/www.geopolitics.fr\\\/wp-content\\\/uploads\\\/2024\\\/10\\\/ATTAL-MACRON.jpg\",\"contentUrl\":\"https:\\\/\\\/www.geopolitics.fr\\\/wp-content\\\/uploads\\\/2024\\\/10\\\/ATTAL-MACRON.jpg\",\"width\":670,\"height\":502},{\"@type\":\"BreadcrumbList\",\"@id\":\"https:\\\/\\\/www.geopolitics.fr\\\/2024\\\/10\\\/30\\\/cet-heritage-encombrant-dont-personne-ne-veut\\\/#breadcrumb\",\"itemListElement\":[{\"@type\":\"ListItem\",\"position\":1,\"name\":\"Accueil\",\"item\":\"https:\\\/\\\/www.geopolitics.fr\\\/\"},{\"@type\":\"ListItem\",\"position\":2,\"name\":\"Cet h\u00e9ritage encombrant dont personne ne veut\u2026.\"}]},{\"@type\":\"WebSite\",\"@id\":\"https:\\\/\\\/www.geopolitics.fr\\\/#website\",\"url\":\"https:\\\/\\\/www.geopolitics.fr\\\/\",\"name\":\"Geopolitics.fr\",\"description\":\"Geopolitics.fr Analyse politique, relations internationales, d\u00e9fense - ligne \u00e9ditoriale gaullo-chiraquienne\",\"publisher\":{\"@id\":\"https:\\\/\\\/www.geopolitics.fr\\\/#organization\"},\"potentialAction\":[{\"@type\":\"SearchAction\",\"target\":{\"@type\":\"EntryPoint\",\"urlTemplate\":\"https:\\\/\\\/www.geopolitics.fr\\\/?s={search_term_string}\"},\"query-input\":{\"@type\":\"PropertyValueSpecification\",\"valueRequired\":true,\"valueName\":\"search_term_string\"}}],\"inLanguage\":\"en-GB\"},{\"@type\":\"Organization\",\"@id\":\"https:\\\/\\\/www.geopolitics.fr\\\/#organization\",\"name\":\"Geopolitics.fr\",\"url\":\"https:\\\/\\\/www.geopolitics.fr\\\/\",\"logo\":{\"@type\":\"ImageObject\",\"inLanguage\":\"en-GB\",\"@id\":\"https:\\\/\\\/www.geopolitics.fr\\\/#\\\/schema\\\/logo\\\/image\\\/\",\"url\":\"https:\\\/\\\/www.geopolitics.fr\\\/wp-content\\\/uploads\\\/2024\\\/01\\\/logo.jpg\",\"contentUrl\":\"https:\\\/\\\/www.geopolitics.fr\\\/wp-content\\\/uploads\\\/2024\\\/01\\\/logo.jpg\",\"width\":500,\"height\":500,\"caption\":\"Geopolitics.fr\"},\"image\":{\"@id\":\"https:\\\/\\\/www.geopolitics.fr\\\/#\\\/schema\\\/logo\\\/image\\\/\"},\"sameAs\":[\"https:\\\/\\\/www.facebook.com\\\/people\\\/Erwan-Davoux\\\/61557098968092\\\/\",\"https:\\\/\\\/x.com\\\/Geopolitics_Fr\"]},{\"@type\":\"Person\",\"@id\":\"https:\\\/\\\/www.geopolitics.fr\\\/#\\\/schema\\\/person\\\/a487273e91313e368925717400fa1b11\",\"name\":\"Erwan Davoux\",\"image\":{\"@type\":\"ImageObject\",\"inLanguage\":\"en-GB\",\"@id\":\"https:\\\/\\\/www.geopolitics.fr\\\/wp-content\\\/uploads\\\/2026\\\/05\\\/moi-96x96.jpg\",\"url\":\"https:\\\/\\\/www.geopolitics.fr\\\/wp-content\\\/uploads\\\/2026\\\/05\\\/moi-96x96.jpg\",\"contentUrl\":\"https:\\\/\\\/www.geopolitics.fr\\\/wp-content\\\/uploads\\\/2026\\\/05\\\/moi-96x96.jpg\",\"caption\":\"Erwan Davoux\"},\"description\":\"Erwan DAVOUX est Pr\u00e9sident de LMD CONSEIL, (conseil strat\u00e9gique, intelligence \u00e9conomique, risque g\u00e9opolitique, influence politique, diplomatie \u00e9conomique). Dipl\u00f4m\u00e9 de l'IEP de Paris et de l'INALCO (d\u00e9partement d'\u00e9tudes arabes), il est directeur de la publication de geopolitics.fr. Ancien fonctionnaire au Minist\u00e8re de l'Int\u00e9rieur et de la D\u00e9fense (DGSE) Ancien charg\u00e9 de Mission \u00e0 la Pr\u00e9sidence de la R\u00e9publique (cellule diplomatique) Conseil de nombreuses personnalit\u00e9s politiques \u00e0 l'International (dont deux anciens Premiers ministres).\",\"sameAs\":[\"Erwan Davoux\",\"@erwandavoux\",\"https:\\\/\\\/www.linkedin.com\\\/in\\\/erwan-davoux-6800b289\\\/\",\"https:\\\/\\\/x.com\\\/@erwandavoux @Geo_politicsfr\"],\"url\":\"https:\\\/\\\/www.geopolitics.fr\\\/en\\\/author\\\/erwan-davoux\\\/\"}]}<\/script>\n<!-- \/ Yoast SEO Premium plugin. -->","yoast_head_json":{"title":"Cet h\u00e9ritage encombrant dont personne ne veut\u2026. | Geopolitics.fr","description":"Les anciens Premiers ministres tentent de mettre en sc\u00e8ne leur rupture avec Emmanuel Macron en vue de la prochaine pr\u00e9sidentielle","robots":{"index":"index","follow":"follow","max-snippet":"max-snippet:-1","max-image-preview":"max-image-preview:large","max-video-preview":"max-video-preview:-1"},"canonical":"https:\/\/www.geopolitics.fr\/en\/2024\/10\/30\/cet-heritage-encombrant-dont-personne-ne-veut\/","og_locale":"en_GB","og_type":"article","og_title":"Cet h\u00e9ritage encombrant dont personne ne veut\u2026.","og_description":"Les anciens Premiers ministres tentent de mettre en sc\u00e8ne leur rupture avec Emmanuel Macron en vue de la prochaine pr\u00e9sidentielle","og_url":"https:\/\/www.geopolitics.fr\/en\/2024\/10\/30\/cet-heritage-encombrant-dont-personne-ne-veut\/","og_site_name":"Geopolitics.fr","article_publisher":"https:\/\/www.facebook.com\/people\/Erwan-Davoux\/61557098968092\/","article_author":"Erwan Davoux","article_published_time":"2024-10-30T17:30:36+00:00","article_modified_time":"2024-10-30T20:39:45+00:00","og_image":[{"width":670,"height":502,"url":"https:\/\/www.geopolitics.fr\/wp-content\/uploads\/2024\/10\/ATTAL-MACRON.jpg","type":"image\/jpeg"}],"author":"Erwan Davoux","twitter_card":"summary_large_image","twitter_creator":"@erwandavoux @Geo_politicsfr","twitter_site":"@Geopolitics_Fr","twitter_misc":{"Written by":"Erwan Davoux","Estimated reading time":"7 minutes"},"schema":{"@context":"https:\/\/schema.org","@graph":[{"@type":"Article","@id":"https:\/\/www.geopolitics.fr\/2024\/10\/30\/cet-heritage-encombrant-dont-personne-ne-veut\/#article","isPartOf":{"@id":"https:\/\/www.geopolitics.fr\/2024\/10\/30\/cet-heritage-encombrant-dont-personne-ne-veut\/"},"author":{"name":"Erwan Davoux","@id":"https:\/\/www.geopolitics.fr\/#\/schema\/person\/a487273e91313e368925717400fa1b11"},"headline":"Cet h\u00e9ritage encombrant dont personne ne veut\u2026.","datePublished":"2024-10-30T17:30:36+00:00","dateModified":"2024-10-30T20:39:45+00:00","mainEntityOfPage":{"@id":"https:\/\/www.geopolitics.fr\/2024\/10\/30\/cet-heritage-encombrant-dont-personne-ne-veut\/"},"wordCount":1477,"commentCount":0,"publisher":{"@id":"https:\/\/www.geopolitics.fr\/#organization"},"image":{"@id":"https:\/\/www.geopolitics.fr\/2024\/10\/30\/cet-heritage-encombrant-dont-personne-ne-veut\/#primaryimage"},"thumbnailUrl":"https:\/\/www.geopolitics.fr\/wp-content\/uploads\/2024\/10\/ATTAL-MACRON.jpg","keywords":["PHILIPPE","PRESIDENTIELLE"],"articleSection":["Election","Mis en AVANT","Politique"],"inLanguage":"en-GB"},{"@type":"WebPage","@id":"https:\/\/www.geopolitics.fr\/2024\/10\/30\/cet-heritage-encombrant-dont-personne-ne-veut\/","url":"https:\/\/www.geopolitics.fr\/2024\/10\/30\/cet-heritage-encombrant-dont-personne-ne-veut\/","name":"Cet h\u00e9ritage encombrant dont personne ne veut\u2026. | Geopolitics.fr","isPartOf":{"@id":"https:\/\/www.geopolitics.fr\/#website"},"primaryImageOfPage":{"@id":"https:\/\/www.geopolitics.fr\/2024\/10\/30\/cet-heritage-encombrant-dont-personne-ne-veut\/#primaryimage"},"image":{"@id":"https:\/\/www.geopolitics.fr\/2024\/10\/30\/cet-heritage-encombrant-dont-personne-ne-veut\/#primaryimage"},"thumbnailUrl":"https:\/\/www.geopolitics.fr\/wp-content\/uploads\/2024\/10\/ATTAL-MACRON.jpg","datePublished":"2024-10-30T17:30:36+00:00","dateModified":"2024-10-30T20:39:45+00:00","description":"Les anciens Premiers ministres tentent de mettre en sc\u00e8ne leur rupture avec Emmanuel Macron en vue de la prochaine pr\u00e9sidentielle","breadcrumb":{"@id":"https:\/\/www.geopolitics.fr\/2024\/10\/30\/cet-heritage-encombrant-dont-personne-ne-veut\/#breadcrumb"},"inLanguage":"en-GB","potentialAction":[{"@type":"ReadAction","target":["https:\/\/www.geopolitics.fr\/2024\/10\/30\/cet-heritage-encombrant-dont-personne-ne-veut\/"]}]},{"@type":"ImageObject","inLanguage":"en-GB","@id":"https:\/\/www.geopolitics.fr\/2024\/10\/30\/cet-heritage-encombrant-dont-personne-ne-veut\/#primaryimage","url":"https:\/\/www.geopolitics.fr\/wp-content\/uploads\/2024\/10\/ATTAL-MACRON.jpg","contentUrl":"https:\/\/www.geopolitics.fr\/wp-content\/uploads\/2024\/10\/ATTAL-MACRON.jpg","width":670,"height":502},{"@type":"BreadcrumbList","@id":"https:\/\/www.geopolitics.fr\/2024\/10\/30\/cet-heritage-encombrant-dont-personne-ne-veut\/#breadcrumb","itemListElement":[{"@type":"ListItem","position":1,"name":"Accueil","item":"https:\/\/www.geopolitics.fr\/"},{"@type":"ListItem","position":2,"name":"Cet h\u00e9ritage encombrant dont personne ne veut\u2026."}]},{"@type":"WebSite","@id":"https:\/\/www.geopolitics.fr\/#website","url":"https:\/\/www.geopolitics.fr\/","name":"Geopolitics.fr","description":"Geopolitics.fr Analyse politique, relations internationales, d\u00e9fense - ligne \u00e9ditoriale gaullo-chiraquienne","publisher":{"@id":"https:\/\/www.geopolitics.fr\/#organization"},"potentialAction":[{"@type":"SearchAction","target":{"@type":"EntryPoint","urlTemplate":"https:\/\/www.geopolitics.fr\/?s={search_term_string}"},"query-input":{"@type":"PropertyValueSpecification","valueRequired":true,"valueName":"search_term_string"}}],"inLanguage":"en-GB"},{"@type":"Organization","@id":"https:\/\/www.geopolitics.fr\/#organization","name":"Geopolitics.fr","url":"https:\/\/www.geopolitics.fr\/","logo":{"@type":"ImageObject","inLanguage":"en-GB","@id":"https:\/\/www.geopolitics.fr\/#\/schema\/logo\/image\/","url":"https:\/\/www.geopolitics.fr\/wp-content\/uploads\/2024\/01\/logo.jpg","contentUrl":"https:\/\/www.geopolitics.fr\/wp-content\/uploads\/2024\/01\/logo.jpg","width":500,"height":500,"caption":"Geopolitics.fr"},"image":{"@id":"https:\/\/www.geopolitics.fr\/#\/schema\/logo\/image\/"},"sameAs":["https:\/\/www.facebook.com\/people\/Erwan-Davoux\/61557098968092\/","https:\/\/x.com\/Geopolitics_Fr"]},{"@type":"Person","@id":"https:\/\/www.geopolitics.fr\/#\/schema\/person\/a487273e91313e368925717400fa1b11","name":"Erwan Davoux","image":{"@type":"ImageObject","inLanguage":"en-GB","@id":"https:\/\/www.geopolitics.fr\/wp-content\/uploads\/2026\/05\/moi-96x96.jpg","url":"https:\/\/www.geopolitics.fr\/wp-content\/uploads\/2026\/05\/moi-96x96.jpg","contentUrl":"https:\/\/www.geopolitics.fr\/wp-content\/uploads\/2026\/05\/moi-96x96.jpg","caption":"Erwan Davoux"},"description":"Erwan DAVOUX est Pr\u00e9sident de LMD CONSEIL, (conseil strat\u00e9gique, intelligence \u00e9conomique, risque g\u00e9opolitique, influence politique, diplomatie \u00e9conomique). Dipl\u00f4m\u00e9 de l'IEP de Paris et de l'INALCO (d\u00e9partement d'\u00e9tudes arabes), il est directeur de la publication de geopolitics.fr. Ancien fonctionnaire au Minist\u00e8re de l'Int\u00e9rieur et de la D\u00e9fense (DGSE) Ancien charg\u00e9 de Mission \u00e0 la Pr\u00e9sidence de la R\u00e9publique (cellule diplomatique) Conseil de nombreuses personnalit\u00e9s politiques \u00e0 l'International (dont deux anciens Premiers ministres).","sameAs":["Erwan Davoux","@erwandavoux","https:\/\/www.linkedin.com\/in\/erwan-davoux-6800b289\/","https:\/\/x.com\/@erwandavoux @Geo_politicsfr"],"url":"https:\/\/www.geopolitics.fr\/en\/author\/erwan-davoux\/"}]}},"_links":{"self":[{"href":"https:\/\/www.geopolitics.fr\/en\/wp-json\/wp\/v2\/posts\/3017","targetHints":{"allow":["GET"]}}],"collection":[{"href":"https:\/\/www.geopolitics.fr\/en\/wp-json\/wp\/v2\/posts"}],"about":[{"href":"https:\/\/www.geopolitics.fr\/en\/wp-json\/wp\/v2\/types\/post"}],"author":[{"embeddable":true,"href":"https:\/\/www.geopolitics.fr\/en\/wp-json\/wp\/v2\/users\/16"}],"replies":[{"embeddable":true,"href":"https:\/\/www.geopolitics.fr\/en\/wp-json\/wp\/v2\/comments?post=3017"}],"version-history":[{"count":0,"href":"https:\/\/www.geopolitics.fr\/en\/wp-json\/wp\/v2\/posts\/3017\/revisions"}],"wp:featuredmedia":[{"embeddable":true,"href":"https:\/\/www.geopolitics.fr\/en\/wp-json\/wp\/v2\/media\/3018"}],"wp:attachment":[{"href":"https:\/\/www.geopolitics.fr\/en\/wp-json\/wp\/v2\/media?parent=3017"}],"wp:term":[{"taxonomy":"category","embeddable":true,"href":"https:\/\/www.geopolitics.fr\/en\/wp-json\/wp\/v2\/categories?post=3017"},{"taxonomy":"post_tag","embeddable":true,"href":"https:\/\/www.geopolitics.fr\/en\/wp-json\/wp\/v2\/tags?post=3017"}],"curies":[{"name":"wp","href":"https:\/\/api.w.org\/{rel}","templated":true}]}}