{"id":3014,"date":"2024-10-17T16:56:17","date_gmt":"2024-10-17T14:56:17","guid":{"rendered":"https:\/\/www.geopolitics.fr\/?p=3014"},"modified":"2024-10-17T16:56:19","modified_gmt":"2024-10-17T14:56:19","slug":"entretien-avec-erwan-davoux-conseiller-principal-aux-affaires-internationales-macky-sall-ne-se-rendra-pas-au-senegal","status":"publish","type":"post","link":"https:\/\/www.geopolitics.fr\/en\/2024\/10\/17\/entretien-avec-erwan-davoux-conseiller-principal-aux-affaires-internationales-macky-sall-ne-se-rendra-pas-au-senegal\/","title":{"rendered":"Entretien avec Erwan Davoux, conseiller principal aux affaires internationales : \u00ab Macky Sall ne se rendra pas au S\u00e9n\u00e9gal\u2026 \u00bb"},"content":{"rendered":"<h3 class=\"wp-block-heading\" id=\"h-le-president-macky-sall-s-est-mis-en-retrait-de-la-fonction-internationale-prestigieuse-qu-emmanuel-macron-lui-avait-confiee-celle-d-envoye-special-pour-le-pacte-de-paris-pour-les-peuples-et-la-planete-juste-apres-avoir-quitte-le-pouvoir-le-02-avril-dernier-il-a-renonce-le-8-octobre-aux-apparats-pour-defendre-son-bilan-et-ses-idees-et-etre-ainsi-a-l-abri-de-tout-conflit-d-interet-une-prise-de-decision-assez-rare-dans-le-monde-politique-ou-helas-les-honneurs-ont-pris-plus-d-importance-que-les-idees\">\u200bLe Pr\u00e9sident Macky Sall s\u2019est mis en retrait de la fonction internationale prestigieuse qu\u2019Emmanuel Macron lui avait confi\u00e9e, celle d\u2019envoy\u00e9 sp\u00e9cial pour le Pacte de Paris pour les peuples et la plan\u00e8te, juste apr\u00e8s avoir quitt\u00e9 le pouvoir le 02 avril dernier. Il a \u00ab renonc\u00e9 \u00bb, le 8 octobre, aux apparats pour d\u00e9fendre son bilan et ses id\u00e9es et \u00eatre ainsi \u00e0 l\u2019abri de tout conflit d\u2019int\u00e9r\u00eat. Une prise de d\u00e9cision assez rare dans le monde politique o\u00f9, h\u00e9las, les honneurs ont pris plus d\u2019importance que les id\u00e9es.<br><\/h3>\n\n\n\n<p class=\"has-medium-font-size wp-block-paragraph\"><strong>\u00a0<br>Un pr\u00e9sident qui a port\u00e9 haut la voix du S\u00e9n\u00e9gal et de l\u2019Afrique \u00e0 l\u2019international.<\/strong><br><br><br>Dans un entretien avec DakarActu, le conseiller principal aux affaires internationales s\u2019est exprim\u00e9 sur la situation politique au S\u00e9n\u00e9gal et le \u00ab retour de Macky \u00bb dans la sc\u00e8ne politique. Erwan Davoux, dans un premier temps, indique que la voix de Macky Sall est respect\u00e9e et appr\u00e9ci\u00e9e sur la sc\u00e8ne internationale. \u00ab Il faut se rappeler que dans le conflit russo-ukrainien, le chef de l\u2019\u00c9tat, Macky Sall, avait clairement d\u00e9clar\u00e9 que l\u2019Afrique n\u2019avait pas \u00e0 s\u2019engager en faveur de l\u2019une des deux parties, car il ne s\u2019agissait pas d\u2019une guerre africaine, m\u00eame si le continent en subissait les cons\u00e9quences n\u00e9gatives. \u00bb Pour les att\u00e9nuer, il s\u2019est engag\u00e9 en faveur d\u2019une exception sur les produits alimentaires dans les sanctions impos\u00e9es contre la Russie. Cette d\u00e9marche a abouti \u00e0 la lev\u00e9e du blocus sur les stocks des c\u00e9r\u00e9ales d\u2019Ukraine \u00e0 destination de l\u2019Afrique. \u00bb Quant \u00e0 l\u2019autre conflit, notamment celui du Proche-Orient, Davoux parle de la hi\u00e9rarchisation des vies humaines et des violations permanentes du droit international et du droit humanitaire qui sont insupportables.<br><br>Ainsi, a-t-il ajout\u00e9, sous Macky Sall, le S\u00e9n\u00e9gal a pes\u00e9 dans les grandes affaires du monde. Il suffit juste, selon lui, de se rappeler notamment de son r\u00f4le primordial dans la crise post\u00e9lectorale gambienne en 2017 pour faire respecter le choix d\u00e9mocratique. Sur le plan international, \u00e9galement, il s\u2019est affich\u00e9 comme un grand d\u00e9fenseur des int\u00e9r\u00eats africains, avec succ\u00e8s. Nomm\u00e9 \u00e0 la t\u00eate de la CEDEAO au cours de son premier mandat, Erwan Davoux reconna\u00eet cette d\u00e9fense de la position selon laquelle \u00ab l\u2019int\u00e9gration \u00e9conomique \u00e9tait un imp\u00e9ratif pour le continent \u00bb.\u00a0<br><br>Dans cette premi\u00e8re intervention dans cet entretien, l\u2019ancien candidat aux l\u00e9gislatives fran\u00e7aises estime que le pr\u00e9sident Macky Sall a port\u00e9 la cause de l\u2019entr\u00e9e de l\u2019un des 54 \u00c9tats africains comme membre permanent du Conseil de s\u00e9curit\u00e9 des Nations Unies ou de l\u2019Union africaine au G20. Il notera aussi, dans le bilan de celui-ci, que l\u2019UA a fini par adh\u00e9rer au G20 comme membre permanent. \u00ab Il faut souligner que nombreux sont les observateurs qui consid\u00e8rent que Macky Sall a fait rayonner la diplomatie s\u00e9n\u00e9galaise. \u00bb<\/p>\n\n\n\n<p class=\"has-medium-font-size wp-block-paragraph\"><br><strong>Le Plan S\u00e9n\u00e9gal \u00e9mergent, les grandes infrastructures et le d\u00e9senclavement\u2026<br>\u00a0<\/strong><br>L\u2019autre domaine qui aura marqu\u00e9 les esprits dans le bilan de l\u2019ancien pr\u00e9sident fut le Plan S\u00e9n\u00e9gal \u00e9mergent (PSE) visant \u00e0 conduire le S\u00e9n\u00e9gal sur la voie de l\u2019\u00e9mergence \u00e0 l\u2019horizon 2035. \u00ab L\u2019objectif est d\u2019autant plus cr\u00e9dible que le S\u00e9n\u00e9gal est devenu, r\u00e9cemment, producteur de gaz et de p\u00e9trole. \u00bb N\u00e9anmoins, il reste \u00e0 \u00e9viter la mal\u00e9diction de l\u2019\u00ab \u00e9conomie de rente \u00bb. En effet, un risque de d\u00e9pendance peut rapidement se d\u00e9velopper en l\u2019absence de diversification et de confiance des investisseurs internationaux.<br><br>Les grands projets d\u2019infrastructure et d\u2019\u00e9quit\u00e9 territoriale ont marqu\u00e9 les pr\u00e9sidences de Macky Sall. En t\u00e9moigne, le doublement de la puissance \u00e9lectrique du S\u00e9n\u00e9gal en 7 ans ou les 30 % d\u2019\u00e9nergie renouvelable dans son mix \u00e9nerg\u00e9tique, a soutenu Davoux, signalant d\u2019ailleurs que l\u2019une de ses grandes r\u00e9alisations reste \u00e9galement la nouvelle ville de Diaminadio, qui promet d\u2019\u00eatre un p\u00f4le \u00e9conomique majeur. Elle rev\u00eat, selon lui, une importance strat\u00e9gique puisque l\u2019industrie pharmaceutique du S\u00e9n\u00e9gal y sera localis\u00e9e.<br><br>Sur le plan des infrastructures routi\u00e8res, Macky Sall a fait construire le chemin de fer pour le Train express r\u00e9gional (TER), reliant Dakar \u00e0 la ville de Diaminadio puis \u00e0 l\u2019a\u00e9roport international Blaise Diagne, passant par plusieurs banlieues. Il a aussi inaugur\u00e9 le Bus Rapid Transit (BRT) pour d\u00e9sengorger la capitale. \u00c0 Dakar, mais surtout \u00e0 l\u2019int\u00e9rieur du pays, sous Macky Sall, beaucoup de routes sont sorties de terre, facilitant ainsi l\u2019\u00e9change des biens et services. C\u2019\u00e9tait l\u2019une de ses priorit\u00e9s. En effet, alors qu\u2019il se pr\u00e9parait \u00e0 \u00eatre candidat \u00e0 la Pr\u00e9sidentielle, Macky Sall avait sillonn\u00e9 son pays, y compris les endroits les plus recul\u00e9s, et avait mesur\u00e9 l\u2019ampleur de la t\u00e2che \u00e0 r\u00e9aliser. Dans les zones rurales les plus recul\u00e9es, des villages jadis priv\u00e9s d\u2019eau et d\u2019\u00e9lectricit\u00e9 ont eu acc\u00e8s \u00e0 ces services gr\u00e2ce \u00e0 ces programmes. Le taux d\u2019\u00e9lectrification rurale au S\u00e9n\u00e9gal est pass\u00e9 de 27 \u00e0 58 %.<br><br>Bien \u00e9videmment, l\u2019enjeu principal est que ses acquis b\u00e9n\u00e9ficient au plus grand nombre, de mieux distribuer les richesses. Mais avant de les distribuer, il faut les produire.\u00a0<br><br><strong>\u00a0Un combat politique \u00e0 distance pour pr\u00e9server les acquis et les enjeux des l\u00e9gislatives\u00a0<\/strong><br><br>L\u2019ancien pr\u00e9sident a donc, r\u00e9cemment, remis les mains dans le Cambouis et pris la t\u00eate de la coalition Takku Wallu S\u00e9n\u00e9gal. \u00bb. Un combat qu\u2019il va mener \u00e0 distance, selon le conseiller principal aux affaires internationales. \u00ab Macky Sall ne se rendra pas au S\u00e9n\u00e9gal. Il va respecter une tradition : les anciens chefs de l\u2019\u00c9tat s\u00e9n\u00e9galais ont toujours choisi de s\u2019\u00e9loigner de leur pays, temporairement, \u00e0 la fin de leur mandat. Les pr\u00e9d\u00e9cesseurs de Macky Sall avaient choisi la France : lui a opt\u00e9 pour le Maroc et de rester ainsi sur le continent africain. \u00bb N\u00e9anmoins, \u00ab l\u2019absent le plus pr\u00e9sent du S\u00e9n\u00e9gal \u00bb exercera, dit-il, \u00ab un magist\u00e8re moral puissant sur la campagne \u00bb. Quels peuvent \u00eatre les enjeux le concernant ?<br><br>Tout d\u2019abord, pour \u00e9viter que ses partisans n\u2019aient pas la tentation de la dispersion en l\u2019absence du chef, d\u2019autant qu\u2019il n\u2019y pas d\u2019h\u00e9ritier. Amadou Ba semble prendre ses distances apr\u00e8s sa d\u00e9faite aux l\u00e9gislatives.\u00a0<br><br>Plus que tout, l\u2019enjeu pour l\u2019opposition semble \u00eatre de ne pas donner les pleins pouvoirs au Pastef. \u00ab En effet, l\u2019ancien Pr\u00e9sident a d\u00fb composer avec une majorit\u00e9 fragile qui ne permet pas tout et qui contraint \u00e0 des compromis. \u00bb Tandis qu\u2019une force politique qui parviendrait \u00e0 r\u00e9unir plus de 3\/5eme des d\u00e9put\u00e9s pourrait quasiment faire tout ce que bon lui semble, notamment modifier profond\u00e9ment la Constitution. Avec tous les risques que cela comporte\u2026 \u00bb D\u2019apr\u00e8s notre interview\u00e9, la d\u00e9mocratie suppose des contrepouvoirs pour fonctionner de la meilleure mani\u00e8re. \u00ab Donner tous les pouvoirs \u00e0 un seul, c\u2019est prendre un grand risque \u00bb. En France, le peuple fran\u00e7ais a souvent choisi de confier la Pr\u00e9sidence \u00e0 une personnalit\u00e9 d\u2019une famille politique et la majorit\u00e9 \u00e0 l\u2019Assembl\u00e9e nationale \u00e0 un autre camp. C\u2019est la cohabitation qui permet un certain \u00e9quilibre. \u00ab Au Pr\u00e9sident le r\u00f4le d\u2019arbitre et de veiller aux int\u00e9r\u00eats sup\u00e9rieurs de la nation, au Premier ministre celui de conduire l\u2019action quotidienne \u00bb, a-t-il indiqu\u00e9.\u00a0<br><br>\u00c0 en croire Erwan Davoux, \u00ab nul n\u2019est proph\u00e8te en son pays \u00bb et chacun a tendance \u00e0 surestimer les aspects n\u00e9gatifs en interne quand l\u2019\u00e9tranger nous consid\u00e8re comme enviables. C\u2019est vrai pour les Fran\u00e7ais comme pour les S\u00e9n\u00e9galais. \u00ab Chacun aspire \u00e0 la perfection et \u00e0 toujours mieux dans le changement \u00bb. Or, vu d\u2019un peu plus loin, le S\u00e9n\u00e9gal est demeur\u00e9 ce pays o\u00f9 les \u00e9ch\u00e9ances \u00e9lectorales sont respect\u00e9es, les mandats non prolong\u00e9s, les \u00e9lections sinc\u00e8res. C\u2019est indiscutablement une exception, alors que dans la r\u00e9gion certains sont au pouvoir depuis plusieurs d\u00e9cennies. Le S\u00e9n\u00e9gal demeure un pays d\u2019exception, d\u00e9mocratique, stable et orient\u00e9 vers l\u2019avenir. Esp\u00e9rons qu\u2019il le demeure\u2026 \u00bb, conclut Erwan Davoux.<\/p>\n\n\n\n<p class=\"wp-block-paragraph\"><\/p>","protected":false},"excerpt":{"rendered":"<p>\u200bLe Pr\u00e9sident Macky Sall s\u2019est mis en retrait de la fonction internationale prestigieuse qu\u2019Emmanuel Macron lui avait confi\u00e9e, celle d\u2019envoy\u00e9 sp\u00e9cial pour&hellip;<\/p>","protected":false},"author":9,"featured_media":3015,"comment_status":"open","ping_status":"open","sticky":false,"template":"","format":"standard","meta":{"_lmt_disableupdate":"","_lmt_disable":"","footnotes":""},"categories":[40,5,4,3],"tags":[],"class_list":["post-3014","post","type-post","status-publish","format-standard","has-post-thumbnail","hentry","category-election","category-international","category-mis-en-avant","category-politique"],"yoast_head":"<!-- This site is optimized with the Yoast SEO Premium plugin v28.1 (Yoast SEO v28.1) - https:\/\/yoast.com\/product\/yoast-seo-premium-wordpress\/ -->\n<title>Entretien avec Erwan Davoux, conseiller principal aux affaires internationales : \u00ab Macky Sall ne se rendra pas au S\u00e9n\u00e9gal\u2026 \u00bb | Geopolitics.fr<\/title>\n<meta name=\"description\" content=\"Erwan Davoux analyse les enjeux, pour le Pr\u00e9sident Macky Sall, des \u00e9lections l\u00e9gislatives anticip\u00e9es au S\u00e9n\u00e9gal\" \/>\n<meta name=\"robots\" content=\"index, follow, max-snippet:-1, max-image-preview:large, max-video-preview:-1\" \/>\n<link rel=\"canonical\" href=\"https:\/\/www.geopolitics.fr\/en\/2024\/10\/17\/entretien-avec-erwan-davoux-conseiller-principal-aux-affaires-internationales-macky-sall-ne-se-rendra-pas-au-senegal\/\" \/>\n<meta property=\"og:locale\" content=\"en_GB\" \/>\n<meta property=\"og:type\" content=\"article\" \/>\n<meta property=\"og:title\" content=\"Entretien avec Erwan Davoux, conseiller principal aux affaires internationales : \u00ab Macky Sall ne se rendra pas au S\u00e9n\u00e9gal\u2026 \u00bb\" \/>\n<meta property=\"og:description\" content=\"Erwan Davoux analyse les enjeux, pour le Pr\u00e9sident Macky Sall, des \u00e9lections l\u00e9gislatives anticip\u00e9es au S\u00e9n\u00e9gal\" \/>\n<meta property=\"og:url\" content=\"https:\/\/www.geopolitics.fr\/en\/2024\/10\/17\/entretien-avec-erwan-davoux-conseiller-principal-aux-affaires-internationales-macky-sall-ne-se-rendra-pas-au-senegal\/\" \/>\n<meta property=\"og:site_name\" content=\"Geopolitics.fr\" \/>\n<meta property=\"article:publisher\" content=\"https:\/\/www.facebook.com\/people\/Erwan-Davoux\/61557098968092\/\" \/>\n<meta property=\"article:published_time\" content=\"2024-10-17T14:56:17+00:00\" \/>\n<meta property=\"article:modified_time\" content=\"2024-10-17T14:56:19+00:00\" \/>\n<meta property=\"og:image\" content=\"https:\/\/www.geopolitics.fr\/wp-content\/uploads\/2024\/10\/macky-et-moi.jpg\" \/>\n\t<meta property=\"og:image:width\" content=\"684\" \/>\n\t<meta property=\"og:image:height\" content=\"395\" \/>\n\t<meta property=\"og:image:type\" content=\"image\/jpeg\" \/>\n<meta name=\"author\" content=\"contact@geopolitics.fr\" \/>\n<meta name=\"twitter:card\" content=\"summary_large_image\" \/>\n<meta name=\"twitter:creator\" content=\"@Geopolitics_Fr\" \/>\n<meta name=\"twitter:site\" content=\"@Geopolitics_Fr\" \/>\n<meta name=\"twitter:label1\" content=\"Written by\" \/>\n\t<meta name=\"twitter:data1\" content=\"contact@geopolitics.fr\" \/>\n\t<meta name=\"twitter:label2\" content=\"Estimated reading time\" \/>\n\t<meta name=\"twitter:data2\" content=\"7 minutes\" \/>\n<script type=\"application\/ld+json\" class=\"yoast-schema-graph\">{\"@context\":\"https:\\\/\\\/schema.org\",\"@graph\":[{\"@type\":\"Article\",\"@id\":\"https:\\\/\\\/www.geopolitics.fr\\\/2024\\\/10\\\/17\\\/entretien-avec-erwan-davoux-conseiller-principal-aux-affaires-internationales-macky-sall-ne-se-rendra-pas-au-senegal\\\/#article\",\"isPartOf\":{\"@id\":\"https:\\\/\\\/www.geopolitics.fr\\\/2024\\\/10\\\/17\\\/entretien-avec-erwan-davoux-conseiller-principal-aux-affaires-internationales-macky-sall-ne-se-rendra-pas-au-senegal\\\/\"},\"author\":{\"name\":\"contact@geopolitics.fr\",\"@id\":\"https:\\\/\\\/www.geopolitics.fr\\\/#\\\/schema\\\/person\\\/69dde260ad11805e2aa68f0d9e9128da\"},\"headline\":\"Entretien avec Erwan Davoux, conseiller principal aux affaires internationales : \u00ab Macky Sall ne se rendra pas au S\u00e9n\u00e9gal\u2026 \u00bb\",\"datePublished\":\"2024-10-17T14:56:17+00:00\",\"dateModified\":\"2024-10-17T14:56:19+00:00\",\"mainEntityOfPage\":{\"@id\":\"https:\\\/\\\/www.geopolitics.fr\\\/2024\\\/10\\\/17\\\/entretien-avec-erwan-davoux-conseiller-principal-aux-affaires-internationales-macky-sall-ne-se-rendra-pas-au-senegal\\\/\"},\"wordCount\":1441,\"commentCount\":0,\"publisher\":{\"@id\":\"https:\\\/\\\/www.geopolitics.fr\\\/#organization\"},\"image\":{\"@id\":\"https:\\\/\\\/www.geopolitics.fr\\\/2024\\\/10\\\/17\\\/entretien-avec-erwan-davoux-conseiller-principal-aux-affaires-internationales-macky-sall-ne-se-rendra-pas-au-senegal\\\/#primaryimage\"},\"thumbnailUrl\":\"https:\\\/\\\/www.geopolitics.fr\\\/wp-content\\\/uploads\\\/2024\\\/10\\\/macky-et-moi.jpg\",\"articleSection\":[\"Election\",\"International\",\"Mis en AVANT\",\"Politique\"],\"inLanguage\":\"en-GB\"},{\"@type\":\"WebPage\",\"@id\":\"https:\\\/\\\/www.geopolitics.fr\\\/2024\\\/10\\\/17\\\/entretien-avec-erwan-davoux-conseiller-principal-aux-affaires-internationales-macky-sall-ne-se-rendra-pas-au-senegal\\\/\",\"url\":\"https:\\\/\\\/www.geopolitics.fr\\\/2024\\\/10\\\/17\\\/entretien-avec-erwan-davoux-conseiller-principal-aux-affaires-internationales-macky-sall-ne-se-rendra-pas-au-senegal\\\/\",\"name\":\"Entretien avec Erwan Davoux, conseiller principal aux affaires internationales : \u00ab Macky Sall ne se rendra pas au S\u00e9n\u00e9gal\u2026 \u00bb | Geopolitics.fr\",\"isPartOf\":{\"@id\":\"https:\\\/\\\/www.geopolitics.fr\\\/#website\"},\"primaryImageOfPage\":{\"@id\":\"https:\\\/\\\/www.geopolitics.fr\\\/2024\\\/10\\\/17\\\/entretien-avec-erwan-davoux-conseiller-principal-aux-affaires-internationales-macky-sall-ne-se-rendra-pas-au-senegal\\\/#primaryimage\"},\"image\":{\"@id\":\"https:\\\/\\\/www.geopolitics.fr\\\/2024\\\/10\\\/17\\\/entretien-avec-erwan-davoux-conseiller-principal-aux-affaires-internationales-macky-sall-ne-se-rendra-pas-au-senegal\\\/#primaryimage\"},\"thumbnailUrl\":\"https:\\\/\\\/www.geopolitics.fr\\\/wp-content\\\/uploads\\\/2024\\\/10\\\/macky-et-moi.jpg\",\"datePublished\":\"2024-10-17T14:56:17+00:00\",\"dateModified\":\"2024-10-17T14:56:19+00:00\",\"description\":\"Erwan Davoux analyse les enjeux, pour le Pr\u00e9sident Macky Sall, des \u00e9lections l\u00e9gislatives anticip\u00e9es au S\u00e9n\u00e9gal\",\"breadcrumb\":{\"@id\":\"https:\\\/\\\/www.geopolitics.fr\\\/2024\\\/10\\\/17\\\/entretien-avec-erwan-davoux-conseiller-principal-aux-affaires-internationales-macky-sall-ne-se-rendra-pas-au-senegal\\\/#breadcrumb\"},\"inLanguage\":\"en-GB\",\"potentialAction\":[{\"@type\":\"ReadAction\",\"target\":[\"https:\\\/\\\/www.geopolitics.fr\\\/2024\\\/10\\\/17\\\/entretien-avec-erwan-davoux-conseiller-principal-aux-affaires-internationales-macky-sall-ne-se-rendra-pas-au-senegal\\\/\"]}]},{\"@type\":\"ImageObject\",\"inLanguage\":\"en-GB\",\"@id\":\"https:\\\/\\\/www.geopolitics.fr\\\/2024\\\/10\\\/17\\\/entretien-avec-erwan-davoux-conseiller-principal-aux-affaires-internationales-macky-sall-ne-se-rendra-pas-au-senegal\\\/#primaryimage\",\"url\":\"https:\\\/\\\/www.geopolitics.fr\\\/wp-content\\\/uploads\\\/2024\\\/10\\\/macky-et-moi.jpg\",\"contentUrl\":\"https:\\\/\\\/www.geopolitics.fr\\\/wp-content\\\/uploads\\\/2024\\\/10\\\/macky-et-moi.jpg\",\"width\":684,\"height\":395},{\"@type\":\"BreadcrumbList\",\"@id\":\"https:\\\/\\\/www.geopolitics.fr\\\/2024\\\/10\\\/17\\\/entretien-avec-erwan-davoux-conseiller-principal-aux-affaires-internationales-macky-sall-ne-se-rendra-pas-au-senegal\\\/#breadcrumb\",\"itemListElement\":[{\"@type\":\"ListItem\",\"position\":1,\"name\":\"Accueil\",\"item\":\"https:\\\/\\\/www.geopolitics.fr\\\/\"},{\"@type\":\"ListItem\",\"position\":2,\"name\":\"Entretien avec Erwan Davoux, conseiller principal aux affaires internationales : \u00ab Macky Sall ne se rendra pas au S\u00e9n\u00e9gal\u2026 \u00bb\"}]},{\"@type\":\"WebSite\",\"@id\":\"https:\\\/\\\/www.geopolitics.fr\\\/#website\",\"url\":\"https:\\\/\\\/www.geopolitics.fr\\\/\",\"name\":\"Geopolitics.fr\",\"description\":\"Geopolitics.fr Analyse politique, relations internationales, d\u00e9fense - ligne \u00e9ditoriale gaullo-chiraquienne\",\"publisher\":{\"@id\":\"https:\\\/\\\/www.geopolitics.fr\\\/#organization\"},\"potentialAction\":[{\"@type\":\"SearchAction\",\"target\":{\"@type\":\"EntryPoint\",\"urlTemplate\":\"https:\\\/\\\/www.geopolitics.fr\\\/?s={search_term_string}\"},\"query-input\":{\"@type\":\"PropertyValueSpecification\",\"valueRequired\":true,\"valueName\":\"search_term_string\"}}],\"inLanguage\":\"en-GB\"},{\"@type\":\"Organization\",\"@id\":\"https:\\\/\\\/www.geopolitics.fr\\\/#organization\",\"name\":\"Geopolitics.fr\",\"url\":\"https:\\\/\\\/www.geopolitics.fr\\\/\",\"logo\":{\"@type\":\"ImageObject\",\"inLanguage\":\"en-GB\",\"@id\":\"https:\\\/\\\/www.geopolitics.fr\\\/#\\\/schema\\\/logo\\\/image\\\/\",\"url\":\"https:\\\/\\\/www.geopolitics.fr\\\/wp-content\\\/uploads\\\/2024\\\/01\\\/logo.jpg\",\"contentUrl\":\"https:\\\/\\\/www.geopolitics.fr\\\/wp-content\\\/uploads\\\/2024\\\/01\\\/logo.jpg\",\"width\":500,\"height\":500,\"caption\":\"Geopolitics.fr\"},\"image\":{\"@id\":\"https:\\\/\\\/www.geopolitics.fr\\\/#\\\/schema\\\/logo\\\/image\\\/\"},\"sameAs\":[\"https:\\\/\\\/www.facebook.com\\\/people\\\/Erwan-Davoux\\\/61557098968092\\\/\",\"https:\\\/\\\/x.com\\\/Geopolitics_Fr\"]},{\"@type\":\"Person\",\"@id\":\"https:\\\/\\\/www.geopolitics.fr\\\/#\\\/schema\\\/person\\\/69dde260ad11805e2aa68f0d9e9128da\",\"name\":\"contact@geopolitics.fr\",\"image\":{\"@type\":\"ImageObject\",\"inLanguage\":\"en-GB\",\"@id\":\"https:\\\/\\\/www.geopolitics.fr\\\/wp-content\\\/uploads\\\/2024\\\/01\\\/edito-bonne-banniere-96x96.jpg\",\"url\":\"https:\\\/\\\/www.geopolitics.fr\\\/wp-content\\\/uploads\\\/2024\\\/01\\\/edito-bonne-banniere-96x96.jpg\",\"contentUrl\":\"https:\\\/\\\/www.geopolitics.fr\\\/wp-content\\\/uploads\\\/2024\\\/01\\\/edito-bonne-banniere-96x96.jpg\",\"caption\":\"contact@geopolitics.fr\"},\"url\":\"https:\\\/\\\/www.geopolitics.fr\\\/en\\\/author\\\/contactgeopolitics-fr\\\/\"}]}<\/script>\n<!-- \/ Yoast SEO Premium plugin. -->","yoast_head_json":{"title":"Entretien avec Erwan Davoux, conseiller principal aux affaires internationales : \u00ab Macky Sall ne se rendra pas au S\u00e9n\u00e9gal\u2026 \u00bb | Geopolitics.fr","description":"Erwan Davoux analyse les enjeux, pour le Pr\u00e9sident Macky Sall, des \u00e9lections l\u00e9gislatives anticip\u00e9es au S\u00e9n\u00e9gal","robots":{"index":"index","follow":"follow","max-snippet":"max-snippet:-1","max-image-preview":"max-image-preview:large","max-video-preview":"max-video-preview:-1"},"canonical":"https:\/\/www.geopolitics.fr\/en\/2024\/10\/17\/entretien-avec-erwan-davoux-conseiller-principal-aux-affaires-internationales-macky-sall-ne-se-rendra-pas-au-senegal\/","og_locale":"en_GB","og_type":"article","og_title":"Entretien avec Erwan Davoux, conseiller principal aux affaires internationales : \u00ab Macky Sall ne se rendra pas au S\u00e9n\u00e9gal\u2026 \u00bb","og_description":"Erwan Davoux analyse les enjeux, pour le Pr\u00e9sident Macky Sall, des \u00e9lections l\u00e9gislatives anticip\u00e9es au S\u00e9n\u00e9gal","og_url":"https:\/\/www.geopolitics.fr\/en\/2024\/10\/17\/entretien-avec-erwan-davoux-conseiller-principal-aux-affaires-internationales-macky-sall-ne-se-rendra-pas-au-senegal\/","og_site_name":"Geopolitics.fr","article_publisher":"https:\/\/www.facebook.com\/people\/Erwan-Davoux\/61557098968092\/","article_published_time":"2024-10-17T14:56:17+00:00","article_modified_time":"2024-10-17T14:56:19+00:00","og_image":[{"width":684,"height":395,"url":"https:\/\/www.geopolitics.fr\/wp-content\/uploads\/2024\/10\/macky-et-moi.jpg","type":"image\/jpeg"}],"author":"contact@geopolitics.fr","twitter_card":"summary_large_image","twitter_creator":"@Geopolitics_Fr","twitter_site":"@Geopolitics_Fr","twitter_misc":{"Written by":"contact@geopolitics.fr","Estimated reading time":"7 minutes"},"schema":{"@context":"https:\/\/schema.org","@graph":[{"@type":"Article","@id":"https:\/\/www.geopolitics.fr\/2024\/10\/17\/entretien-avec-erwan-davoux-conseiller-principal-aux-affaires-internationales-macky-sall-ne-se-rendra-pas-au-senegal\/#article","isPartOf":{"@id":"https:\/\/www.geopolitics.fr\/2024\/10\/17\/entretien-avec-erwan-davoux-conseiller-principal-aux-affaires-internationales-macky-sall-ne-se-rendra-pas-au-senegal\/"},"author":{"name":"contact@geopolitics.fr","@id":"https:\/\/www.geopolitics.fr\/#\/schema\/person\/69dde260ad11805e2aa68f0d9e9128da"},"headline":"Entretien avec Erwan Davoux, conseiller principal aux affaires internationales : \u00ab Macky Sall ne se rendra pas au S\u00e9n\u00e9gal\u2026 \u00bb","datePublished":"2024-10-17T14:56:17+00:00","dateModified":"2024-10-17T14:56:19+00:00","mainEntityOfPage":{"@id":"https:\/\/www.geopolitics.fr\/2024\/10\/17\/entretien-avec-erwan-davoux-conseiller-principal-aux-affaires-internationales-macky-sall-ne-se-rendra-pas-au-senegal\/"},"wordCount":1441,"commentCount":0,"publisher":{"@id":"https:\/\/www.geopolitics.fr\/#organization"},"image":{"@id":"https:\/\/www.geopolitics.fr\/2024\/10\/17\/entretien-avec-erwan-davoux-conseiller-principal-aux-affaires-internationales-macky-sall-ne-se-rendra-pas-au-senegal\/#primaryimage"},"thumbnailUrl":"https:\/\/www.geopolitics.fr\/wp-content\/uploads\/2024\/10\/macky-et-moi.jpg","articleSection":["Election","International","Mis en AVANT","Politique"],"inLanguage":"en-GB"},{"@type":"WebPage","@id":"https:\/\/www.geopolitics.fr\/2024\/10\/17\/entretien-avec-erwan-davoux-conseiller-principal-aux-affaires-internationales-macky-sall-ne-se-rendra-pas-au-senegal\/","url":"https:\/\/www.geopolitics.fr\/2024\/10\/17\/entretien-avec-erwan-davoux-conseiller-principal-aux-affaires-internationales-macky-sall-ne-se-rendra-pas-au-senegal\/","name":"Entretien avec Erwan Davoux, conseiller principal aux affaires internationales : \u00ab Macky Sall ne se rendra pas au S\u00e9n\u00e9gal\u2026 \u00bb | Geopolitics.fr","isPartOf":{"@id":"https:\/\/www.geopolitics.fr\/#website"},"primaryImageOfPage":{"@id":"https:\/\/www.geopolitics.fr\/2024\/10\/17\/entretien-avec-erwan-davoux-conseiller-principal-aux-affaires-internationales-macky-sall-ne-se-rendra-pas-au-senegal\/#primaryimage"},"image":{"@id":"https:\/\/www.geopolitics.fr\/2024\/10\/17\/entretien-avec-erwan-davoux-conseiller-principal-aux-affaires-internationales-macky-sall-ne-se-rendra-pas-au-senegal\/#primaryimage"},"thumbnailUrl":"https:\/\/www.geopolitics.fr\/wp-content\/uploads\/2024\/10\/macky-et-moi.jpg","datePublished":"2024-10-17T14:56:17+00:00","dateModified":"2024-10-17T14:56:19+00:00","description":"Erwan Davoux analyse les enjeux, pour le Pr\u00e9sident Macky Sall, des \u00e9lections l\u00e9gislatives anticip\u00e9es au S\u00e9n\u00e9gal","breadcrumb":{"@id":"https:\/\/www.geopolitics.fr\/2024\/10\/17\/entretien-avec-erwan-davoux-conseiller-principal-aux-affaires-internationales-macky-sall-ne-se-rendra-pas-au-senegal\/#breadcrumb"},"inLanguage":"en-GB","potentialAction":[{"@type":"ReadAction","target":["https:\/\/www.geopolitics.fr\/2024\/10\/17\/entretien-avec-erwan-davoux-conseiller-principal-aux-affaires-internationales-macky-sall-ne-se-rendra-pas-au-senegal\/"]}]},{"@type":"ImageObject","inLanguage":"en-GB","@id":"https:\/\/www.geopolitics.fr\/2024\/10\/17\/entretien-avec-erwan-davoux-conseiller-principal-aux-affaires-internationales-macky-sall-ne-se-rendra-pas-au-senegal\/#primaryimage","url":"https:\/\/www.geopolitics.fr\/wp-content\/uploads\/2024\/10\/macky-et-moi.jpg","contentUrl":"https:\/\/www.geopolitics.fr\/wp-content\/uploads\/2024\/10\/macky-et-moi.jpg","width":684,"height":395},{"@type":"BreadcrumbList","@id":"https:\/\/www.geopolitics.fr\/2024\/10\/17\/entretien-avec-erwan-davoux-conseiller-principal-aux-affaires-internationales-macky-sall-ne-se-rendra-pas-au-senegal\/#breadcrumb","itemListElement":[{"@type":"ListItem","position":1,"name":"Accueil","item":"https:\/\/www.geopolitics.fr\/"},{"@type":"ListItem","position":2,"name":"Entretien avec Erwan Davoux, conseiller principal aux affaires internationales : \u00ab Macky Sall ne se rendra pas au S\u00e9n\u00e9gal\u2026 \u00bb"}]},{"@type":"WebSite","@id":"https:\/\/www.geopolitics.fr\/#website","url":"https:\/\/www.geopolitics.fr\/","name":"Geopolitics.fr","description":"Geopolitics.fr Analyse politique, relations internationales, d\u00e9fense - ligne \u00e9ditoriale gaullo-chiraquienne","publisher":{"@id":"https:\/\/www.geopolitics.fr\/#organization"},"potentialAction":[{"@type":"SearchAction","target":{"@type":"EntryPoint","urlTemplate":"https:\/\/www.geopolitics.fr\/?s={search_term_string}"},"query-input":{"@type":"PropertyValueSpecification","valueRequired":true,"valueName":"search_term_string"}}],"inLanguage":"en-GB"},{"@type":"Organization","@id":"https:\/\/www.geopolitics.fr\/#organization","name":"Geopolitics.fr","url":"https:\/\/www.geopolitics.fr\/","logo":{"@type":"ImageObject","inLanguage":"en-GB","@id":"https:\/\/www.geopolitics.fr\/#\/schema\/logo\/image\/","url":"https:\/\/www.geopolitics.fr\/wp-content\/uploads\/2024\/01\/logo.jpg","contentUrl":"https:\/\/www.geopolitics.fr\/wp-content\/uploads\/2024\/01\/logo.jpg","width":500,"height":500,"caption":"Geopolitics.fr"},"image":{"@id":"https:\/\/www.geopolitics.fr\/#\/schema\/logo\/image\/"},"sameAs":["https:\/\/www.facebook.com\/people\/Erwan-Davoux\/61557098968092\/","https:\/\/x.com\/Geopolitics_Fr"]},{"@type":"Person","@id":"https:\/\/www.geopolitics.fr\/#\/schema\/person\/69dde260ad11805e2aa68f0d9e9128da","name":"contact@geopolitics.fr","image":{"@type":"ImageObject","inLanguage":"en-GB","@id":"https:\/\/www.geopolitics.fr\/wp-content\/uploads\/2024\/01\/edito-bonne-banniere-96x96.jpg","url":"https:\/\/www.geopolitics.fr\/wp-content\/uploads\/2024\/01\/edito-bonne-banniere-96x96.jpg","contentUrl":"https:\/\/www.geopolitics.fr\/wp-content\/uploads\/2024\/01\/edito-bonne-banniere-96x96.jpg","caption":"contact@geopolitics.fr"},"url":"https:\/\/www.geopolitics.fr\/en\/author\/contactgeopolitics-fr\/"}]}},"_links":{"self":[{"href":"https:\/\/www.geopolitics.fr\/en\/wp-json\/wp\/v2\/posts\/3014","targetHints":{"allow":["GET"]}}],"collection":[{"href":"https:\/\/www.geopolitics.fr\/en\/wp-json\/wp\/v2\/posts"}],"about":[{"href":"https:\/\/www.geopolitics.fr\/en\/wp-json\/wp\/v2\/types\/post"}],"author":[{"embeddable":true,"href":"https:\/\/www.geopolitics.fr\/en\/wp-json\/wp\/v2\/users\/9"}],"replies":[{"embeddable":true,"href":"https:\/\/www.geopolitics.fr\/en\/wp-json\/wp\/v2\/comments?post=3014"}],"version-history":[{"count":0,"href":"https:\/\/www.geopolitics.fr\/en\/wp-json\/wp\/v2\/posts\/3014\/revisions"}],"wp:featuredmedia":[{"embeddable":true,"href":"https:\/\/www.geopolitics.fr\/en\/wp-json\/wp\/v2\/media\/3015"}],"wp:attachment":[{"href":"https:\/\/www.geopolitics.fr\/en\/wp-json\/wp\/v2\/media?parent=3014"}],"wp:term":[{"taxonomy":"category","embeddable":true,"href":"https:\/\/www.geopolitics.fr\/en\/wp-json\/wp\/v2\/categories?post=3014"},{"taxonomy":"post_tag","embeddable":true,"href":"https:\/\/www.geopolitics.fr\/en\/wp-json\/wp\/v2\/tags?post=3014"}],"curies":[{"name":"wp","href":"https:\/\/api.w.org\/{rel}","templated":true}]}}