{"id":3003,"date":"2024-10-15T17:03:40","date_gmt":"2024-10-15T15:03:40","guid":{"rendered":"https:\/\/www.geopolitics.fr\/?p=3003"},"modified":"2024-10-15T22:53:26","modified_gmt":"2024-10-15T20:53:26","slug":"sebastien-lecornu-est-il-lhomme-de-la-situation","status":"publish","type":"post","link":"https:\/\/www.geopolitics.fr\/en\/2024\/10\/15\/sebastien-lecornu-est-il-lhomme-de-la-situation\/","title":{"rendered":"S\u00e9bastien Lecornu est-il bien l&rsquo;homme de la situation ?"},"content":{"rendered":"<p class=\"has-medium-font-size wp-block-paragraph\">Le 14 octobre 2024, S\u00e9bastien Lecornu, ministre des Arm\u00e9es, a \u00e9t\u00e9 entendu par la commission de la D\u00e9fense de l\u2019Assembl\u00e9e nationale sur <strong>le choix de confier les supercalculateurs, l&rsquo;IA de nos arm\u00e9es, \u00e0 Hewlett-Packard plut\u00f4t qu&rsquo;\u00e0 Bull. Une d\u00e9cision de l&rsquo;ex\u00e9cutif qui interroge, notamment en terme souverainet\u00e9 nationale<\/strong>.<\/p>\n\n\n\n<p class=\"has-medium-font-size wp-block-paragraph\">\u00ab&nbsp;<em>Lecornichon&nbsp;\u00bb <\/em>(comme le surnomme affectueusement Nicolas Sarkozy), ne s&rsquo;y est pas pr\u00e9sent\u00e9 les mains dans les poches. Bien conscient de la gravit\u00e9 des sujets \u00e0 aborder, il a, semble-t-il, tout fait pour que les parlementaires ne soient pas trop incisifs, en s\u2019appuyant sur l\u2019influence de son conseiller parlementaire, Mallo Trica qui a d\u00e9min\u00e9 H24 le week-end pr\u00e9c\u00e9dent. En arri\u00e8re-plan, une strat\u00e9gie bien rod\u00e9e visant \u00e0 adoucir les angles de cette audition sensible.<\/p>\n\n\n\n<p class=\"has-medium-font-size wp-block-paragraph\"><strong>Lecornu, accus\u00e9 par certains de vouloir d\u00e9nigrer l\u2019offre industrielle fran\u00e7aise, s\u2019\u00e9tait appuy\u00e9 sur les conseils d\u2019une star de Google (Bertrand Rondepierre) promu \u00e0 la t\u00eate de l\u2019AMIAD. Cette strat\u00e9gie a rapidement montr\u00e9 ses limites. Les industriels fran\u00e7ais, bien au fait des enjeux strat\u00e9giques ne sont pas dupes devant la promotion d&rsquo;une une vision pro-am\u00e9ricaine, \u00e9loign\u00e9e des int\u00e9r\u00eats nationaux.<\/strong> Ceux qui d\u00e9fendaient bec et ongles l\u2019offre fran\u00e7aise, notamment de nombreux anciens de l\u2019<strong>IHEDN<\/strong>, ont vu (un hasard&nbsp;?) <strong>le budget de cette l\u2019institution fortement r\u00e9duit.<\/strong> S\u2019agissait-il de repr\u00e9sailles \u00e0 l\u2019encontre des fondeurs ? Le message a \u00e9t\u00e9 re\u00e7u comme tel. <\/p>\n\n\n\n<p class=\"has-medium-font-size wp-block-paragraph\">Devant la Commission de la D\u00e9fense, Lecornu a encore une fois jou\u00e9 avec ses mimiques qui ne font pas plus rire et n\u2019a pas h\u00e9sit\u00e9 \u00e0 d\u00e9noncer <strong>ce qu\u2019il appelle le \u00ab\u00a0<em>lobby<\/em>\u00a0\u00bb qui s\u2019oppose \u00e0 ses choix. Dans une maladresse qui semble presque r\u00e9v\u00e9latrice, le ministre para\u00eet d\u00e9couvrir le patriotisme et l\u2019expertise des anciens de l\u2019IHEDN, non corruptibles et dont les critiques acerbes heurtent son approche rigide<\/strong>. N&rsquo;ayant jamais v\u00e9ritablement \u00e9t\u00e9 remis en question dans son minist\u00e8re, Lecornu &nbsp;(qui n\u2019avait d\u00e9j\u00e0 pas brill\u00e9 lorsqu\u2019il \u00e9tait en charge de l\u2019Outre-Mer) semble avoir<strong> pris l\u2019habitude de se consid\u00e9rer comme un expert de la chose militaire, un titre que de nombreux hauts grad\u00e9s lui contestent volontiers<\/strong> mais en silence par peur des repr\u00e9sailles administratives.<\/p>\n\n\n\n<p class=\"has-medium-font-size wp-block-paragraph\"><strong>Ce n\u2019est pas la premi\u00e8re fois que le cabinet militaire se retrouve au c\u0153ur d\u2019une temp\u00eate. D\u00e9j\u00e0,  en ao\u00fbt 2023, lors du dossier Atos<\/strong>, des voix s\u2019\u00e9taient \u00e9lev\u00e9es pour d\u00e9noncer sa complaisance vis-\u00e0-vis d\u2019investisseurs \u00e9trangers, notamment dans le plan \u00ab\u00a02K\u00a0\u00bb (Kretinsky-Kohler).  En effet, le 16 aout 2023 nous apprenions que Daniel Kretinsky venait de mettre la main sur une fili\u00e8re cruciale d\u2019Atos, dans la plus grande discr\u00e9tion politique. Le milliardaire tch\u00e8que avait \u00e9t\u00e9 re\u00e7u par Alexis Kohler et Emmanuel Macron quelques semaines auparavant. Le fleuron fran\u00e7ais c\u00e9dait ses activit\u00e9s de conseil \u00e0 Daniel Kretinsky tout en lui ouvrant 7,5% du capital de la filiale strat\u00e9gique Eviden. <strong>Les propositions&nbsp;fran\u00e7aises et europ\u00e9ennes de reprises&nbsp;\u00e9taient donc \u00e9conduites. Les opposants \u00e0 ce rachat s&rsquo;en souviennent encore&#8230;.<\/strong><\/p>\n\n\n\n<p class=\"has-medium-font-size wp-block-paragraph\"><strong>Aujourd&rsquo;hui, les grands patrons de l\u2019industrie de d\u00e9fense sont constern\u00e9s. Si aucun n\u2019ose l\u2019affirmer publiquement<\/strong>, Lecornu est vu comme un ministre bien sympathique, qui n\u2019h\u00e9site pas \u00e0 faire des imitations hilarantes qui amusent tant Emmanuel Macron mais largement d\u00e9pourvu de l\u2019autorit\u00e9 n\u00e9cessaire pour diriger les Arm\u00e9es en ce moment. \u00ab\u00a0<em>Il n\u2019a pas l\u2019\u00e9toffe d\u2019un chef<\/em>\u00ab\u00a0, confie en priv\u00e9 un industriel influent. \u00ab <em>Il faut qu\u2019il parte <\/em>\u00bb d\u00e9clare un grand chef militaire. Le milieu des arm\u00e9es oscille entre d\u00e9sillusion et exasp\u00e9ration. Un haut grad\u00e9, exc\u00e9d\u00e9 par ce qu&rsquo;il per\u00e7oit comme une profonde incomp\u00e9tence, ironise en sugg\u00e9rant que Lecornu \u00ab <em>passe un \u01eaCM sur l\u2019IA \u00bb<\/em>. <em>Le r\u00e9sultat serait \u00e9difiant<\/em>, pleure-t-il.<\/p>\n\n\n\n<p class=\"has-medium-font-size wp-block-paragraph\">Et c\u2019est l\u00e0 que le b\u00e2t blesse. Lecornu, ancien \u00e9tudiant en Droit, semble mal pr\u00e9par\u00e9 \u00e0 g\u00e9rer des dossiers d&rsquo;ing\u00e9nierie d\u2019une telle complexit\u00e9. <strong>Dans des affaires aussi graves qui mettent en jeu la souverainet\u00e9 nationale, o\u00f9 se prennent r\u00e9ellement les d\u00e9cisions ? Qui les prend ? A l&rsquo;aune de quels int\u00e9r\u00eats ?<\/strong><\/p>","protected":false},"excerpt":{"rendered":"<p>Le 14 octobre 2024, S\u00e9bastien Lecornu, ministre des Arm\u00e9es, a \u00e9t\u00e9 entendu par la commission de la D\u00e9fense de l\u2019Assembl\u00e9e nationale sur&hellip;<\/p>","protected":false},"author":9,"featured_media":3005,"comment_status":"open","ping_status":"open","sticky":false,"template":"","format":"standard","meta":{"_lmt_disableupdate":"","_lmt_disable":"","footnotes":""},"categories":[6,4],"tags":[328,330],"class_list":["post-3003","post","type-post","status-publish","format-standard","has-post-thumbnail","hentry","category-defense-et-armees","category-mis-en-avant","tag-lecornu","tag-souverainete"],"yoast_head":"<!-- This site is optimized with the Yoast SEO Premium plugin v28.1 (Yoast SEO v28.1) - https:\/\/yoast.com\/product\/yoast-seo-premium-wordpress\/ -->\n<title>S\u00e9bastien Lecornu est-il bien l&#039;homme de la situation ? | Geopolitics.fr<\/title>\n<meta name=\"description\" content=\"S\u00e9bastien Lecornu en difficult\u00e9s pour justifier le choix de Hewlett Packard plut\u00f4t que Bull pour l&#039;IA des arm\u00e9es fran\u00e7aises\" \/>\n<meta name=\"robots\" content=\"index, follow, max-snippet:-1, max-image-preview:large, max-video-preview:-1\" \/>\n<link rel=\"canonical\" href=\"https:\/\/www.geopolitics.fr\/en\/2024\/10\/15\/sebastien-lecornu-est-il-lhomme-de-la-situation\/\" \/>\n<meta property=\"og:locale\" content=\"en_GB\" \/>\n<meta property=\"og:type\" content=\"article\" \/>\n<meta property=\"og:title\" content=\"S\u00e9bastien Lecornu est-il bien l&#039;homme de la situation ?\" \/>\n<meta property=\"og:description\" content=\"S\u00e9bastien Lecornu en difficult\u00e9s pour justifier le choix de Hewlett Packard plut\u00f4t que Bull pour l&#039;IA des arm\u00e9es fran\u00e7aises\" \/>\n<meta property=\"og:url\" content=\"https:\/\/www.geopolitics.fr\/en\/2024\/10\/15\/sebastien-lecornu-est-il-lhomme-de-la-situation\/\" \/>\n<meta property=\"og:site_name\" content=\"Geopolitics.fr\" \/>\n<meta property=\"article:publisher\" content=\"https:\/\/www.facebook.com\/people\/Erwan-Davoux\/61557098968092\/\" \/>\n<meta property=\"article:published_time\" content=\"2024-10-15T15:03:40+00:00\" \/>\n<meta property=\"article:modified_time\" content=\"2024-10-15T20:53:26+00:00\" \/>\n<meta property=\"og:image\" content=\"https:\/\/www.geopolitics.fr\/wp-content\/uploads\/2024\/10\/lecornu.jpg\" \/>\n\t<meta property=\"og:image:width\" content=\"1440\" \/>\n\t<meta property=\"og:image:height\" content=\"808\" \/>\n\t<meta property=\"og:image:type\" content=\"image\/jpeg\" \/>\n<meta name=\"author\" content=\"contact@geopolitics.fr\" \/>\n<meta name=\"twitter:card\" content=\"summary_large_image\" \/>\n<meta name=\"twitter:creator\" content=\"@Geopolitics_Fr\" \/>\n<meta name=\"twitter:site\" content=\"@Geopolitics_Fr\" \/>\n<meta name=\"twitter:label1\" content=\"Written by\" \/>\n\t<meta name=\"twitter:data1\" content=\"contact@geopolitics.fr\" \/>\n\t<meta name=\"twitter:label2\" content=\"Estimated reading time\" \/>\n\t<meta name=\"twitter:data2\" content=\"4 minutes\" \/>\n<script type=\"application\/ld+json\" class=\"yoast-schema-graph\">{\"@context\":\"https:\\\/\\\/schema.org\",\"@graph\":[{\"@type\":\"Article\",\"@id\":\"https:\\\/\\\/www.geopolitics.fr\\\/2024\\\/10\\\/15\\\/sebastien-lecornu-est-il-lhomme-de-la-situation\\\/#article\",\"isPartOf\":{\"@id\":\"https:\\\/\\\/www.geopolitics.fr\\\/2024\\\/10\\\/15\\\/sebastien-lecornu-est-il-lhomme-de-la-situation\\\/\"},\"author\":{\"name\":\"contact@geopolitics.fr\",\"@id\":\"https:\\\/\\\/www.geopolitics.fr\\\/#\\\/schema\\\/person\\\/69dde260ad11805e2aa68f0d9e9128da\"},\"headline\":\"S\u00e9bastien Lecornu est-il bien l&rsquo;homme de la situation ?\",\"datePublished\":\"2024-10-15T15:03:40+00:00\",\"dateModified\":\"2024-10-15T20:53:26+00:00\",\"mainEntityOfPage\":{\"@id\":\"https:\\\/\\\/www.geopolitics.fr\\\/2024\\\/10\\\/15\\\/sebastien-lecornu-est-il-lhomme-de-la-situation\\\/\"},\"wordCount\":748,\"commentCount\":0,\"publisher\":{\"@id\":\"https:\\\/\\\/www.geopolitics.fr\\\/#organization\"},\"image\":{\"@id\":\"https:\\\/\\\/www.geopolitics.fr\\\/2024\\\/10\\\/15\\\/sebastien-lecornu-est-il-lhomme-de-la-situation\\\/#primaryimage\"},\"thumbnailUrl\":\"https:\\\/\\\/www.geopolitics.fr\\\/wp-content\\\/uploads\\\/2024\\\/10\\\/lecornu.jpg\",\"keywords\":[\"lecornu\",\"souverainet\u00e9\"],\"articleSection\":[\"D\u00e9fense\",\"Mis en AVANT\"],\"inLanguage\":\"en-GB\"},{\"@type\":\"WebPage\",\"@id\":\"https:\\\/\\\/www.geopolitics.fr\\\/2024\\\/10\\\/15\\\/sebastien-lecornu-est-il-lhomme-de-la-situation\\\/\",\"url\":\"https:\\\/\\\/www.geopolitics.fr\\\/2024\\\/10\\\/15\\\/sebastien-lecornu-est-il-lhomme-de-la-situation\\\/\",\"name\":\"S\u00e9bastien Lecornu est-il bien l'homme de la situation ? | Geopolitics.fr\",\"isPartOf\":{\"@id\":\"https:\\\/\\\/www.geopolitics.fr\\\/#website\"},\"primaryImageOfPage\":{\"@id\":\"https:\\\/\\\/www.geopolitics.fr\\\/2024\\\/10\\\/15\\\/sebastien-lecornu-est-il-lhomme-de-la-situation\\\/#primaryimage\"},\"image\":{\"@id\":\"https:\\\/\\\/www.geopolitics.fr\\\/2024\\\/10\\\/15\\\/sebastien-lecornu-est-il-lhomme-de-la-situation\\\/#primaryimage\"},\"thumbnailUrl\":\"https:\\\/\\\/www.geopolitics.fr\\\/wp-content\\\/uploads\\\/2024\\\/10\\\/lecornu.jpg\",\"datePublished\":\"2024-10-15T15:03:40+00:00\",\"dateModified\":\"2024-10-15T20:53:26+00:00\",\"description\":\"S\u00e9bastien Lecornu en difficult\u00e9s pour justifier le choix de Hewlett Packard plut\u00f4t que Bull pour l'IA des arm\u00e9es fran\u00e7aises\",\"breadcrumb\":{\"@id\":\"https:\\\/\\\/www.geopolitics.fr\\\/2024\\\/10\\\/15\\\/sebastien-lecornu-est-il-lhomme-de-la-situation\\\/#breadcrumb\"},\"inLanguage\":\"en-GB\",\"potentialAction\":[{\"@type\":\"ReadAction\",\"target\":[\"https:\\\/\\\/www.geopolitics.fr\\\/2024\\\/10\\\/15\\\/sebastien-lecornu-est-il-lhomme-de-la-situation\\\/\"]}]},{\"@type\":\"ImageObject\",\"inLanguage\":\"en-GB\",\"@id\":\"https:\\\/\\\/www.geopolitics.fr\\\/2024\\\/10\\\/15\\\/sebastien-lecornu-est-il-lhomme-de-la-situation\\\/#primaryimage\",\"url\":\"https:\\\/\\\/www.geopolitics.fr\\\/wp-content\\\/uploads\\\/2024\\\/10\\\/lecornu.jpg\",\"contentUrl\":\"https:\\\/\\\/www.geopolitics.fr\\\/wp-content\\\/uploads\\\/2024\\\/10\\\/lecornu.jpg\",\"width\":1440,\"height\":808,\"caption\":\"Droits AFP\"},{\"@type\":\"BreadcrumbList\",\"@id\":\"https:\\\/\\\/www.geopolitics.fr\\\/2024\\\/10\\\/15\\\/sebastien-lecornu-est-il-lhomme-de-la-situation\\\/#breadcrumb\",\"itemListElement\":[{\"@type\":\"ListItem\",\"position\":1,\"name\":\"Accueil\",\"item\":\"https:\\\/\\\/www.geopolitics.fr\\\/\"},{\"@type\":\"ListItem\",\"position\":2,\"name\":\"S\u00e9bastien Lecornu est-il bien l&#8217;homme de la situation ?\"}]},{\"@type\":\"WebSite\",\"@id\":\"https:\\\/\\\/www.geopolitics.fr\\\/#website\",\"url\":\"https:\\\/\\\/www.geopolitics.fr\\\/\",\"name\":\"Geopolitics.fr\",\"description\":\"Geopolitics.fr Analyse politique, relations internationales, d\u00e9fense - ligne \u00e9ditoriale gaullo-chiraquienne\",\"publisher\":{\"@id\":\"https:\\\/\\\/www.geopolitics.fr\\\/#organization\"},\"potentialAction\":[{\"@type\":\"SearchAction\",\"target\":{\"@type\":\"EntryPoint\",\"urlTemplate\":\"https:\\\/\\\/www.geopolitics.fr\\\/?s={search_term_string}\"},\"query-input\":{\"@type\":\"PropertyValueSpecification\",\"valueRequired\":true,\"valueName\":\"search_term_string\"}}],\"inLanguage\":\"en-GB\"},{\"@type\":\"Organization\",\"@id\":\"https:\\\/\\\/www.geopolitics.fr\\\/#organization\",\"name\":\"Geopolitics.fr\",\"url\":\"https:\\\/\\\/www.geopolitics.fr\\\/\",\"logo\":{\"@type\":\"ImageObject\",\"inLanguage\":\"en-GB\",\"@id\":\"https:\\\/\\\/www.geopolitics.fr\\\/#\\\/schema\\\/logo\\\/image\\\/\",\"url\":\"https:\\\/\\\/www.geopolitics.fr\\\/wp-content\\\/uploads\\\/2024\\\/01\\\/logo.jpg\",\"contentUrl\":\"https:\\\/\\\/www.geopolitics.fr\\\/wp-content\\\/uploads\\\/2024\\\/01\\\/logo.jpg\",\"width\":500,\"height\":500,\"caption\":\"Geopolitics.fr\"},\"image\":{\"@id\":\"https:\\\/\\\/www.geopolitics.fr\\\/#\\\/schema\\\/logo\\\/image\\\/\"},\"sameAs\":[\"https:\\\/\\\/www.facebook.com\\\/people\\\/Erwan-Davoux\\\/61557098968092\\\/\",\"https:\\\/\\\/x.com\\\/Geopolitics_Fr\"]},{\"@type\":\"Person\",\"@id\":\"https:\\\/\\\/www.geopolitics.fr\\\/#\\\/schema\\\/person\\\/69dde260ad11805e2aa68f0d9e9128da\",\"name\":\"contact@geopolitics.fr\",\"image\":{\"@type\":\"ImageObject\",\"inLanguage\":\"en-GB\",\"@id\":\"https:\\\/\\\/www.geopolitics.fr\\\/wp-content\\\/uploads\\\/2024\\\/01\\\/edito-bonne-banniere-96x96.jpg\",\"url\":\"https:\\\/\\\/www.geopolitics.fr\\\/wp-content\\\/uploads\\\/2024\\\/01\\\/edito-bonne-banniere-96x96.jpg\",\"contentUrl\":\"https:\\\/\\\/www.geopolitics.fr\\\/wp-content\\\/uploads\\\/2024\\\/01\\\/edito-bonne-banniere-96x96.jpg\",\"caption\":\"contact@geopolitics.fr\"},\"url\":\"https:\\\/\\\/www.geopolitics.fr\\\/en\\\/author\\\/contactgeopolitics-fr\\\/\"}]}<\/script>\n<!-- \/ Yoast SEO Premium plugin. -->","yoast_head_json":{"title":"S\u00e9bastien Lecornu est-il bien l'homme de la situation ? | Geopolitics.fr","description":"S\u00e9bastien Lecornu en difficult\u00e9s pour justifier le choix de Hewlett Packard plut\u00f4t que Bull pour l'IA des arm\u00e9es fran\u00e7aises","robots":{"index":"index","follow":"follow","max-snippet":"max-snippet:-1","max-image-preview":"max-image-preview:large","max-video-preview":"max-video-preview:-1"},"canonical":"https:\/\/www.geopolitics.fr\/en\/2024\/10\/15\/sebastien-lecornu-est-il-lhomme-de-la-situation\/","og_locale":"en_GB","og_type":"article","og_title":"S\u00e9bastien Lecornu est-il bien l'homme de la situation ?","og_description":"S\u00e9bastien Lecornu en difficult\u00e9s pour justifier le choix de Hewlett Packard plut\u00f4t que Bull pour l'IA des arm\u00e9es fran\u00e7aises","og_url":"https:\/\/www.geopolitics.fr\/en\/2024\/10\/15\/sebastien-lecornu-est-il-lhomme-de-la-situation\/","og_site_name":"Geopolitics.fr","article_publisher":"https:\/\/www.facebook.com\/people\/Erwan-Davoux\/61557098968092\/","article_published_time":"2024-10-15T15:03:40+00:00","article_modified_time":"2024-10-15T20:53:26+00:00","og_image":[{"width":1440,"height":808,"url":"https:\/\/www.geopolitics.fr\/wp-content\/uploads\/2024\/10\/lecornu.jpg","type":"image\/jpeg"}],"author":"contact@geopolitics.fr","twitter_card":"summary_large_image","twitter_creator":"@Geopolitics_Fr","twitter_site":"@Geopolitics_Fr","twitter_misc":{"Written by":"contact@geopolitics.fr","Estimated reading time":"4 minutes"},"schema":{"@context":"https:\/\/schema.org","@graph":[{"@type":"Article","@id":"https:\/\/www.geopolitics.fr\/2024\/10\/15\/sebastien-lecornu-est-il-lhomme-de-la-situation\/#article","isPartOf":{"@id":"https:\/\/www.geopolitics.fr\/2024\/10\/15\/sebastien-lecornu-est-il-lhomme-de-la-situation\/"},"author":{"name":"contact@geopolitics.fr","@id":"https:\/\/www.geopolitics.fr\/#\/schema\/person\/69dde260ad11805e2aa68f0d9e9128da"},"headline":"S\u00e9bastien Lecornu est-il bien l&rsquo;homme de la situation ?","datePublished":"2024-10-15T15:03:40+00:00","dateModified":"2024-10-15T20:53:26+00:00","mainEntityOfPage":{"@id":"https:\/\/www.geopolitics.fr\/2024\/10\/15\/sebastien-lecornu-est-il-lhomme-de-la-situation\/"},"wordCount":748,"commentCount":0,"publisher":{"@id":"https:\/\/www.geopolitics.fr\/#organization"},"image":{"@id":"https:\/\/www.geopolitics.fr\/2024\/10\/15\/sebastien-lecornu-est-il-lhomme-de-la-situation\/#primaryimage"},"thumbnailUrl":"https:\/\/www.geopolitics.fr\/wp-content\/uploads\/2024\/10\/lecornu.jpg","keywords":["lecornu","souverainet\u00e9"],"articleSection":["D\u00e9fense","Mis en AVANT"],"inLanguage":"en-GB"},{"@type":"WebPage","@id":"https:\/\/www.geopolitics.fr\/2024\/10\/15\/sebastien-lecornu-est-il-lhomme-de-la-situation\/","url":"https:\/\/www.geopolitics.fr\/2024\/10\/15\/sebastien-lecornu-est-il-lhomme-de-la-situation\/","name":"S\u00e9bastien Lecornu est-il bien l'homme de la situation ? | Geopolitics.fr","isPartOf":{"@id":"https:\/\/www.geopolitics.fr\/#website"},"primaryImageOfPage":{"@id":"https:\/\/www.geopolitics.fr\/2024\/10\/15\/sebastien-lecornu-est-il-lhomme-de-la-situation\/#primaryimage"},"image":{"@id":"https:\/\/www.geopolitics.fr\/2024\/10\/15\/sebastien-lecornu-est-il-lhomme-de-la-situation\/#primaryimage"},"thumbnailUrl":"https:\/\/www.geopolitics.fr\/wp-content\/uploads\/2024\/10\/lecornu.jpg","datePublished":"2024-10-15T15:03:40+00:00","dateModified":"2024-10-15T20:53:26+00:00","description":"S\u00e9bastien Lecornu en difficult\u00e9s pour justifier le choix de Hewlett Packard plut\u00f4t que Bull pour l'IA des arm\u00e9es fran\u00e7aises","breadcrumb":{"@id":"https:\/\/www.geopolitics.fr\/2024\/10\/15\/sebastien-lecornu-est-il-lhomme-de-la-situation\/#breadcrumb"},"inLanguage":"en-GB","potentialAction":[{"@type":"ReadAction","target":["https:\/\/www.geopolitics.fr\/2024\/10\/15\/sebastien-lecornu-est-il-lhomme-de-la-situation\/"]}]},{"@type":"ImageObject","inLanguage":"en-GB","@id":"https:\/\/www.geopolitics.fr\/2024\/10\/15\/sebastien-lecornu-est-il-lhomme-de-la-situation\/#primaryimage","url":"https:\/\/www.geopolitics.fr\/wp-content\/uploads\/2024\/10\/lecornu.jpg","contentUrl":"https:\/\/www.geopolitics.fr\/wp-content\/uploads\/2024\/10\/lecornu.jpg","width":1440,"height":808,"caption":"Droits AFP"},{"@type":"BreadcrumbList","@id":"https:\/\/www.geopolitics.fr\/2024\/10\/15\/sebastien-lecornu-est-il-lhomme-de-la-situation\/#breadcrumb","itemListElement":[{"@type":"ListItem","position":1,"name":"Accueil","item":"https:\/\/www.geopolitics.fr\/"},{"@type":"ListItem","position":2,"name":"S\u00e9bastien Lecornu est-il bien l&#8217;homme de la situation ?"}]},{"@type":"WebSite","@id":"https:\/\/www.geopolitics.fr\/#website","url":"https:\/\/www.geopolitics.fr\/","name":"Geopolitics.fr","description":"Geopolitics.fr Analyse politique, relations internationales, d\u00e9fense - ligne \u00e9ditoriale gaullo-chiraquienne","publisher":{"@id":"https:\/\/www.geopolitics.fr\/#organization"},"potentialAction":[{"@type":"SearchAction","target":{"@type":"EntryPoint","urlTemplate":"https:\/\/www.geopolitics.fr\/?s={search_term_string}"},"query-input":{"@type":"PropertyValueSpecification","valueRequired":true,"valueName":"search_term_string"}}],"inLanguage":"en-GB"},{"@type":"Organization","@id":"https:\/\/www.geopolitics.fr\/#organization","name":"Geopolitics.fr","url":"https:\/\/www.geopolitics.fr\/","logo":{"@type":"ImageObject","inLanguage":"en-GB","@id":"https:\/\/www.geopolitics.fr\/#\/schema\/logo\/image\/","url":"https:\/\/www.geopolitics.fr\/wp-content\/uploads\/2024\/01\/logo.jpg","contentUrl":"https:\/\/www.geopolitics.fr\/wp-content\/uploads\/2024\/01\/logo.jpg","width":500,"height":500,"caption":"Geopolitics.fr"},"image":{"@id":"https:\/\/www.geopolitics.fr\/#\/schema\/logo\/image\/"},"sameAs":["https:\/\/www.facebook.com\/people\/Erwan-Davoux\/61557098968092\/","https:\/\/x.com\/Geopolitics_Fr"]},{"@type":"Person","@id":"https:\/\/www.geopolitics.fr\/#\/schema\/person\/69dde260ad11805e2aa68f0d9e9128da","name":"contact@geopolitics.fr","image":{"@type":"ImageObject","inLanguage":"en-GB","@id":"https:\/\/www.geopolitics.fr\/wp-content\/uploads\/2024\/01\/edito-bonne-banniere-96x96.jpg","url":"https:\/\/www.geopolitics.fr\/wp-content\/uploads\/2024\/01\/edito-bonne-banniere-96x96.jpg","contentUrl":"https:\/\/www.geopolitics.fr\/wp-content\/uploads\/2024\/01\/edito-bonne-banniere-96x96.jpg","caption":"contact@geopolitics.fr"},"url":"https:\/\/www.geopolitics.fr\/en\/author\/contactgeopolitics-fr\/"}]}},"_links":{"self":[{"href":"https:\/\/www.geopolitics.fr\/en\/wp-json\/wp\/v2\/posts\/3003","targetHints":{"allow":["GET"]}}],"collection":[{"href":"https:\/\/www.geopolitics.fr\/en\/wp-json\/wp\/v2\/posts"}],"about":[{"href":"https:\/\/www.geopolitics.fr\/en\/wp-json\/wp\/v2\/types\/post"}],"author":[{"embeddable":true,"href":"https:\/\/www.geopolitics.fr\/en\/wp-json\/wp\/v2\/users\/9"}],"replies":[{"embeddable":true,"href":"https:\/\/www.geopolitics.fr\/en\/wp-json\/wp\/v2\/comments?post=3003"}],"version-history":[{"count":0,"href":"https:\/\/www.geopolitics.fr\/en\/wp-json\/wp\/v2\/posts\/3003\/revisions"}],"wp:featuredmedia":[{"embeddable":true,"href":"https:\/\/www.geopolitics.fr\/en\/wp-json\/wp\/v2\/media\/3005"}],"wp:attachment":[{"href":"https:\/\/www.geopolitics.fr\/en\/wp-json\/wp\/v2\/media?parent=3003"}],"wp:term":[{"taxonomy":"category","embeddable":true,"href":"https:\/\/www.geopolitics.fr\/en\/wp-json\/wp\/v2\/categories?post=3003"},{"taxonomy":"post_tag","embeddable":true,"href":"https:\/\/www.geopolitics.fr\/en\/wp-json\/wp\/v2\/tags?post=3003"}],"curies":[{"name":"wp","href":"https:\/\/api.w.org\/{rel}","templated":true}]}}