{"id":2992,"date":"2024-09-26T08:33:53","date_gmt":"2024-09-26T06:33:53","guid":{"rendered":"https:\/\/www.geopolitics.fr\/?p=2992"},"modified":"2024-09-26T08:33:56","modified_gmt":"2024-09-26T06:33:56","slug":"dans-marianne-net-quattendre-du-gouvernement-barnier-a-linternational","status":"publish","type":"post","link":"https:\/\/www.geopolitics.fr\/en\/2024\/09\/26\/dans-marianne-net-quattendre-du-gouvernement-barnier-a-linternational\/","title":{"rendered":"Dans \u00ab\u00a0Marianne.net\u00a0\u00bb, Qu&rsquo;attendre du gouvernement Barnier \u00e0 l&rsquo;international ?"},"content":{"rendered":"<p class=\"has-medium-font-size wp-block-paragraph\"><strong>Le r\u00f4le du Premier ministre n\u2019est pas pr\u00e9\u00e9minent en mati\u00e8re de politique \u00e9trang\u00e8re. <\/strong>Il l\u2019est encore moins quand il ne dispose pas de majorit\u00e9 \u00e0 l\u2019Assembl\u00e9e nationale.<\/p>\n\n\n\n<p class=\"has-medium-font-size wp-block-paragraph\"><strong>C\u2019est bien Emmanuel Macron qui continuera \u00e0 fixer les orientations en la mati\u00e8re, d\u2019autant que ses positions ne sont pas franchement diff\u00e9rentes de celles de Michel Barnier. <\/strong>S\u2019il existe, au moins, un domaine o\u00f9 la continuit\u00e9 pr\u00e9vaudra sur le changement, c\u2019est celui de la diplomatie. Malheureusement\u2026.<\/p>\n\n\n\n<p class=\"has-medium-font-size wp-block-paragraph\">C\u2019est tr\u00e8s probablement avec une certaine incr\u00e9dulit\u00e9 que les diplomates ont accueilli la nomination du nouveau ministre des Affaires \u00e9trang\u00e8res et de celui d\u00e9l\u00e9gu\u00e9 aux affaires europ\u00e9ennes. <strong>Alors que des \u00ab\u00a0poids lourds\u00a0\u00bb ou des diplomates chevronn\u00e9s \u00e9taient pressentis, les pronostics ont \u00e9t\u00e9 d\u00e9jou\u00e9s. Ce sont des novices qui sont d\u00e9sormais \u00e0 la t\u00eate d\u2019une diplomatie fran\u00e7aise tr\u00e8s mal en point.<\/strong><\/p>\n\n\n\n<p class=\"has-medium-font-size wp-block-paragraph\"><strong>Jean-Noel Barrot comme Benjamin Haddad sont peu exp\u00e9riment\u00e9s mais sont des proches du Pr\u00e9sident de la R\u00e9publique<\/strong>, signe que ce dernier et sa cellule diplomatique conserveront la haute-main sur la politique \u00e9trang\u00e8re et que le Quai d\u2019Orsay continuera \u00e0 se cantonner \u00e0 un r\u00f4le de repr\u00e9sentation et de communication.<\/p>\n\n\n\n<p class=\"has-medium-font-size wp-block-paragraph\">En effet, si Jean-No\u00ebl Barrot dispose d\u2019un parcours universitaire assez remarquable et d\u2019un parcours politique rapide et impressionnant, il n\u2019\u00e9tait pas attendu sur l\u2019international.<\/p>\n\n\n\n<p class=\"has-medium-font-size wp-block-paragraph\">Quant \u00e0 Benjamin Haddad, transfuge l\u2019UMP, il est venu \u00e0 la macronie lors de son passage \u00e0 l\u2019<strong>Atlantic Council<\/strong> et une interview qu\u2019il r\u00e9alisa, alors, d\u2019Emmanuel Macron. Ce passage dans un think tank am\u00e9ricain\u00a0qui est aussi un groupe de pression peut poser question. Engag\u00e9 dans la promotion de la relation transatlantique, il est pilot\u00e9 par de hauts dirigeants ou ex hauts dirigeants de la diplomatie am\u00e9ricaine (Chuck Hagel, Susan Rice, Richard Holbrooke\u2026).<\/p>\n\n\n\n<p class=\"has-medium-font-size wp-block-paragraph\"><strong>Les deux ministres sont tr\u00e8s engag\u00e9s en faveur de l\u2019Ukraine qui constitue l\u2019essentiel de leurs prises de positions publiques \u00e0 l\u2019international. Benjamin Haddad, lui, s\u2019est fortement fait remarquer par le soutien apport\u00e9 au gouvernement Netanyahou, <\/strong>justifiant les violations du droit international par \u00ab\u00a0la n\u00e9cessit\u00e9 pour Isra\u00ebl de se d\u00e9fendre\u00a0\u00bb.<\/p>\n\n\n\n<p class=\"has-medium-font-size wp-block-paragraph\">Interrog\u00e9 sur la question sur TF1, dimanche 22 septembre, Michel Barnier a sembl\u00e9 plac\u00e9 le curseur plut\u00f4t du c\u00f4t\u00e9 isra\u00e9lien, tout en rappelant en politique exp\u00e9riment\u00e9, la n\u00e9cessit\u00e9 qu\u2019un Etat palestinien voit le jour.<\/p>\n\n\n\n<p class=\"has-medium-font-size wp-block-paragraph\">Dans le contexte actuel et apr\u00e8s le vote massif de la Knesset contre la cr\u00e9ation d\u2019un Etat palestinien en juillet dernier, chacun sait bien qu\u2019il s\u2019agit d\u2019un v\u0153u pieux et que sans pression colossale sur le gouvernement Netanyahou, rien ne se passera. L\u2019embrasement du Proche-Orient est en cours. <strong>La diplomatie fran\u00e7aise s\u2019\u00e9tait donn\u00e9 pour objectif prioritaire d\u2019\u00e9viter une escalade au Liban. Elle n\u2019y est pas parvenue. Les nombreuses tourn\u00e9es de St\u00e9phane S\u00e9journ\u00e9 n\u2019ont abouti \u00e0 aucun r\u00e9sultat probant. <\/strong>La France n\u2019entend pas, pour l\u2019instant, d\u00e9placer les lignes sur un conflit dans lequel, d\u2019ailleurs, aucun des protagonistes n\u2019attend plus quoi que ce soit d\u2019elle.<\/p>\n\n\n\n<p class=\"has-medium-font-size wp-block-paragraph\">Dans l\u2019opposition entre gaullistes et atlantistes qui anima un temps les diplomates, celui qui fut Ministre des Affaires \u00e9trang\u00e8res de Jacques Chirac <strong>ne renouera probablement pas avec la tradition gaullienne d\u2019ind\u00e9pendance, d\u2019une France \u00e0 la t\u00eate de grandes coalitions internationales portant des causes justes, de facilitateur de dialogue entre le Nord et le Sud<\/strong>. Le contexte politique ne le permet pas et les convictions personnelles de Michel Barnier sont assez \u00e9loign\u00e9es de celles de Dominique de Villepin.<\/p>\n\n\n\n<p class=\"has-medium-font-size wp-block-paragraph\">L\u2019heure est \u00e0 l\u2019atlantisme et \u00e0 une Europe docile vis-vis des Etats-Unis. Il est probable que nous assisterons \u00e0 une \u00e9ni\u00e8me tentative de r\u00e9animation du couple franco-allemand. Elle sera probablement vaine tant nous ne regardons plus dans la m\u00eame direction.<\/p>\n\n\n\n<p class=\"has-medium-font-size wp-block-paragraph\"><strong>N\u00e9anmoins, il est certain que l\u2019on peut s\u2019attendre \u00e0 davantage de professionnalisme de la part de Michel Barnier et de Jean-No\u00ebl Barrot dans l\u2019expression et la mise en forme d\u2019une ligne diplomatique d\u00e9finie \u00e0 l\u2019Elys\u00e9e que ce ne fut le cas avec leurs pr\u00e9d\u00e9cesseurs. <\/strong>Le Premier ministre est un homme d\u2019exp\u00e9rience rompu aux n\u00e9gociations \u00e0 l\u2019international contrairement \u00e0 son pr\u00e9d\u00e9cesseur. Jean-No\u00ebl Barrot n\u2019est pas un apparatchik de parti politique.<strong> A d\u00e9faut de changement de cap, la forme sera plus respectueuse de ce que l\u2019on est en droit d\u2019attendre de la diplomatie fran\u00e7aise\u00a0: moins partisane et plus \u00e0 la hauteur.<\/strong><\/p>\n\n\n\n<p class=\"has-medium-font-size wp-block-paragraph\">Le nouveau directeur de Cabinet du MEAE, Aur\u00e9lien Lechevallier est un macroniste de la premi\u00e8re heure, mais surtout un diplomate ayant fait ses preuves et disposant des \u00e9tats de service (plusieurs postes \u00e0 l\u2019\u00e9tranger, direction de la tr\u00e8s puissance direction g\u00e9n\u00e9rale de la mondialisation, de la culture, de l&rsquo;enseignement et du d\u00e9veloppement international), requis pour le poste. Un profil consensuel et exp\u00e9riment\u00e9 qui tranche avec celui de son pr\u00e9d\u00e9cesseur.<\/p>\n\n\n\n<p class=\"has-medium-font-size wp-block-paragraph\">Des changements \u00e0 la cellule diplomatique de l\u2019Elys\u00e9e seraient \u00e9galement bienvenus tant le bilan diplomatique est maigre. En effet, l<strong>e d\u00e9faussement sur la DGSE pour expliquer les fiascos diplomatiques ne convainc pas grand monde<\/strong>, qu\u2019il s\u2019agisse de la calamiteuse politique africaine, de l\u2019abandon du dossier isra\u00e9lo-palestinien avant le 7 octobre ou de l\u2019\u00e9chec \u00e0 aider le Liban \u00e0 enclencher une dynamique positive ou \u00e0 le pr\u00e9server de l\u2019escalade au Proche-Orient.<\/p>\n\n\n\n<p class=\"has-medium-font-size wp-block-paragraph\">Le grand mouvement d\u2019ambassadeurs \u00e0 venir (Nations-Unies, Moscou, Tokyo\u2026) pourrait voir une redistribution importante de fonctions essentielles dans laquelle Michel Barnier aura un mot \u00e0 dire.<\/p>\n\n\n\n<p class=\"has-medium-font-size wp-block-paragraph\"><strong>Ce n\u2019est qu\u2019apr\u00e8s l\u2019\u00e9lection pr\u00e9sidentielle, s\u2019il existe une r\u00e9elle volont\u00e9 politique, que la France pourrait renouer avec une politique \u00e9trang\u00e8re\u00a0de grandeur\u00a0et d\u2019ind\u00e9pendance nationale. <\/strong>Il ne s\u2019agit pas par-l\u00e0 de laisser croire que la France d\u00e9cidera de tout partout. Mais qu\u2019elle fixera un cap et prendra des positions en fonction de ses int\u00e9r\u00eats propres sans ing\u00e9rences \u00e9trang\u00e8res outrageuses. Une politique \u00e9trang\u00e8re conforme \u00e0 ses valeurs r\u00e9publicaines et \u00e0 sa riche histoire.<strong> Le Quai d\u2019Orsay devra \u00eatre replac\u00e9 au centre du dispositif diplomatique avec des femmes et des hommes soucieux de restaurer le prestige perdu de la diplomatie fran\u00e7ais plut\u00f4t que de se contenter de croire en la sup\u00e9riorit\u00e9 du mod\u00e8le des d\u00e9mocraties occidentales, \u00e0 bout de souffle et largement discr\u00e9dit\u00e9 par tous les renoncements \u00e0 Gaza.<\/strong><\/p>\n\n\n\n<p class=\"wp-block-paragraph\"><\/p>","protected":false},"excerpt":{"rendered":"<p>Le r\u00f4le du Premier ministre n\u2019est pas pr\u00e9\u00e9minent en mati\u00e8re de politique \u00e9trang\u00e8re. Il l\u2019est encore moins quand il ne dispose pas&hellip;<\/p>","protected":false},"author":16,"featured_media":2993,"comment_status":"open","ping_status":"open","sticky":false,"template":"","format":"standard","meta":{"_lmt_disableupdate":"","_lmt_disable":"","footnotes":""},"categories":[41,5,4,3],"tags":[326,57,61],"class_list":["post-2992","post","type-post","status-publish","format-standard","has-post-thumbnail","hentry","category-actualite","category-international","category-mis-en-avant","category-politique","tag-barnier","tag-diplomatie","tag-macron"],"yoast_head":"<!-- This site is optimized with the Yoast SEO Premium plugin v28.1 (Yoast SEO v28.1) - https:\/\/yoast.com\/product\/yoast-seo-premium-wordpress\/ -->\n<title>Dans &quot;Marianne.net&quot;, Qu&#039;attendre du gouvernement Barnier \u00e0 l&#039;international ? | Geopolitics.fr<\/title>\n<meta name=\"description\" content=\"Le gouvernement Barnier \u00e0 l&#039;international : une ligne toujours atlantisme mais plus de professionnal;isme ?\" \/>\n<meta name=\"robots\" content=\"index, follow, max-snippet:-1, max-image-preview:large, max-video-preview:-1\" \/>\n<link rel=\"canonical\" href=\"https:\/\/www.geopolitics.fr\/en\/2024\/09\/26\/dans-marianne-net-quattendre-du-gouvernement-barnier-a-linternational\/\" \/>\n<meta property=\"og:locale\" content=\"en_GB\" \/>\n<meta property=\"og:type\" content=\"article\" \/>\n<meta property=\"og:title\" content=\"Dans &quot;Marianne.net&quot;, Qu&#039;attendre du gouvernement Barnier \u00e0 l&#039;international ?\" \/>\n<meta property=\"og:description\" content=\"Le gouvernement Barnier \u00e0 l&#039;international : une ligne toujours atlantisme mais plus de professionnal;isme ?\" \/>\n<meta property=\"og:url\" content=\"https:\/\/www.geopolitics.fr\/en\/2024\/09\/26\/dans-marianne-net-quattendre-du-gouvernement-barnier-a-linternational\/\" \/>\n<meta property=\"og:site_name\" content=\"Geopolitics.fr\" \/>\n<meta property=\"article:publisher\" content=\"https:\/\/www.facebook.com\/people\/Erwan-Davoux\/61557098968092\/\" \/>\n<meta property=\"article:author\" content=\"Erwan Davoux\" \/>\n<meta property=\"article:published_time\" content=\"2024-09-26T06:33:53+00:00\" \/>\n<meta property=\"article:modified_time\" content=\"2024-09-26T06:33:56+00:00\" \/>\n<meta property=\"og:image\" content=\"https:\/\/www.geopolitics.fr\/wp-content\/uploads\/2024\/09\/photo-barrot-bonne.jpg\" \/>\n\t<meta property=\"og:image:width\" content=\"1138\" \/>\n\t<meta property=\"og:image:height\" content=\"672\" \/>\n\t<meta property=\"og:image:type\" content=\"image\/jpeg\" \/>\n<meta name=\"author\" content=\"Erwan Davoux\" \/>\n<meta name=\"twitter:card\" content=\"summary_large_image\" \/>\n<meta name=\"twitter:creator\" content=\"@erwandavoux @Geo_politicsfr\" \/>\n<meta name=\"twitter:site\" content=\"@Geopolitics_Fr\" \/>\n<meta name=\"twitter:label1\" content=\"Written by\" \/>\n\t<meta name=\"twitter:data1\" content=\"Erwan Davoux\" \/>\n\t<meta name=\"twitter:label2\" content=\"Estimated reading time\" \/>\n\t<meta name=\"twitter:data2\" content=\"6 minutes\" \/>\n<script type=\"application\/ld+json\" class=\"yoast-schema-graph\">{\"@context\":\"https:\\\/\\\/schema.org\",\"@graph\":[{\"@type\":\"Article\",\"@id\":\"https:\\\/\\\/www.geopolitics.fr\\\/2024\\\/09\\\/26\\\/dans-marianne-net-quattendre-du-gouvernement-barnier-a-linternational\\\/#article\",\"isPartOf\":{\"@id\":\"https:\\\/\\\/www.geopolitics.fr\\\/2024\\\/09\\\/26\\\/dans-marianne-net-quattendre-du-gouvernement-barnier-a-linternational\\\/\"},\"author\":{\"name\":\"Erwan Davoux\",\"@id\":\"https:\\\/\\\/www.geopolitics.fr\\\/#\\\/schema\\\/person\\\/a487273e91313e368925717400fa1b11\"},\"headline\":\"Dans \u00ab\u00a0Marianne.net\u00a0\u00bb, Qu&rsquo;attendre du gouvernement Barnier \u00e0 l&rsquo;international ?\",\"datePublished\":\"2024-09-26T06:33:53+00:00\",\"dateModified\":\"2024-09-26T06:33:56+00:00\",\"mainEntityOfPage\":{\"@id\":\"https:\\\/\\\/www.geopolitics.fr\\\/2024\\\/09\\\/26\\\/dans-marianne-net-quattendre-du-gouvernement-barnier-a-linternational\\\/\"},\"wordCount\":1122,\"commentCount\":0,\"publisher\":{\"@id\":\"https:\\\/\\\/www.geopolitics.fr\\\/#organization\"},\"image\":{\"@id\":\"https:\\\/\\\/www.geopolitics.fr\\\/2024\\\/09\\\/26\\\/dans-marianne-net-quattendre-du-gouvernement-barnier-a-linternational\\\/#primaryimage\"},\"thumbnailUrl\":\"https:\\\/\\\/www.geopolitics.fr\\\/wp-content\\\/uploads\\\/2024\\\/09\\\/photo-barrot-bonne.jpg\",\"keywords\":[\"BARNIER\",\"diplomatie\",\"Macron\"],\"articleSection\":[\"Actualit\u00e9\",\"International\",\"Mis en AVANT\",\"Politique\"],\"inLanguage\":\"en-GB\"},{\"@type\":\"WebPage\",\"@id\":\"https:\\\/\\\/www.geopolitics.fr\\\/2024\\\/09\\\/26\\\/dans-marianne-net-quattendre-du-gouvernement-barnier-a-linternational\\\/\",\"url\":\"https:\\\/\\\/www.geopolitics.fr\\\/2024\\\/09\\\/26\\\/dans-marianne-net-quattendre-du-gouvernement-barnier-a-linternational\\\/\",\"name\":\"Dans \\\"Marianne.net\\\", Qu'attendre du gouvernement Barnier \u00e0 l'international ? | Geopolitics.fr\",\"isPartOf\":{\"@id\":\"https:\\\/\\\/www.geopolitics.fr\\\/#website\"},\"primaryImageOfPage\":{\"@id\":\"https:\\\/\\\/www.geopolitics.fr\\\/2024\\\/09\\\/26\\\/dans-marianne-net-quattendre-du-gouvernement-barnier-a-linternational\\\/#primaryimage\"},\"image\":{\"@id\":\"https:\\\/\\\/www.geopolitics.fr\\\/2024\\\/09\\\/26\\\/dans-marianne-net-quattendre-du-gouvernement-barnier-a-linternational\\\/#primaryimage\"},\"thumbnailUrl\":\"https:\\\/\\\/www.geopolitics.fr\\\/wp-content\\\/uploads\\\/2024\\\/09\\\/photo-barrot-bonne.jpg\",\"datePublished\":\"2024-09-26T06:33:53+00:00\",\"dateModified\":\"2024-09-26T06:33:56+00:00\",\"description\":\"Le gouvernement Barnier \u00e0 l'international : une ligne toujours atlantisme mais plus de professionnal;isme ?\",\"breadcrumb\":{\"@id\":\"https:\\\/\\\/www.geopolitics.fr\\\/2024\\\/09\\\/26\\\/dans-marianne-net-quattendre-du-gouvernement-barnier-a-linternational\\\/#breadcrumb\"},\"inLanguage\":\"en-GB\",\"potentialAction\":[{\"@type\":\"ReadAction\",\"target\":[\"https:\\\/\\\/www.geopolitics.fr\\\/2024\\\/09\\\/26\\\/dans-marianne-net-quattendre-du-gouvernement-barnier-a-linternational\\\/\"]}]},{\"@type\":\"ImageObject\",\"inLanguage\":\"en-GB\",\"@id\":\"https:\\\/\\\/www.geopolitics.fr\\\/2024\\\/09\\\/26\\\/dans-marianne-net-quattendre-du-gouvernement-barnier-a-linternational\\\/#primaryimage\",\"url\":\"https:\\\/\\\/www.geopolitics.fr\\\/wp-content\\\/uploads\\\/2024\\\/09\\\/photo-barrot-bonne.jpg\",\"contentUrl\":\"https:\\\/\\\/www.geopolitics.fr\\\/wp-content\\\/uploads\\\/2024\\\/09\\\/photo-barrot-bonne.jpg\",\"width\":1138,\"height\":672},{\"@type\":\"BreadcrumbList\",\"@id\":\"https:\\\/\\\/www.geopolitics.fr\\\/2024\\\/09\\\/26\\\/dans-marianne-net-quattendre-du-gouvernement-barnier-a-linternational\\\/#breadcrumb\",\"itemListElement\":[{\"@type\":\"ListItem\",\"position\":1,\"name\":\"Accueil\",\"item\":\"https:\\\/\\\/www.geopolitics.fr\\\/\"},{\"@type\":\"ListItem\",\"position\":2,\"name\":\"Dans &#8220;Marianne.net&#8221;, Qu&#8217;attendre du gouvernement Barnier \u00e0 l&#8217;international ?\"}]},{\"@type\":\"WebSite\",\"@id\":\"https:\\\/\\\/www.geopolitics.fr\\\/#website\",\"url\":\"https:\\\/\\\/www.geopolitics.fr\\\/\",\"name\":\"Geopolitics.fr\",\"description\":\"Geopolitics.fr Analyse politique, relations internationales, d\u00e9fense - ligne \u00e9ditoriale gaullo-chiraquienne\",\"publisher\":{\"@id\":\"https:\\\/\\\/www.geopolitics.fr\\\/#organization\"},\"potentialAction\":[{\"@type\":\"SearchAction\",\"target\":{\"@type\":\"EntryPoint\",\"urlTemplate\":\"https:\\\/\\\/www.geopolitics.fr\\\/?s={search_term_string}\"},\"query-input\":{\"@type\":\"PropertyValueSpecification\",\"valueRequired\":true,\"valueName\":\"search_term_string\"}}],\"inLanguage\":\"en-GB\"},{\"@type\":\"Organization\",\"@id\":\"https:\\\/\\\/www.geopolitics.fr\\\/#organization\",\"name\":\"Geopolitics.fr\",\"url\":\"https:\\\/\\\/www.geopolitics.fr\\\/\",\"logo\":{\"@type\":\"ImageObject\",\"inLanguage\":\"en-GB\",\"@id\":\"https:\\\/\\\/www.geopolitics.fr\\\/#\\\/schema\\\/logo\\\/image\\\/\",\"url\":\"https:\\\/\\\/www.geopolitics.fr\\\/wp-content\\\/uploads\\\/2024\\\/01\\\/logo.jpg\",\"contentUrl\":\"https:\\\/\\\/www.geopolitics.fr\\\/wp-content\\\/uploads\\\/2024\\\/01\\\/logo.jpg\",\"width\":500,\"height\":500,\"caption\":\"Geopolitics.fr\"},\"image\":{\"@id\":\"https:\\\/\\\/www.geopolitics.fr\\\/#\\\/schema\\\/logo\\\/image\\\/\"},\"sameAs\":[\"https:\\\/\\\/www.facebook.com\\\/people\\\/Erwan-Davoux\\\/61557098968092\\\/\",\"https:\\\/\\\/x.com\\\/Geopolitics_Fr\"]},{\"@type\":\"Person\",\"@id\":\"https:\\\/\\\/www.geopolitics.fr\\\/#\\\/schema\\\/person\\\/a487273e91313e368925717400fa1b11\",\"name\":\"Erwan Davoux\",\"image\":{\"@type\":\"ImageObject\",\"inLanguage\":\"en-GB\",\"@id\":\"https:\\\/\\\/www.geopolitics.fr\\\/wp-content\\\/uploads\\\/2026\\\/05\\\/moi-96x96.jpg\",\"url\":\"https:\\\/\\\/www.geopolitics.fr\\\/wp-content\\\/uploads\\\/2026\\\/05\\\/moi-96x96.jpg\",\"contentUrl\":\"https:\\\/\\\/www.geopolitics.fr\\\/wp-content\\\/uploads\\\/2026\\\/05\\\/moi-96x96.jpg\",\"caption\":\"Erwan Davoux\"},\"description\":\"Erwan DAVOUX est Pr\u00e9sident de LMD CONSEIL, (conseil strat\u00e9gique, intelligence \u00e9conomique, risque g\u00e9opolitique, influence politique, diplomatie \u00e9conomique). Dipl\u00f4m\u00e9 de l'IEP de Paris et de l'INALCO (d\u00e9partement d'\u00e9tudes arabes), il est directeur de la publication de geopolitics.fr. Ancien fonctionnaire au Minist\u00e8re de l'Int\u00e9rieur et de la D\u00e9fense (DGSE) Ancien charg\u00e9 de Mission \u00e0 la Pr\u00e9sidence de la R\u00e9publique (cellule diplomatique) Conseil de nombreuses personnalit\u00e9s politiques \u00e0 l'International (dont deux anciens Premiers ministres).\",\"sameAs\":[\"Erwan Davoux\",\"@erwandavoux\",\"https:\\\/\\\/www.linkedin.com\\\/in\\\/erwan-davoux-6800b289\\\/\",\"https:\\\/\\\/x.com\\\/@erwandavoux @Geo_politicsfr\"],\"url\":\"https:\\\/\\\/www.geopolitics.fr\\\/en\\\/author\\\/erwan-davoux\\\/\"}]}<\/script>\n<!-- \/ Yoast SEO Premium plugin. -->","yoast_head_json":{"title":"Dans \"Marianne.net\", Qu'attendre du gouvernement Barnier \u00e0 l'international ? | Geopolitics.fr","description":"Le gouvernement Barnier \u00e0 l'international : une ligne toujours atlantisme mais plus de professionnal;isme ?","robots":{"index":"index","follow":"follow","max-snippet":"max-snippet:-1","max-image-preview":"max-image-preview:large","max-video-preview":"max-video-preview:-1"},"canonical":"https:\/\/www.geopolitics.fr\/en\/2024\/09\/26\/dans-marianne-net-quattendre-du-gouvernement-barnier-a-linternational\/","og_locale":"en_GB","og_type":"article","og_title":"Dans \"Marianne.net\", Qu'attendre du gouvernement Barnier \u00e0 l'international ?","og_description":"Le gouvernement Barnier \u00e0 l'international : une ligne toujours atlantisme mais plus de professionnal;isme ?","og_url":"https:\/\/www.geopolitics.fr\/en\/2024\/09\/26\/dans-marianne-net-quattendre-du-gouvernement-barnier-a-linternational\/","og_site_name":"Geopolitics.fr","article_publisher":"https:\/\/www.facebook.com\/people\/Erwan-Davoux\/61557098968092\/","article_author":"Erwan Davoux","article_published_time":"2024-09-26T06:33:53+00:00","article_modified_time":"2024-09-26T06:33:56+00:00","og_image":[{"width":1138,"height":672,"url":"https:\/\/www.geopolitics.fr\/wp-content\/uploads\/2024\/09\/photo-barrot-bonne.jpg","type":"image\/jpeg"}],"author":"Erwan Davoux","twitter_card":"summary_large_image","twitter_creator":"@erwandavoux @Geo_politicsfr","twitter_site":"@Geopolitics_Fr","twitter_misc":{"Written by":"Erwan Davoux","Estimated reading time":"6 minutes"},"schema":{"@context":"https:\/\/schema.org","@graph":[{"@type":"Article","@id":"https:\/\/www.geopolitics.fr\/2024\/09\/26\/dans-marianne-net-quattendre-du-gouvernement-barnier-a-linternational\/#article","isPartOf":{"@id":"https:\/\/www.geopolitics.fr\/2024\/09\/26\/dans-marianne-net-quattendre-du-gouvernement-barnier-a-linternational\/"},"author":{"name":"Erwan Davoux","@id":"https:\/\/www.geopolitics.fr\/#\/schema\/person\/a487273e91313e368925717400fa1b11"},"headline":"Dans \u00ab\u00a0Marianne.net\u00a0\u00bb, Qu&rsquo;attendre du gouvernement Barnier \u00e0 l&rsquo;international ?","datePublished":"2024-09-26T06:33:53+00:00","dateModified":"2024-09-26T06:33:56+00:00","mainEntityOfPage":{"@id":"https:\/\/www.geopolitics.fr\/2024\/09\/26\/dans-marianne-net-quattendre-du-gouvernement-barnier-a-linternational\/"},"wordCount":1122,"commentCount":0,"publisher":{"@id":"https:\/\/www.geopolitics.fr\/#organization"},"image":{"@id":"https:\/\/www.geopolitics.fr\/2024\/09\/26\/dans-marianne-net-quattendre-du-gouvernement-barnier-a-linternational\/#primaryimage"},"thumbnailUrl":"https:\/\/www.geopolitics.fr\/wp-content\/uploads\/2024\/09\/photo-barrot-bonne.jpg","keywords":["BARNIER","diplomatie","Macron"],"articleSection":["Actualit\u00e9","International","Mis en AVANT","Politique"],"inLanguage":"en-GB"},{"@type":"WebPage","@id":"https:\/\/www.geopolitics.fr\/2024\/09\/26\/dans-marianne-net-quattendre-du-gouvernement-barnier-a-linternational\/","url":"https:\/\/www.geopolitics.fr\/2024\/09\/26\/dans-marianne-net-quattendre-du-gouvernement-barnier-a-linternational\/","name":"Dans \"Marianne.net\", Qu'attendre du gouvernement Barnier \u00e0 l'international ? | Geopolitics.fr","isPartOf":{"@id":"https:\/\/www.geopolitics.fr\/#website"},"primaryImageOfPage":{"@id":"https:\/\/www.geopolitics.fr\/2024\/09\/26\/dans-marianne-net-quattendre-du-gouvernement-barnier-a-linternational\/#primaryimage"},"image":{"@id":"https:\/\/www.geopolitics.fr\/2024\/09\/26\/dans-marianne-net-quattendre-du-gouvernement-barnier-a-linternational\/#primaryimage"},"thumbnailUrl":"https:\/\/www.geopolitics.fr\/wp-content\/uploads\/2024\/09\/photo-barrot-bonne.jpg","datePublished":"2024-09-26T06:33:53+00:00","dateModified":"2024-09-26T06:33:56+00:00","description":"Le gouvernement Barnier \u00e0 l'international : une ligne toujours atlantisme mais plus de professionnal;isme ?","breadcrumb":{"@id":"https:\/\/www.geopolitics.fr\/2024\/09\/26\/dans-marianne-net-quattendre-du-gouvernement-barnier-a-linternational\/#breadcrumb"},"inLanguage":"en-GB","potentialAction":[{"@type":"ReadAction","target":["https:\/\/www.geopolitics.fr\/2024\/09\/26\/dans-marianne-net-quattendre-du-gouvernement-barnier-a-linternational\/"]}]},{"@type":"ImageObject","inLanguage":"en-GB","@id":"https:\/\/www.geopolitics.fr\/2024\/09\/26\/dans-marianne-net-quattendre-du-gouvernement-barnier-a-linternational\/#primaryimage","url":"https:\/\/www.geopolitics.fr\/wp-content\/uploads\/2024\/09\/photo-barrot-bonne.jpg","contentUrl":"https:\/\/www.geopolitics.fr\/wp-content\/uploads\/2024\/09\/photo-barrot-bonne.jpg","width":1138,"height":672},{"@type":"BreadcrumbList","@id":"https:\/\/www.geopolitics.fr\/2024\/09\/26\/dans-marianne-net-quattendre-du-gouvernement-barnier-a-linternational\/#breadcrumb","itemListElement":[{"@type":"ListItem","position":1,"name":"Accueil","item":"https:\/\/www.geopolitics.fr\/"},{"@type":"ListItem","position":2,"name":"Dans &#8220;Marianne.net&#8221;, Qu&#8217;attendre du gouvernement Barnier \u00e0 l&#8217;international ?"}]},{"@type":"WebSite","@id":"https:\/\/www.geopolitics.fr\/#website","url":"https:\/\/www.geopolitics.fr\/","name":"Geopolitics.fr","description":"Geopolitics.fr Analyse politique, relations internationales, d\u00e9fense - ligne \u00e9ditoriale gaullo-chiraquienne","publisher":{"@id":"https:\/\/www.geopolitics.fr\/#organization"},"potentialAction":[{"@type":"SearchAction","target":{"@type":"EntryPoint","urlTemplate":"https:\/\/www.geopolitics.fr\/?s={search_term_string}"},"query-input":{"@type":"PropertyValueSpecification","valueRequired":true,"valueName":"search_term_string"}}],"inLanguage":"en-GB"},{"@type":"Organization","@id":"https:\/\/www.geopolitics.fr\/#organization","name":"Geopolitics.fr","url":"https:\/\/www.geopolitics.fr\/","logo":{"@type":"ImageObject","inLanguage":"en-GB","@id":"https:\/\/www.geopolitics.fr\/#\/schema\/logo\/image\/","url":"https:\/\/www.geopolitics.fr\/wp-content\/uploads\/2024\/01\/logo.jpg","contentUrl":"https:\/\/www.geopolitics.fr\/wp-content\/uploads\/2024\/01\/logo.jpg","width":500,"height":500,"caption":"Geopolitics.fr"},"image":{"@id":"https:\/\/www.geopolitics.fr\/#\/schema\/logo\/image\/"},"sameAs":["https:\/\/www.facebook.com\/people\/Erwan-Davoux\/61557098968092\/","https:\/\/x.com\/Geopolitics_Fr"]},{"@type":"Person","@id":"https:\/\/www.geopolitics.fr\/#\/schema\/person\/a487273e91313e368925717400fa1b11","name":"Erwan Davoux","image":{"@type":"ImageObject","inLanguage":"en-GB","@id":"https:\/\/www.geopolitics.fr\/wp-content\/uploads\/2026\/05\/moi-96x96.jpg","url":"https:\/\/www.geopolitics.fr\/wp-content\/uploads\/2026\/05\/moi-96x96.jpg","contentUrl":"https:\/\/www.geopolitics.fr\/wp-content\/uploads\/2026\/05\/moi-96x96.jpg","caption":"Erwan Davoux"},"description":"Erwan DAVOUX est Pr\u00e9sident de LMD CONSEIL, (conseil strat\u00e9gique, intelligence \u00e9conomique, risque g\u00e9opolitique, influence politique, diplomatie \u00e9conomique). Dipl\u00f4m\u00e9 de l'IEP de Paris et de l'INALCO (d\u00e9partement d'\u00e9tudes arabes), il est directeur de la publication de geopolitics.fr. Ancien fonctionnaire au Minist\u00e8re de l'Int\u00e9rieur et de la D\u00e9fense (DGSE) Ancien charg\u00e9 de Mission \u00e0 la Pr\u00e9sidence de la R\u00e9publique (cellule diplomatique) Conseil de nombreuses personnalit\u00e9s politiques \u00e0 l'International (dont deux anciens Premiers ministres).","sameAs":["Erwan Davoux","@erwandavoux","https:\/\/www.linkedin.com\/in\/erwan-davoux-6800b289\/","https:\/\/x.com\/@erwandavoux @Geo_politicsfr"],"url":"https:\/\/www.geopolitics.fr\/en\/author\/erwan-davoux\/"}]}},"_links":{"self":[{"href":"https:\/\/www.geopolitics.fr\/en\/wp-json\/wp\/v2\/posts\/2992","targetHints":{"allow":["GET"]}}],"collection":[{"href":"https:\/\/www.geopolitics.fr\/en\/wp-json\/wp\/v2\/posts"}],"about":[{"href":"https:\/\/www.geopolitics.fr\/en\/wp-json\/wp\/v2\/types\/post"}],"author":[{"embeddable":true,"href":"https:\/\/www.geopolitics.fr\/en\/wp-json\/wp\/v2\/users\/16"}],"replies":[{"embeddable":true,"href":"https:\/\/www.geopolitics.fr\/en\/wp-json\/wp\/v2\/comments?post=2992"}],"version-history":[{"count":0,"href":"https:\/\/www.geopolitics.fr\/en\/wp-json\/wp\/v2\/posts\/2992\/revisions"}],"wp:featuredmedia":[{"embeddable":true,"href":"https:\/\/www.geopolitics.fr\/en\/wp-json\/wp\/v2\/media\/2993"}],"wp:attachment":[{"href":"https:\/\/www.geopolitics.fr\/en\/wp-json\/wp\/v2\/media?parent=2992"}],"wp:term":[{"taxonomy":"category","embeddable":true,"href":"https:\/\/www.geopolitics.fr\/en\/wp-json\/wp\/v2\/categories?post=2992"},{"taxonomy":"post_tag","embeddable":true,"href":"https:\/\/www.geopolitics.fr\/en\/wp-json\/wp\/v2\/tags?post=2992"}],"curies":[{"name":"wp","href":"https:\/\/api.w.org\/{rel}","templated":true}]}}