{"id":2984,"date":"2024-09-16T20:34:52","date_gmt":"2024-09-16T18:34:52","guid":{"rendered":"https:\/\/www.geopolitics.fr\/?p=2984"},"modified":"2024-09-17T16:34:02","modified_gmt":"2024-09-17T14:34:02","slug":"la-nomination-quasi-acquise-de-luis-vassy-a-la-tete-de-sciences-po-une-nouvelle-bourde-politique","status":"publish","type":"post","link":"https:\/\/www.geopolitics.fr\/en\/2024\/09\/16\/la-nomination-quasi-acquise-de-luis-vassy-a-la-tete-de-sciences-po-une-nouvelle-bourde-politique\/","title":{"rendered":"La nomination quasi-acquise de Luis Vassy \u00e0 la t\u00eate de Sciences-Po, une nouvelle bourde politique\u00a0?"},"content":{"rendered":"<p class=\"has-medium-font-size wp-block-paragraph\">Il ne reste plus que trois pr\u00e9tendants \u00e0 la Direction de Sciences-Po. Les deux conseils de gouvernance se prononceront \u00e0 l\u2019issue d\u2019un vote les 19&nbsp;et 20&nbsp;septembre. <strong>L\u2019\u00e9lection de Luis Vassy, outrageusement soutenu par le pouvoir politique semble acquise.<\/strong><\/p>\n\n\n\n<p class=\"has-medium-font-size wp-block-paragraph\">Formellement, ils sont, n\u00e9anmoins, encore trois \u00e0 pouvoir esp\u00e9rer prendre la direction de L\u2019IEP de Paris&nbsp;:<\/p>\n\n\n\n<p class=\"has-medium-font-size wp-block-paragraph\">Deux sont des universitaires&nbsp;:<\/p>\n\n\n\n<p class=\"has-medium-font-size wp-block-paragraph\"><strong>Arancha Gonzalez<\/strong>, doyenne de l&rsquo;\u00c9cole des affaires internationales de Paris \u00e0 Sciences Po et ancienne ministre espagnole des Affaires \u00e9trang\u00e8res.<\/p>\n\n\n\n<p class=\"has-medium-font-size wp-block-paragraph\"><strong>Rostane Mehdi<\/strong>, directeur de Sciences Po Aix, agr\u00e9g\u00e9 de Droit.<\/p>\n\n\n\n<p class=\"has-medium-font-size wp-block-paragraph\">Mais, <strong>sauf, surprise, c\u2019est bien le troisi\u00e8me candidat, Luis Vassy, qui sera adoub\u00e9, reproduisant par-l\u00e0 exactement le m\u00eame sch\u00e9ma que celui ayant pr\u00e9valu pour son pr\u00e9d\u00e9cesseur, Mathias Vicherat, d\u00e9missionnaire et d\u00e9missionn\u00e9.<\/strong><\/p>\n\n\n\n<p class=\"has-medium-font-size wp-block-paragraph\">En effet, Vicherat et Vassy pr\u00e9sentent des similarit\u00e9s&nbsp;: <strong>issus de la m\u00eame promotion de l\u2019ENA qu\u2019Emmanuel Macron, leurs affinit\u00e9s partisanes sont connues et identiques. Ni l\u2019un, ni l\u2019autre ne disposaient d\u2019un parcours pr\u00e9alable au sein du monde universitaire<\/strong>. On ne change pas un syst\u00e8me qui perd&nbsp;! ( <a href=\"https:\/\/www.geopolitics.fr\/en\/2024\/03\/13\/emmanuel-macron-mauvais-drh-ou-le-rates-de-ses-amis-de-lena-places-au-coeur-du-pouvoir\/\">Emmanuel Macron : Pi\u00e8tre DRH mais bon camarade | Geopolitics.fr<\/a>)<\/p>\n\n\n\n<p class=\"has-medium-font-size wp-block-paragraph\"><strong>En effet, si Le parcours de l\u2019\u00e9tudiant Luis Vassy est brillant,<\/strong> dipl\u00f4m\u00e9 de l&rsquo;Ecole normale sup\u00e9rieure de Cachan (\u00e9conomie), de l&rsquo;IEP de Paris, ancien \u00e9l\u00e8ve de l&rsquo;\u00c9cole nationale d&rsquo;administration, on y trouve n\u00e9anmoins peu d\u2019\u00e9l\u00e9ments l\u00e9gitimant son accession \u00e0 la t\u00eate de l\u2019IEP de Paris.<\/p>\n\n\n\n<p class=\"has-medium-font-size wp-block-paragraph\"><strong>Luis Vassy est avant tout un homme de Cabinet plus qu\u2019un dirigeant charismatique.<\/strong> Il n\u2019est pas seulement un ami politique d\u2019Emmanuel Macron. De par les fonctions successives qu\u2019il a occup\u00e9es (conseiller diplomatique-adjoint puis conseiller diplomatique de Jean-Yves Le Drian \u00e0 la D\u00e9fense, Directeur-adjoint du Cabinet du m\u00eame Le Drian au Quai d\u2019Orsay puis directeur de Cabinet des ministres Colonna et S\u00e9journ\u00e9), <strong>nul&nbsp;mieux que lui n\u2019incarne la continuit\u00e9 diplomatique de Fran\u00e7ois Hollande \u00e0 Emmanuel Macron. Une continuit\u00e9 dans le d\u00e9clin de la diplomatie fran\u00e7aise, son alignement inconditionnel sur les Etats-Unis, l\u2019OTAN et Isra\u00ebl de Netanyahou.<\/strong><\/p>\n\n\n\n<p class=\"has-medium-font-size wp-block-paragraph\"><strong>L\u2019int\u00e9ress\u00e9 eut \u00e0 g\u00e9rer la Fronde des Ambassadeurs en poste dans le monde arabe <\/strong>(r\u00e9v\u00e9l\u00e9e par Georges Malbrunot <a href=\"https:\/\/www.lefigaro.fr\/international\/conflit-israel-hamas-des-ambassadeurs-au-moyen-orient-manifestent-leur-inquietude-20231113\">Conflit Isra\u00ebl-Hamas: des ambassadeurs au Moyen-Orient manifestent leur inqui\u00e9tude (lefigaro.fr)<\/a>, en novembre 2023. Ces derniers d\u00e9non\u00e7aient la rupture d\u2019\u00e9quilibre de la diplomatie fran\u00e7aise au Proche-Orient et l\u2019alignement sur le gouvernement Netanyahou. Comme l\u2019envisageaient les auteurs de la missive, cette ligne diplomatique provoqua une perte de cr\u00e9dibilit\u00e9 et de sympathie marqu\u00e9es de la France aupr\u00e8s des pays arabes.<\/p>\n\n\n\n<p class=\"has-medium-font-size wp-block-paragraph\">Ces ambassadeurs qui ne pensaient qu\u2019\u00e0 sauver l\u2019influence de la France et \u00e0 \u00eatre fid\u00e8les \u00e0 sa tradition diplomatique <strong>furent s\u00e9v\u00e8rement admonest\u00e9s lors d&rsquo;une visio-conf\u00e9rence par Catherine Colonna et, surtout, son Directeur de Cabinet, Luis Vassy,<\/strong>  bien moins exp\u00e9riment\u00e9 que nombre d&rsquo;entre eux. L\u2019int\u00e9ress\u00e9 a une f\u00e2cheuse tendance \u00e0 confondre, parfois, autorit\u00e9 et autoritarisme.<\/p>\n\n\n\n<p class=\"has-medium-font-size wp-block-paragraph\">Certains virent leur carri\u00e8re d\u00e9vier de la trajectoire normale ou promise. La direction ANMO (Afrique du Nord et Moyen-Orient), autrefois fer de lance de la \u00ab&nbsp;politique arabe&nbsp;\u00bb de la France et comptant les meilleurs experts de la zone est d\u00e9sormais <strong>sous-tutelle \u00e9troite, somm\u00e9e de s\u2019adapter au revirement diplomatique d\u00e9cid\u00e9 par les n\u00e9o-conservateurs de gauche.<\/strong> (<a href=\"https:\/\/www.geopolitics.fr\/en\/2024\/05\/02\/cette-gauche-neoconservatrice-qui-a-ruine-la-diplomatie-francaise\/\">Cette gauche n\u00e9oconservatrice qui a ruin\u00e9 la diplomatie fran\u00e7aise | Geopolitics.fr<\/a>).<\/p>\n\n\n\n<p class=\"has-medium-font-size wp-block-paragraph\">Luis Vassy compte \u00e0 son actif un seul poste d\u2019Ambassadeur, obtenu \u00e0 un \u00e2ge inhabituel, (39 ans), \u00e0 la Haye. <strong>Son passage ne laissa pas un souvenir imp\u00e9rissable.<\/strong> Dans l\u2019apr\u00e8s-COVID, il se fit remarquer davantage par sa gestion des relations publiques, plus que par ses qualit\u00e9s humaines. \u00ab&nbsp;Imbus de lui-m\u00eame&nbsp;\u00bb, \u00ab&nbsp;consid\u00e9rant que la France fait toujours mieux que les autres&nbsp;\u00bb, \u00ab&nbsp;Macron&nbsp;boy&nbsp;\u00bb, il eut du mal \u00e0 endosser le costume de ses pr\u00e9d\u00e9cesseurs et \u00e0 incarner avec prestance la fonction.<\/p>\n\n\n\n<p class=\"has-medium-font-size wp-block-paragraph\"><strong>Candidat, un temps, \u00e0 la fonction de Repr\u00e9sentant Permanent de la France aux Nations-Unies, <\/strong>un poste g\u00e9n\u00e9ralement confi\u00e9 \u00e0 des diplomates bien plus chevronn\u00e9s, l\u2019int\u00e9ress\u00e9 s\u2019est <em>in fine <\/em>rabattu sur Sciences-Po, son second choix.<\/p>\n\n\n\n<p class=\"has-medium-font-size wp-block-paragraph\">C\u2019est donc une personnalit\u00e9 qui n\u2019a jamais exerc\u00e9 de fonction d\u2019encadrement au-del\u00e0 d\u2019une vingtaine de personnes qui s\u2019appr\u00eate \u00e0 \u00eatre propuls\u00e9 \u00e0 la t\u00eate d\u2019un \u00e9tablissement qui compte 1200 salari\u00e9s, hors corps professoral.<\/p>\n\n\n\n<p class=\"has-medium-font-size wp-block-paragraph\"><strong>Comment sera-re\u00e7u ce n\u00e9oconservateur de gauche, align\u00e9 sur les positions isra\u00e9liennes dans une \u00e9cole o\u00f9 le droit international n\u2019est pas m\u00e9pris\u00e9 et la cause palestinienne trouve un large \u00e9cho&nbsp;?<\/strong><\/p>\n\n\n\n<p class=\"has-medium-font-size wp-block-paragraph\">Il est certain que des trois candidats encore en lice, Luis Vassy est celui qui coche, a priori, le moins de cases. <strong>Voil\u00e0 longtemps que Sciences Po n\u2019a pas eu d\u2019universitaire \u00e0 sa t\u00eate et que la proximit\u00e9 politique tient lieu de l\u00e9gitimit\u00e9. Une surprise, la d\u00e9signation d\u2019un des deux autres candidats serait gage de s\u00e9r\u00e9nit\u00e9 retrouv\u00e9e pour cette Ecole en convalescence&nbsp;!<\/strong><\/p>","protected":false},"excerpt":{"rendered":"<p>Il ne reste plus que trois pr\u00e9tendants \u00e0 la Direction de Sciences-Po. Les deux conseils de gouvernance se prononceront \u00e0 l\u2019issue d\u2019un&hellip;<\/p>","protected":false},"author":16,"featured_media":2985,"comment_status":"open","ping_status":"open","sticky":false,"template":"","format":"standard","meta":{"_lmt_disableupdate":"","_lmt_disable":"","footnotes":""},"categories":[41,4,3],"tags":[323],"class_list":["post-2984","post","type-post","status-publish","format-standard","has-post-thumbnail","hentry","category-actualite","category-mis-en-avant","category-politique","tag-sciences-po"],"yoast_head":"<!-- This site is optimized with the Yoast SEO Premium plugin v28.1 (Yoast SEO v28.1) - https:\/\/yoast.com\/product\/yoast-seo-premium-wordpress\/ -->\n<title>La nomination quasi-acquise de Luis Vassy \u00e0 la t\u00eate de Sciences-Po, une nouvelle bourde politique\u00a0? | Geopolitics.fr<\/title>\n<meta name=\"description\" content=\"Le nouveau directeur de Sciences Po sera vraisemblablement Luis Vassy, une nomination politique d&#039;un proche d&#039;Emmanuel Macron.\" \/>\n<meta name=\"robots\" content=\"index, follow, max-snippet:-1, max-image-preview:large, max-video-preview:-1\" \/>\n<link rel=\"canonical\" href=\"https:\/\/www.geopolitics.fr\/en\/2024\/09\/16\/la-nomination-quasi-acquise-de-luis-vassy-a-la-tete-de-sciences-po-une-nouvelle-bourde-politique\/\" \/>\n<meta property=\"og:locale\" content=\"en_GB\" \/>\n<meta property=\"og:type\" content=\"article\" \/>\n<meta property=\"og:title\" content=\"La nomination quasi-acquise de Luis Vassy \u00e0 la t\u00eate de Sciences-Po, une nouvelle bourde politique\u00a0?\" \/>\n<meta property=\"og:description\" content=\"Le nouveau directeur de Sciences Po sera vraisemblablement Luis Vassy, une nomination politique d&#039;un proche d&#039;Emmanuel Macron.\" \/>\n<meta property=\"og:url\" content=\"https:\/\/www.geopolitics.fr\/en\/2024\/09\/16\/la-nomination-quasi-acquise-de-luis-vassy-a-la-tete-de-sciences-po-une-nouvelle-bourde-politique\/\" \/>\n<meta property=\"og:site_name\" content=\"Geopolitics.fr\" \/>\n<meta property=\"article:publisher\" content=\"https:\/\/www.facebook.com\/people\/Erwan-Davoux\/61557098968092\/\" \/>\n<meta property=\"article:author\" content=\"Erwan Davoux\" \/>\n<meta property=\"article:published_time\" content=\"2024-09-16T18:34:52+00:00\" \/>\n<meta property=\"article:modified_time\" content=\"2024-09-17T14:34:02+00:00\" \/>\n<meta property=\"og:image\" content=\"https:\/\/www.geopolitics.fr\/wp-content\/uploads\/2024\/09\/sciences-po-photo.jpg\" \/>\n\t<meta property=\"og:image:width\" content=\"1098\" \/>\n\t<meta property=\"og:image:height\" content=\"557\" \/>\n\t<meta property=\"og:image:type\" content=\"image\/jpeg\" \/>\n<meta name=\"author\" content=\"Erwan Davoux\" \/>\n<meta name=\"twitter:card\" content=\"summary_large_image\" \/>\n<meta name=\"twitter:creator\" content=\"@erwandavoux @Geo_politicsfr\" \/>\n<meta name=\"twitter:site\" content=\"@Geopolitics_Fr\" \/>\n<meta name=\"twitter:label1\" content=\"Written by\" \/>\n\t<meta name=\"twitter:data1\" content=\"Erwan Davoux\" \/>\n\t<meta name=\"twitter:label2\" content=\"Estimated reading time\" \/>\n\t<meta name=\"twitter:data2\" content=\"5 minutes\" \/>\n<script type=\"application\/ld+json\" class=\"yoast-schema-graph\">{\"@context\":\"https:\\\/\\\/schema.org\",\"@graph\":[{\"@type\":\"Article\",\"@id\":\"https:\\\/\\\/www.geopolitics.fr\\\/2024\\\/09\\\/16\\\/la-nomination-quasi-acquise-de-luis-vassy-a-la-tete-de-sciences-po-une-nouvelle-bourde-politique\\\/#article\",\"isPartOf\":{\"@id\":\"https:\\\/\\\/www.geopolitics.fr\\\/2024\\\/09\\\/16\\\/la-nomination-quasi-acquise-de-luis-vassy-a-la-tete-de-sciences-po-une-nouvelle-bourde-politique\\\/\"},\"author\":{\"name\":\"Erwan Davoux\",\"@id\":\"https:\\\/\\\/www.geopolitics.fr\\\/#\\\/schema\\\/person\\\/a487273e91313e368925717400fa1b11\"},\"headline\":\"La nomination quasi-acquise de Luis Vassy \u00e0 la t\u00eate de Sciences-Po, une nouvelle bourde politique\u00a0?\",\"datePublished\":\"2024-09-16T18:34:52+00:00\",\"dateModified\":\"2024-09-17T14:34:02+00:00\",\"mainEntityOfPage\":{\"@id\":\"https:\\\/\\\/www.geopolitics.fr\\\/2024\\\/09\\\/16\\\/la-nomination-quasi-acquise-de-luis-vassy-a-la-tete-de-sciences-po-une-nouvelle-bourde-politique\\\/\"},\"wordCount\":893,\"commentCount\":0,\"publisher\":{\"@id\":\"https:\\\/\\\/www.geopolitics.fr\\\/#organization\"},\"image\":{\"@id\":\"https:\\\/\\\/www.geopolitics.fr\\\/2024\\\/09\\\/16\\\/la-nomination-quasi-acquise-de-luis-vassy-a-la-tete-de-sciences-po-une-nouvelle-bourde-politique\\\/#primaryimage\"},\"thumbnailUrl\":\"https:\\\/\\\/www.geopolitics.fr\\\/wp-content\\\/uploads\\\/2024\\\/09\\\/sciences-po-photo.jpg\",\"keywords\":[\"sciences po\"],\"articleSection\":[\"Actualit\u00e9\",\"Mis en AVANT\",\"Politique\"],\"inLanguage\":\"en-GB\"},{\"@type\":\"WebPage\",\"@id\":\"https:\\\/\\\/www.geopolitics.fr\\\/2024\\\/09\\\/16\\\/la-nomination-quasi-acquise-de-luis-vassy-a-la-tete-de-sciences-po-une-nouvelle-bourde-politique\\\/\",\"url\":\"https:\\\/\\\/www.geopolitics.fr\\\/2024\\\/09\\\/16\\\/la-nomination-quasi-acquise-de-luis-vassy-a-la-tete-de-sciences-po-une-nouvelle-bourde-politique\\\/\",\"name\":\"La nomination quasi-acquise de Luis Vassy \u00e0 la t\u00eate de Sciences-Po, une nouvelle bourde politique\u00a0? | Geopolitics.fr\",\"isPartOf\":{\"@id\":\"https:\\\/\\\/www.geopolitics.fr\\\/#website\"},\"primaryImageOfPage\":{\"@id\":\"https:\\\/\\\/www.geopolitics.fr\\\/2024\\\/09\\\/16\\\/la-nomination-quasi-acquise-de-luis-vassy-a-la-tete-de-sciences-po-une-nouvelle-bourde-politique\\\/#primaryimage\"},\"image\":{\"@id\":\"https:\\\/\\\/www.geopolitics.fr\\\/2024\\\/09\\\/16\\\/la-nomination-quasi-acquise-de-luis-vassy-a-la-tete-de-sciences-po-une-nouvelle-bourde-politique\\\/#primaryimage\"},\"thumbnailUrl\":\"https:\\\/\\\/www.geopolitics.fr\\\/wp-content\\\/uploads\\\/2024\\\/09\\\/sciences-po-photo.jpg\",\"datePublished\":\"2024-09-16T18:34:52+00:00\",\"dateModified\":\"2024-09-17T14:34:02+00:00\",\"description\":\"Le nouveau directeur de Sciences Po sera vraisemblablement Luis Vassy, une nomination politique d'un proche d'Emmanuel Macron.\",\"breadcrumb\":{\"@id\":\"https:\\\/\\\/www.geopolitics.fr\\\/2024\\\/09\\\/16\\\/la-nomination-quasi-acquise-de-luis-vassy-a-la-tete-de-sciences-po-une-nouvelle-bourde-politique\\\/#breadcrumb\"},\"inLanguage\":\"en-GB\",\"potentialAction\":[{\"@type\":\"ReadAction\",\"target\":[\"https:\\\/\\\/www.geopolitics.fr\\\/2024\\\/09\\\/16\\\/la-nomination-quasi-acquise-de-luis-vassy-a-la-tete-de-sciences-po-une-nouvelle-bourde-politique\\\/\"]}]},{\"@type\":\"ImageObject\",\"inLanguage\":\"en-GB\",\"@id\":\"https:\\\/\\\/www.geopolitics.fr\\\/2024\\\/09\\\/16\\\/la-nomination-quasi-acquise-de-luis-vassy-a-la-tete-de-sciences-po-une-nouvelle-bourde-politique\\\/#primaryimage\",\"url\":\"https:\\\/\\\/www.geopolitics.fr\\\/wp-content\\\/uploads\\\/2024\\\/09\\\/sciences-po-photo.jpg\",\"contentUrl\":\"https:\\\/\\\/www.geopolitics.fr\\\/wp-content\\\/uploads\\\/2024\\\/09\\\/sciences-po-photo.jpg\",\"width\":1098,\"height\":557},{\"@type\":\"BreadcrumbList\",\"@id\":\"https:\\\/\\\/www.geopolitics.fr\\\/2024\\\/09\\\/16\\\/la-nomination-quasi-acquise-de-luis-vassy-a-la-tete-de-sciences-po-une-nouvelle-bourde-politique\\\/#breadcrumb\",\"itemListElement\":[{\"@type\":\"ListItem\",\"position\":1,\"name\":\"Accueil\",\"item\":\"https:\\\/\\\/www.geopolitics.fr\\\/\"},{\"@type\":\"ListItem\",\"position\":2,\"name\":\"La nomination quasi-acquise de Luis Vassy \u00e0 la t\u00eate de Sciences-Po, une nouvelle bourde politique\u00a0?\"}]},{\"@type\":\"WebSite\",\"@id\":\"https:\\\/\\\/www.geopolitics.fr\\\/#website\",\"url\":\"https:\\\/\\\/www.geopolitics.fr\\\/\",\"name\":\"Geopolitics.fr\",\"description\":\"Geopolitics.fr Analyse politique, relations internationales, d\u00e9fense - ligne \u00e9ditoriale gaullo-chiraquienne\",\"publisher\":{\"@id\":\"https:\\\/\\\/www.geopolitics.fr\\\/#organization\"},\"potentialAction\":[{\"@type\":\"SearchAction\",\"target\":{\"@type\":\"EntryPoint\",\"urlTemplate\":\"https:\\\/\\\/www.geopolitics.fr\\\/?s={search_term_string}\"},\"query-input\":{\"@type\":\"PropertyValueSpecification\",\"valueRequired\":true,\"valueName\":\"search_term_string\"}}],\"inLanguage\":\"en-GB\"},{\"@type\":\"Organization\",\"@id\":\"https:\\\/\\\/www.geopolitics.fr\\\/#organization\",\"name\":\"Geopolitics.fr\",\"url\":\"https:\\\/\\\/www.geopolitics.fr\\\/\",\"logo\":{\"@type\":\"ImageObject\",\"inLanguage\":\"en-GB\",\"@id\":\"https:\\\/\\\/www.geopolitics.fr\\\/#\\\/schema\\\/logo\\\/image\\\/\",\"url\":\"https:\\\/\\\/www.geopolitics.fr\\\/wp-content\\\/uploads\\\/2024\\\/01\\\/logo.jpg\",\"contentUrl\":\"https:\\\/\\\/www.geopolitics.fr\\\/wp-content\\\/uploads\\\/2024\\\/01\\\/logo.jpg\",\"width\":500,\"height\":500,\"caption\":\"Geopolitics.fr\"},\"image\":{\"@id\":\"https:\\\/\\\/www.geopolitics.fr\\\/#\\\/schema\\\/logo\\\/image\\\/\"},\"sameAs\":[\"https:\\\/\\\/www.facebook.com\\\/people\\\/Erwan-Davoux\\\/61557098968092\\\/\",\"https:\\\/\\\/x.com\\\/Geopolitics_Fr\"]},{\"@type\":\"Person\",\"@id\":\"https:\\\/\\\/www.geopolitics.fr\\\/#\\\/schema\\\/person\\\/a487273e91313e368925717400fa1b11\",\"name\":\"Erwan Davoux\",\"image\":{\"@type\":\"ImageObject\",\"inLanguage\":\"en-GB\",\"@id\":\"https:\\\/\\\/www.geopolitics.fr\\\/wp-content\\\/uploads\\\/2026\\\/05\\\/moi-96x96.jpg\",\"url\":\"https:\\\/\\\/www.geopolitics.fr\\\/wp-content\\\/uploads\\\/2026\\\/05\\\/moi-96x96.jpg\",\"contentUrl\":\"https:\\\/\\\/www.geopolitics.fr\\\/wp-content\\\/uploads\\\/2026\\\/05\\\/moi-96x96.jpg\",\"caption\":\"Erwan Davoux\"},\"description\":\"Erwan DAVOUX est Pr\u00e9sident de LMD CONSEIL, (conseil strat\u00e9gique, intelligence \u00e9conomique, risque g\u00e9opolitique, influence politique, diplomatie \u00e9conomique). Dipl\u00f4m\u00e9 de l'IEP de Paris et de l'INALCO (d\u00e9partement d'\u00e9tudes arabes), il est directeur de la publication de geopolitics.fr. Ancien fonctionnaire au Minist\u00e8re de l'Int\u00e9rieur et de la D\u00e9fense (DGSE) Ancien charg\u00e9 de Mission \u00e0 la Pr\u00e9sidence de la R\u00e9publique (cellule diplomatique) Conseil de nombreuses personnalit\u00e9s politiques \u00e0 l'International (dont deux anciens Premiers ministres).\",\"sameAs\":[\"Erwan Davoux\",\"@erwandavoux\",\"https:\\\/\\\/www.linkedin.com\\\/in\\\/erwan-davoux-6800b289\\\/\",\"https:\\\/\\\/x.com\\\/@erwandavoux @Geo_politicsfr\"],\"url\":\"https:\\\/\\\/www.geopolitics.fr\\\/en\\\/author\\\/erwan-davoux\\\/\"}]}<\/script>\n<!-- \/ Yoast SEO Premium plugin. -->","yoast_head_json":{"title":"La nomination quasi-acquise de Luis Vassy \u00e0 la t\u00eate de Sciences-Po, une nouvelle bourde politique\u00a0? | Geopolitics.fr","description":"Le nouveau directeur de Sciences Po sera vraisemblablement Luis Vassy, une nomination politique d'un proche d'Emmanuel Macron.","robots":{"index":"index","follow":"follow","max-snippet":"max-snippet:-1","max-image-preview":"max-image-preview:large","max-video-preview":"max-video-preview:-1"},"canonical":"https:\/\/www.geopolitics.fr\/en\/2024\/09\/16\/la-nomination-quasi-acquise-de-luis-vassy-a-la-tete-de-sciences-po-une-nouvelle-bourde-politique\/","og_locale":"en_GB","og_type":"article","og_title":"La nomination quasi-acquise de Luis Vassy \u00e0 la t\u00eate de Sciences-Po, une nouvelle bourde politique\u00a0?","og_description":"Le nouveau directeur de Sciences Po sera vraisemblablement Luis Vassy, une nomination politique d'un proche d'Emmanuel Macron.","og_url":"https:\/\/www.geopolitics.fr\/en\/2024\/09\/16\/la-nomination-quasi-acquise-de-luis-vassy-a-la-tete-de-sciences-po-une-nouvelle-bourde-politique\/","og_site_name":"Geopolitics.fr","article_publisher":"https:\/\/www.facebook.com\/people\/Erwan-Davoux\/61557098968092\/","article_author":"Erwan Davoux","article_published_time":"2024-09-16T18:34:52+00:00","article_modified_time":"2024-09-17T14:34:02+00:00","og_image":[{"width":1098,"height":557,"url":"https:\/\/www.geopolitics.fr\/wp-content\/uploads\/2024\/09\/sciences-po-photo.jpg","type":"image\/jpeg"}],"author":"Erwan Davoux","twitter_card":"summary_large_image","twitter_creator":"@erwandavoux @Geo_politicsfr","twitter_site":"@Geopolitics_Fr","twitter_misc":{"Written by":"Erwan Davoux","Estimated reading time":"5 minutes"},"schema":{"@context":"https:\/\/schema.org","@graph":[{"@type":"Article","@id":"https:\/\/www.geopolitics.fr\/2024\/09\/16\/la-nomination-quasi-acquise-de-luis-vassy-a-la-tete-de-sciences-po-une-nouvelle-bourde-politique\/#article","isPartOf":{"@id":"https:\/\/www.geopolitics.fr\/2024\/09\/16\/la-nomination-quasi-acquise-de-luis-vassy-a-la-tete-de-sciences-po-une-nouvelle-bourde-politique\/"},"author":{"name":"Erwan Davoux","@id":"https:\/\/www.geopolitics.fr\/#\/schema\/person\/a487273e91313e368925717400fa1b11"},"headline":"La nomination quasi-acquise de Luis Vassy \u00e0 la t\u00eate de Sciences-Po, une nouvelle bourde politique\u00a0?","datePublished":"2024-09-16T18:34:52+00:00","dateModified":"2024-09-17T14:34:02+00:00","mainEntityOfPage":{"@id":"https:\/\/www.geopolitics.fr\/2024\/09\/16\/la-nomination-quasi-acquise-de-luis-vassy-a-la-tete-de-sciences-po-une-nouvelle-bourde-politique\/"},"wordCount":893,"commentCount":0,"publisher":{"@id":"https:\/\/www.geopolitics.fr\/#organization"},"image":{"@id":"https:\/\/www.geopolitics.fr\/2024\/09\/16\/la-nomination-quasi-acquise-de-luis-vassy-a-la-tete-de-sciences-po-une-nouvelle-bourde-politique\/#primaryimage"},"thumbnailUrl":"https:\/\/www.geopolitics.fr\/wp-content\/uploads\/2024\/09\/sciences-po-photo.jpg","keywords":["sciences po"],"articleSection":["Actualit\u00e9","Mis en AVANT","Politique"],"inLanguage":"en-GB"},{"@type":"WebPage","@id":"https:\/\/www.geopolitics.fr\/2024\/09\/16\/la-nomination-quasi-acquise-de-luis-vassy-a-la-tete-de-sciences-po-une-nouvelle-bourde-politique\/","url":"https:\/\/www.geopolitics.fr\/2024\/09\/16\/la-nomination-quasi-acquise-de-luis-vassy-a-la-tete-de-sciences-po-une-nouvelle-bourde-politique\/","name":"La nomination quasi-acquise de Luis Vassy \u00e0 la t\u00eate de Sciences-Po, une nouvelle bourde politique\u00a0? | Geopolitics.fr","isPartOf":{"@id":"https:\/\/www.geopolitics.fr\/#website"},"primaryImageOfPage":{"@id":"https:\/\/www.geopolitics.fr\/2024\/09\/16\/la-nomination-quasi-acquise-de-luis-vassy-a-la-tete-de-sciences-po-une-nouvelle-bourde-politique\/#primaryimage"},"image":{"@id":"https:\/\/www.geopolitics.fr\/2024\/09\/16\/la-nomination-quasi-acquise-de-luis-vassy-a-la-tete-de-sciences-po-une-nouvelle-bourde-politique\/#primaryimage"},"thumbnailUrl":"https:\/\/www.geopolitics.fr\/wp-content\/uploads\/2024\/09\/sciences-po-photo.jpg","datePublished":"2024-09-16T18:34:52+00:00","dateModified":"2024-09-17T14:34:02+00:00","description":"Le nouveau directeur de Sciences Po sera vraisemblablement Luis Vassy, une nomination politique d'un proche d'Emmanuel Macron.","breadcrumb":{"@id":"https:\/\/www.geopolitics.fr\/2024\/09\/16\/la-nomination-quasi-acquise-de-luis-vassy-a-la-tete-de-sciences-po-une-nouvelle-bourde-politique\/#breadcrumb"},"inLanguage":"en-GB","potentialAction":[{"@type":"ReadAction","target":["https:\/\/www.geopolitics.fr\/2024\/09\/16\/la-nomination-quasi-acquise-de-luis-vassy-a-la-tete-de-sciences-po-une-nouvelle-bourde-politique\/"]}]},{"@type":"ImageObject","inLanguage":"en-GB","@id":"https:\/\/www.geopolitics.fr\/2024\/09\/16\/la-nomination-quasi-acquise-de-luis-vassy-a-la-tete-de-sciences-po-une-nouvelle-bourde-politique\/#primaryimage","url":"https:\/\/www.geopolitics.fr\/wp-content\/uploads\/2024\/09\/sciences-po-photo.jpg","contentUrl":"https:\/\/www.geopolitics.fr\/wp-content\/uploads\/2024\/09\/sciences-po-photo.jpg","width":1098,"height":557},{"@type":"BreadcrumbList","@id":"https:\/\/www.geopolitics.fr\/2024\/09\/16\/la-nomination-quasi-acquise-de-luis-vassy-a-la-tete-de-sciences-po-une-nouvelle-bourde-politique\/#breadcrumb","itemListElement":[{"@type":"ListItem","position":1,"name":"Accueil","item":"https:\/\/www.geopolitics.fr\/"},{"@type":"ListItem","position":2,"name":"La nomination quasi-acquise de Luis Vassy \u00e0 la t\u00eate de Sciences-Po, une nouvelle bourde politique\u00a0?"}]},{"@type":"WebSite","@id":"https:\/\/www.geopolitics.fr\/#website","url":"https:\/\/www.geopolitics.fr\/","name":"Geopolitics.fr","description":"Geopolitics.fr Analyse politique, relations internationales, d\u00e9fense - ligne \u00e9ditoriale gaullo-chiraquienne","publisher":{"@id":"https:\/\/www.geopolitics.fr\/#organization"},"potentialAction":[{"@type":"SearchAction","target":{"@type":"EntryPoint","urlTemplate":"https:\/\/www.geopolitics.fr\/?s={search_term_string}"},"query-input":{"@type":"PropertyValueSpecification","valueRequired":true,"valueName":"search_term_string"}}],"inLanguage":"en-GB"},{"@type":"Organization","@id":"https:\/\/www.geopolitics.fr\/#organization","name":"Geopolitics.fr","url":"https:\/\/www.geopolitics.fr\/","logo":{"@type":"ImageObject","inLanguage":"en-GB","@id":"https:\/\/www.geopolitics.fr\/#\/schema\/logo\/image\/","url":"https:\/\/www.geopolitics.fr\/wp-content\/uploads\/2024\/01\/logo.jpg","contentUrl":"https:\/\/www.geopolitics.fr\/wp-content\/uploads\/2024\/01\/logo.jpg","width":500,"height":500,"caption":"Geopolitics.fr"},"image":{"@id":"https:\/\/www.geopolitics.fr\/#\/schema\/logo\/image\/"},"sameAs":["https:\/\/www.facebook.com\/people\/Erwan-Davoux\/61557098968092\/","https:\/\/x.com\/Geopolitics_Fr"]},{"@type":"Person","@id":"https:\/\/www.geopolitics.fr\/#\/schema\/person\/a487273e91313e368925717400fa1b11","name":"Erwan Davoux","image":{"@type":"ImageObject","inLanguage":"en-GB","@id":"https:\/\/www.geopolitics.fr\/wp-content\/uploads\/2026\/05\/moi-96x96.jpg","url":"https:\/\/www.geopolitics.fr\/wp-content\/uploads\/2026\/05\/moi-96x96.jpg","contentUrl":"https:\/\/www.geopolitics.fr\/wp-content\/uploads\/2026\/05\/moi-96x96.jpg","caption":"Erwan Davoux"},"description":"Erwan DAVOUX est Pr\u00e9sident de LMD CONSEIL, (conseil strat\u00e9gique, intelligence \u00e9conomique, risque g\u00e9opolitique, influence politique, diplomatie \u00e9conomique). Dipl\u00f4m\u00e9 de l'IEP de Paris et de l'INALCO (d\u00e9partement d'\u00e9tudes arabes), il est directeur de la publication de geopolitics.fr. Ancien fonctionnaire au Minist\u00e8re de l'Int\u00e9rieur et de la D\u00e9fense (DGSE) Ancien charg\u00e9 de Mission \u00e0 la Pr\u00e9sidence de la R\u00e9publique (cellule diplomatique) Conseil de nombreuses personnalit\u00e9s politiques \u00e0 l'International (dont deux anciens Premiers ministres).","sameAs":["Erwan Davoux","@erwandavoux","https:\/\/www.linkedin.com\/in\/erwan-davoux-6800b289\/","https:\/\/x.com\/@erwandavoux @Geo_politicsfr"],"url":"https:\/\/www.geopolitics.fr\/en\/author\/erwan-davoux\/"}]}},"_links":{"self":[{"href":"https:\/\/www.geopolitics.fr\/en\/wp-json\/wp\/v2\/posts\/2984","targetHints":{"allow":["GET"]}}],"collection":[{"href":"https:\/\/www.geopolitics.fr\/en\/wp-json\/wp\/v2\/posts"}],"about":[{"href":"https:\/\/www.geopolitics.fr\/en\/wp-json\/wp\/v2\/types\/post"}],"author":[{"embeddable":true,"href":"https:\/\/www.geopolitics.fr\/en\/wp-json\/wp\/v2\/users\/16"}],"replies":[{"embeddable":true,"href":"https:\/\/www.geopolitics.fr\/en\/wp-json\/wp\/v2\/comments?post=2984"}],"version-history":[{"count":0,"href":"https:\/\/www.geopolitics.fr\/en\/wp-json\/wp\/v2\/posts\/2984\/revisions"}],"wp:featuredmedia":[{"embeddable":true,"href":"https:\/\/www.geopolitics.fr\/en\/wp-json\/wp\/v2\/media\/2985"}],"wp:attachment":[{"href":"https:\/\/www.geopolitics.fr\/en\/wp-json\/wp\/v2\/media?parent=2984"}],"wp:term":[{"taxonomy":"category","embeddable":true,"href":"https:\/\/www.geopolitics.fr\/en\/wp-json\/wp\/v2\/categories?post=2984"},{"taxonomy":"post_tag","embeddable":true,"href":"https:\/\/www.geopolitics.fr\/en\/wp-json\/wp\/v2\/tags?post=2984"}],"curies":[{"name":"wp","href":"https:\/\/api.w.org\/{rel}","templated":true}]}}