{"id":2974,"date":"2024-08-19T19:45:28","date_gmt":"2024-08-19T17:45:28","guid":{"rendered":"https:\/\/www.geopolitics.fr\/?p=2974"},"modified":"2024-08-20T21:46:41","modified_gmt":"2024-08-20T19:46:41","slug":"le-crepuscule-des-democraties-occidentales","status":"publish","type":"post","link":"https:\/\/www.geopolitics.fr\/en\/2024\/08\/19\/le-crepuscule-des-democraties-occidentales\/","title":{"rendered":"Le cr\u00e9puscule des d\u00e9mocraties occidentales\u00a0?"},"content":{"rendered":"<p class=\"has-medium-font-size wp-block-paragraph\"><strong>Les massacres perp\u00e9tr\u00e9s \u00e0 Gaza<\/strong>, \u00e0 l\u2019encontre de civils, auront servi de r\u00e9v\u00e9lateur \u00e0 un mal profond qui ronge les des d\u00e9mocraties occidentales depuis plusieurs ann\u00e9es&nbsp;: <strong>le reniement de tous les principes fondateurs.<\/strong> Ces d\u00e9mocraties lib\u00e9rales b\u00e2ties \u00e0 l\u2019issu de la seconde guerre mondiale semblent en perte d&rsquo;influence sur la sc\u00e8ne internationale et ne plus exercer le moindre pouvoir attractif mais plut\u00f4t un effet r\u00e9pulsif, notamment aupr\u00e8s des pays du Sud<\/p>\n\n\n\n<h2 class=\"wp-block-heading\" id=\"h-le-systeme-de-valeurs-fonde-dans-l-apres-guerre-et-la-decolonisation-est-caduc\">Le syst\u00e8me de valeurs fond\u00e9 dans l&rsquo;apr\u00e8s guerre et la d\u00e9colonisation est caduc. <\/h2>\n\n\n\n<p class=\"has-medium-font-size wp-block-paragraph\"><strong>Le syst\u00e8me qui a pris son essor dans l\u2019apr\u00e8s-guerre reposait sur quelques piliers. Ils se sont effondr\u00e9s.<\/strong> Les atrocit\u00e9s de la seconde guerre mondiale, la Shoah, la fin de la colonisation et la mauvais conscience occidentale naturelle qui en a r\u00e9sult\u00e9 ont conduit \u00e0 l\u2019\u00e9dification d\u2019un syst\u00e8me de valeurs fortes et de principes fondateurs d\u2019un nouvel ordre international dont les pr\u00e9mices se trouvent dans la Charte des Nations-Unies. En d\u00e9pit de la paralysie p\u00e9riodique du Conseil de S\u00e9curit\u00e9, Etats-Unis, France, Royaume-Uni (auxquels on peut ajouter l\u2019Allemagne et Italie) se sont efforc\u00e9s de respecter certaines valeurs&nbsp;:<\/p>\n\n\n\n<ul class=\"wp-block-list\">\n<li class=\"has-medium-font-size\">Egalit\u00e9 et dignit\u00e9 des vies humaines<\/li>\n\n\n\n<li class=\"has-medium-font-size\">Primaut\u00e9 du droit international avec son corollaire r\u00e8glement pacifique des diff\u00e9rends.<\/li>\n\n\n\n<li class=\"has-medium-font-size\">Non-ing\u00e9rence dans les affaires int\u00e9rieures, souverainet\u00e9 nationale.<\/li>\n<\/ul>\n\n\n\n<h2 class=\"wp-block-heading\" id=\"h-gaza-a-servi-de-revelateur\">Gaza a servi de r\u00e9v\u00e9lateur<\/h2>\n\n\n\n<p class=\"has-medium-font-size wp-block-paragraph\"><strong>Ces principes sont d\u00e9sormais caducs et Gaza aura servi \u00e0 la fois de catalyseur et d\u2019acc\u00e9l\u00e9rateur dans la manifestation de ces reniements<\/strong>. En effet, les vies humaines sont d\u00e9sormais hi\u00e9rarchis\u00e9es\u00a0: une vie palestinienne ne vaut pas grand-chose, environ 1\/40<sup>\u00e8me<\/sup> d\u2019une vie isra\u00e9lienne. Qui s\u2019int\u00e9ressa aux attentats \u00e0 Bagdad en de\u00e7\u00e0 de plusieurs dizaines de morts\u00a0? L\u2019absence des puissances du G7 \u00e0 la comm\u00e9moration de Nagasaki t\u00e9moigne qu\u2019une vie japonaise n\u2019a pas grande importance non plus. Dans le m\u00eame temps, la moindre attaque survenant en Europe ou aux Etats-Unis, qu\u2019il y ait ou pas de morts, occupe les cha\u00eenes d\u2019information plusieurs jours. La valeur de la vie humaine d\u00e9pend d\u00e9sormais \u00e9troitement de l\u2019ethnie, la religion, la nationalit\u00e9. <strong>C\u2019est la n\u00e9gation m\u00eame de tout esprit humaniste et le retour \u00e0 l\u2019esprit colonial qui hi\u00e9rarchise les vies humaines.<\/strong><\/p>\n\n\n\n<h2 class=\"wp-block-heading\" id=\"h-le-droit-international-un-empecheur-de-tourner-en-rond\">Le droit international ? Un emp\u00eacheur de tourner en rond !<\/h2>\n\n\n\n<p class=\"has-medium-font-size wp-block-paragraph\"><strong>Le droit international ne s\u2019applique plus et il est m\u00eame consid\u00e9r\u00e9 comme un emp\u00eacheur de tourner en rond.<\/strong> Nous assist\u00e2mes \u00e0 une premi\u00e8re, en 2003, avec l\u2019invasion ill\u00e9gale de l\u2019Irak.  Aujourd\u2019hui encore, nous payons le prix de cette folie meurtri\u00e8re qui a d\u00e9stabilis\u00e9 toute la r\u00e9gion. Ceux-l\u00e0 m\u00eame qui se sont acharn\u00e9s sur l\u2019Irak, se d\u00e9chainent aujourd\u2019hui contre la puissance iranienne dans une sorte de schizophr\u00e9nie et de fanatisme qui les emp\u00eache de r\u00e9aliser le lien direct de cause \u00e0 effet. <\/p>\n\n\n\n<p class=\"has-medium-font-size wp-block-paragraph\"><strong>Les Etats-Unis de Georges Bush ouvrirent un f\u00e2cheux pr\u00e9c\u00e9dent et ont une responsabilit\u00e9 toute particuli\u00e8re dans cette d\u00e9rive. Mais au moins cherch\u00e8rent-il \u00e0 passer par le Conseil de S\u00e9curit\u00e9 pour l\u00e9gitimer leur agression.<\/strong> Ils durent y renoncer face \u00e0 <strong>la France chiraquienne<\/strong> et tous ses alli\u00e9s, soucieux d\u2019assurer la supr\u00e9matie du droit international. Le temps o\u00f9 la voix et la voie de la France \u00e9tait forte et entendue sur la sc\u00e8ne internationale.<\/p>\n\n\n\n<p class=\"has-medium-font-size wp-block-paragraph\"><strong>Le Gouvernement Netanyahou, lui, se moque \u00e9perdument du droit international. <\/strong>Il l\u2019a \u00e9vacu\u00e9 d\u2019un revers de main&nbsp;: r\u00e9solutions du Conseil de s\u00e9curit\u00e9 non appliqu\u00e9es, principes fondateurs du droit international et humanitaires viol\u00e9s quotidiennement, colonisation \u00e0 outrance, atteintes r\u00e9p\u00e9t\u00e9es \u00e0 la souverainet\u00e9 du Liban, de la Syrie, de l\u2019Iran\u2026 &nbsp;<strong>Le tout dans la d\u00e9n\u00e9gation des actes et m\u00eame la recherche d\u2019une approbation et de f\u00e9licitations au nom de la morale mais en r\u00e9alit\u00e9 dans une pure logique supr\u00e9matiste et raciste.<\/strong><\/p>\n\n\n\n<h2 class=\"wp-block-heading\" id=\"h-le-droit-du-plus-fort-favorise-l-instabilite\">Le droit du plus fort favorise l&rsquo;instabilit\u00e9<\/h2>\n\n\n\n<p class=\"has-medium-font-size wp-block-paragraph\"><strong>Tout cela ne peut se faire naturellement qu\u2019avec le soutien (Etats-Unis et Allemagne continuent de fournir des armes \u00e0 Isra\u00ebl) la complaisance (France, Royaume-Uni, Italie) des grandes d\u00e9mocraties occidentales qui ont sabot\u00e9 la l\u00e9gitimit\u00e9 de l\u2019ONU et act\u00e9 la fin du Conseil de s\u00e9curit\u00e9 pour r\u00e9gler les grandes affaires du monde.<\/strong>  <strong>Une suicide pour la France et le Royaume-Uni <\/strong>dont le poids sur l&rsquo;\u00e9chiquier mondial n&rsquo;a plus rien \u00e0 voir avec ce qu&rsquo;il fut et pour qui le droit international joue un r\u00f4le d&rsquo;\u00e9galisateur de puissance.<\/p>\n\n\n\n<p class=\"has-medium-font-size wp-block-paragraph\"> C\u2019est d\u00e9sormais <strong>le retour du droit du plus fort<\/strong> comme principe fondateur qui nous ram\u00e8ne plusieurs d\u00e9cennies en arri\u00e8re moralement et nous emm\u00e8ne vers <strong>un monde instable<\/strong> car le rapport de force est \u00e9volutif et s\u2019inverse in\u00e9luctablement, un jour ou l\u2019autre. Ceux qui fondent leur l\u00e9gitimit\u00e9 sur ce seul principe s\u2019exposent \u00e0 de graves d\u00e9convenues \u00e0 moyen ou long terme. <strong>Netanyahou risque plus d\u2019appara\u00eetre, dans quelques ann\u00e9es ou d\u00e9cennies, comme le fossoyeur et non le protecteur de l\u2019Etat d\u2019Isra\u00ebl.<\/strong><\/p>\n\n\n\n<h2 class=\"wp-block-heading has-medium-font-size\" id=\"h-le-g7-n-est-plus-qu-une-tentative-maladroite-visant-a-maintenir-une-domination-chancelante\">LE G7 n&rsquo;est plus qu&rsquo;une tentative maladroite visant \u00e0 maintenir une domination chancelante <\/h2>\n\n\n\n<p class=\"has-medium-font-size wp-block-paragraph\"><strong>Le G7, invention fran\u00e7aise (Val\u00e9ry Giscard d\u2019Estaing), autrefois directoire politique et \u00e9conomique visant \u00e0 r\u00e9guler l&rsquo;ordre international p\u00e8se de moins en moins dans les affaires du monde et est consid\u00e9r\u00e9 par le Sud comme un simple instrument de domination occidentale. <\/strong>Le fameux \u00ab&nbsp;deux poids, deux mesures&nbsp;\u00bb qu\u2019il incarne pour \u00e9carter les grands principes dans son int\u00e9r\u00eat mais les imposer aux autres, provoque un rejet massif des peuples. Il est d\u2019ailleurs ais\u00e9 de constater qu\u2019Isra\u00ebl peut poursuivre la boucherie de Gaza avec le soutien des dirigeants&nbsp;; les peuples, eux, sont massivement favorables \u00e0 la cause palestinienne. &nbsp;<\/p>\n\n\n\n<p class=\"has-medium-font-size wp-block-paragraph\"><strong>Un exemple manifeste de cette duplicit\u00e9 et des principes \u00e0 g\u00e9om\u00e9trie variable trouve son expression dans la \u00ab&nbsp;d\u00e9fense des chr\u00e9tiens d\u2019Orient&nbsp;\u00bb,<\/strong> grand th\u00e8me de la droite fran\u00e7aise. Les d\u00e9fendre oui, mais face aux Musulmans uniquement. En revanche, quand Isra\u00ebl per\u00e7u abusivement comme l\u2019avant-garde de l\u2019Occident, fournit 70% de l\u2019armement azerba\u00efdjanais qui a servi au nettoyage ethnique du Haut-Karabagh, silence radio. Quand les colons avec le concours des forces de s\u00e9curit\u00e9 isra\u00e9lienne maltraitent les chr\u00e9tiens de J\u00e9rusalem, aucune protestation non plus. Face \u00e0 ce cynisme et\/ou cette hypocrisie qui ne cherche m\u00eame plus \u00e0 se dissimuler, le mod\u00e8le occidental est devenu, en r\u00e9alit\u00e9, un contre-mod\u00e8le, un repoussoir.<\/p>\n\n\n\n<p class=\"has-medium-font-size wp-block-paragraph\"><strong>La France fut, autrefois, un m\u00e9diateur entre le Nord et le Sud<\/strong> gr\u00e2ce une politique \u00e9trang\u00e8re ind\u00e9pendante de Charles de Gaulle \u00e0 Jacques Chirac en passant par Fran\u00e7ois Mitterrand. Elle ne l\u2019est absolument plus et est ramen\u00e9e depuis une quinzaine d\u2019ann\u00e9es au rang de puissance europ\u00e9enne moyenne cherchant \u00e0 \u00eatre un alli\u00e9 (de deuxi\u00e8me cat\u00e9gorie) pour les Etats-Unis.<\/p>\n\n\n\n<p class=\"has-medium-font-size wp-block-paragraph\"><strong>Ainsi, alors que la puissance r\u00e9elle du G7 ne cesse de d\u00e9cliner, son renoncement au \u00ab&nbsp;soft power&nbsp;\u00bb<\/strong>, \u00e0 \u00eatre le porteur de grand principes vertueux et respectables qui suscitent la sympathie, <strong>ouvre un boulevard aux BRICS <\/strong>qui n\u2019ont jamais pr\u00e9tendu \u00eatres les garants des valeurs d\u00e9mocratiques et qui ne donnent pas de le\u00e7ons \u00e0 la terre enti\u00e8re, se contentant de servir leur int\u00e9r\u00eat national et de faire respecter leur souverainet\u00e9.<\/p>\n\n\n\n<h2 class=\"wp-block-heading\" id=\"h-des-communicants-face-a-des-empereurs\">Des communicants face \u00e0 des \u00ab\u00a0empereurs\u00a0\u00bb<\/h2>\n\n\n\n<p class=\"has-medium-font-size wp-block-paragraph\">Ils le font d\u2019autant mieux, que les dirigeants de ces grands pays \u00e9mergents exercent le pouvoir g\u00e9n\u00e9ralement pour une longue dur\u00e9e ou \u00e0 vie. <strong>Ils ont l\u2019avantage du temps long tandis que les dirigeants occidentaux, eux, ne sont plus que des communicants.<\/strong> Des dirigeants de l\u2019instant qui ne s\u2019inscrivent dans aucune tradition et n\u2019ont aucune vision d\u2019avenir. Quand l\u2019horizon des uns se compte en d\u00e9cennies, celui des autres est r\u00e9duit \u00e0 quelques en mois qui s\u00e9parent des \u00e9lections.<\/p>\n\n\n\n<p class=\"has-medium-font-size wp-block-paragraph\"><strong>Dans ces conditions, pi\u00e9tiner la plus value comparative que sont le respect des principes fondamentaux, des valeurs civilisationnelles,<\/strong> le respect du droit international, le dialogue des cultures et des civilisations, faire preuve de m\u00e9pris ou de condescendance \u00e0 l\u2019\u00e9gard de tout ce qui \u00e9tranger ou diff\u00e9rent <strong>est non seulement immoral mais aussi contre-productif. Renoncer \u00e0 toutes les valeurs qui transcendent l\u2019imm\u00e9diatet\u00e9, condamne les puissances occidentales, aux moins les europ\u00e9ennes, \u00e0 avoir un destin de feuille morte.<\/strong><\/p>\n\n\n\n<p class=\"wp-block-paragraph\"><\/p>","protected":false},"excerpt":{"rendered":"<p>Les massacres perp\u00e9tr\u00e9s \u00e0 Gaza, \u00e0 l\u2019encontre de civils, auront servi de r\u00e9v\u00e9lateur \u00e0 un mal profond qui ronge les des d\u00e9mocraties&hellip;<\/p>","protected":false},"author":16,"featured_media":2976,"comment_status":"open","ping_status":"open","sticky":false,"template":"","format":"standard","meta":{"_lmt_disableupdate":"","_lmt_disable":"","footnotes":""},"categories":[5,4],"tags":[318],"class_list":["post-2974","post","type-post","status-publish","format-standard","has-post-thumbnail","hentry","category-international","category-mis-en-avant","tag-brics"],"yoast_head":"<!-- This site is optimized with the Yoast SEO Premium plugin v28.1 (Yoast SEO v28.1) - https:\/\/yoast.com\/product\/yoast-seo-premium-wordpress\/ -->\n<title>Le cr\u00e9puscule des d\u00e9mocraties occidentales\u00a0? | Geopolitics.fr<\/title>\n<meta name=\"description\" content=\"Les d\u00e9mocraties occidentales ont reli\u00e9 leurs valeurs, Gaza en a \u00e9t\u00e9 le r\u00e9v\u00e9lateur. Cet abandon est immoral et contre-productif.\" \/>\n<meta name=\"robots\" content=\"index, follow, max-snippet:-1, max-image-preview:large, max-video-preview:-1\" \/>\n<link rel=\"canonical\" href=\"https:\/\/www.geopolitics.fr\/en\/2024\/08\/19\/le-crepuscule-des-democraties-occidentales\/\" \/>\n<meta property=\"og:locale\" content=\"en_GB\" \/>\n<meta property=\"og:type\" content=\"article\" \/>\n<meta property=\"og:title\" content=\"Le cr\u00e9puscule des d\u00e9mocraties occidentales\u00a0?\" \/>\n<meta property=\"og:description\" content=\"Les d\u00e9mocraties occidentales ont reli\u00e9 leurs valeurs, Gaza en a \u00e9t\u00e9 le r\u00e9v\u00e9lateur. Cet abandon est immoral et contre-productif.\" \/>\n<meta property=\"og:url\" content=\"https:\/\/www.geopolitics.fr\/en\/2024\/08\/19\/le-crepuscule-des-democraties-occidentales\/\" \/>\n<meta property=\"og:site_name\" content=\"Geopolitics.fr\" \/>\n<meta property=\"article:publisher\" content=\"https:\/\/www.facebook.com\/people\/Erwan-Davoux\/61557098968092\/\" \/>\n<meta property=\"article:author\" content=\"Erwan Davoux\" \/>\n<meta property=\"article:published_time\" content=\"2024-08-19T17:45:28+00:00\" \/>\n<meta property=\"article:modified_time\" content=\"2024-08-20T19:46:41+00:00\" \/>\n<meta property=\"og:image\" content=\"https:\/\/www.geopolitics.fr\/wp-content\/uploads\/2024\/08\/G7-PHOTO.jpg\" \/>\n\t<meta property=\"og:image:width\" content=\"933\" \/>\n\t<meta property=\"og:image:height\" content=\"493\" \/>\n\t<meta property=\"og:image:type\" content=\"image\/jpeg\" \/>\n<meta name=\"author\" content=\"Erwan Davoux\" \/>\n<meta name=\"twitter:card\" content=\"summary_large_image\" \/>\n<meta name=\"twitter:creator\" content=\"@erwandavoux @Geo_politicsfr\" \/>\n<meta name=\"twitter:site\" content=\"@Geopolitics_Fr\" \/>\n<meta name=\"twitter:label1\" content=\"Written by\" \/>\n\t<meta name=\"twitter:data1\" content=\"Erwan Davoux\" \/>\n\t<meta name=\"twitter:label2\" content=\"Estimated reading time\" \/>\n\t<meta name=\"twitter:data2\" content=\"7 minutes\" \/>\n<script type=\"application\/ld+json\" class=\"yoast-schema-graph\">{\"@context\":\"https:\\\/\\\/schema.org\",\"@graph\":[{\"@type\":\"Article\",\"@id\":\"https:\\\/\\\/www.geopolitics.fr\\\/2024\\\/08\\\/19\\\/le-crepuscule-des-democraties-occidentales\\\/#article\",\"isPartOf\":{\"@id\":\"https:\\\/\\\/www.geopolitics.fr\\\/2024\\\/08\\\/19\\\/le-crepuscule-des-democraties-occidentales\\\/\"},\"author\":{\"name\":\"Erwan Davoux\",\"@id\":\"https:\\\/\\\/www.geopolitics.fr\\\/#\\\/schema\\\/person\\\/a487273e91313e368925717400fa1b11\"},\"headline\":\"Le cr\u00e9puscule des d\u00e9mocraties occidentales\u00a0?\",\"datePublished\":\"2024-08-19T17:45:28+00:00\",\"dateModified\":\"2024-08-20T19:46:41+00:00\",\"mainEntityOfPage\":{\"@id\":\"https:\\\/\\\/www.geopolitics.fr\\\/2024\\\/08\\\/19\\\/le-crepuscule-des-democraties-occidentales\\\/\"},\"wordCount\":1472,\"commentCount\":0,\"publisher\":{\"@id\":\"https:\\\/\\\/www.geopolitics.fr\\\/#organization\"},\"image\":{\"@id\":\"https:\\\/\\\/www.geopolitics.fr\\\/2024\\\/08\\\/19\\\/le-crepuscule-des-democraties-occidentales\\\/#primaryimage\"},\"thumbnailUrl\":\"https:\\\/\\\/www.geopolitics.fr\\\/wp-content\\\/uploads\\\/2024\\\/08\\\/G7-PHOTO.jpg\",\"keywords\":[\"BRICS\"],\"articleSection\":[\"International\",\"Mis en AVANT\"],\"inLanguage\":\"en-GB\"},{\"@type\":\"WebPage\",\"@id\":\"https:\\\/\\\/www.geopolitics.fr\\\/2024\\\/08\\\/19\\\/le-crepuscule-des-democraties-occidentales\\\/\",\"url\":\"https:\\\/\\\/www.geopolitics.fr\\\/2024\\\/08\\\/19\\\/le-crepuscule-des-democraties-occidentales\\\/\",\"name\":\"Le cr\u00e9puscule des d\u00e9mocraties occidentales\u00a0? | Geopolitics.fr\",\"isPartOf\":{\"@id\":\"https:\\\/\\\/www.geopolitics.fr\\\/#website\"},\"primaryImageOfPage\":{\"@id\":\"https:\\\/\\\/www.geopolitics.fr\\\/2024\\\/08\\\/19\\\/le-crepuscule-des-democraties-occidentales\\\/#primaryimage\"},\"image\":{\"@id\":\"https:\\\/\\\/www.geopolitics.fr\\\/2024\\\/08\\\/19\\\/le-crepuscule-des-democraties-occidentales\\\/#primaryimage\"},\"thumbnailUrl\":\"https:\\\/\\\/www.geopolitics.fr\\\/wp-content\\\/uploads\\\/2024\\\/08\\\/G7-PHOTO.jpg\",\"datePublished\":\"2024-08-19T17:45:28+00:00\",\"dateModified\":\"2024-08-20T19:46:41+00:00\",\"description\":\"Les d\u00e9mocraties occidentales ont reli\u00e9 leurs valeurs, Gaza en a \u00e9t\u00e9 le r\u00e9v\u00e9lateur. Cet abandon est immoral et contre-productif.\",\"breadcrumb\":{\"@id\":\"https:\\\/\\\/www.geopolitics.fr\\\/2024\\\/08\\\/19\\\/le-crepuscule-des-democraties-occidentales\\\/#breadcrumb\"},\"inLanguage\":\"en-GB\",\"potentialAction\":[{\"@type\":\"ReadAction\",\"target\":[\"https:\\\/\\\/www.geopolitics.fr\\\/2024\\\/08\\\/19\\\/le-crepuscule-des-democraties-occidentales\\\/\"]}]},{\"@type\":\"ImageObject\",\"inLanguage\":\"en-GB\",\"@id\":\"https:\\\/\\\/www.geopolitics.fr\\\/2024\\\/08\\\/19\\\/le-crepuscule-des-democraties-occidentales\\\/#primaryimage\",\"url\":\"https:\\\/\\\/www.geopolitics.fr\\\/wp-content\\\/uploads\\\/2024\\\/08\\\/G7-PHOTO.jpg\",\"contentUrl\":\"https:\\\/\\\/www.geopolitics.fr\\\/wp-content\\\/uploads\\\/2024\\\/08\\\/G7-PHOTO.jpg\",\"width\":933,\"height\":493},{\"@type\":\"BreadcrumbList\",\"@id\":\"https:\\\/\\\/www.geopolitics.fr\\\/2024\\\/08\\\/19\\\/le-crepuscule-des-democraties-occidentales\\\/#breadcrumb\",\"itemListElement\":[{\"@type\":\"ListItem\",\"position\":1,\"name\":\"Accueil\",\"item\":\"https:\\\/\\\/www.geopolitics.fr\\\/\"},{\"@type\":\"ListItem\",\"position\":2,\"name\":\"Le cr\u00e9puscule des d\u00e9mocraties occidentales\u00a0?\"}]},{\"@type\":\"WebSite\",\"@id\":\"https:\\\/\\\/www.geopolitics.fr\\\/#website\",\"url\":\"https:\\\/\\\/www.geopolitics.fr\\\/\",\"name\":\"Geopolitics.fr\",\"description\":\"Geopolitics.fr Analyse politique, relations internationales, d\u00e9fense - ligne \u00e9ditoriale gaullo-chiraquienne\",\"publisher\":{\"@id\":\"https:\\\/\\\/www.geopolitics.fr\\\/#organization\"},\"potentialAction\":[{\"@type\":\"SearchAction\",\"target\":{\"@type\":\"EntryPoint\",\"urlTemplate\":\"https:\\\/\\\/www.geopolitics.fr\\\/?s={search_term_string}\"},\"query-input\":{\"@type\":\"PropertyValueSpecification\",\"valueRequired\":true,\"valueName\":\"search_term_string\"}}],\"inLanguage\":\"en-GB\"},{\"@type\":\"Organization\",\"@id\":\"https:\\\/\\\/www.geopolitics.fr\\\/#organization\",\"name\":\"Geopolitics.fr\",\"url\":\"https:\\\/\\\/www.geopolitics.fr\\\/\",\"logo\":{\"@type\":\"ImageObject\",\"inLanguage\":\"en-GB\",\"@id\":\"https:\\\/\\\/www.geopolitics.fr\\\/#\\\/schema\\\/logo\\\/image\\\/\",\"url\":\"https:\\\/\\\/www.geopolitics.fr\\\/wp-content\\\/uploads\\\/2024\\\/01\\\/logo.jpg\",\"contentUrl\":\"https:\\\/\\\/www.geopolitics.fr\\\/wp-content\\\/uploads\\\/2024\\\/01\\\/logo.jpg\",\"width\":500,\"height\":500,\"caption\":\"Geopolitics.fr\"},\"image\":{\"@id\":\"https:\\\/\\\/www.geopolitics.fr\\\/#\\\/schema\\\/logo\\\/image\\\/\"},\"sameAs\":[\"https:\\\/\\\/www.facebook.com\\\/people\\\/Erwan-Davoux\\\/61557098968092\\\/\",\"https:\\\/\\\/x.com\\\/Geopolitics_Fr\"]},{\"@type\":\"Person\",\"@id\":\"https:\\\/\\\/www.geopolitics.fr\\\/#\\\/schema\\\/person\\\/a487273e91313e368925717400fa1b11\",\"name\":\"Erwan Davoux\",\"image\":{\"@type\":\"ImageObject\",\"inLanguage\":\"en-GB\",\"@id\":\"https:\\\/\\\/www.geopolitics.fr\\\/wp-content\\\/uploads\\\/2026\\\/05\\\/moi-96x96.jpg\",\"url\":\"https:\\\/\\\/www.geopolitics.fr\\\/wp-content\\\/uploads\\\/2026\\\/05\\\/moi-96x96.jpg\",\"contentUrl\":\"https:\\\/\\\/www.geopolitics.fr\\\/wp-content\\\/uploads\\\/2026\\\/05\\\/moi-96x96.jpg\",\"caption\":\"Erwan Davoux\"},\"description\":\"Erwan DAVOUX est Pr\u00e9sident de LMD CONSEIL, (conseil strat\u00e9gique, intelligence \u00e9conomique, risque g\u00e9opolitique, influence politique, diplomatie \u00e9conomique). Dipl\u00f4m\u00e9 de l'IEP de Paris et de l'INALCO (d\u00e9partement d'\u00e9tudes arabes), il est directeur de la publication de geopolitics.fr. Ancien fonctionnaire au Minist\u00e8re de l'Int\u00e9rieur et de la D\u00e9fense (DGSE) Ancien charg\u00e9 de Mission \u00e0 la Pr\u00e9sidence de la R\u00e9publique (cellule diplomatique) Conseil de nombreuses personnalit\u00e9s politiques \u00e0 l'International (dont deux anciens Premiers ministres).\",\"sameAs\":[\"Erwan Davoux\",\"@erwandavoux\",\"https:\\\/\\\/www.linkedin.com\\\/in\\\/erwan-davoux-6800b289\\\/\",\"https:\\\/\\\/x.com\\\/@erwandavoux @Geo_politicsfr\"],\"url\":\"https:\\\/\\\/www.geopolitics.fr\\\/en\\\/author\\\/erwan-davoux\\\/\"}]}<\/script>\n<!-- \/ Yoast SEO Premium plugin. -->","yoast_head_json":{"title":"Le cr\u00e9puscule des d\u00e9mocraties occidentales\u00a0? | Geopolitics.fr","description":"Les d\u00e9mocraties occidentales ont reli\u00e9 leurs valeurs, Gaza en a \u00e9t\u00e9 le r\u00e9v\u00e9lateur. Cet abandon est immoral et contre-productif.","robots":{"index":"index","follow":"follow","max-snippet":"max-snippet:-1","max-image-preview":"max-image-preview:large","max-video-preview":"max-video-preview:-1"},"canonical":"https:\/\/www.geopolitics.fr\/en\/2024\/08\/19\/le-crepuscule-des-democraties-occidentales\/","og_locale":"en_GB","og_type":"article","og_title":"Le cr\u00e9puscule des d\u00e9mocraties occidentales\u00a0?","og_description":"Les d\u00e9mocraties occidentales ont reli\u00e9 leurs valeurs, Gaza en a \u00e9t\u00e9 le r\u00e9v\u00e9lateur. Cet abandon est immoral et contre-productif.","og_url":"https:\/\/www.geopolitics.fr\/en\/2024\/08\/19\/le-crepuscule-des-democraties-occidentales\/","og_site_name":"Geopolitics.fr","article_publisher":"https:\/\/www.facebook.com\/people\/Erwan-Davoux\/61557098968092\/","article_author":"Erwan Davoux","article_published_time":"2024-08-19T17:45:28+00:00","article_modified_time":"2024-08-20T19:46:41+00:00","og_image":[{"width":933,"height":493,"url":"https:\/\/www.geopolitics.fr\/wp-content\/uploads\/2024\/08\/G7-PHOTO.jpg","type":"image\/jpeg"}],"author":"Erwan Davoux","twitter_card":"summary_large_image","twitter_creator":"@erwandavoux @Geo_politicsfr","twitter_site":"@Geopolitics_Fr","twitter_misc":{"Written by":"Erwan Davoux","Estimated reading time":"7 minutes"},"schema":{"@context":"https:\/\/schema.org","@graph":[{"@type":"Article","@id":"https:\/\/www.geopolitics.fr\/2024\/08\/19\/le-crepuscule-des-democraties-occidentales\/#article","isPartOf":{"@id":"https:\/\/www.geopolitics.fr\/2024\/08\/19\/le-crepuscule-des-democraties-occidentales\/"},"author":{"name":"Erwan Davoux","@id":"https:\/\/www.geopolitics.fr\/#\/schema\/person\/a487273e91313e368925717400fa1b11"},"headline":"Le cr\u00e9puscule des d\u00e9mocraties occidentales\u00a0?","datePublished":"2024-08-19T17:45:28+00:00","dateModified":"2024-08-20T19:46:41+00:00","mainEntityOfPage":{"@id":"https:\/\/www.geopolitics.fr\/2024\/08\/19\/le-crepuscule-des-democraties-occidentales\/"},"wordCount":1472,"commentCount":0,"publisher":{"@id":"https:\/\/www.geopolitics.fr\/#organization"},"image":{"@id":"https:\/\/www.geopolitics.fr\/2024\/08\/19\/le-crepuscule-des-democraties-occidentales\/#primaryimage"},"thumbnailUrl":"https:\/\/www.geopolitics.fr\/wp-content\/uploads\/2024\/08\/G7-PHOTO.jpg","keywords":["BRICS"],"articleSection":["International","Mis en AVANT"],"inLanguage":"en-GB"},{"@type":"WebPage","@id":"https:\/\/www.geopolitics.fr\/2024\/08\/19\/le-crepuscule-des-democraties-occidentales\/","url":"https:\/\/www.geopolitics.fr\/2024\/08\/19\/le-crepuscule-des-democraties-occidentales\/","name":"Le cr\u00e9puscule des d\u00e9mocraties occidentales\u00a0? | Geopolitics.fr","isPartOf":{"@id":"https:\/\/www.geopolitics.fr\/#website"},"primaryImageOfPage":{"@id":"https:\/\/www.geopolitics.fr\/2024\/08\/19\/le-crepuscule-des-democraties-occidentales\/#primaryimage"},"image":{"@id":"https:\/\/www.geopolitics.fr\/2024\/08\/19\/le-crepuscule-des-democraties-occidentales\/#primaryimage"},"thumbnailUrl":"https:\/\/www.geopolitics.fr\/wp-content\/uploads\/2024\/08\/G7-PHOTO.jpg","datePublished":"2024-08-19T17:45:28+00:00","dateModified":"2024-08-20T19:46:41+00:00","description":"Les d\u00e9mocraties occidentales ont reli\u00e9 leurs valeurs, Gaza en a \u00e9t\u00e9 le r\u00e9v\u00e9lateur. Cet abandon est immoral et contre-productif.","breadcrumb":{"@id":"https:\/\/www.geopolitics.fr\/2024\/08\/19\/le-crepuscule-des-democraties-occidentales\/#breadcrumb"},"inLanguage":"en-GB","potentialAction":[{"@type":"ReadAction","target":["https:\/\/www.geopolitics.fr\/2024\/08\/19\/le-crepuscule-des-democraties-occidentales\/"]}]},{"@type":"ImageObject","inLanguage":"en-GB","@id":"https:\/\/www.geopolitics.fr\/2024\/08\/19\/le-crepuscule-des-democraties-occidentales\/#primaryimage","url":"https:\/\/www.geopolitics.fr\/wp-content\/uploads\/2024\/08\/G7-PHOTO.jpg","contentUrl":"https:\/\/www.geopolitics.fr\/wp-content\/uploads\/2024\/08\/G7-PHOTO.jpg","width":933,"height":493},{"@type":"BreadcrumbList","@id":"https:\/\/www.geopolitics.fr\/2024\/08\/19\/le-crepuscule-des-democraties-occidentales\/#breadcrumb","itemListElement":[{"@type":"ListItem","position":1,"name":"Accueil","item":"https:\/\/www.geopolitics.fr\/"},{"@type":"ListItem","position":2,"name":"Le cr\u00e9puscule des d\u00e9mocraties occidentales\u00a0?"}]},{"@type":"WebSite","@id":"https:\/\/www.geopolitics.fr\/#website","url":"https:\/\/www.geopolitics.fr\/","name":"Geopolitics.fr","description":"Geopolitics.fr Analyse politique, relations internationales, d\u00e9fense - ligne \u00e9ditoriale gaullo-chiraquienne","publisher":{"@id":"https:\/\/www.geopolitics.fr\/#organization"},"potentialAction":[{"@type":"SearchAction","target":{"@type":"EntryPoint","urlTemplate":"https:\/\/www.geopolitics.fr\/?s={search_term_string}"},"query-input":{"@type":"PropertyValueSpecification","valueRequired":true,"valueName":"search_term_string"}}],"inLanguage":"en-GB"},{"@type":"Organization","@id":"https:\/\/www.geopolitics.fr\/#organization","name":"Geopolitics.fr","url":"https:\/\/www.geopolitics.fr\/","logo":{"@type":"ImageObject","inLanguage":"en-GB","@id":"https:\/\/www.geopolitics.fr\/#\/schema\/logo\/image\/","url":"https:\/\/www.geopolitics.fr\/wp-content\/uploads\/2024\/01\/logo.jpg","contentUrl":"https:\/\/www.geopolitics.fr\/wp-content\/uploads\/2024\/01\/logo.jpg","width":500,"height":500,"caption":"Geopolitics.fr"},"image":{"@id":"https:\/\/www.geopolitics.fr\/#\/schema\/logo\/image\/"},"sameAs":["https:\/\/www.facebook.com\/people\/Erwan-Davoux\/61557098968092\/","https:\/\/x.com\/Geopolitics_Fr"]},{"@type":"Person","@id":"https:\/\/www.geopolitics.fr\/#\/schema\/person\/a487273e91313e368925717400fa1b11","name":"Erwan Davoux","image":{"@type":"ImageObject","inLanguage":"en-GB","@id":"https:\/\/www.geopolitics.fr\/wp-content\/uploads\/2026\/05\/moi-96x96.jpg","url":"https:\/\/www.geopolitics.fr\/wp-content\/uploads\/2026\/05\/moi-96x96.jpg","contentUrl":"https:\/\/www.geopolitics.fr\/wp-content\/uploads\/2026\/05\/moi-96x96.jpg","caption":"Erwan Davoux"},"description":"Erwan DAVOUX est Pr\u00e9sident de LMD CONSEIL, (conseil strat\u00e9gique, intelligence \u00e9conomique, risque g\u00e9opolitique, influence politique, diplomatie \u00e9conomique). Dipl\u00f4m\u00e9 de l'IEP de Paris et de l'INALCO (d\u00e9partement d'\u00e9tudes arabes), il est directeur de la publication de geopolitics.fr. Ancien fonctionnaire au Minist\u00e8re de l'Int\u00e9rieur et de la D\u00e9fense (DGSE) Ancien charg\u00e9 de Mission \u00e0 la Pr\u00e9sidence de la R\u00e9publique (cellule diplomatique) Conseil de nombreuses personnalit\u00e9s politiques \u00e0 l'International (dont deux anciens Premiers ministres).","sameAs":["Erwan Davoux","@erwandavoux","https:\/\/www.linkedin.com\/in\/erwan-davoux-6800b289\/","https:\/\/x.com\/@erwandavoux @Geo_politicsfr"],"url":"https:\/\/www.geopolitics.fr\/en\/author\/erwan-davoux\/"}]}},"_links":{"self":[{"href":"https:\/\/www.geopolitics.fr\/en\/wp-json\/wp\/v2\/posts\/2974","targetHints":{"allow":["GET"]}}],"collection":[{"href":"https:\/\/www.geopolitics.fr\/en\/wp-json\/wp\/v2\/posts"}],"about":[{"href":"https:\/\/www.geopolitics.fr\/en\/wp-json\/wp\/v2\/types\/post"}],"author":[{"embeddable":true,"href":"https:\/\/www.geopolitics.fr\/en\/wp-json\/wp\/v2\/users\/16"}],"replies":[{"embeddable":true,"href":"https:\/\/www.geopolitics.fr\/en\/wp-json\/wp\/v2\/comments?post=2974"}],"version-history":[{"count":0,"href":"https:\/\/www.geopolitics.fr\/en\/wp-json\/wp\/v2\/posts\/2974\/revisions"}],"wp:featuredmedia":[{"embeddable":true,"href":"https:\/\/www.geopolitics.fr\/en\/wp-json\/wp\/v2\/media\/2976"}],"wp:attachment":[{"href":"https:\/\/www.geopolitics.fr\/en\/wp-json\/wp\/v2\/media?parent=2974"}],"wp:term":[{"taxonomy":"category","embeddable":true,"href":"https:\/\/www.geopolitics.fr\/en\/wp-json\/wp\/v2\/categories?post=2974"},{"taxonomy":"post_tag","embeddable":true,"href":"https:\/\/www.geopolitics.fr\/en\/wp-json\/wp\/v2\/tags?post=2974"}],"curies":[{"name":"wp","href":"https:\/\/api.w.org\/{rel}","templated":true}]}}