{"id":2970,"date":"2024-08-12T11:35:50","date_gmt":"2024-08-12T09:35:50","guid":{"rendered":"https:\/\/www.geopolitics.fr\/?p=2970"},"modified":"2024-08-12T11:35:52","modified_gmt":"2024-08-12T09:35:52","slug":"lamerique-latine-une-catastrophe-geopolitique","status":"publish","type":"post","link":"https:\/\/www.geopolitics.fr\/en\/2024\/08\/12\/lamerique-latine-une-catastrophe-geopolitique\/","title":{"rendered":"L&rsquo;Am\u00e9rique Latine, une catastrophe g\u00e9opolitique ?"},"content":{"rendered":"<p class=\"has-medium-font-size wp-block-paragraph\">La latinit\u00e9 n&rsquo;est pas un terme li\u00e9 exclusivement \u00e0 l\u2019ethnie, \u00e0 la g\u00e9ographie, aux langues et \u00e0 la culture. Il n\u2019est pas non plus la propri\u00e9t\u00e9 absolue de l\u2019h\u00e9ritage romain, de l\u2019Espagne conqu\u00e9rante ou de la France imp\u00e9riale de Napol\u00e9on III dans son exp\u00e9dition militaire rat\u00e9e au Mexique. La latinit\u00e9 est avant tout la confluence de multiples relations et coutumes sociales li\u00e9es \u00e0 un objectif commun : <strong>la libert\u00e9.<\/strong> Aujourd\u2019hui, cette libert\u00e9 se traduit non seulement par le pouvoir de mobilit\u00e9 mais aussi par l\u2019identit\u00e9 et l\u2019autod\u00e9termination.<\/p>\n\n\n\n<p class=\"has-medium-font-size wp-block-paragraph\">Cependant, au fil du temps, le peuple latino-am\u00e9ricain n\u2019a pas r\u00e9ussi \u00e0 consolider cette libert\u00e9, toujours en proie \u00e0 des affrontements politiques et \u00e0 des in\u00e9galit\u00e9s \u00e9conomiques. Les deux derniers si\u00e8cles, y compris l\u2019actuel, ont connu un d\u2019innombrables guerres civiles, invasions et dictatures militaires. Les cons\u00e9quences de cette instabilit\u00e9 dans l&rsquo;h\u00e9misph\u00e8re font ind\u00e9niablement peser une responsabilit\u00e9 sur les \u00c9tats-Unis, qui, dans le cadre de leur vision h\u00e9g\u00e9monique du monde, ont maladroitement accord\u00e9 un traitement colonial \u00e0 leurs relations avec l&rsquo;Am\u00e9rique latine, interrompant le cours des \u00e9v\u00e9nements, ainsi que la connexion de la r\u00e9gion avec le reste du monde.<\/p>\n\n\n\n<p class=\"has-medium-font-size wp-block-paragraph\">Mais cette lutte inlassable pour la libert\u00e9 a servi de phare pour comprendre le sacrifice qu\u2019exige aujourd\u2019hui la d\u00e9fense de la d\u00e9mocratie. Comprenant alors que la d\u00e9mocratie, m\u00eame avec ses imperfections, est le noyau fondamental de la norme sociale et institutionnelle en Am\u00e9rique latine, l&rsquo;accumulation d&rsquo;ann\u00e9es de mauvaise administration, de corruption et de pauvret\u00e9 a donn\u00e9 lieu \u00e0 l\u2019\u00e9mergence de faux messianismes politiques \u00e0 caract\u00e8re populiste qui, sous le bouclier de la d\u00e9mocratie, sont devenus les nouveaux tyrans de l\u2019histoire. <strong>En ce sens, nous pourrions affirmer que l\u2019Am\u00e9rique latine, \u00e0 quelques exceptions pr\u00e8s, n\u2019a pas effectivement respect\u00e9 les normes d\u00e9mocratiques habituelles.<\/strong><\/p>\n\n\n\n<h2 class=\"wp-block-heading\" id=\"h-quelle-a-ete-la-raison-principale\"><strong>QUELLE A \u00c9T\u00c9 LA RAISON PRINCIPALE?<\/strong><\/h2>\n\n\n\n<p class=\"has-medium-font-size wp-block-paragraph\">Des d\u00e9cennies d\u2019\u00e9chec des r\u00e9formes de l\u2019\u00c9tat ont combin\u00e9 en Am\u00e9rique latine le d\u00e9clin de la gouvernance d\u00e9mocratique, qui s\u2019est manifest\u00e9 par le d\u00e9mant\u00e8lement \u00e9thique et m\u00e9ritocratique des institutions o\u00f9 la fonction publique se m\u00eale au client\u00e9lisme politique. Par cons\u00e9quent, cette anomalie a permis \u00e0 de nombreux gouvernements d\u2019abuser de leurs pouvoirs constitutionnels en envahissant les autonomies d\u2019autres pouvoirs de l\u2019\u00c9tat et en politisant les organes judiciaires.<\/p>\n\n\n\n<p class=\"has-medium-font-size wp-block-paragraph\">Lorsqu&rsquo;un gouvernement d\u00e9passe les limites de la d\u00e9cence politique et commence \u00e0 perturber syst\u00e9matiquement l&rsquo;\u00c9tat de droit, la d\u00e9mocratie devient fragile et vuln\u00e9rable, laissant ses m\u00e9canismes de contr\u00f4le et de s\u00e9curit\u00e9 ouverts \u00e0 la mutation d&rsquo;un \u00c9tat d\u00e9mocratique en un \u00c9tat autoritaire, tout en pr\u00e9servant dans la formalit\u00e9 et l&rsquo;apparence les composantes originales du syst\u00e8me d\u00e9mocratique, telles que les \u00e9lections, le libre-\u00e9change et d&rsquo;autres droits.<\/p>\n\n\n\n<h2 class=\"wp-block-heading\" id=\"h-l-echec-du-neoliberalisme-et-l-arrivee-inattendue-de-la-gauche-en-amerique-latine\"><strong>L\u2019\u00c9CHEC DU N\u00c9OLIB\u00c9RALISME ET L\u2019ARRIV\u00c9E INATTENDUE DE LA GAUCHE EN AM\u00c9RIQUE LATINE<\/strong><\/h2>\n\n\n\n<p class=\"has-medium-font-size wp-block-paragraph\">A moment donn\u00e9, les peuples latino-am\u00e9ricains ont commenc\u00e9 \u00e0 ressentir financi\u00e8rement l\u2019impact des politiques \u00e9conomiques inefficaces de certains gouvernements n\u00e9olib\u00e9raux, la forte croissance des taux de pauvret\u00e9 et de criminalit\u00e9. Des mouvements et groupes de gauche, au milieu d&rsquo;une frustration sociale croissante, ont profit\u00e9 de l&rsquo;occasion pour attaquer l&rsquo;ordre d\u00e9mocratique, favorisant la fin anticip\u00e9e de certains gouvernements, m\u00eame par le biais de coups d&rsquo;\u00c9tat. \u00c0 l&rsquo;\u00e9poque, les citoyens ordinaires ont constataient un d\u00e9calage flagrant entre les principes fondateurs de la d\u00e9mocratie et leurs besoins fondamentaux.<\/p>\n\n\n\n<p class=\"has-medium-font-size wp-block-paragraph\">Dans ce sc\u00e9nario, les mouvements de gauche ont acquis de plus en plus un caract\u00e8re subversif et insurrectionnel. Parall\u00e8lement, alors que les partis traditionnels commen\u00e7aient \u00e0 perdre en popularit\u00e9 et en cr\u00e9dibilit\u00e9, plusieurs groupes, partis politiques et des associations de gauche d&rsquo;Am\u00e9rique latine avaient d\u00e9j\u00e0 rejoint le Forum de Sao Paulo cr\u00e9\u00e9 en 1990 \u00e0 l&rsquo;initiative du Parti des Travailleurs (Br\u00e9sil) avec le ferme objectif de devenir un front id\u00e9ologique anti-imp\u00e9rialiste, radicalement oppos\u00e9 aux \u00c9tats-Unis et \u00e0 leurs alli\u00e9s.<\/p>\n\n\n\n<p class=\"has-medium-font-size wp-block-paragraph\">La presse internationale a donn\u00e9 de la notori\u00e9t\u00e9 \u00e0 ce processus tellurique en Am\u00e9rique Latine et a rapidement provoqu\u00e9 le rapprochement d&rsquo;intellectuels, entrepreneurs, de militants sociaux et de personnalit\u00e9s de tout bord, ce qui a renforc\u00e9 le soutien et la justification de dirigeants \u00ab r\u00e9volutionnaires \u00bb qui, t\u00f4t ou tard, parviendraient au pouvoir politique. Mais la th\u00e8se antisyst\u00e8me de la gauche latino-am\u00e9ricaine cache quelque chose de plus que la simple critique des politiques n\u00e9olib\u00e9rales et conservatrices. <strong>Son arriv\u00e9e au gouvernement serait le point de d\u00e9part d&rsquo;un processus anti-d\u00e9mocratie qui chercherait la plus grande accumulation de pouvoir, \u00e0 travers des r\u00e9formes constitutionnelles comme l&rsquo;Assembl\u00e9e constituante qui favoriserait l&rsquo;\u00e9tablissement d&rsquo;un syst\u00e8me socialiste, restrictif des libert\u00e9s publiques et avec la supr\u00e9matie pr\u00e9sidentielle sur le reste des pouvoirs de l&rsquo;\u00c9tat.<\/strong><\/p>\n\n\n\n<p class=\"has-medium-font-size wp-block-paragraph\">Au Venezuela, lorsque le lieutenant-colonel Hugo Ch\u00e1vez \u00e9choua en 1992 lors de deux tentatives de coup d&rsquo;\u00c9tat, justifiant sa r\u00e9bellion par les manifestations sociales de 1989 connues sous le nom de \u00ab\u00a0El Caracazo\u00a0\u00bb, les dirigeantes politiques, d\u00e9j\u00e0 sur le d\u00e9clin, commirent la grave erreur de croire que leur survie d\u00e9pendait de l&rsquo;amnistie des militaires rebelles, une erreur commise par le pr\u00e9sident Rafael Caldera, l&rsquo;un des p\u00e8res fondateurs de la d\u00e9mocratie v\u00e9n\u00e9zu\u00e9lienne.<\/p>\n\n\n\n<p class=\"has-medium-font-size wp-block-paragraph\">Une fois lib\u00e9r\u00e9 en 1994, Ch\u00e1vez a pu poursuivre une carri\u00e8re politique malgr\u00e9 ses tentatives contre la d\u00e9mocratie et sa conspiration clandestine au sein des forces arm\u00e9es. Sa popularit\u00e9 s&rsquo;est accrue au fur et \u00e0 mesure que son discours enflamm\u00e9 attaquait sans piti\u00e9 les vieux partis, qui manquaient de leadership et de propositions novatrices. La rage accumul\u00e9e par les V\u00e9n\u00e9zu\u00e9liens d\u00e9passait le rationnel et l&rsquo;\u00e9lection d&rsquo;Hugo Ch\u00e1vez \u00e0 la pr\u00e9sidence en 1998 et fait passer inaper\u00e7ue sa solide alliance id\u00e9ologique avec Fidel Castro.<\/p>\n\n\n\n<p class=\"has-medium-font-size wp-block-paragraph\">En moins d&rsquo;un an, Ch\u00e1vez accumula un pouvoir incommensurable gr\u00e2ce \u00e0 l&rsquo;Assembl\u00e9e constituante de 1999, convoqu\u00e9e ill\u00e9gitimement \u00e0 la suite d&rsquo;une interpr\u00e9tation tr\u00e8s contestable de la Constitution v\u00e9n\u00e9zu\u00e9lienne de 1961, par la Cour supr\u00eame de justice. La nouvelle Constitution de 1999 issue de ce processus constituant, inspir\u00e9e du programme politique de Ch\u00e1vez influenc\u00e9 par Castro, a cr\u00e9\u00e9 les conditions permettant au r\u00e9gime \u00ab\u00a0bolivarien\u00a0\u00bb de prendre le contr\u00f4le absolu de toutes les institutions de l&rsquo;\u00c9tat, en particulier des forces arm\u00e9es.<\/p>\n\n\n\n<p class=\"has-medium-font-size wp-block-paragraph\">Le leadership de Ch\u00e1vez en Am\u00e9rique latine s&rsquo;est d\u00e9velopp\u00e9 avec la hausse des prix du p\u00e9trole qui, pendant plus d&rsquo;une d\u00e9cennie, lui a permis de cr\u00e9er un climat virtuel de prosp\u00e9rit\u00e9 au Venezuela, tout en se d\u00e9barrassant de tous ses opposants politiques. Mais Hugo Ch\u00e1vez a \u00e9galement utilis\u00e9 son \u00e9norme pouvoir \u00e9conomique pour mettre en \u0153uvre les id\u00e9es de Fidel Castro concernant le financement des campagnes \u00e9lectorales des candidats de gauche en Am\u00e9rique latine. Nicol\u00e1s Maduro a poursuivi sur cette voie apr\u00e8s la mort de Ch\u00e1vez.<\/p>\n\n\n\n<p class=\"has-medium-font-size wp-block-paragraph\">Depuis plus de 20 ans, la carte de l&rsquo;Am\u00e9rique latine est essentiellement tr\u00e8s \u00e0 gauche avec l&rsquo;arriv\u00e9e d&rsquo;Evo Morales en Bolivie, de Rafael Correa en \u00c9quateur, des Kirchner en Argentine, de Luis Ignacio Lula Da Silva au Br\u00e9sil, de Daniel Ortega au Nicaragua et, plus r\u00e9cemment, de Gustavo Petro en Colombie et d&rsquo;Andr\u00e9s Manuel L\u00f3pez Obrador au Mexique, entre autres, ainsi que de certains premiers ministres dans les Cara\u00efbes.<\/p>\n\n\n\n<h2 class=\"wp-block-heading\" id=\"h-l-hegemonie-socialiste-en-amerique-latine-et-son-impact-geopolitique\"><strong>L&rsquo;HEGEMONIE SOCIALISTE EN AMERIQUE LATINE ET SON IMPACT GEOPOLITIQUE<\/strong><\/h2>\n\n\n\n<p class=\"has-medium-font-size wp-block-paragraph\">Lorsque les gouvernements socialistes se sont d\u00e9velopp\u00e9s dans toute l&rsquo;Am\u00e9rique latine au d\u00e9but du nouveau mill\u00e9naire gr\u00e2ce au soutien du Venezuela, chacun d&rsquo;entre eux, avec des nuances et des styles diff\u00e9rents, a commenc\u00e9 \u00e0 imposer des r\u00e9formes constitutionnelles similaires \u00e0 celles de Ch\u00e1vez afin de contr\u00f4ler et de soumettre les institutions de l&rsquo;\u00c9tat. Le projet socialiste avait d\u00e9j\u00e0 pris une dimension continentale lorsque ces gouvernements ont d\u00e9cid\u00e9 de cr\u00e9er leurs propres organisations r\u00e9gionales telles que l&rsquo;ALBA, la CELAC et l&rsquo;UNASUR afin d&rsquo;affaiblir le poids de l&rsquo;Organisation des \u00c9tats am\u00e9ricains (OEA) et l&rsquo;influence des \u00c9tats-Unis et du Canada dans l&rsquo;h\u00e9misph\u00e8re.<\/p>\n\n\n\n<p class=\"has-medium-font-size wp-block-paragraph\">Le socialisme du XXIe si\u00e8cle soutenu par les gouvernements de gauche d&rsquo;Am\u00e9rique latine est devenu un monstre \u00e0 mille t\u00eates depuis 2006, et bien que Ch\u00e1vez ait \u00e9t\u00e9 renvers\u00e9 en 2002 pour 72 heures, son retour, au lieu de signifier un processus de rectification et de respect des principes d\u00e9mocratiques, a fini par radicaliser sa r\u00e9volution en renfor\u00e7ant la r\u00e9pression, la censure et le contr\u00f4le de l&rsquo;ensemble de l&rsquo;\u00c9tat. Il a ainsi assur\u00e9 sa permanence au pouvoir en cont\u00f4lant les forces arm\u00e9es, en nommant des juges chavistes et en \u00e9tablissant la figure de la r\u00e9\u00e9lection continue avec tous les avantages que cela implique.<\/p>\n\n\n\n<p class=\"has-medium-font-size wp-block-paragraph\"><strong>Ce n&rsquo;est donc pas un hasard si, les int\u00e9r\u00eats am\u00e9ricains \u00e9tant concentr\u00e9s dans d&rsquo;autres parties du monde, la gauche latino-am\u00e9ricaine avait d\u00e9cid\u00e9 de s&rsquo;unifier pour rester au pouvoir \u00e0 tout prix et, en cas de d\u00e9part du pouvoir, commencer \u00e0 conspirer d\u00e8s le premier jour de l&rsquo;installation d&rsquo;un autre gouvernement pour le renverser. La diff\u00e9rence r\u00e9side dans l&rsquo;interpr\u00e9tation des faits. Si les manifestations de rue sont encourag\u00e9es par la gauche, la gauche parle de r\u00e9volution. Mais si elles sont encourag\u00e9es par la droite lib\u00e9rale ou conservatrice, la gauche l&rsquo;accuse de terrorisme ou de coup d&rsquo;\u00c9tat.<\/strong><\/p>\n\n\n\n<p class=\"has-medium-font-size wp-block-paragraph\">Et c&rsquo;est pr\u00e9cis\u00e9ment l&rsquo;incompr\u00e9hension de ces man\u0153uvres politiques qui fait que, dans certains pays europ\u00e9ens, la \u00ab\u00a0gauche caviar\u00a0\u00bb continue \u00e0 soutenir avec sympathie ce qu&rsquo;elle consid\u00e8re comme ses homologues politiques latino-am\u00e9ricains, sans cesser de comprendre que cette coalition de gauche en Am\u00e9rique latine a des int\u00e9r\u00eats communs forts dans le monde entier, qui incluent des accords et des grands trafics &nbsp;de diff\u00e9rentes natures.<\/p>\n\n\n\n<p class=\"has-medium-font-size wp-block-paragraph\">En r\u00e9sum\u00e9, l&rsquo;indiff\u00e9rence \u00e0 l&rsquo;\u00e9gard du processus politique latino-am\u00e9ricain, pi\u00e9g\u00e9 par des complexit\u00e9s internes et externes souvent inconnues de la communaut\u00e9 internationale, a emp\u00each\u00e9 les principaux acteurs de cr\u00e9er les conditions n\u00e9cessaires au r\u00e9tablissement de la d\u00e9mocratie. Mais lorsqu&rsquo;une nation enti\u00e8re est prise en otage par un syst\u00e8me politique, il devient plus difficile pour la soci\u00e9t\u00e9 d&rsquo;\u00e9chapper \u00e0 ses pi\u00e8ges. Ces pi\u00e8ges comprennent les \u00e9lections frauduleuses, la manipulation de la justice, la menace et l&rsquo;intimidation, ainsi que l&rsquo;utilisation abusive de la propagande officielle.<\/p>\n\n\n\n<p class=\"has-medium-font-size wp-block-paragraph\">Mais l&rsquo;aspect le plus d\u00e9licat de ce sc\u00e9nario est que l&rsquo;autoritarisme de la gauche latino-am\u00e9ricaine, du moins radical au plus radical, a \u00e9tabli de dangereuses alliances politiques, commerciales et militaires avec des r\u00e9gimes non d\u00e9mocratiques tels que la Russie, la Chine et l&rsquo;Iran, qui d\u00e9fient actuellement l&rsquo;ordre juridique international. Par cons\u00e9quent, l\u2019Am\u00e9rique latine acquiert d\u00e9sormais une importance strat\u00e9gique croissante pour la paix et la s\u00e9curit\u00e9 internationales et cela devra certainement \u00eatre un aspect central de la prochaine administration am\u00e9ricaine, car la menace h\u00e9misph\u00e9rique a d\u00e9sormais une port\u00e9e transatlantique que certains sous-estiment\u2026<\/p>","protected":false},"excerpt":{"rendered":"<p>La latinit\u00e9 n&rsquo;est pas un terme li\u00e9 exclusivement \u00e0 l\u2019ethnie, \u00e0 la g\u00e9ographie, aux langues et \u00e0 la culture. Il n\u2019est pas&hellip;<\/p>","protected":false},"author":35,"featured_media":2971,"comment_status":"open","ping_status":"open","sticky":false,"template":"","format":"standard","meta":{"_lmt_disableupdate":"","_lmt_disable":"","footnotes":""},"categories":[5,4],"tags":[249],"class_list":["post-2970","post","type-post","status-publish","format-standard","has-post-thumbnail","hentry","category-international","category-mis-en-avant","tag-geopolitique"],"yoast_head":"<!-- This site is optimized with the Yoast SEO Premium plugin v28.1 (Yoast SEO v28.1) - https:\/\/yoast.com\/product\/yoast-seo-premium-wordpress\/ -->\n<title>L&#039;Am\u00e9rique Latine, une catastrophe g\u00e9opolitique ? | Geopolitics.fr<\/title>\n<meta name=\"description\" content=\"De l&#039;\u00e9chec des politiques lib\u00e9rales aux prises de pouvoir d&#039;une gauche autoritaire, l&#039;Am\u00e9rique Latine se cherche un avenir g\u00e9opolitique\" \/>\n<meta name=\"robots\" content=\"index, follow, max-snippet:-1, max-image-preview:large, max-video-preview:-1\" \/>\n<link rel=\"canonical\" href=\"https:\/\/www.geopolitics.fr\/en\/2024\/08\/12\/lamerique-latine-une-catastrophe-geopolitique\/\" \/>\n<meta property=\"og:locale\" content=\"en_GB\" \/>\n<meta property=\"og:type\" content=\"article\" \/>\n<meta property=\"og:title\" content=\"L&#039;Am\u00e9rique Latine, une catastrophe g\u00e9opolitique ?\" \/>\n<meta property=\"og:description\" content=\"De l&#039;\u00e9chec des politiques lib\u00e9rales aux prises de pouvoir d&#039;une gauche autoritaire, l&#039;Am\u00e9rique Latine se cherche un avenir g\u00e9opolitique\" \/>\n<meta property=\"og:url\" content=\"https:\/\/www.geopolitics.fr\/en\/2024\/08\/12\/lamerique-latine-une-catastrophe-geopolitique\/\" \/>\n<meta property=\"og:site_name\" content=\"Geopolitics.fr\" \/>\n<meta property=\"article:publisher\" content=\"https:\/\/www.facebook.com\/people\/Erwan-Davoux\/61557098968092\/\" \/>\n<meta property=\"article:published_time\" content=\"2024-08-12T09:35:50+00:00\" \/>\n<meta property=\"article:modified_time\" content=\"2024-08-12T09:35:52+00:00\" \/>\n<meta property=\"og:image\" content=\"https:\/\/www.geopolitics.fr\/wp-content\/uploads\/2024\/08\/am-sud.png\" \/>\n\t<meta property=\"og:image:width\" content=\"560\" \/>\n\t<meta property=\"og:image:height\" content=\"320\" \/>\n\t<meta property=\"og:image:type\" content=\"image\/png\" \/>\n<meta name=\"author\" content=\"David OSORIO\" \/>\n<meta name=\"twitter:card\" content=\"summary_large_image\" \/>\n<meta name=\"twitter:creator\" content=\"@Geopolitics_Fr\" \/>\n<meta name=\"twitter:site\" content=\"@Geopolitics_Fr\" \/>\n<meta name=\"twitter:label1\" content=\"Written by\" \/>\n\t<meta name=\"twitter:data1\" content=\"David OSORIO\" \/>\n\t<meta name=\"twitter:label2\" content=\"Estimated reading time\" \/>\n\t<meta name=\"twitter:data2\" content=\"9 minutes\" \/>\n<script type=\"application\/ld+json\" class=\"yoast-schema-graph\">{\"@context\":\"https:\\\/\\\/schema.org\",\"@graph\":[{\"@type\":\"Article\",\"@id\":\"https:\\\/\\\/www.geopolitics.fr\\\/2024\\\/08\\\/12\\\/lamerique-latine-une-catastrophe-geopolitique\\\/#article\",\"isPartOf\":{\"@id\":\"https:\\\/\\\/www.geopolitics.fr\\\/2024\\\/08\\\/12\\\/lamerique-latine-une-catastrophe-geopolitique\\\/\"},\"author\":{\"name\":\"David OSORIO\",\"@id\":\"https:\\\/\\\/www.geopolitics.fr\\\/#\\\/schema\\\/person\\\/02c106c0272bd8f8e39e0adf38864870\"},\"headline\":\"L&rsquo;Am\u00e9rique Latine, une catastrophe g\u00e9opolitique ?\",\"datePublished\":\"2024-08-12T09:35:50+00:00\",\"dateModified\":\"2024-08-12T09:35:52+00:00\",\"mainEntityOfPage\":{\"@id\":\"https:\\\/\\\/www.geopolitics.fr\\\/2024\\\/08\\\/12\\\/lamerique-latine-une-catastrophe-geopolitique\\\/\"},\"wordCount\":1967,\"commentCount\":0,\"publisher\":{\"@id\":\"https:\\\/\\\/www.geopolitics.fr\\\/#organization\"},\"image\":{\"@id\":\"https:\\\/\\\/www.geopolitics.fr\\\/2024\\\/08\\\/12\\\/lamerique-latine-une-catastrophe-geopolitique\\\/#primaryimage\"},\"thumbnailUrl\":\"https:\\\/\\\/www.geopolitics.fr\\\/wp-content\\\/uploads\\\/2024\\\/08\\\/am-sud.png\",\"keywords\":[\"GEOPOLITIQUE\"],\"articleSection\":[\"International\",\"Mis en AVANT\"],\"inLanguage\":\"en-GB\"},{\"@type\":\"WebPage\",\"@id\":\"https:\\\/\\\/www.geopolitics.fr\\\/2024\\\/08\\\/12\\\/lamerique-latine-une-catastrophe-geopolitique\\\/\",\"url\":\"https:\\\/\\\/www.geopolitics.fr\\\/2024\\\/08\\\/12\\\/lamerique-latine-une-catastrophe-geopolitique\\\/\",\"name\":\"L'Am\u00e9rique Latine, une catastrophe g\u00e9opolitique ? | Geopolitics.fr\",\"isPartOf\":{\"@id\":\"https:\\\/\\\/www.geopolitics.fr\\\/#website\"},\"primaryImageOfPage\":{\"@id\":\"https:\\\/\\\/www.geopolitics.fr\\\/2024\\\/08\\\/12\\\/lamerique-latine-une-catastrophe-geopolitique\\\/#primaryimage\"},\"image\":{\"@id\":\"https:\\\/\\\/www.geopolitics.fr\\\/2024\\\/08\\\/12\\\/lamerique-latine-une-catastrophe-geopolitique\\\/#primaryimage\"},\"thumbnailUrl\":\"https:\\\/\\\/www.geopolitics.fr\\\/wp-content\\\/uploads\\\/2024\\\/08\\\/am-sud.png\",\"datePublished\":\"2024-08-12T09:35:50+00:00\",\"dateModified\":\"2024-08-12T09:35:52+00:00\",\"description\":\"De l'\u00e9chec des politiques lib\u00e9rales aux prises de pouvoir d'une gauche autoritaire, l'Am\u00e9rique Latine se cherche un avenir g\u00e9opolitique\",\"breadcrumb\":{\"@id\":\"https:\\\/\\\/www.geopolitics.fr\\\/2024\\\/08\\\/12\\\/lamerique-latine-une-catastrophe-geopolitique\\\/#breadcrumb\"},\"inLanguage\":\"en-GB\",\"potentialAction\":[{\"@type\":\"ReadAction\",\"target\":[\"https:\\\/\\\/www.geopolitics.fr\\\/2024\\\/08\\\/12\\\/lamerique-latine-une-catastrophe-geopolitique\\\/\"]}]},{\"@type\":\"ImageObject\",\"inLanguage\":\"en-GB\",\"@id\":\"https:\\\/\\\/www.geopolitics.fr\\\/2024\\\/08\\\/12\\\/lamerique-latine-une-catastrophe-geopolitique\\\/#primaryimage\",\"url\":\"https:\\\/\\\/www.geopolitics.fr\\\/wp-content\\\/uploads\\\/2024\\\/08\\\/am-sud.png\",\"contentUrl\":\"https:\\\/\\\/www.geopolitics.fr\\\/wp-content\\\/uploads\\\/2024\\\/08\\\/am-sud.png\",\"width\":560,\"height\":320},{\"@type\":\"BreadcrumbList\",\"@id\":\"https:\\\/\\\/www.geopolitics.fr\\\/2024\\\/08\\\/12\\\/lamerique-latine-une-catastrophe-geopolitique\\\/#breadcrumb\",\"itemListElement\":[{\"@type\":\"ListItem\",\"position\":1,\"name\":\"Accueil\",\"item\":\"https:\\\/\\\/www.geopolitics.fr\\\/\"},{\"@type\":\"ListItem\",\"position\":2,\"name\":\"L&#8217;Am\u00e9rique Latine, une catastrophe g\u00e9opolitique ?\"}]},{\"@type\":\"WebSite\",\"@id\":\"https:\\\/\\\/www.geopolitics.fr\\\/#website\",\"url\":\"https:\\\/\\\/www.geopolitics.fr\\\/\",\"name\":\"Geopolitics.fr\",\"description\":\"Geopolitics.fr Analyse politique, relations internationales, d\u00e9fense - ligne \u00e9ditoriale gaullo-chiraquienne\",\"publisher\":{\"@id\":\"https:\\\/\\\/www.geopolitics.fr\\\/#organization\"},\"potentialAction\":[{\"@type\":\"SearchAction\",\"target\":{\"@type\":\"EntryPoint\",\"urlTemplate\":\"https:\\\/\\\/www.geopolitics.fr\\\/?s={search_term_string}\"},\"query-input\":{\"@type\":\"PropertyValueSpecification\",\"valueRequired\":true,\"valueName\":\"search_term_string\"}}],\"inLanguage\":\"en-GB\"},{\"@type\":\"Organization\",\"@id\":\"https:\\\/\\\/www.geopolitics.fr\\\/#organization\",\"name\":\"Geopolitics.fr\",\"url\":\"https:\\\/\\\/www.geopolitics.fr\\\/\",\"logo\":{\"@type\":\"ImageObject\",\"inLanguage\":\"en-GB\",\"@id\":\"https:\\\/\\\/www.geopolitics.fr\\\/#\\\/schema\\\/logo\\\/image\\\/\",\"url\":\"https:\\\/\\\/www.geopolitics.fr\\\/wp-content\\\/uploads\\\/2024\\\/01\\\/logo.jpg\",\"contentUrl\":\"https:\\\/\\\/www.geopolitics.fr\\\/wp-content\\\/uploads\\\/2024\\\/01\\\/logo.jpg\",\"width\":500,\"height\":500,\"caption\":\"Geopolitics.fr\"},\"image\":{\"@id\":\"https:\\\/\\\/www.geopolitics.fr\\\/#\\\/schema\\\/logo\\\/image\\\/\"},\"sameAs\":[\"https:\\\/\\\/www.facebook.com\\\/people\\\/Erwan-Davoux\\\/61557098968092\\\/\",\"https:\\\/\\\/x.com\\\/Geopolitics_Fr\"]},{\"@type\":\"Person\",\"@id\":\"https:\\\/\\\/www.geopolitics.fr\\\/#\\\/schema\\\/person\\\/02c106c0272bd8f8e39e0adf38864870\",\"name\":\"David OSORIO\",\"image\":{\"@type\":\"ImageObject\",\"inLanguage\":\"en-GB\",\"@id\":\"https:\\\/\\\/www.geopolitics.fr\\\/wp-content\\\/uploads\\\/2025\\\/09\\\/OSORIO-96x96.jpg\",\"url\":\"https:\\\/\\\/www.geopolitics.fr\\\/wp-content\\\/uploads\\\/2025\\\/09\\\/OSORIO-96x96.jpg\",\"contentUrl\":\"https:\\\/\\\/www.geopolitics.fr\\\/wp-content\\\/uploads\\\/2025\\\/09\\\/OSORIO-96x96.jpg\",\"caption\":\"David OSORIO\"},\"description\":\"David Osorio est avocat et ancien diplomate v\u00e9n\u00e9zu\u00e9lien. Expert en droit international, g\u00e9opolitique et affaires multilat\u00e9rales. Essayiste sur l'actualit\u00e9 politique internationale.\",\"sameAs\":[\"https:\\\/\\\/www.linkedin.com\\\/in\\\/davidalejandroosoriomeneses\\\/\"],\"url\":\"https:\\\/\\\/www.geopolitics.fr\\\/en\\\/author\\\/david-osorio\\\/\"}]}<\/script>\n<!-- \/ Yoast SEO Premium plugin. -->","yoast_head_json":{"title":"L'Am\u00e9rique Latine, une catastrophe g\u00e9opolitique ? | Geopolitics.fr","description":"De l'\u00e9chec des politiques lib\u00e9rales aux prises de pouvoir d'une gauche autoritaire, l'Am\u00e9rique Latine se cherche un avenir g\u00e9opolitique","robots":{"index":"index","follow":"follow","max-snippet":"max-snippet:-1","max-image-preview":"max-image-preview:large","max-video-preview":"max-video-preview:-1"},"canonical":"https:\/\/www.geopolitics.fr\/en\/2024\/08\/12\/lamerique-latine-une-catastrophe-geopolitique\/","og_locale":"en_GB","og_type":"article","og_title":"L'Am\u00e9rique Latine, une catastrophe g\u00e9opolitique ?","og_description":"De l'\u00e9chec des politiques lib\u00e9rales aux prises de pouvoir d'une gauche autoritaire, l'Am\u00e9rique Latine se cherche un avenir g\u00e9opolitique","og_url":"https:\/\/www.geopolitics.fr\/en\/2024\/08\/12\/lamerique-latine-une-catastrophe-geopolitique\/","og_site_name":"Geopolitics.fr","article_publisher":"https:\/\/www.facebook.com\/people\/Erwan-Davoux\/61557098968092\/","article_published_time":"2024-08-12T09:35:50+00:00","article_modified_time":"2024-08-12T09:35:52+00:00","og_image":[{"width":560,"height":320,"url":"https:\/\/www.geopolitics.fr\/wp-content\/uploads\/2024\/08\/am-sud.png","type":"image\/png"}],"author":"David OSORIO","twitter_card":"summary_large_image","twitter_creator":"@Geopolitics_Fr","twitter_site":"@Geopolitics_Fr","twitter_misc":{"Written by":"David OSORIO","Estimated reading time":"9 minutes"},"schema":{"@context":"https:\/\/schema.org","@graph":[{"@type":"Article","@id":"https:\/\/www.geopolitics.fr\/2024\/08\/12\/lamerique-latine-une-catastrophe-geopolitique\/#article","isPartOf":{"@id":"https:\/\/www.geopolitics.fr\/2024\/08\/12\/lamerique-latine-une-catastrophe-geopolitique\/"},"author":{"name":"David OSORIO","@id":"https:\/\/www.geopolitics.fr\/#\/schema\/person\/02c106c0272bd8f8e39e0adf38864870"},"headline":"L&rsquo;Am\u00e9rique Latine, une catastrophe g\u00e9opolitique ?","datePublished":"2024-08-12T09:35:50+00:00","dateModified":"2024-08-12T09:35:52+00:00","mainEntityOfPage":{"@id":"https:\/\/www.geopolitics.fr\/2024\/08\/12\/lamerique-latine-une-catastrophe-geopolitique\/"},"wordCount":1967,"commentCount":0,"publisher":{"@id":"https:\/\/www.geopolitics.fr\/#organization"},"image":{"@id":"https:\/\/www.geopolitics.fr\/2024\/08\/12\/lamerique-latine-une-catastrophe-geopolitique\/#primaryimage"},"thumbnailUrl":"https:\/\/www.geopolitics.fr\/wp-content\/uploads\/2024\/08\/am-sud.png","keywords":["GEOPOLITIQUE"],"articleSection":["International","Mis en AVANT"],"inLanguage":"en-GB"},{"@type":"WebPage","@id":"https:\/\/www.geopolitics.fr\/2024\/08\/12\/lamerique-latine-une-catastrophe-geopolitique\/","url":"https:\/\/www.geopolitics.fr\/2024\/08\/12\/lamerique-latine-une-catastrophe-geopolitique\/","name":"L'Am\u00e9rique Latine, une catastrophe g\u00e9opolitique ? | Geopolitics.fr","isPartOf":{"@id":"https:\/\/www.geopolitics.fr\/#website"},"primaryImageOfPage":{"@id":"https:\/\/www.geopolitics.fr\/2024\/08\/12\/lamerique-latine-une-catastrophe-geopolitique\/#primaryimage"},"image":{"@id":"https:\/\/www.geopolitics.fr\/2024\/08\/12\/lamerique-latine-une-catastrophe-geopolitique\/#primaryimage"},"thumbnailUrl":"https:\/\/www.geopolitics.fr\/wp-content\/uploads\/2024\/08\/am-sud.png","datePublished":"2024-08-12T09:35:50+00:00","dateModified":"2024-08-12T09:35:52+00:00","description":"De l'\u00e9chec des politiques lib\u00e9rales aux prises de pouvoir d'une gauche autoritaire, l'Am\u00e9rique Latine se cherche un avenir g\u00e9opolitique","breadcrumb":{"@id":"https:\/\/www.geopolitics.fr\/2024\/08\/12\/lamerique-latine-une-catastrophe-geopolitique\/#breadcrumb"},"inLanguage":"en-GB","potentialAction":[{"@type":"ReadAction","target":["https:\/\/www.geopolitics.fr\/2024\/08\/12\/lamerique-latine-une-catastrophe-geopolitique\/"]}]},{"@type":"ImageObject","inLanguage":"en-GB","@id":"https:\/\/www.geopolitics.fr\/2024\/08\/12\/lamerique-latine-une-catastrophe-geopolitique\/#primaryimage","url":"https:\/\/www.geopolitics.fr\/wp-content\/uploads\/2024\/08\/am-sud.png","contentUrl":"https:\/\/www.geopolitics.fr\/wp-content\/uploads\/2024\/08\/am-sud.png","width":560,"height":320},{"@type":"BreadcrumbList","@id":"https:\/\/www.geopolitics.fr\/2024\/08\/12\/lamerique-latine-une-catastrophe-geopolitique\/#breadcrumb","itemListElement":[{"@type":"ListItem","position":1,"name":"Accueil","item":"https:\/\/www.geopolitics.fr\/"},{"@type":"ListItem","position":2,"name":"L&#8217;Am\u00e9rique Latine, une catastrophe g\u00e9opolitique ?"}]},{"@type":"WebSite","@id":"https:\/\/www.geopolitics.fr\/#website","url":"https:\/\/www.geopolitics.fr\/","name":"Geopolitics.fr","description":"Geopolitics.fr Analyse politique, relations internationales, d\u00e9fense - ligne \u00e9ditoriale gaullo-chiraquienne","publisher":{"@id":"https:\/\/www.geopolitics.fr\/#organization"},"potentialAction":[{"@type":"SearchAction","target":{"@type":"EntryPoint","urlTemplate":"https:\/\/www.geopolitics.fr\/?s={search_term_string}"},"query-input":{"@type":"PropertyValueSpecification","valueRequired":true,"valueName":"search_term_string"}}],"inLanguage":"en-GB"},{"@type":"Organization","@id":"https:\/\/www.geopolitics.fr\/#organization","name":"Geopolitics.fr","url":"https:\/\/www.geopolitics.fr\/","logo":{"@type":"ImageObject","inLanguage":"en-GB","@id":"https:\/\/www.geopolitics.fr\/#\/schema\/logo\/image\/","url":"https:\/\/www.geopolitics.fr\/wp-content\/uploads\/2024\/01\/logo.jpg","contentUrl":"https:\/\/www.geopolitics.fr\/wp-content\/uploads\/2024\/01\/logo.jpg","width":500,"height":500,"caption":"Geopolitics.fr"},"image":{"@id":"https:\/\/www.geopolitics.fr\/#\/schema\/logo\/image\/"},"sameAs":["https:\/\/www.facebook.com\/people\/Erwan-Davoux\/61557098968092\/","https:\/\/x.com\/Geopolitics_Fr"]},{"@type":"Person","@id":"https:\/\/www.geopolitics.fr\/#\/schema\/person\/02c106c0272bd8f8e39e0adf38864870","name":"David OSORIO","image":{"@type":"ImageObject","inLanguage":"en-GB","@id":"https:\/\/www.geopolitics.fr\/wp-content\/uploads\/2025\/09\/OSORIO-96x96.jpg","url":"https:\/\/www.geopolitics.fr\/wp-content\/uploads\/2025\/09\/OSORIO-96x96.jpg","contentUrl":"https:\/\/www.geopolitics.fr\/wp-content\/uploads\/2025\/09\/OSORIO-96x96.jpg","caption":"David OSORIO"},"description":"David Osorio est avocat et ancien diplomate v\u00e9n\u00e9zu\u00e9lien. Expert en droit international, g\u00e9opolitique et affaires multilat\u00e9rales. Essayiste sur l'actualit\u00e9 politique internationale.","sameAs":["https:\/\/www.linkedin.com\/in\/davidalejandroosoriomeneses\/"],"url":"https:\/\/www.geopolitics.fr\/en\/author\/david-osorio\/"}]}},"_links":{"self":[{"href":"https:\/\/www.geopolitics.fr\/en\/wp-json\/wp\/v2\/posts\/2970","targetHints":{"allow":["GET"]}}],"collection":[{"href":"https:\/\/www.geopolitics.fr\/en\/wp-json\/wp\/v2\/posts"}],"about":[{"href":"https:\/\/www.geopolitics.fr\/en\/wp-json\/wp\/v2\/types\/post"}],"author":[{"embeddable":true,"href":"https:\/\/www.geopolitics.fr\/en\/wp-json\/wp\/v2\/users\/35"}],"replies":[{"embeddable":true,"href":"https:\/\/www.geopolitics.fr\/en\/wp-json\/wp\/v2\/comments?post=2970"}],"version-history":[{"count":0,"href":"https:\/\/www.geopolitics.fr\/en\/wp-json\/wp\/v2\/posts\/2970\/revisions"}],"wp:featuredmedia":[{"embeddable":true,"href":"https:\/\/www.geopolitics.fr\/en\/wp-json\/wp\/v2\/media\/2971"}],"wp:attachment":[{"href":"https:\/\/www.geopolitics.fr\/en\/wp-json\/wp\/v2\/media?parent=2970"}],"wp:term":[{"taxonomy":"category","embeddable":true,"href":"https:\/\/www.geopolitics.fr\/en\/wp-json\/wp\/v2\/categories?post=2970"},{"taxonomy":"post_tag","embeddable":true,"href":"https:\/\/www.geopolitics.fr\/en\/wp-json\/wp\/v2\/tags?post=2970"}],"curies":[{"name":"wp","href":"https:\/\/api.w.org\/{rel}","templated":true}]}}