{"id":2938,"date":"2024-07-17T13:25:04","date_gmt":"2024-07-17T11:25:04","guid":{"rendered":"https:\/\/www.geopolitics.fr\/?p=2938"},"modified":"2024-07-17T13:27:04","modified_gmt":"2024-07-17T11:27:04","slug":"dans-marianne-actualites-et-debats","status":"publish","type":"post","link":"https:\/\/www.geopolitics.fr\/en\/2024\/07\/17\/dans-marianne-actualites-et-debats\/","title":{"rendered":"Dans Marianne &#8211; Actualit\u00e9s et d\u00e9bats"},"content":{"rendered":"\n<h1 class=\"wp-block-heading\" id=\"h-macron-veut-reussir-la-ou-ses-predecesseurs-ont-echoue-qu-attendre-de-la-visite-du-president-algerien-en-france\">Macron veut r\u00e9ussir l\u00e0 o\u00f9 ses pr\u00e9d\u00e9cesseurs ont \u00e9chou\u00e9\u00a0\u00bb : qu&rsquo;attendre de la visite du pr\u00e9sident alg\u00e9rien en France ?<\/h1>\n\n\n\n<h2 class=\"wp-block-heading\" id=\"h-tribune\">Tribune<\/h2>\n\n\n\n<h2 class=\"wp-block-heading\" id=\"h-par-nbsp-erwan-davoux\">Par&nbsp;Erwan Davoux<\/h2>\n\n\n\n<p class=\"wp-block-paragraph\">Publi\u00e9 le&nbsp;17\/07\/2024 \u00e0 11:16<\/p>\n\n\n\n<p class=\"wp-block-paragraph\">Les multiples reports de cette visite lui conf\u00e8rent l\u2019appellation \u00ab&nbsp;d\u2019arl\u00e9sienne&nbsp;\u00bb\u2026 Ceux-ci sont dus \u00e0&nbsp;l\u2019\u00e9pineuse question des biens \u00e0 restituer en voie de r\u00e8glement. En effet, la commission mixte d&rsquo;historiens alg\u00e9riens et fran\u00e7ais a rendu public, le 27&nbsp;mai dernier, un document r\u00e9sumant les r\u00e9sultats de sa cinqui\u00e8me rencontre, tenue \u00e0 Alger du 20 au 24&nbsp;mai. La partie alg\u00e9rienne a soumis une liste ouverte de biens historiques et symboliques devant \u00eatre restitu\u00e9s par la France \u00e0 l&rsquo;Alg\u00e9rie. La r\u00e9ponse fran\u00e7aise est favorable. Le second point d\u2019achoppement r\u00e9sulte d\u2019une maladresse&nbsp;commise par l\u2019\u00c9lys\u00e9e&nbsp;: inviter le pr\u00e9sident Abdelmadjid Tebboune alors que ce dernier se trouve en fin de mandat&nbsp;a \u00e9t\u00e9 interpr\u00e9t\u00e9, en Alg\u00e9rie, fort logiquement, comme une immixtion dans les affaires int\u00e9rieures. Pour l\u2019opinion publique alg\u00e9rienne, c&rsquo;est une accusation r\u00e9dhibitoire.<\/p>\n\n\n\n<p class=\"wp-block-paragraph\">Adelmajid Tebboune a officiellement annonc\u00e9 sa candidature le 11&nbsp;juillet.&nbsp;Il est le grand favori d\u2019une \u00e9lection qui comptera n\u00e9anmoins pl\u00e9thore de candidats. S&rsquo;il est r\u00e9\u00e9lu, il est probable qu&rsquo;il se rende en septembre ou octobre prochain en France. C&rsquo;est du c\u00f4t\u00e9 fran\u00e7ais que la situation a consid\u00e9rablement \u00e9volu\u00e9 en raison des \u00e9lections l\u00e9gislatives anticip\u00e9es&nbsp;: la paralysie politique actuelle ne favorise pas la tenue d\u2019une visite hautement symbolique et particuli\u00e8rement sensible.<\/p>\n\n\n\n<p class=\"wp-block-paragraph\">En Alg\u00e9rie comme en France, la relation bilat\u00e9rale n\u2019\u00e9chappe pas aux contingences de politique int\u00e9rieure. Si la d\u00e9signation d\u2019un nouveau gouvernement fran\u00e7ais est un pr\u00e9alable, il convient de savoir sur quelles forces politiques il s\u2019appuiera.&nbsp;Le d\u00e9part d\u2019\u00c9ric Ciotti, pour qui&nbsp;le d\u00e9nigrement de l\u2019Alg\u00e9rie \u00e9tait un r\u00e9flexe pavlovien, est un \u00e9l\u00e9ment \u00e0 prendre en consid\u00e9ration. N\u00e9anmoins, sa position n\u2019\u00e9tait pas isol\u00e9e au sein des R\u00e9publicains, parti qui n\u2019a plus la moindre ligne en politique \u00e9trang\u00e8re et ne voit l\u2019international qu\u2019\u00e0 l\u2019aune de pseudo-retomb\u00e9es de politique int\u00e9rieure.<\/p>\n\n\n\n<h2 class=\"wp-block-heading\" id=\"h-figure-de-l-emir-abdelkader\">FIGURE DE L&rsquo;\u00c9MIR ABDELKADER<\/h2>\n\n\n\n<p class=\"wp-block-paragraph\">La relation personnelle entre Emmanuel Macron est le pr\u00e9sident alg\u00e9rien est amicale. Des photos du G7 le 15&nbsp;juin dernier font dire que&nbsp;le langage non-verbal ne trompe pas. Alors, qu&rsquo;attendre de cette visite&nbsp;? Du c\u00f4t\u00e9 alg\u00e9rien, Abdelmadjid Tebboune poursuit deux objectifs principaux. Le premier est d&rsquo;obtenir la garantie qu\u2019il n\u2019y aura pas d\u2019\u00e9volution de l\u2019accord de 1968&nbsp;qui r\u00e9glemente les circulations, l&#8217;emploi et le s\u00e9jour des ressortissants alg\u00e9riens en France. En effet, de nombreux hommes politiques fran\u00e7ais du centre droit \u00e0 l\u2019extr\u00eame droite se sont prononc\u00e9s en faveur de sa r\u00e9vision. Or, cela ferait perdre un statut sp\u00e9cial aux Alg\u00e9riens, d\u00e9rogatoire, et plus avantageux que le droit commun.<\/p>\n\n\n\n<p class=\"wp-block-paragraph\">Le second objectif a trait au m\u00e9moriel.&nbsp;Le pr\u00e9sident alg\u00e9rien a affirm\u00e9, mardi 7&nbsp;mai, que le dossier m\u00e9moriel avec la France sur l\u2019\u00e9poque coloniale&nbsp;<em>\u00ab&nbsp;ne saurait faire l\u2019objet de concessions ni de compromis&nbsp;\u00bb<\/em>&nbsp;et devait \u00eatre trait\u00e9 de mani\u00e8re&nbsp;<em>\u00ab&nbsp;audacieuse&nbsp;\u00bb<\/em>, \u00e0 l\u2019occasion de la Journ\u00e9e de la m\u00e9moire, marquant l\u2019anniversaire des massacres du 8&nbsp;mai 1945 \u00e0 S\u00e9tif.<\/p>\n\n\n\n<p class=\"wp-block-paragraph\">Emmanuel Macron veut quant \u00e0 lui communiquer sur le fait qu\u2019il a obtenu satisfaction sur les laissez-passer consulaires. Surtout, le pr\u00e9sident fran\u00e7ais veut r\u00e9ussir l\u00e0 o\u00f9 ces pr\u00e9d\u00e9cesseurs ont \u00e9chou\u00e9&nbsp;: la v\u00e9ritable r\u00e9conciliation avec l\u2019Alg\u00e9rie. Il veut son \u00ab&nbsp;trait\u00e9 de l\u2019\u00c9lys\u00e9e&nbsp;\u00bb avec l\u2019Alg\u00e9rie, selon un haut diplomate fran\u00e7ais.&nbsp;Dans la symbolique, la figure de l\u2019\u00e9mir Abdelkader (1808-1883) devrait jouer un r\u00f4le cl\u00e9, d\u2019autant que ses effets personnels figurent parmi les biens \u00e0 restituer.<\/p>\n\n\n\n<h2 class=\"wp-block-heading\" id=\"h-troisieme-economie-du-continent\">TROISI\u00c8ME \u00c9CONOMIE DU CONTINENT<\/h2>\n\n\n\n<p class=\"wp-block-paragraph\">C\u2019est avec Jacques Chirac qu\u2019Abdelaziz Bouteflika voulait d\u00e9passer le pass\u00e9. Le pr\u00e9sident fran\u00e7ais de l\u2019\u00e9poque pr\u00e9sentait deux avantages&nbsp;: il appartenait \u00e0 la mouvance gaulliste et avait combattu dignement lors de la guerre d\u2019Alg\u00e9rie. La politique arabe conduite \u00e9tait alors tr\u00e8s appr\u00e9ci\u00e9e.&nbsp;Mais tout le processus enclench\u00e9 avait \u00e9chou\u00e9 lors de l\u2019adoption de \u00ab&nbsp;l&rsquo;amendement Vanneste&nbsp;\u00bb \u00e0 l\u2019Assembl\u00e9e nationale, en f\u00e9vrier&nbsp;2005, sur&nbsp;<em>\u00ab&nbsp;le r\u00f4le positif de la colonisation&nbsp;\u00bb<\/em>. C\u2019est \u00e0 partir de cette date que les demandes de reconnaissance des Alg\u00e9riens sur le m\u00e9moriel se sont faites plus insistantes.<\/p>\n\n\n\n<p class=\"wp-block-paragraph\">Emmanuel Macron comme Abdelmadjid Tebboune sont d\u2019ores et d\u00e9j\u00e0 d\u2019accords pour communiquer sur la grande r\u00e9ussite de cette visite&nbsp;\u00e0 venir, chacun disant qu\u2019il a obtenu (quasiment) tout ce qu\u2019il souhaitait. Mais les enjeux sont \u00e9galement \u00e9conomiques. L\u2019\u00e9conomie alg\u00e9rienne est d\u00e9sormais la troisi\u00e8me du continent africain&nbsp;et profite \u00e0 plein, dans le secteur gazier, de la forte demande des pays europ\u00e9ens qui cherchent toujours des sources d\u2019\u00e9nergie alternatives au gaz russe.<\/p>\n\n\n\n<p class=\"wp-block-paragraph\">On assiste \u00e0 une multiplication des projets d\u2019investissement dans le gaz naturel liqu\u00e9fi\u00e9. Plusieurs contrats ont ainsi \u00e9t\u00e9 sign\u00e9s entre le groupe p\u00e9trolier alg\u00e9rien Sonatrach et l\u2019italien Eni, le fran\u00e7ais Total ou l\u2019am\u00e9ricain Occidental Petroleum, dans le but d\u2019augmenter la production en gaz et l\u2019approvisionnement de l\u2019Europe, notamment via le gazoduc Transmed qui achemine le gaz d\u2019Alg\u00e9rie vers l\u2019Italie.<\/p>\n\n\n\n<p class=\"wp-block-paragraph\">Abdlelmajid Tebboune a r\u00e9affirm\u00e9 le caract\u00e8re socialiste immuable de l\u2019\u00e9conomie alg\u00e9rienne dans son discours \u00e0 la nation de d\u00e9cembre&nbsp;2023. Et la mise en application est massive. Ainsi, le gouvernement a financ\u00e9 une augmentation progressive de 50&nbsp;% des salaires des travailleurs du secteur public d&rsquo;ici fin 2024, une augmentation des prestations de retraite pour les plus pauvres, ainsi que la revalorisation de l\u2019allocation ch\u00f4mage.<\/p>\n\n\n\n<h2 class=\"wp-block-heading\" id=\"h-diversification-diplomatico-economique\">DIVERSIFICATION DIPLOMATICO-\u00c9CONOMIQUE<\/h2>\n\n\n\n<p class=\"wp-block-paragraph\">Cette ann\u00e9e, l&rsquo;Alg\u00e9rie a adopt\u00e9 le budget le plus important de son histoire : 113&nbsp;milliards de dollars de d\u00e9penses publiques, soit une augmentation de 6&nbsp;%.&nbsp;Il pr\u00e9voit de maintenir les d\u00e9penses sociales pour soutenir le pouvoir d&rsquo;achat des m\u00e9nages. Les entreprises b\u00e9n\u00e9ficieront \u00e9galement de r\u00e9ductions d&rsquo;imp\u00f4ts. L&rsquo;investissement public devrait augmenter et sera principalement orient\u00e9 vers le logement, les projets d&rsquo;infrastructure et la d\u00e9fense.<\/p>\n\n\n\n<p class=\"wp-block-paragraph\">Toutefois, le gouvernement a mis en place des mesures incitatives pour attirer les investissements \u00e9trangers. La suppression de la restriction dite \u00ab 51\/49&nbsp;\u00bb dans les secteurs non strat\u00e9giques (la&nbsp;r\u00e8gle de partenariat avec un r\u00e9sident local majoritaire \u00e0 au moins 51&nbsp;% contre 49&nbsp;% pour la partie \u00e9trang\u00e8re \u00e9tait le principe jusqu\u2019en 2020), l\u2019am\u00e9lioration des conditions fiscales et la flexibilit\u00e9 des contrats dans le secteur des hydrocarbures sont autant d\u2019indices qui vont dans ce sens, de m\u00eame que la cr\u00e9ation d\u2019une nouvelle agence de promotion des investissements.<\/p>\n\n\n\n<p class=\"wp-block-paragraph\">Cependant, la diversification diplomatico-\u00e9conomique se fait au d\u00e9triment de la France. La Russie&nbsp;reste son fournisseur d&rsquo;armes privil\u00e9gi\u00e9. La visite en Russie, en juin&nbsp;2023, du pr\u00e9sident Tebboune a r\u00e9affirm\u00e9 la relation privil\u00e9gi\u00e9e entre Alger et Moscou.&nbsp;Par ailleurs, l&rsquo;Alg\u00e9rie et&nbsp;la Chine&nbsp;continuent de d\u00e9velopper leur coop\u00e9ration bilat\u00e9rale dans le cadre de l&rsquo;initiative \u00ab&nbsp;La Ceinture et la Route&nbsp;\u00bb. Et dans ce contexte, la France n&rsquo;est que le troisi\u00e8me investisseur en Alg\u00e9rie derri\u00e8re&nbsp;les&nbsp;\u00c9tats-Unis et l\u2019Italie \u2013 mais semble n\u00e9anmoins rester le premier hors hydrocarbures.<\/p>\n\n\n\n<h2 class=\"wp-block-heading\" id=\"h-mission-raffarin-bis\">MISSION RAFFARIN BIS<\/h2>\n\n\n\n<p class=\"wp-block-paragraph\">Certes, la d\u00e9claration d\u2019Alger&nbsp;sign\u00e9e entre les pr\u00e9sidents de la R\u00e9publique alg\u00e9rien et fran\u00e7ais, le 27&nbsp;ao\u00fbt 2022, d\u00e9finit le cadre global des relations \u00e9conomiques et des priorit\u00e9s en mati\u00e8re d\u2019investissements&nbsp;: \u00ab&nbsp;<em>La France et l\u2019Alg\u00e9rie&nbsp;<\/em>[&#8230;]&nbsp;<em>entendent favoriser une relance de leurs \u00e9changes \u00e9conomiques et encourager le d\u00e9veloppement des partenariats entre leurs entreprises ainsi que la recherche pour l\u2019innovation. Ces efforts porteront en priorit\u00e9 sur les secteurs d\u2019avenir&nbsp;: le num\u00e9rique, les \u00e9nergies renouvelables, les m\u00e9taux rares, la sant\u00e9, l\u2019agriculture et le tourisme. Les deux parties sont convenues de coop\u00e9rer sur la transition \u00e9nerg\u00e9tique \u2013 notamment \u00e0 travers une coop\u00e9ration dans les domaines du gaz et de l\u2019hydrog\u00e8ne.&nbsp;\u00bb<\/em>&nbsp;Mais dans les faits, cette d\u00e9claration tarde \u00e0 se concr\u00e9tiser et&nbsp;la relation \u00e9conomique bilat\u00e9rale reste tributaire de contentieux importants.<\/p>\n\n\n\n<p class=\"wp-block-paragraph\">Les potentialit\u00e9s d\u2019un partenariat renforc\u00e9 gagnant-gagnant sont nombreuses, notamment dans le domaine pharmaceutique ou le num\u00e9rique. Chacun conserve, c\u00f4t\u00e9 fran\u00e7ais comme c\u00f4t\u00e9 alg\u00e9rien, un excellent souvenir de la \u00ab&nbsp;mission Raffarin&nbsp;\u00bb, envoy\u00e9 sp\u00e9cial du pr\u00e9sident pour l\u2019Alg\u00e9rie, de 2010 \u00e0 2014. Coordonner la coop\u00e9ration \u00e9conomique, d\u00e9velopper les investissements fran\u00e7ais en Alg\u00e9rie et alg\u00e9riens en France, surmonter d&rsquo;\u00e9ventuelles difficult\u00e9s politico-administratives&nbsp;: tels \u00e9taient les enjeux. Son homologue a \u00e9t\u00e9 Mohamed Benmeradi, ministre de l\u2019Industrie et des PME, avec lequel l\u2019ancien Premier ministre conserve des relations amicales.<a href=\"https:\/\/www.marianne.net\/espace-debat\/debat\/faut-il-que-la-france-restitue-les-biens-historiques-que-l-algerie-lui-reclame?utm_source=article&amp;utm_campaign=ceOPXnhQGQ&amp;utm_content=faut-il-que-la-france-restitue-les-biens-historiques-que-l-algerie-lui-reclame&amp;mtm_keyword=true&amp;mtm_cid=204\"><\/a><\/p>\n\n\n\n<p class=\"wp-block-paragraph\"><a href=\"https:\/\/www.marianne.net\/espace-debat\/utilisateur\/bffa68ae7bb03f8e9cbc?utm_source=article&amp;utm_campaign=ceOPXnhQGQ&amp;utm_content=faut-il-que-la-france-restitue-les-biens-historiques-que-l-algerie-lui-reclame&amp;mtm_keyword=true&amp;mtm_cid=204\"><\/a>Rappelons que la \u00ab&nbsp;mission Raffarin&nbsp;\u00bb a permis de d\u00e9bloquer une douzaine de dossiers importants.&nbsp;Plus de la moiti\u00e9, soit 60&nbsp;% des douze dossiers&nbsp;qui \u00e9taient en suspens sur la table du Conseil national d\u2019investissement, avait \u00e9t\u00e9 r\u00e9gl\u00e9s. Pourquoi ne pas solliciter Jean-Pierre Raffarin pour reprendre du service dans un cadre bien d\u00e9fini&nbsp;? Issu du secteur priv\u00e9, l\u2019ancien Premier ministre a toujours accord\u00e9 une importance majeure au d\u00e9veloppement des entreprises fran\u00e7aises \u00e0 l\u2019international. En outre, avoir \u00e9t\u00e9 Premier ministre de Jacques Chirac ouvre bien des portes \u00e0 l\u2019\u00e9tranger, cette p\u00e9riode \u00e9tant associ\u00e9e \u00e0 un \u00e2ge d\u2019or, bien r\u00e9volu, de la diplomatie fran\u00e7aise. Cette option m\u00e9rite d\u2019\u00eatre \u00e9tudi\u00e9e.<\/p>\n\n\n\n<p class=\"wp-block-paragraph\"><a href=\"https:\/\/www.marianne.net\/agora\/tribunes-libres\/macron-veut-reussir-la-ou-ses-predecesseurs-ont-echoue-qu-attendre-de-la-visite-du-president-algerien-en-france\">\u00ab\u00a0Macron veut r\u00e9ussir l\u00e0 o\u00f9 ses pr\u00e9d\u00e9cesseurs ont \u00e9chou\u00e9\u00a0\u00bb : qu&rsquo;attendre de la visite du pr\u00e9sident alg\u00e9rien en France ? (marianne.net)<\/a><\/p>\n\n\n\n<ul class=\"wp-block-list\">\n<li><img decoding=\"async\" width=\"55\" height=\"55\" src=\"https:\/\/cdn.marianne.net\/assets\/static\/images\/placeholders\/placeholder-author.png\" alt=\"Erwan Davoux\">Par&nbsp;Erwan Davoux<\/li>\n<\/ul>\n","protected":false},"excerpt":{"rendered":"<p>Macron veut r\u00e9ussir l\u00e0 o\u00f9 ses pr\u00e9d\u00e9cesseurs ont \u00e9chou\u00e9\u00a0\u00bb : qu&rsquo;attendre de la visite du pr\u00e9sident alg\u00e9rien en France ? Tribune Par&nbsp;Erwan&hellip;<\/p>","protected":false},"author":9,"featured_media":2939,"comment_status":"open","ping_status":"open","sticky":false,"template":"","format":"standard","meta":{"_lmt_disableupdate":"","_lmt_disable":"","footnotes":""},"categories":[5,4],"tags":[312,184],"class_list":["post-2938","post","type-post","status-publish","format-standard","has-post-thumbnail","hentry","category-international","category-mis-en-avant","tag-raffarin","tag-tebboune"],"yoast_head":"<!-- This site is optimized with the Yoast SEO Premium plugin v28.1 (Yoast SEO v28.1) - https:\/\/yoast.com\/product\/yoast-seo-premium-wordpress\/ -->\n<title>Dans Marianne - Actualit\u00e9s et d\u00e9bats | Geopolitics.fr<\/title>\n<meta name=\"description\" content=\"La visite en France du Pr\u00e9sident Tebboune r\u00e9\u00e9lu, devrait avoir lieu \u00e0 l&#039;automne. Les enjeux sont m\u00e9moriels, politiques et \u00e9conomiques.\" \/>\n<meta name=\"robots\" content=\"index, follow, max-snippet:-1, max-image-preview:large, max-video-preview:-1\" \/>\n<link rel=\"canonical\" href=\"https:\/\/www.geopolitics.fr\/en\/2024\/07\/17\/dans-marianne-actualites-et-debats\/\" \/>\n<meta property=\"og:locale\" content=\"en_GB\" \/>\n<meta property=\"og:type\" content=\"article\" \/>\n<meta property=\"og:title\" content=\"Dans Marianne - Actualit\u00e9s et d\u00e9bats\" \/>\n<meta property=\"og:description\" content=\"La visite en France du Pr\u00e9sident Tebboune r\u00e9\u00e9lu, devrait avoir lieu \u00e0 l&#039;automne. Les enjeux sont m\u00e9moriels, politiques et \u00e9conomiques.\" \/>\n<meta property=\"og:url\" content=\"https:\/\/www.geopolitics.fr\/en\/2024\/07\/17\/dans-marianne-actualites-et-debats\/\" \/>\n<meta property=\"og:site_name\" content=\"Geopolitics.fr\" \/>\n<meta property=\"article:publisher\" content=\"https:\/\/www.facebook.com\/people\/Erwan-Davoux\/61557098968092\/\" \/>\n<meta property=\"article:published_time\" content=\"2024-07-17T11:25:04+00:00\" \/>\n<meta property=\"article:modified_time\" content=\"2024-07-17T11:27:04+00:00\" \/>\n<meta property=\"og:image\" content=\"https:\/\/www.geopolitics.fr\/wp-content\/uploads\/2024\/07\/MAC-BOUTEF.jpg\" \/>\n\t<meta property=\"og:image:width\" content=\"760\" \/>\n\t<meta property=\"og:image:height\" content=\"451\" \/>\n\t<meta property=\"og:image:type\" content=\"image\/jpeg\" \/>\n<meta name=\"author\" content=\"contact@geopolitics.fr\" \/>\n<meta name=\"twitter:card\" content=\"summary_large_image\" \/>\n<meta name=\"twitter:creator\" content=\"@Geopolitics_Fr\" \/>\n<meta name=\"twitter:site\" content=\"@Geopolitics_Fr\" \/>\n<meta name=\"twitter:label1\" content=\"Written by\" \/>\n\t<meta name=\"twitter:data1\" content=\"contact@geopolitics.fr\" \/>\n\t<meta name=\"twitter:label2\" content=\"Estimated reading time\" \/>\n\t<meta name=\"twitter:data2\" content=\"8 minutes\" \/>\n<script type=\"application\/ld+json\" class=\"yoast-schema-graph\">{\"@context\":\"https:\\\/\\\/schema.org\",\"@graph\":[{\"@type\":\"Article\",\"@id\":\"https:\\\/\\\/www.geopolitics.fr\\\/2024\\\/07\\\/17\\\/dans-marianne-actualites-et-debats\\\/#article\",\"isPartOf\":{\"@id\":\"https:\\\/\\\/www.geopolitics.fr\\\/2024\\\/07\\\/17\\\/dans-marianne-actualites-et-debats\\\/\"},\"author\":{\"name\":\"contact@geopolitics.fr\",\"@id\":\"https:\\\/\\\/www.geopolitics.fr\\\/#\\\/schema\\\/person\\\/69dde260ad11805e2aa68f0d9e9128da\"},\"headline\":\"Dans Marianne &#8211; Actualit\u00e9s et d\u00e9bats\",\"datePublished\":\"2024-07-17T11:25:04+00:00\",\"dateModified\":\"2024-07-17T11:27:04+00:00\",\"mainEntityOfPage\":{\"@id\":\"https:\\\/\\\/www.geopolitics.fr\\\/2024\\\/07\\\/17\\\/dans-marianne-actualites-et-debats\\\/\"},\"wordCount\":1766,\"commentCount\":0,\"publisher\":{\"@id\":\"https:\\\/\\\/www.geopolitics.fr\\\/#organization\"},\"image\":{\"@id\":\"https:\\\/\\\/www.geopolitics.fr\\\/2024\\\/07\\\/17\\\/dans-marianne-actualites-et-debats\\\/#primaryimage\"},\"thumbnailUrl\":\"https:\\\/\\\/www.geopolitics.fr\\\/wp-content\\\/uploads\\\/2024\\\/07\\\/MAC-BOUTEF.jpg\",\"keywords\":[\"RAFFARIN\",\"TEBBOUNE\"],\"articleSection\":[\"International\",\"Mis en AVANT\"],\"inLanguage\":\"en-GB\"},{\"@type\":\"WebPage\",\"@id\":\"https:\\\/\\\/www.geopolitics.fr\\\/2024\\\/07\\\/17\\\/dans-marianne-actualites-et-debats\\\/\",\"url\":\"https:\\\/\\\/www.geopolitics.fr\\\/2024\\\/07\\\/17\\\/dans-marianne-actualites-et-debats\\\/\",\"name\":\"Dans Marianne - Actualit\u00e9s et d\u00e9bats | Geopolitics.fr\",\"isPartOf\":{\"@id\":\"https:\\\/\\\/www.geopolitics.fr\\\/#website\"},\"primaryImageOfPage\":{\"@id\":\"https:\\\/\\\/www.geopolitics.fr\\\/2024\\\/07\\\/17\\\/dans-marianne-actualites-et-debats\\\/#primaryimage\"},\"image\":{\"@id\":\"https:\\\/\\\/www.geopolitics.fr\\\/2024\\\/07\\\/17\\\/dans-marianne-actualites-et-debats\\\/#primaryimage\"},\"thumbnailUrl\":\"https:\\\/\\\/www.geopolitics.fr\\\/wp-content\\\/uploads\\\/2024\\\/07\\\/MAC-BOUTEF.jpg\",\"datePublished\":\"2024-07-17T11:25:04+00:00\",\"dateModified\":\"2024-07-17T11:27:04+00:00\",\"description\":\"La visite en France du Pr\u00e9sident Tebboune r\u00e9\u00e9lu, devrait avoir lieu \u00e0 l'automne. Les enjeux sont m\u00e9moriels, politiques et \u00e9conomiques.\",\"breadcrumb\":{\"@id\":\"https:\\\/\\\/www.geopolitics.fr\\\/2024\\\/07\\\/17\\\/dans-marianne-actualites-et-debats\\\/#breadcrumb\"},\"inLanguage\":\"en-GB\",\"potentialAction\":[{\"@type\":\"ReadAction\",\"target\":[\"https:\\\/\\\/www.geopolitics.fr\\\/2024\\\/07\\\/17\\\/dans-marianne-actualites-et-debats\\\/\"]}]},{\"@type\":\"ImageObject\",\"inLanguage\":\"en-GB\",\"@id\":\"https:\\\/\\\/www.geopolitics.fr\\\/2024\\\/07\\\/17\\\/dans-marianne-actualites-et-debats\\\/#primaryimage\",\"url\":\"https:\\\/\\\/www.geopolitics.fr\\\/wp-content\\\/uploads\\\/2024\\\/07\\\/MAC-BOUTEF.jpg\",\"contentUrl\":\"https:\\\/\\\/www.geopolitics.fr\\\/wp-content\\\/uploads\\\/2024\\\/07\\\/MAC-BOUTEF.jpg\",\"width\":760,\"height\":451},{\"@type\":\"BreadcrumbList\",\"@id\":\"https:\\\/\\\/www.geopolitics.fr\\\/2024\\\/07\\\/17\\\/dans-marianne-actualites-et-debats\\\/#breadcrumb\",\"itemListElement\":[{\"@type\":\"ListItem\",\"position\":1,\"name\":\"Accueil\",\"item\":\"https:\\\/\\\/www.geopolitics.fr\\\/\"},{\"@type\":\"ListItem\",\"position\":2,\"name\":\"Dans Marianne &#8211; Actualit\u00e9s et d\u00e9bats\"}]},{\"@type\":\"WebSite\",\"@id\":\"https:\\\/\\\/www.geopolitics.fr\\\/#website\",\"url\":\"https:\\\/\\\/www.geopolitics.fr\\\/\",\"name\":\"Geopolitics.fr\",\"description\":\"Geopolitics.fr Analyse politique, relations internationales, d\u00e9fense - ligne \u00e9ditoriale gaullo-chiraquienne\",\"publisher\":{\"@id\":\"https:\\\/\\\/www.geopolitics.fr\\\/#organization\"},\"potentialAction\":[{\"@type\":\"SearchAction\",\"target\":{\"@type\":\"EntryPoint\",\"urlTemplate\":\"https:\\\/\\\/www.geopolitics.fr\\\/?s={search_term_string}\"},\"query-input\":{\"@type\":\"PropertyValueSpecification\",\"valueRequired\":true,\"valueName\":\"search_term_string\"}}],\"inLanguage\":\"en-GB\"},{\"@type\":\"Organization\",\"@id\":\"https:\\\/\\\/www.geopolitics.fr\\\/#organization\",\"name\":\"Geopolitics.fr\",\"url\":\"https:\\\/\\\/www.geopolitics.fr\\\/\",\"logo\":{\"@type\":\"ImageObject\",\"inLanguage\":\"en-GB\",\"@id\":\"https:\\\/\\\/www.geopolitics.fr\\\/#\\\/schema\\\/logo\\\/image\\\/\",\"url\":\"https:\\\/\\\/www.geopolitics.fr\\\/wp-content\\\/uploads\\\/2024\\\/01\\\/logo.jpg\",\"contentUrl\":\"https:\\\/\\\/www.geopolitics.fr\\\/wp-content\\\/uploads\\\/2024\\\/01\\\/logo.jpg\",\"width\":500,\"height\":500,\"caption\":\"Geopolitics.fr\"},\"image\":{\"@id\":\"https:\\\/\\\/www.geopolitics.fr\\\/#\\\/schema\\\/logo\\\/image\\\/\"},\"sameAs\":[\"https:\\\/\\\/www.facebook.com\\\/people\\\/Erwan-Davoux\\\/61557098968092\\\/\",\"https:\\\/\\\/x.com\\\/Geopolitics_Fr\"]},{\"@type\":\"Person\",\"@id\":\"https:\\\/\\\/www.geopolitics.fr\\\/#\\\/schema\\\/person\\\/69dde260ad11805e2aa68f0d9e9128da\",\"name\":\"contact@geopolitics.fr\",\"image\":{\"@type\":\"ImageObject\",\"inLanguage\":\"en-GB\",\"@id\":\"https:\\\/\\\/www.geopolitics.fr\\\/wp-content\\\/uploads\\\/2024\\\/01\\\/edito-bonne-banniere-96x96.jpg\",\"url\":\"https:\\\/\\\/www.geopolitics.fr\\\/wp-content\\\/uploads\\\/2024\\\/01\\\/edito-bonne-banniere-96x96.jpg\",\"contentUrl\":\"https:\\\/\\\/www.geopolitics.fr\\\/wp-content\\\/uploads\\\/2024\\\/01\\\/edito-bonne-banniere-96x96.jpg\",\"caption\":\"contact@geopolitics.fr\"},\"url\":\"https:\\\/\\\/www.geopolitics.fr\\\/en\\\/author\\\/contactgeopolitics-fr\\\/\"}]}<\/script>\n<!-- \/ Yoast SEO Premium plugin. -->","yoast_head_json":{"title":"Dans Marianne - Actualit\u00e9s et d\u00e9bats | Geopolitics.fr","description":"La visite en France du Pr\u00e9sident Tebboune r\u00e9\u00e9lu, devrait avoir lieu \u00e0 l'automne. Les enjeux sont m\u00e9moriels, politiques et \u00e9conomiques.","robots":{"index":"index","follow":"follow","max-snippet":"max-snippet:-1","max-image-preview":"max-image-preview:large","max-video-preview":"max-video-preview:-1"},"canonical":"https:\/\/www.geopolitics.fr\/en\/2024\/07\/17\/dans-marianne-actualites-et-debats\/","og_locale":"en_GB","og_type":"article","og_title":"Dans Marianne - Actualit\u00e9s et d\u00e9bats","og_description":"La visite en France du Pr\u00e9sident Tebboune r\u00e9\u00e9lu, devrait avoir lieu \u00e0 l'automne. Les enjeux sont m\u00e9moriels, politiques et \u00e9conomiques.","og_url":"https:\/\/www.geopolitics.fr\/en\/2024\/07\/17\/dans-marianne-actualites-et-debats\/","og_site_name":"Geopolitics.fr","article_publisher":"https:\/\/www.facebook.com\/people\/Erwan-Davoux\/61557098968092\/","article_published_time":"2024-07-17T11:25:04+00:00","article_modified_time":"2024-07-17T11:27:04+00:00","og_image":[{"width":760,"height":451,"url":"https:\/\/www.geopolitics.fr\/wp-content\/uploads\/2024\/07\/MAC-BOUTEF.jpg","type":"image\/jpeg"}],"author":"contact@geopolitics.fr","twitter_card":"summary_large_image","twitter_creator":"@Geopolitics_Fr","twitter_site":"@Geopolitics_Fr","twitter_misc":{"Written by":"contact@geopolitics.fr","Estimated reading time":"8 minutes"},"schema":{"@context":"https:\/\/schema.org","@graph":[{"@type":"Article","@id":"https:\/\/www.geopolitics.fr\/2024\/07\/17\/dans-marianne-actualites-et-debats\/#article","isPartOf":{"@id":"https:\/\/www.geopolitics.fr\/2024\/07\/17\/dans-marianne-actualites-et-debats\/"},"author":{"name":"contact@geopolitics.fr","@id":"https:\/\/www.geopolitics.fr\/#\/schema\/person\/69dde260ad11805e2aa68f0d9e9128da"},"headline":"Dans Marianne &#8211; Actualit\u00e9s et d\u00e9bats","datePublished":"2024-07-17T11:25:04+00:00","dateModified":"2024-07-17T11:27:04+00:00","mainEntityOfPage":{"@id":"https:\/\/www.geopolitics.fr\/2024\/07\/17\/dans-marianne-actualites-et-debats\/"},"wordCount":1766,"commentCount":0,"publisher":{"@id":"https:\/\/www.geopolitics.fr\/#organization"},"image":{"@id":"https:\/\/www.geopolitics.fr\/2024\/07\/17\/dans-marianne-actualites-et-debats\/#primaryimage"},"thumbnailUrl":"https:\/\/www.geopolitics.fr\/wp-content\/uploads\/2024\/07\/MAC-BOUTEF.jpg","keywords":["RAFFARIN","TEBBOUNE"],"articleSection":["International","Mis en AVANT"],"inLanguage":"en-GB"},{"@type":"WebPage","@id":"https:\/\/www.geopolitics.fr\/2024\/07\/17\/dans-marianne-actualites-et-debats\/","url":"https:\/\/www.geopolitics.fr\/2024\/07\/17\/dans-marianne-actualites-et-debats\/","name":"Dans Marianne - Actualit\u00e9s et d\u00e9bats | Geopolitics.fr","isPartOf":{"@id":"https:\/\/www.geopolitics.fr\/#website"},"primaryImageOfPage":{"@id":"https:\/\/www.geopolitics.fr\/2024\/07\/17\/dans-marianne-actualites-et-debats\/#primaryimage"},"image":{"@id":"https:\/\/www.geopolitics.fr\/2024\/07\/17\/dans-marianne-actualites-et-debats\/#primaryimage"},"thumbnailUrl":"https:\/\/www.geopolitics.fr\/wp-content\/uploads\/2024\/07\/MAC-BOUTEF.jpg","datePublished":"2024-07-17T11:25:04+00:00","dateModified":"2024-07-17T11:27:04+00:00","description":"La visite en France du Pr\u00e9sident Tebboune r\u00e9\u00e9lu, devrait avoir lieu \u00e0 l'automne. Les enjeux sont m\u00e9moriels, politiques et \u00e9conomiques.","breadcrumb":{"@id":"https:\/\/www.geopolitics.fr\/2024\/07\/17\/dans-marianne-actualites-et-debats\/#breadcrumb"},"inLanguage":"en-GB","potentialAction":[{"@type":"ReadAction","target":["https:\/\/www.geopolitics.fr\/2024\/07\/17\/dans-marianne-actualites-et-debats\/"]}]},{"@type":"ImageObject","inLanguage":"en-GB","@id":"https:\/\/www.geopolitics.fr\/2024\/07\/17\/dans-marianne-actualites-et-debats\/#primaryimage","url":"https:\/\/www.geopolitics.fr\/wp-content\/uploads\/2024\/07\/MAC-BOUTEF.jpg","contentUrl":"https:\/\/www.geopolitics.fr\/wp-content\/uploads\/2024\/07\/MAC-BOUTEF.jpg","width":760,"height":451},{"@type":"BreadcrumbList","@id":"https:\/\/www.geopolitics.fr\/2024\/07\/17\/dans-marianne-actualites-et-debats\/#breadcrumb","itemListElement":[{"@type":"ListItem","position":1,"name":"Accueil","item":"https:\/\/www.geopolitics.fr\/"},{"@type":"ListItem","position":2,"name":"Dans Marianne &#8211; Actualit\u00e9s et d\u00e9bats"}]},{"@type":"WebSite","@id":"https:\/\/www.geopolitics.fr\/#website","url":"https:\/\/www.geopolitics.fr\/","name":"Geopolitics.fr","description":"Geopolitics.fr Analyse politique, relations internationales, d\u00e9fense - ligne \u00e9ditoriale gaullo-chiraquienne","publisher":{"@id":"https:\/\/www.geopolitics.fr\/#organization"},"potentialAction":[{"@type":"SearchAction","target":{"@type":"EntryPoint","urlTemplate":"https:\/\/www.geopolitics.fr\/?s={search_term_string}"},"query-input":{"@type":"PropertyValueSpecification","valueRequired":true,"valueName":"search_term_string"}}],"inLanguage":"en-GB"},{"@type":"Organization","@id":"https:\/\/www.geopolitics.fr\/#organization","name":"Geopolitics.fr","url":"https:\/\/www.geopolitics.fr\/","logo":{"@type":"ImageObject","inLanguage":"en-GB","@id":"https:\/\/www.geopolitics.fr\/#\/schema\/logo\/image\/","url":"https:\/\/www.geopolitics.fr\/wp-content\/uploads\/2024\/01\/logo.jpg","contentUrl":"https:\/\/www.geopolitics.fr\/wp-content\/uploads\/2024\/01\/logo.jpg","width":500,"height":500,"caption":"Geopolitics.fr"},"image":{"@id":"https:\/\/www.geopolitics.fr\/#\/schema\/logo\/image\/"},"sameAs":["https:\/\/www.facebook.com\/people\/Erwan-Davoux\/61557098968092\/","https:\/\/x.com\/Geopolitics_Fr"]},{"@type":"Person","@id":"https:\/\/www.geopolitics.fr\/#\/schema\/person\/69dde260ad11805e2aa68f0d9e9128da","name":"contact@geopolitics.fr","image":{"@type":"ImageObject","inLanguage":"en-GB","@id":"https:\/\/www.geopolitics.fr\/wp-content\/uploads\/2024\/01\/edito-bonne-banniere-96x96.jpg","url":"https:\/\/www.geopolitics.fr\/wp-content\/uploads\/2024\/01\/edito-bonne-banniere-96x96.jpg","contentUrl":"https:\/\/www.geopolitics.fr\/wp-content\/uploads\/2024\/01\/edito-bonne-banniere-96x96.jpg","caption":"contact@geopolitics.fr"},"url":"https:\/\/www.geopolitics.fr\/en\/author\/contactgeopolitics-fr\/"}]}},"_links":{"self":[{"href":"https:\/\/www.geopolitics.fr\/en\/wp-json\/wp\/v2\/posts\/2938","targetHints":{"allow":["GET"]}}],"collection":[{"href":"https:\/\/www.geopolitics.fr\/en\/wp-json\/wp\/v2\/posts"}],"about":[{"href":"https:\/\/www.geopolitics.fr\/en\/wp-json\/wp\/v2\/types\/post"}],"author":[{"embeddable":true,"href":"https:\/\/www.geopolitics.fr\/en\/wp-json\/wp\/v2\/users\/9"}],"replies":[{"embeddable":true,"href":"https:\/\/www.geopolitics.fr\/en\/wp-json\/wp\/v2\/comments?post=2938"}],"version-history":[{"count":0,"href":"https:\/\/www.geopolitics.fr\/en\/wp-json\/wp\/v2\/posts\/2938\/revisions"}],"wp:featuredmedia":[{"embeddable":true,"href":"https:\/\/www.geopolitics.fr\/en\/wp-json\/wp\/v2\/media\/2939"}],"wp:attachment":[{"href":"https:\/\/www.geopolitics.fr\/en\/wp-json\/wp\/v2\/media?parent=2938"}],"wp:term":[{"taxonomy":"category","embeddable":true,"href":"https:\/\/www.geopolitics.fr\/en\/wp-json\/wp\/v2\/categories?post=2938"},{"taxonomy":"post_tag","embeddable":true,"href":"https:\/\/www.geopolitics.fr\/en\/wp-json\/wp\/v2\/tags?post=2938"}],"curies":[{"name":"wp","href":"https:\/\/api.w.org\/{rel}","templated":true}]}}