{"id":2926,"date":"2024-07-10T11:21:48","date_gmt":"2024-07-10T09:21:48","guid":{"rendered":"https:\/\/www.geopolitics.fr\/?p=2926"},"modified":"2024-07-10T11:21:51","modified_gmt":"2024-07-10T09:21:51","slug":"le-debat-entre-trump-et-biden-symbole-du-declin-de-la-democratie-americaine","status":"publish","type":"post","link":"https:\/\/www.geopolitics.fr\/en\/2024\/07\/10\/le-debat-entre-trump-et-biden-symbole-du-declin-de-la-democratie-americaine\/","title":{"rendered":"Le d\u00e9bat entre Trump et Biden: symbole du d\u00e9clin de la d\u00e9mocratie am\u00e9ricaine?"},"content":{"rendered":"<p class=\"has-medium-font-size wp-block-paragraph\">Aux \u00c9tats-Unis, il n&rsquo;est pas habituel dans les d\u00e9bats pr\u00e9sidentiels de d\u00e9terminer a priori un vainqueur, surtout lorsqu&rsquo;il reste encore plusieurs mois de campagne jusqu&rsquo;au jour de l&rsquo;\u00e9lection le 5 novembre, qui sera pr\u00e9c\u00e9d\u00e9 d&rsquo;un deuxi\u00e8me d\u00e9bat pr\u00e9vu le 10 septembre.<\/p>\n\n\n\n<p class=\"has-medium-font-size wp-block-paragraph\"><strong>Cependant, et sans intention d\u2019assumer une position de favoritisme \u00e0 l\u2019\u00e9gard d\u2019un quelconque candidat, l\u2019int\u00e9r\u00eat de notre analyse est de comprendre la complexit\u00e9 du contexte \u00e9lectoral actuel aux \u00c9tats-Unis et comment la soci\u00e9t\u00e9 am\u00e9ricaine, pour la premi\u00e8re fois de son histoire, se retrouve coinc\u00e9s dans un labyrinthe politique devant choisir le prochain pr\u00e9sident entre deux options qui ne garantissent pas une pleine confiance aux \u00e9lecteurs et qui, au contraire, pourraient encore intensifier le climat de polarisation et de fracture sociale.<\/strong><\/p>\n\n\n\n<p class=\"has-medium-font-size wp-block-paragraph\">\u00ab Le d\u00e9bat \u00bb du 27 juin entre le pr\u00e9sident Joe Biden et l\u2019ancien pr\u00e9sident Donald Trump, loin de constituer un \u00e9change politique de haut niveau, a \u00e9t\u00e9 un concours d\u2019accusations et d\u2019intrigues avec peu de contenu programmatique sur les propositions que les am\u00e9ricains attendaient sur plusieurs questions cl\u00e9s tels que l\u2019\u00e9conomie, l\u2019avortement, l\u2019immigration, les imp\u00f4ts et la politique \u00e9trang\u00e8re, entre autres.<\/p>\n\n\n\n<h2 class=\"wp-block-heading has-medium-font-size\" id=\"h-la-nbsp-performance-nbsp-de-biden\"><strong>La \u00ab&nbsp;performance&nbsp;\u00bb de Biden<\/strong><\/h2>\n\n\n\n<p class=\"has-medium-font-size wp-block-paragraph\">Au-del\u00e0 d&rsquo;un rhume non r\u00e9v\u00e9l\u00e9 avant le d\u00e9bat, l&rsquo;actuel pr\u00e9sident s&rsquo;est r\u00e9v\u00e9l\u00e9 tr\u00e8s atteint physiquement et intellectuellement, davantage en raison des incoh\u00e9rences de ses r\u00e9ponses que de son \u00e2ge avanc\u00e9. La fragilit\u00e9 de ses interventions et le manque de solidit\u00e9 de ses explications ont d\u00e9montr\u00e9 que Biden n&rsquo;a pas profit\u00e9 des opportunit\u00e9s nombreuses pour contrer les d\u00e9clarations erron\u00e9es de Trump. <strong>Plusieurs analyses, dont un r\u00e9cent article de The New York Times, indiquent que Biden n\u2019est pas en mesure de poursuivre la course \u00e0 sa r\u00e9\u00e9lection. Cependant, malgr\u00e9 son mauvais d\u00e9but dans le d\u00e9bat, d\u2019autres experts soulignent que Biden s\u2019est am\u00e9lior\u00e9 dans ses derni\u00e8res interventions, fournissant des donn\u00e9es int\u00e9ressantes sur sa gestion, mais cela n\u2019a pas suffi.<\/strong><\/p>\n\n\n\n<p class=\"has-medium-font-size wp-block-paragraph\">La prestation de Biden a sans aucun doute \u00e9t\u00e9 la plus catastrophique depuis le d\u00e9but des d\u00e9bats pr\u00e9sidentiels, en 1960, entre John F. Kennedy et Richard Nixon. Ce qui semble incontestable, c\u2019est le fait que <strong>Biden semble s\u00e9rieusement \u00e9puis\u00e9 et ne d\u00e9montre pas qu\u2019il poss\u00e8de les capacit\u00e9s cognitives n\u00e9cessaires pour continuer quatre ann\u00e9es suppl\u00e9mentaires \u00e0 la Maison Blanche. Biden peut \u00e0 peine maintenir un certain niveau de concentration lorsqu\u2019il r\u00e9pond aux questions. Sa candidature est-elle menac\u00e9e \u00e0 deux mois de la Convention nationale d\u00e9mocrate ?<\/strong><\/p>\n\n\n\n<p class=\"has-medium-font-size wp-block-paragraph\">Biden a rat\u00e9 plusieurs occasions d\u2019attaquer son rival, comme sur la question de l\u2019avortement ou sur la question fiscale o\u00f9 Trump entend r\u00e9duire les imp\u00f4ts des riches sans indiquer quels avantages cette proposition apporterait. Biden n\u2019a pas non plus profit\u00e9 de l\u2019occasion pour d\u00e9clarer que son administration serait plus fiable si elle continuait \u00e0 travailler avec l\u2019Europe et l\u2019OTAN contre la Russie. Au lieu de cela, il a pr\u00e9f\u00e9r\u00e9 mettre davantage l\u2019accent sur le caract\u00e8re ridicule d\u2019attaquer Trump pour le scandale avec une actrice porno. \u00c0 notre avis, c\u2019est une erreur de vouloir pr\u00e9senter Biden sous une personnalit\u00e9 cordiale et calme par contraste avec un Trump qui se comporterait de mani\u00e8re impertinente, grossi\u00e8re et irr\u00e9v\u00e9rencieuse, comme il le fait habituellement.<\/p>\n\n\n\n<h2 class=\"wp-block-heading has-medium-font-size\" id=\"h-la-performance-de-trump\"><strong>La performance de Trump<\/strong><\/h2>\n\n\n\n<p class=\"has-medium-font-size wp-block-paragraph\"><strong>Trump a veill\u00e9 \u00e0 appara\u00eetre dans le d\u00e9bat avec un profil plus calme, simulant l&rsquo;apparence d&rsquo;une personne \u00e0 la fois mod\u00e9r\u00e9e et \u00e9nergique, sans exc\u00e8s dans son verbe,<\/strong> m\u00eame si cela ne pouvait qu\u2019\u00e9taler son cynisme \u00e0 nier les probl\u00e8mes et les condamnations judiciaires \u00e0 son encontre. Malgr\u00e9 cela, Trump a compens\u00e9 par une personnalit\u00e9 robuste et une meilleure gestion physique et \u00e9motionnelle, ses r\u00e9ponses approximatives ou erron\u00e9es.<\/p>\n\n\n\n<p class=\"has-medium-font-size wp-block-paragraph\">Trump n\u2019a aucune ressource politique propre contre Biden dans cette campagne, en fait il parle \u00e0 peine de son gouvernement, <strong>il n\u2019a en sa faveur que la fragilit\u00e9 de son adversaire et c\u2019est principalement l\u2019objectif de sa strat\u00e9gie de campagne.<\/strong><\/p>\n\n\n\n<p class=\"has-medium-font-size wp-block-paragraph\"><strong>C\u2019est pourquoi Trump est un expert en bullying politique, car s\u2019il avait r\u00e9ellement un adversaire plus jeune et plus \u00e9nergique, il serait en grande difficult\u00e9<\/strong>. La raison est tr\u00e8s simple : Trump est le ma\u00eetre de la controverse et cela fait de lui une personne capable de diviser le pays en seulement cinq minutes. Un autre candidat r\u00e9publicain se serait lanc\u00e9 dans l\u2019attaque de la politique \u00e9trang\u00e8re de Biden au lieu de se vanter d\u2019\u00eatre un meilleur golfeur. <strong>Les exemples des erreurs de Biden dans la gestion de la politique \u00e9trang\u00e8re sont nombreux : le retrait d&rsquo;Afghanistan et la prise du pouvoir par les talibans, le renforcement de Poutine et son attaque contre l&rsquo;Ukraine, la voracit\u00e9 commerciale de la Chine, la r\u00e9surgence de la menace nucl\u00e9aire de la Cor\u00e9e du Nord, le massacre de masse \u00e0 Gaza, l&rsquo;incoh\u00e9rence de la politique d&rsquo;immigration \u00e0 la fronti\u00e8re avec le Mexique et l&rsquo;inertie face \u00e0 l&rsquo;instabilit\u00e9 politique en Am\u00e9rique latine.<\/strong><\/p>\n\n\n\n<p class=\"has-medium-font-size wp-block-paragraph\"><strong>Une \u00e9lection non conventionnelle qui s&rsquo;apparente davantage \u00e0 une \u00e9mission de Reality Show<\/strong><\/p>\n\n\n\n<p class=\"has-medium-font-size wp-block-paragraph\">Les sondages d\u2019opinion apr\u00e8s le d\u00e9bat indiquent que Trump a gagn\u00e9 avec 67 % contre 33 % pour Biden. Cela ne signifie pas obligatoirement une victoire anticip\u00e9e pour Trump, car il existe des exp\u00e9riences dans l\u2019histoire qui montrent qu\u2019un deuxi\u00e8me d\u00e9bat peut changer la donne. <strong>Le probl\u00e8me est la perception que Biden v\u00e9hicule \u00e0 chaque apparition publique.<\/strong><\/p>\n\n\n\n<p class=\"has-medium-font-size wp-block-paragraph\">Biden tente de cacher son image vacillante d\u00e9j\u00e0 \u00e9clips\u00e9e en tentant de justifier la d\u00e9gradation de sa condition physique avec ses lunettes d\u2019aviateur. Tandis que Trump ment en niant tout ce qui lui est reproch\u00e9, y compris l\u2019assaut du Capitole, ses scandales personnels et ses inexactitudes dans ses d\u00e9clarations d\u2019imp\u00f4ts. <strong>Ce drame politique est-il similaire \u00e0 la c\u00e9l\u00e8bre \u00e9mission de Trump \u00ab The Apprentice \u00bb ?<\/strong><\/p>\n\n\n\n<p class=\"has-medium-font-size wp-block-paragraph\"><strong>Le contexte de cette \u00e9lection pr\u00e9sidentielle r\u00e9v\u00e8le que la d\u00e9mocratie am\u00e9ricaine subit aujourd\u2019hui un v\u00e9ritable d\u00e9clin, incarn\u00e9 par deux candidats qui auraient largement perdu face \u00e0 tout autre adversaire d\u00e9mocrate ou r\u00e9publicain. <\/strong>Le bipartisme est-il \u00e9puis\u00e9 ? Est-ce qu\u2019il n\u2019y a pas de nouveaux dirigeants au sein du Parti d\u00e9mocrate et du Parti r\u00e9publicain capables d\u2019assumer, par leur leadership et leur exp\u00e9rience, un changement g\u00e9n\u00e9rationnel dans la politique am\u00e9ricaine ? Est-ce que la soci\u00e9t\u00e9 am\u00e9ricaine n\u2019est pas capable de r\u00e9agir pour se mobiliser et promouvoir une transformation d\u00e9mocratique en rupture avec les \u00e9lites traditionnelles de l\u2019establishment ?<\/p>\n\n\n\n<p class=\"has-medium-font-size wp-block-paragraph\"><strong>La v\u00e9rit\u00e9 est qu\u2019apr\u00e8s Trump ou Biden, quel que soit le r\u00e9sultat, il y aura un autre pays, contraint par des circonstances internes et externes \u00e0 renouveler son personnel politique et \u00e0 reconstruire un climat de normalit\u00e9 f\u00e9d\u00e9rale. <\/strong>La politisation croissante dont a souffert, au cours des derni\u00e8res ann\u00e9es les institutions de la grande nation am\u00e9ricaine appelle un renouveau.<\/p>\n\n\n\n<h2 class=\"wp-block-heading has-medium-font-size\" id=\"h-les-consequences-possibles\"><strong>Les cons\u00e9quences possibles\u00a0<\/strong><\/h2>\n\n\n\n<p class=\"has-medium-font-size wp-block-paragraph\">La rigidit\u00e9 du bipartisme am\u00e9ricain enferm\u00e9 dans une \u00e9lection-pi\u00e8ge repr\u00e9sente d&#8217;embl\u00e9e une \u00e9norme difficult\u00e9 pour une soci\u00e9t\u00e9 moderne, prisonni\u00e8re d&rsquo;une Constitution soumise \u00e0 de multiples amendements au fil du temps.<\/p>\n\n\n\n<p class=\"has-medium-font-size wp-block-paragraph\">Mais au-del\u00e0 de tout sc\u00e9nario, ce processus \u00e9lectoral est compl\u00e8tement atypique car, quoi qu\u2019en disent les sondages, le pr\u00e9sident Biden n\u2019a que ce mois de juillet pour clore sa terrible participation au premier d\u00e9bat. Le pire est qu&rsquo;\u00e0 chacune de ses apparitions confirment les plus grands doutes naissent et ses tentatives pour donner confiance s\u2019av\u00e8rent contre-productives.<\/p>\n\n\n\n<p class=\"has-medium-font-size wp-block-paragraph\">Si le pr\u00e9sident Biden ne se soumet pas \u00e0 de nouveaux examens m\u00e9dicaux, cela pourrait encore accro\u00eetre la pression au sein du Parti d\u00e9mocrate pour favoriser le retrait de sa candidature lors de sa convention nationale le mois prochain. <strong>Candidats possibles : la vice-pr\u00e9sidente Kamala Harris ? Michelle Obama ? une revanche pour Hillary Clinton\u00a0? Ou un outsider ? C&rsquo;est une possibilit\u00e9, d&rsquo;apr\u00e8s notre analyse,qui pourrait \u00eatre avalis\u00e9e non au sein du parti d\u00e9mocrate, mais par les Obama et les Clinton cet \u00e9t\u00e9.<\/strong><\/p>\n\n\n\n<p class=\"has-medium-font-size wp-block-paragraph\"><strong>De son c\u00f4t\u00e9, l\u2019ancien pr\u00e9sident Trump semble faire campagne avec pour seul rival lui-m\u00eame.<\/strong> Son \u00e9quipe de campagne s\u2019emploie \u00e0 \u00e9viter ses sorties de route.\u00a0 Si les d\u00e9mocrates venaient \u00e0 remplacer Biden, cela changerait consid\u00e9rablement la donne de cette la campagne, <strong>obligeant Trump et son \u00e9quipe \u00e0 changer radicalement de strat\u00e9gie bas\u00e9e avant tout sur la disqualification personnelle du pr\u00e9sident Biden.<\/strong><\/p>\n\n\n\n<p class=\"has-medium-font-size wp-block-paragraph\">Ils devraient alors relever le d\u00e9fi de rivaliser avec un candidat dynamique, s\u2019appuyant sur la machine \u00e9lectorale d\u00e9mocrate pour retrouver le chemin perdu avec Biden. La presse redoublerait particuli\u00e8rement d\u2019efforts \u00e0 l\u2019encontre de Trump \u00e0 la fois sur son pass\u00e9 personnel et ses erreurs politiques. Une mani\u00e8re de contrecarrer les d\u00e9clarations mena\u00e7antes de Trump relatives \u00e0 des repr\u00e9sailles massives contre ses opposants politiques s&rsquo;il parvenait, \u00e0 nouveau, \u00e0 la maison blanche.<\/p>\n\n\n\n<p class=\"has-medium-font-size wp-block-paragraph\">Les d\u00e9mocrates tenteront \u00e9galement de justifier le remplacement de Biden par la ferme conviction que le probl\u00e8me ne venait pas du gouvernement de Biden mais plut\u00f4t de son \u00e9tat de sant\u00e9, qui l&#8217;emp\u00eachait de poursuivre son action. Une administration purement d\u00e9mocrate mettrait l&rsquo;accent sur le renforcement des programmes sociaux. les politiques d\u2019emploi et le repositionnement des \u00c9tats-Unis dans le contexte international de mani\u00e8re plus influente et proactive.<\/p>\n\n\n\n<p class=\"has-medium-font-size wp-block-paragraph\"><strong>Sommes-nous aux portes d\u2019une BidenExit\u2026 ?<\/strong><\/p>","protected":false},"excerpt":{"rendered":"<p>Aux \u00c9tats-Unis, il n&rsquo;est pas habituel dans les d\u00e9bats pr\u00e9sidentiels de d\u00e9terminer a priori un vainqueur, surtout lorsqu&rsquo;il reste encore plusieurs mois&hellip;<\/p>","protected":false},"author":35,"featured_media":2927,"comment_status":"open","ping_status":"open","sticky":false,"template":"","format":"standard","meta":{"_lmt_disableupdate":"","_lmt_disable":"","footnotes":""},"categories":[40,5,4],"tags":[306,309,311],"class_list":["post-2926","post","type-post","status-publish","format-standard","has-post-thumbnail","hentry","category-election","category-international","category-mis-en-avant","tag-biden","tag-potus","tag-republicains"],"yoast_head":"<!-- This site is optimized with the Yoast SEO Premium plugin v28.1 (Yoast SEO v28.1) - https:\/\/yoast.com\/product\/yoast-seo-premium-wordpress\/ -->\n<title>Le d\u00e9bat entre Trump et Biden: symbole du d\u00e9clin de la d\u00e9mocratie am\u00e9ricaine? | Geopolitics.fr<\/title>\n<meta name=\"description\" content=\"Le d\u00e9bat entre Trump et Biden confirme le d\u00e9clin de la d\u00e9mocratie am\u00e9ricaine. Les d\u00e9mocrates doivent changer de candidat rapidement.\" \/>\n<meta name=\"robots\" content=\"index, follow, max-snippet:-1, max-image-preview:large, max-video-preview:-1\" \/>\n<link rel=\"canonical\" href=\"https:\/\/www.geopolitics.fr\/en\/2024\/07\/10\/le-debat-entre-trump-et-biden-symbole-du-declin-de-la-democratie-americaine\/\" \/>\n<meta property=\"og:locale\" content=\"en_GB\" \/>\n<meta property=\"og:type\" content=\"article\" \/>\n<meta property=\"og:title\" content=\"Le d\u00e9bat entre Trump et Biden: symbole du d\u00e9clin de la d\u00e9mocratie am\u00e9ricaine?\" \/>\n<meta property=\"og:description\" content=\"Le d\u00e9bat entre Trump et Biden confirme le d\u00e9clin de la d\u00e9mocratie am\u00e9ricaine. Les d\u00e9mocrates doivent changer de candidat rapidement.\" \/>\n<meta property=\"og:url\" content=\"https:\/\/www.geopolitics.fr\/en\/2024\/07\/10\/le-debat-entre-trump-et-biden-symbole-du-declin-de-la-democratie-americaine\/\" \/>\n<meta property=\"og:site_name\" content=\"Geopolitics.fr\" \/>\n<meta property=\"article:publisher\" content=\"https:\/\/www.facebook.com\/people\/Erwan-Davoux\/61557098968092\/\" \/>\n<meta property=\"article:published_time\" content=\"2024-07-10T09:21:48+00:00\" \/>\n<meta property=\"article:modified_time\" content=\"2024-07-10T09:21:51+00:00\" \/>\n<meta property=\"og:image\" content=\"https:\/\/www.geopolitics.fr\/wp-content\/uploads\/2024\/07\/BIDEN-TRUMP.jpg\" \/>\n\t<meta property=\"og:image:width\" content=\"1920\" \/>\n\t<meta property=\"og:image:height\" content=\"1344\" \/>\n\t<meta property=\"og:image:type\" content=\"image\/jpeg\" \/>\n<meta name=\"author\" content=\"David OSORIO\" \/>\n<meta name=\"twitter:card\" content=\"summary_large_image\" \/>\n<meta name=\"twitter:creator\" content=\"@Geopolitics_Fr\" \/>\n<meta name=\"twitter:site\" content=\"@Geopolitics_Fr\" \/>\n<meta name=\"twitter:label1\" content=\"Written by\" \/>\n\t<meta name=\"twitter:data1\" content=\"David OSORIO\" \/>\n\t<meta name=\"twitter:label2\" content=\"Estimated reading time\" \/>\n\t<meta name=\"twitter:data2\" content=\"8 minutes\" \/>\n<script type=\"application\/ld+json\" class=\"yoast-schema-graph\">{\"@context\":\"https:\\\/\\\/schema.org\",\"@graph\":[{\"@type\":\"Article\",\"@id\":\"https:\\\/\\\/www.geopolitics.fr\\\/2024\\\/07\\\/10\\\/le-debat-entre-trump-et-biden-symbole-du-declin-de-la-democratie-americaine\\\/#article\",\"isPartOf\":{\"@id\":\"https:\\\/\\\/www.geopolitics.fr\\\/2024\\\/07\\\/10\\\/le-debat-entre-trump-et-biden-symbole-du-declin-de-la-democratie-americaine\\\/\"},\"author\":{\"name\":\"David OSORIO\",\"@id\":\"https:\\\/\\\/www.geopolitics.fr\\\/#\\\/schema\\\/person\\\/02c106c0272bd8f8e39e0adf38864870\"},\"headline\":\"Le d\u00e9bat entre Trump et Biden: symbole du d\u00e9clin de la d\u00e9mocratie am\u00e9ricaine?\",\"datePublished\":\"2024-07-10T09:21:48+00:00\",\"dateModified\":\"2024-07-10T09:21:51+00:00\",\"mainEntityOfPage\":{\"@id\":\"https:\\\/\\\/www.geopolitics.fr\\\/2024\\\/07\\\/10\\\/le-debat-entre-trump-et-biden-symbole-du-declin-de-la-democratie-americaine\\\/\"},\"wordCount\":1666,\"commentCount\":0,\"publisher\":{\"@id\":\"https:\\\/\\\/www.geopolitics.fr\\\/#organization\"},\"image\":{\"@id\":\"https:\\\/\\\/www.geopolitics.fr\\\/2024\\\/07\\\/10\\\/le-debat-entre-trump-et-biden-symbole-du-declin-de-la-democratie-americaine\\\/#primaryimage\"},\"thumbnailUrl\":\"https:\\\/\\\/www.geopolitics.fr\\\/wp-content\\\/uploads\\\/2024\\\/07\\\/BIDEN-TRUMP.jpg\",\"keywords\":[\"BIDEN\",\"POTUS\",\"REPUBLICAINS\"],\"articleSection\":[\"Election\",\"International\",\"Mis en AVANT\"],\"inLanguage\":\"en-GB\"},{\"@type\":\"WebPage\",\"@id\":\"https:\\\/\\\/www.geopolitics.fr\\\/2024\\\/07\\\/10\\\/le-debat-entre-trump-et-biden-symbole-du-declin-de-la-democratie-americaine\\\/\",\"url\":\"https:\\\/\\\/www.geopolitics.fr\\\/2024\\\/07\\\/10\\\/le-debat-entre-trump-et-biden-symbole-du-declin-de-la-democratie-americaine\\\/\",\"name\":\"Le d\u00e9bat entre Trump et Biden: symbole du d\u00e9clin de la d\u00e9mocratie am\u00e9ricaine? | Geopolitics.fr\",\"isPartOf\":{\"@id\":\"https:\\\/\\\/www.geopolitics.fr\\\/#website\"},\"primaryImageOfPage\":{\"@id\":\"https:\\\/\\\/www.geopolitics.fr\\\/2024\\\/07\\\/10\\\/le-debat-entre-trump-et-biden-symbole-du-declin-de-la-democratie-americaine\\\/#primaryimage\"},\"image\":{\"@id\":\"https:\\\/\\\/www.geopolitics.fr\\\/2024\\\/07\\\/10\\\/le-debat-entre-trump-et-biden-symbole-du-declin-de-la-democratie-americaine\\\/#primaryimage\"},\"thumbnailUrl\":\"https:\\\/\\\/www.geopolitics.fr\\\/wp-content\\\/uploads\\\/2024\\\/07\\\/BIDEN-TRUMP.jpg\",\"datePublished\":\"2024-07-10T09:21:48+00:00\",\"dateModified\":\"2024-07-10T09:21:51+00:00\",\"description\":\"Le d\u00e9bat entre Trump et Biden confirme le d\u00e9clin de la d\u00e9mocratie am\u00e9ricaine. Les d\u00e9mocrates doivent changer de candidat rapidement.\",\"breadcrumb\":{\"@id\":\"https:\\\/\\\/www.geopolitics.fr\\\/2024\\\/07\\\/10\\\/le-debat-entre-trump-et-biden-symbole-du-declin-de-la-democratie-americaine\\\/#breadcrumb\"},\"inLanguage\":\"en-GB\",\"potentialAction\":[{\"@type\":\"ReadAction\",\"target\":[\"https:\\\/\\\/www.geopolitics.fr\\\/2024\\\/07\\\/10\\\/le-debat-entre-trump-et-biden-symbole-du-declin-de-la-democratie-americaine\\\/\"]}]},{\"@type\":\"ImageObject\",\"inLanguage\":\"en-GB\",\"@id\":\"https:\\\/\\\/www.geopolitics.fr\\\/2024\\\/07\\\/10\\\/le-debat-entre-trump-et-biden-symbole-du-declin-de-la-democratie-americaine\\\/#primaryimage\",\"url\":\"https:\\\/\\\/www.geopolitics.fr\\\/wp-content\\\/uploads\\\/2024\\\/07\\\/BIDEN-TRUMP.jpg\",\"contentUrl\":\"https:\\\/\\\/www.geopolitics.fr\\\/wp-content\\\/uploads\\\/2024\\\/07\\\/BIDEN-TRUMP.jpg\",\"width\":1920,\"height\":1344},{\"@type\":\"BreadcrumbList\",\"@id\":\"https:\\\/\\\/www.geopolitics.fr\\\/2024\\\/07\\\/10\\\/le-debat-entre-trump-et-biden-symbole-du-declin-de-la-democratie-americaine\\\/#breadcrumb\",\"itemListElement\":[{\"@type\":\"ListItem\",\"position\":1,\"name\":\"Accueil\",\"item\":\"https:\\\/\\\/www.geopolitics.fr\\\/\"},{\"@type\":\"ListItem\",\"position\":2,\"name\":\"Le d\u00e9bat entre Trump et Biden: symbole du d\u00e9clin de la d\u00e9mocratie am\u00e9ricaine?\"}]},{\"@type\":\"WebSite\",\"@id\":\"https:\\\/\\\/www.geopolitics.fr\\\/#website\",\"url\":\"https:\\\/\\\/www.geopolitics.fr\\\/\",\"name\":\"Geopolitics.fr\",\"description\":\"Geopolitics.fr Analyse politique, relations internationales, d\u00e9fense - ligne \u00e9ditoriale gaullo-chiraquienne\",\"publisher\":{\"@id\":\"https:\\\/\\\/www.geopolitics.fr\\\/#organization\"},\"potentialAction\":[{\"@type\":\"SearchAction\",\"target\":{\"@type\":\"EntryPoint\",\"urlTemplate\":\"https:\\\/\\\/www.geopolitics.fr\\\/?s={search_term_string}\"},\"query-input\":{\"@type\":\"PropertyValueSpecification\",\"valueRequired\":true,\"valueName\":\"search_term_string\"}}],\"inLanguage\":\"en-GB\"},{\"@type\":\"Organization\",\"@id\":\"https:\\\/\\\/www.geopolitics.fr\\\/#organization\",\"name\":\"Geopolitics.fr\",\"url\":\"https:\\\/\\\/www.geopolitics.fr\\\/\",\"logo\":{\"@type\":\"ImageObject\",\"inLanguage\":\"en-GB\",\"@id\":\"https:\\\/\\\/www.geopolitics.fr\\\/#\\\/schema\\\/logo\\\/image\\\/\",\"url\":\"https:\\\/\\\/www.geopolitics.fr\\\/wp-content\\\/uploads\\\/2024\\\/01\\\/logo.jpg\",\"contentUrl\":\"https:\\\/\\\/www.geopolitics.fr\\\/wp-content\\\/uploads\\\/2024\\\/01\\\/logo.jpg\",\"width\":500,\"height\":500,\"caption\":\"Geopolitics.fr\"},\"image\":{\"@id\":\"https:\\\/\\\/www.geopolitics.fr\\\/#\\\/schema\\\/logo\\\/image\\\/\"},\"sameAs\":[\"https:\\\/\\\/www.facebook.com\\\/people\\\/Erwan-Davoux\\\/61557098968092\\\/\",\"https:\\\/\\\/x.com\\\/Geopolitics_Fr\"]},{\"@type\":\"Person\",\"@id\":\"https:\\\/\\\/www.geopolitics.fr\\\/#\\\/schema\\\/person\\\/02c106c0272bd8f8e39e0adf38864870\",\"name\":\"David OSORIO\",\"image\":{\"@type\":\"ImageObject\",\"inLanguage\":\"en-GB\",\"@id\":\"https:\\\/\\\/www.geopolitics.fr\\\/wp-content\\\/uploads\\\/2025\\\/09\\\/OSORIO-96x96.jpg\",\"url\":\"https:\\\/\\\/www.geopolitics.fr\\\/wp-content\\\/uploads\\\/2025\\\/09\\\/OSORIO-96x96.jpg\",\"contentUrl\":\"https:\\\/\\\/www.geopolitics.fr\\\/wp-content\\\/uploads\\\/2025\\\/09\\\/OSORIO-96x96.jpg\",\"caption\":\"David OSORIO\"},\"description\":\"David Osorio est avocat et ancien diplomate v\u00e9n\u00e9zu\u00e9lien. Expert en droit international, g\u00e9opolitique et affaires multilat\u00e9rales. Essayiste sur l'actualit\u00e9 politique internationale.\",\"sameAs\":[\"https:\\\/\\\/www.linkedin.com\\\/in\\\/davidalejandroosoriomeneses\\\/\"],\"url\":\"https:\\\/\\\/www.geopolitics.fr\\\/en\\\/author\\\/david-osorio\\\/\"}]}<\/script>\n<!-- \/ Yoast SEO Premium plugin. -->","yoast_head_json":{"title":"Le d\u00e9bat entre Trump et Biden: symbole du d\u00e9clin de la d\u00e9mocratie am\u00e9ricaine? | Geopolitics.fr","description":"Le d\u00e9bat entre Trump et Biden confirme le d\u00e9clin de la d\u00e9mocratie am\u00e9ricaine. Les d\u00e9mocrates doivent changer de candidat rapidement.","robots":{"index":"index","follow":"follow","max-snippet":"max-snippet:-1","max-image-preview":"max-image-preview:large","max-video-preview":"max-video-preview:-1"},"canonical":"https:\/\/www.geopolitics.fr\/en\/2024\/07\/10\/le-debat-entre-trump-et-biden-symbole-du-declin-de-la-democratie-americaine\/","og_locale":"en_GB","og_type":"article","og_title":"Le d\u00e9bat entre Trump et Biden: symbole du d\u00e9clin de la d\u00e9mocratie am\u00e9ricaine?","og_description":"Le d\u00e9bat entre Trump et Biden confirme le d\u00e9clin de la d\u00e9mocratie am\u00e9ricaine. Les d\u00e9mocrates doivent changer de candidat rapidement.","og_url":"https:\/\/www.geopolitics.fr\/en\/2024\/07\/10\/le-debat-entre-trump-et-biden-symbole-du-declin-de-la-democratie-americaine\/","og_site_name":"Geopolitics.fr","article_publisher":"https:\/\/www.facebook.com\/people\/Erwan-Davoux\/61557098968092\/","article_published_time":"2024-07-10T09:21:48+00:00","article_modified_time":"2024-07-10T09:21:51+00:00","og_image":[{"width":1920,"height":1344,"url":"https:\/\/www.geopolitics.fr\/wp-content\/uploads\/2024\/07\/BIDEN-TRUMP.jpg","type":"image\/jpeg"}],"author":"David OSORIO","twitter_card":"summary_large_image","twitter_creator":"@Geopolitics_Fr","twitter_site":"@Geopolitics_Fr","twitter_misc":{"Written by":"David OSORIO","Estimated reading time":"8 minutes"},"schema":{"@context":"https:\/\/schema.org","@graph":[{"@type":"Article","@id":"https:\/\/www.geopolitics.fr\/2024\/07\/10\/le-debat-entre-trump-et-biden-symbole-du-declin-de-la-democratie-americaine\/#article","isPartOf":{"@id":"https:\/\/www.geopolitics.fr\/2024\/07\/10\/le-debat-entre-trump-et-biden-symbole-du-declin-de-la-democratie-americaine\/"},"author":{"name":"David OSORIO","@id":"https:\/\/www.geopolitics.fr\/#\/schema\/person\/02c106c0272bd8f8e39e0adf38864870"},"headline":"Le d\u00e9bat entre Trump et Biden: symbole du d\u00e9clin de la d\u00e9mocratie am\u00e9ricaine?","datePublished":"2024-07-10T09:21:48+00:00","dateModified":"2024-07-10T09:21:51+00:00","mainEntityOfPage":{"@id":"https:\/\/www.geopolitics.fr\/2024\/07\/10\/le-debat-entre-trump-et-biden-symbole-du-declin-de-la-democratie-americaine\/"},"wordCount":1666,"commentCount":0,"publisher":{"@id":"https:\/\/www.geopolitics.fr\/#organization"},"image":{"@id":"https:\/\/www.geopolitics.fr\/2024\/07\/10\/le-debat-entre-trump-et-biden-symbole-du-declin-de-la-democratie-americaine\/#primaryimage"},"thumbnailUrl":"https:\/\/www.geopolitics.fr\/wp-content\/uploads\/2024\/07\/BIDEN-TRUMP.jpg","keywords":["BIDEN","POTUS","REPUBLICAINS"],"articleSection":["Election","International","Mis en AVANT"],"inLanguage":"en-GB"},{"@type":"WebPage","@id":"https:\/\/www.geopolitics.fr\/2024\/07\/10\/le-debat-entre-trump-et-biden-symbole-du-declin-de-la-democratie-americaine\/","url":"https:\/\/www.geopolitics.fr\/2024\/07\/10\/le-debat-entre-trump-et-biden-symbole-du-declin-de-la-democratie-americaine\/","name":"Le d\u00e9bat entre Trump et Biden: symbole du d\u00e9clin de la d\u00e9mocratie am\u00e9ricaine? | Geopolitics.fr","isPartOf":{"@id":"https:\/\/www.geopolitics.fr\/#website"},"primaryImageOfPage":{"@id":"https:\/\/www.geopolitics.fr\/2024\/07\/10\/le-debat-entre-trump-et-biden-symbole-du-declin-de-la-democratie-americaine\/#primaryimage"},"image":{"@id":"https:\/\/www.geopolitics.fr\/2024\/07\/10\/le-debat-entre-trump-et-biden-symbole-du-declin-de-la-democratie-americaine\/#primaryimage"},"thumbnailUrl":"https:\/\/www.geopolitics.fr\/wp-content\/uploads\/2024\/07\/BIDEN-TRUMP.jpg","datePublished":"2024-07-10T09:21:48+00:00","dateModified":"2024-07-10T09:21:51+00:00","description":"Le d\u00e9bat entre Trump et Biden confirme le d\u00e9clin de la d\u00e9mocratie am\u00e9ricaine. Les d\u00e9mocrates doivent changer de candidat rapidement.","breadcrumb":{"@id":"https:\/\/www.geopolitics.fr\/2024\/07\/10\/le-debat-entre-trump-et-biden-symbole-du-declin-de-la-democratie-americaine\/#breadcrumb"},"inLanguage":"en-GB","potentialAction":[{"@type":"ReadAction","target":["https:\/\/www.geopolitics.fr\/2024\/07\/10\/le-debat-entre-trump-et-biden-symbole-du-declin-de-la-democratie-americaine\/"]}]},{"@type":"ImageObject","inLanguage":"en-GB","@id":"https:\/\/www.geopolitics.fr\/2024\/07\/10\/le-debat-entre-trump-et-biden-symbole-du-declin-de-la-democratie-americaine\/#primaryimage","url":"https:\/\/www.geopolitics.fr\/wp-content\/uploads\/2024\/07\/BIDEN-TRUMP.jpg","contentUrl":"https:\/\/www.geopolitics.fr\/wp-content\/uploads\/2024\/07\/BIDEN-TRUMP.jpg","width":1920,"height":1344},{"@type":"BreadcrumbList","@id":"https:\/\/www.geopolitics.fr\/2024\/07\/10\/le-debat-entre-trump-et-biden-symbole-du-declin-de-la-democratie-americaine\/#breadcrumb","itemListElement":[{"@type":"ListItem","position":1,"name":"Accueil","item":"https:\/\/www.geopolitics.fr\/"},{"@type":"ListItem","position":2,"name":"Le d\u00e9bat entre Trump et Biden: symbole du d\u00e9clin de la d\u00e9mocratie am\u00e9ricaine?"}]},{"@type":"WebSite","@id":"https:\/\/www.geopolitics.fr\/#website","url":"https:\/\/www.geopolitics.fr\/","name":"Geopolitics.fr","description":"Geopolitics.fr Analyse politique, relations internationales, d\u00e9fense - ligne \u00e9ditoriale gaullo-chiraquienne","publisher":{"@id":"https:\/\/www.geopolitics.fr\/#organization"},"potentialAction":[{"@type":"SearchAction","target":{"@type":"EntryPoint","urlTemplate":"https:\/\/www.geopolitics.fr\/?s={search_term_string}"},"query-input":{"@type":"PropertyValueSpecification","valueRequired":true,"valueName":"search_term_string"}}],"inLanguage":"en-GB"},{"@type":"Organization","@id":"https:\/\/www.geopolitics.fr\/#organization","name":"Geopolitics.fr","url":"https:\/\/www.geopolitics.fr\/","logo":{"@type":"ImageObject","inLanguage":"en-GB","@id":"https:\/\/www.geopolitics.fr\/#\/schema\/logo\/image\/","url":"https:\/\/www.geopolitics.fr\/wp-content\/uploads\/2024\/01\/logo.jpg","contentUrl":"https:\/\/www.geopolitics.fr\/wp-content\/uploads\/2024\/01\/logo.jpg","width":500,"height":500,"caption":"Geopolitics.fr"},"image":{"@id":"https:\/\/www.geopolitics.fr\/#\/schema\/logo\/image\/"},"sameAs":["https:\/\/www.facebook.com\/people\/Erwan-Davoux\/61557098968092\/","https:\/\/x.com\/Geopolitics_Fr"]},{"@type":"Person","@id":"https:\/\/www.geopolitics.fr\/#\/schema\/person\/02c106c0272bd8f8e39e0adf38864870","name":"David OSORIO","image":{"@type":"ImageObject","inLanguage":"en-GB","@id":"https:\/\/www.geopolitics.fr\/wp-content\/uploads\/2025\/09\/OSORIO-96x96.jpg","url":"https:\/\/www.geopolitics.fr\/wp-content\/uploads\/2025\/09\/OSORIO-96x96.jpg","contentUrl":"https:\/\/www.geopolitics.fr\/wp-content\/uploads\/2025\/09\/OSORIO-96x96.jpg","caption":"David OSORIO"},"description":"David Osorio est avocat et ancien diplomate v\u00e9n\u00e9zu\u00e9lien. Expert en droit international, g\u00e9opolitique et affaires multilat\u00e9rales. Essayiste sur l'actualit\u00e9 politique internationale.","sameAs":["https:\/\/www.linkedin.com\/in\/davidalejandroosoriomeneses\/"],"url":"https:\/\/www.geopolitics.fr\/en\/author\/david-osorio\/"}]}},"_links":{"self":[{"href":"https:\/\/www.geopolitics.fr\/en\/wp-json\/wp\/v2\/posts\/2926","targetHints":{"allow":["GET"]}}],"collection":[{"href":"https:\/\/www.geopolitics.fr\/en\/wp-json\/wp\/v2\/posts"}],"about":[{"href":"https:\/\/www.geopolitics.fr\/en\/wp-json\/wp\/v2\/types\/post"}],"author":[{"embeddable":true,"href":"https:\/\/www.geopolitics.fr\/en\/wp-json\/wp\/v2\/users\/35"}],"replies":[{"embeddable":true,"href":"https:\/\/www.geopolitics.fr\/en\/wp-json\/wp\/v2\/comments?post=2926"}],"version-history":[{"count":0,"href":"https:\/\/www.geopolitics.fr\/en\/wp-json\/wp\/v2\/posts\/2926\/revisions"}],"wp:featuredmedia":[{"embeddable":true,"href":"https:\/\/www.geopolitics.fr\/en\/wp-json\/wp\/v2\/media\/2927"}],"wp:attachment":[{"href":"https:\/\/www.geopolitics.fr\/en\/wp-json\/wp\/v2\/media?parent=2926"}],"wp:term":[{"taxonomy":"category","embeddable":true,"href":"https:\/\/www.geopolitics.fr\/en\/wp-json\/wp\/v2\/categories?post=2926"},{"taxonomy":"post_tag","embeddable":true,"href":"https:\/\/www.geopolitics.fr\/en\/wp-json\/wp\/v2\/tags?post=2926"}],"curies":[{"name":"wp","href":"https:\/\/api.w.org\/{rel}","templated":true}]}}