{"id":2920,"date":"2024-07-06T14:15:40","date_gmt":"2024-07-06T12:15:40","guid":{"rendered":"https:\/\/www.geopolitics.fr\/?p=2920"},"modified":"2024-07-06T18:41:35","modified_gmt":"2024-07-06T16:41:35","slug":"pour-une-revision-complete-des-modalites-delection-des-deputes-des-francais-etablis-hors-de-france","status":"publish","type":"post","link":"https:\/\/www.geopolitics.fr\/en\/2024\/07\/06\/pour-une-revision-complete-des-modalites-delection-des-deputes-des-francais-etablis-hors-de-france\/","title":{"rendered":"Pour une r\u00e9vision compl\u00e8te des modalit\u00e9s d\u2019\u00e9lection des d\u00e9put\u00e9s des Fran\u00e7ais \u00e9tablis hors-de-France"},"content":{"rendered":"<h2 class=\"wp-block-heading\" id=\"h-nbsp-un-systeme-concu-pour-faire-gagner-des-deputes-a-la-droite-et-qui-n-a-jamais-atteint-ses-objectifs\"><strong>&nbsp;Un syst\u00e8me con\u00e7u pour faire gagner des d\u00e9put\u00e9s \u00e0 la droite et qui n\u2019a jamais atteint ses objectifs.<\/strong><\/h2>\n\n\n\n<p class=\"has-medium-font-size wp-block-paragraph\"><strong>Les 11 d\u00e9put\u00e9s des Fran\u00e7ais \u00e9tablis hors-de-France sont une innovation introduite par la r\u00e9forme constitutionnelle de juillet 2008<\/strong>. Nicolas Sarkozy, qui en est \u00e0 l\u2019origine, poursuivait alors <strong>deux objectifs&nbsp;: celui louable que les Fran\u00e7ais \u00e0 l\u2019\u00e9tranger soient repr\u00e9sent\u00e9s \u00e0 l\u2019Assembl\u00e9e Nationale<\/strong> afin d\u2019\u00eatre des citoyens \u00e0 part enti\u00e8re. <strong>L\u2019autre \u00e9tait de s\u2019assurer le gain de 9 circonscriptions sur les 11 cr\u00e9\u00e9es.<\/strong> En effet, jusqu\u2019en 2007, les Fran\u00e7ais \u00e9tablis \u00e0 l\u2019\u00e9tranger avaient toujours vot\u00e9 \u00e0 droite, tant que cette derni\u00e8re n\u2019\u00e9tait pas populiste. Seules deux circonscriptions sur les 11 ne semblaient pas acquises&nbsp;:&nbsp; la 7<sup>\u00e8me<\/sup> qui regroupe l\u2019Allemagne, l\u2019Europe centrale et orientale apparaissait comme tangente&nbsp;; la 9<sup>\u00e8me<\/sup> qui regroupe le Maghreb et Afrique de l\u2019Ouest, consid\u00e9r\u00e9e comme imprenable.<\/p>\n\n\n\n<p class=\"has-medium-font-size wp-block-paragraph\"><strong>Or, il n\u2019en fut rien. La d\u00e9rive de la droite vers le populisme d\u00e9complex\u00e9, a provoqu\u00e9 une r\u00e9action allergique<\/strong> d\u2019une population attach\u00e9e \u00e0 un France ouverte sur le monde et dont le niveau d\u2019\u00e9tudes est sup\u00e9rieur \u00e0 la moyenne fran\u00e7aise<strong>. Les Fran\u00e7ais \u00e9tablis \u00e0 l\u2019\u00e9tranger sont l\u2019anti-CNEWS.<\/strong><\/p>\n\n\n\n<p class=\"has-medium-font-size wp-block-paragraph\"><strong>Une autre erreur politique monumentale, en interne, fut de confier \u00e0 des s\u00e9nateurs la responsabilit\u00e9 de la F\u00e9d\u00e9ration UMP puis LR des Fran\u00e7ais de l\u2019\u00e9tranger<\/strong>. Le d\u00e9clin vertigineux date de cette p\u00e9riode. En effet, la seule pr\u00e9occupation des dits s\u00e9nateurs est de conserver la ma\u00eetrise d\u2019une soixantaine de conseillers des Fran\u00e7ais de l\u2019\u00e9tranger (leurs grand \u00e9lecteurs) afin d\u2019\u00eatre r\u00e9\u00e9lus, surtout pas de faire du chiffre, des adh\u00e9rents ou, pire encore faire \u00e9lire des d\u00e9put\u00e9s fran\u00e7ais de l\u2019\u00e9tranger. <strong>Le but est de maintenir un syst\u00e8me fantomatique qu\u2019ils ma\u00eetrisent afin d\u2019assurer leur r\u00e9\u00e9lection<\/strong><\/p>\n\n\n\n<p class=\"has-medium-font-size wp-block-paragraph\">En 2012, seules les 10 et 11<sup>\u00e8me<\/sup> circonscriptions envoy\u00e8rent un d\u00e9put\u00e9 UMP.<\/p>\n\n\n\n<p class=\"has-medium-font-size wp-block-paragraph\">En 2017&nbsp;: seule la 8<sup>\u00e8me<\/sup> circonscription, celle de Meyer Habib (se pr\u00e9sentant sous l\u2019\u00e9tiquette \u00e9trange d\u2019UDI mais dont chacun conna\u00eet les r\u00e9elles convictions) f\u00fbt gagn\u00e9e.<\/p>\n\n\n\n<p class=\"has-medium-font-size wp-block-paragraph\">En 2022&nbsp;: toujours le m\u00eame et l\u2019unique Meyer Habib pour les raisons que chacun connait.<\/p>\n\n\n\n<p class=\"has-medium-font-size wp-block-paragraph\">Lors de ces \u00e9lections l\u00e9gislatives anticip\u00e9es&nbsp;: aucun candidat de droite au 2<sup>\u00e8me<\/sup> tour, si ce n\u2019est le dit Meyer Habib qui fait d\u00e9sormais ouvertement l\u2019apologie du Rassemblement National.<\/p>\n\n\n\n<p class=\"has-medium-font-size wp-block-paragraph\"><strong>Ainsi, l\u2019objectif poursuivi par Nicolas Sarkozy, 9 circonscriptions suppl\u00e9mentaire pour la droite, s\u2019av\u00e9ra \u00eatre un \u00e9chec complet.<\/strong><\/p>\n\n\n\n<h2 class=\"wp-block-heading\" id=\"h-un-decoupage-electoral-incoherent-et-qui-favorise-les-ingerences-etrangeres\"><strong>Un d\u00e9coupage \u00e9lectoral incoh\u00e9rent et qui favorise les ing\u00e9rences \u00e9trang\u00e8res<\/strong><\/h2>\n\n\n\n<p class=\"has-medium-font-size wp-block-paragraph\">En effet, au lieu de choisir une \u00ab&nbsp;circonscription monde&nbsp;\u00bb ce qui est le cas pour les S\u00e9nateurs des Fran\u00e7ais \u00e9tablis hors de France, il a \u00e9t\u00e9 choisi de d\u00e9couper le monde en 11 circonscriptions.&nbsp;<\/p>\n\n\n\n<p class=\"has-medium-font-size wp-block-paragraph\"><strong>Si certaines ont une coh\u00e9rence<\/strong>, <strong>en d\u00e9pit d\u2019une \u00e9tendue qui emp\u00eache toute campagne de proximit\u00e9 <\/strong>telles que la 1<sup>\u00e8re<\/sup> qui regroupe l\u2019Am\u00e9rique du Nord ou la 2<sup>\u00e8me<\/sup> qui regroupe Am\u00e9rique centrale et du Sud, <strong>d\u2019autres n\u2019en ont pas<\/strong>. Le monde arabe tout comme l\u2019Afrique sont \u00e9cartel\u00e9s entre les 9<sup>\u00e8me<\/sup> et 10 circonscriptions. La 11\u00e8me circonscription s\u2019\u00e9tend de la Russie \u00e0 la Nouvelle-Z\u00e9lande et compte 53 pays !<\/p>\n\n\n\n<h6 class=\"wp-block-heading has-medium-font-size\" id=\"h-en-realite-seules-deux-circonscriptions-nbsp-la-4eme-benelux-et-6eme-suisse-et-liechtenstein-ont-une-coherence-geographique-et-permettent-reellement-de-faire-campagne\"><strong>En r\u00e9alit\u00e9, seules deux circonscriptions&nbsp;: la 4\u00e8me (Benelux) et 6\u00e8me (Suisse et Liechtenstein) ont une coh\u00e9rence g\u00e9ographique et permettent r\u00e9ellement de faire campagne.<\/strong><\/h6>\n\n\n\n<h2 class=\"wp-block-heading\" id=\"h-dans-d-autres-le-poids-determinant-d-un-seul-pays-place-les-elections-sous-la-coupe-d-une-puissance-etrangere\"><strong>Dans d\u2019autres, le poids d\u00e9terminant d\u2019un seul pays place les \u00e9lections sous la coupe d\u2019une puissance \u00e9trang\u00e8re<\/strong><\/h2>\n\n\n\n<p class=\"has-medium-font-size wp-block-paragraph\"><strong>Le cas le plus flagrant est celui de la 8<sup>\u00e8me<\/sup> circonscription <\/strong>(Isra\u00ebl, Italie, Gr\u00e8ce, Turquie, Chypre, Saint Marin, Malte, le Vatican)&nbsp;: ce sont en r\u00e9alit\u00e9 les seuls \u00e9lecteurs inscrits en Isra\u00ebl, ultra-dominants, qui font la d\u00e9cision. Pour \u00eatre \u00e9lu, Meyer Habib n\u2019a besoin que du soutien que des franco-isra\u00e9liens. Ainsi nous avons un d\u00e9put\u00e9 mi-Knesset, mi-Assembl\u00e9e Nationale.<\/p>\n\n\n\n<p class=\"has-medium-font-size wp-block-paragraph\"><strong>Cet exemple le plus significatif n\u2019est h\u00e9las pas le seul. Comprenne qui voudra.<\/strong><\/p>\n\n\n\n<p class=\"has-medium-font-size wp-block-paragraph\"><strong>L\u2019autre forme d\u2019ing\u00e9rence est financi\u00e8re<\/strong>. La Commission Nationale des Comptes de Campagne n\u2019a aucun pouvoir pour agir et contr\u00f4ler \u00e0 l\u2019\u00e9tranger les flux financiers. Qu\u2019un Etat choisisse un candidat et l\u2019argent (en esp\u00e8ces) coule \u00e0 flot sans aucun contr\u00f4le ni sanction.<\/p>\n\n\n\n<h2 class=\"wp-block-heading\" id=\"h-une-modification-du-mode-de-scrutin-est-indispensable\"><strong>Une modification du mode de scrutin est indispensable<\/strong><\/h2>\n\n\n\n<p class=\"has-medium-font-size wp-block-paragraph\"><strong>Pour \u00e9chapper \u00e0 ces travers, un moyen semble \u00e9vident et simple&nbsp;: le scrutin de liste avec une circonscription-monde<\/strong>. <strong>Ce serait la fin des ing\u00e9rences \u00e9trang\u00e8res et du mythe d\u2019un d\u00e9put\u00e9 de proximit\u00e9 qui n\u2019existe pas<\/strong>.&nbsp; <strong>Le d\u00e9bat serait nationalis\u00e9 et les Fran\u00e7ais de l\u2019\u00e9tranger moins segment\u00e9s.<\/strong> Aux d\u00e9put\u00e9s \u00e9lus, s\u2019ils le souhaitent, par la suite, de se sp\u00e9cialiser sur certaines zones du monde, en participant activement \u00e0 tel ou tel groupe d\u2019amiti\u00e9s. <strong>Le scrutin pourrait \u00eatre totalement \u00e9lectronique si l\u2019on est capable de pr\u00e9venir les intrusions \u00e9trang\u00e8res.<\/strong><\/p>\n\n\n\n<h2 class=\"wp-block-heading\" id=\"h-le-ministere-des-affaires-etrangeres-est-loin-d-avoir-l-expertise-du-ministere-de-l-interieur-en-matiere-electorale\"><strong>Le Minist\u00e8re des Affaires \u00e9trang\u00e8res est loin d\u2019avoir l\u2019expertise du Minist\u00e8re de l\u2019Int\u00e9rieur en mati\u00e8re \u00e9lectorale<\/strong><\/h2>\n\n\n\n<p class=\"has-medium-font-size wp-block-paragraph\">Il ne s\u2019agit nullement de viser des diplomates dont l\u2019excellence n\u2019est plus \u00e0 d\u00e9montrer et qui souffrent tant d\u2019avoir des Ministres pas \u00e0 la hauteur. Bien au contraire, certains ont tenu tr\u00e8s haut l\u2019honneur de la diplomatie fran\u00e7ais en d\u00e9non\u00e7ant le suivisme, l\u2019incoh\u00e9rence, et la partialit\u00e9 de la politique \u00e9trang\u00e8re conduite dans le monde arabe. <strong>N\u00e9anmoins, il n\u2019existe pas de r\u00e9el savoir-faire au minist\u00e8re des Affaires \u00e9trang\u00e8res en mati\u00e8re \u00e9lectorale, le constat est l\u00e0\u00a0!<\/strong><\/p>\n\n\n\n<p class=\"has-medium-font-size wp-block-paragraph\"><strong>La r\u00e9forme du mode de scrutin devrait s\u2019accompagner d\u2019un transfert d\u2019organisation de l\u2019\u00e9lection du minist\u00e8re de l\u2019Europe et des Affaires \u00e9trang\u00e8res vers le Minist\u00e8re de l\u2019Int\u00e9rieur<\/strong> qui, lui, est rompu \u00e0 l\u2019organisation des \u00e9lections et r\u00e9actif.<\/p>\n\n\n\n<p class=\"has-medium-font-size wp-block-paragraph\"><strong>Je vais \u00e9voquer d\u2019abord les probl\u00e8mes auxquels ont \u00e9t\u00e9 confront\u00e9 tous les candidats qui n\u2019\u00e9taient pas d\u00e9put\u00e9s sortants durant cette campagne extr\u00eamement courte.<\/strong><\/p>\n\n\n\n<p class=\"has-medium-font-size wp-block-paragraph\">Le 9 juin, le Pr\u00e9sident de la R\u00e9publique annonce la dissolution de l\u2019Assembl\u00e9e Nationale.<\/p>\n\n\n\n<p class=\"has-medium-font-size wp-block-paragraph\">Le 11 juin, le Minist\u00e8re de l\u2019Int\u00e9rieur met en ligne \u00ab&nbsp;le m\u00e9mento du candidat&nbsp;\u00bb ; ce sera le 15 juin pour le Minist\u00e8re de l\u2019Europe et des affaires \u00e9trang\u00e8res. Le Minist\u00e8re de l\u2019Int\u00e9rieur et la Pr\u00e9fecture de Paris sont joignables en permanence. Le bureau des \u00e9lections (Direction des Fran\u00e7ais \u00e9tablis \u00e0 l&rsquo;\u00e9tranger et de l&rsquo;administration consulaire) du Minist\u00e8re des Affaires \u00e9trang\u00e8res, jamais.<\/p>\n\n\n\n<p class=\"has-medium-font-size wp-block-paragraph\"><strong>La liste \u00e9lectorale consulaire <\/strong>(LEC) est le principal instrument dont dispose les candidats \u00e0 l\u2019\u00e9tranger pour faire campagne en envoyant des mails aux Fran\u00e7ais immatricul\u00e9s (surtout lorsque le compte de campagne n\u2019est pas ouvert ce qui interdit le moindre d\u00e9placement sur le terrain). <strong>Le Minist\u00e8re des Affaires \u00e9trang\u00e8res ne mettra \u00e0 disposition des candidats cette fameuse LEC qu\u2019\u00e0 compter du 17 juin, 8 jours apr\u00e8s l\u2019annonce de la dissolution et 8 jours seulement avant le d\u00e9but du vote \u00e9lectronique. Cette derni\u00e8re n\u2019\u00e9tait, en effet, pas \u00e0 jour\u2026On croit r\u00eaver&nbsp;!<\/strong><\/p>\n\n\n\n<p class=\"has-medium-font-size wp-block-paragraph\">Me concernant, particuli\u00e8rement, j\u2019eu droit \u00e0 un traitement de \u00ab&nbsp;faveur&nbsp;\u00bb&nbsp;<strong>: ma profession de foi, mise en ligne sur le site du minist\u00e8re des affaires \u00e9trang\u00e8res, n\u2019\u00e9tait pas au bon format<\/strong>, inouvrable alors qu\u2019elle constitue un \u00e9l\u00e9ment essentiel pour se forger une conviction pour le vote \u00e9lectronique&nbsp;!<\/p>\n\n\n\n<p class=\"has-medium-font-size wp-block-paragraph\">A Tunis, dans le principal bureau de vote, <strong>mon bulletin \u00e9tait absent<\/strong>. Ce n\u2019est que lorsque mon d\u00e9l\u00e9gu\u00e9 est arriv\u00e9 pour noter cette anomalie qu\u2019en recherchant un peu, on les trouva <strong>dissimul\u00e9s sous un sac<\/strong>\u2026. Toujours \u00e0 Tunis o\u00f9 l\u2019incomp\u00e9tence semble notoire, <strong>mon d\u00e9l\u00e9gu\u00e9 ne put assister au d\u00e9pouillement, mais tenu \u00e0 l\u2019\u00e9cart dans un couloir, contrairement \u00e0 ce que pr\u00e9voit le code \u00e9lectoral.<\/strong><\/p>\n\n\n\n<p class=\"has-medium-font-size wp-block-paragraph\"><strong>Comme bien d\u2019autres candidats<\/strong>, je ne fus en mesure de d\u00e9signer des repr\u00e9sentants dans toutes les villes ou pays. Me concernant, Dakar, Alger, Annaba, Oran, Marrakech, F\u00e8s, Tanger, Conakry rest\u00e8rent sans d\u00e9l\u00e9gu\u00e9. Comment s\u2019est d\u00e9roul\u00e9 le scrutin dans tous ces lieus&nbsp;? Avec les m\u00eames anomalies qu\u2019\u00e0 Tunis&nbsp;<strong>? Il sera, \u00e0 jamais, possible de le savoir.<\/strong><\/p>\n\n\n\n<p class=\"has-medium-font-size wp-block-paragraph\">La moindre des choses est d\u2019\u00eatre certain que le scrutin est sinc\u00e8re et non biais\u00e9. <\/p>\n\n\n\n<p class=\"has-medium-font-size wp-block-paragraph\"><strong>Il est grands temps de consid\u00e9rer les Fran\u00e7ais \u00e9tablis \u00e0 l\u2019\u00e9tranger comme des citoyens \u00e0 part enti\u00e8re dont la voix compte autant que celle des Fran\u00e7ais \u00e9tablis en France, loin des ing\u00e9rences \u00e9trang\u00e8res et de modalit\u00e9s d\u2019\u00e9lection d\u00e9faillantes.<\/strong><\/p>","protected":false},"excerpt":{"rendered":"<p>&nbsp;Un syst\u00e8me con\u00e7u pour faire gagner des d\u00e9put\u00e9s \u00e0 la droite et qui n\u2019a jamais atteint ses objectifs. Les 11 d\u00e9put\u00e9s des&hellip;<\/p>","protected":false},"author":16,"featured_media":2921,"comment_status":"open","ping_status":"open","sticky":false,"template":"","format":"standard","meta":{"_lmt_disableupdate":"","_lmt_disable":"","footnotes":""},"categories":[40,5,4,3],"tags":[],"class_list":["post-2920","post","type-post","status-publish","format-standard","has-post-thumbnail","hentry","category-election","category-international","category-mis-en-avant","category-politique"],"yoast_head":"<!-- This site is optimized with the Yoast SEO Premium plugin v28.1 (Yoast SEO v28.1) - https:\/\/yoast.com\/product\/yoast-seo-premium-wordpress\/ -->\n<title>Pour une r\u00e9vision compl\u00e8te des modalit\u00e9s d\u2019\u00e9lection des d\u00e9put\u00e9s des Fran\u00e7ais \u00e9tablis hors-de-France | Geopolitics.fr<\/title>\n<meta name=\"description\" content=\"Le scrutin permettant d&#039;\u00e9lire les 11 d\u00e9put\u00e9s Fran\u00e7ais \u00e9tablis hors de France doit \u00eatre r\u00e9vis\u00e9. Ing\u00e9rences \u00e9trang\u00e8re, mauvaise organisation.\" \/>\n<meta name=\"robots\" content=\"index, follow, max-snippet:-1, max-image-preview:large, max-video-preview:-1\" \/>\n<link rel=\"canonical\" href=\"https:\/\/www.geopolitics.fr\/en\/2024\/07\/06\/pour-une-revision-complete-des-modalites-delection-des-deputes-des-francais-etablis-hors-de-france\/\" \/>\n<meta property=\"og:locale\" content=\"en_GB\" \/>\n<meta property=\"og:type\" content=\"article\" \/>\n<meta property=\"og:title\" content=\"Pour une r\u00e9vision compl\u00e8te des modalit\u00e9s d\u2019\u00e9lection des d\u00e9put\u00e9s des Fran\u00e7ais \u00e9tablis hors-de-France\" \/>\n<meta property=\"og:description\" content=\"Le scrutin permettant d&#039;\u00e9lire les 11 d\u00e9put\u00e9s Fran\u00e7ais \u00e9tablis hors de France doit \u00eatre r\u00e9vis\u00e9. Ing\u00e9rences \u00e9trang\u00e8re, mauvaise organisation.\" \/>\n<meta property=\"og:url\" content=\"https:\/\/www.geopolitics.fr\/en\/2024\/07\/06\/pour-une-revision-complete-des-modalites-delection-des-deputes-des-francais-etablis-hors-de-france\/\" \/>\n<meta property=\"og:site_name\" content=\"Geopolitics.fr\" \/>\n<meta property=\"article:publisher\" content=\"https:\/\/www.facebook.com\/people\/Erwan-Davoux\/61557098968092\/\" \/>\n<meta property=\"article:author\" content=\"Erwan Davoux\" \/>\n<meta property=\"article:published_time\" content=\"2024-07-06T12:15:40+00:00\" \/>\n<meta property=\"article:modified_time\" content=\"2024-07-06T16:41:35+00:00\" \/>\n<meta property=\"og:image\" content=\"https:\/\/www.geopolitics.fr\/wp-content\/uploads\/2024\/07\/11-CIRCOS.jpg\" \/>\n\t<meta property=\"og:image:width\" content=\"1108\" \/>\n\t<meta property=\"og:image:height\" content=\"618\" \/>\n\t<meta property=\"og:image:type\" content=\"image\/jpeg\" \/>\n<meta name=\"author\" content=\"Erwan Davoux\" \/>\n<meta name=\"twitter:card\" content=\"summary_large_image\" \/>\n<meta name=\"twitter:creator\" content=\"@erwandavoux @Geo_politicsfr\" \/>\n<meta name=\"twitter:site\" content=\"@Geopolitics_Fr\" \/>\n<meta name=\"twitter:label1\" content=\"Written by\" \/>\n\t<meta name=\"twitter:data1\" content=\"Erwan Davoux\" \/>\n\t<meta name=\"twitter:label2\" content=\"Estimated reading time\" \/>\n\t<meta name=\"twitter:data2\" content=\"7 minutes\" \/>\n<script type=\"application\/ld+json\" class=\"yoast-schema-graph\">{\"@context\":\"https:\\\/\\\/schema.org\",\"@graph\":[{\"@type\":\"Article\",\"@id\":\"https:\\\/\\\/www.geopolitics.fr\\\/2024\\\/07\\\/06\\\/pour-une-revision-complete-des-modalites-delection-des-deputes-des-francais-etablis-hors-de-france\\\/#article\",\"isPartOf\":{\"@id\":\"https:\\\/\\\/www.geopolitics.fr\\\/2024\\\/07\\\/06\\\/pour-une-revision-complete-des-modalites-delection-des-deputes-des-francais-etablis-hors-de-france\\\/\"},\"author\":{\"name\":\"Erwan Davoux\",\"@id\":\"https:\\\/\\\/www.geopolitics.fr\\\/#\\\/schema\\\/person\\\/a487273e91313e368925717400fa1b11\"},\"headline\":\"Pour une r\u00e9vision compl\u00e8te des modalit\u00e9s d\u2019\u00e9lection des d\u00e9put\u00e9s des Fran\u00e7ais \u00e9tablis hors-de-France\",\"datePublished\":\"2024-07-06T12:15:40+00:00\",\"dateModified\":\"2024-07-06T16:41:35+00:00\",\"mainEntityOfPage\":{\"@id\":\"https:\\\/\\\/www.geopolitics.fr\\\/2024\\\/07\\\/06\\\/pour-une-revision-complete-des-modalites-delection-des-deputes-des-francais-etablis-hors-de-france\\\/\"},\"wordCount\":1529,\"commentCount\":0,\"publisher\":{\"@id\":\"https:\\\/\\\/www.geopolitics.fr\\\/#organization\"},\"image\":{\"@id\":\"https:\\\/\\\/www.geopolitics.fr\\\/2024\\\/07\\\/06\\\/pour-une-revision-complete-des-modalites-delection-des-deputes-des-francais-etablis-hors-de-france\\\/#primaryimage\"},\"thumbnailUrl\":\"https:\\\/\\\/www.geopolitics.fr\\\/wp-content\\\/uploads\\\/2024\\\/07\\\/11-CIRCOS.jpg\",\"articleSection\":[\"Election\",\"International\",\"Mis en AVANT\",\"Politique\"],\"inLanguage\":\"en-GB\"},{\"@type\":\"WebPage\",\"@id\":\"https:\\\/\\\/www.geopolitics.fr\\\/2024\\\/07\\\/06\\\/pour-une-revision-complete-des-modalites-delection-des-deputes-des-francais-etablis-hors-de-france\\\/\",\"url\":\"https:\\\/\\\/www.geopolitics.fr\\\/2024\\\/07\\\/06\\\/pour-une-revision-complete-des-modalites-delection-des-deputes-des-francais-etablis-hors-de-france\\\/\",\"name\":\"Pour une r\u00e9vision compl\u00e8te des modalit\u00e9s d\u2019\u00e9lection des d\u00e9put\u00e9s des Fran\u00e7ais \u00e9tablis hors-de-France | Geopolitics.fr\",\"isPartOf\":{\"@id\":\"https:\\\/\\\/www.geopolitics.fr\\\/#website\"},\"primaryImageOfPage\":{\"@id\":\"https:\\\/\\\/www.geopolitics.fr\\\/2024\\\/07\\\/06\\\/pour-une-revision-complete-des-modalites-delection-des-deputes-des-francais-etablis-hors-de-france\\\/#primaryimage\"},\"image\":{\"@id\":\"https:\\\/\\\/www.geopolitics.fr\\\/2024\\\/07\\\/06\\\/pour-une-revision-complete-des-modalites-delection-des-deputes-des-francais-etablis-hors-de-france\\\/#primaryimage\"},\"thumbnailUrl\":\"https:\\\/\\\/www.geopolitics.fr\\\/wp-content\\\/uploads\\\/2024\\\/07\\\/11-CIRCOS.jpg\",\"datePublished\":\"2024-07-06T12:15:40+00:00\",\"dateModified\":\"2024-07-06T16:41:35+00:00\",\"description\":\"Le scrutin permettant d'\u00e9lire les 11 d\u00e9put\u00e9s Fran\u00e7ais \u00e9tablis hors de France doit \u00eatre r\u00e9vis\u00e9. Ing\u00e9rences \u00e9trang\u00e8re, mauvaise organisation.\",\"breadcrumb\":{\"@id\":\"https:\\\/\\\/www.geopolitics.fr\\\/2024\\\/07\\\/06\\\/pour-une-revision-complete-des-modalites-delection-des-deputes-des-francais-etablis-hors-de-france\\\/#breadcrumb\"},\"inLanguage\":\"en-GB\",\"potentialAction\":[{\"@type\":\"ReadAction\",\"target\":[\"https:\\\/\\\/www.geopolitics.fr\\\/2024\\\/07\\\/06\\\/pour-une-revision-complete-des-modalites-delection-des-deputes-des-francais-etablis-hors-de-france\\\/\"]}]},{\"@type\":\"ImageObject\",\"inLanguage\":\"en-GB\",\"@id\":\"https:\\\/\\\/www.geopolitics.fr\\\/2024\\\/07\\\/06\\\/pour-une-revision-complete-des-modalites-delection-des-deputes-des-francais-etablis-hors-de-france\\\/#primaryimage\",\"url\":\"https:\\\/\\\/www.geopolitics.fr\\\/wp-content\\\/uploads\\\/2024\\\/07\\\/11-CIRCOS.jpg\",\"contentUrl\":\"https:\\\/\\\/www.geopolitics.fr\\\/wp-content\\\/uploads\\\/2024\\\/07\\\/11-CIRCOS.jpg\",\"width\":1108,\"height\":618},{\"@type\":\"BreadcrumbList\",\"@id\":\"https:\\\/\\\/www.geopolitics.fr\\\/2024\\\/07\\\/06\\\/pour-une-revision-complete-des-modalites-delection-des-deputes-des-francais-etablis-hors-de-france\\\/#breadcrumb\",\"itemListElement\":[{\"@type\":\"ListItem\",\"position\":1,\"name\":\"Accueil\",\"item\":\"https:\\\/\\\/www.geopolitics.fr\\\/\"},{\"@type\":\"ListItem\",\"position\":2,\"name\":\"Pour une r\u00e9vision compl\u00e8te des modalit\u00e9s d\u2019\u00e9lection des d\u00e9put\u00e9s des Fran\u00e7ais \u00e9tablis hors-de-France\"}]},{\"@type\":\"WebSite\",\"@id\":\"https:\\\/\\\/www.geopolitics.fr\\\/#website\",\"url\":\"https:\\\/\\\/www.geopolitics.fr\\\/\",\"name\":\"Geopolitics.fr\",\"description\":\"Geopolitics.fr Analyse politique, relations internationales, d\u00e9fense - ligne \u00e9ditoriale gaullo-chiraquienne\",\"publisher\":{\"@id\":\"https:\\\/\\\/www.geopolitics.fr\\\/#organization\"},\"potentialAction\":[{\"@type\":\"SearchAction\",\"target\":{\"@type\":\"EntryPoint\",\"urlTemplate\":\"https:\\\/\\\/www.geopolitics.fr\\\/?s={search_term_string}\"},\"query-input\":{\"@type\":\"PropertyValueSpecification\",\"valueRequired\":true,\"valueName\":\"search_term_string\"}}],\"inLanguage\":\"en-GB\"},{\"@type\":\"Organization\",\"@id\":\"https:\\\/\\\/www.geopolitics.fr\\\/#organization\",\"name\":\"Geopolitics.fr\",\"url\":\"https:\\\/\\\/www.geopolitics.fr\\\/\",\"logo\":{\"@type\":\"ImageObject\",\"inLanguage\":\"en-GB\",\"@id\":\"https:\\\/\\\/www.geopolitics.fr\\\/#\\\/schema\\\/logo\\\/image\\\/\",\"url\":\"https:\\\/\\\/www.geopolitics.fr\\\/wp-content\\\/uploads\\\/2024\\\/01\\\/logo.jpg\",\"contentUrl\":\"https:\\\/\\\/www.geopolitics.fr\\\/wp-content\\\/uploads\\\/2024\\\/01\\\/logo.jpg\",\"width\":500,\"height\":500,\"caption\":\"Geopolitics.fr\"},\"image\":{\"@id\":\"https:\\\/\\\/www.geopolitics.fr\\\/#\\\/schema\\\/logo\\\/image\\\/\"},\"sameAs\":[\"https:\\\/\\\/www.facebook.com\\\/people\\\/Erwan-Davoux\\\/61557098968092\\\/\",\"https:\\\/\\\/x.com\\\/Geopolitics_Fr\"]},{\"@type\":\"Person\",\"@id\":\"https:\\\/\\\/www.geopolitics.fr\\\/#\\\/schema\\\/person\\\/a487273e91313e368925717400fa1b11\",\"name\":\"Erwan Davoux\",\"image\":{\"@type\":\"ImageObject\",\"inLanguage\":\"en-GB\",\"@id\":\"https:\\\/\\\/www.geopolitics.fr\\\/wp-content\\\/uploads\\\/2026\\\/05\\\/moi-96x96.jpg\",\"url\":\"https:\\\/\\\/www.geopolitics.fr\\\/wp-content\\\/uploads\\\/2026\\\/05\\\/moi-96x96.jpg\",\"contentUrl\":\"https:\\\/\\\/www.geopolitics.fr\\\/wp-content\\\/uploads\\\/2026\\\/05\\\/moi-96x96.jpg\",\"caption\":\"Erwan Davoux\"},\"description\":\"Erwan DAVOUX est Pr\u00e9sident de LMD CONSEIL, (conseil strat\u00e9gique, intelligence \u00e9conomique, risque g\u00e9opolitique, influence politique, diplomatie \u00e9conomique). Dipl\u00f4m\u00e9 de l'IEP de Paris et de l'INALCO (d\u00e9partement d'\u00e9tudes arabes), il est directeur de la publication de geopolitics.fr. Ancien fonctionnaire au Minist\u00e8re de l'Int\u00e9rieur et de la D\u00e9fense (DGSE) Ancien charg\u00e9 de Mission \u00e0 la Pr\u00e9sidence de la R\u00e9publique (cellule diplomatique) Conseil de nombreuses personnalit\u00e9s politiques \u00e0 l'International (dont deux anciens Premiers ministres).\",\"sameAs\":[\"Erwan Davoux\",\"@erwandavoux\",\"https:\\\/\\\/www.linkedin.com\\\/in\\\/erwan-davoux-6800b289\\\/\",\"https:\\\/\\\/x.com\\\/@erwandavoux @Geo_politicsfr\"],\"url\":\"https:\\\/\\\/www.geopolitics.fr\\\/en\\\/author\\\/erwan-davoux\\\/\"}]}<\/script>\n<!-- \/ Yoast SEO Premium plugin. -->","yoast_head_json":{"title":"Pour une r\u00e9vision compl\u00e8te des modalit\u00e9s d\u2019\u00e9lection des d\u00e9put\u00e9s des Fran\u00e7ais \u00e9tablis hors-de-France | Geopolitics.fr","description":"Le scrutin permettant d'\u00e9lire les 11 d\u00e9put\u00e9s Fran\u00e7ais \u00e9tablis hors de France doit \u00eatre r\u00e9vis\u00e9. Ing\u00e9rences \u00e9trang\u00e8re, mauvaise organisation.","robots":{"index":"index","follow":"follow","max-snippet":"max-snippet:-1","max-image-preview":"max-image-preview:large","max-video-preview":"max-video-preview:-1"},"canonical":"https:\/\/www.geopolitics.fr\/en\/2024\/07\/06\/pour-une-revision-complete-des-modalites-delection-des-deputes-des-francais-etablis-hors-de-france\/","og_locale":"en_GB","og_type":"article","og_title":"Pour une r\u00e9vision compl\u00e8te des modalit\u00e9s d\u2019\u00e9lection des d\u00e9put\u00e9s des Fran\u00e7ais \u00e9tablis hors-de-France","og_description":"Le scrutin permettant d'\u00e9lire les 11 d\u00e9put\u00e9s Fran\u00e7ais \u00e9tablis hors de France doit \u00eatre r\u00e9vis\u00e9. Ing\u00e9rences \u00e9trang\u00e8re, mauvaise organisation.","og_url":"https:\/\/www.geopolitics.fr\/en\/2024\/07\/06\/pour-une-revision-complete-des-modalites-delection-des-deputes-des-francais-etablis-hors-de-france\/","og_site_name":"Geopolitics.fr","article_publisher":"https:\/\/www.facebook.com\/people\/Erwan-Davoux\/61557098968092\/","article_author":"Erwan Davoux","article_published_time":"2024-07-06T12:15:40+00:00","article_modified_time":"2024-07-06T16:41:35+00:00","og_image":[{"width":1108,"height":618,"url":"https:\/\/www.geopolitics.fr\/wp-content\/uploads\/2024\/07\/11-CIRCOS.jpg","type":"image\/jpeg"}],"author":"Erwan Davoux","twitter_card":"summary_large_image","twitter_creator":"@erwandavoux @Geo_politicsfr","twitter_site":"@Geopolitics_Fr","twitter_misc":{"Written by":"Erwan Davoux","Estimated reading time":"7 minutes"},"schema":{"@context":"https:\/\/schema.org","@graph":[{"@type":"Article","@id":"https:\/\/www.geopolitics.fr\/2024\/07\/06\/pour-une-revision-complete-des-modalites-delection-des-deputes-des-francais-etablis-hors-de-france\/#article","isPartOf":{"@id":"https:\/\/www.geopolitics.fr\/2024\/07\/06\/pour-une-revision-complete-des-modalites-delection-des-deputes-des-francais-etablis-hors-de-france\/"},"author":{"name":"Erwan Davoux","@id":"https:\/\/www.geopolitics.fr\/#\/schema\/person\/a487273e91313e368925717400fa1b11"},"headline":"Pour une r\u00e9vision compl\u00e8te des modalit\u00e9s d\u2019\u00e9lection des d\u00e9put\u00e9s des Fran\u00e7ais \u00e9tablis hors-de-France","datePublished":"2024-07-06T12:15:40+00:00","dateModified":"2024-07-06T16:41:35+00:00","mainEntityOfPage":{"@id":"https:\/\/www.geopolitics.fr\/2024\/07\/06\/pour-une-revision-complete-des-modalites-delection-des-deputes-des-francais-etablis-hors-de-france\/"},"wordCount":1529,"commentCount":0,"publisher":{"@id":"https:\/\/www.geopolitics.fr\/#organization"},"image":{"@id":"https:\/\/www.geopolitics.fr\/2024\/07\/06\/pour-une-revision-complete-des-modalites-delection-des-deputes-des-francais-etablis-hors-de-france\/#primaryimage"},"thumbnailUrl":"https:\/\/www.geopolitics.fr\/wp-content\/uploads\/2024\/07\/11-CIRCOS.jpg","articleSection":["Election","International","Mis en AVANT","Politique"],"inLanguage":"en-GB"},{"@type":"WebPage","@id":"https:\/\/www.geopolitics.fr\/2024\/07\/06\/pour-une-revision-complete-des-modalites-delection-des-deputes-des-francais-etablis-hors-de-france\/","url":"https:\/\/www.geopolitics.fr\/2024\/07\/06\/pour-une-revision-complete-des-modalites-delection-des-deputes-des-francais-etablis-hors-de-france\/","name":"Pour une r\u00e9vision compl\u00e8te des modalit\u00e9s d\u2019\u00e9lection des d\u00e9put\u00e9s des Fran\u00e7ais \u00e9tablis hors-de-France | Geopolitics.fr","isPartOf":{"@id":"https:\/\/www.geopolitics.fr\/#website"},"primaryImageOfPage":{"@id":"https:\/\/www.geopolitics.fr\/2024\/07\/06\/pour-une-revision-complete-des-modalites-delection-des-deputes-des-francais-etablis-hors-de-france\/#primaryimage"},"image":{"@id":"https:\/\/www.geopolitics.fr\/2024\/07\/06\/pour-une-revision-complete-des-modalites-delection-des-deputes-des-francais-etablis-hors-de-france\/#primaryimage"},"thumbnailUrl":"https:\/\/www.geopolitics.fr\/wp-content\/uploads\/2024\/07\/11-CIRCOS.jpg","datePublished":"2024-07-06T12:15:40+00:00","dateModified":"2024-07-06T16:41:35+00:00","description":"Le scrutin permettant d'\u00e9lire les 11 d\u00e9put\u00e9s Fran\u00e7ais \u00e9tablis hors de France doit \u00eatre r\u00e9vis\u00e9. Ing\u00e9rences \u00e9trang\u00e8re, mauvaise organisation.","breadcrumb":{"@id":"https:\/\/www.geopolitics.fr\/2024\/07\/06\/pour-une-revision-complete-des-modalites-delection-des-deputes-des-francais-etablis-hors-de-france\/#breadcrumb"},"inLanguage":"en-GB","potentialAction":[{"@type":"ReadAction","target":["https:\/\/www.geopolitics.fr\/2024\/07\/06\/pour-une-revision-complete-des-modalites-delection-des-deputes-des-francais-etablis-hors-de-france\/"]}]},{"@type":"ImageObject","inLanguage":"en-GB","@id":"https:\/\/www.geopolitics.fr\/2024\/07\/06\/pour-une-revision-complete-des-modalites-delection-des-deputes-des-francais-etablis-hors-de-france\/#primaryimage","url":"https:\/\/www.geopolitics.fr\/wp-content\/uploads\/2024\/07\/11-CIRCOS.jpg","contentUrl":"https:\/\/www.geopolitics.fr\/wp-content\/uploads\/2024\/07\/11-CIRCOS.jpg","width":1108,"height":618},{"@type":"BreadcrumbList","@id":"https:\/\/www.geopolitics.fr\/2024\/07\/06\/pour-une-revision-complete-des-modalites-delection-des-deputes-des-francais-etablis-hors-de-france\/#breadcrumb","itemListElement":[{"@type":"ListItem","position":1,"name":"Accueil","item":"https:\/\/www.geopolitics.fr\/"},{"@type":"ListItem","position":2,"name":"Pour une r\u00e9vision compl\u00e8te des modalit\u00e9s d\u2019\u00e9lection des d\u00e9put\u00e9s des Fran\u00e7ais \u00e9tablis hors-de-France"}]},{"@type":"WebSite","@id":"https:\/\/www.geopolitics.fr\/#website","url":"https:\/\/www.geopolitics.fr\/","name":"Geopolitics.fr","description":"Geopolitics.fr Analyse politique, relations internationales, d\u00e9fense - ligne \u00e9ditoriale gaullo-chiraquienne","publisher":{"@id":"https:\/\/www.geopolitics.fr\/#organization"},"potentialAction":[{"@type":"SearchAction","target":{"@type":"EntryPoint","urlTemplate":"https:\/\/www.geopolitics.fr\/?s={search_term_string}"},"query-input":{"@type":"PropertyValueSpecification","valueRequired":true,"valueName":"search_term_string"}}],"inLanguage":"en-GB"},{"@type":"Organization","@id":"https:\/\/www.geopolitics.fr\/#organization","name":"Geopolitics.fr","url":"https:\/\/www.geopolitics.fr\/","logo":{"@type":"ImageObject","inLanguage":"en-GB","@id":"https:\/\/www.geopolitics.fr\/#\/schema\/logo\/image\/","url":"https:\/\/www.geopolitics.fr\/wp-content\/uploads\/2024\/01\/logo.jpg","contentUrl":"https:\/\/www.geopolitics.fr\/wp-content\/uploads\/2024\/01\/logo.jpg","width":500,"height":500,"caption":"Geopolitics.fr"},"image":{"@id":"https:\/\/www.geopolitics.fr\/#\/schema\/logo\/image\/"},"sameAs":["https:\/\/www.facebook.com\/people\/Erwan-Davoux\/61557098968092\/","https:\/\/x.com\/Geopolitics_Fr"]},{"@type":"Person","@id":"https:\/\/www.geopolitics.fr\/#\/schema\/person\/a487273e91313e368925717400fa1b11","name":"Erwan Davoux","image":{"@type":"ImageObject","inLanguage":"en-GB","@id":"https:\/\/www.geopolitics.fr\/wp-content\/uploads\/2026\/05\/moi-96x96.jpg","url":"https:\/\/www.geopolitics.fr\/wp-content\/uploads\/2026\/05\/moi-96x96.jpg","contentUrl":"https:\/\/www.geopolitics.fr\/wp-content\/uploads\/2026\/05\/moi-96x96.jpg","caption":"Erwan Davoux"},"description":"Erwan DAVOUX est Pr\u00e9sident de LMD CONSEIL, (conseil strat\u00e9gique, intelligence \u00e9conomique, risque g\u00e9opolitique, influence politique, diplomatie \u00e9conomique). Dipl\u00f4m\u00e9 de l'IEP de Paris et de l'INALCO (d\u00e9partement d'\u00e9tudes arabes), il est directeur de la publication de geopolitics.fr. Ancien fonctionnaire au Minist\u00e8re de l'Int\u00e9rieur et de la D\u00e9fense (DGSE) Ancien charg\u00e9 de Mission \u00e0 la Pr\u00e9sidence de la R\u00e9publique (cellule diplomatique) Conseil de nombreuses personnalit\u00e9s politiques \u00e0 l'International (dont deux anciens Premiers ministres).","sameAs":["Erwan Davoux","@erwandavoux","https:\/\/www.linkedin.com\/in\/erwan-davoux-6800b289\/","https:\/\/x.com\/@erwandavoux @Geo_politicsfr"],"url":"https:\/\/www.geopolitics.fr\/en\/author\/erwan-davoux\/"}]}},"_links":{"self":[{"href":"https:\/\/www.geopolitics.fr\/en\/wp-json\/wp\/v2\/posts\/2920","targetHints":{"allow":["GET"]}}],"collection":[{"href":"https:\/\/www.geopolitics.fr\/en\/wp-json\/wp\/v2\/posts"}],"about":[{"href":"https:\/\/www.geopolitics.fr\/en\/wp-json\/wp\/v2\/types\/post"}],"author":[{"embeddable":true,"href":"https:\/\/www.geopolitics.fr\/en\/wp-json\/wp\/v2\/users\/16"}],"replies":[{"embeddable":true,"href":"https:\/\/www.geopolitics.fr\/en\/wp-json\/wp\/v2\/comments?post=2920"}],"version-history":[{"count":0,"href":"https:\/\/www.geopolitics.fr\/en\/wp-json\/wp\/v2\/posts\/2920\/revisions"}],"wp:featuredmedia":[{"embeddable":true,"href":"https:\/\/www.geopolitics.fr\/en\/wp-json\/wp\/v2\/media\/2921"}],"wp:attachment":[{"href":"https:\/\/www.geopolitics.fr\/en\/wp-json\/wp\/v2\/media?parent=2920"}],"wp:term":[{"taxonomy":"category","embeddable":true,"href":"https:\/\/www.geopolitics.fr\/en\/wp-json\/wp\/v2\/categories?post=2920"},{"taxonomy":"post_tag","embeddable":true,"href":"https:\/\/www.geopolitics.fr\/en\/wp-json\/wp\/v2\/tags?post=2920"}],"curies":[{"name":"wp","href":"https:\/\/api.w.org\/{rel}","templated":true}]}}