{"id":2883,"date":"2024-06-18T09:37:48","date_gmt":"2024-06-18T07:37:48","guid":{"rendered":"https:\/\/www.geopolitics.fr\/?p=2883"},"modified":"2024-07-05T09:28:30","modified_gmt":"2024-07-05T07:28:30","slug":"erwan-davoux-candidat-aux-legislatives-francaises-diminuer-les-visas-aux-algeriens-fut-une-erreur-tsa-algerie-com","status":"publish","type":"post","link":"https:\/\/www.geopolitics.fr\/en\/2024\/06\/18\/erwan-davoux-candidat-aux-legislatives-francaises-diminuer-les-visas-aux-algeriens-fut-une-erreur-tsa-algerie-com\/","title":{"rendered":"Erwan Davoux, candidat aux l\u00e9gislatives fran\u00e7aises : \u00ab Diminuer les visas aux Alg\u00e9riens fut une erreur \u00bb (tsa-algerie.com)"},"content":{"rendered":"<p class=\"has-medium-font-size wp-block-paragraph\">Erwan Davoux est candidat aux \u00e9lections l\u00e9gislatives fran\u00e7aises anticip\u00e9es du 30 juin prochain dans la 9\u00e8me circonscription des Fran\u00e7ais de l\u2019\u00e9tranger (Maghreb et Afrique de l\u2019Ouest). Dans cet entretien, il \u00e9voque ses liens avec le Maghreb, sa vision sur l\u2019immigration, les relations franco-alg\u00e9riennes et\u00a0<a href=\"https:\/\/www.tsa-algerie.com\/erwan-davoux-candidat-aux-legislatives-francaises-diminuer-les-visas-aux-algeriens-fut-une-erreur\/#\">\u00a0<\/a>Gaza.<\/p>\n\n\n\n<p class=\"has-medium-font-size wp-block-paragraph\"><strong>Vous vous pr\u00e9sentez dans la 9\u00e8me circonscription des Fran\u00e7ais de l\u2019\u00e9tranger qui comprend le Maghreb. Pourquoi cette circonspection ?&nbsp;<\/strong><\/p>\n\n\n\n<p class=\"has-medium-font-size wp-block-paragraph\">Je suis natif de Tunisie, (3\u00e8me g\u00e9n\u00e9ration), pays o\u00f9 j\u2019ai grandi et pour lequel j\u2019\u00e9prouve une immense affection. J\u2019y ai effectu\u00e9 toute ma scolarit\u00e9, dans l\u2019enseignement fran\u00e7ais \u00e0 l\u2019\u00e9tranger (mon p\u00e8re \u00e9tait enseignant au Lyc\u00e9e Fran\u00e7ais de la Marsa). Cela m\u2019a particuli\u00e8rement marqu\u00e9. J\u2019ai d\u2019ailleurs particip\u00e9 \u00e0 la cr\u00e9ation de l\u2019association des Anciens \u00e9l\u00e8ves des Lyc\u00e9es Fran\u00e7ais du Monde.<\/p>\n\n\n\n<p class=\"has-medium-font-size wp-block-paragraph\">J\u2019ai sillonn\u00e9 les diff\u00e9rents pays de la circonscription dans mes diff\u00e9rentes fonctions de conseiller diplomatique. Bien \u00e9videmment, j\u2019ai eu le plaisir de me rendre plusieurs fois \u00e0\u00a0<a href=\"https:\/\/www.tsa-algerie.com\/erwan-davoux-candidat-aux-legislatives-francaises-diminuer-les-visas-aux-algeriens-fut-une-erreur\/#\">\u00a0<\/a>Alger\u00a0et Oran et l\u2019honneur d\u2019y accompagner Jean-Pierre Raffarin et Alain Jupp\u00e9.<\/p>\n\n\n\n<p class=\"has-medium-font-size wp-block-paragraph\">Lorsque je suis arriv\u00e9 \u00e0 Paris pour mes \u00e9tudes sup\u00e9rieures \u00e0 l\u2019Institut d\u2019\u00c9tudes Politiques, j\u2019ai choisi de faire aussi un cursus \u00e0 l\u2019Institut National des Langues et Civilisations Orientales (INALCO), d\u00e9partement d\u2019\u00e9tudes arabes. Afin de ne jamais rompre avec le monde arabe et consolider mon niveau en arabe litt\u00e9ral, langue que j\u2019ai commenc\u00e9 \u00e0 apprendre d\u00e8s l\u2019\u00e2ge de 6 ans.<br>Toutes mes racines sont dans cette circonscription.<\/p>\n\n\n\n<p class=\"has-medium-font-size wp-block-paragraph\"><strong>Vous vous pr\u00e9sentez avec quel parti politique ?<\/strong><\/p>\n\n\n\n<p class=\"has-medium-font-size wp-block-paragraph\">Je serai un candidat ind\u00e9pendant dont l\u2019inspiration est gaullienne, chiraquienne et qui soutient les prises de positions remarquables de Dominique de Villepin.<\/p>\n\n\n\n<p class=\"has-medium-font-size wp-block-paragraph\">Je n\u2019ai sollicit\u00e9 aucune investiture. Les partis politiques ne jouent plus leur r\u00f4le d\u2019\u00e9clairer et contribuer au d\u00e9bat public mais servent uniquement les int\u00e9r\u00eats de leurs dirigeants. L\u2019int\u00e9r\u00eat g\u00e9n\u00e9ral, la France, les Fran\u00e7ais de l\u2019\u00e9tranger sont tr\u00e8s loin de leurs pr\u00e9occupations.<\/p>\n\n\n\n<p class=\"has-medium-font-size wp-block-paragraph\">Ma voie sera authentique et sinc\u00e8re, conform\u00e9ment \u00e0 mon engagement de jeunesse derri\u00e8re Jacques Chirac.&nbsp;<\/p>\n\n\n\n<p class=\"has-medium-font-size wp-block-paragraph\"><strong>L\u2019immigration est au c\u0153ur des d\u00e9bats de la campagne \u00e9lectorale. Quelles sont vos propositions sur le sujet ?<\/strong><\/p>\n\n\n\n<p class=\"has-medium-font-size wp-block-paragraph\">L\u2019immigration est trop souvent au centre du d\u00e9bat comme si elle \u00e9tait le seul enjeu \u00e0 relever. Il y en a bien d\u2019autres&nbsp;!<\/p>\n\n\n\n<p class=\"has-medium-font-size wp-block-paragraph\">Souvent appr\u00e9hend\u00e9e sous un aspect purement n\u00e9gatif, de rejet de l\u2019autre, de tout ce qui est diff\u00e9rent, je plaide pour une position plus \u00e9quilibr\u00e9e. Une immigration ma\u00eetris\u00e9e est naturellement indispensable mais encore faut-il avoir une approche intelligente et sortir des clich\u00e9s. Il y a naturellement des probl\u00e8mes d\u2019int\u00e9gration qu\u2019il faut affronter et r\u00e9gler. L\u2019actuel pouvoir d\u00e9laisse la politique de la ville et abandonne la mixit\u00e9 sociale. On communique peu ou pas sur les r\u00e9ussites exemplaires.<\/p>\n\n\n\n<p class=\"has-medium-font-size wp-block-paragraph\">La pratique de la langue et les attaches familiales me paraissent \u00eatre les deux facteurs cl\u00e9s \u00e0 prendre en compte. Sous cet angle, les Alg\u00e9riens n\u2019ont aucune vocation \u00e0 \u00eatre p\u00e9nalis\u00e9s, bien au contraire.<\/p>\n\n\n\n<p class=\"has-medium-font-size wp-block-paragraph\">\u00ab&nbsp;La France est riche de sa diversit\u00e9&nbsp;\u00bb d\u00e9clarait Jacques Chirac dans son dernier message aux Fran\u00e7ais, en mars 2007. C\u2019est ma position.<\/p>\n\n\n\n<p class=\"has-medium-font-size wp-block-paragraph\"><strong>Et concernant les visas Schengen pour les Alg\u00e9riens ?<\/strong><\/p>\n\n\n\n<p class=\"has-medium-font-size wp-block-paragraph\">La d\u00e9cision brutale et purement \u00e9lectoraliste de diminuer de 50% la d\u00e9livrance de visas pour les Alg\u00e9riens, en 2021, fut une erreur. Elle laissera un ressentiment durable n\u00e9gatif, en d\u00e9pit d\u2019un certain retour \u00e0 la normale. La vie familiale, les projets ne doivent pas \u00eatre pris en otage de contingences politiciennes d\u00e9cid\u00e9es \u00e0 l\u2019emporte-Pi\u00e8ce&nbsp;! La consid\u00e9ration doit l\u2019emporter sur la suspicion.<\/p>\n\n\n\n<p class=\"has-medium-font-size wp-block-paragraph\"><strong>Que proposez-vous concernant les relations entre la France et l\u2019Alg\u00e9rie pour surmonter les blocages actuels ?<\/strong><\/p>\n\n\n\n<p class=\"has-medium-font-size wp-block-paragraph\">Je souhaite, qu\u2019apr\u00e8s l\u2019\u00e9lection pr\u00e9sidentielle alg\u00e9rienne du 7 septembre, la relation connaisse une nouvelle impulsion forte. Je suis un partisan de l\u2019amiti\u00e9 franco-alg\u00e9rienne. Je n\u2019appartiens pas \u00e0 la macronie mais mon pays passe avant tout. C\u2019est l\u2019int\u00e9r\u00eat de nos deux grandes nations, me semble-t-il, de parvenir \u00e0 une relation intense et apais\u00e9e.<\/p>\n\n\n\n<p class=\"has-medium-font-size wp-block-paragraph\">L\u2019occasion s\u2019\u00e9tait d\u00e9j\u00e0 pr\u00e9sent\u00e9e avec Jacques Chirac, en 2005, mais nous avons manqu\u00e9 ce rendez-vous avec l\u2019Histoire, \u00e0 cause de ce stupide \u00ab&nbsp;Amendement Vanneste&nbsp;\u00bb sur le \u00ab&nbsp;r\u00f4le positif de la colonisation&nbsp;\u00bb.<\/p>\n\n\n\n<p class=\"has-medium-font-size wp-block-paragraph\">Cette fois, je pense que le contexte est favorable, les annonces faites r\u00e9cemment dans le domaine m\u00e9moriel, la restitution des biens, vont dans le bon sens.<\/p>\n\n\n\n<p class=\"has-medium-font-size wp-block-paragraph\">Un grand Trait\u00e9 d\u2019Amiti\u00e9 fondateur permettant une appr\u00e9hension lucide du pass\u00e9 et jetant les bases d\u2019une relation future dense devra \u00e9merger. Peut-\u00eatre doit-on s\u2019inspirer du Trait\u00e9 de l\u2019Elys\u00e9e, conclu, en 1963 entre la France et l\u2019Allemagne\u2026.<\/p>\n\n\n\n<p class=\"has-medium-font-size wp-block-paragraph\"><strong>Vous avez pris des positions courageuses concernant la guerre \u00e0\u00a0<a href=\"https:\/\/www.tsa-algerie.com\/erwan-davoux-candidat-aux-legislatives-francaises-diminuer-les-visas-aux-algeriens-fut-une-erreur\/#\">\u00a0<\/a>Gaza. Si vous \u00eates \u00e9lu, quels sont les projets que vous allez d\u00e9fendre \u00e0 l\u2019Assembl\u00e9e nationale ?<\/strong><\/p>\n\n\n\n<p class=\"has-medium-font-size wp-block-paragraph\">Les massacres commis \u00e0\u00a0<a href=\"https:\/\/www.tsa-algerie.com\/erwan-davoux-candidat-aux-legislatives-francaises-diminuer-les-visas-aux-algeriens-fut-une-erreur\/#\">\u00a0<\/a>Gaza\u00a0ne sont ni une parenth\u00e8se ni une simple question qui se limite \u00e0 l\u2019international. Ils me r\u00e9voltent car ce sont tous les fondements de la civilisation qui sont remis en cause\u00a0: \u00e9gale valeur et dignit\u00e9 de la vie humaine. Le droit international et humanitaires sont bafou\u00e9s. Les valeurs d\u2019\u00e9galit\u00e9 et de La\u00efcit\u00e9 de la R\u00e9publique sont \u00e9cart\u00e9es. En effet, la la\u00efcit\u00e9 est la reconnaissance de toutes les religions comme respectables et leur traitement de mani\u00e8re \u00e9gale. Elle ne doit pas \u00eatre d\u00e9tourn\u00e9e pour jeter la suspicion sur l\u2019une d\u2019entre elles.<\/p>\n\n\n\n<p class=\"has-medium-font-size wp-block-paragraph\">Je d\u00e9plore la passivit\u00e9 de la diplomatie fran\u00e7aise sur cette question et sa politique h\u00e9sitante voir incoh\u00e9rente.&nbsp; En revanche, je salue avec respect l\u2019immense travail accompli par la diplomatie alg\u00e9rienne sur ce dossier fondateur.<\/p>\n\n\n\n<p class=\"has-medium-font-size wp-block-paragraph\">Dans l\u2019imm\u00e9diat, il s\u2019agit de stopper le gouvernement de Netanyahou, les sionistes r\u00e9visionnistes et les kahanistes supr\u00e9macistes en prenant des sanctions&nbsp;: gel des avoirs, interdiction de se rendre sur le territoire national, sanctions commerciales, r\u00e9vision de certains accords.<\/p>\n\n\n\n<p class=\"has-medium-font-size wp-block-paragraph\">Naturellement, les d\u00e9cisions que prendront la Cour Internationale de Justice et le Tribunal P\u00e9nal International s\u2019imposeront \u00e0 tous.<\/p>\n\n\n\n<p class=\"has-medium-font-size wp-block-paragraph\">La reconnaissance de l\u2019\u00c9tat palestinien est urgente, je suis certain que Jacques Chirac l\u2019aurait fait depuis longtemps&nbsp;!<\/p>\n\n\n\n<p class=\"has-medium-font-size wp-block-paragraph\">\u00c0 l\u2019Assembl\u00e9e Nationale, je porterai cette voie et cette voix l\u00e0 pour que la diplomatie fran\u00e7aise renoue avec sa tradition gaullo-chiraquienne, conforme \u00e0 son histoire et \u00e0 ses valeurs.<\/p>","protected":false},"excerpt":{"rendered":"<p>Interview \u00e0 TSA sur la 9\u00e8me circo des FDE et la relation franco-alg\u00e9rienne<\/p>","protected":false},"author":9,"featured_media":2887,"comment_status":"open","ping_status":"open","sticky":false,"template":"","format":"standard","meta":{"_lmt_disableupdate":"","_lmt_disable":"","footnotes":""},"categories":[5],"tags":[300,183,299],"class_list":["post-2883","post","type-post","status-publish","format-standard","has-post-thumbnail","hentry","category-international","tag-9emecircofde","tag-algerie","tag-tsa"],"yoast_head":"<!-- This site is optimized with the Yoast SEO Premium plugin v28.1 (Yoast SEO v28.1) - https:\/\/yoast.com\/product\/yoast-seo-premium-wordpress\/ -->\n<title>Erwan Davoux, candidat aux l\u00e9gislatives fran\u00e7aises : \u00ab Diminuer les visas aux Alg\u00e9riens fut une erreur \u00bb (tsa-algerie.com) | Geopolitics.fr<\/title>\n<meta name=\"description\" content=\"Interview \u00e0 TSA sur les probl\u00e9matiques des Fran\u00e7ais de la 9\u00e8me circo, la relation franco-alg\u00e9rienne et Gaza\" \/>\n<meta name=\"robots\" content=\"index, follow, max-snippet:-1, max-image-preview:large, max-video-preview:-1\" \/>\n<link rel=\"canonical\" href=\"https:\/\/www.geopolitics.fr\/en\/2024\/06\/18\/erwan-davoux-candidat-aux-legislatives-francaises-diminuer-les-visas-aux-algeriens-fut-une-erreur-tsa-algerie-com\/\" \/>\n<meta property=\"og:locale\" content=\"en_GB\" \/>\n<meta property=\"og:type\" content=\"article\" \/>\n<meta property=\"og:title\" content=\"Erwan Davoux, candidat aux l\u00e9gislatives fran\u00e7aises : \u00ab Diminuer les visas aux Alg\u00e9riens fut une erreur \u00bb (tsa-algerie.com)\" \/>\n<meta property=\"og:description\" content=\"Interview \u00e0 TSA sur les probl\u00e9matiques des Fran\u00e7ais de la 9\u00e8me circo, la relation franco-alg\u00e9rienne et Gaza\" \/>\n<meta property=\"og:url\" content=\"https:\/\/www.geopolitics.fr\/en\/2024\/06\/18\/erwan-davoux-candidat-aux-legislatives-francaises-diminuer-les-visas-aux-algeriens-fut-une-erreur-tsa-algerie-com\/\" \/>\n<meta property=\"og:site_name\" content=\"Geopolitics.fr\" \/>\n<meta property=\"article:publisher\" content=\"https:\/\/www.facebook.com\/people\/Erwan-Davoux\/61557098968092\/\" \/>\n<meta property=\"article:published_time\" content=\"2024-06-18T07:37:48+00:00\" \/>\n<meta property=\"article:modified_time\" content=\"2024-07-05T07:28:30+00:00\" \/>\n<meta property=\"og:image\" content=\"https:\/\/www.geopolitics.fr\/wp-content\/uploads\/2024\/06\/moi-mathieu.jpg\" \/>\n\t<meta property=\"og:image:width\" content=\"1920\" \/>\n\t<meta property=\"og:image:height\" content=\"1280\" \/>\n\t<meta property=\"og:image:type\" content=\"image\/jpeg\" \/>\n<meta name=\"author\" content=\"contact@geopolitics.fr\" \/>\n<meta name=\"twitter:card\" content=\"summary_large_image\" \/>\n<meta name=\"twitter:creator\" content=\"@Geopolitics_Fr\" \/>\n<meta name=\"twitter:site\" content=\"@Geopolitics_Fr\" \/>\n<meta name=\"twitter:label1\" content=\"Written by\" \/>\n\t<meta name=\"twitter:data1\" content=\"contact@geopolitics.fr\" \/>\n\t<meta name=\"twitter:label2\" content=\"Estimated reading time\" \/>\n\t<meta name=\"twitter:data2\" content=\"6 minutes\" \/>\n<script type=\"application\/ld+json\" class=\"yoast-schema-graph\">{\"@context\":\"https:\\\/\\\/schema.org\",\"@graph\":[{\"@type\":\"Article\",\"@id\":\"https:\\\/\\\/www.geopolitics.fr\\\/2024\\\/06\\\/18\\\/erwan-davoux-candidat-aux-legislatives-francaises-diminuer-les-visas-aux-algeriens-fut-une-erreur-tsa-algerie-com\\\/#article\",\"isPartOf\":{\"@id\":\"https:\\\/\\\/www.geopolitics.fr\\\/2024\\\/06\\\/18\\\/erwan-davoux-candidat-aux-legislatives-francaises-diminuer-les-visas-aux-algeriens-fut-une-erreur-tsa-algerie-com\\\/\"},\"author\":{\"name\":\"contact@geopolitics.fr\",\"@id\":\"https:\\\/\\\/www.geopolitics.fr\\\/#\\\/schema\\\/person\\\/69dde260ad11805e2aa68f0d9e9128da\"},\"headline\":\"Erwan Davoux, candidat aux l\u00e9gislatives fran\u00e7aises : \u00ab Diminuer les visas aux Alg\u00e9riens fut une erreur \u00bb (tsa-algerie.com)\",\"datePublished\":\"2024-06-18T07:37:48+00:00\",\"dateModified\":\"2024-07-05T07:28:30+00:00\",\"mainEntityOfPage\":{\"@id\":\"https:\\\/\\\/www.geopolitics.fr\\\/2024\\\/06\\\/18\\\/erwan-davoux-candidat-aux-legislatives-francaises-diminuer-les-visas-aux-algeriens-fut-une-erreur-tsa-algerie-com\\\/\"},\"wordCount\":1152,\"commentCount\":0,\"publisher\":{\"@id\":\"https:\\\/\\\/www.geopolitics.fr\\\/#organization\"},\"image\":{\"@id\":\"https:\\\/\\\/www.geopolitics.fr\\\/2024\\\/06\\\/18\\\/erwan-davoux-candidat-aux-legislatives-francaises-diminuer-les-visas-aux-algeriens-fut-une-erreur-tsa-algerie-com\\\/#primaryimage\"},\"thumbnailUrl\":\"https:\\\/\\\/www.geopolitics.fr\\\/wp-content\\\/uploads\\\/2024\\\/06\\\/moi-mathieu.jpg\",\"keywords\":[\"9\u00e8mecircoFDE\",\"ALGERIE\",\"TSA\"],\"articleSection\":[\"International\"],\"inLanguage\":\"en-GB\"},{\"@type\":\"WebPage\",\"@id\":\"https:\\\/\\\/www.geopolitics.fr\\\/2024\\\/06\\\/18\\\/erwan-davoux-candidat-aux-legislatives-francaises-diminuer-les-visas-aux-algeriens-fut-une-erreur-tsa-algerie-com\\\/\",\"url\":\"https:\\\/\\\/www.geopolitics.fr\\\/2024\\\/06\\\/18\\\/erwan-davoux-candidat-aux-legislatives-francaises-diminuer-les-visas-aux-algeriens-fut-une-erreur-tsa-algerie-com\\\/\",\"name\":\"Erwan Davoux, candidat aux l\u00e9gislatives fran\u00e7aises : \u00ab Diminuer les visas aux Alg\u00e9riens fut une erreur \u00bb (tsa-algerie.com) | Geopolitics.fr\",\"isPartOf\":{\"@id\":\"https:\\\/\\\/www.geopolitics.fr\\\/#website\"},\"primaryImageOfPage\":{\"@id\":\"https:\\\/\\\/www.geopolitics.fr\\\/2024\\\/06\\\/18\\\/erwan-davoux-candidat-aux-legislatives-francaises-diminuer-les-visas-aux-algeriens-fut-une-erreur-tsa-algerie-com\\\/#primaryimage\"},\"image\":{\"@id\":\"https:\\\/\\\/www.geopolitics.fr\\\/2024\\\/06\\\/18\\\/erwan-davoux-candidat-aux-legislatives-francaises-diminuer-les-visas-aux-algeriens-fut-une-erreur-tsa-algerie-com\\\/#primaryimage\"},\"thumbnailUrl\":\"https:\\\/\\\/www.geopolitics.fr\\\/wp-content\\\/uploads\\\/2024\\\/06\\\/moi-mathieu.jpg\",\"datePublished\":\"2024-06-18T07:37:48+00:00\",\"dateModified\":\"2024-07-05T07:28:30+00:00\",\"description\":\"Interview \u00e0 TSA sur les probl\u00e9matiques des Fran\u00e7ais de la 9\u00e8me circo, la relation franco-alg\u00e9rienne et Gaza\",\"breadcrumb\":{\"@id\":\"https:\\\/\\\/www.geopolitics.fr\\\/2024\\\/06\\\/18\\\/erwan-davoux-candidat-aux-legislatives-francaises-diminuer-les-visas-aux-algeriens-fut-une-erreur-tsa-algerie-com\\\/#breadcrumb\"},\"inLanguage\":\"en-GB\",\"potentialAction\":[{\"@type\":\"ReadAction\",\"target\":[\"https:\\\/\\\/www.geopolitics.fr\\\/2024\\\/06\\\/18\\\/erwan-davoux-candidat-aux-legislatives-francaises-diminuer-les-visas-aux-algeriens-fut-une-erreur-tsa-algerie-com\\\/\"]}]},{\"@type\":\"ImageObject\",\"inLanguage\":\"en-GB\",\"@id\":\"https:\\\/\\\/www.geopolitics.fr\\\/2024\\\/06\\\/18\\\/erwan-davoux-candidat-aux-legislatives-francaises-diminuer-les-visas-aux-algeriens-fut-une-erreur-tsa-algerie-com\\\/#primaryimage\",\"url\":\"https:\\\/\\\/www.geopolitics.fr\\\/wp-content\\\/uploads\\\/2024\\\/06\\\/moi-mathieu.jpg\",\"contentUrl\":\"https:\\\/\\\/www.geopolitics.fr\\\/wp-content\\\/uploads\\\/2024\\\/06\\\/moi-mathieu.jpg\",\"width\":1920,\"height\":1280},{\"@type\":\"BreadcrumbList\",\"@id\":\"https:\\\/\\\/www.geopolitics.fr\\\/2024\\\/06\\\/18\\\/erwan-davoux-candidat-aux-legislatives-francaises-diminuer-les-visas-aux-algeriens-fut-une-erreur-tsa-algerie-com\\\/#breadcrumb\",\"itemListElement\":[{\"@type\":\"ListItem\",\"position\":1,\"name\":\"Accueil\",\"item\":\"https:\\\/\\\/www.geopolitics.fr\\\/\"},{\"@type\":\"ListItem\",\"position\":2,\"name\":\"Erwan Davoux, candidat aux l\u00e9gislatives fran\u00e7aises : \u00ab Diminuer les visas aux Alg\u00e9riens fut une erreur \u00bb (tsa-algerie.com)\"}]},{\"@type\":\"WebSite\",\"@id\":\"https:\\\/\\\/www.geopolitics.fr\\\/#website\",\"url\":\"https:\\\/\\\/www.geopolitics.fr\\\/\",\"name\":\"Geopolitics.fr\",\"description\":\"Geopolitics.fr Analyse politique, relations internationales, d\u00e9fense - ligne \u00e9ditoriale gaullo-chiraquienne\",\"publisher\":{\"@id\":\"https:\\\/\\\/www.geopolitics.fr\\\/#organization\"},\"potentialAction\":[{\"@type\":\"SearchAction\",\"target\":{\"@type\":\"EntryPoint\",\"urlTemplate\":\"https:\\\/\\\/www.geopolitics.fr\\\/?s={search_term_string}\"},\"query-input\":{\"@type\":\"PropertyValueSpecification\",\"valueRequired\":true,\"valueName\":\"search_term_string\"}}],\"inLanguage\":\"en-GB\"},{\"@type\":\"Organization\",\"@id\":\"https:\\\/\\\/www.geopolitics.fr\\\/#organization\",\"name\":\"Geopolitics.fr\",\"url\":\"https:\\\/\\\/www.geopolitics.fr\\\/\",\"logo\":{\"@type\":\"ImageObject\",\"inLanguage\":\"en-GB\",\"@id\":\"https:\\\/\\\/www.geopolitics.fr\\\/#\\\/schema\\\/logo\\\/image\\\/\",\"url\":\"https:\\\/\\\/www.geopolitics.fr\\\/wp-content\\\/uploads\\\/2024\\\/01\\\/logo.jpg\",\"contentUrl\":\"https:\\\/\\\/www.geopolitics.fr\\\/wp-content\\\/uploads\\\/2024\\\/01\\\/logo.jpg\",\"width\":500,\"height\":500,\"caption\":\"Geopolitics.fr\"},\"image\":{\"@id\":\"https:\\\/\\\/www.geopolitics.fr\\\/#\\\/schema\\\/logo\\\/image\\\/\"},\"sameAs\":[\"https:\\\/\\\/www.facebook.com\\\/people\\\/Erwan-Davoux\\\/61557098968092\\\/\",\"https:\\\/\\\/x.com\\\/Geopolitics_Fr\"]},{\"@type\":\"Person\",\"@id\":\"https:\\\/\\\/www.geopolitics.fr\\\/#\\\/schema\\\/person\\\/69dde260ad11805e2aa68f0d9e9128da\",\"name\":\"contact@geopolitics.fr\",\"image\":{\"@type\":\"ImageObject\",\"inLanguage\":\"en-GB\",\"@id\":\"https:\\\/\\\/www.geopolitics.fr\\\/wp-content\\\/uploads\\\/2024\\\/01\\\/edito-bonne-banniere-96x96.jpg\",\"url\":\"https:\\\/\\\/www.geopolitics.fr\\\/wp-content\\\/uploads\\\/2024\\\/01\\\/edito-bonne-banniere-96x96.jpg\",\"contentUrl\":\"https:\\\/\\\/www.geopolitics.fr\\\/wp-content\\\/uploads\\\/2024\\\/01\\\/edito-bonne-banniere-96x96.jpg\",\"caption\":\"contact@geopolitics.fr\"},\"url\":\"https:\\\/\\\/www.geopolitics.fr\\\/en\\\/author\\\/contactgeopolitics-fr\\\/\"}]}<\/script>\n<!-- \/ Yoast SEO Premium plugin. -->","yoast_head_json":{"title":"Erwan Davoux, candidat aux l\u00e9gislatives fran\u00e7aises : \u00ab Diminuer les visas aux Alg\u00e9riens fut une erreur \u00bb (tsa-algerie.com) | Geopolitics.fr","description":"Interview \u00e0 TSA sur les probl\u00e9matiques des Fran\u00e7ais de la 9\u00e8me circo, la relation franco-alg\u00e9rienne et Gaza","robots":{"index":"index","follow":"follow","max-snippet":"max-snippet:-1","max-image-preview":"max-image-preview:large","max-video-preview":"max-video-preview:-1"},"canonical":"https:\/\/www.geopolitics.fr\/en\/2024\/06\/18\/erwan-davoux-candidat-aux-legislatives-francaises-diminuer-les-visas-aux-algeriens-fut-une-erreur-tsa-algerie-com\/","og_locale":"en_GB","og_type":"article","og_title":"Erwan Davoux, candidat aux l\u00e9gislatives fran\u00e7aises : \u00ab Diminuer les visas aux Alg\u00e9riens fut une erreur \u00bb (tsa-algerie.com)","og_description":"Interview \u00e0 TSA sur les probl\u00e9matiques des Fran\u00e7ais de la 9\u00e8me circo, la relation franco-alg\u00e9rienne et Gaza","og_url":"https:\/\/www.geopolitics.fr\/en\/2024\/06\/18\/erwan-davoux-candidat-aux-legislatives-francaises-diminuer-les-visas-aux-algeriens-fut-une-erreur-tsa-algerie-com\/","og_site_name":"Geopolitics.fr","article_publisher":"https:\/\/www.facebook.com\/people\/Erwan-Davoux\/61557098968092\/","article_published_time":"2024-06-18T07:37:48+00:00","article_modified_time":"2024-07-05T07:28:30+00:00","og_image":[{"width":1920,"height":1280,"url":"https:\/\/www.geopolitics.fr\/wp-content\/uploads\/2024\/06\/moi-mathieu.jpg","type":"image\/jpeg"}],"author":"contact@geopolitics.fr","twitter_card":"summary_large_image","twitter_creator":"@Geopolitics_Fr","twitter_site":"@Geopolitics_Fr","twitter_misc":{"Written by":"contact@geopolitics.fr","Estimated reading time":"6 minutes"},"schema":{"@context":"https:\/\/schema.org","@graph":[{"@type":"Article","@id":"https:\/\/www.geopolitics.fr\/2024\/06\/18\/erwan-davoux-candidat-aux-legislatives-francaises-diminuer-les-visas-aux-algeriens-fut-une-erreur-tsa-algerie-com\/#article","isPartOf":{"@id":"https:\/\/www.geopolitics.fr\/2024\/06\/18\/erwan-davoux-candidat-aux-legislatives-francaises-diminuer-les-visas-aux-algeriens-fut-une-erreur-tsa-algerie-com\/"},"author":{"name":"contact@geopolitics.fr","@id":"https:\/\/www.geopolitics.fr\/#\/schema\/person\/69dde260ad11805e2aa68f0d9e9128da"},"headline":"Erwan Davoux, candidat aux l\u00e9gislatives fran\u00e7aises : \u00ab Diminuer les visas aux Alg\u00e9riens fut une erreur \u00bb (tsa-algerie.com)","datePublished":"2024-06-18T07:37:48+00:00","dateModified":"2024-07-05T07:28:30+00:00","mainEntityOfPage":{"@id":"https:\/\/www.geopolitics.fr\/2024\/06\/18\/erwan-davoux-candidat-aux-legislatives-francaises-diminuer-les-visas-aux-algeriens-fut-une-erreur-tsa-algerie-com\/"},"wordCount":1152,"commentCount":0,"publisher":{"@id":"https:\/\/www.geopolitics.fr\/#organization"},"image":{"@id":"https:\/\/www.geopolitics.fr\/2024\/06\/18\/erwan-davoux-candidat-aux-legislatives-francaises-diminuer-les-visas-aux-algeriens-fut-une-erreur-tsa-algerie-com\/#primaryimage"},"thumbnailUrl":"https:\/\/www.geopolitics.fr\/wp-content\/uploads\/2024\/06\/moi-mathieu.jpg","keywords":["9\u00e8mecircoFDE","ALGERIE","TSA"],"articleSection":["International"],"inLanguage":"en-GB"},{"@type":"WebPage","@id":"https:\/\/www.geopolitics.fr\/2024\/06\/18\/erwan-davoux-candidat-aux-legislatives-francaises-diminuer-les-visas-aux-algeriens-fut-une-erreur-tsa-algerie-com\/","url":"https:\/\/www.geopolitics.fr\/2024\/06\/18\/erwan-davoux-candidat-aux-legislatives-francaises-diminuer-les-visas-aux-algeriens-fut-une-erreur-tsa-algerie-com\/","name":"Erwan Davoux, candidat aux l\u00e9gislatives fran\u00e7aises : \u00ab Diminuer les visas aux Alg\u00e9riens fut une erreur \u00bb (tsa-algerie.com) | Geopolitics.fr","isPartOf":{"@id":"https:\/\/www.geopolitics.fr\/#website"},"primaryImageOfPage":{"@id":"https:\/\/www.geopolitics.fr\/2024\/06\/18\/erwan-davoux-candidat-aux-legislatives-francaises-diminuer-les-visas-aux-algeriens-fut-une-erreur-tsa-algerie-com\/#primaryimage"},"image":{"@id":"https:\/\/www.geopolitics.fr\/2024\/06\/18\/erwan-davoux-candidat-aux-legislatives-francaises-diminuer-les-visas-aux-algeriens-fut-une-erreur-tsa-algerie-com\/#primaryimage"},"thumbnailUrl":"https:\/\/www.geopolitics.fr\/wp-content\/uploads\/2024\/06\/moi-mathieu.jpg","datePublished":"2024-06-18T07:37:48+00:00","dateModified":"2024-07-05T07:28:30+00:00","description":"Interview \u00e0 TSA sur les probl\u00e9matiques des Fran\u00e7ais de la 9\u00e8me circo, la relation franco-alg\u00e9rienne et Gaza","breadcrumb":{"@id":"https:\/\/www.geopolitics.fr\/2024\/06\/18\/erwan-davoux-candidat-aux-legislatives-francaises-diminuer-les-visas-aux-algeriens-fut-une-erreur-tsa-algerie-com\/#breadcrumb"},"inLanguage":"en-GB","potentialAction":[{"@type":"ReadAction","target":["https:\/\/www.geopolitics.fr\/2024\/06\/18\/erwan-davoux-candidat-aux-legislatives-francaises-diminuer-les-visas-aux-algeriens-fut-une-erreur-tsa-algerie-com\/"]}]},{"@type":"ImageObject","inLanguage":"en-GB","@id":"https:\/\/www.geopolitics.fr\/2024\/06\/18\/erwan-davoux-candidat-aux-legislatives-francaises-diminuer-les-visas-aux-algeriens-fut-une-erreur-tsa-algerie-com\/#primaryimage","url":"https:\/\/www.geopolitics.fr\/wp-content\/uploads\/2024\/06\/moi-mathieu.jpg","contentUrl":"https:\/\/www.geopolitics.fr\/wp-content\/uploads\/2024\/06\/moi-mathieu.jpg","width":1920,"height":1280},{"@type":"BreadcrumbList","@id":"https:\/\/www.geopolitics.fr\/2024\/06\/18\/erwan-davoux-candidat-aux-legislatives-francaises-diminuer-les-visas-aux-algeriens-fut-une-erreur-tsa-algerie-com\/#breadcrumb","itemListElement":[{"@type":"ListItem","position":1,"name":"Accueil","item":"https:\/\/www.geopolitics.fr\/"},{"@type":"ListItem","position":2,"name":"Erwan Davoux, candidat aux l\u00e9gislatives fran\u00e7aises : \u00ab Diminuer les visas aux Alg\u00e9riens fut une erreur \u00bb (tsa-algerie.com)"}]},{"@type":"WebSite","@id":"https:\/\/www.geopolitics.fr\/#website","url":"https:\/\/www.geopolitics.fr\/","name":"Geopolitics.fr","description":"Geopolitics.fr Analyse politique, relations internationales, d\u00e9fense - ligne \u00e9ditoriale gaullo-chiraquienne","publisher":{"@id":"https:\/\/www.geopolitics.fr\/#organization"},"potentialAction":[{"@type":"SearchAction","target":{"@type":"EntryPoint","urlTemplate":"https:\/\/www.geopolitics.fr\/?s={search_term_string}"},"query-input":{"@type":"PropertyValueSpecification","valueRequired":true,"valueName":"search_term_string"}}],"inLanguage":"en-GB"},{"@type":"Organization","@id":"https:\/\/www.geopolitics.fr\/#organization","name":"Geopolitics.fr","url":"https:\/\/www.geopolitics.fr\/","logo":{"@type":"ImageObject","inLanguage":"en-GB","@id":"https:\/\/www.geopolitics.fr\/#\/schema\/logo\/image\/","url":"https:\/\/www.geopolitics.fr\/wp-content\/uploads\/2024\/01\/logo.jpg","contentUrl":"https:\/\/www.geopolitics.fr\/wp-content\/uploads\/2024\/01\/logo.jpg","width":500,"height":500,"caption":"Geopolitics.fr"},"image":{"@id":"https:\/\/www.geopolitics.fr\/#\/schema\/logo\/image\/"},"sameAs":["https:\/\/www.facebook.com\/people\/Erwan-Davoux\/61557098968092\/","https:\/\/x.com\/Geopolitics_Fr"]},{"@type":"Person","@id":"https:\/\/www.geopolitics.fr\/#\/schema\/person\/69dde260ad11805e2aa68f0d9e9128da","name":"contact@geopolitics.fr","image":{"@type":"ImageObject","inLanguage":"en-GB","@id":"https:\/\/www.geopolitics.fr\/wp-content\/uploads\/2024\/01\/edito-bonne-banniere-96x96.jpg","url":"https:\/\/www.geopolitics.fr\/wp-content\/uploads\/2024\/01\/edito-bonne-banniere-96x96.jpg","contentUrl":"https:\/\/www.geopolitics.fr\/wp-content\/uploads\/2024\/01\/edito-bonne-banniere-96x96.jpg","caption":"contact@geopolitics.fr"},"url":"https:\/\/www.geopolitics.fr\/en\/author\/contactgeopolitics-fr\/"}]}},"_links":{"self":[{"href":"https:\/\/www.geopolitics.fr\/en\/wp-json\/wp\/v2\/posts\/2883","targetHints":{"allow":["GET"]}}],"collection":[{"href":"https:\/\/www.geopolitics.fr\/en\/wp-json\/wp\/v2\/posts"}],"about":[{"href":"https:\/\/www.geopolitics.fr\/en\/wp-json\/wp\/v2\/types\/post"}],"author":[{"embeddable":true,"href":"https:\/\/www.geopolitics.fr\/en\/wp-json\/wp\/v2\/users\/9"}],"replies":[{"embeddable":true,"href":"https:\/\/www.geopolitics.fr\/en\/wp-json\/wp\/v2\/comments?post=2883"}],"version-history":[{"count":0,"href":"https:\/\/www.geopolitics.fr\/en\/wp-json\/wp\/v2\/posts\/2883\/revisions"}],"wp:featuredmedia":[{"embeddable":true,"href":"https:\/\/www.geopolitics.fr\/en\/wp-json\/wp\/v2\/media\/2887"}],"wp:attachment":[{"href":"https:\/\/www.geopolitics.fr\/en\/wp-json\/wp\/v2\/media?parent=2883"}],"wp:term":[{"taxonomy":"category","embeddable":true,"href":"https:\/\/www.geopolitics.fr\/en\/wp-json\/wp\/v2\/categories?post=2883"},{"taxonomy":"post_tag","embeddable":true,"href":"https:\/\/www.geopolitics.fr\/en\/wp-json\/wp\/v2\/tags?post=2883"}],"curies":[{"name":"wp","href":"https:\/\/api.w.org\/{rel}","templated":true}]}}