{"id":2874,"date":"2024-06-11T11:38:30","date_gmt":"2024-06-11T09:38:30","guid":{"rendered":"https:\/\/www.geopolitics.fr\/?p=2874"},"modified":"2024-07-05T09:30:53","modified_gmt":"2024-07-05T07:30:53","slug":"front-populaire-ou-front-du-deshonneur","status":"publish","type":"post","link":"https:\/\/www.geopolitics.fr\/en\/2024\/06\/11\/front-populaire-ou-front-du-deshonneur\/","title":{"rendered":"Front populaire ou attelage de bric et de broc\u00a0?"},"content":{"rendered":"<p class=\"has-medium-font-size wp-block-paragraph\"><strong>Ils n\u2019eurent pas de mots assez durs les uns envers les autres. Les insultes plurent. LFI serait \u00ab&nbsp;antis\u00e9mite&nbsp;\u00bb et sortie du \u00ab&nbsp;champ r\u00e9publicain&nbsp;\u00bb. Le PS serait \u00ab\u00a0honteusement align\u00e9 su Netanyahou\u00a0\u00bb.<\/strong><\/p>\n\n\n\n<p class=\"has-medium-font-size wp-block-paragraph\"><strong>En effet, quelle coh\u00e9rence entre le communiqu\u00e9 du PS en date du 8 octobre&nbsp;:<\/strong><\/p>\n\n\n\n<p class=\"has-medium-font-size wp-block-paragraph\"><em>\u00ab&nbsp;Mais la politique du gouvernement Netanyahu ne saurait \u00eatre mise en avant pour relativiser l\u2019agression terroriste dont est aujourd\u2019hui la cible la population isra\u00e9lienne. Rien, jamais ne saurait justifier des actes terroristes. <\/em><\/p>\n\n\n\n<p class=\"has-medium-font-size wp-block-paragraph\"><strong>Et celui de La France Insoumise en date du 7 octobre &nbsp;:<\/strong><\/p>\n\n\n\n<p class=\"has-medium-font-size wp-block-paragraph\"><em>L\u2019offensive arm\u00e9e de forces palestiniennes men\u00e9e par le Hamas intervient dans un contexte d\u2019intensification de la politique d\u2019occupation isra\u00e9lienne \u00e0&nbsp;Gaza, en Cisjordanie et \u00e0&nbsp;J\u00e9rusalem Est. Nous d\u00e9plorons les morts isra\u00e9liens et palestiniens. Nos pens\u00e9es vont \u00e0&nbsp;toutes les victimes.<\/em><\/p>\n\n\n\n<p class=\"has-medium-font-size wp-block-paragraph\"><strong>Mais finalement, ils se retrouv\u00e8rent\u2026. Gaza et son long cort\u00e8ge de morts n\u2019auraient \u00e9t\u00e9 qu\u2019une indignation de circonstances&nbsp;? Une strat\u00e9gie destin\u00e9e \u00e0 gagner des voix<\/strong>&nbsp;? Il est vrai que, par le pass\u00e9, M\u00e9lenchon n\u2019h\u00e9sita \u00e0 couvrir Chavez puis Maduro qui tiraient \u00e0 balles r\u00e9elles sur leur propre peuple\u2026 <\/p>\n\n\n\n<p class=\"has-medium-font-size wp-block-paragraph\"><strong>Mais qu&rsquo;en est-il de l&rsquo;OTAN ? La France Insoumise souhaite finalement y demeurer ?<\/strong><\/p>\n\n\n\n<p class=\"has-medium-font-size wp-block-paragraph\"><strong>Qu&rsquo;en est-il du nucl\u00e9aire ? LFI et les Ecologistes ont trouv\u00e9 un  accord ?<\/strong><\/p>\n\n\n\n<p class=\"has-medium-font-size wp-block-paragraph\"><strong>Quel est le projet \u00e9conomique et social ? Social d\u00e9mocrate ? Anticapitaliste ?<\/strong><\/p>\n\n\n\n<p class=\"has-medium-font-size wp-block-paragraph\"><strong>Tout cela d\u00e9montre que cet attelage de bric et de broc ne repose sur rien d&rsquo;autre que la volont\u00e9 de garder ou conqu\u00e9rir des postes.<\/strong> Et la noblesse de l&rsquo;engament politique dans tout cela ? Fran\u00e7ois Hollande, Jean-Luc M\u00e9lenchon, Olivier Besancenot, Philippe Poutou qu&rsquo;ont-ils en commun ?<\/p>\n\n\n\n<p class=\"has-medium-font-size wp-block-paragraph\"><strong>Cette alliance au sein de laquelle personne n\u2019est d\u2019accord sur rien est \u00e0 vis\u00e9e purement \u00e9lectorale.<\/strong> Mais comme toute les man\u0153uvres purement politiciennes, <strong>elle est appel\u00e9e \u00e0 \u00eatre un \u00e9chec<\/strong> \u00e0 court ou moyen terme. <strong>Ce n&rsquo;est pas en se reniant, en additionnant compromissions et tartufferies que l&rsquo;arriv\u00e9e au pouvoir du RN sera entrav\u00e9e.<\/strong><\/p>\n\n\n\n<p class=\"has-medium-font-size wp-block-paragraph\"><strong>En ces temps troubl\u00e9s, l&rsquo;authenticit\u00e9 et la sinc\u00e9rit\u00e9 s&rsquo;imposent.<\/strong><\/p>\n\n\n\n<p class=\"has-medium-font-size wp-block-paragraph\">La politique a deux faces&nbsp;: l\u2019une est partisane et vise uniquement \u00e0 conqu\u00e9rir le pouvoir. L\u2019autre vise \u00e0 servir l\u2019int\u00e9r\u00eat g\u00e9n\u00e9ral, le bien \u00eatre public et notre pays. <strong>Privil\u00e9gier la premi\u00e8re sur la seconde revient \u00e0 r\u00e9v\u00e9ler sa vraie nature.<\/strong><\/p>","protected":false},"excerpt":{"rendered":"<p>La cr\u00e9ation d&rsquo;un \u00ab\u00a0front populaire\u00a0\u00bb a vis\u00e9e purement \u00e9lectorale ne fait qu&rsquo;ajouter \u00e0 la confusion et risque de servirein fine le RN<\/p>","protected":false},"author":16,"featured_media":2887,"comment_status":"open","ping_status":"open","sticky":false,"template":"","format":"standard","meta":{"_lmt_disableupdate":"","_lmt_disable":"","footnotes":""},"categories":[41,40,3],"tags":[297,69,298],"class_list":["post-2874","post","type-post","status-publish","format-standard","has-post-thumbnail","hentry","category-actualite","category-election","category-politique","tag-front-populaire","tag-gaza","tag-legistaives"],"yoast_head":"<!-- This site is optimized with the Yoast SEO Premium plugin v28.1 (Yoast SEO v28.1) - https:\/\/yoast.com\/product\/yoast-seo-premium-wordpress\/ -->\n<title>Front populaire ou attelage de bric et de broc\u00a0? | Geopolitics.fr<\/title>\n<meta name=\"description\" content=\"La cr\u00e9ation artificielle d&#039;un &quot;front populaire \u00e0 vis\u00e9e purement \u00e9lectorale risque de se retourner contre ses cr\u00e9ateurs et de favoriser le RN\" \/>\n<meta name=\"robots\" content=\"index, follow, max-snippet:-1, max-image-preview:large, max-video-preview:-1\" \/>\n<link rel=\"canonical\" href=\"https:\/\/www.geopolitics.fr\/en\/2024\/06\/11\/front-populaire-ou-front-du-deshonneur\/\" \/>\n<meta property=\"og:locale\" content=\"en_GB\" \/>\n<meta property=\"og:type\" content=\"article\" \/>\n<meta property=\"og:title\" content=\"Front populaire ou attelage de bric et de broc\u00a0?\" \/>\n<meta property=\"og:description\" content=\"La cr\u00e9ation artificielle d&#039;un &quot;front populaire \u00e0 vis\u00e9e purement \u00e9lectorale risque de se retourner contre ses cr\u00e9ateurs et de favoriser le RN\" \/>\n<meta property=\"og:url\" content=\"https:\/\/www.geopolitics.fr\/en\/2024\/06\/11\/front-populaire-ou-front-du-deshonneur\/\" \/>\n<meta property=\"og:site_name\" content=\"Geopolitics.fr\" \/>\n<meta property=\"article:publisher\" content=\"https:\/\/www.facebook.com\/people\/Erwan-Davoux\/61557098968092\/\" \/>\n<meta property=\"article:author\" content=\"Erwan Davoux\" \/>\n<meta property=\"article:published_time\" content=\"2024-06-11T09:38:30+00:00\" \/>\n<meta property=\"article:modified_time\" content=\"2024-07-05T07:30:53+00:00\" \/>\n<meta property=\"og:image\" content=\"https:\/\/www.geopolitics.fr\/wp-content\/uploads\/2024\/06\/moi-mathieu.jpg\" \/>\n\t<meta property=\"og:image:width\" content=\"1920\" \/>\n\t<meta property=\"og:image:height\" content=\"1280\" \/>\n\t<meta property=\"og:image:type\" content=\"image\/jpeg\" \/>\n<meta name=\"author\" content=\"Erwan Davoux\" \/>\n<meta name=\"twitter:card\" content=\"summary_large_image\" \/>\n<meta name=\"twitter:creator\" content=\"@erwandavoux @Geo_politicsfr\" \/>\n<meta name=\"twitter:site\" content=\"@Geopolitics_Fr\" \/>\n<meta name=\"twitter:label1\" content=\"Written by\" \/>\n\t<meta name=\"twitter:data1\" content=\"Erwan Davoux\" \/>\n\t<meta name=\"twitter:label2\" content=\"Estimated reading time\" \/>\n\t<meta name=\"twitter:data2\" content=\"3 minutes\" \/>\n<script type=\"application\/ld+json\" class=\"yoast-schema-graph\">{\"@context\":\"https:\\\/\\\/schema.org\",\"@graph\":[{\"@type\":\"Article\",\"@id\":\"https:\\\/\\\/www.geopolitics.fr\\\/2024\\\/06\\\/11\\\/front-populaire-ou-front-du-deshonneur\\\/#article\",\"isPartOf\":{\"@id\":\"https:\\\/\\\/www.geopolitics.fr\\\/2024\\\/06\\\/11\\\/front-populaire-ou-front-du-deshonneur\\\/\"},\"author\":{\"name\":\"Erwan Davoux\",\"@id\":\"https:\\\/\\\/www.geopolitics.fr\\\/#\\\/schema\\\/person\\\/a487273e91313e368925717400fa1b11\"},\"headline\":\"Front populaire ou attelage de bric et de broc\u00a0?\",\"datePublished\":\"2024-06-11T09:38:30+00:00\",\"dateModified\":\"2024-07-05T07:30:53+00:00\",\"mainEntityOfPage\":{\"@id\":\"https:\\\/\\\/www.geopolitics.fr\\\/2024\\\/06\\\/11\\\/front-populaire-ou-front-du-deshonneur\\\/\"},\"wordCount\":430,\"commentCount\":0,\"publisher\":{\"@id\":\"https:\\\/\\\/www.geopolitics.fr\\\/#organization\"},\"image\":{\"@id\":\"https:\\\/\\\/www.geopolitics.fr\\\/2024\\\/06\\\/11\\\/front-populaire-ou-front-du-deshonneur\\\/#primaryimage\"},\"thumbnailUrl\":\"https:\\\/\\\/www.geopolitics.fr\\\/wp-content\\\/uploads\\\/2024\\\/06\\\/moi-mathieu.jpg\",\"keywords\":[\"FRONT POPULAIRE\",\"gaza\",\"LEGISTAIVES\"],\"articleSection\":[\"Actualit\u00e9\",\"Election\",\"Politique\"],\"inLanguage\":\"en-GB\"},{\"@type\":\"WebPage\",\"@id\":\"https:\\\/\\\/www.geopolitics.fr\\\/2024\\\/06\\\/11\\\/front-populaire-ou-front-du-deshonneur\\\/\",\"url\":\"https:\\\/\\\/www.geopolitics.fr\\\/2024\\\/06\\\/11\\\/front-populaire-ou-front-du-deshonneur\\\/\",\"name\":\"Front populaire ou attelage de bric et de broc\u00a0? | Geopolitics.fr\",\"isPartOf\":{\"@id\":\"https:\\\/\\\/www.geopolitics.fr\\\/#website\"},\"primaryImageOfPage\":{\"@id\":\"https:\\\/\\\/www.geopolitics.fr\\\/2024\\\/06\\\/11\\\/front-populaire-ou-front-du-deshonneur\\\/#primaryimage\"},\"image\":{\"@id\":\"https:\\\/\\\/www.geopolitics.fr\\\/2024\\\/06\\\/11\\\/front-populaire-ou-front-du-deshonneur\\\/#primaryimage\"},\"thumbnailUrl\":\"https:\\\/\\\/www.geopolitics.fr\\\/wp-content\\\/uploads\\\/2024\\\/06\\\/moi-mathieu.jpg\",\"datePublished\":\"2024-06-11T09:38:30+00:00\",\"dateModified\":\"2024-07-05T07:30:53+00:00\",\"description\":\"La cr\u00e9ation artificielle d'un \\\"front populaire \u00e0 vis\u00e9e purement \u00e9lectorale risque de se retourner contre ses cr\u00e9ateurs et de favoriser le RN\",\"breadcrumb\":{\"@id\":\"https:\\\/\\\/www.geopolitics.fr\\\/2024\\\/06\\\/11\\\/front-populaire-ou-front-du-deshonneur\\\/#breadcrumb\"},\"inLanguage\":\"en-GB\",\"potentialAction\":[{\"@type\":\"ReadAction\",\"target\":[\"https:\\\/\\\/www.geopolitics.fr\\\/2024\\\/06\\\/11\\\/front-populaire-ou-front-du-deshonneur\\\/\"]}]},{\"@type\":\"ImageObject\",\"inLanguage\":\"en-GB\",\"@id\":\"https:\\\/\\\/www.geopolitics.fr\\\/2024\\\/06\\\/11\\\/front-populaire-ou-front-du-deshonneur\\\/#primaryimage\",\"url\":\"https:\\\/\\\/www.geopolitics.fr\\\/wp-content\\\/uploads\\\/2024\\\/06\\\/moi-mathieu.jpg\",\"contentUrl\":\"https:\\\/\\\/www.geopolitics.fr\\\/wp-content\\\/uploads\\\/2024\\\/06\\\/moi-mathieu.jpg\",\"width\":1920,\"height\":1280},{\"@type\":\"BreadcrumbList\",\"@id\":\"https:\\\/\\\/www.geopolitics.fr\\\/2024\\\/06\\\/11\\\/front-populaire-ou-front-du-deshonneur\\\/#breadcrumb\",\"itemListElement\":[{\"@type\":\"ListItem\",\"position\":1,\"name\":\"Accueil\",\"item\":\"https:\\\/\\\/www.geopolitics.fr\\\/\"},{\"@type\":\"ListItem\",\"position\":2,\"name\":\"Front populaire ou attelage de bric et de broc\u00a0?\"}]},{\"@type\":\"WebSite\",\"@id\":\"https:\\\/\\\/www.geopolitics.fr\\\/#website\",\"url\":\"https:\\\/\\\/www.geopolitics.fr\\\/\",\"name\":\"Geopolitics.fr\",\"description\":\"Geopolitics.fr Analyse politique, relations internationales, d\u00e9fense - ligne \u00e9ditoriale gaullo-chiraquienne\",\"publisher\":{\"@id\":\"https:\\\/\\\/www.geopolitics.fr\\\/#organization\"},\"potentialAction\":[{\"@type\":\"SearchAction\",\"target\":{\"@type\":\"EntryPoint\",\"urlTemplate\":\"https:\\\/\\\/www.geopolitics.fr\\\/?s={search_term_string}\"},\"query-input\":{\"@type\":\"PropertyValueSpecification\",\"valueRequired\":true,\"valueName\":\"search_term_string\"}}],\"inLanguage\":\"en-GB\"},{\"@type\":\"Organization\",\"@id\":\"https:\\\/\\\/www.geopolitics.fr\\\/#organization\",\"name\":\"Geopolitics.fr\",\"url\":\"https:\\\/\\\/www.geopolitics.fr\\\/\",\"logo\":{\"@type\":\"ImageObject\",\"inLanguage\":\"en-GB\",\"@id\":\"https:\\\/\\\/www.geopolitics.fr\\\/#\\\/schema\\\/logo\\\/image\\\/\",\"url\":\"https:\\\/\\\/www.geopolitics.fr\\\/wp-content\\\/uploads\\\/2024\\\/01\\\/logo.jpg\",\"contentUrl\":\"https:\\\/\\\/www.geopolitics.fr\\\/wp-content\\\/uploads\\\/2024\\\/01\\\/logo.jpg\",\"width\":500,\"height\":500,\"caption\":\"Geopolitics.fr\"},\"image\":{\"@id\":\"https:\\\/\\\/www.geopolitics.fr\\\/#\\\/schema\\\/logo\\\/image\\\/\"},\"sameAs\":[\"https:\\\/\\\/www.facebook.com\\\/people\\\/Erwan-Davoux\\\/61557098968092\\\/\",\"https:\\\/\\\/x.com\\\/Geopolitics_Fr\"]},{\"@type\":\"Person\",\"@id\":\"https:\\\/\\\/www.geopolitics.fr\\\/#\\\/schema\\\/person\\\/a487273e91313e368925717400fa1b11\",\"name\":\"Erwan Davoux\",\"image\":{\"@type\":\"ImageObject\",\"inLanguage\":\"en-GB\",\"@id\":\"https:\\\/\\\/www.geopolitics.fr\\\/wp-content\\\/uploads\\\/2026\\\/05\\\/moi-96x96.jpg\",\"url\":\"https:\\\/\\\/www.geopolitics.fr\\\/wp-content\\\/uploads\\\/2026\\\/05\\\/moi-96x96.jpg\",\"contentUrl\":\"https:\\\/\\\/www.geopolitics.fr\\\/wp-content\\\/uploads\\\/2026\\\/05\\\/moi-96x96.jpg\",\"caption\":\"Erwan Davoux\"},\"description\":\"Erwan DAVOUX est Pr\u00e9sident de LMD CONSEIL, (conseil strat\u00e9gique, intelligence \u00e9conomique, risque g\u00e9opolitique, influence politique, diplomatie \u00e9conomique). Dipl\u00f4m\u00e9 de l'IEP de Paris et de l'INALCO (d\u00e9partement d'\u00e9tudes arabes), il est directeur de la publication de geopolitics.fr. Ancien fonctionnaire au Minist\u00e8re de l'Int\u00e9rieur et de la D\u00e9fense (DGSE) Ancien charg\u00e9 de Mission \u00e0 la Pr\u00e9sidence de la R\u00e9publique (cellule diplomatique) Conseil de nombreuses personnalit\u00e9s politiques \u00e0 l'International (dont deux anciens Premiers ministres).\",\"sameAs\":[\"Erwan Davoux\",\"@erwandavoux\",\"https:\\\/\\\/www.linkedin.com\\\/in\\\/erwan-davoux-6800b289\\\/\",\"https:\\\/\\\/x.com\\\/@erwandavoux @Geo_politicsfr\"],\"url\":\"https:\\\/\\\/www.geopolitics.fr\\\/en\\\/author\\\/erwan-davoux\\\/\"}]}<\/script>\n<!-- \/ Yoast SEO Premium plugin. -->","yoast_head_json":{"title":"Front populaire ou attelage de bric et de broc\u00a0? | Geopolitics.fr","description":"La cr\u00e9ation artificielle d'un \"front populaire \u00e0 vis\u00e9e purement \u00e9lectorale risque de se retourner contre ses cr\u00e9ateurs et de favoriser le RN","robots":{"index":"index","follow":"follow","max-snippet":"max-snippet:-1","max-image-preview":"max-image-preview:large","max-video-preview":"max-video-preview:-1"},"canonical":"https:\/\/www.geopolitics.fr\/en\/2024\/06\/11\/front-populaire-ou-front-du-deshonneur\/","og_locale":"en_GB","og_type":"article","og_title":"Front populaire ou attelage de bric et de broc\u00a0?","og_description":"La cr\u00e9ation artificielle d'un \"front populaire \u00e0 vis\u00e9e purement \u00e9lectorale risque de se retourner contre ses cr\u00e9ateurs et de favoriser le RN","og_url":"https:\/\/www.geopolitics.fr\/en\/2024\/06\/11\/front-populaire-ou-front-du-deshonneur\/","og_site_name":"Geopolitics.fr","article_publisher":"https:\/\/www.facebook.com\/people\/Erwan-Davoux\/61557098968092\/","article_author":"Erwan Davoux","article_published_time":"2024-06-11T09:38:30+00:00","article_modified_time":"2024-07-05T07:30:53+00:00","og_image":[{"width":1920,"height":1280,"url":"https:\/\/www.geopolitics.fr\/wp-content\/uploads\/2024\/06\/moi-mathieu.jpg","type":"image\/jpeg"}],"author":"Erwan Davoux","twitter_card":"summary_large_image","twitter_creator":"@erwandavoux @Geo_politicsfr","twitter_site":"@Geopolitics_Fr","twitter_misc":{"Written by":"Erwan Davoux","Estimated reading time":"3 minutes"},"schema":{"@context":"https:\/\/schema.org","@graph":[{"@type":"Article","@id":"https:\/\/www.geopolitics.fr\/2024\/06\/11\/front-populaire-ou-front-du-deshonneur\/#article","isPartOf":{"@id":"https:\/\/www.geopolitics.fr\/2024\/06\/11\/front-populaire-ou-front-du-deshonneur\/"},"author":{"name":"Erwan Davoux","@id":"https:\/\/www.geopolitics.fr\/#\/schema\/person\/a487273e91313e368925717400fa1b11"},"headline":"Front populaire ou attelage de bric et de broc\u00a0?","datePublished":"2024-06-11T09:38:30+00:00","dateModified":"2024-07-05T07:30:53+00:00","mainEntityOfPage":{"@id":"https:\/\/www.geopolitics.fr\/2024\/06\/11\/front-populaire-ou-front-du-deshonneur\/"},"wordCount":430,"commentCount":0,"publisher":{"@id":"https:\/\/www.geopolitics.fr\/#organization"},"image":{"@id":"https:\/\/www.geopolitics.fr\/2024\/06\/11\/front-populaire-ou-front-du-deshonneur\/#primaryimage"},"thumbnailUrl":"https:\/\/www.geopolitics.fr\/wp-content\/uploads\/2024\/06\/moi-mathieu.jpg","keywords":["FRONT POPULAIRE","gaza","LEGISTAIVES"],"articleSection":["Actualit\u00e9","Election","Politique"],"inLanguage":"en-GB"},{"@type":"WebPage","@id":"https:\/\/www.geopolitics.fr\/2024\/06\/11\/front-populaire-ou-front-du-deshonneur\/","url":"https:\/\/www.geopolitics.fr\/2024\/06\/11\/front-populaire-ou-front-du-deshonneur\/","name":"Front populaire ou attelage de bric et de broc\u00a0? | Geopolitics.fr","isPartOf":{"@id":"https:\/\/www.geopolitics.fr\/#website"},"primaryImageOfPage":{"@id":"https:\/\/www.geopolitics.fr\/2024\/06\/11\/front-populaire-ou-front-du-deshonneur\/#primaryimage"},"image":{"@id":"https:\/\/www.geopolitics.fr\/2024\/06\/11\/front-populaire-ou-front-du-deshonneur\/#primaryimage"},"thumbnailUrl":"https:\/\/www.geopolitics.fr\/wp-content\/uploads\/2024\/06\/moi-mathieu.jpg","datePublished":"2024-06-11T09:38:30+00:00","dateModified":"2024-07-05T07:30:53+00:00","description":"La cr\u00e9ation artificielle d'un \"front populaire \u00e0 vis\u00e9e purement \u00e9lectorale risque de se retourner contre ses cr\u00e9ateurs et de favoriser le RN","breadcrumb":{"@id":"https:\/\/www.geopolitics.fr\/2024\/06\/11\/front-populaire-ou-front-du-deshonneur\/#breadcrumb"},"inLanguage":"en-GB","potentialAction":[{"@type":"ReadAction","target":["https:\/\/www.geopolitics.fr\/2024\/06\/11\/front-populaire-ou-front-du-deshonneur\/"]}]},{"@type":"ImageObject","inLanguage":"en-GB","@id":"https:\/\/www.geopolitics.fr\/2024\/06\/11\/front-populaire-ou-front-du-deshonneur\/#primaryimage","url":"https:\/\/www.geopolitics.fr\/wp-content\/uploads\/2024\/06\/moi-mathieu.jpg","contentUrl":"https:\/\/www.geopolitics.fr\/wp-content\/uploads\/2024\/06\/moi-mathieu.jpg","width":1920,"height":1280},{"@type":"BreadcrumbList","@id":"https:\/\/www.geopolitics.fr\/2024\/06\/11\/front-populaire-ou-front-du-deshonneur\/#breadcrumb","itemListElement":[{"@type":"ListItem","position":1,"name":"Accueil","item":"https:\/\/www.geopolitics.fr\/"},{"@type":"ListItem","position":2,"name":"Front populaire ou attelage de bric et de broc\u00a0?"}]},{"@type":"WebSite","@id":"https:\/\/www.geopolitics.fr\/#website","url":"https:\/\/www.geopolitics.fr\/","name":"Geopolitics.fr","description":"Geopolitics.fr Analyse politique, relations internationales, d\u00e9fense - ligne \u00e9ditoriale gaullo-chiraquienne","publisher":{"@id":"https:\/\/www.geopolitics.fr\/#organization"},"potentialAction":[{"@type":"SearchAction","target":{"@type":"EntryPoint","urlTemplate":"https:\/\/www.geopolitics.fr\/?s={search_term_string}"},"query-input":{"@type":"PropertyValueSpecification","valueRequired":true,"valueName":"search_term_string"}}],"inLanguage":"en-GB"},{"@type":"Organization","@id":"https:\/\/www.geopolitics.fr\/#organization","name":"Geopolitics.fr","url":"https:\/\/www.geopolitics.fr\/","logo":{"@type":"ImageObject","inLanguage":"en-GB","@id":"https:\/\/www.geopolitics.fr\/#\/schema\/logo\/image\/","url":"https:\/\/www.geopolitics.fr\/wp-content\/uploads\/2024\/01\/logo.jpg","contentUrl":"https:\/\/www.geopolitics.fr\/wp-content\/uploads\/2024\/01\/logo.jpg","width":500,"height":500,"caption":"Geopolitics.fr"},"image":{"@id":"https:\/\/www.geopolitics.fr\/#\/schema\/logo\/image\/"},"sameAs":["https:\/\/www.facebook.com\/people\/Erwan-Davoux\/61557098968092\/","https:\/\/x.com\/Geopolitics_Fr"]},{"@type":"Person","@id":"https:\/\/www.geopolitics.fr\/#\/schema\/person\/a487273e91313e368925717400fa1b11","name":"Erwan Davoux","image":{"@type":"ImageObject","inLanguage":"en-GB","@id":"https:\/\/www.geopolitics.fr\/wp-content\/uploads\/2026\/05\/moi-96x96.jpg","url":"https:\/\/www.geopolitics.fr\/wp-content\/uploads\/2026\/05\/moi-96x96.jpg","contentUrl":"https:\/\/www.geopolitics.fr\/wp-content\/uploads\/2026\/05\/moi-96x96.jpg","caption":"Erwan Davoux"},"description":"Erwan DAVOUX est Pr\u00e9sident de LMD CONSEIL, (conseil strat\u00e9gique, intelligence \u00e9conomique, risque g\u00e9opolitique, influence politique, diplomatie \u00e9conomique). Dipl\u00f4m\u00e9 de l'IEP de Paris et de l'INALCO (d\u00e9partement d'\u00e9tudes arabes), il est directeur de la publication de geopolitics.fr. Ancien fonctionnaire au Minist\u00e8re de l'Int\u00e9rieur et de la D\u00e9fense (DGSE) Ancien charg\u00e9 de Mission \u00e0 la Pr\u00e9sidence de la R\u00e9publique (cellule diplomatique) Conseil de nombreuses personnalit\u00e9s politiques \u00e0 l'International (dont deux anciens Premiers ministres).","sameAs":["Erwan Davoux","@erwandavoux","https:\/\/www.linkedin.com\/in\/erwan-davoux-6800b289\/","https:\/\/x.com\/@erwandavoux @Geo_politicsfr"],"url":"https:\/\/www.geopolitics.fr\/en\/author\/erwan-davoux\/"}]}},"_links":{"self":[{"href":"https:\/\/www.geopolitics.fr\/en\/wp-json\/wp\/v2\/posts\/2874","targetHints":{"allow":["GET"]}}],"collection":[{"href":"https:\/\/www.geopolitics.fr\/en\/wp-json\/wp\/v2\/posts"}],"about":[{"href":"https:\/\/www.geopolitics.fr\/en\/wp-json\/wp\/v2\/types\/post"}],"author":[{"embeddable":true,"href":"https:\/\/www.geopolitics.fr\/en\/wp-json\/wp\/v2\/users\/16"}],"replies":[{"embeddable":true,"href":"https:\/\/www.geopolitics.fr\/en\/wp-json\/wp\/v2\/comments?post=2874"}],"version-history":[{"count":0,"href":"https:\/\/www.geopolitics.fr\/en\/wp-json\/wp\/v2\/posts\/2874\/revisions"}],"wp:featuredmedia":[{"embeddable":true,"href":"https:\/\/www.geopolitics.fr\/en\/wp-json\/wp\/v2\/media\/2887"}],"wp:attachment":[{"href":"https:\/\/www.geopolitics.fr\/en\/wp-json\/wp\/v2\/media?parent=2874"}],"wp:term":[{"taxonomy":"category","embeddable":true,"href":"https:\/\/www.geopolitics.fr\/en\/wp-json\/wp\/v2\/categories?post=2874"},{"taxonomy":"post_tag","embeddable":true,"href":"https:\/\/www.geopolitics.fr\/en\/wp-json\/wp\/v2\/tags?post=2874"}],"curies":[{"name":"wp","href":"https:\/\/api.w.org\/{rel}","templated":true}]}}