{"id":2871,"date":"2024-06-10T19:19:35","date_gmt":"2024-06-10T17:19:35","guid":{"rendered":"https:\/\/www.geopolitics.fr\/?p=2871"},"modified":"2024-07-05T09:29:32","modified_gmt":"2024-07-05T07:29:32","slug":"la-france-nest-plus-elle-meme","status":"publish","type":"post","link":"https:\/\/www.geopolitics.fr\/en\/2024\/06\/10\/la-france-nest-plus-elle-meme\/","title":{"rendered":"La France n&rsquo;est plus elle-m\u00eame"},"content":{"rendered":"<p class=\"has-medium-font-size wp-block-paragraph\">Notre politique \u00e9trang\u00e8re a rompu avec sa tradition gaullienne d\u2019ind\u00e9pendance, de respect et d\u2019imposition du droit international, de m\u00e9diation entre les cultures, entre le Nord et le Sud pour en revenir \u00e0 celle d\u2019une puissance moyenne europ\u00e9enne align\u00e9e au sein d\u2019un bloc. Sa voix n\u2019est plus attendue ni entendue dans les grandes affaires du monde. <\/p>\n\n\n\n<p class=\"has-medium-font-size wp-block-paragraph\">Ce qui se passe \u00e0 Gaza avec le soutien ou la passivit\u00e9 d\u2019une majorit\u00e9 de la classe politique fran\u00e7aise est le r\u00e9v\u00e9lateur d\u2019un mal plus profond et plus ancien, celui des diverses influences \u00e9trang\u00e8res qui s\u2019exercent sur la France et d\u2019un renoncement \u00e0 porter ses valeurs constitutives. La la\u00efcit\u00e9 n\u2019est plus qu\u2019un slogan creux. Il est \u00e9minemment n\u00e9cessaire de rappeler que toutes les religions sont respectables et doivent demeurer dans la sph\u00e8re priv\u00e9e. <\/p>\n\n\n\n<p class=\"has-medium-font-size wp-block-paragraph\">La coh\u00e9sion sociale n\u2019est plus qu\u2019un lointain souvenir, les \u00e9meutes de juin 2023 l\u2019ont d\u00e9montr\u00e9e. Celles \u00e0 venir le manifesteront encore davantage, aucune le\u00e7on n\u2019ayant \u00e9t\u00e9 tir\u00e9e. La mixit\u00e9 sociale a compl\u00e8tement disparu. <\/p>\n\n\n\n<p class=\"has-medium-font-size wp-block-paragraph\">L\u2019Esprit des Institutions a \u00e9t\u00e9 ignor\u00e9, le Pr\u00e9sident n\u2019est plus \u00ab l\u2019homme en charge de l\u2019essentiel \u00bb mais celui qui dirige selon son bon plaisir. Emmanuel Macron a eu tort de diriger le pays pendant deux ann\u00e9es, sans majorit\u00e9, gr\u00e2ce \u00e0 des tractations de couloir. Il porte une lourde responsabilit\u00e9 dans la crise actuelle.<\/p>\n\n\n\n<p class=\"has-medium-font-size wp-block-paragraph\">Je suis persuad\u00e9 que la \u00ab France ne peut-\u00eatre la France sans la grandeur \u00bb. Je me fais une certaine id\u00e9e de la France mais aussi une certaine id\u00e9e de l\u2019homme qui exclut et combat toutes les d\u00e9rives identitaires et le racisme d\u00e9complex\u00e9. \u00ab La France est riche de sa diversit\u00e9 \u00bb disait Jacques Chirac dans son dernier message aux Fran\u00e7ais. Les binationaux sont souvent stigmatis\u00e9s alors qu\u2019ils sont naturellement des citoyens \u00e0 part enti\u00e8re. <\/p>\n\n\n\n<p class=\"has-medium-font-size wp-block-paragraph\">Engag\u00e9 au service de mon pays depuis toujours (Minist\u00e8res de l&rsquo;Int\u00e9rieur et de la D\u00e9fense, conseiller d&rsquo;Alain Jupp\u00e9 de Jean-Pierre Raffarin, charg\u00e9 de mission \u00e0 la Pr\u00e9sidence de la R\u00e9publique), j\u2019ai d\u00e9cid\u00e9 de faire entendre ma voix, conform\u00e9ment \u00e0 mon engagement gaulliste, chiraquien, lors cette \u00e9lection l\u00e9gislative. Je serai candidat dans la 9\u00e8me circonscription des Fran\u00e7ais \u00e9tablis hors de France dont je suis originaire. Je suis n\u00e9 et j\u2019ai grandi en Tunisie, j\u2019ai effectu\u00e9 toute ma scolarit\u00e9 dans l\u2019enseignement fran\u00e7ais \u00e0 l\u2019\u00e9tranger<\/p>\n\n\n\n<p class=\"has-medium-font-size wp-block-paragraph\">Mes racines sont dans cette partie du monde o\u00f9 la France a perdu ses atouts pour devenir, selon les cas, un pays ordinaire, suspect, rejet\u00e9 ou m\u00eame parfois ha\u00ef. Une politique paternaliste, hasardeuse et sans vision ainsi que des comportements indignes en sont responsables Tout cela a naturellement une incidence directe pour les Fran\u00e7ais \u00e9tablis dans cette zone. Etre le ressortissant d\u2019un pays aim\u00e9 et admir\u00e9 facilite la vie. Tel n\u2019est plus le cas aujourd\u2019hui. <\/p>\n\n\n\n<p class=\"has-medium-font-size wp-block-paragraph\">J\u2019aurais tr\u00e8s r\u00e9guli\u00e8rement l\u2019occasion de revenir vers vous afin de vous pr\u00e9senter mes principales propositions destin\u00e9es \u00e0 conforter et s\u00e9curiser votre position et \u00e0 nous faire retrouver la France que nous aimons.<\/p>\n\n\n\n<p class=\"wp-block-paragraph\"><a href=\"https:\/\/x.com\/erwandavoux\/status\/1800151738818687044\/photo\/1\"><\/a><\/p>","protected":false},"excerpt":{"rendered":"<p>Notre politique \u00e9trang\u00e8re a rompu avec sa tradition gaullienne d\u2019ind\u00e9pendance, de respect et d\u2019imposition du droit international, de m\u00e9diation entre les cultures,&hellip;<\/p>","protected":false},"author":16,"featured_media":2176,"comment_status":"open","ping_status":"open","sticky":false,"template":"","format":"standard","meta":{"_lmt_disableupdate":"","_lmt_disable":"","footnotes":""},"categories":[40,4,3],"tags":[296,295,294],"class_list":["post-2871","post","type-post","status-publish","format-standard","has-post-thumbnail","hentry","category-election","category-mis-en-avant","category-politique","tag-afrique-ouest","tag-elections-legislatives","tag-erwan-davoux"],"yoast_head":"<!-- This site is optimized with the Yoast SEO Premium plugin v28.1 (Yoast SEO v28.1) - https:\/\/yoast.com\/product\/yoast-seo-premium-wordpress\/ -->\n<title>La France n&#039;est plus elle-m\u00eame | Geopolitics.fr<\/title>\n<meta name=\"description\" content=\"Candidature d&#039;Erwan DAVOUX aux \u00e9lections l\u00e9gislatives dans la 9\u00e8me circonscription des Fran\u00e7ais de l&#039;\u00e9tranger.\" \/>\n<meta name=\"robots\" content=\"index, follow, max-snippet:-1, max-image-preview:large, max-video-preview:-1\" \/>\n<link rel=\"canonical\" href=\"https:\/\/www.geopolitics.fr\/en\/2024\/06\/10\/la-france-nest-plus-elle-meme\/\" \/>\n<meta property=\"og:locale\" content=\"en_GB\" \/>\n<meta property=\"og:type\" content=\"article\" \/>\n<meta property=\"og:title\" content=\"La France n&#039;est plus elle-m\u00eame\" \/>\n<meta property=\"og:description\" content=\"Candidature d&#039;Erwan DAVOUX aux \u00e9lections l\u00e9gislatives dans la 9\u00e8me circonscription des Fran\u00e7ais de l&#039;\u00e9tranger.\" \/>\n<meta property=\"og:url\" content=\"https:\/\/www.geopolitics.fr\/en\/2024\/06\/10\/la-france-nest-plus-elle-meme\/\" \/>\n<meta property=\"og:site_name\" content=\"Geopolitics.fr\" \/>\n<meta property=\"article:publisher\" content=\"https:\/\/www.facebook.com\/people\/Erwan-Davoux\/61557098968092\/\" \/>\n<meta property=\"article:author\" content=\"Erwan Davoux\" \/>\n<meta property=\"article:published_time\" content=\"2024-06-10T17:19:35+00:00\" \/>\n<meta property=\"article:modified_time\" content=\"2024-07-05T07:29:32+00:00\" \/>\n<meta property=\"og:image\" content=\"https:\/\/www.geopolitics.fr\/wp-content\/uploads\/2024\/01\/edito-bonne-banniere.jpg\" \/>\n\t<meta property=\"og:image:width\" content=\"600\" \/>\n\t<meta property=\"og:image:height\" content=\"600\" \/>\n\t<meta property=\"og:image:type\" content=\"image\/jpeg\" \/>\n<meta name=\"author\" content=\"Erwan Davoux\" \/>\n<meta name=\"twitter:card\" content=\"summary_large_image\" \/>\n<meta name=\"twitter:creator\" content=\"@erwandavoux @Geo_politicsfr\" \/>\n<meta name=\"twitter:site\" content=\"@Geopolitics_Fr\" \/>\n<meta name=\"twitter:label1\" content=\"Written by\" \/>\n\t<meta name=\"twitter:data1\" content=\"Erwan Davoux\" \/>\n\t<meta name=\"twitter:label2\" content=\"Estimated reading time\" \/>\n\t<meta name=\"twitter:data2\" content=\"3 minutes\" \/>\n<script type=\"application\/ld+json\" class=\"yoast-schema-graph\">{\"@context\":\"https:\\\/\\\/schema.org\",\"@graph\":[{\"@type\":\"Article\",\"@id\":\"https:\\\/\\\/www.geopolitics.fr\\\/2024\\\/06\\\/10\\\/la-france-nest-plus-elle-meme\\\/#article\",\"isPartOf\":{\"@id\":\"https:\\\/\\\/www.geopolitics.fr\\\/2024\\\/06\\\/10\\\/la-france-nest-plus-elle-meme\\\/\"},\"author\":{\"name\":\"Erwan Davoux\",\"@id\":\"https:\\\/\\\/www.geopolitics.fr\\\/#\\\/schema\\\/person\\\/a487273e91313e368925717400fa1b11\"},\"headline\":\"La France n&rsquo;est plus elle-m\u00eame\",\"datePublished\":\"2024-06-10T17:19:35+00:00\",\"dateModified\":\"2024-07-05T07:29:32+00:00\",\"mainEntityOfPage\":{\"@id\":\"https:\\\/\\\/www.geopolitics.fr\\\/2024\\\/06\\\/10\\\/la-france-nest-plus-elle-meme\\\/\"},\"wordCount\":549,\"commentCount\":0,\"publisher\":{\"@id\":\"https:\\\/\\\/www.geopolitics.fr\\\/#organization\"},\"image\":{\"@id\":\"https:\\\/\\\/www.geopolitics.fr\\\/2024\\\/06\\\/10\\\/la-france-nest-plus-elle-meme\\\/#primaryimage\"},\"thumbnailUrl\":\"https:\\\/\\\/www.geopolitics.fr\\\/wp-content\\\/uploads\\\/2024\\\/01\\\/edito-bonne-banniere.jpg\",\"keywords\":[\"AFRIQUE OUEST\",\"ELECTIONS LEGISLATIVES\",\"ERWAN DAVOUX\"],\"articleSection\":[\"Election\",\"Mis en AVANT\",\"Politique\"],\"inLanguage\":\"en-GB\"},{\"@type\":\"WebPage\",\"@id\":\"https:\\\/\\\/www.geopolitics.fr\\\/2024\\\/06\\\/10\\\/la-france-nest-plus-elle-meme\\\/\",\"url\":\"https:\\\/\\\/www.geopolitics.fr\\\/2024\\\/06\\\/10\\\/la-france-nest-plus-elle-meme\\\/\",\"name\":\"La France n'est plus elle-m\u00eame | Geopolitics.fr\",\"isPartOf\":{\"@id\":\"https:\\\/\\\/www.geopolitics.fr\\\/#website\"},\"primaryImageOfPage\":{\"@id\":\"https:\\\/\\\/www.geopolitics.fr\\\/2024\\\/06\\\/10\\\/la-france-nest-plus-elle-meme\\\/#primaryimage\"},\"image\":{\"@id\":\"https:\\\/\\\/www.geopolitics.fr\\\/2024\\\/06\\\/10\\\/la-france-nest-plus-elle-meme\\\/#primaryimage\"},\"thumbnailUrl\":\"https:\\\/\\\/www.geopolitics.fr\\\/wp-content\\\/uploads\\\/2024\\\/01\\\/edito-bonne-banniere.jpg\",\"datePublished\":\"2024-06-10T17:19:35+00:00\",\"dateModified\":\"2024-07-05T07:29:32+00:00\",\"description\":\"Candidature d'Erwan DAVOUX aux \u00e9lections l\u00e9gislatives dans la 9\u00e8me circonscription des Fran\u00e7ais de l'\u00e9tranger.\",\"breadcrumb\":{\"@id\":\"https:\\\/\\\/www.geopolitics.fr\\\/2024\\\/06\\\/10\\\/la-france-nest-plus-elle-meme\\\/#breadcrumb\"},\"inLanguage\":\"en-GB\",\"potentialAction\":[{\"@type\":\"ReadAction\",\"target\":[\"https:\\\/\\\/www.geopolitics.fr\\\/2024\\\/06\\\/10\\\/la-france-nest-plus-elle-meme\\\/\"]}]},{\"@type\":\"ImageObject\",\"inLanguage\":\"en-GB\",\"@id\":\"https:\\\/\\\/www.geopolitics.fr\\\/2024\\\/06\\\/10\\\/la-france-nest-plus-elle-meme\\\/#primaryimage\",\"url\":\"https:\\\/\\\/www.geopolitics.fr\\\/wp-content\\\/uploads\\\/2024\\\/01\\\/edito-bonne-banniere.jpg\",\"contentUrl\":\"https:\\\/\\\/www.geopolitics.fr\\\/wp-content\\\/uploads\\\/2024\\\/01\\\/edito-bonne-banniere.jpg\",\"width\":600,\"height\":600},{\"@type\":\"BreadcrumbList\",\"@id\":\"https:\\\/\\\/www.geopolitics.fr\\\/2024\\\/06\\\/10\\\/la-france-nest-plus-elle-meme\\\/#breadcrumb\",\"itemListElement\":[{\"@type\":\"ListItem\",\"position\":1,\"name\":\"Accueil\",\"item\":\"https:\\\/\\\/www.geopolitics.fr\\\/\"},{\"@type\":\"ListItem\",\"position\":2,\"name\":\"La France n&#8217;est plus elle-m\u00eame\"}]},{\"@type\":\"WebSite\",\"@id\":\"https:\\\/\\\/www.geopolitics.fr\\\/#website\",\"url\":\"https:\\\/\\\/www.geopolitics.fr\\\/\",\"name\":\"Geopolitics.fr\",\"description\":\"Geopolitics.fr Analyse politique, relations internationales, d\u00e9fense - ligne \u00e9ditoriale gaullo-chiraquienne\",\"publisher\":{\"@id\":\"https:\\\/\\\/www.geopolitics.fr\\\/#organization\"},\"potentialAction\":[{\"@type\":\"SearchAction\",\"target\":{\"@type\":\"EntryPoint\",\"urlTemplate\":\"https:\\\/\\\/www.geopolitics.fr\\\/?s={search_term_string}\"},\"query-input\":{\"@type\":\"PropertyValueSpecification\",\"valueRequired\":true,\"valueName\":\"search_term_string\"}}],\"inLanguage\":\"en-GB\"},{\"@type\":\"Organization\",\"@id\":\"https:\\\/\\\/www.geopolitics.fr\\\/#organization\",\"name\":\"Geopolitics.fr\",\"url\":\"https:\\\/\\\/www.geopolitics.fr\\\/\",\"logo\":{\"@type\":\"ImageObject\",\"inLanguage\":\"en-GB\",\"@id\":\"https:\\\/\\\/www.geopolitics.fr\\\/#\\\/schema\\\/logo\\\/image\\\/\",\"url\":\"https:\\\/\\\/www.geopolitics.fr\\\/wp-content\\\/uploads\\\/2024\\\/01\\\/logo.jpg\",\"contentUrl\":\"https:\\\/\\\/www.geopolitics.fr\\\/wp-content\\\/uploads\\\/2024\\\/01\\\/logo.jpg\",\"width\":500,\"height\":500,\"caption\":\"Geopolitics.fr\"},\"image\":{\"@id\":\"https:\\\/\\\/www.geopolitics.fr\\\/#\\\/schema\\\/logo\\\/image\\\/\"},\"sameAs\":[\"https:\\\/\\\/www.facebook.com\\\/people\\\/Erwan-Davoux\\\/61557098968092\\\/\",\"https:\\\/\\\/x.com\\\/Geopolitics_Fr\"]},{\"@type\":\"Person\",\"@id\":\"https:\\\/\\\/www.geopolitics.fr\\\/#\\\/schema\\\/person\\\/a487273e91313e368925717400fa1b11\",\"name\":\"Erwan Davoux\",\"image\":{\"@type\":\"ImageObject\",\"inLanguage\":\"en-GB\",\"@id\":\"https:\\\/\\\/www.geopolitics.fr\\\/wp-content\\\/uploads\\\/2026\\\/05\\\/moi-96x96.jpg\",\"url\":\"https:\\\/\\\/www.geopolitics.fr\\\/wp-content\\\/uploads\\\/2026\\\/05\\\/moi-96x96.jpg\",\"contentUrl\":\"https:\\\/\\\/www.geopolitics.fr\\\/wp-content\\\/uploads\\\/2026\\\/05\\\/moi-96x96.jpg\",\"caption\":\"Erwan Davoux\"},\"description\":\"Erwan DAVOUX est Pr\u00e9sident de LMD CONSEIL, (conseil strat\u00e9gique, intelligence \u00e9conomique, risque g\u00e9opolitique, influence politique, diplomatie \u00e9conomique). Dipl\u00f4m\u00e9 de l'IEP de Paris et de l'INALCO (d\u00e9partement d'\u00e9tudes arabes), il est directeur de la publication de geopolitics.fr. Ancien fonctionnaire au Minist\u00e8re de l'Int\u00e9rieur et de la D\u00e9fense (DGSE) Ancien charg\u00e9 de Mission \u00e0 la Pr\u00e9sidence de la R\u00e9publique (cellule diplomatique) Conseil de nombreuses personnalit\u00e9s politiques \u00e0 l'International (dont deux anciens Premiers ministres).\",\"sameAs\":[\"Erwan Davoux\",\"@erwandavoux\",\"https:\\\/\\\/www.linkedin.com\\\/in\\\/erwan-davoux-6800b289\\\/\",\"https:\\\/\\\/x.com\\\/@erwandavoux @Geo_politicsfr\"],\"url\":\"https:\\\/\\\/www.geopolitics.fr\\\/en\\\/author\\\/erwan-davoux\\\/\"}]}<\/script>\n<!-- \/ Yoast SEO Premium plugin. -->","yoast_head_json":{"title":"La France n'est plus elle-m\u00eame | Geopolitics.fr","description":"Candidature d'Erwan DAVOUX aux \u00e9lections l\u00e9gislatives dans la 9\u00e8me circonscription des Fran\u00e7ais de l'\u00e9tranger.","robots":{"index":"index","follow":"follow","max-snippet":"max-snippet:-1","max-image-preview":"max-image-preview:large","max-video-preview":"max-video-preview:-1"},"canonical":"https:\/\/www.geopolitics.fr\/en\/2024\/06\/10\/la-france-nest-plus-elle-meme\/","og_locale":"en_GB","og_type":"article","og_title":"La France n'est plus elle-m\u00eame","og_description":"Candidature d'Erwan DAVOUX aux \u00e9lections l\u00e9gislatives dans la 9\u00e8me circonscription des Fran\u00e7ais de l'\u00e9tranger.","og_url":"https:\/\/www.geopolitics.fr\/en\/2024\/06\/10\/la-france-nest-plus-elle-meme\/","og_site_name":"Geopolitics.fr","article_publisher":"https:\/\/www.facebook.com\/people\/Erwan-Davoux\/61557098968092\/","article_author":"Erwan Davoux","article_published_time":"2024-06-10T17:19:35+00:00","article_modified_time":"2024-07-05T07:29:32+00:00","og_image":[{"width":600,"height":600,"url":"https:\/\/www.geopolitics.fr\/wp-content\/uploads\/2024\/01\/edito-bonne-banniere.jpg","type":"image\/jpeg"}],"author":"Erwan Davoux","twitter_card":"summary_large_image","twitter_creator":"@erwandavoux @Geo_politicsfr","twitter_site":"@Geopolitics_Fr","twitter_misc":{"Written by":"Erwan Davoux","Estimated reading time":"3 minutes"},"schema":{"@context":"https:\/\/schema.org","@graph":[{"@type":"Article","@id":"https:\/\/www.geopolitics.fr\/2024\/06\/10\/la-france-nest-plus-elle-meme\/#article","isPartOf":{"@id":"https:\/\/www.geopolitics.fr\/2024\/06\/10\/la-france-nest-plus-elle-meme\/"},"author":{"name":"Erwan Davoux","@id":"https:\/\/www.geopolitics.fr\/#\/schema\/person\/a487273e91313e368925717400fa1b11"},"headline":"La France n&rsquo;est plus elle-m\u00eame","datePublished":"2024-06-10T17:19:35+00:00","dateModified":"2024-07-05T07:29:32+00:00","mainEntityOfPage":{"@id":"https:\/\/www.geopolitics.fr\/2024\/06\/10\/la-france-nest-plus-elle-meme\/"},"wordCount":549,"commentCount":0,"publisher":{"@id":"https:\/\/www.geopolitics.fr\/#organization"},"image":{"@id":"https:\/\/www.geopolitics.fr\/2024\/06\/10\/la-france-nest-plus-elle-meme\/#primaryimage"},"thumbnailUrl":"https:\/\/www.geopolitics.fr\/wp-content\/uploads\/2024\/01\/edito-bonne-banniere.jpg","keywords":["AFRIQUE OUEST","ELECTIONS LEGISLATIVES","ERWAN DAVOUX"],"articleSection":["Election","Mis en AVANT","Politique"],"inLanguage":"en-GB"},{"@type":"WebPage","@id":"https:\/\/www.geopolitics.fr\/2024\/06\/10\/la-france-nest-plus-elle-meme\/","url":"https:\/\/www.geopolitics.fr\/2024\/06\/10\/la-france-nest-plus-elle-meme\/","name":"La France n'est plus elle-m\u00eame | Geopolitics.fr","isPartOf":{"@id":"https:\/\/www.geopolitics.fr\/#website"},"primaryImageOfPage":{"@id":"https:\/\/www.geopolitics.fr\/2024\/06\/10\/la-france-nest-plus-elle-meme\/#primaryimage"},"image":{"@id":"https:\/\/www.geopolitics.fr\/2024\/06\/10\/la-france-nest-plus-elle-meme\/#primaryimage"},"thumbnailUrl":"https:\/\/www.geopolitics.fr\/wp-content\/uploads\/2024\/01\/edito-bonne-banniere.jpg","datePublished":"2024-06-10T17:19:35+00:00","dateModified":"2024-07-05T07:29:32+00:00","description":"Candidature d'Erwan DAVOUX aux \u00e9lections l\u00e9gislatives dans la 9\u00e8me circonscription des Fran\u00e7ais de l'\u00e9tranger.","breadcrumb":{"@id":"https:\/\/www.geopolitics.fr\/2024\/06\/10\/la-france-nest-plus-elle-meme\/#breadcrumb"},"inLanguage":"en-GB","potentialAction":[{"@type":"ReadAction","target":["https:\/\/www.geopolitics.fr\/2024\/06\/10\/la-france-nest-plus-elle-meme\/"]}]},{"@type":"ImageObject","inLanguage":"en-GB","@id":"https:\/\/www.geopolitics.fr\/2024\/06\/10\/la-france-nest-plus-elle-meme\/#primaryimage","url":"https:\/\/www.geopolitics.fr\/wp-content\/uploads\/2024\/01\/edito-bonne-banniere.jpg","contentUrl":"https:\/\/www.geopolitics.fr\/wp-content\/uploads\/2024\/01\/edito-bonne-banniere.jpg","width":600,"height":600},{"@type":"BreadcrumbList","@id":"https:\/\/www.geopolitics.fr\/2024\/06\/10\/la-france-nest-plus-elle-meme\/#breadcrumb","itemListElement":[{"@type":"ListItem","position":1,"name":"Accueil","item":"https:\/\/www.geopolitics.fr\/"},{"@type":"ListItem","position":2,"name":"La France n&#8217;est plus elle-m\u00eame"}]},{"@type":"WebSite","@id":"https:\/\/www.geopolitics.fr\/#website","url":"https:\/\/www.geopolitics.fr\/","name":"Geopolitics.fr","description":"Geopolitics.fr Analyse politique, relations internationales, d\u00e9fense - ligne \u00e9ditoriale gaullo-chiraquienne","publisher":{"@id":"https:\/\/www.geopolitics.fr\/#organization"},"potentialAction":[{"@type":"SearchAction","target":{"@type":"EntryPoint","urlTemplate":"https:\/\/www.geopolitics.fr\/?s={search_term_string}"},"query-input":{"@type":"PropertyValueSpecification","valueRequired":true,"valueName":"search_term_string"}}],"inLanguage":"en-GB"},{"@type":"Organization","@id":"https:\/\/www.geopolitics.fr\/#organization","name":"Geopolitics.fr","url":"https:\/\/www.geopolitics.fr\/","logo":{"@type":"ImageObject","inLanguage":"en-GB","@id":"https:\/\/www.geopolitics.fr\/#\/schema\/logo\/image\/","url":"https:\/\/www.geopolitics.fr\/wp-content\/uploads\/2024\/01\/logo.jpg","contentUrl":"https:\/\/www.geopolitics.fr\/wp-content\/uploads\/2024\/01\/logo.jpg","width":500,"height":500,"caption":"Geopolitics.fr"},"image":{"@id":"https:\/\/www.geopolitics.fr\/#\/schema\/logo\/image\/"},"sameAs":["https:\/\/www.facebook.com\/people\/Erwan-Davoux\/61557098968092\/","https:\/\/x.com\/Geopolitics_Fr"]},{"@type":"Person","@id":"https:\/\/www.geopolitics.fr\/#\/schema\/person\/a487273e91313e368925717400fa1b11","name":"Erwan Davoux","image":{"@type":"ImageObject","inLanguage":"en-GB","@id":"https:\/\/www.geopolitics.fr\/wp-content\/uploads\/2026\/05\/moi-96x96.jpg","url":"https:\/\/www.geopolitics.fr\/wp-content\/uploads\/2026\/05\/moi-96x96.jpg","contentUrl":"https:\/\/www.geopolitics.fr\/wp-content\/uploads\/2026\/05\/moi-96x96.jpg","caption":"Erwan Davoux"},"description":"Erwan DAVOUX est Pr\u00e9sident de LMD CONSEIL, (conseil strat\u00e9gique, intelligence \u00e9conomique, risque g\u00e9opolitique, influence politique, diplomatie \u00e9conomique). Dipl\u00f4m\u00e9 de l'IEP de Paris et de l'INALCO (d\u00e9partement d'\u00e9tudes arabes), il est directeur de la publication de geopolitics.fr. Ancien fonctionnaire au Minist\u00e8re de l'Int\u00e9rieur et de la D\u00e9fense (DGSE) Ancien charg\u00e9 de Mission \u00e0 la Pr\u00e9sidence de la R\u00e9publique (cellule diplomatique) Conseil de nombreuses personnalit\u00e9s politiques \u00e0 l'International (dont deux anciens Premiers ministres).","sameAs":["Erwan Davoux","@erwandavoux","https:\/\/www.linkedin.com\/in\/erwan-davoux-6800b289\/","https:\/\/x.com\/@erwandavoux @Geo_politicsfr"],"url":"https:\/\/www.geopolitics.fr\/en\/author\/erwan-davoux\/"}]}},"_links":{"self":[{"href":"https:\/\/www.geopolitics.fr\/en\/wp-json\/wp\/v2\/posts\/2871","targetHints":{"allow":["GET"]}}],"collection":[{"href":"https:\/\/www.geopolitics.fr\/en\/wp-json\/wp\/v2\/posts"}],"about":[{"href":"https:\/\/www.geopolitics.fr\/en\/wp-json\/wp\/v2\/types\/post"}],"author":[{"embeddable":true,"href":"https:\/\/www.geopolitics.fr\/en\/wp-json\/wp\/v2\/users\/16"}],"replies":[{"embeddable":true,"href":"https:\/\/www.geopolitics.fr\/en\/wp-json\/wp\/v2\/comments?post=2871"}],"version-history":[{"count":0,"href":"https:\/\/www.geopolitics.fr\/en\/wp-json\/wp\/v2\/posts\/2871\/revisions"}],"wp:featuredmedia":[{"embeddable":true,"href":"https:\/\/www.geopolitics.fr\/en\/wp-json\/wp\/v2\/media\/2176"}],"wp:attachment":[{"href":"https:\/\/www.geopolitics.fr\/en\/wp-json\/wp\/v2\/media?parent=2871"}],"wp:term":[{"taxonomy":"category","embeddable":true,"href":"https:\/\/www.geopolitics.fr\/en\/wp-json\/wp\/v2\/categories?post=2871"},{"taxonomy":"post_tag","embeddable":true,"href":"https:\/\/www.geopolitics.fr\/en\/wp-json\/wp\/v2\/tags?post=2871"}],"curies":[{"name":"wp","href":"https:\/\/api.w.org\/{rel}","templated":true}]}}