{"id":2832,"date":"2024-06-05T18:59:59","date_gmt":"2024-06-05T16:59:59","guid":{"rendered":"https:\/\/www.geopolitics.fr\/?p=2832"},"modified":"2024-06-05T21:27:17","modified_gmt":"2024-06-05T19:27:17","slug":"le-suicide-de-la-droite-ou-comment-est-on-passe-de-jacques-chirac-a-eric-ciotti-letrange-defaite-dalain-juppe-episode-5","status":"publish","type":"post","link":"https:\/\/www.geopolitics.fr\/en\/2024\/06\/05\/le-suicide-de-la-droite-ou-comment-est-on-passe-de-jacques-chirac-a-eric-ciotti-letrange-defaite-dalain-juppe-episode-5\/","title":{"rendered":"LE SUICIDE DE LA DROITE OU COMMENT EST-ON PASS\u00c9 DE JACQUES CHIRAC A \u00c9RIC CIOTTI\u00a0? L&rsquo;\u00e9trange d\u00e9faite d&rsquo;Alain Jupp\u00e9 &#8211; Episode 5"},"content":{"rendered":"\n<p class=\"has-medium-font-size wp-block-paragraph\"><strong>\u00ab&nbsp;Alain Jupp\u00e9 a tout pour gagner mais son \u00e9quipe de campagne est mauvaise&nbsp;\u00bb, ce diagnostic est celui de Jean-Fran\u00e7ois Cop\u00e9, en juin 2016, <\/strong>lorsque je lui rends une visite de courtoisie, peu de temps apr\u00e8s mon investiture aux l\u00e9gislatives. Ce rappel brutal m\u2019\u00e9branle d\u2019autant plus que je connais la lucidit\u00e9 de Jean-Fran\u00e7ois Cop\u00e9 (sauf peut-\u00eatre quand il est, lui-m\u00eame, directement concern\u00e9, comme tout un chacun) et que moi-m\u00eame, au sein de l\u2019\u00e9quipe Jupp\u00e9, je ne sens pas une grande dynamique. Seul des sondages \u00e9ternellement rassurants semblent faire office de boussole.<\/p>\n\n\n\n<h2 class=\"wp-block-heading\" id=\"h-juppe-le-dernier-des-chiraquiens-historiques\">Jupp\u00e9, le dernier des chiraquiens historiques<\/h2>\n\n\n\n<p class=\"has-medium-font-size wp-block-paragraph\"><strong>J\u2019ai toujours pens\u00e9 qu\u2019un alliage Jupp\u00e9-Cop\u00e9 serait irr\u00e9sistible, entre deux g\u00e9n\u00e9rations de chiraquiens<\/strong>. JFC apportant \u00e0 AJ du dynamisme et un encrage \u00e0 droite qui lui faisaient d\u00e9faut. Je m\u2019en suis ouvert \u00e0 JFC lorsque j\u2019\u00e9tais son conseiller diplomatique, bien avant la Primaire. Il me r\u00e9pondait alors \u00ab&nbsp;Erwan vous faites l\u2019international, vous le faites bien, laissez-moi la politique&nbsp;\u00bb.<\/p>\n\n\n\n<p class=\"has-medium-font-size wp-block-paragraph\"><strong>Lorsqu\u2019Alain Jupp\u00e9 annonce sa candidature \u00e0 la Primaire, le 20 ao\u00fbt 2014, il est clair pour moi qu\u2019il devient mon candidat<\/strong>. Il est aussit\u00f4t adoub\u00e9, une nouvelle fois <strong>par Jacques Chirac,<\/strong> le 2 octobre 2014 <strong>\u00ab\u00a0<\/strong>j&rsquo;ai toujours su qu&rsquo;Alain Jupp\u00e9 serait au rendez-vous de son destin\u00a0\u00bb.<\/p>\n\n\n\n<p class=\"has-medium-font-size wp-block-paragraph\">Entrer au service d\u2019Alain Jupp\u00e9 ne fut pas chose ais\u00e9e car je n\u2019\u00e9tais pas un de ses anciens collaborateurs. <strong>Je le fis gr\u00e2ce \u00e0 Vincent Leroux<\/strong>, l\u2019un de ses principaux conseillers avec Gilles Boyer. On me confia alors la responsabilit\u00e9 des Fran\u00e7ais de l\u2019\u00e9tranger, l\u2019international (parmi des diplomates chevronn\u00e9s) et la pr\u00e9paration des d\u00e9placements \u00e0 l\u2019\u00e9tranger avec celui qui \u00e9tait de Chef de Cabinet, David Teillet. J\u2019aurai l\u2019occasion, dans un article ult\u00e9rieur, consacr\u00e9 \u00e0 \u00ab&nbsp;Alain Jupp\u00e9 \u00e0 l\u2019international et aupr\u00e8s des Fran\u00e7ais de l\u2019\u00e9tranger&nbsp;\u00bb, de revenir pr\u00e9cis\u00e9ment l\u00e0-dessus.<\/p>\n\n\n\n<h2 class=\"wp-block-heading\" id=\"h-un-debut-de-campagne-modeste-mais-dynamique\">Un d\u00e9but de campagne modeste mais dynamique<\/h2>\n\n\n\n<p class=\"has-medium-font-size wp-block-paragraph\">Le militant que je fus, entrait au sein d\u2019une \u00e9quipe encore tr\u00e8s r\u00e9duite qui occupait de forts modestes locaux de campagne, rue de Lille. J\u2019appris \u00e0 d\u00e9couvrir alors celui qui fut une des idoles de ma jeunesse<strong>. Alain Jupp\u00e9 \u00e9tait bien cet homme d\u2019Etat dont la principale pr\u00e9occupation \u00e9tait l\u2019int\u00e9r\u00eat g\u00e9n\u00e9ral et l\u2019int\u00e9r\u00eat national. Une \u00e9vidence, peut-\u00eatre, pour un politique. Mais une esp\u00e8ce d\u00e9sormais en rupture de stock. Je d\u00e9couvris aussi que les reproches d\u2019une certaine froideur, de peu de chaleur humaine \u00e9taient avant tout l\u2019expression d\u2019une grande pudeur et d\u2019une sensibilit\u00e9 introvertie.<\/strong><\/p>\n\n\n\n<p class=\"has-medium-font-size wp-block-paragraph\">La premi\u00e8re partie de campagne, rue de Lille, d\u2019une \u00e9quipe resserr\u00e9e o\u00f9 la plupart des participants \u00e9taient b\u00e9n\u00e9voles, fut certainement la plus r\u00e9ussie. Une p\u00e9riode o\u00f9 les convictions primaient, celle de la construction d\u2019une \u00e9quipe. La modestie \u00e9tait de mise. Peu de moyens mais beaucoup d\u2019envie. <strong>Les volontaires affluaient estimant qu\u2019Alain Jupp\u00e9 \u00e9tait le tenant d\u2019un retour \u00e0 la droite gaullo-chiraquienne qui manquait d\u00e9j\u00e0 cruellement \u00e0 la France. Un homme d\u2019Etat qui g\u00e9rerait la France de mani\u00e8re non partisane et mettrait fin au clivage permanent et \u00e0 la course effr\u00e9n\u00e9e derri\u00e8re le FN.<\/strong><\/p>\n\n\n\n<h2 class=\"wp-block-heading\" id=\"h-la-professionnalisation-ratee\">La professionnalisation rat\u00e9e<\/h2>\n\n\n\n<p class=\"has-medium-font-size wp-block-paragraph\"><strong>Le changement de locaux, l\u2019emm\u00e9nagement Boulevard Raspail au d\u00e9but de l\u2019ann\u00e9e 2016 rendu n\u00e9cessaire par la mont\u00e9e en puissance de la campagne mais aussi l\u2019arriv\u00e9e d\u2019opportunistes \u00e0 tout crin, marqua symboliquement le d\u00e9but de la fin. L&rsquo;ambiance changea singuli\u00e8rement La professionnalisation non r\u00e9ussie fit perdre son \u00e2me \u00e0 cette campagne.<\/strong><\/p>\n\n\n\n<p class=\"has-medium-font-size wp-block-paragraph\"><strong>Une campagne technocratique<\/strong> s\u2019engagea sous un mode classique ou de hauts-fonctionnaires \u00e9num\u00e8rent des mesures dont aucune ne marqua l\u2019opinion. Un catalogue de bonnes intentions pour un mauvais discours de politique g\u00e9n\u00e9rale. J\u2019avoue ne pas avoir \u00e9t\u00e9 au bout de \u00ab&nbsp;pour un Etat fort&nbsp;\u00bb ni de \u00ab&nbsp;Mes chemins pour l\u2019\u00e9cole&nbsp;\u00bb. Non que la sinc\u00e9rit\u00e9 du candidat ne soit en cause, bien \u00e9videmment, mais tout cela manquait de flamme, d\u2019id\u00e9es percutantes.<\/p>\n\n\n<div class=\"wp-block-image\">\n<figure class=\"aligncenter size-full\"><img fetchpriority=\"high\" decoding=\"async\" width=\"400\" height=\"284\" src=\"https:\/\/www.geopolitics.fr\/wp-content\/uploads\/2024\/06\/Logo_Alain_Juppe_Primaire_des_Republicains_2016-1.png\" alt=\"\" class=\"wp-image-2841\" srcset=\"https:\/\/www.geopolitics.fr\/wp-content\/uploads\/2024\/06\/Logo_Alain_Juppe_Primaire_des_Republicains_2016-1.png 400w, https:\/\/www.geopolitics.fr\/wp-content\/uploads\/2024\/06\/Logo_Alain_Juppe_Primaire_des_Republicains_2016-1-300x213.png 300w\" sizes=\"(max-width: 400px) 100vw, 400px\" \/><\/figure>\n<\/div>\n\n\n<h2 class=\"wp-block-heading\" id=\"h-juppe-rpr-vraiment\">Jupp\u00e9 RPR, vraiment ?<\/h2>\n\n\n\n<p class=\"has-medium-font-size wp-block-paragraph\"><strong>Un reniement du pass\u00e9 d\u2019Alain Jupp\u00e9 fut syst\u00e9matiquement organis\u00e9 durant cette deuxi\u00e8me partie de campagne, pas question de mentionner qu\u2019il fut Secr\u00e9taire G\u00e9n\u00e9ral puis Pr\u00e9sident du RPR<\/strong>, comme si ceux qui ne l\u2019avaient pas v\u00e9cu voulaient gommer cette partie pourtant constitutive de ce qu\u2019est AJ. Cette \u00e9poque ou Alain Jupp\u00e9 prenait des coups et les rendaient avec vigueur. <strong>Une seule fois durant cette campagne je retrouvais l\u2019Alain Jupp\u00e9 de ma jeunesse extr\u00eamement combattif<\/strong>&nbsp;: lorsque Nicolas Sarkozy rappela fort peu \u00e9l\u00e9gamment son pass\u00e9 judiciaire, Alain Jupp\u00e9 lui r\u00e9torqua qu\u2019\u00ab&nbsp;en la mati\u00e8re, il valait mieux avoir un pass\u00e9 qu\u2019un avenir&nbsp;\u00bb. L\u2019ancien Pr\u00e9sident ne s\u2019aventura plus jamais sur ce chemin.<\/p>\n\n\n\n<p class=\"has-medium-font-size wp-block-paragraph\"><strong>Le choix du directeur de campagne, Gilles Boyer, f\u00fbt-il le meilleur <\/strong>? Herv\u00e9 Gaymard, Benoit Apparu ou Edouard Philippe auraient certainement fait l\u2019affaire mais en avaient-il envie&nbsp;? Et Alain Jupp\u00e9 leur demanda-t-il suffisamment fortement&nbsp;?<\/p>\n\n\n\n<p class=\"has-medium-font-size wp-block-paragraph\">Cette d\u00e9signation ne fit qu\u2019intensifier les tensions entre ceux arriv\u00e9s par Vincent Leroux et ceux venant par Gilles Boyer. Ce dernier a certainement un vrai talent pour se rendre indispensable aux hommes politiques qu\u2019il sert. Un peu moins, peut-\u00eatre, pour diriger une campagne en raison d\u2019<strong>un caract\u00e8re peu enclin \u00e0 aller vers les autres<\/strong>.<\/p>\n\n\n\n<p class=\"has-medium-font-size wp-block-paragraph\"><strong>La ligne de cette campagne, dont Gilles Boyer ne porte, bien entendu, pas seul la responsabilit\u00e9, se fixa \u00e0 l\u2019exact oppos\u00e9 de ce que fut le RPR. Une ligne politique centriste qui sera fatale \u00e0 Alain Jupp\u00e9.<\/strong> &nbsp;Le retour en force de Fran\u00e7ois Bayrou eut un effet r\u00e9pulsif certain, tant cette personnalit\u00e9 portait, pour l\u2019\u00e9lectorat de droite, la responsabilit\u00e9 de la d\u00e9faite de Nicolas Sarkozy. <strong>Un silence total de Fran\u00e7ois Bayrou, durant la Primaire (mais non l\u2019\u00e9lection pr\u00e9sidentielle) \u00e9tait ce qui aurait pu arriver de mieux \u00e0 AJ.<\/strong> <strong>D\u00e9nigrer syst\u00e9matiquement tout ce qui \u00e9tait UMP puis LR fut indubitablement une grande erreur <\/strong>dans une Primaire de droite. D\u2019autant que de nombreux \u00ab&nbsp;comit\u00e9s AJ&nbsp;\u00bb s\u2019av\u00e9r\u00e8rent \u00eatre des coquilles vides.<\/p>\n\n\n\n<h2 class=\"wp-block-heading\" id=\"h-une-campagne-defensive-visant-a-gerer-un-pseudo-avantage\">Une campagne d\u00e9fensive visant \u00e0 g\u00e9rer un pseudo avantage<\/h2>\n\n\n\n<p class=\"has-medium-font-size wp-block-paragraph\"><strong>La strat\u00e9gie essentiellement d\u00e9fensive<\/strong> qui consistera pendant toute la campagne \u00e0 maintenir un pseudo avantage, \u00e0 se limiter \u00e0 g\u00e9rer une image positive dans l\u2019opinion et une avance suppos\u00e9e dans les sondages, fut une erreur. Un peu comme une \u00e9quipe de football qui l\u2019a emport\u00e9 par un but d&rsquo;\u00e9cart au match aller et joue le retour en essayant d\u2019\u00e9viter de prendre un but. Il est rare que cela fonctionne. Lors de toute \u00e9lection majeure, <strong>il faut susciter une envie, un \u00e9lan, un espoir. Etre le \u00ab&nbsp;meilleur d\u2019entre eux&nbsp;\u00bb ne signifie presque jamais (h\u00e9las) gagner.<\/strong><\/p>\n\n\n\n<h2 class=\"wp-block-heading\" id=\"h-les-accusations-de-complaisance-avec-l-islamisme-et-de-naivete-non-traitees\">Les accusations de complaisance avec l&rsquo;islamisme et de na\u00efvet\u00e9 non trait\u00e9es <\/h2>\n\n\n\n<p class=\"has-medium-font-size wp-block-paragraph\"><strong>Personne ne pris s\u00e9rieusement en compte les attaques contre \u00ab&nbsp;Ali Jupp\u00e9&nbsp;\u00bb, \u00ab&nbsp;la grande mosqu\u00e9e de Bordeaux&nbsp;\u00bb, \u00ab&nbsp;le mufti de Bordeaux&nbsp;\u00bb. Ces accusations de complaisance avec l\u2019islamisme ne furent pas combattues<\/strong> <strong>tout comme celles d\u00e9formant et d\u00e9nigrant le concept d'\u00a0\u00bbidentit\u00e9 heureuse\u00a0\u00bb.<\/strong> Ce concept fut pr\u00e9sent\u00e9 tel un constat na\u00eff et coup\u00e9 des r\u00e9alit\u00e9s alors qu&rsquo;il s&rsquo;agissait d&rsquo;un objectif \u00e0 atteindre dans une France qui aurait retrouv\u00e9 coh\u00e9sion sociale et nationale.<\/p>\n\n\n\n<p class=\"has-medium-font-size wp-block-paragraph\">J\u2019attirais l\u2019attention plusieurs fois l&rsquo;attention de Gilles Boyer et d&rsquo;Aurore Berg\u00e9 (en charge des r\u00e9seaux sociaux) sur ces attaques. La r\u00e9ponse fut toujours que cela n\u2019aurait aucun impact, \u00ab\u00a0seuls les imb\u00e9ciles pouvant croire ce genre de choses\u00a0\u00bb. <strong>Alors que nous \u00e9tions en r\u00e9alit\u00e9 confront\u00e9s \u00e0 une entreprise de d\u00e9stabilisation majeure qui n\u2019avait aucun caract\u00e8re amateur<\/strong>. <strong>Organis\u00e9e sur les r\u00e9seaux sociaux par l\u2019extr\u00eame droite identitaire mais aussi par les relais en France d\u2019un gouvernement qui massacre aujourd\u2019hui les Palestiniens. Pour une raison simple : faire barrage \u00e0 ceux qui ne sont pas fr\u00e9n\u00e9tiquement antimusulmans. Il est cocasse de voir aujourd&rsquo;hui certains \u00e9lus \u00ab\u00a0Renaissance\u00a0\u00bb et \u00ab\u00a0Horizons\u00a0\u00bb soutenir Netanyahou. Ont-ils jamais eu des convictions sinc\u00e8res ?  Organis\u00e9e probablement aussi par certains services de renseignements \u00e9trangers qui misaient sur Nicolas Sarkozy.<\/strong> En effet, Alain Jupp\u00e9 \u00e9tait une cible privil\u00e9gi\u00e9e, dernier chiraquien et s\u2019inscrivant dans la ligne gaullo-mitterrando-chiraquienne de la diplomatie fran\u00e7aise. <strong>Celle abandonn\u00e9e en partie par Nicolas Sarkozy et compl\u00e8tement d\u00e8s l\u2019\u00e9lection de Fran\u00e7ois Hollande.<\/strong><\/p>\n\n\n\n<h2 class=\"wp-block-heading\" id=\"h-une-sequence-revelatrice\">Une s\u00e9quence r\u00e9v\u00e9latrice<\/h2>\n\n\n\n<p class=\"has-medium-font-size wp-block-paragraph\">Pire encore, loin de combattre cette ing\u00e9rence\/propagande malsaine, un tr\u00e8s proche d\u2019Alain Jupp\u00e9 apportera de l\u2019eau au moulin \u00e0 cette th\u00e8se. Ainsi, un jour, il me demanda de prendre contact avec l\u2019\u00e9quipe de <strong>Rached Ghannouchi<\/strong>, chef d\u2019Ennahdha en Tunisie, qui se rendait en France et souhaitais rencontrer Alain Jupp\u00e9. J\u2019y opposais un refus virulent, faisant jouer \u00ab&nbsp;ma clause de conscience&nbsp;\u00bb. Ayant grandi dans la Tunisie de Bourguiba, j\u2019avais pr\u00e9cis\u00e9ment en t\u00eate les m\u00e9faits, d\u00e9lits et crimes de Ghannouchi et ses comparses qui jetaient, par exemple, du vitriol au visage des femmes non voil\u00e9es, dans les ann\u00e9es 80. Condamn\u00e9s \u00e0 mort par Bourguiba, ils trouv\u00e8rent refuge au Londonistan, avant de revenir pavoiser en Tunisie apr\u00e8s la chute de Ben Ali. <strong>Je m\u2019opposais jusqu\u2019au bout, ne pris jamais contact et cet entretien n\u2019eut jamais lieu. Dans le m\u00eame temps, Fran\u00e7ois Fillon publiait \u00ab&nbsp;Vaincre le totalitarisme islamique&nbsp;\u00bb<\/strong> dont je ne partage pas toutes les th\u00e8ses (notamment son id\u00e9e d\u2019alliance avec le Hezbollah, l\u2019Iran, la Syrie et donc la Russie) mais certainement plus judicieux dans une campagne de droite.<\/p>\n\n\n\n<h2 class=\"wp-block-heading\" id=\"h-des-lieutenants-peu-combatifs\">Des lieutenants peu combatifs<\/h2>\n\n\n\n<p class=\"has-medium-font-size wp-block-paragraph\"><strong>Edouard Philippe <\/strong>ne manifestera pas, durant cette primaire, tout le talent et la finesse politique dont il fit preuve \u00e0 Matignon. <strong>Benoit Apparu<\/strong>, peut-\u00eatre le plus politique des lieutenants d\u2019Alain Jupp\u00e9, fut surnomm\u00e9, par certains,\u00ab&nbsp;Benoit Disparu&nbsp;\u00bb. <strong>Je ne peux que partager le diagnostic de Virginie Calmels selon lequel se fut \u00ab&nbsp;un paradoxe de voir ceux qui ont particip\u00e9 \u00e0 la d\u00e9faite d\u2019Alain Jupp\u00e9 \u00e0 Matignon&nbsp;\u00bb, <\/strong>en 2017. J\u2019ajouterai que certains rejoignirent directement la Macronie sans passer par la case Edouard Philippe. Celles et ceux dont l\u2019opportunisme d\u00e9brid\u00e9 ne s\u2019encombre pas de pudeur et tellement press\u00e9s de sortir d\u2019un anonymat qui leur allait \u00e0 ravir.<\/p>\n\n\n\n<p class=\"has-medium-font-size wp-block-paragraph\"><strong>D\u2019ailleurs est-ce une pure co\u00efncidence si Emmanuel Macron annon\u00e7a sa candidature cinq jours avant le premier tour de la Primaire de la droite&nbsp;? <\/strong>Alors que la campagne Jupp\u00e9 \u00e9tait en extr\u00eame mauvaise posture et que le Blitzkrieg Fillon emportait tout sur son passage&nbsp;? <strong>N\u2019\u00e9tait-ce pas proposer aux centristes un deal avec une personnalit\u00e9 neuve et plus jeune et couper ainsi l\u2019herbe sous le pied \u00e0 Alain Jupp\u00e9&nbsp;?<\/strong> A quand remontent les \u00e9changes entre certains membres de l\u2019\u00e9quipe Jupp\u00e9 et la Macronie&nbsp;?<\/p>\n\n\n\n<h2 class=\"wp-block-heading\" id=\"h-les-dynamiques-croisees-fillon-et-macron-fatales-a-alain-juppe\">Les dynamiques crois\u00e9es Fillon et Macron fatales \u00e0 Alain Jupp\u00e9<\/h2>\n\n\n\n<p class=\"has-medium-font-size wp-block-paragraph\"><strong>Chacun cherchait \u00e0 se rassurer en estiment que la dynamique Fillon \u00e9tait trop tardive <\/strong>pour inverser le cours des choses. La d\u00e9faite fut un choc brutal pour Alain Jupp\u00e9 car elle ne se manifesta que dans le dernier mois d\u2019une campagne qui aura dur\u00e9 deux ans et durant laquelle il fit, en th\u00e9orie, la course en t\u00eate. <strong>Une \u00e9preuve d&rsquo;une cruaut\u00e9 humaine inou\u00efe pour un homme qui aura servi la France pendant 40 ans et \u00e9chouera \u00e0 franchir la derni\u00e8re marche qui lui \u00e9tait promise<\/strong>. D&rsquo;un point de vue personnel, j&rsquo;eu la tr\u00e8s maigre consolation de voir AJ <strong>l&#8217;emporter tr\u00e8s largement aupr\u00e8s des Fran\u00e7ais de l&rsquo;\u00e9tranger.<\/strong> <\/p>\n\n\n\n<p class=\"has-medium-font-size wp-block-paragraph\">En plus des \u00e9l\u00e9ments internes \u00e0 la campagne d\u00e9j\u00e0 mentionn\u00e9s, deux autres facteurs jou\u00e8rent contre Alain Jupp\u00e9.<\/p>\n\n\n\n<p class=\"has-medium-font-size wp-block-paragraph\"><strong>La r\u00e9alit\u00e9 \u00e9tait que Nicolas Sarkozy<a id=\"_ftnref1\" href=\"#_ftn1\">[1]<\/a> et lui s\u2019\u00e9taient neutralis\u00e9s, d\u00e9roulant un tapis rouge au 3<sup>\u00e8me<\/sup> homme <\/strong>qui aurait pu jeter l\u2019\u00e9ponge si on l\u2019avait assur\u00e9 d\u2019une place dor\u00e9e, telle que la Pr\u00e9sidence de l&rsquo;Assembl\u00e9e Nationale, au moment o\u00f9 il \u00e9tait \u00e0 8% dans les sondages. Mais tout le monde le n\u00e9gligea ou m\u00eame le mit sur un pi\u00e9destal dans la perspective du 2<sup>nd<\/sup> tour, sans m\u00eame jeter un \u0153il \u00e0 son programme. <\/p>\n\n\n\n<p class=\"has-medium-font-size wp-block-paragraph\"><strong>L\u2019autre explication fut le million de votants suppl\u00e9mentaire par rapport \u00e0 ce qui \u00e9tait attendu.<\/strong> Je fus l\u2019un des repr\u00e9sentants d\u2019Alain Jupp\u00e9 \u00e0 <strong>La Haute Autorit\u00e9 de la Primaire (HAP) pr\u00e9sid\u00e9e par Anne Levade<\/strong>. Je l\u2019interrogeais suite au scrutin perdu. \u00ab&nbsp;Alors quand est-ce que l\u2019on organise la vraie Primaire, celle qu\u2019Alain Jupp\u00e9 doit gagner \u00ab&nbsp;? Elle me r\u00e9pondit, \u00ab&nbsp;<strong>la masse des \u00e9lecteurs non attendus est constitu\u00e9e principalement des<\/strong> <strong>catholiques pratiquants sortants de la messe et qui ont tous vot\u00e9s Fillon&nbsp;\u00bb<\/strong>. Il est certain qu\u2019une campagne laissant fleurir \u00ab&nbsp;Ali Jupp\u00e9&nbsp;\u00bb, centriste, avec des relents bobos n\u2019\u00e9tait pas susceptible de s\u00e9duire cet \u00e9lectorat. <strong>L&rsquo;impression am\u00e8re qu&rsquo;il me restera est qu&rsquo;Alain Jupp\u00e9 aura perdu sans vraiment livrer bataille. <\/strong><\/p>\n\n\n\n<p class=\"has-medium-font-size wp-block-paragraph\">Une deuxi\u00e8me opportunit\u00e9 se pr\u00e9sentera pour Alain Jupp\u00e9, j\u2019aurais l\u2019occasion d\u2019y revenir lors d\u2019un prochain article consacr\u00e9 \u00e0 la campagne des Primaires victorieuse de Fran\u00e7ois Fillon.<\/p>\n\n\n\n<hr class=\"wp-block-separator has-alpha-channel-opacity\"\/>\n\n\n\n<p class=\"wp-block-paragraph\"><a id=\"_ftn1\" href=\"#_ftnref1\">[1]<\/a> Cf <a href=\"https:\/\/www.geopolitics.fr\/2024\/05\/30\/lourde-defaite-de-nicolas-sarkozy-a-la-primaire\/\">Petite histoire du suicide de la droite o\u00f9 comment est-on pass\u00e9 de Jacques Chirac \u00e0 Eric Ciotti ? | Geopolitics.fr<\/a> \u00ab\u00a0Le retour totalement manqu\u00e9 de la rock star Sarkozy\u00a0\u00bb<\/p>\n","protected":false},"excerpt":{"rendered":"<p>R\u00e9cit de l'\u00a0\u00bb\u00e9trange d\u00e9faite\u00a0\u00bb d&rsquo;Alain Jupp\u00e9, v\u00e9cu de l&rsquo;int\u00e9rieur de la campagne<\/p>","protected":false},"author":16,"featured_media":2835,"comment_status":"open","ping_status":"open","sticky":false,"template":"","format":"standard","meta":{"_lmt_disableupdate":"","_lmt_disable":"","footnotes":""},"categories":[40,4,3],"tags":[262,283,282],"class_list":["post-2832","post","type-post","status-publish","format-standard","has-post-thumbnail","hentry","category-election","category-mis-en-avant","category-politique","tag-droite","tag-election","tag-juppe"],"yoast_head":"<!-- This site is optimized with the Yoast SEO Premium plugin v28.1 (Yoast SEO v28.1) - https:\/\/yoast.com\/product\/yoast-seo-premium-wordpress\/ -->\n<title>LE SUICIDE DE LA DROITE OU COMMENT EST-ON PASS\u00c9 DE JACQUES CHIRAC A \u00c9RIC CIOTTI\u00a0? L&#039;\u00e9trange d\u00e9faite d&#039;Alain Jupp\u00e9 - Episode 5 | Geopolitics.fr<\/title>\n<meta name=\"robots\" content=\"index, follow, max-snippet:-1, max-image-preview:large, max-video-preview:-1\" \/>\n<link rel=\"canonical\" href=\"https:\/\/www.geopolitics.fr\/en\/2024\/06\/05\/le-suicide-de-la-droite-ou-comment-est-on-passe-de-jacques-chirac-a-eric-ciotti-letrange-defaite-dalain-juppe-episode-5\/\" \/>\n<meta property=\"og:locale\" content=\"en_GB\" \/>\n<meta property=\"og:type\" content=\"article\" \/>\n<meta property=\"og:title\" content=\"LE SUICIDE DE LA DROITE OU COMMENT EST-ON PASS\u00c9 DE JACQUES CHIRAC A \u00c9RIC CIOTTI\u00a0? L&#039;\u00e9trange d\u00e9faite d&#039;Alain Jupp\u00e9 - Episode 5\" \/>\n<meta property=\"og:description\" content=\"R\u00e9cit de l&#039;&quot;\u00e9trange d\u00e9faite&quot; d&#039;Alain Jupp\u00e9, v\u00e9cu de l&#039;int\u00e9rieur de la campagne\" \/>\n<meta property=\"og:url\" content=\"https:\/\/www.geopolitics.fr\/en\/2024\/06\/05\/le-suicide-de-la-droite-ou-comment-est-on-passe-de-jacques-chirac-a-eric-ciotti-letrange-defaite-dalain-juppe-episode-5\/\" \/>\n<meta property=\"og:site_name\" content=\"Geopolitics.fr\" \/>\n<meta property=\"article:publisher\" content=\"https:\/\/www.facebook.com\/people\/Erwan-Davoux\/61557098968092\/\" \/>\n<meta property=\"article:author\" content=\"Erwan Davoux\" \/>\n<meta property=\"article:published_time\" content=\"2024-06-05T16:59:59+00:00\" \/>\n<meta property=\"article:modified_time\" content=\"2024-06-05T19:27:17+00:00\" \/>\n<meta property=\"og:image\" content=\"https:\/\/www.geopolitics.fr\/wp-content\/uploads\/2024\/06\/aj-photo.webp\" \/>\n\t<meta property=\"og:image:width\" content=\"980\" \/>\n\t<meta property=\"og:image:height\" content=\"551\" \/>\n\t<meta property=\"og:image:type\" content=\"image\/webp\" \/>\n<meta name=\"author\" content=\"Erwan Davoux\" \/>\n<meta name=\"twitter:card\" content=\"summary_large_image\" \/>\n<meta name=\"twitter:creator\" content=\"@erwandavoux @Geo_politicsfr\" \/>\n<meta name=\"twitter:site\" content=\"@Geopolitics_Fr\" \/>\n<meta name=\"twitter:label1\" content=\"Written by\" \/>\n\t<meta name=\"twitter:data1\" content=\"Erwan Davoux\" \/>\n\t<meta name=\"twitter:label2\" content=\"Estimated reading time\" \/>\n\t<meta name=\"twitter:data2\" content=\"11 minutes\" \/>\n<script type=\"application\/ld+json\" class=\"yoast-schema-graph\">{\"@context\":\"https:\\\/\\\/schema.org\",\"@graph\":[{\"@type\":\"Article\",\"@id\":\"https:\\\/\\\/www.geopolitics.fr\\\/2024\\\/06\\\/05\\\/le-suicide-de-la-droite-ou-comment-est-on-passe-de-jacques-chirac-a-eric-ciotti-letrange-defaite-dalain-juppe-episode-5\\\/#article\",\"isPartOf\":{\"@id\":\"https:\\\/\\\/www.geopolitics.fr\\\/2024\\\/06\\\/05\\\/le-suicide-de-la-droite-ou-comment-est-on-passe-de-jacques-chirac-a-eric-ciotti-letrange-defaite-dalain-juppe-episode-5\\\/\"},\"author\":{\"name\":\"Erwan Davoux\",\"@id\":\"https:\\\/\\\/www.geopolitics.fr\\\/#\\\/schema\\\/person\\\/a487273e91313e368925717400fa1b11\"},\"headline\":\"LE SUICIDE DE LA DROITE OU COMMENT EST-ON PASS\u00c9 DE JACQUES CHIRAC A \u00c9RIC CIOTTI\u00a0? L&rsquo;\u00e9trange d\u00e9faite d&rsquo;Alain Jupp\u00e9 &#8211; Episode 5\",\"datePublished\":\"2024-06-05T16:59:59+00:00\",\"dateModified\":\"2024-06-05T19:27:17+00:00\",\"mainEntityOfPage\":{\"@id\":\"https:\\\/\\\/www.geopolitics.fr\\\/2024\\\/06\\\/05\\\/le-suicide-de-la-droite-ou-comment-est-on-passe-de-jacques-chirac-a-eric-ciotti-letrange-defaite-dalain-juppe-episode-5\\\/\"},\"wordCount\":2353,\"commentCount\":0,\"publisher\":{\"@id\":\"https:\\\/\\\/www.geopolitics.fr\\\/#organization\"},\"image\":{\"@id\":\"https:\\\/\\\/www.geopolitics.fr\\\/2024\\\/06\\\/05\\\/le-suicide-de-la-droite-ou-comment-est-on-passe-de-jacques-chirac-a-eric-ciotti-letrange-defaite-dalain-juppe-episode-5\\\/#primaryimage\"},\"thumbnailUrl\":\"https:\\\/\\\/www.geopolitics.fr\\\/wp-content\\\/uploads\\\/2024\\\/06\\\/aj-photo.webp\",\"keywords\":[\"DROITE\",\"\u00e9lection\",\"jupp\u00e9\"],\"articleSection\":[\"Election\",\"Mis en AVANT\",\"Politique\"],\"inLanguage\":\"en-GB\"},{\"@type\":\"WebPage\",\"@id\":\"https:\\\/\\\/www.geopolitics.fr\\\/2024\\\/06\\\/05\\\/le-suicide-de-la-droite-ou-comment-est-on-passe-de-jacques-chirac-a-eric-ciotti-letrange-defaite-dalain-juppe-episode-5\\\/\",\"url\":\"https:\\\/\\\/www.geopolitics.fr\\\/2024\\\/06\\\/05\\\/le-suicide-de-la-droite-ou-comment-est-on-passe-de-jacques-chirac-a-eric-ciotti-letrange-defaite-dalain-juppe-episode-5\\\/\",\"name\":\"LE SUICIDE DE LA DROITE OU COMMENT EST-ON PASS\u00c9 DE JACQUES CHIRAC A \u00c9RIC CIOTTI\u00a0? L'\u00e9trange d\u00e9faite d'Alain Jupp\u00e9 - Episode 5 | Geopolitics.fr\",\"isPartOf\":{\"@id\":\"https:\\\/\\\/www.geopolitics.fr\\\/#website\"},\"primaryImageOfPage\":{\"@id\":\"https:\\\/\\\/www.geopolitics.fr\\\/2024\\\/06\\\/05\\\/le-suicide-de-la-droite-ou-comment-est-on-passe-de-jacques-chirac-a-eric-ciotti-letrange-defaite-dalain-juppe-episode-5\\\/#primaryimage\"},\"image\":{\"@id\":\"https:\\\/\\\/www.geopolitics.fr\\\/2024\\\/06\\\/05\\\/le-suicide-de-la-droite-ou-comment-est-on-passe-de-jacques-chirac-a-eric-ciotti-letrange-defaite-dalain-juppe-episode-5\\\/#primaryimage\"},\"thumbnailUrl\":\"https:\\\/\\\/www.geopolitics.fr\\\/wp-content\\\/uploads\\\/2024\\\/06\\\/aj-photo.webp\",\"datePublished\":\"2024-06-05T16:59:59+00:00\",\"dateModified\":\"2024-06-05T19:27:17+00:00\",\"breadcrumb\":{\"@id\":\"https:\\\/\\\/www.geopolitics.fr\\\/2024\\\/06\\\/05\\\/le-suicide-de-la-droite-ou-comment-est-on-passe-de-jacques-chirac-a-eric-ciotti-letrange-defaite-dalain-juppe-episode-5\\\/#breadcrumb\"},\"inLanguage\":\"en-GB\",\"potentialAction\":[{\"@type\":\"ReadAction\",\"target\":[\"https:\\\/\\\/www.geopolitics.fr\\\/2024\\\/06\\\/05\\\/le-suicide-de-la-droite-ou-comment-est-on-passe-de-jacques-chirac-a-eric-ciotti-letrange-defaite-dalain-juppe-episode-5\\\/\"]}]},{\"@type\":\"ImageObject\",\"inLanguage\":\"en-GB\",\"@id\":\"https:\\\/\\\/www.geopolitics.fr\\\/2024\\\/06\\\/05\\\/le-suicide-de-la-droite-ou-comment-est-on-passe-de-jacques-chirac-a-eric-ciotti-letrange-defaite-dalain-juppe-episode-5\\\/#primaryimage\",\"url\":\"https:\\\/\\\/www.geopolitics.fr\\\/wp-content\\\/uploads\\\/2024\\\/06\\\/aj-photo.webp\",\"contentUrl\":\"https:\\\/\\\/www.geopolitics.fr\\\/wp-content\\\/uploads\\\/2024\\\/06\\\/aj-photo.webp\",\"width\":980,\"height\":551},{\"@type\":\"BreadcrumbList\",\"@id\":\"https:\\\/\\\/www.geopolitics.fr\\\/2024\\\/06\\\/05\\\/le-suicide-de-la-droite-ou-comment-est-on-passe-de-jacques-chirac-a-eric-ciotti-letrange-defaite-dalain-juppe-episode-5\\\/#breadcrumb\",\"itemListElement\":[{\"@type\":\"ListItem\",\"position\":1,\"name\":\"Accueil\",\"item\":\"https:\\\/\\\/www.geopolitics.fr\\\/\"},{\"@type\":\"ListItem\",\"position\":2,\"name\":\"LE SUICIDE DE LA DROITE OU COMMENT EST-ON PASS\u00c9 DE JACQUES CHIRAC A \u00c9RIC CIOTTI\u00a0? L&#8217;\u00e9trange d\u00e9faite d&#8217;Alain Jupp\u00e9 &#8211; Episode 5\"}]},{\"@type\":\"WebSite\",\"@id\":\"https:\\\/\\\/www.geopolitics.fr\\\/#website\",\"url\":\"https:\\\/\\\/www.geopolitics.fr\\\/\",\"name\":\"Geopolitics.fr\",\"description\":\"Geopolitics.fr Analyse politique, relations internationales, d\u00e9fense - ligne \u00e9ditoriale gaullo-chiraquienne\",\"publisher\":{\"@id\":\"https:\\\/\\\/www.geopolitics.fr\\\/#organization\"},\"potentialAction\":[{\"@type\":\"SearchAction\",\"target\":{\"@type\":\"EntryPoint\",\"urlTemplate\":\"https:\\\/\\\/www.geopolitics.fr\\\/?s={search_term_string}\"},\"query-input\":{\"@type\":\"PropertyValueSpecification\",\"valueRequired\":true,\"valueName\":\"search_term_string\"}}],\"inLanguage\":\"en-GB\"},{\"@type\":\"Organization\",\"@id\":\"https:\\\/\\\/www.geopolitics.fr\\\/#organization\",\"name\":\"Geopolitics.fr\",\"url\":\"https:\\\/\\\/www.geopolitics.fr\\\/\",\"logo\":{\"@type\":\"ImageObject\",\"inLanguage\":\"en-GB\",\"@id\":\"https:\\\/\\\/www.geopolitics.fr\\\/#\\\/schema\\\/logo\\\/image\\\/\",\"url\":\"https:\\\/\\\/www.geopolitics.fr\\\/wp-content\\\/uploads\\\/2024\\\/01\\\/logo.jpg\",\"contentUrl\":\"https:\\\/\\\/www.geopolitics.fr\\\/wp-content\\\/uploads\\\/2024\\\/01\\\/logo.jpg\",\"width\":500,\"height\":500,\"caption\":\"Geopolitics.fr\"},\"image\":{\"@id\":\"https:\\\/\\\/www.geopolitics.fr\\\/#\\\/schema\\\/logo\\\/image\\\/\"},\"sameAs\":[\"https:\\\/\\\/www.facebook.com\\\/people\\\/Erwan-Davoux\\\/61557098968092\\\/\",\"https:\\\/\\\/x.com\\\/Geopolitics_Fr\"]},{\"@type\":\"Person\",\"@id\":\"https:\\\/\\\/www.geopolitics.fr\\\/#\\\/schema\\\/person\\\/a487273e91313e368925717400fa1b11\",\"name\":\"Erwan Davoux\",\"image\":{\"@type\":\"ImageObject\",\"inLanguage\":\"en-GB\",\"@id\":\"https:\\\/\\\/www.geopolitics.fr\\\/wp-content\\\/uploads\\\/2026\\\/05\\\/moi-96x96.jpg\",\"url\":\"https:\\\/\\\/www.geopolitics.fr\\\/wp-content\\\/uploads\\\/2026\\\/05\\\/moi-96x96.jpg\",\"contentUrl\":\"https:\\\/\\\/www.geopolitics.fr\\\/wp-content\\\/uploads\\\/2026\\\/05\\\/moi-96x96.jpg\",\"caption\":\"Erwan Davoux\"},\"description\":\"Erwan DAVOUX est Pr\u00e9sident de LMD CONSEIL, (conseil strat\u00e9gique, intelligence \u00e9conomique, risque g\u00e9opolitique, influence politique, diplomatie \u00e9conomique). Dipl\u00f4m\u00e9 de l'IEP de Paris et de l'INALCO (d\u00e9partement d'\u00e9tudes arabes), il est directeur de la publication de geopolitics.fr. Ancien fonctionnaire au Minist\u00e8re de l'Int\u00e9rieur et de la D\u00e9fense (DGSE) Ancien charg\u00e9 de Mission \u00e0 la Pr\u00e9sidence de la R\u00e9publique (cellule diplomatique) Conseil de nombreuses personnalit\u00e9s politiques \u00e0 l'International (dont deux anciens Premiers ministres).\",\"sameAs\":[\"Erwan Davoux\",\"@erwandavoux\",\"https:\\\/\\\/www.linkedin.com\\\/in\\\/erwan-davoux-6800b289\\\/\",\"https:\\\/\\\/x.com\\\/@erwandavoux @Geo_politicsfr\"],\"url\":\"https:\\\/\\\/www.geopolitics.fr\\\/en\\\/author\\\/erwan-davoux\\\/\"}]}<\/script>\n<!-- \/ Yoast SEO Premium plugin. -->","yoast_head_json":{"title":"LE SUICIDE DE LA DROITE OU COMMENT EST-ON PASS\u00c9 DE JACQUES CHIRAC A \u00c9RIC CIOTTI\u00a0? L'\u00e9trange d\u00e9faite d'Alain Jupp\u00e9 - Episode 5 | Geopolitics.fr","robots":{"index":"index","follow":"follow","max-snippet":"max-snippet:-1","max-image-preview":"max-image-preview:large","max-video-preview":"max-video-preview:-1"},"canonical":"https:\/\/www.geopolitics.fr\/en\/2024\/06\/05\/le-suicide-de-la-droite-ou-comment-est-on-passe-de-jacques-chirac-a-eric-ciotti-letrange-defaite-dalain-juppe-episode-5\/","og_locale":"en_GB","og_type":"article","og_title":"LE SUICIDE DE LA DROITE OU COMMENT EST-ON PASS\u00c9 DE JACQUES CHIRAC A \u00c9RIC CIOTTI\u00a0? L'\u00e9trange d\u00e9faite d'Alain Jupp\u00e9 - Episode 5","og_description":"R\u00e9cit de l'\"\u00e9trange d\u00e9faite\" d'Alain Jupp\u00e9, v\u00e9cu de l'int\u00e9rieur de la campagne","og_url":"https:\/\/www.geopolitics.fr\/en\/2024\/06\/05\/le-suicide-de-la-droite-ou-comment-est-on-passe-de-jacques-chirac-a-eric-ciotti-letrange-defaite-dalain-juppe-episode-5\/","og_site_name":"Geopolitics.fr","article_publisher":"https:\/\/www.facebook.com\/people\/Erwan-Davoux\/61557098968092\/","article_author":"Erwan Davoux","article_published_time":"2024-06-05T16:59:59+00:00","article_modified_time":"2024-06-05T19:27:17+00:00","og_image":[{"width":980,"height":551,"url":"https:\/\/www.geopolitics.fr\/wp-content\/uploads\/2024\/06\/aj-photo.webp","type":"image\/webp"}],"author":"Erwan Davoux","twitter_card":"summary_large_image","twitter_creator":"@erwandavoux @Geo_politicsfr","twitter_site":"@Geopolitics_Fr","twitter_misc":{"Written by":"Erwan Davoux","Estimated reading time":"11 minutes"},"schema":{"@context":"https:\/\/schema.org","@graph":[{"@type":"Article","@id":"https:\/\/www.geopolitics.fr\/2024\/06\/05\/le-suicide-de-la-droite-ou-comment-est-on-passe-de-jacques-chirac-a-eric-ciotti-letrange-defaite-dalain-juppe-episode-5\/#article","isPartOf":{"@id":"https:\/\/www.geopolitics.fr\/2024\/06\/05\/le-suicide-de-la-droite-ou-comment-est-on-passe-de-jacques-chirac-a-eric-ciotti-letrange-defaite-dalain-juppe-episode-5\/"},"author":{"name":"Erwan Davoux","@id":"https:\/\/www.geopolitics.fr\/#\/schema\/person\/a487273e91313e368925717400fa1b11"},"headline":"LE SUICIDE DE LA DROITE OU COMMENT EST-ON PASS\u00c9 DE JACQUES CHIRAC A \u00c9RIC CIOTTI\u00a0? L&rsquo;\u00e9trange d\u00e9faite d&rsquo;Alain Jupp\u00e9 &#8211; Episode 5","datePublished":"2024-06-05T16:59:59+00:00","dateModified":"2024-06-05T19:27:17+00:00","mainEntityOfPage":{"@id":"https:\/\/www.geopolitics.fr\/2024\/06\/05\/le-suicide-de-la-droite-ou-comment-est-on-passe-de-jacques-chirac-a-eric-ciotti-letrange-defaite-dalain-juppe-episode-5\/"},"wordCount":2353,"commentCount":0,"publisher":{"@id":"https:\/\/www.geopolitics.fr\/#organization"},"image":{"@id":"https:\/\/www.geopolitics.fr\/2024\/06\/05\/le-suicide-de-la-droite-ou-comment-est-on-passe-de-jacques-chirac-a-eric-ciotti-letrange-defaite-dalain-juppe-episode-5\/#primaryimage"},"thumbnailUrl":"https:\/\/www.geopolitics.fr\/wp-content\/uploads\/2024\/06\/aj-photo.webp","keywords":["DROITE","\u00e9lection","jupp\u00e9"],"articleSection":["Election","Mis en AVANT","Politique"],"inLanguage":"en-GB"},{"@type":"WebPage","@id":"https:\/\/www.geopolitics.fr\/2024\/06\/05\/le-suicide-de-la-droite-ou-comment-est-on-passe-de-jacques-chirac-a-eric-ciotti-letrange-defaite-dalain-juppe-episode-5\/","url":"https:\/\/www.geopolitics.fr\/2024\/06\/05\/le-suicide-de-la-droite-ou-comment-est-on-passe-de-jacques-chirac-a-eric-ciotti-letrange-defaite-dalain-juppe-episode-5\/","name":"LE SUICIDE DE LA DROITE OU COMMENT EST-ON PASS\u00c9 DE JACQUES CHIRAC A \u00c9RIC CIOTTI\u00a0? L'\u00e9trange d\u00e9faite d'Alain Jupp\u00e9 - Episode 5 | Geopolitics.fr","isPartOf":{"@id":"https:\/\/www.geopolitics.fr\/#website"},"primaryImageOfPage":{"@id":"https:\/\/www.geopolitics.fr\/2024\/06\/05\/le-suicide-de-la-droite-ou-comment-est-on-passe-de-jacques-chirac-a-eric-ciotti-letrange-defaite-dalain-juppe-episode-5\/#primaryimage"},"image":{"@id":"https:\/\/www.geopolitics.fr\/2024\/06\/05\/le-suicide-de-la-droite-ou-comment-est-on-passe-de-jacques-chirac-a-eric-ciotti-letrange-defaite-dalain-juppe-episode-5\/#primaryimage"},"thumbnailUrl":"https:\/\/www.geopolitics.fr\/wp-content\/uploads\/2024\/06\/aj-photo.webp","datePublished":"2024-06-05T16:59:59+00:00","dateModified":"2024-06-05T19:27:17+00:00","breadcrumb":{"@id":"https:\/\/www.geopolitics.fr\/2024\/06\/05\/le-suicide-de-la-droite-ou-comment-est-on-passe-de-jacques-chirac-a-eric-ciotti-letrange-defaite-dalain-juppe-episode-5\/#breadcrumb"},"inLanguage":"en-GB","potentialAction":[{"@type":"ReadAction","target":["https:\/\/www.geopolitics.fr\/2024\/06\/05\/le-suicide-de-la-droite-ou-comment-est-on-passe-de-jacques-chirac-a-eric-ciotti-letrange-defaite-dalain-juppe-episode-5\/"]}]},{"@type":"ImageObject","inLanguage":"en-GB","@id":"https:\/\/www.geopolitics.fr\/2024\/06\/05\/le-suicide-de-la-droite-ou-comment-est-on-passe-de-jacques-chirac-a-eric-ciotti-letrange-defaite-dalain-juppe-episode-5\/#primaryimage","url":"https:\/\/www.geopolitics.fr\/wp-content\/uploads\/2024\/06\/aj-photo.webp","contentUrl":"https:\/\/www.geopolitics.fr\/wp-content\/uploads\/2024\/06\/aj-photo.webp","width":980,"height":551},{"@type":"BreadcrumbList","@id":"https:\/\/www.geopolitics.fr\/2024\/06\/05\/le-suicide-de-la-droite-ou-comment-est-on-passe-de-jacques-chirac-a-eric-ciotti-letrange-defaite-dalain-juppe-episode-5\/#breadcrumb","itemListElement":[{"@type":"ListItem","position":1,"name":"Accueil","item":"https:\/\/www.geopolitics.fr\/"},{"@type":"ListItem","position":2,"name":"LE SUICIDE DE LA DROITE OU COMMENT EST-ON PASS\u00c9 DE JACQUES CHIRAC A \u00c9RIC CIOTTI\u00a0? L&#8217;\u00e9trange d\u00e9faite d&#8217;Alain Jupp\u00e9 &#8211; Episode 5"}]},{"@type":"WebSite","@id":"https:\/\/www.geopolitics.fr\/#website","url":"https:\/\/www.geopolitics.fr\/","name":"Geopolitics.fr","description":"Geopolitics.fr Analyse politique, relations internationales, d\u00e9fense - ligne \u00e9ditoriale gaullo-chiraquienne","publisher":{"@id":"https:\/\/www.geopolitics.fr\/#organization"},"potentialAction":[{"@type":"SearchAction","target":{"@type":"EntryPoint","urlTemplate":"https:\/\/www.geopolitics.fr\/?s={search_term_string}"},"query-input":{"@type":"PropertyValueSpecification","valueRequired":true,"valueName":"search_term_string"}}],"inLanguage":"en-GB"},{"@type":"Organization","@id":"https:\/\/www.geopolitics.fr\/#organization","name":"Geopolitics.fr","url":"https:\/\/www.geopolitics.fr\/","logo":{"@type":"ImageObject","inLanguage":"en-GB","@id":"https:\/\/www.geopolitics.fr\/#\/schema\/logo\/image\/","url":"https:\/\/www.geopolitics.fr\/wp-content\/uploads\/2024\/01\/logo.jpg","contentUrl":"https:\/\/www.geopolitics.fr\/wp-content\/uploads\/2024\/01\/logo.jpg","width":500,"height":500,"caption":"Geopolitics.fr"},"image":{"@id":"https:\/\/www.geopolitics.fr\/#\/schema\/logo\/image\/"},"sameAs":["https:\/\/www.facebook.com\/people\/Erwan-Davoux\/61557098968092\/","https:\/\/x.com\/Geopolitics_Fr"]},{"@type":"Person","@id":"https:\/\/www.geopolitics.fr\/#\/schema\/person\/a487273e91313e368925717400fa1b11","name":"Erwan Davoux","image":{"@type":"ImageObject","inLanguage":"en-GB","@id":"https:\/\/www.geopolitics.fr\/wp-content\/uploads\/2026\/05\/moi-96x96.jpg","url":"https:\/\/www.geopolitics.fr\/wp-content\/uploads\/2026\/05\/moi-96x96.jpg","contentUrl":"https:\/\/www.geopolitics.fr\/wp-content\/uploads\/2026\/05\/moi-96x96.jpg","caption":"Erwan Davoux"},"description":"Erwan DAVOUX est Pr\u00e9sident de LMD CONSEIL, (conseil strat\u00e9gique, intelligence \u00e9conomique, risque g\u00e9opolitique, influence politique, diplomatie \u00e9conomique). Dipl\u00f4m\u00e9 de l'IEP de Paris et de l'INALCO (d\u00e9partement d'\u00e9tudes arabes), il est directeur de la publication de geopolitics.fr. Ancien fonctionnaire au Minist\u00e8re de l'Int\u00e9rieur et de la D\u00e9fense (DGSE) Ancien charg\u00e9 de Mission \u00e0 la Pr\u00e9sidence de la R\u00e9publique (cellule diplomatique) Conseil de nombreuses personnalit\u00e9s politiques \u00e0 l'International (dont deux anciens Premiers ministres).","sameAs":["Erwan Davoux","@erwandavoux","https:\/\/www.linkedin.com\/in\/erwan-davoux-6800b289\/","https:\/\/x.com\/@erwandavoux @Geo_politicsfr"],"url":"https:\/\/www.geopolitics.fr\/en\/author\/erwan-davoux\/"}]}},"_links":{"self":[{"href":"https:\/\/www.geopolitics.fr\/en\/wp-json\/wp\/v2\/posts\/2832","targetHints":{"allow":["GET"]}}],"collection":[{"href":"https:\/\/www.geopolitics.fr\/en\/wp-json\/wp\/v2\/posts"}],"about":[{"href":"https:\/\/www.geopolitics.fr\/en\/wp-json\/wp\/v2\/types\/post"}],"author":[{"embeddable":true,"href":"https:\/\/www.geopolitics.fr\/en\/wp-json\/wp\/v2\/users\/16"}],"replies":[{"embeddable":true,"href":"https:\/\/www.geopolitics.fr\/en\/wp-json\/wp\/v2\/comments?post=2832"}],"version-history":[{"count":0,"href":"https:\/\/www.geopolitics.fr\/en\/wp-json\/wp\/v2\/posts\/2832\/revisions"}],"wp:featuredmedia":[{"embeddable":true,"href":"https:\/\/www.geopolitics.fr\/en\/wp-json\/wp\/v2\/media\/2835"}],"wp:attachment":[{"href":"https:\/\/www.geopolitics.fr\/en\/wp-json\/wp\/v2\/media?parent=2832"}],"wp:term":[{"taxonomy":"category","embeddable":true,"href":"https:\/\/www.geopolitics.fr\/en\/wp-json\/wp\/v2\/categories?post=2832"},{"taxonomy":"post_tag","embeddable":true,"href":"https:\/\/www.geopolitics.fr\/en\/wp-json\/wp\/v2\/tags?post=2832"}],"curies":[{"name":"wp","href":"https:\/\/api.w.org\/{rel}","templated":true}]}}