{"id":2767,"date":"2024-05-30T18:45:32","date_gmt":"2024-05-30T16:45:32","guid":{"rendered":"https:\/\/www.geopolitics.fr\/?p=2767"},"modified":"2024-06-06T18:42:28","modified_gmt":"2024-06-06T16:42:28","slug":"lourde-defaite-de-nicolas-sarkozy-a-la-primaire","status":"publish","type":"post","link":"https:\/\/www.geopolitics.fr\/en\/2024\/05\/30\/lourde-defaite-de-nicolas-sarkozy-a-la-primaire\/","title":{"rendered":"Petite histoire du suicide de la droite o\u00f9 comment est-on pass\u00e9 de Jacques Chirac \u00e0 Eric Ciotti ?"},"content":{"rendered":"<p class=\"has-medium-font-size wp-block-paragraph\">Episode 4 : <strong>LE RETOUR TOTALEMENT RAT\u00c9 DE LA ROCK STAR SARKOZY<\/strong><\/p>\n\n\n\n<h2 class=\"wp-block-heading\" id=\"h-un-faux-depart\">Un faux d\u00e9part<\/h2>\n\n\n\n<p class=\"has-medium-font-size wp-block-paragraph\">Dans le discours cons\u00e9cutif \u00e0 sa d\u00e9faite \u00e0 la pr\u00e9sidentielle, le 6 mai 2012, le ton de Nicolas Sarkozy est assur\u00e9ment pr\u00e9sidentiel, \u00e0 la hauteur de la fonction qu\u2019il a occup\u00e9e. La nostalgie envahit d\u00e9j\u00e0 ses supporters. <strong>Il se retire avec dignit\u00e9.<\/strong><\/p>\n\n\n\n<p class=\"has-medium-font-size wp-block-paragraph\"><strong>Malheureusement, les ann\u00e9es qui suivirent d\u00e9montr\u00e8rent qu\u2019il n\u2019avait en rien renonc\u00e9 \u00e0 revenir dans la vie politique active. Comme Val\u00e9ry Giscard d\u2019Estaing, reconqu\u00e9rir l\u2019Elys\u00e9e n\u2019a jamais abandonn\u00e9 son esprit. Mais contrairement \u00e0 ce dernier, il est pr\u00eat \u00e0 forcer les choses, \u00e0 d\u00e9faut d\u2019une r\u00e9elle fen\u00eatre d\u2019opportunit\u00e9.<\/strong><\/p>\n\n\n\n<p class=\"has-medium-font-size wp-block-paragraph\">Nicolas Sarkozy y met des conditions\u00a0: que les Fran\u00e7ais le rappellent, manifestent leur envie\u00a0; cela ne se produira pas. Que la droite fran\u00e7aise r\u00e9clame son retour \u00e0 cor et \u00e0 cri\u00a0; cela n\u2019arrivera pas. Quels les sympathisants de l\u2019UMP exigent son retour\u00a0; rien non plus. <strong>En r\u00e9alit\u00e9, seule une partie des adh\u00e9rents\/militants veulent de son retour<\/strong>.<\/p>\n\n\n\n<h2 class=\"wp-block-heading\" id=\"h-un-retour-aux-forceps\">Un retour aux forceps<\/h2>\n\n\n\n<p class=\"has-medium-font-size wp-block-paragraph\">C\u2019est sur cette base extr\u00eamement fragile que Nicolas Sarkozy annonce son retour dans la vie politique, le 19 septembre 2014. Alain Jupp\u00e9 a annonc\u00e9, lui, le 20 ao\u00fbt sa candidature aux Primaires. <strong>Un choc entre deux g\u00e9ants se profile donc. Nicolas Sarkozy, choisit, comme premi\u00e8re \u00e9tape, la reconqu\u00eate du parti. Le sort de la droite est scell\u00e9.<\/strong> La Primaire de la droite et du centre va prendre le caract\u00e8re d\u2019une foire d\u2019empoigne. <\/p>\n\n\n\n<p class=\"has-medium-font-size wp-block-paragraph\">La bataille pour la pr\u00e9sidence de l\u2019UMP se joue \u00e0 l\u2019automne 2014. Seuls les adh\u00e9rents (268\u00a0000 leur nombre a chut\u00e9 de 50\u00a0000 par rapport \u00e0 la m\u00eame \u00e9lection en 2012) prennent part au vote. Sans surprise, Nicolas Sarkozy est \u00e9lu d\u00e8s le premier tour. <strong>N\u00e9anmoins son score l\u00e9g\u00e8rement inf\u00e9rieur \u00e0 65% et la belle perc\u00e9e de Bruno Le Maire (plus de 29% des voix) d\u00e9montrent d\u2019embl\u00e9e que le retour de Nicolas Sarkozy s\u2019est fait aux forceps, tr\u00e8s loin du pl\u00e9biscite qu\u2019il esp\u00e9rait<\/strong>. Les figures de la sarkozie sont de retour au parti. N\u00e9anmoins, un changement significatif est \u00e0 noter\u00a0: Fr\u00e9deric Lefebvre l\u2019ancien conseiller politique est devenu un adversaire, et, son rempla\u00e7ant, Eric Challe est au moins une division en dessous.<\/p>\n\n\n\n<p class=\"has-medium-font-size wp-block-paragraph\">D\u2019un point de vue personnel, je ne peux rester \u00e0 l\u2019UMP. Apr\u00e8s avoir d\u00e9missionn\u00e9 de la fonction publique, je me r\u00e9sous \u00e0 demander une rupture conventionnelle sans trop savoir de quoi sera fait l\u2019avenir. En effet, d\u00e8s lors qu\u2019Alain Jupp\u00e9 est candidat, il est hors de question pour le chiraquien que je suis de faire un autre choix. Je n\u00e9gocie ma rupture conventionnelle avec Fr\u00e9d\u00e9ric P\u00e9chenard, nouveau Directeur G\u00e9n\u00e9ral de l\u2019UMP. Je le connais et l\u2019appr\u00e9cie. Son pr\u00e9d\u00e9cesseur ne laissera pas un souvenir imp\u00e9rissable au parti, c\u2019est le moins que l\u2019on puisse dire. Il sera remerci\u00e9 en 5 mn par Nicolas Sarkozy.<\/p>\n\n\n\n<p class=\"has-medium-font-size wp-block-paragraph\">Je vais donc participer \u00e0 cette primaire mais en adversaire de Nicolas Sarkozy. Sans aucune acrimonie mais persuad\u00e9 qu\u2019il est grand temps pour la droite fran\u00e7aise de revenir aux fondamentaux gaullo-chiraquiens.<\/p>\n\n\n\n<h2 class=\"wp-block-heading\" id=\"h-chef-d-un-parti-en-deliquescence\">Chef d\u2019un parti en d\u00e9liquescence<\/h2>\n\n\n\n<p class=\"has-medium-font-size wp-block-paragraph\">L\u2019UMP une marque associ\u00e9e \u00e0 de nombreuses victoire devient \u00ab\u00a0Les R\u00e9publicains\u00a0\u00bb, un changement de nom qui ne s\u2019imposait pas. \u00ab\u00a0Les R\u00e9publicains\u00a0\u00bb subiront un long cycle de d\u00e9faites \u00e9lectorales qui n\u2019a pas pris fin.<\/p>\n\n\n\n<p class=\"has-medium-font-size wp-block-paragraph\"><strong>Mais, sans surprise, Nicolas Sarkozy n\u2019a aucune intention de s\u2019impliquer vraiment dans la vie interne du parti et la construction d\u2019une nouvelle matrice intellectuelle. Ce qui lui faisait envie et \u00e0 quoi il s\u2019\u00e9tait appliqu\u00e9 en 2004-2005, ne le motive logiquement plus.<\/strong><\/p>\n\n\n\n<p class=\"has-medium-font-size wp-block-paragraph\">Toutefois, cette position de chef de parti, qu&rsquo;il occupe pendant la majeure partie des Primaires, est discutable et <strong>lui donne un certain avantage sur ses concurrents.<\/strong> Un atout de taille au moins : <strong>il a la haute main sur la Commission Nationale d&rsquo;Investiture confi\u00e9e \u00e0 l&rsquo;un de ses tr\u00e8s proches : Christian Estrosi. <\/strong>Il dispose ainsi d&rsquo;un moyen de pression sur les futurs candidats aux l\u00e9gislatives, contraints de montrer patte blanche \u00e0 moins d&rsquo;\u00eatre solidement identifi\u00e9s. De mani\u00e8re g\u00e9n\u00e9rale, le r\u00e9seau d&rsquo;\u00e9lus se mobilise LR en sa faveur. <strong>La direction de campagne d&rsquo;Alain Jupp\u00e9 d\u00e9laisse le parti. Ce fut une grossi\u00e8re erreur.<\/strong><\/p>\n\n\n\n<h2 class=\"wp-block-heading\" id=\"h-une-tentative-de-reediter-la-campagne-de-2007-mais-sans-l-atout-de-la-nouveaute\">Une tentative de r\u00e9\u00e9diter la campagne de 2007 mais sans l\u2019atout de la nouveaut\u00e9<\/h2>\n\n\n\n<p class=\"has-medium-font-size wp-block-paragraph\"><strong>Nicolas Sarkozy m\u00e8ne la campagne tambour battant avec l\u2019\u00e9nergie qu\u2019on lui connait. L\u2019objectif est de marquer le contraste avec Alain Jupp\u00e9, plus \u00e2g\u00e9, plus nuanc\u00e9. L\u2019id\u00e9e est d\u2019opposer la b\u00eate politique \u00e0 un technocrate \u00e2g\u00e9. <\/strong>Il n\u2019aura cess\u00e9 durant cette campagne de \u00ab\u00a0cogner\u00a0\u00bb sur Alain Jupp\u00e9 sans que ce dernier ne r\u00e9torque suffisamment, \u00e0 mon go\u00fbt. <strong>Ce faisant, il fera la courte \u00e9chelle \u00e0 Fran\u00e7ois Fillon <\/strong>qui aura travers\u00e9 le primaire indemne, et qui ne se privera pas lui d\u2019ass\u00e9ner des coups percutants. Ainsi, le 28 ao\u00fbt 2016, l&rsquo;ancien Premier ministre d\u00e9clara \u00ab\u00a0Imagine-ton un seul instant le G\u00e9n\u00e9ral de Gaulle mis en examen\u00a0\u00bb\u00a0? Aux psychiatres d\u2019analyser ce qui se passa alors dans l\u2019esprit du futur vainqueur de la primaire\u2026 <strong>En effet pour parachever le tout, Nicolas Sarkozy est rattrap\u00e9 par l\u2019\u00ab\u00a0affaire Bygmalion\u00a0\u00bb, instrumentalis\u00e9e \u00e0 ses d\u00e9buts pour faire tomber Cop\u00e9.<\/strong><\/p>\n\n\n\n<p class=\"has-medium-font-size wp-block-paragraph\">Sans surprise, Nicolas Sarkozy fera du Nicolas Sarkozy durant toute la campagne. <strong>Les th\u00e8mes de campagne de 2007 sont ressortis de la naphtaline et durcis pour tenter, une fois de plus, sans succ\u00e8s, de contrecarrer l\u2019ascension du FN.<\/strong> L\u2019effet nouveaut\u00e9 de 2007 n\u2019op\u00e8re plus. <strong>Depuis Nicolas Sarkozy a un bilan, un passif diront certains qui affaiblit consid\u00e9rablement la force et la cr\u00e9dibilit\u00e9 de ses propos. <\/strong><\/p>\n\n\n\n<p class=\"has-medium-font-size wp-block-paragraph\"><strong>Sarkozy n\u2019a pas r\u00e9ussi \u00e0 gommer l\u2019image de son d\u00e9but de quinquennat qui lui colle \u00e0 la peau\u00a0<\/strong>: l\u2019homme du Fouquet\u2019s, l\u2019homme du yacht de Bollor\u00e9\u2026 \u00ab\u00a0La France pour la vie\u00a0\u00bb qu\u2019il publie en janvier 2016 a vocation \u00e0 gommer ces erreurs. <strong>Mais il est trop tard et le personnage Sarkozy bien ancr\u00e9 dans l\u2019esprit des Fran\u00e7ais avec ses qualit\u00e9s\u2026Mais surtout ses d\u00e9fauts. Le clivage permanent<\/strong>. La \u00ab\u00a0double portion de frites\u00a0\u00bb dans les cantines lorsque du porc est servi sera le r\u00e9v\u00e9lateur d\u2019une campagne populiste et rat\u00e9e.<\/p>\n\n\n\n<h2 class=\"wp-block-heading\" id=\"h-la-magie-n-opere-plus\">La magie n\u2019op\u00e8re plus<\/h2>\n\n\n\n<p class=\"has-medium-font-size wp-block-paragraph\"><strong>Le charme, la fascination n\u2019op\u00e8rent plus.<\/strong> En tant que responsable LR de la 9<sup>\u00e8me<\/sup> circonscription des Fran\u00e7ais de l\u2019\u00e9tranger (o\u00f9 je m\u2019appr\u00eate \u00e0 \u00eatre candidat), je suis charg\u00e9 d\u2019organiser, \u00e0 la h\u00e2te, un meeting pour Nicolas Sarkozy (moi qui suis dans l\u2019\u00e9quipe de campagne d\u2019Alain Jupp\u00e9). Je le fais par respect pour l\u2019homme et parce que contrairement \u00e0 d\u2019autres, je ne pense pas qu\u2019il soit judicieux de n\u00e9gliger le parti, dans une Primaire de la droite et du centre. Les R\u00e9publicains, \u00e0 l\u2019\u00e9tranger sont en \u00e9tat de d\u00e9liquescence depuis la nomination du s\u00e9nateur Frassa \u00e0 la t\u00eate de la F\u00e9d\u00e9ration des Fran\u00e7ais \u00e9tablis hors-de-France. La t\u00e2che est ardue mais la salle est pleine. <strong>Et je constate que dans un pays qui lui para\u00eet acquis et o\u00f9 il reste en th\u00e9orie tr\u00e8s populaire, l\u2019ambiance est glaciale. Quelques applaudissements polis, aucune ferveur\u2026<\/strong><\/p>\n\n\n\n<p class=\"has-medium-font-size wp-block-paragraph\">Les trois d\u00e9bats t\u00e9l\u00e9vis\u00e9s entre les candidats \u00e0 la Primaire ne lui permettent pas de marquer des points. Il n\u2019\u00e9tonne pas, ne sort pas du lot. <strong>Il assume une ligne suicidaire jusqu\u2019au bout\u00a0: reprendre sans cesse les th\u00e8mes du FN tout en le stigmatisant et en d\u00e9nigrant les populistes.<\/strong><\/p>\n\n\n\n<h2 class=\"wp-block-heading\" id=\"h-une-sortie-par-la-petite-porte\">Une sortie par la petite porte<\/h2>\n\n\n\n<p class=\"has-medium-font-size wp-block-paragraph\"><strong>Il est peu de dire que la faiblesse du score (20,6%) de Nicolas Sarkozy est un choc<\/strong>. Il n\u2019a, finalement, r\u00e9ussi \u00e0 convaincre que le noyau dur des militants et des adh\u00e9rents dans un corps \u00e9lectoral o\u00f9 ils sont largement minoritaires. Cela signifie la fin d\u00e9finitive, \u00e0 son corps d\u00e9fendant, de la vie politique active. Mais pas de toute influence.<\/p>\n\n\n\n<p class=\"has-medium-font-size wp-block-paragraph\"><strong>Il choisit de voler au secours de la victoire pour ce second tour de la primaire en apportant son soutien \u00e0 Fran\u00e7ois Fillon <\/strong>dont le score \u00e9tonnement \u00e9lev\u00e9 ne laisse planer aucun doute sur l\u2019issue du scrutin. <strong>Le choix peut para\u00eetre logique car l\u2019int\u00e9ress\u00e9 fut son Premier ministre pendant cinq ann\u00e9es. N\u00e9anmoins, les contentieux se sont accumul\u00e9s entre les deux hommes et le camp Fillon n\u2019a pas m\u00e9nag\u00e9 Nicolas Sarkozy<\/strong>, contrairement \u00e0 celui d&rsquo;Alain Jupp\u00e9. <strong>C\u2019est donc surtout un choix d\u2019opportunit\u00e9 que fait Nicolas Sarkozy.<\/strong> L\u2019horizon judiciaire semble bien charg\u00e9, mieux vaut \u00eatre du c\u00f4t\u00e9 du futur Pr\u00e9sident de la R\u00e9publique que de celui qui sera le perdant malheureux de la Primaire.<\/p>","protected":false},"excerpt":{"rendered":"<p>R\u00e9cit de la lourde d\u00e9faite de Nicolas Sarkozy \u00e0 la Primaire de la droite et du centre.<\/p>","protected":false},"author":16,"featured_media":2768,"comment_status":"open","ping_status":"open","sticky":false,"template":"","format":"standard","meta":{"_lmt_disableupdate":"","_lmt_disable":"","footnotes":""},"categories":[40,3],"tags":[262,274,120],"class_list":["post-2767","post","type-post","status-publish","format-standard","has-post-thumbnail","hentry","category-election","category-politique","tag-droite","tag-primaires","tag-sarkozy"],"yoast_head":"<!-- This site is optimized with the Yoast SEO Premium plugin v28.1 (Yoast SEO v28.1) - https:\/\/yoast.com\/product\/yoast-seo-premium-wordpress\/ -->\n<title>Petite histoire du suicide de la droite o\u00f9 comment est-on pass\u00e9 de Jacques Chirac \u00e0 Eric Ciotti ? | Geopolitics.fr<\/title>\n<meta name=\"description\" content=\"Le retour aux forceps de Nicolas Sarkozy dans la vie politique est un \u00e9chec. Il subit une lourde d\u00e9faite lors de la Primaire de la droite %\" \/>\n<meta name=\"robots\" content=\"index, follow, max-snippet:-1, max-image-preview:large, max-video-preview:-1\" \/>\n<link rel=\"canonical\" href=\"https:\/\/www.geopolitics.fr\/en\/2024\/05\/30\/lourde-defaite-de-nicolas-sarkozy-a-la-primaire\/\" \/>\n<meta property=\"og:locale\" content=\"en_GB\" \/>\n<meta property=\"og:type\" content=\"article\" \/>\n<meta property=\"og:title\" content=\"Petite histoire du suicide de la droite o\u00f9 comment est-on pass\u00e9 de Jacques Chirac \u00e0 Eric Ciotti ?\" \/>\n<meta property=\"og:description\" content=\"Le retour aux forceps de Nicolas Sarkozy dans la vie politique est un \u00e9chec. Il subit une lourde d\u00e9faite lors de la Primaire de la droite %\" \/>\n<meta property=\"og:url\" content=\"https:\/\/www.geopolitics.fr\/en\/2024\/05\/30\/lourde-defaite-de-nicolas-sarkozy-a-la-primaire\/\" \/>\n<meta property=\"og:site_name\" content=\"Geopolitics.fr\" \/>\n<meta property=\"article:publisher\" content=\"https:\/\/www.facebook.com\/people\/Erwan-Davoux\/61557098968092\/\" \/>\n<meta property=\"article:author\" content=\"Erwan Davoux\" \/>\n<meta property=\"article:published_time\" content=\"2024-05-30T16:45:32+00:00\" \/>\n<meta property=\"article:modified_time\" content=\"2024-06-06T16:42:28+00:00\" \/>\n<meta property=\"og:image\" content=\"https:\/\/www.geopolitics.fr\/wp-content\/uploads\/2024\/05\/sarko-photo.webp\" \/>\n\t<meta property=\"og:image:width\" content=\"520\" \/>\n\t<meta property=\"og:image:height\" content=\"346\" \/>\n\t<meta property=\"og:image:type\" content=\"image\/webp\" \/>\n<meta name=\"author\" content=\"Erwan Davoux\" \/>\n<meta name=\"twitter:card\" content=\"summary_large_image\" \/>\n<meta name=\"twitter:creator\" content=\"@erwandavoux @Geo_politicsfr\" \/>\n<meta name=\"twitter:site\" content=\"@Geopolitics_Fr\" \/>\n<meta name=\"twitter:label1\" content=\"Written by\" \/>\n\t<meta name=\"twitter:data1\" content=\"Erwan Davoux\" \/>\n\t<meta name=\"twitter:label2\" content=\"Estimated reading time\" \/>\n\t<meta name=\"twitter:data2\" content=\"8 minutes\" \/>\n<script type=\"application\/ld+json\" class=\"yoast-schema-graph\">{\"@context\":\"https:\\\/\\\/schema.org\",\"@graph\":[{\"@type\":\"Article\",\"@id\":\"https:\\\/\\\/www.geopolitics.fr\\\/2024\\\/05\\\/30\\\/lourde-defaite-de-nicolas-sarkozy-a-la-primaire\\\/#article\",\"isPartOf\":{\"@id\":\"https:\\\/\\\/www.geopolitics.fr\\\/2024\\\/05\\\/30\\\/lourde-defaite-de-nicolas-sarkozy-a-la-primaire\\\/\"},\"author\":{\"name\":\"Erwan Davoux\",\"@id\":\"https:\\\/\\\/www.geopolitics.fr\\\/#\\\/schema\\\/person\\\/a487273e91313e368925717400fa1b11\"},\"headline\":\"Petite histoire du suicide de la droite o\u00f9 comment est-on pass\u00e9 de Jacques Chirac \u00e0 Eric Ciotti ?\",\"datePublished\":\"2024-05-30T16:45:32+00:00\",\"dateModified\":\"2024-06-06T16:42:28+00:00\",\"mainEntityOfPage\":{\"@id\":\"https:\\\/\\\/www.geopolitics.fr\\\/2024\\\/05\\\/30\\\/lourde-defaite-de-nicolas-sarkozy-a-la-primaire\\\/\"},\"wordCount\":1534,\"commentCount\":0,\"publisher\":{\"@id\":\"https:\\\/\\\/www.geopolitics.fr\\\/#organization\"},\"image\":{\"@id\":\"https:\\\/\\\/www.geopolitics.fr\\\/2024\\\/05\\\/30\\\/lourde-defaite-de-nicolas-sarkozy-a-la-primaire\\\/#primaryimage\"},\"thumbnailUrl\":\"https:\\\/\\\/www.geopolitics.fr\\\/wp-content\\\/uploads\\\/2024\\\/05\\\/sarko-photo.webp\",\"keywords\":[\"DROITE\",\"PRIMAIRES\",\"SARKOZY\"],\"articleSection\":[\"Election\",\"Politique\"],\"inLanguage\":\"en-GB\"},{\"@type\":\"WebPage\",\"@id\":\"https:\\\/\\\/www.geopolitics.fr\\\/2024\\\/05\\\/30\\\/lourde-defaite-de-nicolas-sarkozy-a-la-primaire\\\/\",\"url\":\"https:\\\/\\\/www.geopolitics.fr\\\/2024\\\/05\\\/30\\\/lourde-defaite-de-nicolas-sarkozy-a-la-primaire\\\/\",\"name\":\"Petite histoire du suicide de la droite o\u00f9 comment est-on pass\u00e9 de Jacques Chirac \u00e0 Eric Ciotti ? | Geopolitics.fr\",\"isPartOf\":{\"@id\":\"https:\\\/\\\/www.geopolitics.fr\\\/#website\"},\"primaryImageOfPage\":{\"@id\":\"https:\\\/\\\/www.geopolitics.fr\\\/2024\\\/05\\\/30\\\/lourde-defaite-de-nicolas-sarkozy-a-la-primaire\\\/#primaryimage\"},\"image\":{\"@id\":\"https:\\\/\\\/www.geopolitics.fr\\\/2024\\\/05\\\/30\\\/lourde-defaite-de-nicolas-sarkozy-a-la-primaire\\\/#primaryimage\"},\"thumbnailUrl\":\"https:\\\/\\\/www.geopolitics.fr\\\/wp-content\\\/uploads\\\/2024\\\/05\\\/sarko-photo.webp\",\"datePublished\":\"2024-05-30T16:45:32+00:00\",\"dateModified\":\"2024-06-06T16:42:28+00:00\",\"description\":\"Le retour aux forceps de Nicolas Sarkozy dans la vie politique est un \u00e9chec. Il subit une lourde d\u00e9faite lors de la Primaire de la droite %\",\"breadcrumb\":{\"@id\":\"https:\\\/\\\/www.geopolitics.fr\\\/2024\\\/05\\\/30\\\/lourde-defaite-de-nicolas-sarkozy-a-la-primaire\\\/#breadcrumb\"},\"inLanguage\":\"en-GB\",\"potentialAction\":[{\"@type\":\"ReadAction\",\"target\":[\"https:\\\/\\\/www.geopolitics.fr\\\/2024\\\/05\\\/30\\\/lourde-defaite-de-nicolas-sarkozy-a-la-primaire\\\/\"]}]},{\"@type\":\"ImageObject\",\"inLanguage\":\"en-GB\",\"@id\":\"https:\\\/\\\/www.geopolitics.fr\\\/2024\\\/05\\\/30\\\/lourde-defaite-de-nicolas-sarkozy-a-la-primaire\\\/#primaryimage\",\"url\":\"https:\\\/\\\/www.geopolitics.fr\\\/wp-content\\\/uploads\\\/2024\\\/05\\\/sarko-photo.webp\",\"contentUrl\":\"https:\\\/\\\/www.geopolitics.fr\\\/wp-content\\\/uploads\\\/2024\\\/05\\\/sarko-photo.webp\",\"width\":520,\"height\":346},{\"@type\":\"BreadcrumbList\",\"@id\":\"https:\\\/\\\/www.geopolitics.fr\\\/2024\\\/05\\\/30\\\/lourde-defaite-de-nicolas-sarkozy-a-la-primaire\\\/#breadcrumb\",\"itemListElement\":[{\"@type\":\"ListItem\",\"position\":1,\"name\":\"Accueil\",\"item\":\"https:\\\/\\\/www.geopolitics.fr\\\/\"},{\"@type\":\"ListItem\",\"position\":2,\"name\":\"Petite histoire du suicide de la droite o\u00f9 comment est-on pass\u00e9 de Jacques Chirac \u00e0 Eric Ciotti ?\"}]},{\"@type\":\"WebSite\",\"@id\":\"https:\\\/\\\/www.geopolitics.fr\\\/#website\",\"url\":\"https:\\\/\\\/www.geopolitics.fr\\\/\",\"name\":\"Geopolitics.fr\",\"description\":\"Geopolitics.fr Analyse politique, relations internationales, d\u00e9fense - ligne \u00e9ditoriale gaullo-chiraquienne\",\"publisher\":{\"@id\":\"https:\\\/\\\/www.geopolitics.fr\\\/#organization\"},\"potentialAction\":[{\"@type\":\"SearchAction\",\"target\":{\"@type\":\"EntryPoint\",\"urlTemplate\":\"https:\\\/\\\/www.geopolitics.fr\\\/?s={search_term_string}\"},\"query-input\":{\"@type\":\"PropertyValueSpecification\",\"valueRequired\":true,\"valueName\":\"search_term_string\"}}],\"inLanguage\":\"en-GB\"},{\"@type\":\"Organization\",\"@id\":\"https:\\\/\\\/www.geopolitics.fr\\\/#organization\",\"name\":\"Geopolitics.fr\",\"url\":\"https:\\\/\\\/www.geopolitics.fr\\\/\",\"logo\":{\"@type\":\"ImageObject\",\"inLanguage\":\"en-GB\",\"@id\":\"https:\\\/\\\/www.geopolitics.fr\\\/#\\\/schema\\\/logo\\\/image\\\/\",\"url\":\"https:\\\/\\\/www.geopolitics.fr\\\/wp-content\\\/uploads\\\/2024\\\/01\\\/logo.jpg\",\"contentUrl\":\"https:\\\/\\\/www.geopolitics.fr\\\/wp-content\\\/uploads\\\/2024\\\/01\\\/logo.jpg\",\"width\":500,\"height\":500,\"caption\":\"Geopolitics.fr\"},\"image\":{\"@id\":\"https:\\\/\\\/www.geopolitics.fr\\\/#\\\/schema\\\/logo\\\/image\\\/\"},\"sameAs\":[\"https:\\\/\\\/www.facebook.com\\\/people\\\/Erwan-Davoux\\\/61557098968092\\\/\",\"https:\\\/\\\/x.com\\\/Geopolitics_Fr\"]},{\"@type\":\"Person\",\"@id\":\"https:\\\/\\\/www.geopolitics.fr\\\/#\\\/schema\\\/person\\\/a487273e91313e368925717400fa1b11\",\"name\":\"Erwan Davoux\",\"image\":{\"@type\":\"ImageObject\",\"inLanguage\":\"en-GB\",\"@id\":\"https:\\\/\\\/www.geopolitics.fr\\\/wp-content\\\/uploads\\\/2026\\\/05\\\/moi-96x96.jpg\",\"url\":\"https:\\\/\\\/www.geopolitics.fr\\\/wp-content\\\/uploads\\\/2026\\\/05\\\/moi-96x96.jpg\",\"contentUrl\":\"https:\\\/\\\/www.geopolitics.fr\\\/wp-content\\\/uploads\\\/2026\\\/05\\\/moi-96x96.jpg\",\"caption\":\"Erwan Davoux\"},\"description\":\"Erwan DAVOUX est Pr\u00e9sident de LMD CONSEIL, (conseil strat\u00e9gique, intelligence \u00e9conomique, risque g\u00e9opolitique, influence politique, diplomatie \u00e9conomique). Dipl\u00f4m\u00e9 de l'IEP de Paris et de l'INALCO (d\u00e9partement d'\u00e9tudes arabes), il est directeur de la publication de geopolitics.fr. Ancien fonctionnaire au Minist\u00e8re de l'Int\u00e9rieur et de la D\u00e9fense (DGSE) Ancien charg\u00e9 de Mission \u00e0 la Pr\u00e9sidence de la R\u00e9publique (cellule diplomatique) Conseil de nombreuses personnalit\u00e9s politiques \u00e0 l'International (dont deux anciens Premiers ministres).\",\"sameAs\":[\"Erwan Davoux\",\"@erwandavoux\",\"https:\\\/\\\/www.linkedin.com\\\/in\\\/erwan-davoux-6800b289\\\/\",\"https:\\\/\\\/x.com\\\/@erwandavoux @Geo_politicsfr\"],\"url\":\"https:\\\/\\\/www.geopolitics.fr\\\/en\\\/author\\\/erwan-davoux\\\/\"}]}<\/script>\n<!-- \/ Yoast SEO Premium plugin. -->","yoast_head_json":{"title":"Petite histoire du suicide de la droite o\u00f9 comment est-on pass\u00e9 de Jacques Chirac \u00e0 Eric Ciotti ? | Geopolitics.fr","description":"Le retour aux forceps de Nicolas Sarkozy dans la vie politique est un \u00e9chec. Il subit une lourde d\u00e9faite lors de la Primaire de la droite %","robots":{"index":"index","follow":"follow","max-snippet":"max-snippet:-1","max-image-preview":"max-image-preview:large","max-video-preview":"max-video-preview:-1"},"canonical":"https:\/\/www.geopolitics.fr\/en\/2024\/05\/30\/lourde-defaite-de-nicolas-sarkozy-a-la-primaire\/","og_locale":"en_GB","og_type":"article","og_title":"Petite histoire du suicide de la droite o\u00f9 comment est-on pass\u00e9 de Jacques Chirac \u00e0 Eric Ciotti ?","og_description":"Le retour aux forceps de Nicolas Sarkozy dans la vie politique est un \u00e9chec. Il subit une lourde d\u00e9faite lors de la Primaire de la droite %","og_url":"https:\/\/www.geopolitics.fr\/en\/2024\/05\/30\/lourde-defaite-de-nicolas-sarkozy-a-la-primaire\/","og_site_name":"Geopolitics.fr","article_publisher":"https:\/\/www.facebook.com\/people\/Erwan-Davoux\/61557098968092\/","article_author":"Erwan Davoux","article_published_time":"2024-05-30T16:45:32+00:00","article_modified_time":"2024-06-06T16:42:28+00:00","og_image":[{"width":520,"height":346,"url":"https:\/\/www.geopolitics.fr\/wp-content\/uploads\/2024\/05\/sarko-photo.webp","type":"image\/webp"}],"author":"Erwan Davoux","twitter_card":"summary_large_image","twitter_creator":"@erwandavoux @Geo_politicsfr","twitter_site":"@Geopolitics_Fr","twitter_misc":{"Written by":"Erwan Davoux","Estimated reading time":"8 minutes"},"schema":{"@context":"https:\/\/schema.org","@graph":[{"@type":"Article","@id":"https:\/\/www.geopolitics.fr\/2024\/05\/30\/lourde-defaite-de-nicolas-sarkozy-a-la-primaire\/#article","isPartOf":{"@id":"https:\/\/www.geopolitics.fr\/2024\/05\/30\/lourde-defaite-de-nicolas-sarkozy-a-la-primaire\/"},"author":{"name":"Erwan Davoux","@id":"https:\/\/www.geopolitics.fr\/#\/schema\/person\/a487273e91313e368925717400fa1b11"},"headline":"Petite histoire du suicide de la droite o\u00f9 comment est-on pass\u00e9 de Jacques Chirac \u00e0 Eric Ciotti ?","datePublished":"2024-05-30T16:45:32+00:00","dateModified":"2024-06-06T16:42:28+00:00","mainEntityOfPage":{"@id":"https:\/\/www.geopolitics.fr\/2024\/05\/30\/lourde-defaite-de-nicolas-sarkozy-a-la-primaire\/"},"wordCount":1534,"commentCount":0,"publisher":{"@id":"https:\/\/www.geopolitics.fr\/#organization"},"image":{"@id":"https:\/\/www.geopolitics.fr\/2024\/05\/30\/lourde-defaite-de-nicolas-sarkozy-a-la-primaire\/#primaryimage"},"thumbnailUrl":"https:\/\/www.geopolitics.fr\/wp-content\/uploads\/2024\/05\/sarko-photo.webp","keywords":["DROITE","PRIMAIRES","SARKOZY"],"articleSection":["Election","Politique"],"inLanguage":"en-GB"},{"@type":"WebPage","@id":"https:\/\/www.geopolitics.fr\/2024\/05\/30\/lourde-defaite-de-nicolas-sarkozy-a-la-primaire\/","url":"https:\/\/www.geopolitics.fr\/2024\/05\/30\/lourde-defaite-de-nicolas-sarkozy-a-la-primaire\/","name":"Petite histoire du suicide de la droite o\u00f9 comment est-on pass\u00e9 de Jacques Chirac \u00e0 Eric Ciotti ? | Geopolitics.fr","isPartOf":{"@id":"https:\/\/www.geopolitics.fr\/#website"},"primaryImageOfPage":{"@id":"https:\/\/www.geopolitics.fr\/2024\/05\/30\/lourde-defaite-de-nicolas-sarkozy-a-la-primaire\/#primaryimage"},"image":{"@id":"https:\/\/www.geopolitics.fr\/2024\/05\/30\/lourde-defaite-de-nicolas-sarkozy-a-la-primaire\/#primaryimage"},"thumbnailUrl":"https:\/\/www.geopolitics.fr\/wp-content\/uploads\/2024\/05\/sarko-photo.webp","datePublished":"2024-05-30T16:45:32+00:00","dateModified":"2024-06-06T16:42:28+00:00","description":"Le retour aux forceps de Nicolas Sarkozy dans la vie politique est un \u00e9chec. Il subit une lourde d\u00e9faite lors de la Primaire de la droite %","breadcrumb":{"@id":"https:\/\/www.geopolitics.fr\/2024\/05\/30\/lourde-defaite-de-nicolas-sarkozy-a-la-primaire\/#breadcrumb"},"inLanguage":"en-GB","potentialAction":[{"@type":"ReadAction","target":["https:\/\/www.geopolitics.fr\/2024\/05\/30\/lourde-defaite-de-nicolas-sarkozy-a-la-primaire\/"]}]},{"@type":"ImageObject","inLanguage":"en-GB","@id":"https:\/\/www.geopolitics.fr\/2024\/05\/30\/lourde-defaite-de-nicolas-sarkozy-a-la-primaire\/#primaryimage","url":"https:\/\/www.geopolitics.fr\/wp-content\/uploads\/2024\/05\/sarko-photo.webp","contentUrl":"https:\/\/www.geopolitics.fr\/wp-content\/uploads\/2024\/05\/sarko-photo.webp","width":520,"height":346},{"@type":"BreadcrumbList","@id":"https:\/\/www.geopolitics.fr\/2024\/05\/30\/lourde-defaite-de-nicolas-sarkozy-a-la-primaire\/#breadcrumb","itemListElement":[{"@type":"ListItem","position":1,"name":"Accueil","item":"https:\/\/www.geopolitics.fr\/"},{"@type":"ListItem","position":2,"name":"Petite histoire du suicide de la droite o\u00f9 comment est-on pass\u00e9 de Jacques Chirac \u00e0 Eric Ciotti ?"}]},{"@type":"WebSite","@id":"https:\/\/www.geopolitics.fr\/#website","url":"https:\/\/www.geopolitics.fr\/","name":"Geopolitics.fr","description":"Geopolitics.fr Analyse politique, relations internationales, d\u00e9fense - ligne \u00e9ditoriale gaullo-chiraquienne","publisher":{"@id":"https:\/\/www.geopolitics.fr\/#organization"},"potentialAction":[{"@type":"SearchAction","target":{"@type":"EntryPoint","urlTemplate":"https:\/\/www.geopolitics.fr\/?s={search_term_string}"},"query-input":{"@type":"PropertyValueSpecification","valueRequired":true,"valueName":"search_term_string"}}],"inLanguage":"en-GB"},{"@type":"Organization","@id":"https:\/\/www.geopolitics.fr\/#organization","name":"Geopolitics.fr","url":"https:\/\/www.geopolitics.fr\/","logo":{"@type":"ImageObject","inLanguage":"en-GB","@id":"https:\/\/www.geopolitics.fr\/#\/schema\/logo\/image\/","url":"https:\/\/www.geopolitics.fr\/wp-content\/uploads\/2024\/01\/logo.jpg","contentUrl":"https:\/\/www.geopolitics.fr\/wp-content\/uploads\/2024\/01\/logo.jpg","width":500,"height":500,"caption":"Geopolitics.fr"},"image":{"@id":"https:\/\/www.geopolitics.fr\/#\/schema\/logo\/image\/"},"sameAs":["https:\/\/www.facebook.com\/people\/Erwan-Davoux\/61557098968092\/","https:\/\/x.com\/Geopolitics_Fr"]},{"@type":"Person","@id":"https:\/\/www.geopolitics.fr\/#\/schema\/person\/a487273e91313e368925717400fa1b11","name":"Erwan Davoux","image":{"@type":"ImageObject","inLanguage":"en-GB","@id":"https:\/\/www.geopolitics.fr\/wp-content\/uploads\/2026\/05\/moi-96x96.jpg","url":"https:\/\/www.geopolitics.fr\/wp-content\/uploads\/2026\/05\/moi-96x96.jpg","contentUrl":"https:\/\/www.geopolitics.fr\/wp-content\/uploads\/2026\/05\/moi-96x96.jpg","caption":"Erwan Davoux"},"description":"Erwan DAVOUX est Pr\u00e9sident de LMD CONSEIL, (conseil strat\u00e9gique, intelligence \u00e9conomique, risque g\u00e9opolitique, influence politique, diplomatie \u00e9conomique). Dipl\u00f4m\u00e9 de l'IEP de Paris et de l'INALCO (d\u00e9partement d'\u00e9tudes arabes), il est directeur de la publication de geopolitics.fr. Ancien fonctionnaire au Minist\u00e8re de l'Int\u00e9rieur et de la D\u00e9fense (DGSE) Ancien charg\u00e9 de Mission \u00e0 la Pr\u00e9sidence de la R\u00e9publique (cellule diplomatique) Conseil de nombreuses personnalit\u00e9s politiques \u00e0 l'International (dont deux anciens Premiers ministres).","sameAs":["Erwan Davoux","@erwandavoux","https:\/\/www.linkedin.com\/in\/erwan-davoux-6800b289\/","https:\/\/x.com\/@erwandavoux @Geo_politicsfr"],"url":"https:\/\/www.geopolitics.fr\/en\/author\/erwan-davoux\/"}]}},"_links":{"self":[{"href":"https:\/\/www.geopolitics.fr\/en\/wp-json\/wp\/v2\/posts\/2767","targetHints":{"allow":["GET"]}}],"collection":[{"href":"https:\/\/www.geopolitics.fr\/en\/wp-json\/wp\/v2\/posts"}],"about":[{"href":"https:\/\/www.geopolitics.fr\/en\/wp-json\/wp\/v2\/types\/post"}],"author":[{"embeddable":true,"href":"https:\/\/www.geopolitics.fr\/en\/wp-json\/wp\/v2\/users\/16"}],"replies":[{"embeddable":true,"href":"https:\/\/www.geopolitics.fr\/en\/wp-json\/wp\/v2\/comments?post=2767"}],"version-history":[{"count":0,"href":"https:\/\/www.geopolitics.fr\/en\/wp-json\/wp\/v2\/posts\/2767\/revisions"}],"wp:featuredmedia":[{"embeddable":true,"href":"https:\/\/www.geopolitics.fr\/en\/wp-json\/wp\/v2\/media\/2768"}],"wp:attachment":[{"href":"https:\/\/www.geopolitics.fr\/en\/wp-json\/wp\/v2\/media?parent=2767"}],"wp:term":[{"taxonomy":"category","embeddable":true,"href":"https:\/\/www.geopolitics.fr\/en\/wp-json\/wp\/v2\/categories?post=2767"},{"taxonomy":"post_tag","embeddable":true,"href":"https:\/\/www.geopolitics.fr\/en\/wp-json\/wp\/v2\/tags?post=2767"}],"curies":[{"name":"wp","href":"https:\/\/api.w.org\/{rel}","templated":true}]}}