{"id":2763,"date":"2024-05-28T11:00:00","date_gmt":"2024-05-28T09:00:00","guid":{"rendered":"https:\/\/www.geopolitics.fr\/?p=2763"},"modified":"2024-05-29T11:24:53","modified_gmt":"2024-05-29T09:24:53","slug":"reconquete-ou-debandade","status":"publish","type":"post","link":"https:\/\/www.geopolitics.fr\/en\/2024\/05\/28\/reconquete-ou-debandade\/","title":{"rendered":"Reconqu\u00eate ou d\u00e9bandade\u00a0?"},"content":{"rendered":"<p class=\"has-medium-font-size wp-block-paragraph\">La composition de la liste \u00ab&nbsp;Reconqu\u00eate&nbsp;\u00bb pour les \u00e9lections europ\u00e9ennes est cocasse pour un parti qui se dit patriote et attach\u00e9 \u00e0 la valeur travail. C\u2019est la liste des ren\u00e9gats, de ceux qui ont peu ou pas servi la France et des multi-condamn\u00e9s.<\/p>\n\n\n\n<h2 class=\"wp-block-heading\" id=\"h-une-liste-peu-ragoutante\">Une liste peu ragoutante<\/h2>\n\n\n\n<p class=\"has-medium-font-size wp-block-paragraph\">En 1<sup>\u00e8re<\/sup> position, nous retrouvons Marion Mar\u00e9chal Le Pen, tenante de l\u2019ancien FN, canal historique, celui de Jean-Marie, son grand-p\u00e8re<strong>. Elle n\u2019a pas h\u00e9sit\u00e9 \u00e0 trahir sa tante Marine qui l\u2019a \u00e9lev\u00e9e, esp\u00e9rant un avenir plus radieux aupr\u00e8s du grand Z.<\/strong> Elle s\u2019est n\u00e9anmoins d\u00e9marqu\u00e9e de papy en affichant un soutien sans faille au gouvernement Netanyahou alors que Jean-Marie Le Pen, fut lui, plusieurs fois condamn\u00e9 pour antis\u00e9mitisme. <strong>Elle pr\u00e9pare son retour au RN apr\u00e8s la d\u00e9b\u00e2cle \u00e0 venir de Reconqu\u00eate. Mais par l\u2019escalier de service, Berdella ayant emprunt\u00e9 l\u2019escalier noble.<\/strong><\/p>\n\n\n\n<p class=\"has-medium-font-size wp-block-paragraph\">En 2<sup>\u00e8me<\/sup> position, nous trouvons <strong>Guillaume Pelletier, un opportuniste \u00e0 tout crin<\/strong> qui aura fait tous les partis de droite et d\u2019extr\u00eame droite selon les b\u00e9n\u00e9fices qu\u2019il pouvait en esp\u00e9rer. Venu du FN, pass\u00e9 ensuite au MNR (M\u00e9gret) puis par le Mouvement pour la France (de Villiers), Co cr\u00e9ateur de la droite forte \u00e0 L\u2019UMP. Christian Jacob commettra la folie de le nommer vice-pr\u00e9sident des \u00ab&nbsp;R\u00e9publicains&nbsp;\u00bb. Un t\u00e9moignage, parmi d\u2019autre, de la d\u00e9liquescence du parti. Pass\u00e9 en fin \u00e0 Reconqu\u00eate, il se montre extr\u00eamement discret dans cette campagne. Serait-ce parce que le 24 janvier 2022, le procureur de Blois a ouvert une enqu\u00eate pr\u00e9liminaire \u00e0 la suite de r\u00e9v\u00e9lations de&nbsp;<a href=\"https:\/\/fr.wikipedia.org\/wiki\/Mediapart\">Mediapart<\/a>&nbsp;sur l\u2019utilisation de fonds publics par Guillaume Peltier au b\u00e9n\u00e9fice de ses&nbsp;<a href=\"https:\/\/fr.wikipedia.org\/wiki\/Micro-parti_politique_en_France\">micro-partis<\/a>&nbsp;?<\/p>\n\n\n\n<p class=\"has-medium-font-size wp-block-paragraph\">En 3<sup>\u00e8me<\/sup> position, nous trouvons <strong>Sarah Knafo, la compagne du chef Zemmour<\/strong>. Ce type de pratique politique, promouvoir sa famille, \u00e9tait d\u2019usage, il y a 40 ans. Plus personne n\u2019oserait aujourd\u2019hui le faire, mis \u00e0 part eux. \u00a0<strong>Il ne s\u2019agit pas seulement de faire bouillir la marmite au domicile conjugal en donnant \u00e0 Knafo une position potentiellement \u00e9ligible. Le v\u00e9ritable objectif est clairement d\u2019abattre Marion Mar\u00e9chal dont les relations avec le grand chef Zemmour sont devenues ex\u00e9crables.<\/strong> Petites haines entre amis, combien de mariages pour combien d\u2019enterrements\u00a0sur cette liste\u00a0?<\/p>\n\n\n\n<p class=\"has-medium-font-size wp-block-paragraph\">En 4<sup>\u00e8me<\/sup> position, nous trouvons <strong>Nicolas Bay<\/strong>, un autre transfuge du RN, <strong>version identitaire<\/strong>, d\u00e9fenseur de la th\u00e8se du \u00ab&nbsp;grand remplacement&nbsp;\u00bb mis en cause dans plusieurs affaires pour diffamation et provocation \u00e0 la haine raciale. Charmant&nbsp;!<\/p>\n\n\n\n<p class=\"has-medium-font-size wp-block-paragraph\">En 8<sup>\u00e8me<\/sup> position <strong>un pol\u00e9miste d\u2019extr\u00eame droite, Jean Messiha, qui a quitt\u00e9 le RN quand il a compris que Marine le Pen avait perc\u00e9 \u00e0 jour sa dangerosit\u00e9 et ne lui permettrait jamais d\u2019\u00eatre \u00e9lu.<\/strong> Il veut laver plus blanc que blanc et quasiment chacun de ses tweets est fanatiquement anti-musulman.<\/p>\n\n\n\n<p class=\"has-medium-font-size wp-block-paragraph\"><strong>Enfin, en 12<sup>\u00e8me<\/sup> position, Damien Rieu, un autre identitaire<\/strong>, \u00e0 plein temps sur X dont le fonds de commerce est aussi l\u2019appel \u00e0 la haine antimusulmane et les fake news. Il \u00e9chappe fr\u00e9quemment \u00e0 des poursuites ou b\u00e9n\u00e9ficie de non-lieux car il sait rester \u00e0 l\u2019extr\u00eame limite de la l\u00e9galit\u00e9. <strong>N\u00e9anmoins, il a \u00e9t\u00e9 condamn\u00e9, Le\u00a017 mai 2024,\u00e0 huit mois de prison avec\u00a0sursis\u00a0pour\u00a0cyberharc\u00e8lement<\/strong>.<\/p>\n\n\n\n<p class=\"has-medium-font-size wp-block-paragraph\">Inutile de s&rsquo;attarder sur le programme, \u00ab<em>\u00a0dix combats \u00bb\u00a0<\/em>pour\u00a0<em>\u00ab l\u2019Europe des nations et de la civilisation \u00bb<\/em> qui est la r\u00e9plique de celui des \u00e9lections \u00e0 caract\u00e8re national : lutte contre l'\u00a0\u00bbislamisation\u00a0\u00bb, l&rsquo;immigration avec quelques extensions europ\u00e9ennes : mettre fin \u00e0 la libre circulation en Europe pour les non-Europ\u00e9ens, supprimer la\u00a0Commission europ\u00e9enne&#8230;<\/p>\n\n\n\n<h2 class=\"wp-block-heading\" id=\"h-eric-zemmour-vrai-polemiste-faux-intellectuel\"><strong>Eric Zemmour, vrai pol\u00e9miste, faux intellectuel<\/strong><\/h2>\n\n\n\n<p class=\"has-medium-font-size wp-block-paragraph\"><strong>Qui travaille r\u00e9ellement dans ce beau monde&nbsp;? Qui a d\u00e9j\u00e0 servi la France&nbsp;?<\/strong><\/p>\n\n\n\n<p class=\"has-medium-font-size wp-block-paragraph\"><strong>Certainement pas Eric Zemmour, r\u00e9form\u00e9 du service militaire et ayant \u00e9chou\u00e9 \u00e0 l\u2019ENA, cet homme n\u2019a jamais servi la France ne serait-ce qu\u2019une seule journ\u00e9e<\/strong>. Ni dans la fonction publique, ni comme \u00e9lu.<\/p>\n\n\n\n<p class=\"has-medium-font-size wp-block-paragraph\"><strong>Sa carri\u00e8re journalistique s\u2019explique avant tout par sa capacit\u00e9 \u00e0 pol\u00e9miquer et semer une haine qui captive les auditeurs ou spectateurs. Jusqu\u2019\u00e0 ce que le bilan co\u00fbt-avantage devienne trop d\u00e9favorable pour l\u2019employeur qui le vire alors. Sc\u00e9nario maintes fois r\u00e9p\u00e9t\u00e9.<\/strong><\/p>\n\n\n\n<p class=\"has-medium-font-size wp-block-paragraph\">A CNEWS, il trouve un refuge dor\u00e9. Chouchout\u00e9, mis en valeurs pendant des ann\u00e9es par Christine Kelly dans une \u00e9mission qui pourrait s\u2019intituler \u00ab&nbsp;la culture g\u00e9n\u00e9rale et l\u2019histoire de France pour les nuls&nbsp;\u00bb, <strong>il se cr\u00e9e un vernis intellectuel aupr\u00e8s de ceux qui n\u2019ont jamais ouvert un livre de leur vie.<\/strong> Il est le poulain indiscutable de Bollor\u00e9 qui l\u2019a construit.<\/p>\n\n\n\n<h2 class=\"wp-block-heading\" id=\"h-zemmour-defenseur-de-petain-protecteur-de-la-communaute-juive-francaise\">Zemmour, d\u00e9fenseur de P\u00e9tain \u00ab\u00a0protecteur de la communaut\u00e9 juive fran\u00e7aise\u00a0\u00bb<\/h2>\n\n\n\n<p class=\"has-medium-font-size wp-block-paragraph\">Le soutien massif apport\u00e9 au gouvernement de Netanyahou s\u2019explique avant tout par une par une haine de l\u2019Arabe et du Musulman. <strong>La communaut\u00e9 juive fran\u00e7aise et les Fran\u00e7ais d\u2019Isra\u00ebl tombent dans le panneau du clivage communautaire ou religieux<\/strong>. Ils semblent ignorer que <strong>Zemmour est un ardent d\u00e9fenseur de la th\u00e9orie selon laquelle P\u00e9tain serait le sauveur d\u2019une grande partie des Juifs fran\u00e7ais. <\/strong>Ce P\u00e9tain m\u00eame qui fit mettre tant d\u2019\u00e9toiles jaunes \u00e0 des Fran\u00e7ais et dont le gouvernement d\u00e9cida de livrer les enfants juifs de moins de seize ans aux nazis alors que ces derniers ne le demandaient pas.<\/p>\n\n\n\n<p class=\"has-medium-font-size wp-block-paragraph\"><strong>En r\u00e9alit\u00e9 Cette th\u00e8se d\u00e9pourvue de fondements historiques vaut aujourd\u2019hui au grand Z d\u2019\u00eatre renvoy\u00e9 en correctionnel pour \u00ab&nbsp;contestation de crimes contre l\u2019humanit\u00e9&nbsp;\u00bb<\/strong> \u00e0 la suite d\u2019une d\u00e9cision de la Cour de Cassation en date de septembre 2023. Condamn\u00e9 aux moins 6 fois depuis le d\u00e9but de sa carri\u00e8re (on s\u2019y perd tant il n\u2019y a pas une seule ann\u00e9e sans proc\u00e8s, appel, cour de cassation), <strong>nous avons \u00e0 faire \u00e0 l\u2019un des hommes les plus condamn\u00e9s de France<\/strong> qui ose venir donner des le\u00e7ons sur le maintien de l\u2019ordre public et la s\u00e9curit\u00e9 ou jeter la pierre aux \u00e9trangers sur le sujet.<\/p>\n\n\n\n<h2 class=\"wp-block-heading\" id=\"h-un-saut-vers-la-politique-qui-s-avere-desastreux\">Un saut vers la politique qui s\u2019av\u00e8re d\u00e9sastreux<\/h2>\n\n\n\n<p class=\"has-medium-font-size wp-block-paragraph\"><strong>Son passage de pol\u00e9miste de plateaux \u00e0 \u00ab\u00a0homme politique\u00a0\u00bb s\u2019av\u00e9rera \u00eatre un d\u00e9sastre. Lors de l\u2019\u00e9lection pr\u00e9sidentielle, en d\u00e9pit d\u2019un budget de campagne cons\u00e9quent et de g\u00e9n\u00e9reux donateurs le score sera tr\u00e8s en de\u00e7\u00e0 des attentes<\/strong>. En effet, d&rsquo;apr\u00e8s une enqu\u00eate de\u00a0<strong>M\u00e9dipart,<\/strong> les grands donateurs\u00a0sont\u00a0\u00ab\u00a0issus des milieux financiers et d\u2019affaires\u00a0\u00bb,\u00a0\u00ab\u00a0cadres dans des banques, fonds d\u2019investissement,\u00a0hedge funds\u00a0\u00bb,\u00a0\u00ab\u00a0cadres \u00e9voluant dans des cabinets de conseil, des groupes industriels ou dans le secteur immobilier\u00a0\u00bb\u00a0et\u00a0\u00ab\u00a0avocats d\u2019affaires ou fiscalistes, en poste dans de grands cabinets fran\u00e7ais ou internationaux\u00a0\u00bb. S&rsquo;y trouverait notamment Chantal Bollor\u00e9, s\u0153ur du milliardaire\u00a0Vincent Bollor\u00e9. Si certains sont des soutiens de l&rsquo;extr\u00eame droite de longue date, une part importante est constitu\u00e9e d&rsquo;anciens\u00a0fillonistes.<\/p>\n\n\n\n<p class=\"has-medium-font-size wp-block-paragraph\"><strong>Avec un budget de campagne \u00e9quivalent \u00e0 celui de Marine Le Pen, pr\u00e8s de 11 millions d\u2019euros, il r\u00e9alisera un score trois fois moins \u00e9lev\u00e9.<\/strong><\/p>\n\n\n\n<p class=\"has-medium-font-size wp-block-paragraph\">Tout ce beau monde donne un sentiment de patriotisme mitig\u00e9, de x\u00e9nophobie certaine.<\/p>\n\n\n\n<h2 class=\"wp-block-heading\" id=\"h-fort-avec-les-faibles-faibles-avec-les-forts\">Fort avec les faibles, faibles avec les forts<\/h2>\n\n\n\n<p class=\"has-medium-font-size wp-block-paragraph\"><strong>La vraie personnalit\u00e9 d\u2019Eric Zemmour s\u2019est r\u00e9v\u00e9l\u00e9e r\u00e9cemment<\/strong>. Ainsi, apr\u00e8s la r\u00e9ception d\u2019un \u0153uf sur son crane fort d\u00e9garni, r\u00e9gir en frappant une femme de dos et immobilis\u00e9e par un garde du corps ne semble pas le d\u00e9ranger. <strong>Pense-t-il incarner la virilit\u00e9 de l\u2019homme blanc\u00a0?<\/strong> Chacun se fera une id\u00e9e mais la panique a \u00e9t\u00e9 totale, lors de cette s\u00e9quence en Corse et ses \u00e9quipes se sont empress\u00e9es de poster photos tronqu\u00e9es et vid\u00e9os coup\u00e9es, reprises comme telles par des <strong>cha\u00eenes de d\u00e9sinformation.<\/strong> En revanche, lorsque le grand Z se fait insulter seul, par un homme dans la rue, il file droit. Il ne s\u2019agit en aucun cas de justifier ces insultes mais de noter la diff\u00e9rence \u00e9trange de comportement. <strong>Bander les muscles sur les plateaux de t\u00e9l\u00e9vision mais se faire tout petit dans la vie r\u00e9elle.<\/strong><\/p>\n\n\n\n<h2 class=\"wp-block-heading\" id=\"h-le-marchepied-dont-avait-besoin-le-rn\">Le marchepied dont avait besoin le RN<\/h2>\n\n\n\n<p class=\"has-medium-font-size wp-block-paragraph\"><strong>Le r\u00f4le de Z dans la vie politique ne sera pourtant pas n\u00e9gligeable. Sa constellation d\u2019identitaires, souvent rat\u00e9s de la vie, n\u2019ira, certes, pas loin. N\u00e9anmoins, malgr\u00e9 lui, il aura \u00e9minemment contribu\u00e9 \u00e0 d\u00e9diaboliser et \u00e0 rendre moins antipathique Marine Le Pen, par comparaison. Il est en r\u00e9alit\u00e9 l\u2019escabeau, le marchepied dont Marine Le Pen avait tant besoin, la \u00ab&nbsp;divine surprise&nbsp;\u00bb. Pas s\u00fbr qu\u2019il s\u2019agissait de la premi\u00e8re motivation du grand Z.<\/strong><\/p>\n\n\n\n<p class=\"has-medium-font-size wp-block-paragraph\">Le 9 juin, il n\u2019y a pas grand-chose de positif \u00e0 attendre des \u00e9lections europ\u00e9ennes. Une excellente nouvelle serait un score de Reconqu\u00eate inf\u00e9rieur \u00e0 5% pour liquidation d\u00e9finitive et fermeture.<\/p>","protected":false},"excerpt":{"rendered":"<p>Dernier article consacr\u00e9 aux \u00e9lections europ\u00e9ennes, apr\u00e8s Renaissance\/PS, RN\/LFI et les R\u00e9publicains<\/p>","protected":false},"author":16,"featured_media":2357,"comment_status":"open","ping_status":"open","sticky":false,"template":"","format":"standard","meta":{"_lmt_disableupdate":"","_lmt_disable":"","footnotes":""},"categories":[40,3],"tags":[272,273],"class_list":["post-2763","post","type-post","status-publish","format-standard","has-post-thumbnail","hentry","category-election","category-politique","tag-reconquete","tag-zemmour"],"yoast_head":"<!-- This site is optimized with the Yoast SEO Premium plugin v28.1 (Yoast SEO v28.1) - https:\/\/yoast.com\/product\/yoast-seo-premium-wordpress\/ -->\n<title>Reconqu\u00eate ou d\u00e9bandade\u00a0? | Geopolitics.fr<\/title>\n<meta name=\"description\" content=\"Elections europ\u00e9ennes de juin 21024, la liste d&#039;extr\u00eame-droite Reconqu\u00eate\/Zemmour, vers une lourde d\u00e9faite\" \/>\n<meta name=\"robots\" content=\"index, follow, max-snippet:-1, max-image-preview:large, max-video-preview:-1\" \/>\n<link rel=\"canonical\" href=\"https:\/\/www.geopolitics.fr\/en\/2024\/05\/28\/reconquete-ou-debandade\/\" \/>\n<meta property=\"og:locale\" content=\"en_GB\" \/>\n<meta property=\"og:type\" content=\"article\" \/>\n<meta property=\"og:title\" content=\"Reconqu\u00eate ou d\u00e9bandade\u00a0?\" \/>\n<meta property=\"og:description\" content=\"Elections europ\u00e9ennes de juin 21024, la liste d&#039;extr\u00eame-droite Reconqu\u00eate\/Zemmour, vers une lourde d\u00e9faite\" \/>\n<meta property=\"og:url\" content=\"https:\/\/www.geopolitics.fr\/en\/2024\/05\/28\/reconquete-ou-debandade\/\" \/>\n<meta property=\"og:site_name\" content=\"Geopolitics.fr\" \/>\n<meta property=\"article:publisher\" content=\"https:\/\/www.facebook.com\/people\/Erwan-Davoux\/61557098968092\/\" \/>\n<meta property=\"article:author\" content=\"Erwan Davoux\" \/>\n<meta property=\"article:published_time\" content=\"2024-05-28T09:00:00+00:00\" \/>\n<meta property=\"article:modified_time\" content=\"2024-05-29T09:24:53+00:00\" \/>\n<meta property=\"og:image\" content=\"https:\/\/www.geopolitics.fr\/wp-content\/uploads\/2024\/03\/Depositphotos_706039778_XL-scaled.jpg\" \/>\n\t<meta property=\"og:image:width\" content=\"1920\" \/>\n\t<meta property=\"og:image:height\" content=\"483\" \/>\n\t<meta property=\"og:image:type\" content=\"image\/jpeg\" \/>\n<meta name=\"author\" content=\"Erwan Davoux\" \/>\n<meta name=\"twitter:card\" content=\"summary_large_image\" \/>\n<meta name=\"twitter:creator\" content=\"@erwandavoux @Geo_politicsfr\" \/>\n<meta name=\"twitter:site\" content=\"@Geopolitics_Fr\" \/>\n<meta name=\"twitter:label1\" content=\"Written by\" \/>\n\t<meta name=\"twitter:data1\" content=\"Erwan Davoux\" \/>\n\t<meta name=\"twitter:label2\" content=\"Estimated reading time\" \/>\n\t<meta name=\"twitter:data2\" content=\"8 minutes\" \/>\n<script type=\"application\/ld+json\" class=\"yoast-schema-graph\">{\"@context\":\"https:\\\/\\\/schema.org\",\"@graph\":[{\"@type\":\"Article\",\"@id\":\"https:\\\/\\\/www.geopolitics.fr\\\/2024\\\/05\\\/28\\\/reconquete-ou-debandade\\\/#article\",\"isPartOf\":{\"@id\":\"https:\\\/\\\/www.geopolitics.fr\\\/2024\\\/05\\\/28\\\/reconquete-ou-debandade\\\/\"},\"author\":{\"name\":\"Erwan Davoux\",\"@id\":\"https:\\\/\\\/www.geopolitics.fr\\\/#\\\/schema\\\/person\\\/a487273e91313e368925717400fa1b11\"},\"headline\":\"Reconqu\u00eate ou d\u00e9bandade\u00a0?\",\"datePublished\":\"2024-05-28T09:00:00+00:00\",\"dateModified\":\"2024-05-29T09:24:53+00:00\",\"mainEntityOfPage\":{\"@id\":\"https:\\\/\\\/www.geopolitics.fr\\\/2024\\\/05\\\/28\\\/reconquete-ou-debandade\\\/\"},\"wordCount\":1549,\"commentCount\":0,\"publisher\":{\"@id\":\"https:\\\/\\\/www.geopolitics.fr\\\/#organization\"},\"image\":{\"@id\":\"https:\\\/\\\/www.geopolitics.fr\\\/2024\\\/05\\\/28\\\/reconquete-ou-debandade\\\/#primaryimage\"},\"thumbnailUrl\":\"https:\\\/\\\/www.geopolitics.fr\\\/wp-content\\\/uploads\\\/2024\\\/03\\\/Depositphotos_706039778_XL-scaled.jpg\",\"keywords\":[\"RECONQUETE\",\"ZEMMOUR\"],\"articleSection\":[\"Election\",\"Politique\"],\"inLanguage\":\"en-GB\"},{\"@type\":\"WebPage\",\"@id\":\"https:\\\/\\\/www.geopolitics.fr\\\/2024\\\/05\\\/28\\\/reconquete-ou-debandade\\\/\",\"url\":\"https:\\\/\\\/www.geopolitics.fr\\\/2024\\\/05\\\/28\\\/reconquete-ou-debandade\\\/\",\"name\":\"Reconqu\u00eate ou d\u00e9bandade\u00a0? | Geopolitics.fr\",\"isPartOf\":{\"@id\":\"https:\\\/\\\/www.geopolitics.fr\\\/#website\"},\"primaryImageOfPage\":{\"@id\":\"https:\\\/\\\/www.geopolitics.fr\\\/2024\\\/05\\\/28\\\/reconquete-ou-debandade\\\/#primaryimage\"},\"image\":{\"@id\":\"https:\\\/\\\/www.geopolitics.fr\\\/2024\\\/05\\\/28\\\/reconquete-ou-debandade\\\/#primaryimage\"},\"thumbnailUrl\":\"https:\\\/\\\/www.geopolitics.fr\\\/wp-content\\\/uploads\\\/2024\\\/03\\\/Depositphotos_706039778_XL-scaled.jpg\",\"datePublished\":\"2024-05-28T09:00:00+00:00\",\"dateModified\":\"2024-05-29T09:24:53+00:00\",\"description\":\"Elections europ\u00e9ennes de juin 21024, la liste d'extr\u00eame-droite Reconqu\u00eate\\\/Zemmour, vers une lourde d\u00e9faite\",\"breadcrumb\":{\"@id\":\"https:\\\/\\\/www.geopolitics.fr\\\/2024\\\/05\\\/28\\\/reconquete-ou-debandade\\\/#breadcrumb\"},\"inLanguage\":\"en-GB\",\"potentialAction\":[{\"@type\":\"ReadAction\",\"target\":[\"https:\\\/\\\/www.geopolitics.fr\\\/2024\\\/05\\\/28\\\/reconquete-ou-debandade\\\/\"]}]},{\"@type\":\"ImageObject\",\"inLanguage\":\"en-GB\",\"@id\":\"https:\\\/\\\/www.geopolitics.fr\\\/2024\\\/05\\\/28\\\/reconquete-ou-debandade\\\/#primaryimage\",\"url\":\"https:\\\/\\\/www.geopolitics.fr\\\/wp-content\\\/uploads\\\/2024\\\/03\\\/Depositphotos_706039778_XL-scaled.jpg\",\"contentUrl\":\"https:\\\/\\\/www.geopolitics.fr\\\/wp-content\\\/uploads\\\/2024\\\/03\\\/Depositphotos_706039778_XL-scaled.jpg\",\"width\":1920,\"height\":483},{\"@type\":\"BreadcrumbList\",\"@id\":\"https:\\\/\\\/www.geopolitics.fr\\\/2024\\\/05\\\/28\\\/reconquete-ou-debandade\\\/#breadcrumb\",\"itemListElement\":[{\"@type\":\"ListItem\",\"position\":1,\"name\":\"Accueil\",\"item\":\"https:\\\/\\\/www.geopolitics.fr\\\/\"},{\"@type\":\"ListItem\",\"position\":2,\"name\":\"Reconqu\u00eate ou d\u00e9bandade\u00a0?\"}]},{\"@type\":\"WebSite\",\"@id\":\"https:\\\/\\\/www.geopolitics.fr\\\/#website\",\"url\":\"https:\\\/\\\/www.geopolitics.fr\\\/\",\"name\":\"Geopolitics.fr\",\"description\":\"Geopolitics.fr Analyse politique, relations internationales, d\u00e9fense - ligne \u00e9ditoriale gaullo-chiraquienne\",\"publisher\":{\"@id\":\"https:\\\/\\\/www.geopolitics.fr\\\/#organization\"},\"potentialAction\":[{\"@type\":\"SearchAction\",\"target\":{\"@type\":\"EntryPoint\",\"urlTemplate\":\"https:\\\/\\\/www.geopolitics.fr\\\/?s={search_term_string}\"},\"query-input\":{\"@type\":\"PropertyValueSpecification\",\"valueRequired\":true,\"valueName\":\"search_term_string\"}}],\"inLanguage\":\"en-GB\"},{\"@type\":\"Organization\",\"@id\":\"https:\\\/\\\/www.geopolitics.fr\\\/#organization\",\"name\":\"Geopolitics.fr\",\"url\":\"https:\\\/\\\/www.geopolitics.fr\\\/\",\"logo\":{\"@type\":\"ImageObject\",\"inLanguage\":\"en-GB\",\"@id\":\"https:\\\/\\\/www.geopolitics.fr\\\/#\\\/schema\\\/logo\\\/image\\\/\",\"url\":\"https:\\\/\\\/www.geopolitics.fr\\\/wp-content\\\/uploads\\\/2024\\\/01\\\/logo.jpg\",\"contentUrl\":\"https:\\\/\\\/www.geopolitics.fr\\\/wp-content\\\/uploads\\\/2024\\\/01\\\/logo.jpg\",\"width\":500,\"height\":500,\"caption\":\"Geopolitics.fr\"},\"image\":{\"@id\":\"https:\\\/\\\/www.geopolitics.fr\\\/#\\\/schema\\\/logo\\\/image\\\/\"},\"sameAs\":[\"https:\\\/\\\/www.facebook.com\\\/people\\\/Erwan-Davoux\\\/61557098968092\\\/\",\"https:\\\/\\\/x.com\\\/Geopolitics_Fr\"]},{\"@type\":\"Person\",\"@id\":\"https:\\\/\\\/www.geopolitics.fr\\\/#\\\/schema\\\/person\\\/a487273e91313e368925717400fa1b11\",\"name\":\"Erwan Davoux\",\"image\":{\"@type\":\"ImageObject\",\"inLanguage\":\"en-GB\",\"@id\":\"https:\\\/\\\/www.geopolitics.fr\\\/wp-content\\\/uploads\\\/2026\\\/05\\\/moi-96x96.jpg\",\"url\":\"https:\\\/\\\/www.geopolitics.fr\\\/wp-content\\\/uploads\\\/2026\\\/05\\\/moi-96x96.jpg\",\"contentUrl\":\"https:\\\/\\\/www.geopolitics.fr\\\/wp-content\\\/uploads\\\/2026\\\/05\\\/moi-96x96.jpg\",\"caption\":\"Erwan Davoux\"},\"description\":\"Erwan DAVOUX est Pr\u00e9sident de LMD CONSEIL, (conseil strat\u00e9gique, intelligence \u00e9conomique, risque g\u00e9opolitique, influence politique, diplomatie \u00e9conomique). Dipl\u00f4m\u00e9 de l'IEP de Paris et de l'INALCO (d\u00e9partement d'\u00e9tudes arabes), il est directeur de la publication de geopolitics.fr. Ancien fonctionnaire au Minist\u00e8re de l'Int\u00e9rieur et de la D\u00e9fense (DGSE) Ancien charg\u00e9 de Mission \u00e0 la Pr\u00e9sidence de la R\u00e9publique (cellule diplomatique) Conseil de nombreuses personnalit\u00e9s politiques \u00e0 l'International (dont deux anciens Premiers ministres).\",\"sameAs\":[\"Erwan Davoux\",\"@erwandavoux\",\"https:\\\/\\\/www.linkedin.com\\\/in\\\/erwan-davoux-6800b289\\\/\",\"https:\\\/\\\/x.com\\\/@erwandavoux @Geo_politicsfr\"],\"url\":\"https:\\\/\\\/www.geopolitics.fr\\\/en\\\/author\\\/erwan-davoux\\\/\"}]}<\/script>\n<!-- \/ Yoast SEO Premium plugin. -->","yoast_head_json":{"title":"Reconqu\u00eate ou d\u00e9bandade\u00a0? | Geopolitics.fr","description":"Elections europ\u00e9ennes de juin 21024, la liste d'extr\u00eame-droite Reconqu\u00eate\/Zemmour, vers une lourde d\u00e9faite","robots":{"index":"index","follow":"follow","max-snippet":"max-snippet:-1","max-image-preview":"max-image-preview:large","max-video-preview":"max-video-preview:-1"},"canonical":"https:\/\/www.geopolitics.fr\/en\/2024\/05\/28\/reconquete-ou-debandade\/","og_locale":"en_GB","og_type":"article","og_title":"Reconqu\u00eate ou d\u00e9bandade\u00a0?","og_description":"Elections europ\u00e9ennes de juin 21024, la liste d'extr\u00eame-droite Reconqu\u00eate\/Zemmour, vers une lourde d\u00e9faite","og_url":"https:\/\/www.geopolitics.fr\/en\/2024\/05\/28\/reconquete-ou-debandade\/","og_site_name":"Geopolitics.fr","article_publisher":"https:\/\/www.facebook.com\/people\/Erwan-Davoux\/61557098968092\/","article_author":"Erwan Davoux","article_published_time":"2024-05-28T09:00:00+00:00","article_modified_time":"2024-05-29T09:24:53+00:00","og_image":[{"width":1920,"height":483,"url":"https:\/\/www.geopolitics.fr\/wp-content\/uploads\/2024\/03\/Depositphotos_706039778_XL-scaled.jpg","type":"image\/jpeg"}],"author":"Erwan Davoux","twitter_card":"summary_large_image","twitter_creator":"@erwandavoux @Geo_politicsfr","twitter_site":"@Geopolitics_Fr","twitter_misc":{"Written by":"Erwan Davoux","Estimated reading time":"8 minutes"},"schema":{"@context":"https:\/\/schema.org","@graph":[{"@type":"Article","@id":"https:\/\/www.geopolitics.fr\/2024\/05\/28\/reconquete-ou-debandade\/#article","isPartOf":{"@id":"https:\/\/www.geopolitics.fr\/2024\/05\/28\/reconquete-ou-debandade\/"},"author":{"name":"Erwan Davoux","@id":"https:\/\/www.geopolitics.fr\/#\/schema\/person\/a487273e91313e368925717400fa1b11"},"headline":"Reconqu\u00eate ou d\u00e9bandade\u00a0?","datePublished":"2024-05-28T09:00:00+00:00","dateModified":"2024-05-29T09:24:53+00:00","mainEntityOfPage":{"@id":"https:\/\/www.geopolitics.fr\/2024\/05\/28\/reconquete-ou-debandade\/"},"wordCount":1549,"commentCount":0,"publisher":{"@id":"https:\/\/www.geopolitics.fr\/#organization"},"image":{"@id":"https:\/\/www.geopolitics.fr\/2024\/05\/28\/reconquete-ou-debandade\/#primaryimage"},"thumbnailUrl":"https:\/\/www.geopolitics.fr\/wp-content\/uploads\/2024\/03\/Depositphotos_706039778_XL-scaled.jpg","keywords":["RECONQUETE","ZEMMOUR"],"articleSection":["Election","Politique"],"inLanguage":"en-GB"},{"@type":"WebPage","@id":"https:\/\/www.geopolitics.fr\/2024\/05\/28\/reconquete-ou-debandade\/","url":"https:\/\/www.geopolitics.fr\/2024\/05\/28\/reconquete-ou-debandade\/","name":"Reconqu\u00eate ou d\u00e9bandade\u00a0? | Geopolitics.fr","isPartOf":{"@id":"https:\/\/www.geopolitics.fr\/#website"},"primaryImageOfPage":{"@id":"https:\/\/www.geopolitics.fr\/2024\/05\/28\/reconquete-ou-debandade\/#primaryimage"},"image":{"@id":"https:\/\/www.geopolitics.fr\/2024\/05\/28\/reconquete-ou-debandade\/#primaryimage"},"thumbnailUrl":"https:\/\/www.geopolitics.fr\/wp-content\/uploads\/2024\/03\/Depositphotos_706039778_XL-scaled.jpg","datePublished":"2024-05-28T09:00:00+00:00","dateModified":"2024-05-29T09:24:53+00:00","description":"Elections europ\u00e9ennes de juin 21024, la liste d'extr\u00eame-droite Reconqu\u00eate\/Zemmour, vers une lourde d\u00e9faite","breadcrumb":{"@id":"https:\/\/www.geopolitics.fr\/2024\/05\/28\/reconquete-ou-debandade\/#breadcrumb"},"inLanguage":"en-GB","potentialAction":[{"@type":"ReadAction","target":["https:\/\/www.geopolitics.fr\/2024\/05\/28\/reconquete-ou-debandade\/"]}]},{"@type":"ImageObject","inLanguage":"en-GB","@id":"https:\/\/www.geopolitics.fr\/2024\/05\/28\/reconquete-ou-debandade\/#primaryimage","url":"https:\/\/www.geopolitics.fr\/wp-content\/uploads\/2024\/03\/Depositphotos_706039778_XL-scaled.jpg","contentUrl":"https:\/\/www.geopolitics.fr\/wp-content\/uploads\/2024\/03\/Depositphotos_706039778_XL-scaled.jpg","width":1920,"height":483},{"@type":"BreadcrumbList","@id":"https:\/\/www.geopolitics.fr\/2024\/05\/28\/reconquete-ou-debandade\/#breadcrumb","itemListElement":[{"@type":"ListItem","position":1,"name":"Accueil","item":"https:\/\/www.geopolitics.fr\/"},{"@type":"ListItem","position":2,"name":"Reconqu\u00eate ou d\u00e9bandade\u00a0?"}]},{"@type":"WebSite","@id":"https:\/\/www.geopolitics.fr\/#website","url":"https:\/\/www.geopolitics.fr\/","name":"Geopolitics.fr","description":"Geopolitics.fr Analyse politique, relations internationales, d\u00e9fense - ligne \u00e9ditoriale gaullo-chiraquienne","publisher":{"@id":"https:\/\/www.geopolitics.fr\/#organization"},"potentialAction":[{"@type":"SearchAction","target":{"@type":"EntryPoint","urlTemplate":"https:\/\/www.geopolitics.fr\/?s={search_term_string}"},"query-input":{"@type":"PropertyValueSpecification","valueRequired":true,"valueName":"search_term_string"}}],"inLanguage":"en-GB"},{"@type":"Organization","@id":"https:\/\/www.geopolitics.fr\/#organization","name":"Geopolitics.fr","url":"https:\/\/www.geopolitics.fr\/","logo":{"@type":"ImageObject","inLanguage":"en-GB","@id":"https:\/\/www.geopolitics.fr\/#\/schema\/logo\/image\/","url":"https:\/\/www.geopolitics.fr\/wp-content\/uploads\/2024\/01\/logo.jpg","contentUrl":"https:\/\/www.geopolitics.fr\/wp-content\/uploads\/2024\/01\/logo.jpg","width":500,"height":500,"caption":"Geopolitics.fr"},"image":{"@id":"https:\/\/www.geopolitics.fr\/#\/schema\/logo\/image\/"},"sameAs":["https:\/\/www.facebook.com\/people\/Erwan-Davoux\/61557098968092\/","https:\/\/x.com\/Geopolitics_Fr"]},{"@type":"Person","@id":"https:\/\/www.geopolitics.fr\/#\/schema\/person\/a487273e91313e368925717400fa1b11","name":"Erwan Davoux","image":{"@type":"ImageObject","inLanguage":"en-GB","@id":"https:\/\/www.geopolitics.fr\/wp-content\/uploads\/2026\/05\/moi-96x96.jpg","url":"https:\/\/www.geopolitics.fr\/wp-content\/uploads\/2026\/05\/moi-96x96.jpg","contentUrl":"https:\/\/www.geopolitics.fr\/wp-content\/uploads\/2026\/05\/moi-96x96.jpg","caption":"Erwan Davoux"},"description":"Erwan DAVOUX est Pr\u00e9sident de LMD CONSEIL, (conseil strat\u00e9gique, intelligence \u00e9conomique, risque g\u00e9opolitique, influence politique, diplomatie \u00e9conomique). Dipl\u00f4m\u00e9 de l'IEP de Paris et de l'INALCO (d\u00e9partement d'\u00e9tudes arabes), il est directeur de la publication de geopolitics.fr. Ancien fonctionnaire au Minist\u00e8re de l'Int\u00e9rieur et de la D\u00e9fense (DGSE) Ancien charg\u00e9 de Mission \u00e0 la Pr\u00e9sidence de la R\u00e9publique (cellule diplomatique) Conseil de nombreuses personnalit\u00e9s politiques \u00e0 l'International (dont deux anciens Premiers ministres).","sameAs":["Erwan Davoux","@erwandavoux","https:\/\/www.linkedin.com\/in\/erwan-davoux-6800b289\/","https:\/\/x.com\/@erwandavoux @Geo_politicsfr"],"url":"https:\/\/www.geopolitics.fr\/en\/author\/erwan-davoux\/"}]}},"_links":{"self":[{"href":"https:\/\/www.geopolitics.fr\/en\/wp-json\/wp\/v2\/posts\/2763","targetHints":{"allow":["GET"]}}],"collection":[{"href":"https:\/\/www.geopolitics.fr\/en\/wp-json\/wp\/v2\/posts"}],"about":[{"href":"https:\/\/www.geopolitics.fr\/en\/wp-json\/wp\/v2\/types\/post"}],"author":[{"embeddable":true,"href":"https:\/\/www.geopolitics.fr\/en\/wp-json\/wp\/v2\/users\/16"}],"replies":[{"embeddable":true,"href":"https:\/\/www.geopolitics.fr\/en\/wp-json\/wp\/v2\/comments?post=2763"}],"version-history":[{"count":0,"href":"https:\/\/www.geopolitics.fr\/en\/wp-json\/wp\/v2\/posts\/2763\/revisions"}],"wp:featuredmedia":[{"embeddable":true,"href":"https:\/\/www.geopolitics.fr\/en\/wp-json\/wp\/v2\/media\/2357"}],"wp:attachment":[{"href":"https:\/\/www.geopolitics.fr\/en\/wp-json\/wp\/v2\/media?parent=2763"}],"wp:term":[{"taxonomy":"category","embeddable":true,"href":"https:\/\/www.geopolitics.fr\/en\/wp-json\/wp\/v2\/categories?post=2763"},{"taxonomy":"post_tag","embeddable":true,"href":"https:\/\/www.geopolitics.fr\/en\/wp-json\/wp\/v2\/tags?post=2763"}],"curies":[{"name":"wp","href":"https:\/\/api.w.org\/{rel}","templated":true}]}}