{"id":2759,"date":"2024-05-26T08:34:16","date_gmt":"2024-05-26T06:34:16","guid":{"rendered":"https:\/\/www.geopolitics.fr\/?p=2759"},"modified":"2024-05-28T09:51:57","modified_gmt":"2024-05-28T07:51:57","slug":"motion-de-censure-marleix-pas-sur-de-ses-forces","status":"publish","type":"post","link":"https:\/\/www.geopolitics.fr\/en\/2024\/05\/26\/motion-de-censure-marleix-pas-sur-de-ses-forces\/","title":{"rendered":"Motion de censure : Marleix pas s\u00fbr de ses forces\u00a0"},"content":{"rendered":"<p class=\"has-medium-font-size wp-block-paragraph\">Si le Pr\u00e9sident du groupe LR \u00e0 l\u2019Assembl\u00e9e Nationale semble temporiser sur la question du d\u00e9p\u00f4t d\u2019une motion de censure, cela ne serait pas uniquement li\u00e9 \u00e0 un agenda politique cach\u00e9.. mais \u00e0 un \u00e9tat des forces inqui\u00e9tant pour lui. Il ne serait, en effet, plus qu\u2019une petite trentaine de d\u00e9put\u00e9s \u00e0 vouloir le suivre dans cette aventure politique jug\u00e9e hasardeuse, bien loin donc des 58 signatures n\u00e9cessaires pour enclencher cette proc\u00e9dure. M\u00eame son de cloche chez LIOT o\u00f9 Marleix ne parviendrait pas \u00e0 faire le plein pour venir soutenir cette initiative en l\u2019\u00e9tat actuel des choses. De quoi donner quelques id\u00e9es \u00e0 Aur\u00e9lien Pradi\u00e9 qui profite de cette s\u00e9quence compliqu\u00e9e pour Marleix pour faire courir le bruit selon lequel un nouveau groupe parlementaire, dont il prendrait \u00e9videmment la t\u00eate, pourrait venir jouer les trouble-f\u00eates \u00e0 la rentr\u00e9e.<\/p>","protected":false},"excerpt":{"rendered":"<p>Si le Pr\u00e9sident du groupe LR \u00e0 l\u2019Assembl\u00e9e Nationale semble temporiser sur la question du d\u00e9p\u00f4t d\u2019une motion de censure, cela ne&hellip;<\/p>","protected":false},"author":9,"featured_media":2760,"comment_status":"open","ping_status":"open","sticky":false,"template":"","format":"standard","meta":{"_lmt_disableupdate":"","_lmt_disable":"","footnotes":""},"categories":[41,3,43],"tags":[],"class_list":["post-2759","post","type-post","status-publish","format-standard","has-post-thumbnail","hentry","category-actualite","category-politique","category-top-secret"],"yoast_head":"<!-- This site is optimized with the Yoast SEO Premium plugin v28.1 (Yoast SEO v28.1) - https:\/\/yoast.com\/product\/yoast-seo-premium-wordpress\/ -->\n<title>Motion de censure : Marleix pas s\u00fbr de ses forces\u00a0 | Geopolitics.fr<\/title>\n<meta name=\"robots\" content=\"index, follow, max-snippet:-1, max-image-preview:large, max-video-preview:-1\" \/>\n<link rel=\"canonical\" href=\"https:\/\/www.geopolitics.fr\/en\/2024\/05\/26\/motion-de-censure-marleix-pas-sur-de-ses-forces\/\" \/>\n<meta property=\"og:locale\" content=\"en_GB\" \/>\n<meta property=\"og:type\" content=\"article\" \/>\n<meta property=\"og:title\" content=\"Motion de censure : Marleix pas s\u00fbr de ses forces\u00a0\" \/>\n<meta property=\"og:description\" content=\"Si le Pr\u00e9sident du groupe LR \u00e0 l\u2019Assembl\u00e9e Nationale semble temporiser sur la question du d\u00e9p\u00f4t d\u2019une motion de censure, cela ne&hellip;\" \/>\n<meta property=\"og:url\" content=\"https:\/\/www.geopolitics.fr\/en\/2024\/05\/26\/motion-de-censure-marleix-pas-sur-de-ses-forces\/\" \/>\n<meta property=\"og:site_name\" content=\"Geopolitics.fr\" \/>\n<meta property=\"article:publisher\" content=\"https:\/\/www.facebook.com\/people\/Erwan-Davoux\/61557098968092\/\" \/>\n<meta property=\"article:published_time\" content=\"2024-05-26T06:34:16+00:00\" \/>\n<meta property=\"article:modified_time\" content=\"2024-05-28T07:51:57+00:00\" \/>\n<meta property=\"og:image\" content=\"https:\/\/www.geopolitics.fr\/wp-content\/uploads\/2024\/05\/assemblee.jpg\" \/>\n\t<meta property=\"og:image:width\" content=\"914\" \/>\n\t<meta property=\"og:image:height\" content=\"514\" \/>\n\t<meta property=\"og:image:type\" content=\"image\/jpeg\" \/>\n<meta name=\"author\" content=\"contact@geopolitics.fr\" \/>\n<meta name=\"twitter:card\" content=\"summary_large_image\" \/>\n<meta name=\"twitter:creator\" content=\"@Geopolitics_Fr\" \/>\n<meta name=\"twitter:site\" content=\"@Geopolitics_Fr\" \/>\n<meta name=\"twitter:label1\" content=\"Written by\" \/>\n\t<meta name=\"twitter:data1\" content=\"contact@geopolitics.fr\" \/>\n\t<meta name=\"twitter:label2\" content=\"Estimated reading time\" \/>\n\t<meta name=\"twitter:data2\" content=\"1 minute\" \/>\n<script type=\"application\/ld+json\" class=\"yoast-schema-graph\">{\"@context\":\"https:\\\/\\\/schema.org\",\"@graph\":[{\"@type\":\"Article\",\"@id\":\"https:\\\/\\\/www.geopolitics.fr\\\/2024\\\/05\\\/26\\\/motion-de-censure-marleix-pas-sur-de-ses-forces\\\/#article\",\"isPartOf\":{\"@id\":\"https:\\\/\\\/www.geopolitics.fr\\\/2024\\\/05\\\/26\\\/motion-de-censure-marleix-pas-sur-de-ses-forces\\\/\"},\"author\":{\"name\":\"contact@geopolitics.fr\",\"@id\":\"https:\\\/\\\/www.geopolitics.fr\\\/#\\\/schema\\\/person\\\/69dde260ad11805e2aa68f0d9e9128da\"},\"headline\":\"Motion de censure : Marleix pas s\u00fbr de ses forces\u00a0\",\"datePublished\":\"2024-05-26T06:34:16+00:00\",\"dateModified\":\"2024-05-28T07:51:57+00:00\",\"mainEntityOfPage\":{\"@id\":\"https:\\\/\\\/www.geopolitics.fr\\\/2024\\\/05\\\/26\\\/motion-de-censure-marleix-pas-sur-de-ses-forces\\\/\"},\"wordCount\":162,\"commentCount\":0,\"publisher\":{\"@id\":\"https:\\\/\\\/www.geopolitics.fr\\\/#organization\"},\"image\":{\"@id\":\"https:\\\/\\\/www.geopolitics.fr\\\/2024\\\/05\\\/26\\\/motion-de-censure-marleix-pas-sur-de-ses-forces\\\/#primaryimage\"},\"thumbnailUrl\":\"https:\\\/\\\/www.geopolitics.fr\\\/wp-content\\\/uploads\\\/2024\\\/05\\\/assemblee.jpg\",\"articleSection\":[\"Actualit\u00e9\",\"Politique\",\"Top secret\"],\"inLanguage\":\"en-GB\"},{\"@type\":\"WebPage\",\"@id\":\"https:\\\/\\\/www.geopolitics.fr\\\/2024\\\/05\\\/26\\\/motion-de-censure-marleix-pas-sur-de-ses-forces\\\/\",\"url\":\"https:\\\/\\\/www.geopolitics.fr\\\/2024\\\/05\\\/26\\\/motion-de-censure-marleix-pas-sur-de-ses-forces\\\/\",\"name\":\"Motion de censure : Marleix pas s\u00fbr de ses forces\u00a0 | Geopolitics.fr\",\"isPartOf\":{\"@id\":\"https:\\\/\\\/www.geopolitics.fr\\\/#website\"},\"primaryImageOfPage\":{\"@id\":\"https:\\\/\\\/www.geopolitics.fr\\\/2024\\\/05\\\/26\\\/motion-de-censure-marleix-pas-sur-de-ses-forces\\\/#primaryimage\"},\"image\":{\"@id\":\"https:\\\/\\\/www.geopolitics.fr\\\/2024\\\/05\\\/26\\\/motion-de-censure-marleix-pas-sur-de-ses-forces\\\/#primaryimage\"},\"thumbnailUrl\":\"https:\\\/\\\/www.geopolitics.fr\\\/wp-content\\\/uploads\\\/2024\\\/05\\\/assemblee.jpg\",\"datePublished\":\"2024-05-26T06:34:16+00:00\",\"dateModified\":\"2024-05-28T07:51:57+00:00\",\"breadcrumb\":{\"@id\":\"https:\\\/\\\/www.geopolitics.fr\\\/2024\\\/05\\\/26\\\/motion-de-censure-marleix-pas-sur-de-ses-forces\\\/#breadcrumb\"},\"inLanguage\":\"en-GB\",\"potentialAction\":[{\"@type\":\"ReadAction\",\"target\":[\"https:\\\/\\\/www.geopolitics.fr\\\/2024\\\/05\\\/26\\\/motion-de-censure-marleix-pas-sur-de-ses-forces\\\/\"]}]},{\"@type\":\"ImageObject\",\"inLanguage\":\"en-GB\",\"@id\":\"https:\\\/\\\/www.geopolitics.fr\\\/2024\\\/05\\\/26\\\/motion-de-censure-marleix-pas-sur-de-ses-forces\\\/#primaryimage\",\"url\":\"https:\\\/\\\/www.geopolitics.fr\\\/wp-content\\\/uploads\\\/2024\\\/05\\\/assemblee.jpg\",\"contentUrl\":\"https:\\\/\\\/www.geopolitics.fr\\\/wp-content\\\/uploads\\\/2024\\\/05\\\/assemblee.jpg\",\"width\":914,\"height\":514},{\"@type\":\"BreadcrumbList\",\"@id\":\"https:\\\/\\\/www.geopolitics.fr\\\/2024\\\/05\\\/26\\\/motion-de-censure-marleix-pas-sur-de-ses-forces\\\/#breadcrumb\",\"itemListElement\":[{\"@type\":\"ListItem\",\"position\":1,\"name\":\"Accueil\",\"item\":\"https:\\\/\\\/www.geopolitics.fr\\\/\"},{\"@type\":\"ListItem\",\"position\":2,\"name\":\"Motion de censure : Marleix pas s\u00fbr de ses forces\u00a0\"}]},{\"@type\":\"WebSite\",\"@id\":\"https:\\\/\\\/www.geopolitics.fr\\\/#website\",\"url\":\"https:\\\/\\\/www.geopolitics.fr\\\/\",\"name\":\"Geopolitics.fr\",\"description\":\"Geopolitics.fr Analyse politique, relations internationales, d\u00e9fense - ligne \u00e9ditoriale gaullo-chiraquienne\",\"publisher\":{\"@id\":\"https:\\\/\\\/www.geopolitics.fr\\\/#organization\"},\"potentialAction\":[{\"@type\":\"SearchAction\",\"target\":{\"@type\":\"EntryPoint\",\"urlTemplate\":\"https:\\\/\\\/www.geopolitics.fr\\\/?s={search_term_string}\"},\"query-input\":{\"@type\":\"PropertyValueSpecification\",\"valueRequired\":true,\"valueName\":\"search_term_string\"}}],\"inLanguage\":\"en-GB\"},{\"@type\":\"Organization\",\"@id\":\"https:\\\/\\\/www.geopolitics.fr\\\/#organization\",\"name\":\"Geopolitics.fr\",\"url\":\"https:\\\/\\\/www.geopolitics.fr\\\/\",\"logo\":{\"@type\":\"ImageObject\",\"inLanguage\":\"en-GB\",\"@id\":\"https:\\\/\\\/www.geopolitics.fr\\\/#\\\/schema\\\/logo\\\/image\\\/\",\"url\":\"https:\\\/\\\/www.geopolitics.fr\\\/wp-content\\\/uploads\\\/2024\\\/01\\\/logo.jpg\",\"contentUrl\":\"https:\\\/\\\/www.geopolitics.fr\\\/wp-content\\\/uploads\\\/2024\\\/01\\\/logo.jpg\",\"width\":500,\"height\":500,\"caption\":\"Geopolitics.fr\"},\"image\":{\"@id\":\"https:\\\/\\\/www.geopolitics.fr\\\/#\\\/schema\\\/logo\\\/image\\\/\"},\"sameAs\":[\"https:\\\/\\\/www.facebook.com\\\/people\\\/Erwan-Davoux\\\/61557098968092\\\/\",\"https:\\\/\\\/x.com\\\/Geopolitics_Fr\"]},{\"@type\":\"Person\",\"@id\":\"https:\\\/\\\/www.geopolitics.fr\\\/#\\\/schema\\\/person\\\/69dde260ad11805e2aa68f0d9e9128da\",\"name\":\"contact@geopolitics.fr\",\"image\":{\"@type\":\"ImageObject\",\"inLanguage\":\"en-GB\",\"@id\":\"https:\\\/\\\/www.geopolitics.fr\\\/wp-content\\\/uploads\\\/2024\\\/01\\\/edito-bonne-banniere-96x96.jpg\",\"url\":\"https:\\\/\\\/www.geopolitics.fr\\\/wp-content\\\/uploads\\\/2024\\\/01\\\/edito-bonne-banniere-96x96.jpg\",\"contentUrl\":\"https:\\\/\\\/www.geopolitics.fr\\\/wp-content\\\/uploads\\\/2024\\\/01\\\/edito-bonne-banniere-96x96.jpg\",\"caption\":\"contact@geopolitics.fr\"},\"url\":\"https:\\\/\\\/www.geopolitics.fr\\\/en\\\/author\\\/contactgeopolitics-fr\\\/\"}]}<\/script>\n<!-- \/ Yoast SEO Premium plugin. -->","yoast_head_json":{"title":"Motion de censure : Marleix pas s\u00fbr de ses forces\u00a0 | Geopolitics.fr","robots":{"index":"index","follow":"follow","max-snippet":"max-snippet:-1","max-image-preview":"max-image-preview:large","max-video-preview":"max-video-preview:-1"},"canonical":"https:\/\/www.geopolitics.fr\/en\/2024\/05\/26\/motion-de-censure-marleix-pas-sur-de-ses-forces\/","og_locale":"en_GB","og_type":"article","og_title":"Motion de censure : Marleix pas s\u00fbr de ses forces\u00a0","og_description":"Si le Pr\u00e9sident du groupe LR \u00e0 l\u2019Assembl\u00e9e Nationale semble temporiser sur la question du d\u00e9p\u00f4t d\u2019une motion de censure, cela ne&hellip;","og_url":"https:\/\/www.geopolitics.fr\/en\/2024\/05\/26\/motion-de-censure-marleix-pas-sur-de-ses-forces\/","og_site_name":"Geopolitics.fr","article_publisher":"https:\/\/www.facebook.com\/people\/Erwan-Davoux\/61557098968092\/","article_published_time":"2024-05-26T06:34:16+00:00","article_modified_time":"2024-05-28T07:51:57+00:00","og_image":[{"width":914,"height":514,"url":"https:\/\/www.geopolitics.fr\/wp-content\/uploads\/2024\/05\/assemblee.jpg","type":"image\/jpeg"}],"author":"contact@geopolitics.fr","twitter_card":"summary_large_image","twitter_creator":"@Geopolitics_Fr","twitter_site":"@Geopolitics_Fr","twitter_misc":{"Written by":"contact@geopolitics.fr","Estimated reading time":"1 minute"},"schema":{"@context":"https:\/\/schema.org","@graph":[{"@type":"Article","@id":"https:\/\/www.geopolitics.fr\/2024\/05\/26\/motion-de-censure-marleix-pas-sur-de-ses-forces\/#article","isPartOf":{"@id":"https:\/\/www.geopolitics.fr\/2024\/05\/26\/motion-de-censure-marleix-pas-sur-de-ses-forces\/"},"author":{"name":"contact@geopolitics.fr","@id":"https:\/\/www.geopolitics.fr\/#\/schema\/person\/69dde260ad11805e2aa68f0d9e9128da"},"headline":"Motion de censure : Marleix pas s\u00fbr de ses forces\u00a0","datePublished":"2024-05-26T06:34:16+00:00","dateModified":"2024-05-28T07:51:57+00:00","mainEntityOfPage":{"@id":"https:\/\/www.geopolitics.fr\/2024\/05\/26\/motion-de-censure-marleix-pas-sur-de-ses-forces\/"},"wordCount":162,"commentCount":0,"publisher":{"@id":"https:\/\/www.geopolitics.fr\/#organization"},"image":{"@id":"https:\/\/www.geopolitics.fr\/2024\/05\/26\/motion-de-censure-marleix-pas-sur-de-ses-forces\/#primaryimage"},"thumbnailUrl":"https:\/\/www.geopolitics.fr\/wp-content\/uploads\/2024\/05\/assemblee.jpg","articleSection":["Actualit\u00e9","Politique","Top secret"],"inLanguage":"en-GB"},{"@type":"WebPage","@id":"https:\/\/www.geopolitics.fr\/2024\/05\/26\/motion-de-censure-marleix-pas-sur-de-ses-forces\/","url":"https:\/\/www.geopolitics.fr\/2024\/05\/26\/motion-de-censure-marleix-pas-sur-de-ses-forces\/","name":"Motion de censure : Marleix pas s\u00fbr de ses forces\u00a0 | Geopolitics.fr","isPartOf":{"@id":"https:\/\/www.geopolitics.fr\/#website"},"primaryImageOfPage":{"@id":"https:\/\/www.geopolitics.fr\/2024\/05\/26\/motion-de-censure-marleix-pas-sur-de-ses-forces\/#primaryimage"},"image":{"@id":"https:\/\/www.geopolitics.fr\/2024\/05\/26\/motion-de-censure-marleix-pas-sur-de-ses-forces\/#primaryimage"},"thumbnailUrl":"https:\/\/www.geopolitics.fr\/wp-content\/uploads\/2024\/05\/assemblee.jpg","datePublished":"2024-05-26T06:34:16+00:00","dateModified":"2024-05-28T07:51:57+00:00","breadcrumb":{"@id":"https:\/\/www.geopolitics.fr\/2024\/05\/26\/motion-de-censure-marleix-pas-sur-de-ses-forces\/#breadcrumb"},"inLanguage":"en-GB","potentialAction":[{"@type":"ReadAction","target":["https:\/\/www.geopolitics.fr\/2024\/05\/26\/motion-de-censure-marleix-pas-sur-de-ses-forces\/"]}]},{"@type":"ImageObject","inLanguage":"en-GB","@id":"https:\/\/www.geopolitics.fr\/2024\/05\/26\/motion-de-censure-marleix-pas-sur-de-ses-forces\/#primaryimage","url":"https:\/\/www.geopolitics.fr\/wp-content\/uploads\/2024\/05\/assemblee.jpg","contentUrl":"https:\/\/www.geopolitics.fr\/wp-content\/uploads\/2024\/05\/assemblee.jpg","width":914,"height":514},{"@type":"BreadcrumbList","@id":"https:\/\/www.geopolitics.fr\/2024\/05\/26\/motion-de-censure-marleix-pas-sur-de-ses-forces\/#breadcrumb","itemListElement":[{"@type":"ListItem","position":1,"name":"Accueil","item":"https:\/\/www.geopolitics.fr\/"},{"@type":"ListItem","position":2,"name":"Motion de censure : Marleix pas s\u00fbr de ses forces\u00a0"}]},{"@type":"WebSite","@id":"https:\/\/www.geopolitics.fr\/#website","url":"https:\/\/www.geopolitics.fr\/","name":"Geopolitics.fr","description":"Geopolitics.fr Analyse politique, relations internationales, d\u00e9fense - ligne \u00e9ditoriale gaullo-chiraquienne","publisher":{"@id":"https:\/\/www.geopolitics.fr\/#organization"},"potentialAction":[{"@type":"SearchAction","target":{"@type":"EntryPoint","urlTemplate":"https:\/\/www.geopolitics.fr\/?s={search_term_string}"},"query-input":{"@type":"PropertyValueSpecification","valueRequired":true,"valueName":"search_term_string"}}],"inLanguage":"en-GB"},{"@type":"Organization","@id":"https:\/\/www.geopolitics.fr\/#organization","name":"Geopolitics.fr","url":"https:\/\/www.geopolitics.fr\/","logo":{"@type":"ImageObject","inLanguage":"en-GB","@id":"https:\/\/www.geopolitics.fr\/#\/schema\/logo\/image\/","url":"https:\/\/www.geopolitics.fr\/wp-content\/uploads\/2024\/01\/logo.jpg","contentUrl":"https:\/\/www.geopolitics.fr\/wp-content\/uploads\/2024\/01\/logo.jpg","width":500,"height":500,"caption":"Geopolitics.fr"},"image":{"@id":"https:\/\/www.geopolitics.fr\/#\/schema\/logo\/image\/"},"sameAs":["https:\/\/www.facebook.com\/people\/Erwan-Davoux\/61557098968092\/","https:\/\/x.com\/Geopolitics_Fr"]},{"@type":"Person","@id":"https:\/\/www.geopolitics.fr\/#\/schema\/person\/69dde260ad11805e2aa68f0d9e9128da","name":"contact@geopolitics.fr","image":{"@type":"ImageObject","inLanguage":"en-GB","@id":"https:\/\/www.geopolitics.fr\/wp-content\/uploads\/2024\/01\/edito-bonne-banniere-96x96.jpg","url":"https:\/\/www.geopolitics.fr\/wp-content\/uploads\/2024\/01\/edito-bonne-banniere-96x96.jpg","contentUrl":"https:\/\/www.geopolitics.fr\/wp-content\/uploads\/2024\/01\/edito-bonne-banniere-96x96.jpg","caption":"contact@geopolitics.fr"},"url":"https:\/\/www.geopolitics.fr\/en\/author\/contactgeopolitics-fr\/"}]}},"_links":{"self":[{"href":"https:\/\/www.geopolitics.fr\/en\/wp-json\/wp\/v2\/posts\/2759","targetHints":{"allow":["GET"]}}],"collection":[{"href":"https:\/\/www.geopolitics.fr\/en\/wp-json\/wp\/v2\/posts"}],"about":[{"href":"https:\/\/www.geopolitics.fr\/en\/wp-json\/wp\/v2\/types\/post"}],"author":[{"embeddable":true,"href":"https:\/\/www.geopolitics.fr\/en\/wp-json\/wp\/v2\/users\/9"}],"replies":[{"embeddable":true,"href":"https:\/\/www.geopolitics.fr\/en\/wp-json\/wp\/v2\/comments?post=2759"}],"version-history":[{"count":0,"href":"https:\/\/www.geopolitics.fr\/en\/wp-json\/wp\/v2\/posts\/2759\/revisions"}],"wp:featuredmedia":[{"embeddable":true,"href":"https:\/\/www.geopolitics.fr\/en\/wp-json\/wp\/v2\/media\/2760"}],"wp:attachment":[{"href":"https:\/\/www.geopolitics.fr\/en\/wp-json\/wp\/v2\/media?parent=2759"}],"wp:term":[{"taxonomy":"category","embeddable":true,"href":"https:\/\/www.geopolitics.fr\/en\/wp-json\/wp\/v2\/categories?post=2759"},{"taxonomy":"post_tag","embeddable":true,"href":"https:\/\/www.geopolitics.fr\/en\/wp-json\/wp\/v2\/tags?post=2759"}],"curies":[{"name":"wp","href":"https:\/\/api.w.org\/{rel}","templated":true}]}}