{"id":2743,"date":"2024-05-25T11:30:00","date_gmt":"2024-05-25T09:30:00","guid":{"rendered":"https:\/\/www.geopolitics.fr\/?p=2743"},"modified":"2024-05-28T09:52:34","modified_gmt":"2024-05-28T07:52:34","slug":"le-suicide-de-la-droite-ou-comment-est-on-passes-de-jacques-chirac-a-eric-ciotti","status":"publish","type":"post","link":"https:\/\/www.geopolitics.fr\/en\/2024\/05\/25\/le-suicide-de-la-droite-ou-comment-est-on-passes-de-jacques-chirac-a-eric-ciotti\/","title":{"rendered":"Le suicide de la Droite o\u00f9 comment est-on pass\u00e9s de Jacques Chirac \u00e0 Eric Ciotti ?"},"content":{"rendered":"<h2 class=\"wp-block-heading has-text-align-center\" id=\"h-episode-3-et-les-fillonistes-coulerent-le-titanic\"><strong>Episode 3 &#8211; Et les fillonistes coul\u00e8rent le Titanic<\/strong>&#8230;..<\/h2>\n\n\n\n<h2 class=\"wp-block-heading\" id=\"h-a-l-ete-2012-la-droite-a-certes-perdu-la-presidentielle-et-les-legislatives-qui-suivirent-mais-sa-situation-est-paradoxalement-plutot-bonne\"><strong>A l&rsquo;\u00e9t\u00e9 2012, La droite a certes perdu la pr\u00e9sidentielle et les l\u00e9gislatives qui suivirent mais sa situation est paradoxalement plut\u00f4t bonne.<\/strong><\/h2>\n\n\n\n<p class=\"has-medium-font-size wp-block-paragraph\">En effet, la d\u00e9faite de 2012 est due en grande partie au rejet de la personne ou de la personnalit\u00e9 de Nicolas Sarkozy. L&rsquo;UMP est alors un parti solide qui compte plus de 300 000 adh\u00e9rents et bien \u00ab\u00a0cheff\u00e9\u00a0\u00bb par Jean-Fran\u00e7ois Cop\u00e9 qui mouille la chemise et s&rsquo;impose un rythme de travail et de d\u00e9placements effr\u00e9n\u00e9s, \u00e0 la hauteur de ses ambitions. <\/p>\n\n\n\n<p class=\"has-medium-font-size wp-block-paragraph\"><strong>Le quinquennat de Fran\u00e7ois Hollande est, d\u00e8s ses d\u00e9buts, calamiteux<\/strong>, Il n&rsquo;y a pas de surprise. Entr\u00e9 par au moins deux concours de circonstances \u00e0 l&rsquo;Elys\u00e9e (l&rsquo;\u00e9limination de DSK et le rejet de Nicolas Sarkozy), il n&rsquo;habitera jamais la fonction. <strong>D\u00e8s cette p\u00e9riode, le retour de la droite au pouvoir semble probable et l&rsquo;hypoth\u00e8se Cop\u00e9 2017 de plus en plus cr\u00e9dible.<\/strong><\/p>\n\n\n\n<p class=\"has-medium-font-size wp-block-paragraph\"><strong>Jean-Fran\u00e7ois Cop\u00e9 est d\u00e9sormais le seul ma\u00eetre \u00e0 bord mais il a un souci principal : il n&rsquo;a jamais \u00e9t\u00e9 sarkozyste <\/strong>ou \u00e0 contrec\u0153ur et du bout des l\u00e8vres. <strong>Or, les militants et les adh\u00e9rents restent tr\u00e8s sarkozyste. Comment rompre avec une ligne politique (d\u00e9j\u00e0) condamn\u00e9e sans froisser la base alors que l&rsquo;\u00e9lection du Pr\u00e9sident de l&rsquo;UMP se profile ?<\/strong><\/p>\n\n\n\n<h2 class=\"wp-block-heading\" id=\"h-l-election-a-la-presidence-l-ump-le-choc-des-ambitions\">L&rsquo;\u00e9lection \u00e0 la Pr\u00e9sidence l&rsquo;UMP, le choc des ambitions<\/h2>\n\n\n\n<p class=\"has-medium-font-size wp-block-paragraph\">Un choc de titans se profile. <strong>En effet, Fran\u00e7ois Fillon semble avoir \u00e9tait tent\u00e9 par la conqu\u00eate de la Mairie de Paris. <\/strong>Mais le combat \u00e0 mener est rude et l&rsquo;incertitude grande. Les sondages semblent indiquer qu&rsquo;il remportera ais\u00e9ment la pr\u00e9sidence de l&rsquo;UMP. <strong>Il opte pour la prudence plut\u00f4t que pour le panache<\/strong> qu&rsquo;aurait \u00e9t\u00e9 la bataille pour tenter de renqu\u00e9rir la capitale qui a bascul\u00e9 \u00e0 gauche depuis d\u00e9j\u00e0 11 ans.<\/p>\n\n\n\n<p class=\"has-medium-font-size wp-block-paragraph\">La bataille, des deux c\u00f4t\u00e9s est tr\u00e8s (trop) \u00e0 droite. Elle vise \u00e0 s\u00e9duire des adh\u00e9rents et militants souvent plus prompts \u00e0 soutenir les id\u00e9es claires, nettes et peu op\u00e9ratoires plut\u00f4t que celles fortes mais nuanc\u00e9es. <strong>Jean-Fran\u00e7ois Cop\u00e9 m\u00e8ne une campagne effr\u00e9n\u00e9e,<\/strong> faisant parfois trois meeting dans la m\u00eame journ\u00e9e et les militants appr\u00e9cient. <\/p>\n\n\n\n<p class=\"has-medium-font-size wp-block-paragraph\"><strong>Bien \u00e9videmment tout ses rivaux potentiels, de la m\u00eame g\u00e9n\u00e9ration, ont choisi de soutenir Fran\u00e7ois Fillon : Baroin, Wauquiez, P\u00e9cresse. Y compris les chiraquiens donc&#8230;. Les id\u00e9es ont peu d&rsquo;importance, ils ont vu Cop\u00e9 prendre tellement d&rsquo;avance que leur seul objectif est de lui faire barrage, d\u00e9sormais. <\/strong>L&rsquo;\u00e9quipe des \u00ab\u00a0Mousquetaires\u00a0\u00bb se disloque, elle ne r\u00e9siste pas aux ambitions personnelles. Le parti se d\u00e9chire, le scrutin semble incertain car la dynamique est ind\u00e9niablement du c\u00f4t\u00e9 de Cop\u00e9.<\/p>\n\n\n\n<h2 class=\"wp-block-heading\" id=\"h-le-scenario-du-pire\">Le sc\u00e9nario du pire<\/h2>\n\n\n\n<p class=\"has-medium-font-size wp-block-paragraph\"><strong>Le dimanche 18 novembre 2012, c&rsquo;est le sc\u00e9nario du pire pour une droite peu habitu\u00e9e \u00e0 ce grand exercice d\u00e9mocratique<\/strong> (55% des militants prennent part au vote soit un total d&rsquo;environ 175 000 votants). En effet, les deux candidats sont au coude-\u00e0-coude, le corps \u00e9lectoral les renvoie quasiment dos-dos. <strong>C&rsquo;est une d\u00e9faite politique pour Fillon donn\u00e9 largement favori. <\/strong>Estimant disposer de quelques dizaines de voix d&rsquo;avance, <strong>Jean-Fran\u00e7ois Cop\u00e9 proclame, en fin de soir\u00e9e, sa victoire.<\/strong> Le camp Fillon s&rsquo;appr\u00eatait \u00e0 faire de m\u00eame. Le nouveau pr\u00e9sident de l&rsquo;UMP est d&rsquo;autant plus fond\u00e9 \u00e0 le faire que de nombreuses irr\u00e9gularit\u00e9s sont relev\u00e9es dans les Alpes-Maritimes o\u00f9 les fr\u00e8res ennemis\/siamois Estrosi et Ciotti ont tous deux choisi de soutenir Fran\u00e7ois Fillon et ne reculent devant rien.<\/p>\n\n\n\n<p class=\"has-medium-font-size wp-block-paragraph\"><strong>Fillon lui-m\u00eame semble se r\u00e9signer \u00e0 accepter, \u00e0 contrec\u0153ur, sa d\u00e9faite. La droite a une belle occasion d&rsquo;avancer, de passer une g\u00e9n\u00e9ration , de rompre avec le sarkozysme<\/strong> qui, apr\u00e8s l&rsquo;\u00e9clatante victoire de 2007, n&rsquo;a enregistr\u00e9 que des d\u00e9faites par la suite. <strong>Cette opportunit\u00e9 sera g\u00e2ch\u00e9e par les ambitions personnelles.<\/strong><\/p>\n\n\n\n<p class=\"has-medium-font-size wp-block-paragraph\"><strong>En effet, les convertis au fillonisme, Wauquiez, P\u00e9cresse, Ciotti vont, dans une conf\u00e9rence de presse, le 21 novembre 2012, qui restera dans l&rsquo;histoire comme la premi\u00e8re \u00e9tape marquante du suicide de la droite, casser l&rsquo;UMP.<\/strong> Ils ne peuvent se r\u00e9signer \u00e0 ce Jean-Fran\u00e7ois Cop\u00e9 leur barre la route pour 2017. Ils y d\u00e9noncent l&rsquo;oubli de voix \u00e9manant de Nouvelle-Cal\u00e9donie et Wallis et Futuna dans le d\u00e9compte des voix. En r\u00e9alit\u00e9, ces voix avaient bien \u00e9t\u00e9 comptabilis\u00e9es mais pas ajout\u00e9es au PV final. Une erreur de manipulation qui sera l&rsquo;occasion r\u00eav\u00e9e de porter un coup majeur \u00e0 Jean-Fran\u00e7ois Cop\u00e9.<\/p>\n\n\n\n<p class=\"has-medium-font-size wp-block-paragraph\"><strong>Le parti s&rsquo;installe dans une crise violente et durable. <\/strong>Apr\u00e8s plusieurs m\u00e9diations, un accord de sortie de crise est trouv\u00e9. Une nouvelle \u00e9lection envisag\u00e9e l&rsquo;ann\u00e9e suivante. Au final toutes les fonctions du parti seront doublonn\u00e9es et feront de l&rsquo;UMP une arm\u00e9e mexicaine. Le Bureau Politique pl\u00e9thorique qui en sera issu ressemblera davantage \u00e0 une Conseil National qu&rsquo;\u00e0 une instance strat\u00e9gique. <strong>La droite n&rsquo;a plus de leader incontest\u00e9<\/strong> mais Cop\u00e9 continue \u00e0 diriger le parti sans \u00eatre vraiment \u00e9paul\u00e9. Les fillonnistes s&rsquo;impliquent peu dans la vie du partisane et pratiquent souvent la politique de la chaise vide. <strong>Ils ont temporairement rentr\u00e9s les couteaux mais entendent les ressortirent, \u00e0 la premi\u00e8re occasion.<\/strong><\/p>\n\n\n\n<h2 class=\"wp-block-heading\" id=\"h-le-rejet-des-comptes-de-campagne-de-nicolas-sarkozy\">Le rejet des comptes de campagne de Nicolas Sarkozy <\/h2>\n\n\n\n<p class=\"has-medium-font-size wp-block-paragraph\"><strong>Le 4 juillet 2013, le Conseil Constitutionnel rejette les comptes de campagne de Nicolas Sarkozy. <\/strong>C&rsquo;est un coup de tonnerre, du jamais vu dans l&rsquo;histoire pour un candidat majeur. l&rsquo;UMP qui menait grand train, comme tous les partis au pouvoir, a d\u00fb d\u00e9j\u00e0 r\u00e9duire consid\u00e9rablement la voilure apr\u00e8s la d\u00e9faite des l\u00e9gislatives. Mais l&rsquo;aura dont dispose encore Nicolas Sarkozy aupr\u00e8s de la base ainsi que \u00ab\u00a0la machine Cop\u00e9\u00a0\u00bb vont faire des merveilles et les appels aux dons permettront d&rsquo;\u00e9ponger la dette. N\u00e9anmoins, la situation financi\u00e8re du parti demeure fragile du fait de la r\u00e9duction drastique du nombre de parlementaires et de cette lev\u00e9e de fonds qui n&rsquo;aura pas contribu\u00e9 \u00e0 financer des actions mais uniquement \u00e9viter une d\u00e9rout\u00e9 financi\u00e8re.<\/p>\n\n\n\n<h2 class=\"wp-block-heading\" id=\"h-les-salves-repetees-a-l-encontre-de-jean-francois-cope-finissent-par-faire-mouche\">Les salves r\u00e9p\u00e9t\u00e9es \u00e0 l&rsquo;encontre de Jean-Fran\u00e7ois Cop\u00e9 finissent par faire mouche<\/h2>\n\n\n\n<p class=\"has-medium-font-size wp-block-paragraph\">L&rsquo;angle de tir se rapproche. <strong>Non pas les \u00e9lections municipales de mars 2014 qui constituent un triomphe pour Jean-Fran\u00e7ois Cop\u00e9 et l&rsquo;UMP, une vague bleue d&rsquo;une ampleur in\u00e9dite<\/strong> qui r\u00e9compense un travail de terrain forcen\u00e9. <strong>Mais les \u00e9lections europ\u00e9ennes se profilent dans la foul\u00e9e.<\/strong> Une \u00e9lection traditionnellement compliqu\u00e9e pour une droite qui est loin d&rsquo;\u00eatre anti-europ\u00e9enne mais qui n&rsquo;est pas eurob\u00e9ate non plus. Un positionnement non-manich\u00e9en, difficile \u00e0 imprimer dans l&rsquo;\u00e9lectorat. <strong>Malgr\u00e9 la concurrence d&rsquo;une liste centriste, l&rsquo;UMP arrive en 2\u00e8me position avec 20,8% des voix (soit deux fois et demi le score que le parti r\u00e9alisera en 2019).<\/strong><\/p>\n\n\n\n<p class=\"has-medium-font-size wp-block-paragraph\">N&rsquo;ayant pas r\u00e9ussi \u00e0 d\u00e9gommer Cop\u00e9 une premi\u00e8re fois, <strong>ses adversaires saisissent le pr\u00e9texte d&rsquo;un score insuffisant pour lui porter le coup de gr\u00e2ce. Cette fois, les jupp\u00e9istes l\u00e2chent Cop\u00e9, le 15 juin 2014. Ce dernier comprend qu&rsquo;il ne dispose plus de majorit\u00e9 en interne. Il se d\u00e9met, pensant que la travers\u00e9e du d\u00e9sert sera courte. <\/strong><\/p>\n\n\n\n<p class=\"has-medium-font-size wp-block-paragraph\"><strong>Entre-temps, l&rsquo;affaire Bygmalion<\/strong> (syst\u00e8me de surfacturations lors de la campagne pr\u00e9sidentielle de Nicolas Sarkozy) <strong>a consid\u00e9rablement affaibli de Cop\u00e9. R\u00e9v\u00e9l\u00e9e par \u00ab\u00a0Le Point\u00a0\u00bb, dans une enqu\u00eate \u00e0 charge, en f\u00e9vrier 2014, le journal d\u00e9signe un coupable, Jean-Fran\u00e7ois Cop\u00e9.<\/strong> Franz-Olivier Giesbert lance des attaques extr\u00eamement violentes \u00e0 son encontre qui lui vaudront une condamnation pour diffamation tandis que Cop\u00e9 sera finalement blanchi. <strong>Mais le mal est fait. L&rsquo;int\u00e9grit\u00e9 de Jean-Fran\u00e7ois Cop\u00e9 est mise en cause, son image extr\u00eamement ab\u00eem\u00e9e.<\/strong> L&rsquo;\u00e9lection europ\u00e9enne et l&rsquo;affaire Bygmalion provoquent <strong>la chute de Jean-Fran\u00e7ois Cop\u00e9. La droite ne s&rsquo;en remettra pas.<\/strong><\/p>\n\n\n\n<p class=\"has-medium-font-size wp-block-paragraph\"><strong>Un triumvirat d&rsquo;ancien Premiers ministres prend la t\u00eate du parti : Jupp\u00e9, Raffarin, Fillon. Jupp\u00e9 dans un \u00e9tat d&rsquo;esprit rassembleur visant \u00e0 sauver ce qui peut l&rsquo;\u00eatre et \u00e0 redresser la barre. Raffarin avec son sens de la conciliation, de la mod\u00e9ration et de l&rsquo;apaisement. Fillon revanchard dont la seule pr\u00e9occupation et d&rsquo;obtenir la t\u00eate de Cop\u00e9 sur le terrain judiciaire.<\/strong><\/p>\n\n\n\n<h2 class=\"wp-block-heading\" id=\"h-les-questions-internationales-un-investissement-majeur-de-cope-completement-delaisse-par-ses-successeurs\">Les questions internationales, un investissement majeur de Cop\u00e9, compl\u00e8tement d\u00e9laiss\u00e9 par ses successeurs.<\/h2>\n\n\n\n<p class=\"has-medium-font-size wp-block-paragraph\">Quant \u00e0 moi, en tant que conseiller diplomatique de Jean-Fran\u00e7ois Cop\u00e9, je me suis efforc\u00e9 de contribuer \u00e0 construire un parcours \u00e0 l&rsquo;international pour <strong>un responsable politique qui avait une forte app\u00e9tence pour ce domaine.<\/strong> <strong>Jean-Fran\u00e7ois Cop\u00e9 aura fait un grand nombre de d\u00e9placements<\/strong> (Maroc, Alg\u00e9rie, Etats-Unis, Canada, Chine, Singapour, C\u00f4te d&rsquo;Ivoire, S\u00e9n\u00e9gal, Royaume-Uni, Allemagne, Sommets du Parti Populaire europ\u00e9en) <strong>et aura chaque fois \u00e9t\u00e9 re\u00e7u au plus haut niveau.<\/strong> <strong>Il avait parfaitement compris, contrairement \u00e0 la plupart de ses homologues, que l&rsquo;investissement \u00e0 l&rsquo;international est chronophage mais indispensable<\/strong> pour ne pas se contenter d&rsquo;\u00e2nonner des slogans mais se faire des id\u00e9es personnelles. En effet, l&rsquo;international demande des d\u00e9placements r\u00e9guliers, des r\u00e9actions constantes \u00e0 l&rsquo;actualit\u00e9 internationale, des contacts emprunts de confiance avec ses homologues, une sensibilit\u00e9 \u00e0 la culture des autres. C&rsquo;est la condition sine qua non pour \u00eatre \u00e0 la hauteur de la tradition diplomatique fran\u00e7aise. <strong>Cop\u00e9 dont le seul souci \u00e9tait de servir, aux mieux, la France l&rsquo;avait compris. Ses successeurs absolument pas. <\/strong>L&rsquo;actualit\u00e9 le d\u00e9montre cruellement h\u00e9las.<\/p>","protected":false},"excerpt":{"rendered":"<p>Episode 3 &#8211; Et les fillonistes coul\u00e8rent le Titanic&#8230;.. A l&rsquo;\u00e9t\u00e9 2012, La droite a certes perdu la pr\u00e9sidentielle et les l\u00e9gislatives&hellip;<\/p>","protected":false},"author":16,"featured_media":2751,"comment_status":"open","ping_status":"open","sticky":false,"template":"","format":"standard","meta":{"_lmt_disableupdate":"","_lmt_disable":"","footnotes":""},"categories":[1,3],"tags":[270,271,264],"class_list":["post-2743","post","type-post","status-publish","format-standard","has-post-thumbnail","hentry","category-non-classe","category-politique","tag-cope","tag-fillon","tag-ump"],"yoast_head":"<!-- This site is optimized with the Yoast SEO Premium plugin v28.1 (Yoast SEO v28.1) - https:\/\/yoast.com\/product\/yoast-seo-premium-wordpress\/ -->\n<title>Le suicide de la Droite o\u00f9 comment est-on pass\u00e9s de Jacques Chirac \u00e0 Eric Ciotti ? | Geopolitics.fr<\/title>\n<meta name=\"robots\" content=\"index, follow, max-snippet:-1, max-image-preview:large, max-video-preview:-1\" \/>\n<link rel=\"canonical\" href=\"https:\/\/www.geopolitics.fr\/en\/2024\/05\/25\/le-suicide-de-la-droite-ou-comment-est-on-passes-de-jacques-chirac-a-eric-ciotti\/\" \/>\n<meta property=\"og:locale\" content=\"en_GB\" \/>\n<meta property=\"og:type\" content=\"article\" \/>\n<meta property=\"og:title\" content=\"Le suicide de la Droite o\u00f9 comment est-on pass\u00e9s de Jacques Chirac \u00e0 Eric Ciotti ?\" \/>\n<meta property=\"og:description\" content=\"Episode 3 &#8211; Et les fillonistes coul\u00e8rent le Titanic&#8230;.. A l&rsquo;\u00e9t\u00e9 2012, La droite a certes perdu la pr\u00e9sidentielle et les l\u00e9gislatives&hellip;\" \/>\n<meta property=\"og:url\" content=\"https:\/\/www.geopolitics.fr\/en\/2024\/05\/25\/le-suicide-de-la-droite-ou-comment-est-on-passes-de-jacques-chirac-a-eric-ciotti\/\" \/>\n<meta property=\"og:site_name\" content=\"Geopolitics.fr\" \/>\n<meta property=\"article:publisher\" content=\"https:\/\/www.facebook.com\/people\/Erwan-Davoux\/61557098968092\/\" \/>\n<meta property=\"article:author\" content=\"Erwan Davoux\" \/>\n<meta property=\"article:published_time\" content=\"2024-05-25T09:30:00+00:00\" \/>\n<meta property=\"article:modified_time\" content=\"2024-05-28T07:52:34+00:00\" \/>\n<meta property=\"og:image\" content=\"https:\/\/www.geopolitics.fr\/wp-content\/uploads\/2024\/05\/k7exl7ko.jpg\" \/>\n\t<meta property=\"og:image:width\" content=\"1328\" \/>\n\t<meta property=\"og:image:height\" content=\"747\" \/>\n\t<meta property=\"og:image:type\" content=\"image\/jpeg\" \/>\n<meta name=\"author\" content=\"Erwan Davoux\" \/>\n<meta name=\"twitter:card\" content=\"summary_large_image\" \/>\n<meta name=\"twitter:creator\" content=\"@erwandavoux @Geo_politicsfr\" \/>\n<meta name=\"twitter:site\" content=\"@Geopolitics_Fr\" \/>\n<meta name=\"twitter:label1\" content=\"Written by\" \/>\n\t<meta name=\"twitter:data1\" content=\"Erwan Davoux\" \/>\n\t<meta name=\"twitter:label2\" content=\"Estimated reading time\" \/>\n\t<meta name=\"twitter:data2\" content=\"8 minutes\" \/>\n<script type=\"application\/ld+json\" class=\"yoast-schema-graph\">{\"@context\":\"https:\\\/\\\/schema.org\",\"@graph\":[{\"@type\":\"Article\",\"@id\":\"https:\\\/\\\/www.geopolitics.fr\\\/2024\\\/05\\\/25\\\/le-suicide-de-la-droite-ou-comment-est-on-passes-de-jacques-chirac-a-eric-ciotti\\\/#article\",\"isPartOf\":{\"@id\":\"https:\\\/\\\/www.geopolitics.fr\\\/2024\\\/05\\\/25\\\/le-suicide-de-la-droite-ou-comment-est-on-passes-de-jacques-chirac-a-eric-ciotti\\\/\"},\"author\":{\"name\":\"Erwan Davoux\",\"@id\":\"https:\\\/\\\/www.geopolitics.fr\\\/#\\\/schema\\\/person\\\/a487273e91313e368925717400fa1b11\"},\"headline\":\"Le suicide de la Droite o\u00f9 comment est-on pass\u00e9s de Jacques Chirac \u00e0 Eric Ciotti ?\",\"datePublished\":\"2024-05-25T09:30:00+00:00\",\"dateModified\":\"2024-05-28T07:52:34+00:00\",\"mainEntityOfPage\":{\"@id\":\"https:\\\/\\\/www.geopolitics.fr\\\/2024\\\/05\\\/25\\\/le-suicide-de-la-droite-ou-comment-est-on-passes-de-jacques-chirac-a-eric-ciotti\\\/\"},\"wordCount\":1664,\"commentCount\":0,\"publisher\":{\"@id\":\"https:\\\/\\\/www.geopolitics.fr\\\/#organization\"},\"image\":{\"@id\":\"https:\\\/\\\/www.geopolitics.fr\\\/2024\\\/05\\\/25\\\/le-suicide-de-la-droite-ou-comment-est-on-passes-de-jacques-chirac-a-eric-ciotti\\\/#primaryimage\"},\"thumbnailUrl\":\"https:\\\/\\\/www.geopolitics.fr\\\/wp-content\\\/uploads\\\/2024\\\/05\\\/k7exl7ko.jpg\",\"keywords\":[\"cop\u00e9\",\"fillon\",\"UMP\"],\"articleSection\":[\"Non class\u00e9\",\"Politique\"],\"inLanguage\":\"en-GB\"},{\"@type\":\"WebPage\",\"@id\":\"https:\\\/\\\/www.geopolitics.fr\\\/2024\\\/05\\\/25\\\/le-suicide-de-la-droite-ou-comment-est-on-passes-de-jacques-chirac-a-eric-ciotti\\\/\",\"url\":\"https:\\\/\\\/www.geopolitics.fr\\\/2024\\\/05\\\/25\\\/le-suicide-de-la-droite-ou-comment-est-on-passes-de-jacques-chirac-a-eric-ciotti\\\/\",\"name\":\"Le suicide de la Droite o\u00f9 comment est-on pass\u00e9s de Jacques Chirac \u00e0 Eric Ciotti ? | Geopolitics.fr\",\"isPartOf\":{\"@id\":\"https:\\\/\\\/www.geopolitics.fr\\\/#website\"},\"primaryImageOfPage\":{\"@id\":\"https:\\\/\\\/www.geopolitics.fr\\\/2024\\\/05\\\/25\\\/le-suicide-de-la-droite-ou-comment-est-on-passes-de-jacques-chirac-a-eric-ciotti\\\/#primaryimage\"},\"image\":{\"@id\":\"https:\\\/\\\/www.geopolitics.fr\\\/2024\\\/05\\\/25\\\/le-suicide-de-la-droite-ou-comment-est-on-passes-de-jacques-chirac-a-eric-ciotti\\\/#primaryimage\"},\"thumbnailUrl\":\"https:\\\/\\\/www.geopolitics.fr\\\/wp-content\\\/uploads\\\/2024\\\/05\\\/k7exl7ko.jpg\",\"datePublished\":\"2024-05-25T09:30:00+00:00\",\"dateModified\":\"2024-05-28T07:52:34+00:00\",\"breadcrumb\":{\"@id\":\"https:\\\/\\\/www.geopolitics.fr\\\/2024\\\/05\\\/25\\\/le-suicide-de-la-droite-ou-comment-est-on-passes-de-jacques-chirac-a-eric-ciotti\\\/#breadcrumb\"},\"inLanguage\":\"en-GB\",\"potentialAction\":[{\"@type\":\"ReadAction\",\"target\":[\"https:\\\/\\\/www.geopolitics.fr\\\/2024\\\/05\\\/25\\\/le-suicide-de-la-droite-ou-comment-est-on-passes-de-jacques-chirac-a-eric-ciotti\\\/\"]}]},{\"@type\":\"ImageObject\",\"inLanguage\":\"en-GB\",\"@id\":\"https:\\\/\\\/www.geopolitics.fr\\\/2024\\\/05\\\/25\\\/le-suicide-de-la-droite-ou-comment-est-on-passes-de-jacques-chirac-a-eric-ciotti\\\/#primaryimage\",\"url\":\"https:\\\/\\\/www.geopolitics.fr\\\/wp-content\\\/uploads\\\/2024\\\/05\\\/k7exl7ko.jpg\",\"contentUrl\":\"https:\\\/\\\/www.geopolitics.fr\\\/wp-content\\\/uploads\\\/2024\\\/05\\\/k7exl7ko.jpg\",\"width\":1328,\"height\":747},{\"@type\":\"BreadcrumbList\",\"@id\":\"https:\\\/\\\/www.geopolitics.fr\\\/2024\\\/05\\\/25\\\/le-suicide-de-la-droite-ou-comment-est-on-passes-de-jacques-chirac-a-eric-ciotti\\\/#breadcrumb\",\"itemListElement\":[{\"@type\":\"ListItem\",\"position\":1,\"name\":\"Accueil\",\"item\":\"https:\\\/\\\/www.geopolitics.fr\\\/\"},{\"@type\":\"ListItem\",\"position\":2,\"name\":\"Le suicide de la Droite o\u00f9 comment est-on pass\u00e9s de Jacques Chirac \u00e0 Eric Ciotti ?\"}]},{\"@type\":\"WebSite\",\"@id\":\"https:\\\/\\\/www.geopolitics.fr\\\/#website\",\"url\":\"https:\\\/\\\/www.geopolitics.fr\\\/\",\"name\":\"Geopolitics.fr\",\"description\":\"Geopolitics.fr Analyse politique, relations internationales, d\u00e9fense - ligne \u00e9ditoriale gaullo-chiraquienne\",\"publisher\":{\"@id\":\"https:\\\/\\\/www.geopolitics.fr\\\/#organization\"},\"potentialAction\":[{\"@type\":\"SearchAction\",\"target\":{\"@type\":\"EntryPoint\",\"urlTemplate\":\"https:\\\/\\\/www.geopolitics.fr\\\/?s={search_term_string}\"},\"query-input\":{\"@type\":\"PropertyValueSpecification\",\"valueRequired\":true,\"valueName\":\"search_term_string\"}}],\"inLanguage\":\"en-GB\"},{\"@type\":\"Organization\",\"@id\":\"https:\\\/\\\/www.geopolitics.fr\\\/#organization\",\"name\":\"Geopolitics.fr\",\"url\":\"https:\\\/\\\/www.geopolitics.fr\\\/\",\"logo\":{\"@type\":\"ImageObject\",\"inLanguage\":\"en-GB\",\"@id\":\"https:\\\/\\\/www.geopolitics.fr\\\/#\\\/schema\\\/logo\\\/image\\\/\",\"url\":\"https:\\\/\\\/www.geopolitics.fr\\\/wp-content\\\/uploads\\\/2024\\\/01\\\/logo.jpg\",\"contentUrl\":\"https:\\\/\\\/www.geopolitics.fr\\\/wp-content\\\/uploads\\\/2024\\\/01\\\/logo.jpg\",\"width\":500,\"height\":500,\"caption\":\"Geopolitics.fr\"},\"image\":{\"@id\":\"https:\\\/\\\/www.geopolitics.fr\\\/#\\\/schema\\\/logo\\\/image\\\/\"},\"sameAs\":[\"https:\\\/\\\/www.facebook.com\\\/people\\\/Erwan-Davoux\\\/61557098968092\\\/\",\"https:\\\/\\\/x.com\\\/Geopolitics_Fr\"]},{\"@type\":\"Person\",\"@id\":\"https:\\\/\\\/www.geopolitics.fr\\\/#\\\/schema\\\/person\\\/a487273e91313e368925717400fa1b11\",\"name\":\"Erwan Davoux\",\"image\":{\"@type\":\"ImageObject\",\"inLanguage\":\"en-GB\",\"@id\":\"https:\\\/\\\/www.geopolitics.fr\\\/wp-content\\\/uploads\\\/2026\\\/05\\\/moi-96x96.jpg\",\"url\":\"https:\\\/\\\/www.geopolitics.fr\\\/wp-content\\\/uploads\\\/2026\\\/05\\\/moi-96x96.jpg\",\"contentUrl\":\"https:\\\/\\\/www.geopolitics.fr\\\/wp-content\\\/uploads\\\/2026\\\/05\\\/moi-96x96.jpg\",\"caption\":\"Erwan Davoux\"},\"description\":\"Erwan DAVOUX est Pr\u00e9sident de LMD CONSEIL, (conseil strat\u00e9gique, intelligence \u00e9conomique, risque g\u00e9opolitique, influence politique, diplomatie \u00e9conomique). Dipl\u00f4m\u00e9 de l'IEP de Paris et de l'INALCO (d\u00e9partement d'\u00e9tudes arabes), il est directeur de la publication de geopolitics.fr. Ancien fonctionnaire au Minist\u00e8re de l'Int\u00e9rieur et de la D\u00e9fense (DGSE) Ancien charg\u00e9 de Mission \u00e0 la Pr\u00e9sidence de la R\u00e9publique (cellule diplomatique) Conseil de nombreuses personnalit\u00e9s politiques \u00e0 l'International (dont deux anciens Premiers ministres).\",\"sameAs\":[\"Erwan Davoux\",\"@erwandavoux\",\"https:\\\/\\\/www.linkedin.com\\\/in\\\/erwan-davoux-6800b289\\\/\",\"https:\\\/\\\/x.com\\\/@erwandavoux @Geo_politicsfr\"],\"url\":\"https:\\\/\\\/www.geopolitics.fr\\\/en\\\/author\\\/erwan-davoux\\\/\"}]}<\/script>\n<!-- \/ Yoast SEO Premium plugin. -->","yoast_head_json":{"title":"Le suicide de la Droite o\u00f9 comment est-on pass\u00e9s de Jacques Chirac \u00e0 Eric Ciotti ? | Geopolitics.fr","robots":{"index":"index","follow":"follow","max-snippet":"max-snippet:-1","max-image-preview":"max-image-preview:large","max-video-preview":"max-video-preview:-1"},"canonical":"https:\/\/www.geopolitics.fr\/en\/2024\/05\/25\/le-suicide-de-la-droite-ou-comment-est-on-passes-de-jacques-chirac-a-eric-ciotti\/","og_locale":"en_GB","og_type":"article","og_title":"Le suicide de la Droite o\u00f9 comment est-on pass\u00e9s de Jacques Chirac \u00e0 Eric Ciotti ?","og_description":"Episode 3 &#8211; Et les fillonistes coul\u00e8rent le Titanic&#8230;.. A l&rsquo;\u00e9t\u00e9 2012, La droite a certes perdu la pr\u00e9sidentielle et les l\u00e9gislatives&hellip;","og_url":"https:\/\/www.geopolitics.fr\/en\/2024\/05\/25\/le-suicide-de-la-droite-ou-comment-est-on-passes-de-jacques-chirac-a-eric-ciotti\/","og_site_name":"Geopolitics.fr","article_publisher":"https:\/\/www.facebook.com\/people\/Erwan-Davoux\/61557098968092\/","article_author":"Erwan Davoux","article_published_time":"2024-05-25T09:30:00+00:00","article_modified_time":"2024-05-28T07:52:34+00:00","og_image":[{"width":1328,"height":747,"url":"https:\/\/www.geopolitics.fr\/wp-content\/uploads\/2024\/05\/k7exl7ko.jpg","type":"image\/jpeg"}],"author":"Erwan Davoux","twitter_card":"summary_large_image","twitter_creator":"@erwandavoux @Geo_politicsfr","twitter_site":"@Geopolitics_Fr","twitter_misc":{"Written by":"Erwan Davoux","Estimated reading time":"8 minutes"},"schema":{"@context":"https:\/\/schema.org","@graph":[{"@type":"Article","@id":"https:\/\/www.geopolitics.fr\/2024\/05\/25\/le-suicide-de-la-droite-ou-comment-est-on-passes-de-jacques-chirac-a-eric-ciotti\/#article","isPartOf":{"@id":"https:\/\/www.geopolitics.fr\/2024\/05\/25\/le-suicide-de-la-droite-ou-comment-est-on-passes-de-jacques-chirac-a-eric-ciotti\/"},"author":{"name":"Erwan Davoux","@id":"https:\/\/www.geopolitics.fr\/#\/schema\/person\/a487273e91313e368925717400fa1b11"},"headline":"Le suicide de la Droite o\u00f9 comment est-on pass\u00e9s de Jacques Chirac \u00e0 Eric Ciotti ?","datePublished":"2024-05-25T09:30:00+00:00","dateModified":"2024-05-28T07:52:34+00:00","mainEntityOfPage":{"@id":"https:\/\/www.geopolitics.fr\/2024\/05\/25\/le-suicide-de-la-droite-ou-comment-est-on-passes-de-jacques-chirac-a-eric-ciotti\/"},"wordCount":1664,"commentCount":0,"publisher":{"@id":"https:\/\/www.geopolitics.fr\/#organization"},"image":{"@id":"https:\/\/www.geopolitics.fr\/2024\/05\/25\/le-suicide-de-la-droite-ou-comment-est-on-passes-de-jacques-chirac-a-eric-ciotti\/#primaryimage"},"thumbnailUrl":"https:\/\/www.geopolitics.fr\/wp-content\/uploads\/2024\/05\/k7exl7ko.jpg","keywords":["cop\u00e9","fillon","UMP"],"articleSection":["Non class\u00e9","Politique"],"inLanguage":"en-GB"},{"@type":"WebPage","@id":"https:\/\/www.geopolitics.fr\/2024\/05\/25\/le-suicide-de-la-droite-ou-comment-est-on-passes-de-jacques-chirac-a-eric-ciotti\/","url":"https:\/\/www.geopolitics.fr\/2024\/05\/25\/le-suicide-de-la-droite-ou-comment-est-on-passes-de-jacques-chirac-a-eric-ciotti\/","name":"Le suicide de la Droite o\u00f9 comment est-on pass\u00e9s de Jacques Chirac \u00e0 Eric Ciotti ? | Geopolitics.fr","isPartOf":{"@id":"https:\/\/www.geopolitics.fr\/#website"},"primaryImageOfPage":{"@id":"https:\/\/www.geopolitics.fr\/2024\/05\/25\/le-suicide-de-la-droite-ou-comment-est-on-passes-de-jacques-chirac-a-eric-ciotti\/#primaryimage"},"image":{"@id":"https:\/\/www.geopolitics.fr\/2024\/05\/25\/le-suicide-de-la-droite-ou-comment-est-on-passes-de-jacques-chirac-a-eric-ciotti\/#primaryimage"},"thumbnailUrl":"https:\/\/www.geopolitics.fr\/wp-content\/uploads\/2024\/05\/k7exl7ko.jpg","datePublished":"2024-05-25T09:30:00+00:00","dateModified":"2024-05-28T07:52:34+00:00","breadcrumb":{"@id":"https:\/\/www.geopolitics.fr\/2024\/05\/25\/le-suicide-de-la-droite-ou-comment-est-on-passes-de-jacques-chirac-a-eric-ciotti\/#breadcrumb"},"inLanguage":"en-GB","potentialAction":[{"@type":"ReadAction","target":["https:\/\/www.geopolitics.fr\/2024\/05\/25\/le-suicide-de-la-droite-ou-comment-est-on-passes-de-jacques-chirac-a-eric-ciotti\/"]}]},{"@type":"ImageObject","inLanguage":"en-GB","@id":"https:\/\/www.geopolitics.fr\/2024\/05\/25\/le-suicide-de-la-droite-ou-comment-est-on-passes-de-jacques-chirac-a-eric-ciotti\/#primaryimage","url":"https:\/\/www.geopolitics.fr\/wp-content\/uploads\/2024\/05\/k7exl7ko.jpg","contentUrl":"https:\/\/www.geopolitics.fr\/wp-content\/uploads\/2024\/05\/k7exl7ko.jpg","width":1328,"height":747},{"@type":"BreadcrumbList","@id":"https:\/\/www.geopolitics.fr\/2024\/05\/25\/le-suicide-de-la-droite-ou-comment-est-on-passes-de-jacques-chirac-a-eric-ciotti\/#breadcrumb","itemListElement":[{"@type":"ListItem","position":1,"name":"Accueil","item":"https:\/\/www.geopolitics.fr\/"},{"@type":"ListItem","position":2,"name":"Le suicide de la Droite o\u00f9 comment est-on pass\u00e9s de Jacques Chirac \u00e0 Eric Ciotti ?"}]},{"@type":"WebSite","@id":"https:\/\/www.geopolitics.fr\/#website","url":"https:\/\/www.geopolitics.fr\/","name":"Geopolitics.fr","description":"Geopolitics.fr Analyse politique, relations internationales, d\u00e9fense - ligne \u00e9ditoriale gaullo-chiraquienne","publisher":{"@id":"https:\/\/www.geopolitics.fr\/#organization"},"potentialAction":[{"@type":"SearchAction","target":{"@type":"EntryPoint","urlTemplate":"https:\/\/www.geopolitics.fr\/?s={search_term_string}"},"query-input":{"@type":"PropertyValueSpecification","valueRequired":true,"valueName":"search_term_string"}}],"inLanguage":"en-GB"},{"@type":"Organization","@id":"https:\/\/www.geopolitics.fr\/#organization","name":"Geopolitics.fr","url":"https:\/\/www.geopolitics.fr\/","logo":{"@type":"ImageObject","inLanguage":"en-GB","@id":"https:\/\/www.geopolitics.fr\/#\/schema\/logo\/image\/","url":"https:\/\/www.geopolitics.fr\/wp-content\/uploads\/2024\/01\/logo.jpg","contentUrl":"https:\/\/www.geopolitics.fr\/wp-content\/uploads\/2024\/01\/logo.jpg","width":500,"height":500,"caption":"Geopolitics.fr"},"image":{"@id":"https:\/\/www.geopolitics.fr\/#\/schema\/logo\/image\/"},"sameAs":["https:\/\/www.facebook.com\/people\/Erwan-Davoux\/61557098968092\/","https:\/\/x.com\/Geopolitics_Fr"]},{"@type":"Person","@id":"https:\/\/www.geopolitics.fr\/#\/schema\/person\/a487273e91313e368925717400fa1b11","name":"Erwan Davoux","image":{"@type":"ImageObject","inLanguage":"en-GB","@id":"https:\/\/www.geopolitics.fr\/wp-content\/uploads\/2026\/05\/moi-96x96.jpg","url":"https:\/\/www.geopolitics.fr\/wp-content\/uploads\/2026\/05\/moi-96x96.jpg","contentUrl":"https:\/\/www.geopolitics.fr\/wp-content\/uploads\/2026\/05\/moi-96x96.jpg","caption":"Erwan Davoux"},"description":"Erwan DAVOUX est Pr\u00e9sident de LMD CONSEIL, (conseil strat\u00e9gique, intelligence \u00e9conomique, risque g\u00e9opolitique, influence politique, diplomatie \u00e9conomique). Dipl\u00f4m\u00e9 de l'IEP de Paris et de l'INALCO (d\u00e9partement d'\u00e9tudes arabes), il est directeur de la publication de geopolitics.fr. Ancien fonctionnaire au Minist\u00e8re de l'Int\u00e9rieur et de la D\u00e9fense (DGSE) Ancien charg\u00e9 de Mission \u00e0 la Pr\u00e9sidence de la R\u00e9publique (cellule diplomatique) Conseil de nombreuses personnalit\u00e9s politiques \u00e0 l'International (dont deux anciens Premiers ministres).","sameAs":["Erwan Davoux","@erwandavoux","https:\/\/www.linkedin.com\/in\/erwan-davoux-6800b289\/","https:\/\/x.com\/@erwandavoux @Geo_politicsfr"],"url":"https:\/\/www.geopolitics.fr\/en\/author\/erwan-davoux\/"}]}},"_links":{"self":[{"href":"https:\/\/www.geopolitics.fr\/en\/wp-json\/wp\/v2\/posts\/2743","targetHints":{"allow":["GET"]}}],"collection":[{"href":"https:\/\/www.geopolitics.fr\/en\/wp-json\/wp\/v2\/posts"}],"about":[{"href":"https:\/\/www.geopolitics.fr\/en\/wp-json\/wp\/v2\/types\/post"}],"author":[{"embeddable":true,"href":"https:\/\/www.geopolitics.fr\/en\/wp-json\/wp\/v2\/users\/16"}],"replies":[{"embeddable":true,"href":"https:\/\/www.geopolitics.fr\/en\/wp-json\/wp\/v2\/comments?post=2743"}],"version-history":[{"count":0,"href":"https:\/\/www.geopolitics.fr\/en\/wp-json\/wp\/v2\/posts\/2743\/revisions"}],"wp:featuredmedia":[{"embeddable":true,"href":"https:\/\/www.geopolitics.fr\/en\/wp-json\/wp\/v2\/media\/2751"}],"wp:attachment":[{"href":"https:\/\/www.geopolitics.fr\/en\/wp-json\/wp\/v2\/media?parent=2743"}],"wp:term":[{"taxonomy":"category","embeddable":true,"href":"https:\/\/www.geopolitics.fr\/en\/wp-json\/wp\/v2\/categories?post=2743"},{"taxonomy":"post_tag","embeddable":true,"href":"https:\/\/www.geopolitics.fr\/en\/wp-json\/wp\/v2\/tags?post=2743"}],"curies":[{"name":"wp","href":"https:\/\/api.w.org\/{rel}","templated":true}]}}