{"id":2732,"date":"2024-05-21T18:41:33","date_gmt":"2024-05-21T16:41:33","guid":{"rendered":"https:\/\/www.geopolitics.fr\/?p=2732"},"modified":"2024-05-21T18:41:35","modified_gmt":"2024-05-21T16:41:35","slug":"tribune-de-macky-sall-ancien-president-de-la-republique-du-senegal","status":"publish","type":"post","link":"https:\/\/www.geopolitics.fr\/en\/2024\/05\/21\/tribune-de-macky-sall-ancien-president-de-la-republique-du-senegal\/","title":{"rendered":"TRIBUNE de Macky Sall, Ancien Pr\u00e9sident de la R\u00e9publique du S\u00e9n\u00e9gal"},"content":{"rendered":"<h2 class=\"wp-block-heading\" id=\"h-le-systeme-financier-international-aggrave-les-inegalites\">\u00ab\u00a0Le syst\u00e8me financier international aggrave les in\u00e9galit\u00e9s\u00a0\u00bb<\/h2>\n\n\n\n<p class=\"has-medium-font-size wp-block-paragraph\"><strong>Lorsque je r\u00e9fl\u00e9chis \u00e0 mes douze ann\u00e9es pass\u00e9es \u00e0 la t\u00eate du S\u00e9n\u00e9gal, une le\u00e7on pr\u00e9vaut : le syst\u00e8me financier international est d\u00e9favorable aux pays en d\u00e9veloppement comme le mien.\u00a0<\/strong><\/p>\n\n\n\n<p class=\"has-medium-font-size wp-block-paragraph\">&nbsp;Quelle que soit la solidit\u00e9 de nos politiques \u00e9conomiques, nous sommes consid\u00e9r\u00e9s comme un pari risqu\u00e9. Notre acc\u00e8s aux capitaux est \u00e0 la fois restreint et excessivement cher. Nos politiques fiscales et mon\u00e9taires sont dict\u00e9es, en fait, par des banques centrales lointaines. Et lorsque nous essayons de protester, nous d\u00e9couvrons que nous n&rsquo;avons pas de voix.<\/p>\n\n\n\n<p class=\"has-medium-font-size wp-block-paragraph\">&nbsp;Il a fallu une pand\u00e9mie et l&rsquo;implosion \u00e9conomique qui s&rsquo;en est suivie pour que ces failles apparaissent au grand jour. Cela a conduit les Nations unies et le Fonds mon\u00e9taire international (FMI) \u00e0 appeler \u00e0 un nouveau \u00ab\u00a0Bretton Woods\u00a0\u00bb : une r\u00e9forme en profondeur des institutions financi\u00e8res internationales.&nbsp;<\/p>\n\n\n\n<p class=\"has-medium-font-size wp-block-paragraph\">&nbsp;Quatre ans plus tard, alors que le Covid est sous contr\u00f4le et qu&rsquo;une reprise \u00e9conomique mondiale fragile est en cours, le z\u00e8le r\u00e9formateur risque de s&rsquo;estomper \u00e0 mesure que le sentiment d&rsquo;urgence s&rsquo;estompe.&nbsp;<\/p>\n\n\n\n<p class=\"has-medium-font-size wp-block-paragraph\">&nbsp;Mais pour la plupart d&rsquo;entre nous dans le monde en d\u00e9veloppement, ces efforts ont \u00e9t\u00e9 insuffisants. Les multiples crises auxquelles nous sommes confront\u00e9s n&rsquo;ont pas disparu. Rien qu&rsquo;au cours des trois derni\u00e8res ann\u00e9es, dix pays en d\u00e9veloppement ont connu 18 d\u00e9faillances souveraines, soit plus que toutes les d\u00e9faillances de dettes des deux d\u00e9cennies pr\u00e9c\u00e9dentes r\u00e9unies.&nbsp;<\/p>\n\n\n\n<h2 class=\"wp-block-heading has-medium-font-size\" id=\"h-les-inegalites-mondiales-continuent-de-se-creuser-nbsp\">Les in\u00e9galit\u00e9s mondiales continuent de se creuser&nbsp;<\/h2>\n\n\n\n<p class=\"has-medium-font-size wp-block-paragraph\">&nbsp;Selon la Banque mondiale, 60 % des pays \u00e0 faible revenu pr\u00e9sentent un risque \u00e9lev\u00e9 de surendettement ou y sont d\u00e9j\u00e0 confront\u00e9s. Les paiements d&rsquo;int\u00e9r\u00eats de ces pays ont quadrupl\u00e9 au cours des dix derni\u00e8res ann\u00e9es, alors que les taux d&rsquo;int\u00e9r\u00eat mondiaux ont grimp\u00e9 en fl\u00e8che.&nbsp;<\/p>\n\n\n\n<p class=\"has-medium-font-size wp-block-paragraph\"><strong>Pour honorer le remboursement de leur dette, les pays \u00e0 faible revenu r\u00e9duisent leurs d\u00e9penses en mati\u00e8re d&rsquo;\u00e9ducation, de sant\u00e9 et d&rsquo;autres services publics. Ce faisant, ils sacrifient \u00e9galement leur droit \u00e0 un avenir meilleur.\u00a0<\/strong><\/p>\n\n\n\n<p class=\"has-medium-font-size wp-block-paragraph\">\u00a0<strong>L&rsquo;Afrique paie aujourd&rsquo;hui davantage en service de la dette qu&rsquo;elle n&rsquo;a besoin d&rsquo;investir dans la r\u00e9silience climatique,<\/strong> estim\u00e9e \u00e0 50 milliards de dollars par an. La dette ext\u00e9rieure de l&rsquo;Union europ\u00e9enne a atteint 824 milliards de dollars en 2021, les pays consacrant 65 % de leur PIB au service de ces obligations.\u00a0<\/p>\n\n\n\n<p class=\"has-medium-font-size wp-block-paragraph\">&nbsp;Lors des r\u00e9unions de printemps de la Banque mondiale et du FMI cette ann\u00e9e, le FMI a averti que les in\u00e9galit\u00e9s mondiales se creusaient et que \u00ab\u00a0les pays les plus pauvres prenaient encore plus de retard\u00a0\u00bb.&nbsp;&nbsp;<\/p>\n\n\n\n<p class=\"has-medium-font-size wp-block-paragraph\">&nbsp;Il est plus urgent que jamais de rendre le syst\u00e8me financier international plus \u00e9quitable, plus sensible aux besoins r\u00e9els des pays en d\u00e9veloppement et plus repr\u00e9sentatif de la communaut\u00e9 mondiale.&nbsp;&nbsp;<\/p>\n\n\n\n<p class=\"has-medium-font-size wp-block-paragraph\">&nbsp;L&rsquo;ann\u00e9e derni\u00e8re \u00e0 Paris, lors d&rsquo;un sommet mondial convoqu\u00e9 par le pr\u00e9sident fran\u00e7ais Emmanuel Macron, 32 pays, dont le S\u00e9n\u00e9gal, se sont mis d&rsquo;accord sur le Pacte de Paris pour les peuples et la plan\u00e8te (P4).&nbsp;&nbsp;<\/p>\n\n\n\n<p class=\"has-medium-font-size wp-block-paragraph\"><strong>Nos objectifs sont clairs : cr\u00e9er un monde o\u00f9 la pauvret\u00e9 a \u00e9t\u00e9 \u00e9radiqu\u00e9e et la plan\u00e8te pr\u00e9serv\u00e9e, et o\u00f9 les pays vuln\u00e9rables sont mieux arm\u00e9s pour faire face aux crises. Pour ce faire, nous visons \u00e0 mobiliser toutes les sources de financement, et c&rsquo;est pourquoi la r\u00e9forme du syst\u00e8me financier international est une priorit\u00e9.\u00a0\u00a0<\/strong><\/p>\n\n\n\n<p class=\"has-medium-font-size wp-block-paragraph\">&nbsp;Nous savons que de nombreuses institutions partagent nos objectifs et nous ne souhaitons pas reproduire leurs efforts. Au lieu de cela, nous pr\u00e9conisons une nouvelle approche, que j&rsquo;appelle le \u00ab\u00a0multilat\u00e9ralisme inclusif\u00a0\u00bb.<\/p>\n\n\n\n<p class=\"has-medium-font-size wp-block-paragraph\">&nbsp;Nous cherchons \u00e0 rassembler le plus grand nombre de pays possible, de tous les continents et de tous les niveaux de revenus, en surmontant les divisions &#8211; Est contre Ouest, Nord contre Sud, verts contre pollueurs &#8211; qui ont g\u00e2ch\u00e9 les initiatives dans le pass\u00e9.&nbsp;&nbsp;<\/p>\n\n\n\n<h2 class=\"wp-block-heading has-medium-font-size\" id=\"h-nbsp-reecrire-les-regles-de-la-finance-mondiale-nbsp\">&nbsp;R\u00e9\u00e9crire les r\u00e8gles de la finance mondiale&nbsp;<\/h2>\n\n\n\n<p class=\"has-medium-font-size wp-block-paragraph\">&nbsp;En tant que plateforme, nous pouvons d&rsquo;ores et d\u00e9j\u00e0 faire \u00e9tat de certains progr\u00e8s. Par exemple, notre campagne en faveur d&rsquo;une plus grande participation des pays en d\u00e9veloppement \u00e0 la gouvernance des institutions financi\u00e8res internationales est prise en compte.<\/p>\n\n\n\n<p class=\"has-medium-font-size wp-block-paragraph\">&nbsp;En octobre dernier, les membres du FMI ont approuv\u00e9 l&rsquo;\u00e9largissement de son conseil d&rsquo;administration \u00e0 un troisi\u00e8me repr\u00e9sentant de l&rsquo;Afrique sur 25, ce qui contribuera \u00e0 renforcer la voix du continent dans les affaires \u00e9conomiques et financi\u00e8res.&nbsp;<\/p>\n\n\n\n<h2 class=\"wp-block-heading has-medium-font-size\" id=\"h-mais-il-reste-encore-beaucoup-de-chemin-a-parcourir-nbsp\">Mais il reste encore beaucoup de chemin \u00e0 parcourir.&nbsp;<\/h2>\n\n\n\n<p class=\"has-medium-font-size wp-block-paragraph\">Nous encourageons \u00e9galement les gouvernements \u00e0 exiger des crit\u00e8res objectifs, transparents et mesurables pour l&rsquo;\u00e9valuation du risque souverain par les agences de notation.<\/p>\n\n\n\n<p class=\"has-medium-font-size wp-block-paragraph\">Les recherches men\u00e9es par le Programme des Nations unies pour le d\u00e9veloppement (PNUD) montrent que ces agences attribuent syst\u00e9matiquement des notes de risque plus \u00e9lev\u00e9es aux pays pauvres, sans tenir compte des r\u00e9alit\u00e9s \u00e9conomiques sur le terrain.&nbsp;&nbsp;<\/p>\n\n\n\n<p class=\"has-medium-font-size wp-block-paragraph\">&nbsp;Cela a conduit \u00e0 une situation o\u00f9, en moyenne, les pays africains paient leurs emprunts quatre fois plus que les \u00c9tats-Unis et huit fois plus que les \u00e9conomies europ\u00e9ennes les plus riches. Notre acc\u00e8s au financement du d\u00e9veloppement et du climat d\u00e9pend de la fin de cette discrimination financi\u00e8re.&nbsp;<\/p>\n\n\n\n<p class=\"has-medium-font-size wp-block-paragraph\">Un autre objectif est d&rsquo;attirer au moins un euro de financement priv\u00e9 pour chaque euro de financement public consacr\u00e9 au d\u00e9veloppement, au climat et \u00e0 la nature.&nbsp;&nbsp;<\/p>\n\n\n\n<p class=\"has-medium-font-size wp-block-paragraph\">Nous invitons d&rsquo;autres pays \u00e0 rejoindre le Pacte de Paris afin de r\u00e9\u00e9crire les r\u00e8gles de la finance mondiale, de donner aux pays en d\u00e9veloppement un plus grand poids dans les institutions financi\u00e8res internationales et de mobiliser des fonds pour une croissance durable.&nbsp;&nbsp;<\/p>\n\n\n\n<p class=\"has-medium-font-size wp-block-paragraph\">Nous esp\u00e9rons ainsi cr\u00e9er un nouvel ordre financier mondial et inclusif, adapt\u00e9 au XXIe si\u00e8cle.&nbsp;<\/p>\n\n\n\n<p class=\"has-medium-font-size wp-block-paragraph\">*<strong>Macky Sall, ancien pr\u00e9sident du S\u00e9n\u00e9gal (2012-2024) est l&rsquo;envoy\u00e9 sp\u00e9cial du Pacte de Paris pour les peuples et la plan\u00e8te<\/strong><\/p>","protected":false},"excerpt":{"rendered":"<p>\u00ab\u00a0Le syst\u00e8me financier international aggrave les in\u00e9galit\u00e9s\u00a0\u00bb Lorsque je r\u00e9fl\u00e9chis \u00e0 mes douze ann\u00e9es pass\u00e9es \u00e0 la t\u00eate du S\u00e9n\u00e9gal, une le\u00e7on&hellip;<\/p>","protected":false},"author":9,"featured_media":2356,"comment_status":"open","ping_status":"open","sticky":false,"template":"","format":"standard","meta":{"_lmt_disableupdate":"","_lmt_disable":"","footnotes":""},"categories":[5,4],"tags":[],"class_list":["post-2732","post","type-post","status-publish","format-standard","has-post-thumbnail","hentry","category-international","category-mis-en-avant"],"yoast_head":"<!-- This site is optimized with the Yoast SEO Premium plugin v28.1 (Yoast SEO v28.1) - https:\/\/yoast.com\/product\/yoast-seo-premium-wordpress\/ -->\n<title>TRIBUNE de Macky Sall, Ancien Pr\u00e9sident de la R\u00e9publique du S\u00e9n\u00e9gal | Geopolitics.fr<\/title>\n<meta name=\"robots\" content=\"index, follow, max-snippet:-1, max-image-preview:large, max-video-preview:-1\" \/>\n<link rel=\"canonical\" href=\"https:\/\/www.geopolitics.fr\/en\/2024\/05\/21\/tribune-de-macky-sall-ancien-president-de-la-republique-du-senegal\/\" \/>\n<meta property=\"og:locale\" content=\"en_GB\" \/>\n<meta property=\"og:type\" content=\"article\" \/>\n<meta property=\"og:title\" content=\"TRIBUNE de Macky Sall, Ancien Pr\u00e9sident de la R\u00e9publique du S\u00e9n\u00e9gal\" \/>\n<meta property=\"og:description\" content=\"\u00ab\u00a0Le syst\u00e8me financier international aggrave les in\u00e9galit\u00e9s\u00a0\u00bb Lorsque je r\u00e9fl\u00e9chis \u00e0 mes douze ann\u00e9es pass\u00e9es \u00e0 la t\u00eate du S\u00e9n\u00e9gal, une le\u00e7on&hellip;\" \/>\n<meta property=\"og:url\" content=\"https:\/\/www.geopolitics.fr\/en\/2024\/05\/21\/tribune-de-macky-sall-ancien-president-de-la-republique-du-senegal\/\" \/>\n<meta property=\"og:site_name\" content=\"Geopolitics.fr\" \/>\n<meta property=\"article:publisher\" content=\"https:\/\/www.facebook.com\/people\/Erwan-Davoux\/61557098968092\/\" \/>\n<meta property=\"article:published_time\" content=\"2024-05-21T16:41:33+00:00\" \/>\n<meta property=\"article:modified_time\" content=\"2024-05-21T16:41:35+00:00\" \/>\n<meta property=\"og:image\" content=\"https:\/\/www.geopolitics.fr\/wp-content\/uploads\/2024\/03\/Depositphotos_160472992_XL-scaled.jpg\" \/>\n\t<meta property=\"og:image:width\" content=\"1920\" \/>\n\t<meta property=\"og:image:height\" content=\"1280\" \/>\n\t<meta property=\"og:image:type\" content=\"image\/jpeg\" \/>\n<meta name=\"author\" content=\"contact@geopolitics.fr\" \/>\n<meta name=\"twitter:card\" content=\"summary_large_image\" \/>\n<meta name=\"twitter:creator\" content=\"@Geopolitics_Fr\" \/>\n<meta name=\"twitter:site\" content=\"@Geopolitics_Fr\" \/>\n<meta name=\"twitter:label1\" content=\"Written by\" \/>\n\t<meta name=\"twitter:data1\" content=\"contact@geopolitics.fr\" \/>\n\t<meta name=\"twitter:label2\" content=\"Estimated reading time\" \/>\n\t<meta name=\"twitter:data2\" content=\"5 minutes\" \/>\n<script type=\"application\/ld+json\" class=\"yoast-schema-graph\">{\"@context\":\"https:\\\/\\\/schema.org\",\"@graph\":[{\"@type\":\"Article\",\"@id\":\"https:\\\/\\\/www.geopolitics.fr\\\/2024\\\/05\\\/21\\\/tribune-de-macky-sall-ancien-president-de-la-republique-du-senegal\\\/#article\",\"isPartOf\":{\"@id\":\"https:\\\/\\\/www.geopolitics.fr\\\/2024\\\/05\\\/21\\\/tribune-de-macky-sall-ancien-president-de-la-republique-du-senegal\\\/\"},\"author\":{\"name\":\"contact@geopolitics.fr\",\"@id\":\"https:\\\/\\\/www.geopolitics.fr\\\/#\\\/schema\\\/person\\\/69dde260ad11805e2aa68f0d9e9128da\"},\"headline\":\"TRIBUNE de Macky Sall, Ancien Pr\u00e9sident de la R\u00e9publique du S\u00e9n\u00e9gal\",\"datePublished\":\"2024-05-21T16:41:33+00:00\",\"dateModified\":\"2024-05-21T16:41:35+00:00\",\"mainEntityOfPage\":{\"@id\":\"https:\\\/\\\/www.geopolitics.fr\\\/2024\\\/05\\\/21\\\/tribune-de-macky-sall-ancien-president-de-la-republique-du-senegal\\\/\"},\"wordCount\":1080,\"commentCount\":0,\"publisher\":{\"@id\":\"https:\\\/\\\/www.geopolitics.fr\\\/#organization\"},\"image\":{\"@id\":\"https:\\\/\\\/www.geopolitics.fr\\\/2024\\\/05\\\/21\\\/tribune-de-macky-sall-ancien-president-de-la-republique-du-senegal\\\/#primaryimage\"},\"thumbnailUrl\":\"https:\\\/\\\/www.geopolitics.fr\\\/wp-content\\\/uploads\\\/2024\\\/03\\\/Depositphotos_160472992_XL-scaled.jpg\",\"articleSection\":[\"International\",\"Mis en AVANT\"],\"inLanguage\":\"en-GB\"},{\"@type\":\"WebPage\",\"@id\":\"https:\\\/\\\/www.geopolitics.fr\\\/2024\\\/05\\\/21\\\/tribune-de-macky-sall-ancien-president-de-la-republique-du-senegal\\\/\",\"url\":\"https:\\\/\\\/www.geopolitics.fr\\\/2024\\\/05\\\/21\\\/tribune-de-macky-sall-ancien-president-de-la-republique-du-senegal\\\/\",\"name\":\"TRIBUNE de Macky Sall, Ancien Pr\u00e9sident de la R\u00e9publique du S\u00e9n\u00e9gal | Geopolitics.fr\",\"isPartOf\":{\"@id\":\"https:\\\/\\\/www.geopolitics.fr\\\/#website\"},\"primaryImageOfPage\":{\"@id\":\"https:\\\/\\\/www.geopolitics.fr\\\/2024\\\/05\\\/21\\\/tribune-de-macky-sall-ancien-president-de-la-republique-du-senegal\\\/#primaryimage\"},\"image\":{\"@id\":\"https:\\\/\\\/www.geopolitics.fr\\\/2024\\\/05\\\/21\\\/tribune-de-macky-sall-ancien-president-de-la-republique-du-senegal\\\/#primaryimage\"},\"thumbnailUrl\":\"https:\\\/\\\/www.geopolitics.fr\\\/wp-content\\\/uploads\\\/2024\\\/03\\\/Depositphotos_160472992_XL-scaled.jpg\",\"datePublished\":\"2024-05-21T16:41:33+00:00\",\"dateModified\":\"2024-05-21T16:41:35+00:00\",\"breadcrumb\":{\"@id\":\"https:\\\/\\\/www.geopolitics.fr\\\/2024\\\/05\\\/21\\\/tribune-de-macky-sall-ancien-president-de-la-republique-du-senegal\\\/#breadcrumb\"},\"inLanguage\":\"en-GB\",\"potentialAction\":[{\"@type\":\"ReadAction\",\"target\":[\"https:\\\/\\\/www.geopolitics.fr\\\/2024\\\/05\\\/21\\\/tribune-de-macky-sall-ancien-president-de-la-republique-du-senegal\\\/\"]}]},{\"@type\":\"ImageObject\",\"inLanguage\":\"en-GB\",\"@id\":\"https:\\\/\\\/www.geopolitics.fr\\\/2024\\\/05\\\/21\\\/tribune-de-macky-sall-ancien-president-de-la-republique-du-senegal\\\/#primaryimage\",\"url\":\"https:\\\/\\\/www.geopolitics.fr\\\/wp-content\\\/uploads\\\/2024\\\/03\\\/Depositphotos_160472992_XL-scaled.jpg\",\"contentUrl\":\"https:\\\/\\\/www.geopolitics.fr\\\/wp-content\\\/uploads\\\/2024\\\/03\\\/Depositphotos_160472992_XL-scaled.jpg\",\"width\":1920,\"height\":1280,\"caption\":\"Macky Sall (Praesident Senegal) - Treffen der dt. Bundeskanzlerin mit afrikanischen Staatschefs, Bundeskanzleramt, 12. Juni2017, Berlin (nur fuer redaktionelle Verwendung. Keine Werbung. Referenzdatenbank: http:\\\/\\\/www.360-berlin.de. \u00a9 Jens Knappe. Bildquellennachweis: Jens Knappe - 360-berlin.de. Veroeffentlichung nur bei Nennung des Urhebers sowie Honorierung und Beleg\\\/ all rights reserved, unauthorized use prohibited. Kontakt\\\/ Please contact: Tel. (0049)-(0)30-447 19 148 - EMail: info@360-berlin.de. Bankverbindung: Konto-Nr. 419 40 23 108, Berliner Sparkasse, BLZ 100 500 00)\"},{\"@type\":\"BreadcrumbList\",\"@id\":\"https:\\\/\\\/www.geopolitics.fr\\\/2024\\\/05\\\/21\\\/tribune-de-macky-sall-ancien-president-de-la-republique-du-senegal\\\/#breadcrumb\",\"itemListElement\":[{\"@type\":\"ListItem\",\"position\":1,\"name\":\"Accueil\",\"item\":\"https:\\\/\\\/www.geopolitics.fr\\\/\"},{\"@type\":\"ListItem\",\"position\":2,\"name\":\"TRIBUNE de Macky Sall, Ancien Pr\u00e9sident de la R\u00e9publique du S\u00e9n\u00e9gal\"}]},{\"@type\":\"WebSite\",\"@id\":\"https:\\\/\\\/www.geopolitics.fr\\\/#website\",\"url\":\"https:\\\/\\\/www.geopolitics.fr\\\/\",\"name\":\"Geopolitics.fr\",\"description\":\"Geopolitics.fr Analyse politique, relations internationales, d\u00e9fense - ligne \u00e9ditoriale gaullo-chiraquienne\",\"publisher\":{\"@id\":\"https:\\\/\\\/www.geopolitics.fr\\\/#organization\"},\"potentialAction\":[{\"@type\":\"SearchAction\",\"target\":{\"@type\":\"EntryPoint\",\"urlTemplate\":\"https:\\\/\\\/www.geopolitics.fr\\\/?s={search_term_string}\"},\"query-input\":{\"@type\":\"PropertyValueSpecification\",\"valueRequired\":true,\"valueName\":\"search_term_string\"}}],\"inLanguage\":\"en-GB\"},{\"@type\":\"Organization\",\"@id\":\"https:\\\/\\\/www.geopolitics.fr\\\/#organization\",\"name\":\"Geopolitics.fr\",\"url\":\"https:\\\/\\\/www.geopolitics.fr\\\/\",\"logo\":{\"@type\":\"ImageObject\",\"inLanguage\":\"en-GB\",\"@id\":\"https:\\\/\\\/www.geopolitics.fr\\\/#\\\/schema\\\/logo\\\/image\\\/\",\"url\":\"https:\\\/\\\/www.geopolitics.fr\\\/wp-content\\\/uploads\\\/2024\\\/01\\\/logo.jpg\",\"contentUrl\":\"https:\\\/\\\/www.geopolitics.fr\\\/wp-content\\\/uploads\\\/2024\\\/01\\\/logo.jpg\",\"width\":500,\"height\":500,\"caption\":\"Geopolitics.fr\"},\"image\":{\"@id\":\"https:\\\/\\\/www.geopolitics.fr\\\/#\\\/schema\\\/logo\\\/image\\\/\"},\"sameAs\":[\"https:\\\/\\\/www.facebook.com\\\/people\\\/Erwan-Davoux\\\/61557098968092\\\/\",\"https:\\\/\\\/x.com\\\/Geopolitics_Fr\"]},{\"@type\":\"Person\",\"@id\":\"https:\\\/\\\/www.geopolitics.fr\\\/#\\\/schema\\\/person\\\/69dde260ad11805e2aa68f0d9e9128da\",\"name\":\"contact@geopolitics.fr\",\"image\":{\"@type\":\"ImageObject\",\"inLanguage\":\"en-GB\",\"@id\":\"https:\\\/\\\/www.geopolitics.fr\\\/wp-content\\\/uploads\\\/2024\\\/01\\\/edito-bonne-banniere-96x96.jpg\",\"url\":\"https:\\\/\\\/www.geopolitics.fr\\\/wp-content\\\/uploads\\\/2024\\\/01\\\/edito-bonne-banniere-96x96.jpg\",\"contentUrl\":\"https:\\\/\\\/www.geopolitics.fr\\\/wp-content\\\/uploads\\\/2024\\\/01\\\/edito-bonne-banniere-96x96.jpg\",\"caption\":\"contact@geopolitics.fr\"},\"url\":\"https:\\\/\\\/www.geopolitics.fr\\\/en\\\/author\\\/contactgeopolitics-fr\\\/\"}]}<\/script>\n<!-- \/ Yoast SEO Premium plugin. -->","yoast_head_json":{"title":"TRIBUNE de Macky Sall, Ancien Pr\u00e9sident de la R\u00e9publique du S\u00e9n\u00e9gal | Geopolitics.fr","robots":{"index":"index","follow":"follow","max-snippet":"max-snippet:-1","max-image-preview":"max-image-preview:large","max-video-preview":"max-video-preview:-1"},"canonical":"https:\/\/www.geopolitics.fr\/en\/2024\/05\/21\/tribune-de-macky-sall-ancien-president-de-la-republique-du-senegal\/","og_locale":"en_GB","og_type":"article","og_title":"TRIBUNE de Macky Sall, Ancien Pr\u00e9sident de la R\u00e9publique du S\u00e9n\u00e9gal","og_description":"\u00ab\u00a0Le syst\u00e8me financier international aggrave les in\u00e9galit\u00e9s\u00a0\u00bb Lorsque je r\u00e9fl\u00e9chis \u00e0 mes douze ann\u00e9es pass\u00e9es \u00e0 la t\u00eate du S\u00e9n\u00e9gal, une le\u00e7on&hellip;","og_url":"https:\/\/www.geopolitics.fr\/en\/2024\/05\/21\/tribune-de-macky-sall-ancien-president-de-la-republique-du-senegal\/","og_site_name":"Geopolitics.fr","article_publisher":"https:\/\/www.facebook.com\/people\/Erwan-Davoux\/61557098968092\/","article_published_time":"2024-05-21T16:41:33+00:00","article_modified_time":"2024-05-21T16:41:35+00:00","og_image":[{"width":1920,"height":1280,"url":"https:\/\/www.geopolitics.fr\/wp-content\/uploads\/2024\/03\/Depositphotos_160472992_XL-scaled.jpg","type":"image\/jpeg"}],"author":"contact@geopolitics.fr","twitter_card":"summary_large_image","twitter_creator":"@Geopolitics_Fr","twitter_site":"@Geopolitics_Fr","twitter_misc":{"Written by":"contact@geopolitics.fr","Estimated reading time":"5 minutes"},"schema":{"@context":"https:\/\/schema.org","@graph":[{"@type":"Article","@id":"https:\/\/www.geopolitics.fr\/2024\/05\/21\/tribune-de-macky-sall-ancien-president-de-la-republique-du-senegal\/#article","isPartOf":{"@id":"https:\/\/www.geopolitics.fr\/2024\/05\/21\/tribune-de-macky-sall-ancien-president-de-la-republique-du-senegal\/"},"author":{"name":"contact@geopolitics.fr","@id":"https:\/\/www.geopolitics.fr\/#\/schema\/person\/69dde260ad11805e2aa68f0d9e9128da"},"headline":"TRIBUNE de Macky Sall, Ancien Pr\u00e9sident de la R\u00e9publique du S\u00e9n\u00e9gal","datePublished":"2024-05-21T16:41:33+00:00","dateModified":"2024-05-21T16:41:35+00:00","mainEntityOfPage":{"@id":"https:\/\/www.geopolitics.fr\/2024\/05\/21\/tribune-de-macky-sall-ancien-president-de-la-republique-du-senegal\/"},"wordCount":1080,"commentCount":0,"publisher":{"@id":"https:\/\/www.geopolitics.fr\/#organization"},"image":{"@id":"https:\/\/www.geopolitics.fr\/2024\/05\/21\/tribune-de-macky-sall-ancien-president-de-la-republique-du-senegal\/#primaryimage"},"thumbnailUrl":"https:\/\/www.geopolitics.fr\/wp-content\/uploads\/2024\/03\/Depositphotos_160472992_XL-scaled.jpg","articleSection":["International","Mis en AVANT"],"inLanguage":"en-GB"},{"@type":"WebPage","@id":"https:\/\/www.geopolitics.fr\/2024\/05\/21\/tribune-de-macky-sall-ancien-president-de-la-republique-du-senegal\/","url":"https:\/\/www.geopolitics.fr\/2024\/05\/21\/tribune-de-macky-sall-ancien-president-de-la-republique-du-senegal\/","name":"TRIBUNE de Macky Sall, Ancien Pr\u00e9sident de la R\u00e9publique du S\u00e9n\u00e9gal | Geopolitics.fr","isPartOf":{"@id":"https:\/\/www.geopolitics.fr\/#website"},"primaryImageOfPage":{"@id":"https:\/\/www.geopolitics.fr\/2024\/05\/21\/tribune-de-macky-sall-ancien-president-de-la-republique-du-senegal\/#primaryimage"},"image":{"@id":"https:\/\/www.geopolitics.fr\/2024\/05\/21\/tribune-de-macky-sall-ancien-president-de-la-republique-du-senegal\/#primaryimage"},"thumbnailUrl":"https:\/\/www.geopolitics.fr\/wp-content\/uploads\/2024\/03\/Depositphotos_160472992_XL-scaled.jpg","datePublished":"2024-05-21T16:41:33+00:00","dateModified":"2024-05-21T16:41:35+00:00","breadcrumb":{"@id":"https:\/\/www.geopolitics.fr\/2024\/05\/21\/tribune-de-macky-sall-ancien-president-de-la-republique-du-senegal\/#breadcrumb"},"inLanguage":"en-GB","potentialAction":[{"@type":"ReadAction","target":["https:\/\/www.geopolitics.fr\/2024\/05\/21\/tribune-de-macky-sall-ancien-president-de-la-republique-du-senegal\/"]}]},{"@type":"ImageObject","inLanguage":"en-GB","@id":"https:\/\/www.geopolitics.fr\/2024\/05\/21\/tribune-de-macky-sall-ancien-president-de-la-republique-du-senegal\/#primaryimage","url":"https:\/\/www.geopolitics.fr\/wp-content\/uploads\/2024\/03\/Depositphotos_160472992_XL-scaled.jpg","contentUrl":"https:\/\/www.geopolitics.fr\/wp-content\/uploads\/2024\/03\/Depositphotos_160472992_XL-scaled.jpg","width":1920,"height":1280,"caption":"Macky Sall (Praesident Senegal) - Treffen der dt. Bundeskanzlerin mit afrikanischen Staatschefs, Bundeskanzleramt, 12. Juni2017, Berlin (nur fuer redaktionelle Verwendung. Keine Werbung. Referenzdatenbank: http:\/\/www.360-berlin.de. \u00a9 Jens Knappe. Bildquellennachweis: Jens Knappe - 360-berlin.de. Veroeffentlichung nur bei Nennung des Urhebers sowie Honorierung und Beleg\/ all rights reserved, unauthorized use prohibited. Kontakt\/ Please contact: Tel. (0049)-(0)30-447 19 148 - EMail: info@360-berlin.de. Bankverbindung: Konto-Nr. 419 40 23 108, Berliner Sparkasse, BLZ 100 500 00)"},{"@type":"BreadcrumbList","@id":"https:\/\/www.geopolitics.fr\/2024\/05\/21\/tribune-de-macky-sall-ancien-president-de-la-republique-du-senegal\/#breadcrumb","itemListElement":[{"@type":"ListItem","position":1,"name":"Accueil","item":"https:\/\/www.geopolitics.fr\/"},{"@type":"ListItem","position":2,"name":"TRIBUNE de Macky Sall, Ancien Pr\u00e9sident de la R\u00e9publique du S\u00e9n\u00e9gal"}]},{"@type":"WebSite","@id":"https:\/\/www.geopolitics.fr\/#website","url":"https:\/\/www.geopolitics.fr\/","name":"Geopolitics.fr","description":"Geopolitics.fr Analyse politique, relations internationales, d\u00e9fense - ligne \u00e9ditoriale gaullo-chiraquienne","publisher":{"@id":"https:\/\/www.geopolitics.fr\/#organization"},"potentialAction":[{"@type":"SearchAction","target":{"@type":"EntryPoint","urlTemplate":"https:\/\/www.geopolitics.fr\/?s={search_term_string}"},"query-input":{"@type":"PropertyValueSpecification","valueRequired":true,"valueName":"search_term_string"}}],"inLanguage":"en-GB"},{"@type":"Organization","@id":"https:\/\/www.geopolitics.fr\/#organization","name":"Geopolitics.fr","url":"https:\/\/www.geopolitics.fr\/","logo":{"@type":"ImageObject","inLanguage":"en-GB","@id":"https:\/\/www.geopolitics.fr\/#\/schema\/logo\/image\/","url":"https:\/\/www.geopolitics.fr\/wp-content\/uploads\/2024\/01\/logo.jpg","contentUrl":"https:\/\/www.geopolitics.fr\/wp-content\/uploads\/2024\/01\/logo.jpg","width":500,"height":500,"caption":"Geopolitics.fr"},"image":{"@id":"https:\/\/www.geopolitics.fr\/#\/schema\/logo\/image\/"},"sameAs":["https:\/\/www.facebook.com\/people\/Erwan-Davoux\/61557098968092\/","https:\/\/x.com\/Geopolitics_Fr"]},{"@type":"Person","@id":"https:\/\/www.geopolitics.fr\/#\/schema\/person\/69dde260ad11805e2aa68f0d9e9128da","name":"contact@geopolitics.fr","image":{"@type":"ImageObject","inLanguage":"en-GB","@id":"https:\/\/www.geopolitics.fr\/wp-content\/uploads\/2024\/01\/edito-bonne-banniere-96x96.jpg","url":"https:\/\/www.geopolitics.fr\/wp-content\/uploads\/2024\/01\/edito-bonne-banniere-96x96.jpg","contentUrl":"https:\/\/www.geopolitics.fr\/wp-content\/uploads\/2024\/01\/edito-bonne-banniere-96x96.jpg","caption":"contact@geopolitics.fr"},"url":"https:\/\/www.geopolitics.fr\/en\/author\/contactgeopolitics-fr\/"}]}},"_links":{"self":[{"href":"https:\/\/www.geopolitics.fr\/en\/wp-json\/wp\/v2\/posts\/2732","targetHints":{"allow":["GET"]}}],"collection":[{"href":"https:\/\/www.geopolitics.fr\/en\/wp-json\/wp\/v2\/posts"}],"about":[{"href":"https:\/\/www.geopolitics.fr\/en\/wp-json\/wp\/v2\/types\/post"}],"author":[{"embeddable":true,"href":"https:\/\/www.geopolitics.fr\/en\/wp-json\/wp\/v2\/users\/9"}],"replies":[{"embeddable":true,"href":"https:\/\/www.geopolitics.fr\/en\/wp-json\/wp\/v2\/comments?post=2732"}],"version-history":[{"count":0,"href":"https:\/\/www.geopolitics.fr\/en\/wp-json\/wp\/v2\/posts\/2732\/revisions"}],"wp:featuredmedia":[{"embeddable":true,"href":"https:\/\/www.geopolitics.fr\/en\/wp-json\/wp\/v2\/media\/2356"}],"wp:attachment":[{"href":"https:\/\/www.geopolitics.fr\/en\/wp-json\/wp\/v2\/media?parent=2732"}],"wp:term":[{"taxonomy":"category","embeddable":true,"href":"https:\/\/www.geopolitics.fr\/en\/wp-json\/wp\/v2\/categories?post=2732"},{"taxonomy":"post_tag","embeddable":true,"href":"https:\/\/www.geopolitics.fr\/en\/wp-json\/wp\/v2\/tags?post=2732"}],"curies":[{"name":"wp","href":"https:\/\/api.w.org\/{rel}","templated":true}]}}