{"id":2712,"date":"2024-05-12T21:00:00","date_gmt":"2024-05-12T19:00:00","guid":{"rendered":"https:\/\/www.geopolitics.fr\/?p=2712"},"modified":"2024-05-12T20:47:28","modified_gmt":"2024-05-12T18:47:28","slug":"petite-histoire-du-suicide-de-la-droite","status":"publish","type":"post","link":"https:\/\/www.geopolitics.fr\/en\/2024\/05\/12\/petite-histoire-du-suicide-de-la-droite\/","title":{"rendered":"Petite histoire du suicide de la droite"},"content":{"rendered":"\n<h2 class=\"wp-block-heading\" id=\"h-episode-2-nbsp-premiere-defaite-d-une-droite-devenue-populiste-face-a-francois-hollande\">Episode 2&nbsp;: premi\u00e8re d\u00e9faite d&rsquo;une droite devenue populiste face \u00e0\u2026.Fran\u00e7ois Hollande<\/h2>\n\n\n\n<p class=\"has-medium-font-size wp-block-paragraph\"><strong>Une \u00ab\u00a0fraise des bois\u00a0\u00bb, c\u2019est ainsi que Laurent Fabius qualifia Fran\u00e7ois Hollande en 2011<\/strong>. Ce dernier n\u2019a pas la moindre exp\u00e9rience gouvernementale. Du pain b\u00e9ni pour la b\u00eate politique qu\u2019est Nicolas Sarkozy\u00a0?<\/p>\n\n\n\n<p class=\"has-medium-font-size wp-block-paragraph\"><strong>En effet, l\u2019\u00e9limination de Dominique Strauss-Kahn de la course \u00e0 la pr\u00e9sidentielle et la d\u00e9signation de Fran\u00e7ois Hollande auraient d\u00fb permettre la r\u00e9\u00e9lection de Nicolas Sarkozy. N\u00e9anmoins la campagne de 2012 fut pour le moins atypique, dans le mauvais sens du terme.<\/strong><\/p>\n\n\n\n<h2 class=\"wp-block-heading\" id=\"h-depart-de-l-elysee-pour-l-ump\">D\u00e9part de l&rsquo;Elys\u00e9e pour l&rsquo;UMP<\/h2>\n\n\n\n<p class=\"has-medium-font-size wp-block-paragraph\"><strong>Je ne la v\u00e9cus pas de l\u2019Elys\u00e9e, quitt\u00e9 \u00e0 l\u2019\u00e9t\u00e9 2011, pour devenir conseiller diplomatique de Jean-Fran\u00e7ois Cop\u00e9<\/strong>. Un parcours atypique, habituellement c\u2019est l\u2019inverse\u00a0: on passe plut\u00f4t du parti \u00e0 la Pr\u00e9sidence. Mais je le fais sans \u00e9tats d\u2019\u00e2me. Arriv\u00e9 \u00e0 l\u2019Elys\u00e9e par le biais de Jean-Pierre Raffarin (alors Repr\u00e9sentant Personnel du Pr\u00e9sident pour la Francophonie), je ne suis pas un \u00a0sarkozyste. J\u2019ai le sentiment de faire le bon choix, Cop\u00e9 ayant longtemps \u00e9t\u00e9 un \u00ab\u00a0b\u00e9b\u00e9 Chirac\u00a0\u00bb qui a souvent marqu\u00e9 sa d\u00e9fiance ou son ind\u00e9pendance vis-\u00e0-vis de Nicolas Sarkozy. Par ailleurs, son parcours politique est un \u00ab\u00a0sans faute\u00a0\u00bb, tous mes coll\u00e8gues me disent que j\u2019ai fait le bon choix \u00ab\u00a0Cop\u00e9 ne fait aucune erreur\u00a0\u00bb, \u00ab\u00a0c\u2019est le meilleur\u00a0\u00bb. Effectivement Cop\u00e9 est d\u00e9j\u00e0, quasiment, candidat \u00e0 la prochaine \u00e9lection pr\u00e9sidentielle, celle de 2017. Mon entretien d\u2019embauche fut un coup de foudre. Je n\u2019avais pas encore quitt\u00e9 les locaux de l\u2019UMP, alors rue de la Bo\u00e9tie, que J\u00e9r\u00f4me Lavrilleux m\u2019appelait pour me dire \u00ab\u00a0quand peux-tu commencer\u00a0? \u00bb Fier de moi, je lui r\u00e9pondis \u00ab\u00a0d\u00e8s la rentr\u00e9e, nous nous sommes organis\u00e9s \u00e0 la cellule diplomatique pour cet \u00e9t\u00e9\u00a0\u00bb. Il me r\u00e9pondit alors \u00ab\u00a0non la semaine prochaine au plus tard\u00a0\u00bb. <strong>J\u2019int\u00e9grais donc aussit\u00f4t l\u2019UMP comme \u00ab\u00a0conseiller diplomatique\u00a0\u00bb de celui qui \u00e9tait alors Secr\u00e9taire G\u00e9n\u00e9ral. Cela me permettait d\u2019ouvrir mon horizon, jusqu\u2019\u00e0 lors essentiellement centr\u00e9 sur le monde arabe \u00e0 la DGSE<\/strong>. <\/p>\n\n\n\n<p class=\"has-medium-font-size wp-block-paragraph\">N\u00e9anmoins, le 1<sup>er<\/sup> d\u00e9placement de Jean-Fran\u00e7ois Cop\u00e9 se fit dix jours plus tard en Alg\u00e9rie. D\u00e9placement extr\u00eamement sentimental pour lui, une premi\u00e8re, alors que sa maman est originaire d\u2019Alger. <strong>Au cours de ce d\u00e9placement, le Pr\u00e9sident Bouteflika au summum de son pouvoir le recevra pendant trois heures et lui dira \u00ab\u00a0vous arrivez un peu tard\u00a0\u00bb. <\/strong>En effet, <strong>c\u2019est avec Jacques Chirac qu\u2019Abdelaziz Bouteflika voulait avancer pour d\u00e9passer le pass\u00e9<\/strong>. Mais le malheureux amendement Vanneste sur \u00ab\u00a0le r\u00f4le positif de la colonisation, en f\u00e9vrier 2005, bloquera tout. <strong>Le Pr\u00e9sident alg\u00e9rien voit en Jean-Fran\u00e7ois Cop\u00e9 un possible successeur. Dans un article ult\u00e9rieur, je t\u00e9moignerai qu\u2019Alain Jupp\u00e9 portera ensuite cet espoir.<\/strong><\/p>\n\n\n\n<h2 class=\"wp-block-heading\" id=\"h-une-campagne-demarree-tardivement-et-des-choix-etonnants\">Une campagne d\u00e9marr\u00e9e tardivement et des choix \u00e9tonnants.<\/h2>\n\n\n\n<p class=\"has-medium-font-size wp-block-paragraph\"><strong>Je vis donc cette campagne pr\u00e9sidentielle au sein du parti majoritaire mais sans y prendre une part active. <\/strong>En effet, l&rsquo;international est rarement le coeur d&rsquo;une campagne pr\u00e9sidentielle (les choses pourraient changer \u00e0 l&rsquo;avenir) et je ne me sens pas en ad\u00e9quation avec la tonalit\u00e9 et le positionnement politique. La Croix de Lorraine me semble totalement rel\u00e9gu\u00e9e, oubli\u00e9e.<\/p>\n\n\n\n<p class=\"has-medium-font-size wp-block-paragraph\"><strong>Le r\u00f4le de Jean-Fran\u00e7ois Cop\u00e9 est ingrat. Le chef du parti au pouvoir a pour mission de cogner sans rel\u00e2che et parfois sans mod\u00e9ration contre l\u2019opposition,<\/strong> soutenir pleinement et totalement un ex\u00e9cutif m\u00eame quand il n\u2019est pas en harmonie et venir au secours des ministres d\u00e9faillants. Il l\u2019accomplit avec l\u2019immense talent qui est le sien. <strong>Mais son image en souffrira durablement<\/strong>. Il soutiendra pleinement et tr\u00e8s loyalement le candidat. Il fut assimil\u00e9 totalement \u00e0 tort au sarkozysme et \u00e0 un id\u00e9ologue un peu sectaire.<\/p>\n\n\n\n<p class=\"has-medium-font-size wp-block-paragraph\"><strong>Nicolas Sarkozy d\u00e9cide d\u2019entrer en campagne tardivement, fin f\u00e9vrier pour des raisons assez incompr\u00e9hensibles<\/strong>. Optant pour le mod\u00e8le Mitterrand de 1988, Nicolas Sarkozy ne dispose pourtant d\u2019aucun des atouts&nbsp;qui le justifieraient. En effet, en 1988, tous les sondages donnaient Fran\u00e7ois Mittterrand vainqueur et il apparaissait comme rassembleur. Nicolas Sarkozy ne dispose d\u2019aucun des deux atouts.<\/p>\n\n\n\n<p class=\"has-medium-font-size wp-block-paragraph\"><strong>Second choix pour le moins \u00e9tonnant, celui de ses directeurs de campagne<\/strong>\u00a0: Guillaume Lambert et J\u00e9r\u00f4me Lavrilleux (directeur adjoint). Du jamais vu\u2026 Habituellement le directeur de campagne est un proche du candidat, exp\u00e9riment\u00e9, qui peut lui parler franchement et directement, quasiment d\u2019\u00e9gal \u00e0 \u00e9gal. Chirac choisira Pasqua en 1988, Stefaninini en 1995, Antoine Rufenacht en 2002.<\/p>\n\n\n\n<p class=\"has-medium-font-size wp-block-paragraph\"><strong>En choisissant deux personnalit\u00e9s jeunes qui n\u2019ont absolument pas la possibilit\u00e9 de lui dire les choses franchement et encore moins le contredire, Nicolas Sarkozy fait une erreur.<\/strong> Non que Guillaume Lambert ne soit pas talentueux\u2026 Quant \u00e0 J\u00e9r\u00f4me Lavrilleux, c\u2019est une b\u00eate politique et il se donnera totalement dans cette campagne au point que certains s\u2019amus\u00e8rent \u00e0 le classer comme \u00ab\u00a0sarkozyste\u00a0\u00bb et non plus \u00ab\u00a0cop\u00e9iste\u00a0\u00bb pour d\u00e9crire cette m\u00e9tamorphose. Une boutade. Il n\u2019en demeure pas moins qu\u2019ils ne sont pas en mesure de contredire, ou se faire vraiment entendre du candidat. <strong>Les cons\u00e9quences seront dramatiques<\/strong>.<\/p>\n\n\n\n<h2 class=\"wp-block-heading\" id=\"h-un-air-de-deja-vu\">Un air de d\u00e9j\u00e0 vu<\/h2>\n\n\n\n<p class=\"has-medium-font-size wp-block-paragraph\"><strong>Pour le reste, les poids lourds de la campagne sont les m\u00eame qu\u2019en 2007, tout comme les th\u00e8mes, \u00e0 peine recycl\u00e9s. Les grandes messes spectaculaires o\u00f9 la Rock Star remonte sur sc\u00e8ne ont un parfum de tourn\u00e9e d\u2019adieux. Ils ne trompent que les militants.<\/strong><\/p>\n\n\n\n<p class=\"has-medium-font-size wp-block-paragraph\">N\u00e9anmoins Nicolas Sarkozy sait faire campagne et une dynamique s\u2019enclenche. Au point qu\u2019\u00e0 l\u2019UMP, en d\u00e9pit des sondages, la confiance r\u00e8gne quant \u00e0 l\u2019issue du scrutin. <strong>Nicolas Sarkozy grignote son retard. &nbsp;Chacun l\u2019aura constat\u00e9, il aura manqu\u00e9 deux semaines de campagne pour significativement et d\u00e9cisivement l\u2019\u00e9cart r\u00e9duire l\u2019\u00e9cart. A qui la faute si le candidat est entr\u00e9 trop tardivement en campagne&nbsp;?<\/strong><\/p>\n\n\n\n<h2 class=\"wp-block-heading\" id=\"h-un-candidat-pris-en-entonnoir-entre-l-extreme-droite-et-le-centre\"><strong>Un candidat pris en entonnoir entre l&rsquo;extr\u00eame droite et le centre<\/strong><\/h2>\n\n\n\n<p class=\"has-medium-font-size wp-block-paragraph\">Nicolas Sarkozy r\u00e9alise un tr\u00e8s bon score pour un pr\u00e9sident sortant (plus de 27%) au 1<sup>er<\/sup> tour mais il est devanc\u00e9 d\u2019un point et demi alors que <strong>son r\u00e9servoir de voix pour le second est limit\u00e9<\/strong>. <strong>Le siphonage des voix du FN ne marche plus<\/strong> apr\u00e8s cinq ann\u00e9es d\u2019exercice du pouvoir. Sarkozy ne peut plus \u00eatre la rupture, l\u2019anti-establishment. Jean-Marie Le Pen r\u00e9alise pr\u00e8s de 18% des voix pour sa derni\u00e8re pr\u00e9sidentielle. Quant \u00e0 Fran\u00e7ois Bayrou, il apporte, sans condition, son soutien \u00e0 Fran\u00e7ois Hollande, fort de ses 9%. <strong>Il s\u2019agit d\u2019une rupture historique de l\u2019alliance entre la droite et le centre qui s\u2019explique par l\u2019animosit\u00e9 entre les deux hommes mais aussi par une d\u00e9rive droiti\u00e8re sur le fond. A ce jour, onze ann\u00e9es plus tard, la droite n\u2019en a toujours tir\u00e9 aucun enseignement et continue sa course effr\u00e9n\u00e9e non plus en pole position mais loin tr\u00e8s loin derri\u00e8re le FN devenu RN. <\/strong>La rupture avec le centre est consomm\u00e9e. Quant au programme, il est un \u00e9ternel recyclage de la campagne de 2007, m\u00eame cap avec des surench\u00e8res verbales peu cr\u00e9dibles. Une s\u00e9v\u00e8re corrections aux Europ\u00e9ennes permettrait-elle enfin un choc salutaire\u00a0?\u00a0\u00bb<a id=\"_ftnref1\" href=\"#_ftn1\">[1]<\/a><\/p>\n\n\n\n<p class=\"has-medium-font-size wp-block-paragraph\">Le d\u00e9bat de l\u2019entre-deux tours est compl\u00e8tement rat\u00e9. Lors de la fameuse tirade de Fran\u00e7ois Hollande \u00ab&nbsp;Moi Pr\u00e9sident&nbsp;\u00bb qui dure si longtemps, chacun attend la r\u00e9plique n\u00e9cessairement assassine de Nicolas Sarkozy. Elle ne viendra pas. <strong>Alors que son adversaire est totalement novice sur les questions internationales, Nicolas Sarkozy n\u2019ira jamais sur ce terrain. <\/strong><\/p>\n\n\n\n<p class=\"has-medium-font-size wp-block-paragraph\"><strong>Durant cette campagne rat\u00e9e, seul Jean-Fran\u00e7ois Cop\u00e9 r\u00e9ussira \u00e0 mettre en difficult\u00e9 Fran\u00e7ois Hollande lors du d\u00e9bat du 16 mars 2012<\/strong>.<\/p>\n\n\n\n<p class=\"has-medium-font-size wp-block-paragraph\"><strong>Pour couronner le tout, Le 1<sup>er<\/sup> mai, Fran\u00e7ois Fillon<\/strong>, Premier ministre de Nicolas Sarkozy, pendant cinq ann\u00e9es, <strong>ne trouve pas mieux que de se d\u00e9marquer et de critiquer le Pr\u00e9sident<\/strong> sur la question des relations avec les syndicats.\u00a0Une fa\u00e7on de prendre ses distances avec le pr\u00e9sident-candidat, et <strong>de montrer d\u00e9j\u00e0 un \u00e9go surdimensionn\u00e9 et un sens du collectif pour le moins mesur\u00e9.<\/strong><\/p>\n\n\n\n<h2 class=\"wp-block-heading\" id=\"h-une-fin-de-campagne-digne-et-une-defaite-qui-parait-etre-un-simple-accident\">Une fin de campagne digne et une d\u00e9faite qui para\u00eet \u00eatre un simple accident<\/h2>\n\n\n\n<p class=\"has-medium-font-size wp-block-paragraph\">Nicolas Sarkozy sait qu\u2019il va perdre. La veille du 2<sup>nd<\/sup> tour, il convie ses collaborateurs \u00e0 son QG de campagne pour les saluer. N\u2019\u00e9tant pas soup\u00e7onnable de sarkozysme effr\u00e9n\u00e9, je suis n\u00e9anmoins impressionn\u00e9 par la force qui \u00e9mane de lui, une solidit\u00e9 in\u00e9branlable alors qu\u2019une d\u00e9faite majeure est en cours.<\/p>\n\n\n\n<p class=\"has-medium-font-size wp-block-paragraph\">Nicolas Sarkozy r\u00e9ussit un exploit entre les deux tours\u00a0: sans recevoir le soutien du moindre candidat issu du premier, il r\u00e9ussit \u00e0 gagner 21 points. Mais la d\u00e9faite est in\u00e9vitable. <strong>Son discours est \u00e9mouvant et pr\u00e9sidentiel<\/strong> : il quitte la vie politique active et servira la France d\u2019une autre fa\u00e7on. Nous savons, qu\u2019h\u00e9las, il n\u2019en sera rien et que l\u2019id\u00e9e du retour ne l\u2019a jamais quitt\u00e9.<\/p>\n\n\n\n<p class=\"has-medium-font-size wp-block-paragraph\"><strong>La droite est donc d\u00e9faite, ce n\u2019est pas la 1<sup>\u00e8re<\/sup> fois sous la V\u00e8me R\u00e9publique. Mais elle a perdu son \u00e2me gaulliste et son ton gaullien. Le retrouvera-t-elle&nbsp;?<\/strong><\/p>\n\n\n\n<p class=\"has-medium-font-size wp-block-paragraph\">L\u2019UMP est alors une machine qui tourne \u00e0 plein r\u00e9gime et parfaitement \u00ab&nbsp;cheff\u00e9e&nbsp;\u00bb par Jean-Fran\u00e7ois Cop\u00e9. <strong>Les espoirs d\u2019une revanche et d\u2019un retour au pouvoir en 2017 sont r\u00e9els malgr\u00e9 la d\u00e9faites aux l\u00e9gislatives<\/strong>. Fran\u00e7ois Hollande qui n\u2019a pas la moindre exp\u00e9rience de l\u2019ex\u00e9cutif choisit un Premier ministre tout aussi novice en la personne de Jean-Marc Ayrault. D\u00e8s le d\u00e9but du quinquennat, il n\u2019y a aucune surprise. <strong>Hollande n\u2019est pas \u00e0 la hauteur de la fonction. Pour ma part, je prends un risque et d\u00e9missionne de la fonction publique le 18 juin 2012 car j\u2019ai le virus politique, je crois en Cop\u00e9 et ne tient aucunement \u00e0 servir Hollande, m\u00eame de tr\u00e8s loin.<\/strong><\/p>\n\n\n\n<hr class=\"wp-block-separator has-alpha-channel-opacity\"\/>\n\n\n\n<p class=\"wp-block-paragraph\"><a href=\"#_ftnref1\" id=\"_ftn1\">[1]<\/a> <a href=\"https:\/\/www.geopolitics.fr\/2024\/04\/30\/les-republicains-vers-une-deroute-salutaire\/\">Les R\u00e9publicains&nbsp;: vers une d\u00e9route salutaire&nbsp;? | Geopolitics.fr<\/a><\/p>\n","protected":false},"excerpt":{"rendered":"<p>Episode 2&nbsp;: premi\u00e8re d\u00e9faite d&rsquo;une droite devenue populiste face \u00e0\u2026.Fran\u00e7ois Hollande Une \u00ab\u00a0fraise des bois\u00a0\u00bb, c\u2019est ainsi que Laurent Fabius qualifia Fran\u00e7ois&hellip;<\/p>","protected":false},"author":16,"featured_media":2714,"comment_status":"open","ping_status":"open","sticky":false,"template":"","format":"standard","meta":{"_lmt_disableupdate":"","_lmt_disable":"","footnotes":""},"categories":[40,4,3],"tags":[120,264],"class_list":["post-2712","post","type-post","status-publish","format-standard","has-post-thumbnail","hentry","category-election","category-mis-en-avant","category-politique","tag-sarkozy","tag-ump"],"yoast_head":"<!-- This site is optimized with the Yoast SEO Premium plugin v28.1 (Yoast SEO v28.1) - https:\/\/yoast.com\/product\/yoast-seo-premium-wordpress\/ -->\n<title>Petite histoire du suicide de la droite | Geopolitics.fr<\/title>\n<meta name=\"description\" content=\"Premi\u00e8re d\u00e9faite de la droite devenue populiste face \u00e0 .... Fran\u00e7ois Hollande. La droite \u00e9cart\u00e9e du pouvoir pour longtemps.\" \/>\n<meta name=\"robots\" content=\"index, follow, max-snippet:-1, max-image-preview:large, max-video-preview:-1\" \/>\n<link rel=\"canonical\" href=\"https:\/\/www.geopolitics.fr\/en\/2024\/05\/12\/petite-histoire-du-suicide-de-la-droite\/\" \/>\n<meta property=\"og:locale\" content=\"en_GB\" \/>\n<meta property=\"og:type\" content=\"article\" \/>\n<meta property=\"og:title\" content=\"Petite histoire du suicide de la droite\" \/>\n<meta property=\"og:description\" content=\"Premi\u00e8re d\u00e9faite de la droite devenue populiste face \u00e0 .... Fran\u00e7ois Hollande. La droite \u00e9cart\u00e9e du pouvoir pour longtemps.\" \/>\n<meta property=\"og:url\" content=\"https:\/\/www.geopolitics.fr\/en\/2024\/05\/12\/petite-histoire-du-suicide-de-la-droite\/\" \/>\n<meta property=\"og:site_name\" content=\"Geopolitics.fr\" \/>\n<meta property=\"article:publisher\" content=\"https:\/\/www.facebook.com\/people\/Erwan-Davoux\/61557098968092\/\" \/>\n<meta property=\"article:author\" content=\"Erwan Davoux\" \/>\n<meta property=\"article:published_time\" content=\"2024-05-12T19:00:00+00:00\" \/>\n<meta property=\"og:image\" content=\"https:\/\/www.geopolitics.fr\/wp-content\/uploads\/2024\/05\/SARKO-2012.webp\" \/>\n\t<meta property=\"og:image:width\" content=\"622\" \/>\n\t<meta property=\"og:image:height\" content=\"311\" \/>\n\t<meta property=\"og:image:type\" content=\"image\/webp\" \/>\n<meta name=\"author\" content=\"Erwan Davoux\" \/>\n<meta name=\"twitter:card\" content=\"summary_large_image\" \/>\n<meta name=\"twitter:creator\" content=\"@erwandavoux @Geo_politicsfr\" \/>\n<meta name=\"twitter:site\" content=\"@Geopolitics_Fr\" \/>\n<meta name=\"twitter:label1\" content=\"Written by\" \/>\n\t<meta name=\"twitter:data1\" content=\"Erwan Davoux\" \/>\n\t<meta name=\"twitter:label2\" content=\"Estimated reading time\" \/>\n\t<meta name=\"twitter:data2\" content=\"8 minutes\" \/>\n<script type=\"application\/ld+json\" class=\"yoast-schema-graph\">{\"@context\":\"https:\\\/\\\/schema.org\",\"@graph\":[{\"@type\":\"Article\",\"@id\":\"https:\\\/\\\/www.geopolitics.fr\\\/2024\\\/05\\\/12\\\/petite-histoire-du-suicide-de-la-droite\\\/#article\",\"isPartOf\":{\"@id\":\"https:\\\/\\\/www.geopolitics.fr\\\/2024\\\/05\\\/12\\\/petite-histoire-du-suicide-de-la-droite\\\/\"},\"author\":{\"name\":\"Erwan Davoux\",\"@id\":\"https:\\\/\\\/www.geopolitics.fr\\\/#\\\/schema\\\/person\\\/a487273e91313e368925717400fa1b11\"},\"headline\":\"Petite histoire du suicide de la droite\",\"datePublished\":\"2024-05-12T19:00:00+00:00\",\"mainEntityOfPage\":{\"@id\":\"https:\\\/\\\/www.geopolitics.fr\\\/2024\\\/05\\\/12\\\/petite-histoire-du-suicide-de-la-droite\\\/\"},\"wordCount\":1744,\"commentCount\":0,\"publisher\":{\"@id\":\"https:\\\/\\\/www.geopolitics.fr\\\/#organization\"},\"image\":{\"@id\":\"https:\\\/\\\/www.geopolitics.fr\\\/2024\\\/05\\\/12\\\/petite-histoire-du-suicide-de-la-droite\\\/#primaryimage\"},\"thumbnailUrl\":\"https:\\\/\\\/www.geopolitics.fr\\\/wp-content\\\/uploads\\\/2024\\\/05\\\/SARKO-2012.webp\",\"keywords\":[\"SARKOZY\",\"UMP\"],\"articleSection\":[\"Election\",\"Mis en AVANT\",\"Politique\"],\"inLanguage\":\"en-GB\"},{\"@type\":\"WebPage\",\"@id\":\"https:\\\/\\\/www.geopolitics.fr\\\/2024\\\/05\\\/12\\\/petite-histoire-du-suicide-de-la-droite\\\/\",\"url\":\"https:\\\/\\\/www.geopolitics.fr\\\/2024\\\/05\\\/12\\\/petite-histoire-du-suicide-de-la-droite\\\/\",\"name\":\"Petite histoire du suicide de la droite | Geopolitics.fr\",\"isPartOf\":{\"@id\":\"https:\\\/\\\/www.geopolitics.fr\\\/#website\"},\"primaryImageOfPage\":{\"@id\":\"https:\\\/\\\/www.geopolitics.fr\\\/2024\\\/05\\\/12\\\/petite-histoire-du-suicide-de-la-droite\\\/#primaryimage\"},\"image\":{\"@id\":\"https:\\\/\\\/www.geopolitics.fr\\\/2024\\\/05\\\/12\\\/petite-histoire-du-suicide-de-la-droite\\\/#primaryimage\"},\"thumbnailUrl\":\"https:\\\/\\\/www.geopolitics.fr\\\/wp-content\\\/uploads\\\/2024\\\/05\\\/SARKO-2012.webp\",\"datePublished\":\"2024-05-12T19:00:00+00:00\",\"description\":\"Premi\u00e8re d\u00e9faite de la droite devenue populiste face \u00e0 .... Fran\u00e7ois Hollande. La droite \u00e9cart\u00e9e du pouvoir pour longtemps.\",\"breadcrumb\":{\"@id\":\"https:\\\/\\\/www.geopolitics.fr\\\/2024\\\/05\\\/12\\\/petite-histoire-du-suicide-de-la-droite\\\/#breadcrumb\"},\"inLanguage\":\"en-GB\",\"potentialAction\":[{\"@type\":\"ReadAction\",\"target\":[\"https:\\\/\\\/www.geopolitics.fr\\\/2024\\\/05\\\/12\\\/petite-histoire-du-suicide-de-la-droite\\\/\"]}]},{\"@type\":\"ImageObject\",\"inLanguage\":\"en-GB\",\"@id\":\"https:\\\/\\\/www.geopolitics.fr\\\/2024\\\/05\\\/12\\\/petite-histoire-du-suicide-de-la-droite\\\/#primaryimage\",\"url\":\"https:\\\/\\\/www.geopolitics.fr\\\/wp-content\\\/uploads\\\/2024\\\/05\\\/SARKO-2012.webp\",\"contentUrl\":\"https:\\\/\\\/www.geopolitics.fr\\\/wp-content\\\/uploads\\\/2024\\\/05\\\/SARKO-2012.webp\",\"width\":622,\"height\":311},{\"@type\":\"BreadcrumbList\",\"@id\":\"https:\\\/\\\/www.geopolitics.fr\\\/2024\\\/05\\\/12\\\/petite-histoire-du-suicide-de-la-droite\\\/#breadcrumb\",\"itemListElement\":[{\"@type\":\"ListItem\",\"position\":1,\"name\":\"Accueil\",\"item\":\"https:\\\/\\\/www.geopolitics.fr\\\/\"},{\"@type\":\"ListItem\",\"position\":2,\"name\":\"Petite histoire du suicide de la droite\"}]},{\"@type\":\"WebSite\",\"@id\":\"https:\\\/\\\/www.geopolitics.fr\\\/#website\",\"url\":\"https:\\\/\\\/www.geopolitics.fr\\\/\",\"name\":\"Geopolitics.fr\",\"description\":\"Geopolitics.fr Analyse politique, relations internationales, d\u00e9fense - ligne \u00e9ditoriale gaullo-chiraquienne\",\"publisher\":{\"@id\":\"https:\\\/\\\/www.geopolitics.fr\\\/#organization\"},\"potentialAction\":[{\"@type\":\"SearchAction\",\"target\":{\"@type\":\"EntryPoint\",\"urlTemplate\":\"https:\\\/\\\/www.geopolitics.fr\\\/?s={search_term_string}\"},\"query-input\":{\"@type\":\"PropertyValueSpecification\",\"valueRequired\":true,\"valueName\":\"search_term_string\"}}],\"inLanguage\":\"en-GB\"},{\"@type\":\"Organization\",\"@id\":\"https:\\\/\\\/www.geopolitics.fr\\\/#organization\",\"name\":\"Geopolitics.fr\",\"url\":\"https:\\\/\\\/www.geopolitics.fr\\\/\",\"logo\":{\"@type\":\"ImageObject\",\"inLanguage\":\"en-GB\",\"@id\":\"https:\\\/\\\/www.geopolitics.fr\\\/#\\\/schema\\\/logo\\\/image\\\/\",\"url\":\"https:\\\/\\\/www.geopolitics.fr\\\/wp-content\\\/uploads\\\/2024\\\/01\\\/logo.jpg\",\"contentUrl\":\"https:\\\/\\\/www.geopolitics.fr\\\/wp-content\\\/uploads\\\/2024\\\/01\\\/logo.jpg\",\"width\":500,\"height\":500,\"caption\":\"Geopolitics.fr\"},\"image\":{\"@id\":\"https:\\\/\\\/www.geopolitics.fr\\\/#\\\/schema\\\/logo\\\/image\\\/\"},\"sameAs\":[\"https:\\\/\\\/www.facebook.com\\\/people\\\/Erwan-Davoux\\\/61557098968092\\\/\",\"https:\\\/\\\/x.com\\\/Geopolitics_Fr\"]},{\"@type\":\"Person\",\"@id\":\"https:\\\/\\\/www.geopolitics.fr\\\/#\\\/schema\\\/person\\\/a487273e91313e368925717400fa1b11\",\"name\":\"Erwan Davoux\",\"image\":{\"@type\":\"ImageObject\",\"inLanguage\":\"en-GB\",\"@id\":\"https:\\\/\\\/www.geopolitics.fr\\\/wp-content\\\/uploads\\\/2026\\\/05\\\/moi-96x96.jpg\",\"url\":\"https:\\\/\\\/www.geopolitics.fr\\\/wp-content\\\/uploads\\\/2026\\\/05\\\/moi-96x96.jpg\",\"contentUrl\":\"https:\\\/\\\/www.geopolitics.fr\\\/wp-content\\\/uploads\\\/2026\\\/05\\\/moi-96x96.jpg\",\"caption\":\"Erwan Davoux\"},\"description\":\"Erwan DAVOUX est Pr\u00e9sident de LMD CONSEIL, (conseil strat\u00e9gique, intelligence \u00e9conomique, risque g\u00e9opolitique, influence politique, diplomatie \u00e9conomique). Dipl\u00f4m\u00e9 de l'IEP de Paris et de l'INALCO (d\u00e9partement d'\u00e9tudes arabes), il est directeur de la publication de geopolitics.fr. Ancien fonctionnaire au Minist\u00e8re de l'Int\u00e9rieur et de la D\u00e9fense (DGSE) Ancien charg\u00e9 de Mission \u00e0 la Pr\u00e9sidence de la R\u00e9publique (cellule diplomatique) Conseil de nombreuses personnalit\u00e9s politiques \u00e0 l'International (dont deux anciens Premiers ministres).\",\"sameAs\":[\"Erwan Davoux\",\"@erwandavoux\",\"https:\\\/\\\/www.linkedin.com\\\/in\\\/erwan-davoux-6800b289\\\/\",\"https:\\\/\\\/x.com\\\/@erwandavoux @Geo_politicsfr\"],\"url\":\"https:\\\/\\\/www.geopolitics.fr\\\/en\\\/author\\\/erwan-davoux\\\/\"}]}<\/script>\n<!-- \/ Yoast SEO Premium plugin. -->","yoast_head_json":{"title":"Petite histoire du suicide de la droite | Geopolitics.fr","description":"Premi\u00e8re d\u00e9faite de la droite devenue populiste face \u00e0 .... Fran\u00e7ois Hollande. La droite \u00e9cart\u00e9e du pouvoir pour longtemps.","robots":{"index":"index","follow":"follow","max-snippet":"max-snippet:-1","max-image-preview":"max-image-preview:large","max-video-preview":"max-video-preview:-1"},"canonical":"https:\/\/www.geopolitics.fr\/en\/2024\/05\/12\/petite-histoire-du-suicide-de-la-droite\/","og_locale":"en_GB","og_type":"article","og_title":"Petite histoire du suicide de la droite","og_description":"Premi\u00e8re d\u00e9faite de la droite devenue populiste face \u00e0 .... Fran\u00e7ois Hollande. La droite \u00e9cart\u00e9e du pouvoir pour longtemps.","og_url":"https:\/\/www.geopolitics.fr\/en\/2024\/05\/12\/petite-histoire-du-suicide-de-la-droite\/","og_site_name":"Geopolitics.fr","article_publisher":"https:\/\/www.facebook.com\/people\/Erwan-Davoux\/61557098968092\/","article_author":"Erwan Davoux","article_published_time":"2024-05-12T19:00:00+00:00","og_image":[{"width":622,"height":311,"url":"https:\/\/www.geopolitics.fr\/wp-content\/uploads\/2024\/05\/SARKO-2012.webp","type":"image\/webp"}],"author":"Erwan Davoux","twitter_card":"summary_large_image","twitter_creator":"@erwandavoux @Geo_politicsfr","twitter_site":"@Geopolitics_Fr","twitter_misc":{"Written by":"Erwan Davoux","Estimated reading time":"8 minutes"},"schema":{"@context":"https:\/\/schema.org","@graph":[{"@type":"Article","@id":"https:\/\/www.geopolitics.fr\/2024\/05\/12\/petite-histoire-du-suicide-de-la-droite\/#article","isPartOf":{"@id":"https:\/\/www.geopolitics.fr\/2024\/05\/12\/petite-histoire-du-suicide-de-la-droite\/"},"author":{"name":"Erwan Davoux","@id":"https:\/\/www.geopolitics.fr\/#\/schema\/person\/a487273e91313e368925717400fa1b11"},"headline":"Petite histoire du suicide de la droite","datePublished":"2024-05-12T19:00:00+00:00","mainEntityOfPage":{"@id":"https:\/\/www.geopolitics.fr\/2024\/05\/12\/petite-histoire-du-suicide-de-la-droite\/"},"wordCount":1744,"commentCount":0,"publisher":{"@id":"https:\/\/www.geopolitics.fr\/#organization"},"image":{"@id":"https:\/\/www.geopolitics.fr\/2024\/05\/12\/petite-histoire-du-suicide-de-la-droite\/#primaryimage"},"thumbnailUrl":"https:\/\/www.geopolitics.fr\/wp-content\/uploads\/2024\/05\/SARKO-2012.webp","keywords":["SARKOZY","UMP"],"articleSection":["Election","Mis en AVANT","Politique"],"inLanguage":"en-GB"},{"@type":"WebPage","@id":"https:\/\/www.geopolitics.fr\/2024\/05\/12\/petite-histoire-du-suicide-de-la-droite\/","url":"https:\/\/www.geopolitics.fr\/2024\/05\/12\/petite-histoire-du-suicide-de-la-droite\/","name":"Petite histoire du suicide de la droite | Geopolitics.fr","isPartOf":{"@id":"https:\/\/www.geopolitics.fr\/#website"},"primaryImageOfPage":{"@id":"https:\/\/www.geopolitics.fr\/2024\/05\/12\/petite-histoire-du-suicide-de-la-droite\/#primaryimage"},"image":{"@id":"https:\/\/www.geopolitics.fr\/2024\/05\/12\/petite-histoire-du-suicide-de-la-droite\/#primaryimage"},"thumbnailUrl":"https:\/\/www.geopolitics.fr\/wp-content\/uploads\/2024\/05\/SARKO-2012.webp","datePublished":"2024-05-12T19:00:00+00:00","description":"Premi\u00e8re d\u00e9faite de la droite devenue populiste face \u00e0 .... Fran\u00e7ois Hollande. La droite \u00e9cart\u00e9e du pouvoir pour longtemps.","breadcrumb":{"@id":"https:\/\/www.geopolitics.fr\/2024\/05\/12\/petite-histoire-du-suicide-de-la-droite\/#breadcrumb"},"inLanguage":"en-GB","potentialAction":[{"@type":"ReadAction","target":["https:\/\/www.geopolitics.fr\/2024\/05\/12\/petite-histoire-du-suicide-de-la-droite\/"]}]},{"@type":"ImageObject","inLanguage":"en-GB","@id":"https:\/\/www.geopolitics.fr\/2024\/05\/12\/petite-histoire-du-suicide-de-la-droite\/#primaryimage","url":"https:\/\/www.geopolitics.fr\/wp-content\/uploads\/2024\/05\/SARKO-2012.webp","contentUrl":"https:\/\/www.geopolitics.fr\/wp-content\/uploads\/2024\/05\/SARKO-2012.webp","width":622,"height":311},{"@type":"BreadcrumbList","@id":"https:\/\/www.geopolitics.fr\/2024\/05\/12\/petite-histoire-du-suicide-de-la-droite\/#breadcrumb","itemListElement":[{"@type":"ListItem","position":1,"name":"Accueil","item":"https:\/\/www.geopolitics.fr\/"},{"@type":"ListItem","position":2,"name":"Petite histoire du suicide de la droite"}]},{"@type":"WebSite","@id":"https:\/\/www.geopolitics.fr\/#website","url":"https:\/\/www.geopolitics.fr\/","name":"Geopolitics.fr","description":"Geopolitics.fr Analyse politique, relations internationales, d\u00e9fense - ligne \u00e9ditoriale gaullo-chiraquienne","publisher":{"@id":"https:\/\/www.geopolitics.fr\/#organization"},"potentialAction":[{"@type":"SearchAction","target":{"@type":"EntryPoint","urlTemplate":"https:\/\/www.geopolitics.fr\/?s={search_term_string}"},"query-input":{"@type":"PropertyValueSpecification","valueRequired":true,"valueName":"search_term_string"}}],"inLanguage":"en-GB"},{"@type":"Organization","@id":"https:\/\/www.geopolitics.fr\/#organization","name":"Geopolitics.fr","url":"https:\/\/www.geopolitics.fr\/","logo":{"@type":"ImageObject","inLanguage":"en-GB","@id":"https:\/\/www.geopolitics.fr\/#\/schema\/logo\/image\/","url":"https:\/\/www.geopolitics.fr\/wp-content\/uploads\/2024\/01\/logo.jpg","contentUrl":"https:\/\/www.geopolitics.fr\/wp-content\/uploads\/2024\/01\/logo.jpg","width":500,"height":500,"caption":"Geopolitics.fr"},"image":{"@id":"https:\/\/www.geopolitics.fr\/#\/schema\/logo\/image\/"},"sameAs":["https:\/\/www.facebook.com\/people\/Erwan-Davoux\/61557098968092\/","https:\/\/x.com\/Geopolitics_Fr"]},{"@type":"Person","@id":"https:\/\/www.geopolitics.fr\/#\/schema\/person\/a487273e91313e368925717400fa1b11","name":"Erwan Davoux","image":{"@type":"ImageObject","inLanguage":"en-GB","@id":"https:\/\/www.geopolitics.fr\/wp-content\/uploads\/2026\/05\/moi-96x96.jpg","url":"https:\/\/www.geopolitics.fr\/wp-content\/uploads\/2026\/05\/moi-96x96.jpg","contentUrl":"https:\/\/www.geopolitics.fr\/wp-content\/uploads\/2026\/05\/moi-96x96.jpg","caption":"Erwan Davoux"},"description":"Erwan DAVOUX est Pr\u00e9sident de LMD CONSEIL, (conseil strat\u00e9gique, intelligence \u00e9conomique, risque g\u00e9opolitique, influence politique, diplomatie \u00e9conomique). Dipl\u00f4m\u00e9 de l'IEP de Paris et de l'INALCO (d\u00e9partement d'\u00e9tudes arabes), il est directeur de la publication de geopolitics.fr. Ancien fonctionnaire au Minist\u00e8re de l'Int\u00e9rieur et de la D\u00e9fense (DGSE) Ancien charg\u00e9 de Mission \u00e0 la Pr\u00e9sidence de la R\u00e9publique (cellule diplomatique) Conseil de nombreuses personnalit\u00e9s politiques \u00e0 l'International (dont deux anciens Premiers ministres).","sameAs":["Erwan Davoux","@erwandavoux","https:\/\/www.linkedin.com\/in\/erwan-davoux-6800b289\/","https:\/\/x.com\/@erwandavoux @Geo_politicsfr"],"url":"https:\/\/www.geopolitics.fr\/en\/author\/erwan-davoux\/"}]}},"_links":{"self":[{"href":"https:\/\/www.geopolitics.fr\/en\/wp-json\/wp\/v2\/posts\/2712","targetHints":{"allow":["GET"]}}],"collection":[{"href":"https:\/\/www.geopolitics.fr\/en\/wp-json\/wp\/v2\/posts"}],"about":[{"href":"https:\/\/www.geopolitics.fr\/en\/wp-json\/wp\/v2\/types\/post"}],"author":[{"embeddable":true,"href":"https:\/\/www.geopolitics.fr\/en\/wp-json\/wp\/v2\/users\/16"}],"replies":[{"embeddable":true,"href":"https:\/\/www.geopolitics.fr\/en\/wp-json\/wp\/v2\/comments?post=2712"}],"version-history":[{"count":0,"href":"https:\/\/www.geopolitics.fr\/en\/wp-json\/wp\/v2\/posts\/2712\/revisions"}],"wp:featuredmedia":[{"embeddable":true,"href":"https:\/\/www.geopolitics.fr\/en\/wp-json\/wp\/v2\/media\/2714"}],"wp:attachment":[{"href":"https:\/\/www.geopolitics.fr\/en\/wp-json\/wp\/v2\/media?parent=2712"}],"wp:term":[{"taxonomy":"category","embeddable":true,"href":"https:\/\/www.geopolitics.fr\/en\/wp-json\/wp\/v2\/categories?post=2712"},{"taxonomy":"post_tag","embeddable":true,"href":"https:\/\/www.geopolitics.fr\/en\/wp-json\/wp\/v2\/tags?post=2712"}],"curies":[{"name":"wp","href":"https:\/\/api.w.org\/{rel}","templated":true}]}}