{"id":2684,"date":"2024-04-30T18:03:42","date_gmt":"2024-04-30T16:03:42","guid":{"rendered":"https:\/\/www.geopolitics.fr\/?p=2684"},"modified":"2024-05-03T21:25:33","modified_gmt":"2024-05-03T19:25:33","slug":"les-republicains-vers-une-deroute-salutaire","status":"publish","type":"post","link":"https:\/\/www.geopolitics.fr\/en\/2024\/04\/30\/les-republicains-vers-une-deroute-salutaire\/","title":{"rendered":"Les R\u00e9publicains\u00a0: vers une d\u00e9route salutaire\u00a0?"},"content":{"rendered":"<h2 class=\"wp-block-heading\" id=\"h-en-abattant-jean-francois-cope-ils-ont-tue-la-droite\">En abattant Jean-Fran\u00e7ois Cop\u00e9, ils ont tu\u00e9 la droite<\/h2>\n\n\n\n<p class=\"has-medium-font-size wp-block-paragraph\"><strong>En 2014, l\u2019UMP dirig\u00e9e alors par Jean-Fran\u00e7ois Cop\u00e9 r\u00e9alisait 20,8 % des voix aux \u00e9lections europ\u00e9ennes arrivant en 2<sup>\u00e8me<\/sup> position <\/strong>(malgr\u00e9 la concurrence d\u2019une liste centriste). Cela survenait quelques semaines apr\u00e8s la vague bleue des municipales d\u2019une ampleur in\u00e9dite. <strong>L\u2019UMP \u00e9tait alors une machine \u00e0 gagner qui comptait plus de 300&nbsp;000 adh\u00e9rents.<\/strong><\/p>\n\n\n\n<p class=\"has-medium-font-size wp-block-paragraph\">Pourtant c\u2019est le pr\u00e9texte d\u2019un score insuffisant aux europ\u00e9ennes (en plus du d\u00e9but de l\u2019affaire Bygmalion dont il fut blanchi) que saisirent ses d\u00e9tracteurs pour le pousser \u00e0 la d\u00e9mission. En effet, <strong>Jean-Fran\u00e7ois Cop\u00e9 \u00e9tait la cible \u00e0 abattre pour les ambitieux de sa g\u00e9n\u00e9ration qui l\u2019avaient vu prendre tellement d\u2019avance sur la route de 2017.<\/strong> Elle leur semblait d\u2019ores et d\u00e9j\u00e0 barr\u00e9e. <strong>Wauquiez, P\u00e9cresse, Ciotti au cours d\u2019une conf\u00e9rence de presse, en novembre 2012, qui restera certainement r\u00e9trospectivement comme le d\u00e9but de la fin de la droite<\/strong>, avaient d\u00e9j\u00e0 tent\u00e9, sans succ\u00e8s, de d\u00e9mettre Jean-Fran\u00e7ois Cop\u00e9. En 2012, ils instrumentalis\u00e8rent le scrutin interne extr\u00eamement serr\u00e9 pour l\u2019\u00e9lection \u00e0 la t\u00eate de l\u2019UMP pour tenter d\u2019\u00e9liminer Cop\u00e9. Fillon servait mieux leurs int\u00e9r\u00eats, \u00e9tant plus \u00e2g\u00e9. Les trois se d\u00e9testant cordialement mais ayant un ennemi commun pour fonder une alliance de la carpe et du lapin.<\/p>\n\n\n\n<h2 class=\"wp-block-heading\" id=\"h-une-succession-d-echecs\">Une succession d&rsquo;\u00e9checs<\/h2>\n\n\n\n<p class=\"has-medium-font-size wp-block-paragraph\"><strong>Ce sont ces trois-l\u00e0 qui prirent \u00e0 moment donn\u00e9 le relais pour diriger la droite. Wauquiez \u00e9tait \u00e0 la t\u00eate du parti lors des \u00e9lections europ\u00e9ennes de 2019 et la liste fit un pitoyable 8,5%<\/strong>. Beaucoup y virent sa responsabilit\u00e9 personnelle de et la manifestation de son insuffisante capacit\u00e9 \u00e0 rassembler. Il prit ses responsabilit\u00e9s et assuma en d\u00e9missionnant. <strong>Val\u00e9rie P\u00e9cresse<\/strong>, elle porta les couleurs de la droite lors de l\u2019\u00e9lection pr\u00e9sidentielle de 2022 r\u00e9alisant un score calamiteux de 4,78% qui restera dans les annales de la droite pour plusieurs g\u00e9n\u00e9rations. <strong>Elle n\u2019en tira aucune cons\u00e9quence et aspire m\u00eame \u00e0 retourner au combat.<\/strong><\/p>\n\n\n\n<h2 class=\"wp-block-heading\" id=\"h-des-europeennes-mal-engagees\">Des Europ\u00e9ennes mal engag\u00e9es<\/h2>\n\n\n\n<p class=\"has-medium-font-size wp-block-paragraph\"><strong>Enfin, pour Eric Ciotti, patron d\u2019un parti qui tient un discours plus muscl\u00e9 que celui du RN tout en soutenant Macron \u00e0 l\u2019Assembl\u00e9e Nationale, dans une schizophr\u00e9nie incompr\u00e9hensible,<\/strong> <strong>l\u2019heure du verdict approche.<\/strong> Il est peu de dire que la constitution de la liste LR pour les europ\u00e9ennes fut laborieuse. Reconduire FX Bellamy \u00e0 la t\u00eate \u00e9tait un pari. Mais pourquoi pas&nbsp;? Il fit le job avec s\u00e9rieux, constance et int\u00e9grit\u00e9 au Parlement europ\u00e9en, \u00e0 d\u00e9faut d\u2019\u00eatre une locomotive \u00e9lectorale. En revanche, reconduire Nadine Morano et Brice Hortefeux revient clairement \u00e0 se moquer des \u00e9lecteurs et signifier qu\u2019LR reste une petite coterie caricaturale. <strong>Quel sera le r\u00e9sultat de cette liste enti\u00e8rement \u00e0 la main d\u2019Eric Ciotti<\/strong> sur laquelle figure en position \u00e9ligible, par exemple, Laurent Castillo ? Ce dernier, \u00e9lu ni\u00e7ois et professeur de m\u00e9decine, inconnu du grand public est proche d\u2019\u00c9ric Ciotti. Un soutien de poids pour l\u2019hypoth\u00e9tique conqu\u00eate de la Mairie de Nice&nbsp;? Le fait du prince \u2026<\/p>\n\n\n\n<h2 class=\"wp-block-heading\" id=\"h-trois-scenarios-possibles\">Trois sc\u00e9narios possibles<\/h2>\n\n\n\n<p class=\"has-medium-font-size wp-block-paragraph\"><strong>Un score compris entre 5 et 9 % serait la pire des situations car elle ent\u00e9rinerait un statuquo. <\/strong>La droite serait condamn\u00e9e \u00e0 devenir une force d\u2019appoint du RN mais les dirigeants de ce parti marginal sauveraient leurs t\u00eates et leurs fonctions, \u00e0 d\u00e9faut d\u2019avoir la moindre utilit\u00e9 dans le d\u00e9bat public.<\/p>\n\n\n\n<p class=\"has-medium-font-size wp-block-paragraph\"><strong>Un score \u00e0 deux chiffres serait un quasi succ\u00e8s dans un scrutin o\u00f9 LR a du mal \u00e0 se positionner.<\/strong> Ni europ\u00e9ens, ni anti-europ\u00e9ens. Si\u00e9geant au PPE o\u00f9 leur influence est devenue insignifiante mais ne soutenant pas Von der Leyen (candidate officielle du PPE) pour se succ\u00e9der \u00e0 elle-m\u00eame. Ecart\u00e9s du pouvoir depuis si longtemps qu\u2019ils ne peuvent s\u2019appuyer sur une pr\u00e9sidence pour disposer d\u2019un bilan ou d\u2019une pr\u00e9somption de comp\u00e9tence.<\/p>\n\n\n\n<p class=\"has-medium-font-size wp-block-paragraph\"><strong>Un score inf\u00e9rieur \u00e0 5% devrait provoquer un \u00e9lectrochoc si fort qu\u2019il ne permettrait pas aux moules accroch\u00e9es au rocher vacillant d\u2019\u00e9viter la noyade<\/strong>. La vraie refondation de la droite pourrait alors (enfin&nbsp;!) commencer et pourquoi pas un <strong>retour aux sources gaulliennes<\/strong> apr\u00e8s toutes ses d\u00e9rives pitoyables moralement et totalement contre-productives \u00e9lectoralement&nbsp;? &nbsp;<strong>Depuis qu\u2019elle abandonn\u00e9 toute r\u00e9f\u00e9rence gaullienne ou chiraquienne, la droite est all\u00e9e de d\u00e9faites en d\u00e9routes<\/strong>. <strong>En finir une fois pour toute avec l\u2019\u00e9ternel recyclage des id\u00e9es de la campagne \u00e9lectorale de Nicolas Sarkozy en 2007 alors que le monde et la France ont profond\u00e9ment \u00e9volu\u00e9s, voil\u00e0 l\u2019objectif.<\/strong> Il est peu de dire que le parti ciottien ne prend pas cette direction tant le d\u00e9bat d\u2019id\u00e9es y est absent.<\/p>\n\n\n\n<h2 class=\"wp-block-heading\" id=\"h-refonder-integralement-la-droite\">Refonder int\u00e9gralement la droite ?<\/h2>\n\n\n\n<p class=\"has-medium-font-size wp-block-paragraph\"><strong>En finir avec des visages<\/strong>, ceux qui exerc\u00e8rent des responsabilit\u00e9s gouvernementales sous Nicolas Sarkozy, associ\u00e9s \u00e0 toutes les d\u00e9faites.<\/p>\n\n\n\n<p class=\"has-medium-font-size wp-block-paragraph\"><strong>En finir avec un nom \u00ab&nbsp;Les R\u00e9publicains&nbsp;\u00bb<\/strong> une marque qui n\u2019a jamais remport\u00e9 le moindre succ\u00e8s.<\/p>\n\n\n\n<p class=\"has-medium-font-size wp-block-paragraph\"><strong>En finir avec des statuts obsol\u00e8tes<\/strong> qui donne \u00e0 un corps de militants squelettiques la possibilit\u00e9 de faire d\u00e9river le parti vers une ligne politique sans avenir, les \u00e9lecteurs pr\u00e9f\u00e9rant l\u2019originale \u00e0 la copie.<\/p>\n\n\n\n<p class=\"has-medium-font-size wp-block-paragraph\"><strong>En finir avec des hommes politiques qui n\u2019ont aucun respect pour l\u2019ind\u00e9pendance nationale <\/strong>qu\u2019il s\u2019agisse des nombreux poutilon\u00e2tres plus ou moins repentis ou des inf\u00e9od\u00e9s au gouvernement criminel de Netanyahou par le sinistre Meyer Habib interpos\u00e9.<\/p>\n\n\n\n<p class=\"has-medium-font-size wp-block-paragraph\"><strong>En finir avec des hommes politiques dont la seule vision est de conserver des assistants et une voiture avec chauffeur.<\/strong><\/p>\n\n\n\n<p class=\"has-medium-font-size wp-block-paragraph\"><strong>En finir avec des hommes politiques qui n\u2019ont aucune vision de l\u2019avenir du pays<\/strong> mais qui surfent sans talent et sans cr\u00e9dibilit\u00e9 sur la vague populiste que les sondages leur recommandent.<\/p>\n\n\n\n<p class=\"has-medium-font-size wp-block-paragraph\"><strong>Oui, la d\u00e9route aux europ\u00e9ennes pourrait \u00eatre l\u2019\u00e9lectrochoc dont la droite a tellement besoin pour cesser de poser des rustines sur le Titanic mais tout refonder, int\u00e9gralement, de A \u00e0 Z <\/strong>avec deux id\u00e9es simples \u00ab&nbsp;une certaine id\u00e9e de la France&nbsp;\u00bb et de sa grandeur et une certaine \u00ab&nbsp;id\u00e9e de l\u2019homme&nbsp;\u00bb loin, tr\u00e8s loin de la x\u00e9nophobie actuelle.<\/p>","protected":false},"excerpt":{"rendered":"<p>En abattant Jean-Fran\u00e7ois Cop\u00e9, ils ont tu\u00e9 la droite En 2014, l\u2019UMP dirig\u00e9e alors par Jean-Fran\u00e7ois Cop\u00e9 r\u00e9alisait 20,8 % des voix&hellip;<\/p>","protected":false},"author":16,"featured_media":2357,"comment_status":"open","ping_status":"open","sticky":false,"template":"","format":"standard","meta":{"_lmt_disableupdate":"","_lmt_disable":"","footnotes":""},"categories":[40,4,3],"tags":[],"class_list":["post-2684","post","type-post","status-publish","format-standard","has-post-thumbnail","hentry","category-election","category-mis-en-avant","category-politique"],"yoast_head":"<!-- This site is optimized with the Yoast SEO Premium plugin v28.1 (Yoast SEO v28.1) - https:\/\/yoast.com\/product\/yoast-seo-premium-wordpress\/ -->\n<title>Les R\u00e9publicains\u00a0: vers une d\u00e9route salutaire\u00a0? | Geopolitics.fr<\/title>\n<meta name=\"description\" content=\"&quot;Les R\u00e9publicains&quot; pourraient subir une d\u00e9faite cinglante \u00e0 l&#039;occasion des \u00e9lections europ\u00e9ennes du 9 juin. Cela permettrait \u00e0 la droite fran\u00e7aise d&#039;entamer sa refondation\" \/>\n<meta name=\"robots\" content=\"index, follow, max-snippet:-1, max-image-preview:large, max-video-preview:-1\" \/>\n<link rel=\"canonical\" href=\"https:\/\/www.geopolitics.fr\/en\/2024\/04\/30\/les-republicains-vers-une-deroute-salutaire\/\" \/>\n<meta property=\"og:locale\" content=\"en_GB\" \/>\n<meta property=\"og:type\" content=\"article\" \/>\n<meta property=\"og:title\" content=\"Les R\u00e9publicains\u00a0: vers une d\u00e9route salutaire\u00a0?\" \/>\n<meta property=\"og:description\" content=\"&quot;Les R\u00e9publicains&quot; pourraient subir une d\u00e9faite cinglante \u00e0 l&#039;occasion des \u00e9lections europ\u00e9ennes du 9 juin. Cela permettrait \u00e0 la droite fran\u00e7aise d&#039;entamer sa refondation\" \/>\n<meta property=\"og:url\" content=\"https:\/\/www.geopolitics.fr\/en\/2024\/04\/30\/les-republicains-vers-une-deroute-salutaire\/\" \/>\n<meta property=\"og:site_name\" content=\"Geopolitics.fr\" \/>\n<meta property=\"article:publisher\" content=\"https:\/\/www.facebook.com\/people\/Erwan-Davoux\/61557098968092\/\" \/>\n<meta property=\"article:author\" content=\"Erwan Davoux\" \/>\n<meta property=\"article:published_time\" content=\"2024-04-30T16:03:42+00:00\" \/>\n<meta property=\"article:modified_time\" content=\"2024-05-03T19:25:33+00:00\" \/>\n<meta property=\"og:image\" content=\"https:\/\/www.geopolitics.fr\/wp-content\/uploads\/2024\/03\/Depositphotos_706039778_XL-scaled.jpg\" \/>\n\t<meta property=\"og:image:width\" content=\"1920\" \/>\n\t<meta property=\"og:image:height\" content=\"483\" \/>\n\t<meta property=\"og:image:type\" content=\"image\/jpeg\" \/>\n<meta name=\"author\" content=\"Erwan Davoux\" \/>\n<meta name=\"twitter:card\" content=\"summary_large_image\" \/>\n<meta name=\"twitter:creator\" content=\"@erwandavoux @Geo_politicsfr\" \/>\n<meta name=\"twitter:site\" content=\"@Geopolitics_Fr\" \/>\n<meta name=\"twitter:label1\" content=\"Written by\" \/>\n\t<meta name=\"twitter:data1\" content=\"Erwan Davoux\" \/>\n\t<meta name=\"twitter:label2\" content=\"Estimated reading time\" \/>\n\t<meta name=\"twitter:data2\" content=\"6 minutes\" \/>\n<script type=\"application\/ld+json\" class=\"yoast-schema-graph\">{\"@context\":\"https:\\\/\\\/schema.org\",\"@graph\":[{\"@type\":\"Article\",\"@id\":\"https:\\\/\\\/www.geopolitics.fr\\\/2024\\\/04\\\/30\\\/les-republicains-vers-une-deroute-salutaire\\\/#article\",\"isPartOf\":{\"@id\":\"https:\\\/\\\/www.geopolitics.fr\\\/2024\\\/04\\\/30\\\/les-republicains-vers-une-deroute-salutaire\\\/\"},\"author\":{\"name\":\"Erwan Davoux\",\"@id\":\"https:\\\/\\\/www.geopolitics.fr\\\/#\\\/schema\\\/person\\\/a487273e91313e368925717400fa1b11\"},\"headline\":\"Les R\u00e9publicains\u00a0: vers une d\u00e9route salutaire\u00a0?\",\"datePublished\":\"2024-04-30T16:03:42+00:00\",\"dateModified\":\"2024-05-03T19:25:33+00:00\",\"mainEntityOfPage\":{\"@id\":\"https:\\\/\\\/www.geopolitics.fr\\\/2024\\\/04\\\/30\\\/les-republicains-vers-une-deroute-salutaire\\\/\"},\"wordCount\":1081,\"commentCount\":0,\"publisher\":{\"@id\":\"https:\\\/\\\/www.geopolitics.fr\\\/#organization\"},\"image\":{\"@id\":\"https:\\\/\\\/www.geopolitics.fr\\\/2024\\\/04\\\/30\\\/les-republicains-vers-une-deroute-salutaire\\\/#primaryimage\"},\"thumbnailUrl\":\"https:\\\/\\\/www.geopolitics.fr\\\/wp-content\\\/uploads\\\/2024\\\/03\\\/Depositphotos_706039778_XL-scaled.jpg\",\"articleSection\":[\"Election\",\"Mis en AVANT\",\"Politique\"],\"inLanguage\":\"en-GB\"},{\"@type\":\"WebPage\",\"@id\":\"https:\\\/\\\/www.geopolitics.fr\\\/2024\\\/04\\\/30\\\/les-republicains-vers-une-deroute-salutaire\\\/\",\"url\":\"https:\\\/\\\/www.geopolitics.fr\\\/2024\\\/04\\\/30\\\/les-republicains-vers-une-deroute-salutaire\\\/\",\"name\":\"Les R\u00e9publicains\u00a0: vers une d\u00e9route salutaire\u00a0? | Geopolitics.fr\",\"isPartOf\":{\"@id\":\"https:\\\/\\\/www.geopolitics.fr\\\/#website\"},\"primaryImageOfPage\":{\"@id\":\"https:\\\/\\\/www.geopolitics.fr\\\/2024\\\/04\\\/30\\\/les-republicains-vers-une-deroute-salutaire\\\/#primaryimage\"},\"image\":{\"@id\":\"https:\\\/\\\/www.geopolitics.fr\\\/2024\\\/04\\\/30\\\/les-republicains-vers-une-deroute-salutaire\\\/#primaryimage\"},\"thumbnailUrl\":\"https:\\\/\\\/www.geopolitics.fr\\\/wp-content\\\/uploads\\\/2024\\\/03\\\/Depositphotos_706039778_XL-scaled.jpg\",\"datePublished\":\"2024-04-30T16:03:42+00:00\",\"dateModified\":\"2024-05-03T19:25:33+00:00\",\"description\":\"\\\"Les R\u00e9publicains\\\" pourraient subir une d\u00e9faite cinglante \u00e0 l'occasion des \u00e9lections europ\u00e9ennes du 9 juin. Cela permettrait \u00e0 la droite fran\u00e7aise d'entamer sa refondation\",\"breadcrumb\":{\"@id\":\"https:\\\/\\\/www.geopolitics.fr\\\/2024\\\/04\\\/30\\\/les-republicains-vers-une-deroute-salutaire\\\/#breadcrumb\"},\"inLanguage\":\"en-GB\",\"potentialAction\":[{\"@type\":\"ReadAction\",\"target\":[\"https:\\\/\\\/www.geopolitics.fr\\\/2024\\\/04\\\/30\\\/les-republicains-vers-une-deroute-salutaire\\\/\"]}]},{\"@type\":\"ImageObject\",\"inLanguage\":\"en-GB\",\"@id\":\"https:\\\/\\\/www.geopolitics.fr\\\/2024\\\/04\\\/30\\\/les-republicains-vers-une-deroute-salutaire\\\/#primaryimage\",\"url\":\"https:\\\/\\\/www.geopolitics.fr\\\/wp-content\\\/uploads\\\/2024\\\/03\\\/Depositphotos_706039778_XL-scaled.jpg\",\"contentUrl\":\"https:\\\/\\\/www.geopolitics.fr\\\/wp-content\\\/uploads\\\/2024\\\/03\\\/Depositphotos_706039778_XL-scaled.jpg\",\"width\":1920,\"height\":483},{\"@type\":\"BreadcrumbList\",\"@id\":\"https:\\\/\\\/www.geopolitics.fr\\\/2024\\\/04\\\/30\\\/les-republicains-vers-une-deroute-salutaire\\\/#breadcrumb\",\"itemListElement\":[{\"@type\":\"ListItem\",\"position\":1,\"name\":\"Accueil\",\"item\":\"https:\\\/\\\/www.geopolitics.fr\\\/\"},{\"@type\":\"ListItem\",\"position\":2,\"name\":\"Les R\u00e9publicains\u00a0: vers une d\u00e9route salutaire\u00a0?\"}]},{\"@type\":\"WebSite\",\"@id\":\"https:\\\/\\\/www.geopolitics.fr\\\/#website\",\"url\":\"https:\\\/\\\/www.geopolitics.fr\\\/\",\"name\":\"Geopolitics.fr\",\"description\":\"Geopolitics.fr Analyse politique, relations internationales, d\u00e9fense - ligne \u00e9ditoriale gaullo-chiraquienne\",\"publisher\":{\"@id\":\"https:\\\/\\\/www.geopolitics.fr\\\/#organization\"},\"potentialAction\":[{\"@type\":\"SearchAction\",\"target\":{\"@type\":\"EntryPoint\",\"urlTemplate\":\"https:\\\/\\\/www.geopolitics.fr\\\/?s={search_term_string}\"},\"query-input\":{\"@type\":\"PropertyValueSpecification\",\"valueRequired\":true,\"valueName\":\"search_term_string\"}}],\"inLanguage\":\"en-GB\"},{\"@type\":\"Organization\",\"@id\":\"https:\\\/\\\/www.geopolitics.fr\\\/#organization\",\"name\":\"Geopolitics.fr\",\"url\":\"https:\\\/\\\/www.geopolitics.fr\\\/\",\"logo\":{\"@type\":\"ImageObject\",\"inLanguage\":\"en-GB\",\"@id\":\"https:\\\/\\\/www.geopolitics.fr\\\/#\\\/schema\\\/logo\\\/image\\\/\",\"url\":\"https:\\\/\\\/www.geopolitics.fr\\\/wp-content\\\/uploads\\\/2024\\\/01\\\/logo.jpg\",\"contentUrl\":\"https:\\\/\\\/www.geopolitics.fr\\\/wp-content\\\/uploads\\\/2024\\\/01\\\/logo.jpg\",\"width\":500,\"height\":500,\"caption\":\"Geopolitics.fr\"},\"image\":{\"@id\":\"https:\\\/\\\/www.geopolitics.fr\\\/#\\\/schema\\\/logo\\\/image\\\/\"},\"sameAs\":[\"https:\\\/\\\/www.facebook.com\\\/people\\\/Erwan-Davoux\\\/61557098968092\\\/\",\"https:\\\/\\\/x.com\\\/Geopolitics_Fr\"]},{\"@type\":\"Person\",\"@id\":\"https:\\\/\\\/www.geopolitics.fr\\\/#\\\/schema\\\/person\\\/a487273e91313e368925717400fa1b11\",\"name\":\"Erwan Davoux\",\"image\":{\"@type\":\"ImageObject\",\"inLanguage\":\"en-GB\",\"@id\":\"https:\\\/\\\/www.geopolitics.fr\\\/wp-content\\\/uploads\\\/2026\\\/05\\\/moi-96x96.jpg\",\"url\":\"https:\\\/\\\/www.geopolitics.fr\\\/wp-content\\\/uploads\\\/2026\\\/05\\\/moi-96x96.jpg\",\"contentUrl\":\"https:\\\/\\\/www.geopolitics.fr\\\/wp-content\\\/uploads\\\/2026\\\/05\\\/moi-96x96.jpg\",\"caption\":\"Erwan Davoux\"},\"description\":\"Erwan DAVOUX est Pr\u00e9sident de LMD CONSEIL, (conseil strat\u00e9gique, intelligence \u00e9conomique, risque g\u00e9opolitique, influence politique, diplomatie \u00e9conomique). Dipl\u00f4m\u00e9 de l'IEP de Paris et de l'INALCO (d\u00e9partement d'\u00e9tudes arabes), il est directeur de la publication de geopolitics.fr. Ancien fonctionnaire au Minist\u00e8re de l'Int\u00e9rieur et de la D\u00e9fense (DGSE) Ancien charg\u00e9 de Mission \u00e0 la Pr\u00e9sidence de la R\u00e9publique (cellule diplomatique) Conseil de nombreuses personnalit\u00e9s politiques \u00e0 l'International (dont deux anciens Premiers ministres).\",\"sameAs\":[\"Erwan Davoux\",\"@erwandavoux\",\"https:\\\/\\\/www.linkedin.com\\\/in\\\/erwan-davoux-6800b289\\\/\",\"https:\\\/\\\/x.com\\\/@erwandavoux @Geo_politicsfr\"],\"url\":\"https:\\\/\\\/www.geopolitics.fr\\\/en\\\/author\\\/erwan-davoux\\\/\"}]}<\/script>\n<!-- \/ Yoast SEO Premium plugin. -->","yoast_head_json":{"title":"Les R\u00e9publicains\u00a0: vers une d\u00e9route salutaire\u00a0? | Geopolitics.fr","description":"\"Les R\u00e9publicains\" pourraient subir une d\u00e9faite cinglante \u00e0 l'occasion des \u00e9lections europ\u00e9ennes du 9 juin. Cela permettrait \u00e0 la droite fran\u00e7aise d'entamer sa refondation","robots":{"index":"index","follow":"follow","max-snippet":"max-snippet:-1","max-image-preview":"max-image-preview:large","max-video-preview":"max-video-preview:-1"},"canonical":"https:\/\/www.geopolitics.fr\/en\/2024\/04\/30\/les-republicains-vers-une-deroute-salutaire\/","og_locale":"en_GB","og_type":"article","og_title":"Les R\u00e9publicains\u00a0: vers une d\u00e9route salutaire\u00a0?","og_description":"\"Les R\u00e9publicains\" pourraient subir une d\u00e9faite cinglante \u00e0 l'occasion des \u00e9lections europ\u00e9ennes du 9 juin. Cela permettrait \u00e0 la droite fran\u00e7aise d'entamer sa refondation","og_url":"https:\/\/www.geopolitics.fr\/en\/2024\/04\/30\/les-republicains-vers-une-deroute-salutaire\/","og_site_name":"Geopolitics.fr","article_publisher":"https:\/\/www.facebook.com\/people\/Erwan-Davoux\/61557098968092\/","article_author":"Erwan Davoux","article_published_time":"2024-04-30T16:03:42+00:00","article_modified_time":"2024-05-03T19:25:33+00:00","og_image":[{"width":1920,"height":483,"url":"https:\/\/www.geopolitics.fr\/wp-content\/uploads\/2024\/03\/Depositphotos_706039778_XL-scaled.jpg","type":"image\/jpeg"}],"author":"Erwan Davoux","twitter_card":"summary_large_image","twitter_creator":"@erwandavoux @Geo_politicsfr","twitter_site":"@Geopolitics_Fr","twitter_misc":{"Written by":"Erwan Davoux","Estimated reading time":"6 minutes"},"schema":{"@context":"https:\/\/schema.org","@graph":[{"@type":"Article","@id":"https:\/\/www.geopolitics.fr\/2024\/04\/30\/les-republicains-vers-une-deroute-salutaire\/#article","isPartOf":{"@id":"https:\/\/www.geopolitics.fr\/2024\/04\/30\/les-republicains-vers-une-deroute-salutaire\/"},"author":{"name":"Erwan Davoux","@id":"https:\/\/www.geopolitics.fr\/#\/schema\/person\/a487273e91313e368925717400fa1b11"},"headline":"Les R\u00e9publicains\u00a0: vers une d\u00e9route salutaire\u00a0?","datePublished":"2024-04-30T16:03:42+00:00","dateModified":"2024-05-03T19:25:33+00:00","mainEntityOfPage":{"@id":"https:\/\/www.geopolitics.fr\/2024\/04\/30\/les-republicains-vers-une-deroute-salutaire\/"},"wordCount":1081,"commentCount":0,"publisher":{"@id":"https:\/\/www.geopolitics.fr\/#organization"},"image":{"@id":"https:\/\/www.geopolitics.fr\/2024\/04\/30\/les-republicains-vers-une-deroute-salutaire\/#primaryimage"},"thumbnailUrl":"https:\/\/www.geopolitics.fr\/wp-content\/uploads\/2024\/03\/Depositphotos_706039778_XL-scaled.jpg","articleSection":["Election","Mis en AVANT","Politique"],"inLanguage":"en-GB"},{"@type":"WebPage","@id":"https:\/\/www.geopolitics.fr\/2024\/04\/30\/les-republicains-vers-une-deroute-salutaire\/","url":"https:\/\/www.geopolitics.fr\/2024\/04\/30\/les-republicains-vers-une-deroute-salutaire\/","name":"Les R\u00e9publicains\u00a0: vers une d\u00e9route salutaire\u00a0? | Geopolitics.fr","isPartOf":{"@id":"https:\/\/www.geopolitics.fr\/#website"},"primaryImageOfPage":{"@id":"https:\/\/www.geopolitics.fr\/2024\/04\/30\/les-republicains-vers-une-deroute-salutaire\/#primaryimage"},"image":{"@id":"https:\/\/www.geopolitics.fr\/2024\/04\/30\/les-republicains-vers-une-deroute-salutaire\/#primaryimage"},"thumbnailUrl":"https:\/\/www.geopolitics.fr\/wp-content\/uploads\/2024\/03\/Depositphotos_706039778_XL-scaled.jpg","datePublished":"2024-04-30T16:03:42+00:00","dateModified":"2024-05-03T19:25:33+00:00","description":"\"Les R\u00e9publicains\" pourraient subir une d\u00e9faite cinglante \u00e0 l'occasion des \u00e9lections europ\u00e9ennes du 9 juin. Cela permettrait \u00e0 la droite fran\u00e7aise d'entamer sa refondation","breadcrumb":{"@id":"https:\/\/www.geopolitics.fr\/2024\/04\/30\/les-republicains-vers-une-deroute-salutaire\/#breadcrumb"},"inLanguage":"en-GB","potentialAction":[{"@type":"ReadAction","target":["https:\/\/www.geopolitics.fr\/2024\/04\/30\/les-republicains-vers-une-deroute-salutaire\/"]}]},{"@type":"ImageObject","inLanguage":"en-GB","@id":"https:\/\/www.geopolitics.fr\/2024\/04\/30\/les-republicains-vers-une-deroute-salutaire\/#primaryimage","url":"https:\/\/www.geopolitics.fr\/wp-content\/uploads\/2024\/03\/Depositphotos_706039778_XL-scaled.jpg","contentUrl":"https:\/\/www.geopolitics.fr\/wp-content\/uploads\/2024\/03\/Depositphotos_706039778_XL-scaled.jpg","width":1920,"height":483},{"@type":"BreadcrumbList","@id":"https:\/\/www.geopolitics.fr\/2024\/04\/30\/les-republicains-vers-une-deroute-salutaire\/#breadcrumb","itemListElement":[{"@type":"ListItem","position":1,"name":"Accueil","item":"https:\/\/www.geopolitics.fr\/"},{"@type":"ListItem","position":2,"name":"Les R\u00e9publicains\u00a0: vers une d\u00e9route salutaire\u00a0?"}]},{"@type":"WebSite","@id":"https:\/\/www.geopolitics.fr\/#website","url":"https:\/\/www.geopolitics.fr\/","name":"Geopolitics.fr","description":"Geopolitics.fr Analyse politique, relations internationales, d\u00e9fense - ligne \u00e9ditoriale gaullo-chiraquienne","publisher":{"@id":"https:\/\/www.geopolitics.fr\/#organization"},"potentialAction":[{"@type":"SearchAction","target":{"@type":"EntryPoint","urlTemplate":"https:\/\/www.geopolitics.fr\/?s={search_term_string}"},"query-input":{"@type":"PropertyValueSpecification","valueRequired":true,"valueName":"search_term_string"}}],"inLanguage":"en-GB"},{"@type":"Organization","@id":"https:\/\/www.geopolitics.fr\/#organization","name":"Geopolitics.fr","url":"https:\/\/www.geopolitics.fr\/","logo":{"@type":"ImageObject","inLanguage":"en-GB","@id":"https:\/\/www.geopolitics.fr\/#\/schema\/logo\/image\/","url":"https:\/\/www.geopolitics.fr\/wp-content\/uploads\/2024\/01\/logo.jpg","contentUrl":"https:\/\/www.geopolitics.fr\/wp-content\/uploads\/2024\/01\/logo.jpg","width":500,"height":500,"caption":"Geopolitics.fr"},"image":{"@id":"https:\/\/www.geopolitics.fr\/#\/schema\/logo\/image\/"},"sameAs":["https:\/\/www.facebook.com\/people\/Erwan-Davoux\/61557098968092\/","https:\/\/x.com\/Geopolitics_Fr"]},{"@type":"Person","@id":"https:\/\/www.geopolitics.fr\/#\/schema\/person\/a487273e91313e368925717400fa1b11","name":"Erwan Davoux","image":{"@type":"ImageObject","inLanguage":"en-GB","@id":"https:\/\/www.geopolitics.fr\/wp-content\/uploads\/2026\/05\/moi-96x96.jpg","url":"https:\/\/www.geopolitics.fr\/wp-content\/uploads\/2026\/05\/moi-96x96.jpg","contentUrl":"https:\/\/www.geopolitics.fr\/wp-content\/uploads\/2026\/05\/moi-96x96.jpg","caption":"Erwan Davoux"},"description":"Erwan DAVOUX est Pr\u00e9sident de LMD CONSEIL, (conseil strat\u00e9gique, intelligence \u00e9conomique, risque g\u00e9opolitique, influence politique, diplomatie \u00e9conomique). Dipl\u00f4m\u00e9 de l'IEP de Paris et de l'INALCO (d\u00e9partement d'\u00e9tudes arabes), il est directeur de la publication de geopolitics.fr. Ancien fonctionnaire au Minist\u00e8re de l'Int\u00e9rieur et de la D\u00e9fense (DGSE) Ancien charg\u00e9 de Mission \u00e0 la Pr\u00e9sidence de la R\u00e9publique (cellule diplomatique) Conseil de nombreuses personnalit\u00e9s politiques \u00e0 l'International (dont deux anciens Premiers ministres).","sameAs":["Erwan Davoux","@erwandavoux","https:\/\/www.linkedin.com\/in\/erwan-davoux-6800b289\/","https:\/\/x.com\/@erwandavoux @Geo_politicsfr"],"url":"https:\/\/www.geopolitics.fr\/en\/author\/erwan-davoux\/"}]}},"_links":{"self":[{"href":"https:\/\/www.geopolitics.fr\/en\/wp-json\/wp\/v2\/posts\/2684","targetHints":{"allow":["GET"]}}],"collection":[{"href":"https:\/\/www.geopolitics.fr\/en\/wp-json\/wp\/v2\/posts"}],"about":[{"href":"https:\/\/www.geopolitics.fr\/en\/wp-json\/wp\/v2\/types\/post"}],"author":[{"embeddable":true,"href":"https:\/\/www.geopolitics.fr\/en\/wp-json\/wp\/v2\/users\/16"}],"replies":[{"embeddable":true,"href":"https:\/\/www.geopolitics.fr\/en\/wp-json\/wp\/v2\/comments?post=2684"}],"version-history":[{"count":0,"href":"https:\/\/www.geopolitics.fr\/en\/wp-json\/wp\/v2\/posts\/2684\/revisions"}],"wp:featuredmedia":[{"embeddable":true,"href":"https:\/\/www.geopolitics.fr\/en\/wp-json\/wp\/v2\/media\/2357"}],"wp:attachment":[{"href":"https:\/\/www.geopolitics.fr\/en\/wp-json\/wp\/v2\/media?parent=2684"}],"wp:term":[{"taxonomy":"category","embeddable":true,"href":"https:\/\/www.geopolitics.fr\/en\/wp-json\/wp\/v2\/categories?post=2684"},{"taxonomy":"post_tag","embeddable":true,"href":"https:\/\/www.geopolitics.fr\/en\/wp-json\/wp\/v2\/tags?post=2684"}],"curies":[{"name":"wp","href":"https:\/\/api.w.org\/{rel}","templated":true}]}}