{"id":2662,"date":"2024-04-19T19:22:09","date_gmt":"2024-04-19T17:22:09","guid":{"rendered":"https:\/\/www.geopolitics.fr\/?p=2662"},"modified":"2024-04-19T19:22:11","modified_gmt":"2024-04-19T17:22:11","slug":"la-crise-migratoire-un-defi-humanitaire-aux-questions-encore-sans-reponse","status":"publish","type":"post","link":"https:\/\/www.geopolitics.fr\/en\/2024\/04\/19\/la-crise-migratoire-un-defi-humanitaire-aux-questions-encore-sans-reponse\/","title":{"rendered":"La crise migratoire, un d\u00e9fi humanitaire aux questions encore sans r\u00e9ponse"},"content":{"rendered":"<p class=\"has-medium-font-size wp-block-paragraph\">Les cons\u00e9quences \u00e9conomiques et sociales de la pand\u00e9mie de COVID-19 se font toujours sentir et la reprise des emplois perdus depuis plus de deux ans est encore loin d\u2019atteindre les niveaux souhait\u00e9s. En effet, selon des \u00e9tudes de l\u2019Organisation internationale du travail (OIT), le d\u00e9ficit mondial d\u2019emploi a d\u00e9pass\u00e9 en 2023 les 450 millions de personnes.<\/p>\n\n\n\n<p class=\"has-medium-font-size wp-block-paragraph\">Le ph\u00e9nom\u00e8ne migratoire a un caract\u00e8re multidimensionnel car ses causes sont directement li\u00e9es \u00e0 des facteurs politiques, \u00e9conomiques, d\u00e9mographiques, sociaux et environnementaux. Sans aucun doute, la pand\u00e9mie a contribu\u00e9 \u00e0 l\u2019augmentation des migrations en raison de la d\u00e9t\u00e9rioration des conditions de vie dans de nombreux pays. Cependant, la crise migratoire \u00e9tait d\u00e9j\u00e0 <em>In crescendo<\/em> depuis plus d\u2019une d\u00e9cennie, mais le manque de politiques et de plans en mati\u00e8re de pr\u00e9vention, de s\u00e9curit\u00e9 et de contr\u00f4le a surpris de nombreux pays d\u2019accueil, qui ne disposaient pas dans ce moment-l\u00e0 d\u2019instruments juridiques ad\u00e9quats et adapt\u00e9s \u00e0 l\u2019ampleur de cette urgence sociale.<\/p>\n\n\n\n<h2 class=\"wp-block-heading has-medium-font-size\" id=\"h-le-facteur-politique\"><strong>Le facteur politique\u00a0<\/strong><\/h2>\n\n\n\n<p class=\"has-medium-font-size wp-block-paragraph\"><strong>Les probl\u00e8mes de gouvernance, la corruption, les conflits arm\u00e9s, la polarisation, les pers\u00e9cutions politiques, l\u2019effondrement de l\u2019\u00c9tat de droit, la m\u00e9fiance \u00e0 l\u2019\u00e9gard des dirigeants politiques, l\u2019\u00e9rosion de la d\u00e9mocratie et les violations des droits de l\u2019homme constituent de puissantes raisons de migration.<\/strong> Fin 2022, selon les chiffres du HCR, il y avait au total 108,4 millions de personnes d\u00e9plac\u00e9es pour ces raisons, ce qui se traduit par une augmentation des demandes d&rsquo;asile de plus de 1,14 million en 2023 dans le cas de l&rsquo;Union europ\u00e9enne et de 140 000. demandes d&rsquo;asile aux \u00c9tats-Unis pour la m\u00eame ann\u00e9e, sans compter 1,6 million de demandes pendantes devant les tribunaux d&rsquo;immigration.<\/p>\n\n\n\n<p class=\"has-medium-font-size wp-block-paragraph\"><strong>Le facteur \u00e9conomique\u00a0<\/strong><\/p>\n\n\n\n<p class=\"has-medium-font-size wp-block-paragraph\"><strong> Il constitue la principale cause de la migration internationale. L&rsquo;augmentation des asym\u00e9tries \u00e9conomiques entre les pays et la perte de valeur d&rsquo;achat due \u00e0 la d\u00e9valuation de la monnaie nationale dans les pays pauvres ou dans les pays \u00e0 taux d&rsquo;inflation \u00e9lev\u00e9s <\/strong>ont justifi\u00e9 des millions de personnes qui d\u00e9cident de quitter leur pays d&rsquo;origine, allant m\u00eame jusqu&rsquo;\u00e0 vendre leurs propri\u00e9t\u00e9s \u00e0 des prix ridicules pour couvrir leurs frais de d\u00e9placement et d&rsquo;installation dans leur nouvelle destination.<\/p>\n\n\n\n<p class=\"has-medium-font-size wp-block-paragraph\"><strong>Le facteur d\u00e9mographique\u00a0<\/strong><\/p>\n\n\n\n<p class=\"has-medium-font-size wp-block-paragraph\"><strong> <\/strong>Il y a encore quelques ann\u00e9es, la migration \u00e9tait consid\u00e9r\u00e9e comme un \u00e9l\u00e9ment d&rsquo;int\u00e9r\u00eat strat\u00e9gique pour certains pays qui cherchaient \u00e0 corriger les d\u00e9s\u00e9quilibres d\u00e9mographiques, tant pour des raisons socio-\u00e9conomiques que pour des raisons de f\u00e9condit\u00e9, afin de ralentir le processus de vieillissement de la population. <strong>Cependant, l\u2019avalanche migratoire de la derni\u00e8re d\u00e9cennie a amen\u00e9 plusieurs pays nordiques, outre l\u2019Australie, \u00e0 reconsid\u00e9rer radicalement leurs politiques d\u2019attraction migratoire,<\/strong> en \u00e9tablissant certains crit\u00e8res et conditions propices \u00e0 freiner les exc\u00e8s et les risques sociaux.<\/p>\n\n\n\n<p class=\"has-medium-font-size wp-block-paragraph\"><strong>Le facteur social\u00a0<\/strong><\/p>\n\n\n\n<p class=\"has-medium-font-size wp-block-paragraph\">La pauvret\u00e9, les crises sanitaires et alimentaires et le ch\u00f4mage s\u2019ajoutent \u00e0 l\u2019\u00e9norme pression sociale et psychologique qui favorise la migration. <strong>Les r\u00e9seaux sociaux ont \u00e9galement stimul\u00e9 la migration des jeunes comme s&rsquo;il s&rsquo;agissait d&rsquo;une mode parce qu\u2019il existe une croyance largement r\u00e9pandue selon laquelle il est toujours pr\u00e9f\u00e9rable d\u2019\u00eatre hors du pays d\u2019origine car les opportunit\u00e9s sont plus grandes,<\/strong> surtout lorsqu\u2019il y a d\u00e9j\u00e0 de la famille et des amis \u00ab install\u00e9s \u00bb avec un travail, l\u00e9galement \u00e9tablis et scolaris\u00e9s, ce qui a justifi\u00e9 dans de nombreux cas l\u2019augmentation de la migration pour des raisons de regroupement familial.<\/p>\n\n\n\n<p class=\"has-medium-font-size wp-block-paragraph\"><strong>Le facteur environnemental\u00a0<\/strong><\/p>\n\n\n\n<p class=\"has-medium-font-size wp-block-paragraph\">La crise environnementale g\u00e9n\u00e9r\u00e9e par le changement climatique a eu un impact direct sur la mobilit\u00e9 des personnes \u00e0 grande \u00e9chelle, avec u<strong>ne migration climatique croissante, g\u00e9n\u00e9r\u00e9e par des s\u00e9cheresses continues, la d\u00e9sertification, la d\u00e9gradation des terres, les inondations, les tremblements de terre, les incendies, les ouragans et les cyclones, en particulier dans les Cara\u00efbes et dans le Pacifique<\/strong>, qui ont entra\u00een\u00e9 des pertes mat\u00e9rielles non quantifiables et la destruction d&rsquo;habitations, d&rsquo;entreprises et de services publics.<\/p>\n\n\n\n<p class=\"has-medium-font-size wp-block-paragraph\"><strong>La migration, un droit humain moins prot\u00e9g\u00e9<\/strong><\/p>\n\n\n\n<p class=\"has-medium-font-size wp-block-paragraph\"><strong>La migration est un droit humain reconnu par la D\u00e9claration universelle des droits de l&rsquo;homme de 1948 (DUDH) dans son article 13<\/strong>, qui stipule que \u00ab toute personne a le droit de \u00ab circuler librement et de choisir sa r\u00e9sidence sur le territoire d&rsquo;un \u00c9tat \u00bb et ajoute \u00e9galement que \u00ab toute personne a le droit de quitter n\u2019importe quel pays, y compris le sien, et d\u2019y retourner \u00bb. Bien qu&rsquo;actuellement, les circonstances indiquent que la migration est devenue davantage une obligation forc\u00e9e et douloureuse qu\u2019un droit.<\/p>\n\n\n\n<p class=\"has-medium-font-size wp-block-paragraph\">Outre la DUDH, le droit international et le droit international humanitaire contiennent une s\u00e9rie d&rsquo;instruments juridiques qui soutiennent la protection en mati\u00e8re de migration, tels que : <strong>la Convention relative au statut des r\u00e9fugi\u00e9s, le Pacte international relatif aux droits \u00e9conomiques, sociaux et culturels, le Pacte international relatif aux droits civils et politiques et la Convention de Palerme, entre autres.<\/strong> Il est toutefois inqui\u00e9tant de constater que cette dispersion des l\u00e9gislations internationales en mati\u00e8re d\u2019immigration, sans \u00eatre dans certains cas contraignantes, <strong>soit abord\u00e9e sous un angle davantage politique qu\u2019humanitaire. Ce n&rsquo;est pas un hasard si la r\u00e9forme du Pacte europ\u00e9en sur la migration et l&rsquo;asile r\u00e9cemment approuv\u00e9e par le Parlement europ\u00e9en \u00e0 une courte majorit\u00e9 et qui chercherait \u00e0 am\u00e9liorer la gestion des flux migratoires, est l&rsquo;un des principaux enjeux de la confrontation entre la gauche et la droite dans le cadre de la campagne \u00e9lectorale europ\u00e9enne.<\/strong> Cependant, plusieurs organisations humanitaires ont soulign\u00e9 que l&rsquo;Europe se dirige vers un syst\u00e8me beaucoup plus restrictif qui non seulement affaiblirait le r\u00e9gime de protection et d&rsquo;accueil des migrants, mais augmenterait les risques d&rsquo;expulsion sans plus de garanties.<\/p>\n\n\n\n<p class=\"has-medium-font-size wp-block-paragraph\"><strong>Aux \u00c9tats-Unis,<\/strong> la question de l&rsquo;immigration a \u00e9t\u00e9 tr\u00e8s pr\u00e9sente tout au long de la campagne pr\u00e9sidentielle o\u00f9 Trump a promis de mettre en \u0153uvre le plus grand programme d&rsquo;expulsion jamais r\u00e9alis\u00e9 aux \u00c9tats-Unis et Biden en retour promeut une loi qui fournirait davantage de fonds pour les patrouilles aux fronti\u00e8res, agents d\u2019asile, juges d&rsquo;immigration et services d&rsquo;accueil pour acc\u00e9l\u00e9rer les expulsions et restreindre les demandes d&rsquo;asile.<\/p>\n\n\n\n<p class=\"has-medium-font-size wp-block-paragraph\"><strong>Dans le cas de l&rsquo;Am\u00e9rique latine<\/strong>, chaque pays a pratiquement adopt\u00e9 ses propres m\u00e9canismes de contr\u00f4le des migrations de mani\u00e8re improvis\u00e9e et souvent incoh\u00e9rente, sans aucun type de coordination et de coop\u00e9ration r\u00e9gionale, ce qui a abouti \u00e0 un chaos total pour la s\u00e9curit\u00e9 de l\u2019h\u00e9misph\u00e8re, notamment en raison de l\u2019augmentation de la traite des \u00eatres humains et les tensions politiques croissantes entre les gouvernements de droite et de gauche.<\/p>\n\n\n\n<p class=\"has-medium-font-size wp-block-paragraph\"><strong>Notes finales<\/strong><\/p>\n\n\n\n<p class=\"has-medium-font-size wp-block-paragraph\">Il est imp\u00e9ratif de renforcer la s\u00e9curit\u00e9 internationale et de prot\u00e9ger les fronti\u00e8res entre les \u00c9tats, en appliquant de mani\u00e8re coh\u00e9rente les crit\u00e8res et les proc\u00e9dures de contr\u00f4le des migrations assurant un traitement digne et respectueux aux normes du droit international humanitaire. La communaut\u00e9 internationale devrait aspirer \u00e0 l\u2019avenir \u00e0 parvenir, par le biais d\u2019une r\u00e9solution des Nations Unies, la r\u00e9unification des principes directeurs qui devraient r\u00e9gir les protocoles migratoires. Il est important de redoubler d\u2019efforts pour accro\u00eetre les capacit\u00e9s financi\u00e8res du Fonds fiduciaire multipartenaire pour les migrations afin de mettre en \u0153uvre efficacement le Pacte mondial pour les migrations. Il est \u00e9galement essentiel de continuer \u00e0 soutenir le travail de le Haut-Commissariat des Nations unies pour les r\u00e9fugi\u00e9s (UNHCR) et de l\u2019Organisation internationale pour les migrations (OIM) pour renforcer la coop\u00e9ration multilat\u00e9rale \u00e0 travers le cadre op\u00e9rationnel de crise migratoire (MCOF) et offrir des r\u00e9ponses efficaces \u00e0 la crise migratoire actuelle. Il serait tr\u00e8s n\u00e9cessaire de progresser vers la cr\u00e9ation d\u2019un climat de gouvernance des migrations, gr\u00e2ce \u00e0 des syst\u00e8mes judiciaires qui garantissent la protection juridique des migrants contre la violation de leurs droits humains.<\/p>","protected":false},"excerpt":{"rendered":"<p>Les cons\u00e9quences \u00e9conomiques et sociales de la pand\u00e9mie de COVID-19 se font toujours sentir et la reprise des emplois perdus depuis plus&hellip;<\/p>","protected":false},"author":35,"featured_media":2664,"comment_status":"open","ping_status":"open","sticky":false,"template":"","format":"standard","meta":{"_lmt_disableupdate":"","_lmt_disable":"","footnotes":""},"categories":[5,4,3],"tags":[255],"class_list":["post-2662","post","type-post","status-publish","format-standard","has-post-thumbnail","hentry","category-international","category-mis-en-avant","category-politique","tag-crise-migratoire"],"yoast_head":"<!-- This site is optimized with the Yoast SEO Premium plugin v28.1 (Yoast SEO v28.1) - https:\/\/yoast.com\/product\/yoast-seo-premium-wordpress\/ -->\n<title>La crise migratoire, un d\u00e9fi humanitaire aux questions encore sans r\u00e9ponse | Geopolitics.fr<\/title>\n<meta name=\"robots\" content=\"index, follow, max-snippet:-1, max-image-preview:large, max-video-preview:-1\" \/>\n<link rel=\"canonical\" href=\"https:\/\/www.geopolitics.fr\/en\/2024\/04\/19\/la-crise-migratoire-un-defi-humanitaire-aux-questions-encore-sans-reponse\/\" \/>\n<meta property=\"og:locale\" content=\"en_GB\" \/>\n<meta property=\"og:type\" content=\"article\" \/>\n<meta property=\"og:title\" content=\"La crise migratoire, un d\u00e9fi humanitaire aux questions encore sans r\u00e9ponse\" \/>\n<meta property=\"og:description\" content=\"Les cons\u00e9quences \u00e9conomiques et sociales de la pand\u00e9mie de COVID-19 se font toujours sentir et la reprise des emplois perdus depuis plus&hellip;\" \/>\n<meta property=\"og:url\" content=\"https:\/\/www.geopolitics.fr\/en\/2024\/04\/19\/la-crise-migratoire-un-defi-humanitaire-aux-questions-encore-sans-reponse\/\" \/>\n<meta property=\"og:site_name\" content=\"Geopolitics.fr\" \/>\n<meta property=\"article:publisher\" content=\"https:\/\/www.facebook.com\/people\/Erwan-Davoux\/61557098968092\/\" \/>\n<meta property=\"article:published_time\" content=\"2024-04-19T17:22:09+00:00\" \/>\n<meta property=\"article:modified_time\" content=\"2024-04-19T17:22:11+00:00\" \/>\n<meta property=\"og:image\" content=\"https:\/\/www.geopolitics.fr\/wp-content\/uploads\/2024\/04\/MIGRAT.jpg\" \/>\n\t<meta property=\"og:image:width\" content=\"1920\" \/>\n\t<meta property=\"og:image:height\" content=\"1281\" \/>\n\t<meta property=\"og:image:type\" content=\"image\/jpeg\" \/>\n<meta name=\"author\" content=\"David OSORIO\" \/>\n<meta name=\"twitter:card\" content=\"summary_large_image\" \/>\n<meta name=\"twitter:creator\" content=\"@Geopolitics_Fr\" \/>\n<meta name=\"twitter:site\" content=\"@Geopolitics_Fr\" \/>\n<meta name=\"twitter:label1\" content=\"Written by\" \/>\n\t<meta name=\"twitter:data1\" content=\"David OSORIO\" \/>\n\t<meta name=\"twitter:label2\" content=\"Estimated reading time\" \/>\n\t<meta name=\"twitter:data2\" content=\"7 minutes\" \/>\n<script type=\"application\/ld+json\" class=\"yoast-schema-graph\">{\"@context\":\"https:\\\/\\\/schema.org\",\"@graph\":[{\"@type\":\"Article\",\"@id\":\"https:\\\/\\\/www.geopolitics.fr\\\/2024\\\/04\\\/19\\\/la-crise-migratoire-un-defi-humanitaire-aux-questions-encore-sans-reponse\\\/#article\",\"isPartOf\":{\"@id\":\"https:\\\/\\\/www.geopolitics.fr\\\/2024\\\/04\\\/19\\\/la-crise-migratoire-un-defi-humanitaire-aux-questions-encore-sans-reponse\\\/\"},\"author\":{\"name\":\"David OSORIO\",\"@id\":\"https:\\\/\\\/www.geopolitics.fr\\\/#\\\/schema\\\/person\\\/02c106c0272bd8f8e39e0adf38864870\"},\"headline\":\"La crise migratoire, un d\u00e9fi humanitaire aux questions encore sans r\u00e9ponse\",\"datePublished\":\"2024-04-19T17:22:09+00:00\",\"dateModified\":\"2024-04-19T17:22:11+00:00\",\"mainEntityOfPage\":{\"@id\":\"https:\\\/\\\/www.geopolitics.fr\\\/2024\\\/04\\\/19\\\/la-crise-migratoire-un-defi-humanitaire-aux-questions-encore-sans-reponse\\\/\"},\"wordCount\":1400,\"commentCount\":0,\"publisher\":{\"@id\":\"https:\\\/\\\/www.geopolitics.fr\\\/#organization\"},\"image\":{\"@id\":\"https:\\\/\\\/www.geopolitics.fr\\\/2024\\\/04\\\/19\\\/la-crise-migratoire-un-defi-humanitaire-aux-questions-encore-sans-reponse\\\/#primaryimage\"},\"thumbnailUrl\":\"https:\\\/\\\/www.geopolitics.fr\\\/wp-content\\\/uploads\\\/2024\\\/04\\\/MIGRAT.jpg\",\"keywords\":[\"crise migratoire\"],\"articleSection\":[\"International\",\"Mis en AVANT\",\"Politique\"],\"inLanguage\":\"en-GB\"},{\"@type\":\"WebPage\",\"@id\":\"https:\\\/\\\/www.geopolitics.fr\\\/2024\\\/04\\\/19\\\/la-crise-migratoire-un-defi-humanitaire-aux-questions-encore-sans-reponse\\\/\",\"url\":\"https:\\\/\\\/www.geopolitics.fr\\\/2024\\\/04\\\/19\\\/la-crise-migratoire-un-defi-humanitaire-aux-questions-encore-sans-reponse\\\/\",\"name\":\"La crise migratoire, un d\u00e9fi humanitaire aux questions encore sans r\u00e9ponse | Geopolitics.fr\",\"isPartOf\":{\"@id\":\"https:\\\/\\\/www.geopolitics.fr\\\/#website\"},\"primaryImageOfPage\":{\"@id\":\"https:\\\/\\\/www.geopolitics.fr\\\/2024\\\/04\\\/19\\\/la-crise-migratoire-un-defi-humanitaire-aux-questions-encore-sans-reponse\\\/#primaryimage\"},\"image\":{\"@id\":\"https:\\\/\\\/www.geopolitics.fr\\\/2024\\\/04\\\/19\\\/la-crise-migratoire-un-defi-humanitaire-aux-questions-encore-sans-reponse\\\/#primaryimage\"},\"thumbnailUrl\":\"https:\\\/\\\/www.geopolitics.fr\\\/wp-content\\\/uploads\\\/2024\\\/04\\\/MIGRAT.jpg\",\"datePublished\":\"2024-04-19T17:22:09+00:00\",\"dateModified\":\"2024-04-19T17:22:11+00:00\",\"breadcrumb\":{\"@id\":\"https:\\\/\\\/www.geopolitics.fr\\\/2024\\\/04\\\/19\\\/la-crise-migratoire-un-defi-humanitaire-aux-questions-encore-sans-reponse\\\/#breadcrumb\"},\"inLanguage\":\"en-GB\",\"potentialAction\":[{\"@type\":\"ReadAction\",\"target\":[\"https:\\\/\\\/www.geopolitics.fr\\\/2024\\\/04\\\/19\\\/la-crise-migratoire-un-defi-humanitaire-aux-questions-encore-sans-reponse\\\/\"]}]},{\"@type\":\"ImageObject\",\"inLanguage\":\"en-GB\",\"@id\":\"https:\\\/\\\/www.geopolitics.fr\\\/2024\\\/04\\\/19\\\/la-crise-migratoire-un-defi-humanitaire-aux-questions-encore-sans-reponse\\\/#primaryimage\",\"url\":\"https:\\\/\\\/www.geopolitics.fr\\\/wp-content\\\/uploads\\\/2024\\\/04\\\/MIGRAT.jpg\",\"contentUrl\":\"https:\\\/\\\/www.geopolitics.fr\\\/wp-content\\\/uploads\\\/2024\\\/04\\\/MIGRAT.jpg\",\"width\":1920,\"height\":1281},{\"@type\":\"BreadcrumbList\",\"@id\":\"https:\\\/\\\/www.geopolitics.fr\\\/2024\\\/04\\\/19\\\/la-crise-migratoire-un-defi-humanitaire-aux-questions-encore-sans-reponse\\\/#breadcrumb\",\"itemListElement\":[{\"@type\":\"ListItem\",\"position\":1,\"name\":\"Accueil\",\"item\":\"https:\\\/\\\/www.geopolitics.fr\\\/\"},{\"@type\":\"ListItem\",\"position\":2,\"name\":\"La crise migratoire, un d\u00e9fi humanitaire aux questions encore sans r\u00e9ponse\"}]},{\"@type\":\"WebSite\",\"@id\":\"https:\\\/\\\/www.geopolitics.fr\\\/#website\",\"url\":\"https:\\\/\\\/www.geopolitics.fr\\\/\",\"name\":\"Geopolitics.fr\",\"description\":\"Geopolitics.fr Analyse politique, relations internationales, d\u00e9fense - ligne \u00e9ditoriale gaullo-chiraquienne\",\"publisher\":{\"@id\":\"https:\\\/\\\/www.geopolitics.fr\\\/#organization\"},\"potentialAction\":[{\"@type\":\"SearchAction\",\"target\":{\"@type\":\"EntryPoint\",\"urlTemplate\":\"https:\\\/\\\/www.geopolitics.fr\\\/?s={search_term_string}\"},\"query-input\":{\"@type\":\"PropertyValueSpecification\",\"valueRequired\":true,\"valueName\":\"search_term_string\"}}],\"inLanguage\":\"en-GB\"},{\"@type\":\"Organization\",\"@id\":\"https:\\\/\\\/www.geopolitics.fr\\\/#organization\",\"name\":\"Geopolitics.fr\",\"url\":\"https:\\\/\\\/www.geopolitics.fr\\\/\",\"logo\":{\"@type\":\"ImageObject\",\"inLanguage\":\"en-GB\",\"@id\":\"https:\\\/\\\/www.geopolitics.fr\\\/#\\\/schema\\\/logo\\\/image\\\/\",\"url\":\"https:\\\/\\\/www.geopolitics.fr\\\/wp-content\\\/uploads\\\/2024\\\/01\\\/logo.jpg\",\"contentUrl\":\"https:\\\/\\\/www.geopolitics.fr\\\/wp-content\\\/uploads\\\/2024\\\/01\\\/logo.jpg\",\"width\":500,\"height\":500,\"caption\":\"Geopolitics.fr\"},\"image\":{\"@id\":\"https:\\\/\\\/www.geopolitics.fr\\\/#\\\/schema\\\/logo\\\/image\\\/\"},\"sameAs\":[\"https:\\\/\\\/www.facebook.com\\\/people\\\/Erwan-Davoux\\\/61557098968092\\\/\",\"https:\\\/\\\/x.com\\\/Geopolitics_Fr\"]},{\"@type\":\"Person\",\"@id\":\"https:\\\/\\\/www.geopolitics.fr\\\/#\\\/schema\\\/person\\\/02c106c0272bd8f8e39e0adf38864870\",\"name\":\"David OSORIO\",\"image\":{\"@type\":\"ImageObject\",\"inLanguage\":\"en-GB\",\"@id\":\"https:\\\/\\\/www.geopolitics.fr\\\/wp-content\\\/uploads\\\/2025\\\/09\\\/OSORIO-96x96.jpg\",\"url\":\"https:\\\/\\\/www.geopolitics.fr\\\/wp-content\\\/uploads\\\/2025\\\/09\\\/OSORIO-96x96.jpg\",\"contentUrl\":\"https:\\\/\\\/www.geopolitics.fr\\\/wp-content\\\/uploads\\\/2025\\\/09\\\/OSORIO-96x96.jpg\",\"caption\":\"David OSORIO\"},\"description\":\"David Osorio est avocat et ancien diplomate v\u00e9n\u00e9zu\u00e9lien. Expert en droit international, g\u00e9opolitique et affaires multilat\u00e9rales. Essayiste sur l'actualit\u00e9 politique internationale.\",\"sameAs\":[\"https:\\\/\\\/www.linkedin.com\\\/in\\\/davidalejandroosoriomeneses\\\/\"],\"url\":\"https:\\\/\\\/www.geopolitics.fr\\\/en\\\/author\\\/david-osorio\\\/\"}]}<\/script>\n<!-- \/ Yoast SEO Premium plugin. -->","yoast_head_json":{"title":"La crise migratoire, un d\u00e9fi humanitaire aux questions encore sans r\u00e9ponse | Geopolitics.fr","robots":{"index":"index","follow":"follow","max-snippet":"max-snippet:-1","max-image-preview":"max-image-preview:large","max-video-preview":"max-video-preview:-1"},"canonical":"https:\/\/www.geopolitics.fr\/en\/2024\/04\/19\/la-crise-migratoire-un-defi-humanitaire-aux-questions-encore-sans-reponse\/","og_locale":"en_GB","og_type":"article","og_title":"La crise migratoire, un d\u00e9fi humanitaire aux questions encore sans r\u00e9ponse","og_description":"Les cons\u00e9quences \u00e9conomiques et sociales de la pand\u00e9mie de COVID-19 se font toujours sentir et la reprise des emplois perdus depuis plus&hellip;","og_url":"https:\/\/www.geopolitics.fr\/en\/2024\/04\/19\/la-crise-migratoire-un-defi-humanitaire-aux-questions-encore-sans-reponse\/","og_site_name":"Geopolitics.fr","article_publisher":"https:\/\/www.facebook.com\/people\/Erwan-Davoux\/61557098968092\/","article_published_time":"2024-04-19T17:22:09+00:00","article_modified_time":"2024-04-19T17:22:11+00:00","og_image":[{"width":1920,"height":1281,"url":"https:\/\/www.geopolitics.fr\/wp-content\/uploads\/2024\/04\/MIGRAT.jpg","type":"image\/jpeg"}],"author":"David OSORIO","twitter_card":"summary_large_image","twitter_creator":"@Geopolitics_Fr","twitter_site":"@Geopolitics_Fr","twitter_misc":{"Written by":"David OSORIO","Estimated reading time":"7 minutes"},"schema":{"@context":"https:\/\/schema.org","@graph":[{"@type":"Article","@id":"https:\/\/www.geopolitics.fr\/2024\/04\/19\/la-crise-migratoire-un-defi-humanitaire-aux-questions-encore-sans-reponse\/#article","isPartOf":{"@id":"https:\/\/www.geopolitics.fr\/2024\/04\/19\/la-crise-migratoire-un-defi-humanitaire-aux-questions-encore-sans-reponse\/"},"author":{"name":"David OSORIO","@id":"https:\/\/www.geopolitics.fr\/#\/schema\/person\/02c106c0272bd8f8e39e0adf38864870"},"headline":"La crise migratoire, un d\u00e9fi humanitaire aux questions encore sans r\u00e9ponse","datePublished":"2024-04-19T17:22:09+00:00","dateModified":"2024-04-19T17:22:11+00:00","mainEntityOfPage":{"@id":"https:\/\/www.geopolitics.fr\/2024\/04\/19\/la-crise-migratoire-un-defi-humanitaire-aux-questions-encore-sans-reponse\/"},"wordCount":1400,"commentCount":0,"publisher":{"@id":"https:\/\/www.geopolitics.fr\/#organization"},"image":{"@id":"https:\/\/www.geopolitics.fr\/2024\/04\/19\/la-crise-migratoire-un-defi-humanitaire-aux-questions-encore-sans-reponse\/#primaryimage"},"thumbnailUrl":"https:\/\/www.geopolitics.fr\/wp-content\/uploads\/2024\/04\/MIGRAT.jpg","keywords":["crise migratoire"],"articleSection":["International","Mis en AVANT","Politique"],"inLanguage":"en-GB"},{"@type":"WebPage","@id":"https:\/\/www.geopolitics.fr\/2024\/04\/19\/la-crise-migratoire-un-defi-humanitaire-aux-questions-encore-sans-reponse\/","url":"https:\/\/www.geopolitics.fr\/2024\/04\/19\/la-crise-migratoire-un-defi-humanitaire-aux-questions-encore-sans-reponse\/","name":"La crise migratoire, un d\u00e9fi humanitaire aux questions encore sans r\u00e9ponse | Geopolitics.fr","isPartOf":{"@id":"https:\/\/www.geopolitics.fr\/#website"},"primaryImageOfPage":{"@id":"https:\/\/www.geopolitics.fr\/2024\/04\/19\/la-crise-migratoire-un-defi-humanitaire-aux-questions-encore-sans-reponse\/#primaryimage"},"image":{"@id":"https:\/\/www.geopolitics.fr\/2024\/04\/19\/la-crise-migratoire-un-defi-humanitaire-aux-questions-encore-sans-reponse\/#primaryimage"},"thumbnailUrl":"https:\/\/www.geopolitics.fr\/wp-content\/uploads\/2024\/04\/MIGRAT.jpg","datePublished":"2024-04-19T17:22:09+00:00","dateModified":"2024-04-19T17:22:11+00:00","breadcrumb":{"@id":"https:\/\/www.geopolitics.fr\/2024\/04\/19\/la-crise-migratoire-un-defi-humanitaire-aux-questions-encore-sans-reponse\/#breadcrumb"},"inLanguage":"en-GB","potentialAction":[{"@type":"ReadAction","target":["https:\/\/www.geopolitics.fr\/2024\/04\/19\/la-crise-migratoire-un-defi-humanitaire-aux-questions-encore-sans-reponse\/"]}]},{"@type":"ImageObject","inLanguage":"en-GB","@id":"https:\/\/www.geopolitics.fr\/2024\/04\/19\/la-crise-migratoire-un-defi-humanitaire-aux-questions-encore-sans-reponse\/#primaryimage","url":"https:\/\/www.geopolitics.fr\/wp-content\/uploads\/2024\/04\/MIGRAT.jpg","contentUrl":"https:\/\/www.geopolitics.fr\/wp-content\/uploads\/2024\/04\/MIGRAT.jpg","width":1920,"height":1281},{"@type":"BreadcrumbList","@id":"https:\/\/www.geopolitics.fr\/2024\/04\/19\/la-crise-migratoire-un-defi-humanitaire-aux-questions-encore-sans-reponse\/#breadcrumb","itemListElement":[{"@type":"ListItem","position":1,"name":"Accueil","item":"https:\/\/www.geopolitics.fr\/"},{"@type":"ListItem","position":2,"name":"La crise migratoire, un d\u00e9fi humanitaire aux questions encore sans r\u00e9ponse"}]},{"@type":"WebSite","@id":"https:\/\/www.geopolitics.fr\/#website","url":"https:\/\/www.geopolitics.fr\/","name":"Geopolitics.fr","description":"Geopolitics.fr Analyse politique, relations internationales, d\u00e9fense - ligne \u00e9ditoriale gaullo-chiraquienne","publisher":{"@id":"https:\/\/www.geopolitics.fr\/#organization"},"potentialAction":[{"@type":"SearchAction","target":{"@type":"EntryPoint","urlTemplate":"https:\/\/www.geopolitics.fr\/?s={search_term_string}"},"query-input":{"@type":"PropertyValueSpecification","valueRequired":true,"valueName":"search_term_string"}}],"inLanguage":"en-GB"},{"@type":"Organization","@id":"https:\/\/www.geopolitics.fr\/#organization","name":"Geopolitics.fr","url":"https:\/\/www.geopolitics.fr\/","logo":{"@type":"ImageObject","inLanguage":"en-GB","@id":"https:\/\/www.geopolitics.fr\/#\/schema\/logo\/image\/","url":"https:\/\/www.geopolitics.fr\/wp-content\/uploads\/2024\/01\/logo.jpg","contentUrl":"https:\/\/www.geopolitics.fr\/wp-content\/uploads\/2024\/01\/logo.jpg","width":500,"height":500,"caption":"Geopolitics.fr"},"image":{"@id":"https:\/\/www.geopolitics.fr\/#\/schema\/logo\/image\/"},"sameAs":["https:\/\/www.facebook.com\/people\/Erwan-Davoux\/61557098968092\/","https:\/\/x.com\/Geopolitics_Fr"]},{"@type":"Person","@id":"https:\/\/www.geopolitics.fr\/#\/schema\/person\/02c106c0272bd8f8e39e0adf38864870","name":"David OSORIO","image":{"@type":"ImageObject","inLanguage":"en-GB","@id":"https:\/\/www.geopolitics.fr\/wp-content\/uploads\/2025\/09\/OSORIO-96x96.jpg","url":"https:\/\/www.geopolitics.fr\/wp-content\/uploads\/2025\/09\/OSORIO-96x96.jpg","contentUrl":"https:\/\/www.geopolitics.fr\/wp-content\/uploads\/2025\/09\/OSORIO-96x96.jpg","caption":"David OSORIO"},"description":"David Osorio est avocat et ancien diplomate v\u00e9n\u00e9zu\u00e9lien. Expert en droit international, g\u00e9opolitique et affaires multilat\u00e9rales. Essayiste sur l'actualit\u00e9 politique internationale.","sameAs":["https:\/\/www.linkedin.com\/in\/davidalejandroosoriomeneses\/"],"url":"https:\/\/www.geopolitics.fr\/en\/author\/david-osorio\/"}]}},"_links":{"self":[{"href":"https:\/\/www.geopolitics.fr\/en\/wp-json\/wp\/v2\/posts\/2662","targetHints":{"allow":["GET"]}}],"collection":[{"href":"https:\/\/www.geopolitics.fr\/en\/wp-json\/wp\/v2\/posts"}],"about":[{"href":"https:\/\/www.geopolitics.fr\/en\/wp-json\/wp\/v2\/types\/post"}],"author":[{"embeddable":true,"href":"https:\/\/www.geopolitics.fr\/en\/wp-json\/wp\/v2\/users\/35"}],"replies":[{"embeddable":true,"href":"https:\/\/www.geopolitics.fr\/en\/wp-json\/wp\/v2\/comments?post=2662"}],"version-history":[{"count":0,"href":"https:\/\/www.geopolitics.fr\/en\/wp-json\/wp\/v2\/posts\/2662\/revisions"}],"wp:featuredmedia":[{"embeddable":true,"href":"https:\/\/www.geopolitics.fr\/en\/wp-json\/wp\/v2\/media\/2664"}],"wp:attachment":[{"href":"https:\/\/www.geopolitics.fr\/en\/wp-json\/wp\/v2\/media?parent=2662"}],"wp:term":[{"taxonomy":"category","embeddable":true,"href":"https:\/\/www.geopolitics.fr\/en\/wp-json\/wp\/v2\/categories?post=2662"},{"taxonomy":"post_tag","embeddable":true,"href":"https:\/\/www.geopolitics.fr\/en\/wp-json\/wp\/v2\/tags?post=2662"}],"curies":[{"name":"wp","href":"https:\/\/api.w.org\/{rel}","templated":true}]}}