{"id":2654,"date":"2024-04-18T16:51:37","date_gmt":"2024-04-18T14:51:37","guid":{"rendered":"https:\/\/www.geopolitics.fr\/?p=2654"},"modified":"2024-04-18T16:56:48","modified_gmt":"2024-04-18T14:56:48","slug":"pierre-dumazeau-lamitie-franco-moldave-doit-continuer-a-se-renforcer","status":"publish","type":"post","link":"https:\/\/www.geopolitics.fr\/en\/2024\/04\/18\/pierre-dumazeau-lamitie-franco-moldave-doit-continuer-a-se-renforcer\/","title":{"rendered":"Pierre Dumazeau\u00a0: \u00ab l\u2019amiti\u00e9 franco-moldave doit continuer \u00e0 se renforcer\u00a0\u00bb"},"content":{"rendered":"<p class=\"has-medium-font-size wp-block-paragraph\">Entretien avec Pierre Dumazeau, fondateur d\u2019In.Europa, cabinet de conseil sp\u00e9cialis\u00e9 dans la communication, la strat\u00e9gie d&rsquo;influence, la veille et la diplomatie \u00e9v\u00e9nementielle \u00e0 destination des acteurs institutionnels et des entreprises priv\u00e9es, qui op\u00e8re depuis Chi\u0219in\u0103u.<\/p>\n\n\n<div class=\"wp-block-image\">\n<figure class=\"aligncenter size-large is-resized\"><img fetchpriority=\"high\" decoding=\"async\" width=\"720\" height=\"1024\" src=\"https:\/\/www.geopolitics.fr\/wp-content\/uploads\/2024\/04\/DUMAZEAU-720x1024.jpg\" alt=\"\" class=\"wp-image-2658\" style=\"width:168px;height:auto\" srcset=\"https:\/\/www.geopolitics.fr\/wp-content\/uploads\/2024\/04\/DUMAZEAU-720x1024.jpg 720w, https:\/\/www.geopolitics.fr\/wp-content\/uploads\/2024\/04\/DUMAZEAU-600x853.jpg 600w, https:\/\/www.geopolitics.fr\/wp-content\/uploads\/2024\/04\/DUMAZEAU-211x300.jpg 211w, https:\/\/www.geopolitics.fr\/wp-content\/uploads\/2024\/04\/DUMAZEAU-768x1092.jpg 768w, https:\/\/www.geopolitics.fr\/wp-content\/uploads\/2024\/04\/DUMAZEAU-585x832.jpg 585w, https:\/\/www.geopolitics.fr\/wp-content\/uploads\/2024\/04\/DUMAZEAU.jpg 851w\" sizes=\"(max-width: 720px) 100vw, 720px\" \/><\/figure>\n<\/div>\n\n\n<h2 class=\"wp-block-heading has-medium-font-size\" id=\"h-la-moldavie-et-la-france-sont-elles-deux-puissances-amies-nbsp\"><strong>La Moldavie et la France sont-elles deux puissances amies&nbsp;?<\/strong><\/h2>\n\n\n\n<p class=\"has-medium-font-size wp-block-paragraph\">Oui, et ce depuis longtemps&nbsp;! Un seul exemple, \u00e9conomique&nbsp;: la France est l\u2019un des premiers pays \u00e0 avoir investi en R\u00e9publique de Moldavie d\u00e8s les ann\u00e9es 90\u2026 et a tout de suite compris le potentiel de ce petit pays, trait d\u2019union entre l\u2019Union europ\u00e9enne et les pays d\u2019Europe orientale. De nos jours, les relations politiques sont \u00e9galement tr\u00e8s fortes&nbsp;: la pr\u00e9sidente de la R\u00e9publique moldave Maia Sandu est tr\u00e8s proche d\u2019Emmanuel Macron. Le pr\u00e9sident fran\u00e7ais a compris et aide la volont\u00e9 moldave d\u2019int\u00e9gration \u00e0 l\u2019Union europ\u00e9enne. Pour preuve, ses nombreuses d\u00e9clarations se f\u00e9licitant que la Moldavie ait acc\u00e9d\u00e9 au statut de \u00ab&nbsp;pays-candidat&nbsp;\u00bb pour int\u00e9grer l\u2019UE en juin 2022. Enfin, il est impossible d\u2019\u00e9voquer les relations franco-moldaves sans parler de la francophonie qui impr\u00e8gne la Moldavie&nbsp;: les Moldaves aiment la France, nombreux sont ceux qui apprennent le fran\u00e7ais. Le pays est membre de l\u2019Organisation Internationale de la Francophonie (OIF) depuis 1996 et, sur place, l\u2019Alliance Fran\u00e7aise ne cesse de propulser la francophonie et les cours de langue fran\u00e7aise toujours plus haut.<\/p>\n\n\n\n<p class=\"has-medium-font-size wp-block-paragraph\"><strong>Qu\u2019est-ce que la France peut apporter \u00e0 la Moldavie&nbsp;?<\/strong><\/p>\n\n\n\n<p class=\"has-medium-font-size wp-block-paragraph\">La France peut (et devrait, m\u00eame), renforcer sa pr\u00e9sence strat\u00e9gique par les entreprises. De nombreuses opportunit\u00e9s s\u2019offrent \u00e0 nos grands groupes tricolores comme \u00e0 nos entrepreneurs plus petits&nbsp;: facilit\u00e9 d\u2019installation, pr\u00e9sence de la Chambre de Commerce et d\u2019Industrie France Moldavie, emplacement g\u00e9ographique strat\u00e9gique comme dit pr\u00e9c\u00e9demment, avantages fiscaux\u2026 la France pourrait consid\u00e9rablement augmenter, sur place, sa pr\u00e9sence tricolore. Car le soutien politique est d\u00e9j\u00e0 l\u00e0&nbsp;: les deux pays, politiquement, travaillent ensemble et sont coordonn\u00e9s. La France pourrait apporter, donc, un soutien \u00e9conomique plus important et l\u2019installation r\u00e9cente sur place de l\u2019AFD a marqu\u00e9, d\u00e9j\u00e0, un signal tr\u00e8s fort.<\/p>\n\n\n\n<p class=\"has-medium-font-size wp-block-paragraph\"><strong>A l\u2019inverse, qu\u2019est-ce qu\u2019un ancien pays du bloc sovi\u00e9tique comme la Moldavie peut, concr\u00e8tement, apporter \u00e0 la France&nbsp;?<\/strong><\/p>\n\n\n\n<p class=\"has-medium-font-size wp-block-paragraph\">La Moldavie a de nombreux atouts&nbsp;: d\u2019une part, la diaspora moldave est tr\u00e8s importante en France, en raison des liens d\u2019amiti\u00e9 que j\u2019ai rappel\u00e9 pr\u00e9c\u00e9demment. Cette diaspora peut contribuer \u00e0 renforcer les liens d\u2019amiti\u00e9 et la francophonie qui rayonne d\u00e9j\u00e0 beaucoup. De plus, la Moldavie est une terre d\u2019accueil pour les entreprises fran\u00e7aises, comme dit pr\u00e9c\u00e9demment. Il y a donc des interconnexions \u00e0 r\u00e9aliser, c\u2019est certain.<\/p>\n\n\n\n<p class=\"has-medium-font-size wp-block-paragraph\"><strong>Quels atouts et quels inconv\u00e9nients pour la Moldavie d\u2019aujourd\u2019hui&nbsp;?<\/strong><\/p>\n\n\n\n<p class=\"has-medium-font-size wp-block-paragraph\">La Moldavie a ind\u00e9niablement de nombreux atouts&nbsp;: c\u2019est un pays tourn\u00e9 vers l\u2019\u00e9cologie, Chisinau est une ville verte&nbsp;; la capitale offre de nombreuses infrastructures pour les familles et les enfants. C\u2019est un pays s\u00fbr qui, malgr\u00e9 ses difficult\u00e9s, ne cesse de se d\u00e9velopper et de s\u2019ouvrir \u00e0 l\u2019international. Cependant, le R\u00e9publique de Moldavie a encore certaines pistes d\u2019am\u00e9lioration non n\u00e9gligeable&nbsp;: l\u2019a\u00e9roport doit \u00eatre agrandi et mieux reli\u00e9 au reste du monde&nbsp;; le contexte politique local doit continuer d\u2019\u00eatre stabilis\u00e9, et le niveau de vie doit encore augmenter. Mais c\u2019est un syst\u00e8me vertueux&nbsp;: pour que cela arrive, il faut que la Moldavie investisse massivement et accueille avec bienveillance certains investissement \u00e9trangers. Et l\u2019amiti\u00e9 franco-moldave peut contribuer \u00e0 ce cercle vertueux&nbsp;!<\/p>","protected":false},"excerpt":{"rendered":"<p>Sous les projecteurs de l\u2019actualit\u00e9 en raison du conflit entre la Russie et l\u2019Ukraine, la R\u00e9publique de Moldavie entretient depuis de nombreuses ann\u00e9es des liens d\u2019amiti\u00e9 avec la France comme l&rsquo;a attest\u00e9, r\u00e9cemment, le rapprochement politique entre Maia Sandu et Emmanuel Macron <\/p>","protected":false},"author":9,"featured_media":2656,"comment_status":"open","ping_status":"open","sticky":false,"template":"","format":"standard","meta":{"_lmt_disableupdate":"","_lmt_disable":"","footnotes":""},"categories":[5],"tags":[254],"class_list":["post-2654","post","type-post","status-publish","format-standard","has-post-thumbnail","hentry","category-international","tag-moldavie"],"yoast_head":"<!-- This site is optimized with the Yoast SEO Premium plugin v28.1 (Yoast SEO v28.1) - https:\/\/yoast.com\/product\/yoast-seo-premium-wordpress\/ -->\n<title>Pierre Dumazeau\u00a0: \u00ab l\u2019amiti\u00e9 franco-moldave doit continuer \u00e0 se renforcer\u00a0\u00bb | Geopolitics.fr<\/title>\n<meta name=\"robots\" content=\"index, follow, max-snippet:-1, max-image-preview:large, max-video-preview:-1\" \/>\n<link rel=\"canonical\" href=\"https:\/\/www.geopolitics.fr\/en\/2024\/04\/18\/pierre-dumazeau-lamitie-franco-moldave-doit-continuer-a-se-renforcer\/\" \/>\n<meta property=\"og:locale\" content=\"en_GB\" \/>\n<meta property=\"og:type\" content=\"article\" \/>\n<meta property=\"og:title\" content=\"Pierre Dumazeau\u00a0: \u00ab l\u2019amiti\u00e9 franco-moldave doit continuer \u00e0 se renforcer\u00a0\u00bb\" \/>\n<meta property=\"og:description\" content=\"Sous les projecteurs de l\u2019actualit\u00e9 en raison du conflit entre la Russie et l\u2019Ukraine, la R\u00e9publique de Moldavie entretient depuis de nombreuses ann\u00e9es des liens d\u2019amiti\u00e9 avec la France comme l&#039;a attest\u00e9, r\u00e9cemment, le rapprochement politique entre Maia Sandu et Emmanuel Macron\" \/>\n<meta property=\"og:url\" content=\"https:\/\/www.geopolitics.fr\/en\/2024\/04\/18\/pierre-dumazeau-lamitie-franco-moldave-doit-continuer-a-se-renforcer\/\" \/>\n<meta property=\"og:site_name\" content=\"Geopolitics.fr\" \/>\n<meta property=\"article:publisher\" content=\"https:\/\/www.facebook.com\/people\/Erwan-Davoux\/61557098968092\/\" \/>\n<meta property=\"article:published_time\" content=\"2024-04-18T14:51:37+00:00\" \/>\n<meta property=\"article:modified_time\" content=\"2024-04-18T14:56:48+00:00\" \/>\n<meta property=\"og:image\" content=\"https:\/\/www.geopolitics.fr\/wp-content\/uploads\/2024\/04\/moldavie-europe.jpg\" \/>\n\t<meta property=\"og:image:width\" content=\"1920\" \/>\n\t<meta property=\"og:image:height\" content=\"1446\" \/>\n\t<meta property=\"og:image:type\" content=\"image\/jpeg\" \/>\n<meta name=\"author\" content=\"contact@geopolitics.fr\" \/>\n<meta name=\"twitter:card\" content=\"summary_large_image\" \/>\n<meta name=\"twitter:creator\" content=\"@Geopolitics_Fr\" \/>\n<meta name=\"twitter:site\" content=\"@Geopolitics_Fr\" \/>\n<meta name=\"twitter:label1\" content=\"Written by\" \/>\n\t<meta name=\"twitter:data1\" content=\"contact@geopolitics.fr\" \/>\n\t<meta name=\"twitter:label2\" content=\"Estimated reading time\" \/>\n\t<meta name=\"twitter:data2\" content=\"4 minutes\" \/>\n<script type=\"application\/ld+json\" class=\"yoast-schema-graph\">{\"@context\":\"https:\\\/\\\/schema.org\",\"@graph\":[{\"@type\":\"Article\",\"@id\":\"https:\\\/\\\/www.geopolitics.fr\\\/2024\\\/04\\\/18\\\/pierre-dumazeau-lamitie-franco-moldave-doit-continuer-a-se-renforcer\\\/#article\",\"isPartOf\":{\"@id\":\"https:\\\/\\\/www.geopolitics.fr\\\/2024\\\/04\\\/18\\\/pierre-dumazeau-lamitie-franco-moldave-doit-continuer-a-se-renforcer\\\/\"},\"author\":{\"name\":\"contact@geopolitics.fr\",\"@id\":\"https:\\\/\\\/www.geopolitics.fr\\\/#\\\/schema\\\/person\\\/69dde260ad11805e2aa68f0d9e9128da\"},\"headline\":\"Pierre Dumazeau\u00a0: \u00ab l\u2019amiti\u00e9 franco-moldave doit continuer \u00e0 se renforcer\u00a0\u00bb\",\"datePublished\":\"2024-04-18T14:51:37+00:00\",\"dateModified\":\"2024-04-18T14:56:48+00:00\",\"mainEntityOfPage\":{\"@id\":\"https:\\\/\\\/www.geopolitics.fr\\\/2024\\\/04\\\/18\\\/pierre-dumazeau-lamitie-franco-moldave-doit-continuer-a-se-renforcer\\\/\"},\"wordCount\":651,\"commentCount\":0,\"publisher\":{\"@id\":\"https:\\\/\\\/www.geopolitics.fr\\\/#organization\"},\"image\":{\"@id\":\"https:\\\/\\\/www.geopolitics.fr\\\/2024\\\/04\\\/18\\\/pierre-dumazeau-lamitie-franco-moldave-doit-continuer-a-se-renforcer\\\/#primaryimage\"},\"thumbnailUrl\":\"https:\\\/\\\/www.geopolitics.fr\\\/wp-content\\\/uploads\\\/2024\\\/04\\\/moldavie-europe.jpg\",\"keywords\":[\"MOLDAVIE\"],\"articleSection\":[\"International\"],\"inLanguage\":\"en-GB\"},{\"@type\":\"WebPage\",\"@id\":\"https:\\\/\\\/www.geopolitics.fr\\\/2024\\\/04\\\/18\\\/pierre-dumazeau-lamitie-franco-moldave-doit-continuer-a-se-renforcer\\\/\",\"url\":\"https:\\\/\\\/www.geopolitics.fr\\\/2024\\\/04\\\/18\\\/pierre-dumazeau-lamitie-franco-moldave-doit-continuer-a-se-renforcer\\\/\",\"name\":\"Pierre Dumazeau\u00a0: \u00ab l\u2019amiti\u00e9 franco-moldave doit continuer \u00e0 se renforcer\u00a0\u00bb | Geopolitics.fr\",\"isPartOf\":{\"@id\":\"https:\\\/\\\/www.geopolitics.fr\\\/#website\"},\"primaryImageOfPage\":{\"@id\":\"https:\\\/\\\/www.geopolitics.fr\\\/2024\\\/04\\\/18\\\/pierre-dumazeau-lamitie-franco-moldave-doit-continuer-a-se-renforcer\\\/#primaryimage\"},\"image\":{\"@id\":\"https:\\\/\\\/www.geopolitics.fr\\\/2024\\\/04\\\/18\\\/pierre-dumazeau-lamitie-franco-moldave-doit-continuer-a-se-renforcer\\\/#primaryimage\"},\"thumbnailUrl\":\"https:\\\/\\\/www.geopolitics.fr\\\/wp-content\\\/uploads\\\/2024\\\/04\\\/moldavie-europe.jpg\",\"datePublished\":\"2024-04-18T14:51:37+00:00\",\"dateModified\":\"2024-04-18T14:56:48+00:00\",\"breadcrumb\":{\"@id\":\"https:\\\/\\\/www.geopolitics.fr\\\/2024\\\/04\\\/18\\\/pierre-dumazeau-lamitie-franco-moldave-doit-continuer-a-se-renforcer\\\/#breadcrumb\"},\"inLanguage\":\"en-GB\",\"potentialAction\":[{\"@type\":\"ReadAction\",\"target\":[\"https:\\\/\\\/www.geopolitics.fr\\\/2024\\\/04\\\/18\\\/pierre-dumazeau-lamitie-franco-moldave-doit-continuer-a-se-renforcer\\\/\"]}]},{\"@type\":\"ImageObject\",\"inLanguage\":\"en-GB\",\"@id\":\"https:\\\/\\\/www.geopolitics.fr\\\/2024\\\/04\\\/18\\\/pierre-dumazeau-lamitie-franco-moldave-doit-continuer-a-se-renforcer\\\/#primaryimage\",\"url\":\"https:\\\/\\\/www.geopolitics.fr\\\/wp-content\\\/uploads\\\/2024\\\/04\\\/moldavie-europe.jpg\",\"contentUrl\":\"https:\\\/\\\/www.geopolitics.fr\\\/wp-content\\\/uploads\\\/2024\\\/04\\\/moldavie-europe.jpg\",\"width\":1920,\"height\":1446},{\"@type\":\"BreadcrumbList\",\"@id\":\"https:\\\/\\\/www.geopolitics.fr\\\/2024\\\/04\\\/18\\\/pierre-dumazeau-lamitie-franco-moldave-doit-continuer-a-se-renforcer\\\/#breadcrumb\",\"itemListElement\":[{\"@type\":\"ListItem\",\"position\":1,\"name\":\"Accueil\",\"item\":\"https:\\\/\\\/www.geopolitics.fr\\\/\"},{\"@type\":\"ListItem\",\"position\":2,\"name\":\"Pierre Dumazeau\u00a0: \u00ab l\u2019amiti\u00e9 franco-moldave doit continuer \u00e0 se renforcer\u00a0\u00bb\"}]},{\"@type\":\"WebSite\",\"@id\":\"https:\\\/\\\/www.geopolitics.fr\\\/#website\",\"url\":\"https:\\\/\\\/www.geopolitics.fr\\\/\",\"name\":\"Geopolitics.fr\",\"description\":\"Geopolitics.fr Analyse politique, relations internationales, d\u00e9fense - ligne \u00e9ditoriale gaullo-chiraquienne\",\"publisher\":{\"@id\":\"https:\\\/\\\/www.geopolitics.fr\\\/#organization\"},\"potentialAction\":[{\"@type\":\"SearchAction\",\"target\":{\"@type\":\"EntryPoint\",\"urlTemplate\":\"https:\\\/\\\/www.geopolitics.fr\\\/?s={search_term_string}\"},\"query-input\":{\"@type\":\"PropertyValueSpecification\",\"valueRequired\":true,\"valueName\":\"search_term_string\"}}],\"inLanguage\":\"en-GB\"},{\"@type\":\"Organization\",\"@id\":\"https:\\\/\\\/www.geopolitics.fr\\\/#organization\",\"name\":\"Geopolitics.fr\",\"url\":\"https:\\\/\\\/www.geopolitics.fr\\\/\",\"logo\":{\"@type\":\"ImageObject\",\"inLanguage\":\"en-GB\",\"@id\":\"https:\\\/\\\/www.geopolitics.fr\\\/#\\\/schema\\\/logo\\\/image\\\/\",\"url\":\"https:\\\/\\\/www.geopolitics.fr\\\/wp-content\\\/uploads\\\/2024\\\/01\\\/logo.jpg\",\"contentUrl\":\"https:\\\/\\\/www.geopolitics.fr\\\/wp-content\\\/uploads\\\/2024\\\/01\\\/logo.jpg\",\"width\":500,\"height\":500,\"caption\":\"Geopolitics.fr\"},\"image\":{\"@id\":\"https:\\\/\\\/www.geopolitics.fr\\\/#\\\/schema\\\/logo\\\/image\\\/\"},\"sameAs\":[\"https:\\\/\\\/www.facebook.com\\\/people\\\/Erwan-Davoux\\\/61557098968092\\\/\",\"https:\\\/\\\/x.com\\\/Geopolitics_Fr\"]},{\"@type\":\"Person\",\"@id\":\"https:\\\/\\\/www.geopolitics.fr\\\/#\\\/schema\\\/person\\\/69dde260ad11805e2aa68f0d9e9128da\",\"name\":\"contact@geopolitics.fr\",\"image\":{\"@type\":\"ImageObject\",\"inLanguage\":\"en-GB\",\"@id\":\"https:\\\/\\\/www.geopolitics.fr\\\/wp-content\\\/uploads\\\/2024\\\/01\\\/edito-bonne-banniere-96x96.jpg\",\"url\":\"https:\\\/\\\/www.geopolitics.fr\\\/wp-content\\\/uploads\\\/2024\\\/01\\\/edito-bonne-banniere-96x96.jpg\",\"contentUrl\":\"https:\\\/\\\/www.geopolitics.fr\\\/wp-content\\\/uploads\\\/2024\\\/01\\\/edito-bonne-banniere-96x96.jpg\",\"caption\":\"contact@geopolitics.fr\"},\"url\":\"https:\\\/\\\/www.geopolitics.fr\\\/en\\\/author\\\/contactgeopolitics-fr\\\/\"}]}<\/script>\n<!-- \/ Yoast SEO Premium plugin. -->","yoast_head_json":{"title":"Pierre Dumazeau\u00a0: \u00ab l\u2019amiti\u00e9 franco-moldave doit continuer \u00e0 se renforcer\u00a0\u00bb | Geopolitics.fr","robots":{"index":"index","follow":"follow","max-snippet":"max-snippet:-1","max-image-preview":"max-image-preview:large","max-video-preview":"max-video-preview:-1"},"canonical":"https:\/\/www.geopolitics.fr\/en\/2024\/04\/18\/pierre-dumazeau-lamitie-franco-moldave-doit-continuer-a-se-renforcer\/","og_locale":"en_GB","og_type":"article","og_title":"Pierre Dumazeau\u00a0: \u00ab l\u2019amiti\u00e9 franco-moldave doit continuer \u00e0 se renforcer\u00a0\u00bb","og_description":"Sous les projecteurs de l\u2019actualit\u00e9 en raison du conflit entre la Russie et l\u2019Ukraine, la R\u00e9publique de Moldavie entretient depuis de nombreuses ann\u00e9es des liens d\u2019amiti\u00e9 avec la France comme l'a attest\u00e9, r\u00e9cemment, le rapprochement politique entre Maia Sandu et Emmanuel Macron","og_url":"https:\/\/www.geopolitics.fr\/en\/2024\/04\/18\/pierre-dumazeau-lamitie-franco-moldave-doit-continuer-a-se-renforcer\/","og_site_name":"Geopolitics.fr","article_publisher":"https:\/\/www.facebook.com\/people\/Erwan-Davoux\/61557098968092\/","article_published_time":"2024-04-18T14:51:37+00:00","article_modified_time":"2024-04-18T14:56:48+00:00","og_image":[{"width":1920,"height":1446,"url":"https:\/\/www.geopolitics.fr\/wp-content\/uploads\/2024\/04\/moldavie-europe.jpg","type":"image\/jpeg"}],"author":"contact@geopolitics.fr","twitter_card":"summary_large_image","twitter_creator":"@Geopolitics_Fr","twitter_site":"@Geopolitics_Fr","twitter_misc":{"Written by":"contact@geopolitics.fr","Estimated reading time":"4 minutes"},"schema":{"@context":"https:\/\/schema.org","@graph":[{"@type":"Article","@id":"https:\/\/www.geopolitics.fr\/2024\/04\/18\/pierre-dumazeau-lamitie-franco-moldave-doit-continuer-a-se-renforcer\/#article","isPartOf":{"@id":"https:\/\/www.geopolitics.fr\/2024\/04\/18\/pierre-dumazeau-lamitie-franco-moldave-doit-continuer-a-se-renforcer\/"},"author":{"name":"contact@geopolitics.fr","@id":"https:\/\/www.geopolitics.fr\/#\/schema\/person\/69dde260ad11805e2aa68f0d9e9128da"},"headline":"Pierre Dumazeau\u00a0: \u00ab l\u2019amiti\u00e9 franco-moldave doit continuer \u00e0 se renforcer\u00a0\u00bb","datePublished":"2024-04-18T14:51:37+00:00","dateModified":"2024-04-18T14:56:48+00:00","mainEntityOfPage":{"@id":"https:\/\/www.geopolitics.fr\/2024\/04\/18\/pierre-dumazeau-lamitie-franco-moldave-doit-continuer-a-se-renforcer\/"},"wordCount":651,"commentCount":0,"publisher":{"@id":"https:\/\/www.geopolitics.fr\/#organization"},"image":{"@id":"https:\/\/www.geopolitics.fr\/2024\/04\/18\/pierre-dumazeau-lamitie-franco-moldave-doit-continuer-a-se-renforcer\/#primaryimage"},"thumbnailUrl":"https:\/\/www.geopolitics.fr\/wp-content\/uploads\/2024\/04\/moldavie-europe.jpg","keywords":["MOLDAVIE"],"articleSection":["International"],"inLanguage":"en-GB"},{"@type":"WebPage","@id":"https:\/\/www.geopolitics.fr\/2024\/04\/18\/pierre-dumazeau-lamitie-franco-moldave-doit-continuer-a-se-renforcer\/","url":"https:\/\/www.geopolitics.fr\/2024\/04\/18\/pierre-dumazeau-lamitie-franco-moldave-doit-continuer-a-se-renforcer\/","name":"Pierre Dumazeau\u00a0: \u00ab l\u2019amiti\u00e9 franco-moldave doit continuer \u00e0 se renforcer\u00a0\u00bb | Geopolitics.fr","isPartOf":{"@id":"https:\/\/www.geopolitics.fr\/#website"},"primaryImageOfPage":{"@id":"https:\/\/www.geopolitics.fr\/2024\/04\/18\/pierre-dumazeau-lamitie-franco-moldave-doit-continuer-a-se-renforcer\/#primaryimage"},"image":{"@id":"https:\/\/www.geopolitics.fr\/2024\/04\/18\/pierre-dumazeau-lamitie-franco-moldave-doit-continuer-a-se-renforcer\/#primaryimage"},"thumbnailUrl":"https:\/\/www.geopolitics.fr\/wp-content\/uploads\/2024\/04\/moldavie-europe.jpg","datePublished":"2024-04-18T14:51:37+00:00","dateModified":"2024-04-18T14:56:48+00:00","breadcrumb":{"@id":"https:\/\/www.geopolitics.fr\/2024\/04\/18\/pierre-dumazeau-lamitie-franco-moldave-doit-continuer-a-se-renforcer\/#breadcrumb"},"inLanguage":"en-GB","potentialAction":[{"@type":"ReadAction","target":["https:\/\/www.geopolitics.fr\/2024\/04\/18\/pierre-dumazeau-lamitie-franco-moldave-doit-continuer-a-se-renforcer\/"]}]},{"@type":"ImageObject","inLanguage":"en-GB","@id":"https:\/\/www.geopolitics.fr\/2024\/04\/18\/pierre-dumazeau-lamitie-franco-moldave-doit-continuer-a-se-renforcer\/#primaryimage","url":"https:\/\/www.geopolitics.fr\/wp-content\/uploads\/2024\/04\/moldavie-europe.jpg","contentUrl":"https:\/\/www.geopolitics.fr\/wp-content\/uploads\/2024\/04\/moldavie-europe.jpg","width":1920,"height":1446},{"@type":"BreadcrumbList","@id":"https:\/\/www.geopolitics.fr\/2024\/04\/18\/pierre-dumazeau-lamitie-franco-moldave-doit-continuer-a-se-renforcer\/#breadcrumb","itemListElement":[{"@type":"ListItem","position":1,"name":"Accueil","item":"https:\/\/www.geopolitics.fr\/"},{"@type":"ListItem","position":2,"name":"Pierre Dumazeau\u00a0: \u00ab l\u2019amiti\u00e9 franco-moldave doit continuer \u00e0 se renforcer\u00a0\u00bb"}]},{"@type":"WebSite","@id":"https:\/\/www.geopolitics.fr\/#website","url":"https:\/\/www.geopolitics.fr\/","name":"Geopolitics.fr","description":"Geopolitics.fr Analyse politique, relations internationales, d\u00e9fense - ligne \u00e9ditoriale gaullo-chiraquienne","publisher":{"@id":"https:\/\/www.geopolitics.fr\/#organization"},"potentialAction":[{"@type":"SearchAction","target":{"@type":"EntryPoint","urlTemplate":"https:\/\/www.geopolitics.fr\/?s={search_term_string}"},"query-input":{"@type":"PropertyValueSpecification","valueRequired":true,"valueName":"search_term_string"}}],"inLanguage":"en-GB"},{"@type":"Organization","@id":"https:\/\/www.geopolitics.fr\/#organization","name":"Geopolitics.fr","url":"https:\/\/www.geopolitics.fr\/","logo":{"@type":"ImageObject","inLanguage":"en-GB","@id":"https:\/\/www.geopolitics.fr\/#\/schema\/logo\/image\/","url":"https:\/\/www.geopolitics.fr\/wp-content\/uploads\/2024\/01\/logo.jpg","contentUrl":"https:\/\/www.geopolitics.fr\/wp-content\/uploads\/2024\/01\/logo.jpg","width":500,"height":500,"caption":"Geopolitics.fr"},"image":{"@id":"https:\/\/www.geopolitics.fr\/#\/schema\/logo\/image\/"},"sameAs":["https:\/\/www.facebook.com\/people\/Erwan-Davoux\/61557098968092\/","https:\/\/x.com\/Geopolitics_Fr"]},{"@type":"Person","@id":"https:\/\/www.geopolitics.fr\/#\/schema\/person\/69dde260ad11805e2aa68f0d9e9128da","name":"contact@geopolitics.fr","image":{"@type":"ImageObject","inLanguage":"en-GB","@id":"https:\/\/www.geopolitics.fr\/wp-content\/uploads\/2024\/01\/edito-bonne-banniere-96x96.jpg","url":"https:\/\/www.geopolitics.fr\/wp-content\/uploads\/2024\/01\/edito-bonne-banniere-96x96.jpg","contentUrl":"https:\/\/www.geopolitics.fr\/wp-content\/uploads\/2024\/01\/edito-bonne-banniere-96x96.jpg","caption":"contact@geopolitics.fr"},"url":"https:\/\/www.geopolitics.fr\/en\/author\/contactgeopolitics-fr\/"}]}},"_links":{"self":[{"href":"https:\/\/www.geopolitics.fr\/en\/wp-json\/wp\/v2\/posts\/2654","targetHints":{"allow":["GET"]}}],"collection":[{"href":"https:\/\/www.geopolitics.fr\/en\/wp-json\/wp\/v2\/posts"}],"about":[{"href":"https:\/\/www.geopolitics.fr\/en\/wp-json\/wp\/v2\/types\/post"}],"author":[{"embeddable":true,"href":"https:\/\/www.geopolitics.fr\/en\/wp-json\/wp\/v2\/users\/9"}],"replies":[{"embeddable":true,"href":"https:\/\/www.geopolitics.fr\/en\/wp-json\/wp\/v2\/comments?post=2654"}],"version-history":[{"count":0,"href":"https:\/\/www.geopolitics.fr\/en\/wp-json\/wp\/v2\/posts\/2654\/revisions"}],"wp:featuredmedia":[{"embeddable":true,"href":"https:\/\/www.geopolitics.fr\/en\/wp-json\/wp\/v2\/media\/2656"}],"wp:attachment":[{"href":"https:\/\/www.geopolitics.fr\/en\/wp-json\/wp\/v2\/media?parent=2654"}],"wp:term":[{"taxonomy":"category","embeddable":true,"href":"https:\/\/www.geopolitics.fr\/en\/wp-json\/wp\/v2\/categories?post=2654"},{"taxonomy":"post_tag","embeddable":true,"href":"https:\/\/www.geopolitics.fr\/en\/wp-json\/wp\/v2\/tags?post=2654"}],"curies":[{"name":"wp","href":"https:\/\/api.w.org\/{rel}","templated":true}]}}