{"id":2627,"date":"2024-04-08T13:32:04","date_gmt":"2024-04-08T11:32:04","guid":{"rendered":"https:\/\/www.geopolitics.fr\/?p=2627"},"modified":"2024-04-08T13:35:13","modified_gmt":"2024-04-08T11:35:13","slug":"la-france-accroit-sa-presence-economique-au-sahara-occidental-a-la-suite-des-etats-unis-de-lallemagne-et-de-lespagne","status":"publish","type":"post","link":"https:\/\/www.geopolitics.fr\/en\/2024\/04\/08\/la-france-accroit-sa-presence-economique-au-sahara-occidental-a-la-suite-des-etats-unis-de-lallemagne-et-de-lespagne\/","title":{"rendered":"La France accro\u00eet sa pr\u00e9sence \u00e9conomique au Sahara Occidental, \u00e0 la suite des Etats-Unis, de l&rsquo;Allemagne et de l&rsquo;Espagne"},"content":{"rendered":"<p class=\"has-medium-font-size wp-block-paragraph\"><strong>La France annonce favoriser l&rsquo;investissement public au Sahara pour les entreprises priv\u00e9es fran\u00e7aises. L&rsquo;objectif avou\u00e9 : booster les \u00e9changes \u00e9conomiques entre les deux pays. Une forte concurrence internationale semble se dessiner dans la r\u00e9gion.<\/strong><\/p>\n\n\n\n<p class=\"has-medium-font-size wp-block-paragraph\"><strong>L&rsquo;annonce r\u00e9cente de Franck Riester, Ministre d\u00e9l\u00e9gu\u00e9 fran\u00e7ais charg\u00e9 du commerce ext\u00e9rieur, a fait couler beaucoup d&rsquo;encre. <\/strong>La majorit\u00e9 des observateurs ont salu\u00e9 cet \u00e9v\u00e9nement comme u<strong>ne \u00e9tape importante vers la reconnaissance fran\u00e7aise de la marocanit\u00e9 du Sahara.<\/strong> C&rsquo;est l\u00e0 une premi\u00e8re. Les institutions financi\u00e8res hexagonales de d\u00e9veloppement, ainsi que les banques d&rsquo;investissement public sont enfin pr\u00eates \u00e0 l&rsquo;action. Le ministre St\u00e9phane S\u00e9journ\u00e9, lors de sa pr\u00e9c\u00e9dente visite \u00e0 Rabat, avait d\u00e9j\u00e0 \u00e9voqu\u00e9 la contribution fran\u00e7aise dans plusieurs domaines, tels que la formation, les \u00e9nergies renouvelables, le tourisme et l&rsquo;\u00e9conomie bleue (ressources de la mer). <\/p>\n\n\n\n<p class=\"has-medium-font-size wp-block-paragraph\">L&rsquo;assurance d&rsquo;une France d\u00e9sormais engag\u00e9e \u00e0 appuyer les efforts marocains dans la r\u00e9gion ne fait donc plus de doutes. \u00ab\u00a0<em>Pour la bonne cause\u00a0\u00bb<\/em> est-il pr\u00e9cis\u00e9<strong>. Mais, pour la majorit\u00e9 des analystes africains, plus prosa\u00efques, l&rsquo;hexagone d\u00e9sirerait juste prendre sa part dans les projets d\u00e9j\u00e0 lanc\u00e9s par le Maroc au Sahara. <\/strong>Les groupes fran\u00e7ais placeraient simplement leurs pions. Et selon <em>Africa Intelligenc<\/em>e  , Paris ne souhaite vraiment pas laisser le champ libre \u00e0 l&rsquo;Espagne, l&rsquo;Allemagne ou encore aux Etats-Unis.<\/p>\n\n\n\n<p class=\"has-medium-font-size wp-block-paragraph\"><strong>Ces propos quelque peu amers, ont \u00e9t\u00e9 repris par une Alg\u00e9rie qui, quelques mois plus t\u00f4t, se r\u00e9jouissait de la visite de St\u00e9phane S\u00e9journ\u00e9 au Maroc, au cours de laquelle la marocanit\u00e9 du Sahara n&rsquo;avait pas \u00e9t\u00e9 \u00e9voqu\u00e9e explicitement. <\/strong>Aujourd&rsquo;hui, le voisin alg\u00e9rien n&rsquo;applaudit gu\u00e8re la nouvelle configuration g\u00e9opolitique qui se dessine. Les choix d&rsquo;Alger ont toujours \u00e9t\u00e9 plus \u00ab\u00a0obscurs\u00a0\u00bb. Malgr\u00e9 les tentatives de Paris pour renouer les liens, la majorit\u00e9 des appels d\u2019offres alg\u00e9riens concernant le BTP et les investissements d&rsquo;infrastructures ont \u00e9t\u00e9 confi\u00e9s \u00e0 des entreprises turques ou chinoises, tandis que sur le volet \u00e9nerg\u00e9tique, ENI reste l\u2019entreprise \u00e9trang\u00e8re majeure en Alg\u00e9rie et l\u2019Italie son principal partenaire europ\u00e9en. <\/p>\n\n\n\n<p class=\"has-medium-font-size wp-block-paragraph\">Il y a du nouveau sous ce soleil : la pr\u00e9sence \u00e9conomique fran\u00e7aise dans les provinces du sud a d\u00e9j\u00e0 une longueur d&rsquo;avance sur d&rsquo;autres pays occidentaux. <strong>La chambre de commerce et d&rsquo;industrie fran\u00e7aise au Maroc compte \u00e0 ce jour plusieurs d\u00e9l\u00e9gations r\u00e9gionales dans les trois r\u00e9gions du Sahara : La\u00e2youne, Sakia El Hamra, Dakhla. Sur ces sites, il ne manque que la pr\u00e9sence politique et diplomatique. <\/strong>Dans les provinces du Sud du Royaume, <strong>la France ne tient pas \u00e0 se laisser distancer par ces autres pays qui t\u00e9moignent \u00e9galement de leur grand int\u00e9r\u00eat pour le Sahara, tels que l\u2019Espagne, l\u2019Allemagne et les \u00c9tats-Unis. Les Etats-Unis ont d\u00e9j\u00e0 commenc\u00e9 \u00e0 faire leur place au Sahara<\/strong> : l&rsquo;appel d&rsquo;offre am\u00e9ricain est \u00e9valu\u00e9 \u00e0 500 000 dollars, pour soutenir des projets visant \u00e0 promouvoir la croissance \u00e9conomique \u00e0 Dakhla et La\u00e2youne dans le cadre de l&rsquo;accord de coop\u00e9ration entre Rabat et Washington. L&rsquo;objectif ? D\u00e9velopper in situ des programmes ax\u00e9s sur l&rsquo;activit\u00e9 des citoyens, femmes, jeunes, personnes handicap\u00e9es\u2026 Les Etats-Unis visent \u00e0 d\u00e9velopper de nouvelles propositions innovantes et populaires en termes d&#8217;emplois locaux ou de cr\u00e9ations d&rsquo;entreprises. <\/p>\n\n\n\n<p class=\"has-medium-font-size wp-block-paragraph\">Enfin, l\u2019Espagne et l\u2019Allemagne ne sont pas en reste. Tous deux soutiennent d\u00e9j\u00e0 le plan d\u2019autonomie marocain et ont multipli\u00e9 ces derni\u00e8res ann\u00e9es, de concert avec le Royaume, plusieurs coop\u00e9rations dans le domaine de l\u2019hydrog\u00e8ne, de l\u2019industrie ou de l\u2019agriculture. \u00a0La presse locale se fait r\u00e9guli\u00e8rement l&rsquo;\u00e9cho des grandes implications de Madrid qui a sign\u00e9 plusieurs accords de coop\u00e9ration avec Rabat, tandis que Berlin a augment\u00e9 ses exportations vers le Maroc de pr\u00e8s de 30 % en 2022. \u00a0<\/p>\n\n\n\n<p class=\"has-medium-font-size wp-block-paragraph\"><strong>Ce geste fran\u00e7ais sera-t-il suffisant pour remettre la relation bilat\u00e9rale sur de bon rails\u00a0? <\/strong>Ce n\u2019est pas certain, car le Maroc attend une reconnaissance pleine et enti\u00e8re de sa souverainet\u00e9 sur le Sahara occidental. <strong>Il est mal interpr\u00e9t\u00e9, fort logiquement, en Alg\u00e9rie.<\/strong> La visite du Pr\u00e9sident Tebboune en France, sans cesse diff\u00e9r\u00e9e aura-t-elle lieu\u00a0? <strong>La France a-t-elle fait son choix, choisi sa ligne ou est-ce une nouvelle illustration du \u00ab\u00a0en m\u00eame temps\u00a0\u00bb qui s\u2019est r\u00e9v\u00e9l\u00e9 peu efficace sur la sc\u00e8ne internationale\u00a0?<\/strong><\/p>","protected":false},"excerpt":{"rendered":"<p>La France annonce favoriser l&rsquo;investissement public au Sahara pour les entreprises priv\u00e9es fran\u00e7aises. L&rsquo;objectif avou\u00e9 : booster les \u00e9changes \u00e9conomiques entre les deux pays. Une forte concurrence internationale semble se dessiner dans la r\u00e9gion.<\/p>","protected":false},"author":14,"featured_media":2628,"comment_status":"open","ping_status":"open","sticky":true,"template":"","format":"standard","meta":{"_lmt_disableupdate":"","_lmt_disable":"","footnotes":""},"categories":[5,3],"tags":[205],"class_list":["post-2627","post","type-post","status-publish","format-standard","has-post-thumbnail","hentry","category-international","category-politique","tag-sahara-occidental"],"yoast_head":"<!-- This site is optimized with the Yoast SEO Premium plugin v28.1 (Yoast SEO v28.1) - https:\/\/yoast.com\/product\/yoast-seo-premium-wordpress\/ -->\n<title>La France accro\u00eet sa pr\u00e9sence \u00e9conomique au Sahara Occidental, \u00e0 la suite des Etats-Unis, de l&#039;Allemagne et de l&#039;Espagne | Geopolitics.fr<\/title>\n<meta name=\"robots\" content=\"index, follow, max-snippet:-1, max-image-preview:large, max-video-preview:-1\" \/>\n<link rel=\"canonical\" href=\"https:\/\/www.geopolitics.fr\/en\/2024\/04\/08\/la-france-accroit-sa-presence-economique-au-sahara-occidental-a-la-suite-des-etats-unis-de-lallemagne-et-de-lespagne\/\" \/>\n<meta property=\"og:locale\" content=\"en_GB\" \/>\n<meta property=\"og:type\" content=\"article\" \/>\n<meta property=\"og:title\" content=\"La France accro\u00eet sa pr\u00e9sence \u00e9conomique au Sahara Occidental, \u00e0 la suite des Etats-Unis, de l&#039;Allemagne et de l&#039;Espagne\" \/>\n<meta property=\"og:description\" content=\"La France annonce favoriser l&#039;investissement public au Sahara pour les entreprises priv\u00e9es fran\u00e7aises. L&#039;objectif avou\u00e9 : booster les \u00e9changes \u00e9conomiques entre les deux pays. Une forte concurrence internationale semble se dessiner dans la r\u00e9gion.\" \/>\n<meta property=\"og:url\" content=\"https:\/\/www.geopolitics.fr\/en\/2024\/04\/08\/la-france-accroit-sa-presence-economique-au-sahara-occidental-a-la-suite-des-etats-unis-de-lallemagne-et-de-lespagne\/\" \/>\n<meta property=\"og:site_name\" content=\"Geopolitics.fr\" \/>\n<meta property=\"article:publisher\" content=\"https:\/\/www.facebook.com\/people\/Erwan-Davoux\/61557098968092\/\" \/>\n<meta property=\"article:published_time\" content=\"2024-04-08T11:32:04+00:00\" \/>\n<meta property=\"article:modified_time\" content=\"2024-04-08T11:35:13+00:00\" \/>\n<meta property=\"og:image\" content=\"https:\/\/www.geopolitics.fr\/wp-content\/uploads\/2024\/04\/maroc-energie-solaire.jpg\" \/>\n\t<meta property=\"og:image:width\" content=\"1920\" \/>\n\t<meta property=\"og:image:height\" content=\"1280\" \/>\n\t<meta property=\"og:image:type\" content=\"image\/jpeg\" \/>\n<meta name=\"author\" content=\"Valerie Morales Attias\" \/>\n<meta name=\"twitter:card\" content=\"summary_large_image\" \/>\n<meta name=\"twitter:creator\" content=\"@Geopolitics_Fr\" \/>\n<meta name=\"twitter:site\" content=\"@Geopolitics_Fr\" \/>\n<meta name=\"twitter:label1\" content=\"Written by\" \/>\n\t<meta name=\"twitter:data1\" content=\"Valerie Morales Attias\" \/>\n\t<meta name=\"twitter:label2\" content=\"Estimated reading time\" \/>\n\t<meta name=\"twitter:data2\" content=\"1 minute\" \/>\n<script type=\"application\/ld+json\" class=\"yoast-schema-graph\">{\"@context\":\"https:\\\/\\\/schema.org\",\"@graph\":[{\"@type\":\"Article\",\"@id\":\"https:\\\/\\\/www.geopolitics.fr\\\/2024\\\/04\\\/08\\\/la-france-accroit-sa-presence-economique-au-sahara-occidental-a-la-suite-des-etats-unis-de-lallemagne-et-de-lespagne\\\/#article\",\"isPartOf\":{\"@id\":\"https:\\\/\\\/www.geopolitics.fr\\\/2024\\\/04\\\/08\\\/la-france-accroit-sa-presence-economique-au-sahara-occidental-a-la-suite-des-etats-unis-de-lallemagne-et-de-lespagne\\\/\"},\"author\":{\"name\":\"Valerie Morales Attias\",\"@id\":\"https:\\\/\\\/www.geopolitics.fr\\\/#\\\/schema\\\/person\\\/2b73b2101df6ed1877dcb227a0be4a5d\"},\"headline\":\"La France accro\u00eet sa pr\u00e9sence \u00e9conomique au Sahara Occidental, \u00e0 la suite des Etats-Unis, de l&rsquo;Allemagne et de l&rsquo;Espagne\",\"datePublished\":\"2024-04-08T11:32:04+00:00\",\"dateModified\":\"2024-04-08T11:35:13+00:00\",\"mainEntityOfPage\":{\"@id\":\"https:\\\/\\\/www.geopolitics.fr\\\/2024\\\/04\\\/08\\\/la-france-accroit-sa-presence-economique-au-sahara-occidental-a-la-suite-des-etats-unis-de-lallemagne-et-de-lespagne\\\/\"},\"wordCount\":789,\"commentCount\":0,\"publisher\":{\"@id\":\"https:\\\/\\\/www.geopolitics.fr\\\/#organization\"},\"image\":{\"@id\":\"https:\\\/\\\/www.geopolitics.fr\\\/2024\\\/04\\\/08\\\/la-france-accroit-sa-presence-economique-au-sahara-occidental-a-la-suite-des-etats-unis-de-lallemagne-et-de-lespagne\\\/#primaryimage\"},\"thumbnailUrl\":\"https:\\\/\\\/www.geopolitics.fr\\\/wp-content\\\/uploads\\\/2024\\\/04\\\/maroc-energie-solaire.jpg\",\"keywords\":[\"SAHARA OCCIDENTAL\"],\"articleSection\":[\"International\",\"Politique\"],\"inLanguage\":\"en-GB\"},{\"@type\":\"WebPage\",\"@id\":\"https:\\\/\\\/www.geopolitics.fr\\\/2024\\\/04\\\/08\\\/la-france-accroit-sa-presence-economique-au-sahara-occidental-a-la-suite-des-etats-unis-de-lallemagne-et-de-lespagne\\\/\",\"url\":\"https:\\\/\\\/www.geopolitics.fr\\\/2024\\\/04\\\/08\\\/la-france-accroit-sa-presence-economique-au-sahara-occidental-a-la-suite-des-etats-unis-de-lallemagne-et-de-lespagne\\\/\",\"name\":\"La France accro\u00eet sa pr\u00e9sence \u00e9conomique au Sahara Occidental, \u00e0 la suite des Etats-Unis, de l'Allemagne et de l'Espagne | Geopolitics.fr\",\"isPartOf\":{\"@id\":\"https:\\\/\\\/www.geopolitics.fr\\\/#website\"},\"primaryImageOfPage\":{\"@id\":\"https:\\\/\\\/www.geopolitics.fr\\\/2024\\\/04\\\/08\\\/la-france-accroit-sa-presence-economique-au-sahara-occidental-a-la-suite-des-etats-unis-de-lallemagne-et-de-lespagne\\\/#primaryimage\"},\"image\":{\"@id\":\"https:\\\/\\\/www.geopolitics.fr\\\/2024\\\/04\\\/08\\\/la-france-accroit-sa-presence-economique-au-sahara-occidental-a-la-suite-des-etats-unis-de-lallemagne-et-de-lespagne\\\/#primaryimage\"},\"thumbnailUrl\":\"https:\\\/\\\/www.geopolitics.fr\\\/wp-content\\\/uploads\\\/2024\\\/04\\\/maroc-energie-solaire.jpg\",\"datePublished\":\"2024-04-08T11:32:04+00:00\",\"dateModified\":\"2024-04-08T11:35:13+00:00\",\"breadcrumb\":{\"@id\":\"https:\\\/\\\/www.geopolitics.fr\\\/2024\\\/04\\\/08\\\/la-france-accroit-sa-presence-economique-au-sahara-occidental-a-la-suite-des-etats-unis-de-lallemagne-et-de-lespagne\\\/#breadcrumb\"},\"inLanguage\":\"en-GB\",\"potentialAction\":[{\"@type\":\"ReadAction\",\"target\":[\"https:\\\/\\\/www.geopolitics.fr\\\/2024\\\/04\\\/08\\\/la-france-accroit-sa-presence-economique-au-sahara-occidental-a-la-suite-des-etats-unis-de-lallemagne-et-de-lespagne\\\/\"]}]},{\"@type\":\"ImageObject\",\"inLanguage\":\"en-GB\",\"@id\":\"https:\\\/\\\/www.geopolitics.fr\\\/2024\\\/04\\\/08\\\/la-france-accroit-sa-presence-economique-au-sahara-occidental-a-la-suite-des-etats-unis-de-lallemagne-et-de-lespagne\\\/#primaryimage\",\"url\":\"https:\\\/\\\/www.geopolitics.fr\\\/wp-content\\\/uploads\\\/2024\\\/04\\\/maroc-energie-solaire.jpg\",\"contentUrl\":\"https:\\\/\\\/www.geopolitics.fr\\\/wp-content\\\/uploads\\\/2024\\\/04\\\/maroc-energie-solaire.jpg\",\"width\":1920,\"height\":1280},{\"@type\":\"BreadcrumbList\",\"@id\":\"https:\\\/\\\/www.geopolitics.fr\\\/2024\\\/04\\\/08\\\/la-france-accroit-sa-presence-economique-au-sahara-occidental-a-la-suite-des-etats-unis-de-lallemagne-et-de-lespagne\\\/#breadcrumb\",\"itemListElement\":[{\"@type\":\"ListItem\",\"position\":1,\"name\":\"Accueil\",\"item\":\"https:\\\/\\\/www.geopolitics.fr\\\/\"},{\"@type\":\"ListItem\",\"position\":2,\"name\":\"La France accro\u00eet sa pr\u00e9sence \u00e9conomique au Sahara Occidental, \u00e0 la suite des Etats-Unis, de l&#8217;Allemagne et de l&#8217;Espagne\"}]},{\"@type\":\"WebSite\",\"@id\":\"https:\\\/\\\/www.geopolitics.fr\\\/#website\",\"url\":\"https:\\\/\\\/www.geopolitics.fr\\\/\",\"name\":\"Geopolitics.fr\",\"description\":\"Geopolitics.fr Analyse politique, relations internationales, d\u00e9fense - ligne \u00e9ditoriale gaullo-chiraquienne\",\"publisher\":{\"@id\":\"https:\\\/\\\/www.geopolitics.fr\\\/#organization\"},\"potentialAction\":[{\"@type\":\"SearchAction\",\"target\":{\"@type\":\"EntryPoint\",\"urlTemplate\":\"https:\\\/\\\/www.geopolitics.fr\\\/?s={search_term_string}\"},\"query-input\":{\"@type\":\"PropertyValueSpecification\",\"valueRequired\":true,\"valueName\":\"search_term_string\"}}],\"inLanguage\":\"en-GB\"},{\"@type\":\"Organization\",\"@id\":\"https:\\\/\\\/www.geopolitics.fr\\\/#organization\",\"name\":\"Geopolitics.fr\",\"url\":\"https:\\\/\\\/www.geopolitics.fr\\\/\",\"logo\":{\"@type\":\"ImageObject\",\"inLanguage\":\"en-GB\",\"@id\":\"https:\\\/\\\/www.geopolitics.fr\\\/#\\\/schema\\\/logo\\\/image\\\/\",\"url\":\"https:\\\/\\\/www.geopolitics.fr\\\/wp-content\\\/uploads\\\/2024\\\/01\\\/logo.jpg\",\"contentUrl\":\"https:\\\/\\\/www.geopolitics.fr\\\/wp-content\\\/uploads\\\/2024\\\/01\\\/logo.jpg\",\"width\":500,\"height\":500,\"caption\":\"Geopolitics.fr\"},\"image\":{\"@id\":\"https:\\\/\\\/www.geopolitics.fr\\\/#\\\/schema\\\/logo\\\/image\\\/\"},\"sameAs\":[\"https:\\\/\\\/www.facebook.com\\\/people\\\/Erwan-Davoux\\\/61557098968092\\\/\",\"https:\\\/\\\/x.com\\\/Geopolitics_Fr\"]},{\"@type\":\"Person\",\"@id\":\"https:\\\/\\\/www.geopolitics.fr\\\/#\\\/schema\\\/person\\\/2b73b2101df6ed1877dcb227a0be4a5d\",\"name\":\"Valerie Morales Attias\",\"image\":{\"@type\":\"ImageObject\",\"inLanguage\":\"en-GB\",\"@id\":\"https:\\\/\\\/www.geopolitics.fr\\\/wp-content\\\/uploads\\\/2024\\\/04\\\/cropped-valerie-mora-96x96.jpg\",\"url\":\"https:\\\/\\\/www.geopolitics.fr\\\/wp-content\\\/uploads\\\/2024\\\/04\\\/cropped-valerie-mora-96x96.jpg\",\"contentUrl\":\"https:\\\/\\\/www.geopolitics.fr\\\/wp-content\\\/uploads\\\/2024\\\/04\\\/cropped-valerie-mora-96x96.jpg\",\"caption\":\"Valerie Morales Attias\"},\"description\":\"N\u00e9e \u00e0 Oran, elle est journaliste et \u00e9crivain. Enseignante \u00e0 l'Ecole Sup\u00e9rieure de Journalisme de Paris - Ex Directrice g\u00e9n\u00e9rale de Luxe Radio \u00e0 Casablanca. - Elle est l'auteur de plusieurs romans publi\u00e9s au Maroc, en France et en Belgique, ainsi que d'un essai sur le Royaume du Maroc, publi\u00e9 en France aux Editions Descartes.\",\"url\":\"https:\\\/\\\/www.geopolitics.fr\\\/en\\\/author\\\/valerie-morales-attias\\\/\"}]}<\/script>\n<!-- \/ Yoast SEO Premium plugin. -->","yoast_head_json":{"title":"La France accro\u00eet sa pr\u00e9sence \u00e9conomique au Sahara Occidental, \u00e0 la suite des Etats-Unis, de l'Allemagne et de l'Espagne | Geopolitics.fr","robots":{"index":"index","follow":"follow","max-snippet":"max-snippet:-1","max-image-preview":"max-image-preview:large","max-video-preview":"max-video-preview:-1"},"canonical":"https:\/\/www.geopolitics.fr\/en\/2024\/04\/08\/la-france-accroit-sa-presence-economique-au-sahara-occidental-a-la-suite-des-etats-unis-de-lallemagne-et-de-lespagne\/","og_locale":"en_GB","og_type":"article","og_title":"La France accro\u00eet sa pr\u00e9sence \u00e9conomique au Sahara Occidental, \u00e0 la suite des Etats-Unis, de l'Allemagne et de l'Espagne","og_description":"La France annonce favoriser l'investissement public au Sahara pour les entreprises priv\u00e9es fran\u00e7aises. L'objectif avou\u00e9 : booster les \u00e9changes \u00e9conomiques entre les deux pays. Une forte concurrence internationale semble se dessiner dans la r\u00e9gion.","og_url":"https:\/\/www.geopolitics.fr\/en\/2024\/04\/08\/la-france-accroit-sa-presence-economique-au-sahara-occidental-a-la-suite-des-etats-unis-de-lallemagne-et-de-lespagne\/","og_site_name":"Geopolitics.fr","article_publisher":"https:\/\/www.facebook.com\/people\/Erwan-Davoux\/61557098968092\/","article_published_time":"2024-04-08T11:32:04+00:00","article_modified_time":"2024-04-08T11:35:13+00:00","og_image":[{"width":1920,"height":1280,"url":"https:\/\/www.geopolitics.fr\/wp-content\/uploads\/2024\/04\/maroc-energie-solaire.jpg","type":"image\/jpeg"}],"author":"Valerie Morales Attias","twitter_card":"summary_large_image","twitter_creator":"@Geopolitics_Fr","twitter_site":"@Geopolitics_Fr","twitter_misc":{"Written by":"Valerie Morales Attias","Estimated reading time":"1 minute"},"schema":{"@context":"https:\/\/schema.org","@graph":[{"@type":"Article","@id":"https:\/\/www.geopolitics.fr\/2024\/04\/08\/la-france-accroit-sa-presence-economique-au-sahara-occidental-a-la-suite-des-etats-unis-de-lallemagne-et-de-lespagne\/#article","isPartOf":{"@id":"https:\/\/www.geopolitics.fr\/2024\/04\/08\/la-france-accroit-sa-presence-economique-au-sahara-occidental-a-la-suite-des-etats-unis-de-lallemagne-et-de-lespagne\/"},"author":{"name":"Valerie Morales Attias","@id":"https:\/\/www.geopolitics.fr\/#\/schema\/person\/2b73b2101df6ed1877dcb227a0be4a5d"},"headline":"La France accro\u00eet sa pr\u00e9sence \u00e9conomique au Sahara Occidental, \u00e0 la suite des Etats-Unis, de l&rsquo;Allemagne et de l&rsquo;Espagne","datePublished":"2024-04-08T11:32:04+00:00","dateModified":"2024-04-08T11:35:13+00:00","mainEntityOfPage":{"@id":"https:\/\/www.geopolitics.fr\/2024\/04\/08\/la-france-accroit-sa-presence-economique-au-sahara-occidental-a-la-suite-des-etats-unis-de-lallemagne-et-de-lespagne\/"},"wordCount":789,"commentCount":0,"publisher":{"@id":"https:\/\/www.geopolitics.fr\/#organization"},"image":{"@id":"https:\/\/www.geopolitics.fr\/2024\/04\/08\/la-france-accroit-sa-presence-economique-au-sahara-occidental-a-la-suite-des-etats-unis-de-lallemagne-et-de-lespagne\/#primaryimage"},"thumbnailUrl":"https:\/\/www.geopolitics.fr\/wp-content\/uploads\/2024\/04\/maroc-energie-solaire.jpg","keywords":["SAHARA OCCIDENTAL"],"articleSection":["International","Politique"],"inLanguage":"en-GB"},{"@type":"WebPage","@id":"https:\/\/www.geopolitics.fr\/2024\/04\/08\/la-france-accroit-sa-presence-economique-au-sahara-occidental-a-la-suite-des-etats-unis-de-lallemagne-et-de-lespagne\/","url":"https:\/\/www.geopolitics.fr\/2024\/04\/08\/la-france-accroit-sa-presence-economique-au-sahara-occidental-a-la-suite-des-etats-unis-de-lallemagne-et-de-lespagne\/","name":"La France accro\u00eet sa pr\u00e9sence \u00e9conomique au Sahara Occidental, \u00e0 la suite des Etats-Unis, de l'Allemagne et de l'Espagne | Geopolitics.fr","isPartOf":{"@id":"https:\/\/www.geopolitics.fr\/#website"},"primaryImageOfPage":{"@id":"https:\/\/www.geopolitics.fr\/2024\/04\/08\/la-france-accroit-sa-presence-economique-au-sahara-occidental-a-la-suite-des-etats-unis-de-lallemagne-et-de-lespagne\/#primaryimage"},"image":{"@id":"https:\/\/www.geopolitics.fr\/2024\/04\/08\/la-france-accroit-sa-presence-economique-au-sahara-occidental-a-la-suite-des-etats-unis-de-lallemagne-et-de-lespagne\/#primaryimage"},"thumbnailUrl":"https:\/\/www.geopolitics.fr\/wp-content\/uploads\/2024\/04\/maroc-energie-solaire.jpg","datePublished":"2024-04-08T11:32:04+00:00","dateModified":"2024-04-08T11:35:13+00:00","breadcrumb":{"@id":"https:\/\/www.geopolitics.fr\/2024\/04\/08\/la-france-accroit-sa-presence-economique-au-sahara-occidental-a-la-suite-des-etats-unis-de-lallemagne-et-de-lespagne\/#breadcrumb"},"inLanguage":"en-GB","potentialAction":[{"@type":"ReadAction","target":["https:\/\/www.geopolitics.fr\/2024\/04\/08\/la-france-accroit-sa-presence-economique-au-sahara-occidental-a-la-suite-des-etats-unis-de-lallemagne-et-de-lespagne\/"]}]},{"@type":"ImageObject","inLanguage":"en-GB","@id":"https:\/\/www.geopolitics.fr\/2024\/04\/08\/la-france-accroit-sa-presence-economique-au-sahara-occidental-a-la-suite-des-etats-unis-de-lallemagne-et-de-lespagne\/#primaryimage","url":"https:\/\/www.geopolitics.fr\/wp-content\/uploads\/2024\/04\/maroc-energie-solaire.jpg","contentUrl":"https:\/\/www.geopolitics.fr\/wp-content\/uploads\/2024\/04\/maroc-energie-solaire.jpg","width":1920,"height":1280},{"@type":"BreadcrumbList","@id":"https:\/\/www.geopolitics.fr\/2024\/04\/08\/la-france-accroit-sa-presence-economique-au-sahara-occidental-a-la-suite-des-etats-unis-de-lallemagne-et-de-lespagne\/#breadcrumb","itemListElement":[{"@type":"ListItem","position":1,"name":"Accueil","item":"https:\/\/www.geopolitics.fr\/"},{"@type":"ListItem","position":2,"name":"La France accro\u00eet sa pr\u00e9sence \u00e9conomique au Sahara Occidental, \u00e0 la suite des Etats-Unis, de l&#8217;Allemagne et de l&#8217;Espagne"}]},{"@type":"WebSite","@id":"https:\/\/www.geopolitics.fr\/#website","url":"https:\/\/www.geopolitics.fr\/","name":"Geopolitics.fr","description":"Geopolitics.fr Analyse politique, relations internationales, d\u00e9fense - ligne \u00e9ditoriale gaullo-chiraquienne","publisher":{"@id":"https:\/\/www.geopolitics.fr\/#organization"},"potentialAction":[{"@type":"SearchAction","target":{"@type":"EntryPoint","urlTemplate":"https:\/\/www.geopolitics.fr\/?s={search_term_string}"},"query-input":{"@type":"PropertyValueSpecification","valueRequired":true,"valueName":"search_term_string"}}],"inLanguage":"en-GB"},{"@type":"Organization","@id":"https:\/\/www.geopolitics.fr\/#organization","name":"Geopolitics.fr","url":"https:\/\/www.geopolitics.fr\/","logo":{"@type":"ImageObject","inLanguage":"en-GB","@id":"https:\/\/www.geopolitics.fr\/#\/schema\/logo\/image\/","url":"https:\/\/www.geopolitics.fr\/wp-content\/uploads\/2024\/01\/logo.jpg","contentUrl":"https:\/\/www.geopolitics.fr\/wp-content\/uploads\/2024\/01\/logo.jpg","width":500,"height":500,"caption":"Geopolitics.fr"},"image":{"@id":"https:\/\/www.geopolitics.fr\/#\/schema\/logo\/image\/"},"sameAs":["https:\/\/www.facebook.com\/people\/Erwan-Davoux\/61557098968092\/","https:\/\/x.com\/Geopolitics_Fr"]},{"@type":"Person","@id":"https:\/\/www.geopolitics.fr\/#\/schema\/person\/2b73b2101df6ed1877dcb227a0be4a5d","name":"Valerie Morales Attias","image":{"@type":"ImageObject","inLanguage":"en-GB","@id":"https:\/\/www.geopolitics.fr\/wp-content\/uploads\/2024\/04\/cropped-valerie-mora-96x96.jpg","url":"https:\/\/www.geopolitics.fr\/wp-content\/uploads\/2024\/04\/cropped-valerie-mora-96x96.jpg","contentUrl":"https:\/\/www.geopolitics.fr\/wp-content\/uploads\/2024\/04\/cropped-valerie-mora-96x96.jpg","caption":"Valerie Morales Attias"},"description":"N\u00e9e \u00e0 Oran, elle est journaliste et \u00e9crivain. Enseignante \u00e0 l'Ecole Sup\u00e9rieure de Journalisme de Paris - Ex Directrice g\u00e9n\u00e9rale de Luxe Radio \u00e0 Casablanca. - Elle est l'auteur de plusieurs romans publi\u00e9s au Maroc, en France et en Belgique, ainsi que d'un essai sur le Royaume du Maroc, publi\u00e9 en France aux Editions Descartes.","url":"https:\/\/www.geopolitics.fr\/en\/author\/valerie-morales-attias\/"}]}},"_links":{"self":[{"href":"https:\/\/www.geopolitics.fr\/en\/wp-json\/wp\/v2\/posts\/2627","targetHints":{"allow":["GET"]}}],"collection":[{"href":"https:\/\/www.geopolitics.fr\/en\/wp-json\/wp\/v2\/posts"}],"about":[{"href":"https:\/\/www.geopolitics.fr\/en\/wp-json\/wp\/v2\/types\/post"}],"author":[{"embeddable":true,"href":"https:\/\/www.geopolitics.fr\/en\/wp-json\/wp\/v2\/users\/14"}],"replies":[{"embeddable":true,"href":"https:\/\/www.geopolitics.fr\/en\/wp-json\/wp\/v2\/comments?post=2627"}],"version-history":[{"count":0,"href":"https:\/\/www.geopolitics.fr\/en\/wp-json\/wp\/v2\/posts\/2627\/revisions"}],"wp:featuredmedia":[{"embeddable":true,"href":"https:\/\/www.geopolitics.fr\/en\/wp-json\/wp\/v2\/media\/2628"}],"wp:attachment":[{"href":"https:\/\/www.geopolitics.fr\/en\/wp-json\/wp\/v2\/media?parent=2627"}],"wp:term":[{"taxonomy":"category","embeddable":true,"href":"https:\/\/www.geopolitics.fr\/en\/wp-json\/wp\/v2\/categories?post=2627"},{"taxonomy":"post_tag","embeddable":true,"href":"https:\/\/www.geopolitics.fr\/en\/wp-json\/wp\/v2\/tags?post=2627"}],"curies":[{"name":"wp","href":"https:\/\/api.w.org\/{rel}","templated":true}]}}