{"id":2604,"date":"2024-04-04T19:10:00","date_gmt":"2024-04-04T17:10:00","guid":{"rendered":"https:\/\/www.geopolitics.fr\/?p=2604"},"modified":"2024-04-06T13:47:34","modified_gmt":"2024-04-06T11:47:34","slug":"elections-europeennes-rassemblement-national-et-la-france-insoumise-des-chemins-contraires","status":"publish","type":"post","link":"https:\/\/www.geopolitics.fr\/en\/2024\/04\/04\/elections-europeennes-rassemblement-national-et-la-france-insoumise-des-chemins-contraires\/","title":{"rendered":"Elections europ\u00e9ennes : \u00ab\u00a0Rassemblement National\u00a0\u00bb et \u00ab\u00a0La France Insoumise\u00a0\u00bb, des chemins contraires"},"content":{"rendered":"\n<p class=\"has-medium-font-size wp-block-paragraph\"><strong>En 2017, Jean-Luc M\u00e9lenchon, arriv\u00e9 4<sup>\u00e8me<\/sup> du premier tour de l\u2019\u00e9lection pr\u00e9sidentielle, choisissait de ne pas donner de consigne de vote lors du deuxi\u00e8me tour opposant Emmanuel Macron \u00e0 Marine Le Pen<\/strong>. En 2022, une \u00e9volution \u00e9tait notable, le leader de la \u00ab&nbsp;La France Insoumise&nbsp;\u00bb sans appeler \u00e0 voter explicitement Macron, d\u00e9clarait&nbsp;\u00ab&nbsp;pas une voix ne doit se porter sur Marine le Pen&nbsp;\u00bb.<\/p>\n\n\n\n<p class=\"has-medium-font-size wp-block-paragraph\">Comment expliquer la consigne de 2017&nbsp;? En grande partie par des pr\u00e9occupations \u00e9lectorales ou \u00e9lectoralistes. En effet, longtemps, les analystes ont eu le sentiment qu\u2019une forte partie de l\u2019\u00e9lectorat populaire pouvait se reporter ais\u00e9ment de LFI au RN et vice-versa. En effet, \u00e0 l\u2019\u00e9poque, les deux partis et les deux leaders jouaient \u00e0 plein leur fonction tribunitienne de remise en cause de l\u2019ordre \u00e9tabli et de d\u00e9nonciation de l\u2019establishment. Tel n\u2019est plus le cas.<\/p>\n\n\n\n<h2 class=\"wp-block-heading\" id=\"h-pour-le-rn-le-pouvoir-est-a-portee-de-main-la-respectabilite-au-detriment-de-la-fonction-tribunitienne\">Pour le RN le pouvoir est \u00e0 port\u00e9e de main. La respectabilit\u00e9 au d\u00e9triment de la fonction tribunitienne<\/h2>\n\n\n\n<p class=\"has-medium-font-size wp-block-paragraph\">En effet, il est \u00e9vident que plus <strong>le RN se rapproche du pouvoir, plus il cherche avant tout \u00e0 rassurer et donner des gages de respectabilit\u00e9. <\/strong><\/p>\n\n\n\n<p class=\"has-medium-font-size wp-block-paragraph\">Des sondages lui attribuant environ 30% des voix aux \u00e9lections europ\u00e9ennes, une quasi-majorit\u00e9 absolue en cas d\u2019\u00e9lections l\u00e9gislatives anticip\u00e9es et Marine Le Pen dans un mouchoir de poche au second tour de l\u2019\u00e9lection pr\u00e9sidentielle, quel que soit l&rsquo;adversaire, sont autant d\u2019indices concordants. <strong>Toute chose \u00e9gale par ailleurs, le RN et sa Pr\u00e9sidente devrait conqu\u00e9rir le pouvoir. <\/strong><\/p>\n\n\n\n<p class=\"has-medium-font-size wp-block-paragraph\"><strong>Gommer l\u2019image d\u2019antis\u00e9mitisme, intimement li\u00e9e \u00e0 Jean-Marie Le Pen <\/strong>(n\u2019en d\u00e9plaise \u00e0 Jordan Bardella) et au FN, \u00e9tait une priorit\u00e9. La marche contre l\u2019antis\u00e9mitisme coorganis\u00e9e par Ya\u00ebl Braun-Pivet, et G\u00e9rard Larcher, le 12 novembre 2023, n\u2019a en rien contribu\u00e9 \u00e0 endiguer ce fl\u00e9au. N\u00e9anmoins, <strong>elle a<\/strong> <strong>offert sur un plateau dor\u00e9 un gage de respectabilit\u00e9 au RN comme il le souhaitait et n\u2019osait l\u2019esp\u00e9rer.<\/strong> <strong>Dans le passage du FN au RN, l&rsquo;immigr\u00e9 d\u00e9j\u00e0 vilipend\u00e9 devient d\u00e9sormais le seul bouc-\u00e9missaire.<\/strong> <strong>N\u00e9anmoins ce que le RN a gagn\u00e9 en respectabilit\u00e9, il l\u2019a aussi perdu en fonction tribunitienne. <\/strong><\/p>\n\n\n\n<p class=\"has-medium-font-size wp-block-paragraph\"><strong>L\u2019autre priorit\u00e9 \u00e9tait de se d\u00e9barrasser de l\u2019emprunt russe devenu toxique<\/strong> depuis que Poutine a envahi l\u2019Ukraine et r\u00e9v\u00e9l\u00e9 une nature que seul certains inconscients ou d&rsquo;autres plus int\u00e9ress\u00e9s cherchaient \u00e0 nier\u2026. C\u2019est chose faite\u00a0! Il est vrai qu\u2019il fallait aller d\u2019autant plus vite et plus fort, que la Commission d\u2019enqu\u00eate voulue par le RN, sur les ing\u00e9rences \u00e9trang\u00e8res s\u2019\u00e9tait retourn\u00e9 contre lui en <strong>mettant en \u00e9vidence sa proximit\u00e9 poutinienne.<\/strong> Le parti s\u2019\u00e9tait tir\u00e9 une balle dans le pied.<\/p>\n\n\n\n<p class=\"has-medium-font-size wp-block-paragraph\"><strong>Le mod\u00e8le Meloni choisi par Jordan Bardella <\/strong>a infl\u00e9chi de mani\u00e8re tr\u00e8s consid\u00e9rable la ligne du RN en politique \u00e9trang\u00e8re.  <strong>D\u00e9sormais les Etats-Unis, l\u2019OTAN ne sont plus des ennemis et la politique \u00e9trang\u00e8re de la France se doit-\u00eatre pro-occidentale plut\u00f4t qu&rsquo;ind\u00e9pendante.<\/strong> Les \u00e9v\u00e8nements tragiques de Gaza et les errances de la diplomatie fran\u00e7aise n\u2019ont pas donn\u00e9 lieu \u00e0 des critiques, au contraire le soutien \u00e0 Isra\u00ebl, consid\u00e9r\u00e9 comme l\u2019avant-garde de l\u2019Occident, a \u00e9t\u00e9 franc et le suivisme diplomatique fran\u00e7ais peu d\u00e9nonc\u00e9. N\u2019est-ce pas l\u00e0 une erreur majeure dans un domaine o\u00f9 Emmanuel Macron n\u2019aura jamais r\u00e9ussi \u00e0 tenir le \u00ab\u00a0rang\u00a0\u00bb de la France\u00a0?<\/p>\n\n\n\n<p class=\"has-medium-font-size wp-block-paragraph\">Si les Italiens n\u2019accordent qu&rsquo;une une importance relative \u00e0 leur politique \u00e9trang\u00e8re, le Fran\u00e7ais eux sont attentif \u00e0 ce que la France continue ou plut\u00f4t recommence, un jour, \u00e0 exprimer une voix singuli\u00e8re et peser ainsi dans les grandes affaires du monde. <strong>Peut-\u00eatre est-ce la premi\u00e8re grosse erreur de Jordan Bardella.<\/strong>..<\/p>\n\n\n\n<h2 class=\"wp-block-heading\" id=\"h-l-explosion-de-la-nupes-et-la-personnalite-contestee-du-leader-de-lfi-eloignent-la-perspective-d-une-conquete-du-pouvoir\">L&rsquo;explosion de la NUPES et la personnalit\u00e9 contest\u00e9e du leader de LFI \u00e9loignent la perspective d&rsquo;une conqu\u00eate du pouvoir<\/h2>\n\n\n\n<p class=\"has-medium-font-size wp-block-paragraph\"><strong>L\u2019explosion de la NUPES, notamment lors des \u00e9v\u00e8nements dramatiques de Gaza, rend hautement improbable l\u2019arriv\u00e9e au pouvoir de LFI et de son leader. D\u00e8s lors, la strat\u00e9gie politique est \u00e0 l\u2019exacte oppos\u00e9 de celle du RN, la fonction tribunitienne et son corolaire, ses outrances tourne \u00e0 plein r\u00e9gime.<\/strong><\/p>\n\n\n\n<p class=\"has-medium-font-size wp-block-paragraph\"><strong>La prise de position de LFI aura \u00e9t\u00e9 marquante dans et \u00e0 contre-courant de la tr\u00e8s grande majorit\u00e9 de la classe politique fran\u00e7aise sur Gaza. Mais avec une erreur fondatrice qui a perturb\u00e9 la d\u00e9nonciation juste des crimes de guerre commis<\/strong>. <strong>En effet, les \u00e9v\u00e8nements du 7 octobre quel que soit le nombre de victimes <\/strong>(m\u00eame revu \u00e0 la baisse et amput\u00e9 de plusieurs fake news qui ne cessent d&rsquo;\u00e9clore) <strong>sont bien des actes terroristes<\/strong>. Des victimes innocentes ont p\u00e9ri, frapp\u00e9es aveuglement parce qu\u2019elle se trouvaient l\u00e0 par hasard, au mauvais moment. C\u2019est la d\u00e9finition m\u00eame du terrorisme. <strong>Une commission ind\u00e9pendante devra \u0153uvrer \u00e0 \u00e9tablir la v\u00e9rit\u00e9 <\/strong>du d\u00e9roulement de cette journ\u00e9e tragique et les Historiens feront leur travail. Nous n&rsquo;avons pour l&rsquo;instant que la version document\u00e9e par Isra\u00ebl. <strong>Mgr Vesco, archev\u00eaque d\u2019Alger exprimera, dans une tribune, une excellente analyse du 7 octobre\u00a0: <a href=\"https:\/\/www.la-croix.com\/debat\/Mgr-Jean-Paul-Vesco-violence-barbare-Hamas-sans-excuse-nest-pas-sans-cause-2023-10-16-1201287058\">Mgr Jean-Paul Vesco\u2009: \u00ab\u00a0La violence barbare du Hamas est sans excuse mais elle n\u2019est pas sans cause\u00a0\u00bb (la-<\/a><\/strong><a href=\"https:\/\/www.la-croix.com\/debat\/Mgr-Jean-Paul-Vesco-violence-barbare-Hamas-sans-excuse-nest-pas-sans-cause-2023-10-16-1201287058\"><strong>croix.com)<\/strong><\/a><\/p>\n\n\n\n<p class=\"has-medium-font-size wp-block-paragraph\"><strong>Cette erreur initiale, aura, pour beaucoup, rendu inaudible le discours juste sur la caract\u00e8re totalement disproportionn\u00e9 de la r\u00e9plique isra\u00e9lienne, la d\u00e9nonciation des crimes de guerre, d\u2019une famine organis\u00e9e, d\u2019un nombre de civils et particuli\u00e8rement d\u2019enfants massacr\u00e9s sans raison.<\/strong> Lorsque Jean-Luc M\u00e9lenchon d\u00e9clara que ce n\u2019\u00e9tait pas des Juifs mais des Isra\u00e9liens qui \u00e9taient vis\u00e9s, suscitant l\u2019incompr\u00e9hension de Benjamin Duhamel lui-m\u00eame enferm\u00e9 dans ses certitudes<a id=\"_ftnref1\" href=\"#_ftn1\">[1]<\/a>, <strong>l\u2019analyse clinique \u00e9tait exacte mais inaudible<\/strong>. La puissance occupante et non une religion.<\/p>\n\n\n\n<p class=\"has-medium-font-size wp-block-paragraph\"><strong>Par ailleurs, le pass\u00e9 ou le passif de Jean-Luc M\u00e9lenchon sur la sc\u00e8ne internationale n\u2019a pas jou\u00e9 en sa faveur,<\/strong> du soutien \u00e0 Chavez-Maduro quand ils tiraient \u00e0 balles r\u00e9elles sur leur propre peuple \u00e0 une sympathie marqu\u00e9e pour Poutine, Jean-Luc M\u00e9lenchon n\u2019a cess\u00e9 de zigzaguer entre des principes \u00e0 g\u00e9om\u00e9trie variable. Enfin, son rapport \u00e0 l&rsquo;Islam et au monde arabe est ambigu. Souvent sous couvert de bons sentiments, aucune distinction n&rsquo;est faite entre Islam et islamisme, entre Arabes et Musulmans pris dans des notions trop globalisantes et r\u00e9ductrices.<\/p>\n\n\n\n<p class=\"has-medium-font-size wp-block-paragraph\"><strong>Il est regrettable que la d\u00e9fense de la cause palestinienne et du respect du droit international aient \u00e9t\u00e9 laiss\u00e9s \u00e0 le seule LFI \u00e0 l\u2019exception de quelques interventions de Dominique de Villepin. Jacques Chirac de ce monde et la droite chiraquienne toujours vivace, il en aurait \u00e9t\u00e9 autrement.<\/strong><\/p>\n\n\n\n<h2 class=\"wp-block-heading\" id=\"h-le-programme-europeen-des-deux-formations-n-aura-qu-une-importance-relative\">Le Programme europ\u00e9en des deux formations n&rsquo;aura qu&rsquo;une importance relative<\/h2>\n\n\n\n<p class=\"has-medium-font-size wp-block-paragraph\">Pour revenir aux \u00e9lections europ\u00e9ennes, Jordan Bardella \u00e9crase le match, maitrisant sa communication, \u00e9vacuant les attaques incessantes des \u00e9lus Renaissances qui ne font que le renforcer. <strong>En effet, il b\u00e9n\u00e9ficie d\u2019un fort \u00e9lan anti-Macron<\/strong>.<\/p>\n\n\n\n<p class=\"has-medium-font-size wp-block-paragraph\">La t\u00eate de liste la France Insoumise, <strong>Manon Aubry n\u2019a pas la m\u00eame exposition m\u00e9diatique et la gauche part en ordre tr\u00e8s dispers\u00e9.<\/strong><\/p>\n\n\n\n<p class=\"has-medium-font-size wp-block-paragraph\"><strong>Une chose est certaine, ce n\u2019est pas le \u00ab\u00a0programme europ\u00e9en\u00a0\u00bb des deux partis qui motivera le vote en leur faveur. Pour le RN, il s\u2019agit d\u2019incarner l&rsquo;opposition au f\u00e9d\u00e9ralisme consid\u00e9r\u00e9 comme un repoussoir et assimil\u00e9 logiquement au macronisme. Dans le m\u00eame temps, appara\u00eetre comme moins provocant et plus r\u00e9aliste que \u00ab\u00a0Reconqu\u00eate\u00a0\u00bb et, enfin, beaucoup plus utile que LR<\/strong> n&rsquo;est pas hors-de-port\u00e9e.<\/p>\n\n\n\n<p class=\"has-medium-font-size wp-block-paragraph\"><strong>Pour LFI il s\u2019agit de capitaliser sur l&rsquo;\u00e9lectorat qui a l\u00e9gitimement ressenti du d\u00e9go\u00fbt et de l&rsquo;aversion pour ceux qui ont soutenu un massacre, une famine organis\u00e9e et la position de la Cour de Justice Internationale ordonnant \u00e0 Isra\u00ebl de prendre des mesures pour pr\u00e9venir un g\u00e9nocide \u00e0 Gaza. A gauche, LFI est le seul parti \u00e0 avoir adopt\u00e9 cette position claire et coh\u00e9rente dont nous avons n\u00e9anmoins expliqu\u00e9 les limites.<\/strong><\/p>\n\n\n\n<p class=\"has-medium-font-size wp-block-paragraph\">Un score au dessus de 30% serait un succ\u00e8s \u00e9clatant pour le RN, en dessous de 25% un \u00e9chec. Un score au-dessous de 10% un d\u00e9saveu pour LFI qui serait d\u2019autant plus cuisant si la liste PS la devan\u00e7ait.<\/p>\n\n\n\n<hr class=\"wp-block-separator has-alpha-channel-opacity\"\/>\n\n\n\n<p class=\"has-medium-font-size wp-block-paragraph\"><a id=\"_ftn1\" href=\"#_ftnref1\">[1]<\/a>BFM, le 28 janvier 2024<\/p>\n","protected":false},"excerpt":{"rendered":"<p>En 2017, Jean-Luc M\u00e9lenchon, arriv\u00e9 4\u00e8me du premier tour de l\u2019\u00e9lection pr\u00e9sidentielle, choisissait de ne pas donner de consigne de vote lors&hellip;<\/p>","protected":false},"author":16,"featured_media":2357,"comment_status":"open","ping_status":"open","sticky":true,"template":"","format":"standard","meta":{"_lmt_disableupdate":"","_lmt_disable":"","footnotes":""},"categories":[40,3],"tags":[216,240,147],"class_list":["post-2604","post","type-post","status-publish","format-standard","has-post-thumbnail","hentry","category-election","category-politique","tag-elections-europeennes","tag-lfi","tag-rn"],"yoast_head":"<!-- This site is optimized with the Yoast SEO Premium plugin v28.1 (Yoast SEO v28.1) - https:\/\/yoast.com\/product\/yoast-seo-premium-wordpress\/ -->\n<title>Elections europ\u00e9ennes : &quot;Rassemblement National&quot; et &quot;La France Insoumise&quot;, des chemins contraires | Geopolitics.fr<\/title>\n<meta name=\"robots\" content=\"index, follow, max-snippet:-1, max-image-preview:large, max-video-preview:-1\" \/>\n<link rel=\"canonical\" href=\"https:\/\/www.geopolitics.fr\/en\/2024\/04\/04\/elections-europeennes-rassemblement-national-et-la-france-insoumise-des-chemins-contraires\/\" \/>\n<meta property=\"og:locale\" content=\"en_GB\" \/>\n<meta property=\"og:type\" content=\"article\" \/>\n<meta property=\"og:title\" content=\"Elections europ\u00e9ennes : &quot;Rassemblement National&quot; et &quot;La France Insoumise&quot;, des chemins contraires\" \/>\n<meta property=\"og:description\" content=\"En 2017, Jean-Luc M\u00e9lenchon, arriv\u00e9 4\u00e8me du premier tour de l\u2019\u00e9lection pr\u00e9sidentielle, choisissait de ne pas donner de consigne de vote lors&hellip;\" \/>\n<meta property=\"og:url\" content=\"https:\/\/www.geopolitics.fr\/en\/2024\/04\/04\/elections-europeennes-rassemblement-national-et-la-france-insoumise-des-chemins-contraires\/\" \/>\n<meta property=\"og:site_name\" content=\"Geopolitics.fr\" \/>\n<meta property=\"article:publisher\" content=\"https:\/\/www.facebook.com\/people\/Erwan-Davoux\/61557098968092\/\" \/>\n<meta property=\"article:author\" content=\"Erwan Davoux\" \/>\n<meta property=\"article:published_time\" content=\"2024-04-04T17:10:00+00:00\" \/>\n<meta property=\"article:modified_time\" content=\"2024-04-06T11:47:34+00:00\" \/>\n<meta property=\"og:image\" content=\"https:\/\/www.geopolitics.fr\/wp-content\/uploads\/2024\/03\/Depositphotos_706039778_XL-scaled.jpg\" \/>\n\t<meta property=\"og:image:width\" content=\"1920\" \/>\n\t<meta property=\"og:image:height\" content=\"483\" \/>\n\t<meta property=\"og:image:type\" content=\"image\/jpeg\" \/>\n<meta name=\"author\" content=\"Erwan Davoux\" \/>\n<meta name=\"twitter:card\" content=\"summary_large_image\" \/>\n<meta name=\"twitter:creator\" content=\"@erwandavoux @Geo_politicsfr\" \/>\n<meta name=\"twitter:site\" content=\"@Geopolitics_Fr\" \/>\n<meta name=\"twitter:label1\" content=\"Written by\" \/>\n\t<meta name=\"twitter:data1\" content=\"Erwan Davoux\" \/>\n\t<meta name=\"twitter:label2\" content=\"Estimated reading time\" \/>\n\t<meta name=\"twitter:data2\" content=\"7 minutes\" \/>\n<script type=\"application\/ld+json\" class=\"yoast-schema-graph\">{\"@context\":\"https:\\\/\\\/schema.org\",\"@graph\":[{\"@type\":\"Article\",\"@id\":\"https:\\\/\\\/www.geopolitics.fr\\\/2024\\\/04\\\/04\\\/elections-europeennes-rassemblement-national-et-la-france-insoumise-des-chemins-contraires\\\/#article\",\"isPartOf\":{\"@id\":\"https:\\\/\\\/www.geopolitics.fr\\\/2024\\\/04\\\/04\\\/elections-europeennes-rassemblement-national-et-la-france-insoumise-des-chemins-contraires\\\/\"},\"author\":{\"name\":\"Erwan Davoux\",\"@id\":\"https:\\\/\\\/www.geopolitics.fr\\\/#\\\/schema\\\/person\\\/a487273e91313e368925717400fa1b11\"},\"headline\":\"Elections europ\u00e9ennes : \u00ab\u00a0Rassemblement National\u00a0\u00bb et \u00ab\u00a0La France Insoumise\u00a0\u00bb, des chemins contraires\",\"datePublished\":\"2024-04-04T17:10:00+00:00\",\"dateModified\":\"2024-04-06T11:47:34+00:00\",\"mainEntityOfPage\":{\"@id\":\"https:\\\/\\\/www.geopolitics.fr\\\/2024\\\/04\\\/04\\\/elections-europeennes-rassemblement-national-et-la-france-insoumise-des-chemins-contraires\\\/\"},\"wordCount\":1438,\"commentCount\":0,\"publisher\":{\"@id\":\"https:\\\/\\\/www.geopolitics.fr\\\/#organization\"},\"image\":{\"@id\":\"https:\\\/\\\/www.geopolitics.fr\\\/2024\\\/04\\\/04\\\/elections-europeennes-rassemblement-national-et-la-france-insoumise-des-chemins-contraires\\\/#primaryimage\"},\"thumbnailUrl\":\"https:\\\/\\\/www.geopolitics.fr\\\/wp-content\\\/uploads\\\/2024\\\/03\\\/Depositphotos_706039778_XL-scaled.jpg\",\"keywords\":[\"ELECTIONS EUROPEENNES\",\"LFI\",\"RN\"],\"articleSection\":[\"Election\",\"Politique\"],\"inLanguage\":\"en-GB\"},{\"@type\":\"WebPage\",\"@id\":\"https:\\\/\\\/www.geopolitics.fr\\\/2024\\\/04\\\/04\\\/elections-europeennes-rassemblement-national-et-la-france-insoumise-des-chemins-contraires\\\/\",\"url\":\"https:\\\/\\\/www.geopolitics.fr\\\/2024\\\/04\\\/04\\\/elections-europeennes-rassemblement-national-et-la-france-insoumise-des-chemins-contraires\\\/\",\"name\":\"Elections europ\u00e9ennes : \\\"Rassemblement National\\\" et \\\"La France Insoumise\\\", des chemins contraires | Geopolitics.fr\",\"isPartOf\":{\"@id\":\"https:\\\/\\\/www.geopolitics.fr\\\/#website\"},\"primaryImageOfPage\":{\"@id\":\"https:\\\/\\\/www.geopolitics.fr\\\/2024\\\/04\\\/04\\\/elections-europeennes-rassemblement-national-et-la-france-insoumise-des-chemins-contraires\\\/#primaryimage\"},\"image\":{\"@id\":\"https:\\\/\\\/www.geopolitics.fr\\\/2024\\\/04\\\/04\\\/elections-europeennes-rassemblement-national-et-la-france-insoumise-des-chemins-contraires\\\/#primaryimage\"},\"thumbnailUrl\":\"https:\\\/\\\/www.geopolitics.fr\\\/wp-content\\\/uploads\\\/2024\\\/03\\\/Depositphotos_706039778_XL-scaled.jpg\",\"datePublished\":\"2024-04-04T17:10:00+00:00\",\"dateModified\":\"2024-04-06T11:47:34+00:00\",\"breadcrumb\":{\"@id\":\"https:\\\/\\\/www.geopolitics.fr\\\/2024\\\/04\\\/04\\\/elections-europeennes-rassemblement-national-et-la-france-insoumise-des-chemins-contraires\\\/#breadcrumb\"},\"inLanguage\":\"en-GB\",\"potentialAction\":[{\"@type\":\"ReadAction\",\"target\":[\"https:\\\/\\\/www.geopolitics.fr\\\/2024\\\/04\\\/04\\\/elections-europeennes-rassemblement-national-et-la-france-insoumise-des-chemins-contraires\\\/\"]}]},{\"@type\":\"ImageObject\",\"inLanguage\":\"en-GB\",\"@id\":\"https:\\\/\\\/www.geopolitics.fr\\\/2024\\\/04\\\/04\\\/elections-europeennes-rassemblement-national-et-la-france-insoumise-des-chemins-contraires\\\/#primaryimage\",\"url\":\"https:\\\/\\\/www.geopolitics.fr\\\/wp-content\\\/uploads\\\/2024\\\/03\\\/Depositphotos_706039778_XL-scaled.jpg\",\"contentUrl\":\"https:\\\/\\\/www.geopolitics.fr\\\/wp-content\\\/uploads\\\/2024\\\/03\\\/Depositphotos_706039778_XL-scaled.jpg\",\"width\":1920,\"height\":483},{\"@type\":\"BreadcrumbList\",\"@id\":\"https:\\\/\\\/www.geopolitics.fr\\\/2024\\\/04\\\/04\\\/elections-europeennes-rassemblement-national-et-la-france-insoumise-des-chemins-contraires\\\/#breadcrumb\",\"itemListElement\":[{\"@type\":\"ListItem\",\"position\":1,\"name\":\"Accueil\",\"item\":\"https:\\\/\\\/www.geopolitics.fr\\\/\"},{\"@type\":\"ListItem\",\"position\":2,\"name\":\"Elections europ\u00e9ennes : &#8220;Rassemblement National&#8221; et &#8220;La France Insoumise&#8221;, des chemins contraires\"}]},{\"@type\":\"WebSite\",\"@id\":\"https:\\\/\\\/www.geopolitics.fr\\\/#website\",\"url\":\"https:\\\/\\\/www.geopolitics.fr\\\/\",\"name\":\"Geopolitics.fr\",\"description\":\"Geopolitics.fr Analyse politique, relations internationales, d\u00e9fense - ligne \u00e9ditoriale gaullo-chiraquienne\",\"publisher\":{\"@id\":\"https:\\\/\\\/www.geopolitics.fr\\\/#organization\"},\"potentialAction\":[{\"@type\":\"SearchAction\",\"target\":{\"@type\":\"EntryPoint\",\"urlTemplate\":\"https:\\\/\\\/www.geopolitics.fr\\\/?s={search_term_string}\"},\"query-input\":{\"@type\":\"PropertyValueSpecification\",\"valueRequired\":true,\"valueName\":\"search_term_string\"}}],\"inLanguage\":\"en-GB\"},{\"@type\":\"Organization\",\"@id\":\"https:\\\/\\\/www.geopolitics.fr\\\/#organization\",\"name\":\"Geopolitics.fr\",\"url\":\"https:\\\/\\\/www.geopolitics.fr\\\/\",\"logo\":{\"@type\":\"ImageObject\",\"inLanguage\":\"en-GB\",\"@id\":\"https:\\\/\\\/www.geopolitics.fr\\\/#\\\/schema\\\/logo\\\/image\\\/\",\"url\":\"https:\\\/\\\/www.geopolitics.fr\\\/wp-content\\\/uploads\\\/2024\\\/01\\\/logo.jpg\",\"contentUrl\":\"https:\\\/\\\/www.geopolitics.fr\\\/wp-content\\\/uploads\\\/2024\\\/01\\\/logo.jpg\",\"width\":500,\"height\":500,\"caption\":\"Geopolitics.fr\"},\"image\":{\"@id\":\"https:\\\/\\\/www.geopolitics.fr\\\/#\\\/schema\\\/logo\\\/image\\\/\"},\"sameAs\":[\"https:\\\/\\\/www.facebook.com\\\/people\\\/Erwan-Davoux\\\/61557098968092\\\/\",\"https:\\\/\\\/x.com\\\/Geopolitics_Fr\"]},{\"@type\":\"Person\",\"@id\":\"https:\\\/\\\/www.geopolitics.fr\\\/#\\\/schema\\\/person\\\/a487273e91313e368925717400fa1b11\",\"name\":\"Erwan Davoux\",\"image\":{\"@type\":\"ImageObject\",\"inLanguage\":\"en-GB\",\"@id\":\"https:\\\/\\\/www.geopolitics.fr\\\/wp-content\\\/uploads\\\/2026\\\/05\\\/moi-96x96.jpg\",\"url\":\"https:\\\/\\\/www.geopolitics.fr\\\/wp-content\\\/uploads\\\/2026\\\/05\\\/moi-96x96.jpg\",\"contentUrl\":\"https:\\\/\\\/www.geopolitics.fr\\\/wp-content\\\/uploads\\\/2026\\\/05\\\/moi-96x96.jpg\",\"caption\":\"Erwan Davoux\"},\"description\":\"Erwan DAVOUX est Pr\u00e9sident de LMD CONSEIL, (conseil strat\u00e9gique, intelligence \u00e9conomique, risque g\u00e9opolitique, influence politique, diplomatie \u00e9conomique). Dipl\u00f4m\u00e9 de l'IEP de Paris et de l'INALCO (d\u00e9partement d'\u00e9tudes arabes), il est directeur de la publication de geopolitics.fr. Ancien fonctionnaire au Minist\u00e8re de l'Int\u00e9rieur et de la D\u00e9fense (DGSE) Ancien charg\u00e9 de Mission \u00e0 la Pr\u00e9sidence de la R\u00e9publique (cellule diplomatique) Conseil de nombreuses personnalit\u00e9s politiques \u00e0 l'International (dont deux anciens Premiers ministres).\",\"sameAs\":[\"Erwan Davoux\",\"@erwandavoux\",\"https:\\\/\\\/www.linkedin.com\\\/in\\\/erwan-davoux-6800b289\\\/\",\"https:\\\/\\\/x.com\\\/@erwandavoux @Geo_politicsfr\"],\"url\":\"https:\\\/\\\/www.geopolitics.fr\\\/en\\\/author\\\/erwan-davoux\\\/\"}]}<\/script>\n<!-- \/ Yoast SEO Premium plugin. -->","yoast_head_json":{"title":"Elections europ\u00e9ennes : \"Rassemblement National\" et \"La France Insoumise\", des chemins contraires | Geopolitics.fr","robots":{"index":"index","follow":"follow","max-snippet":"max-snippet:-1","max-image-preview":"max-image-preview:large","max-video-preview":"max-video-preview:-1"},"canonical":"https:\/\/www.geopolitics.fr\/en\/2024\/04\/04\/elections-europeennes-rassemblement-national-et-la-france-insoumise-des-chemins-contraires\/","og_locale":"en_GB","og_type":"article","og_title":"Elections europ\u00e9ennes : \"Rassemblement National\" et \"La France Insoumise\", des chemins contraires","og_description":"En 2017, Jean-Luc M\u00e9lenchon, arriv\u00e9 4\u00e8me du premier tour de l\u2019\u00e9lection pr\u00e9sidentielle, choisissait de ne pas donner de consigne de vote lors&hellip;","og_url":"https:\/\/www.geopolitics.fr\/en\/2024\/04\/04\/elections-europeennes-rassemblement-national-et-la-france-insoumise-des-chemins-contraires\/","og_site_name":"Geopolitics.fr","article_publisher":"https:\/\/www.facebook.com\/people\/Erwan-Davoux\/61557098968092\/","article_author":"Erwan Davoux","article_published_time":"2024-04-04T17:10:00+00:00","article_modified_time":"2024-04-06T11:47:34+00:00","og_image":[{"width":1920,"height":483,"url":"https:\/\/www.geopolitics.fr\/wp-content\/uploads\/2024\/03\/Depositphotos_706039778_XL-scaled.jpg","type":"image\/jpeg"}],"author":"Erwan Davoux","twitter_card":"summary_large_image","twitter_creator":"@erwandavoux @Geo_politicsfr","twitter_site":"@Geopolitics_Fr","twitter_misc":{"Written by":"Erwan Davoux","Estimated reading time":"7 minutes"},"schema":{"@context":"https:\/\/schema.org","@graph":[{"@type":"Article","@id":"https:\/\/www.geopolitics.fr\/2024\/04\/04\/elections-europeennes-rassemblement-national-et-la-france-insoumise-des-chemins-contraires\/#article","isPartOf":{"@id":"https:\/\/www.geopolitics.fr\/2024\/04\/04\/elections-europeennes-rassemblement-national-et-la-france-insoumise-des-chemins-contraires\/"},"author":{"name":"Erwan Davoux","@id":"https:\/\/www.geopolitics.fr\/#\/schema\/person\/a487273e91313e368925717400fa1b11"},"headline":"Elections europ\u00e9ennes : \u00ab\u00a0Rassemblement National\u00a0\u00bb et \u00ab\u00a0La France Insoumise\u00a0\u00bb, des chemins contraires","datePublished":"2024-04-04T17:10:00+00:00","dateModified":"2024-04-06T11:47:34+00:00","mainEntityOfPage":{"@id":"https:\/\/www.geopolitics.fr\/2024\/04\/04\/elections-europeennes-rassemblement-national-et-la-france-insoumise-des-chemins-contraires\/"},"wordCount":1438,"commentCount":0,"publisher":{"@id":"https:\/\/www.geopolitics.fr\/#organization"},"image":{"@id":"https:\/\/www.geopolitics.fr\/2024\/04\/04\/elections-europeennes-rassemblement-national-et-la-france-insoumise-des-chemins-contraires\/#primaryimage"},"thumbnailUrl":"https:\/\/www.geopolitics.fr\/wp-content\/uploads\/2024\/03\/Depositphotos_706039778_XL-scaled.jpg","keywords":["ELECTIONS EUROPEENNES","LFI","RN"],"articleSection":["Election","Politique"],"inLanguage":"en-GB"},{"@type":"WebPage","@id":"https:\/\/www.geopolitics.fr\/2024\/04\/04\/elections-europeennes-rassemblement-national-et-la-france-insoumise-des-chemins-contraires\/","url":"https:\/\/www.geopolitics.fr\/2024\/04\/04\/elections-europeennes-rassemblement-national-et-la-france-insoumise-des-chemins-contraires\/","name":"Elections europ\u00e9ennes : \"Rassemblement National\" et \"La France Insoumise\", des chemins contraires | Geopolitics.fr","isPartOf":{"@id":"https:\/\/www.geopolitics.fr\/#website"},"primaryImageOfPage":{"@id":"https:\/\/www.geopolitics.fr\/2024\/04\/04\/elections-europeennes-rassemblement-national-et-la-france-insoumise-des-chemins-contraires\/#primaryimage"},"image":{"@id":"https:\/\/www.geopolitics.fr\/2024\/04\/04\/elections-europeennes-rassemblement-national-et-la-france-insoumise-des-chemins-contraires\/#primaryimage"},"thumbnailUrl":"https:\/\/www.geopolitics.fr\/wp-content\/uploads\/2024\/03\/Depositphotos_706039778_XL-scaled.jpg","datePublished":"2024-04-04T17:10:00+00:00","dateModified":"2024-04-06T11:47:34+00:00","breadcrumb":{"@id":"https:\/\/www.geopolitics.fr\/2024\/04\/04\/elections-europeennes-rassemblement-national-et-la-france-insoumise-des-chemins-contraires\/#breadcrumb"},"inLanguage":"en-GB","potentialAction":[{"@type":"ReadAction","target":["https:\/\/www.geopolitics.fr\/2024\/04\/04\/elections-europeennes-rassemblement-national-et-la-france-insoumise-des-chemins-contraires\/"]}]},{"@type":"ImageObject","inLanguage":"en-GB","@id":"https:\/\/www.geopolitics.fr\/2024\/04\/04\/elections-europeennes-rassemblement-national-et-la-france-insoumise-des-chemins-contraires\/#primaryimage","url":"https:\/\/www.geopolitics.fr\/wp-content\/uploads\/2024\/03\/Depositphotos_706039778_XL-scaled.jpg","contentUrl":"https:\/\/www.geopolitics.fr\/wp-content\/uploads\/2024\/03\/Depositphotos_706039778_XL-scaled.jpg","width":1920,"height":483},{"@type":"BreadcrumbList","@id":"https:\/\/www.geopolitics.fr\/2024\/04\/04\/elections-europeennes-rassemblement-national-et-la-france-insoumise-des-chemins-contraires\/#breadcrumb","itemListElement":[{"@type":"ListItem","position":1,"name":"Accueil","item":"https:\/\/www.geopolitics.fr\/"},{"@type":"ListItem","position":2,"name":"Elections europ\u00e9ennes : &#8220;Rassemblement National&#8221; et &#8220;La France Insoumise&#8221;, des chemins contraires"}]},{"@type":"WebSite","@id":"https:\/\/www.geopolitics.fr\/#website","url":"https:\/\/www.geopolitics.fr\/","name":"Geopolitics.fr","description":"Geopolitics.fr Analyse politique, relations internationales, d\u00e9fense - ligne \u00e9ditoriale gaullo-chiraquienne","publisher":{"@id":"https:\/\/www.geopolitics.fr\/#organization"},"potentialAction":[{"@type":"SearchAction","target":{"@type":"EntryPoint","urlTemplate":"https:\/\/www.geopolitics.fr\/?s={search_term_string}"},"query-input":{"@type":"PropertyValueSpecification","valueRequired":true,"valueName":"search_term_string"}}],"inLanguage":"en-GB"},{"@type":"Organization","@id":"https:\/\/www.geopolitics.fr\/#organization","name":"Geopolitics.fr","url":"https:\/\/www.geopolitics.fr\/","logo":{"@type":"ImageObject","inLanguage":"en-GB","@id":"https:\/\/www.geopolitics.fr\/#\/schema\/logo\/image\/","url":"https:\/\/www.geopolitics.fr\/wp-content\/uploads\/2024\/01\/logo.jpg","contentUrl":"https:\/\/www.geopolitics.fr\/wp-content\/uploads\/2024\/01\/logo.jpg","width":500,"height":500,"caption":"Geopolitics.fr"},"image":{"@id":"https:\/\/www.geopolitics.fr\/#\/schema\/logo\/image\/"},"sameAs":["https:\/\/www.facebook.com\/people\/Erwan-Davoux\/61557098968092\/","https:\/\/x.com\/Geopolitics_Fr"]},{"@type":"Person","@id":"https:\/\/www.geopolitics.fr\/#\/schema\/person\/a487273e91313e368925717400fa1b11","name":"Erwan Davoux","image":{"@type":"ImageObject","inLanguage":"en-GB","@id":"https:\/\/www.geopolitics.fr\/wp-content\/uploads\/2026\/05\/moi-96x96.jpg","url":"https:\/\/www.geopolitics.fr\/wp-content\/uploads\/2026\/05\/moi-96x96.jpg","contentUrl":"https:\/\/www.geopolitics.fr\/wp-content\/uploads\/2026\/05\/moi-96x96.jpg","caption":"Erwan Davoux"},"description":"Erwan DAVOUX est Pr\u00e9sident de LMD CONSEIL, (conseil strat\u00e9gique, intelligence \u00e9conomique, risque g\u00e9opolitique, influence politique, diplomatie \u00e9conomique). Dipl\u00f4m\u00e9 de l'IEP de Paris et de l'INALCO (d\u00e9partement d'\u00e9tudes arabes), il est directeur de la publication de geopolitics.fr. Ancien fonctionnaire au Minist\u00e8re de l'Int\u00e9rieur et de la D\u00e9fense (DGSE) Ancien charg\u00e9 de Mission \u00e0 la Pr\u00e9sidence de la R\u00e9publique (cellule diplomatique) Conseil de nombreuses personnalit\u00e9s politiques \u00e0 l'International (dont deux anciens Premiers ministres).","sameAs":["Erwan Davoux","@erwandavoux","https:\/\/www.linkedin.com\/in\/erwan-davoux-6800b289\/","https:\/\/x.com\/@erwandavoux @Geo_politicsfr"],"url":"https:\/\/www.geopolitics.fr\/en\/author\/erwan-davoux\/"}]}},"_links":{"self":[{"href":"https:\/\/www.geopolitics.fr\/en\/wp-json\/wp\/v2\/posts\/2604","targetHints":{"allow":["GET"]}}],"collection":[{"href":"https:\/\/www.geopolitics.fr\/en\/wp-json\/wp\/v2\/posts"}],"about":[{"href":"https:\/\/www.geopolitics.fr\/en\/wp-json\/wp\/v2\/types\/post"}],"author":[{"embeddable":true,"href":"https:\/\/www.geopolitics.fr\/en\/wp-json\/wp\/v2\/users\/16"}],"replies":[{"embeddable":true,"href":"https:\/\/www.geopolitics.fr\/en\/wp-json\/wp\/v2\/comments?post=2604"}],"version-history":[{"count":0,"href":"https:\/\/www.geopolitics.fr\/en\/wp-json\/wp\/v2\/posts\/2604\/revisions"}],"wp:featuredmedia":[{"embeddable":true,"href":"https:\/\/www.geopolitics.fr\/en\/wp-json\/wp\/v2\/media\/2357"}],"wp:attachment":[{"href":"https:\/\/www.geopolitics.fr\/en\/wp-json\/wp\/v2\/media?parent=2604"}],"wp:term":[{"taxonomy":"category","embeddable":true,"href":"https:\/\/www.geopolitics.fr\/en\/wp-json\/wp\/v2\/categories?post=2604"},{"taxonomy":"post_tag","embeddable":true,"href":"https:\/\/www.geopolitics.fr\/en\/wp-json\/wp\/v2\/tags?post=2604"}],"curies":[{"name":"wp","href":"https:\/\/api.w.org\/{rel}","templated":true}]}}