{"id":2403,"date":"2024-03-24T12:01:41","date_gmt":"2024-03-24T11:01:41","guid":{"rendered":"https:\/\/www.geopolitics.fr\/?p=2403"},"modified":"2024-03-26T20:48:14","modified_gmt":"2024-03-26T19:48:14","slug":"elections-europeennes-un-choix-peu-ragoutant-pour-les-electeurs","status":"publish","type":"post","link":"https:\/\/www.geopolitics.fr\/en\/2024\/03\/24\/elections-europeennes-un-choix-peu-ragoutant-pour-les-electeurs\/","title":{"rendered":"Elections europ\u00e9ennes : un choix peu ragoutant pour les \u00e9lecteurs !"},"content":{"rendered":"<p class=\"wp-block-paragraph\"><em>Erwan DAVOUX, ancien charg\u00e9 de mission \u00e0 la Pr\u00e9sidence de la R\u00e9publique, a conseill\u00e9 de nombreuses personnalit\u00e9s politiques de droite \u00e0 l&rsquo;international<\/em><\/p>\n\n\n\n<h2 class=\"wp-block-heading has-medium-font-size\" id=\"h-1-1-renaissance-et-le-ps-quasiment-blanc-bonnet-et-bonnet-blanc\"><strong>1\/1 RENAISSANCE ET LE PS, QUASIMENT BLANC BONNET ET BONNET BLANC<\/strong><\/h2>\n\n\n\n<p class=\"has-medium-font-size wp-block-paragraph\">Alors que les \u00e9lections europ\u00e9ennes approchent \u00e0 grands pas, le choix qui s\u2019offre aux \u00e9lecteurs est peu ragoutant. Et les influences \u00e9trang\u00e8res omnipr\u00e9sentes dans cette campagne.<\/p>\n\n\n\n<h3 class=\"wp-block-heading\" id=\"h-1-1-le-couple-franco-allemand-casse\">1.1 Le couple franco-allemand cass\u00e9<\/h3>\n\n\n\n<p class=\"has-medium-font-size wp-block-paragraph\"><strong>L\u2019Europe hollando-macronienne est tout d\u2019abord celle du couple franco-allemand cass\u00e9<\/strong>. Sous les pr\u00e9sidences pr\u00e9c\u00e9dentes, France et Allemagne se mettaient d\u2019accord en amont sur tous les sujets pour parler d\u2019une seule voix aux Conseils europ\u00e9ens.<\/p>\n\n\n\n<p class=\"has-medium-font-size wp-block-paragraph\"><strong>Mais le couple franco-allemand n\u2019a pas r\u00e9sist\u00e9 \u00e0 la diplomatie partisane de Fran\u00e7ois Hollande.<\/strong> Ce duo fort s\u2019est b\u00e2ti bien au-del\u00e0 des divergences partisanes. Giscard\/Schmidt, Mitterrand\/Kohl, Chirac&nbsp;\/Schr\u00f6der ont su faire passer l\u2019int\u00e9r\u00eat de l\u2019Europe avant leur appartenance politique. Fran\u00e7ois Hollande pas. <strong>Il sera rest\u00e9 socialiste plus que Pr\u00e9sident de la R\u00e9publique et n\u2019aura jamais cr\u00e9\u00e9 une relation de confiance avec Angela Merkel<\/strong>. Ainsi, il n\u2019h\u00e9sitera pas \u00e0 recevoir, en pleine campagne \u00e9lectorale allemande, en avril 2013, le dirigeant du SPD, Peer Steinbr\u00fcck, rival d\u2019Angela Merkel \u00e0 l\u2019Elys\u00e9e. Il en avait fait de m\u00eame pour son pr\u00e9d\u00e9cesseur \u00e0 la t\u00eate du SPD, Sigmar Gabriel, en juin 2012. Une faute diplomatique qui sapera la confiance d\u2019embl\u00e9e.<\/p>\n\n\n\n<p class=\"has-medium-font-size wp-block-paragraph\"><strong>Rien de neuf sous Emmanuel Macron. Ses propos sur un possible envoi de troupes en Ukraine, sans aucune concertation avec ses alli\u00e9s, et notamment l\u2019Allemagne, n\u2019ont fait que manifester une fois de plus le gouffre entre les deux pays dont les int\u00e9r\u00eats n\u2019ont plus rien de convergent.<\/strong> Comme Fran\u00e7ois Hollande, Emmanuel Macron a fait passer les pr\u00e9occupations \u00e9lectorales avant l\u2019int\u00e9r\u00eat europ\u00e9en. <strong>Qui ne voit pas que les propos du Pr\u00e9sident de la R\u00e9publique sur le sujet sont purement \u00e9lectoraux&nbsp;?<\/strong> Il s\u2019agit une fois de plus, d\u2019instrumentaliser la guerre russo-ukrainienne \u00e0 des fins \u00e9lectoralistes comme il le fit, avec un certain succ\u00e8s, lors de l\u2019\u00e9lection pr\u00e9sidentielle&nbsp;? <strong>Ce s\u2019appelle \u00eatre un pompier-pyromane et quand en face, il y a Vladimir Poutine, cela frise l\u2019inconscience\u2026<\/strong><\/p>\n\n\n\n<p class=\"has-medium-font-size wp-block-paragraph\">A son corps d\u00e9fendant, Emmanuel Macron doit composer avec celui qui est probablement le pire chancelier allemand de l\u2019apr\u00e8s-guerre.<\/p>\n\n\n\n<p class=\"has-medium-font-size wp-block-paragraph\">Au-del\u00e0 de ses b\u00e9vues politiques, le constat est aujourd\u2019hui clair\u00a0: la France et l\u2019Allemagne ont des int\u00e9r\u00eats divergents. <strong>Le temps o\u00f9 la France incarnait politiquement l\u2019Europe avec un poids \u00e9conomique qui le lui permettait est d\u00e9finitivement r\u00e9volu<\/strong>. <strong>L\u2019Allemagne regarde naturellement vers l\u2019Est du continent quand la France est avant tout une puissance m\u00e9diterran\u00e9enne.<\/strong> La mani\u00e8re dont l\u2019Allemagne a sabord\u00e9 l\u2019ambitieux projet de Nicolas Sarkozy d\u2019Union Pour la M\u00e9diterran\u00e9e (UPM) en communautarisant le projet pour lui \u00f4ter toute port\u00e9e r\u00e9elle est particuli\u00e8rement r\u00e9v\u00e9lateur. <strong>C\u2019est d\u2019ailleurs sous Nicolas Sarkozy que la premi\u00e8re alerte sera donn\u00e9e\u00a0: l\u2019Allemagne s\u2019abstiendra lors du vote la R\u00e9solution 1973 du Conseil de S\u00e9curit\u00e9 sur la crise libyenne <\/strong>(et ce qu\u2019il advint par la suite lui donna raison), <strong>une douche froide pour l\u2019Elys\u00e9e qui ne s\u2019y attendait absolument pas.<\/strong> Nous sommes alors d\u00e9j\u00e0 <strong>tr\u00e8s loin de l\u2019entente parfaite pour s\u2019opposer \u00e0 la guerre en Irak,<\/strong> s\u00e9quence o\u00f9 la France a pu compter sur un soutien allemand total. Que ce soit sur les questions \u00e9nerg\u00e9tiques, la politique industrielle, la d\u00e9fense ou les priorit\u00e9s diplomatiques, les d\u00e9saccords sont nombreux.<\/p>\n\n\n\n<p class=\"has-medium-font-size wp-block-paragraph\">Grav\u00e9 dans le marbre, le couple franco-allemand ne l\u2019est assur\u00e9ment plus. <strong>L\u2019avenir n\u2019incite pas \u00e0 l\u2019optimisme&nbsp;<\/strong>: jamais aussi peu d\u2019\u00e9l\u00e8ves en France ont appris l\u2019allemand (13,5%) et de jeunes allemands n\u2019ont appris le fran\u00e7ais, le chiffre est quasiment similaire Outre-Rhin.<\/p>\n\n\n\n<p class=\"has-medium-font-size wp-block-paragraph\"><strong>La visite de St\u00e9phane S\u00e9journ\u00e9 \u00e0 Berlin, le 15 janvier, deux jours apr\u00e8s sa nomination louant le \u00ab\u00a0couple franco-allemand\u00a0\u00bb (expression uniquement fran\u00e7aise) avait donc le c\u00f4t\u00e9 surr\u00e9aliste ou au moins d\u00e9cal\u00e9,<\/strong> celle d\u2019un \u00e9l\u00e8ve lisant des fiches non mises \u00e0 jour tant les sujets de d\u00e9saccords sont plus importants que ceux de convergence.<\/p>\n\n\n\n<h2 class=\"wp-block-heading\" id=\"h-1-2-la-fin-de-l-exception-francaise\">1.2 La fin de l&rsquo;exception fran\u00e7aise<\/h2>\n\n\n\n<p class=\"has-medium-font-size wp-block-paragraph\">Le probl\u00e8me est qu\u2019aucune solution alternative n\u2019appara\u00eet et que l\u2019Europe vogue sur un oc\u00e9an d\u00e9cha\u00een\u00e9 comme un bouchon surnagerait sur les vagues qu\u2019il subit. <strong>Ne serait-il pas bien venu de b\u00e2tir des coop\u00e9rations renforc\u00e9es avec des pays qui partagent nombre de nos pr\u00e9occupations et d\u00e9fis \u00e0 relever tels que l\u2019Italie et l\u2019Espagne&nbsp;?<\/strong><\/p>\n\n\n\n<p class=\"has-medium-font-size wp-block-paragraph\">L\u2019Europe \u00e0 la mode \u00ab&nbsp;Renaissance&nbsp;\u00bb est aussi celle o\u00f9 la Pr\u00e9sidente de la Commission Europ\u00e9enne, Ursula Von der Leyen se permet de prendre des d\u00e9cisions et d\u2019afficher des positions de politique \u00e9trang\u00e8re qu\u2019elle n\u2019a aucune comp\u00e9tence \u00e0 prendre dans un alignement et une inf\u00e9odation aux Etats-Unis qui eux-m\u00eames n\u2019en demandent pas tant. &nbsp;C\u2019est aussi celle o\u00f9 Emmanuel Macron d\u00e9cide d\u2019emmener \u00e0 ses c\u00f4t\u00e9s la Pr\u00e9sidente de la Commission Europ\u00e9enne en Chine (avril 2023) comme pour dissiper l\u2019exception fran\u00e7aise depuis que le G\u00e9n\u00e9ral de Gaulle a \u00e9t\u00e9 le premier chef d\u2019Etat occidental \u00e0 reconna\u00eetre la R\u00e9publique Populaire de Chine le 27 janvier 1964.<\/p>\n\n\n\n<p class=\"has-medium-font-size wp-block-paragraph\"><strong>La continuit\u00e9 est tellement forte en politique \u00e9trang\u00e8re et sur l\u2019Europe entre Fran\u00e7ois Hollande et Emmanuel Macron que l\u2019on peine \u00e0 voir les diff\u00e9rences de fond entre Val\u00e9rie Hayer et Rapha\u00ebl Glucksmann.<\/strong> <strong>M\u00eame empressement \u00e0 monter au Front sur le conflit russo-ukrainien. M\u00eame c\u00e9l\u00e9bration de l\u2019OTAN, m\u00eame inf\u00e9odation aux Etats-Unis. M\u00eame deux poids, deux mesures concernant l\u2019application du droit international.<\/strong> Soutenir l\u2019Ukraine au nom du droit international oui mais l\u2019\u00e9carter lorsqu\u2019Isra\u00ebl le viole matin, midi et soir et ce depuis plusieurs d\u00e9cennies&nbsp;? Fran\u00e7ois Hollande comme son successeur ont amorc\u00e9 et concr\u00e9tis\u00e9 un revirement total dans cette r\u00e9gion&nbsp;: l\u2019abandon de la politique arabe de la France et l\u2019amiti\u00e9 et le soutien avec l\u2019extr\u00eame droite isra\u00e9lienne. <strong>En r\u00e9alit\u00e9 les listes Renaissances et PS sont les listes inspir\u00e9es par Bernard Henri L\u00e9vy. La co\u00efncidence ne peut en \u00eatre une quand les \u00e9l\u00e9ments de langage des \u00e9lus \u00ab&nbsp;Renaissance&nbsp;\u00bb reprennent mot pour mot ceux d\u2019un BHL ressortit de la naphtaline et soutien de l\u2019action de l\u2019arm\u00e9e isra\u00e9lienne \u00e0 Gaza.<\/strong><\/p>\n\n\n\n<figure class=\"wp-block-gallery has-nested-images columns-default is-cropped wp-block-gallery-1 is-layout-flex wp-block-gallery-is-layout-flex\">\n<figure class=\"wp-block-image size-large\"><img fetchpriority=\"high\" decoding=\"async\" width=\"1024\" height=\"683\" data-id=\"2408\" src=\"https:\/\/www.geopolitics.fr\/wp-content\/uploads\/2024\/03\/HAYER-1024x683.jpg\" alt=\"\" class=\"wp-image-2408\" srcset=\"https:\/\/www.geopolitics.fr\/wp-content\/uploads\/2024\/03\/HAYER-1024x683.jpg 1024w, https:\/\/www.geopolitics.fr\/wp-content\/uploads\/2024\/03\/HAYER-scaled-600x400.jpg 600w, https:\/\/www.geopolitics.fr\/wp-content\/uploads\/2024\/03\/HAYER-300x200.jpg 300w, https:\/\/www.geopolitics.fr\/wp-content\/uploads\/2024\/03\/HAYER-768x512.jpg 768w, https:\/\/www.geopolitics.fr\/wp-content\/uploads\/2024\/03\/HAYER-1536x1024.jpg 1536w, https:\/\/www.geopolitics.fr\/wp-content\/uploads\/2024\/03\/HAYER-2048x1365.jpg 2048w, https:\/\/www.geopolitics.fr\/wp-content\/uploads\/2024\/03\/HAYER-scaled.jpg 1920w, https:\/\/www.geopolitics.fr\/wp-content\/uploads\/2024\/03\/HAYER-1170x780.jpg 1170w, https:\/\/www.geopolitics.fr\/wp-content\/uploads\/2024\/03\/HAYER-585x390.jpg 585w, https:\/\/www.geopolitics.fr\/wp-content\/uploads\/2024\/03\/HAYER-263x175.jpg 263w\" sizes=\"(max-width: 1024px) 100vw, 1024px\" \/><\/figure>\n\n\n\n<figure class=\"wp-block-image size-large\"><img decoding=\"async\" width=\"630\" height=\"420\" data-id=\"2405\" src=\"https:\/\/www.geopolitics.fr\/wp-content\/uploads\/2024\/03\/8a0ff05afba14d13c86cec9cfdaccb29.webp\" alt=\"\" class=\"wp-image-2405\" srcset=\"https:\/\/www.geopolitics.fr\/wp-content\/uploads\/2024\/03\/8a0ff05afba14d13c86cec9cfdaccb29.webp 630w, https:\/\/www.geopolitics.fr\/wp-content\/uploads\/2024\/03\/8a0ff05afba14d13c86cec9cfdaccb29-600x400.webp 600w, https:\/\/www.geopolitics.fr\/wp-content\/uploads\/2024\/03\/8a0ff05afba14d13c86cec9cfdaccb29-300x200.webp 300w, https:\/\/www.geopolitics.fr\/wp-content\/uploads\/2024\/03\/8a0ff05afba14d13c86cec9cfdaccb29-585x390.webp 585w, https:\/\/www.geopolitics.fr\/wp-content\/uploads\/2024\/03\/8a0ff05afba14d13c86cec9cfdaccb29-263x175.webp 263w\" sizes=\"(max-width: 630px) 100vw, 630px\" \/><\/figure>\n<\/figure>\n\n\n\n<p class=\"wp-block-paragraph\"><\/p>\n\n\n\n<p class=\"has-medium-font-size wp-block-paragraph\">Nous avons donc&nbsp;deux listes BHL aux europ\u00e9ennes. <strong>Quelques nuances tout de m\u00eame<\/strong>&nbsp;: le PS soutient moins (\u00e0 l\u2019exception de quelques personnalit\u00e9s bien identifi\u00e9es) le possible g\u00e9nocide \u00e0 Gaza et a corrig\u00e9 tardivement le tir tandis que Renaissance fait preuve d\u2019une constance dans le soutien \u00e0 Netanyahou.<\/p>\n\n\n\n<h3 class=\"wp-block-heading\" id=\"h-1-3-l-europe-comme-contrainte\">1.3 L&rsquo;Europe comme contrainte<\/h3>\n\n\n\n<p class=\"has-medium-font-size wp-block-paragraph\">L\u2019Europe macronienne, c\u2019est celle du \u00ab&nbsp;en m\u00eame temps&nbsp;\u00bb <strong>o\u00f9 l\u2019on vote au Parlement Europ\u00e9en tous les accords de&nbsp;\u00ab&nbsp;libre-\u00e9change&nbsp;\u00bb tout en pr\u00e9tendant s\u2019y opposer en politique int\u00e9rieure. Celle d\u2019une France o\u00f9 l\u2019on d\u00e9cide que les normes europ\u00e9ennes n\u2019\u00e9tant pas suffisamment lourdes, il est n\u00e9cessaire de les complexifier davantage lors de la transposition en droit fran\u00e7ais.<\/strong> La crise de notre agriculture, la col\u00e8re des agriculteurs r\u00e9sulte pour partie de cette complexit\u00e9 que le Secr\u00e9tariat g\u00e9n\u00e9ral des affaires europ\u00e9en (SGAE) entretient. Mais de qui d\u00e9pend cette organisme&nbsp;? Du Premier ministre&nbsp;! <strong>Mission doit \u00eatre donn\u00e9e au SGAE de demander aux minist\u00e8res comp\u00e9tents, pour chaque directive, de faire exactement l\u2019inverse<\/strong>. A l\u2019image de ce que fait depuis longtemps l\u2019Allemagne&nbsp;: une transposition souple et la moins contraignante possible.&nbsp;&nbsp;&nbsp;&nbsp;&nbsp;&nbsp;&nbsp;&nbsp;&nbsp;&nbsp;<\/p>\n\n\n\n<p class=\"has-medium-font-size wp-block-paragraph\">Cette Europe-l\u00e0, dans laquelle la France perd son \u00e2me et sa souverainet\u00e9 nous n\u2019en voulons pas&nbsp;! Cette Europe focalis\u00e9e sur l\u2019Est du continent qui abandonne la M\u00e9diterran\u00e9e et l\u2019Afrique nous n\u2019en voulons pas. Cette Europe-l\u00e0 inf\u00e9od\u00e9e aux Etats-Unis pour ses choix strat\u00e9giques, nous n\u2019en voulons pas&nbsp;!<\/p>","protected":false},"excerpt":{"rendered":"<p>Erwan DAVOUX, ancien charg\u00e9 de mission \u00e0 la Pr\u00e9sidence de la R\u00e9publique, a conseill\u00e9 de nombreuses personnalit\u00e9s politiques de droite \u00e0 l&rsquo;international&hellip;<\/p>","protected":false},"author":16,"featured_media":2357,"comment_status":"open","ping_status":"open","sticky":false,"template":"","format":"standard","meta":{"_lmt_disableupdate":"","_lmt_disable":"","footnotes":""},"categories":[40,3],"tags":[],"class_list":["post-2403","post","type-post","status-publish","format-standard","has-post-thumbnail","hentry","category-election","category-politique"],"yoast_head":"<!-- This site is optimized with the Yoast SEO Premium plugin v28.1 (Yoast SEO v28.1) - https:\/\/yoast.com\/product\/yoast-seo-premium-wordpress\/ -->\n<title>Elections europ\u00e9ennes : un choix peu ragoutant pour les \u00e9lecteurs ! | Geopolitics.fr<\/title>\n<meta name=\"robots\" content=\"index, follow, max-snippet:-1, max-image-preview:large, max-video-preview:-1\" \/>\n<link rel=\"canonical\" href=\"https:\/\/www.geopolitics.fr\/en\/2024\/03\/24\/elections-europeennes-un-choix-peu-ragoutant-pour-les-electeurs\/\" \/>\n<meta property=\"og:locale\" content=\"en_GB\" \/>\n<meta property=\"og:type\" content=\"article\" \/>\n<meta property=\"og:title\" content=\"Elections europ\u00e9ennes : un choix peu ragoutant pour les \u00e9lecteurs !\" \/>\n<meta property=\"og:description\" content=\"Erwan DAVOUX, ancien charg\u00e9 de mission \u00e0 la Pr\u00e9sidence de la R\u00e9publique, a conseill\u00e9 de nombreuses personnalit\u00e9s politiques de droite \u00e0 l&rsquo;international&hellip;\" \/>\n<meta property=\"og:url\" content=\"https:\/\/www.geopolitics.fr\/en\/2024\/03\/24\/elections-europeennes-un-choix-peu-ragoutant-pour-les-electeurs\/\" \/>\n<meta property=\"og:site_name\" content=\"Geopolitics.fr\" \/>\n<meta property=\"article:publisher\" content=\"https:\/\/www.facebook.com\/people\/Erwan-Davoux\/61557098968092\/\" \/>\n<meta property=\"article:author\" content=\"Erwan Davoux\" \/>\n<meta property=\"article:published_time\" content=\"2024-03-24T11:01:41+00:00\" \/>\n<meta property=\"article:modified_time\" content=\"2024-03-26T19:48:14+00:00\" \/>\n<meta property=\"og:image\" content=\"https:\/\/www.geopolitics.fr\/wp-content\/uploads\/2024\/03\/Depositphotos_706039778_XL-scaled.jpg\" \/>\n\t<meta property=\"og:image:width\" content=\"2560\" \/>\n\t<meta property=\"og:image:height\" content=\"644\" \/>\n\t<meta property=\"og:image:type\" content=\"image\/jpeg\" \/>\n<meta name=\"author\" content=\"Erwan Davoux\" \/>\n<meta name=\"twitter:card\" content=\"summary_large_image\" \/>\n<meta name=\"twitter:creator\" content=\"@erwandavoux @Geo_politicsfr\" \/>\n<meta name=\"twitter:site\" content=\"@Geopolitics_Fr\" \/>\n<meta name=\"twitter:label1\" content=\"Written by\" \/>\n\t<meta name=\"twitter:data1\" content=\"Erwan Davoux\" \/>\n\t<meta name=\"twitter:label2\" content=\"Estimated reading time\" \/>\n\t<meta name=\"twitter:data2\" content=\"7 minutes\" \/>\n<script type=\"application\/ld+json\" class=\"yoast-schema-graph\">{\"@context\":\"https:\\\/\\\/schema.org\",\"@graph\":[{\"@type\":\"Article\",\"@id\":\"https:\\\/\\\/www.geopolitics.fr\\\/2024\\\/03\\\/24\\\/elections-europeennes-un-choix-peu-ragoutant-pour-les-electeurs\\\/#article\",\"isPartOf\":{\"@id\":\"https:\\\/\\\/www.geopolitics.fr\\\/2024\\\/03\\\/24\\\/elections-europeennes-un-choix-peu-ragoutant-pour-les-electeurs\\\/\"},\"author\":{\"name\":\"Erwan Davoux\",\"@id\":\"https:\\\/\\\/www.geopolitics.fr\\\/#\\\/schema\\\/person\\\/a487273e91313e368925717400fa1b11\"},\"headline\":\"Elections europ\u00e9ennes : un choix peu ragoutant pour les \u00e9lecteurs !\",\"datePublished\":\"2024-03-24T11:01:41+00:00\",\"dateModified\":\"2024-03-26T19:48:14+00:00\",\"mainEntityOfPage\":{\"@id\":\"https:\\\/\\\/www.geopolitics.fr\\\/2024\\\/03\\\/24\\\/elections-europeennes-un-choix-peu-ragoutant-pour-les-electeurs\\\/\"},\"wordCount\":1441,\"commentCount\":0,\"publisher\":{\"@id\":\"https:\\\/\\\/www.geopolitics.fr\\\/#organization\"},\"image\":{\"@id\":\"https:\\\/\\\/www.geopolitics.fr\\\/2024\\\/03\\\/24\\\/elections-europeennes-un-choix-peu-ragoutant-pour-les-electeurs\\\/#primaryimage\"},\"thumbnailUrl\":\"https:\\\/\\\/www.geopolitics.fr\\\/wp-content\\\/uploads\\\/2024\\\/03\\\/Depositphotos_706039778_XL-scaled.jpg\",\"articleSection\":[\"Election\",\"Politique\"],\"inLanguage\":\"en-GB\"},{\"@type\":\"WebPage\",\"@id\":\"https:\\\/\\\/www.geopolitics.fr\\\/2024\\\/03\\\/24\\\/elections-europeennes-un-choix-peu-ragoutant-pour-les-electeurs\\\/\",\"url\":\"https:\\\/\\\/www.geopolitics.fr\\\/2024\\\/03\\\/24\\\/elections-europeennes-un-choix-peu-ragoutant-pour-les-electeurs\\\/\",\"name\":\"Elections europ\u00e9ennes : un choix peu ragoutant pour les \u00e9lecteurs ! | Geopolitics.fr\",\"isPartOf\":{\"@id\":\"https:\\\/\\\/www.geopolitics.fr\\\/#website\"},\"primaryImageOfPage\":{\"@id\":\"https:\\\/\\\/www.geopolitics.fr\\\/2024\\\/03\\\/24\\\/elections-europeennes-un-choix-peu-ragoutant-pour-les-electeurs\\\/#primaryimage\"},\"image\":{\"@id\":\"https:\\\/\\\/www.geopolitics.fr\\\/2024\\\/03\\\/24\\\/elections-europeennes-un-choix-peu-ragoutant-pour-les-electeurs\\\/#primaryimage\"},\"thumbnailUrl\":\"https:\\\/\\\/www.geopolitics.fr\\\/wp-content\\\/uploads\\\/2024\\\/03\\\/Depositphotos_706039778_XL-scaled.jpg\",\"datePublished\":\"2024-03-24T11:01:41+00:00\",\"dateModified\":\"2024-03-26T19:48:14+00:00\",\"breadcrumb\":{\"@id\":\"https:\\\/\\\/www.geopolitics.fr\\\/2024\\\/03\\\/24\\\/elections-europeennes-un-choix-peu-ragoutant-pour-les-electeurs\\\/#breadcrumb\"},\"inLanguage\":\"en-GB\",\"potentialAction\":[{\"@type\":\"ReadAction\",\"target\":[\"https:\\\/\\\/www.geopolitics.fr\\\/2024\\\/03\\\/24\\\/elections-europeennes-un-choix-peu-ragoutant-pour-les-electeurs\\\/\"]}]},{\"@type\":\"ImageObject\",\"inLanguage\":\"en-GB\",\"@id\":\"https:\\\/\\\/www.geopolitics.fr\\\/2024\\\/03\\\/24\\\/elections-europeennes-un-choix-peu-ragoutant-pour-les-electeurs\\\/#primaryimage\",\"url\":\"https:\\\/\\\/www.geopolitics.fr\\\/wp-content\\\/uploads\\\/2024\\\/03\\\/Depositphotos_706039778_XL-scaled.jpg\",\"contentUrl\":\"https:\\\/\\\/www.geopolitics.fr\\\/wp-content\\\/uploads\\\/2024\\\/03\\\/Depositphotos_706039778_XL-scaled.jpg\",\"width\":1920,\"height\":483},{\"@type\":\"BreadcrumbList\",\"@id\":\"https:\\\/\\\/www.geopolitics.fr\\\/2024\\\/03\\\/24\\\/elections-europeennes-un-choix-peu-ragoutant-pour-les-electeurs\\\/#breadcrumb\",\"itemListElement\":[{\"@type\":\"ListItem\",\"position\":1,\"name\":\"Accueil\",\"item\":\"https:\\\/\\\/www.geopolitics.fr\\\/\"},{\"@type\":\"ListItem\",\"position\":2,\"name\":\"Elections europ\u00e9ennes : un choix peu ragoutant pour les \u00e9lecteurs !\"}]},{\"@type\":\"WebSite\",\"@id\":\"https:\\\/\\\/www.geopolitics.fr\\\/#website\",\"url\":\"https:\\\/\\\/www.geopolitics.fr\\\/\",\"name\":\"Geopolitics.fr\",\"description\":\"Geopolitics.fr Analyse politique, relations internationales, d\u00e9fense - ligne \u00e9ditoriale gaullo-chiraquienne\",\"publisher\":{\"@id\":\"https:\\\/\\\/www.geopolitics.fr\\\/#organization\"},\"potentialAction\":[{\"@type\":\"SearchAction\",\"target\":{\"@type\":\"EntryPoint\",\"urlTemplate\":\"https:\\\/\\\/www.geopolitics.fr\\\/?s={search_term_string}\"},\"query-input\":{\"@type\":\"PropertyValueSpecification\",\"valueRequired\":true,\"valueName\":\"search_term_string\"}}],\"inLanguage\":\"en-GB\"},{\"@type\":\"Organization\",\"@id\":\"https:\\\/\\\/www.geopolitics.fr\\\/#organization\",\"name\":\"Geopolitics.fr\",\"url\":\"https:\\\/\\\/www.geopolitics.fr\\\/\",\"logo\":{\"@type\":\"ImageObject\",\"inLanguage\":\"en-GB\",\"@id\":\"https:\\\/\\\/www.geopolitics.fr\\\/#\\\/schema\\\/logo\\\/image\\\/\",\"url\":\"https:\\\/\\\/www.geopolitics.fr\\\/wp-content\\\/uploads\\\/2024\\\/01\\\/logo.jpg\",\"contentUrl\":\"https:\\\/\\\/www.geopolitics.fr\\\/wp-content\\\/uploads\\\/2024\\\/01\\\/logo.jpg\",\"width\":500,\"height\":500,\"caption\":\"Geopolitics.fr\"},\"image\":{\"@id\":\"https:\\\/\\\/www.geopolitics.fr\\\/#\\\/schema\\\/logo\\\/image\\\/\"},\"sameAs\":[\"https:\\\/\\\/www.facebook.com\\\/people\\\/Erwan-Davoux\\\/61557098968092\\\/\",\"https:\\\/\\\/x.com\\\/Geopolitics_Fr\"]},{\"@type\":\"Person\",\"@id\":\"https:\\\/\\\/www.geopolitics.fr\\\/#\\\/schema\\\/person\\\/a487273e91313e368925717400fa1b11\",\"name\":\"Erwan Davoux\",\"image\":{\"@type\":\"ImageObject\",\"inLanguage\":\"en-GB\",\"@id\":\"https:\\\/\\\/www.geopolitics.fr\\\/wp-content\\\/uploads\\\/2026\\\/05\\\/moi-96x96.jpg\",\"url\":\"https:\\\/\\\/www.geopolitics.fr\\\/wp-content\\\/uploads\\\/2026\\\/05\\\/moi-96x96.jpg\",\"contentUrl\":\"https:\\\/\\\/www.geopolitics.fr\\\/wp-content\\\/uploads\\\/2026\\\/05\\\/moi-96x96.jpg\",\"caption\":\"Erwan Davoux\"},\"description\":\"Erwan DAVOUX est Pr\u00e9sident de LMD CONSEIL, (conseil strat\u00e9gique, intelligence \u00e9conomique, risque g\u00e9opolitique, influence politique, diplomatie \u00e9conomique). Dipl\u00f4m\u00e9 de l'IEP de Paris et de l'INALCO (d\u00e9partement d'\u00e9tudes arabes), il est directeur de la publication de geopolitics.fr. Ancien fonctionnaire au Minist\u00e8re de l'Int\u00e9rieur et de la D\u00e9fense (DGSE) Ancien charg\u00e9 de Mission \u00e0 la Pr\u00e9sidence de la R\u00e9publique (cellule diplomatique) Conseil de nombreuses personnalit\u00e9s politiques \u00e0 l'International (dont deux anciens Premiers ministres).\",\"sameAs\":[\"Erwan Davoux\",\"@erwandavoux\",\"https:\\\/\\\/www.linkedin.com\\\/in\\\/erwan-davoux-6800b289\\\/\",\"https:\\\/\\\/x.com\\\/@erwandavoux @Geo_politicsfr\"],\"url\":\"https:\\\/\\\/www.geopolitics.fr\\\/en\\\/author\\\/erwan-davoux\\\/\"}]}<\/script>\n<!-- \/ Yoast SEO Premium plugin. -->","yoast_head_json":{"title":"Elections europ\u00e9ennes : un choix peu ragoutant pour les \u00e9lecteurs ! | Geopolitics.fr","robots":{"index":"index","follow":"follow","max-snippet":"max-snippet:-1","max-image-preview":"max-image-preview:large","max-video-preview":"max-video-preview:-1"},"canonical":"https:\/\/www.geopolitics.fr\/en\/2024\/03\/24\/elections-europeennes-un-choix-peu-ragoutant-pour-les-electeurs\/","og_locale":"en_GB","og_type":"article","og_title":"Elections europ\u00e9ennes : un choix peu ragoutant pour les \u00e9lecteurs !","og_description":"Erwan DAVOUX, ancien charg\u00e9 de mission \u00e0 la Pr\u00e9sidence de la R\u00e9publique, a conseill\u00e9 de nombreuses personnalit\u00e9s politiques de droite \u00e0 l&rsquo;international&hellip;","og_url":"https:\/\/www.geopolitics.fr\/en\/2024\/03\/24\/elections-europeennes-un-choix-peu-ragoutant-pour-les-electeurs\/","og_site_name":"Geopolitics.fr","article_publisher":"https:\/\/www.facebook.com\/people\/Erwan-Davoux\/61557098968092\/","article_author":"Erwan Davoux","article_published_time":"2024-03-24T11:01:41+00:00","article_modified_time":"2024-03-26T19:48:14+00:00","og_image":[{"width":2560,"height":644,"url":"https:\/\/www.geopolitics.fr\/wp-content\/uploads\/2024\/03\/Depositphotos_706039778_XL-scaled.jpg","type":"image\/jpeg"}],"author":"Erwan Davoux","twitter_card":"summary_large_image","twitter_creator":"@erwandavoux @Geo_politicsfr","twitter_site":"@Geopolitics_Fr","twitter_misc":{"Written by":"Erwan Davoux","Estimated reading time":"7 minutes"},"schema":{"@context":"https:\/\/schema.org","@graph":[{"@type":"Article","@id":"https:\/\/www.geopolitics.fr\/2024\/03\/24\/elections-europeennes-un-choix-peu-ragoutant-pour-les-electeurs\/#article","isPartOf":{"@id":"https:\/\/www.geopolitics.fr\/2024\/03\/24\/elections-europeennes-un-choix-peu-ragoutant-pour-les-electeurs\/"},"author":{"name":"Erwan Davoux","@id":"https:\/\/www.geopolitics.fr\/#\/schema\/person\/a487273e91313e368925717400fa1b11"},"headline":"Elections europ\u00e9ennes : un choix peu ragoutant pour les \u00e9lecteurs !","datePublished":"2024-03-24T11:01:41+00:00","dateModified":"2024-03-26T19:48:14+00:00","mainEntityOfPage":{"@id":"https:\/\/www.geopolitics.fr\/2024\/03\/24\/elections-europeennes-un-choix-peu-ragoutant-pour-les-electeurs\/"},"wordCount":1441,"commentCount":0,"publisher":{"@id":"https:\/\/www.geopolitics.fr\/#organization"},"image":{"@id":"https:\/\/www.geopolitics.fr\/2024\/03\/24\/elections-europeennes-un-choix-peu-ragoutant-pour-les-electeurs\/#primaryimage"},"thumbnailUrl":"https:\/\/www.geopolitics.fr\/wp-content\/uploads\/2024\/03\/Depositphotos_706039778_XL-scaled.jpg","articleSection":["Election","Politique"],"inLanguage":"en-GB"},{"@type":"WebPage","@id":"https:\/\/www.geopolitics.fr\/2024\/03\/24\/elections-europeennes-un-choix-peu-ragoutant-pour-les-electeurs\/","url":"https:\/\/www.geopolitics.fr\/2024\/03\/24\/elections-europeennes-un-choix-peu-ragoutant-pour-les-electeurs\/","name":"Elections europ\u00e9ennes : un choix peu ragoutant pour les \u00e9lecteurs ! | Geopolitics.fr","isPartOf":{"@id":"https:\/\/www.geopolitics.fr\/#website"},"primaryImageOfPage":{"@id":"https:\/\/www.geopolitics.fr\/2024\/03\/24\/elections-europeennes-un-choix-peu-ragoutant-pour-les-electeurs\/#primaryimage"},"image":{"@id":"https:\/\/www.geopolitics.fr\/2024\/03\/24\/elections-europeennes-un-choix-peu-ragoutant-pour-les-electeurs\/#primaryimage"},"thumbnailUrl":"https:\/\/www.geopolitics.fr\/wp-content\/uploads\/2024\/03\/Depositphotos_706039778_XL-scaled.jpg","datePublished":"2024-03-24T11:01:41+00:00","dateModified":"2024-03-26T19:48:14+00:00","breadcrumb":{"@id":"https:\/\/www.geopolitics.fr\/2024\/03\/24\/elections-europeennes-un-choix-peu-ragoutant-pour-les-electeurs\/#breadcrumb"},"inLanguage":"en-GB","potentialAction":[{"@type":"ReadAction","target":["https:\/\/www.geopolitics.fr\/2024\/03\/24\/elections-europeennes-un-choix-peu-ragoutant-pour-les-electeurs\/"]}]},{"@type":"ImageObject","inLanguage":"en-GB","@id":"https:\/\/www.geopolitics.fr\/2024\/03\/24\/elections-europeennes-un-choix-peu-ragoutant-pour-les-electeurs\/#primaryimage","url":"https:\/\/www.geopolitics.fr\/wp-content\/uploads\/2024\/03\/Depositphotos_706039778_XL-scaled.jpg","contentUrl":"https:\/\/www.geopolitics.fr\/wp-content\/uploads\/2024\/03\/Depositphotos_706039778_XL-scaled.jpg","width":1920,"height":483},{"@type":"BreadcrumbList","@id":"https:\/\/www.geopolitics.fr\/2024\/03\/24\/elections-europeennes-un-choix-peu-ragoutant-pour-les-electeurs\/#breadcrumb","itemListElement":[{"@type":"ListItem","position":1,"name":"Accueil","item":"https:\/\/www.geopolitics.fr\/"},{"@type":"ListItem","position":2,"name":"Elections europ\u00e9ennes : un choix peu ragoutant pour les \u00e9lecteurs !"}]},{"@type":"WebSite","@id":"https:\/\/www.geopolitics.fr\/#website","url":"https:\/\/www.geopolitics.fr\/","name":"Geopolitics.fr","description":"Geopolitics.fr Analyse politique, relations internationales, d\u00e9fense - ligne \u00e9ditoriale gaullo-chiraquienne","publisher":{"@id":"https:\/\/www.geopolitics.fr\/#organization"},"potentialAction":[{"@type":"SearchAction","target":{"@type":"EntryPoint","urlTemplate":"https:\/\/www.geopolitics.fr\/?s={search_term_string}"},"query-input":{"@type":"PropertyValueSpecification","valueRequired":true,"valueName":"search_term_string"}}],"inLanguage":"en-GB"},{"@type":"Organization","@id":"https:\/\/www.geopolitics.fr\/#organization","name":"Geopolitics.fr","url":"https:\/\/www.geopolitics.fr\/","logo":{"@type":"ImageObject","inLanguage":"en-GB","@id":"https:\/\/www.geopolitics.fr\/#\/schema\/logo\/image\/","url":"https:\/\/www.geopolitics.fr\/wp-content\/uploads\/2024\/01\/logo.jpg","contentUrl":"https:\/\/www.geopolitics.fr\/wp-content\/uploads\/2024\/01\/logo.jpg","width":500,"height":500,"caption":"Geopolitics.fr"},"image":{"@id":"https:\/\/www.geopolitics.fr\/#\/schema\/logo\/image\/"},"sameAs":["https:\/\/www.facebook.com\/people\/Erwan-Davoux\/61557098968092\/","https:\/\/x.com\/Geopolitics_Fr"]},{"@type":"Person","@id":"https:\/\/www.geopolitics.fr\/#\/schema\/person\/a487273e91313e368925717400fa1b11","name":"Erwan Davoux","image":{"@type":"ImageObject","inLanguage":"en-GB","@id":"https:\/\/www.geopolitics.fr\/wp-content\/uploads\/2026\/05\/moi-96x96.jpg","url":"https:\/\/www.geopolitics.fr\/wp-content\/uploads\/2026\/05\/moi-96x96.jpg","contentUrl":"https:\/\/www.geopolitics.fr\/wp-content\/uploads\/2026\/05\/moi-96x96.jpg","caption":"Erwan Davoux"},"description":"Erwan DAVOUX est Pr\u00e9sident de LMD CONSEIL, (conseil strat\u00e9gique, intelligence \u00e9conomique, risque g\u00e9opolitique, influence politique, diplomatie \u00e9conomique). Dipl\u00f4m\u00e9 de l'IEP de Paris et de l'INALCO (d\u00e9partement d'\u00e9tudes arabes), il est directeur de la publication de geopolitics.fr. Ancien fonctionnaire au Minist\u00e8re de l'Int\u00e9rieur et de la D\u00e9fense (DGSE) Ancien charg\u00e9 de Mission \u00e0 la Pr\u00e9sidence de la R\u00e9publique (cellule diplomatique) Conseil de nombreuses personnalit\u00e9s politiques \u00e0 l'International (dont deux anciens Premiers ministres).","sameAs":["Erwan Davoux","@erwandavoux","https:\/\/www.linkedin.com\/in\/erwan-davoux-6800b289\/","https:\/\/x.com\/@erwandavoux @Geo_politicsfr"],"url":"https:\/\/www.geopolitics.fr\/en\/author\/erwan-davoux\/"}]}},"_links":{"self":[{"href":"https:\/\/www.geopolitics.fr\/en\/wp-json\/wp\/v2\/posts\/2403","targetHints":{"allow":["GET"]}}],"collection":[{"href":"https:\/\/www.geopolitics.fr\/en\/wp-json\/wp\/v2\/posts"}],"about":[{"href":"https:\/\/www.geopolitics.fr\/en\/wp-json\/wp\/v2\/types\/post"}],"author":[{"embeddable":true,"href":"https:\/\/www.geopolitics.fr\/en\/wp-json\/wp\/v2\/users\/16"}],"replies":[{"embeddable":true,"href":"https:\/\/www.geopolitics.fr\/en\/wp-json\/wp\/v2\/comments?post=2403"}],"version-history":[{"count":0,"href":"https:\/\/www.geopolitics.fr\/en\/wp-json\/wp\/v2\/posts\/2403\/revisions"}],"wp:featuredmedia":[{"embeddable":true,"href":"https:\/\/www.geopolitics.fr\/en\/wp-json\/wp\/v2\/media\/2357"}],"wp:attachment":[{"href":"https:\/\/www.geopolitics.fr\/en\/wp-json\/wp\/v2\/media?parent=2403"}],"wp:term":[{"taxonomy":"category","embeddable":true,"href":"https:\/\/www.geopolitics.fr\/en\/wp-json\/wp\/v2\/categories?post=2403"},{"taxonomy":"post_tag","embeddable":true,"href":"https:\/\/www.geopolitics.fr\/en\/wp-json\/wp\/v2\/tags?post=2403"}],"curies":[{"name":"wp","href":"https:\/\/api.w.org\/{rel}","templated":true}]}}