{"id":2394,"date":"2024-03-22T13:43:46","date_gmt":"2024-03-22T12:43:46","guid":{"rendered":"https:\/\/www.geopolitics.fr\/?p=2394"},"modified":"2024-03-26T20:59:37","modified_gmt":"2024-03-26T19:59:37","slug":"ecologie-versus-economie-les-deux-faces-dune-meme-monnaie","status":"publish","type":"post","link":"https:\/\/www.geopolitics.fr\/en\/2024\/03\/22\/ecologie-versus-economie-les-deux-faces-dune-meme-monnaie\/","title":{"rendered":"\u00c9cologie versus \u00e9conomie, les deux faces d&rsquo;une m\u00eame monnaie ?"},"content":{"rendered":"<p class=\"wp-block-paragraph\">Par\u00a0<strong>David OSORIO<\/strong><em>, Avocat et ancien diplomate de carri\u00e8re v\u00e9n\u00e9zu\u00e9lien \/ Expert en droit international, g\u00e9opolitique et affaires multilat\u00e9rales \/ Essayiste sur l\u2019actualit\u00e9 de la politique internationale.<\/em><\/p>\n\n\n\n<p class=\"has-medium-font-size wp-block-paragraph\">Le monde est confront\u00e9 \u00e0 une menace existentielle : le changement climatique. <strong>La sonnette d\u2019alarme sur l\u2019exploitation excessive des ressources naturelles et leur consommation irresponsable fut tir\u00e9e, non pas lorsque les glaciers commen\u00e7aient \u00e0 fondre ou lorsque des inondations ou des tremblements de terre d\u00e9vastaient des villes enti\u00e8res du Pacifique, mais lorsque leurs effets ont commenc\u00e9 \u00e0 affecter de mani\u00e8re exponentielle les taux de production et de croissance de l\u2019\u00e9conomie mondiale.<\/strong><\/p>\n\n\n\n<p class=\"has-medium-font-size wp-block-paragraph\"><strong>Le jour o\u00f9 le d\u00e9r\u00e8glement climatique a inqui\u00e9t\u00e9 Wall Street et les banques est celui pr\u00e9cis\u00e9ment o\u00f9 les politiques ont d\u00e9cid\u00e9 d\u2019inscrire cette question parmi les priorit\u00e9s de l\u2019agenda international.<\/strong> Cependant, les nombreux accords sign\u00e9s par plusieurs pays sur certains aspects fondamentaux de la diplomatie \u00e9cologique n&rsquo;ont <strong>pas \u00e9t\u00e9 suffisamment contraignants pour faire face aux risques et \u00e0 l&rsquo;urgence environnementale actuelle.<\/strong><\/p>\n\n\n\n<p class=\"has-medium-font-size wp-block-paragraph\">L&rsquo;humanit\u00e9 a quitt\u00e9 depuis longtemps sa zone de confort environnemental en raison de du d\u00e9veloppement des plus grandes \u00e9conomies mondiales, provoquant de nouveaux conflits dont les solutions possibles ne vont pas vers la v\u00e9ritable r\u00e9solution de la crise climatique, mais vers l&rsquo;\u00e9tablissement de nouveaux trait\u00e9s et accords \u00e9conomiques et commerciaux souscrits en juxtaposition \u00e0 celui de l\u2019agenda \u00e9cologique multilat\u00e9ral.<\/p>\n\n\n\n<p class=\"has-medium-font-size wp-block-paragraph\">R\u00e9parer ce d\u00e9sordre de la nature ne peut pas signifier, comme le sugg\u00e8rent certains analystes, convaincre les gouvernements d\u2019adapter leurs politiques au changement climatique afin de continuer \u00e0 soutenir un mod\u00e8le \u00e9conomique pr\u00e9dateur. Bien au contraire, leurs politiques doivent modifier leur mod\u00e8le \u00e9conomique pour promouvoir l\u2019att\u00e9nuation de l\u2019impact environnemental et g\u00e9n\u00e9rer une durabilit\u00e9 climatique.<strong> Comme le souligne l\u2019UNESCO dans son rapport \u00ab Changeons les esprits, pas le climat<\/strong> <strong>\/ Le r\u00f4le de l\u2019\u00e9ducation<\/strong> \u00bb. (https:\/\/unesdoc.unesco.org\/ark:\/48223\/pf0000266203_fre)<\/p>\n\n\n\n<p class=\"has-medium-font-size wp-block-paragraph\">Lorsque nous examinons certaines des pr\u00e9tendues \u00ab id\u00e9es innovantes \u00bb pour r\u00e9soudre le probl\u00e8me sous- jacent qui est l\u2019\u00e9cologie et non l\u2019\u00e9conomie, nous constatons que bon <strong>nombre des n\u00e9gociateurs ne sont pas de v\u00e9ritables experts en environnement mais en macro\u00e9conomie. <\/strong>La question est donc plus complexe qu\u2019on pourrait le penser, puisqu\u2019il s\u2019agit <strong>d\u2019inciter les principales puissances mondiales \u00e0 parvenir \u00e0 un consensus environnemental en abordant le probl\u00e8me principalement sous l\u2019angle des co\u00fbts financiers. <\/strong>Cette maladresse diplomatique a sans doute \u00e9t\u00e9 l\u2019une des principales raisons de l\u2019\u00e9chec des Accords de Paris de 2015.<\/p>\n\n\n\n<p class=\"has-medium-font-size wp-block-paragraph\">En fait, la Banque mondiale a indiqu\u00e9 que si des mesures rapides et urgentes ne sont pas prises, l\u2019impact du changement climatique pourrait plonger cent millions de personnes dans la pauvret\u00e9 en 2030, sans compter les difficult\u00e9s que les Nations Unies ont pr\u00e9vues dans leurs r\u00e9cents rapports, sans prendre en compte la demande de besoins alimentaires pour une population mondiale qui pourrait atteindre 10 milliards de personnes en 2050.<\/p>\n\n\n\n<p class=\"has-medium-font-size wp-block-paragraph\"><strong>En revanche, l\u2019engagement de certains pays \u00e0 r\u00e9duire leurs \u00e9missions de gaz \u00e0 effet de serre ne sert \u00e0 rien si les pays les plus pollueurs refusent de limiter les leurs.<\/strong> Sans excuse probante, les grands pays pollueurs se soucient davantage du co\u00fbt pour leur \u00e9conomie que du co\u00fbt de la limitation du r\u00e9chauffement climatique \u00e0 1,5 degr\u00e9 Celsius, car les b\u00e9n\u00e9fices p\u00e8sent plus dans la balance que les futures pertes.<\/p>\n\n\n\n<p class=\"has-medium-font-size wp-block-paragraph\"><strong>QUE FAIRE ALORS?<\/strong><\/p>\n\n\n\n<p class=\"has-medium-font-size wp-block-paragraph\">Nous sommes sans aucun doute confront\u00e9s \u00e0 un probl\u00e8me politique dont les motivations \u00e9conomiques sont plus importantes que les motivations \u00e9cologiques et humanitaires, ce qui constitue d\u00e8s le d\u00e9part un d\u00e9fi pour tout m\u00e9canisme de n\u00e9gociation.<\/p>\n\n\n\n<p class=\"has-medium-font-size wp-block-paragraph\"><strong>Dans ce contexte, la coop\u00e9ration et la convergence entre les gouvernements, la soci\u00e9t\u00e9 civile et le secteur priv\u00e9 sont essentielles pour donner une l\u00e9gitimit\u00e9 suffisante \u00e0 un \u00c9tat au sein de la Conf\u00e9rence des Parties (COP) de la Convention-cadre des Nations Unies sur les changements climatiques (CCNUCC).<\/strong> Pour cette raison, bon nombre des positions propos\u00e9es par certains pays ne sont pas vraiment coh\u00e9rentes ou repr\u00e9sentatives de leurs soci\u00e9t\u00e9s et cela a pr\u00e9cis\u00e9ment \u00e9t\u00e9 l&rsquo;une des principales causes d&rsquo;une plus grande \u00e9mergence d&rsquo;organisations et de groupes environnementaux au niveau mondial.<\/p>\n\n\n\n<p class=\"has-medium-font-size wp-block-paragraph\"><strong>Pourquoi les Nations Unies ne sugg\u00e8rent-elles pas, par exemple, la possibilit\u00e9 d&rsquo;adopter une r\u00e9solution contraignante afin que les pays puissent convoquer un r\u00e9f\u00e9rendum consultatif et que leurs soci\u00e9t\u00e9s puissent d\u00e9cider des mesures \u00e0 adopter en la mati\u00e8re ?<\/strong><\/p>\n\n\n\n<p class=\"has-medium-font-size wp-block-paragraph\">Tant que cela ne se produira pas, les grandes industries polluantes, par leurs liens politiques, ne continueront pas seulement \u00e0 influencer les d\u00e9cisions gouvernementales en mati\u00e8re de changement climatique, mais <strong>elles chercheront \u00e9galement des moyens nouveaux et sophistiqu\u00e9s pour \u00e9chapper, par diff\u00e9rents raccourcis technologiques, au processus de transition vers l\u2019\u00e9limination progressive des combustibles fossiles, tel que propos\u00e9 \u00e0 la COP-28 en 2023.<\/strong><\/p>\n\n\n\n<p class=\"has-medium-font-size wp-block-paragraph\"><strong>Le monde a besoin d\u2019un nouveau multilat\u00e9ralisme \u00e9cologique juridiquement plus audacieux, plus ambitieux et plus efficace, pour construire non seulement une nouvelle architecture financi\u00e8re de d\u00e9fense de l\u2019environnement et du d\u00e9veloppement durable, mais aussi pour \u00e9tablir de nouvelles instances capables de faire respecter les accords par le biais de mesures coercitives et de sanctions, <\/strong>conduisant \u00e0 r\u00e9parer les dommages environnementaux et \u00e0 compenser les pertes humaines et mat\u00e9rielles.<\/p>\n\n\n\n<p class=\"has-medium-font-size wp-block-paragraph\"><strong>Depuis cette tribune d&rsquo;opinion, nous <\/strong>n<strong>ous interrogeons<\/strong> :<\/p>\n\n\n\n<p class=\"has-medium-font-size wp-block-paragraph\">O\u00f9 nous allons ? Une guerre pour l\u2019eau et d\u2019autres ressources limit\u00e9es ? La politique peut-elle \u00eatre d\u00e9carbon\u00e9e ?<\/p>\n\n\n\n<p class=\"has-medium-font-size wp-block-paragraph\">Vers la cr\u00e9ation d\u2019une Cour p\u00e9nale internationale de l\u2019environnement ?<\/p>\n\n\n\n<p class=\"has-medium-font-size wp-block-paragraph\">Un Conseil international d\u2019urgence environnementale pourrait-il \u00eatre \u00e9tabli ? Que fera l\u2019ONU face aux migrations climatiques ?<\/p>\n\n\n\n<p class=\"has-medium-font-size wp-block-paragraph\">Ce sont des questions que des millions de personnes se posent, en esp\u00e9rant qu\u2019elles pourront \u00eatre abord\u00e9es lors des prochaines r\u00e9unions de la COP.<\/p>\n\n\n\n<p class=\"has-medium-font-size wp-block-paragraph\"><strong>Malheureusement la phrase pr\u00e9monitoire de Jacques Chirac prononc\u00e9e devant l&rsquo;assembl\u00e9e pl\u00e9ni\u00e8re du IV\u00e8me Sommet de la Terre \u00e0 Johannesburg en 2002 reste terriblement d&rsquo;actualit\u00e9 \u00ab\u00a0notre maison br\u00fble et nous regardons ailleurs\u00a0\u00bb.<\/strong><\/p>\n\n\n\n<p class=\"wp-block-paragraph\"><\/p>\n\n\n\n<p class=\"wp-block-paragraph\"><\/p>","protected":false},"excerpt":{"rendered":"<p>Par\u00a0David OSORIO, Avocat et ancien diplomate de carri\u00e8re v\u00e9n\u00e9zu\u00e9lien \/ Expert en droit international, g\u00e9opolitique et affaires multilat\u00e9rales \/ Essayiste sur l\u2019actualit\u00e9&hellip;<\/p>","protected":false},"author":35,"featured_media":2395,"comment_status":"open","ping_status":"open","sticky":false,"template":"","format":"standard","meta":{"_lmt_disableupdate":"","_lmt_disable":"","footnotes":""},"categories":[5],"tags":[],"class_list":["post-2394","post","type-post","status-publish","format-standard","has-post-thumbnail","hentry","category-international"],"yoast_head":"<!-- This site is optimized with the Yoast SEO Premium plugin v28.1 (Yoast SEO v28.1) - https:\/\/yoast.com\/product\/yoast-seo-premium-wordpress\/ -->\n<title>\u00c9cologie versus \u00e9conomie, les deux faces d&#039;une m\u00eame monnaie ? | Geopolitics.fr<\/title>\n<meta name=\"robots\" content=\"index, follow, max-snippet:-1, max-image-preview:large, max-video-preview:-1\" \/>\n<link rel=\"canonical\" href=\"https:\/\/www.geopolitics.fr\/en\/2024\/03\/22\/ecologie-versus-economie-les-deux-faces-dune-meme-monnaie\/\" \/>\n<meta property=\"og:locale\" content=\"en_GB\" \/>\n<meta property=\"og:type\" content=\"article\" \/>\n<meta property=\"og:title\" content=\"\u00c9cologie versus \u00e9conomie, les deux faces d&#039;une m\u00eame monnaie ?\" \/>\n<meta property=\"og:description\" content=\"Par\u00a0David OSORIO, Avocat et ancien diplomate de carri\u00e8re v\u00e9n\u00e9zu\u00e9lien \/ Expert en droit international, g\u00e9opolitique et affaires multilat\u00e9rales \/ Essayiste sur l\u2019actualit\u00e9&hellip;\" \/>\n<meta property=\"og:url\" content=\"https:\/\/www.geopolitics.fr\/en\/2024\/03\/22\/ecologie-versus-economie-les-deux-faces-dune-meme-monnaie\/\" \/>\n<meta property=\"og:site_name\" content=\"Geopolitics.fr\" \/>\n<meta property=\"article:publisher\" content=\"https:\/\/www.facebook.com\/people\/Erwan-Davoux\/61557098968092\/\" \/>\n<meta property=\"article:published_time\" content=\"2024-03-22T12:43:46+00:00\" \/>\n<meta property=\"article:modified_time\" content=\"2024-03-26T19:59:37+00:00\" \/>\n<meta property=\"og:image\" content=\"https:\/\/www.geopolitics.fr\/wp-content\/uploads\/2024\/03\/NO-PLANET-B-scaled.jpg\" \/>\n\t<meta property=\"og:image:width\" content=\"2560\" \/>\n\t<meta property=\"og:image:height\" content=\"1707\" \/>\n\t<meta property=\"og:image:type\" content=\"image\/jpeg\" \/>\n<meta name=\"author\" content=\"David OSORIO\" \/>\n<meta name=\"twitter:card\" content=\"summary_large_image\" \/>\n<meta name=\"twitter:creator\" content=\"@Geopolitics_Fr\" \/>\n<meta name=\"twitter:site\" content=\"@Geopolitics_Fr\" \/>\n<meta name=\"twitter:label1\" content=\"Written by\" \/>\n\t<meta name=\"twitter:data1\" content=\"David OSORIO\" \/>\n\t<meta name=\"twitter:label2\" content=\"Estimated reading time\" \/>\n\t<meta name=\"twitter:data2\" content=\"5 minutes\" \/>\n<script type=\"application\/ld+json\" class=\"yoast-schema-graph\">{\"@context\":\"https:\\\/\\\/schema.org\",\"@graph\":[{\"@type\":\"Article\",\"@id\":\"https:\\\/\\\/www.geopolitics.fr\\\/2024\\\/03\\\/22\\\/ecologie-versus-economie-les-deux-faces-dune-meme-monnaie\\\/#article\",\"isPartOf\":{\"@id\":\"https:\\\/\\\/www.geopolitics.fr\\\/2024\\\/03\\\/22\\\/ecologie-versus-economie-les-deux-faces-dune-meme-monnaie\\\/\"},\"author\":{\"name\":\"David OSORIO\",\"@id\":\"https:\\\/\\\/www.geopolitics.fr\\\/#\\\/schema\\\/person\\\/02c106c0272bd8f8e39e0adf38864870\"},\"headline\":\"\u00c9cologie versus \u00e9conomie, les deux faces d&rsquo;une m\u00eame monnaie ?\",\"datePublished\":\"2024-03-22T12:43:46+00:00\",\"dateModified\":\"2024-03-26T19:59:37+00:00\",\"mainEntityOfPage\":{\"@id\":\"https:\\\/\\\/www.geopolitics.fr\\\/2024\\\/03\\\/22\\\/ecologie-versus-economie-les-deux-faces-dune-meme-monnaie\\\/\"},\"wordCount\":1052,\"commentCount\":0,\"publisher\":{\"@id\":\"https:\\\/\\\/www.geopolitics.fr\\\/#organization\"},\"image\":{\"@id\":\"https:\\\/\\\/www.geopolitics.fr\\\/2024\\\/03\\\/22\\\/ecologie-versus-economie-les-deux-faces-dune-meme-monnaie\\\/#primaryimage\"},\"thumbnailUrl\":\"https:\\\/\\\/www.geopolitics.fr\\\/wp-content\\\/uploads\\\/2024\\\/03\\\/NO-PLANET-B-scaled.jpg\",\"articleSection\":[\"International\"],\"inLanguage\":\"en-GB\"},{\"@type\":\"WebPage\",\"@id\":\"https:\\\/\\\/www.geopolitics.fr\\\/2024\\\/03\\\/22\\\/ecologie-versus-economie-les-deux-faces-dune-meme-monnaie\\\/\",\"url\":\"https:\\\/\\\/www.geopolitics.fr\\\/2024\\\/03\\\/22\\\/ecologie-versus-economie-les-deux-faces-dune-meme-monnaie\\\/\",\"name\":\"\u00c9cologie versus \u00e9conomie, les deux faces d'une m\u00eame monnaie ? | Geopolitics.fr\",\"isPartOf\":{\"@id\":\"https:\\\/\\\/www.geopolitics.fr\\\/#website\"},\"primaryImageOfPage\":{\"@id\":\"https:\\\/\\\/www.geopolitics.fr\\\/2024\\\/03\\\/22\\\/ecologie-versus-economie-les-deux-faces-dune-meme-monnaie\\\/#primaryimage\"},\"image\":{\"@id\":\"https:\\\/\\\/www.geopolitics.fr\\\/2024\\\/03\\\/22\\\/ecologie-versus-economie-les-deux-faces-dune-meme-monnaie\\\/#primaryimage\"},\"thumbnailUrl\":\"https:\\\/\\\/www.geopolitics.fr\\\/wp-content\\\/uploads\\\/2024\\\/03\\\/NO-PLANET-B-scaled.jpg\",\"datePublished\":\"2024-03-22T12:43:46+00:00\",\"dateModified\":\"2024-03-26T19:59:37+00:00\",\"breadcrumb\":{\"@id\":\"https:\\\/\\\/www.geopolitics.fr\\\/2024\\\/03\\\/22\\\/ecologie-versus-economie-les-deux-faces-dune-meme-monnaie\\\/#breadcrumb\"},\"inLanguage\":\"en-GB\",\"potentialAction\":[{\"@type\":\"ReadAction\",\"target\":[\"https:\\\/\\\/www.geopolitics.fr\\\/2024\\\/03\\\/22\\\/ecologie-versus-economie-les-deux-faces-dune-meme-monnaie\\\/\"]}]},{\"@type\":\"ImageObject\",\"inLanguage\":\"en-GB\",\"@id\":\"https:\\\/\\\/www.geopolitics.fr\\\/2024\\\/03\\\/22\\\/ecologie-versus-economie-les-deux-faces-dune-meme-monnaie\\\/#primaryimage\",\"url\":\"https:\\\/\\\/www.geopolitics.fr\\\/wp-content\\\/uploads\\\/2024\\\/03\\\/NO-PLANET-B-scaled.jpg\",\"contentUrl\":\"https:\\\/\\\/www.geopolitics.fr\\\/wp-content\\\/uploads\\\/2024\\\/03\\\/NO-PLANET-B-scaled.jpg\",\"width\":1920,\"height\":1280},{\"@type\":\"BreadcrumbList\",\"@id\":\"https:\\\/\\\/www.geopolitics.fr\\\/2024\\\/03\\\/22\\\/ecologie-versus-economie-les-deux-faces-dune-meme-monnaie\\\/#breadcrumb\",\"itemListElement\":[{\"@type\":\"ListItem\",\"position\":1,\"name\":\"Accueil\",\"item\":\"https:\\\/\\\/www.geopolitics.fr\\\/\"},{\"@type\":\"ListItem\",\"position\":2,\"name\":\"\u00c9cologie versus \u00e9conomie, les deux faces d&#8217;une m\u00eame monnaie ?\"}]},{\"@type\":\"WebSite\",\"@id\":\"https:\\\/\\\/www.geopolitics.fr\\\/#website\",\"url\":\"https:\\\/\\\/www.geopolitics.fr\\\/\",\"name\":\"Geopolitics.fr\",\"description\":\"Geopolitics.fr Analyse politique, relations internationales, d\u00e9fense - ligne \u00e9ditoriale gaullo-chiraquienne\",\"publisher\":{\"@id\":\"https:\\\/\\\/www.geopolitics.fr\\\/#organization\"},\"potentialAction\":[{\"@type\":\"SearchAction\",\"target\":{\"@type\":\"EntryPoint\",\"urlTemplate\":\"https:\\\/\\\/www.geopolitics.fr\\\/?s={search_term_string}\"},\"query-input\":{\"@type\":\"PropertyValueSpecification\",\"valueRequired\":true,\"valueName\":\"search_term_string\"}}],\"inLanguage\":\"en-GB\"},{\"@type\":\"Organization\",\"@id\":\"https:\\\/\\\/www.geopolitics.fr\\\/#organization\",\"name\":\"Geopolitics.fr\",\"url\":\"https:\\\/\\\/www.geopolitics.fr\\\/\",\"logo\":{\"@type\":\"ImageObject\",\"inLanguage\":\"en-GB\",\"@id\":\"https:\\\/\\\/www.geopolitics.fr\\\/#\\\/schema\\\/logo\\\/image\\\/\",\"url\":\"https:\\\/\\\/www.geopolitics.fr\\\/wp-content\\\/uploads\\\/2024\\\/01\\\/logo.jpg\",\"contentUrl\":\"https:\\\/\\\/www.geopolitics.fr\\\/wp-content\\\/uploads\\\/2024\\\/01\\\/logo.jpg\",\"width\":500,\"height\":500,\"caption\":\"Geopolitics.fr\"},\"image\":{\"@id\":\"https:\\\/\\\/www.geopolitics.fr\\\/#\\\/schema\\\/logo\\\/image\\\/\"},\"sameAs\":[\"https:\\\/\\\/www.facebook.com\\\/people\\\/Erwan-Davoux\\\/61557098968092\\\/\",\"https:\\\/\\\/x.com\\\/Geopolitics_Fr\"]},{\"@type\":\"Person\",\"@id\":\"https:\\\/\\\/www.geopolitics.fr\\\/#\\\/schema\\\/person\\\/02c106c0272bd8f8e39e0adf38864870\",\"name\":\"David OSORIO\",\"image\":{\"@type\":\"ImageObject\",\"inLanguage\":\"en-GB\",\"@id\":\"https:\\\/\\\/www.geopolitics.fr\\\/wp-content\\\/uploads\\\/2025\\\/09\\\/OSORIO-96x96.jpg\",\"url\":\"https:\\\/\\\/www.geopolitics.fr\\\/wp-content\\\/uploads\\\/2025\\\/09\\\/OSORIO-96x96.jpg\",\"contentUrl\":\"https:\\\/\\\/www.geopolitics.fr\\\/wp-content\\\/uploads\\\/2025\\\/09\\\/OSORIO-96x96.jpg\",\"caption\":\"David OSORIO\"},\"description\":\"David Osorio est avocat et ancien diplomate v\u00e9n\u00e9zu\u00e9lien. Expert en droit international, g\u00e9opolitique et affaires multilat\u00e9rales. Essayiste sur l'actualit\u00e9 politique internationale.\",\"sameAs\":[\"https:\\\/\\\/www.linkedin.com\\\/in\\\/davidalejandroosoriomeneses\\\/\"],\"url\":\"https:\\\/\\\/www.geopolitics.fr\\\/en\\\/author\\\/david-osorio\\\/\"}]}<\/script>\n<!-- \/ Yoast SEO Premium plugin. -->","yoast_head_json":{"title":"\u00c9cologie versus \u00e9conomie, les deux faces d'une m\u00eame monnaie ? | Geopolitics.fr","robots":{"index":"index","follow":"follow","max-snippet":"max-snippet:-1","max-image-preview":"max-image-preview:large","max-video-preview":"max-video-preview:-1"},"canonical":"https:\/\/www.geopolitics.fr\/en\/2024\/03\/22\/ecologie-versus-economie-les-deux-faces-dune-meme-monnaie\/","og_locale":"en_GB","og_type":"article","og_title":"\u00c9cologie versus \u00e9conomie, les deux faces d'une m\u00eame monnaie ?","og_description":"Par\u00a0David OSORIO, Avocat et ancien diplomate de carri\u00e8re v\u00e9n\u00e9zu\u00e9lien \/ Expert en droit international, g\u00e9opolitique et affaires multilat\u00e9rales \/ Essayiste sur l\u2019actualit\u00e9&hellip;","og_url":"https:\/\/www.geopolitics.fr\/en\/2024\/03\/22\/ecologie-versus-economie-les-deux-faces-dune-meme-monnaie\/","og_site_name":"Geopolitics.fr","article_publisher":"https:\/\/www.facebook.com\/people\/Erwan-Davoux\/61557098968092\/","article_published_time":"2024-03-22T12:43:46+00:00","article_modified_time":"2024-03-26T19:59:37+00:00","og_image":[{"width":2560,"height":1707,"url":"https:\/\/www.geopolitics.fr\/wp-content\/uploads\/2024\/03\/NO-PLANET-B-scaled.jpg","type":"image\/jpeg"}],"author":"David OSORIO","twitter_card":"summary_large_image","twitter_creator":"@Geopolitics_Fr","twitter_site":"@Geopolitics_Fr","twitter_misc":{"Written by":"David OSORIO","Estimated reading time":"5 minutes"},"schema":{"@context":"https:\/\/schema.org","@graph":[{"@type":"Article","@id":"https:\/\/www.geopolitics.fr\/2024\/03\/22\/ecologie-versus-economie-les-deux-faces-dune-meme-monnaie\/#article","isPartOf":{"@id":"https:\/\/www.geopolitics.fr\/2024\/03\/22\/ecologie-versus-economie-les-deux-faces-dune-meme-monnaie\/"},"author":{"name":"David OSORIO","@id":"https:\/\/www.geopolitics.fr\/#\/schema\/person\/02c106c0272bd8f8e39e0adf38864870"},"headline":"\u00c9cologie versus \u00e9conomie, les deux faces d&rsquo;une m\u00eame monnaie ?","datePublished":"2024-03-22T12:43:46+00:00","dateModified":"2024-03-26T19:59:37+00:00","mainEntityOfPage":{"@id":"https:\/\/www.geopolitics.fr\/2024\/03\/22\/ecologie-versus-economie-les-deux-faces-dune-meme-monnaie\/"},"wordCount":1052,"commentCount":0,"publisher":{"@id":"https:\/\/www.geopolitics.fr\/#organization"},"image":{"@id":"https:\/\/www.geopolitics.fr\/2024\/03\/22\/ecologie-versus-economie-les-deux-faces-dune-meme-monnaie\/#primaryimage"},"thumbnailUrl":"https:\/\/www.geopolitics.fr\/wp-content\/uploads\/2024\/03\/NO-PLANET-B-scaled.jpg","articleSection":["International"],"inLanguage":"en-GB"},{"@type":"WebPage","@id":"https:\/\/www.geopolitics.fr\/2024\/03\/22\/ecologie-versus-economie-les-deux-faces-dune-meme-monnaie\/","url":"https:\/\/www.geopolitics.fr\/2024\/03\/22\/ecologie-versus-economie-les-deux-faces-dune-meme-monnaie\/","name":"\u00c9cologie versus \u00e9conomie, les deux faces d'une m\u00eame monnaie ? | Geopolitics.fr","isPartOf":{"@id":"https:\/\/www.geopolitics.fr\/#website"},"primaryImageOfPage":{"@id":"https:\/\/www.geopolitics.fr\/2024\/03\/22\/ecologie-versus-economie-les-deux-faces-dune-meme-monnaie\/#primaryimage"},"image":{"@id":"https:\/\/www.geopolitics.fr\/2024\/03\/22\/ecologie-versus-economie-les-deux-faces-dune-meme-monnaie\/#primaryimage"},"thumbnailUrl":"https:\/\/www.geopolitics.fr\/wp-content\/uploads\/2024\/03\/NO-PLANET-B-scaled.jpg","datePublished":"2024-03-22T12:43:46+00:00","dateModified":"2024-03-26T19:59:37+00:00","breadcrumb":{"@id":"https:\/\/www.geopolitics.fr\/2024\/03\/22\/ecologie-versus-economie-les-deux-faces-dune-meme-monnaie\/#breadcrumb"},"inLanguage":"en-GB","potentialAction":[{"@type":"ReadAction","target":["https:\/\/www.geopolitics.fr\/2024\/03\/22\/ecologie-versus-economie-les-deux-faces-dune-meme-monnaie\/"]}]},{"@type":"ImageObject","inLanguage":"en-GB","@id":"https:\/\/www.geopolitics.fr\/2024\/03\/22\/ecologie-versus-economie-les-deux-faces-dune-meme-monnaie\/#primaryimage","url":"https:\/\/www.geopolitics.fr\/wp-content\/uploads\/2024\/03\/NO-PLANET-B-scaled.jpg","contentUrl":"https:\/\/www.geopolitics.fr\/wp-content\/uploads\/2024\/03\/NO-PLANET-B-scaled.jpg","width":1920,"height":1280},{"@type":"BreadcrumbList","@id":"https:\/\/www.geopolitics.fr\/2024\/03\/22\/ecologie-versus-economie-les-deux-faces-dune-meme-monnaie\/#breadcrumb","itemListElement":[{"@type":"ListItem","position":1,"name":"Accueil","item":"https:\/\/www.geopolitics.fr\/"},{"@type":"ListItem","position":2,"name":"\u00c9cologie versus \u00e9conomie, les deux faces d&#8217;une m\u00eame monnaie ?"}]},{"@type":"WebSite","@id":"https:\/\/www.geopolitics.fr\/#website","url":"https:\/\/www.geopolitics.fr\/","name":"Geopolitics.fr","description":"Geopolitics.fr Analyse politique, relations internationales, d\u00e9fense - ligne \u00e9ditoriale gaullo-chiraquienne","publisher":{"@id":"https:\/\/www.geopolitics.fr\/#organization"},"potentialAction":[{"@type":"SearchAction","target":{"@type":"EntryPoint","urlTemplate":"https:\/\/www.geopolitics.fr\/?s={search_term_string}"},"query-input":{"@type":"PropertyValueSpecification","valueRequired":true,"valueName":"search_term_string"}}],"inLanguage":"en-GB"},{"@type":"Organization","@id":"https:\/\/www.geopolitics.fr\/#organization","name":"Geopolitics.fr","url":"https:\/\/www.geopolitics.fr\/","logo":{"@type":"ImageObject","inLanguage":"en-GB","@id":"https:\/\/www.geopolitics.fr\/#\/schema\/logo\/image\/","url":"https:\/\/www.geopolitics.fr\/wp-content\/uploads\/2024\/01\/logo.jpg","contentUrl":"https:\/\/www.geopolitics.fr\/wp-content\/uploads\/2024\/01\/logo.jpg","width":500,"height":500,"caption":"Geopolitics.fr"},"image":{"@id":"https:\/\/www.geopolitics.fr\/#\/schema\/logo\/image\/"},"sameAs":["https:\/\/www.facebook.com\/people\/Erwan-Davoux\/61557098968092\/","https:\/\/x.com\/Geopolitics_Fr"]},{"@type":"Person","@id":"https:\/\/www.geopolitics.fr\/#\/schema\/person\/02c106c0272bd8f8e39e0adf38864870","name":"David OSORIO","image":{"@type":"ImageObject","inLanguage":"en-GB","@id":"https:\/\/www.geopolitics.fr\/wp-content\/uploads\/2025\/09\/OSORIO-96x96.jpg","url":"https:\/\/www.geopolitics.fr\/wp-content\/uploads\/2025\/09\/OSORIO-96x96.jpg","contentUrl":"https:\/\/www.geopolitics.fr\/wp-content\/uploads\/2025\/09\/OSORIO-96x96.jpg","caption":"David OSORIO"},"description":"David Osorio est avocat et ancien diplomate v\u00e9n\u00e9zu\u00e9lien. Expert en droit international, g\u00e9opolitique et affaires multilat\u00e9rales. Essayiste sur l'actualit\u00e9 politique internationale.","sameAs":["https:\/\/www.linkedin.com\/in\/davidalejandroosoriomeneses\/"],"url":"https:\/\/www.geopolitics.fr\/en\/author\/david-osorio\/"}]}},"_links":{"self":[{"href":"https:\/\/www.geopolitics.fr\/en\/wp-json\/wp\/v2\/posts\/2394","targetHints":{"allow":["GET"]}}],"collection":[{"href":"https:\/\/www.geopolitics.fr\/en\/wp-json\/wp\/v2\/posts"}],"about":[{"href":"https:\/\/www.geopolitics.fr\/en\/wp-json\/wp\/v2\/types\/post"}],"author":[{"embeddable":true,"href":"https:\/\/www.geopolitics.fr\/en\/wp-json\/wp\/v2\/users\/35"}],"replies":[{"embeddable":true,"href":"https:\/\/www.geopolitics.fr\/en\/wp-json\/wp\/v2\/comments?post=2394"}],"version-history":[{"count":0,"href":"https:\/\/www.geopolitics.fr\/en\/wp-json\/wp\/v2\/posts\/2394\/revisions"}],"wp:featuredmedia":[{"embeddable":true,"href":"https:\/\/www.geopolitics.fr\/en\/wp-json\/wp\/v2\/media\/2395"}],"wp:attachment":[{"href":"https:\/\/www.geopolitics.fr\/en\/wp-json\/wp\/v2\/media?parent=2394"}],"wp:term":[{"taxonomy":"category","embeddable":true,"href":"https:\/\/www.geopolitics.fr\/en\/wp-json\/wp\/v2\/categories?post=2394"},{"taxonomy":"post_tag","embeddable":true,"href":"https:\/\/www.geopolitics.fr\/en\/wp-json\/wp\/v2\/tags?post=2394"}],"curies":[{"name":"wp","href":"https:\/\/api.w.org\/{rel}","templated":true}]}}