{"id":2384,"date":"2024-03-20T18:31:39","date_gmt":"2024-03-20T17:31:39","guid":{"rendered":"https:\/\/www.geopolitics.fr\/?p=2384"},"modified":"2024-03-26T20:40:11","modified_gmt":"2024-03-26T19:40:11","slug":"le-senegal-retient-son-souffle","status":"publish","type":"post","link":"https:\/\/www.geopolitics.fr\/en\/2024\/03\/20\/le-senegal-retient-son-souffle\/","title":{"rendered":"Le S\u00e9n\u00e9gal retient son souffle"},"content":{"rendered":"<p class=\"wp-block-paragraph\"><em>Erwan DAVOUX a \u00e9t\u00e9 charg\u00e9 de mission \u00e0 la Pr\u00e9sidence de la R\u00e9publique et a conseill\u00e9 de nombreuses personnalit\u00e9s politiques de droite \u00e0 l&rsquo;international.<\/em><\/p>\n\n\n\n<p class=\"has-medium-font-size wp-block-paragraph\"><strong>L&rsquo;\u00e9lection pr\u00e9sidentielle aura lieu dans 4 jours au S\u00e9n\u00e9gal. Le PDS (parti de l&rsquo;ancien pr\u00e9sident Abdoulaye Wade et qui soutient d\u00e9sormais son fils Karim Wade) pourrait \u00eatre le faiseur de roi.<\/strong><\/p>\n\n\n\n<p class=\"has-medium-font-size wp-block-paragraph\">L&rsquo;\u00e9lection pr\u00e9sidentielle s\u00e9n\u00e9galaise aura lieu le dimanche 24 mars. <strong>Ainsi en a d\u00e9cid\u00e9 Le Conseil Constitutionnel. <\/strong>Elle se d\u00e9roulera donc sans deux t\u00e9nors Karim Wade (PDS) et Oumane Sonko, leader du Pastef dont les candidatures n&rsquo;ont pas \u00e9t\u00e9 valid\u00e9es par cette instance.<\/p>\n\n\n\n<p class=\"has-medium-font-size wp-block-paragraph\">L&rsquo;\u00e9quation est complexe. <strong>Les chances d&rsquo;Amadou Ba, cens\u00e9 repr\u00e9senter le camp du pr\u00e9sident sortant, sont relativement faibles.  Mais elles auraient nulles si l&rsquo;\u00e9lection avait \u00e9t\u00e9 diff\u00e9r\u00e9e.<\/strong> Certains voient sa main derri\u00e8re toutes les d\u00e9cisions du Conseil Constitutionnel de ne pas reporter l&rsquo;\u00e9lection. En effet, la pr\u00e9sence des deux t\u00e9nors emp\u00each\u00e9s l&rsquo;aurait priv\u00e9 de tout espace. Amadou Ba a la r\u00e9putation d&rsquo;\u00eatre un bon gestionnaire, il fut Ministres des Finances, des Affaires \u00e9trang\u00e8res et Premier ministre. <strong>Il connait tous les rouages du fonctionnement de l&rsquo;Etat et est appr\u00e9ci\u00e9 \u00e0 l&rsquo;\u00e9tranger. Mais ces forces indiscutables peuvent se r\u00e9v\u00e9ler \u00eatre aussi des faiblesses.<\/strong><\/p>\n\n\n\n<p class=\"has-medium-font-size wp-block-paragraph\"><strong>En effet, le peuple s\u00e9n\u00e9galais a envie d&rsquo;une rupture<\/strong>. D&rsquo;une sorte de deuxi\u00e8me ind\u00e9pendance consid\u00e9r\u00e9e comme r\u00e9elle par opposition \u00e0 l&rsquo;actuelle consid\u00e9r\u00e9 comme formelle. Le d\u00e9bat sur le Franc CFA avec les allers-retours du Pastef sur le sujet en t\u00e9moigne. <strong>L&rsquo;\u00e9tat d&rsquo;esprit de la population est plut\u00f4t anti-fran\u00e7ais, comme dans les Etats du Sahel. La France porte une lourde responsabilit\u00e9 dans cette situation. <\/strong>Des relents de Fran\u00e7afrique incarn\u00e9s par certains chefs d&rsquo;entreprises fran\u00e7ais locaux se comportant en potentat et semant la d\u00e9testation par leur n\u00e9ocolonialisme, \u00e0 l&rsquo;absence de ligne diplomatique claire, la France n&rsquo;a rien fait d&rsquo;efficace pour enrayer ce qui pourrait \u00eatre des lendemains tr\u00e8s difficiles pour elle, au S\u00e9n\u00e9gal. Un s\u00e9isme car le pays a un poids d&rsquo;importance dans la diplomatie fran\u00e7aise. <strong>La France, au S\u00e9n\u00e9gal comme ailleurs, a \u00e9t\u00e9 trop lente \u00e0 r\u00e9agir face \u00e0 cette situation qu&rsquo;elle a manifestement sous-estim\u00e9e.  Elle a aussi laiss\u00e9 d\u00e9velopp\u00e9 des \u00ab\u00a0fake news\u00a0\u00bb qui font maintenant partie du ressenti collectif.<\/strong> <strong>Une perte d&rsquo;influence au S\u00e9n\u00e9gal signifierait simplement que la France sous les mandats de Fran\u00e7ois Hollande a \u00e9t\u00e9 chass\u00e9e d&rsquo;Afrique<\/strong>. Ne resterait que la C\u00f4te d&rsquo;Ivoire d&rsquo;Alassane Ouattara.<\/p>\n\n\n\n<p class=\"has-medium-font-size wp-block-paragraph\"><strong>Ce contexte favorise indiscutablement Bassirou Diomaye Faye qui surfe sur cette vague populiste <\/strong>avec habilet\u00e9 et, d\u00e9sormais, le concours d&rsquo;Ousmane Sonko, le v\u00e9ritable leader dont l&rsquo;\u00e9largissement est r\u00e9cent. <strong>Leurs sympathies vont plus spontan\u00e9ment vers la Russie que vers la France.<\/strong><\/p>\n\n\n\n<p class=\"has-medium-font-size wp-block-paragraph\"><strong>Dans ce contexte, Amadou Ba se bat pour qu&rsquo;il y ait un second tour et peut d\u00e9sormais compter sur l&rsquo;appui du camp pr\u00e9sidentiel,<\/strong> de l&rsquo;APR apr\u00e8s quelques p\u00e9riodes de tension. Mais cela risque de ne pas \u00eatre suffisant.<strong> Le choix fait par le PDS de le soutenir activement ou de soutenir Idrissa Seck <\/strong>(ancien Premier ministre qui fut un temps tr\u00e8s proche du pr\u00e9sident Abdoulaye Wade) ou, enfin,<strong> d&rsquo;appeler \u00e0 l&rsquo;abstention <\/strong>(on le voit mal prendre position pour le Pastef)<strong> aura toute son importance.<\/strong><\/p>\n\n\n\n<p class=\"has-medium-font-size wp-block-paragraph\"><strong>Cette \u00e9lection est porteuse de danger<\/strong>s car le favori qui est incontestablement Bassirou Diomaye Faye est n\u00b02 d&rsquo;un parti politique, sans exp\u00e9rience du pouvoir. <strong>Quel serait sa relation avec Ousmane Sonko s&rsquo;il venait \u00e0 \u00eatre \u00e9lu ?<\/strong> La complicit\u00e9 entre les deux hommes r\u00e9sisterait-elle aux dures lois connues de la vie politique ? <strong>Quelle sera l&rsquo;attitude de Karim Wade et du PDS ? N&rsquo;y-at-il pas un risque de d\u00e9senchantement et de d\u00e9ception rapide apr\u00e8s les promesses de rupture ?<\/strong> D&rsquo;autant que <strong>le bilan des deux mandats de Macky Sall est globalement positif <\/strong>m\u00eame si la population ne l&rsquo;a pas forc\u00e9ment ressenti ainsi. Le Plan S\u00e9n\u00e9gal Emergent (PSE) a connu des retards mais il reste un objectif atteignable et r\u00e9aliste contrairement \u00e0 d&rsquo;autres pays africains dans lesquels l&rsquo;\u00e9mergence n&rsquo;est qu&rsquo;un slogan. <strong>Le Pr\u00e9sident Macky Sall, comme ses illustres pr\u00e9d\u00e9cesseurs, aura port\u00e9 haut les couleurs de la diplomatie s\u00e9n\u00e9galaise sur la sc\u00e8ne internationale.<\/strong><\/p>\n\n\n\n<p class=\"has-medium-font-size wp-block-paragraph\"><strong>Le report de l&rsquo;\u00e9lection de quelques semaines ou quelques mois aurait permis une \u00e9lection apais\u00e9e et incontestable avec tous les potagonistes. C&rsquo;\u00e9tait l&rsquo;option pr\u00e9conis\u00e9e par le Pr\u00e9sident Macky Sall mais elle s&rsquo;est heurt\u00e9e aux calculs politiques des uns et des autres.<\/strong><\/p>","protected":false},"excerpt":{"rendered":"<p>Erwan DAVOUX a \u00e9t\u00e9 charg\u00e9 de mission \u00e0 la Pr\u00e9sidence de la R\u00e9publique et a conseill\u00e9 de nombreuses personnalit\u00e9s politiques de droite&hellip;<\/p>","protected":false},"author":16,"featured_media":2385,"comment_status":"open","ping_status":"open","sticky":false,"template":"","format":"standard","meta":{"_lmt_disableupdate":"","_lmt_disable":"","footnotes":""},"categories":[40,5],"tags":[211,213,227,191,228,192],"class_list":["post-2384","post","type-post","status-publish","format-standard","has-post-thumbnail","hentry","category-election","category-international","tag-amadou-ba","tag-bassirou-diomaye-faye","tag-election-presidentielle","tag-macky-sall","tag-ousmane-sonko","tag-senegal"],"yoast_head":"<!-- This site is optimized with the Yoast SEO Premium plugin v28.1 (Yoast SEO v28.1) - https:\/\/yoast.com\/product\/yoast-seo-premium-wordpress\/ -->\n<title>Le S\u00e9n\u00e9gal retient son souffle | Geopolitics.fr<\/title>\n<meta name=\"robots\" content=\"index, follow, max-snippet:-1, max-image-preview:large, max-video-preview:-1\" \/>\n<link rel=\"canonical\" href=\"https:\/\/www.geopolitics.fr\/en\/2024\/03\/20\/le-senegal-retient-son-souffle\/\" \/>\n<meta property=\"og:locale\" content=\"en_GB\" \/>\n<meta property=\"og:type\" content=\"article\" \/>\n<meta property=\"og:title\" content=\"Le S\u00e9n\u00e9gal retient son souffle\" \/>\n<meta property=\"og:description\" content=\"Erwan DAVOUX a \u00e9t\u00e9 charg\u00e9 de mission \u00e0 la Pr\u00e9sidence de la R\u00e9publique et a conseill\u00e9 de nombreuses personnalit\u00e9s politiques de droite&hellip;\" \/>\n<meta property=\"og:url\" content=\"https:\/\/www.geopolitics.fr\/en\/2024\/03\/20\/le-senegal-retient-son-souffle\/\" \/>\n<meta property=\"og:site_name\" content=\"Geopolitics.fr\" \/>\n<meta property=\"article:publisher\" content=\"https:\/\/www.facebook.com\/people\/Erwan-Davoux\/61557098968092\/\" \/>\n<meta property=\"article:author\" content=\"Erwan Davoux\" \/>\n<meta property=\"article:published_time\" content=\"2024-03-20T17:31:39+00:00\" \/>\n<meta property=\"article:modified_time\" content=\"2024-03-26T19:40:11+00:00\" \/>\n<meta property=\"og:image\" content=\"https:\/\/www.geopolitics.fr\/wp-content\/uploads\/2024\/03\/PRESID-SENEGAL-scaled.jpg\" \/>\n\t<meta property=\"og:image:width\" content=\"2560\" \/>\n\t<meta property=\"og:image:height\" content=\"1707\" \/>\n\t<meta property=\"og:image:type\" content=\"image\/jpeg\" \/>\n<meta name=\"author\" content=\"Erwan Davoux\" \/>\n<meta name=\"twitter:card\" content=\"summary_large_image\" \/>\n<meta name=\"twitter:creator\" content=\"@erwandavoux @Geo_politicsfr\" \/>\n<meta name=\"twitter:site\" content=\"@Geopolitics_Fr\" \/>\n<meta name=\"twitter:label1\" content=\"Written by\" \/>\n\t<meta name=\"twitter:data1\" content=\"Erwan Davoux\" \/>\n\t<meta name=\"twitter:label2\" content=\"Estimated reading time\" \/>\n\t<meta name=\"twitter:data2\" content=\"4 minutes\" \/>\n<script type=\"application\/ld+json\" class=\"yoast-schema-graph\">{\"@context\":\"https:\\\/\\\/schema.org\",\"@graph\":[{\"@type\":\"Article\",\"@id\":\"https:\\\/\\\/www.geopolitics.fr\\\/2024\\\/03\\\/20\\\/le-senegal-retient-son-souffle\\\/#article\",\"isPartOf\":{\"@id\":\"https:\\\/\\\/www.geopolitics.fr\\\/2024\\\/03\\\/20\\\/le-senegal-retient-son-souffle\\\/\"},\"author\":{\"name\":\"Erwan Davoux\",\"@id\":\"https:\\\/\\\/www.geopolitics.fr\\\/#\\\/schema\\\/person\\\/a487273e91313e368925717400fa1b11\"},\"headline\":\"Le S\u00e9n\u00e9gal retient son souffle\",\"datePublished\":\"2024-03-20T17:31:39+00:00\",\"dateModified\":\"2024-03-26T19:40:11+00:00\",\"mainEntityOfPage\":{\"@id\":\"https:\\\/\\\/www.geopolitics.fr\\\/2024\\\/03\\\/20\\\/le-senegal-retient-son-souffle\\\/\"},\"wordCount\":833,\"commentCount\":0,\"publisher\":{\"@id\":\"https:\\\/\\\/www.geopolitics.fr\\\/#organization\"},\"image\":{\"@id\":\"https:\\\/\\\/www.geopolitics.fr\\\/2024\\\/03\\\/20\\\/le-senegal-retient-son-souffle\\\/#primaryimage\"},\"thumbnailUrl\":\"https:\\\/\\\/www.geopolitics.fr\\\/wp-content\\\/uploads\\\/2024\\\/03\\\/PRESID-SENEGAL-scaled.jpg\",\"keywords\":[\"AMADOU BA\",\"BASSIROU DIOMAYE FAYE\",\"ELECTION PRESIDENTIELLE\",\"MACKY SALL\",\"OUSMANE SONKO\",\"SENEGAL\"],\"articleSection\":[\"Election\",\"International\"],\"inLanguage\":\"en-GB\"},{\"@type\":\"WebPage\",\"@id\":\"https:\\\/\\\/www.geopolitics.fr\\\/2024\\\/03\\\/20\\\/le-senegal-retient-son-souffle\\\/\",\"url\":\"https:\\\/\\\/www.geopolitics.fr\\\/2024\\\/03\\\/20\\\/le-senegal-retient-son-souffle\\\/\",\"name\":\"Le S\u00e9n\u00e9gal retient son souffle | Geopolitics.fr\",\"isPartOf\":{\"@id\":\"https:\\\/\\\/www.geopolitics.fr\\\/#website\"},\"primaryImageOfPage\":{\"@id\":\"https:\\\/\\\/www.geopolitics.fr\\\/2024\\\/03\\\/20\\\/le-senegal-retient-son-souffle\\\/#primaryimage\"},\"image\":{\"@id\":\"https:\\\/\\\/www.geopolitics.fr\\\/2024\\\/03\\\/20\\\/le-senegal-retient-son-souffle\\\/#primaryimage\"},\"thumbnailUrl\":\"https:\\\/\\\/www.geopolitics.fr\\\/wp-content\\\/uploads\\\/2024\\\/03\\\/PRESID-SENEGAL-scaled.jpg\",\"datePublished\":\"2024-03-20T17:31:39+00:00\",\"dateModified\":\"2024-03-26T19:40:11+00:00\",\"breadcrumb\":{\"@id\":\"https:\\\/\\\/www.geopolitics.fr\\\/2024\\\/03\\\/20\\\/le-senegal-retient-son-souffle\\\/#breadcrumb\"},\"inLanguage\":\"en-GB\",\"potentialAction\":[{\"@type\":\"ReadAction\",\"target\":[\"https:\\\/\\\/www.geopolitics.fr\\\/2024\\\/03\\\/20\\\/le-senegal-retient-son-souffle\\\/\"]}]},{\"@type\":\"ImageObject\",\"inLanguage\":\"en-GB\",\"@id\":\"https:\\\/\\\/www.geopolitics.fr\\\/2024\\\/03\\\/20\\\/le-senegal-retient-son-souffle\\\/#primaryimage\",\"url\":\"https:\\\/\\\/www.geopolitics.fr\\\/wp-content\\\/uploads\\\/2024\\\/03\\\/PRESID-SENEGAL-scaled.jpg\",\"contentUrl\":\"https:\\\/\\\/www.geopolitics.fr\\\/wp-content\\\/uploads\\\/2024\\\/03\\\/PRESID-SENEGAL-scaled.jpg\",\"width\":1920,\"height\":1280,\"caption\":\"Senegal Presidential Election Illustration with Ballot Box\"},{\"@type\":\"BreadcrumbList\",\"@id\":\"https:\\\/\\\/www.geopolitics.fr\\\/2024\\\/03\\\/20\\\/le-senegal-retient-son-souffle\\\/#breadcrumb\",\"itemListElement\":[{\"@type\":\"ListItem\",\"position\":1,\"name\":\"Accueil\",\"item\":\"https:\\\/\\\/www.geopolitics.fr\\\/\"},{\"@type\":\"ListItem\",\"position\":2,\"name\":\"Le S\u00e9n\u00e9gal retient son souffle\"}]},{\"@type\":\"WebSite\",\"@id\":\"https:\\\/\\\/www.geopolitics.fr\\\/#website\",\"url\":\"https:\\\/\\\/www.geopolitics.fr\\\/\",\"name\":\"Geopolitics.fr\",\"description\":\"Geopolitics.fr Analyse politique, relations internationales, d\u00e9fense - ligne \u00e9ditoriale gaullo-chiraquienne\",\"publisher\":{\"@id\":\"https:\\\/\\\/www.geopolitics.fr\\\/#organization\"},\"potentialAction\":[{\"@type\":\"SearchAction\",\"target\":{\"@type\":\"EntryPoint\",\"urlTemplate\":\"https:\\\/\\\/www.geopolitics.fr\\\/?s={search_term_string}\"},\"query-input\":{\"@type\":\"PropertyValueSpecification\",\"valueRequired\":true,\"valueName\":\"search_term_string\"}}],\"inLanguage\":\"en-GB\"},{\"@type\":\"Organization\",\"@id\":\"https:\\\/\\\/www.geopolitics.fr\\\/#organization\",\"name\":\"Geopolitics.fr\",\"url\":\"https:\\\/\\\/www.geopolitics.fr\\\/\",\"logo\":{\"@type\":\"ImageObject\",\"inLanguage\":\"en-GB\",\"@id\":\"https:\\\/\\\/www.geopolitics.fr\\\/#\\\/schema\\\/logo\\\/image\\\/\",\"url\":\"https:\\\/\\\/www.geopolitics.fr\\\/wp-content\\\/uploads\\\/2024\\\/01\\\/logo.jpg\",\"contentUrl\":\"https:\\\/\\\/www.geopolitics.fr\\\/wp-content\\\/uploads\\\/2024\\\/01\\\/logo.jpg\",\"width\":500,\"height\":500,\"caption\":\"Geopolitics.fr\"},\"image\":{\"@id\":\"https:\\\/\\\/www.geopolitics.fr\\\/#\\\/schema\\\/logo\\\/image\\\/\"},\"sameAs\":[\"https:\\\/\\\/www.facebook.com\\\/people\\\/Erwan-Davoux\\\/61557098968092\\\/\",\"https:\\\/\\\/x.com\\\/Geopolitics_Fr\"]},{\"@type\":\"Person\",\"@id\":\"https:\\\/\\\/www.geopolitics.fr\\\/#\\\/schema\\\/person\\\/a487273e91313e368925717400fa1b11\",\"name\":\"Erwan Davoux\",\"image\":{\"@type\":\"ImageObject\",\"inLanguage\":\"en-GB\",\"@id\":\"https:\\\/\\\/www.geopolitics.fr\\\/wp-content\\\/uploads\\\/2026\\\/05\\\/moi-96x96.jpg\",\"url\":\"https:\\\/\\\/www.geopolitics.fr\\\/wp-content\\\/uploads\\\/2026\\\/05\\\/moi-96x96.jpg\",\"contentUrl\":\"https:\\\/\\\/www.geopolitics.fr\\\/wp-content\\\/uploads\\\/2026\\\/05\\\/moi-96x96.jpg\",\"caption\":\"Erwan Davoux\"},\"description\":\"Erwan DAVOUX est Pr\u00e9sident de LMD CONSEIL, (conseil strat\u00e9gique, intelligence \u00e9conomique, risque g\u00e9opolitique, influence politique, diplomatie \u00e9conomique). Dipl\u00f4m\u00e9 de l'IEP de Paris et de l'INALCO (d\u00e9partement d'\u00e9tudes arabes), il est directeur de la publication de geopolitics.fr. Ancien fonctionnaire au Minist\u00e8re de l'Int\u00e9rieur et de la D\u00e9fense (DGSE) Ancien charg\u00e9 de Mission \u00e0 la Pr\u00e9sidence de la R\u00e9publique (cellule diplomatique) Conseil de nombreuses personnalit\u00e9s politiques \u00e0 l'International (dont deux anciens Premiers ministres).\",\"sameAs\":[\"Erwan Davoux\",\"@erwandavoux\",\"https:\\\/\\\/www.linkedin.com\\\/in\\\/erwan-davoux-6800b289\\\/\",\"https:\\\/\\\/x.com\\\/@erwandavoux @Geo_politicsfr\"],\"url\":\"https:\\\/\\\/www.geopolitics.fr\\\/en\\\/author\\\/erwan-davoux\\\/\"}]}<\/script>\n<!-- \/ Yoast SEO Premium plugin. -->","yoast_head_json":{"title":"Le S\u00e9n\u00e9gal retient son souffle | Geopolitics.fr","robots":{"index":"index","follow":"follow","max-snippet":"max-snippet:-1","max-image-preview":"max-image-preview:large","max-video-preview":"max-video-preview:-1"},"canonical":"https:\/\/www.geopolitics.fr\/en\/2024\/03\/20\/le-senegal-retient-son-souffle\/","og_locale":"en_GB","og_type":"article","og_title":"Le S\u00e9n\u00e9gal retient son souffle","og_description":"Erwan DAVOUX a \u00e9t\u00e9 charg\u00e9 de mission \u00e0 la Pr\u00e9sidence de la R\u00e9publique et a conseill\u00e9 de nombreuses personnalit\u00e9s politiques de droite&hellip;","og_url":"https:\/\/www.geopolitics.fr\/en\/2024\/03\/20\/le-senegal-retient-son-souffle\/","og_site_name":"Geopolitics.fr","article_publisher":"https:\/\/www.facebook.com\/people\/Erwan-Davoux\/61557098968092\/","article_author":"Erwan Davoux","article_published_time":"2024-03-20T17:31:39+00:00","article_modified_time":"2024-03-26T19:40:11+00:00","og_image":[{"width":2560,"height":1707,"url":"https:\/\/www.geopolitics.fr\/wp-content\/uploads\/2024\/03\/PRESID-SENEGAL-scaled.jpg","type":"image\/jpeg"}],"author":"Erwan Davoux","twitter_card":"summary_large_image","twitter_creator":"@erwandavoux @Geo_politicsfr","twitter_site":"@Geopolitics_Fr","twitter_misc":{"Written by":"Erwan Davoux","Estimated reading time":"4 minutes"},"schema":{"@context":"https:\/\/schema.org","@graph":[{"@type":"Article","@id":"https:\/\/www.geopolitics.fr\/2024\/03\/20\/le-senegal-retient-son-souffle\/#article","isPartOf":{"@id":"https:\/\/www.geopolitics.fr\/2024\/03\/20\/le-senegal-retient-son-souffle\/"},"author":{"name":"Erwan Davoux","@id":"https:\/\/www.geopolitics.fr\/#\/schema\/person\/a487273e91313e368925717400fa1b11"},"headline":"Le S\u00e9n\u00e9gal retient son souffle","datePublished":"2024-03-20T17:31:39+00:00","dateModified":"2024-03-26T19:40:11+00:00","mainEntityOfPage":{"@id":"https:\/\/www.geopolitics.fr\/2024\/03\/20\/le-senegal-retient-son-souffle\/"},"wordCount":833,"commentCount":0,"publisher":{"@id":"https:\/\/www.geopolitics.fr\/#organization"},"image":{"@id":"https:\/\/www.geopolitics.fr\/2024\/03\/20\/le-senegal-retient-son-souffle\/#primaryimage"},"thumbnailUrl":"https:\/\/www.geopolitics.fr\/wp-content\/uploads\/2024\/03\/PRESID-SENEGAL-scaled.jpg","keywords":["AMADOU BA","BASSIROU DIOMAYE FAYE","ELECTION PRESIDENTIELLE","MACKY SALL","OUSMANE SONKO","SENEGAL"],"articleSection":["Election","International"],"inLanguage":"en-GB"},{"@type":"WebPage","@id":"https:\/\/www.geopolitics.fr\/2024\/03\/20\/le-senegal-retient-son-souffle\/","url":"https:\/\/www.geopolitics.fr\/2024\/03\/20\/le-senegal-retient-son-souffle\/","name":"Le S\u00e9n\u00e9gal retient son souffle | Geopolitics.fr","isPartOf":{"@id":"https:\/\/www.geopolitics.fr\/#website"},"primaryImageOfPage":{"@id":"https:\/\/www.geopolitics.fr\/2024\/03\/20\/le-senegal-retient-son-souffle\/#primaryimage"},"image":{"@id":"https:\/\/www.geopolitics.fr\/2024\/03\/20\/le-senegal-retient-son-souffle\/#primaryimage"},"thumbnailUrl":"https:\/\/www.geopolitics.fr\/wp-content\/uploads\/2024\/03\/PRESID-SENEGAL-scaled.jpg","datePublished":"2024-03-20T17:31:39+00:00","dateModified":"2024-03-26T19:40:11+00:00","breadcrumb":{"@id":"https:\/\/www.geopolitics.fr\/2024\/03\/20\/le-senegal-retient-son-souffle\/#breadcrumb"},"inLanguage":"en-GB","potentialAction":[{"@type":"ReadAction","target":["https:\/\/www.geopolitics.fr\/2024\/03\/20\/le-senegal-retient-son-souffle\/"]}]},{"@type":"ImageObject","inLanguage":"en-GB","@id":"https:\/\/www.geopolitics.fr\/2024\/03\/20\/le-senegal-retient-son-souffle\/#primaryimage","url":"https:\/\/www.geopolitics.fr\/wp-content\/uploads\/2024\/03\/PRESID-SENEGAL-scaled.jpg","contentUrl":"https:\/\/www.geopolitics.fr\/wp-content\/uploads\/2024\/03\/PRESID-SENEGAL-scaled.jpg","width":1920,"height":1280,"caption":"Senegal Presidential Election Illustration with Ballot Box"},{"@type":"BreadcrumbList","@id":"https:\/\/www.geopolitics.fr\/2024\/03\/20\/le-senegal-retient-son-souffle\/#breadcrumb","itemListElement":[{"@type":"ListItem","position":1,"name":"Accueil","item":"https:\/\/www.geopolitics.fr\/"},{"@type":"ListItem","position":2,"name":"Le S\u00e9n\u00e9gal retient son souffle"}]},{"@type":"WebSite","@id":"https:\/\/www.geopolitics.fr\/#website","url":"https:\/\/www.geopolitics.fr\/","name":"Geopolitics.fr","description":"Geopolitics.fr Analyse politique, relations internationales, d\u00e9fense - ligne \u00e9ditoriale gaullo-chiraquienne","publisher":{"@id":"https:\/\/www.geopolitics.fr\/#organization"},"potentialAction":[{"@type":"SearchAction","target":{"@type":"EntryPoint","urlTemplate":"https:\/\/www.geopolitics.fr\/?s={search_term_string}"},"query-input":{"@type":"PropertyValueSpecification","valueRequired":true,"valueName":"search_term_string"}}],"inLanguage":"en-GB"},{"@type":"Organization","@id":"https:\/\/www.geopolitics.fr\/#organization","name":"Geopolitics.fr","url":"https:\/\/www.geopolitics.fr\/","logo":{"@type":"ImageObject","inLanguage":"en-GB","@id":"https:\/\/www.geopolitics.fr\/#\/schema\/logo\/image\/","url":"https:\/\/www.geopolitics.fr\/wp-content\/uploads\/2024\/01\/logo.jpg","contentUrl":"https:\/\/www.geopolitics.fr\/wp-content\/uploads\/2024\/01\/logo.jpg","width":500,"height":500,"caption":"Geopolitics.fr"},"image":{"@id":"https:\/\/www.geopolitics.fr\/#\/schema\/logo\/image\/"},"sameAs":["https:\/\/www.facebook.com\/people\/Erwan-Davoux\/61557098968092\/","https:\/\/x.com\/Geopolitics_Fr"]},{"@type":"Person","@id":"https:\/\/www.geopolitics.fr\/#\/schema\/person\/a487273e91313e368925717400fa1b11","name":"Erwan Davoux","image":{"@type":"ImageObject","inLanguage":"en-GB","@id":"https:\/\/www.geopolitics.fr\/wp-content\/uploads\/2026\/05\/moi-96x96.jpg","url":"https:\/\/www.geopolitics.fr\/wp-content\/uploads\/2026\/05\/moi-96x96.jpg","contentUrl":"https:\/\/www.geopolitics.fr\/wp-content\/uploads\/2026\/05\/moi-96x96.jpg","caption":"Erwan Davoux"},"description":"Erwan DAVOUX est Pr\u00e9sident de LMD CONSEIL, (conseil strat\u00e9gique, intelligence \u00e9conomique, risque g\u00e9opolitique, influence politique, diplomatie \u00e9conomique). Dipl\u00f4m\u00e9 de l'IEP de Paris et de l'INALCO (d\u00e9partement d'\u00e9tudes arabes), il est directeur de la publication de geopolitics.fr. Ancien fonctionnaire au Minist\u00e8re de l'Int\u00e9rieur et de la D\u00e9fense (DGSE) Ancien charg\u00e9 de Mission \u00e0 la Pr\u00e9sidence de la R\u00e9publique (cellule diplomatique) Conseil de nombreuses personnalit\u00e9s politiques \u00e0 l'International (dont deux anciens Premiers ministres).","sameAs":["Erwan Davoux","@erwandavoux","https:\/\/www.linkedin.com\/in\/erwan-davoux-6800b289\/","https:\/\/x.com\/@erwandavoux @Geo_politicsfr"],"url":"https:\/\/www.geopolitics.fr\/en\/author\/erwan-davoux\/"}]}},"_links":{"self":[{"href":"https:\/\/www.geopolitics.fr\/en\/wp-json\/wp\/v2\/posts\/2384","targetHints":{"allow":["GET"]}}],"collection":[{"href":"https:\/\/www.geopolitics.fr\/en\/wp-json\/wp\/v2\/posts"}],"about":[{"href":"https:\/\/www.geopolitics.fr\/en\/wp-json\/wp\/v2\/types\/post"}],"author":[{"embeddable":true,"href":"https:\/\/www.geopolitics.fr\/en\/wp-json\/wp\/v2\/users\/16"}],"replies":[{"embeddable":true,"href":"https:\/\/www.geopolitics.fr\/en\/wp-json\/wp\/v2\/comments?post=2384"}],"version-history":[{"count":0,"href":"https:\/\/www.geopolitics.fr\/en\/wp-json\/wp\/v2\/posts\/2384\/revisions"}],"wp:featuredmedia":[{"embeddable":true,"href":"https:\/\/www.geopolitics.fr\/en\/wp-json\/wp\/v2\/media\/2385"}],"wp:attachment":[{"href":"https:\/\/www.geopolitics.fr\/en\/wp-json\/wp\/v2\/media?parent=2384"}],"wp:term":[{"taxonomy":"category","embeddable":true,"href":"https:\/\/www.geopolitics.fr\/en\/wp-json\/wp\/v2\/categories?post=2384"},{"taxonomy":"post_tag","embeddable":true,"href":"https:\/\/www.geopolitics.fr\/en\/wp-json\/wp\/v2\/tags?post=2384"}],"curies":[{"name":"wp","href":"https:\/\/api.w.org\/{rel}","templated":true}]}}