{"id":2371,"date":"2024-03-18T18:42:53","date_gmt":"2024-03-18T17:42:53","guid":{"rendered":"https:\/\/www.geopolitics.fr\/?p=2371"},"modified":"2024-03-26T21:05:07","modified_gmt":"2024-03-26T20:05:07","slug":"europeennes-mickael-nogal-appele-a-la-rescousse-par-renaissance","status":"publish","type":"post","link":"https:\/\/www.geopolitics.fr\/en\/2024\/03\/18\/europeennes-mickael-nogal-appele-a-la-rescousse-par-renaissance\/","title":{"rendered":"Europ\u00e9ennes : Mickael Nogal appel\u00e9 \u00e0 la rescousse par \u00ab\u00a0Renaissance\u00a0\u00bb"},"content":{"rendered":"<p class=\"has-medium-font-size wp-block-paragraph\"><strong>Micha\u00ebl Nogal<\/strong>, <strong>fait un retour remarqu\u00e9 en sc\u00e8ne en tant que directeur de cabinet de St\u00e9phane S\u00e9journ\u00e9, <\/strong>le Secr\u00e9taire g\u00e9n\u00e9ral du parti Renaissance (qui a conserv\u00e9 cette fonction malgr\u00e9 sa nomination \u00e0 la t\u00eate du Quai d&rsquo;Orsay). Ancien d\u00e9put\u00e9 de la Haute-Garonne, Nogal avait pris ses distances avec la politique active pour se consacrer au secteur priv\u00e9, dirigeant l&rsquo;ANIA (Association Nationale des Industries Alimentaires) puis fondant son propre Cabinet de conseil. <strong>Son retour co\u00efncide avec un moment difficile pour Renaissance \u00e0 la peine dans les sondages juste avant les \u00e9lections europ\u00e9ennes.<\/strong><\/p>","protected":false},"excerpt":{"rendered":"<p>Micha\u00ebl Nogal, fait un retour remarqu\u00e9 en sc\u00e8ne en tant que directeur de cabinet de St\u00e9phane S\u00e9journ\u00e9, le Secr\u00e9taire g\u00e9n\u00e9ral du parti&hellip;<\/p>","protected":false},"author":9,"featured_media":2357,"comment_status":"open","ping_status":"open","sticky":false,"template":"","format":"standard","meta":{"_lmt_disableupdate":"","_lmt_disable":"","footnotes":""},"categories":[40,3,43],"tags":[216,146],"class_list":["post-2371","post","type-post","status-publish","format-standard","has-post-thumbnail","hentry","category-election","category-politique","category-top-secret","tag-elections-europeennes","tag-renaissance"],"yoast_head":"<!-- This site is optimized with the Yoast SEO Premium plugin v28.1 (Yoast SEO v28.1) - https:\/\/yoast.com\/product\/yoast-seo-premium-wordpress\/ -->\n<title>Europ\u00e9ennes : Mickael Nogal appel\u00e9 \u00e0 la rescousse par &quot;Renaissance&quot; | Geopolitics.fr<\/title>\n<meta name=\"robots\" content=\"index, follow, max-snippet:-1, max-image-preview:large, max-video-preview:-1\" \/>\n<link rel=\"canonical\" href=\"https:\/\/www.geopolitics.fr\/en\/2024\/03\/18\/europeennes-mickael-nogal-appele-a-la-rescousse-par-renaissance\/\" \/>\n<meta property=\"og:locale\" content=\"en_GB\" \/>\n<meta property=\"og:type\" content=\"article\" \/>\n<meta property=\"og:title\" content=\"Europ\u00e9ennes : Mickael Nogal appel\u00e9 \u00e0 la rescousse par &quot;Renaissance&quot;\" \/>\n<meta property=\"og:description\" content=\"Micha\u00ebl Nogal, fait un retour remarqu\u00e9 en sc\u00e8ne en tant que directeur de cabinet de St\u00e9phane S\u00e9journ\u00e9, le Secr\u00e9taire g\u00e9n\u00e9ral du parti&hellip;\" \/>\n<meta property=\"og:url\" content=\"https:\/\/www.geopolitics.fr\/en\/2024\/03\/18\/europeennes-mickael-nogal-appele-a-la-rescousse-par-renaissance\/\" \/>\n<meta property=\"og:site_name\" content=\"Geopolitics.fr\" \/>\n<meta property=\"article:publisher\" content=\"https:\/\/www.facebook.com\/people\/Erwan-Davoux\/61557098968092\/\" \/>\n<meta property=\"article:published_time\" content=\"2024-03-18T17:42:53+00:00\" \/>\n<meta property=\"article:modified_time\" content=\"2024-03-26T20:05:07+00:00\" \/>\n<meta property=\"og:image\" content=\"https:\/\/www.geopolitics.fr\/wp-content\/uploads\/2024\/03\/Depositphotos_706039778_XL-scaled.jpg\" \/>\n\t<meta property=\"og:image:width\" content=\"2560\" \/>\n\t<meta property=\"og:image:height\" content=\"644\" \/>\n\t<meta property=\"og:image:type\" content=\"image\/jpeg\" \/>\n<meta name=\"author\" content=\"contact@geopolitics.fr\" \/>\n<meta name=\"twitter:card\" content=\"summary_large_image\" \/>\n<meta name=\"twitter:creator\" content=\"@Geopolitics_Fr\" \/>\n<meta name=\"twitter:site\" content=\"@Geopolitics_Fr\" \/>\n<meta name=\"twitter:label1\" content=\"Written by\" \/>\n\t<meta name=\"twitter:data1\" content=\"contact@geopolitics.fr\" \/>\n\t<meta name=\"twitter:label2\" content=\"Estimated reading time\" \/>\n\t<meta name=\"twitter:data2\" content=\"1 minute\" \/>\n<script type=\"application\/ld+json\" class=\"yoast-schema-graph\">{\"@context\":\"https:\\\/\\\/schema.org\",\"@graph\":[{\"@type\":\"Article\",\"@id\":\"https:\\\/\\\/www.geopolitics.fr\\\/2024\\\/03\\\/18\\\/europeennes-mickael-nogal-appele-a-la-rescousse-par-renaissance\\\/#article\",\"isPartOf\":{\"@id\":\"https:\\\/\\\/www.geopolitics.fr\\\/2024\\\/03\\\/18\\\/europeennes-mickael-nogal-appele-a-la-rescousse-par-renaissance\\\/\"},\"author\":{\"name\":\"contact@geopolitics.fr\",\"@id\":\"https:\\\/\\\/www.geopolitics.fr\\\/#\\\/schema\\\/person\\\/69dde260ad11805e2aa68f0d9e9128da\"},\"headline\":\"Europ\u00e9ennes : Mickael Nogal appel\u00e9 \u00e0 la rescousse par \u00ab\u00a0Renaissance\u00a0\u00bb\",\"datePublished\":\"2024-03-18T17:42:53+00:00\",\"dateModified\":\"2024-03-26T20:05:07+00:00\",\"mainEntityOfPage\":{\"@id\":\"https:\\\/\\\/www.geopolitics.fr\\\/2024\\\/03\\\/18\\\/europeennes-mickael-nogal-appele-a-la-rescousse-par-renaissance\\\/\"},\"wordCount\":111,\"commentCount\":0,\"publisher\":{\"@id\":\"https:\\\/\\\/www.geopolitics.fr\\\/#organization\"},\"image\":{\"@id\":\"https:\\\/\\\/www.geopolitics.fr\\\/2024\\\/03\\\/18\\\/europeennes-mickael-nogal-appele-a-la-rescousse-par-renaissance\\\/#primaryimage\"},\"thumbnailUrl\":\"https:\\\/\\\/www.geopolitics.fr\\\/wp-content\\\/uploads\\\/2024\\\/03\\\/Depositphotos_706039778_XL-scaled.jpg\",\"keywords\":[\"ELECTIONS EUROPEENNES\",\"RENAISSANCE\"],\"articleSection\":[\"Election\",\"Politique\",\"Top secret\"],\"inLanguage\":\"en-GB\"},{\"@type\":\"WebPage\",\"@id\":\"https:\\\/\\\/www.geopolitics.fr\\\/2024\\\/03\\\/18\\\/europeennes-mickael-nogal-appele-a-la-rescousse-par-renaissance\\\/\",\"url\":\"https:\\\/\\\/www.geopolitics.fr\\\/2024\\\/03\\\/18\\\/europeennes-mickael-nogal-appele-a-la-rescousse-par-renaissance\\\/\",\"name\":\"Europ\u00e9ennes : Mickael Nogal appel\u00e9 \u00e0 la rescousse par \\\"Renaissance\\\" | Geopolitics.fr\",\"isPartOf\":{\"@id\":\"https:\\\/\\\/www.geopolitics.fr\\\/#website\"},\"primaryImageOfPage\":{\"@id\":\"https:\\\/\\\/www.geopolitics.fr\\\/2024\\\/03\\\/18\\\/europeennes-mickael-nogal-appele-a-la-rescousse-par-renaissance\\\/#primaryimage\"},\"image\":{\"@id\":\"https:\\\/\\\/www.geopolitics.fr\\\/2024\\\/03\\\/18\\\/europeennes-mickael-nogal-appele-a-la-rescousse-par-renaissance\\\/#primaryimage\"},\"thumbnailUrl\":\"https:\\\/\\\/www.geopolitics.fr\\\/wp-content\\\/uploads\\\/2024\\\/03\\\/Depositphotos_706039778_XL-scaled.jpg\",\"datePublished\":\"2024-03-18T17:42:53+00:00\",\"dateModified\":\"2024-03-26T20:05:07+00:00\",\"breadcrumb\":{\"@id\":\"https:\\\/\\\/www.geopolitics.fr\\\/2024\\\/03\\\/18\\\/europeennes-mickael-nogal-appele-a-la-rescousse-par-renaissance\\\/#breadcrumb\"},\"inLanguage\":\"en-GB\",\"potentialAction\":[{\"@type\":\"ReadAction\",\"target\":[\"https:\\\/\\\/www.geopolitics.fr\\\/2024\\\/03\\\/18\\\/europeennes-mickael-nogal-appele-a-la-rescousse-par-renaissance\\\/\"]}]},{\"@type\":\"ImageObject\",\"inLanguage\":\"en-GB\",\"@id\":\"https:\\\/\\\/www.geopolitics.fr\\\/2024\\\/03\\\/18\\\/europeennes-mickael-nogal-appele-a-la-rescousse-par-renaissance\\\/#primaryimage\",\"url\":\"https:\\\/\\\/www.geopolitics.fr\\\/wp-content\\\/uploads\\\/2024\\\/03\\\/Depositphotos_706039778_XL-scaled.jpg\",\"contentUrl\":\"https:\\\/\\\/www.geopolitics.fr\\\/wp-content\\\/uploads\\\/2024\\\/03\\\/Depositphotos_706039778_XL-scaled.jpg\",\"width\":1920,\"height\":483},{\"@type\":\"BreadcrumbList\",\"@id\":\"https:\\\/\\\/www.geopolitics.fr\\\/2024\\\/03\\\/18\\\/europeennes-mickael-nogal-appele-a-la-rescousse-par-renaissance\\\/#breadcrumb\",\"itemListElement\":[{\"@type\":\"ListItem\",\"position\":1,\"name\":\"Accueil\",\"item\":\"https:\\\/\\\/www.geopolitics.fr\\\/\"},{\"@type\":\"ListItem\",\"position\":2,\"name\":\"Europ\u00e9ennes : Mickael Nogal appel\u00e9 \u00e0 la rescousse par &#8220;Renaissance&#8221;\"}]},{\"@type\":\"WebSite\",\"@id\":\"https:\\\/\\\/www.geopolitics.fr\\\/#website\",\"url\":\"https:\\\/\\\/www.geopolitics.fr\\\/\",\"name\":\"Geopolitics.fr\",\"description\":\"Geopolitics.fr Analyse politique, relations internationales, d\u00e9fense - ligne \u00e9ditoriale gaullo-chiraquienne\",\"publisher\":{\"@id\":\"https:\\\/\\\/www.geopolitics.fr\\\/#organization\"},\"potentialAction\":[{\"@type\":\"SearchAction\",\"target\":{\"@type\":\"EntryPoint\",\"urlTemplate\":\"https:\\\/\\\/www.geopolitics.fr\\\/?s={search_term_string}\"},\"query-input\":{\"@type\":\"PropertyValueSpecification\",\"valueRequired\":true,\"valueName\":\"search_term_string\"}}],\"inLanguage\":\"en-GB\"},{\"@type\":\"Organization\",\"@id\":\"https:\\\/\\\/www.geopolitics.fr\\\/#organization\",\"name\":\"Geopolitics.fr\",\"url\":\"https:\\\/\\\/www.geopolitics.fr\\\/\",\"logo\":{\"@type\":\"ImageObject\",\"inLanguage\":\"en-GB\",\"@id\":\"https:\\\/\\\/www.geopolitics.fr\\\/#\\\/schema\\\/logo\\\/image\\\/\",\"url\":\"https:\\\/\\\/www.geopolitics.fr\\\/wp-content\\\/uploads\\\/2024\\\/01\\\/logo.jpg\",\"contentUrl\":\"https:\\\/\\\/www.geopolitics.fr\\\/wp-content\\\/uploads\\\/2024\\\/01\\\/logo.jpg\",\"width\":500,\"height\":500,\"caption\":\"Geopolitics.fr\"},\"image\":{\"@id\":\"https:\\\/\\\/www.geopolitics.fr\\\/#\\\/schema\\\/logo\\\/image\\\/\"},\"sameAs\":[\"https:\\\/\\\/www.facebook.com\\\/people\\\/Erwan-Davoux\\\/61557098968092\\\/\",\"https:\\\/\\\/x.com\\\/Geopolitics_Fr\"]},{\"@type\":\"Person\",\"@id\":\"https:\\\/\\\/www.geopolitics.fr\\\/#\\\/schema\\\/person\\\/69dde260ad11805e2aa68f0d9e9128da\",\"name\":\"contact@geopolitics.fr\",\"image\":{\"@type\":\"ImageObject\",\"inLanguage\":\"en-GB\",\"@id\":\"https:\\\/\\\/www.geopolitics.fr\\\/wp-content\\\/uploads\\\/2024\\\/01\\\/edito-bonne-banniere-96x96.jpg\",\"url\":\"https:\\\/\\\/www.geopolitics.fr\\\/wp-content\\\/uploads\\\/2024\\\/01\\\/edito-bonne-banniere-96x96.jpg\",\"contentUrl\":\"https:\\\/\\\/www.geopolitics.fr\\\/wp-content\\\/uploads\\\/2024\\\/01\\\/edito-bonne-banniere-96x96.jpg\",\"caption\":\"contact@geopolitics.fr\"},\"url\":\"https:\\\/\\\/www.geopolitics.fr\\\/en\\\/author\\\/contactgeopolitics-fr\\\/\"}]}<\/script>\n<!-- \/ Yoast SEO Premium plugin. -->","yoast_head_json":{"title":"Europ\u00e9ennes : Mickael Nogal appel\u00e9 \u00e0 la rescousse par \"Renaissance\" | Geopolitics.fr","robots":{"index":"index","follow":"follow","max-snippet":"max-snippet:-1","max-image-preview":"max-image-preview:large","max-video-preview":"max-video-preview:-1"},"canonical":"https:\/\/www.geopolitics.fr\/en\/2024\/03\/18\/europeennes-mickael-nogal-appele-a-la-rescousse-par-renaissance\/","og_locale":"en_GB","og_type":"article","og_title":"Europ\u00e9ennes : Mickael Nogal appel\u00e9 \u00e0 la rescousse par \"Renaissance\"","og_description":"Micha\u00ebl Nogal, fait un retour remarqu\u00e9 en sc\u00e8ne en tant que directeur de cabinet de St\u00e9phane S\u00e9journ\u00e9, le Secr\u00e9taire g\u00e9n\u00e9ral du parti&hellip;","og_url":"https:\/\/www.geopolitics.fr\/en\/2024\/03\/18\/europeennes-mickael-nogal-appele-a-la-rescousse-par-renaissance\/","og_site_name":"Geopolitics.fr","article_publisher":"https:\/\/www.facebook.com\/people\/Erwan-Davoux\/61557098968092\/","article_published_time":"2024-03-18T17:42:53+00:00","article_modified_time":"2024-03-26T20:05:07+00:00","og_image":[{"width":2560,"height":644,"url":"https:\/\/www.geopolitics.fr\/wp-content\/uploads\/2024\/03\/Depositphotos_706039778_XL-scaled.jpg","type":"image\/jpeg"}],"author":"contact@geopolitics.fr","twitter_card":"summary_large_image","twitter_creator":"@Geopolitics_Fr","twitter_site":"@Geopolitics_Fr","twitter_misc":{"Written by":"contact@geopolitics.fr","Estimated reading time":"1 minute"},"schema":{"@context":"https:\/\/schema.org","@graph":[{"@type":"Article","@id":"https:\/\/www.geopolitics.fr\/2024\/03\/18\/europeennes-mickael-nogal-appele-a-la-rescousse-par-renaissance\/#article","isPartOf":{"@id":"https:\/\/www.geopolitics.fr\/2024\/03\/18\/europeennes-mickael-nogal-appele-a-la-rescousse-par-renaissance\/"},"author":{"name":"contact@geopolitics.fr","@id":"https:\/\/www.geopolitics.fr\/#\/schema\/person\/69dde260ad11805e2aa68f0d9e9128da"},"headline":"Europ\u00e9ennes : Mickael Nogal appel\u00e9 \u00e0 la rescousse par \u00ab\u00a0Renaissance\u00a0\u00bb","datePublished":"2024-03-18T17:42:53+00:00","dateModified":"2024-03-26T20:05:07+00:00","mainEntityOfPage":{"@id":"https:\/\/www.geopolitics.fr\/2024\/03\/18\/europeennes-mickael-nogal-appele-a-la-rescousse-par-renaissance\/"},"wordCount":111,"commentCount":0,"publisher":{"@id":"https:\/\/www.geopolitics.fr\/#organization"},"image":{"@id":"https:\/\/www.geopolitics.fr\/2024\/03\/18\/europeennes-mickael-nogal-appele-a-la-rescousse-par-renaissance\/#primaryimage"},"thumbnailUrl":"https:\/\/www.geopolitics.fr\/wp-content\/uploads\/2024\/03\/Depositphotos_706039778_XL-scaled.jpg","keywords":["ELECTIONS EUROPEENNES","RENAISSANCE"],"articleSection":["Election","Politique","Top secret"],"inLanguage":"en-GB"},{"@type":"WebPage","@id":"https:\/\/www.geopolitics.fr\/2024\/03\/18\/europeennes-mickael-nogal-appele-a-la-rescousse-par-renaissance\/","url":"https:\/\/www.geopolitics.fr\/2024\/03\/18\/europeennes-mickael-nogal-appele-a-la-rescousse-par-renaissance\/","name":"Europ\u00e9ennes : Mickael Nogal appel\u00e9 \u00e0 la rescousse par \"Renaissance\" | Geopolitics.fr","isPartOf":{"@id":"https:\/\/www.geopolitics.fr\/#website"},"primaryImageOfPage":{"@id":"https:\/\/www.geopolitics.fr\/2024\/03\/18\/europeennes-mickael-nogal-appele-a-la-rescousse-par-renaissance\/#primaryimage"},"image":{"@id":"https:\/\/www.geopolitics.fr\/2024\/03\/18\/europeennes-mickael-nogal-appele-a-la-rescousse-par-renaissance\/#primaryimage"},"thumbnailUrl":"https:\/\/www.geopolitics.fr\/wp-content\/uploads\/2024\/03\/Depositphotos_706039778_XL-scaled.jpg","datePublished":"2024-03-18T17:42:53+00:00","dateModified":"2024-03-26T20:05:07+00:00","breadcrumb":{"@id":"https:\/\/www.geopolitics.fr\/2024\/03\/18\/europeennes-mickael-nogal-appele-a-la-rescousse-par-renaissance\/#breadcrumb"},"inLanguage":"en-GB","potentialAction":[{"@type":"ReadAction","target":["https:\/\/www.geopolitics.fr\/2024\/03\/18\/europeennes-mickael-nogal-appele-a-la-rescousse-par-renaissance\/"]}]},{"@type":"ImageObject","inLanguage":"en-GB","@id":"https:\/\/www.geopolitics.fr\/2024\/03\/18\/europeennes-mickael-nogal-appele-a-la-rescousse-par-renaissance\/#primaryimage","url":"https:\/\/www.geopolitics.fr\/wp-content\/uploads\/2024\/03\/Depositphotos_706039778_XL-scaled.jpg","contentUrl":"https:\/\/www.geopolitics.fr\/wp-content\/uploads\/2024\/03\/Depositphotos_706039778_XL-scaled.jpg","width":1920,"height":483},{"@type":"BreadcrumbList","@id":"https:\/\/www.geopolitics.fr\/2024\/03\/18\/europeennes-mickael-nogal-appele-a-la-rescousse-par-renaissance\/#breadcrumb","itemListElement":[{"@type":"ListItem","position":1,"name":"Accueil","item":"https:\/\/www.geopolitics.fr\/"},{"@type":"ListItem","position":2,"name":"Europ\u00e9ennes : Mickael Nogal appel\u00e9 \u00e0 la rescousse par &#8220;Renaissance&#8221;"}]},{"@type":"WebSite","@id":"https:\/\/www.geopolitics.fr\/#website","url":"https:\/\/www.geopolitics.fr\/","name":"Geopolitics.fr","description":"Geopolitics.fr Analyse politique, relations internationales, d\u00e9fense - ligne \u00e9ditoriale gaullo-chiraquienne","publisher":{"@id":"https:\/\/www.geopolitics.fr\/#organization"},"potentialAction":[{"@type":"SearchAction","target":{"@type":"EntryPoint","urlTemplate":"https:\/\/www.geopolitics.fr\/?s={search_term_string}"},"query-input":{"@type":"PropertyValueSpecification","valueRequired":true,"valueName":"search_term_string"}}],"inLanguage":"en-GB"},{"@type":"Organization","@id":"https:\/\/www.geopolitics.fr\/#organization","name":"Geopolitics.fr","url":"https:\/\/www.geopolitics.fr\/","logo":{"@type":"ImageObject","inLanguage":"en-GB","@id":"https:\/\/www.geopolitics.fr\/#\/schema\/logo\/image\/","url":"https:\/\/www.geopolitics.fr\/wp-content\/uploads\/2024\/01\/logo.jpg","contentUrl":"https:\/\/www.geopolitics.fr\/wp-content\/uploads\/2024\/01\/logo.jpg","width":500,"height":500,"caption":"Geopolitics.fr"},"image":{"@id":"https:\/\/www.geopolitics.fr\/#\/schema\/logo\/image\/"},"sameAs":["https:\/\/www.facebook.com\/people\/Erwan-Davoux\/61557098968092\/","https:\/\/x.com\/Geopolitics_Fr"]},{"@type":"Person","@id":"https:\/\/www.geopolitics.fr\/#\/schema\/person\/69dde260ad11805e2aa68f0d9e9128da","name":"contact@geopolitics.fr","image":{"@type":"ImageObject","inLanguage":"en-GB","@id":"https:\/\/www.geopolitics.fr\/wp-content\/uploads\/2024\/01\/edito-bonne-banniere-96x96.jpg","url":"https:\/\/www.geopolitics.fr\/wp-content\/uploads\/2024\/01\/edito-bonne-banniere-96x96.jpg","contentUrl":"https:\/\/www.geopolitics.fr\/wp-content\/uploads\/2024\/01\/edito-bonne-banniere-96x96.jpg","caption":"contact@geopolitics.fr"},"url":"https:\/\/www.geopolitics.fr\/en\/author\/contactgeopolitics-fr\/"}]}},"_links":{"self":[{"href":"https:\/\/www.geopolitics.fr\/en\/wp-json\/wp\/v2\/posts\/2371","targetHints":{"allow":["GET"]}}],"collection":[{"href":"https:\/\/www.geopolitics.fr\/en\/wp-json\/wp\/v2\/posts"}],"about":[{"href":"https:\/\/www.geopolitics.fr\/en\/wp-json\/wp\/v2\/types\/post"}],"author":[{"embeddable":true,"href":"https:\/\/www.geopolitics.fr\/en\/wp-json\/wp\/v2\/users\/9"}],"replies":[{"embeddable":true,"href":"https:\/\/www.geopolitics.fr\/en\/wp-json\/wp\/v2\/comments?post=2371"}],"version-history":[{"count":0,"href":"https:\/\/www.geopolitics.fr\/en\/wp-json\/wp\/v2\/posts\/2371\/revisions"}],"wp:featuredmedia":[{"embeddable":true,"href":"https:\/\/www.geopolitics.fr\/en\/wp-json\/wp\/v2\/media\/2357"}],"wp:attachment":[{"href":"https:\/\/www.geopolitics.fr\/en\/wp-json\/wp\/v2\/media?parent=2371"}],"wp:term":[{"taxonomy":"category","embeddable":true,"href":"https:\/\/www.geopolitics.fr\/en\/wp-json\/wp\/v2\/categories?post=2371"},{"taxonomy":"post_tag","embeddable":true,"href":"https:\/\/www.geopolitics.fr\/en\/wp-json\/wp\/v2\/tags?post=2371"}],"curies":[{"name":"wp","href":"https:\/\/api.w.org\/{rel}","templated":true}]}}