{"id":2366,"date":"2024-03-18T18:16:57","date_gmt":"2024-03-18T17:16:57","guid":{"rendered":"https:\/\/www.geopolitics.fr\/?p=2366"},"modified":"2024-03-26T21:10:54","modified_gmt":"2024-03-26T20:10:54","slug":"les-republicains-rumeurs-infondees-sur-la-candidature-de-patrick-dray-aux-europeennes","status":"publish","type":"post","link":"https:\/\/www.geopolitics.fr\/en\/2024\/03\/18\/les-republicains-rumeurs-infondees-sur-la-candidature-de-patrick-dray-aux-europeennes\/","title":{"rendered":"Les R\u00e9publicains : rumeurs infond\u00e9es sur la candidature de Patrick Dray aux europ\u00e9ennes"},"content":{"rendered":"<p class=\"has-medium-font-size wp-block-paragraph\">Dans le tourbillon pr\u00e9-\u00e9lectoral des \u00e9lections europ\u00e9ennes, une rumeur a r\u00e9cemment agit\u00e9 le parti Les R\u00e9publicains (LR) :&nbsp;<strong>la pr\u00e9sence de Patrick Dray (petit-cousin de Julien Dray), conseiller en communication de G\u00e9rard Larcher, pr\u00e9sident du S\u00e9nat, en position \u00e9ligible sur la liste du parti.<\/strong>&nbsp;Cette information, initialement relay\u00e9e par \u201cLe Figaro\u201d, a provoqu\u00e9 un certain \u00e9moi au sein du parti, suscitant des interrogations et des grincements de dents parmi les membres.<\/p>\n\n\n\n<p class=\"has-medium-font-size wp-block-paragraph\"><strong>Toutefois, cette rumeur s\u2019est rapidement av\u00e9r\u00e9e infond\u00e9e.&nbsp;<\/strong>\u00c9ric Ciotti, pr\u00e9sident des LR, a cat\u00e9goriquement d\u00e9menti cette sp\u00e9culation, mettant en lumi\u00e8re les strat\u00e9gies de renouvellement et de rajeunissement qui guident actuellement la composition de la liste du parti pour les europ\u00e9ennes.<\/p>\n\n\n\n<p class=\"has-medium-font-size wp-block-paragraph\"><strong>Ciotti, promet une liste \u00ab m\u00e9lange d\u2019exp\u00e9rience et de nouveaux visages<\/strong>, avec Fran\u00e7ois-Xavier Bellamy, C\u00e9line Imart, et d\u2019autres personnalit\u00e9s envisag\u00e9es pour les places \u00e9ligibles suivantes&nbsp;\u00bb. La pr\u00e9sence de Patrick Dray avait \u00e9t\u00e9 per\u00e7ue comme une surprise et une d\u00e9cision controvers\u00e9e par certains, qualifi\u00e9e de \u201cfait du prince\u201d qui aurait pu d\u00e9stabiliser l\u2019\u00e9quilibre soigneusement recherch\u00e9 par le parti.<\/p>\n\n\n\n<p class=\"has-medium-font-size wp-block-paragraph\"><strong>La campagne des europ\u00e9ennes est un moment cl\u00e9 pour Les R\u00e9publicains. Le parti mise sur l\u2019image de comp\u00e9tence de FX Bellamy pour r\u00e9aliser un score honorable. En effet, un r\u00e9sultat inf\u00e9rieur \u00e0 5% signifierait probablement la fin.<\/strong>&nbsp;Le premier meeting \u00e0 Aubervilliers sera l\u2019occasion pour le parti de d\u00e9voiler officiellement sa liste et de rallier le soutien autour de ses candidats.<\/p>","protected":false},"excerpt":{"rendered":"<p>Dans le tourbillon pr\u00e9-\u00e9lectoral des \u00e9lections europ\u00e9ennes, une rumeur a r\u00e9cemment agit\u00e9 le parti Les R\u00e9publicains (LR) :&nbsp;la pr\u00e9sence de Patrick Dray&hellip;<\/p>","protected":false},"author":9,"featured_media":2357,"comment_status":"open","ping_status":"open","sticky":false,"template":"","format":"standard","meta":{"_lmt_disableupdate":"","_lmt_disable":"","footnotes":""},"categories":[40,3],"tags":[59,216,93],"class_list":["post-2366","post","type-post","status-publish","format-standard","has-post-thumbnail","hentry","category-election","category-politique","tag-ciotti","tag-elections-europeennes","tag-les-republicains-2"],"yoast_head":"<!-- This site is optimized with the Yoast SEO Premium plugin v28.1 (Yoast SEO v28.1) - https:\/\/yoast.com\/product\/yoast-seo-premium-wordpress\/ -->\n<title>Les R\u00e9publicains : rumeurs infond\u00e9es sur la candidature de Patrick Dray aux europ\u00e9ennes | Geopolitics.fr<\/title>\n<meta name=\"robots\" content=\"index, follow, max-snippet:-1, max-image-preview:large, max-video-preview:-1\" \/>\n<link rel=\"canonical\" href=\"https:\/\/www.geopolitics.fr\/en\/2024\/03\/18\/les-republicains-rumeurs-infondees-sur-la-candidature-de-patrick-dray-aux-europeennes\/\" \/>\n<meta property=\"og:locale\" content=\"en_GB\" \/>\n<meta property=\"og:type\" content=\"article\" \/>\n<meta property=\"og:title\" content=\"Les R\u00e9publicains : rumeurs infond\u00e9es sur la candidature de Patrick Dray aux europ\u00e9ennes\" \/>\n<meta property=\"og:description\" content=\"Dans le tourbillon pr\u00e9-\u00e9lectoral des \u00e9lections europ\u00e9ennes, une rumeur a r\u00e9cemment agit\u00e9 le parti Les R\u00e9publicains (LR) :&nbsp;la pr\u00e9sence de Patrick Dray&hellip;\" \/>\n<meta property=\"og:url\" content=\"https:\/\/www.geopolitics.fr\/en\/2024\/03\/18\/les-republicains-rumeurs-infondees-sur-la-candidature-de-patrick-dray-aux-europeennes\/\" \/>\n<meta property=\"og:site_name\" content=\"Geopolitics.fr\" \/>\n<meta property=\"article:publisher\" content=\"https:\/\/www.facebook.com\/people\/Erwan-Davoux\/61557098968092\/\" \/>\n<meta property=\"article:published_time\" content=\"2024-03-18T17:16:57+00:00\" \/>\n<meta property=\"article:modified_time\" content=\"2024-03-26T20:10:54+00:00\" \/>\n<meta property=\"og:image\" content=\"https:\/\/www.geopolitics.fr\/wp-content\/uploads\/2024\/03\/Depositphotos_706039778_XL-scaled.jpg\" \/>\n\t<meta property=\"og:image:width\" content=\"2560\" \/>\n\t<meta property=\"og:image:height\" content=\"644\" \/>\n\t<meta property=\"og:image:type\" content=\"image\/jpeg\" \/>\n<meta name=\"author\" content=\"contact@geopolitics.fr\" \/>\n<meta name=\"twitter:card\" content=\"summary_large_image\" \/>\n<meta name=\"twitter:creator\" content=\"@Geopolitics_Fr\" \/>\n<meta name=\"twitter:site\" content=\"@Geopolitics_Fr\" \/>\n<meta name=\"twitter:label1\" content=\"Written by\" \/>\n\t<meta name=\"twitter:data1\" content=\"contact@geopolitics.fr\" \/>\n\t<meta name=\"twitter:label2\" content=\"Estimated reading time\" \/>\n\t<meta name=\"twitter:data2\" content=\"2 minutes\" \/>\n<script type=\"application\/ld+json\" class=\"yoast-schema-graph\">{\"@context\":\"https:\\\/\\\/schema.org\",\"@graph\":[{\"@type\":\"Article\",\"@id\":\"https:\\\/\\\/www.geopolitics.fr\\\/2024\\\/03\\\/18\\\/les-republicains-rumeurs-infondees-sur-la-candidature-de-patrick-dray-aux-europeennes\\\/#article\",\"isPartOf\":{\"@id\":\"https:\\\/\\\/www.geopolitics.fr\\\/2024\\\/03\\\/18\\\/les-republicains-rumeurs-infondees-sur-la-candidature-de-patrick-dray-aux-europeennes\\\/\"},\"author\":{\"name\":\"contact@geopolitics.fr\",\"@id\":\"https:\\\/\\\/www.geopolitics.fr\\\/#\\\/schema\\\/person\\\/69dde260ad11805e2aa68f0d9e9128da\"},\"headline\":\"Les R\u00e9publicains : rumeurs infond\u00e9es sur la candidature de Patrick Dray aux europ\u00e9ennes\",\"datePublished\":\"2024-03-18T17:16:57+00:00\",\"dateModified\":\"2024-03-26T20:10:54+00:00\",\"mainEntityOfPage\":{\"@id\":\"https:\\\/\\\/www.geopolitics.fr\\\/2024\\\/03\\\/18\\\/les-republicains-rumeurs-infondees-sur-la-candidature-de-patrick-dray-aux-europeennes\\\/\"},\"wordCount\":289,\"commentCount\":0,\"publisher\":{\"@id\":\"https:\\\/\\\/www.geopolitics.fr\\\/#organization\"},\"image\":{\"@id\":\"https:\\\/\\\/www.geopolitics.fr\\\/2024\\\/03\\\/18\\\/les-republicains-rumeurs-infondees-sur-la-candidature-de-patrick-dray-aux-europeennes\\\/#primaryimage\"},\"thumbnailUrl\":\"https:\\\/\\\/www.geopolitics.fr\\\/wp-content\\\/uploads\\\/2024\\\/03\\\/Depositphotos_706039778_XL-scaled.jpg\",\"keywords\":[\"Ciotti\",\"ELECTIONS EUROPEENNES\",\"LES REPUBLICAINS\"],\"articleSection\":[\"Election\",\"Politique\"],\"inLanguage\":\"en-GB\"},{\"@type\":\"WebPage\",\"@id\":\"https:\\\/\\\/www.geopolitics.fr\\\/2024\\\/03\\\/18\\\/les-republicains-rumeurs-infondees-sur-la-candidature-de-patrick-dray-aux-europeennes\\\/\",\"url\":\"https:\\\/\\\/www.geopolitics.fr\\\/2024\\\/03\\\/18\\\/les-republicains-rumeurs-infondees-sur-la-candidature-de-patrick-dray-aux-europeennes\\\/\",\"name\":\"Les R\u00e9publicains : rumeurs infond\u00e9es sur la candidature de Patrick Dray aux europ\u00e9ennes | Geopolitics.fr\",\"isPartOf\":{\"@id\":\"https:\\\/\\\/www.geopolitics.fr\\\/#website\"},\"primaryImageOfPage\":{\"@id\":\"https:\\\/\\\/www.geopolitics.fr\\\/2024\\\/03\\\/18\\\/les-republicains-rumeurs-infondees-sur-la-candidature-de-patrick-dray-aux-europeennes\\\/#primaryimage\"},\"image\":{\"@id\":\"https:\\\/\\\/www.geopolitics.fr\\\/2024\\\/03\\\/18\\\/les-republicains-rumeurs-infondees-sur-la-candidature-de-patrick-dray-aux-europeennes\\\/#primaryimage\"},\"thumbnailUrl\":\"https:\\\/\\\/www.geopolitics.fr\\\/wp-content\\\/uploads\\\/2024\\\/03\\\/Depositphotos_706039778_XL-scaled.jpg\",\"datePublished\":\"2024-03-18T17:16:57+00:00\",\"dateModified\":\"2024-03-26T20:10:54+00:00\",\"breadcrumb\":{\"@id\":\"https:\\\/\\\/www.geopolitics.fr\\\/2024\\\/03\\\/18\\\/les-republicains-rumeurs-infondees-sur-la-candidature-de-patrick-dray-aux-europeennes\\\/#breadcrumb\"},\"inLanguage\":\"en-GB\",\"potentialAction\":[{\"@type\":\"ReadAction\",\"target\":[\"https:\\\/\\\/www.geopolitics.fr\\\/2024\\\/03\\\/18\\\/les-republicains-rumeurs-infondees-sur-la-candidature-de-patrick-dray-aux-europeennes\\\/\"]}]},{\"@type\":\"ImageObject\",\"inLanguage\":\"en-GB\",\"@id\":\"https:\\\/\\\/www.geopolitics.fr\\\/2024\\\/03\\\/18\\\/les-republicains-rumeurs-infondees-sur-la-candidature-de-patrick-dray-aux-europeennes\\\/#primaryimage\",\"url\":\"https:\\\/\\\/www.geopolitics.fr\\\/wp-content\\\/uploads\\\/2024\\\/03\\\/Depositphotos_706039778_XL-scaled.jpg\",\"contentUrl\":\"https:\\\/\\\/www.geopolitics.fr\\\/wp-content\\\/uploads\\\/2024\\\/03\\\/Depositphotos_706039778_XL-scaled.jpg\",\"width\":1920,\"height\":483},{\"@type\":\"BreadcrumbList\",\"@id\":\"https:\\\/\\\/www.geopolitics.fr\\\/2024\\\/03\\\/18\\\/les-republicains-rumeurs-infondees-sur-la-candidature-de-patrick-dray-aux-europeennes\\\/#breadcrumb\",\"itemListElement\":[{\"@type\":\"ListItem\",\"position\":1,\"name\":\"Accueil\",\"item\":\"https:\\\/\\\/www.geopolitics.fr\\\/\"},{\"@type\":\"ListItem\",\"position\":2,\"name\":\"Les R\u00e9publicains : rumeurs infond\u00e9es sur la candidature de Patrick Dray aux europ\u00e9ennes\"}]},{\"@type\":\"WebSite\",\"@id\":\"https:\\\/\\\/www.geopolitics.fr\\\/#website\",\"url\":\"https:\\\/\\\/www.geopolitics.fr\\\/\",\"name\":\"Geopolitics.fr\",\"description\":\"Geopolitics.fr Analyse politique, relations internationales, d\u00e9fense - ligne \u00e9ditoriale gaullo-chiraquienne\",\"publisher\":{\"@id\":\"https:\\\/\\\/www.geopolitics.fr\\\/#organization\"},\"potentialAction\":[{\"@type\":\"SearchAction\",\"target\":{\"@type\":\"EntryPoint\",\"urlTemplate\":\"https:\\\/\\\/www.geopolitics.fr\\\/?s={search_term_string}\"},\"query-input\":{\"@type\":\"PropertyValueSpecification\",\"valueRequired\":true,\"valueName\":\"search_term_string\"}}],\"inLanguage\":\"en-GB\"},{\"@type\":\"Organization\",\"@id\":\"https:\\\/\\\/www.geopolitics.fr\\\/#organization\",\"name\":\"Geopolitics.fr\",\"url\":\"https:\\\/\\\/www.geopolitics.fr\\\/\",\"logo\":{\"@type\":\"ImageObject\",\"inLanguage\":\"en-GB\",\"@id\":\"https:\\\/\\\/www.geopolitics.fr\\\/#\\\/schema\\\/logo\\\/image\\\/\",\"url\":\"https:\\\/\\\/www.geopolitics.fr\\\/wp-content\\\/uploads\\\/2024\\\/01\\\/logo.jpg\",\"contentUrl\":\"https:\\\/\\\/www.geopolitics.fr\\\/wp-content\\\/uploads\\\/2024\\\/01\\\/logo.jpg\",\"width\":500,\"height\":500,\"caption\":\"Geopolitics.fr\"},\"image\":{\"@id\":\"https:\\\/\\\/www.geopolitics.fr\\\/#\\\/schema\\\/logo\\\/image\\\/\"},\"sameAs\":[\"https:\\\/\\\/www.facebook.com\\\/people\\\/Erwan-Davoux\\\/61557098968092\\\/\",\"https:\\\/\\\/x.com\\\/Geopolitics_Fr\"]},{\"@type\":\"Person\",\"@id\":\"https:\\\/\\\/www.geopolitics.fr\\\/#\\\/schema\\\/person\\\/69dde260ad11805e2aa68f0d9e9128da\",\"name\":\"contact@geopolitics.fr\",\"image\":{\"@type\":\"ImageObject\",\"inLanguage\":\"en-GB\",\"@id\":\"https:\\\/\\\/www.geopolitics.fr\\\/wp-content\\\/uploads\\\/2024\\\/01\\\/edito-bonne-banniere-96x96.jpg\",\"url\":\"https:\\\/\\\/www.geopolitics.fr\\\/wp-content\\\/uploads\\\/2024\\\/01\\\/edito-bonne-banniere-96x96.jpg\",\"contentUrl\":\"https:\\\/\\\/www.geopolitics.fr\\\/wp-content\\\/uploads\\\/2024\\\/01\\\/edito-bonne-banniere-96x96.jpg\",\"caption\":\"contact@geopolitics.fr\"},\"url\":\"https:\\\/\\\/www.geopolitics.fr\\\/en\\\/author\\\/contactgeopolitics-fr\\\/\"}]}<\/script>\n<!-- \/ Yoast SEO Premium plugin. -->","yoast_head_json":{"title":"Les R\u00e9publicains : rumeurs infond\u00e9es sur la candidature de Patrick Dray aux europ\u00e9ennes | Geopolitics.fr","robots":{"index":"index","follow":"follow","max-snippet":"max-snippet:-1","max-image-preview":"max-image-preview:large","max-video-preview":"max-video-preview:-1"},"canonical":"https:\/\/www.geopolitics.fr\/en\/2024\/03\/18\/les-republicains-rumeurs-infondees-sur-la-candidature-de-patrick-dray-aux-europeennes\/","og_locale":"en_GB","og_type":"article","og_title":"Les R\u00e9publicains : rumeurs infond\u00e9es sur la candidature de Patrick Dray aux europ\u00e9ennes","og_description":"Dans le tourbillon pr\u00e9-\u00e9lectoral des \u00e9lections europ\u00e9ennes, une rumeur a r\u00e9cemment agit\u00e9 le parti Les R\u00e9publicains (LR) :&nbsp;la pr\u00e9sence de Patrick Dray&hellip;","og_url":"https:\/\/www.geopolitics.fr\/en\/2024\/03\/18\/les-republicains-rumeurs-infondees-sur-la-candidature-de-patrick-dray-aux-europeennes\/","og_site_name":"Geopolitics.fr","article_publisher":"https:\/\/www.facebook.com\/people\/Erwan-Davoux\/61557098968092\/","article_published_time":"2024-03-18T17:16:57+00:00","article_modified_time":"2024-03-26T20:10:54+00:00","og_image":[{"width":2560,"height":644,"url":"https:\/\/www.geopolitics.fr\/wp-content\/uploads\/2024\/03\/Depositphotos_706039778_XL-scaled.jpg","type":"image\/jpeg"}],"author":"contact@geopolitics.fr","twitter_card":"summary_large_image","twitter_creator":"@Geopolitics_Fr","twitter_site":"@Geopolitics_Fr","twitter_misc":{"Written by":"contact@geopolitics.fr","Estimated reading time":"2 minutes"},"schema":{"@context":"https:\/\/schema.org","@graph":[{"@type":"Article","@id":"https:\/\/www.geopolitics.fr\/2024\/03\/18\/les-republicains-rumeurs-infondees-sur-la-candidature-de-patrick-dray-aux-europeennes\/#article","isPartOf":{"@id":"https:\/\/www.geopolitics.fr\/2024\/03\/18\/les-republicains-rumeurs-infondees-sur-la-candidature-de-patrick-dray-aux-europeennes\/"},"author":{"name":"contact@geopolitics.fr","@id":"https:\/\/www.geopolitics.fr\/#\/schema\/person\/69dde260ad11805e2aa68f0d9e9128da"},"headline":"Les R\u00e9publicains : rumeurs infond\u00e9es sur la candidature de Patrick Dray aux europ\u00e9ennes","datePublished":"2024-03-18T17:16:57+00:00","dateModified":"2024-03-26T20:10:54+00:00","mainEntityOfPage":{"@id":"https:\/\/www.geopolitics.fr\/2024\/03\/18\/les-republicains-rumeurs-infondees-sur-la-candidature-de-patrick-dray-aux-europeennes\/"},"wordCount":289,"commentCount":0,"publisher":{"@id":"https:\/\/www.geopolitics.fr\/#organization"},"image":{"@id":"https:\/\/www.geopolitics.fr\/2024\/03\/18\/les-republicains-rumeurs-infondees-sur-la-candidature-de-patrick-dray-aux-europeennes\/#primaryimage"},"thumbnailUrl":"https:\/\/www.geopolitics.fr\/wp-content\/uploads\/2024\/03\/Depositphotos_706039778_XL-scaled.jpg","keywords":["Ciotti","ELECTIONS EUROPEENNES","LES REPUBLICAINS"],"articleSection":["Election","Politique"],"inLanguage":"en-GB"},{"@type":"WebPage","@id":"https:\/\/www.geopolitics.fr\/2024\/03\/18\/les-republicains-rumeurs-infondees-sur-la-candidature-de-patrick-dray-aux-europeennes\/","url":"https:\/\/www.geopolitics.fr\/2024\/03\/18\/les-republicains-rumeurs-infondees-sur-la-candidature-de-patrick-dray-aux-europeennes\/","name":"Les R\u00e9publicains : rumeurs infond\u00e9es sur la candidature de Patrick Dray aux europ\u00e9ennes | Geopolitics.fr","isPartOf":{"@id":"https:\/\/www.geopolitics.fr\/#website"},"primaryImageOfPage":{"@id":"https:\/\/www.geopolitics.fr\/2024\/03\/18\/les-republicains-rumeurs-infondees-sur-la-candidature-de-patrick-dray-aux-europeennes\/#primaryimage"},"image":{"@id":"https:\/\/www.geopolitics.fr\/2024\/03\/18\/les-republicains-rumeurs-infondees-sur-la-candidature-de-patrick-dray-aux-europeennes\/#primaryimage"},"thumbnailUrl":"https:\/\/www.geopolitics.fr\/wp-content\/uploads\/2024\/03\/Depositphotos_706039778_XL-scaled.jpg","datePublished":"2024-03-18T17:16:57+00:00","dateModified":"2024-03-26T20:10:54+00:00","breadcrumb":{"@id":"https:\/\/www.geopolitics.fr\/2024\/03\/18\/les-republicains-rumeurs-infondees-sur-la-candidature-de-patrick-dray-aux-europeennes\/#breadcrumb"},"inLanguage":"en-GB","potentialAction":[{"@type":"ReadAction","target":["https:\/\/www.geopolitics.fr\/2024\/03\/18\/les-republicains-rumeurs-infondees-sur-la-candidature-de-patrick-dray-aux-europeennes\/"]}]},{"@type":"ImageObject","inLanguage":"en-GB","@id":"https:\/\/www.geopolitics.fr\/2024\/03\/18\/les-republicains-rumeurs-infondees-sur-la-candidature-de-patrick-dray-aux-europeennes\/#primaryimage","url":"https:\/\/www.geopolitics.fr\/wp-content\/uploads\/2024\/03\/Depositphotos_706039778_XL-scaled.jpg","contentUrl":"https:\/\/www.geopolitics.fr\/wp-content\/uploads\/2024\/03\/Depositphotos_706039778_XL-scaled.jpg","width":1920,"height":483},{"@type":"BreadcrumbList","@id":"https:\/\/www.geopolitics.fr\/2024\/03\/18\/les-republicains-rumeurs-infondees-sur-la-candidature-de-patrick-dray-aux-europeennes\/#breadcrumb","itemListElement":[{"@type":"ListItem","position":1,"name":"Accueil","item":"https:\/\/www.geopolitics.fr\/"},{"@type":"ListItem","position":2,"name":"Les R\u00e9publicains : rumeurs infond\u00e9es sur la candidature de Patrick Dray aux europ\u00e9ennes"}]},{"@type":"WebSite","@id":"https:\/\/www.geopolitics.fr\/#website","url":"https:\/\/www.geopolitics.fr\/","name":"Geopolitics.fr","description":"Geopolitics.fr Analyse politique, relations internationales, d\u00e9fense - ligne \u00e9ditoriale gaullo-chiraquienne","publisher":{"@id":"https:\/\/www.geopolitics.fr\/#organization"},"potentialAction":[{"@type":"SearchAction","target":{"@type":"EntryPoint","urlTemplate":"https:\/\/www.geopolitics.fr\/?s={search_term_string}"},"query-input":{"@type":"PropertyValueSpecification","valueRequired":true,"valueName":"search_term_string"}}],"inLanguage":"en-GB"},{"@type":"Organization","@id":"https:\/\/www.geopolitics.fr\/#organization","name":"Geopolitics.fr","url":"https:\/\/www.geopolitics.fr\/","logo":{"@type":"ImageObject","inLanguage":"en-GB","@id":"https:\/\/www.geopolitics.fr\/#\/schema\/logo\/image\/","url":"https:\/\/www.geopolitics.fr\/wp-content\/uploads\/2024\/01\/logo.jpg","contentUrl":"https:\/\/www.geopolitics.fr\/wp-content\/uploads\/2024\/01\/logo.jpg","width":500,"height":500,"caption":"Geopolitics.fr"},"image":{"@id":"https:\/\/www.geopolitics.fr\/#\/schema\/logo\/image\/"},"sameAs":["https:\/\/www.facebook.com\/people\/Erwan-Davoux\/61557098968092\/","https:\/\/x.com\/Geopolitics_Fr"]},{"@type":"Person","@id":"https:\/\/www.geopolitics.fr\/#\/schema\/person\/69dde260ad11805e2aa68f0d9e9128da","name":"contact@geopolitics.fr","image":{"@type":"ImageObject","inLanguage":"en-GB","@id":"https:\/\/www.geopolitics.fr\/wp-content\/uploads\/2024\/01\/edito-bonne-banniere-96x96.jpg","url":"https:\/\/www.geopolitics.fr\/wp-content\/uploads\/2024\/01\/edito-bonne-banniere-96x96.jpg","contentUrl":"https:\/\/www.geopolitics.fr\/wp-content\/uploads\/2024\/01\/edito-bonne-banniere-96x96.jpg","caption":"contact@geopolitics.fr"},"url":"https:\/\/www.geopolitics.fr\/en\/author\/contactgeopolitics-fr\/"}]}},"_links":{"self":[{"href":"https:\/\/www.geopolitics.fr\/en\/wp-json\/wp\/v2\/posts\/2366","targetHints":{"allow":["GET"]}}],"collection":[{"href":"https:\/\/www.geopolitics.fr\/en\/wp-json\/wp\/v2\/posts"}],"about":[{"href":"https:\/\/www.geopolitics.fr\/en\/wp-json\/wp\/v2\/types\/post"}],"author":[{"embeddable":true,"href":"https:\/\/www.geopolitics.fr\/en\/wp-json\/wp\/v2\/users\/9"}],"replies":[{"embeddable":true,"href":"https:\/\/www.geopolitics.fr\/en\/wp-json\/wp\/v2\/comments?post=2366"}],"version-history":[{"count":0,"href":"https:\/\/www.geopolitics.fr\/en\/wp-json\/wp\/v2\/posts\/2366\/revisions"}],"wp:featuredmedia":[{"embeddable":true,"href":"https:\/\/www.geopolitics.fr\/en\/wp-json\/wp\/v2\/media\/2357"}],"wp:attachment":[{"href":"https:\/\/www.geopolitics.fr\/en\/wp-json\/wp\/v2\/media?parent=2366"}],"wp:term":[{"taxonomy":"category","embeddable":true,"href":"https:\/\/www.geopolitics.fr\/en\/wp-json\/wp\/v2\/categories?post=2366"},{"taxonomy":"post_tag","embeddable":true,"href":"https:\/\/www.geopolitics.fr\/en\/wp-json\/wp\/v2\/tags?post=2366"}],"curies":[{"name":"wp","href":"https:\/\/api.w.org\/{rel}","templated":true}]}}