{"id":2345,"date":"2024-03-13T19:24:20","date_gmt":"2024-03-13T18:24:20","guid":{"rendered":"https:\/\/www.geopolitics.fr\/?p=2345"},"modified":"2024-03-26T21:12:37","modified_gmt":"2024-03-26T20:12:37","slug":"emmanuel-macron-mauvais-drh-ou-le-rates-de-ses-amis-de-lena-places-au-coeur-du-pouvoir","status":"publish","type":"post","link":"https:\/\/www.geopolitics.fr\/en\/2024\/03\/13\/emmanuel-macron-mauvais-drh-ou-le-rates-de-ses-amis-de-lena-places-au-coeur-du-pouvoir\/","title":{"rendered":"Emmanuel Macron : Pi\u00e8tre DRH mais bon camarade"},"content":{"rendered":"<p class=\"has-medium-font-size wp-block-paragraph\">Il est de coutume en politique de critiquer le c\u00f4t\u00e9 partisan de tout ex\u00e9cutif. Les accusation de mettre l\u2019Etat au service d\u2019un clan\u00a0\u00bb, la d\u00e9nonciation de la \u00ab\u00a0chasse aux sorci\u00e8res\u00a0\u00bb ou au contraire, la mise en avant de l\u2019\u00ab impartialit\u00e9 de l\u2019Etat\u00a0\u00bb, tout cela est de la politique assez classique.<\/p>\n\n\n\n<p class=\"has-medium-font-size wp-block-paragraph\"><strong>Emmanuel Macron a, lui, introduit une nouveaut\u00e9. Cr\u00e9ateur d&rsquo;un mouvement sans corpus id\u00e9ologique et rassemblant des personnalit\u00e9s d\u2019horizons h\u00e9t\u00e9roclites (pour ne pas dire opportunistes des deux bords), ce ne sont pas seulement ses amis politiques mais aussi ses camarades de promotion de l\u2019ENA <\/strong>qui vont se voir bombarder (comme on dit en jargon militaire pour d\u00e9signer une personne qui connait un avancement inhabituel et sans raison objective) \u00e0 des <strong>postes assez improbables compte-tenu de leur \u00e2ge et de leur (inex)exp\u00e9rience.<\/strong><\/p>\n\n\n\n<p class=\"has-medium-font-size wp-block-paragraph\"><strong>La fort mal nomm\u00e9e promotion \u00ab&nbsp;L\u00e9opold Sedar Senghor&nbsp;\u00bb <\/strong>extr\u00eamement politis\u00e9e et portant \u00e0 son paroxysme le processus de reproduction sociale des \u00e9lites a p\u00e9n\u00e9tr\u00e9 l\u2019Etat \u00e0 un niveau in\u00e9gal\u00e9. Certains exemples embl\u00e9matiques de ce copinage effr\u00e9n\u00e9 illustrent cette d\u00e9rive et le moins que l\u2019on puisse dire est que cet entrisme n\u2019est pas un franc succ\u00e8s&nbsp;:<\/p>\n\n\n\n<p class=\"has-medium-font-size wp-block-paragraph\">Commen\u00e7ons par <strong>Am\u00e9lie Oud\u00e9a-Castera <\/strong>qui se retrouva un temps \u00e0 la fois Ministre de l\u2019Education Nationale et des Sports avant que sa bourde sur l\u2019\u00e9cole publique ne la mette dans le collimateur des enseignants, parents d\u2019\u00e9l\u00e8ves et, globalement, de tous ceux attach\u00e9s \u00e0 l\u2019\u00e9cole publique. Contre toute attente, elle ne sera pas pouss\u00e9e \u00e0 la d\u00e9mission mais verra seulement son portefeuille minist\u00e9riel retrouver sa configuration d\u2019origine. Emmanuel Macron ne l\u00e2chera pas sa camarade de promotion.<br><\/p>\n\n\n\n<p class=\"has-medium-font-size wp-block-paragraph\"><strong>Emmanuel Macron d\u00e9testant les diplomates<\/strong>, ceux n&rsquo;est pas aux plus chevronn\u00e9s d&rsquo;entre eux qu&rsquo;il fera appel mais \u00e0 ses condisciples de l&rsquo;ENA.<\/p>\n\n\n\n<ul class=\"has-medium-font-size wp-block-list\">\n<li class=\"has-medium-font-size\"><strong>Franck Paris<\/strong>, patron de la cellule Afrique pendant six ann\u00e9es \u00e0 l\u2019Elys\u00e9e sera partie prenante au d\u00e9clin de la France en Afrique et \u00e0 son d\u00e9part forc\u00e9 de la zone sah\u00e9lienne dans des conditions peu glorieuses. N\u2019ayant jamais \u00e9t\u00e9 en poste en Afrique, ni m\u00eame \u00e9t\u00e9 ambassadeur o\u00f9 que ce soit, il aura vite la r\u00e9putation d\u2019un homme \u00ab&nbsp;qui connait mieux Bruxelles que l\u2019Afrique&nbsp;\u00bb. Effectivement, il passa cinq ann\u00e9es en poste en Belgique. Rappelons que Jacques Chirac d\u00e9signa pour cette m\u00eame fonction des diplomates aussi exp\u00e9riment\u00e9s que Michel Dupuch et Michel de Bonnecorse et que le choix de Nicolas Sarkozy se porta sur Andr\u00e9 Parant qui fut ambassadeur \u00e0 des multiples reprises. De nombreux diplomates avaient le profil idoine&nbsp;: plusieurs fois ambassadeurs en Afrique, ma\u00eetrisant le sujet et conscients que les opinion publiques africaines devenaient tr\u00e8s hostiles \u00e0 la France. Mais ils avaient l\u2019immense d\u00e9savantage de ne pas appartenir \u00e0 la promotion L\u00e9opold Sedar Senghor.<\/li>\n<\/ul>\n\n\n\n<ul class=\"wp-block-list\">\n<li class=\"has-medium-font-size\">Toujours dans la diplomatie, le choix de <strong>Luis Vassy <\/strong>comme directeur de Cabinet de Catherine Colonna peut interroger. Nomm\u00e9 \u00e0 42 ans, alors que la tradition est de d\u00e9signer un diplomate tr\u00e8s exp\u00e9riment\u00e9 et \u00ab&nbsp;ayant de la bouteille&nbsp;\u00bb, il aura \u00e9t\u00e9 ambassadeur durant deux ann\u00e9es aux Pays-Bas avant sa prise de fonction. Un peu court pour ce poste \u00e9minent&nbsp;? De l\u00e0 \u00e0 penser qu\u2019il fut nomm\u00e9 pour \u00ab&nbsp;surveiller&nbsp;\u00bb Catherine Colonna, ne lui laisser aucune marge de man\u0153uvre, et rendre compte \u00e0 son camarade-pr\u00e9sident, il n\u2019y a qu\u2019un pas\u2026. Luis Vassy, un temps pressenti pour devenir conseiller diplomatique du Pr\u00e9sident de la R\u00e9publique, se voit d\u00e9signer, d\u00e9sormais, la lourde t\u00e2che d\u2019encadrer un ministre \u00ab&nbsp;novice&nbsp;\u00bb, St\u00e9phane S\u00e9journ\u00e9. Ni l\u2019un, ni l\u2019autre ne sauront r\u00e9pondre \u00e0 la question sur les armes fran\u00e7aises fournies ou pas \u00e0 Isra\u00ebl devant la Commission des Affaires \u00e9trang\u00e8res de l\u2019Assembl\u00e9e Nationale, le 14 f\u00e9vrier dernier.<\/li>\n<\/ul>\n\n\n\n<ul class=\"wp-block-list\">\n<li class=\"has-medium-font-size\">Pour conclure avec les diplomates macronistes issus de la Promotion L\u00e9opold Sedar Senghor, nous trouvons <strong>Xavier Chatel<\/strong>. Nomm\u00e9 Ambassadeur aux Emirats Arabes Unis en 2020 \u00e0 un \u00e2ge et un grade qui ne l&rsquo;y pr\u00e9disposaient pas, il lui a \u00e9t\u00e9 attribu\u00e9 l&rsquo;id\u00e9e qui prit la forme de l\u2019\u00e9norme bourde diplomatique d\u2019Emmanuel Macron concernant \u00ab\u00a0la mise en place d\u2019une force anti-Hamas sur le mod\u00e8le de celle anti-Daesch\u00a0\u00bb. Peut-\u00eatre est-ce injuste&nbsp;? Un pseudo philosophe y aurait sa part\u2026<br><br>Il serait inconvenant d\u2019oublier <strong>Charline Avenel <\/strong>qui fut rectrice de l\u2019Acad\u00e9mie de Versailles, entre 2018 et 2023. Emmanuel prendra un d\u00e9cret, le 24 octobre 2018, pour lui permettre d\u2019acc\u00e9der \u00e0 cette fonction en assouplissant les conditions. Elle fut plac\u00e9e directement \u00e0 la t\u00eate de la plus grande acad\u00e9mie de France. Critiqu\u00e9e dans l\u2019affaire de l\u2019assassinat de Samuel Paty, elle aurait tard\u00e9 \u00e0 assurer la demande protection du professeur et s\u2019appr\u00eatait m\u00eame \u00e0 le r\u00e9primander vertement. Critiqu\u00e9e \u00e9galement pour son absence de r\u00e9action dans le cadre du harc\u00e8lement d\u2019un adolescent qui finira par se suicider, elle ira jusqu\u2019\u00e0 menacer les parents d\u2019une action pour \u00ab&nbsp;d\u00e9nonciation calomnieuse&nbsp;\u00bb qu\u2019ils commettraient \u00e0 l\u2019encontre du Lyc\u00e9e. L\u2019int\u00e9ress\u00e9e marquera son go\u00fbt prononc\u00e9 pour le service publique en rejoignant ensuite le secteur priv\u00e9, ce que l\u2019on appelle \u00ab&nbsp;un pantouflage&nbsp;\u00bb.         <br><br>Enfin, l\u2019actualit\u00e9 du jour est la d\u00e9mission de <strong>Mathias Vicherat<\/strong> de sa fonction de Directeur de Sciences-Po, apr\u00e8s son renvoi en correctionnel pour une affaire de violences conjugales. Condisciple d\u2019Emmanuel Macron au sein de cette fameuse promotion, nomm\u00e9 \u00e0 43 ans, l\u2019int\u00e9ress\u00e9 l\u2019avait emport\u00e9 contre toute attente alors que son parcours (Directeur de Cabinet du Maire puis le Mairesse de Paris, la SNCF, le secteur priv\u00e9), ne le pr\u00e9disposait en rien \u00e0 occuper cette fonction g\u00e9n\u00e9ralement d\u00e9volue \u00e0 un universitaire.&nbsp;<\/li>\n<\/ul>\n\n\n\n<p class=\"has-medium-font-size wp-block-paragraph\">Les \u00ab&nbsp;bombard\u00e9s&nbsp;\u00bb de la promotion L\u00e9opold Sedar Senghor ont donc un bilan pour le moins mitig\u00e9 <strong>ce qui ne saurait en rien, naturellement, jeter l\u2019opprobre (ou l\u2019eau propre, \u00e0 confirmer avec Sarah El Ha\u00efry) sur la grande majorit\u00e9 de cette promotion <\/strong>qui compte aussi des opposants politiques au Pr\u00e9sident de la R\u00e9publique, Julien Aubert, notamment.<\/p>\n\n\n\n<p class=\"has-medium-font-size wp-block-paragraph\"><strong>Et si l\u2019on en revenait aux simple crit\u00e8res de l\u2019exp\u00e9rience et de la comp\u00e9tence&nbsp;? Les principes r\u00e9publicains de m\u00e9ritocratie en somme\u2026.<\/strong><\/p>","protected":false},"excerpt":{"rendered":"<p>Il est de coutume en politique de critiquer le c\u00f4t\u00e9 partisan de tout ex\u00e9cutif. Les accusation de mettre l\u2019Etat au service d\u2019un&hellip;<\/p>","protected":false},"author":9,"featured_media":2348,"comment_status":"open","ping_status":"open","sticky":false,"template":"","format":"standard","meta":{"_lmt_disableupdate":"","_lmt_disable":"","footnotes":""},"categories":[3],"tags":[],"class_list":["post-2345","post","type-post","status-publish","format-standard","has-post-thumbnail","hentry","category-politique"],"yoast_head":"<!-- This site is optimized with the Yoast SEO Premium plugin v28.1 (Yoast SEO v28.1) - https:\/\/yoast.com\/product\/yoast-seo-premium-wordpress\/ -->\n<title>Emmanuel Macron : Pi\u00e8tre DRH mais bon camarade | Geopolitics.fr<\/title>\n<meta name=\"robots\" content=\"index, follow, max-snippet:-1, max-image-preview:large, max-video-preview:-1\" \/>\n<link rel=\"canonical\" href=\"https:\/\/www.geopolitics.fr\/en\/2024\/03\/13\/emmanuel-macron-mauvais-drh-ou-le-rates-de-ses-amis-de-lena-places-au-coeur-du-pouvoir\/\" \/>\n<meta property=\"og:locale\" content=\"en_GB\" \/>\n<meta property=\"og:type\" content=\"article\" \/>\n<meta property=\"og:title\" content=\"Emmanuel Macron : Pi\u00e8tre DRH mais bon camarade\" \/>\n<meta property=\"og:description\" content=\"Il est de coutume en politique de critiquer le c\u00f4t\u00e9 partisan de tout ex\u00e9cutif. Les accusation de mettre l\u2019Etat au service d\u2019un&hellip;\" \/>\n<meta property=\"og:url\" content=\"https:\/\/www.geopolitics.fr\/en\/2024\/03\/13\/emmanuel-macron-mauvais-drh-ou-le-rates-de-ses-amis-de-lena-places-au-coeur-du-pouvoir\/\" \/>\n<meta property=\"og:site_name\" content=\"Geopolitics.fr\" \/>\n<meta property=\"article:publisher\" content=\"https:\/\/www.facebook.com\/people\/Erwan-Davoux\/61557098968092\/\" \/>\n<meta property=\"article:published_time\" content=\"2024-03-13T18:24:20+00:00\" \/>\n<meta property=\"article:modified_time\" content=\"2024-03-26T20:12:37+00:00\" \/>\n<meta property=\"og:image\" content=\"https:\/\/www.geopolitics.fr\/wp-content\/uploads\/2024\/03\/DRH-scaled.jpg\" \/>\n\t<meta property=\"og:image:width\" content=\"2560\" \/>\n\t<meta property=\"og:image:height\" content=\"1493\" \/>\n\t<meta property=\"og:image:type\" content=\"image\/jpeg\" \/>\n<meta name=\"author\" content=\"contact@geopolitics.fr\" \/>\n<meta name=\"twitter:card\" content=\"summary_large_image\" \/>\n<meta name=\"twitter:creator\" content=\"@Geopolitics_Fr\" \/>\n<meta name=\"twitter:site\" content=\"@Geopolitics_Fr\" \/>\n<meta name=\"twitter:label1\" content=\"Written by\" \/>\n\t<meta name=\"twitter:data1\" content=\"contact@geopolitics.fr\" \/>\n\t<meta name=\"twitter:label2\" content=\"Estimated reading time\" \/>\n\t<meta name=\"twitter:data2\" content=\"6 minutes\" \/>\n<script type=\"application\/ld+json\" class=\"yoast-schema-graph\">{\"@context\":\"https:\\\/\\\/schema.org\",\"@graph\":[{\"@type\":\"Article\",\"@id\":\"https:\\\/\\\/www.geopolitics.fr\\\/2024\\\/03\\\/13\\\/emmanuel-macron-mauvais-drh-ou-le-rates-de-ses-amis-de-lena-places-au-coeur-du-pouvoir\\\/#article\",\"isPartOf\":{\"@id\":\"https:\\\/\\\/www.geopolitics.fr\\\/2024\\\/03\\\/13\\\/emmanuel-macron-mauvais-drh-ou-le-rates-de-ses-amis-de-lena-places-au-coeur-du-pouvoir\\\/\"},\"author\":{\"name\":\"contact@geopolitics.fr\",\"@id\":\"https:\\\/\\\/www.geopolitics.fr\\\/#\\\/schema\\\/person\\\/69dde260ad11805e2aa68f0d9e9128da\"},\"headline\":\"Emmanuel Macron : Pi\u00e8tre DRH mais bon camarade\",\"datePublished\":\"2024-03-13T18:24:20+00:00\",\"dateModified\":\"2024-03-26T20:12:37+00:00\",\"mainEntityOfPage\":{\"@id\":\"https:\\\/\\\/www.geopolitics.fr\\\/2024\\\/03\\\/13\\\/emmanuel-macron-mauvais-drh-ou-le-rates-de-ses-amis-de-lena-places-au-coeur-du-pouvoir\\\/\"},\"wordCount\":1107,\"commentCount\":0,\"publisher\":{\"@id\":\"https:\\\/\\\/www.geopolitics.fr\\\/#organization\"},\"image\":{\"@id\":\"https:\\\/\\\/www.geopolitics.fr\\\/2024\\\/03\\\/13\\\/emmanuel-macron-mauvais-drh-ou-le-rates-de-ses-amis-de-lena-places-au-coeur-du-pouvoir\\\/#primaryimage\"},\"thumbnailUrl\":\"https:\\\/\\\/www.geopolitics.fr\\\/wp-content\\\/uploads\\\/2024\\\/03\\\/DRH-scaled.jpg\",\"articleSection\":[\"Politique\"],\"inLanguage\":\"en-GB\"},{\"@type\":\"WebPage\",\"@id\":\"https:\\\/\\\/www.geopolitics.fr\\\/2024\\\/03\\\/13\\\/emmanuel-macron-mauvais-drh-ou-le-rates-de-ses-amis-de-lena-places-au-coeur-du-pouvoir\\\/\",\"url\":\"https:\\\/\\\/www.geopolitics.fr\\\/2024\\\/03\\\/13\\\/emmanuel-macron-mauvais-drh-ou-le-rates-de-ses-amis-de-lena-places-au-coeur-du-pouvoir\\\/\",\"name\":\"Emmanuel Macron : Pi\u00e8tre DRH mais bon camarade | Geopolitics.fr\",\"isPartOf\":{\"@id\":\"https:\\\/\\\/www.geopolitics.fr\\\/#website\"},\"primaryImageOfPage\":{\"@id\":\"https:\\\/\\\/www.geopolitics.fr\\\/2024\\\/03\\\/13\\\/emmanuel-macron-mauvais-drh-ou-le-rates-de-ses-amis-de-lena-places-au-coeur-du-pouvoir\\\/#primaryimage\"},\"image\":{\"@id\":\"https:\\\/\\\/www.geopolitics.fr\\\/2024\\\/03\\\/13\\\/emmanuel-macron-mauvais-drh-ou-le-rates-de-ses-amis-de-lena-places-au-coeur-du-pouvoir\\\/#primaryimage\"},\"thumbnailUrl\":\"https:\\\/\\\/www.geopolitics.fr\\\/wp-content\\\/uploads\\\/2024\\\/03\\\/DRH-scaled.jpg\",\"datePublished\":\"2024-03-13T18:24:20+00:00\",\"dateModified\":\"2024-03-26T20:12:37+00:00\",\"breadcrumb\":{\"@id\":\"https:\\\/\\\/www.geopolitics.fr\\\/2024\\\/03\\\/13\\\/emmanuel-macron-mauvais-drh-ou-le-rates-de-ses-amis-de-lena-places-au-coeur-du-pouvoir\\\/#breadcrumb\"},\"inLanguage\":\"en-GB\",\"potentialAction\":[{\"@type\":\"ReadAction\",\"target\":[\"https:\\\/\\\/www.geopolitics.fr\\\/2024\\\/03\\\/13\\\/emmanuel-macron-mauvais-drh-ou-le-rates-de-ses-amis-de-lena-places-au-coeur-du-pouvoir\\\/\"]}]},{\"@type\":\"ImageObject\",\"inLanguage\":\"en-GB\",\"@id\":\"https:\\\/\\\/www.geopolitics.fr\\\/2024\\\/03\\\/13\\\/emmanuel-macron-mauvais-drh-ou-le-rates-de-ses-amis-de-lena-places-au-coeur-du-pouvoir\\\/#primaryimage\",\"url\":\"https:\\\/\\\/www.geopolitics.fr\\\/wp-content\\\/uploads\\\/2024\\\/03\\\/DRH-scaled.jpg\",\"contentUrl\":\"https:\\\/\\\/www.geopolitics.fr\\\/wp-content\\\/uploads\\\/2024\\\/03\\\/DRH-scaled.jpg\",\"width\":1920,\"height\":1120},{\"@type\":\"BreadcrumbList\",\"@id\":\"https:\\\/\\\/www.geopolitics.fr\\\/2024\\\/03\\\/13\\\/emmanuel-macron-mauvais-drh-ou-le-rates-de-ses-amis-de-lena-places-au-coeur-du-pouvoir\\\/#breadcrumb\",\"itemListElement\":[{\"@type\":\"ListItem\",\"position\":1,\"name\":\"Accueil\",\"item\":\"https:\\\/\\\/www.geopolitics.fr\\\/\"},{\"@type\":\"ListItem\",\"position\":2,\"name\":\"Emmanuel Macron : Pi\u00e8tre DRH mais bon camarade\"}]},{\"@type\":\"WebSite\",\"@id\":\"https:\\\/\\\/www.geopolitics.fr\\\/#website\",\"url\":\"https:\\\/\\\/www.geopolitics.fr\\\/\",\"name\":\"Geopolitics.fr\",\"description\":\"Geopolitics.fr Analyse politique, relations internationales, d\u00e9fense - ligne \u00e9ditoriale gaullo-chiraquienne\",\"publisher\":{\"@id\":\"https:\\\/\\\/www.geopolitics.fr\\\/#organization\"},\"potentialAction\":[{\"@type\":\"SearchAction\",\"target\":{\"@type\":\"EntryPoint\",\"urlTemplate\":\"https:\\\/\\\/www.geopolitics.fr\\\/?s={search_term_string}\"},\"query-input\":{\"@type\":\"PropertyValueSpecification\",\"valueRequired\":true,\"valueName\":\"search_term_string\"}}],\"inLanguage\":\"en-GB\"},{\"@type\":\"Organization\",\"@id\":\"https:\\\/\\\/www.geopolitics.fr\\\/#organization\",\"name\":\"Geopolitics.fr\",\"url\":\"https:\\\/\\\/www.geopolitics.fr\\\/\",\"logo\":{\"@type\":\"ImageObject\",\"inLanguage\":\"en-GB\",\"@id\":\"https:\\\/\\\/www.geopolitics.fr\\\/#\\\/schema\\\/logo\\\/image\\\/\",\"url\":\"https:\\\/\\\/www.geopolitics.fr\\\/wp-content\\\/uploads\\\/2024\\\/01\\\/logo.jpg\",\"contentUrl\":\"https:\\\/\\\/www.geopolitics.fr\\\/wp-content\\\/uploads\\\/2024\\\/01\\\/logo.jpg\",\"width\":500,\"height\":500,\"caption\":\"Geopolitics.fr\"},\"image\":{\"@id\":\"https:\\\/\\\/www.geopolitics.fr\\\/#\\\/schema\\\/logo\\\/image\\\/\"},\"sameAs\":[\"https:\\\/\\\/www.facebook.com\\\/people\\\/Erwan-Davoux\\\/61557098968092\\\/\",\"https:\\\/\\\/x.com\\\/Geopolitics_Fr\"]},{\"@type\":\"Person\",\"@id\":\"https:\\\/\\\/www.geopolitics.fr\\\/#\\\/schema\\\/person\\\/69dde260ad11805e2aa68f0d9e9128da\",\"name\":\"contact@geopolitics.fr\",\"image\":{\"@type\":\"ImageObject\",\"inLanguage\":\"en-GB\",\"@id\":\"https:\\\/\\\/www.geopolitics.fr\\\/wp-content\\\/uploads\\\/2024\\\/01\\\/edito-bonne-banniere-96x96.jpg\",\"url\":\"https:\\\/\\\/www.geopolitics.fr\\\/wp-content\\\/uploads\\\/2024\\\/01\\\/edito-bonne-banniere-96x96.jpg\",\"contentUrl\":\"https:\\\/\\\/www.geopolitics.fr\\\/wp-content\\\/uploads\\\/2024\\\/01\\\/edito-bonne-banniere-96x96.jpg\",\"caption\":\"contact@geopolitics.fr\"},\"url\":\"https:\\\/\\\/www.geopolitics.fr\\\/en\\\/author\\\/contactgeopolitics-fr\\\/\"}]}<\/script>\n<!-- \/ Yoast SEO Premium plugin. -->","yoast_head_json":{"title":"Emmanuel Macron : Pi\u00e8tre DRH mais bon camarade | Geopolitics.fr","robots":{"index":"index","follow":"follow","max-snippet":"max-snippet:-1","max-image-preview":"max-image-preview:large","max-video-preview":"max-video-preview:-1"},"canonical":"https:\/\/www.geopolitics.fr\/en\/2024\/03\/13\/emmanuel-macron-mauvais-drh-ou-le-rates-de-ses-amis-de-lena-places-au-coeur-du-pouvoir\/","og_locale":"en_GB","og_type":"article","og_title":"Emmanuel Macron : Pi\u00e8tre DRH mais bon camarade","og_description":"Il est de coutume en politique de critiquer le c\u00f4t\u00e9 partisan de tout ex\u00e9cutif. Les accusation de mettre l\u2019Etat au service d\u2019un&hellip;","og_url":"https:\/\/www.geopolitics.fr\/en\/2024\/03\/13\/emmanuel-macron-mauvais-drh-ou-le-rates-de-ses-amis-de-lena-places-au-coeur-du-pouvoir\/","og_site_name":"Geopolitics.fr","article_publisher":"https:\/\/www.facebook.com\/people\/Erwan-Davoux\/61557098968092\/","article_published_time":"2024-03-13T18:24:20+00:00","article_modified_time":"2024-03-26T20:12:37+00:00","og_image":[{"width":2560,"height":1493,"url":"https:\/\/www.geopolitics.fr\/wp-content\/uploads\/2024\/03\/DRH-scaled.jpg","type":"image\/jpeg"}],"author":"contact@geopolitics.fr","twitter_card":"summary_large_image","twitter_creator":"@Geopolitics_Fr","twitter_site":"@Geopolitics_Fr","twitter_misc":{"Written by":"contact@geopolitics.fr","Estimated reading time":"6 minutes"},"schema":{"@context":"https:\/\/schema.org","@graph":[{"@type":"Article","@id":"https:\/\/www.geopolitics.fr\/2024\/03\/13\/emmanuel-macron-mauvais-drh-ou-le-rates-de-ses-amis-de-lena-places-au-coeur-du-pouvoir\/#article","isPartOf":{"@id":"https:\/\/www.geopolitics.fr\/2024\/03\/13\/emmanuel-macron-mauvais-drh-ou-le-rates-de-ses-amis-de-lena-places-au-coeur-du-pouvoir\/"},"author":{"name":"contact@geopolitics.fr","@id":"https:\/\/www.geopolitics.fr\/#\/schema\/person\/69dde260ad11805e2aa68f0d9e9128da"},"headline":"Emmanuel Macron : Pi\u00e8tre DRH mais bon camarade","datePublished":"2024-03-13T18:24:20+00:00","dateModified":"2024-03-26T20:12:37+00:00","mainEntityOfPage":{"@id":"https:\/\/www.geopolitics.fr\/2024\/03\/13\/emmanuel-macron-mauvais-drh-ou-le-rates-de-ses-amis-de-lena-places-au-coeur-du-pouvoir\/"},"wordCount":1107,"commentCount":0,"publisher":{"@id":"https:\/\/www.geopolitics.fr\/#organization"},"image":{"@id":"https:\/\/www.geopolitics.fr\/2024\/03\/13\/emmanuel-macron-mauvais-drh-ou-le-rates-de-ses-amis-de-lena-places-au-coeur-du-pouvoir\/#primaryimage"},"thumbnailUrl":"https:\/\/www.geopolitics.fr\/wp-content\/uploads\/2024\/03\/DRH-scaled.jpg","articleSection":["Politique"],"inLanguage":"en-GB"},{"@type":"WebPage","@id":"https:\/\/www.geopolitics.fr\/2024\/03\/13\/emmanuel-macron-mauvais-drh-ou-le-rates-de-ses-amis-de-lena-places-au-coeur-du-pouvoir\/","url":"https:\/\/www.geopolitics.fr\/2024\/03\/13\/emmanuel-macron-mauvais-drh-ou-le-rates-de-ses-amis-de-lena-places-au-coeur-du-pouvoir\/","name":"Emmanuel Macron : Pi\u00e8tre DRH mais bon camarade | Geopolitics.fr","isPartOf":{"@id":"https:\/\/www.geopolitics.fr\/#website"},"primaryImageOfPage":{"@id":"https:\/\/www.geopolitics.fr\/2024\/03\/13\/emmanuel-macron-mauvais-drh-ou-le-rates-de-ses-amis-de-lena-places-au-coeur-du-pouvoir\/#primaryimage"},"image":{"@id":"https:\/\/www.geopolitics.fr\/2024\/03\/13\/emmanuel-macron-mauvais-drh-ou-le-rates-de-ses-amis-de-lena-places-au-coeur-du-pouvoir\/#primaryimage"},"thumbnailUrl":"https:\/\/www.geopolitics.fr\/wp-content\/uploads\/2024\/03\/DRH-scaled.jpg","datePublished":"2024-03-13T18:24:20+00:00","dateModified":"2024-03-26T20:12:37+00:00","breadcrumb":{"@id":"https:\/\/www.geopolitics.fr\/2024\/03\/13\/emmanuel-macron-mauvais-drh-ou-le-rates-de-ses-amis-de-lena-places-au-coeur-du-pouvoir\/#breadcrumb"},"inLanguage":"en-GB","potentialAction":[{"@type":"ReadAction","target":["https:\/\/www.geopolitics.fr\/2024\/03\/13\/emmanuel-macron-mauvais-drh-ou-le-rates-de-ses-amis-de-lena-places-au-coeur-du-pouvoir\/"]}]},{"@type":"ImageObject","inLanguage":"en-GB","@id":"https:\/\/www.geopolitics.fr\/2024\/03\/13\/emmanuel-macron-mauvais-drh-ou-le-rates-de-ses-amis-de-lena-places-au-coeur-du-pouvoir\/#primaryimage","url":"https:\/\/www.geopolitics.fr\/wp-content\/uploads\/2024\/03\/DRH-scaled.jpg","contentUrl":"https:\/\/www.geopolitics.fr\/wp-content\/uploads\/2024\/03\/DRH-scaled.jpg","width":1920,"height":1120},{"@type":"BreadcrumbList","@id":"https:\/\/www.geopolitics.fr\/2024\/03\/13\/emmanuel-macron-mauvais-drh-ou-le-rates-de-ses-amis-de-lena-places-au-coeur-du-pouvoir\/#breadcrumb","itemListElement":[{"@type":"ListItem","position":1,"name":"Accueil","item":"https:\/\/www.geopolitics.fr\/"},{"@type":"ListItem","position":2,"name":"Emmanuel Macron : Pi\u00e8tre DRH mais bon camarade"}]},{"@type":"WebSite","@id":"https:\/\/www.geopolitics.fr\/#website","url":"https:\/\/www.geopolitics.fr\/","name":"Geopolitics.fr","description":"Geopolitics.fr Analyse politique, relations internationales, d\u00e9fense - ligne \u00e9ditoriale gaullo-chiraquienne","publisher":{"@id":"https:\/\/www.geopolitics.fr\/#organization"},"potentialAction":[{"@type":"SearchAction","target":{"@type":"EntryPoint","urlTemplate":"https:\/\/www.geopolitics.fr\/?s={search_term_string}"},"query-input":{"@type":"PropertyValueSpecification","valueRequired":true,"valueName":"search_term_string"}}],"inLanguage":"en-GB"},{"@type":"Organization","@id":"https:\/\/www.geopolitics.fr\/#organization","name":"Geopolitics.fr","url":"https:\/\/www.geopolitics.fr\/","logo":{"@type":"ImageObject","inLanguage":"en-GB","@id":"https:\/\/www.geopolitics.fr\/#\/schema\/logo\/image\/","url":"https:\/\/www.geopolitics.fr\/wp-content\/uploads\/2024\/01\/logo.jpg","contentUrl":"https:\/\/www.geopolitics.fr\/wp-content\/uploads\/2024\/01\/logo.jpg","width":500,"height":500,"caption":"Geopolitics.fr"},"image":{"@id":"https:\/\/www.geopolitics.fr\/#\/schema\/logo\/image\/"},"sameAs":["https:\/\/www.facebook.com\/people\/Erwan-Davoux\/61557098968092\/","https:\/\/x.com\/Geopolitics_Fr"]},{"@type":"Person","@id":"https:\/\/www.geopolitics.fr\/#\/schema\/person\/69dde260ad11805e2aa68f0d9e9128da","name":"contact@geopolitics.fr","image":{"@type":"ImageObject","inLanguage":"en-GB","@id":"https:\/\/www.geopolitics.fr\/wp-content\/uploads\/2024\/01\/edito-bonne-banniere-96x96.jpg","url":"https:\/\/www.geopolitics.fr\/wp-content\/uploads\/2024\/01\/edito-bonne-banniere-96x96.jpg","contentUrl":"https:\/\/www.geopolitics.fr\/wp-content\/uploads\/2024\/01\/edito-bonne-banniere-96x96.jpg","caption":"contact@geopolitics.fr"},"url":"https:\/\/www.geopolitics.fr\/en\/author\/contactgeopolitics-fr\/"}]}},"_links":{"self":[{"href":"https:\/\/www.geopolitics.fr\/en\/wp-json\/wp\/v2\/posts\/2345","targetHints":{"allow":["GET"]}}],"collection":[{"href":"https:\/\/www.geopolitics.fr\/en\/wp-json\/wp\/v2\/posts"}],"about":[{"href":"https:\/\/www.geopolitics.fr\/en\/wp-json\/wp\/v2\/types\/post"}],"author":[{"embeddable":true,"href":"https:\/\/www.geopolitics.fr\/en\/wp-json\/wp\/v2\/users\/9"}],"replies":[{"embeddable":true,"href":"https:\/\/www.geopolitics.fr\/en\/wp-json\/wp\/v2\/comments?post=2345"}],"version-history":[{"count":0,"href":"https:\/\/www.geopolitics.fr\/en\/wp-json\/wp\/v2\/posts\/2345\/revisions"}],"wp:featuredmedia":[{"embeddable":true,"href":"https:\/\/www.geopolitics.fr\/en\/wp-json\/wp\/v2\/media\/2348"}],"wp:attachment":[{"href":"https:\/\/www.geopolitics.fr\/en\/wp-json\/wp\/v2\/media?parent=2345"}],"wp:term":[{"taxonomy":"category","embeddable":true,"href":"https:\/\/www.geopolitics.fr\/en\/wp-json\/wp\/v2\/categories?post=2345"},{"taxonomy":"post_tag","embeddable":true,"href":"https:\/\/www.geopolitics.fr\/en\/wp-json\/wp\/v2\/tags?post=2345"}],"curies":[{"name":"wp","href":"https:\/\/api.w.org\/{rel}","templated":true}]}}