{"id":2337,"date":"2024-03-11T17:00:00","date_gmt":"2024-03-11T16:00:00","guid":{"rendered":"https:\/\/www.geopolitics.fr\/?p=2337"},"modified":"2024-03-26T21:14:03","modified_gmt":"2024-03-26T20:14:03","slug":"vent-mauvais-pour-la-france-au-senegal","status":"publish","type":"post","link":"https:\/\/www.geopolitics.fr\/en\/2024\/03\/11\/vent-mauvais-pour-la-france-au-senegal\/","title":{"rendered":"S\u00e9n\u00e9gal : une \u00e9lection porteuse de tous les dangers"},"content":{"rendered":"<p class=\"wp-block-paragraph\"><em>Erwan DAVOUX, ancien charg\u00e9 de mission \u00e0 la Pr\u00e9sidence de la R\u00e9publique, a conseill\u00e9 de nombreuses personnalit\u00e9s politiques de droite \u00e0 l&rsquo;international.<\/em><\/p>\n\n\n\n<p class=\"has-medium-font-size wp-block-paragraph\">Au S\u00e9n\u00e9gal, apr\u00e8s plusieurs d\u00e9cisions singuli\u00e8res du Conseil Constitutionnel (rarement l&rsquo;expression de \u00ab\u00a0gouvernement des juges\u00a0\u00bb n&rsquo;aura \u00e9t\u00e9 autant justifi\u00e9e), l&rsquo;\u00e9lection pr\u00e9sidentielle se tiendra finalement dans deux semaines. La campagne officielle qui a d\u00e9j\u00e0 d\u00e9but\u00e9 sera donc courte et se d\u00e9roulera pendant le mois de Ramadan. Karim Wade (PDS) ne pourra concourir.<\/p>\n\n\n\n<p class=\"has-medium-font-size wp-block-paragraph\">L&rsquo;ancien Premier ministre, Amadou Ba semble mal parti. L\u00e2ch\u00e9 par tous les cadres de l&rsquo;APR (le parti pr\u00e9sidentiel), les quelques jours de campagne ne devraient pas lui permettre de rattraper son retard sur le candidat du Pastef, Bassirou Diomaye Faye, qui repr\u00e9sentera \u00e0 cette \u00e9lection Ousmane Sonko toujours emprisonn\u00e9 et dont la candidature n&rsquo;a pas \u00e9t\u00e9 retenue.<\/p>\n\n\n\n<p class=\"has-medium-font-size wp-block-paragraph\">C&rsquo;est donc une \u00e9lection avec des t\u00e9nors emp\u00each\u00e9s de concourir et dans des conditions non optimales qui s&rsquo;appr\u00eate \u00e0 se tenir, ce que voulait absolument \u00e9viter le pr\u00e9sident sortant Macky Sall. Dans une Tribune publi\u00e9e par le journal \u00ab\u00a0Marianne\u00a0\u00bb<a href=\"https:\/\/www.marianne.net\/agora\/tribunes-libres\/erwan-davoux-la-diplomatie-francaise-serait-bien-inspiree-de-consacrer-davantage-de-temps-au-senegal\"><strong> <\/strong><\/a><strong><a href=\"https:\/\/www.marianne.net\/agora\/tribunes-libres\/erwan-davoux-la-diplomatie-francaise-serait-bien-inspiree-de-consacrer-davantage-de-temps-au-senegal\" target=\"_blank\" rel=\"noreferrer noopener\">\u00ab\u00a0La diplomatie fran\u00e7aise serait bien inspir\u00e9e de consacrer davantage de temps au S\u00e9n\u00e9gal\u00a0\u00bb (marianne.net)<\/a>,<\/strong> j&rsquo;invitais la diplomatie fran\u00e7aise \u00e0 s&rsquo;int\u00e9resser davantage \u00e0 l&rsquo;\u00e9lection pr\u00e9sidentielle au S\u00e9n\u00e9gal en raison des liens historiques entre les deux pays et de valeurs partag\u00e9es. St\u00e9phane S\u00e9journ\u00e9 dont la seule pr\u00e9occupation semble \u00eatre l&rsquo;Ukraine a compl\u00e8tement sorti de son champ de vision ce pays majeur. Rappelons \u00e9galement l&rsquo;importance de la diaspora s\u00e9n\u00e9galaise en France et l&rsquo;importance de la communaut\u00e9 fran\u00e7aise au S\u00e9n\u00e9gal.<\/p>\n\n\n\n<p class=\"has-medium-font-size wp-block-paragraph\">Aujourd&rsquo;hui celui qui est le candidat favori, Bassirou Diomaye Faye, a fait deux propositions fortes : la suppression du poste de Premier ministre et la cr\u00e9ation du poste de Vice-Pr\u00e9sident, \u00e9lu en m\u00eame temps que le Pr\u00e9sident lui-m\u00eame. A l&rsquo;am\u00e9ricaine donc&#8230; Et la cr\u00e9ation d&rsquo;une nouvelle monnaie, c&rsquo;est \u00e0 dire la sortie du Franc CFA. Il souffle, au S\u00e9n\u00e9gal, un vent hostile \u00e0 la France que la diplomatie fran\u00e7aise n&rsquo;a rien fait pour contrecarrer. L&rsquo;\u00e9tat d&rsquo;esprit de la population est similaire \u00e0 celui qui pr\u00e9vaut dans les trois pays dont la France a \u00e9t\u00e9 chass\u00e9e : Mali, Burkina et Niger. Si cette sombre perspective devait se pr\u00e9ciser, la France n&rsquo;aura pas \u00e9t\u00e9 prise par surprise et la DGSE ne sera pas un \u00ab\u00a0bouc-\u00e9missaire\u00a0\u00bb commode. Elle ne le devra qu&rsquo;\u00e0 son absence totale de strat\u00e9gie.<\/p>\n\n\n\n<p class=\"has-medium-font-size wp-block-paragraph\"><\/p>\n\n\n\n<p class=\"has-medium-font-size wp-block-paragraph\"><\/p>","protected":false},"excerpt":{"rendered":"<p>Erwan DAVOUX, ancien charg\u00e9 de mission \u00e0 la Pr\u00e9sidence de la R\u00e9publique, a conseill\u00e9 de nombreuses personnalit\u00e9s politiques de droite \u00e0 l&rsquo;international.&hellip;<\/p>","protected":false},"author":16,"featured_media":2340,"comment_status":"open","ping_status":"open","sticky":false,"template":"","format":"standard","meta":{"_lmt_disableupdate":"","_lmt_disable":"","footnotes":""},"categories":[40,5],"tags":[],"class_list":["post-2337","post","type-post","status-publish","format-standard","has-post-thumbnail","hentry","category-election","category-international"],"yoast_head":"<!-- This site is optimized with the Yoast SEO Premium plugin v28.1 (Yoast SEO v28.1) - https:\/\/yoast.com\/product\/yoast-seo-premium-wordpress\/ -->\n<title>S\u00e9n\u00e9gal : une \u00e9lection porteuse de tous les dangers | Geopolitics.fr<\/title>\n<meta name=\"robots\" content=\"index, follow, max-snippet:-1, max-image-preview:large, max-video-preview:-1\" \/>\n<link rel=\"canonical\" href=\"https:\/\/www.geopolitics.fr\/en\/2024\/03\/11\/vent-mauvais-pour-la-france-au-senegal\/\" \/>\n<meta property=\"og:locale\" content=\"en_GB\" \/>\n<meta property=\"og:type\" content=\"article\" \/>\n<meta property=\"og:title\" content=\"S\u00e9n\u00e9gal : une \u00e9lection porteuse de tous les dangers\" \/>\n<meta property=\"og:description\" content=\"Erwan DAVOUX, ancien charg\u00e9 de mission \u00e0 la Pr\u00e9sidence de la R\u00e9publique, a conseill\u00e9 de nombreuses personnalit\u00e9s politiques de droite \u00e0 l&rsquo;international.&hellip;\" \/>\n<meta property=\"og:url\" content=\"https:\/\/www.geopolitics.fr\/en\/2024\/03\/11\/vent-mauvais-pour-la-france-au-senegal\/\" \/>\n<meta property=\"og:site_name\" content=\"Geopolitics.fr\" \/>\n<meta property=\"article:publisher\" content=\"https:\/\/www.facebook.com\/people\/Erwan-Davoux\/61557098968092\/\" \/>\n<meta property=\"article:author\" content=\"Erwan Davoux\" \/>\n<meta property=\"article:published_time\" content=\"2024-03-11T16:00:00+00:00\" \/>\n<meta property=\"article:modified_time\" content=\"2024-03-26T20:14:03+00:00\" \/>\n<meta property=\"og:image\" content=\"https:\/\/www.geopolitics.fr\/wp-content\/uploads\/2024\/03\/palais.jpg\" \/>\n\t<meta property=\"og:image:width\" content=\"1900\" \/>\n\t<meta property=\"og:image:height\" content=\"1188\" \/>\n\t<meta property=\"og:image:type\" content=\"image\/jpeg\" \/>\n<meta name=\"author\" content=\"Erwan Davoux\" \/>\n<meta name=\"twitter:card\" content=\"summary_large_image\" \/>\n<meta name=\"twitter:creator\" content=\"@erwandavoux @Geo_politicsfr\" \/>\n<meta name=\"twitter:site\" content=\"@Geopolitics_Fr\" \/>\n<meta name=\"twitter:label1\" content=\"Written by\" \/>\n\t<meta name=\"twitter:data1\" content=\"Erwan Davoux\" \/>\n\t<meta name=\"twitter:label2\" content=\"Estimated reading time\" \/>\n\t<meta name=\"twitter:data2\" content=\"3 minutes\" \/>\n<script type=\"application\/ld+json\" class=\"yoast-schema-graph\">{\"@context\":\"https:\\\/\\\/schema.org\",\"@graph\":[{\"@type\":\"Article\",\"@id\":\"https:\\\/\\\/www.geopolitics.fr\\\/2024\\\/03\\\/11\\\/vent-mauvais-pour-la-france-au-senegal\\\/#article\",\"isPartOf\":{\"@id\":\"https:\\\/\\\/www.geopolitics.fr\\\/2024\\\/03\\\/11\\\/vent-mauvais-pour-la-france-au-senegal\\\/\"},\"author\":{\"name\":\"Erwan Davoux\",\"@id\":\"https:\\\/\\\/www.geopolitics.fr\\\/#\\\/schema\\\/person\\\/a487273e91313e368925717400fa1b11\"},\"headline\":\"S\u00e9n\u00e9gal : une \u00e9lection porteuse de tous les dangers\",\"datePublished\":\"2024-03-11T16:00:00+00:00\",\"dateModified\":\"2024-03-26T20:14:03+00:00\",\"mainEntityOfPage\":{\"@id\":\"https:\\\/\\\/www.geopolitics.fr\\\/2024\\\/03\\\/11\\\/vent-mauvais-pour-la-france-au-senegal\\\/\"},\"wordCount\":458,\"commentCount\":0,\"publisher\":{\"@id\":\"https:\\\/\\\/www.geopolitics.fr\\\/#organization\"},\"image\":{\"@id\":\"https:\\\/\\\/www.geopolitics.fr\\\/2024\\\/03\\\/11\\\/vent-mauvais-pour-la-france-au-senegal\\\/#primaryimage\"},\"thumbnailUrl\":\"https:\\\/\\\/www.geopolitics.fr\\\/wp-content\\\/uploads\\\/2024\\\/03\\\/palais.jpg\",\"articleSection\":[\"Election\",\"International\"],\"inLanguage\":\"en-GB\"},{\"@type\":\"WebPage\",\"@id\":\"https:\\\/\\\/www.geopolitics.fr\\\/2024\\\/03\\\/11\\\/vent-mauvais-pour-la-france-au-senegal\\\/\",\"url\":\"https:\\\/\\\/www.geopolitics.fr\\\/2024\\\/03\\\/11\\\/vent-mauvais-pour-la-france-au-senegal\\\/\",\"name\":\"S\u00e9n\u00e9gal : une \u00e9lection porteuse de tous les dangers | Geopolitics.fr\",\"isPartOf\":{\"@id\":\"https:\\\/\\\/www.geopolitics.fr\\\/#website\"},\"primaryImageOfPage\":{\"@id\":\"https:\\\/\\\/www.geopolitics.fr\\\/2024\\\/03\\\/11\\\/vent-mauvais-pour-la-france-au-senegal\\\/#primaryimage\"},\"image\":{\"@id\":\"https:\\\/\\\/www.geopolitics.fr\\\/2024\\\/03\\\/11\\\/vent-mauvais-pour-la-france-au-senegal\\\/#primaryimage\"},\"thumbnailUrl\":\"https:\\\/\\\/www.geopolitics.fr\\\/wp-content\\\/uploads\\\/2024\\\/03\\\/palais.jpg\",\"datePublished\":\"2024-03-11T16:00:00+00:00\",\"dateModified\":\"2024-03-26T20:14:03+00:00\",\"breadcrumb\":{\"@id\":\"https:\\\/\\\/www.geopolitics.fr\\\/2024\\\/03\\\/11\\\/vent-mauvais-pour-la-france-au-senegal\\\/#breadcrumb\"},\"inLanguage\":\"en-GB\",\"potentialAction\":[{\"@type\":\"ReadAction\",\"target\":[\"https:\\\/\\\/www.geopolitics.fr\\\/2024\\\/03\\\/11\\\/vent-mauvais-pour-la-france-au-senegal\\\/\"]}]},{\"@type\":\"ImageObject\",\"inLanguage\":\"en-GB\",\"@id\":\"https:\\\/\\\/www.geopolitics.fr\\\/2024\\\/03\\\/11\\\/vent-mauvais-pour-la-france-au-senegal\\\/#primaryimage\",\"url\":\"https:\\\/\\\/www.geopolitics.fr\\\/wp-content\\\/uploads\\\/2024\\\/03\\\/palais.jpg\",\"contentUrl\":\"https:\\\/\\\/www.geopolitics.fr\\\/wp-content\\\/uploads\\\/2024\\\/03\\\/palais.jpg\",\"width\":1900,\"height\":1188},{\"@type\":\"BreadcrumbList\",\"@id\":\"https:\\\/\\\/www.geopolitics.fr\\\/2024\\\/03\\\/11\\\/vent-mauvais-pour-la-france-au-senegal\\\/#breadcrumb\",\"itemListElement\":[{\"@type\":\"ListItem\",\"position\":1,\"name\":\"Accueil\",\"item\":\"https:\\\/\\\/www.geopolitics.fr\\\/\"},{\"@type\":\"ListItem\",\"position\":2,\"name\":\"S\u00e9n\u00e9gal : une \u00e9lection porteuse de tous les dangers\"}]},{\"@type\":\"WebSite\",\"@id\":\"https:\\\/\\\/www.geopolitics.fr\\\/#website\",\"url\":\"https:\\\/\\\/www.geopolitics.fr\\\/\",\"name\":\"Geopolitics.fr\",\"description\":\"Geopolitics.fr Analyse politique, relations internationales, d\u00e9fense - ligne \u00e9ditoriale gaullo-chiraquienne\",\"publisher\":{\"@id\":\"https:\\\/\\\/www.geopolitics.fr\\\/#organization\"},\"potentialAction\":[{\"@type\":\"SearchAction\",\"target\":{\"@type\":\"EntryPoint\",\"urlTemplate\":\"https:\\\/\\\/www.geopolitics.fr\\\/?s={search_term_string}\"},\"query-input\":{\"@type\":\"PropertyValueSpecification\",\"valueRequired\":true,\"valueName\":\"search_term_string\"}}],\"inLanguage\":\"en-GB\"},{\"@type\":\"Organization\",\"@id\":\"https:\\\/\\\/www.geopolitics.fr\\\/#organization\",\"name\":\"Geopolitics.fr\",\"url\":\"https:\\\/\\\/www.geopolitics.fr\\\/\",\"logo\":{\"@type\":\"ImageObject\",\"inLanguage\":\"en-GB\",\"@id\":\"https:\\\/\\\/www.geopolitics.fr\\\/#\\\/schema\\\/logo\\\/image\\\/\",\"url\":\"https:\\\/\\\/www.geopolitics.fr\\\/wp-content\\\/uploads\\\/2024\\\/01\\\/logo.jpg\",\"contentUrl\":\"https:\\\/\\\/www.geopolitics.fr\\\/wp-content\\\/uploads\\\/2024\\\/01\\\/logo.jpg\",\"width\":500,\"height\":500,\"caption\":\"Geopolitics.fr\"},\"image\":{\"@id\":\"https:\\\/\\\/www.geopolitics.fr\\\/#\\\/schema\\\/logo\\\/image\\\/\"},\"sameAs\":[\"https:\\\/\\\/www.facebook.com\\\/people\\\/Erwan-Davoux\\\/61557098968092\\\/\",\"https:\\\/\\\/x.com\\\/Geopolitics_Fr\"]},{\"@type\":\"Person\",\"@id\":\"https:\\\/\\\/www.geopolitics.fr\\\/#\\\/schema\\\/person\\\/a487273e91313e368925717400fa1b11\",\"name\":\"Erwan Davoux\",\"image\":{\"@type\":\"ImageObject\",\"inLanguage\":\"en-GB\",\"@id\":\"https:\\\/\\\/www.geopolitics.fr\\\/wp-content\\\/uploads\\\/2026\\\/05\\\/moi-96x96.jpg\",\"url\":\"https:\\\/\\\/www.geopolitics.fr\\\/wp-content\\\/uploads\\\/2026\\\/05\\\/moi-96x96.jpg\",\"contentUrl\":\"https:\\\/\\\/www.geopolitics.fr\\\/wp-content\\\/uploads\\\/2026\\\/05\\\/moi-96x96.jpg\",\"caption\":\"Erwan Davoux\"},\"description\":\"Erwan DAVOUX est Pr\u00e9sident de LMD CONSEIL, (conseil strat\u00e9gique, intelligence \u00e9conomique, risque g\u00e9opolitique, influence politique, diplomatie \u00e9conomique). Dipl\u00f4m\u00e9 de l'IEP de Paris et de l'INALCO (d\u00e9partement d'\u00e9tudes arabes), il est directeur de la publication de geopolitics.fr. Ancien fonctionnaire au Minist\u00e8re de l'Int\u00e9rieur et de la D\u00e9fense (DGSE) Ancien charg\u00e9 de Mission \u00e0 la Pr\u00e9sidence de la R\u00e9publique (cellule diplomatique) Conseil de nombreuses personnalit\u00e9s politiques \u00e0 l'International (dont deux anciens Premiers ministres).\",\"sameAs\":[\"Erwan Davoux\",\"@erwandavoux\",\"https:\\\/\\\/www.linkedin.com\\\/in\\\/erwan-davoux-6800b289\\\/\",\"https:\\\/\\\/x.com\\\/@erwandavoux @Geo_politicsfr\"],\"url\":\"https:\\\/\\\/www.geopolitics.fr\\\/en\\\/author\\\/erwan-davoux\\\/\"}]}<\/script>\n<!-- \/ Yoast SEO Premium plugin. -->","yoast_head_json":{"title":"S\u00e9n\u00e9gal : une \u00e9lection porteuse de tous les dangers | Geopolitics.fr","robots":{"index":"index","follow":"follow","max-snippet":"max-snippet:-1","max-image-preview":"max-image-preview:large","max-video-preview":"max-video-preview:-1"},"canonical":"https:\/\/www.geopolitics.fr\/en\/2024\/03\/11\/vent-mauvais-pour-la-france-au-senegal\/","og_locale":"en_GB","og_type":"article","og_title":"S\u00e9n\u00e9gal : une \u00e9lection porteuse de tous les dangers","og_description":"Erwan DAVOUX, ancien charg\u00e9 de mission \u00e0 la Pr\u00e9sidence de la R\u00e9publique, a conseill\u00e9 de nombreuses personnalit\u00e9s politiques de droite \u00e0 l&rsquo;international.&hellip;","og_url":"https:\/\/www.geopolitics.fr\/en\/2024\/03\/11\/vent-mauvais-pour-la-france-au-senegal\/","og_site_name":"Geopolitics.fr","article_publisher":"https:\/\/www.facebook.com\/people\/Erwan-Davoux\/61557098968092\/","article_author":"Erwan Davoux","article_published_time":"2024-03-11T16:00:00+00:00","article_modified_time":"2024-03-26T20:14:03+00:00","og_image":[{"width":1900,"height":1188,"url":"https:\/\/www.geopolitics.fr\/wp-content\/uploads\/2024\/03\/palais.jpg","type":"image\/jpeg"}],"author":"Erwan Davoux","twitter_card":"summary_large_image","twitter_creator":"@erwandavoux @Geo_politicsfr","twitter_site":"@Geopolitics_Fr","twitter_misc":{"Written by":"Erwan Davoux","Estimated reading time":"3 minutes"},"schema":{"@context":"https:\/\/schema.org","@graph":[{"@type":"Article","@id":"https:\/\/www.geopolitics.fr\/2024\/03\/11\/vent-mauvais-pour-la-france-au-senegal\/#article","isPartOf":{"@id":"https:\/\/www.geopolitics.fr\/2024\/03\/11\/vent-mauvais-pour-la-france-au-senegal\/"},"author":{"name":"Erwan Davoux","@id":"https:\/\/www.geopolitics.fr\/#\/schema\/person\/a487273e91313e368925717400fa1b11"},"headline":"S\u00e9n\u00e9gal : une \u00e9lection porteuse de tous les dangers","datePublished":"2024-03-11T16:00:00+00:00","dateModified":"2024-03-26T20:14:03+00:00","mainEntityOfPage":{"@id":"https:\/\/www.geopolitics.fr\/2024\/03\/11\/vent-mauvais-pour-la-france-au-senegal\/"},"wordCount":458,"commentCount":0,"publisher":{"@id":"https:\/\/www.geopolitics.fr\/#organization"},"image":{"@id":"https:\/\/www.geopolitics.fr\/2024\/03\/11\/vent-mauvais-pour-la-france-au-senegal\/#primaryimage"},"thumbnailUrl":"https:\/\/www.geopolitics.fr\/wp-content\/uploads\/2024\/03\/palais.jpg","articleSection":["Election","International"],"inLanguage":"en-GB"},{"@type":"WebPage","@id":"https:\/\/www.geopolitics.fr\/2024\/03\/11\/vent-mauvais-pour-la-france-au-senegal\/","url":"https:\/\/www.geopolitics.fr\/2024\/03\/11\/vent-mauvais-pour-la-france-au-senegal\/","name":"S\u00e9n\u00e9gal : une \u00e9lection porteuse de tous les dangers | Geopolitics.fr","isPartOf":{"@id":"https:\/\/www.geopolitics.fr\/#website"},"primaryImageOfPage":{"@id":"https:\/\/www.geopolitics.fr\/2024\/03\/11\/vent-mauvais-pour-la-france-au-senegal\/#primaryimage"},"image":{"@id":"https:\/\/www.geopolitics.fr\/2024\/03\/11\/vent-mauvais-pour-la-france-au-senegal\/#primaryimage"},"thumbnailUrl":"https:\/\/www.geopolitics.fr\/wp-content\/uploads\/2024\/03\/palais.jpg","datePublished":"2024-03-11T16:00:00+00:00","dateModified":"2024-03-26T20:14:03+00:00","breadcrumb":{"@id":"https:\/\/www.geopolitics.fr\/2024\/03\/11\/vent-mauvais-pour-la-france-au-senegal\/#breadcrumb"},"inLanguage":"en-GB","potentialAction":[{"@type":"ReadAction","target":["https:\/\/www.geopolitics.fr\/2024\/03\/11\/vent-mauvais-pour-la-france-au-senegal\/"]}]},{"@type":"ImageObject","inLanguage":"en-GB","@id":"https:\/\/www.geopolitics.fr\/2024\/03\/11\/vent-mauvais-pour-la-france-au-senegal\/#primaryimage","url":"https:\/\/www.geopolitics.fr\/wp-content\/uploads\/2024\/03\/palais.jpg","contentUrl":"https:\/\/www.geopolitics.fr\/wp-content\/uploads\/2024\/03\/palais.jpg","width":1900,"height":1188},{"@type":"BreadcrumbList","@id":"https:\/\/www.geopolitics.fr\/2024\/03\/11\/vent-mauvais-pour-la-france-au-senegal\/#breadcrumb","itemListElement":[{"@type":"ListItem","position":1,"name":"Accueil","item":"https:\/\/www.geopolitics.fr\/"},{"@type":"ListItem","position":2,"name":"S\u00e9n\u00e9gal : une \u00e9lection porteuse de tous les dangers"}]},{"@type":"WebSite","@id":"https:\/\/www.geopolitics.fr\/#website","url":"https:\/\/www.geopolitics.fr\/","name":"Geopolitics.fr","description":"Geopolitics.fr Analyse politique, relations internationales, d\u00e9fense - ligne \u00e9ditoriale gaullo-chiraquienne","publisher":{"@id":"https:\/\/www.geopolitics.fr\/#organization"},"potentialAction":[{"@type":"SearchAction","target":{"@type":"EntryPoint","urlTemplate":"https:\/\/www.geopolitics.fr\/?s={search_term_string}"},"query-input":{"@type":"PropertyValueSpecification","valueRequired":true,"valueName":"search_term_string"}}],"inLanguage":"en-GB"},{"@type":"Organization","@id":"https:\/\/www.geopolitics.fr\/#organization","name":"Geopolitics.fr","url":"https:\/\/www.geopolitics.fr\/","logo":{"@type":"ImageObject","inLanguage":"en-GB","@id":"https:\/\/www.geopolitics.fr\/#\/schema\/logo\/image\/","url":"https:\/\/www.geopolitics.fr\/wp-content\/uploads\/2024\/01\/logo.jpg","contentUrl":"https:\/\/www.geopolitics.fr\/wp-content\/uploads\/2024\/01\/logo.jpg","width":500,"height":500,"caption":"Geopolitics.fr"},"image":{"@id":"https:\/\/www.geopolitics.fr\/#\/schema\/logo\/image\/"},"sameAs":["https:\/\/www.facebook.com\/people\/Erwan-Davoux\/61557098968092\/","https:\/\/x.com\/Geopolitics_Fr"]},{"@type":"Person","@id":"https:\/\/www.geopolitics.fr\/#\/schema\/person\/a487273e91313e368925717400fa1b11","name":"Erwan Davoux","image":{"@type":"ImageObject","inLanguage":"en-GB","@id":"https:\/\/www.geopolitics.fr\/wp-content\/uploads\/2026\/05\/moi-96x96.jpg","url":"https:\/\/www.geopolitics.fr\/wp-content\/uploads\/2026\/05\/moi-96x96.jpg","contentUrl":"https:\/\/www.geopolitics.fr\/wp-content\/uploads\/2026\/05\/moi-96x96.jpg","caption":"Erwan Davoux"},"description":"Erwan DAVOUX est Pr\u00e9sident de LMD CONSEIL, (conseil strat\u00e9gique, intelligence \u00e9conomique, risque g\u00e9opolitique, influence politique, diplomatie \u00e9conomique). Dipl\u00f4m\u00e9 de l'IEP de Paris et de l'INALCO (d\u00e9partement d'\u00e9tudes arabes), il est directeur de la publication de geopolitics.fr. Ancien fonctionnaire au Minist\u00e8re de l'Int\u00e9rieur et de la D\u00e9fense (DGSE) Ancien charg\u00e9 de Mission \u00e0 la Pr\u00e9sidence de la R\u00e9publique (cellule diplomatique) Conseil de nombreuses personnalit\u00e9s politiques \u00e0 l'International (dont deux anciens Premiers ministres).","sameAs":["Erwan Davoux","@erwandavoux","https:\/\/www.linkedin.com\/in\/erwan-davoux-6800b289\/","https:\/\/x.com\/@erwandavoux @Geo_politicsfr"],"url":"https:\/\/www.geopolitics.fr\/en\/author\/erwan-davoux\/"}]}},"_links":{"self":[{"href":"https:\/\/www.geopolitics.fr\/en\/wp-json\/wp\/v2\/posts\/2337","targetHints":{"allow":["GET"]}}],"collection":[{"href":"https:\/\/www.geopolitics.fr\/en\/wp-json\/wp\/v2\/posts"}],"about":[{"href":"https:\/\/www.geopolitics.fr\/en\/wp-json\/wp\/v2\/types\/post"}],"author":[{"embeddable":true,"href":"https:\/\/www.geopolitics.fr\/en\/wp-json\/wp\/v2\/users\/16"}],"replies":[{"embeddable":true,"href":"https:\/\/www.geopolitics.fr\/en\/wp-json\/wp\/v2\/comments?post=2337"}],"version-history":[{"count":0,"href":"https:\/\/www.geopolitics.fr\/en\/wp-json\/wp\/v2\/posts\/2337\/revisions"}],"wp:featuredmedia":[{"embeddable":true,"href":"https:\/\/www.geopolitics.fr\/en\/wp-json\/wp\/v2\/media\/2340"}],"wp:attachment":[{"href":"https:\/\/www.geopolitics.fr\/en\/wp-json\/wp\/v2\/media?parent=2337"}],"wp:term":[{"taxonomy":"category","embeddable":true,"href":"https:\/\/www.geopolitics.fr\/en\/wp-json\/wp\/v2\/categories?post=2337"},{"taxonomy":"post_tag","embeddable":true,"href":"https:\/\/www.geopolitics.fr\/en\/wp-json\/wp\/v2\/tags?post=2337"}],"curies":[{"name":"wp","href":"https:\/\/api.w.org\/{rel}","templated":true}]}}