{"id":2326,"date":"2024-03-08T14:12:05","date_gmt":"2024-03-08T13:12:05","guid":{"rendered":"https:\/\/www.geopolitics.fr\/?p=2326"},"modified":"2024-03-26T21:23:47","modified_gmt":"2024-03-26T20:23:47","slug":"gaza-un-massacre-et-une-famine-decomplexes-1quels-responsables","status":"publish","type":"post","link":"https:\/\/www.geopolitics.fr\/en\/2024\/03\/08\/gaza-un-massacre-et-une-famine-decomplexes-1quels-responsables\/","title":{"rendered":"Gaza, un massacre et une famine d\u00e9complex\u00e9s, quels responsables ?"},"content":{"rendered":"\n<p class=\"wp-block-paragraph\"><em>Erwan DAVOUX ancien Charg\u00e9 de mission \u00e0 la Pr\u00e9sidence de la R\u00e9publique, a conseill\u00e9 de nombreuses personnalit\u00e9s politiques de droite \u00e0 l&rsquo;international.<\/em><\/p>\n\n\n\n<p class=\"has-medium-font-size wp-block-paragraph\">Les massacres de grande ampleur commis \u00e0 Gaza ainsi que la famine organis\u00e9e par le gouvernement Netanyahou ont, h\u00e9las, des \u00e9quivalents dans l\u2019Histoire.<\/p>\n\n\n\n<p class=\"has-medium-font-size wp-block-paragraph\"><strong>Mais ils ont, n\u00e9anmoins, une sp\u00e9cificit\u00e9\u00a0: ils sont extr\u00eamement modernes dans le sens o\u00f9 il est possible de savoir pr\u00e9cis\u00e9ment ce qui se passe dans la bande Gaza, jour par jour, heure par heure. L\u2019excuse de l\u2019ignorance n\u2019a pas la moindre place.<\/strong> D\u00e8s les premiers jours tout le monde a su ce qui se d\u00e9roulait \u00e0 Gaza (et accessoirement en Cisjordanie).<\/p>\n\n\n\n<p class=\"has-medium-font-size wp-block-paragraph\">Les dictateurs ou tortionnaires, nombreux dans l\u2019histoire misaient sur une impunit\u00e9 due \u00e0 la lente circulation de l\u2019information et leurs homologues \u00e9trangers eux, plus ou moins inform\u00e9s, pouvaient pr\u00e9tendre le contraire. Combien de criminels de guerre ont \u00e9chapp\u00e9 \u00e0 toute sanction car la r\u00e9v\u00e9lation de leurs crimes est intervenue tr\u00e8s tardivement ou m\u00eame bien apr\u00e8s leur disparition&nbsp;?<\/p>\n\n\n\n<p class=\"has-medium-font-size wp-block-paragraph\">Les massacres et famines organis\u00e9es par ces dictateurs le furent le plus souvent \u00e0 l\u2019encontre de leur propre peuple ou de territoires rattach\u00e9s. Que ce soit l\u2019Holodomor provoqu\u00e9e en 1932-1933 par Staline et qui aboutit \u00e0 la mort de 4 millions d\u2019Ukrainiens (l\u2019Ukraine faisait alors parti de l\u2019Empire bolch\u00e9vique) ou du dictateur Khmer Rouge Pol Pot dont le bilan \u00e0 l\u2019encontre de sa population est de plus d&rsquo;un million et demi de personnes tu\u00e9es, soit pr\u00e8s de 20&nbsp;% de la population cambodgienne par les ex\u00e9cutions et la torture, le travail forc\u00e9 excessif, la maladie non trait\u00e9e ou la famine.<\/p>\n\n\n\n<p class=\"has-medium-font-size wp-block-paragraph\">Soyons tr\u00e8s clairs&nbsp;: ce n\u2019est pas le nombre de victimes qui \u00e9tablit le caract\u00e8re g\u00e9nocidaire ou pas mais la nature de l\u2019action. Le nombre de victimes s\u2019\u00e9l\u00e8ve aujourd\u2019hui \u00e0 30&nbsp;878 soit 1,5% de la population de Gaza. Et le fait que le gouvernement isra\u00e9lien soit issu d\u2019une \u00e9lection libre ne change absolument rien \u00e0 la donne.<\/p>\n\n\n\n<p class=\"has-medium-font-size wp-block-paragraph\"><strong>Le conflit \u00e0 Gaza ouvre donc une nouvelle \u00e8re&nbsp;: celle d\u2019un gouvernement qui massacre et assume ses actes face \u00e0 la communaut\u00e9 internationale<\/strong>. Avec certes quelques op\u00e9rations de propagande en communication qui ne trompent plus personnes, les innombrables fakes news d\u00e9masqu\u00e9es quasi-quotidiennement.<\/p>\n\n\n\n<p class=\"has-medium-font-size wp-block-paragraph\"><strong>Mais aussi, un conflit qui n\u2019est pas interne puisqu\u2019une arm\u00e9e, celle d\u2019Isra\u00ebl, m\u00e8ne une r\u00e9pression brutale \u00e0 l\u2019encontre de civils sur un territoire palestinien au regard du droit international.<\/strong><\/p>\n\n\n\n<p class=\"has-medium-font-size wp-block-paragraph\">Ainsi, la d\u00e9cision sur le fond que rendra la Cour Internationale de Justice (CIJ) rev\u00eat une importance capitale. Un Etat, celui des rescap\u00e9s de la Shoah, pourrait se voir accuser de g\u00e9nocide. <strong>Ceux qui ont activement particip\u00e9s \u00e0 ce g\u00e9nocide, s\u2019il est \u00e9tabli, pourraient voir leurs actes qualifi\u00e9s de \u00ab&nbsp;crimes de guerre&nbsp;\u00bb et rel\u00e8veraient de la Cour P\u00e9nale Internationale (CPI). Mais Isra\u00ebl ne reconnait pas la CPI, \u00e9trange pour un Etat qui se dit d\u00e9mocratique\u2026.<\/strong><\/p>\n\n\n\n<p class=\"has-medium-font-size wp-block-paragraph\"><strong>Mais o\u00f9 s\u2019arr\u00eatera la fronti\u00e8re des responsabilit\u00e9s&nbsp;? Les dirigeants occidentaux pourraient-ils tomber sous le coup d\u2019une complicit\u00e9 de g\u00e9nocide&nbsp;si la CIJ qualifiait comme tel le conflit \u00e0 Gaza&nbsp;?<\/strong><\/p>\n\n\n\n<p class=\"has-medium-font-size wp-block-paragraph\"><strong>En droit fran\u00e7ais, la complicit\u00e9 rel\u00e8ve de l\u2019article 121-7&nbsp;du Code P\u00e9nal:<\/strong> \u00ab&nbsp;Est complice d&rsquo;un crime ou d&rsquo;un d\u00e9lit la personne qui sciemment, par aide ou assistance, en a facilit\u00e9 la pr\u00e9paration ou la consommation. Est \u00e9galement complice la personne qui par don, promesse, menace, ordre, abus d&rsquo;autorit\u00e9 ou de pouvoir aura provoqu\u00e9 \u00e0 une infraction ou donn\u00e9 des instructions pour la commettre.&nbsp;\u00bb<\/p>\n\n\n\n<p class=\"has-medium-font-size wp-block-paragraph\">Emmanuel Macron peut se f\u00e9liciter que l\u2019id\u00e9e qu\u2019il lui avait \u00e9t\u00e9 vendue par un pseudo-philosophe d\u2019une coalition anti-Hamas sous la forme de celle qui avait combattu Daesh ait fait un pschitt retentissant, car si la France avait effectivement particip\u00e9 aux massacres sous couvert de lutter contre le Hamas, alors\u2026<\/p>\n\n\n\n<p class=\"has-medium-font-size wp-block-paragraph\"><strong>Pourraient tomber sous ce chef d\u2019accusation, les dirigeants fournissant des armes \u00e0 Isra\u00ebl lui permettant d\u2019accomplir ce qui rel\u00e8ve pour l\u2019instant de massacres mais pourraient prochainement \u00eatre qualifi\u00e9 de \u00ab&nbsp;g\u00e9nocide&nbsp;\u00bb si le droit interne de ces Etats le permet.<\/strong><\/p>\n\n\n\n<p class=\"has-medium-font-size wp-block-paragraph\">Selon les chiffres de l&rsquo;Institut international de recherche sur la paix de Stockholm (SIPRI), la grande majorit\u00e9 des importations d&rsquo;armes isra\u00e9liennes sont am\u00e9ricaines (92% de 2017 \u00e0 2021), l&rsquo;Allemagne a repr\u00e9sent\u00e9 6,9% des achats d&rsquo;armes isra\u00e9liennes au cours de la m\u00eame p\u00e9riode, l&rsquo;Italie arrivant en troisi\u00e8me position avec 1%.<\/p>\n\n\n\n<p class=\"has-medium-font-size wp-block-paragraph\"><strong>Ces trois pays ont-ils stopp\u00e9s leur livraisons d\u2019armes depuis le d\u00e9but du conflit \u00e0 Gaza&nbsp;? Pour les Etats-Unis et l\u2019Allemagne, la r\u00e9ponse semble n\u00e9gative. Qu\u2019en est-il de la France&nbsp;? Comme l\u2019affirmait St\u00e9phane S\u00e9journ\u00e9, devant la commission des Affaires \u00e9trang\u00e8res de l\u2019Assembl\u00e9e Nationale, les ventes d\u2019armes fran\u00e7aises \u00e0 Isra\u00ebl sont r\u00e9siduelles. N\u00e9anmoins, il fut incapable de fournir le chiffre exact et s\u2019\u00e9tait engag\u00e9 \u00e0 le fournir ult\u00e9rieurement.<\/strong><\/p>\n\n\n\n<p class=\"has-medium-font-size wp-block-paragraph\"><strong>A noter que la complicit\u00e9 dans la violation du droit international peut ne pas \u00eatre directe<\/strong>. Ainsi, aux Pays-Bas, le 12 f\u00e9vrier, un tribunal a ordonn\u00e9 l\u2019arr\u00eat des livraisons de\u00a0pi\u00e8ces de\u00a0chasseurs F-35\u00a0\u00e0 l\u2019arm\u00e9e isra\u00e9lienne. Comprenons-bien qu\u2019il ne s\u2019agissait pas de vente d\u2019armes par les Pays-Bas, mais le simple fait que l\u2019arm\u00e9e am\u00e9ricaine entreposait des pi\u00e8ces de chasseurs F-35 aux Pays-Bas.<\/p>\n\n\n\n<p class=\"has-medium-font-size wp-block-paragraph\">Enfin, autre possibilit\u00e9, <strong>l&rsquo;article 211-2 du Code P\u00e9nal <\/strong>qui est ainsi r\u00e9dig\u00e9 : La provocation publique et directe, par tous moyens, \u00e0 commettre un g\u00e9nocide est punie de la r\u00e9clusion criminelle \u00e0 perp\u00e9tuit\u00e9 si cette provocation a \u00e9t\u00e9 suivie d&rsquo;effet. Si la provocation n&rsquo;a pas \u00e9t\u00e9 suivie d&rsquo;effet, les faits sont punis de sept ans d&#8217;emprisonnement et de 100 000 \u20ac d&rsquo;amende. Pourrait-elle s&rsquo;appliquer \u00e0 tous ceux qui ont soutenu ouvertement, publiquement et de mani\u00e8re r\u00e9currente ce g\u00e9nocide (s&rsquo;il est \u00e9tabli ?) ou m\u00eame encourag\u00e9s Isra\u00ebl \u00e0 aller plus loin encore ? Peut-\u00eatre&#8230;<\/p>\n\n\n\n<p class=\"has-medium-font-size wp-block-paragraph\"><strong>Si le verdict prononc\u00e9 par la CIJ sera d\u00e9cisif, il y a fort \u00e0 craindre que les responsabilit\u00e9s individuelles s\u2019enlisent et ne trouvent pas forc\u00e9ment de sanction juridique. N\u00e9anmoins, il existe d\u2019autres tribunaux<\/strong>. Les peuples \u00e0 travers le monde ont exprim\u00e9\u00a0leur soutien massif \u00e0 un \u00ab\u00a0cessez-le-feu-imm\u00e9diat\u00a0\u00bb et, plus globalement \u00e0 la cause palestinienne.<\/p>\n\n\n\n<p class=\"has-medium-font-size wp-block-paragraph\"><strong>En d\u00e9mocratie, le peuple vote et la sanction peut \u00eatre politique<\/strong>. C\u2019est ainsi qu\u2019il faut interpr\u00e9ter les revirements path\u00e9tiques de certaines et certains, les d\u00e9clarations un peu plus muscl\u00e9es \u00e0 l\u2019encontre de Netanyahou. <strong>La peur de porter la responsabilit\u00e9 politique et \u00e9lectorale du soutien \u00e0 un grand massacre, possiblement un g\u00e9nocide. La conscience humaine y est, h\u00e9las, pour peu de choses&nbsp;!<\/strong><\/p>\n\n\n\n<hr class=\"wp-block-separator has-alpha-channel-opacity\"\/>\n\n\n\n<p class=\"wp-block-paragraph\"><a href=\"#_ftnref1\" id=\"_ftn1\">[1]<\/a> Je n\u2019emploierai le terme de \u00ab&nbsp;g\u00e9nocide&nbsp;\u00bb qu\u2019au conditionnel ou sous forme d\u2019interrogation afin d\u2019\u00eatre extr\u00eamement rigoureux En effet, la d\u00e9cision de la CIJ du 26 janvier, un v\u00e9ritable coup de tonnerre, a \u00e9tabli que les indices et les \u00e9l\u00e9ments d\u2019un possible g\u00e9nocide \u00e9taient suffisamment probants pour ordonner \u00e0 Isra\u00ebl de prendre des mesures conservatoires. Ce n\u2019est que lorsque la CIJ rendra sa d\u00e9cision sur le fond que la qualification de g\u00e9nocide sera retenue ou pas.<\/p>\n","protected":false},"excerpt":{"rendered":"<p>La d\u00e9cision que rendra la CIJ sur le fond sera capitale. La qualification de g\u00e9nocide constituerait un coup de tonner. Mais les dirigeants isra\u00e9liens ne rendront probablement pas compte de leurs crimes de guerre. Et la responsabilit\u00e9 juridique pour complicit\u00e9 sera dure \u00e0 \u00e9tablir. La crainte de la sanction politique, elle, produit des d\u00e9clarations \u00e9tonnantes \u00e0 la sinc\u00e9rit\u00e9 douteuse.<\/p>","protected":false},"author":16,"featured_media":2331,"comment_status":"open","ping_status":"open","sticky":false,"template":"","format":"standard","meta":{"_lmt_disableupdate":"","_lmt_disable":"","footnotes":""},"categories":[5],"tags":[],"class_list":["post-2326","post","type-post","status-publish","format-standard","has-post-thumbnail","hentry","category-international"],"yoast_head":"<!-- This site is optimized with the Yoast SEO Premium plugin v28.1 (Yoast SEO v28.1) - https:\/\/yoast.com\/product\/yoast-seo-premium-wordpress\/ -->\n<title>Gaza, un massacre et une famine d\u00e9complex\u00e9s, quels responsables ? | Geopolitics.fr<\/title>\n<meta name=\"robots\" content=\"index, follow, max-snippet:-1, max-image-preview:large, max-video-preview:-1\" \/>\n<link rel=\"canonical\" href=\"https:\/\/www.geopolitics.fr\/en\/2024\/03\/08\/gaza-un-massacre-et-une-famine-decomplexes-1quels-responsables\/\" \/>\n<meta property=\"og:locale\" content=\"en_GB\" \/>\n<meta property=\"og:type\" content=\"article\" \/>\n<meta property=\"og:title\" content=\"Gaza, un massacre et une famine d\u00e9complex\u00e9s, quels responsables ?\" \/>\n<meta property=\"og:description\" content=\"La d\u00e9cision que rendra la CIJ sur le fond sera capitale. La qualification de g\u00e9nocide constituerait un coup de tonner. Mais les dirigeants isra\u00e9liens ne rendront probablement pas compte de leurs crimes de guerre. Et la responsabilit\u00e9 juridique pour complicit\u00e9 sera dure \u00e0 \u00e9tablir. La crainte de la sanction politique, elle, produit des d\u00e9clarations \u00e9tonnantes \u00e0 la sinc\u00e9rit\u00e9 douteuse.\" \/>\n<meta property=\"og:url\" content=\"https:\/\/www.geopolitics.fr\/en\/2024\/03\/08\/gaza-un-massacre-et-une-famine-decomplexes-1quels-responsables\/\" \/>\n<meta property=\"og:site_name\" content=\"Geopolitics.fr\" \/>\n<meta property=\"article:publisher\" content=\"https:\/\/www.facebook.com\/people\/Erwan-Davoux\/61557098968092\/\" \/>\n<meta property=\"article:author\" content=\"Erwan Davoux\" \/>\n<meta property=\"article:published_time\" content=\"2024-03-08T13:12:05+00:00\" \/>\n<meta property=\"article:modified_time\" content=\"2024-03-26T20:23:47+00:00\" \/>\n<meta property=\"og:image\" content=\"https:\/\/www.geopolitics.fr\/wp-content\/uploads\/2024\/03\/FAMINE-scaled.jpg\" \/>\n\t<meta property=\"og:image:width\" content=\"2560\" \/>\n\t<meta property=\"og:image:height\" content=\"1707\" \/>\n\t<meta property=\"og:image:type\" content=\"image\/jpeg\" \/>\n<meta name=\"author\" content=\"Erwan Davoux\" \/>\n<meta name=\"twitter:card\" content=\"summary_large_image\" \/>\n<meta name=\"twitter:creator\" content=\"@erwandavoux @Geo_politicsfr\" \/>\n<meta name=\"twitter:site\" content=\"@Geopolitics_Fr\" \/>\n<meta name=\"twitter:label1\" content=\"Written by\" \/>\n\t<meta name=\"twitter:data1\" content=\"Erwan Davoux\" \/>\n\t<meta name=\"twitter:label2\" content=\"Estimated reading time\" \/>\n\t<meta name=\"twitter:data2\" content=\"6 minutes\" \/>\n<script type=\"application\/ld+json\" class=\"yoast-schema-graph\">{\"@context\":\"https:\\\/\\\/schema.org\",\"@graph\":[{\"@type\":\"Article\",\"@id\":\"https:\\\/\\\/www.geopolitics.fr\\\/2024\\\/03\\\/08\\\/gaza-un-massacre-et-une-famine-decomplexes-1quels-responsables\\\/#article\",\"isPartOf\":{\"@id\":\"https:\\\/\\\/www.geopolitics.fr\\\/2024\\\/03\\\/08\\\/gaza-un-massacre-et-une-famine-decomplexes-1quels-responsables\\\/\"},\"author\":{\"name\":\"Erwan Davoux\",\"@id\":\"https:\\\/\\\/www.geopolitics.fr\\\/#\\\/schema\\\/person\\\/a487273e91313e368925717400fa1b11\"},\"headline\":\"Gaza, un massacre et une famine d\u00e9complex\u00e9s, quels responsables ?\",\"datePublished\":\"2024-03-08T13:12:05+00:00\",\"dateModified\":\"2024-03-26T20:23:47+00:00\",\"mainEntityOfPage\":{\"@id\":\"https:\\\/\\\/www.geopolitics.fr\\\/2024\\\/03\\\/08\\\/gaza-un-massacre-et-une-famine-decomplexes-1quels-responsables\\\/\"},\"wordCount\":1284,\"commentCount\":0,\"publisher\":{\"@id\":\"https:\\\/\\\/www.geopolitics.fr\\\/#organization\"},\"image\":{\"@id\":\"https:\\\/\\\/www.geopolitics.fr\\\/2024\\\/03\\\/08\\\/gaza-un-massacre-et-une-famine-decomplexes-1quels-responsables\\\/#primaryimage\"},\"thumbnailUrl\":\"https:\\\/\\\/www.geopolitics.fr\\\/wp-content\\\/uploads\\\/2024\\\/03\\\/FAMINE-scaled.jpg\",\"articleSection\":[\"International\"],\"inLanguage\":\"en-GB\"},{\"@type\":\"WebPage\",\"@id\":\"https:\\\/\\\/www.geopolitics.fr\\\/2024\\\/03\\\/08\\\/gaza-un-massacre-et-une-famine-decomplexes-1quels-responsables\\\/\",\"url\":\"https:\\\/\\\/www.geopolitics.fr\\\/2024\\\/03\\\/08\\\/gaza-un-massacre-et-une-famine-decomplexes-1quels-responsables\\\/\",\"name\":\"Gaza, un massacre et une famine d\u00e9complex\u00e9s, quels responsables ? | Geopolitics.fr\",\"isPartOf\":{\"@id\":\"https:\\\/\\\/www.geopolitics.fr\\\/#website\"},\"primaryImageOfPage\":{\"@id\":\"https:\\\/\\\/www.geopolitics.fr\\\/2024\\\/03\\\/08\\\/gaza-un-massacre-et-une-famine-decomplexes-1quels-responsables\\\/#primaryimage\"},\"image\":{\"@id\":\"https:\\\/\\\/www.geopolitics.fr\\\/2024\\\/03\\\/08\\\/gaza-un-massacre-et-une-famine-decomplexes-1quels-responsables\\\/#primaryimage\"},\"thumbnailUrl\":\"https:\\\/\\\/www.geopolitics.fr\\\/wp-content\\\/uploads\\\/2024\\\/03\\\/FAMINE-scaled.jpg\",\"datePublished\":\"2024-03-08T13:12:05+00:00\",\"dateModified\":\"2024-03-26T20:23:47+00:00\",\"breadcrumb\":{\"@id\":\"https:\\\/\\\/www.geopolitics.fr\\\/2024\\\/03\\\/08\\\/gaza-un-massacre-et-une-famine-decomplexes-1quels-responsables\\\/#breadcrumb\"},\"inLanguage\":\"en-GB\",\"potentialAction\":[{\"@type\":\"ReadAction\",\"target\":[\"https:\\\/\\\/www.geopolitics.fr\\\/2024\\\/03\\\/08\\\/gaza-un-massacre-et-une-famine-decomplexes-1quels-responsables\\\/\"]}]},{\"@type\":\"ImageObject\",\"inLanguage\":\"en-GB\",\"@id\":\"https:\\\/\\\/www.geopolitics.fr\\\/2024\\\/03\\\/08\\\/gaza-un-massacre-et-une-famine-decomplexes-1quels-responsables\\\/#primaryimage\",\"url\":\"https:\\\/\\\/www.geopolitics.fr\\\/wp-content\\\/uploads\\\/2024\\\/03\\\/FAMINE-scaled.jpg\",\"contentUrl\":\"https:\\\/\\\/www.geopolitics.fr\\\/wp-content\\\/uploads\\\/2024\\\/03\\\/FAMINE-scaled.jpg\",\"width\":1920,\"height\":1280,\"caption\":\"(INT) Palestinian Walid Al-Hattab cooks soup and distributes it to poor families in Gaza. March 25, 2023, Gaza, Palestine: Palestinian Walid Al-Hattab cooks soup in a large bowl and distributes it free of charge to poor families in the Al-Shujaia neighborhood due to the difficult economic conditions the residents are facing. Credit : Saher Alghorra \\\/ The News2\"},{\"@type\":\"BreadcrumbList\",\"@id\":\"https:\\\/\\\/www.geopolitics.fr\\\/2024\\\/03\\\/08\\\/gaza-un-massacre-et-une-famine-decomplexes-1quels-responsables\\\/#breadcrumb\",\"itemListElement\":[{\"@type\":\"ListItem\",\"position\":1,\"name\":\"Accueil\",\"item\":\"https:\\\/\\\/www.geopolitics.fr\\\/\"},{\"@type\":\"ListItem\",\"position\":2,\"name\":\"Gaza, un massacre et une famine d\u00e9complex\u00e9s, quels responsables ?\"}]},{\"@type\":\"WebSite\",\"@id\":\"https:\\\/\\\/www.geopolitics.fr\\\/#website\",\"url\":\"https:\\\/\\\/www.geopolitics.fr\\\/\",\"name\":\"Geopolitics.fr\",\"description\":\"Geopolitics.fr Analyse politique, relations internationales, d\u00e9fense - ligne \u00e9ditoriale gaullo-chiraquienne\",\"publisher\":{\"@id\":\"https:\\\/\\\/www.geopolitics.fr\\\/#organization\"},\"potentialAction\":[{\"@type\":\"SearchAction\",\"target\":{\"@type\":\"EntryPoint\",\"urlTemplate\":\"https:\\\/\\\/www.geopolitics.fr\\\/?s={search_term_string}\"},\"query-input\":{\"@type\":\"PropertyValueSpecification\",\"valueRequired\":true,\"valueName\":\"search_term_string\"}}],\"inLanguage\":\"en-GB\"},{\"@type\":\"Organization\",\"@id\":\"https:\\\/\\\/www.geopolitics.fr\\\/#organization\",\"name\":\"Geopolitics.fr\",\"url\":\"https:\\\/\\\/www.geopolitics.fr\\\/\",\"logo\":{\"@type\":\"ImageObject\",\"inLanguage\":\"en-GB\",\"@id\":\"https:\\\/\\\/www.geopolitics.fr\\\/#\\\/schema\\\/logo\\\/image\\\/\",\"url\":\"https:\\\/\\\/www.geopolitics.fr\\\/wp-content\\\/uploads\\\/2024\\\/01\\\/logo.jpg\",\"contentUrl\":\"https:\\\/\\\/www.geopolitics.fr\\\/wp-content\\\/uploads\\\/2024\\\/01\\\/logo.jpg\",\"width\":500,\"height\":500,\"caption\":\"Geopolitics.fr\"},\"image\":{\"@id\":\"https:\\\/\\\/www.geopolitics.fr\\\/#\\\/schema\\\/logo\\\/image\\\/\"},\"sameAs\":[\"https:\\\/\\\/www.facebook.com\\\/people\\\/Erwan-Davoux\\\/61557098968092\\\/\",\"https:\\\/\\\/x.com\\\/Geopolitics_Fr\"]},{\"@type\":\"Person\",\"@id\":\"https:\\\/\\\/www.geopolitics.fr\\\/#\\\/schema\\\/person\\\/a487273e91313e368925717400fa1b11\",\"name\":\"Erwan Davoux\",\"image\":{\"@type\":\"ImageObject\",\"inLanguage\":\"en-GB\",\"@id\":\"https:\\\/\\\/www.geopolitics.fr\\\/wp-content\\\/uploads\\\/2026\\\/05\\\/moi-96x96.jpg\",\"url\":\"https:\\\/\\\/www.geopolitics.fr\\\/wp-content\\\/uploads\\\/2026\\\/05\\\/moi-96x96.jpg\",\"contentUrl\":\"https:\\\/\\\/www.geopolitics.fr\\\/wp-content\\\/uploads\\\/2026\\\/05\\\/moi-96x96.jpg\",\"caption\":\"Erwan Davoux\"},\"description\":\"Erwan DAVOUX est Pr\u00e9sident de LMD CONSEIL, (conseil strat\u00e9gique, intelligence \u00e9conomique, risque g\u00e9opolitique, influence politique, diplomatie \u00e9conomique). Dipl\u00f4m\u00e9 de l'IEP de Paris et de l'INALCO (d\u00e9partement d'\u00e9tudes arabes), il est directeur de la publication de geopolitics.fr. Ancien fonctionnaire au Minist\u00e8re de l'Int\u00e9rieur et de la D\u00e9fense (DGSE) Ancien charg\u00e9 de Mission \u00e0 la Pr\u00e9sidence de la R\u00e9publique (cellule diplomatique) Conseil de nombreuses personnalit\u00e9s politiques \u00e0 l'International (dont deux anciens Premiers ministres).\",\"sameAs\":[\"Erwan Davoux\",\"@erwandavoux\",\"https:\\\/\\\/www.linkedin.com\\\/in\\\/erwan-davoux-6800b289\\\/\",\"https:\\\/\\\/x.com\\\/@erwandavoux @Geo_politicsfr\"],\"url\":\"https:\\\/\\\/www.geopolitics.fr\\\/en\\\/author\\\/erwan-davoux\\\/\"}]}<\/script>\n<!-- \/ Yoast SEO Premium plugin. -->","yoast_head_json":{"title":"Gaza, un massacre et une famine d\u00e9complex\u00e9s, quels responsables ? | Geopolitics.fr","robots":{"index":"index","follow":"follow","max-snippet":"max-snippet:-1","max-image-preview":"max-image-preview:large","max-video-preview":"max-video-preview:-1"},"canonical":"https:\/\/www.geopolitics.fr\/en\/2024\/03\/08\/gaza-un-massacre-et-une-famine-decomplexes-1quels-responsables\/","og_locale":"en_GB","og_type":"article","og_title":"Gaza, un massacre et une famine d\u00e9complex\u00e9s, quels responsables ?","og_description":"La d\u00e9cision que rendra la CIJ sur le fond sera capitale. La qualification de g\u00e9nocide constituerait un coup de tonner. Mais les dirigeants isra\u00e9liens ne rendront probablement pas compte de leurs crimes de guerre. Et la responsabilit\u00e9 juridique pour complicit\u00e9 sera dure \u00e0 \u00e9tablir. La crainte de la sanction politique, elle, produit des d\u00e9clarations \u00e9tonnantes \u00e0 la sinc\u00e9rit\u00e9 douteuse.","og_url":"https:\/\/www.geopolitics.fr\/en\/2024\/03\/08\/gaza-un-massacre-et-une-famine-decomplexes-1quels-responsables\/","og_site_name":"Geopolitics.fr","article_publisher":"https:\/\/www.facebook.com\/people\/Erwan-Davoux\/61557098968092\/","article_author":"Erwan Davoux","article_published_time":"2024-03-08T13:12:05+00:00","article_modified_time":"2024-03-26T20:23:47+00:00","og_image":[{"width":2560,"height":1707,"url":"https:\/\/www.geopolitics.fr\/wp-content\/uploads\/2024\/03\/FAMINE-scaled.jpg","type":"image\/jpeg"}],"author":"Erwan Davoux","twitter_card":"summary_large_image","twitter_creator":"@erwandavoux @Geo_politicsfr","twitter_site":"@Geopolitics_Fr","twitter_misc":{"Written by":"Erwan Davoux","Estimated reading time":"6 minutes"},"schema":{"@context":"https:\/\/schema.org","@graph":[{"@type":"Article","@id":"https:\/\/www.geopolitics.fr\/2024\/03\/08\/gaza-un-massacre-et-une-famine-decomplexes-1quels-responsables\/#article","isPartOf":{"@id":"https:\/\/www.geopolitics.fr\/2024\/03\/08\/gaza-un-massacre-et-une-famine-decomplexes-1quels-responsables\/"},"author":{"name":"Erwan Davoux","@id":"https:\/\/www.geopolitics.fr\/#\/schema\/person\/a487273e91313e368925717400fa1b11"},"headline":"Gaza, un massacre et une famine d\u00e9complex\u00e9s, quels responsables ?","datePublished":"2024-03-08T13:12:05+00:00","dateModified":"2024-03-26T20:23:47+00:00","mainEntityOfPage":{"@id":"https:\/\/www.geopolitics.fr\/2024\/03\/08\/gaza-un-massacre-et-une-famine-decomplexes-1quels-responsables\/"},"wordCount":1284,"commentCount":0,"publisher":{"@id":"https:\/\/www.geopolitics.fr\/#organization"},"image":{"@id":"https:\/\/www.geopolitics.fr\/2024\/03\/08\/gaza-un-massacre-et-une-famine-decomplexes-1quels-responsables\/#primaryimage"},"thumbnailUrl":"https:\/\/www.geopolitics.fr\/wp-content\/uploads\/2024\/03\/FAMINE-scaled.jpg","articleSection":["International"],"inLanguage":"en-GB"},{"@type":"WebPage","@id":"https:\/\/www.geopolitics.fr\/2024\/03\/08\/gaza-un-massacre-et-une-famine-decomplexes-1quels-responsables\/","url":"https:\/\/www.geopolitics.fr\/2024\/03\/08\/gaza-un-massacre-et-une-famine-decomplexes-1quels-responsables\/","name":"Gaza, un massacre et une famine d\u00e9complex\u00e9s, quels responsables ? | Geopolitics.fr","isPartOf":{"@id":"https:\/\/www.geopolitics.fr\/#website"},"primaryImageOfPage":{"@id":"https:\/\/www.geopolitics.fr\/2024\/03\/08\/gaza-un-massacre-et-une-famine-decomplexes-1quels-responsables\/#primaryimage"},"image":{"@id":"https:\/\/www.geopolitics.fr\/2024\/03\/08\/gaza-un-massacre-et-une-famine-decomplexes-1quels-responsables\/#primaryimage"},"thumbnailUrl":"https:\/\/www.geopolitics.fr\/wp-content\/uploads\/2024\/03\/FAMINE-scaled.jpg","datePublished":"2024-03-08T13:12:05+00:00","dateModified":"2024-03-26T20:23:47+00:00","breadcrumb":{"@id":"https:\/\/www.geopolitics.fr\/2024\/03\/08\/gaza-un-massacre-et-une-famine-decomplexes-1quels-responsables\/#breadcrumb"},"inLanguage":"en-GB","potentialAction":[{"@type":"ReadAction","target":["https:\/\/www.geopolitics.fr\/2024\/03\/08\/gaza-un-massacre-et-une-famine-decomplexes-1quels-responsables\/"]}]},{"@type":"ImageObject","inLanguage":"en-GB","@id":"https:\/\/www.geopolitics.fr\/2024\/03\/08\/gaza-un-massacre-et-une-famine-decomplexes-1quels-responsables\/#primaryimage","url":"https:\/\/www.geopolitics.fr\/wp-content\/uploads\/2024\/03\/FAMINE-scaled.jpg","contentUrl":"https:\/\/www.geopolitics.fr\/wp-content\/uploads\/2024\/03\/FAMINE-scaled.jpg","width":1920,"height":1280,"caption":"(INT) Palestinian Walid Al-Hattab cooks soup and distributes it to poor families in Gaza. March 25, 2023, Gaza, Palestine: Palestinian Walid Al-Hattab cooks soup in a large bowl and distributes it free of charge to poor families in the Al-Shujaia neighborhood due to the difficult economic conditions the residents are facing. Credit : Saher Alghorra \/ The News2"},{"@type":"BreadcrumbList","@id":"https:\/\/www.geopolitics.fr\/2024\/03\/08\/gaza-un-massacre-et-une-famine-decomplexes-1quels-responsables\/#breadcrumb","itemListElement":[{"@type":"ListItem","position":1,"name":"Accueil","item":"https:\/\/www.geopolitics.fr\/"},{"@type":"ListItem","position":2,"name":"Gaza, un massacre et une famine d\u00e9complex\u00e9s, quels responsables ?"}]},{"@type":"WebSite","@id":"https:\/\/www.geopolitics.fr\/#website","url":"https:\/\/www.geopolitics.fr\/","name":"Geopolitics.fr","description":"Geopolitics.fr Analyse politique, relations internationales, d\u00e9fense - ligne \u00e9ditoriale gaullo-chiraquienne","publisher":{"@id":"https:\/\/www.geopolitics.fr\/#organization"},"potentialAction":[{"@type":"SearchAction","target":{"@type":"EntryPoint","urlTemplate":"https:\/\/www.geopolitics.fr\/?s={search_term_string}"},"query-input":{"@type":"PropertyValueSpecification","valueRequired":true,"valueName":"search_term_string"}}],"inLanguage":"en-GB"},{"@type":"Organization","@id":"https:\/\/www.geopolitics.fr\/#organization","name":"Geopolitics.fr","url":"https:\/\/www.geopolitics.fr\/","logo":{"@type":"ImageObject","inLanguage":"en-GB","@id":"https:\/\/www.geopolitics.fr\/#\/schema\/logo\/image\/","url":"https:\/\/www.geopolitics.fr\/wp-content\/uploads\/2024\/01\/logo.jpg","contentUrl":"https:\/\/www.geopolitics.fr\/wp-content\/uploads\/2024\/01\/logo.jpg","width":500,"height":500,"caption":"Geopolitics.fr"},"image":{"@id":"https:\/\/www.geopolitics.fr\/#\/schema\/logo\/image\/"},"sameAs":["https:\/\/www.facebook.com\/people\/Erwan-Davoux\/61557098968092\/","https:\/\/x.com\/Geopolitics_Fr"]},{"@type":"Person","@id":"https:\/\/www.geopolitics.fr\/#\/schema\/person\/a487273e91313e368925717400fa1b11","name":"Erwan Davoux","image":{"@type":"ImageObject","inLanguage":"en-GB","@id":"https:\/\/www.geopolitics.fr\/wp-content\/uploads\/2026\/05\/moi-96x96.jpg","url":"https:\/\/www.geopolitics.fr\/wp-content\/uploads\/2026\/05\/moi-96x96.jpg","contentUrl":"https:\/\/www.geopolitics.fr\/wp-content\/uploads\/2026\/05\/moi-96x96.jpg","caption":"Erwan Davoux"},"description":"Erwan DAVOUX est Pr\u00e9sident de LMD CONSEIL, (conseil strat\u00e9gique, intelligence \u00e9conomique, risque g\u00e9opolitique, influence politique, diplomatie \u00e9conomique). Dipl\u00f4m\u00e9 de l'IEP de Paris et de l'INALCO (d\u00e9partement d'\u00e9tudes arabes), il est directeur de la publication de geopolitics.fr. Ancien fonctionnaire au Minist\u00e8re de l'Int\u00e9rieur et de la D\u00e9fense (DGSE) Ancien charg\u00e9 de Mission \u00e0 la Pr\u00e9sidence de la R\u00e9publique (cellule diplomatique) Conseil de nombreuses personnalit\u00e9s politiques \u00e0 l'International (dont deux anciens Premiers ministres).","sameAs":["Erwan Davoux","@erwandavoux","https:\/\/www.linkedin.com\/in\/erwan-davoux-6800b289\/","https:\/\/x.com\/@erwandavoux @Geo_politicsfr"],"url":"https:\/\/www.geopolitics.fr\/en\/author\/erwan-davoux\/"}]}},"_links":{"self":[{"href":"https:\/\/www.geopolitics.fr\/en\/wp-json\/wp\/v2\/posts\/2326","targetHints":{"allow":["GET"]}}],"collection":[{"href":"https:\/\/www.geopolitics.fr\/en\/wp-json\/wp\/v2\/posts"}],"about":[{"href":"https:\/\/www.geopolitics.fr\/en\/wp-json\/wp\/v2\/types\/post"}],"author":[{"embeddable":true,"href":"https:\/\/www.geopolitics.fr\/en\/wp-json\/wp\/v2\/users\/16"}],"replies":[{"embeddable":true,"href":"https:\/\/www.geopolitics.fr\/en\/wp-json\/wp\/v2\/comments?post=2326"}],"version-history":[{"count":0,"href":"https:\/\/www.geopolitics.fr\/en\/wp-json\/wp\/v2\/posts\/2326\/revisions"}],"wp:featuredmedia":[{"embeddable":true,"href":"https:\/\/www.geopolitics.fr\/en\/wp-json\/wp\/v2\/media\/2331"}],"wp:attachment":[{"href":"https:\/\/www.geopolitics.fr\/en\/wp-json\/wp\/v2\/media?parent=2326"}],"wp:term":[{"taxonomy":"category","embeddable":true,"href":"https:\/\/www.geopolitics.fr\/en\/wp-json\/wp\/v2\/categories?post=2326"},{"taxonomy":"post_tag","embeddable":true,"href":"https:\/\/www.geopolitics.fr\/en\/wp-json\/wp\/v2\/tags?post=2326"}],"curies":[{"name":"wp","href":"https:\/\/api.w.org\/{rel}","templated":true}]}}