{"id":2322,"date":"2024-03-03T19:40:15","date_gmt":"2024-03-03T18:40:15","guid":{"rendered":"https:\/\/www.geopolitics.fr\/?p=2322"},"modified":"2024-03-26T21:24:48","modified_gmt":"2024-03-26T20:24:48","slug":"la-france-le-maroc-le-sahara-etc","status":"publish","type":"post","link":"https:\/\/www.geopolitics.fr\/en\/2024\/03\/03\/la-france-le-maroc-le-sahara-etc\/","title":{"rendered":"La France, le Maroc, le Sahara, etc."},"content":{"rendered":"\n<p class=\"wp-block-paragraph\">Par Val\u00e9rie Morales Attias, r\u00e9sidente au Maroc, journaliste et auteur, enseignante \u00e0 l&rsquo;Ecole Sup\u00e9rieure de Journalisme de Paris.<\/p>\n\n\n\n<h2 class=\"wp-block-heading\"><strong>Le Ministre fran\u00e7ais de l&rsquo;Europe et des Affaires \u00e9trang\u00e8res, St\u00e9phane S\u00e9journ\u00e9 a \u00e9t\u00e9 re\u00e7u fin f\u00e9vrier \u00e0 Rabat par son homologue marocain Nasser Bourita. La volont\u00e9 de r\u00e9chauffement diplomatique entre les deux pays semble acquise. Reste l&rsquo;\u00e9pineuse question du Sahara occidental. Sur ce plan, rien n&rsquo;est encore gagn\u00e9.<\/strong><\/h2>\n\n\n\n<p class=\"has-medium-font-size wp-block-paragraph\">\u00a0St\u00e9phane S\u00e9journ\u00e9 tra\u00eenait pourtant un pass\u00e9 d\u00e9sastreux avec le Maroc. A l&rsquo;\u00e9poque, il pr\u00e9sidait le groupe Renew du Parlement europ\u00e9en, groupe politique qui mena une intense campagne europ\u00e9enne de d\u00e9nigrement contre le Royaume. A ce moment, l&rsquo;Elys\u00e9e n&rsquo;y \u00e9tait \u00e9videmment pas pour rien. C&rsquo;est pourtant St\u00e9phane S\u00e9journ\u00e9 qu&rsquo;Emmanuel Macron a choisi pour construire les bases d&rsquo;une nouvelle relation apais\u00e9e avec le Royaume. Personne n&rsquo;a oubli\u00e9, des deux c\u00f4t\u00e9s de la mer, les tensions qui ont min\u00e9 les rapports entre les deux pays : les restrictions impos\u00e9es par la France sur l&rsquo;octroi des visas, le vote du Parlement europ\u00e9en condamnant la d\u00e9gradation de la libert\u00e9 de la presse au Maroc, l&rsquo;affaire Pegasus, les tentatives rat\u00e9es de r\u00e9conciliation avec Alger, etc. ont repr\u00e9sent\u00e9s autant d&rsquo;admonestations de la France envers Rabat. Pire : le refus fran\u00e7ais de s&rsquo;aligner sur les Etats-Unis et Isra\u00ebl qui ont officialis\u00e9 leur reconnaissance de la marocanit\u00e9 du Sahara occidental, cause nationale essentielle pour Rabat qui semble d\u00e9sormais d\u00e9finir ses relations diplomatiques \u00e9trang\u00e8res \u00e0 l&rsquo;aune de la position de chacun sur ce th\u00e8me. St\u00e9phane S\u00e9journ\u00e9, dont la venue au Maroc est la premi\u00e8re visite officielle au Maghreb, a bien compris le message. Preuve de la volont\u00e9 de poursuivre ce rapprochement, le nouveau ministre de l&rsquo;Europe et des Affaires \u00e9trang\u00e8res a r\u00e9it\u00e9r\u00e9 le soutien de Paris au plan d\u2019autonomie marocain au Sahara occidental, datant de 2007. Mais la r\u00e9solution du Conseil de S\u00e9curit\u00e9 des Nations Unies ne suffit plus au Maroc qui compte bien profiter de l&rsquo;\u00e9chec des r\u00e9centes tentatives de rapprochement de Paris envers Alger.<\/p>\n\n\n\n<h2 class=\"wp-block-heading\"><strong>Le \u00ab\u00a0tropisme\u00a0\u00bb alg\u00e9rien d&rsquo;Emmanuel Macron est-il en train de se d\u00e9liter ?<\/strong><\/h2>\n\n\n\n<p class=\"has-medium-font-size wp-block-paragraph\">L&rsquo;Alg\u00e9rie, malgr\u00e9 les attentions particuli\u00e8res d&rsquo;Emmanuel Macron ces deux derni\u00e8res ann\u00e9es, est rest\u00e9e de marbre. D\u00e9sormais, elle \u00e9nerve l&rsquo;Elys\u00e9e qui consid\u00e8re qu&rsquo;on ne peut pas compter sur elle. Ces deux derni\u00e8res ann\u00e9es, la France a quasiment tout tent\u00e9 pour renforcer ses liens avec Alger. Les cajoleries dans ce sens sont probablement termin\u00e9es. Ce pays revendique aujourd&rsquo;hui son rapprochement avec la Russie, la Chine, les Brics (Br\u00e9sil, Russie, Inde, Chine, Afrique du Sud) et depuis peu avec l\u2019Italie.&nbsp;<em>\u201cL\u2019Alg\u00e9rie veut des investissements, mais ne souhaite pas faire cadeau de ses march\u00e9s \u00e0 la France\u201d<\/em>, note un observateur local. Cette d\u00e9ception fran\u00e7aise pourrait bien profiter au Maroc qui n&rsquo;a plus de relations diplomatiques depuis le 24 ao\u00fbt 2021 avec l\u2019Alg\u00e9rie sur fond de discorde non seulement autour du Sahara occidental mais aussi \u00e0 propos de la reconnaissance de l&rsquo;Etat d&rsquo;Isra\u00ebl par le Royaume.<\/p>\n\n\n\n<p class=\"has-medium-font-size wp-block-paragraph\">\u00a0Paris semble donc avoir chang\u00e9 son fusil d&rsquo;\u00e9paule en privil\u00e9giant le Maroc comme premi\u00e8re visite officielle au Maghreb du ministre St\u00e9phane S\u00e9journ\u00e9. Celui-ci, lors de la conf\u00e9rence de presse \u00e0 Rabat avec son homologue marocain Nasser Bourita, rappelle qu&rsquo;il existe <em>\u201centre la France et le Maroc un lien exceptionnel et [Emmanuel Macron] veut que ce lien reste unique et qu\u2019il s\u2019approfondisse encore dans les prochains mois\u201d<\/em>. Son homologue marocain, tr\u00e8s r\u00e9chauff\u00e9 lui aussi, a estim\u00e9 que la relation bilat\u00e9rale n\u2019avait <em>\u201cpas d\u2019\u00e9gal\u201d<\/em>. Une harmonie quasi parfaite entre les deux parties que l&rsquo;\u00e9ditorialiste marocain Aziz Boucetta commente sans ironie : \u00ab\u00a0<em>La position de la France est importante car de cette position d\u00e9pend celle de l&rsquo;Europe (&#8230;) On peut donc pr\u00e9voir une pression encore plus forte qu&rsquo;elle ne l&rsquo;est d\u00e9j\u00e0 de Rabat sur Paris<\/em>.\u00a0\u00bb<\/p>\n\n\n\n<h2 class=\"wp-block-heading\"><strong>L&rsquo;heure n&rsquo;est pas \u00e0 l&#8217;emballement<\/strong><\/h2>\n\n\n\n<p class=\"has-medium-font-size wp-block-paragraph\">Pour le politologue marocain, Mustapha Sehimi, il est toujours bon de mod\u00e9rer son enthousiasme : <em>\u00ab Cette rencontre s\u2019inscrit dans un cadre de recherche de normalisation dans la perspective d\u2019un r\u00e9chauffement des relations entre les deux pays (\u2026), Il faudra attendre des actes concrets, notamment sur le dossier du Sahara \u00bb.\u00a0<\/em>L&rsquo;avis du politologue Luis Martinez est diff\u00e9rent, lui qui d\u00e9clarait r\u00e9cemment \u00e0 la presse marocaine que \u00ab\u00a0<em>si la France et le Maroc se rapprochent, c\u2019est parce qu\u2019ils n\u2019ont pas le choix \u00bb<\/em>, Ce sp\u00e9cialiste du Maghreb et directeur de recherche au CERI de Sciences Po explique que les deux pays ont besoin l\u2019un de l\u2019autre pour \u00e9viter de se retrouver isol\u00e9s dans la r\u00e9gion.\u00a0Il est vrai que ces derniers temps la France a rencontr\u00e9 certaines difficult\u00e9s sur l\u2019ensemble du continent africain, boud\u00e9e par les pays du Sahel, malvenue en Tunisie et impuissante dans le conflit\u00a0libyen.<\/p>\n\n\n\n<p class=\"has-medium-font-size wp-block-paragraph\">Quant au Maroc, les accords d&rsquo;Abraham ne sont plus vraiment d&rsquo;actualit\u00e9 en raison de la guerre au Proche-Orient.\u00a0 Gaza a chang\u00e9 la donne et l&rsquo;opinion publique marocaine est solidaire des Palestiniens. Il n&rsquo;en demeure pas moins qu&rsquo;Isra\u00ebl a reconnu la souverainet\u00e9 du Maroc sur le territoire du Sahara occidental, au m\u00eame titre que les Etats-Unis et l&rsquo;Espagne. Le Maroc n&rsquo;en attend pas moins de la France. Sur ce plan, la question demeure : St\u00e9phane S\u00e9journ\u00e9 est-il venu \u00e0 Rabat, le 26 f\u00e9vrier dernier, rappeler la position fran\u00e7aise en faveur d&rsquo;une solution politique conform\u00e9ment aux r\u00e9solutions du Conseil de s\u00e9curit\u00e9 des Nations-Unies de 2007 ? Ce serait un camoufl\u00e9 pour Rabat, tr\u00e8s investi dans le d\u00e9veloppement du Sahara. Selon le politologue marocain Hassan Aourid, cette position \u00ab\u00a0<em>serait d\u00e9sormais consid\u00e9r\u00e9e par Rabat comme d\u00e9pass\u00e9e<\/em>\u00ab\u00a0. Et l&rsquo;int\u00e9r\u00eat \u00e9conomique prime. Le royaume est une terre importante pour les entreprises fran\u00e7aises. Plus d&rsquo;un millier de PME et la quasi-totalit\u00e9 du CAC 40 ont une activit\u00e9 sur place. Sans compter la pr\u00e9sence en m\u00e9tropole fran\u00e7aise d\u2019une importante diaspora marocaine. Paris en est bien conscient qui annonce qu&rsquo;il est temps d&rsquo;avancer sur le dossier du Sahara : St\u00e9phane S\u00e9journ\u00e9 l&rsquo;a d\u00e9clar\u00e9 clairement :\u00a0 <em>\u00a0\u00bb Le Sahara est un enjeu existentiel pour le Maroc. Nous le savons\u00a0\u00bb<\/em>, a insist\u00e9 le ministre. <em>\u00ab\u00a0Nous l&rsquo;avons dit et je le redis aujourd&rsquo;hui peut-\u00eatre avec plus de force : il est d\u00e9sormais temps d&rsquo;avancer. J&rsquo;y veillerai personnellement\u00a0\u00bb<\/em>.<\/p>\n\n\n\n<p class=\"has-medium-font-size wp-block-paragraph\">A moins qu&rsquo;en m\u00eame temps\u2026<\/p>\n","protected":false},"excerpt":{"rendered":"<p>Par Val\u00e9rie Morales Attias, r\u00e9sidente au Maroc, journaliste et auteur, enseignante \u00e0 l&rsquo;Ecole Sup\u00e9rieure de Journalisme de Paris. Le Ministre fran\u00e7ais de&hellip;<\/p>","protected":false},"author":14,"featured_media":2323,"comment_status":"open","ping_status":"open","sticky":false,"template":"","format":"standard","meta":{"_lmt_disableupdate":"","_lmt_disable":"","footnotes":""},"categories":[5],"tags":[],"class_list":["post-2322","post","type-post","status-publish","format-standard","has-post-thumbnail","hentry","category-international"],"yoast_head":"<!-- This site is optimized with the Yoast SEO Premium plugin v28.1 (Yoast SEO v28.1) - https:\/\/yoast.com\/product\/yoast-seo-premium-wordpress\/ -->\n<title>La France, le Maroc, le Sahara, etc. | Geopolitics.fr<\/title>\n<meta name=\"robots\" content=\"index, follow, max-snippet:-1, max-image-preview:large, max-video-preview:-1\" \/>\n<link rel=\"canonical\" href=\"https:\/\/www.geopolitics.fr\/en\/2024\/03\/03\/la-france-le-maroc-le-sahara-etc\/\" \/>\n<meta property=\"og:locale\" content=\"en_GB\" \/>\n<meta property=\"og:type\" content=\"article\" \/>\n<meta property=\"og:title\" content=\"La France, le Maroc, le Sahara, etc.\" \/>\n<meta property=\"og:description\" content=\"Par Val\u00e9rie Morales Attias, r\u00e9sidente au Maroc, journaliste et auteur, enseignante \u00e0 l&rsquo;Ecole Sup\u00e9rieure de Journalisme de Paris. Le Ministre fran\u00e7ais de&hellip;\" \/>\n<meta property=\"og:url\" content=\"https:\/\/www.geopolitics.fr\/en\/2024\/03\/03\/la-france-le-maroc-le-sahara-etc\/\" \/>\n<meta property=\"og:site_name\" content=\"Geopolitics.fr\" \/>\n<meta property=\"article:publisher\" content=\"https:\/\/www.facebook.com\/people\/Erwan-Davoux\/61557098968092\/\" \/>\n<meta property=\"article:published_time\" content=\"2024-03-03T18:40:15+00:00\" \/>\n<meta property=\"article:modified_time\" content=\"2024-03-26T20:24:48+00:00\" \/>\n<meta property=\"og:image\" content=\"https:\/\/www.geopolitics.fr\/wp-content\/uploads\/2024\/03\/stephane_sejourne_-_nasser_bourita.jpg\" \/>\n\t<meta property=\"og:image:width\" content=\"800\" \/>\n\t<meta property=\"og:image:height\" content=\"400\" \/>\n\t<meta property=\"og:image:type\" content=\"image\/jpeg\" \/>\n<meta name=\"author\" content=\"Valerie Morales Attias\" \/>\n<meta name=\"twitter:card\" content=\"summary_large_image\" \/>\n<meta name=\"twitter:creator\" content=\"@Geopolitics_Fr\" \/>\n<meta name=\"twitter:site\" content=\"@Geopolitics_Fr\" \/>\n<meta name=\"twitter:label1\" content=\"Written by\" \/>\n\t<meta name=\"twitter:data1\" content=\"Valerie Morales Attias\" \/>\n\t<meta name=\"twitter:label2\" content=\"Estimated reading time\" \/>\n\t<meta name=\"twitter:data2\" content=\"6 minutes\" \/>\n<script type=\"application\/ld+json\" class=\"yoast-schema-graph\">{\"@context\":\"https:\\\/\\\/schema.org\",\"@graph\":[{\"@type\":\"Article\",\"@id\":\"https:\\\/\\\/www.geopolitics.fr\\\/2024\\\/03\\\/03\\\/la-france-le-maroc-le-sahara-etc\\\/#article\",\"isPartOf\":{\"@id\":\"https:\\\/\\\/www.geopolitics.fr\\\/2024\\\/03\\\/03\\\/la-france-le-maroc-le-sahara-etc\\\/\"},\"author\":{\"name\":\"Valerie Morales Attias\",\"@id\":\"https:\\\/\\\/www.geopolitics.fr\\\/#\\\/schema\\\/person\\\/2b73b2101df6ed1877dcb227a0be4a5d\"},\"headline\":\"La France, le Maroc, le Sahara, etc.\",\"datePublished\":\"2024-03-03T18:40:15+00:00\",\"dateModified\":\"2024-03-26T20:24:48+00:00\",\"mainEntityOfPage\":{\"@id\":\"https:\\\/\\\/www.geopolitics.fr\\\/2024\\\/03\\\/03\\\/la-france-le-maroc-le-sahara-etc\\\/\"},\"wordCount\":1165,\"commentCount\":0,\"publisher\":{\"@id\":\"https:\\\/\\\/www.geopolitics.fr\\\/#organization\"},\"image\":{\"@id\":\"https:\\\/\\\/www.geopolitics.fr\\\/2024\\\/03\\\/03\\\/la-france-le-maroc-le-sahara-etc\\\/#primaryimage\"},\"thumbnailUrl\":\"https:\\\/\\\/www.geopolitics.fr\\\/wp-content\\\/uploads\\\/2024\\\/03\\\/stephane_sejourne_-_nasser_bourita.jpg\",\"articleSection\":[\"International\"],\"inLanguage\":\"en-GB\"},{\"@type\":\"WebPage\",\"@id\":\"https:\\\/\\\/www.geopolitics.fr\\\/2024\\\/03\\\/03\\\/la-france-le-maroc-le-sahara-etc\\\/\",\"url\":\"https:\\\/\\\/www.geopolitics.fr\\\/2024\\\/03\\\/03\\\/la-france-le-maroc-le-sahara-etc\\\/\",\"name\":\"La France, le Maroc, le Sahara, etc. | Geopolitics.fr\",\"isPartOf\":{\"@id\":\"https:\\\/\\\/www.geopolitics.fr\\\/#website\"},\"primaryImageOfPage\":{\"@id\":\"https:\\\/\\\/www.geopolitics.fr\\\/2024\\\/03\\\/03\\\/la-france-le-maroc-le-sahara-etc\\\/#primaryimage\"},\"image\":{\"@id\":\"https:\\\/\\\/www.geopolitics.fr\\\/2024\\\/03\\\/03\\\/la-france-le-maroc-le-sahara-etc\\\/#primaryimage\"},\"thumbnailUrl\":\"https:\\\/\\\/www.geopolitics.fr\\\/wp-content\\\/uploads\\\/2024\\\/03\\\/stephane_sejourne_-_nasser_bourita.jpg\",\"datePublished\":\"2024-03-03T18:40:15+00:00\",\"dateModified\":\"2024-03-26T20:24:48+00:00\",\"breadcrumb\":{\"@id\":\"https:\\\/\\\/www.geopolitics.fr\\\/2024\\\/03\\\/03\\\/la-france-le-maroc-le-sahara-etc\\\/#breadcrumb\"},\"inLanguage\":\"en-GB\",\"potentialAction\":[{\"@type\":\"ReadAction\",\"target\":[\"https:\\\/\\\/www.geopolitics.fr\\\/2024\\\/03\\\/03\\\/la-france-le-maroc-le-sahara-etc\\\/\"]}]},{\"@type\":\"ImageObject\",\"inLanguage\":\"en-GB\",\"@id\":\"https:\\\/\\\/www.geopolitics.fr\\\/2024\\\/03\\\/03\\\/la-france-le-maroc-le-sahara-etc\\\/#primaryimage\",\"url\":\"https:\\\/\\\/www.geopolitics.fr\\\/wp-content\\\/uploads\\\/2024\\\/03\\\/stephane_sejourne_-_nasser_bourita.jpg\",\"contentUrl\":\"https:\\\/\\\/www.geopolitics.fr\\\/wp-content\\\/uploads\\\/2024\\\/03\\\/stephane_sejourne_-_nasser_bourita.jpg\",\"width\":800,\"height\":400},{\"@type\":\"BreadcrumbList\",\"@id\":\"https:\\\/\\\/www.geopolitics.fr\\\/2024\\\/03\\\/03\\\/la-france-le-maroc-le-sahara-etc\\\/#breadcrumb\",\"itemListElement\":[{\"@type\":\"ListItem\",\"position\":1,\"name\":\"Accueil\",\"item\":\"https:\\\/\\\/www.geopolitics.fr\\\/\"},{\"@type\":\"ListItem\",\"position\":2,\"name\":\"La France, le Maroc, le Sahara, etc.\"}]},{\"@type\":\"WebSite\",\"@id\":\"https:\\\/\\\/www.geopolitics.fr\\\/#website\",\"url\":\"https:\\\/\\\/www.geopolitics.fr\\\/\",\"name\":\"Geopolitics.fr\",\"description\":\"Geopolitics.fr Analyse politique, relations internationales, d\u00e9fense - ligne \u00e9ditoriale gaullo-chiraquienne\",\"publisher\":{\"@id\":\"https:\\\/\\\/www.geopolitics.fr\\\/#organization\"},\"potentialAction\":[{\"@type\":\"SearchAction\",\"target\":{\"@type\":\"EntryPoint\",\"urlTemplate\":\"https:\\\/\\\/www.geopolitics.fr\\\/?s={search_term_string}\"},\"query-input\":{\"@type\":\"PropertyValueSpecification\",\"valueRequired\":true,\"valueName\":\"search_term_string\"}}],\"inLanguage\":\"en-GB\"},{\"@type\":\"Organization\",\"@id\":\"https:\\\/\\\/www.geopolitics.fr\\\/#organization\",\"name\":\"Geopolitics.fr\",\"url\":\"https:\\\/\\\/www.geopolitics.fr\\\/\",\"logo\":{\"@type\":\"ImageObject\",\"inLanguage\":\"en-GB\",\"@id\":\"https:\\\/\\\/www.geopolitics.fr\\\/#\\\/schema\\\/logo\\\/image\\\/\",\"url\":\"https:\\\/\\\/www.geopolitics.fr\\\/wp-content\\\/uploads\\\/2024\\\/01\\\/logo.jpg\",\"contentUrl\":\"https:\\\/\\\/www.geopolitics.fr\\\/wp-content\\\/uploads\\\/2024\\\/01\\\/logo.jpg\",\"width\":500,\"height\":500,\"caption\":\"Geopolitics.fr\"},\"image\":{\"@id\":\"https:\\\/\\\/www.geopolitics.fr\\\/#\\\/schema\\\/logo\\\/image\\\/\"},\"sameAs\":[\"https:\\\/\\\/www.facebook.com\\\/people\\\/Erwan-Davoux\\\/61557098968092\\\/\",\"https:\\\/\\\/x.com\\\/Geopolitics_Fr\"]},{\"@type\":\"Person\",\"@id\":\"https:\\\/\\\/www.geopolitics.fr\\\/#\\\/schema\\\/person\\\/2b73b2101df6ed1877dcb227a0be4a5d\",\"name\":\"Valerie Morales Attias\",\"image\":{\"@type\":\"ImageObject\",\"inLanguage\":\"en-GB\",\"@id\":\"https:\\\/\\\/www.geopolitics.fr\\\/wp-content\\\/uploads\\\/2024\\\/04\\\/cropped-valerie-mora-96x96.jpg\",\"url\":\"https:\\\/\\\/www.geopolitics.fr\\\/wp-content\\\/uploads\\\/2024\\\/04\\\/cropped-valerie-mora-96x96.jpg\",\"contentUrl\":\"https:\\\/\\\/www.geopolitics.fr\\\/wp-content\\\/uploads\\\/2024\\\/04\\\/cropped-valerie-mora-96x96.jpg\",\"caption\":\"Valerie Morales Attias\"},\"description\":\"N\u00e9e \u00e0 Oran, elle est journaliste et \u00e9crivain. Enseignante \u00e0 l'Ecole Sup\u00e9rieure de Journalisme de Paris - Ex Directrice g\u00e9n\u00e9rale de Luxe Radio \u00e0 Casablanca. - Elle est l'auteur de plusieurs romans publi\u00e9s au Maroc, en France et en Belgique, ainsi que d'un essai sur le Royaume du Maroc, publi\u00e9 en France aux Editions Descartes.\",\"url\":\"https:\\\/\\\/www.geopolitics.fr\\\/en\\\/author\\\/valerie-morales-attias\\\/\"}]}<\/script>\n<!-- \/ Yoast SEO Premium plugin. -->","yoast_head_json":{"title":"La France, le Maroc, le Sahara, etc. | Geopolitics.fr","robots":{"index":"index","follow":"follow","max-snippet":"max-snippet:-1","max-image-preview":"max-image-preview:large","max-video-preview":"max-video-preview:-1"},"canonical":"https:\/\/www.geopolitics.fr\/en\/2024\/03\/03\/la-france-le-maroc-le-sahara-etc\/","og_locale":"en_GB","og_type":"article","og_title":"La France, le Maroc, le Sahara, etc.","og_description":"Par Val\u00e9rie Morales Attias, r\u00e9sidente au Maroc, journaliste et auteur, enseignante \u00e0 l&rsquo;Ecole Sup\u00e9rieure de Journalisme de Paris. Le Ministre fran\u00e7ais de&hellip;","og_url":"https:\/\/www.geopolitics.fr\/en\/2024\/03\/03\/la-france-le-maroc-le-sahara-etc\/","og_site_name":"Geopolitics.fr","article_publisher":"https:\/\/www.facebook.com\/people\/Erwan-Davoux\/61557098968092\/","article_published_time":"2024-03-03T18:40:15+00:00","article_modified_time":"2024-03-26T20:24:48+00:00","og_image":[{"width":800,"height":400,"url":"https:\/\/www.geopolitics.fr\/wp-content\/uploads\/2024\/03\/stephane_sejourne_-_nasser_bourita.jpg","type":"image\/jpeg"}],"author":"Valerie Morales Attias","twitter_card":"summary_large_image","twitter_creator":"@Geopolitics_Fr","twitter_site":"@Geopolitics_Fr","twitter_misc":{"Written by":"Valerie Morales Attias","Estimated reading time":"6 minutes"},"schema":{"@context":"https:\/\/schema.org","@graph":[{"@type":"Article","@id":"https:\/\/www.geopolitics.fr\/2024\/03\/03\/la-france-le-maroc-le-sahara-etc\/#article","isPartOf":{"@id":"https:\/\/www.geopolitics.fr\/2024\/03\/03\/la-france-le-maroc-le-sahara-etc\/"},"author":{"name":"Valerie Morales Attias","@id":"https:\/\/www.geopolitics.fr\/#\/schema\/person\/2b73b2101df6ed1877dcb227a0be4a5d"},"headline":"La France, le Maroc, le Sahara, etc.","datePublished":"2024-03-03T18:40:15+00:00","dateModified":"2024-03-26T20:24:48+00:00","mainEntityOfPage":{"@id":"https:\/\/www.geopolitics.fr\/2024\/03\/03\/la-france-le-maroc-le-sahara-etc\/"},"wordCount":1165,"commentCount":0,"publisher":{"@id":"https:\/\/www.geopolitics.fr\/#organization"},"image":{"@id":"https:\/\/www.geopolitics.fr\/2024\/03\/03\/la-france-le-maroc-le-sahara-etc\/#primaryimage"},"thumbnailUrl":"https:\/\/www.geopolitics.fr\/wp-content\/uploads\/2024\/03\/stephane_sejourne_-_nasser_bourita.jpg","articleSection":["International"],"inLanguage":"en-GB"},{"@type":"WebPage","@id":"https:\/\/www.geopolitics.fr\/2024\/03\/03\/la-france-le-maroc-le-sahara-etc\/","url":"https:\/\/www.geopolitics.fr\/2024\/03\/03\/la-france-le-maroc-le-sahara-etc\/","name":"La France, le Maroc, le Sahara, etc. | Geopolitics.fr","isPartOf":{"@id":"https:\/\/www.geopolitics.fr\/#website"},"primaryImageOfPage":{"@id":"https:\/\/www.geopolitics.fr\/2024\/03\/03\/la-france-le-maroc-le-sahara-etc\/#primaryimage"},"image":{"@id":"https:\/\/www.geopolitics.fr\/2024\/03\/03\/la-france-le-maroc-le-sahara-etc\/#primaryimage"},"thumbnailUrl":"https:\/\/www.geopolitics.fr\/wp-content\/uploads\/2024\/03\/stephane_sejourne_-_nasser_bourita.jpg","datePublished":"2024-03-03T18:40:15+00:00","dateModified":"2024-03-26T20:24:48+00:00","breadcrumb":{"@id":"https:\/\/www.geopolitics.fr\/2024\/03\/03\/la-france-le-maroc-le-sahara-etc\/#breadcrumb"},"inLanguage":"en-GB","potentialAction":[{"@type":"ReadAction","target":["https:\/\/www.geopolitics.fr\/2024\/03\/03\/la-france-le-maroc-le-sahara-etc\/"]}]},{"@type":"ImageObject","inLanguage":"en-GB","@id":"https:\/\/www.geopolitics.fr\/2024\/03\/03\/la-france-le-maroc-le-sahara-etc\/#primaryimage","url":"https:\/\/www.geopolitics.fr\/wp-content\/uploads\/2024\/03\/stephane_sejourne_-_nasser_bourita.jpg","contentUrl":"https:\/\/www.geopolitics.fr\/wp-content\/uploads\/2024\/03\/stephane_sejourne_-_nasser_bourita.jpg","width":800,"height":400},{"@type":"BreadcrumbList","@id":"https:\/\/www.geopolitics.fr\/2024\/03\/03\/la-france-le-maroc-le-sahara-etc\/#breadcrumb","itemListElement":[{"@type":"ListItem","position":1,"name":"Accueil","item":"https:\/\/www.geopolitics.fr\/"},{"@type":"ListItem","position":2,"name":"La France, le Maroc, le Sahara, etc."}]},{"@type":"WebSite","@id":"https:\/\/www.geopolitics.fr\/#website","url":"https:\/\/www.geopolitics.fr\/","name":"Geopolitics.fr","description":"Geopolitics.fr Analyse politique, relations internationales, d\u00e9fense - ligne \u00e9ditoriale gaullo-chiraquienne","publisher":{"@id":"https:\/\/www.geopolitics.fr\/#organization"},"potentialAction":[{"@type":"SearchAction","target":{"@type":"EntryPoint","urlTemplate":"https:\/\/www.geopolitics.fr\/?s={search_term_string}"},"query-input":{"@type":"PropertyValueSpecification","valueRequired":true,"valueName":"search_term_string"}}],"inLanguage":"en-GB"},{"@type":"Organization","@id":"https:\/\/www.geopolitics.fr\/#organization","name":"Geopolitics.fr","url":"https:\/\/www.geopolitics.fr\/","logo":{"@type":"ImageObject","inLanguage":"en-GB","@id":"https:\/\/www.geopolitics.fr\/#\/schema\/logo\/image\/","url":"https:\/\/www.geopolitics.fr\/wp-content\/uploads\/2024\/01\/logo.jpg","contentUrl":"https:\/\/www.geopolitics.fr\/wp-content\/uploads\/2024\/01\/logo.jpg","width":500,"height":500,"caption":"Geopolitics.fr"},"image":{"@id":"https:\/\/www.geopolitics.fr\/#\/schema\/logo\/image\/"},"sameAs":["https:\/\/www.facebook.com\/people\/Erwan-Davoux\/61557098968092\/","https:\/\/x.com\/Geopolitics_Fr"]},{"@type":"Person","@id":"https:\/\/www.geopolitics.fr\/#\/schema\/person\/2b73b2101df6ed1877dcb227a0be4a5d","name":"Valerie Morales Attias","image":{"@type":"ImageObject","inLanguage":"en-GB","@id":"https:\/\/www.geopolitics.fr\/wp-content\/uploads\/2024\/04\/cropped-valerie-mora-96x96.jpg","url":"https:\/\/www.geopolitics.fr\/wp-content\/uploads\/2024\/04\/cropped-valerie-mora-96x96.jpg","contentUrl":"https:\/\/www.geopolitics.fr\/wp-content\/uploads\/2024\/04\/cropped-valerie-mora-96x96.jpg","caption":"Valerie Morales Attias"},"description":"N\u00e9e \u00e0 Oran, elle est journaliste et \u00e9crivain. Enseignante \u00e0 l'Ecole Sup\u00e9rieure de Journalisme de Paris - Ex Directrice g\u00e9n\u00e9rale de Luxe Radio \u00e0 Casablanca. - Elle est l'auteur de plusieurs romans publi\u00e9s au Maroc, en France et en Belgique, ainsi que d'un essai sur le Royaume du Maroc, publi\u00e9 en France aux Editions Descartes.","url":"https:\/\/www.geopolitics.fr\/en\/author\/valerie-morales-attias\/"}]}},"_links":{"self":[{"href":"https:\/\/www.geopolitics.fr\/en\/wp-json\/wp\/v2\/posts\/2322","targetHints":{"allow":["GET"]}}],"collection":[{"href":"https:\/\/www.geopolitics.fr\/en\/wp-json\/wp\/v2\/posts"}],"about":[{"href":"https:\/\/www.geopolitics.fr\/en\/wp-json\/wp\/v2\/types\/post"}],"author":[{"embeddable":true,"href":"https:\/\/www.geopolitics.fr\/en\/wp-json\/wp\/v2\/users\/14"}],"replies":[{"embeddable":true,"href":"https:\/\/www.geopolitics.fr\/en\/wp-json\/wp\/v2\/comments?post=2322"}],"version-history":[{"count":0,"href":"https:\/\/www.geopolitics.fr\/en\/wp-json\/wp\/v2\/posts\/2322\/revisions"}],"wp:featuredmedia":[{"embeddable":true,"href":"https:\/\/www.geopolitics.fr\/en\/wp-json\/wp\/v2\/media\/2323"}],"wp:attachment":[{"href":"https:\/\/www.geopolitics.fr\/en\/wp-json\/wp\/v2\/media?parent=2322"}],"wp:term":[{"taxonomy":"category","embeddable":true,"href":"https:\/\/www.geopolitics.fr\/en\/wp-json\/wp\/v2\/categories?post=2322"},{"taxonomy":"post_tag","embeddable":true,"href":"https:\/\/www.geopolitics.fr\/en\/wp-json\/wp\/v2\/tags?post=2322"}],"curies":[{"name":"wp","href":"https:\/\/api.w.org\/{rel}","templated":true}]}}