{"id":2317,"date":"2024-02-27T19:00:00","date_gmt":"2024-02-27T18:00:00","guid":{"rendered":"https:\/\/www.geopolitics.fr\/?p=2317"},"modified":"2024-06-03T18:35:13","modified_gmt":"2024-06-03T16:35:13","slug":"le-conflit-israelo-palestinien-met-en-lumiere-plusieurs-fractures-porteuses-de-tous-les-dangers","status":"publish","type":"post","link":"https:\/\/www.geopolitics.fr\/en\/2024\/02\/27\/le-conflit-israelo-palestinien-met-en-lumiere-plusieurs-fractures-porteuses-de-tous-les-dangers\/","title":{"rendered":"Le conflit isra\u00e9lo-palestinien met en lumi\u00e8re plusieurs fractures porteuses de dangers."},"content":{"rendered":"<p class=\"wp-block-paragraph\"><em>Erwan DAVOUX, ancien charg\u00e9 de mission \u00e0 la Pr\u00e9sidence de la R\u00e9publique, a conseill\u00e9 de nombreuses personnalit\u00e9s politiques de droite \u00e0 l&rsquo;international.<\/em><\/p>\n\n\n\n<h1 class=\"wp-block-heading has-medium-font-size\" id=\"h-la-guerre-asymetrique-a-gaza-dans-laquelle-le-nombre-de-civils-tues-est-effroyable-a-revele-de-multiples-fractures-qu-il-sera-tres-difficile-de-resorber\"><strong>La guerre asym\u00e9trique \u00e0 Gaza dans laquelle le nombre de civils tu\u00e9s est effroyable a r\u00e9v\u00e9l\u00e9 de multiples fractures qu\u2019il sera tr\u00e8s difficile de r\u00e9sorber.<\/strong><\/h1>\n\n\n\n<p class=\"has-medium-font-size wp-block-paragraph\"><em><strong>La premi\u00e8re fracture vient accentuer significativement celle d\u00e9j\u00e0 existant entre gouvernants et gouvern\u00e9s<\/strong>.<\/em><\/p>\n\n\n\n<p class=\"has-medium-font-size wp-block-paragraph\">En effet, Isra\u00ebl a largement gagn\u00e9 la bataille de la communication aupr\u00e8s des dirigeants politiques et \u00e9conomiques. Plusieurs mois de violation du droit international et humanitaire, des massacres ou m\u00eame un g\u00e9nocide jug\u00e9 suffisamment plausible pour que la Cour Internationale de Justice ordonne, le 26 janvier, de prendre des mesures conservatoires pour le pr\u00e9venir, sans que la communaut\u00e9 internationale n\u2019exerce la moindre pression efficace sur Netanyahou. La fracture est immense avec les peuples du monde entier. Eux, ont fait entendre fortement leur voix et apporter leur soutien aux Palestiniens lors de manifestations impressionnantes, notamment \u00e0 Londres. Ce combat des Palestiniens en faveur de la cr\u00e9ation de leur Etat fait \u00e9cho aux combats que tous les peuples ont men\u00e9 dans un pass\u00e9 plus ou moins lointain qu\u2019il s\u2019agisse de la cr\u00e9ation de la nation, de la lib\u00e9ration du joug colonial, de la souverainet\u00e9 retrouv\u00e9e apr\u00e8s une domination imp\u00e9riale. La cause palestinienne appara\u00eet juste et la politique isra\u00e9lienne de domination, de violence, de colonisation, totalement anachronique. Cette cassure entre gouvernant et gouvern\u00e9s est partout vivace&nbsp;: aux Etats-Unis, en Europe et plus encore, peut-\u00eatre, dans le monde arabe.<\/p>\n\n\n\n<p class=\"has-medium-font-size wp-block-paragraph\"><strong><em>La deuxi\u00e8me cassure est bien \u00e9videmment celle entre les Etats du Nord et ceux du Sud.&nbsp;<\/em><\/strong><\/p>\n\n\n\n<p class=\"has-medium-font-size wp-block-paragraph\">En effet, tandis que les premiers ont globalement laiss\u00e9 faire Isra\u00ebl, les seconds, emmen\u00e9s par l\u2019Afrique du Sud ont brandi le respect du droit international et du droit humanitaire afin de s\u2019opposer et condamner des repr\u00e9sailles totalement disproportionn\u00e9es. Les propos tonitruants tenus par le Pr\u00e9sident br\u00e9silien Lula, le 19 f\u00e9vrier, accusant Isra\u00ebl de commettre un g\u00e9nocide et comparant l\u2019action isra\u00e9lienne \u00e0 l\u2019extermination des Juifs par les nazis sont venus renforce cette impression de ressenti diam\u00e9tralement oppos\u00e9.<\/p>\n\n\n\n<p class=\"has-medium-font-size wp-block-paragraph\">Les pays du Nord, eux, ont fait comme si l\u2019attaque terroriste du 7 octobre justifiait tout, le Sud a rappel\u00e9 que ce conflit n\u2019avait pas d\u00e9but\u00e9 le 7 octobre et que les vies humaines se valaient. Comme l\u2019expose l\u2019excellente tribune de l\u2019archev\u00eaque d\u2019Alger, Mgr Vesco, \u00ab&nbsp;si la violence barbare Du Hamas est sans excuses, elle n\u2019est pas sans causes&nbsp;\u00bb (\u00ab&nbsp;La Croix 16 octobre 2023&nbsp;\u00bb). L\u2019occupation, la colonisation, la violence et les brimades quotidiennes, le sentiment d\u2019\u00eatre un \u00eatre humain de seconde zone sans avenir&nbsp;: tous les pays du Sud ont pris la mesure de la situation humainement abominable des Palestiniens quand ceux du nord se contentent de communiqu\u00e9s st\u00e9riles en boucle, les m\u00eames depuis des ann\u00e9es, pour condamner la colonisation. Le Sud a pris l\u2019ascendant \u00e0 la Cour Internationale de Justice (CIJ) car la d\u00e9cision du 26 janvier est indiscutablement un coup de tonnerre&nbsp;: l\u2019Etat dirig\u00e9 par les descendants des rescap\u00e9s de la Shoah serait potentiellement \u00e0 l\u2019origine d\u2019un g\u00e9nocide. Cette position fait fr\u00e9mir les dirigeants occidentaux. De ceux qui ont toujours soutenu la fuite en avant de Netanyahou \u00e0 ceux qui vendent des armes \u00e0 Isra\u00ebl, la complicit\u00e9 dans ce plausible g\u00e9nocide risque d\u2019\u00eatre \u00e9tablie.<\/p>\n\n\n\n<p class=\"has-medium-font-size wp-block-paragraph\"><em><strong>La troisi\u00e8me fracture est intra-europ\u00e9enne<\/strong>.<\/em><\/p>\n\n\n\n<p class=\"has-medium-font-size wp-block-paragraph\">O\u00f9 est pass\u00e9e la France gaullienne, celle qui avait une politique \u00e9trang\u00e8re ind\u00e9pendante et qui jouait naturellement un r\u00f4le de m\u00e9diation entre le Nord et le Sud&nbsp;? Ou sont les gaullistes h\u00e9ritiers de \u00ab&nbsp;la seule querelle qui vaille est celle de l\u2019homme&nbsp;\u00bb, de la d\u00e9colonisation et du discours de Phnom-Penh&nbsp;(1966) ? Depuis 2012, la France a opt\u00e9 pour un alignement inconditionnel sur Isra\u00ebl et m\u00eame, plus pr\u00e9cis\u00e9ment, sur Netanyahou.&nbsp; Quant \u00e0 L\u2019Allemagne, elle est un fervent supporter de la politique du gouvernement d\u2019extr\u00eame droite isra\u00e9lien pensant ainsi se racheter une conscience alors qu\u2019en r\u00e9alit\u00e9, elle ne fait que soutenir un massacre ou un possible g\u00e9nocide en cours. Le tout en tentant d\u2019enrayer la mont\u00e9e en puissance de l\u2019extr\u00eame droite d\u00e9nonc\u00e9e comme un mal absolu sur son sol mais tr\u00e8s fr\u00e9quentable \u00e0 Tel Aviv. La face sombre. Mais l\u2019Europe humaniste bouge toujours, gr\u00e2ce notamment \u00e0 l\u2019Espagnol Pedro Sanchez, aux gouvernements belges et irlandais et aux positions de Joseph Borell.<\/p>\n\n\n\n<p class=\"has-medium-font-size wp-block-paragraph\"><strong><em>La quatri\u00e8me fracture est sp\u00e9cifique \u00e0 la France et notre pays se trouve dans une situation unique en Europe de ce point de vue.<\/em><\/strong><\/p>\n\n\n\n<p class=\"has-medium-font-size wp-block-paragraph\">Aujourd\u2019hui, il existe de multiples preuves que de nombreux binationaux franco-isra\u00e9lien ont particip\u00e9 et participent aux combats \u00e0 Gaza, se sont habitu\u00e9s au maniement d\u2019armes et \u00e0 les utiliser contre des civils. Certains le font avec enthousiasme \u00ab&nbsp;on va les massacrer\u00bb!&nbsp;lance un homme en Fran\u00e7ais \u00e0 bord d\u2019un char (dans une vid\u00e9o devenue virale sur X). Que faire de ces fran\u00e7ais s\u2019ils souhaitaient revenir en France&nbsp;? Et dans l\u2019hypoth\u00e8se o\u00f9 le g\u00e9nocide venait \u00e0 \u00eatre \u00e9tabli par la CIJ que ferait-on de ces milliers de Fran\u00e7ais qui y ont particip\u00e9&nbsp;?<\/p>\n\n\n\n<p class=\"has-medium-font-size wp-block-paragraph\">Alors que s\u00e9vit une nouvelle forme d\u2019antis\u00e9mitisme, d\u2019origine islamiste-djihadiste, qui ne vise pas seulement les Juifs mais aussi les Chr\u00e9tiens et les Musulmans qui n\u2019acceptent pas de se soumettre aux r\u00e8gles qu\u2019il pr\u00e9tend imposer, la rencontre entre ces deux communaut\u00e9s en marge de la R\u00e9publique devient un cocktail explosif. Cet islam radical qui sape les fondements de la d\u00e9mocratie et les instrumentalise,&nbsp;les Etats europ\u00e9ens ont fait preuve d\u2019une na\u00efvet\u00e9 coupable en le laissant prosp\u00e9rer, le \u00ab&nbsp;Londonistan&nbsp;\u00bb des ann\u00e9es 1990 et ses diff\u00e9rents avatars europ\u00e9ens constituent la quintessence de cet aveuglement. C\u2019est bien en Europe que des jeunes en perdition se sont fanatis\u00e9s. C\u2019est bien d\u2019Europe qu\u2019ils sont partis accomplir le djihad \u00e0 travers le monde d\u00e8s qu\u2019un foyer propice s\u2019ouvrait. C\u2019est bien l\u2019Europe qui n\u2019a rien compris \u00e0 l\u2019id\u00e9ologie des Fr\u00e8res Musulmans, l\u2019assimilant \u00e0 la d\u00e9mocratie-chr\u00e9tienne.<\/p>\n\n\n\n<p class=\"has-medium-font-size wp-block-paragraph\"><strong>La soci\u00e9t\u00e9 fran\u00e7aise est prise entre deux maux, fractur\u00e9e. La coh\u00e9sion nationale est mise \u00e0 mal et nous avons des pompiers pyromanes au pouvoir<\/strong>.<em> <\/em>C\u2019est la r\u00e9duction de la communaut\u00e9s juive fran\u00e7aise \u00e0 l\u2019Etat d\u2019Isra\u00ebl qui est en partie responsable de l\u2019importation du conflit isra\u00e9lo-palestinien sur notre sol.&nbsp;La France ira au bout de cette confusion lorsqu\u2019Emmanuel Macron invitera Benjamin Netanyahu \u00e0 comm\u00e9morer la Rafle du Vel d\u2019Hiv, le 16 juillet 2017 (avant m\u00eame la loi de 2018&nbsp;faisant d\u2019Isra\u00ebl l\u2019Etat du peuple Juif). En effet, Emmanuel Macron faisait primer la qualit\u00e9 de \u00ab&nbsp;Juif&nbsp;\u00bb sur la nationalit\u00e9. &nbsp;Il prenait le contre-pied absolu de Jacques Chirac&nbsp;grand protecteur de la communaut\u00e9 juive fran\u00e7aise mais ne la confondant pas avec l\u2019Etat d\u2019Isra\u00ebl<strong>. <\/strong>L\u2019\u00e9pisode suicidaire de la c\u00e9l\u00e9bration de la f\u00eate de Hanouka \u00e0 l\u2019Elys\u00e9e, le 7 d\u00e9cembre aura fini de battre en br\u00e8che le concept de la\u00efcit\u00e9 de neutralit\u00e9 de l\u2019Etat et r\u00e9v\u00e9l\u00e9 pour beaucoup le choix d\u2019Emmanuel Macron tr\u00e8s clair en faveur d\u2019Isra\u00ebl.<\/p>\n\n\n\n<p class=\"has-medium-font-size wp-block-paragraph\"><strong>Pour couronner le tout, une s\u00e9rie de propos pol\u00e9miques sont venus renforcer ce parti pris, \u00ab ce \u00ab\u00a0deux poids, deux mesures\u00a0\u00bb de plus en plus insupportable.<\/strong> Ainsi, Fran\u00e7ois Hollande expliquera tranquillement que les victimes fran\u00e7aises de la Bande de Gaza ne pouvaient pr\u00e9tendre \u00e0 un hommage de m\u00eame nature que celles des attaques terroristes du 7 octobre. Enfin, les r\u00e9ticences de St\u00e9phane S\u00e9journ\u00e9 \u00e0 rendre un hommage aux agents consulaires fran\u00e7ais tu\u00e9s dans la bande Gaza est choquant. Morts au service de la France mais tomb\u00e9s dans les oubliettes de l\u2019Histoire ?<\/p>\n\n\n\n<p class=\"has-medium-font-size wp-block-paragraph\"><strong><em>Comment tenter de r\u00e9sorber ces fractures b\u00e9antes&nbsp;?<\/em><\/strong><\/p>\n\n\n\n<p class=\"has-medium-font-size wp-block-paragraph\">Le premier imp\u00e9ratif est de sortir du concept absurde du choc des civilisation, d\u2019Isra\u00ebl avant-garde de l\u2019Occident ou de la Chr\u00e9tient\u00e9 dans la lutte contre le terrorisme ou dans un conflit majeur \u00e0 venir.&nbsp; Cette grille de lecture est celle qu\u2019essaie d\u2019imposer Isra\u00ebl et ses d\u00e9fenseurs z\u00e9l\u00e9s en France. Le conflit isra\u00e9lo-palestinien n\u2019\u00e9tait pas une guerre de religion, c\u2019est un conflit nationaliste sur des terres disput\u00e9es. C\u2019est Isra\u00ebl qui a pris l\u2019initiative de donner une dimension religieuse et m\u00eame messianique \u00e0 ce conflit&nbsp;\u00e0 la fois parce que le gouvernement isra\u00e9lien actuel est soutenu par des parti ultrareligieux, mais bien avant, Isra\u00ebl a d\u00e9lib\u00e9r\u00e9ment favoris\u00e9 le Hamas&nbsp;et laiss\u00e9 faire son financement, pour affaiblir l\u2019Autorit\u00e9 Palestinienne. <strong>Le Hamas a \u00e9t\u00e9 l\u2019idiot utile de Netanyahou comme Netanyahou a \u00e9t\u00e9 l\u2019idiot utile du Hamas.<\/strong> Un objectif commun&nbsp;: rendre impossible la cr\u00e9ation d\u2019un Etat palestinien en transformant ce conflit en guerre de religion.<\/p>\n\n\n\n<p class=\"has-medium-font-size wp-block-paragraph\"><strong>La deuxi\u00e8me est de normaliser l\u2019appr\u00e9hension que l\u2019on peut avoir de l\u2019Etat d\u2019Isra\u00ebl comptable de ses actes comme tout autre Etat<\/strong>. L\u2019Holocauste est une trag\u00e9die qui marquera \u00e0 jamais la conscience de l\u2019humanit\u00e9. Il est venu d\u2019Europe et non du monde arabe.&nbsp;La Shoah ne justifie pas un traitement d\u00e9rogatoire accord\u00e9 \u00e0 l\u2019Etat d\u2019Isra\u00ebl par ceux qui ont provoqu\u00e9 le malheur des Juifs.&nbsp;<\/p>\n\n\n\n<p class=\"has-medium-font-size wp-block-paragraph\"><strong>La troisi\u00e8me est d\u2019en revenir aux fondamentaux de La R\u00e9publique<\/strong>&nbsp;: il n\u2019existe que des citoyens qui ont le droit d\u2019avoir (ou pas) une religion de leur choix qui ressort de la sph\u00e8re priv\u00e9e. Faire pr\u00e9valoir sa solidarit\u00e9 avec un Etat \u00e9tranger ou sa religion sur sa qualit\u00e9 de citoyen, revient \u00e0 se livrer \u00e0 du s\u00e9paratisme ou au mieux \u00e0 du communautarisme.<\/p>\n\n\n\n<p class=\"has-medium-font-size wp-block-paragraph\"><strong>Enfin, la France et l\u2019Europe en g\u00e9n\u00e9ral, doivent renouer avec leurs valeurs fondatrices. <\/strong>Hi\u00e9rarchiser les vies humaines en fonction d\u2019une nationalit\u00e9 ou d\u2019une religion, c\u2019est condamner les fondements d\u00e9mocratiques d\u2019un projet europ\u00e9en d\u00e9j\u00e0 fort mal en point.<\/p>","protected":false},"excerpt":{"rendered":"<p>Erwan DAVOUX, ancien charg\u00e9 de mission \u00e0 la Pr\u00e9sidence de la R\u00e9publique, a conseill\u00e9 de nombreuses personnalit\u00e9s politiques de droite \u00e0 l&rsquo;international.&hellip;<\/p>","protected":false},"author":16,"featured_media":2319,"comment_status":"open","ping_status":"open","sticky":false,"template":"","format":"standard","meta":{"_lmt_disableupdate":"","_lmt_disable":"","footnotes":""},"categories":[5],"tags":[],"class_list":["post-2317","post","type-post","status-publish","format-standard","has-post-thumbnail","hentry","category-international"],"yoast_head":"<!-- This site is optimized with the Yoast SEO Premium plugin v28.1 (Yoast SEO v28.1) - https:\/\/yoast.com\/product\/yoast-seo-premium-wordpress\/ -->\n<title>Le conflit isra\u00e9lo-palestinien met en lumi\u00e8re plusieurs fractures porteuses de dangers. | Geopolitics.fr<\/title>\n<meta name=\"robots\" content=\"index, follow, max-snippet:-1, max-image-preview:large, max-video-preview:-1\" \/>\n<link rel=\"canonical\" href=\"https:\/\/www.geopolitics.fr\/en\/2024\/02\/27\/le-conflit-israelo-palestinien-met-en-lumiere-plusieurs-fractures-porteuses-de-tous-les-dangers\/\" \/>\n<meta property=\"og:locale\" content=\"en_GB\" \/>\n<meta property=\"og:type\" content=\"article\" \/>\n<meta property=\"og:title\" content=\"Le conflit isra\u00e9lo-palestinien met en lumi\u00e8re plusieurs fractures porteuses de dangers.\" \/>\n<meta property=\"og:description\" content=\"Erwan DAVOUX, ancien charg\u00e9 de mission \u00e0 la Pr\u00e9sidence de la R\u00e9publique, a conseill\u00e9 de nombreuses personnalit\u00e9s politiques de droite \u00e0 l&rsquo;international.&hellip;\" \/>\n<meta property=\"og:url\" content=\"https:\/\/www.geopolitics.fr\/en\/2024\/02\/27\/le-conflit-israelo-palestinien-met-en-lumiere-plusieurs-fractures-porteuses-de-tous-les-dangers\/\" \/>\n<meta property=\"og:site_name\" content=\"Geopolitics.fr\" \/>\n<meta property=\"article:publisher\" content=\"https:\/\/www.facebook.com\/people\/Erwan-Davoux\/61557098968092\/\" \/>\n<meta property=\"article:author\" content=\"Erwan Davoux\" \/>\n<meta property=\"article:published_time\" content=\"2024-02-27T18:00:00+00:00\" \/>\n<meta property=\"article:modified_time\" content=\"2024-06-03T16:35:13+00:00\" \/>\n<meta property=\"og:image\" content=\"https:\/\/www.geopolitics.fr\/wp-content\/uploads\/2024\/02\/GAZA-3-scaled.jpg\" \/>\n\t<meta property=\"og:image:width\" content=\"1920\" \/>\n\t<meta property=\"og:image:height\" content=\"1280\" \/>\n\t<meta property=\"og:image:type\" content=\"image\/jpeg\" \/>\n<meta name=\"author\" content=\"Erwan Davoux\" \/>\n<meta name=\"twitter:card\" content=\"summary_large_image\" \/>\n<meta name=\"twitter:creator\" content=\"@erwandavoux @Geo_politicsfr\" \/>\n<meta name=\"twitter:site\" content=\"@Geopolitics_Fr\" \/>\n<meta name=\"twitter:label1\" content=\"Written by\" \/>\n\t<meta name=\"twitter:data1\" content=\"Erwan Davoux\" \/>\n\t<meta name=\"twitter:label2\" content=\"Estimated reading time\" \/>\n\t<meta name=\"twitter:data2\" content=\"8 minutes\" \/>\n<script type=\"application\/ld+json\" class=\"yoast-schema-graph\">{\"@context\":\"https:\\\/\\\/schema.org\",\"@graph\":[{\"@type\":\"Article\",\"@id\":\"https:\\\/\\\/www.geopolitics.fr\\\/2024\\\/02\\\/27\\\/le-conflit-israelo-palestinien-met-en-lumiere-plusieurs-fractures-porteuses-de-tous-les-dangers\\\/#article\",\"isPartOf\":{\"@id\":\"https:\\\/\\\/www.geopolitics.fr\\\/2024\\\/02\\\/27\\\/le-conflit-israelo-palestinien-met-en-lumiere-plusieurs-fractures-porteuses-de-tous-les-dangers\\\/\"},\"author\":{\"name\":\"Erwan Davoux\",\"@id\":\"https:\\\/\\\/www.geopolitics.fr\\\/#\\\/schema\\\/person\\\/a487273e91313e368925717400fa1b11\"},\"headline\":\"Le conflit isra\u00e9lo-palestinien met en lumi\u00e8re plusieurs fractures porteuses de dangers.\",\"datePublished\":\"2024-02-27T18:00:00+00:00\",\"dateModified\":\"2024-06-03T16:35:13+00:00\",\"mainEntityOfPage\":{\"@id\":\"https:\\\/\\\/www.geopolitics.fr\\\/2024\\\/02\\\/27\\\/le-conflit-israelo-palestinien-met-en-lumiere-plusieurs-fractures-porteuses-de-tous-les-dangers\\\/\"},\"wordCount\":1793,\"commentCount\":0,\"publisher\":{\"@id\":\"https:\\\/\\\/www.geopolitics.fr\\\/#organization\"},\"image\":{\"@id\":\"https:\\\/\\\/www.geopolitics.fr\\\/2024\\\/02\\\/27\\\/le-conflit-israelo-palestinien-met-en-lumiere-plusieurs-fractures-porteuses-de-tous-les-dangers\\\/#primaryimage\"},\"thumbnailUrl\":\"https:\\\/\\\/www.geopolitics.fr\\\/wp-content\\\/uploads\\\/2024\\\/02\\\/GAZA-3-scaled.jpg\",\"articleSection\":[\"International\"],\"inLanguage\":\"en-GB\"},{\"@type\":\"WebPage\",\"@id\":\"https:\\\/\\\/www.geopolitics.fr\\\/2024\\\/02\\\/27\\\/le-conflit-israelo-palestinien-met-en-lumiere-plusieurs-fractures-porteuses-de-tous-les-dangers\\\/\",\"url\":\"https:\\\/\\\/www.geopolitics.fr\\\/2024\\\/02\\\/27\\\/le-conflit-israelo-palestinien-met-en-lumiere-plusieurs-fractures-porteuses-de-tous-les-dangers\\\/\",\"name\":\"Le conflit isra\u00e9lo-palestinien met en lumi\u00e8re plusieurs fractures porteuses de dangers. | Geopolitics.fr\",\"isPartOf\":{\"@id\":\"https:\\\/\\\/www.geopolitics.fr\\\/#website\"},\"primaryImageOfPage\":{\"@id\":\"https:\\\/\\\/www.geopolitics.fr\\\/2024\\\/02\\\/27\\\/le-conflit-israelo-palestinien-met-en-lumiere-plusieurs-fractures-porteuses-de-tous-les-dangers\\\/#primaryimage\"},\"image\":{\"@id\":\"https:\\\/\\\/www.geopolitics.fr\\\/2024\\\/02\\\/27\\\/le-conflit-israelo-palestinien-met-en-lumiere-plusieurs-fractures-porteuses-de-tous-les-dangers\\\/#primaryimage\"},\"thumbnailUrl\":\"https:\\\/\\\/www.geopolitics.fr\\\/wp-content\\\/uploads\\\/2024\\\/02\\\/GAZA-3-scaled.jpg\",\"datePublished\":\"2024-02-27T18:00:00+00:00\",\"dateModified\":\"2024-06-03T16:35:13+00:00\",\"breadcrumb\":{\"@id\":\"https:\\\/\\\/www.geopolitics.fr\\\/2024\\\/02\\\/27\\\/le-conflit-israelo-palestinien-met-en-lumiere-plusieurs-fractures-porteuses-de-tous-les-dangers\\\/#breadcrumb\"},\"inLanguage\":\"en-GB\",\"potentialAction\":[{\"@type\":\"ReadAction\",\"target\":[\"https:\\\/\\\/www.geopolitics.fr\\\/2024\\\/02\\\/27\\\/le-conflit-israelo-palestinien-met-en-lumiere-plusieurs-fractures-porteuses-de-tous-les-dangers\\\/\"]}]},{\"@type\":\"ImageObject\",\"inLanguage\":\"en-GB\",\"@id\":\"https:\\\/\\\/www.geopolitics.fr\\\/2024\\\/02\\\/27\\\/le-conflit-israelo-palestinien-met-en-lumiere-plusieurs-fractures-porteuses-de-tous-les-dangers\\\/#primaryimage\",\"url\":\"https:\\\/\\\/www.geopolitics.fr\\\/wp-content\\\/uploads\\\/2024\\\/02\\\/GAZA-3-scaled.jpg\",\"contentUrl\":\"https:\\\/\\\/www.geopolitics.fr\\\/wp-content\\\/uploads\\\/2024\\\/02\\\/GAZA-3-scaled.jpg\",\"width\":1920,\"height\":1280},{\"@type\":\"BreadcrumbList\",\"@id\":\"https:\\\/\\\/www.geopolitics.fr\\\/2024\\\/02\\\/27\\\/le-conflit-israelo-palestinien-met-en-lumiere-plusieurs-fractures-porteuses-de-tous-les-dangers\\\/#breadcrumb\",\"itemListElement\":[{\"@type\":\"ListItem\",\"position\":1,\"name\":\"Accueil\",\"item\":\"https:\\\/\\\/www.geopolitics.fr\\\/\"},{\"@type\":\"ListItem\",\"position\":2,\"name\":\"Le conflit isra\u00e9lo-palestinien met en lumi\u00e8re plusieurs fractures porteuses de dangers.\"}]},{\"@type\":\"WebSite\",\"@id\":\"https:\\\/\\\/www.geopolitics.fr\\\/#website\",\"url\":\"https:\\\/\\\/www.geopolitics.fr\\\/\",\"name\":\"Geopolitics.fr\",\"description\":\"Geopolitics.fr Analyse politique, relations internationales, d\u00e9fense - ligne \u00e9ditoriale gaullo-chiraquienne\",\"publisher\":{\"@id\":\"https:\\\/\\\/www.geopolitics.fr\\\/#organization\"},\"potentialAction\":[{\"@type\":\"SearchAction\",\"target\":{\"@type\":\"EntryPoint\",\"urlTemplate\":\"https:\\\/\\\/www.geopolitics.fr\\\/?s={search_term_string}\"},\"query-input\":{\"@type\":\"PropertyValueSpecification\",\"valueRequired\":true,\"valueName\":\"search_term_string\"}}],\"inLanguage\":\"en-GB\"},{\"@type\":\"Organization\",\"@id\":\"https:\\\/\\\/www.geopolitics.fr\\\/#organization\",\"name\":\"Geopolitics.fr\",\"url\":\"https:\\\/\\\/www.geopolitics.fr\\\/\",\"logo\":{\"@type\":\"ImageObject\",\"inLanguage\":\"en-GB\",\"@id\":\"https:\\\/\\\/www.geopolitics.fr\\\/#\\\/schema\\\/logo\\\/image\\\/\",\"url\":\"https:\\\/\\\/www.geopolitics.fr\\\/wp-content\\\/uploads\\\/2024\\\/01\\\/logo.jpg\",\"contentUrl\":\"https:\\\/\\\/www.geopolitics.fr\\\/wp-content\\\/uploads\\\/2024\\\/01\\\/logo.jpg\",\"width\":500,\"height\":500,\"caption\":\"Geopolitics.fr\"},\"image\":{\"@id\":\"https:\\\/\\\/www.geopolitics.fr\\\/#\\\/schema\\\/logo\\\/image\\\/\"},\"sameAs\":[\"https:\\\/\\\/www.facebook.com\\\/people\\\/Erwan-Davoux\\\/61557098968092\\\/\",\"https:\\\/\\\/x.com\\\/Geopolitics_Fr\"]},{\"@type\":\"Person\",\"@id\":\"https:\\\/\\\/www.geopolitics.fr\\\/#\\\/schema\\\/person\\\/a487273e91313e368925717400fa1b11\",\"name\":\"Erwan Davoux\",\"image\":{\"@type\":\"ImageObject\",\"inLanguage\":\"en-GB\",\"@id\":\"https:\\\/\\\/www.geopolitics.fr\\\/wp-content\\\/uploads\\\/2026\\\/05\\\/moi-96x96.jpg\",\"url\":\"https:\\\/\\\/www.geopolitics.fr\\\/wp-content\\\/uploads\\\/2026\\\/05\\\/moi-96x96.jpg\",\"contentUrl\":\"https:\\\/\\\/www.geopolitics.fr\\\/wp-content\\\/uploads\\\/2026\\\/05\\\/moi-96x96.jpg\",\"caption\":\"Erwan Davoux\"},\"description\":\"Erwan DAVOUX est Pr\u00e9sident de LMD CONSEIL, (conseil strat\u00e9gique, intelligence \u00e9conomique, risque g\u00e9opolitique, influence politique, diplomatie \u00e9conomique). Dipl\u00f4m\u00e9 de l'IEP de Paris et de l'INALCO (d\u00e9partement d'\u00e9tudes arabes), il est directeur de la publication de geopolitics.fr. Ancien fonctionnaire au Minist\u00e8re de l'Int\u00e9rieur et de la D\u00e9fense (DGSE) Ancien charg\u00e9 de Mission \u00e0 la Pr\u00e9sidence de la R\u00e9publique (cellule diplomatique) Conseil de nombreuses personnalit\u00e9s politiques \u00e0 l'International (dont deux anciens Premiers ministres).\",\"sameAs\":[\"Erwan Davoux\",\"@erwandavoux\",\"https:\\\/\\\/www.linkedin.com\\\/in\\\/erwan-davoux-6800b289\\\/\",\"https:\\\/\\\/x.com\\\/@erwandavoux @Geo_politicsfr\"],\"url\":\"https:\\\/\\\/www.geopolitics.fr\\\/en\\\/author\\\/erwan-davoux\\\/\"}]}<\/script>\n<!-- \/ Yoast SEO Premium plugin. -->","yoast_head_json":{"title":"Le conflit isra\u00e9lo-palestinien met en lumi\u00e8re plusieurs fractures porteuses de dangers. | Geopolitics.fr","robots":{"index":"index","follow":"follow","max-snippet":"max-snippet:-1","max-image-preview":"max-image-preview:large","max-video-preview":"max-video-preview:-1"},"canonical":"https:\/\/www.geopolitics.fr\/en\/2024\/02\/27\/le-conflit-israelo-palestinien-met-en-lumiere-plusieurs-fractures-porteuses-de-tous-les-dangers\/","og_locale":"en_GB","og_type":"article","og_title":"Le conflit isra\u00e9lo-palestinien met en lumi\u00e8re plusieurs fractures porteuses de dangers.","og_description":"Erwan DAVOUX, ancien charg\u00e9 de mission \u00e0 la Pr\u00e9sidence de la R\u00e9publique, a conseill\u00e9 de nombreuses personnalit\u00e9s politiques de droite \u00e0 l&rsquo;international.&hellip;","og_url":"https:\/\/www.geopolitics.fr\/en\/2024\/02\/27\/le-conflit-israelo-palestinien-met-en-lumiere-plusieurs-fractures-porteuses-de-tous-les-dangers\/","og_site_name":"Geopolitics.fr","article_publisher":"https:\/\/www.facebook.com\/people\/Erwan-Davoux\/61557098968092\/","article_author":"Erwan Davoux","article_published_time":"2024-02-27T18:00:00+00:00","article_modified_time":"2024-06-03T16:35:13+00:00","og_image":[{"width":1920,"height":1280,"url":"https:\/\/www.geopolitics.fr\/wp-content\/uploads\/2024\/02\/GAZA-3-scaled.jpg","type":"image\/jpeg"}],"author":"Erwan Davoux","twitter_card":"summary_large_image","twitter_creator":"@erwandavoux @Geo_politicsfr","twitter_site":"@Geopolitics_Fr","twitter_misc":{"Written by":"Erwan Davoux","Estimated reading time":"8 minutes"},"schema":{"@context":"https:\/\/schema.org","@graph":[{"@type":"Article","@id":"https:\/\/www.geopolitics.fr\/2024\/02\/27\/le-conflit-israelo-palestinien-met-en-lumiere-plusieurs-fractures-porteuses-de-tous-les-dangers\/#article","isPartOf":{"@id":"https:\/\/www.geopolitics.fr\/2024\/02\/27\/le-conflit-israelo-palestinien-met-en-lumiere-plusieurs-fractures-porteuses-de-tous-les-dangers\/"},"author":{"name":"Erwan Davoux","@id":"https:\/\/www.geopolitics.fr\/#\/schema\/person\/a487273e91313e368925717400fa1b11"},"headline":"Le conflit isra\u00e9lo-palestinien met en lumi\u00e8re plusieurs fractures porteuses de dangers.","datePublished":"2024-02-27T18:00:00+00:00","dateModified":"2024-06-03T16:35:13+00:00","mainEntityOfPage":{"@id":"https:\/\/www.geopolitics.fr\/2024\/02\/27\/le-conflit-israelo-palestinien-met-en-lumiere-plusieurs-fractures-porteuses-de-tous-les-dangers\/"},"wordCount":1793,"commentCount":0,"publisher":{"@id":"https:\/\/www.geopolitics.fr\/#organization"},"image":{"@id":"https:\/\/www.geopolitics.fr\/2024\/02\/27\/le-conflit-israelo-palestinien-met-en-lumiere-plusieurs-fractures-porteuses-de-tous-les-dangers\/#primaryimage"},"thumbnailUrl":"https:\/\/www.geopolitics.fr\/wp-content\/uploads\/2024\/02\/GAZA-3-scaled.jpg","articleSection":["International"],"inLanguage":"en-GB"},{"@type":"WebPage","@id":"https:\/\/www.geopolitics.fr\/2024\/02\/27\/le-conflit-israelo-palestinien-met-en-lumiere-plusieurs-fractures-porteuses-de-tous-les-dangers\/","url":"https:\/\/www.geopolitics.fr\/2024\/02\/27\/le-conflit-israelo-palestinien-met-en-lumiere-plusieurs-fractures-porteuses-de-tous-les-dangers\/","name":"Le conflit isra\u00e9lo-palestinien met en lumi\u00e8re plusieurs fractures porteuses de dangers. | Geopolitics.fr","isPartOf":{"@id":"https:\/\/www.geopolitics.fr\/#website"},"primaryImageOfPage":{"@id":"https:\/\/www.geopolitics.fr\/2024\/02\/27\/le-conflit-israelo-palestinien-met-en-lumiere-plusieurs-fractures-porteuses-de-tous-les-dangers\/#primaryimage"},"image":{"@id":"https:\/\/www.geopolitics.fr\/2024\/02\/27\/le-conflit-israelo-palestinien-met-en-lumiere-plusieurs-fractures-porteuses-de-tous-les-dangers\/#primaryimage"},"thumbnailUrl":"https:\/\/www.geopolitics.fr\/wp-content\/uploads\/2024\/02\/GAZA-3-scaled.jpg","datePublished":"2024-02-27T18:00:00+00:00","dateModified":"2024-06-03T16:35:13+00:00","breadcrumb":{"@id":"https:\/\/www.geopolitics.fr\/2024\/02\/27\/le-conflit-israelo-palestinien-met-en-lumiere-plusieurs-fractures-porteuses-de-tous-les-dangers\/#breadcrumb"},"inLanguage":"en-GB","potentialAction":[{"@type":"ReadAction","target":["https:\/\/www.geopolitics.fr\/2024\/02\/27\/le-conflit-israelo-palestinien-met-en-lumiere-plusieurs-fractures-porteuses-de-tous-les-dangers\/"]}]},{"@type":"ImageObject","inLanguage":"en-GB","@id":"https:\/\/www.geopolitics.fr\/2024\/02\/27\/le-conflit-israelo-palestinien-met-en-lumiere-plusieurs-fractures-porteuses-de-tous-les-dangers\/#primaryimage","url":"https:\/\/www.geopolitics.fr\/wp-content\/uploads\/2024\/02\/GAZA-3-scaled.jpg","contentUrl":"https:\/\/www.geopolitics.fr\/wp-content\/uploads\/2024\/02\/GAZA-3-scaled.jpg","width":1920,"height":1280},{"@type":"BreadcrumbList","@id":"https:\/\/www.geopolitics.fr\/2024\/02\/27\/le-conflit-israelo-palestinien-met-en-lumiere-plusieurs-fractures-porteuses-de-tous-les-dangers\/#breadcrumb","itemListElement":[{"@type":"ListItem","position":1,"name":"Accueil","item":"https:\/\/www.geopolitics.fr\/"},{"@type":"ListItem","position":2,"name":"Le conflit isra\u00e9lo-palestinien met en lumi\u00e8re plusieurs fractures porteuses de dangers."}]},{"@type":"WebSite","@id":"https:\/\/www.geopolitics.fr\/#website","url":"https:\/\/www.geopolitics.fr\/","name":"Geopolitics.fr","description":"Geopolitics.fr Analyse politique, relations internationales, d\u00e9fense - ligne \u00e9ditoriale gaullo-chiraquienne","publisher":{"@id":"https:\/\/www.geopolitics.fr\/#organization"},"potentialAction":[{"@type":"SearchAction","target":{"@type":"EntryPoint","urlTemplate":"https:\/\/www.geopolitics.fr\/?s={search_term_string}"},"query-input":{"@type":"PropertyValueSpecification","valueRequired":true,"valueName":"search_term_string"}}],"inLanguage":"en-GB"},{"@type":"Organization","@id":"https:\/\/www.geopolitics.fr\/#organization","name":"Geopolitics.fr","url":"https:\/\/www.geopolitics.fr\/","logo":{"@type":"ImageObject","inLanguage":"en-GB","@id":"https:\/\/www.geopolitics.fr\/#\/schema\/logo\/image\/","url":"https:\/\/www.geopolitics.fr\/wp-content\/uploads\/2024\/01\/logo.jpg","contentUrl":"https:\/\/www.geopolitics.fr\/wp-content\/uploads\/2024\/01\/logo.jpg","width":500,"height":500,"caption":"Geopolitics.fr"},"image":{"@id":"https:\/\/www.geopolitics.fr\/#\/schema\/logo\/image\/"},"sameAs":["https:\/\/www.facebook.com\/people\/Erwan-Davoux\/61557098968092\/","https:\/\/x.com\/Geopolitics_Fr"]},{"@type":"Person","@id":"https:\/\/www.geopolitics.fr\/#\/schema\/person\/a487273e91313e368925717400fa1b11","name":"Erwan Davoux","image":{"@type":"ImageObject","inLanguage":"en-GB","@id":"https:\/\/www.geopolitics.fr\/wp-content\/uploads\/2026\/05\/moi-96x96.jpg","url":"https:\/\/www.geopolitics.fr\/wp-content\/uploads\/2026\/05\/moi-96x96.jpg","contentUrl":"https:\/\/www.geopolitics.fr\/wp-content\/uploads\/2026\/05\/moi-96x96.jpg","caption":"Erwan Davoux"},"description":"Erwan DAVOUX est Pr\u00e9sident de LMD CONSEIL, (conseil strat\u00e9gique, intelligence \u00e9conomique, risque g\u00e9opolitique, influence politique, diplomatie \u00e9conomique). Dipl\u00f4m\u00e9 de l'IEP de Paris et de l'INALCO (d\u00e9partement d'\u00e9tudes arabes), il est directeur de la publication de geopolitics.fr. Ancien fonctionnaire au Minist\u00e8re de l'Int\u00e9rieur et de la D\u00e9fense (DGSE) Ancien charg\u00e9 de Mission \u00e0 la Pr\u00e9sidence de la R\u00e9publique (cellule diplomatique) Conseil de nombreuses personnalit\u00e9s politiques \u00e0 l'International (dont deux anciens Premiers ministres).","sameAs":["Erwan Davoux","@erwandavoux","https:\/\/www.linkedin.com\/in\/erwan-davoux-6800b289\/","https:\/\/x.com\/@erwandavoux @Geo_politicsfr"],"url":"https:\/\/www.geopolitics.fr\/en\/author\/erwan-davoux\/"}]}},"_links":{"self":[{"href":"https:\/\/www.geopolitics.fr\/en\/wp-json\/wp\/v2\/posts\/2317","targetHints":{"allow":["GET"]}}],"collection":[{"href":"https:\/\/www.geopolitics.fr\/en\/wp-json\/wp\/v2\/posts"}],"about":[{"href":"https:\/\/www.geopolitics.fr\/en\/wp-json\/wp\/v2\/types\/post"}],"author":[{"embeddable":true,"href":"https:\/\/www.geopolitics.fr\/en\/wp-json\/wp\/v2\/users\/16"}],"replies":[{"embeddable":true,"href":"https:\/\/www.geopolitics.fr\/en\/wp-json\/wp\/v2\/comments?post=2317"}],"version-history":[{"count":0,"href":"https:\/\/www.geopolitics.fr\/en\/wp-json\/wp\/v2\/posts\/2317\/revisions"}],"wp:featuredmedia":[{"embeddable":true,"href":"https:\/\/www.geopolitics.fr\/en\/wp-json\/wp\/v2\/media\/2319"}],"wp:attachment":[{"href":"https:\/\/www.geopolitics.fr\/en\/wp-json\/wp\/v2\/media?parent=2317"}],"wp:term":[{"taxonomy":"category","embeddable":true,"href":"https:\/\/www.geopolitics.fr\/en\/wp-json\/wp\/v2\/categories?post=2317"},{"taxonomy":"post_tag","embeddable":true,"href":"https:\/\/www.geopolitics.fr\/en\/wp-json\/wp\/v2\/tags?post=2317"}],"curies":[{"name":"wp","href":"https:\/\/api.w.org\/{rel}","templated":true}]}}