{"id":2314,"date":"2024-02-27T14:15:13","date_gmt":"2024-02-27T13:15:13","guid":{"rendered":"https:\/\/www.geopolitics.fr\/?p=2314"},"modified":"2024-03-26T21:28:13","modified_gmt":"2024-03-26T20:28:13","slug":"une-possible-treve-a-gaza-durant-le-mois-de-ramadan","status":"publish","type":"post","link":"https:\/\/www.geopolitics.fr\/en\/2024\/02\/27\/une-possible-treve-a-gaza-durant-le-mois-de-ramadan\/","title":{"rendered":"Une possible tr\u00eave \u00e0 Gaza durant le moi de Ramadan et les f\u00eates de P\u00e2ques ?"},"content":{"rendered":"<p class=\"has-medium-font-size wp-block-paragraph\">Plusieurs sources \u00e9voquent la possibilit\u00e9 d&rsquo;une tr\u00eave de 40 jours \u00e0 Gaza afin que le mois de Ramadan et les f\u00eates de P\u00e2ques offrent un r\u00e9pit bienvenu alors que les Gazaouis sont menac\u00e9s par une famine d&rsquo;ampleur in\u00e9dite.<\/p>\n\n\n\n<p class=\"has-medium-font-size wp-block-paragraph\">Netanyahou qui a, jusqu&rsquo;\u00e0 pr\u00e9sent, refus\u00e9 un nouveau \u00ab\u00a0cessez-le-feu\u00a0\u00bb pourrait se r\u00e9signer \u00e0 cette option afin de sauver les accords d&rsquo;Abraham. En effet, la fracture entre les gouvernants et les peuples est extr\u00eamement forte dans certains pays arabes et le gouvernement isra\u00e9lien doit penser \u00e0 l&rsquo;apr\u00e8s et \u00e9viter qu&rsquo;Isra\u00ebl se retrouve dans un environnement totalement hostile.<\/p>\n\n\n\n<p class=\"has-medium-font-size wp-block-paragraph\">La voie de la raison et de la sagesse l&#8217;emportera-t-elle pour une fois ?<\/p>\n\n\n\n<p class=\"wp-block-paragraph\"><\/p>","protected":false},"excerpt":{"rendered":"<p>Plusieurs sources \u00e9voquent la possibilit\u00e9 d&rsquo;une tr\u00eave de 40 jours \u00e0 Gaza afin que le mois de Ramadan et les f\u00eates de&hellip;<\/p>","protected":false},"author":9,"featured_media":2315,"comment_status":"open","ping_status":"open","sticky":false,"template":"","format":"standard","meta":{"_lmt_disableupdate":"","_lmt_disable":"","footnotes":""},"categories":[5],"tags":[],"class_list":["post-2314","post","type-post","status-publish","format-standard","has-post-thumbnail","hentry","category-international"],"yoast_head":"<!-- This site is optimized with the Yoast SEO Premium plugin v28.1 (Yoast SEO v28.1) - https:\/\/yoast.com\/product\/yoast-seo-premium-wordpress\/ -->\n<title>Une possible tr\u00eave \u00e0 Gaza durant le moi de Ramadan et les f\u00eates de P\u00e2ques ? | Geopolitics.fr<\/title>\n<meta name=\"robots\" content=\"index, follow, max-snippet:-1, max-image-preview:large, max-video-preview:-1\" \/>\n<link rel=\"canonical\" href=\"https:\/\/www.geopolitics.fr\/en\/2024\/02\/27\/une-possible-treve-a-gaza-durant-le-mois-de-ramadan\/\" \/>\n<meta property=\"og:locale\" content=\"en_GB\" \/>\n<meta property=\"og:type\" content=\"article\" \/>\n<meta property=\"og:title\" content=\"Une possible tr\u00eave \u00e0 Gaza durant le moi de Ramadan et les f\u00eates de P\u00e2ques ?\" \/>\n<meta property=\"og:description\" content=\"Plusieurs sources \u00e9voquent la possibilit\u00e9 d&rsquo;une tr\u00eave de 40 jours \u00e0 Gaza afin que le mois de Ramadan et les f\u00eates de&hellip;\" \/>\n<meta property=\"og:url\" content=\"https:\/\/www.geopolitics.fr\/en\/2024\/02\/27\/une-possible-treve-a-gaza-durant-le-mois-de-ramadan\/\" \/>\n<meta property=\"og:site_name\" content=\"Geopolitics.fr\" \/>\n<meta property=\"article:publisher\" content=\"https:\/\/www.facebook.com\/people\/Erwan-Davoux\/61557098968092\/\" \/>\n<meta property=\"article:published_time\" content=\"2024-02-27T13:15:13+00:00\" \/>\n<meta property=\"article:modified_time\" content=\"2024-03-26T20:28:13+00:00\" \/>\n<meta property=\"og:image\" content=\"https:\/\/www.geopolitics.fr\/wp-content\/uploads\/2024\/02\/gaza-devastation-scaled.jpg\" \/>\n\t<meta property=\"og:image:width\" content=\"2560\" \/>\n\t<meta property=\"og:image:height\" content=\"1920\" \/>\n\t<meta property=\"og:image:type\" content=\"image\/jpeg\" \/>\n<meta name=\"author\" content=\"contact@geopolitics.fr\" \/>\n<meta name=\"twitter:card\" content=\"summary_large_image\" \/>\n<meta name=\"twitter:creator\" content=\"@Geopolitics_Fr\" \/>\n<meta name=\"twitter:site\" content=\"@Geopolitics_Fr\" \/>\n<meta name=\"twitter:label1\" content=\"Written by\" \/>\n\t<meta name=\"twitter:data1\" content=\"contact@geopolitics.fr\" \/>\n\t<meta name=\"twitter:label2\" content=\"Estimated reading time\" \/>\n\t<meta name=\"twitter:data2\" content=\"1 minute\" \/>\n<script type=\"application\/ld+json\" class=\"yoast-schema-graph\">{\"@context\":\"https:\\\/\\\/schema.org\",\"@graph\":[{\"@type\":\"Article\",\"@id\":\"https:\\\/\\\/www.geopolitics.fr\\\/2024\\\/02\\\/27\\\/une-possible-treve-a-gaza-durant-le-mois-de-ramadan\\\/#article\",\"isPartOf\":{\"@id\":\"https:\\\/\\\/www.geopolitics.fr\\\/2024\\\/02\\\/27\\\/une-possible-treve-a-gaza-durant-le-mois-de-ramadan\\\/\"},\"author\":{\"name\":\"contact@geopolitics.fr\",\"@id\":\"https:\\\/\\\/www.geopolitics.fr\\\/#\\\/schema\\\/person\\\/69dde260ad11805e2aa68f0d9e9128da\"},\"headline\":\"Une possible tr\u00eave \u00e0 Gaza durant le moi de Ramadan et les f\u00eates de P\u00e2ques ?\",\"datePublished\":\"2024-02-27T13:15:13+00:00\",\"dateModified\":\"2024-03-26T20:28:13+00:00\",\"mainEntityOfPage\":{\"@id\":\"https:\\\/\\\/www.geopolitics.fr\\\/2024\\\/02\\\/27\\\/une-possible-treve-a-gaza-durant-le-mois-de-ramadan\\\/\"},\"wordCount\":138,\"commentCount\":0,\"publisher\":{\"@id\":\"https:\\\/\\\/www.geopolitics.fr\\\/#organization\"},\"image\":{\"@id\":\"https:\\\/\\\/www.geopolitics.fr\\\/2024\\\/02\\\/27\\\/une-possible-treve-a-gaza-durant-le-mois-de-ramadan\\\/#primaryimage\"},\"thumbnailUrl\":\"https:\\\/\\\/www.geopolitics.fr\\\/wp-content\\\/uploads\\\/2024\\\/02\\\/gaza-devastation-scaled.jpg\",\"articleSection\":[\"International\"],\"inLanguage\":\"en-GB\"},{\"@type\":\"WebPage\",\"@id\":\"https:\\\/\\\/www.geopolitics.fr\\\/2024\\\/02\\\/27\\\/une-possible-treve-a-gaza-durant-le-mois-de-ramadan\\\/\",\"url\":\"https:\\\/\\\/www.geopolitics.fr\\\/2024\\\/02\\\/27\\\/une-possible-treve-a-gaza-durant-le-mois-de-ramadan\\\/\",\"name\":\"Une possible tr\u00eave \u00e0 Gaza durant le moi de Ramadan et les f\u00eates de P\u00e2ques ? | Geopolitics.fr\",\"isPartOf\":{\"@id\":\"https:\\\/\\\/www.geopolitics.fr\\\/#website\"},\"primaryImageOfPage\":{\"@id\":\"https:\\\/\\\/www.geopolitics.fr\\\/2024\\\/02\\\/27\\\/une-possible-treve-a-gaza-durant-le-mois-de-ramadan\\\/#primaryimage\"},\"image\":{\"@id\":\"https:\\\/\\\/www.geopolitics.fr\\\/2024\\\/02\\\/27\\\/une-possible-treve-a-gaza-durant-le-mois-de-ramadan\\\/#primaryimage\"},\"thumbnailUrl\":\"https:\\\/\\\/www.geopolitics.fr\\\/wp-content\\\/uploads\\\/2024\\\/02\\\/gaza-devastation-scaled.jpg\",\"datePublished\":\"2024-02-27T13:15:13+00:00\",\"dateModified\":\"2024-03-26T20:28:13+00:00\",\"breadcrumb\":{\"@id\":\"https:\\\/\\\/www.geopolitics.fr\\\/2024\\\/02\\\/27\\\/une-possible-treve-a-gaza-durant-le-mois-de-ramadan\\\/#breadcrumb\"},\"inLanguage\":\"en-GB\",\"potentialAction\":[{\"@type\":\"ReadAction\",\"target\":[\"https:\\\/\\\/www.geopolitics.fr\\\/2024\\\/02\\\/27\\\/une-possible-treve-a-gaza-durant-le-mois-de-ramadan\\\/\"]}]},{\"@type\":\"ImageObject\",\"inLanguage\":\"en-GB\",\"@id\":\"https:\\\/\\\/www.geopolitics.fr\\\/2024\\\/02\\\/27\\\/une-possible-treve-a-gaza-durant-le-mois-de-ramadan\\\/#primaryimage\",\"url\":\"https:\\\/\\\/www.geopolitics.fr\\\/wp-content\\\/uploads\\\/2024\\\/02\\\/gaza-devastation-scaled.jpg\",\"contentUrl\":\"https:\\\/\\\/www.geopolitics.fr\\\/wp-content\\\/uploads\\\/2024\\\/02\\\/gaza-devastation-scaled.jpg\",\"width\":1920,\"height\":1440},{\"@type\":\"BreadcrumbList\",\"@id\":\"https:\\\/\\\/www.geopolitics.fr\\\/2024\\\/02\\\/27\\\/une-possible-treve-a-gaza-durant-le-mois-de-ramadan\\\/#breadcrumb\",\"itemListElement\":[{\"@type\":\"ListItem\",\"position\":1,\"name\":\"Accueil\",\"item\":\"https:\\\/\\\/www.geopolitics.fr\\\/\"},{\"@type\":\"ListItem\",\"position\":2,\"name\":\"Une possible tr\u00eave \u00e0 Gaza durant le moi de Ramadan et les f\u00eates de P\u00e2ques ?\"}]},{\"@type\":\"WebSite\",\"@id\":\"https:\\\/\\\/www.geopolitics.fr\\\/#website\",\"url\":\"https:\\\/\\\/www.geopolitics.fr\\\/\",\"name\":\"Geopolitics.fr\",\"description\":\"Geopolitics.fr Analyse politique, relations internationales, d\u00e9fense - ligne \u00e9ditoriale gaullo-chiraquienne\",\"publisher\":{\"@id\":\"https:\\\/\\\/www.geopolitics.fr\\\/#organization\"},\"potentialAction\":[{\"@type\":\"SearchAction\",\"target\":{\"@type\":\"EntryPoint\",\"urlTemplate\":\"https:\\\/\\\/www.geopolitics.fr\\\/?s={search_term_string}\"},\"query-input\":{\"@type\":\"PropertyValueSpecification\",\"valueRequired\":true,\"valueName\":\"search_term_string\"}}],\"inLanguage\":\"en-GB\"},{\"@type\":\"Organization\",\"@id\":\"https:\\\/\\\/www.geopolitics.fr\\\/#organization\",\"name\":\"Geopolitics.fr\",\"url\":\"https:\\\/\\\/www.geopolitics.fr\\\/\",\"logo\":{\"@type\":\"ImageObject\",\"inLanguage\":\"en-GB\",\"@id\":\"https:\\\/\\\/www.geopolitics.fr\\\/#\\\/schema\\\/logo\\\/image\\\/\",\"url\":\"https:\\\/\\\/www.geopolitics.fr\\\/wp-content\\\/uploads\\\/2024\\\/01\\\/logo.jpg\",\"contentUrl\":\"https:\\\/\\\/www.geopolitics.fr\\\/wp-content\\\/uploads\\\/2024\\\/01\\\/logo.jpg\",\"width\":500,\"height\":500,\"caption\":\"Geopolitics.fr\"},\"image\":{\"@id\":\"https:\\\/\\\/www.geopolitics.fr\\\/#\\\/schema\\\/logo\\\/image\\\/\"},\"sameAs\":[\"https:\\\/\\\/www.facebook.com\\\/people\\\/Erwan-Davoux\\\/61557098968092\\\/\",\"https:\\\/\\\/x.com\\\/Geopolitics_Fr\"]},{\"@type\":\"Person\",\"@id\":\"https:\\\/\\\/www.geopolitics.fr\\\/#\\\/schema\\\/person\\\/69dde260ad11805e2aa68f0d9e9128da\",\"name\":\"contact@geopolitics.fr\",\"image\":{\"@type\":\"ImageObject\",\"inLanguage\":\"en-GB\",\"@id\":\"https:\\\/\\\/www.geopolitics.fr\\\/wp-content\\\/uploads\\\/2024\\\/01\\\/edito-bonne-banniere-96x96.jpg\",\"url\":\"https:\\\/\\\/www.geopolitics.fr\\\/wp-content\\\/uploads\\\/2024\\\/01\\\/edito-bonne-banniere-96x96.jpg\",\"contentUrl\":\"https:\\\/\\\/www.geopolitics.fr\\\/wp-content\\\/uploads\\\/2024\\\/01\\\/edito-bonne-banniere-96x96.jpg\",\"caption\":\"contact@geopolitics.fr\"},\"url\":\"https:\\\/\\\/www.geopolitics.fr\\\/en\\\/author\\\/contactgeopolitics-fr\\\/\"}]}<\/script>\n<!-- \/ Yoast SEO Premium plugin. -->","yoast_head_json":{"title":"Une possible tr\u00eave \u00e0 Gaza durant le moi de Ramadan et les f\u00eates de P\u00e2ques ? | Geopolitics.fr","robots":{"index":"index","follow":"follow","max-snippet":"max-snippet:-1","max-image-preview":"max-image-preview:large","max-video-preview":"max-video-preview:-1"},"canonical":"https:\/\/www.geopolitics.fr\/en\/2024\/02\/27\/une-possible-treve-a-gaza-durant-le-mois-de-ramadan\/","og_locale":"en_GB","og_type":"article","og_title":"Une possible tr\u00eave \u00e0 Gaza durant le moi de Ramadan et les f\u00eates de P\u00e2ques ?","og_description":"Plusieurs sources \u00e9voquent la possibilit\u00e9 d&rsquo;une tr\u00eave de 40 jours \u00e0 Gaza afin que le mois de Ramadan et les f\u00eates de&hellip;","og_url":"https:\/\/www.geopolitics.fr\/en\/2024\/02\/27\/une-possible-treve-a-gaza-durant-le-mois-de-ramadan\/","og_site_name":"Geopolitics.fr","article_publisher":"https:\/\/www.facebook.com\/people\/Erwan-Davoux\/61557098968092\/","article_published_time":"2024-02-27T13:15:13+00:00","article_modified_time":"2024-03-26T20:28:13+00:00","og_image":[{"width":2560,"height":1920,"url":"https:\/\/www.geopolitics.fr\/wp-content\/uploads\/2024\/02\/gaza-devastation-scaled.jpg","type":"image\/jpeg"}],"author":"contact@geopolitics.fr","twitter_card":"summary_large_image","twitter_creator":"@Geopolitics_Fr","twitter_site":"@Geopolitics_Fr","twitter_misc":{"Written by":"contact@geopolitics.fr","Estimated reading time":"1 minute"},"schema":{"@context":"https:\/\/schema.org","@graph":[{"@type":"Article","@id":"https:\/\/www.geopolitics.fr\/2024\/02\/27\/une-possible-treve-a-gaza-durant-le-mois-de-ramadan\/#article","isPartOf":{"@id":"https:\/\/www.geopolitics.fr\/2024\/02\/27\/une-possible-treve-a-gaza-durant-le-mois-de-ramadan\/"},"author":{"name":"contact@geopolitics.fr","@id":"https:\/\/www.geopolitics.fr\/#\/schema\/person\/69dde260ad11805e2aa68f0d9e9128da"},"headline":"Une possible tr\u00eave \u00e0 Gaza durant le moi de Ramadan et les f\u00eates de P\u00e2ques ?","datePublished":"2024-02-27T13:15:13+00:00","dateModified":"2024-03-26T20:28:13+00:00","mainEntityOfPage":{"@id":"https:\/\/www.geopolitics.fr\/2024\/02\/27\/une-possible-treve-a-gaza-durant-le-mois-de-ramadan\/"},"wordCount":138,"commentCount":0,"publisher":{"@id":"https:\/\/www.geopolitics.fr\/#organization"},"image":{"@id":"https:\/\/www.geopolitics.fr\/2024\/02\/27\/une-possible-treve-a-gaza-durant-le-mois-de-ramadan\/#primaryimage"},"thumbnailUrl":"https:\/\/www.geopolitics.fr\/wp-content\/uploads\/2024\/02\/gaza-devastation-scaled.jpg","articleSection":["International"],"inLanguage":"en-GB"},{"@type":"WebPage","@id":"https:\/\/www.geopolitics.fr\/2024\/02\/27\/une-possible-treve-a-gaza-durant-le-mois-de-ramadan\/","url":"https:\/\/www.geopolitics.fr\/2024\/02\/27\/une-possible-treve-a-gaza-durant-le-mois-de-ramadan\/","name":"Une possible tr\u00eave \u00e0 Gaza durant le moi de Ramadan et les f\u00eates de P\u00e2ques ? | Geopolitics.fr","isPartOf":{"@id":"https:\/\/www.geopolitics.fr\/#website"},"primaryImageOfPage":{"@id":"https:\/\/www.geopolitics.fr\/2024\/02\/27\/une-possible-treve-a-gaza-durant-le-mois-de-ramadan\/#primaryimage"},"image":{"@id":"https:\/\/www.geopolitics.fr\/2024\/02\/27\/une-possible-treve-a-gaza-durant-le-mois-de-ramadan\/#primaryimage"},"thumbnailUrl":"https:\/\/www.geopolitics.fr\/wp-content\/uploads\/2024\/02\/gaza-devastation-scaled.jpg","datePublished":"2024-02-27T13:15:13+00:00","dateModified":"2024-03-26T20:28:13+00:00","breadcrumb":{"@id":"https:\/\/www.geopolitics.fr\/2024\/02\/27\/une-possible-treve-a-gaza-durant-le-mois-de-ramadan\/#breadcrumb"},"inLanguage":"en-GB","potentialAction":[{"@type":"ReadAction","target":["https:\/\/www.geopolitics.fr\/2024\/02\/27\/une-possible-treve-a-gaza-durant-le-mois-de-ramadan\/"]}]},{"@type":"ImageObject","inLanguage":"en-GB","@id":"https:\/\/www.geopolitics.fr\/2024\/02\/27\/une-possible-treve-a-gaza-durant-le-mois-de-ramadan\/#primaryimage","url":"https:\/\/www.geopolitics.fr\/wp-content\/uploads\/2024\/02\/gaza-devastation-scaled.jpg","contentUrl":"https:\/\/www.geopolitics.fr\/wp-content\/uploads\/2024\/02\/gaza-devastation-scaled.jpg","width":1920,"height":1440},{"@type":"BreadcrumbList","@id":"https:\/\/www.geopolitics.fr\/2024\/02\/27\/une-possible-treve-a-gaza-durant-le-mois-de-ramadan\/#breadcrumb","itemListElement":[{"@type":"ListItem","position":1,"name":"Accueil","item":"https:\/\/www.geopolitics.fr\/"},{"@type":"ListItem","position":2,"name":"Une possible tr\u00eave \u00e0 Gaza durant le moi de Ramadan et les f\u00eates de P\u00e2ques ?"}]},{"@type":"WebSite","@id":"https:\/\/www.geopolitics.fr\/#website","url":"https:\/\/www.geopolitics.fr\/","name":"Geopolitics.fr","description":"Geopolitics.fr Analyse politique, relations internationales, d\u00e9fense - ligne \u00e9ditoriale gaullo-chiraquienne","publisher":{"@id":"https:\/\/www.geopolitics.fr\/#organization"},"potentialAction":[{"@type":"SearchAction","target":{"@type":"EntryPoint","urlTemplate":"https:\/\/www.geopolitics.fr\/?s={search_term_string}"},"query-input":{"@type":"PropertyValueSpecification","valueRequired":true,"valueName":"search_term_string"}}],"inLanguage":"en-GB"},{"@type":"Organization","@id":"https:\/\/www.geopolitics.fr\/#organization","name":"Geopolitics.fr","url":"https:\/\/www.geopolitics.fr\/","logo":{"@type":"ImageObject","inLanguage":"en-GB","@id":"https:\/\/www.geopolitics.fr\/#\/schema\/logo\/image\/","url":"https:\/\/www.geopolitics.fr\/wp-content\/uploads\/2024\/01\/logo.jpg","contentUrl":"https:\/\/www.geopolitics.fr\/wp-content\/uploads\/2024\/01\/logo.jpg","width":500,"height":500,"caption":"Geopolitics.fr"},"image":{"@id":"https:\/\/www.geopolitics.fr\/#\/schema\/logo\/image\/"},"sameAs":["https:\/\/www.facebook.com\/people\/Erwan-Davoux\/61557098968092\/","https:\/\/x.com\/Geopolitics_Fr"]},{"@type":"Person","@id":"https:\/\/www.geopolitics.fr\/#\/schema\/person\/69dde260ad11805e2aa68f0d9e9128da","name":"contact@geopolitics.fr","image":{"@type":"ImageObject","inLanguage":"en-GB","@id":"https:\/\/www.geopolitics.fr\/wp-content\/uploads\/2024\/01\/edito-bonne-banniere-96x96.jpg","url":"https:\/\/www.geopolitics.fr\/wp-content\/uploads\/2024\/01\/edito-bonne-banniere-96x96.jpg","contentUrl":"https:\/\/www.geopolitics.fr\/wp-content\/uploads\/2024\/01\/edito-bonne-banniere-96x96.jpg","caption":"contact@geopolitics.fr"},"url":"https:\/\/www.geopolitics.fr\/en\/author\/contactgeopolitics-fr\/"}]}},"_links":{"self":[{"href":"https:\/\/www.geopolitics.fr\/en\/wp-json\/wp\/v2\/posts\/2314","targetHints":{"allow":["GET"]}}],"collection":[{"href":"https:\/\/www.geopolitics.fr\/en\/wp-json\/wp\/v2\/posts"}],"about":[{"href":"https:\/\/www.geopolitics.fr\/en\/wp-json\/wp\/v2\/types\/post"}],"author":[{"embeddable":true,"href":"https:\/\/www.geopolitics.fr\/en\/wp-json\/wp\/v2\/users\/9"}],"replies":[{"embeddable":true,"href":"https:\/\/www.geopolitics.fr\/en\/wp-json\/wp\/v2\/comments?post=2314"}],"version-history":[{"count":0,"href":"https:\/\/www.geopolitics.fr\/en\/wp-json\/wp\/v2\/posts\/2314\/revisions"}],"wp:featuredmedia":[{"embeddable":true,"href":"https:\/\/www.geopolitics.fr\/en\/wp-json\/wp\/v2\/media\/2315"}],"wp:attachment":[{"href":"https:\/\/www.geopolitics.fr\/en\/wp-json\/wp\/v2\/media?parent=2314"}],"wp:term":[{"taxonomy":"category","embeddable":true,"href":"https:\/\/www.geopolitics.fr\/en\/wp-json\/wp\/v2\/categories?post=2314"},{"taxonomy":"post_tag","embeddable":true,"href":"https:\/\/www.geopolitics.fr\/en\/wp-json\/wp\/v2\/tags?post=2314"}],"curies":[{"name":"wp","href":"https:\/\/api.w.org\/{rel}","templated":true}]}}