{"id":2306,"date":"2024-02-23T19:49:00","date_gmt":"2024-02-23T18:49:00","guid":{"rendered":"https:\/\/www.geopolitics.fr\/?p=2306"},"modified":"2024-03-26T21:29:19","modified_gmt":"2024-03-26T20:29:19","slug":"erwan-davoux-la-diplomatie-francaise-serait-bien-inspiree-de-consacrer-davantage-de-temps-au-senegal-marianne-net","status":"publish","type":"post","link":"https:\/\/www.geopolitics.fr\/en\/2024\/02\/23\/erwan-davoux-la-diplomatie-francaise-serait-bien-inspiree-de-consacrer-davantage-de-temps-au-senegal-marianne-net\/","title":{"rendered":"Erwan Davoux\u00a0: \u00ab\u00a0La diplomatie fran\u00e7aise serait bien inspir\u00e9e de consacrer davantage de temps au S\u00e9n\u00e9gal\u00a0\u00bb (marianne.net)"},"content":{"rendered":"<h2 class=\"wp-block-heading\">Erwan Davoux, r\u00e9dacteur en chef de \u00ab Geopolitics.fr \u00bb, ancien charg\u00e9 de mission \u00e0 l\u2019\u00c9lys\u00e9e, a conseill\u00e9 de nombreuses personnalit\u00e9s politiques de droite \u00e0 l\u2019international. Dans une tribune, il d\u00e9crypte pour \u00ab Marianne \u00bb de quelle mani\u00e8re l&rsquo;approche s\u00e9curitaire de la France vis-\u00e0-vis du continent africain joue en sa d\u00e9faveur.<\/h2>\n\n\n\n<p class=\"has-medium-font-size wp-block-paragraph\">C\u2019est sous le quinquennat de Fran\u00e7ois Hollande que d\u00e9butent l\u2019approche purement s\u00e9curitaire du continent africain et la multiplication de comportements d\u00e9plac\u00e9s, le tout ne faisant que s\u2019amplifier depuis les pr\u00e9sidences Macron. R\u00e9sultat, la France est chass\u00e9e de son ancien \u00ab pr\u00e9 carr\u00e9 \u00bb, ne restent que le S\u00e9n\u00e9gal et la C\u00f4te d\u2019Ivoire. Pour combien de temps encore ?<\/p>\n\n\n\n<p class=\"has-medium-font-size wp-block-paragraph\">Les politiques de Fran\u00e7ois Hollande et d\u2019Emmanuel s\u2019inscrivent dans une continuit\u00e9 d\u2019\u00e9checs : le tout-s\u00e9curitaire au d\u00e9triment du politique. Il existe un biais, un tropisme, purement militaire. En effet, la politique de Fran\u00e7ois Hollande vis-\u00e0-vis de l\u2019Afrique dont Jean-Yves Le Drian fut le grand metteur en sc\u00e8ne, se sera \u00e9troitement cantonn\u00e9e \u00e0 la seule sph\u00e8re s\u00e9curitaire sans vision politique concomitante. Certes, Fran\u00e7ois Hollande a eu \u00e0 g\u00e9rer les cons\u00e9quences terribles de l\u2019affaire libyenne et du d\u00e9ferlement d\u2019armes dans la r\u00e9gion. \u00c9tait-ce une raison pour oublier qu\u2019une crise militaire ne peut avoir qu\u2019une r\u00e9solution politique ? C\u2019est le malheur de nos amis africains qui lui a permis d\u2019exister, au Mali comme en R\u00e9publique centrafricaine.<\/p>\n\n\n\n<h2 class=\"wp-block-heading\">CES MOTS QUI BLESSENT<\/h2>\n\n\n\n<p class=\"has-medium-font-size wp-block-paragraph\">La stabilisation, la construction d\u2019un processus politique r\u00e9aliste et inclusif sont rel\u00e9gu\u00e9s au second plan. Au Mali, la France est intervenue tardivement, de mani\u00e8re totalement isol\u00e9e et sans rien \u00e0 proposer pour l\u2019apr\u00e8s, sans parvenir \u00e0 mettre autour de la table les principaux \u00c9tats concern\u00e9s. Comment s\u2019\u00e9tonner, dans ces conditions, des accusations faciles de n\u00e9ocolonialisme ? Le pr\u00e9sident fran\u00e7ais ira jusqu\u2019\u00e0 d\u00e9clarer au sommet Afrique-France de Bamako de janvier 2017 : \u00ab&nbsp;<em>La France ne recherche pas d\u2019influence en Afrique<\/em>&nbsp;\u00bb faisant probablement pleurer de rire ou de joie nos comp\u00e9titeurs chinois, russes et turcs.<\/p>\n\n\n\n<p class=\"has-medium-font-size wp-block-paragraph\">\u00ab Au-del\u00e0 de l\u2019inexp\u00e9rience, de l\u2019absence de vision et de coh\u00e9rence, il y a des mots, des attitudes, des comportements qui peuvent blesser et ruiner la confiance de nos partenaires. \u00bb<\/p>\n\n\n\n<p class=\"has-medium-font-size wp-block-paragraph\">La politique d\u2019Emmanuel Macron, toujours tr\u00e8s tributaire de Jean-Yves Le Drian, se situera dans la continuit\u00e9. De la fin de Barkhane \u00e0 l\u2019expulsion humiliante du Niger, le politique aura \u00e9t\u00e9 totalement d\u00e9faillant. Au Niger, toutes les erreurs ont \u00e9t\u00e9 commises et d\u2019autant plus marqu\u00e9es qu\u2019\u00e0 chaque discours martial aura suivi une reculade de la France.<\/p>\n\n\n\n<p class=\"has-medium-font-size wp-block-paragraph\">Au-del\u00e0 de l\u2019inexp\u00e9rience, de l\u2019absence de vision et de coh\u00e9rence, il y a des mots, des attitudes, des comportements qui peuvent blesser et ruiner la confiance de nos partenaires. \u00c0 ce triste jeu des mauvaises blagues, Fran\u00e7ois Hollande et Emmanuel Macron n\u2019ont, h\u00e9las, pas de rivaux\u2026 Des boutades de Fran\u00e7ois Hollande telles que \u00ab&nbsp;<em>Manuel Valls et rentr\u00e9 sain et sauf d\u2019Alg\u00e9rie<\/em>&nbsp;\u00bb aux propos invraisemblables d\u2019Emmanuel Macron \u00e0 l\u2019universit\u00e9 de Ouagadougou le 28 novembre 2017.<\/p>\n\n\n\n<p class=\"has-medium-font-size wp-block-paragraph\">Venu mettre officiellement un \u00e9ni\u00e8me terme \u00e0 la Fran\u00e7afrique, le pr\u00e9sident fran\u00e7ais aura, par son attitude d\u00e9sinvolte, contredit tout l\u2019esprit (excellent) de son discours. S\u2019adressant au Pr\u00e9sident burkinab\u00e9 : \u00ab&nbsp;<em>Du coup, il s\u2019en va\u2026 Reste l\u00e0<\/em>&nbsp;! plaisante le pr\u00e9sident fran\u00e7ais.&nbsp;<em>Du coup, il est parti r\u00e9parer la climatisation<\/em>&nbsp;\u00bb. Quelques instants d\u2019autosatisfaction et de rires, la ruine de notre cr\u00e9dibilit\u00e9 politique \u00e0 long terme. Emmanuel Macron se fera aussi reprendre de vol\u00e9e en R\u00e9publique d\u00e9mocratique du Congo par le pr\u00e9sident F\u00e9lix Tshisekedi, le 4 mars 2023, sur le \u00ab&nbsp;<em>compromis \u00e9lectoral \u00e0 l\u2019africaine<\/em>&nbsp;\u00bb dont il tentera, sans succ\u00e8s, d\u2019exon\u00e9rer Jean-Yves Le Drian (encore lui !).<\/p>\n\n\n\n<p class=\"has-medium-font-size wp-block-paragraph\">\u00ab Alors que le S\u00e9n\u00e9gal traverse une crise politique, un sc\u00e9nario sah\u00e9lien est-il envisageable dans ce pays avec des cons\u00e9quences tout autres ? \u00bb<\/p>\n\n\n\n<p class=\"has-medium-font-size wp-block-paragraph\">Les dirigeants fran\u00e7ais, non conscients que les peuples africains souhaitaient ardemment passer d\u2019une ind\u00e9pendance formelle \u00e0 une ind\u00e9pendance r\u00e9elle, se sont comport\u00e9s en petits marquis venant rendre visite \u00e0 leur pr\u00e9 carr\u00e9. Ils sont directement responsables de notre expulsion et miser sur l\u2019\u00e9chec des coups d\u2019\u00c9tats semble d\u00e9j\u00e0 une strat\u00e9gie d\u00e9faillante. Les nouveaux pouvoirs tiennent en place et jouissent d\u2019une certaine popularit\u00e9. Les Am\u00e9ricains, eux, n\u2019ont pas coup\u00e9 les ponts et r\u00e9colteront les fruits le moment venu. La France n\u2019a d\u00e9sormais plus aucun atout dans son jeu.<\/p>\n\n\n\n<h2 class=\"wp-block-heading\">UN SC\u00c9NARIO SAH\u00c9LIEN EST-IL ENVISAGEABLE ?<\/h2>\n\n\n\n<p class=\"has-medium-font-size wp-block-paragraph\">Alors que le S\u00e9n\u00e9gal traverse une crise politique, un sc\u00e9nario sah\u00e9lien est-il envisageable dans ce pays avec des cons\u00e9quences tout autres ? Le S\u00e9n\u00e9gal est au c\u0153ur de la diplomatie fran\u00e7aise en Afrique. La pr\u00e9sence fran\u00e7aise au S\u00e9n\u00e9gal n\u2019a rien de commun avec celle de trois pays de la zone sah\u00e9lienne. Environ 25 000 Fran\u00e7ais y r\u00e9sident, de loin la plus importante communaut\u00e9 fran\u00e7aise d\u2019Afrique de l\u2019Ouest. L\u2019ambassade de France \u00e0 Dakar est la plus importante de la r\u00e9gion et le S\u00e9n\u00e9gal le pays phare de la francophonie. Son caract\u00e8re incontestablement d\u00e9mocratique, sa lign\u00e9e de pr\u00e9sidents prestigieux au savoir-faire diplomatique renomm\u00e9, son \u00c9tat solide, sa douceur l\u00e9gendaire en font un pays par bien des aspects exceptionnels dans la r\u00e9gion.<\/p>\n\n\n\n<p class=\"has-medium-font-size wp-block-paragraph\">\u00ab Ne nous y trompons pas, l\u2019\u00e9tat d\u2019esprit de la population s\u00e9n\u00e9galaise vis-\u00e0-vis de la France est tr\u00e8s comparable \u00e0 celui qui pr\u00e9vaut dans les trois pays de la zone sah\u00e9lienne. \u00bb<\/p>\n\n\n\n<p class=\"has-medium-font-size wp-block-paragraph\">D\u2019un point de vue \u00e9conomique, la France est le premier partenaire commercial du S\u00e9n\u00e9gal, son premier fournisseur. La France est \u00e9galement le premier investisseur au S\u00e9n\u00e9gal avec 43 % du stock d\u2019investissements directs \u00e0 l&rsquo;\u00e9tranger (IDE) et 250 entreprises fran\u00e7aises y emploient plus de 30 000 personnes. Ces chiffres laissent \u00e0 penser que si le repli fran\u00e7ais en Afrique est patent, il ne passe pas par le S\u00e9n\u00e9gal. Et pourtant\u2026 Ne nous y trompons pas, l\u2019\u00e9tat d\u2019esprit de la population s\u00e9n\u00e9galaise vis-\u00e0-vis de la France est tr\u00e8s comparable \u00e0 celui qui pr\u00e9vaut dans les trois pays de la zone sah\u00e9lienne.<\/p>\n\n\n\n<p class=\"has-medium-font-size wp-block-paragraph\">L\u2019id\u00e9e est largement r\u00e9pandue dans la population s\u00e9n\u00e9galaise que ce partenariat b\u00e9n\u00e9ficie davantage \u00e0 la France qu\u2019au S\u00e9n\u00e9gal, que la France pille des richesses plut\u00f4t que de transf\u00e9rer de la valeur ajout\u00e9e. Dans le tourbillon incessant des coups de th\u00e9\u00e2tre qui se sont succ\u00e9d\u00e9 depuis quelques semaines dans ce pays, il est permis, aujourd\u2019hui, de voir un peu plus clair.<\/p>\n\n\n\n<p class=\"has-medium-font-size wp-block-paragraph\">Il existe une forte pression populaire pour que l\u2019\u00e9lection pr\u00e9sidentielle se tienne avant le 2 avril, date de la fin officielle du mandat de Macky Sall. Cette solution permet d\u2019\u00e9viter les troubles, les d\u00e9bordements, les affrontements. N\u00e9anmoins, elle pr\u00e9sente l\u2019inconv\u00e9nient de ne pas voir concourir deux poids lourds \u00e0 la magistrature supr\u00eame, Karim Wade et Ousmane Sonko. Le nouveau pr\u00e9sident sera-t-il vraiment l\u00e9gitime ? Le Conseil constitutionnel qui vient de rendre une d\u00e9cision marquante en s\u2019opposant au report de l\u2019\u00e9lection pr\u00e9sidentiel (et \u00e0 la prolongation du mandat de Macky Sall) est affaibli par les doutes qui planent sur l\u2019int\u00e9grit\u00e9 de deux de ses membres.<\/p>\n\n\n\n<p class=\"has-medium-font-size wp-block-paragraph\">Le r\u00f4le du Premier ministre Amadou Ba, fort discret dans l\u2019expression, semble fondamental et il semble avoir fait le n\u00e9cessaire pour que le Conseil constitutionnel rende sa d\u00e9cision surprise. Il a tr\u00e8s probablement conscience que pour lui, c\u2019est maintenant ou jamais. Il a profit\u00e9 du soutien du pr\u00e9sident Macky Sall (y compris contre ses troupes historiques) avant de jouer sa partition personnelle. Pour lui, une \u00e9lection sans Wade et Sonko est absolument n\u00e9cessaire pour avoir une chance. Il para\u00eet plus \u00e0 l\u2019aise pour exercer le pouvoir que pour le conqu\u00e9rir.<\/p>\n\n\n\n<p class=\"has-medium-font-size wp-block-paragraph\">Une chose est d\u2019ores et d\u00e9j\u00e0 acquise : l\u2019\u00e9lection ne se tiendra pas le 25 f\u00e9vrier. \u00c0 compter du 2 avril, Macky Sall restera-t-il au pouvoir ou transmettra-t-il les r\u00eanes du pouvoir au Pr\u00e9sident de l\u2019Assembl\u00e9e nationale ? Ses deux pr\u00e9d\u00e9cesseurs, Abdou Diouf et Abdoulaye Wade, qui jouissent d\u2019une autorit\u00e9 et d\u2019un prestige certains, ont fait savoir dans un courrier en date du 11 f\u00e9vrier qu\u2019ils souhaitaient l\u2019apaisement et qu\u2019ils avaient confiance en Macky Sall pour d\u00e9nouer la situation. Le Pr\u00e9sident Macky Sall a r\u00e9pondu \u00e0 cette attente lors une allocution t\u00e9l\u00e9vis\u00e9e, le 22 f\u00e9vrier. Il a confirm\u00e9 que son mandat s\u2019achevait le 2 avril et n\u2019a pas exclu la lib\u00e9ration anticip\u00e9e d\u2019Ousmane Sonko dans un souci d\u2019apaisement et de r\u00e9conciliation. Les \u00c9tats-Unis seraient bien inspir\u00e9s de rel\u00e2cher la pression sur Macky Sall et la resserrer sur un dirigeant coupable d\u2019un possible g\u00e9nocide en toute impunit\u00e9.<\/p>\n\n\n\n<h2 class=\"wp-block-heading\">QUEL EST L\u2019INT\u00c9R\u00caT DE LA FRANCE ET QUELLE PARTITION JOUE-T-ELLE ?<\/h2>\n\n\n\n<p class=\"has-medium-font-size wp-block-paragraph\">Au S\u00e9n\u00e9gal, le \u00ab\u00a0<em>en m\u00eame temps<\/em>\u00a0\u00bb a \u00e9t\u00e9 utilis\u00e9 d\u2019une mani\u00e8re fort peu concluante. Tout en entretenant une relation privil\u00e9gi\u00e9e avec le pr\u00e9sident Macky Sall, Emmanuel Macron enverra une d\u00e9l\u00e9gation de la \u00ab cellule Afrique \u00bb de l\u2019\u00c9lys\u00e9e donner des signaux \u00e0 son opposant, Ousmane Sonko, en mars 2023, d\u2019une mani\u00e8re qu\u2019il esp\u00e9rait confidentielle. Une na\u00efvet\u00e9 ou un amateurisme confondants. Le bilan est l\u00e0 encore calamiteux : Macky Sall sera froiss\u00e9 et la France n\u2019a rien \u00e0 esp\u00e9rer en contrepartie de la part d\u2019Ousmane Sonko qui subit d\u2019autres influences bien plus puissantes. \u00c0 moins d\u2019\u00eatre un Machiavel et de le manier avec une infinie pr\u00e9cision, ce qui est loin d\u2019\u00eatre le cas, le \u00ab\u00a0<em>en m\u00eame temps<\/em>\u00a0\u00bb s\u2019av\u00e8re calamiteux en politique \u00e9trang\u00e8re.<\/p>\n\n\n\n<p class=\"has-medium-font-size wp-block-paragraph\">La France, pour l\u2019heure, a fait en quelque sorte le service minimum. Le minist\u00e8re des Affaires \u00e9trang\u00e8res s&rsquo;est content\u00e9 de communiqu\u00e9s sobres rappelant les principes fondamentaux. Cette position prudente mais qui ne peut tenir lieu de politique ne va pouvoir se maintenir davantage. Avec un imp\u00e9ratif l\u00e9gitime de ne pas voir un homme hostile \u00e0 ses int\u00e9r\u00eats s\u2019installer au palais pr\u00e9sidentiel. \u00c0 d\u00e9faut, il en serait r\u00e9ellement termin\u00e9 de la politique africaine de la France avec des cons\u00e9quences pr\u00e9judiciables tr\u00e8s importantes pour nos compatriotes \u00e9tablis dans cette zone.<\/p>\n\n\n\n<p class=\"has-medium-font-size wp-block-paragraph\">La diplomatie fran\u00e7aise, qui semble obnubil\u00e9e par la guerre russo-ukrainienne, serait bien inspir\u00e9e de consacrer davantage de temps au S\u00e9n\u00e9gal est de contribuer \u00e0 un sc\u00e9nario politique gagnant-gagnant. La France est sur la corde raide et le moindre faux pas provoquerait un saut fatal dans le vide. Le S\u00e9n\u00e9gal a pay\u00e9 \u00ab&nbsp;<em>le prix du sang<\/em>&nbsp;\u00bb par deux fois pour contribuer \u00e0 la lib\u00e9ration de la France. A-t-on oubli\u00e9 le r\u00f4le capital des tirailleurs s\u00e9n\u00e9galais lors du d\u00e9barquement en Provence ? Ce lien forg\u00e9 par l\u2019histoire m\u00e9rite une attention toute particuli\u00e8re.<\/p>\n\n\n\n<p class=\"has-medium-font-size wp-block-paragraph\"><a href=\"https:\/\/www.marianne.net\/espace-debat\/consultation\/rearmement-civique-comment-re-faire-des-citoyens?utm_source=article&amp;utm_campaign=undefined&amp;utm_content=rearmement-civique-comment-re-faire-des-citoyens&amp;mtm_keyword=true&amp;mtm_cid=204\"><\/a><\/p>\n\n\n\n<p class=\"wp-block-paragraph\"><\/p>\n\n\n\n<p class=\"wp-block-paragraph\"><a href=\"https:\/\/www.marianne.net\/espace-debat\/utilisateur\/c1d89b4fcda135efec7f?utm_source=article&amp;utm_campaign=undefined&amp;utm_content=rearmement-civique-comment-re-faire-des-citoyens&amp;mtm_keyword=true&amp;mtm_cid=204\"><\/a><\/p>\n\n\n\n<figure class=\"wp-block-image\"><a href=\"https:\/\/www.marianne.net\/espace-debat\/utilisateur\/c1d89b4fcda135efec7f?utm_source=article&amp;utm_campaign=undefined&amp;utm_content=rearmement-civique-comment-re-faire-des-citoyens&amp;mtm_keyword=true&amp;mtm_cid=204\"><img decoding=\"async\" src=\"https:\/\/logora-production-assets.fra1.cdn.digitaloceanspaces.com\/uploads\/standard_4804b0d937d44f0d59d8538cc93eb1a0.png\" alt=\"Photo de profil de R\u00e9daction &quot;Marianne&quot;\"\/><\/a><\/figure>\n\n\n\n<p class=\"wp-block-paragraph\"><\/p>","protected":false},"excerpt":{"rendered":"<p>Erwan Davoux, r\u00e9dacteur en chef de \u00ab Geopolitics.fr \u00bb, ancien charg\u00e9 de mission \u00e0 l\u2019\u00c9lys\u00e9e, a conseill\u00e9 de nombreuses personnalit\u00e9s politiques de&hellip;<\/p>","protected":false},"author":16,"featured_media":2309,"comment_status":"open","ping_status":"open","sticky":false,"template":"","format":"standard","meta":{"_lmt_disableupdate":"","_lmt_disable":"","footnotes":""},"categories":[5],"tags":[],"class_list":["post-2306","post","type-post","status-publish","format-standard","has-post-thumbnail","hentry","category-international"],"yoast_head":"<!-- This site is optimized with the Yoast SEO Premium plugin v28.1 (Yoast SEO v28.1) - https:\/\/yoast.com\/product\/yoast-seo-premium-wordpress\/ -->\n<title>Erwan Davoux\u00a0: &quot;La diplomatie fran\u00e7aise serait bien inspir\u00e9e de consacrer davantage de temps au S\u00e9n\u00e9gal&quot; (marianne.net) | Geopolitics.fr<\/title>\n<meta name=\"robots\" content=\"index, follow, max-snippet:-1, max-image-preview:large, max-video-preview:-1\" \/>\n<link rel=\"canonical\" href=\"https:\/\/www.geopolitics.fr\/en\/2024\/02\/23\/erwan-davoux-la-diplomatie-francaise-serait-bien-inspiree-de-consacrer-davantage-de-temps-au-senegal-marianne-net\/\" \/>\n<meta property=\"og:locale\" content=\"en_GB\" \/>\n<meta property=\"og:type\" content=\"article\" \/>\n<meta property=\"og:title\" content=\"Erwan Davoux\u00a0: &quot;La diplomatie fran\u00e7aise serait bien inspir\u00e9e de consacrer davantage de temps au S\u00e9n\u00e9gal&quot; (marianne.net)\" \/>\n<meta property=\"og:description\" content=\"Erwan Davoux, r\u00e9dacteur en chef de \u00ab Geopolitics.fr \u00bb, ancien charg\u00e9 de mission \u00e0 l\u2019\u00c9lys\u00e9e, a conseill\u00e9 de nombreuses personnalit\u00e9s politiques de&hellip;\" \/>\n<meta property=\"og:url\" content=\"https:\/\/www.geopolitics.fr\/en\/2024\/02\/23\/erwan-davoux-la-diplomatie-francaise-serait-bien-inspiree-de-consacrer-davantage-de-temps-au-senegal-marianne-net\/\" \/>\n<meta property=\"og:site_name\" content=\"Geopolitics.fr\" \/>\n<meta property=\"article:publisher\" content=\"https:\/\/www.facebook.com\/people\/Erwan-Davoux\/61557098968092\/\" \/>\n<meta property=\"article:author\" content=\"Erwan Davoux\" \/>\n<meta property=\"article:published_time\" content=\"2024-02-23T18:49:00+00:00\" \/>\n<meta property=\"article:modified_time\" content=\"2024-03-26T20:29:19+00:00\" \/>\n<meta property=\"og:image\" content=\"https:\/\/www.geopolitics.fr\/wp-content\/uploads\/2024\/02\/macky-bonne.jpg\" \/>\n\t<meta property=\"og:image:width\" content=\"413\" \/>\n\t<meta property=\"og:image:height\" content=\"495\" \/>\n\t<meta property=\"og:image:type\" content=\"image\/jpeg\" \/>\n<meta name=\"author\" content=\"Erwan Davoux\" \/>\n<meta name=\"twitter:card\" content=\"summary_large_image\" \/>\n<meta name=\"twitter:creator\" content=\"@erwandavoux @Geo_politicsfr\" \/>\n<meta name=\"twitter:site\" content=\"@Geopolitics_Fr\" \/>\n<meta name=\"twitter:label1\" content=\"Written by\" \/>\n\t<meta name=\"twitter:data1\" content=\"Erwan Davoux\" \/>\n\t<meta name=\"twitter:label2\" content=\"Estimated reading time\" \/>\n\t<meta name=\"twitter:data2\" content=\"9 minutes\" \/>\n<script type=\"application\/ld+json\" class=\"yoast-schema-graph\">{\"@context\":\"https:\\\/\\\/schema.org\",\"@graph\":[{\"@type\":\"Article\",\"@id\":\"https:\\\/\\\/www.geopolitics.fr\\\/2024\\\/02\\\/23\\\/erwan-davoux-la-diplomatie-francaise-serait-bien-inspiree-de-consacrer-davantage-de-temps-au-senegal-marianne-net\\\/#article\",\"isPartOf\":{\"@id\":\"https:\\\/\\\/www.geopolitics.fr\\\/2024\\\/02\\\/23\\\/erwan-davoux-la-diplomatie-francaise-serait-bien-inspiree-de-consacrer-davantage-de-temps-au-senegal-marianne-net\\\/\"},\"author\":{\"name\":\"Erwan Davoux\",\"@id\":\"https:\\\/\\\/www.geopolitics.fr\\\/#\\\/schema\\\/person\\\/a487273e91313e368925717400fa1b11\"},\"headline\":\"Erwan Davoux\u00a0: \u00ab\u00a0La diplomatie fran\u00e7aise serait bien inspir\u00e9e de consacrer davantage de temps au S\u00e9n\u00e9gal\u00a0\u00bb (marianne.net)\",\"datePublished\":\"2024-02-23T18:49:00+00:00\",\"dateModified\":\"2024-03-26T20:29:19+00:00\",\"mainEntityOfPage\":{\"@id\":\"https:\\\/\\\/www.geopolitics.fr\\\/2024\\\/02\\\/23\\\/erwan-davoux-la-diplomatie-francaise-serait-bien-inspiree-de-consacrer-davantage-de-temps-au-senegal-marianne-net\\\/\"},\"wordCount\":1947,\"commentCount\":0,\"publisher\":{\"@id\":\"https:\\\/\\\/www.geopolitics.fr\\\/#organization\"},\"image\":{\"@id\":\"https:\\\/\\\/www.geopolitics.fr\\\/2024\\\/02\\\/23\\\/erwan-davoux-la-diplomatie-francaise-serait-bien-inspiree-de-consacrer-davantage-de-temps-au-senegal-marianne-net\\\/#primaryimage\"},\"thumbnailUrl\":\"https:\\\/\\\/www.geopolitics.fr\\\/wp-content\\\/uploads\\\/2024\\\/02\\\/macky-bonne.jpg\",\"articleSection\":[\"International\"],\"inLanguage\":\"en-GB\"},{\"@type\":\"WebPage\",\"@id\":\"https:\\\/\\\/www.geopolitics.fr\\\/2024\\\/02\\\/23\\\/erwan-davoux-la-diplomatie-francaise-serait-bien-inspiree-de-consacrer-davantage-de-temps-au-senegal-marianne-net\\\/\",\"url\":\"https:\\\/\\\/www.geopolitics.fr\\\/2024\\\/02\\\/23\\\/erwan-davoux-la-diplomatie-francaise-serait-bien-inspiree-de-consacrer-davantage-de-temps-au-senegal-marianne-net\\\/\",\"name\":\"Erwan Davoux\u00a0: \\\"La diplomatie fran\u00e7aise serait bien inspir\u00e9e de consacrer davantage de temps au S\u00e9n\u00e9gal\\\" (marianne.net) | Geopolitics.fr\",\"isPartOf\":{\"@id\":\"https:\\\/\\\/www.geopolitics.fr\\\/#website\"},\"primaryImageOfPage\":{\"@id\":\"https:\\\/\\\/www.geopolitics.fr\\\/2024\\\/02\\\/23\\\/erwan-davoux-la-diplomatie-francaise-serait-bien-inspiree-de-consacrer-davantage-de-temps-au-senegal-marianne-net\\\/#primaryimage\"},\"image\":{\"@id\":\"https:\\\/\\\/www.geopolitics.fr\\\/2024\\\/02\\\/23\\\/erwan-davoux-la-diplomatie-francaise-serait-bien-inspiree-de-consacrer-davantage-de-temps-au-senegal-marianne-net\\\/#primaryimage\"},\"thumbnailUrl\":\"https:\\\/\\\/www.geopolitics.fr\\\/wp-content\\\/uploads\\\/2024\\\/02\\\/macky-bonne.jpg\",\"datePublished\":\"2024-02-23T18:49:00+00:00\",\"dateModified\":\"2024-03-26T20:29:19+00:00\",\"breadcrumb\":{\"@id\":\"https:\\\/\\\/www.geopolitics.fr\\\/2024\\\/02\\\/23\\\/erwan-davoux-la-diplomatie-francaise-serait-bien-inspiree-de-consacrer-davantage-de-temps-au-senegal-marianne-net\\\/#breadcrumb\"},\"inLanguage\":\"en-GB\",\"potentialAction\":[{\"@type\":\"ReadAction\",\"target\":[\"https:\\\/\\\/www.geopolitics.fr\\\/2024\\\/02\\\/23\\\/erwan-davoux-la-diplomatie-francaise-serait-bien-inspiree-de-consacrer-davantage-de-temps-au-senegal-marianne-net\\\/\"]}]},{\"@type\":\"ImageObject\",\"inLanguage\":\"en-GB\",\"@id\":\"https:\\\/\\\/www.geopolitics.fr\\\/2024\\\/02\\\/23\\\/erwan-davoux-la-diplomatie-francaise-serait-bien-inspiree-de-consacrer-davantage-de-temps-au-senegal-marianne-net\\\/#primaryimage\",\"url\":\"https:\\\/\\\/www.geopolitics.fr\\\/wp-content\\\/uploads\\\/2024\\\/02\\\/macky-bonne.jpg\",\"contentUrl\":\"https:\\\/\\\/www.geopolitics.fr\\\/wp-content\\\/uploads\\\/2024\\\/02\\\/macky-bonne.jpg\",\"width\":413,\"height\":495},{\"@type\":\"BreadcrumbList\",\"@id\":\"https:\\\/\\\/www.geopolitics.fr\\\/2024\\\/02\\\/23\\\/erwan-davoux-la-diplomatie-francaise-serait-bien-inspiree-de-consacrer-davantage-de-temps-au-senegal-marianne-net\\\/#breadcrumb\",\"itemListElement\":[{\"@type\":\"ListItem\",\"position\":1,\"name\":\"Accueil\",\"item\":\"https:\\\/\\\/www.geopolitics.fr\\\/\"},{\"@type\":\"ListItem\",\"position\":2,\"name\":\"Erwan Davoux\u00a0: &#8220;La diplomatie fran\u00e7aise serait bien inspir\u00e9e de consacrer davantage de temps au S\u00e9n\u00e9gal&#8221; (marianne.net)\"}]},{\"@type\":\"WebSite\",\"@id\":\"https:\\\/\\\/www.geopolitics.fr\\\/#website\",\"url\":\"https:\\\/\\\/www.geopolitics.fr\\\/\",\"name\":\"Geopolitics.fr\",\"description\":\"Geopolitics.fr Analyse politique, relations internationales, d\u00e9fense - ligne \u00e9ditoriale gaullo-chiraquienne\",\"publisher\":{\"@id\":\"https:\\\/\\\/www.geopolitics.fr\\\/#organization\"},\"potentialAction\":[{\"@type\":\"SearchAction\",\"target\":{\"@type\":\"EntryPoint\",\"urlTemplate\":\"https:\\\/\\\/www.geopolitics.fr\\\/?s={search_term_string}\"},\"query-input\":{\"@type\":\"PropertyValueSpecification\",\"valueRequired\":true,\"valueName\":\"search_term_string\"}}],\"inLanguage\":\"en-GB\"},{\"@type\":\"Organization\",\"@id\":\"https:\\\/\\\/www.geopolitics.fr\\\/#organization\",\"name\":\"Geopolitics.fr\",\"url\":\"https:\\\/\\\/www.geopolitics.fr\\\/\",\"logo\":{\"@type\":\"ImageObject\",\"inLanguage\":\"en-GB\",\"@id\":\"https:\\\/\\\/www.geopolitics.fr\\\/#\\\/schema\\\/logo\\\/image\\\/\",\"url\":\"https:\\\/\\\/www.geopolitics.fr\\\/wp-content\\\/uploads\\\/2024\\\/01\\\/logo.jpg\",\"contentUrl\":\"https:\\\/\\\/www.geopolitics.fr\\\/wp-content\\\/uploads\\\/2024\\\/01\\\/logo.jpg\",\"width\":500,\"height\":500,\"caption\":\"Geopolitics.fr\"},\"image\":{\"@id\":\"https:\\\/\\\/www.geopolitics.fr\\\/#\\\/schema\\\/logo\\\/image\\\/\"},\"sameAs\":[\"https:\\\/\\\/www.facebook.com\\\/people\\\/Erwan-Davoux\\\/61557098968092\\\/\",\"https:\\\/\\\/x.com\\\/Geopolitics_Fr\"]},{\"@type\":\"Person\",\"@id\":\"https:\\\/\\\/www.geopolitics.fr\\\/#\\\/schema\\\/person\\\/a487273e91313e368925717400fa1b11\",\"name\":\"Erwan Davoux\",\"image\":{\"@type\":\"ImageObject\",\"inLanguage\":\"en-GB\",\"@id\":\"https:\\\/\\\/www.geopolitics.fr\\\/wp-content\\\/uploads\\\/2026\\\/05\\\/moi-96x96.jpg\",\"url\":\"https:\\\/\\\/www.geopolitics.fr\\\/wp-content\\\/uploads\\\/2026\\\/05\\\/moi-96x96.jpg\",\"contentUrl\":\"https:\\\/\\\/www.geopolitics.fr\\\/wp-content\\\/uploads\\\/2026\\\/05\\\/moi-96x96.jpg\",\"caption\":\"Erwan Davoux\"},\"description\":\"Erwan DAVOUX est Pr\u00e9sident de LMD CONSEIL, (conseil strat\u00e9gique, intelligence \u00e9conomique, risque g\u00e9opolitique, influence politique, diplomatie \u00e9conomique). Dipl\u00f4m\u00e9 de l'IEP de Paris et de l'INALCO (d\u00e9partement d'\u00e9tudes arabes), il est directeur de la publication de geopolitics.fr. Ancien fonctionnaire au Minist\u00e8re de l'Int\u00e9rieur et de la D\u00e9fense (DGSE) Ancien charg\u00e9 de Mission \u00e0 la Pr\u00e9sidence de la R\u00e9publique (cellule diplomatique) Conseil de nombreuses personnalit\u00e9s politiques \u00e0 l'International (dont deux anciens Premiers ministres).\",\"sameAs\":[\"Erwan Davoux\",\"@erwandavoux\",\"https:\\\/\\\/www.linkedin.com\\\/in\\\/erwan-davoux-6800b289\\\/\",\"https:\\\/\\\/x.com\\\/@erwandavoux @Geo_politicsfr\"],\"url\":\"https:\\\/\\\/www.geopolitics.fr\\\/en\\\/author\\\/erwan-davoux\\\/\"}]}<\/script>\n<!-- \/ Yoast SEO Premium plugin. -->","yoast_head_json":{"title":"Erwan Davoux\u00a0: \"La diplomatie fran\u00e7aise serait bien inspir\u00e9e de consacrer davantage de temps au S\u00e9n\u00e9gal\" (marianne.net) | Geopolitics.fr","robots":{"index":"index","follow":"follow","max-snippet":"max-snippet:-1","max-image-preview":"max-image-preview:large","max-video-preview":"max-video-preview:-1"},"canonical":"https:\/\/www.geopolitics.fr\/en\/2024\/02\/23\/erwan-davoux-la-diplomatie-francaise-serait-bien-inspiree-de-consacrer-davantage-de-temps-au-senegal-marianne-net\/","og_locale":"en_GB","og_type":"article","og_title":"Erwan Davoux\u00a0: \"La diplomatie fran\u00e7aise serait bien inspir\u00e9e de consacrer davantage de temps au S\u00e9n\u00e9gal\" (marianne.net)","og_description":"Erwan Davoux, r\u00e9dacteur en chef de \u00ab Geopolitics.fr \u00bb, ancien charg\u00e9 de mission \u00e0 l\u2019\u00c9lys\u00e9e, a conseill\u00e9 de nombreuses personnalit\u00e9s politiques de&hellip;","og_url":"https:\/\/www.geopolitics.fr\/en\/2024\/02\/23\/erwan-davoux-la-diplomatie-francaise-serait-bien-inspiree-de-consacrer-davantage-de-temps-au-senegal-marianne-net\/","og_site_name":"Geopolitics.fr","article_publisher":"https:\/\/www.facebook.com\/people\/Erwan-Davoux\/61557098968092\/","article_author":"Erwan Davoux","article_published_time":"2024-02-23T18:49:00+00:00","article_modified_time":"2024-03-26T20:29:19+00:00","og_image":[{"width":413,"height":495,"url":"https:\/\/www.geopolitics.fr\/wp-content\/uploads\/2024\/02\/macky-bonne.jpg","type":"image\/jpeg"}],"author":"Erwan Davoux","twitter_card":"summary_large_image","twitter_creator":"@erwandavoux @Geo_politicsfr","twitter_site":"@Geopolitics_Fr","twitter_misc":{"Written by":"Erwan Davoux","Estimated reading time":"9 minutes"},"schema":{"@context":"https:\/\/schema.org","@graph":[{"@type":"Article","@id":"https:\/\/www.geopolitics.fr\/2024\/02\/23\/erwan-davoux-la-diplomatie-francaise-serait-bien-inspiree-de-consacrer-davantage-de-temps-au-senegal-marianne-net\/#article","isPartOf":{"@id":"https:\/\/www.geopolitics.fr\/2024\/02\/23\/erwan-davoux-la-diplomatie-francaise-serait-bien-inspiree-de-consacrer-davantage-de-temps-au-senegal-marianne-net\/"},"author":{"name":"Erwan Davoux","@id":"https:\/\/www.geopolitics.fr\/#\/schema\/person\/a487273e91313e368925717400fa1b11"},"headline":"Erwan Davoux\u00a0: \u00ab\u00a0La diplomatie fran\u00e7aise serait bien inspir\u00e9e de consacrer davantage de temps au S\u00e9n\u00e9gal\u00a0\u00bb (marianne.net)","datePublished":"2024-02-23T18:49:00+00:00","dateModified":"2024-03-26T20:29:19+00:00","mainEntityOfPage":{"@id":"https:\/\/www.geopolitics.fr\/2024\/02\/23\/erwan-davoux-la-diplomatie-francaise-serait-bien-inspiree-de-consacrer-davantage-de-temps-au-senegal-marianne-net\/"},"wordCount":1947,"commentCount":0,"publisher":{"@id":"https:\/\/www.geopolitics.fr\/#organization"},"image":{"@id":"https:\/\/www.geopolitics.fr\/2024\/02\/23\/erwan-davoux-la-diplomatie-francaise-serait-bien-inspiree-de-consacrer-davantage-de-temps-au-senegal-marianne-net\/#primaryimage"},"thumbnailUrl":"https:\/\/www.geopolitics.fr\/wp-content\/uploads\/2024\/02\/macky-bonne.jpg","articleSection":["International"],"inLanguage":"en-GB"},{"@type":"WebPage","@id":"https:\/\/www.geopolitics.fr\/2024\/02\/23\/erwan-davoux-la-diplomatie-francaise-serait-bien-inspiree-de-consacrer-davantage-de-temps-au-senegal-marianne-net\/","url":"https:\/\/www.geopolitics.fr\/2024\/02\/23\/erwan-davoux-la-diplomatie-francaise-serait-bien-inspiree-de-consacrer-davantage-de-temps-au-senegal-marianne-net\/","name":"Erwan Davoux\u00a0: \"La diplomatie fran\u00e7aise serait bien inspir\u00e9e de consacrer davantage de temps au S\u00e9n\u00e9gal\" (marianne.net) | Geopolitics.fr","isPartOf":{"@id":"https:\/\/www.geopolitics.fr\/#website"},"primaryImageOfPage":{"@id":"https:\/\/www.geopolitics.fr\/2024\/02\/23\/erwan-davoux-la-diplomatie-francaise-serait-bien-inspiree-de-consacrer-davantage-de-temps-au-senegal-marianne-net\/#primaryimage"},"image":{"@id":"https:\/\/www.geopolitics.fr\/2024\/02\/23\/erwan-davoux-la-diplomatie-francaise-serait-bien-inspiree-de-consacrer-davantage-de-temps-au-senegal-marianne-net\/#primaryimage"},"thumbnailUrl":"https:\/\/www.geopolitics.fr\/wp-content\/uploads\/2024\/02\/macky-bonne.jpg","datePublished":"2024-02-23T18:49:00+00:00","dateModified":"2024-03-26T20:29:19+00:00","breadcrumb":{"@id":"https:\/\/www.geopolitics.fr\/2024\/02\/23\/erwan-davoux-la-diplomatie-francaise-serait-bien-inspiree-de-consacrer-davantage-de-temps-au-senegal-marianne-net\/#breadcrumb"},"inLanguage":"en-GB","potentialAction":[{"@type":"ReadAction","target":["https:\/\/www.geopolitics.fr\/2024\/02\/23\/erwan-davoux-la-diplomatie-francaise-serait-bien-inspiree-de-consacrer-davantage-de-temps-au-senegal-marianne-net\/"]}]},{"@type":"ImageObject","inLanguage":"en-GB","@id":"https:\/\/www.geopolitics.fr\/2024\/02\/23\/erwan-davoux-la-diplomatie-francaise-serait-bien-inspiree-de-consacrer-davantage-de-temps-au-senegal-marianne-net\/#primaryimage","url":"https:\/\/www.geopolitics.fr\/wp-content\/uploads\/2024\/02\/macky-bonne.jpg","contentUrl":"https:\/\/www.geopolitics.fr\/wp-content\/uploads\/2024\/02\/macky-bonne.jpg","width":413,"height":495},{"@type":"BreadcrumbList","@id":"https:\/\/www.geopolitics.fr\/2024\/02\/23\/erwan-davoux-la-diplomatie-francaise-serait-bien-inspiree-de-consacrer-davantage-de-temps-au-senegal-marianne-net\/#breadcrumb","itemListElement":[{"@type":"ListItem","position":1,"name":"Accueil","item":"https:\/\/www.geopolitics.fr\/"},{"@type":"ListItem","position":2,"name":"Erwan Davoux\u00a0: &#8220;La diplomatie fran\u00e7aise serait bien inspir\u00e9e de consacrer davantage de temps au S\u00e9n\u00e9gal&#8221; (marianne.net)"}]},{"@type":"WebSite","@id":"https:\/\/www.geopolitics.fr\/#website","url":"https:\/\/www.geopolitics.fr\/","name":"Geopolitics.fr","description":"Geopolitics.fr Analyse politique, relations internationales, d\u00e9fense - ligne \u00e9ditoriale gaullo-chiraquienne","publisher":{"@id":"https:\/\/www.geopolitics.fr\/#organization"},"potentialAction":[{"@type":"SearchAction","target":{"@type":"EntryPoint","urlTemplate":"https:\/\/www.geopolitics.fr\/?s={search_term_string}"},"query-input":{"@type":"PropertyValueSpecification","valueRequired":true,"valueName":"search_term_string"}}],"inLanguage":"en-GB"},{"@type":"Organization","@id":"https:\/\/www.geopolitics.fr\/#organization","name":"Geopolitics.fr","url":"https:\/\/www.geopolitics.fr\/","logo":{"@type":"ImageObject","inLanguage":"en-GB","@id":"https:\/\/www.geopolitics.fr\/#\/schema\/logo\/image\/","url":"https:\/\/www.geopolitics.fr\/wp-content\/uploads\/2024\/01\/logo.jpg","contentUrl":"https:\/\/www.geopolitics.fr\/wp-content\/uploads\/2024\/01\/logo.jpg","width":500,"height":500,"caption":"Geopolitics.fr"},"image":{"@id":"https:\/\/www.geopolitics.fr\/#\/schema\/logo\/image\/"},"sameAs":["https:\/\/www.facebook.com\/people\/Erwan-Davoux\/61557098968092\/","https:\/\/x.com\/Geopolitics_Fr"]},{"@type":"Person","@id":"https:\/\/www.geopolitics.fr\/#\/schema\/person\/a487273e91313e368925717400fa1b11","name":"Erwan Davoux","image":{"@type":"ImageObject","inLanguage":"en-GB","@id":"https:\/\/www.geopolitics.fr\/wp-content\/uploads\/2026\/05\/moi-96x96.jpg","url":"https:\/\/www.geopolitics.fr\/wp-content\/uploads\/2026\/05\/moi-96x96.jpg","contentUrl":"https:\/\/www.geopolitics.fr\/wp-content\/uploads\/2026\/05\/moi-96x96.jpg","caption":"Erwan Davoux"},"description":"Erwan DAVOUX est Pr\u00e9sident de LMD CONSEIL, (conseil strat\u00e9gique, intelligence \u00e9conomique, risque g\u00e9opolitique, influence politique, diplomatie \u00e9conomique). Dipl\u00f4m\u00e9 de l'IEP de Paris et de l'INALCO (d\u00e9partement d'\u00e9tudes arabes), il est directeur de la publication de geopolitics.fr. Ancien fonctionnaire au Minist\u00e8re de l'Int\u00e9rieur et de la D\u00e9fense (DGSE) Ancien charg\u00e9 de Mission \u00e0 la Pr\u00e9sidence de la R\u00e9publique (cellule diplomatique) Conseil de nombreuses personnalit\u00e9s politiques \u00e0 l'International (dont deux anciens Premiers ministres).","sameAs":["Erwan Davoux","@erwandavoux","https:\/\/www.linkedin.com\/in\/erwan-davoux-6800b289\/","https:\/\/x.com\/@erwandavoux @Geo_politicsfr"],"url":"https:\/\/www.geopolitics.fr\/en\/author\/erwan-davoux\/"}]}},"_links":{"self":[{"href":"https:\/\/www.geopolitics.fr\/en\/wp-json\/wp\/v2\/posts\/2306","targetHints":{"allow":["GET"]}}],"collection":[{"href":"https:\/\/www.geopolitics.fr\/en\/wp-json\/wp\/v2\/posts"}],"about":[{"href":"https:\/\/www.geopolitics.fr\/en\/wp-json\/wp\/v2\/types\/post"}],"author":[{"embeddable":true,"href":"https:\/\/www.geopolitics.fr\/en\/wp-json\/wp\/v2\/users\/16"}],"replies":[{"embeddable":true,"href":"https:\/\/www.geopolitics.fr\/en\/wp-json\/wp\/v2\/comments?post=2306"}],"version-history":[{"count":0,"href":"https:\/\/www.geopolitics.fr\/en\/wp-json\/wp\/v2\/posts\/2306\/revisions"}],"wp:featuredmedia":[{"embeddable":true,"href":"https:\/\/www.geopolitics.fr\/en\/wp-json\/wp\/v2\/media\/2309"}],"wp:attachment":[{"href":"https:\/\/www.geopolitics.fr\/en\/wp-json\/wp\/v2\/media?parent=2306"}],"wp:term":[{"taxonomy":"category","embeddable":true,"href":"https:\/\/www.geopolitics.fr\/en\/wp-json\/wp\/v2\/categories?post=2306"},{"taxonomy":"post_tag","embeddable":true,"href":"https:\/\/www.geopolitics.fr\/en\/wp-json\/wp\/v2\/tags?post=2306"}],"curies":[{"name":"wp","href":"https:\/\/api.w.org\/{rel}","templated":true}]}}