{"id":2261,"date":"2024-02-11T17:33:51","date_gmt":"2024-02-11T16:33:51","guid":{"rendered":"https:\/\/www.geopolitics.fr\/?p=2261"},"modified":"2024-06-21T19:31:26","modified_gmt":"2024-06-21T17:31:26","slug":"apres-son-expulsion-de-la-zone-sahelienne-la-france-sur-la-corde-raide-au-senegal-1-2","status":"publish","type":"post","link":"https:\/\/www.geopolitics.fr\/en\/2024\/02\/11\/apres-son-expulsion-de-la-zone-sahelienne-la-france-sur-la-corde-raide-au-senegal-1-2\/","title":{"rendered":"Apr\u00e8s son expulsion de la zone sah\u00e9lienne, la France en grande fragilit\u00e9 en Afrique de l&rsquo;Ouest"},"content":{"rendered":"<p class=\"has-medium-font-size wp-block-paragraph\">Il y eut le malheureux et ind\u00e9l\u00e9bile \u00ab&nbsp;Homme africain pas suffisamment entr\u00e9 dans l\u2019Histoire&nbsp;\u00bb de Nicolas Sarkozy \u00e0 Dakar, en novembre 2007<em>. <\/em><strong><em>N\u00e9anmoins, c\u2019est sous le quinquennat de Fran\u00e7ois Hollande que d\u00e9bute l\u2019approche purement s\u00e9curitaire du continent africain et les comportements d\u00e9plac\u00e9s, le tout ne faisant que s\u2019amplifier depuis les pr\u00e9sidences Macron. R\u00e9sultat, la France est chass\u00e9e de son ancien \u00ab&nbsp;pr\u00e9-carr\u00e9&nbsp;\u00bb. Pour combien de temps encore&nbsp;?<\/em><\/strong><\/p>\n\n\n\n<h2 class=\"wp-block-heading has-text-align-center\" id=\"h-pourquoi-la-france-a-t-elle-ete-bannie-d-afrique-de-l-ouest-nbsp\"><strong>POURQUOI LA FRANCE A-T-ELLE \u00c9T\u00c9 BANNIE D\u2019AFRIQUE DE L\u2019OUEST&nbsp;?<\/strong><\/h2>\n\n\n\n<p class=\"has-medium-font-size wp-block-paragraph\">L\u2019expulsion humiliante de la zone sah\u00e9lienne et le rejet g\u00e9n\u00e9ralis\u00e9 en Afrique de l\u2019Ouest <strong>sont moins l\u2019expression d\u2019un sentiment anti-fran\u00e7ais qui ne s\u2019est manifest\u00e9 que tardivement et de mani\u00e8re mod\u00e9r\u00e9e que le rejet massif, lui, d\u2019une politique sans cap, paternaliste et la r\u00e9p\u00e9tition de comportements condescendants et d\u00e9plac\u00e9s.<\/strong><\/p>\n\n\n\n<p class=\"has-medium-font-size wp-block-paragraph\">Certes la colonisation britannique et la colonisation fran\u00e7aise furent des mod\u00e8les tr\u00e8s diff\u00e9rents. Mais comment se fait-il que le Royaume-Uni, ex grande puissance coloniale ne soit pas victime du m\u00eame rejet dans ses anciennes colonies\u00a0? Comment se fait-il que ce sentiment se manifeste de mani\u00e8re si virulente aupr\u00e8s d\u2019une jeunesse africaine qui n\u2019a pas v\u00e9cu la p\u00e9riode coloniale\u00a0?<\/p>\n\n\n\n<p class=\"has-medium-font-size wp-block-paragraph\">Durant ma campagne des \u00e9lections l\u00e9gislatives de 2017, dans la 9<sup>\u00e8me<\/sup> circonscription des Fran\u00e7ais \u00e9tablis hors-de-France, j\u2019ai sillonn\u00e9 l\u2019Afrique de l\u2019Ouest et je fus frapp\u00e9 par ces critiques incessantes de la politique fran\u00e7aise. On reprochait tout \u00e0 la fois \u00e0 la France une politique n\u00e9ocolonialiste mais aussi une prise de distance, de ne pas assez intervenir ou de ne le faire que pour piller des richesses, de se d\u00e9sint\u00e9resser de l\u2019Afrique ou au contraire de ne pas la laisser prendre une \u00ab&nbsp;vraie ind\u00e9pendance&nbsp;\u00bb. <strong>Tout et son contraire en somme.<\/strong><\/p>\n\n\n\n<h3 class=\"wp-block-heading\" id=\"h-la-prise-de-conscience-du-recul-de-notre-influence-a-ete-tres-tardive\"><strong>La prise de conscience du recul de notre influence a \u00e9t\u00e9 tr\u00e8s tardive<\/strong><\/h3>\n\n\n\n<p class=\"has-medium-font-size wp-block-paragraph\"><strong>Longtemps, la France a n\u00e9glig\u00e9 le travail de sape effectu\u00e9 par la Russie et l\u2019offensive de la Chine et la Turquie \u00e0 son endroit<\/strong>. La Chine construit des Instituts Confucius partout dans lesquels les cours de chinois sont gratuits\u00a0; la Turquie dispose de son propre r\u00e9seau d\u2019enseignement et b\u00e9n\u00e9ficie de l\u2019action dynamique de la Fondation Maarif\u00a0; la Russie place ses soci\u00e9t\u00e9s de s\u00e9curit\u00e9 et r\u00e9adopte une posture frontalement hostile au \u00ab\u00a0bloc occidental\u00a0\u00bb qui lui vaut une certaine popularit\u00e9. <strong>La France, elle, rabote dans ses budgets d\u2019enseignement \u00e0 l\u2019\u00e9tranger, fait payer tr\u00e8s cher les formations en fran\u00e7ais et se montre, en r\u00e9alit\u00e9, incapable de r\u00e9pondre \u00e0 la demande de fran\u00e7ais toujours tr\u00e8s forte<\/strong>. <strong>Alors m\u00eame que l\u2019avenir de la francophonie se joue sur le continent africain<\/strong>\u00a0! <strong>La France s\u2019est ing\u00e9ni\u00e9e \u00e0 d\u00e9truire son soft power<\/strong>. La prise de conscience de cette situation a \u00e9t\u00e9 tardive et <strong>il faut louer certaines initiatives r\u00e9centes\u00a0<\/strong>: La cr\u00e9ation au MEAE d\u2019\u00ab\u00a0<strong>une sous-direction veille et strat\u00e9gie<\/strong>\u00a0\u00bb qui doit permettre de renforcer les moyens de la diplomatie fran\u00e7aise dans la \u00ab\u00a0\u00a0<em>guerre informationnelle<\/em>\u00a0; <strong>un m\u00e9dia sp\u00e9cifique destin\u00e9 \u00e0 contrer les \u00ab\u00a0fakes news\u00a0\u00bb<\/strong> est en cr\u00e9ation. <strong>Mais le retard est colossal et surtout il ne peut \u00eatre efficace qu\u2019en support d\u2019une politique africaine appr\u00e9ci\u00e9e. Or, tel n\u2019est pas le cas.<\/strong><\/p>\n\n\n\n<h3 class=\"wp-block-heading\" id=\"h-nbsp-les-politiques-de-francois-hollande-et-d-emmanuel-s-inscrivent-dans-une-continuite-d-echecs-le-tout-securitaire-au-detriment-du-politique\">&nbsp;<strong>Les politiques de Fran\u00e7ois Hollande et d\u2019Emmanuel s\u2019inscrivent dans une continuit\u00e9 d\u2019\u00e9checs. Le tout s\u00e9curitaire au d\u00e9triment du politique.<\/strong><\/h3>\n\n\n\n<figure class=\"wp-block-image size-large\"><img fetchpriority=\"high\" decoding=\"async\" width=\"1024\" height=\"683\" src=\"https:\/\/www.geopolitics.fr\/wp-content\/uploads\/2024\/02\/ARMEE-FRAN-AFR-1024x683.jpg\" alt=\"\" class=\"wp-image-2264\" srcset=\"https:\/\/www.geopolitics.fr\/wp-content\/uploads\/2024\/02\/ARMEE-FRAN-AFR-1024x683.jpg 1024w, https:\/\/www.geopolitics.fr\/wp-content\/uploads\/2024\/02\/ARMEE-FRAN-AFR-scaled-600x400.jpg 600w, https:\/\/www.geopolitics.fr\/wp-content\/uploads\/2024\/02\/ARMEE-FRAN-AFR-300x200.jpg 300w, https:\/\/www.geopolitics.fr\/wp-content\/uploads\/2024\/02\/ARMEE-FRAN-AFR-768x512.jpg 768w, https:\/\/www.geopolitics.fr\/wp-content\/uploads\/2024\/02\/ARMEE-FRAN-AFR-1536x1024.jpg 1536w, https:\/\/www.geopolitics.fr\/wp-content\/uploads\/2024\/02\/ARMEE-FRAN-AFR-2048x1365.jpg 2048w, https:\/\/www.geopolitics.fr\/wp-content\/uploads\/2024\/02\/ARMEE-FRAN-AFR-scaled.jpg 1920w, https:\/\/www.geopolitics.fr\/wp-content\/uploads\/2024\/02\/ARMEE-FRAN-AFR-1170x780.jpg 1170w, https:\/\/www.geopolitics.fr\/wp-content\/uploads\/2024\/02\/ARMEE-FRAN-AFR-585x390.jpg 585w, https:\/\/www.geopolitics.fr\/wp-content\/uploads\/2024\/02\/ARMEE-FRAN-AFR-263x175.jpg 263w\" sizes=\"(max-width: 1024px) 100vw, 1024px\" \/><\/figure>\n\n\n\n<p class=\"has-medium-font-size wp-block-paragraph\"><strong>Tout d\u2019abord, il n\u2019est pas faire injure aux deux int\u00e9ress\u00e9s que de constater qu\u2019ils n\u2019avaient aucune exp\u00e9rience africaine significative avant de prendre leurs fonctions<\/strong>. <strong>Il est d\u2019autant plus curieux qu\u2019ils n\u2019aient pas choisi de s\u2019entourer de diplomates chevronn\u00e9s, experts du contient<\/strong> mais privil\u00e9gient l\u2019all\u00e9geance politique. Chirac et Sarkozy ont pu compter sur Michel Dupuch, Michel de Bonnecorse, Bruno Joubert, Andr\u00e9 Parant de grand ambassadeurs, reconnus. Fran\u00e7ois Hollande et Emmanuel Macron choisiront, eux, des diplomates n\u2019ayant jamais \u00e9t\u00e9 ambassadeurs. L\u2019appartenance \u00e0 la promotion \u00ab\u00a0L\u00e9opold Sedar Senghor\u00a0\u00bb de l\u2019ENA ayant valeur de S\u00e9same, Franck Paris, tr\u00e8s critiqu\u00e9 durant toute la p\u00e9riode o\u00f9 il fut \u00e0 la t\u00eate de la cellule africaine et surnomm\u00e9 \u00ab&nbsp;l\u2019homme qui connait mieux Bruxelles que l\u2019Afrique&nbsp;\u00bb, n\u2019aura pas laiss\u00e9 un souvenir imp\u00e9rissable dans les capitales africaines.<\/p>\n\n\n\n<p class=\"has-medium-font-size wp-block-paragraph\"><strong>Au-del\u00e0 des hommes, il y a un biais, un tropisme, purement militaire<\/strong>. <strong>En effet, La politique de Fran\u00e7ois Hollande vis-vis de l\u2019Afrique dont Jean-Yves Le Drian fut le grand metteur en sc\u00e8ne, se sera \u00e9troitement cantonn\u00e9e \u00e0 la seule sph\u00e8re s\u00e9curitaire sans vision politique concomitante<\/strong>. &nbsp;Certes, Fran\u00e7ois Hollande eut \u00e0 g\u00e9rer les cons\u00e9quences terribles de l\u2019affaire libyenne et du d\u00e9ferlement d\u2019armes dans la r\u00e9gion. Etait-ce une raison pour oublier qu\u2019une crise militaire ne peut avoir qu\u2019une r\u00e9solution politique&nbsp;? C\u2019est le malheur de nos amis africains qui lui a permis d\u2019exister, au Mali comme en R\u00e9publique centrafricaine. La stabilisation, la construction d\u2019un processus politique r\u00e9aliste et inclusif sont rel\u00e9gu\u00e9s au second plan. <strong>Au Mali o\u00f9 la France est intervenue tardivement, de mani\u00e8re totalement isol\u00e9e et sans rien \u00e0 proposer pour l\u2019apr\u00e8s, sans parvenir \u00e0 mettre autour de la table les principaux Etats concern\u00e9s. <\/strong>Comment s\u2019\u00e9tonner, dans ces conditions, des accusations faciles de n\u00e9o-colonialisme&nbsp;?<\/p>\n\n\n\n<p class=\"has-medium-font-size wp-block-paragraph\">Le Pr\u00e9sident fran\u00e7ais ira jusqu\u2019\u00e0 d\u00e9clarer au Sommet Afrique-France de Bamako en janvier 2017&nbsp;: <strong>\u00ab&nbsp;La France ne recherche pas d\u2019influence en Afrique&nbsp;\u00bb<\/strong> faisant probablement pleurer de rire ou de joie nos comp\u00e9titeurs chinois, russes et turcs.<\/p>\n\n\n\n<p class=\"has-medium-font-size wp-block-paragraph\">La politique d\u2019Emmanuel Macron, toujours tr\u00e8s tributaire de Le Drian, se situera dans la continuit\u00e9. De la fin de Barkhane \u00e0 l\u2019expulsion humiliante du Niger, le politique aura \u00e9t\u00e9 totalement d\u00e9faillant. <strong>On croit r\u00eaver lorsque l\u2019on entend Emmanuel Macron, le 24 septembre dernier, estimer n\u00e9cessaire, grand seigneur, d\u2019absoudre nos militaires pour Serval, Barkhane puis le piteux retrait du Niger ou lorsqu\u2019il pense se racheter en chargeant la DGSE. La seule responsabilit\u00e9 de cet \u00e9chec est politique, un \u00e9chec coconstruit par Fran\u00e7ois Hollande et lui-m\u00eame\u00a0! L\u2019arm\u00e9e fran\u00e7aise, elle, a \u00e9t\u00e9 \u00e0 la hauteur. Ses missions ont \u00e9t\u00e9 mal d\u00e9finies et calibr\u00e9es par l\u2019autorit\u00e9 politique.<\/strong><\/p>\n\n\n\n<p class=\"has-medium-font-size wp-block-paragraph\"><strong>L\u2019erreur d&rsquo;appr\u00e9ciation monumentale qu\u2019aura \u00e9t\u00e9 la tentative d\u2019actionner la CEDAO pour chasser les putschistes nig\u00e9riens du pouvoir n\u2019est pas pr\u00eate d\u2019\u00eatre oubli\u00e9e. <\/strong>Comment a-t-on pu s\u00e9rieusement croire que des soldats africains allaient tirer sur leurs fr\u00e8res nullement mena\u00e7ants ? Au Niger, toutes les erreurs ont \u00e9t\u00e9 commises et d\u2019autant plus marqu\u00e9es qu\u2019a discours martial a suivi une reculade de la France.<\/p>\n\n\n\n<h3 class=\"wp-block-heading\" id=\"h-des-comportements-totalement-inadaptes\"><strong>Des comportements totalement inadapt\u00e9s <\/strong><\/h3>\n\n\n\n<p class=\"has-medium-font-size wp-block-paragraph\"><strong>Au-del\u00e0 de de l\u2019inexp\u00e9rience, de l\u2019absence de vision et de coh\u00e9rence, il y a des mots, des attitudes, des comportements qui peuvent blesser et ruiner la confiance de nos partenaires. A ce triste jeu des mauvaises blagues, Fran\u00e7ois Hollande et Emmanuel Macron n\u2019ont, h\u00e9las, pas de rivaux\u2026<\/strong>Mentionnons les propos invraisemblables d\u2019Emmanuel Macron \u00e0 <strong>l\u2019universit\u00e9 de Ouagadougou le 28 novembre 2017. Venu mettre officiellement un \u00e9ni\u00e8me terme \u00e0 la Fran\u00e7afrique, le Pr\u00e9sident fran\u00e7ais aura, par son attitude d\u00e9sinvolte, contredit tout l\u2019esprit (excellent) de son discours<\/strong>. S\u2019adressant au Pr\u00e9sident burkinab\u00e9\u00a0: \u00ab\u00a0Du coup, il s\u2019en va\u2026 Reste l\u00e0\u00a0!\u00a0plaisante le pr\u00e9sident fran\u00e7ais.\u00a0Du coup, il est parti r\u00e9parer la climatisation\u00a0\u00bb. Quelques instants d\u2019autosatisfaction et de rires, la ruine de notre cr\u00e9dibilit\u00e9 politique \u00e0 long terme. Emmanuel Macron se fera aussi reprendre de vol\u00e9e en RDC par le Pr\u00e9sident F\u00e9lix Tshisekedi, le 4 mars 2023, sur le \u00ab\u00a0compromis \u00e9lectoral \u00e0 l\u2019Africaine\u00a0\u00bb dont il tentera, sans succ\u00e8s, d\u2019exon\u00e9rer Jean-Yves Le Drian (encore lui\u00a0!).<\/p>\n\n\n\n<figure class=\"wp-block-image size-large\"><img decoding=\"async\" width=\"1024\" height=\"680\" src=\"https:\/\/www.geopolitics.fr\/wp-content\/uploads\/2024\/02\/OUAGA-1024x680.jpg\" alt=\"\" class=\"wp-image-2266\" srcset=\"https:\/\/www.geopolitics.fr\/wp-content\/uploads\/2024\/02\/OUAGA-1024x680.jpg 1024w, https:\/\/www.geopolitics.fr\/wp-content\/uploads\/2024\/02\/OUAGA-scaled-600x398.jpg 600w, https:\/\/www.geopolitics.fr\/wp-content\/uploads\/2024\/02\/OUAGA-300x199.jpg 300w, https:\/\/www.geopolitics.fr\/wp-content\/uploads\/2024\/02\/OUAGA-768x510.jpg 768w, https:\/\/www.geopolitics.fr\/wp-content\/uploads\/2024\/02\/OUAGA-1536x1020.jpg 1536w, https:\/\/www.geopolitics.fr\/wp-content\/uploads\/2024\/02\/OUAGA-2048x1360.jpg 2048w, https:\/\/www.geopolitics.fr\/wp-content\/uploads\/2024\/02\/OUAGA-scaled.jpg 1920w, https:\/\/www.geopolitics.fr\/wp-content\/uploads\/2024\/02\/OUAGA-1170x777.jpg 1170w, https:\/\/www.geopolitics.fr\/wp-content\/uploads\/2024\/02\/OUAGA-585x389.jpg 585w, https:\/\/www.geopolitics.fr\/wp-content\/uploads\/2024\/02\/OUAGA-263x175.jpg 263w\" sizes=\"(max-width: 1024px) 100vw, 1024px\" \/><\/figure>\n\n\n\n<p class=\"has-medium-font-size wp-block-paragraph\">L\u2019op\u00e9ration consistant \u00e0 \u00e9largir le champ de nos partenaires africains afin d\u2019\u00e9viter ceux o\u00f9 nous sommes d\u00e9favorablement connus ne fut pas un succ\u00e8s non plus.\u00a0 Enfin, dans la zone sah\u00e9lienne, les r\u00e9gimes s\u2019\u00e9loignent chaque jour davantage de la France. Wagner n\u2019est pas responsable de tout. <\/p>\n\n\n\n<p class=\"has-medium-font-size wp-block-paragraph\"><strong>Cette politique ruine l\u2019influence et le prestige de la France mais elle aussi des r\u00e9percussions directes pour les Fran\u00e7ais \u00e9tablis \u00e0 l\u2019\u00e9tranger, particuli\u00e8rement dans la zone sah\u00e9lienne .<\/strong> <strong>En effet, \u00eatre le ressortissant d\u2019une Nation aim\u00e9e et respect\u00e9e facilite la vie quotidienne. Que la France soit d\u00e9cri\u00e9e, rejet\u00e9e et vous basculez dans l\u2019incertitude totale et l\u2019ins\u00e9curit\u00e9.<\/strong><\/p>\n\n\n\n<p class=\"has-medium-font-size wp-block-paragraph\">.<\/p>","protected":false},"excerpt":{"rendered":"<p>Il y eut le malheureux et ind\u00e9l\u00e9bile \u00ab&nbsp;Homme africain pas suffisamment entr\u00e9 dans l\u2019Histoire&nbsp;\u00bb de Nicolas Sarkozy \u00e0 Dakar, en novembre 2007.&hellip;<\/p>","protected":false},"author":16,"featured_media":2262,"comment_status":"open","ping_status":"open","sticky":false,"template":"","format":"standard","meta":{"_lmt_disableupdate":"","_lmt_disable":"","footnotes":""},"categories":[5,3],"tags":[163,194,75,61,195],"class_list":["post-2261","post","type-post","status-publish","format-standard","has-post-thumbnail","hentry","category-international","category-politique","tag-afrique","tag-armee-francaise","tag-hollande","tag-macron","tag-politique-africaine"],"yoast_head":"<!-- This site is optimized with the Yoast SEO Premium plugin v28.1 (Yoast SEO v28.1) - https:\/\/yoast.com\/product\/yoast-seo-premium-wordpress\/ -->\n<title>Apr\u00e8s son expulsion de la zone sah\u00e9lienne, la France en grande fragilit\u00e9 en Afrique de l&#039;Ouest | Geopolitics.fr<\/title>\n<meta name=\"robots\" content=\"index, follow, max-snippet:-1, max-image-preview:large, max-video-preview:-1\" \/>\n<link rel=\"canonical\" href=\"https:\/\/www.geopolitics.fr\/en\/2024\/02\/11\/apres-son-expulsion-de-la-zone-sahelienne-la-france-sur-la-corde-raide-au-senegal-1-2\/\" \/>\n<meta property=\"og:locale\" content=\"en_GB\" \/>\n<meta property=\"og:type\" content=\"article\" \/>\n<meta property=\"og:title\" content=\"Apr\u00e8s son expulsion de la zone sah\u00e9lienne, la France en grande fragilit\u00e9 en Afrique de l&#039;Ouest\" \/>\n<meta property=\"og:description\" content=\"Il y eut le malheureux et ind\u00e9l\u00e9bile \u00ab&nbsp;Homme africain pas suffisamment entr\u00e9 dans l\u2019Histoire&nbsp;\u00bb de Nicolas Sarkozy \u00e0 Dakar, en novembre 2007.&hellip;\" \/>\n<meta property=\"og:url\" content=\"https:\/\/www.geopolitics.fr\/en\/2024\/02\/11\/apres-son-expulsion-de-la-zone-sahelienne-la-france-sur-la-corde-raide-au-senegal-1-2\/\" \/>\n<meta property=\"og:site_name\" content=\"Geopolitics.fr\" \/>\n<meta property=\"article:publisher\" content=\"https:\/\/www.facebook.com\/people\/Erwan-Davoux\/61557098968092\/\" \/>\n<meta property=\"article:author\" content=\"Erwan Davoux\" \/>\n<meta property=\"article:published_time\" content=\"2024-02-11T16:33:51+00:00\" \/>\n<meta property=\"article:modified_time\" content=\"2024-06-21T17:31:26+00:00\" \/>\n<meta property=\"og:image\" content=\"https:\/\/www.geopolitics.fr\/wp-content\/uploads\/2024\/02\/sahel-scaled.jpg\" \/>\n\t<meta property=\"og:image:width\" content=\"1920\" \/>\n\t<meta property=\"og:image:height\" content=\"1335\" \/>\n\t<meta property=\"og:image:type\" content=\"image\/jpeg\" \/>\n<meta name=\"author\" content=\"Erwan Davoux\" \/>\n<meta name=\"twitter:card\" content=\"summary_large_image\" \/>\n<meta name=\"twitter:creator\" content=\"@erwandavoux @Geo_politicsfr\" \/>\n<meta name=\"twitter:site\" content=\"@Geopolitics_Fr\" \/>\n<meta name=\"twitter:label1\" content=\"Written by\" \/>\n\t<meta name=\"twitter:data1\" content=\"Erwan Davoux\" \/>\n\t<meta name=\"twitter:label2\" content=\"Estimated reading time\" \/>\n\t<meta name=\"twitter:data2\" content=\"8 minutes\" \/>\n<script type=\"application\/ld+json\" class=\"yoast-schema-graph\">{\"@context\":\"https:\\\/\\\/schema.org\",\"@graph\":[{\"@type\":\"Article\",\"@id\":\"https:\\\/\\\/www.geopolitics.fr\\\/2024\\\/02\\\/11\\\/apres-son-expulsion-de-la-zone-sahelienne-la-france-sur-la-corde-raide-au-senegal-1-2\\\/#article\",\"isPartOf\":{\"@id\":\"https:\\\/\\\/www.geopolitics.fr\\\/2024\\\/02\\\/11\\\/apres-son-expulsion-de-la-zone-sahelienne-la-france-sur-la-corde-raide-au-senegal-1-2\\\/\"},\"author\":{\"name\":\"Erwan Davoux\",\"@id\":\"https:\\\/\\\/www.geopolitics.fr\\\/#\\\/schema\\\/person\\\/a487273e91313e368925717400fa1b11\"},\"headline\":\"Apr\u00e8s son expulsion de la zone sah\u00e9lienne, la France en grande fragilit\u00e9 en Afrique de l&rsquo;Ouest\",\"datePublished\":\"2024-02-11T16:33:51+00:00\",\"dateModified\":\"2024-06-21T17:31:26+00:00\",\"mainEntityOfPage\":{\"@id\":\"https:\\\/\\\/www.geopolitics.fr\\\/2024\\\/02\\\/11\\\/apres-son-expulsion-de-la-zone-sahelienne-la-france-sur-la-corde-raide-au-senegal-1-2\\\/\"},\"wordCount\":1514,\"commentCount\":0,\"publisher\":{\"@id\":\"https:\\\/\\\/www.geopolitics.fr\\\/#organization\"},\"image\":{\"@id\":\"https:\\\/\\\/www.geopolitics.fr\\\/2024\\\/02\\\/11\\\/apres-son-expulsion-de-la-zone-sahelienne-la-france-sur-la-corde-raide-au-senegal-1-2\\\/#primaryimage\"},\"thumbnailUrl\":\"https:\\\/\\\/www.geopolitics.fr\\\/wp-content\\\/uploads\\\/2024\\\/02\\\/sahel-scaled.jpg\",\"keywords\":[\"AFRIQUE\",\"ARMEE FRANCAISE\",\"hollande\",\"Macron\",\"POLITIQUE AFRICAINE\"],\"articleSection\":[\"International\",\"Politique\"],\"inLanguage\":\"en-GB\"},{\"@type\":\"WebPage\",\"@id\":\"https:\\\/\\\/www.geopolitics.fr\\\/2024\\\/02\\\/11\\\/apres-son-expulsion-de-la-zone-sahelienne-la-france-sur-la-corde-raide-au-senegal-1-2\\\/\",\"url\":\"https:\\\/\\\/www.geopolitics.fr\\\/2024\\\/02\\\/11\\\/apres-son-expulsion-de-la-zone-sahelienne-la-france-sur-la-corde-raide-au-senegal-1-2\\\/\",\"name\":\"Apr\u00e8s son expulsion de la zone sah\u00e9lienne, la France en grande fragilit\u00e9 en Afrique de l'Ouest | Geopolitics.fr\",\"isPartOf\":{\"@id\":\"https:\\\/\\\/www.geopolitics.fr\\\/#website\"},\"primaryImageOfPage\":{\"@id\":\"https:\\\/\\\/www.geopolitics.fr\\\/2024\\\/02\\\/11\\\/apres-son-expulsion-de-la-zone-sahelienne-la-france-sur-la-corde-raide-au-senegal-1-2\\\/#primaryimage\"},\"image\":{\"@id\":\"https:\\\/\\\/www.geopolitics.fr\\\/2024\\\/02\\\/11\\\/apres-son-expulsion-de-la-zone-sahelienne-la-france-sur-la-corde-raide-au-senegal-1-2\\\/#primaryimage\"},\"thumbnailUrl\":\"https:\\\/\\\/www.geopolitics.fr\\\/wp-content\\\/uploads\\\/2024\\\/02\\\/sahel-scaled.jpg\",\"datePublished\":\"2024-02-11T16:33:51+00:00\",\"dateModified\":\"2024-06-21T17:31:26+00:00\",\"breadcrumb\":{\"@id\":\"https:\\\/\\\/www.geopolitics.fr\\\/2024\\\/02\\\/11\\\/apres-son-expulsion-de-la-zone-sahelienne-la-france-sur-la-corde-raide-au-senegal-1-2\\\/#breadcrumb\"},\"inLanguage\":\"en-GB\",\"potentialAction\":[{\"@type\":\"ReadAction\",\"target\":[\"https:\\\/\\\/www.geopolitics.fr\\\/2024\\\/02\\\/11\\\/apres-son-expulsion-de-la-zone-sahelienne-la-france-sur-la-corde-raide-au-senegal-1-2\\\/\"]}]},{\"@type\":\"ImageObject\",\"inLanguage\":\"en-GB\",\"@id\":\"https:\\\/\\\/www.geopolitics.fr\\\/2024\\\/02\\\/11\\\/apres-son-expulsion-de-la-zone-sahelienne-la-france-sur-la-corde-raide-au-senegal-1-2\\\/#primaryimage\",\"url\":\"https:\\\/\\\/www.geopolitics.fr\\\/wp-content\\\/uploads\\\/2024\\\/02\\\/sahel-scaled.jpg\",\"contentUrl\":\"https:\\\/\\\/www.geopolitics.fr\\\/wp-content\\\/uploads\\\/2024\\\/02\\\/sahel-scaled.jpg\",\"width\":1920,\"height\":1335},{\"@type\":\"BreadcrumbList\",\"@id\":\"https:\\\/\\\/www.geopolitics.fr\\\/2024\\\/02\\\/11\\\/apres-son-expulsion-de-la-zone-sahelienne-la-france-sur-la-corde-raide-au-senegal-1-2\\\/#breadcrumb\",\"itemListElement\":[{\"@type\":\"ListItem\",\"position\":1,\"name\":\"Accueil\",\"item\":\"https:\\\/\\\/www.geopolitics.fr\\\/\"},{\"@type\":\"ListItem\",\"position\":2,\"name\":\"Apr\u00e8s son expulsion de la zone sah\u00e9lienne, la France en grande fragilit\u00e9 en Afrique de l&#8217;Ouest\"}]},{\"@type\":\"WebSite\",\"@id\":\"https:\\\/\\\/www.geopolitics.fr\\\/#website\",\"url\":\"https:\\\/\\\/www.geopolitics.fr\\\/\",\"name\":\"Geopolitics.fr\",\"description\":\"Geopolitics.fr Analyse politique, relations internationales, d\u00e9fense - ligne \u00e9ditoriale gaullo-chiraquienne\",\"publisher\":{\"@id\":\"https:\\\/\\\/www.geopolitics.fr\\\/#organization\"},\"potentialAction\":[{\"@type\":\"SearchAction\",\"target\":{\"@type\":\"EntryPoint\",\"urlTemplate\":\"https:\\\/\\\/www.geopolitics.fr\\\/?s={search_term_string}\"},\"query-input\":{\"@type\":\"PropertyValueSpecification\",\"valueRequired\":true,\"valueName\":\"search_term_string\"}}],\"inLanguage\":\"en-GB\"},{\"@type\":\"Organization\",\"@id\":\"https:\\\/\\\/www.geopolitics.fr\\\/#organization\",\"name\":\"Geopolitics.fr\",\"url\":\"https:\\\/\\\/www.geopolitics.fr\\\/\",\"logo\":{\"@type\":\"ImageObject\",\"inLanguage\":\"en-GB\",\"@id\":\"https:\\\/\\\/www.geopolitics.fr\\\/#\\\/schema\\\/logo\\\/image\\\/\",\"url\":\"https:\\\/\\\/www.geopolitics.fr\\\/wp-content\\\/uploads\\\/2024\\\/01\\\/logo.jpg\",\"contentUrl\":\"https:\\\/\\\/www.geopolitics.fr\\\/wp-content\\\/uploads\\\/2024\\\/01\\\/logo.jpg\",\"width\":500,\"height\":500,\"caption\":\"Geopolitics.fr\"},\"image\":{\"@id\":\"https:\\\/\\\/www.geopolitics.fr\\\/#\\\/schema\\\/logo\\\/image\\\/\"},\"sameAs\":[\"https:\\\/\\\/www.facebook.com\\\/people\\\/Erwan-Davoux\\\/61557098968092\\\/\",\"https:\\\/\\\/x.com\\\/Geopolitics_Fr\"]},{\"@type\":\"Person\",\"@id\":\"https:\\\/\\\/www.geopolitics.fr\\\/#\\\/schema\\\/person\\\/a487273e91313e368925717400fa1b11\",\"name\":\"Erwan Davoux\",\"image\":{\"@type\":\"ImageObject\",\"inLanguage\":\"en-GB\",\"@id\":\"https:\\\/\\\/www.geopolitics.fr\\\/wp-content\\\/uploads\\\/2026\\\/05\\\/moi-96x96.jpg\",\"url\":\"https:\\\/\\\/www.geopolitics.fr\\\/wp-content\\\/uploads\\\/2026\\\/05\\\/moi-96x96.jpg\",\"contentUrl\":\"https:\\\/\\\/www.geopolitics.fr\\\/wp-content\\\/uploads\\\/2026\\\/05\\\/moi-96x96.jpg\",\"caption\":\"Erwan Davoux\"},\"description\":\"Erwan DAVOUX est Pr\u00e9sident de LMD CONSEIL, (conseil strat\u00e9gique, intelligence \u00e9conomique, risque g\u00e9opolitique, influence politique, diplomatie \u00e9conomique). Dipl\u00f4m\u00e9 de l'IEP de Paris et de l'INALCO (d\u00e9partement d'\u00e9tudes arabes), il est directeur de la publication de geopolitics.fr. Ancien fonctionnaire au Minist\u00e8re de l'Int\u00e9rieur et de la D\u00e9fense (DGSE) Ancien charg\u00e9 de Mission \u00e0 la Pr\u00e9sidence de la R\u00e9publique (cellule diplomatique) Conseil de nombreuses personnalit\u00e9s politiques \u00e0 l'International (dont deux anciens Premiers ministres).\",\"sameAs\":[\"Erwan Davoux\",\"@erwandavoux\",\"https:\\\/\\\/www.linkedin.com\\\/in\\\/erwan-davoux-6800b289\\\/\",\"https:\\\/\\\/x.com\\\/@erwandavoux @Geo_politicsfr\"],\"url\":\"https:\\\/\\\/www.geopolitics.fr\\\/en\\\/author\\\/erwan-davoux\\\/\"}]}<\/script>\n<!-- \/ Yoast SEO Premium plugin. -->","yoast_head_json":{"title":"Apr\u00e8s son expulsion de la zone sah\u00e9lienne, la France en grande fragilit\u00e9 en Afrique de l'Ouest | Geopolitics.fr","robots":{"index":"index","follow":"follow","max-snippet":"max-snippet:-1","max-image-preview":"max-image-preview:large","max-video-preview":"max-video-preview:-1"},"canonical":"https:\/\/www.geopolitics.fr\/en\/2024\/02\/11\/apres-son-expulsion-de-la-zone-sahelienne-la-france-sur-la-corde-raide-au-senegal-1-2\/","og_locale":"en_GB","og_type":"article","og_title":"Apr\u00e8s son expulsion de la zone sah\u00e9lienne, la France en grande fragilit\u00e9 en Afrique de l'Ouest","og_description":"Il y eut le malheureux et ind\u00e9l\u00e9bile \u00ab&nbsp;Homme africain pas suffisamment entr\u00e9 dans l\u2019Histoire&nbsp;\u00bb de Nicolas Sarkozy \u00e0 Dakar, en novembre 2007.&hellip;","og_url":"https:\/\/www.geopolitics.fr\/en\/2024\/02\/11\/apres-son-expulsion-de-la-zone-sahelienne-la-france-sur-la-corde-raide-au-senegal-1-2\/","og_site_name":"Geopolitics.fr","article_publisher":"https:\/\/www.facebook.com\/people\/Erwan-Davoux\/61557098968092\/","article_author":"Erwan Davoux","article_published_time":"2024-02-11T16:33:51+00:00","article_modified_time":"2024-06-21T17:31:26+00:00","og_image":[{"width":1920,"height":1335,"url":"https:\/\/www.geopolitics.fr\/wp-content\/uploads\/2024\/02\/sahel-scaled.jpg","type":"image\/jpeg"}],"author":"Erwan Davoux","twitter_card":"summary_large_image","twitter_creator":"@erwandavoux @Geo_politicsfr","twitter_site":"@Geopolitics_Fr","twitter_misc":{"Written by":"Erwan Davoux","Estimated reading time":"8 minutes"},"schema":{"@context":"https:\/\/schema.org","@graph":[{"@type":"Article","@id":"https:\/\/www.geopolitics.fr\/2024\/02\/11\/apres-son-expulsion-de-la-zone-sahelienne-la-france-sur-la-corde-raide-au-senegal-1-2\/#article","isPartOf":{"@id":"https:\/\/www.geopolitics.fr\/2024\/02\/11\/apres-son-expulsion-de-la-zone-sahelienne-la-france-sur-la-corde-raide-au-senegal-1-2\/"},"author":{"name":"Erwan Davoux","@id":"https:\/\/www.geopolitics.fr\/#\/schema\/person\/a487273e91313e368925717400fa1b11"},"headline":"Apr\u00e8s son expulsion de la zone sah\u00e9lienne, la France en grande fragilit\u00e9 en Afrique de l&rsquo;Ouest","datePublished":"2024-02-11T16:33:51+00:00","dateModified":"2024-06-21T17:31:26+00:00","mainEntityOfPage":{"@id":"https:\/\/www.geopolitics.fr\/2024\/02\/11\/apres-son-expulsion-de-la-zone-sahelienne-la-france-sur-la-corde-raide-au-senegal-1-2\/"},"wordCount":1514,"commentCount":0,"publisher":{"@id":"https:\/\/www.geopolitics.fr\/#organization"},"image":{"@id":"https:\/\/www.geopolitics.fr\/2024\/02\/11\/apres-son-expulsion-de-la-zone-sahelienne-la-france-sur-la-corde-raide-au-senegal-1-2\/#primaryimage"},"thumbnailUrl":"https:\/\/www.geopolitics.fr\/wp-content\/uploads\/2024\/02\/sahel-scaled.jpg","keywords":["AFRIQUE","ARMEE FRANCAISE","hollande","Macron","POLITIQUE AFRICAINE"],"articleSection":["International","Politique"],"inLanguage":"en-GB"},{"@type":"WebPage","@id":"https:\/\/www.geopolitics.fr\/2024\/02\/11\/apres-son-expulsion-de-la-zone-sahelienne-la-france-sur-la-corde-raide-au-senegal-1-2\/","url":"https:\/\/www.geopolitics.fr\/2024\/02\/11\/apres-son-expulsion-de-la-zone-sahelienne-la-france-sur-la-corde-raide-au-senegal-1-2\/","name":"Apr\u00e8s son expulsion de la zone sah\u00e9lienne, la France en grande fragilit\u00e9 en Afrique de l'Ouest | Geopolitics.fr","isPartOf":{"@id":"https:\/\/www.geopolitics.fr\/#website"},"primaryImageOfPage":{"@id":"https:\/\/www.geopolitics.fr\/2024\/02\/11\/apres-son-expulsion-de-la-zone-sahelienne-la-france-sur-la-corde-raide-au-senegal-1-2\/#primaryimage"},"image":{"@id":"https:\/\/www.geopolitics.fr\/2024\/02\/11\/apres-son-expulsion-de-la-zone-sahelienne-la-france-sur-la-corde-raide-au-senegal-1-2\/#primaryimage"},"thumbnailUrl":"https:\/\/www.geopolitics.fr\/wp-content\/uploads\/2024\/02\/sahel-scaled.jpg","datePublished":"2024-02-11T16:33:51+00:00","dateModified":"2024-06-21T17:31:26+00:00","breadcrumb":{"@id":"https:\/\/www.geopolitics.fr\/2024\/02\/11\/apres-son-expulsion-de-la-zone-sahelienne-la-france-sur-la-corde-raide-au-senegal-1-2\/#breadcrumb"},"inLanguage":"en-GB","potentialAction":[{"@type":"ReadAction","target":["https:\/\/www.geopolitics.fr\/2024\/02\/11\/apres-son-expulsion-de-la-zone-sahelienne-la-france-sur-la-corde-raide-au-senegal-1-2\/"]}]},{"@type":"ImageObject","inLanguage":"en-GB","@id":"https:\/\/www.geopolitics.fr\/2024\/02\/11\/apres-son-expulsion-de-la-zone-sahelienne-la-france-sur-la-corde-raide-au-senegal-1-2\/#primaryimage","url":"https:\/\/www.geopolitics.fr\/wp-content\/uploads\/2024\/02\/sahel-scaled.jpg","contentUrl":"https:\/\/www.geopolitics.fr\/wp-content\/uploads\/2024\/02\/sahel-scaled.jpg","width":1920,"height":1335},{"@type":"BreadcrumbList","@id":"https:\/\/www.geopolitics.fr\/2024\/02\/11\/apres-son-expulsion-de-la-zone-sahelienne-la-france-sur-la-corde-raide-au-senegal-1-2\/#breadcrumb","itemListElement":[{"@type":"ListItem","position":1,"name":"Accueil","item":"https:\/\/www.geopolitics.fr\/"},{"@type":"ListItem","position":2,"name":"Apr\u00e8s son expulsion de la zone sah\u00e9lienne, la France en grande fragilit\u00e9 en Afrique de l&#8217;Ouest"}]},{"@type":"WebSite","@id":"https:\/\/www.geopolitics.fr\/#website","url":"https:\/\/www.geopolitics.fr\/","name":"Geopolitics.fr","description":"Geopolitics.fr Analyse politique, relations internationales, d\u00e9fense - ligne \u00e9ditoriale gaullo-chiraquienne","publisher":{"@id":"https:\/\/www.geopolitics.fr\/#organization"},"potentialAction":[{"@type":"SearchAction","target":{"@type":"EntryPoint","urlTemplate":"https:\/\/www.geopolitics.fr\/?s={search_term_string}"},"query-input":{"@type":"PropertyValueSpecification","valueRequired":true,"valueName":"search_term_string"}}],"inLanguage":"en-GB"},{"@type":"Organization","@id":"https:\/\/www.geopolitics.fr\/#organization","name":"Geopolitics.fr","url":"https:\/\/www.geopolitics.fr\/","logo":{"@type":"ImageObject","inLanguage":"en-GB","@id":"https:\/\/www.geopolitics.fr\/#\/schema\/logo\/image\/","url":"https:\/\/www.geopolitics.fr\/wp-content\/uploads\/2024\/01\/logo.jpg","contentUrl":"https:\/\/www.geopolitics.fr\/wp-content\/uploads\/2024\/01\/logo.jpg","width":500,"height":500,"caption":"Geopolitics.fr"},"image":{"@id":"https:\/\/www.geopolitics.fr\/#\/schema\/logo\/image\/"},"sameAs":["https:\/\/www.facebook.com\/people\/Erwan-Davoux\/61557098968092\/","https:\/\/x.com\/Geopolitics_Fr"]},{"@type":"Person","@id":"https:\/\/www.geopolitics.fr\/#\/schema\/person\/a487273e91313e368925717400fa1b11","name":"Erwan Davoux","image":{"@type":"ImageObject","inLanguage":"en-GB","@id":"https:\/\/www.geopolitics.fr\/wp-content\/uploads\/2026\/05\/moi-96x96.jpg","url":"https:\/\/www.geopolitics.fr\/wp-content\/uploads\/2026\/05\/moi-96x96.jpg","contentUrl":"https:\/\/www.geopolitics.fr\/wp-content\/uploads\/2026\/05\/moi-96x96.jpg","caption":"Erwan Davoux"},"description":"Erwan DAVOUX est Pr\u00e9sident de LMD CONSEIL, (conseil strat\u00e9gique, intelligence \u00e9conomique, risque g\u00e9opolitique, influence politique, diplomatie \u00e9conomique). Dipl\u00f4m\u00e9 de l'IEP de Paris et de l'INALCO (d\u00e9partement d'\u00e9tudes arabes), il est directeur de la publication de geopolitics.fr. Ancien fonctionnaire au Minist\u00e8re de l'Int\u00e9rieur et de la D\u00e9fense (DGSE) Ancien charg\u00e9 de Mission \u00e0 la Pr\u00e9sidence de la R\u00e9publique (cellule diplomatique) Conseil de nombreuses personnalit\u00e9s politiques \u00e0 l'International (dont deux anciens Premiers ministres).","sameAs":["Erwan Davoux","@erwandavoux","https:\/\/www.linkedin.com\/in\/erwan-davoux-6800b289\/","https:\/\/x.com\/@erwandavoux @Geo_politicsfr"],"url":"https:\/\/www.geopolitics.fr\/en\/author\/erwan-davoux\/"}]}},"_links":{"self":[{"href":"https:\/\/www.geopolitics.fr\/en\/wp-json\/wp\/v2\/posts\/2261","targetHints":{"allow":["GET"]}}],"collection":[{"href":"https:\/\/www.geopolitics.fr\/en\/wp-json\/wp\/v2\/posts"}],"about":[{"href":"https:\/\/www.geopolitics.fr\/en\/wp-json\/wp\/v2\/types\/post"}],"author":[{"embeddable":true,"href":"https:\/\/www.geopolitics.fr\/en\/wp-json\/wp\/v2\/users\/16"}],"replies":[{"embeddable":true,"href":"https:\/\/www.geopolitics.fr\/en\/wp-json\/wp\/v2\/comments?post=2261"}],"version-history":[{"count":0,"href":"https:\/\/www.geopolitics.fr\/en\/wp-json\/wp\/v2\/posts\/2261\/revisions"}],"wp:featuredmedia":[{"embeddable":true,"href":"https:\/\/www.geopolitics.fr\/en\/wp-json\/wp\/v2\/media\/2262"}],"wp:attachment":[{"href":"https:\/\/www.geopolitics.fr\/en\/wp-json\/wp\/v2\/media?parent=2261"}],"wp:term":[{"taxonomy":"category","embeddable":true,"href":"https:\/\/www.geopolitics.fr\/en\/wp-json\/wp\/v2\/categories?post=2261"},{"taxonomy":"post_tag","embeddable":true,"href":"https:\/\/www.geopolitics.fr\/en\/wp-json\/wp\/v2\/tags?post=2261"}],"curies":[{"name":"wp","href":"https:\/\/api.w.org\/{rel}","templated":true}]}}