{"id":2237,"date":"2024-02-09T12:00:00","date_gmt":"2024-02-09T11:00:00","guid":{"rendered":"https:\/\/www.geopolitics.fr\/?p=2237"},"modified":"2024-03-26T21:41:48","modified_gmt":"2024-03-26T20:41:48","slug":"la-nomination-dagnes-pannier-rummacher-au-ministere-delegue-a-la-souverainete-alimentaire-interroge","status":"publish","type":"post","link":"https:\/\/www.geopolitics.fr\/en\/2024\/02\/09\/la-nomination-dagnes-pannier-rummacher-au-ministere-delegue-a-la-souverainete-alimentaire-interroge\/","title":{"rendered":"La nomination d&rsquo;Agn\u00e8s Pannier-Rumacher au Minist\u00e8re d\u00e9l\u00e9gu\u00e9 \u00e0 la souverainet\u00e9 alimentaire interroge&#8230;"},"content":{"rendered":"<p class=\"has-medium-font-size wp-block-paragraph\"><strong>Selon une enqu\u00eate du journal le \u00ab\u00a0Monde\u00a0\u00bb et de la cellule investigation de \u00ab&nbsp;Radio France&nbsp;\u00bb publi\u00e9e le 30 janvier 2024, \u00ab&nbsp;Nestl\u00e9 et d\u2019autres industriels ont cach\u00e9 au public que l\u2019eau qu\u2019ils pompaient \u00e9tait contamin\u00e9e. Pour continuer de la mettre en bouteille, ils ont eu recours \u00e0 des syst\u00e8mes de purification interdits. 30% des marques seraient concern\u00e9es&nbsp;\u00bb<\/strong><\/p>\n\n\n\n<p class=\"has-medium-font-size wp-block-paragraph\">Il est fait \u00e9tat dans le cadre de cette enqu\u00eate d\u2019un rendez-vous \u00e0 Bercy entre la multinationale suisse et le Cabinet de celle qui est alors Ministre de l\u2019Industrie, Agn\u00e8s Pannier-Runacher, fin ao\u00fbt 2021. Elle ne donne pas lieu \u00e0 l\u2019ouverture d\u2019une enqu\u00eate pr\u00e9liminaire mais simplement \u00e0 la commande d\u2019un rapport de l\u2019Inspection G\u00e9n\u00e9rale des Affaires Sociales (IGAS) dont les conclusions sont accablantes.<\/p>\n\n\n\n<p class=\"has-medium-font-size wp-block-paragraph\"><strong>Quelle a \u00e9t\u00e9 la r\u00e9ponse du gouvernement ? Il a tout simplement all\u00e9g\u00e9, dans la plus grande discr\u00e9tion, la r\u00e9glementation afin de permettre l\u2019exploitation de plusieurs sites. Une mesure qui va dans l\u2019int\u00e9r\u00eat des multinationales mais qui ne privil\u00e9gie pas le pouvoir d\u2019achat des Fran\u00e7ais<\/strong> induits en erreur lorsqu\u2019ils achetaient une eau min\u00e9rale couteuse <strong>ni la sant\u00e9 des Fran\u00e7ais<\/strong> puisqu\u2019il existe un possible selon le rapport de l\u2019IGAS qui pr\u00e9cise \u00ab&nbsp;il ne serait pas prudent de conclure \u00e0 la parfaite ma\u00eetrise du risque sanitaire, notamment du risque microbiologique&nbsp;\u00bb.<\/p>\n\n\n\n<p class=\"has-medium-font-size wp-block-paragraph\"><strong>Dans ces conditions, la nomination d\u2019Agn\u00e8s Pannier-Runacher \u00e0 la fonction pr\u00e9cise de Ministre D\u00e9l\u00e9gu\u00e9e aupr\u00e8s du Ministre de l\u2019agriculture et de la Souverainet\u00e9 alimentaire est au mieux une maladresse, l\u2019expression d\u2019un certain amateurisme\u00a0; au pire du m\u00e9pris pour les Fran\u00e7ais victimes de cette affaire peu reluisante pour le gouvernement.<\/strong><\/p>","protected":false},"excerpt":{"rendered":"<p>Selon une enqu\u00eate du journal le \u00ab\u00a0Monde\u00a0\u00bb et de la cellule investigation de \u00ab&nbsp;Radio France&nbsp;\u00bb publi\u00e9e le 30 janvier 2024, \u00ab&nbsp;Nestl\u00e9 et&hellip;<\/p>","protected":false},"author":9,"featured_media":2242,"comment_status":"open","ping_status":"open","sticky":false,"template":"","format":"standard","meta":{"_lmt_disableupdate":"","_lmt_disable":"","footnotes":""},"categories":[41,3],"tags":[187,189,188,186,62],"class_list":["post-2237","post","type-post","status-publish","format-standard","has-post-thumbnail","hentry","category-actualite","category-politique","tag-eau-minerale","tag-france-info","tag-le-monde","tag-pannier-rummacher","tag-remaniement"],"yoast_head":"<!-- This site is optimized with the Yoast SEO Premium plugin v28.1 (Yoast SEO v28.1) - https:\/\/yoast.com\/product\/yoast-seo-premium-wordpress\/ -->\n<title>La nomination d&#039;Agn\u00e8s Pannier-Rumacher au Minist\u00e8re d\u00e9l\u00e9gu\u00e9 \u00e0 la souverainet\u00e9 alimentaire interroge... | Geopolitics.fr<\/title>\n<meta name=\"robots\" content=\"index, follow, max-snippet:-1, max-image-preview:large, max-video-preview:-1\" \/>\n<link rel=\"canonical\" href=\"https:\/\/www.geopolitics.fr\/en\/2024\/02\/09\/la-nomination-dagnes-pannier-rummacher-au-ministere-delegue-a-la-souverainete-alimentaire-interroge\/\" \/>\n<meta property=\"og:locale\" content=\"en_GB\" \/>\n<meta property=\"og:type\" content=\"article\" \/>\n<meta property=\"og:title\" content=\"La nomination d&#039;Agn\u00e8s Pannier-Rumacher au Minist\u00e8re d\u00e9l\u00e9gu\u00e9 \u00e0 la souverainet\u00e9 alimentaire interroge...\" \/>\n<meta property=\"og:description\" content=\"Selon une enqu\u00eate du journal le \u00ab\u00a0Monde\u00a0\u00bb et de la cellule investigation de \u00ab&nbsp;Radio France&nbsp;\u00bb publi\u00e9e le 30 janvier 2024, \u00ab&nbsp;Nestl\u00e9 et&hellip;\" \/>\n<meta property=\"og:url\" content=\"https:\/\/www.geopolitics.fr\/en\/2024\/02\/09\/la-nomination-dagnes-pannier-rummacher-au-ministere-delegue-a-la-souverainete-alimentaire-interroge\/\" \/>\n<meta property=\"og:site_name\" content=\"Geopolitics.fr\" \/>\n<meta property=\"article:publisher\" content=\"https:\/\/www.facebook.com\/people\/Erwan-Davoux\/61557098968092\/\" \/>\n<meta property=\"article:published_time\" content=\"2024-02-09T11:00:00+00:00\" \/>\n<meta property=\"article:modified_time\" content=\"2024-03-26T20:41:48+00:00\" \/>\n<meta property=\"og:image\" content=\"https:\/\/www.geopolitics.fr\/wp-content\/uploads\/2024\/02\/EAU-MINERALE-4-scaled.jpg\" \/>\n\t<meta property=\"og:image:width\" content=\"2560\" \/>\n\t<meta property=\"og:image:height\" content=\"1440\" \/>\n\t<meta property=\"og:image:type\" content=\"image\/jpeg\" \/>\n<meta name=\"author\" content=\"contact@geopolitics.fr\" \/>\n<meta name=\"twitter:card\" content=\"summary_large_image\" \/>\n<meta name=\"twitter:creator\" content=\"@Geopolitics_Fr\" \/>\n<meta name=\"twitter:site\" content=\"@Geopolitics_Fr\" \/>\n<meta name=\"twitter:label1\" content=\"Written by\" \/>\n\t<meta name=\"twitter:data1\" content=\"contact@geopolitics.fr\" \/>\n\t<meta name=\"twitter:label2\" content=\"Estimated reading time\" \/>\n\t<meta name=\"twitter:data2\" content=\"2 minutes\" \/>\n<script type=\"application\/ld+json\" class=\"yoast-schema-graph\">{\"@context\":\"https:\\\/\\\/schema.org\",\"@graph\":[{\"@type\":\"Article\",\"@id\":\"https:\\\/\\\/www.geopolitics.fr\\\/2024\\\/02\\\/09\\\/la-nomination-dagnes-pannier-rummacher-au-ministere-delegue-a-la-souverainete-alimentaire-interroge\\\/#article\",\"isPartOf\":{\"@id\":\"https:\\\/\\\/www.geopolitics.fr\\\/2024\\\/02\\\/09\\\/la-nomination-dagnes-pannier-rummacher-au-ministere-delegue-a-la-souverainete-alimentaire-interroge\\\/\"},\"author\":{\"name\":\"contact@geopolitics.fr\",\"@id\":\"https:\\\/\\\/www.geopolitics.fr\\\/#\\\/schema\\\/person\\\/69dde260ad11805e2aa68f0d9e9128da\"},\"headline\":\"La nomination d&rsquo;Agn\u00e8s Pannier-Rumacher au Minist\u00e8re d\u00e9l\u00e9gu\u00e9 \u00e0 la souverainet\u00e9 alimentaire interroge&#8230;\",\"datePublished\":\"2024-02-09T11:00:00+00:00\",\"dateModified\":\"2024-03-26T20:41:48+00:00\",\"mainEntityOfPage\":{\"@id\":\"https:\\\/\\\/www.geopolitics.fr\\\/2024\\\/02\\\/09\\\/la-nomination-dagnes-pannier-rummacher-au-ministere-delegue-a-la-souverainete-alimentaire-interroge\\\/\"},\"wordCount\":318,\"commentCount\":0,\"publisher\":{\"@id\":\"https:\\\/\\\/www.geopolitics.fr\\\/#organization\"},\"image\":{\"@id\":\"https:\\\/\\\/www.geopolitics.fr\\\/2024\\\/02\\\/09\\\/la-nomination-dagnes-pannier-rummacher-au-ministere-delegue-a-la-souverainete-alimentaire-interroge\\\/#primaryimage\"},\"thumbnailUrl\":\"https:\\\/\\\/www.geopolitics.fr\\\/wp-content\\\/uploads\\\/2024\\\/02\\\/EAU-MINERALE-4-scaled.jpg\",\"keywords\":[\"EAU MINERALE\",\"FRANCE INFO\",\"LE MONDE\",\"PANNIER-RUMMACHER\",\"remaniement\"],\"articleSection\":[\"Actualit\u00e9\",\"Politique\"],\"inLanguage\":\"en-GB\"},{\"@type\":\"WebPage\",\"@id\":\"https:\\\/\\\/www.geopolitics.fr\\\/2024\\\/02\\\/09\\\/la-nomination-dagnes-pannier-rummacher-au-ministere-delegue-a-la-souverainete-alimentaire-interroge\\\/\",\"url\":\"https:\\\/\\\/www.geopolitics.fr\\\/2024\\\/02\\\/09\\\/la-nomination-dagnes-pannier-rummacher-au-ministere-delegue-a-la-souverainete-alimentaire-interroge\\\/\",\"name\":\"La nomination d'Agn\u00e8s Pannier-Rumacher au Minist\u00e8re d\u00e9l\u00e9gu\u00e9 \u00e0 la souverainet\u00e9 alimentaire interroge... | Geopolitics.fr\",\"isPartOf\":{\"@id\":\"https:\\\/\\\/www.geopolitics.fr\\\/#website\"},\"primaryImageOfPage\":{\"@id\":\"https:\\\/\\\/www.geopolitics.fr\\\/2024\\\/02\\\/09\\\/la-nomination-dagnes-pannier-rummacher-au-ministere-delegue-a-la-souverainete-alimentaire-interroge\\\/#primaryimage\"},\"image\":{\"@id\":\"https:\\\/\\\/www.geopolitics.fr\\\/2024\\\/02\\\/09\\\/la-nomination-dagnes-pannier-rummacher-au-ministere-delegue-a-la-souverainete-alimentaire-interroge\\\/#primaryimage\"},\"thumbnailUrl\":\"https:\\\/\\\/www.geopolitics.fr\\\/wp-content\\\/uploads\\\/2024\\\/02\\\/EAU-MINERALE-4-scaled.jpg\",\"datePublished\":\"2024-02-09T11:00:00+00:00\",\"dateModified\":\"2024-03-26T20:41:48+00:00\",\"breadcrumb\":{\"@id\":\"https:\\\/\\\/www.geopolitics.fr\\\/2024\\\/02\\\/09\\\/la-nomination-dagnes-pannier-rummacher-au-ministere-delegue-a-la-souverainete-alimentaire-interroge\\\/#breadcrumb\"},\"inLanguage\":\"en-GB\",\"potentialAction\":[{\"@type\":\"ReadAction\",\"target\":[\"https:\\\/\\\/www.geopolitics.fr\\\/2024\\\/02\\\/09\\\/la-nomination-dagnes-pannier-rummacher-au-ministere-delegue-a-la-souverainete-alimentaire-interroge\\\/\"]}]},{\"@type\":\"ImageObject\",\"inLanguage\":\"en-GB\",\"@id\":\"https:\\\/\\\/www.geopolitics.fr\\\/2024\\\/02\\\/09\\\/la-nomination-dagnes-pannier-rummacher-au-ministere-delegue-a-la-souverainete-alimentaire-interroge\\\/#primaryimage\",\"url\":\"https:\\\/\\\/www.geopolitics.fr\\\/wp-content\\\/uploads\\\/2024\\\/02\\\/EAU-MINERALE-4-scaled.jpg\",\"contentUrl\":\"https:\\\/\\\/www.geopolitics.fr\\\/wp-content\\\/uploads\\\/2024\\\/02\\\/EAU-MINERALE-4-scaled.jpg\",\"width\":1920,\"height\":1080},{\"@type\":\"BreadcrumbList\",\"@id\":\"https:\\\/\\\/www.geopolitics.fr\\\/2024\\\/02\\\/09\\\/la-nomination-dagnes-pannier-rummacher-au-ministere-delegue-a-la-souverainete-alimentaire-interroge\\\/#breadcrumb\",\"itemListElement\":[{\"@type\":\"ListItem\",\"position\":1,\"name\":\"Accueil\",\"item\":\"https:\\\/\\\/www.geopolitics.fr\\\/\"},{\"@type\":\"ListItem\",\"position\":2,\"name\":\"La nomination d&#8217;Agn\u00e8s Pannier-Rumacher au Minist\u00e8re d\u00e9l\u00e9gu\u00e9 \u00e0 la souverainet\u00e9 alimentaire interroge&#8230;\"}]},{\"@type\":\"WebSite\",\"@id\":\"https:\\\/\\\/www.geopolitics.fr\\\/#website\",\"url\":\"https:\\\/\\\/www.geopolitics.fr\\\/\",\"name\":\"Geopolitics.fr\",\"description\":\"Geopolitics.fr Analyse politique, relations internationales, d\u00e9fense - ligne \u00e9ditoriale gaullo-chiraquienne\",\"publisher\":{\"@id\":\"https:\\\/\\\/www.geopolitics.fr\\\/#organization\"},\"potentialAction\":[{\"@type\":\"SearchAction\",\"target\":{\"@type\":\"EntryPoint\",\"urlTemplate\":\"https:\\\/\\\/www.geopolitics.fr\\\/?s={search_term_string}\"},\"query-input\":{\"@type\":\"PropertyValueSpecification\",\"valueRequired\":true,\"valueName\":\"search_term_string\"}}],\"inLanguage\":\"en-GB\"},{\"@type\":\"Organization\",\"@id\":\"https:\\\/\\\/www.geopolitics.fr\\\/#organization\",\"name\":\"Geopolitics.fr\",\"url\":\"https:\\\/\\\/www.geopolitics.fr\\\/\",\"logo\":{\"@type\":\"ImageObject\",\"inLanguage\":\"en-GB\",\"@id\":\"https:\\\/\\\/www.geopolitics.fr\\\/#\\\/schema\\\/logo\\\/image\\\/\",\"url\":\"https:\\\/\\\/www.geopolitics.fr\\\/wp-content\\\/uploads\\\/2024\\\/01\\\/logo.jpg\",\"contentUrl\":\"https:\\\/\\\/www.geopolitics.fr\\\/wp-content\\\/uploads\\\/2024\\\/01\\\/logo.jpg\",\"width\":500,\"height\":500,\"caption\":\"Geopolitics.fr\"},\"image\":{\"@id\":\"https:\\\/\\\/www.geopolitics.fr\\\/#\\\/schema\\\/logo\\\/image\\\/\"},\"sameAs\":[\"https:\\\/\\\/www.facebook.com\\\/people\\\/Erwan-Davoux\\\/61557098968092\\\/\",\"https:\\\/\\\/x.com\\\/Geopolitics_Fr\"]},{\"@type\":\"Person\",\"@id\":\"https:\\\/\\\/www.geopolitics.fr\\\/#\\\/schema\\\/person\\\/69dde260ad11805e2aa68f0d9e9128da\",\"name\":\"contact@geopolitics.fr\",\"image\":{\"@type\":\"ImageObject\",\"inLanguage\":\"en-GB\",\"@id\":\"https:\\\/\\\/www.geopolitics.fr\\\/wp-content\\\/uploads\\\/2024\\\/01\\\/edito-bonne-banniere-96x96.jpg\",\"url\":\"https:\\\/\\\/www.geopolitics.fr\\\/wp-content\\\/uploads\\\/2024\\\/01\\\/edito-bonne-banniere-96x96.jpg\",\"contentUrl\":\"https:\\\/\\\/www.geopolitics.fr\\\/wp-content\\\/uploads\\\/2024\\\/01\\\/edito-bonne-banniere-96x96.jpg\",\"caption\":\"contact@geopolitics.fr\"},\"url\":\"https:\\\/\\\/www.geopolitics.fr\\\/en\\\/author\\\/contactgeopolitics-fr\\\/\"}]}<\/script>\n<!-- \/ Yoast SEO Premium plugin. -->","yoast_head_json":{"title":"La nomination d'Agn\u00e8s Pannier-Rumacher au Minist\u00e8re d\u00e9l\u00e9gu\u00e9 \u00e0 la souverainet\u00e9 alimentaire interroge... | Geopolitics.fr","robots":{"index":"index","follow":"follow","max-snippet":"max-snippet:-1","max-image-preview":"max-image-preview:large","max-video-preview":"max-video-preview:-1"},"canonical":"https:\/\/www.geopolitics.fr\/en\/2024\/02\/09\/la-nomination-dagnes-pannier-rummacher-au-ministere-delegue-a-la-souverainete-alimentaire-interroge\/","og_locale":"en_GB","og_type":"article","og_title":"La nomination d'Agn\u00e8s Pannier-Rumacher au Minist\u00e8re d\u00e9l\u00e9gu\u00e9 \u00e0 la souverainet\u00e9 alimentaire interroge...","og_description":"Selon une enqu\u00eate du journal le \u00ab\u00a0Monde\u00a0\u00bb et de la cellule investigation de \u00ab&nbsp;Radio France&nbsp;\u00bb publi\u00e9e le 30 janvier 2024, \u00ab&nbsp;Nestl\u00e9 et&hellip;","og_url":"https:\/\/www.geopolitics.fr\/en\/2024\/02\/09\/la-nomination-dagnes-pannier-rummacher-au-ministere-delegue-a-la-souverainete-alimentaire-interroge\/","og_site_name":"Geopolitics.fr","article_publisher":"https:\/\/www.facebook.com\/people\/Erwan-Davoux\/61557098968092\/","article_published_time":"2024-02-09T11:00:00+00:00","article_modified_time":"2024-03-26T20:41:48+00:00","og_image":[{"width":2560,"height":1440,"url":"https:\/\/www.geopolitics.fr\/wp-content\/uploads\/2024\/02\/EAU-MINERALE-4-scaled.jpg","type":"image\/jpeg"}],"author":"contact@geopolitics.fr","twitter_card":"summary_large_image","twitter_creator":"@Geopolitics_Fr","twitter_site":"@Geopolitics_Fr","twitter_misc":{"Written by":"contact@geopolitics.fr","Estimated reading time":"2 minutes"},"schema":{"@context":"https:\/\/schema.org","@graph":[{"@type":"Article","@id":"https:\/\/www.geopolitics.fr\/2024\/02\/09\/la-nomination-dagnes-pannier-rummacher-au-ministere-delegue-a-la-souverainete-alimentaire-interroge\/#article","isPartOf":{"@id":"https:\/\/www.geopolitics.fr\/2024\/02\/09\/la-nomination-dagnes-pannier-rummacher-au-ministere-delegue-a-la-souverainete-alimentaire-interroge\/"},"author":{"name":"contact@geopolitics.fr","@id":"https:\/\/www.geopolitics.fr\/#\/schema\/person\/69dde260ad11805e2aa68f0d9e9128da"},"headline":"La nomination d&rsquo;Agn\u00e8s Pannier-Rumacher au Minist\u00e8re d\u00e9l\u00e9gu\u00e9 \u00e0 la souverainet\u00e9 alimentaire interroge&#8230;","datePublished":"2024-02-09T11:00:00+00:00","dateModified":"2024-03-26T20:41:48+00:00","mainEntityOfPage":{"@id":"https:\/\/www.geopolitics.fr\/2024\/02\/09\/la-nomination-dagnes-pannier-rummacher-au-ministere-delegue-a-la-souverainete-alimentaire-interroge\/"},"wordCount":318,"commentCount":0,"publisher":{"@id":"https:\/\/www.geopolitics.fr\/#organization"},"image":{"@id":"https:\/\/www.geopolitics.fr\/2024\/02\/09\/la-nomination-dagnes-pannier-rummacher-au-ministere-delegue-a-la-souverainete-alimentaire-interroge\/#primaryimage"},"thumbnailUrl":"https:\/\/www.geopolitics.fr\/wp-content\/uploads\/2024\/02\/EAU-MINERALE-4-scaled.jpg","keywords":["EAU MINERALE","FRANCE INFO","LE MONDE","PANNIER-RUMMACHER","remaniement"],"articleSection":["Actualit\u00e9","Politique"],"inLanguage":"en-GB"},{"@type":"WebPage","@id":"https:\/\/www.geopolitics.fr\/2024\/02\/09\/la-nomination-dagnes-pannier-rummacher-au-ministere-delegue-a-la-souverainete-alimentaire-interroge\/","url":"https:\/\/www.geopolitics.fr\/2024\/02\/09\/la-nomination-dagnes-pannier-rummacher-au-ministere-delegue-a-la-souverainete-alimentaire-interroge\/","name":"La nomination d'Agn\u00e8s Pannier-Rumacher au Minist\u00e8re d\u00e9l\u00e9gu\u00e9 \u00e0 la souverainet\u00e9 alimentaire interroge... | Geopolitics.fr","isPartOf":{"@id":"https:\/\/www.geopolitics.fr\/#website"},"primaryImageOfPage":{"@id":"https:\/\/www.geopolitics.fr\/2024\/02\/09\/la-nomination-dagnes-pannier-rummacher-au-ministere-delegue-a-la-souverainete-alimentaire-interroge\/#primaryimage"},"image":{"@id":"https:\/\/www.geopolitics.fr\/2024\/02\/09\/la-nomination-dagnes-pannier-rummacher-au-ministere-delegue-a-la-souverainete-alimentaire-interroge\/#primaryimage"},"thumbnailUrl":"https:\/\/www.geopolitics.fr\/wp-content\/uploads\/2024\/02\/EAU-MINERALE-4-scaled.jpg","datePublished":"2024-02-09T11:00:00+00:00","dateModified":"2024-03-26T20:41:48+00:00","breadcrumb":{"@id":"https:\/\/www.geopolitics.fr\/2024\/02\/09\/la-nomination-dagnes-pannier-rummacher-au-ministere-delegue-a-la-souverainete-alimentaire-interroge\/#breadcrumb"},"inLanguage":"en-GB","potentialAction":[{"@type":"ReadAction","target":["https:\/\/www.geopolitics.fr\/2024\/02\/09\/la-nomination-dagnes-pannier-rummacher-au-ministere-delegue-a-la-souverainete-alimentaire-interroge\/"]}]},{"@type":"ImageObject","inLanguage":"en-GB","@id":"https:\/\/www.geopolitics.fr\/2024\/02\/09\/la-nomination-dagnes-pannier-rummacher-au-ministere-delegue-a-la-souverainete-alimentaire-interroge\/#primaryimage","url":"https:\/\/www.geopolitics.fr\/wp-content\/uploads\/2024\/02\/EAU-MINERALE-4-scaled.jpg","contentUrl":"https:\/\/www.geopolitics.fr\/wp-content\/uploads\/2024\/02\/EAU-MINERALE-4-scaled.jpg","width":1920,"height":1080},{"@type":"BreadcrumbList","@id":"https:\/\/www.geopolitics.fr\/2024\/02\/09\/la-nomination-dagnes-pannier-rummacher-au-ministere-delegue-a-la-souverainete-alimentaire-interroge\/#breadcrumb","itemListElement":[{"@type":"ListItem","position":1,"name":"Accueil","item":"https:\/\/www.geopolitics.fr\/"},{"@type":"ListItem","position":2,"name":"La nomination d&#8217;Agn\u00e8s Pannier-Rumacher au Minist\u00e8re d\u00e9l\u00e9gu\u00e9 \u00e0 la souverainet\u00e9 alimentaire interroge&#8230;"}]},{"@type":"WebSite","@id":"https:\/\/www.geopolitics.fr\/#website","url":"https:\/\/www.geopolitics.fr\/","name":"Geopolitics.fr","description":"Geopolitics.fr Analyse politique, relations internationales, d\u00e9fense - ligne \u00e9ditoriale gaullo-chiraquienne","publisher":{"@id":"https:\/\/www.geopolitics.fr\/#organization"},"potentialAction":[{"@type":"SearchAction","target":{"@type":"EntryPoint","urlTemplate":"https:\/\/www.geopolitics.fr\/?s={search_term_string}"},"query-input":{"@type":"PropertyValueSpecification","valueRequired":true,"valueName":"search_term_string"}}],"inLanguage":"en-GB"},{"@type":"Organization","@id":"https:\/\/www.geopolitics.fr\/#organization","name":"Geopolitics.fr","url":"https:\/\/www.geopolitics.fr\/","logo":{"@type":"ImageObject","inLanguage":"en-GB","@id":"https:\/\/www.geopolitics.fr\/#\/schema\/logo\/image\/","url":"https:\/\/www.geopolitics.fr\/wp-content\/uploads\/2024\/01\/logo.jpg","contentUrl":"https:\/\/www.geopolitics.fr\/wp-content\/uploads\/2024\/01\/logo.jpg","width":500,"height":500,"caption":"Geopolitics.fr"},"image":{"@id":"https:\/\/www.geopolitics.fr\/#\/schema\/logo\/image\/"},"sameAs":["https:\/\/www.facebook.com\/people\/Erwan-Davoux\/61557098968092\/","https:\/\/x.com\/Geopolitics_Fr"]},{"@type":"Person","@id":"https:\/\/www.geopolitics.fr\/#\/schema\/person\/69dde260ad11805e2aa68f0d9e9128da","name":"contact@geopolitics.fr","image":{"@type":"ImageObject","inLanguage":"en-GB","@id":"https:\/\/www.geopolitics.fr\/wp-content\/uploads\/2024\/01\/edito-bonne-banniere-96x96.jpg","url":"https:\/\/www.geopolitics.fr\/wp-content\/uploads\/2024\/01\/edito-bonne-banniere-96x96.jpg","contentUrl":"https:\/\/www.geopolitics.fr\/wp-content\/uploads\/2024\/01\/edito-bonne-banniere-96x96.jpg","caption":"contact@geopolitics.fr"},"url":"https:\/\/www.geopolitics.fr\/en\/author\/contactgeopolitics-fr\/"}]}},"_links":{"self":[{"href":"https:\/\/www.geopolitics.fr\/en\/wp-json\/wp\/v2\/posts\/2237","targetHints":{"allow":["GET"]}}],"collection":[{"href":"https:\/\/www.geopolitics.fr\/en\/wp-json\/wp\/v2\/posts"}],"about":[{"href":"https:\/\/www.geopolitics.fr\/en\/wp-json\/wp\/v2\/types\/post"}],"author":[{"embeddable":true,"href":"https:\/\/www.geopolitics.fr\/en\/wp-json\/wp\/v2\/users\/9"}],"replies":[{"embeddable":true,"href":"https:\/\/www.geopolitics.fr\/en\/wp-json\/wp\/v2\/comments?post=2237"}],"version-history":[{"count":0,"href":"https:\/\/www.geopolitics.fr\/en\/wp-json\/wp\/v2\/posts\/2237\/revisions"}],"wp:featuredmedia":[{"embeddable":true,"href":"https:\/\/www.geopolitics.fr\/en\/wp-json\/wp\/v2\/media\/2242"}],"wp:attachment":[{"href":"https:\/\/www.geopolitics.fr\/en\/wp-json\/wp\/v2\/media?parent=2237"}],"wp:term":[{"taxonomy":"category","embeddable":true,"href":"https:\/\/www.geopolitics.fr\/en\/wp-json\/wp\/v2\/categories?post=2237"},{"taxonomy":"post_tag","embeddable":true,"href":"https:\/\/www.geopolitics.fr\/en\/wp-json\/wp\/v2\/tags?post=2237"}],"curies":[{"name":"wp","href":"https:\/\/api.w.org\/{rel}","templated":true}]}}