{"id":2233,"date":"2024-02-08T10:02:41","date_gmt":"2024-02-08T09:02:41","guid":{"rendered":"https:\/\/www.geopolitics.fr\/?p=2233"},"modified":"2024-03-26T21:43:30","modified_gmt":"2024-03-26T20:43:30","slug":"bayrou-signe-la-fin-politique-dune-macronie-deja-agonisante","status":"publish","type":"post","link":"https:\/\/www.geopolitics.fr\/en\/2024\/02\/08\/bayrou-signe-la-fin-politique-dune-macronie-deja-agonisante\/","title":{"rendered":"Bayrou signe la fin politique d&rsquo;une macronie agonisante"},"content":{"rendered":"<p class=\"has-medium-font-size wp-block-paragraph\">Le refus de Fran\u00e7ois Bayrou d\u2019entrer au gouvernement mais plus encore les divergences de fond qu\u2019il a mises en avant (et qui sont pertinentes) viennent de porter <strong>un coup terrible \u00e0 la Macronie d\u00e9j\u00e0 mal en point et \u00e0 un gouvernement introuvable.<\/strong><\/p>\n\n\n\n<p class=\"has-medium-font-size wp-block-paragraph\"><strong>En effet, on peut faire nombre de reproches \u00e0 Fran\u00e7ois Bayrou, mais pas celui de la m\u00e9diocrit\u00e9.<\/strong> Voil\u00e0 indiscutablement un homme au-dessus de la m\u00eal\u00e9e qui a une vraie vision politique. Un homme qui fut faiseur de roi en 2012 et 2017 m\u00eame si les rois en questions se sont r\u00e9v\u00e9l\u00e9s plut\u00f4t \u00eatre des roitelets.<\/p>\n\n\n\n<p class=\"has-medium-font-size wp-block-paragraph\">Ce d\u00e9saccord profond prendra-t-il la forme d\u2019une opposition au gouvernement Attal \u00e0 l\u2019Assembl\u00e9e Nationale&nbsp;? Pas n\u00e9cessairement car le gouvernement Attal est d\u00e9j\u00e0 condamn\u00e9. Deux Conseils des ministres annul\u00e9s par le Pr\u00e9sident de la R\u00e9publique pour convenance personnelle, du jamais vu sous la V\u00e8me R\u00e9publique. Un remaniement qui n\u2019est toujours pas achev\u00e9, un mois apr\u00e8s le d\u00e9part d\u2019Elisabeth Borne. Des ministres introuvables, la Macronie est peu \u00e0 peu priv\u00e9e de talents. <strong>Une mise sous tutelle de la majorit\u00e9 par le Modem est d\u00e9j\u00e0 act\u00e9e. Rien, strictement rien ne pourra se faire sans eux.<\/strong><\/p>\n\n\n\n<p class=\"has-medium-font-size wp-block-paragraph\">Emmanuel Macron perd un alli\u00e9 de poids mais ce <strong>sont surtout Edouard Philippe et dans une moindre mesure Gabriel Attal qui sont directement menac\u00e9s<\/strong> dans leurs ambitions pr\u00e9sidentielles. Fran\u00e7ois Bayrou prend une distance, au bon moment, que ni l\u2019un ni l\u2019autre n\u2019ont prises vis-\u00e0-vis de la Macronie. Or, chacun sait bien qu\u2019y \u00eatre associ\u00e9 sera r\u00e9dhibitoire en 2027. <strong>Edouard Philippe par choix, difficilement compr\u00e9hensible, n\u2019a jamais fait sa rupture avec le Pr\u00e9sident au-del\u00e0 de quelques escarmouches invisibles du grand public<\/strong>. Gabriel Attal, lui, ne peut naturellement la faire, mais il a tout le temps.<\/p>\n\n\n\n<p class=\"has-medium-font-size wp-block-paragraph\">Pour r\u00e9sumer un Pr\u00e9sident qui ne peut se repr\u00e9senter d\u00e9j\u00e0 en mal d\u2019autorit\u00e9 sur sa \u00ab\u00a0majorit\u00e9\u00a0\u00bb qui n\u2019existe pas, se voit priver de son soutien le plus fort. <strong>L\u2019agonie de la Macronie a d\u00e9but\u00e9. Pas s\u00fbr que le Pr\u00e9sident ne puisse \u00e9viter une dissolution de l\u2019Assembl\u00e9e Nationale et une cohabitation avec le RN. Une conclusion politique pour le moins calamiteuse.<\/strong><\/p>","protected":false},"excerpt":{"rendered":"<p>Le refus de Fran\u00e7ois Bayrou d\u2019entrer au gouvernement mais plus encore les divergences de fond qu\u2019il a mises en avant (et qui&hellip;<\/p>","protected":false},"author":9,"featured_media":2176,"comment_status":"open","ping_status":"open","sticky":false,"template":"","format":"standard","meta":{"_lmt_disableupdate":"","_lmt_disable":"","footnotes":""},"categories":[34,3],"tags":[],"class_list":["post-2233","post","type-post","status-publish","format-standard","has-post-thumbnail","hentry","category-editorial","category-politique"],"yoast_head":"<!-- This site is optimized with the Yoast SEO Premium plugin v28.1 (Yoast SEO v28.1) - https:\/\/yoast.com\/product\/yoast-seo-premium-wordpress\/ -->\n<title>Bayrou signe la fin politique d&#039;une macronie agonisante | Geopolitics.fr<\/title>\n<meta name=\"robots\" content=\"index, follow, max-snippet:-1, max-image-preview:large, max-video-preview:-1\" \/>\n<link rel=\"canonical\" href=\"https:\/\/www.geopolitics.fr\/en\/2024\/02\/08\/bayrou-signe-la-fin-politique-dune-macronie-deja-agonisante\/\" \/>\n<meta property=\"og:locale\" content=\"en_GB\" \/>\n<meta property=\"og:type\" content=\"article\" \/>\n<meta property=\"og:title\" content=\"Bayrou signe la fin politique d&#039;une macronie agonisante\" \/>\n<meta property=\"og:description\" content=\"Le refus de Fran\u00e7ois Bayrou d\u2019entrer au gouvernement mais plus encore les divergences de fond qu\u2019il a mises en avant (et qui&hellip;\" \/>\n<meta property=\"og:url\" content=\"https:\/\/www.geopolitics.fr\/en\/2024\/02\/08\/bayrou-signe-la-fin-politique-dune-macronie-deja-agonisante\/\" \/>\n<meta property=\"og:site_name\" content=\"Geopolitics.fr\" \/>\n<meta property=\"article:publisher\" content=\"https:\/\/www.facebook.com\/people\/Erwan-Davoux\/61557098968092\/\" \/>\n<meta property=\"article:published_time\" content=\"2024-02-08T09:02:41+00:00\" \/>\n<meta property=\"article:modified_time\" content=\"2024-03-26T20:43:30+00:00\" \/>\n<meta property=\"og:image\" content=\"https:\/\/www.geopolitics.fr\/wp-content\/uploads\/2024\/01\/edito-bonne-banniere.jpg\" \/>\n\t<meta property=\"og:image:width\" content=\"600\" \/>\n\t<meta property=\"og:image:height\" content=\"600\" \/>\n\t<meta property=\"og:image:type\" content=\"image\/jpeg\" \/>\n<meta name=\"author\" content=\"contact@geopolitics.fr\" \/>\n<meta name=\"twitter:card\" content=\"summary_large_image\" \/>\n<meta name=\"twitter:creator\" content=\"@Geopolitics_Fr\" \/>\n<meta name=\"twitter:site\" content=\"@Geopolitics_Fr\" \/>\n<meta name=\"twitter:label1\" content=\"Written by\" \/>\n\t<meta name=\"twitter:data1\" content=\"contact@geopolitics.fr\" \/>\n\t<meta name=\"twitter:label2\" content=\"Estimated reading time\" \/>\n\t<meta name=\"twitter:data2\" content=\"2 minutes\" \/>\n<script type=\"application\/ld+json\" class=\"yoast-schema-graph\">{\"@context\":\"https:\\\/\\\/schema.org\",\"@graph\":[{\"@type\":\"Article\",\"@id\":\"https:\\\/\\\/www.geopolitics.fr\\\/2024\\\/02\\\/08\\\/bayrou-signe-la-fin-politique-dune-macronie-deja-agonisante\\\/#article\",\"isPartOf\":{\"@id\":\"https:\\\/\\\/www.geopolitics.fr\\\/2024\\\/02\\\/08\\\/bayrou-signe-la-fin-politique-dune-macronie-deja-agonisante\\\/\"},\"author\":{\"name\":\"contact@geopolitics.fr\",\"@id\":\"https:\\\/\\\/www.geopolitics.fr\\\/#\\\/schema\\\/person\\\/69dde260ad11805e2aa68f0d9e9128da\"},\"headline\":\"Bayrou signe la fin politique d&rsquo;une macronie agonisante\",\"datePublished\":\"2024-02-08T09:02:41+00:00\",\"dateModified\":\"2024-03-26T20:43:30+00:00\",\"mainEntityOfPage\":{\"@id\":\"https:\\\/\\\/www.geopolitics.fr\\\/2024\\\/02\\\/08\\\/bayrou-signe-la-fin-politique-dune-macronie-deja-agonisante\\\/\"},\"wordCount\":400,\"commentCount\":0,\"publisher\":{\"@id\":\"https:\\\/\\\/www.geopolitics.fr\\\/#organization\"},\"image\":{\"@id\":\"https:\\\/\\\/www.geopolitics.fr\\\/2024\\\/02\\\/08\\\/bayrou-signe-la-fin-politique-dune-macronie-deja-agonisante\\\/#primaryimage\"},\"thumbnailUrl\":\"https:\\\/\\\/www.geopolitics.fr\\\/wp-content\\\/uploads\\\/2024\\\/01\\\/edito-bonne-banniere.jpg\",\"articleSection\":[\"Editorial\",\"Politique\"],\"inLanguage\":\"en-GB\"},{\"@type\":\"WebPage\",\"@id\":\"https:\\\/\\\/www.geopolitics.fr\\\/2024\\\/02\\\/08\\\/bayrou-signe-la-fin-politique-dune-macronie-deja-agonisante\\\/\",\"url\":\"https:\\\/\\\/www.geopolitics.fr\\\/2024\\\/02\\\/08\\\/bayrou-signe-la-fin-politique-dune-macronie-deja-agonisante\\\/\",\"name\":\"Bayrou signe la fin politique d'une macronie agonisante | Geopolitics.fr\",\"isPartOf\":{\"@id\":\"https:\\\/\\\/www.geopolitics.fr\\\/#website\"},\"primaryImageOfPage\":{\"@id\":\"https:\\\/\\\/www.geopolitics.fr\\\/2024\\\/02\\\/08\\\/bayrou-signe-la-fin-politique-dune-macronie-deja-agonisante\\\/#primaryimage\"},\"image\":{\"@id\":\"https:\\\/\\\/www.geopolitics.fr\\\/2024\\\/02\\\/08\\\/bayrou-signe-la-fin-politique-dune-macronie-deja-agonisante\\\/#primaryimage\"},\"thumbnailUrl\":\"https:\\\/\\\/www.geopolitics.fr\\\/wp-content\\\/uploads\\\/2024\\\/01\\\/edito-bonne-banniere.jpg\",\"datePublished\":\"2024-02-08T09:02:41+00:00\",\"dateModified\":\"2024-03-26T20:43:30+00:00\",\"breadcrumb\":{\"@id\":\"https:\\\/\\\/www.geopolitics.fr\\\/2024\\\/02\\\/08\\\/bayrou-signe-la-fin-politique-dune-macronie-deja-agonisante\\\/#breadcrumb\"},\"inLanguage\":\"en-GB\",\"potentialAction\":[{\"@type\":\"ReadAction\",\"target\":[\"https:\\\/\\\/www.geopolitics.fr\\\/2024\\\/02\\\/08\\\/bayrou-signe-la-fin-politique-dune-macronie-deja-agonisante\\\/\"]}]},{\"@type\":\"ImageObject\",\"inLanguage\":\"en-GB\",\"@id\":\"https:\\\/\\\/www.geopolitics.fr\\\/2024\\\/02\\\/08\\\/bayrou-signe-la-fin-politique-dune-macronie-deja-agonisante\\\/#primaryimage\",\"url\":\"https:\\\/\\\/www.geopolitics.fr\\\/wp-content\\\/uploads\\\/2024\\\/01\\\/edito-bonne-banniere.jpg\",\"contentUrl\":\"https:\\\/\\\/www.geopolitics.fr\\\/wp-content\\\/uploads\\\/2024\\\/01\\\/edito-bonne-banniere.jpg\",\"width\":600,\"height\":600},{\"@type\":\"BreadcrumbList\",\"@id\":\"https:\\\/\\\/www.geopolitics.fr\\\/2024\\\/02\\\/08\\\/bayrou-signe-la-fin-politique-dune-macronie-deja-agonisante\\\/#breadcrumb\",\"itemListElement\":[{\"@type\":\"ListItem\",\"position\":1,\"name\":\"Accueil\",\"item\":\"https:\\\/\\\/www.geopolitics.fr\\\/\"},{\"@type\":\"ListItem\",\"position\":2,\"name\":\"Bayrou signe la fin politique d&#8217;une macronie agonisante\"}]},{\"@type\":\"WebSite\",\"@id\":\"https:\\\/\\\/www.geopolitics.fr\\\/#website\",\"url\":\"https:\\\/\\\/www.geopolitics.fr\\\/\",\"name\":\"Geopolitics.fr\",\"description\":\"Geopolitics.fr Analyse politique, relations internationales, d\u00e9fense - ligne \u00e9ditoriale gaullo-chiraquienne\",\"publisher\":{\"@id\":\"https:\\\/\\\/www.geopolitics.fr\\\/#organization\"},\"potentialAction\":[{\"@type\":\"SearchAction\",\"target\":{\"@type\":\"EntryPoint\",\"urlTemplate\":\"https:\\\/\\\/www.geopolitics.fr\\\/?s={search_term_string}\"},\"query-input\":{\"@type\":\"PropertyValueSpecification\",\"valueRequired\":true,\"valueName\":\"search_term_string\"}}],\"inLanguage\":\"en-GB\"},{\"@type\":\"Organization\",\"@id\":\"https:\\\/\\\/www.geopolitics.fr\\\/#organization\",\"name\":\"Geopolitics.fr\",\"url\":\"https:\\\/\\\/www.geopolitics.fr\\\/\",\"logo\":{\"@type\":\"ImageObject\",\"inLanguage\":\"en-GB\",\"@id\":\"https:\\\/\\\/www.geopolitics.fr\\\/#\\\/schema\\\/logo\\\/image\\\/\",\"url\":\"https:\\\/\\\/www.geopolitics.fr\\\/wp-content\\\/uploads\\\/2024\\\/01\\\/logo.jpg\",\"contentUrl\":\"https:\\\/\\\/www.geopolitics.fr\\\/wp-content\\\/uploads\\\/2024\\\/01\\\/logo.jpg\",\"width\":500,\"height\":500,\"caption\":\"Geopolitics.fr\"},\"image\":{\"@id\":\"https:\\\/\\\/www.geopolitics.fr\\\/#\\\/schema\\\/logo\\\/image\\\/\"},\"sameAs\":[\"https:\\\/\\\/www.facebook.com\\\/people\\\/Erwan-Davoux\\\/61557098968092\\\/\",\"https:\\\/\\\/x.com\\\/Geopolitics_Fr\"]},{\"@type\":\"Person\",\"@id\":\"https:\\\/\\\/www.geopolitics.fr\\\/#\\\/schema\\\/person\\\/69dde260ad11805e2aa68f0d9e9128da\",\"name\":\"contact@geopolitics.fr\",\"image\":{\"@type\":\"ImageObject\",\"inLanguage\":\"en-GB\",\"@id\":\"https:\\\/\\\/www.geopolitics.fr\\\/wp-content\\\/uploads\\\/2024\\\/01\\\/edito-bonne-banniere-96x96.jpg\",\"url\":\"https:\\\/\\\/www.geopolitics.fr\\\/wp-content\\\/uploads\\\/2024\\\/01\\\/edito-bonne-banniere-96x96.jpg\",\"contentUrl\":\"https:\\\/\\\/www.geopolitics.fr\\\/wp-content\\\/uploads\\\/2024\\\/01\\\/edito-bonne-banniere-96x96.jpg\",\"caption\":\"contact@geopolitics.fr\"},\"url\":\"https:\\\/\\\/www.geopolitics.fr\\\/en\\\/author\\\/contactgeopolitics-fr\\\/\"}]}<\/script>\n<!-- \/ Yoast SEO Premium plugin. -->","yoast_head_json":{"title":"Bayrou signe la fin politique d'une macronie agonisante | Geopolitics.fr","robots":{"index":"index","follow":"follow","max-snippet":"max-snippet:-1","max-image-preview":"max-image-preview:large","max-video-preview":"max-video-preview:-1"},"canonical":"https:\/\/www.geopolitics.fr\/en\/2024\/02\/08\/bayrou-signe-la-fin-politique-dune-macronie-deja-agonisante\/","og_locale":"en_GB","og_type":"article","og_title":"Bayrou signe la fin politique d'une macronie agonisante","og_description":"Le refus de Fran\u00e7ois Bayrou d\u2019entrer au gouvernement mais plus encore les divergences de fond qu\u2019il a mises en avant (et qui&hellip;","og_url":"https:\/\/www.geopolitics.fr\/en\/2024\/02\/08\/bayrou-signe-la-fin-politique-dune-macronie-deja-agonisante\/","og_site_name":"Geopolitics.fr","article_publisher":"https:\/\/www.facebook.com\/people\/Erwan-Davoux\/61557098968092\/","article_published_time":"2024-02-08T09:02:41+00:00","article_modified_time":"2024-03-26T20:43:30+00:00","og_image":[{"width":600,"height":600,"url":"https:\/\/www.geopolitics.fr\/wp-content\/uploads\/2024\/01\/edito-bonne-banniere.jpg","type":"image\/jpeg"}],"author":"contact@geopolitics.fr","twitter_card":"summary_large_image","twitter_creator":"@Geopolitics_Fr","twitter_site":"@Geopolitics_Fr","twitter_misc":{"Written by":"contact@geopolitics.fr","Estimated reading time":"2 minutes"},"schema":{"@context":"https:\/\/schema.org","@graph":[{"@type":"Article","@id":"https:\/\/www.geopolitics.fr\/2024\/02\/08\/bayrou-signe-la-fin-politique-dune-macronie-deja-agonisante\/#article","isPartOf":{"@id":"https:\/\/www.geopolitics.fr\/2024\/02\/08\/bayrou-signe-la-fin-politique-dune-macronie-deja-agonisante\/"},"author":{"name":"contact@geopolitics.fr","@id":"https:\/\/www.geopolitics.fr\/#\/schema\/person\/69dde260ad11805e2aa68f0d9e9128da"},"headline":"Bayrou signe la fin politique d&rsquo;une macronie agonisante","datePublished":"2024-02-08T09:02:41+00:00","dateModified":"2024-03-26T20:43:30+00:00","mainEntityOfPage":{"@id":"https:\/\/www.geopolitics.fr\/2024\/02\/08\/bayrou-signe-la-fin-politique-dune-macronie-deja-agonisante\/"},"wordCount":400,"commentCount":0,"publisher":{"@id":"https:\/\/www.geopolitics.fr\/#organization"},"image":{"@id":"https:\/\/www.geopolitics.fr\/2024\/02\/08\/bayrou-signe-la-fin-politique-dune-macronie-deja-agonisante\/#primaryimage"},"thumbnailUrl":"https:\/\/www.geopolitics.fr\/wp-content\/uploads\/2024\/01\/edito-bonne-banniere.jpg","articleSection":["Editorial","Politique"],"inLanguage":"en-GB"},{"@type":"WebPage","@id":"https:\/\/www.geopolitics.fr\/2024\/02\/08\/bayrou-signe-la-fin-politique-dune-macronie-deja-agonisante\/","url":"https:\/\/www.geopolitics.fr\/2024\/02\/08\/bayrou-signe-la-fin-politique-dune-macronie-deja-agonisante\/","name":"Bayrou signe la fin politique d'une macronie agonisante | Geopolitics.fr","isPartOf":{"@id":"https:\/\/www.geopolitics.fr\/#website"},"primaryImageOfPage":{"@id":"https:\/\/www.geopolitics.fr\/2024\/02\/08\/bayrou-signe-la-fin-politique-dune-macronie-deja-agonisante\/#primaryimage"},"image":{"@id":"https:\/\/www.geopolitics.fr\/2024\/02\/08\/bayrou-signe-la-fin-politique-dune-macronie-deja-agonisante\/#primaryimage"},"thumbnailUrl":"https:\/\/www.geopolitics.fr\/wp-content\/uploads\/2024\/01\/edito-bonne-banniere.jpg","datePublished":"2024-02-08T09:02:41+00:00","dateModified":"2024-03-26T20:43:30+00:00","breadcrumb":{"@id":"https:\/\/www.geopolitics.fr\/2024\/02\/08\/bayrou-signe-la-fin-politique-dune-macronie-deja-agonisante\/#breadcrumb"},"inLanguage":"en-GB","potentialAction":[{"@type":"ReadAction","target":["https:\/\/www.geopolitics.fr\/2024\/02\/08\/bayrou-signe-la-fin-politique-dune-macronie-deja-agonisante\/"]}]},{"@type":"ImageObject","inLanguage":"en-GB","@id":"https:\/\/www.geopolitics.fr\/2024\/02\/08\/bayrou-signe-la-fin-politique-dune-macronie-deja-agonisante\/#primaryimage","url":"https:\/\/www.geopolitics.fr\/wp-content\/uploads\/2024\/01\/edito-bonne-banniere.jpg","contentUrl":"https:\/\/www.geopolitics.fr\/wp-content\/uploads\/2024\/01\/edito-bonne-banniere.jpg","width":600,"height":600},{"@type":"BreadcrumbList","@id":"https:\/\/www.geopolitics.fr\/2024\/02\/08\/bayrou-signe-la-fin-politique-dune-macronie-deja-agonisante\/#breadcrumb","itemListElement":[{"@type":"ListItem","position":1,"name":"Accueil","item":"https:\/\/www.geopolitics.fr\/"},{"@type":"ListItem","position":2,"name":"Bayrou signe la fin politique d&#8217;une macronie agonisante"}]},{"@type":"WebSite","@id":"https:\/\/www.geopolitics.fr\/#website","url":"https:\/\/www.geopolitics.fr\/","name":"Geopolitics.fr","description":"Geopolitics.fr Analyse politique, relations internationales, d\u00e9fense - ligne \u00e9ditoriale gaullo-chiraquienne","publisher":{"@id":"https:\/\/www.geopolitics.fr\/#organization"},"potentialAction":[{"@type":"SearchAction","target":{"@type":"EntryPoint","urlTemplate":"https:\/\/www.geopolitics.fr\/?s={search_term_string}"},"query-input":{"@type":"PropertyValueSpecification","valueRequired":true,"valueName":"search_term_string"}}],"inLanguage":"en-GB"},{"@type":"Organization","@id":"https:\/\/www.geopolitics.fr\/#organization","name":"Geopolitics.fr","url":"https:\/\/www.geopolitics.fr\/","logo":{"@type":"ImageObject","inLanguage":"en-GB","@id":"https:\/\/www.geopolitics.fr\/#\/schema\/logo\/image\/","url":"https:\/\/www.geopolitics.fr\/wp-content\/uploads\/2024\/01\/logo.jpg","contentUrl":"https:\/\/www.geopolitics.fr\/wp-content\/uploads\/2024\/01\/logo.jpg","width":500,"height":500,"caption":"Geopolitics.fr"},"image":{"@id":"https:\/\/www.geopolitics.fr\/#\/schema\/logo\/image\/"},"sameAs":["https:\/\/www.facebook.com\/people\/Erwan-Davoux\/61557098968092\/","https:\/\/x.com\/Geopolitics_Fr"]},{"@type":"Person","@id":"https:\/\/www.geopolitics.fr\/#\/schema\/person\/69dde260ad11805e2aa68f0d9e9128da","name":"contact@geopolitics.fr","image":{"@type":"ImageObject","inLanguage":"en-GB","@id":"https:\/\/www.geopolitics.fr\/wp-content\/uploads\/2024\/01\/edito-bonne-banniere-96x96.jpg","url":"https:\/\/www.geopolitics.fr\/wp-content\/uploads\/2024\/01\/edito-bonne-banniere-96x96.jpg","contentUrl":"https:\/\/www.geopolitics.fr\/wp-content\/uploads\/2024\/01\/edito-bonne-banniere-96x96.jpg","caption":"contact@geopolitics.fr"},"url":"https:\/\/www.geopolitics.fr\/en\/author\/contactgeopolitics-fr\/"}]}},"_links":{"self":[{"href":"https:\/\/www.geopolitics.fr\/en\/wp-json\/wp\/v2\/posts\/2233","targetHints":{"allow":["GET"]}}],"collection":[{"href":"https:\/\/www.geopolitics.fr\/en\/wp-json\/wp\/v2\/posts"}],"about":[{"href":"https:\/\/www.geopolitics.fr\/en\/wp-json\/wp\/v2\/types\/post"}],"author":[{"embeddable":true,"href":"https:\/\/www.geopolitics.fr\/en\/wp-json\/wp\/v2\/users\/9"}],"replies":[{"embeddable":true,"href":"https:\/\/www.geopolitics.fr\/en\/wp-json\/wp\/v2\/comments?post=2233"}],"version-history":[{"count":0,"href":"https:\/\/www.geopolitics.fr\/en\/wp-json\/wp\/v2\/posts\/2233\/revisions"}],"wp:featuredmedia":[{"embeddable":true,"href":"https:\/\/www.geopolitics.fr\/en\/wp-json\/wp\/v2\/media\/2176"}],"wp:attachment":[{"href":"https:\/\/www.geopolitics.fr\/en\/wp-json\/wp\/v2\/media?parent=2233"}],"wp:term":[{"taxonomy":"category","embeddable":true,"href":"https:\/\/www.geopolitics.fr\/en\/wp-json\/wp\/v2\/categories?post=2233"},{"taxonomy":"post_tag","embeddable":true,"href":"https:\/\/www.geopolitics.fr\/en\/wp-json\/wp\/v2\/tags?post=2233"}],"curies":[{"name":"wp","href":"https:\/\/api.w.org\/{rel}","templated":true}]}}